{"id":67999,"date":"2014-11-10T20:15:19","date_gmt":"2014-11-11T00:15:19","guid":{"rendered":"https:\/\/bobvarela.com\/?p=67999"},"modified":"2014-11-10T20:15:19","modified_gmt":"2014-11-11T00:15:19","slug":"londy-en-el-mercedes-benz-fashion-week-panam-2014","status":"publish","type":"post","link":"https:\/\/bobvarela.com\/?p=67999","title":{"rendered":"Londy en el Mercedes-Benz Fashion Week Panam&aacute; 2014"},"content":{"rendered":"<p align=\"justify\"><font size=\"3\">LONDY casa de dise\u00f1o y confecci\u00f3n fundada en el a;o 1989 bajo el nombre de Envigil. enfocada en la elaboraci\u00f3n de piezas femeninas RTW. en el a\u00f1o 2007 la marca fue renovada bajo el nombre LONDY y&#160; as\u00ed mismo LONDY Atelier (Shoowroom &amp; Workshop). Llevando a cabo piezas bajo conceptos abstractos y siluetas deconstruidas,algo muy contrario a lo que la marca Envigil era originalmente pero aun as\u00ed conservando la esc\u00e9nica de la misma. LONDY se caracteriza por el balance entre lo antiguo y lo innovador utilizando una carta de colores sobrios con ciertos toques de tonos vivos acompa\u00f1ado por elementos artesanales dentro de siluetas estructuradas, esto hace de cada colecci\u00f3n una verdadera obra de arte.<\/font><\/p>\n<p align=\"justify\"><span style=\"font-size: medium; font-family: verdana\">ngg_shortcode_0_placeholder<\/span><\/p>\n","protected":false},"excerpt":{"rendered":"<p>LONDY casa de dise\u00f1o y confecci\u00f3n fundada en el a;o 1989 bajo el nombre de Envigil. enfocada en la elaboraci\u00f3n de piezas femeninas RTW. en el a\u00f1o 2007 la marca fue renovada bajo el nombre LONDY y&#160; as\u00ed mismo LONDY&hellip;<\/p>\n<p class=\"more-link-p\"><a class=\"more-link\" href=\"https:\/\/bobvarela.com\/?p=67999\">Read more &rarr;<\/a><\/p>\n","protected":false},"author":1,"featured_media":0,"comment_status":"open","ping_status":"open","sticky":false,"template":"","format":"standard","meta":{"ngg_post_thumbnail":0,"footnotes":""},"categories":[265,4,480],"tags":[],"class_list":["post-67999","post","type-post","status-publish","format-standard","hentry","category-mercedes-benz-fashion-week","category-moda","category-panama"],"_links":{"self":[{"href":"https:\/\/bobvarela.com\/index.php?rest_route=\/wp\/v2\/posts\/67999","targetHints":{"allow":["GET"]}}],"collection":[{"href":"https:\/\/bobvarela.com\/index.php?rest_route=\/wp\/v2\/posts"}],"about":[{"href":"https:\/\/bobvarela.com\/index.php?rest_route=\/wp\/v2\/types\/post"}],"author":[{"embeddable":true,"href":"https:\/\/bobvarela.com\/index.php?rest_route=\/wp\/v2\/users\/1"}],"replies":[{"embeddable":true,"href":"https:\/\/bobvarela.com\/index.php?rest_route=%2Fwp%2Fv2%2Fcomments&post=67999"}],"version-history":[{"count":1,"href":"https:\/\/bobvarela.com\/index.php?rest_route=\/wp\/v2\/posts\/67999\/revisions"}],"predecessor-version":[{"id":68000,"href":"https:\/\/bobvarela.com\/index.php?rest_route=\/wp\/v2\/posts\/67999\/revisions\/68000"}],"wp:attachment":[{"href":"https:\/\/bobvarela.com\/index.php?rest_route=%2Fwp%2Fv2%2Fmedia&parent=67999"}],"wp:term":[{"taxonomy":"category","embeddable":true,"href":"https:\/\/bobvarela.com\/index.php?rest_route=%2Fwp%2Fv2%2Fcategories&post=67999"},{"taxonomy":"post_tag","embeddable":true,"href":"https:\/\/bobvarela.com\/index.php?rest_route=%2Fwp%2Fv2%2Ftags&post=67999"}],"curies":[{"name":"wp","href":"https:\/\/api.w.org\/{rel}","templated":true}]}}