{"id":68005,"date":"2014-11-11T07:34:44","date_gmt":"2014-11-11T11:34:44","guid":{"rendered":"https:\/\/bobvarela.com\/?p=68005"},"modified":"2014-11-11T07:44:43","modified_gmt":"2014-11-11T11:44:43","slug":"puerto-rico-gana-miss-international-2014","status":"publish","type":"post","link":"https:\/\/bobvarela.com\/?p=68005","title":{"rendered":"Puerto Rico gana Miss International 2014"},"content":{"rendered":"<p align=\"center\"><font size=\"3\"><a href=\"https:\/\/bobvarela.com\/wp-content\/uploads\/2014\/11\/pue30_o.jpg\"><img loading=\"lazy\" decoding=\"async\" title=\"pue30_o\" style=\"border-top: 0px; border-right: 0px; background-image: none; border-bottom: 0px; padding-top: 0px; padding-left: 0px; border-left: 0px; display: inline; padding-right: 0px\" border=\"0\" alt=\"pue30_o\" src=\"https:\/\/bobvarela.com\/wp-content\/uploads\/2014\/11\/pue30_o_thumb.jpg\" width=\"386\" height=\"185\" \/><\/a><\/font><\/p>\n<p align=\"justify\"><font size=\"3\">Valerie Hern\u00e1ndez, Miss Puerto rico International se coron\u00f3 hoy como la nueva Miss International 2014, en la gala final del prestigioso certamen celebrado en Tokio, Jap\u00f3n.<\/font><\/p>\n<p align=\"justify\"><font size=\"3\">La beldad carolinense se alz\u00f3 con el prestigioso t\u00edtulo y sus premios, venciendo as\u00ed a 73 candidatas internacionales y convirti\u00e9ndose en la segunda puertorrique\u00f1a en ostentar la codiciada corona.<\/font><\/p>\n<p align=\"center\"><a href=\"https:\/\/bobvarela.com\/wp-content\/uploads\/2014\/11\/Miss-Puerto-Rico-Valerie-Hernandez-is-Miss-International-2014-Winner.jpg\"><img loading=\"lazy\" decoding=\"async\" title=\"Miss-Puerto-Rico-Valerie-Hernandez-is-Miss-International-2014-Winner\" style=\"border-top: 0px; border-right: 0px; background-image: none; border-bottom: 0px; padding-top: 0px; padding-left: 0px; border-left: 0px; display: inline; padding-right: 0px\" border=\"0\" alt=\"Miss-Puerto-Rico-Valerie-Hernandez-is-Miss-International-2014-Winner\" src=\"https:\/\/bobvarela.com\/wp-content\/uploads\/2014\/11\/Miss-Puerto-Rico-Valerie-Hernandez-is-Miss-International-2014-Winner_thumb.jpg\" width=\"372\" height=\"231\" \/><\/a><\/p>\n<p align=\"justify\"><font size=\"3\">Durante la gala, Valerie se present\u00f3 ante el jurado en vestido t\u00edpico, traje de ba\u00f1o, vestido de noche y un discurso final. En su discurso destac\u00f3 que quiere ser portavoz de unidad, paz, alegr\u00eda y ejemplo de superaci\u00f3n. Una vez coronada, agradeci\u00f3 a Puerto Rico y a su equipo de trabajo por todo el apoyo y ardua labor. Tambi\u00e9n agradeci\u00f3 al pa\u00eds sede por sus atenciones y hospitalidad.<\/font><\/p>\n<p align=\"justify\"><font size=\"3\">Cabe destacar, que Valerie hab\u00eda obtenido la posici\u00f3n de primera finalista en el certamen local, y luego de la renuncia de Patricia Qui\u00f1onez, fue coronada como Miss Puerto Rico International.<\/font><\/p>\n<p align=\"justify\"><font size=\"3\">La flamante reina permanecer\u00e1 en Jap\u00f3n varias semanas y luego ser\u00e1 recibida en la Isla. Se ofrecer\u00e1n detalles posteriores.<\/font><\/p>\n<div id=\"scid:5737277B-5D6D-4f48-ABFC-DD9C333F4C5D:f51a1004-e49d-45fc-b7a3-f6a893f52651\" class=\"wlWriterEditableSmartContent\" style=\"width: 522px; float: none; padding-bottom: 0px; padding-top: 0px; padding-left: 0px; margin: 0px auto; display: block; padding-right: 0px\">\n<div><object width=\"522\" height=\"293\"><param name=\"movie\" value=\"https:\/\/www.youtube.com\/v\/1ZIckC2fuPM?hl=en&amp;hd=1\"\/><embed src=\"https:\/\/www.youtube.com\/v\/1ZIckC2fuPM?hl=en&amp;hd=1\" type=\"application\/x-shockwave-flash\" width=\"522\" height=\"293\"\/><\/object><\/div>\n<\/div>\n","protected":false},"excerpt":{"rendered":"<p>Valerie Hern\u00e1ndez, Miss Puerto rico International se coron\u00f3 hoy como la nueva Miss International 2014, en la gala final del prestigioso certamen celebrado en Tokio, Jap\u00f3n. La beldad carolinense se alz\u00f3 con el prestigioso t\u00edtulo y sus premios, venciendo as\u00ed&hellip;<\/p>\n<p class=\"more-link-p\"><a class=\"more-link\" href=\"https:\/\/bobvarela.com\/?p=68005\">Read more &rarr;<\/a><\/p>\n","protected":false},"author":1,"featured_media":0,"comment_status":"open","ping_status":"open","sticky":false,"template":"","format":"standard","meta":{"ngg_post_thumbnail":0,"footnotes":""},"categories":[5,482],"tags":[],"class_list":["post-68005","post","type-post","status-publish","format-standard","hentry","category-concursos","category-international"],"_links":{"self":[{"href":"https:\/\/bobvarela.com\/index.php?rest_route=\/wp\/v2\/posts\/68005","targetHints":{"allow":["GET"]}}],"collection":[{"href":"https:\/\/bobvarela.com\/index.php?rest_route=\/wp\/v2\/posts"}],"about":[{"href":"https:\/\/bobvarela.com\/index.php?rest_route=\/wp\/v2\/types\/post"}],"author":[{"embeddable":true,"href":"https:\/\/bobvarela.com\/index.php?rest_route=\/wp\/v2\/users\/1"}],"replies":[{"embeddable":true,"href":"https:\/\/bobvarela.com\/index.php?rest_route=%2Fwp%2Fv2%2Fcomments&post=68005"}],"version-history":[{"count":3,"href":"https:\/\/bobvarela.com\/index.php?rest_route=\/wp\/v2\/posts\/68005\/revisions"}],"predecessor-version":[{"id":68008,"href":"https:\/\/bobvarela.com\/index.php?rest_route=\/wp\/v2\/posts\/68005\/revisions\/68008"}],"wp:attachment":[{"href":"https:\/\/bobvarela.com\/index.php?rest_route=%2Fwp%2Fv2%2Fmedia&parent=68005"}],"wp:term":[{"taxonomy":"category","embeddable":true,"href":"https:\/\/bobvarela.com\/index.php?rest_route=%2Fwp%2Fv2%2Fcategories&post=68005"},{"taxonomy":"post_tag","embeddable":true,"href":"https:\/\/bobvarela.com\/index.php?rest_route=%2Fwp%2Fv2%2Ftags&post=68005"}],"curies":[{"name":"wp","href":"https:\/\/api.w.org\/{rel}","templated":true}]}}