{"id":68627,"date":"2014-11-13T19:56:04","date_gmt":"2014-11-13T23:56:04","guid":{"rendered":"https:\/\/bobvarela.com\/?p=68627"},"modified":"2014-11-13T19:56:09","modified_gmt":"2014-11-13T23:56:09","slug":"actividad-moda-sin-obstculos-2014","status":"publish","type":"post","link":"https:\/\/bobvarela.com\/?p=68627","title":{"rendered":"Actividad Moda sin Obst&aacute;culos 2014"},"content":{"rendered":"<p align=\"justify\"><font size=\"3\">El 6 de noviembre la Fundaci\u00f3n Mi Gran Sue\u00f1o celebro&#160; el desfile \u201cModa sin Obst\u00e1culos\u201d&#160; en el Hotel San Juan Beach Club en Condado.<\/font><\/p>\n<p align=\"center\"><a href=\"https:\/\/bobvarela.com\/wp-content\/uploads\/2014\/11\/moda-sin-obs-14-434.jpg\"><img loading=\"lazy\" decoding=\"async\" title=\"moda sin obs 14 434\" style=\"border-top: 0px; border-right: 0px; background-image: none; border-bottom: 0px; padding-top: 0px; padding-left: 0px; border-left: 0px; display: inline; padding-right: 0px\" border=\"0\" alt=\"moda sin obs 14 434\" src=\"https:\/\/bobvarela.com\/wp-content\/uploads\/2014\/11\/moda-sin-obs-14-434_thumb.jpg\" width=\"198\" height=\"134\" \/><\/a><a href=\"https:\/\/bobvarela.com\/wp-content\/uploads\/2014\/11\/moda-sin-obs-14-414.jpg\"><img loading=\"lazy\" decoding=\"async\" title=\"moda sin obs 14 414\" style=\"border-top: 0px; border-right: 0px; background-image: none; border-bottom: 0px; padding-top: 0px; padding-left: 0px; border-left: 0px; display: inline; padding-right: 0px\" border=\"0\" alt=\"moda sin obs 14 414\" src=\"https:\/\/bobvarela.com\/wp-content\/uploads\/2014\/11\/moda-sin-obs-14-414_thumb.jpg\" width=\"198\" height=\"134\" \/><\/a><a href=\"https:\/\/bobvarela.com\/wp-content\/uploads\/2014\/11\/moda-sin-obs-14-416.jpg\"><img loading=\"lazy\" decoding=\"async\" title=\"moda sin obs 14 416\" style=\"border-top: 0px; border-right: 0px; background-image: none; border-bottom: 0px; padding-top: 0px; padding-left: 0px; border-left: 0px; display: inline; padding-right: 0px\" border=\"0\" alt=\"moda sin obs 14 416\" src=\"https:\/\/bobvarela.com\/wp-content\/uploads\/2014\/11\/moda-sin-obs-14-416_thumb.jpg\" width=\"198\" height=\"134\" \/><\/a><\/p>\n<p align=\"justify\"><font size=\"3\">El presidente de la Fundaci\u00f3n, Luis Quintana, explic\u00f3 que el evento consistio en un desfile de modas enfocado en la poblaci\u00f3n con necesidades especiales. Adem\u00e1s, aclar\u00f3 que es la segunda pasarela que hace la fundaci\u00f3n pero la s\u00e9ptima en la que participa.<\/font><\/p>\n<p align=\"justify\"><font size=\"3\">&quot;Es un desfile que se caracteriza por la emoci\u00f3n y la alegr\u00eda en donde los participantes con alg\u00fan tipo de discapacidad van a lucir en la pasarela ropa de dise\u00f1adores de alta costura&quot;, a\u00f1adi\u00f3 el joven aguade\u00f1o.<\/font><\/p>\n<p align=\"center\"><a href=\"https:\/\/bobvarela.com\/wp-content\/uploads\/2014\/11\/moda-sin-obs-14-423.jpg\"><img loading=\"lazy\" decoding=\"async\" title=\"moda sin obs 14 423\" style=\"border-top: 0px; border-right: 0px; background-image: none; border-bottom: 0px; padding-top: 0px; padding-left: 0px; border-left: 0px; display: inline; padding-right: 0px\" border=\"0\" alt=\"moda sin obs 14 423\" src=\"https:\/\/bobvarela.com\/wp-content\/uploads\/2014\/11\/moda-sin-obs-14-423_thumb.jpg\" width=\"198\" height=\"134\" \/><\/a><a href=\"https:\/\/bobvarela.com\/wp-content\/uploads\/2014\/11\/moda-sin-obs-14-440.jpg\"><img loading=\"lazy\" decoding=\"async\" title=\"moda sin obs 14 440\" style=\"border-top: 0px; border-right: 0px; background-image: none; border-bottom: 0px; padding-top: 0px; padding-left: 0px; border-left: 0px; display: inline; padding-right: 0px\" border=\"0\" alt=\"moda sin obs 14 440\" src=\"https:\/\/bobvarela.com\/wp-content\/uploads\/2014\/11\/moda-sin-obs-14-440_thumb.jpg\" width=\"198\" height=\"134\" \/><\/a><\/p>\n<p align=\"justify\"><font size=\"3\">El desfile conto&#160; con la colaboraci\u00f3n de varios dise\u00f1adores locales, entre ellos: David Antonio, Juan Colon, Sonia Rivera, Nathalia L\u00f3pez, Tommie Hern\u00e1ndez, Gabriela Victoria, Papalote y la dise\u00f1adora de accesorios Sonia Bonilla.<\/font><\/p>\n<p align=\"justify\"><font size=\"3\">&quot;Nuestro prop\u00f3sito fue demostrarle a la sociedad que independientemente de nuestra condici\u00f3n no existen l\u00edmites, ni barreras para alcanzar nuestras metas, siempre y cuando contemos con la ayuda necesaria para podernos levantar&quot;, expres\u00f3&#160; Quintana.<\/font><\/p>\n<p align=\"justify\"><span style=\"font-size: medium; font-family: verdana\">ngg_shortcode_0_placeholder<\/span><\/p>\n","protected":false},"excerpt":{"rendered":"<p>El 6 de noviembre la Fundaci\u00f3n Mi Gran Sue\u00f1o celebro&#160; el desfile \u201cModa sin Obst\u00e1culos\u201d&#160; en el Hotel San Juan Beach Club en Condado. El presidente de la Fundaci\u00f3n, Luis Quintana, explic\u00f3 que el evento consistio en un desfile de&hellip;<\/p>\n<p class=\"more-link-p\"><a class=\"more-link\" href=\"https:\/\/bobvarela.com\/?p=68627\">Read more &rarr;<\/a><\/p>\n","protected":false},"author":1,"featured_media":0,"comment_status":"open","ping_status":"open","sticky":false,"template":"","format":"standard","meta":{"ngg_post_thumbnail":0,"footnotes":""},"categories":[3,4,295],"tags":[],"class_list":["post-68627","post","type-post","status-publish","format-standard","hentry","category-actividades","category-moda","category-puerto-rico"],"_links":{"self":[{"href":"https:\/\/bobvarela.com\/index.php?rest_route=\/wp\/v2\/posts\/68627","targetHints":{"allow":["GET"]}}],"collection":[{"href":"https:\/\/bobvarela.com\/index.php?rest_route=\/wp\/v2\/posts"}],"about":[{"href":"https:\/\/bobvarela.com\/index.php?rest_route=\/wp\/v2\/types\/post"}],"author":[{"embeddable":true,"href":"https:\/\/bobvarela.com\/index.php?rest_route=\/wp\/v2\/users\/1"}],"replies":[{"embeddable":true,"href":"https:\/\/bobvarela.com\/index.php?rest_route=%2Fwp%2Fv2%2Fcomments&post=68627"}],"version-history":[{"count":1,"href":"https:\/\/bobvarela.com\/index.php?rest_route=\/wp\/v2\/posts\/68627\/revisions"}],"predecessor-version":[{"id":68628,"href":"https:\/\/bobvarela.com\/index.php?rest_route=\/wp\/v2\/posts\/68627\/revisions\/68628"}],"wp:attachment":[{"href":"https:\/\/bobvarela.com\/index.php?rest_route=%2Fwp%2Fv2%2Fmedia&parent=68627"}],"wp:term":[{"taxonomy":"category","embeddable":true,"href":"https:\/\/bobvarela.com\/index.php?rest_route=%2Fwp%2Fv2%2Fcategories&post=68627"},{"taxonomy":"post_tag","embeddable":true,"href":"https:\/\/bobvarela.com\/index.php?rest_route=%2Fwp%2Fv2%2Ftags&post=68627"}],"curies":[{"name":"wp","href":"https:\/\/api.w.org\/{rel}","templated":true}]}}