{"id":68741,"date":"2014-11-14T18:25:47","date_gmt":"2014-11-14T22:25:47","guid":{"rendered":"https:\/\/bobvarela.com\/?p=68741"},"modified":"2014-11-14T18:25:47","modified_gmt":"2014-11-14T22:25:47","slug":"mrcia-ganem-en-el-mercedes-benz-fashion-week-panam-2014","status":"publish","type":"post","link":"https:\/\/bobvarela.com\/?p=68741","title":{"rendered":"M&aacute;rcia Ganem en el Mercedes-Benz Fashion Week Panam&aacute; 2014"},"content":{"rendered":"<p align=\"justify\"><font size=\"3\">Las creaciones de M\u00e1rcia Ganem representan un fuerte v\u00ednculo entre el arte y la joyer\u00eda, donde el uso de t\u00e9cnicas y materiales innovadores son desarrollados a trav\u00e9s de una extensa investigaci\u00f3n. Una de estas t\u00e9cnicas, es ahora la marca registrada de M\u00e1rcia, y se basa en el uso de fibras de poliamida reciclada, ya sea en su versi\u00f3n natural, te\u00f1ido o entrelazada con gemas semi-preciosas. <\/font><\/p>\n<p align=\"justify\"><font size=\"3\">La dise\u00f1adora ha estado en el negocio durante m\u00e1s de 10 a\u00f1os y ha formado parte de un selecto grupo presentando su propuesta en la Semana de la Moda de R\u00edo de Janeiro &#8211; Fashion R\u00edo. El gran v\u00ednculo entre la innovaci\u00f3n y la identidad cultural brasile\u00f1a presente en sus colecciones, ha concedido a M\u00e1rcia Ganem ser el centro de atenci\u00f3n de uno de los eventos de moda m\u00e1s prestigiosos de Brasil.<\/font><\/p>\n<p align=\"justify\"><span style=\"font-size: medium; font-family: verdana\">ngg_shortcode_0_placeholder<\/span><\/p>\n","protected":false},"excerpt":{"rendered":"<p>Las creaciones de M\u00e1rcia Ganem representan un fuerte v\u00ednculo entre el arte y la joyer\u00eda, donde el uso de t\u00e9cnicas y materiales innovadores son desarrollados a trav\u00e9s de una extensa investigaci\u00f3n. Una de estas t\u00e9cnicas, es ahora la marca registrada&hellip;<\/p>\n<p class=\"more-link-p\"><a class=\"more-link\" href=\"https:\/\/bobvarela.com\/?p=68741\">Read more &rarr;<\/a><\/p>\n","protected":false},"author":1,"featured_media":0,"comment_status":"open","ping_status":"open","sticky":false,"template":"","format":"standard","meta":{"ngg_post_thumbnail":0,"footnotes":""},"categories":[265,4,480],"tags":[],"class_list":["post-68741","post","type-post","status-publish","format-standard","hentry","category-mercedes-benz-fashion-week","category-moda","category-panama"],"_links":{"self":[{"href":"https:\/\/bobvarela.com\/index.php?rest_route=\/wp\/v2\/posts\/68741","targetHints":{"allow":["GET"]}}],"collection":[{"href":"https:\/\/bobvarela.com\/index.php?rest_route=\/wp\/v2\/posts"}],"about":[{"href":"https:\/\/bobvarela.com\/index.php?rest_route=\/wp\/v2\/types\/post"}],"author":[{"embeddable":true,"href":"https:\/\/bobvarela.com\/index.php?rest_route=\/wp\/v2\/users\/1"}],"replies":[{"embeddable":true,"href":"https:\/\/bobvarela.com\/index.php?rest_route=%2Fwp%2Fv2%2Fcomments&post=68741"}],"version-history":[{"count":1,"href":"https:\/\/bobvarela.com\/index.php?rest_route=\/wp\/v2\/posts\/68741\/revisions"}],"predecessor-version":[{"id":68742,"href":"https:\/\/bobvarela.com\/index.php?rest_route=\/wp\/v2\/posts\/68741\/revisions\/68742"}],"wp:attachment":[{"href":"https:\/\/bobvarela.com\/index.php?rest_route=%2Fwp%2Fv2%2Fmedia&parent=68741"}],"wp:term":[{"taxonomy":"category","embeddable":true,"href":"https:\/\/bobvarela.com\/index.php?rest_route=%2Fwp%2Fv2%2Fcategories&post=68741"},{"taxonomy":"post_tag","embeddable":true,"href":"https:\/\/bobvarela.com\/index.php?rest_route=%2Fwp%2Fv2%2Ftags&post=68741"}],"curies":[{"name":"wp","href":"https:\/\/api.w.org\/{rel}","templated":true}]}}