{"id":68937,"date":"2014-11-16T19:12:23","date_gmt":"2014-11-16T23:12:23","guid":{"rendered":"https:\/\/bobvarela.com\/?p=68937"},"modified":"2014-11-16T19:12:24","modified_gmt":"2014-11-16T23:12:24","slug":"1991-en-el-mercedes-benz-fashion-week-panam-2014","status":"publish","type":"post","link":"https:\/\/bobvarela.com\/?p=68937","title":{"rendered":"1991 en el Mercedes-Benz Fashion Week Panam&aacute; 2014"},"content":{"rendered":"<p align=\"justify\"><font size=\"3\">Somos una marca de ropa femenina que apoya la libertad de expresi\u00f3n. Somos una propuesta de actitud y potencia Somos una fusi\u00f3n experimental, que mezcla modos opuestos Somos el grito de una generaci\u00f3n. Somos 1991 <\/font>    <\/p>\n<p align=\"justify\"><font size=\"3\">\u00bfC\u00f3mo y cu\u00e1ndo comenz\u00f3 1991? <\/font><\/p>\n<p align=\"justify\"><font size=\"3\">1991 comenz\u00f3 a finales del 2013 cuando dos de las socias, Jeannette y Tata regresan de Buenos Aires donde se estaban preparando en el area de marketing y produccion respectivamente. Vuelven con la idea de empezar un proyecto de moda en Caracas y se asocian con Mar\u00eda que habia regresado de Bogota donde estudio diseno de modas y vuelve con las mismas intensiones. Con la uni\u00f3n de estas tres cabezas nacidas en el a\u00f1o 1991 nace la marca. <\/font><\/p>\n<p align=\"justify\"><font size=\"3\">\u00bfPara qui\u00e9n dise\u00f1amos?&#160; <\/font><\/p>\n<p align=\"justify\"><font size=\"3\">1<\/font><font size=\"3\">991 dise\u00f1a para toda ve la moda como una forma de expresi\u00f3n y libertad. Dise\u00f1a para las mujeres que siguen tendencias divertidas, actualizan su closet con piezas especiales y se ven estupendas sin mucho esfuerzo en su d\u00eda a d\u00eda. \u00bf<\/font><\/p>\n<p align=\"justify\"><font size=\"3\">Qu\u00e9 nos inspira? <\/font><\/p>\n<p align=\"justify\"><font size=\"3\">Nuestra inspiraci\u00f3n surge del universo y de todo lo que nos rodea. En la primera colecci\u00f3n &quot;universo 1991&quot; nos inspir\u00f3 la galaxia y lo que est\u00e1 por encima de nosotros; por lo que usamos una paleta de color bastante viva y metalizada. La segunda colecci\u00f3n &quot;sequ\u00eda crom\u00e1tica&quot; est\u00e1 inspirada en la naturaleza seca, lo que viene despu\u00e9s de florecer y adquiere una nueva belleza; para esta colecci\u00f3n usamos una paleta de color des\u00e9rtica y c\u00e1lida.<\/font><\/p>\n<p align=\"justify\"><span style=\"font-size: medium; font-family: verdana\">ngg_shortcode_0_placeholder<\/span><\/p>\n","protected":false},"excerpt":{"rendered":"<p>Somos una marca de ropa femenina que apoya la libertad de expresi\u00f3n. Somos una propuesta de actitud y potencia Somos una fusi\u00f3n experimental, que mezcla modos opuestos Somos el grito de una generaci\u00f3n. Somos 1991 \u00bfC\u00f3mo y cu\u00e1ndo comenz\u00f3 1991?&hellip;<\/p>\n<p class=\"more-link-p\"><a class=\"more-link\" href=\"https:\/\/bobvarela.com\/?p=68937\">Read more &rarr;<\/a><\/p>\n","protected":false},"author":1,"featured_media":0,"comment_status":"open","ping_status":"open","sticky":false,"template":"","format":"standard","meta":{"ngg_post_thumbnail":0,"footnotes":""},"categories":[265,4,480],"tags":[],"class_list":["post-68937","post","type-post","status-publish","format-standard","hentry","category-mercedes-benz-fashion-week","category-moda","category-panama"],"_links":{"self":[{"href":"https:\/\/bobvarela.com\/index.php?rest_route=\/wp\/v2\/posts\/68937","targetHints":{"allow":["GET"]}}],"collection":[{"href":"https:\/\/bobvarela.com\/index.php?rest_route=\/wp\/v2\/posts"}],"about":[{"href":"https:\/\/bobvarela.com\/index.php?rest_route=\/wp\/v2\/types\/post"}],"author":[{"embeddable":true,"href":"https:\/\/bobvarela.com\/index.php?rest_route=\/wp\/v2\/users\/1"}],"replies":[{"embeddable":true,"href":"https:\/\/bobvarela.com\/index.php?rest_route=%2Fwp%2Fv2%2Fcomments&post=68937"}],"version-history":[{"count":1,"href":"https:\/\/bobvarela.com\/index.php?rest_route=\/wp\/v2\/posts\/68937\/revisions"}],"predecessor-version":[{"id":68938,"href":"https:\/\/bobvarela.com\/index.php?rest_route=\/wp\/v2\/posts\/68937\/revisions\/68938"}],"wp:attachment":[{"href":"https:\/\/bobvarela.com\/index.php?rest_route=%2Fwp%2Fv2%2Fmedia&parent=68937"}],"wp:term":[{"taxonomy":"category","embeddable":true,"href":"https:\/\/bobvarela.com\/index.php?rest_route=%2Fwp%2Fv2%2Fcategories&post=68937"},{"taxonomy":"post_tag","embeddable":true,"href":"https:\/\/bobvarela.com\/index.php?rest_route=%2Fwp%2Fv2%2Ftags&post=68937"}],"curies":[{"name":"wp","href":"https:\/\/api.w.org\/{rel}","templated":true}]}}