{"id":69990,"date":"2014-11-27T12:18:20","date_gmt":"2014-11-27T16:18:20","guid":{"rendered":"https:\/\/bobvarela.com\/?p=69990"},"modified":"2014-11-27T12:18:21","modified_gmt":"2014-11-27T16:18:21","slug":"boricua-rumbo-a-la-repblica-dominicana-tras-el-ttulo-de-mster-model-international-2014","status":"publish","type":"post","link":"https:\/\/bobvarela.com\/?p=69990","title":{"rendered":"Boricua rumbo a la Rep&uacute;blica Dominicana tras el t&iacute;tulo de M&iacute;ster Model International 2014"},"content":{"rendered":"<p align=\"justify\"><font size=\"3\"><a href=\"https:\/\/bobvarela.com\/wp-content\/uploads\/2014\/11\/JOSUE-AMADO.jpg\"><img loading=\"lazy\" decoding=\"async\" title=\"JOSUE AMADO\" style=\"border-top: 0px; border-right: 0px; background-image: none; border-bottom: 0px; float: left; padding-top: 0px; padding-left: 0px; border-left: 0px; display: inline; padding-right: 0px\" border=\"0\" alt=\"JOSUE AMADO\" src=\"https:\/\/bobvarela.com\/wp-content\/uploads\/2014\/11\/JOSUE-AMADO_thumb.jpg\" width=\"132\" align=\"left\" height=\"211\"\/><\/a>El joven Josu\u00e9 Amado Borges, uno de los finalistas al t\u00edtulo de M\u00edster Puerto Rico 2015, representar\u00e1 a la isla en el certamen M\u00edster Model International 2014 el domingo, 7 de diciembre de 2014, en el Hotel Hard Rock Caf\u00e9 de Santo Domingo, Rep\u00fablica Dominicana. <\/font> <\/p>\n<p align=\"justify\"><font size=\"3\">Amado Borges, natural del pueblo de San Lorenzo, viajar\u00e1 el 29 de noviembre a la vecina isla para participar en este concurso internacional en el cual m\u00e1s de 30 pa\u00edses han confirmado ya su participaci\u00f3n para competir por el codiciado t\u00edtulo.<\/font> <\/p>\n<p align=\"justify\"><font size=\"3\">El delegado puertorrique\u00f1o mencion\u00f3 que ha estado trabajando en su rutina de ejercicios, en una dieta estricta, y para lograr posicionarse como ganador del voto por popularidad. \u201cMe he mantenido en pie de lucha por lograr el primer lugar en el voto de popularidad ya que me parece una buena oportunidad para promover a Puerto Rico a trav\u00e9s de las redes sociales. Esto me ha servido de plataforma para conectar con el p\u00fablico y mantener una comunicaci\u00f3n directa con ellos\u201d, indic\u00f3 Josu\u00e9.<\/font> <\/p>\n<p align=\"center\"><a href=\"https:\/\/bobvarela.com\/wp-content\/uploads\/2014\/11\/JOSUE-AMADO-BORGES.jpg\"><img loading=\"lazy\" decoding=\"async\" title=\"JOSUE AMADO BORGES\" style=\"border-top: 0px; border-right: 0px; background-image: none; border-bottom: 0px; padding-top: 0px; padding-left: 0px; border-left: 0px; display: inline; padding-right: 0px\" border=\"0\" alt=\"JOSUE AMADO BORGES\" src=\"https:\/\/bobvarela.com\/wp-content\/uploads\/2014\/11\/JOSUE-AMADO-BORGES_thumb.jpg\" width=\"324\" height=\"190\"\/><\/a> <\/p>\n<p align=\"justify\"><font size=\"3\">De otra parte, el coordinador del certamen M\u00edster Model International 2014 en Puerto Rico, Miguel Deliz, mencion\u00f3 que esta es la segunda vez que se celebra este concurso el cual tuvo su debut con mucho \u00e9xito el pasado a\u00f1o. \u201cEstamos muy entusiasmados con la participaci\u00f3n de Josu\u00e9 en esta competencia ya que \u00e9l re\u00fane todas las caracter\u00edsticas que requiere el concurso en t\u00e9rminos de proyecci\u00f3n en la pasarela, capacidad intelectual y atributos f\u00edsicos\u201d, a\u00f1adi\u00f3.<\/font> <\/p>\n<p align=\"justify\"><font size=\"3\">El tambi\u00e9n presidente de la organizaci\u00f3n de M\u00edster Puerto Rico indic\u00f3 que, como parte de la competencia de traje t\u00edpico, Josu\u00e9 estar\u00e1 representando a nuestra herencia ind\u00edgena a trav\u00e9s de un vestuario que simboliza el misticismo de la fantas\u00eda ta\u00edna. Este atuendo, el cual conlleva una elaboraci\u00f3n rica en textura y detalles, es confeccionado por el dise\u00f1ador boricua Fernando Gantier.<\/font><\/p>\n","protected":false},"excerpt":{"rendered":"<p>El joven Josu\u00e9 Amado Borges, uno de los finalistas al t\u00edtulo de M\u00edster Puerto Rico 2015, representar\u00e1 a la isla en el certamen M\u00edster Model International 2014 el domingo, 7 de diciembre de 2014, en el Hotel Hard Rock Caf\u00e9&hellip;<\/p>\n<p class=\"more-link-p\"><a class=\"more-link\" href=\"https:\/\/bobvarela.com\/?p=69990\">Read more &rarr;<\/a><\/p>\n","protected":false},"author":1,"featured_media":0,"comment_status":"open","ping_status":"open","sticky":false,"template":"","format":"standard","meta":{"ngg_post_thumbnail":0,"footnotes":""},"categories":[5,295],"tags":[],"class_list":["post-69990","post","type-post","status-publish","format-standard","hentry","category-concursos","category-puerto-rico"],"_links":{"self":[{"href":"https:\/\/bobvarela.com\/index.php?rest_route=\/wp\/v2\/posts\/69990","targetHints":{"allow":["GET"]}}],"collection":[{"href":"https:\/\/bobvarela.com\/index.php?rest_route=\/wp\/v2\/posts"}],"about":[{"href":"https:\/\/bobvarela.com\/index.php?rest_route=\/wp\/v2\/types\/post"}],"author":[{"embeddable":true,"href":"https:\/\/bobvarela.com\/index.php?rest_route=\/wp\/v2\/users\/1"}],"replies":[{"embeddable":true,"href":"https:\/\/bobvarela.com\/index.php?rest_route=%2Fwp%2Fv2%2Fcomments&post=69990"}],"version-history":[{"count":1,"href":"https:\/\/bobvarela.com\/index.php?rest_route=\/wp\/v2\/posts\/69990\/revisions"}],"predecessor-version":[{"id":69991,"href":"https:\/\/bobvarela.com\/index.php?rest_route=\/wp\/v2\/posts\/69990\/revisions\/69991"}],"wp:attachment":[{"href":"https:\/\/bobvarela.com\/index.php?rest_route=%2Fwp%2Fv2%2Fmedia&parent=69990"}],"wp:term":[{"taxonomy":"category","embeddable":true,"href":"https:\/\/bobvarela.com\/index.php?rest_route=%2Fwp%2Fv2%2Fcategories&post=69990"},{"taxonomy":"post_tag","embeddable":true,"href":"https:\/\/bobvarela.com\/index.php?rest_route=%2Fwp%2Fv2%2Ftags&post=69990"}],"curies":[{"name":"wp","href":"https:\/\/api.w.org\/{rel}","templated":true}]}}