{"id":69998,"date":"2014-12-03T07:23:35","date_gmt":"2014-12-03T11:23:35","guid":{"rendered":"https:\/\/bobvarela.com\/?p=69998"},"modified":"2014-12-03T07:23:49","modified_gmt":"2014-12-03T11:23:49","slug":"encendido-navideo-2014-municipio-de-arecibo","status":"publish","type":"post","link":"https:\/\/bobvarela.com\/?p=69998","title":{"rendered":"Encendido  Navide&ntilde;o 2014  Municipio de Arecibo"},"content":{"rendered":"<p><img loading=\"lazy\" decoding=\"async\" style=\"float: none; margin-left: auto; display: block; margin-right: auto\" border=\"0\" hspace=\"5\" vspace=\"5\" src=\"https:\/\/ih.constantcontact.com\/fs181\/1102398773358\/img\/1313.jpg\" width=\"435\" height=\"510\" \/><\/p>\n<p align=\"justify\"><font size=\"3\">El Municipio de Arecibo encender\u00e1 su Navidad este viernes con un gran evento que contar\u00e1 con una transmisi\u00f3n especial del programa Dando Candela de Telemundo. La fiesta de pueblo dar\u00e1 comienzo a las 5:00 p.m. en la Plaza de Recreo con artesanos, artistas pl\u00e1sticos, kioscos y juegos para ni\u00f1os.<\/font><\/p>\n<p align=\"justify\"><font size=\"3\">Por su parte Dando Candela ir\u00e1 en un horario especial de 7:00 p.m. a 9:00 p.m. en vivo desde Arecibo. Saudy, Papo, Byankah, Fernan y Glerys dar\u00e1n su candela navide\u00f1a al ritmo de la m\u00fasica de Milly Quezada, Vico C, Gisselle, Pirulo y su Tribu, Juan V\u00e9lez, Yomo, entre otros artistas.&#160; El programa tambi\u00e9n contar\u00e1 con la participaci\u00f3n de Susa y Epifanio, Susan Soltero, Yulianna Vargas y Leo Fern\u00e1ndez.<\/font><\/p>\n<p align=\"justify\"><font size=\"3\"><strong><em>&quot;Tendremos una gran fiesta de pueblo para marcar el inicio de la Navidad en La Villa del Capit\u00e1n Correa. Esta transmisi\u00f3n especial de Telemundo servir\u00e1 no solo para llevar alegr\u00eda a los hogares de Puerto Rico, sino para dar a conocer nuestro municipio y sus atracciones tur\u00edsticas&quot;<\/em><\/strong>, expres\u00f3 el alcalde Carlos Molina.<\/font><\/p>\n<p align=\"justify\"><font size=\"3\">La Administraci\u00f3n Municipal de Arecibo invita a todos a darse cita en la Plaza de Recreo desde las 5:00 p.m. para que puedan disfrutar de todo el evento. El mismo ser\u00e1 uno familiar y contar\u00e1 con gran seguridad.<\/font><\/p>\n","protected":false},"excerpt":{"rendered":"<p>El Municipio de Arecibo encender\u00e1 su Navidad este viernes con un gran evento que contar\u00e1 con una transmisi\u00f3n especial del programa Dando Candela de Telemundo. La fiesta de pueblo dar\u00e1 comienzo a las 5:00 p.m. en la Plaza de Recreo&hellip;<\/p>\n<p class=\"more-link-p\"><a class=\"more-link\" href=\"https:\/\/bobvarela.com\/?p=69998\">Read more &rarr;<\/a><\/p>\n","protected":false},"author":1,"featured_media":0,"comment_status":"open","ping_status":"open","sticky":false,"template":"","format":"standard","meta":{"ngg_post_thumbnail":0,"footnotes":""},"categories":[3],"tags":[],"class_list":["post-69998","post","type-post","status-publish","format-standard","hentry","category-actividades"],"_links":{"self":[{"href":"https:\/\/bobvarela.com\/index.php?rest_route=\/wp\/v2\/posts\/69998","targetHints":{"allow":["GET"]}}],"collection":[{"href":"https:\/\/bobvarela.com\/index.php?rest_route=\/wp\/v2\/posts"}],"about":[{"href":"https:\/\/bobvarela.com\/index.php?rest_route=\/wp\/v2\/types\/post"}],"author":[{"embeddable":true,"href":"https:\/\/bobvarela.com\/index.php?rest_route=\/wp\/v2\/users\/1"}],"replies":[{"embeddable":true,"href":"https:\/\/bobvarela.com\/index.php?rest_route=%2Fwp%2Fv2%2Fcomments&post=69998"}],"version-history":[{"count":1,"href":"https:\/\/bobvarela.com\/index.php?rest_route=\/wp\/v2\/posts\/69998\/revisions"}],"predecessor-version":[{"id":69999,"href":"https:\/\/bobvarela.com\/index.php?rest_route=\/wp\/v2\/posts\/69998\/revisions\/69999"}],"wp:attachment":[{"href":"https:\/\/bobvarela.com\/index.php?rest_route=%2Fwp%2Fv2%2Fmedia&parent=69998"}],"wp:term":[{"taxonomy":"category","embeddable":true,"href":"https:\/\/bobvarela.com\/index.php?rest_route=%2Fwp%2Fv2%2Fcategories&post=69998"},{"taxonomy":"post_tag","embeddable":true,"href":"https:\/\/bobvarela.com\/index.php?rest_route=%2Fwp%2Fv2%2Ftags&post=69998"}],"curies":[{"name":"wp","href":"https:\/\/api.w.org\/{rel}","templated":true}]}}