{"id":70000,"date":"2014-12-03T20:19:24","date_gmt":"2014-12-04T00:19:24","guid":{"rendered":"https:\/\/bobvarela.com\/?p=70000"},"modified":"2014-12-03T20:19:25","modified_gmt":"2014-12-04T00:19:25","slug":"santa-claus-y-los-tres-reyes-magos-de-fiesta-con-los-nios-con-sndrome-de-down","status":"publish","type":"post","link":"https:\/\/bobvarela.com\/?p=70000","title":{"rendered":"Santa Claus y Los Tres Reyes Magos de fiesta con los ni&ntilde;os con s&iacute;ndrome de Down"},"content":{"rendered":"<p><img loading=\"lazy\" decoding=\"async\" style=\"float: none; margin-left: auto; display: block; margin-right: auto\" border=\"0\" hspace=\"5\" vspace=\"5\" src=\"https:\/\/ih.constantcontact.com\/fs181\/1102398773358\/img\/1314.jpg\" width=\"500\" height=\"592\" \/><\/p>\n<p align=\"justify\"><font size=\"3\">Este pr\u00f3ximo s\u00e1bado, 6 de diciembre la Fundaci\u00f3n Puertorrique\u00f1a S\u00edndrome Down celebra su acostumbrado Pasad\u00eda Familiar en el Parque Luis Mu\u00f1oz Rivera&#160; desde las 8:30 am hasta las 2:30 pm con la visita de Santa Claus y Los Reyes Magos.<\/font><\/p>\n<p align=\"justify\"><font size=\"3\"><strong><em>&quot;All\u00ed en la tradicional fiesta de Navidad de la Fundaci\u00f3n Puertorrique\u00f1a S\u00edndrome Down el objetivo principal es que las diversas familias con ni\u00f1os y j\u00f3venes con s\u00edndrome de Down compartan con alegr\u00eda.&#160; \u00a1Habr\u00e1 de todo!&quot;<\/em><\/strong>, coment\u00f3 la directora ejecutiva, Cora Arce Rivera, quien a\u00f1ade que nos encontraremos con: artesanas, mesas educativas, payasitas para pintar caras, inflables, mesas con art\u00edculos promocionales, entre mucho m\u00e1s.&#160;&#160; <br \/>El programa ser\u00e1 variado para complacer a chicos y grandes.&#160; Contar\u00e1n con el Circo Nacional de PR, El Se\u00f1or Sapo, Gotay &quot;El Aut\u00e9ntico&quot;, Batukada Baruyo, y Party Personajes.&#160; Durante la actividad fungir\u00e1n como moderadores Waldo D\u00edaz de WD&#160; Group y nuestra m\u00e1s reciente reina de belleza, Catalina Morales, Miss Universe.&#160; Adem\u00e1s, deleitar\u00e1n con su participaci\u00f3n el Grupo de Baile de la Fundaci\u00f3n Puertorrique\u00f1a S\u00edndrome Down y la joven Mariana Cruz, cantante juvenil con s\u00edndrome de Down.&#160; <\/font><\/p>\n<p align=\"justify\"><font size=\"3\">La actividad contar\u00e1 con muchas sorpresas, incluyendo el regalito adelantado de los Tres Reyes Magos. Los presentes, tambi\u00e9n, tendr\u00e1n la oportunidad de participar de un delicioso men\u00fa navide\u00f1o y de sorteos.     <br \/><\/font><font size=\"3\"><\/font><\/p>\n<p align=\"justify\"><font size=\"3\">La Fundaci\u00f3n Puertorrique\u00f1a S\u00edndrome Down celebra este a\u00f1o 25 a\u00f1os ofreciendo servicios variados de salud y de apoyo a la poblaci\u00f3n con s\u00edndrome de Down en sus diversas etapas de desarrollo (desde terapias y cuido, hasta empleo). Es la primera y \u00fanica organizaci\u00f3n dirigida a esta poblaci\u00f3n con un enfoque integral de servicios cuya misi\u00f3n es: trabajar para lograr la integraci\u00f3n efectiva y productiva de las personas con s\u00edndrome de Down a las estructuras educativas, sociales y econ\u00f3micas del Pa\u00eds.<\/font><\/p>\n","protected":false},"excerpt":{"rendered":"<p>Este pr\u00f3ximo s\u00e1bado, 6 de diciembre la Fundaci\u00f3n Puertorrique\u00f1a S\u00edndrome Down celebra su acostumbrado Pasad\u00eda Familiar en el Parque Luis Mu\u00f1oz Rivera&#160; desde las 8:30 am hasta las 2:30 pm con la visita de Santa Claus y Los Reyes Magos.&hellip;<\/p>\n<p class=\"more-link-p\"><a class=\"more-link\" href=\"https:\/\/bobvarela.com\/?p=70000\">Read more &rarr;<\/a><\/p>\n","protected":false},"author":1,"featured_media":0,"comment_status":"open","ping_status":"open","sticky":false,"template":"","format":"standard","meta":{"ngg_post_thumbnail":0,"footnotes":""},"categories":[3],"tags":[],"class_list":["post-70000","post","type-post","status-publish","format-standard","hentry","category-actividades"],"_links":{"self":[{"href":"https:\/\/bobvarela.com\/index.php?rest_route=\/wp\/v2\/posts\/70000","targetHints":{"allow":["GET"]}}],"collection":[{"href":"https:\/\/bobvarela.com\/index.php?rest_route=\/wp\/v2\/posts"}],"about":[{"href":"https:\/\/bobvarela.com\/index.php?rest_route=\/wp\/v2\/types\/post"}],"author":[{"embeddable":true,"href":"https:\/\/bobvarela.com\/index.php?rest_route=\/wp\/v2\/users\/1"}],"replies":[{"embeddable":true,"href":"https:\/\/bobvarela.com\/index.php?rest_route=%2Fwp%2Fv2%2Fcomments&post=70000"}],"version-history":[{"count":1,"href":"https:\/\/bobvarela.com\/index.php?rest_route=\/wp\/v2\/posts\/70000\/revisions"}],"predecessor-version":[{"id":70001,"href":"https:\/\/bobvarela.com\/index.php?rest_route=\/wp\/v2\/posts\/70000\/revisions\/70001"}],"wp:attachment":[{"href":"https:\/\/bobvarela.com\/index.php?rest_route=%2Fwp%2Fv2%2Fmedia&parent=70000"}],"wp:term":[{"taxonomy":"category","embeddable":true,"href":"https:\/\/bobvarela.com\/index.php?rest_route=%2Fwp%2Fv2%2Fcategories&post=70000"},{"taxonomy":"post_tag","embeddable":true,"href":"https:\/\/bobvarela.com\/index.php?rest_route=%2Fwp%2Fv2%2Ftags&post=70000"}],"curies":[{"name":"wp","href":"https:\/\/api.w.org\/{rel}","templated":true}]}}