{"id":70182,"date":"2014-12-07T12:34:17","date_gmt":"2014-12-07T16:34:17","guid":{"rendered":"https:\/\/bobvarela.com\/?p=70182"},"modified":"2014-12-07T12:34:19","modified_gmt":"2014-12-07T16:34:19","slug":"uma-blasini-asesora-a-la-nueva-miss-universe-italia-2014","status":"publish","type":"post","link":"https:\/\/bobvarela.com\/?p=70182","title":{"rendered":"Uma Blasini asesora a la nueva Miss Universe Italia 2014"},"content":{"rendered":"<p align=\"center\"><font size=\"3\"><a href=\"https:\/\/bobvarela.com\/wp-content\/uploads\/2014\/12\/AGL_8342.jpg\"><img loading=\"lazy\" decoding=\"async\" title=\"AGL_8342\" style=\"border-top: 0px; border-right: 0px; background-image: none; border-bottom: 0px; padding-top: 0px; padding-left: 0px; border-left: 0px; display: inline; padding-right: 0px\" border=\"0\" alt=\"AGL_8342\" src=\"https:\/\/bobvarela.com\/wp-content\/uploads\/2014\/12\/AGL_8342_thumb.jpg\" width=\"195\" height=\"232\" \/><\/a><\/font><\/p>\n<p align=\"justify\"><font size=\"3\"><a href=\"https:\/\/bobvarela.com\/wp-content\/uploads\/2014\/12\/valentina_bonariva_miss_universe_italy_2014_4.jpg\"><img loading=\"lazy\" decoding=\"async\" title=\"valentina_bonariva_miss_universe_italy_2014_4\" style=\"border-top: 0px; border-right: 0px; background-image: none; border-bottom: 0px; float: left; padding-top: 0px; padding-left: 0px; border-left: 0px; display: inline; padding-right: 0px\" border=\"0\" alt=\"valentina_bonariva_miss_universe_italy_2014_4\" src=\"https:\/\/bobvarela.com\/wp-content\/uploads\/2014\/12\/valentina_bonariva_miss_universe_italy_2014_4_thumb.jpg\" width=\"166\" align=\"left\" height=\"274\" \/><\/a><\/font><font size=\"3\">La empresaria sure\u00f1a y ex Miss Universe Puerto Rico Uma Blasini propietaria de Uma Blasini Refinamiento y Modelaje, Directora Regional de Miss Universe Puerto Rico Regi\u00f3n Sur y Directora Revista Balance; estar\u00e1 encargada de ofrecer, formaci\u00f3n y asesoramiento a la reci\u00e9n seleccionada Miss&#160; Universe Italia 2014 Valentina Bonariva.&#160; Blasini junto con su equipo de profesionales en la industria de la moda y la belleza ofrecer\u00e1 un curso intensivo de preparaci\u00f3n previo a Miss Universe 2014 que se llevara a cabo en Miami, Florida.&#160; Entre los cursos que tomara la joven en la isla se encuentran: Porte, Postura y elegancia, Proyecci\u00f3n esc\u00e9nica, Foto pose, Baile, Etiqueta, Protocolo y Comportamiento, Automaquillaje, Peinados, Dicci\u00f3n, Entrevista de Jurado y tendr\u00e1 una evaluaci\u00f3n final con un panel de profesionales de diversas industrias.&#160;&#160; La beldad italiana fue seleccionada el pasado 21 de noviembre en las instalaciones&#160; crucero MSC que recorri\u00f3 el Mediterr\u00e1neo por espacio de 3 d\u00edas de competencia.&#160; Valentina una joven muy atractiva de 25 a\u00f1os con 5\u20198 de estatura nacida en Lombard\u00eda Italia, es bailarina y formo parte de la Federaci\u00f3n Italiana de Baile Deportivo mejor conocida por sus siglas FIDS.<\/font><\/p>\n<p align=\"center\"><a href=\"https:\/\/bobvarela.com\/wp-content\/uploads\/2014\/12\/valentina_bonariva_miss_universe_italy_2014_1.jpg\"><img loading=\"lazy\" decoding=\"async\" title=\"valentina_bonariva_miss_universe_italy_2014_1\" style=\"border-top: 0px; border-right: 0px; background-image: none; border-bottom: 0px; padding-top: 0px; padding-left: 0px; border-left: 0px; display: inline; padding-right: 0px\" border=\"0\" alt=\"valentina_bonariva_miss_universe_italy_2014_1\" src=\"https:\/\/bobvarela.com\/wp-content\/uploads\/2014\/12\/valentina_bonariva_miss_universe_italy_2014_1_thumb.jpg\" width=\"166\" height=\"282\" \/><\/a><\/p>\n<p align=\"justify\"><font size=\"3\">La candidata ser\u00e1 adem\u00e1s la imagen del Hotel Meli\u00e1 Ponce y formara parte de editorial de modas de la Revista Balance, adem\u00e1s de tener la oportunidad de prepararse y disfrutar de nuestra isla del 4 al 11 de diciembre. Una vez m\u00e1s nuestra isla dice presente en la preparaci\u00f3n de candidatas ante competencias internacionales de la talla de Miss Universe Puerto Rico, esta vez a manos de Uma Blasini. <\/font><\/p>\n","protected":false},"excerpt":{"rendered":"<p>La empresaria sure\u00f1a y ex Miss Universe Puerto Rico Uma Blasini propietaria de Uma Blasini Refinamiento y Modelaje, Directora Regional de Miss Universe Puerto Rico Regi\u00f3n Sur y Directora Revista Balance; estar\u00e1 encargada de ofrecer, formaci\u00f3n y asesoramiento a la&hellip;<\/p>\n<p class=\"more-link-p\"><a class=\"more-link\" href=\"https:\/\/bobvarela.com\/?p=70182\">Read more &rarr;<\/a><\/p>\n","protected":false},"author":1,"featured_media":0,"comment_status":"open","ping_status":"open","sticky":false,"template":"","format":"standard","meta":{"ngg_post_thumbnail":0,"footnotes":""},"categories":[5,172],"tags":[],"class_list":["post-70182","post","type-post","status-publish","format-standard","hentry","category-concursos","category-universe"],"_links":{"self":[{"href":"https:\/\/bobvarela.com\/index.php?rest_route=\/wp\/v2\/posts\/70182","targetHints":{"allow":["GET"]}}],"collection":[{"href":"https:\/\/bobvarela.com\/index.php?rest_route=\/wp\/v2\/posts"}],"about":[{"href":"https:\/\/bobvarela.com\/index.php?rest_route=\/wp\/v2\/types\/post"}],"author":[{"embeddable":true,"href":"https:\/\/bobvarela.com\/index.php?rest_route=\/wp\/v2\/users\/1"}],"replies":[{"embeddable":true,"href":"https:\/\/bobvarela.com\/index.php?rest_route=%2Fwp%2Fv2%2Fcomments&post=70182"}],"version-history":[{"count":1,"href":"https:\/\/bobvarela.com\/index.php?rest_route=\/wp\/v2\/posts\/70182\/revisions"}],"predecessor-version":[{"id":70183,"href":"https:\/\/bobvarela.com\/index.php?rest_route=\/wp\/v2\/posts\/70182\/revisions\/70183"}],"wp:attachment":[{"href":"https:\/\/bobvarela.com\/index.php?rest_route=%2Fwp%2Fv2%2Fmedia&parent=70182"}],"wp:term":[{"taxonomy":"category","embeddable":true,"href":"https:\/\/bobvarela.com\/index.php?rest_route=%2Fwp%2Fv2%2Fcategories&post=70182"},{"taxonomy":"post_tag","embeddable":true,"href":"https:\/\/bobvarela.com\/index.php?rest_route=%2Fwp%2Fv2%2Ftags&post=70182"}],"curies":[{"name":"wp","href":"https:\/\/api.w.org\/{rel}","templated":true}]}}