{"id":70429,"date":"2015-01-05T13:30:34","date_gmt":"2015-01-05T17:30:34","guid":{"rendered":"https:\/\/bobvarela.com\/?p=70429"},"modified":"2015-01-05T13:47:42","modified_gmt":"2015-01-05T17:47:42","slug":"transfashion-2015-comunidades-trans-desfilan-por-su-visibilidad","status":"publish","type":"post","link":"https:\/\/bobvarela.com\/?p=70429","title":{"rendered":"TRANSFASHION 2015 COMUNIDADES TRANS DESFILAN POR SU VISIBILIDAD"},"content":{"rendered":"<table cellspacing=\"0\" cellpadding=\"2\" width=\"569\" border=\"0\">\n<tbody>\n<tr>\n<td valign=\"top\" width=\"220\"><a href=\"https:\/\/bobvarela.com\/wp-content\/uploads\/2015\/01\/Vestidos-Lisa-Thon-Joseph-DaPonte.jpg\"><img loading=\"lazy\" decoding=\"async\" title=\"Vestidos Lisa Thon &amp; Joseph DaPonte\" style=\"border-left-width: 0px; border-right-width: 0px; background-image: none; border-bottom-width: 0px; float: right; padding-top: 0px; padding-left: 0px; display: inline; padding-right: 0px; border-top-width: 0px\" border=\"0\" alt=\"Vestidos Lisa Thon &amp; Joseph DaPonte\" src=\"https:\/\/bobvarela.com\/wp-content\/uploads\/2015\/01\/Vestidos-Lisa-Thon-Joseph-DaPonte_thumb.jpg\" width=\"130\" align=\"right\" height=\"194\" \/><\/a><\/td>\n<td valign=\"top\" width=\"190\"><a href=\"https:\/\/bobvarela.com\/wp-content\/uploads\/2015\/01\/Vestidos-Juan-Colon.jpg\"><img loading=\"lazy\" decoding=\"async\" title=\"Vestidos Juan Colon\" style=\"border-left-width: 0px; border-right-width: 0px; background-image: none; border-bottom-width: 0px; float: none; padding-top: 0px; padding-left: 0px; margin-left: auto; display: block; padding-right: 0px; border-top-width: 0px; margin-right: auto\" border=\"0\" alt=\"Vestidos Juan Colon\" src=\"https:\/\/bobvarela.com\/wp-content\/uploads\/2015\/01\/Vestidos-Juan-Colon_thumb.jpg\" width=\"130\" height=\"194\" \/><\/a><\/td>\n<td valign=\"top\" width=\"157\"><a href=\"https:\/\/bobvarela.com\/wp-content\/uploads\/2015\/01\/Vestido-Plateado-Sonia-Rivera-Jacket-Plata-Jaer-Caban.jpg\"><img loading=\"lazy\" decoding=\"async\" title=\"Vestido Plateado Sonia Rivera - Jacket Plata Jaer Caban\" style=\"border-left-width: 0px; border-right-width: 0px; background-image: none; border-bottom-width: 0px; padding-top: 0px; padding-left: 0px; display: inline; padding-right: 0px; border-top-width: 0px\" border=\"0\" alt=\"Vestido Plateado Sonia Rivera - Jacket Plata Jaer Caban\" src=\"https:\/\/bobvarela.com\/wp-content\/uploads\/2015\/01\/Vestido-Plateado-Sonia-Rivera-Jacket-Plata-Jaer-Caban_thumb.jpg\" width=\"130\" height=\"194\" \/><\/a><\/td>\n<\/tr>\n<tr>\n<td valign=\"top\" width=\"220\">&#160;&#160;&#160;&#160;&#160;&#160;&#160;&#160;&#160; <\/p>\n<p>Vestidos Lisa Thon &amp; Joseph DaPonte<\/p>\n<\/td>\n<td valign=\"top\" width=\"190\">Vestidos Juan Colon<\/td>\n<td valign=\"top\" width=\"157\">Vestido Plateado Sonia Rivera &#8211; Jacket Plata Jaer Caban<\/td>\n<\/tr>\n<\/tbody>\n<\/table>\n<p> <font size=\"3\">   <\/p>\n<p align=\"justify\">La tercera edici\u00f3n de TRANSFASHION se llevar\u00e1 a cabo el viernes 23 de enero de 2015, a las 8:00 p.m., en el vest\u00edbulo de la Sala Sinf\u00f3nica Pablo Casals Defill\u00f3 del Centro de Bellas Artes Luis Antonio Ferre Aguayo en Santurce.<\/p>\n<p> <\/font>  <\/p>\n<p align=\"justify\"><font size=\"3\">En esta ocasi\u00f3n, 18 integrantes de las comunidades transexual, transg\u00e9nero y transformistas\\ previamente seleccionados en un casting presencial y por internet ocupar\u00e1n la pasarela con piezas de los dise\u00f1adores Heriberto V\u00e1zquez, Lisa Thon, Jos\u00e9 Ra\u00fcl, Jaer Cab\u00e1n, Juan Col\u00f3n, Sonia Rivera, Pedro \u00c1ngel Chaluisant, Javier Arnaldo y Joseph Da\u2019Ponte.<\/font><\/p>\n<p align=\"justify\"><font size=\"3\">La actividad ben\u00e9fica contar\u00e1 con la animaci\u00f3n de la modelo Mar\u00eda Mar\u00eda, un coctel de bienvenida cortes\u00eda de The Barefoot Wines, m\u00fasica por DJ Ben Casillas, sorteos y presentaciones de varias artistas del transformismo y la interpretaci\u00f3n como Warhola Pop, Bam Bam Le Blanc, B\u00e1rbara Herr, Eva Flow, F\u00e9lix Chevremont, Jamie Sunflower, January Fuentes, Kim Moore, Marcos Garay \u201cBlack Cat\u201d, y Ruddy\u2019s Mart\u00ednez.<\/font><\/p>\n<table cellspacing=\"0\" cellpadding=\"2\" width=\"592\" border=\"0\">\n<tbody>\n<tr>\n<td valign=\"top\" width=\"333\"><a href=\"https:\/\/bobvarela.com\/wp-content\/uploads\/2015\/01\/Vestido-Dorado-Pedro-Angel-Chaluisant-Tunica-Negra-Jose-Raul.jpg\"><img loading=\"lazy\" decoding=\"async\" title=\"Vestido Dorado Pedro Angel Chaluisant - Tunica Negra Jose Raul\" style=\"border-top: 0px; border-right: 0px; background-image: none; border-bottom: 0px; float: none; padding-top: 0px; padding-left: 0px; margin-left: auto; border-left: 0px; display: block; padding-right: 0px; margin-right: auto\" border=\"0\" alt=\"Vestido Dorado Pedro Angel Chaluisant - Tunica Negra Jose Raul\" src=\"https:\/\/bobvarela.com\/wp-content\/uploads\/2015\/01\/Vestido-Dorado-Pedro-Angel-Chaluisant-Tunica-Negra-Jose-Raul_thumb.jpg\" width=\"134\" height=\"207\" \/><\/a><\/td>\n<td valign=\"top\" width=\"257\"><a href=\"https:\/\/bobvarela.com\/wp-content\/uploads\/2015\/01\/Vestido-Rojo-Gris-y-Negro-Heriberto-Vazquez-Jumper-Negro-Javier-Arnaldo.jpg\"><img loading=\"lazy\" decoding=\"async\" title=\"Vestido Rojo Gris y Negro Heriberto Vazquez - Jumper Negro Javier Arnaldo\" style=\"border-top: 0px; border-right: 0px; background-image: none; border-bottom: 0px; float: none; padding-top: 0px; padding-left: 0px; margin-left: auto; border-left: 0px; display: block; padding-right: 0px; margin-right: auto\" border=\"0\" alt=\"Vestido Rojo Gris y Negro Heriberto Vazquez - Jumper Negro Javier Arnaldo\" src=\"https:\/\/bobvarela.com\/wp-content\/uploads\/2015\/01\/Vestido-Rojo-Gris-y-Negro-Heriberto-Vazquez-Jumper-Negro-Javier-Arnaldo_thumb.jpg\" width=\"130\" height=\"194\" \/><\/a><\/td>\n<\/tr>\n<tr>\n<td valign=\"top\" width=\"333\">Vestido Dorado Pedro Angel Chaluisant &#8211; Tunica Negra Jose Raul<\/td>\n<td valign=\"top\" width=\"257\">Vestido Rojo Gris y Negro Heriberto Vazquez &#8211; Jumper Negro Javier Arnaldo<\/td>\n<\/tr>\n<\/tbody>\n<\/table>\n<p align=\"justify\"><font size=\"3\">\u201cTRANSFASHION pretende concienciar sobre las desigualdades en salud que afectan a las personas transexuales y transg\u00e9nero, como es la dificultad de acceder a servicios o profesionales de salud que puedan atenderles de acuerdo a sus necesidades\u201d, explic\u00f3 Jos\u00e9 Joaqu\u00edn Mulinelli Rodr\u00edguez, director ejecutivo de Coa\u00ed, Inc., entidad que organiza la actividad.<\/font><\/p>\n<p align=\"justify\"><font size=\"3\">Este evento, \u00fanico en su clase, apoya la gesti\u00f3n de Coa\u00ed, Inc., organizaci\u00f3n sin fines de lucro establecida en 1992, que se dedica a promover la salud y a prevenir enfermedades desde una perspectiva de justicia social y derechos humanos, con \u00e9nfasis en las personas lesbianas, homosexuales, bisexuales, transg\u00e9nero, transexuales, queer, questioning e intersexo (LHBTTQQI) en Puerto Rico. <\/font><\/p>\n<p><b>Boletos a la venta en la boleter\u00eda de CBA en Santurce (787-620-4444)<\/b><\/p>\n","protected":false},"excerpt":{"rendered":"<p>&#160;&#160;&#160;&#160;&#160;&#160;&#160;&#160;&#160; Vestidos Lisa Thon &amp; Joseph DaPonte Vestidos Juan Colon Vestido Plateado Sonia Rivera &#8211; Jacket Plata Jaer Caban La tercera edici\u00f3n de TRANSFASHION se llevar\u00e1 a cabo el viernes 23 de enero de 2015, a las 8:00 p.m., en&hellip;<\/p>\n<p class=\"more-link-p\"><a class=\"more-link\" href=\"https:\/\/bobvarela.com\/?p=70429\">Read more &rarr;<\/a><\/p>\n","protected":false},"author":1,"featured_media":0,"comment_status":"open","ping_status":"open","sticky":false,"template":"","format":"standard","meta":{"ngg_post_thumbnail":0,"footnotes":""},"categories":[3,4,295],"tags":[],"class_list":["post-70429","post","type-post","status-publish","format-standard","hentry","category-actividades","category-moda","category-puerto-rico"],"_links":{"self":[{"href":"https:\/\/bobvarela.com\/index.php?rest_route=\/wp\/v2\/posts\/70429","targetHints":{"allow":["GET"]}}],"collection":[{"href":"https:\/\/bobvarela.com\/index.php?rest_route=\/wp\/v2\/posts"}],"about":[{"href":"https:\/\/bobvarela.com\/index.php?rest_route=\/wp\/v2\/types\/post"}],"author":[{"embeddable":true,"href":"https:\/\/bobvarela.com\/index.php?rest_route=\/wp\/v2\/users\/1"}],"replies":[{"embeddable":true,"href":"https:\/\/bobvarela.com\/index.php?rest_route=%2Fwp%2Fv2%2Fcomments&post=70429"}],"version-history":[{"count":2,"href":"https:\/\/bobvarela.com\/index.php?rest_route=\/wp\/v2\/posts\/70429\/revisions"}],"predecessor-version":[{"id":70431,"href":"https:\/\/bobvarela.com\/index.php?rest_route=\/wp\/v2\/posts\/70429\/revisions\/70431"}],"wp:attachment":[{"href":"https:\/\/bobvarela.com\/index.php?rest_route=%2Fwp%2Fv2%2Fmedia&parent=70429"}],"wp:term":[{"taxonomy":"category","embeddable":true,"href":"https:\/\/bobvarela.com\/index.php?rest_route=%2Fwp%2Fv2%2Fcategories&post=70429"},{"taxonomy":"post_tag","embeddable":true,"href":"https:\/\/bobvarela.com\/index.php?rest_route=%2Fwp%2Fv2%2Ftags&post=70429"}],"curies":[{"name":"wp","href":"https:\/\/api.w.org\/{rel}","templated":true}]}}