{"id":70570,"date":"2015-01-09T20:14:59","date_gmt":"2015-01-10T00:14:59","guid":{"rendered":"https:\/\/bobvarela.com\/?p=70570"},"modified":"2015-01-09T20:15:05","modified_gmt":"2015-01-10T00:15:05","slug":"ptima-fashion-trends-2014","status":"publish","type":"post","link":"https:\/\/bobvarela.com\/?p=70570","title":{"rendered":"&Oacute;ptima Fashion Trends 2014"},"content":{"rendered":"<p align=\"justify\"><font size=\"3\">El pasado domingo, 28 de diciembre se celebr\u00f3 el \u00d3ptima Fashion Trends for the Holidays, un nuevo evento que le da la oportunidad a las estudiantes de los talleres b\u00e1sicos, intermedios y avanzados de exponer su talento en pasarela presentando diversas propuestas de dise\u00f1adores y boutiques locales. El joven dise\u00f1ador Jos\u00e9 D\u00edaz, la dise\u00f1adora Patricia Rivera y los estudiantes de la Escuela Internacional de Dise\u00f1o y Arquitectura de la Universidad del Turabo de Barceloneta presentaron sus colecciones. La Boutique Galer\u00eda de Novios present\u00f3 una colecci\u00f3n como pre\u00e1mbulo a las tendencias que vendr\u00e1n en el 2015 para Prom, mientras que Unik Boutique mostr\u00f3 variados vestidos cortos y piezas casuales para toda ocasi\u00f3n.<\/font><\/p>\n<p align=\"justify\"><font size=\"3\">Como pre\u00e1mbulo al evento \u00d3ptima Runway 2015, el joven dise\u00f1ador Jos\u00e9 D\u00edaz present\u00f3 piezas de su nueva colecci\u00f3n Blossom. Encajes y exquisitas telas forman parte de esta propuesta en la que predominaron los tonos rosados, crema y rojo.<\/font><\/p>\n<p><span style=\"font-size: medium; font-family: verdana\">ngg_shortcode_0_placeholder<\/span><\/p>\n","protected":false},"excerpt":{"rendered":"<p>El pasado domingo, 28 de diciembre se celebr\u00f3 el \u00d3ptima Fashion Trends for the Holidays, un nuevo evento que le da la oportunidad a las estudiantes de los talleres b\u00e1sicos, intermedios y avanzados de exponer su talento en pasarela presentando&hellip;<\/p>\n<p class=\"more-link-p\"><a class=\"more-link\" href=\"https:\/\/bobvarela.com\/?p=70570\">Read more &rarr;<\/a><\/p>\n","protected":false},"author":1,"featured_media":0,"comment_status":"open","ping_status":"open","sticky":false,"template":"","format":"standard","meta":{"ngg_post_thumbnail":0,"footnotes":""},"categories":[4,295],"tags":[],"class_list":["post-70570","post","type-post","status-publish","format-standard","hentry","category-moda","category-puerto-rico"],"_links":{"self":[{"href":"https:\/\/bobvarela.com\/index.php?rest_route=\/wp\/v2\/posts\/70570","targetHints":{"allow":["GET"]}}],"collection":[{"href":"https:\/\/bobvarela.com\/index.php?rest_route=\/wp\/v2\/posts"}],"about":[{"href":"https:\/\/bobvarela.com\/index.php?rest_route=\/wp\/v2\/types\/post"}],"author":[{"embeddable":true,"href":"https:\/\/bobvarela.com\/index.php?rest_route=\/wp\/v2\/users\/1"}],"replies":[{"embeddable":true,"href":"https:\/\/bobvarela.com\/index.php?rest_route=%2Fwp%2Fv2%2Fcomments&post=70570"}],"version-history":[{"count":1,"href":"https:\/\/bobvarela.com\/index.php?rest_route=\/wp\/v2\/posts\/70570\/revisions"}],"predecessor-version":[{"id":70571,"href":"https:\/\/bobvarela.com\/index.php?rest_route=\/wp\/v2\/posts\/70570\/revisions\/70571"}],"wp:attachment":[{"href":"https:\/\/bobvarela.com\/index.php?rest_route=%2Fwp%2Fv2%2Fmedia&parent=70570"}],"wp:term":[{"taxonomy":"category","embeddable":true,"href":"https:\/\/bobvarela.com\/index.php?rest_route=%2Fwp%2Fv2%2Fcategories&post=70570"},{"taxonomy":"post_tag","embeddable":true,"href":"https:\/\/bobvarela.com\/index.php?rest_route=%2Fwp%2Fv2%2Ftags&post=70570"}],"curies":[{"name":"wp","href":"https:\/\/api.w.org\/{rel}","templated":true}]}}