{"id":70588,"date":"2015-01-14T19:11:26","date_gmt":"2015-01-14T23:11:26","guid":{"rendered":"https:\/\/bobvarela.com\/?p=70588"},"modified":"2015-01-14T19:11:27","modified_gmt":"2015-01-14T23:11:27","slug":"puertorriquea-firma-con-prestigiosa-agencia-en-panam","status":"publish","type":"post","link":"https:\/\/bobvarela.com\/?p=70588","title":{"rendered":"Puertorrique&ntilde;a firma con prestigiosa agencia en Panam&aacute;"},"content":{"rendered":"<p align=\"justify\"><font size=\"3\"><a href=\"https:\/\/bobvarela.com\/wp-content\/uploads\/2015\/01\/DSC5857-copy.jpg\"><img loading=\"lazy\" decoding=\"async\" title=\"_DSC5857 copy\" style=\"border-top: 0px; border-right: 0px; background-image: none; border-bottom: 0px; float: left; padding-top: 0px; padding-left: 0px; border-left: 0px; display: inline; padding-right: 0px\" border=\"0\" alt=\"_DSC5857 copy\" src=\"https:\/\/bobvarela.com\/wp-content\/uploads\/2015\/01\/DSC5857-copy_thumb.jpg\" width=\"147\" align=\"left\" height=\"242\" \/><\/a>La puertorrique\u00f1a Tabatha S\u00e1nchez Vel\u00e1zquez, de 19 a\u00f1os de edad y natural de Comer\u00edo, se enfrenta a un nuevo reto en el modelaje internacional. Y es que la joven obtuvo recientemente un contrato con la prestigiosa agencia paname\u00f1a Physical.<\/font><\/p>\n<p align=\"justify\"><font size=\"3\">S\u00e1nchez Vel\u00e1zquez, quien pertenece en Puerto Rico a la Agencia de Modelos \u00d3ptima, lleva dos a\u00f1os formando parte del Mercedes Benz Fashion Week Panam\u00e1. En esta plataforma la puertorrique\u00f1a ha modelado para prestigiosos dise\u00f1adores de la talla como Custo Barcelona, Renata Lozano, Kris Goyri, F\u00e1tima Arrieta, Ludovika Koch, Meskita, Pineda Coval\u00edn y Dmitry Sholokhov, ganador del Proyect Runway 2013. A su llegada a Panam\u00e1 la comerie\u00f1a llam\u00f3 la atenci\u00f3n por su look ex\u00f3tico y estilo diferente. Tan es as\u00ed, que recientemente hizo su primera portada para la importante revista paname\u00f1a M\u00eda, junto a la modelo boricua Denalyn Cotto.<\/font><\/p>\n<p align=\"justify\"><font size=\"3\"><a href=\"https:\/\/bobvarela.com\/wp-content\/uploads\/2015\/01\/DSC5845-2-copy.jpg\"><img loading=\"lazy\" decoding=\"async\" title=\"_DSC5845-2 copy\" style=\"border-top: 0px; border-right: 0px; background-image: none; border-bottom: 0px; float: left; padding-top: 0px; padding-left: 0px; border-left: 0px; display: inline; padding-right: 0px\" border=\"0\" alt=\"_DSC5845-2 copy\" src=\"https:\/\/bobvarela.com\/wp-content\/uploads\/2015\/01\/DSC5845-2-copy_thumb.jpg\" width=\"158\" align=\"left\" height=\"266\" \/><\/a>\u201cDesde hace dos a\u00f1os la Agencia de Modelos Physical le ha dado la oportunidad a modelos puertorrique\u00f1as como Tabatha para formar parte de sus prestigiosos eventos. Ella es la primera puertorrique\u00f1a que contratan y estamos muy contentos porque el mercado latinoamericano est\u00e1 creciendo a pasos agigantados y sabemos que esta ser\u00e1 una gran oportunidad para que ella inicie una s\u00f3lida carrera a nivel internacional\u201d, expres\u00f3 Yarimar Marrero, quien ha estado a cargo de la preparaci\u00f3n y el desarrollo de la joven desde hace 5 a\u00f1os. <\/font><\/p>\n<p align=\"justify\"><font size=\"3\">En su carrera como modelo, la joven se ha destacado en pasarelas como el Puerto Rico High Fashion Week y el San Juan Moda. En estos eventos ha modelado para importantes dise\u00f1adores como Gustavo Arango, Jaer Cab\u00e1n, Jos\u00e9 Ra\u00fal, Ver\u00f3nika Pag\u00e1n, Joseph Da\u2019 Aponte, Reynaldo Jos\u00e9, Kelvin Giovannie, entre otros. <\/font><\/p>\n<p align=\"justify\"><font size=\"3\"><a href=\"https:\/\/bobvarela.com\/wp-content\/uploads\/2015\/01\/PORTADA-REVISTA-PANAMENA.jpg\"><img loading=\"lazy\" decoding=\"async\" title=\"PORTADA REVISTA PANAMENA\" style=\"border-top: 0px; border-right: 0px; background-image: none; border-bottom: 0px; float: right; padding-top: 0px; padding-left: 0px; border-left: 0px; display: inline; padding-right: 0px\" border=\"0\" alt=\"PORTADA REVISTA PANAMENA\" src=\"https:\/\/bobvarela.com\/wp-content\/uploads\/2015\/01\/PORTADA-REVISTA-PANAMENA_thumb.jpg\" width=\"159\" align=\"right\" height=\"268\" \/><\/a>Su ex\u00f3tico rostro y estilizada figura se ha visto en comerciales de televisi\u00f3n, campa\u00f1as y en portadas y editoriales en el pa\u00eds como Vanidades, Caras, Imagen, Esposa Moderna, El Nuevo D\u00eda y Primera Hora. Adem\u00e1s de participar del Mercedes Benz Fashion Week, la joven ha formado parte de la Semana de la Moda en Nueva York y el Virginia Fashion Week 2012. <\/font><\/p>\n<p align=\"justify\"><font size=\"3\">\u201cLa disciplina, disposici\u00f3n, compromiso, dedicaci\u00f3n y paciencia han sido clave en el desarrollo de Tabatha\u201d, indico Marrero. Seg\u00fan la propietaria de \u00d3ptima, la puertorrique\u00f1a estar\u00e1 varios meses en Ciudad de Panam\u00e1. Posteriormente, la joven interesa lanzarse al mercado de Nueva York o Europa. Aunque tambi\u00e9n ha recibido acercamientos de una agencia en M\u00e9xico. La modelo llegar\u00e1 a Panam\u00e1 en febrero donde le esperan trabajos para revistas y castings para importantes marcas.<\/font><a name=\"_GoBack\"><\/a><\/p>\n<p align=\"justify\"><font size=\"3\">Para la puertorrique\u00f1a su modelo a seguir es Joan Smalls, quien fue en busca de nuevas oportunidades fuera del pa\u00eds hasta convertirse, hoy d\u00eda, en una top model internacional.<\/font><\/p>\n","protected":false},"excerpt":{"rendered":"<p>La puertorrique\u00f1a Tabatha S\u00e1nchez Vel\u00e1zquez, de 19 a\u00f1os de edad y natural de Comer\u00edo, se enfrenta a un nuevo reto en el modelaje internacional. Y es que la joven obtuvo recientemente un contrato con la prestigiosa agencia paname\u00f1a Physical. S\u00e1nchez&hellip;<\/p>\n<p class=\"more-link-p\"><a class=\"more-link\" href=\"https:\/\/bobvarela.com\/?p=70588\">Read more &rarr;<\/a><\/p>\n","protected":false},"author":1,"featured_media":0,"comment_status":"open","ping_status":"open","sticky":false,"template":"","format":"standard","meta":{"ngg_post_thumbnail":0,"footnotes":""},"categories":[4,480,295],"tags":[],"class_list":["post-70588","post","type-post","status-publish","format-standard","hentry","category-moda","category-panama","category-puerto-rico"],"_links":{"self":[{"href":"https:\/\/bobvarela.com\/index.php?rest_route=\/wp\/v2\/posts\/70588","targetHints":{"allow":["GET"]}}],"collection":[{"href":"https:\/\/bobvarela.com\/index.php?rest_route=\/wp\/v2\/posts"}],"about":[{"href":"https:\/\/bobvarela.com\/index.php?rest_route=\/wp\/v2\/types\/post"}],"author":[{"embeddable":true,"href":"https:\/\/bobvarela.com\/index.php?rest_route=\/wp\/v2\/users\/1"}],"replies":[{"embeddable":true,"href":"https:\/\/bobvarela.com\/index.php?rest_route=%2Fwp%2Fv2%2Fcomments&post=70588"}],"version-history":[{"count":1,"href":"https:\/\/bobvarela.com\/index.php?rest_route=\/wp\/v2\/posts\/70588\/revisions"}],"predecessor-version":[{"id":70589,"href":"https:\/\/bobvarela.com\/index.php?rest_route=\/wp\/v2\/posts\/70588\/revisions\/70589"}],"wp:attachment":[{"href":"https:\/\/bobvarela.com\/index.php?rest_route=%2Fwp%2Fv2%2Fmedia&parent=70588"}],"wp:term":[{"taxonomy":"category","embeddable":true,"href":"https:\/\/bobvarela.com\/index.php?rest_route=%2Fwp%2Fv2%2Fcategories&post=70588"},{"taxonomy":"post_tag","embeddable":true,"href":"https:\/\/bobvarela.com\/index.php?rest_route=%2Fwp%2Fv2%2Ftags&post=70588"}],"curies":[{"name":"wp","href":"https:\/\/api.w.org\/{rel}","templated":true}]}}