{"id":70824,"date":"2015-01-29T17:26:22","date_gmt":"2015-01-29T21:26:22","guid":{"rendered":"https:\/\/bobvarela.com\/?p=70824"},"modified":"2015-01-29T17:26:23","modified_gmt":"2015-01-29T21:26:23","slug":"une-jencarlos-canela-su-talento-al-de-eva-longoria-en-la-serie-de-nbc-tv-titulada-telenovela","status":"publish","type":"post","link":"https:\/\/bobvarela.com\/?p=70824","title":{"rendered":"Une Jencarlos Canela su talento al de Eva Longoria en la serie de NBC-TV titulada &#8216;Telenovela&#8217;"},"content":{"rendered":"<p align=\"center\"><a href=\"https:\/\/bobvarela.com\/wp-content\/uploads\/2015\/01\/9f1c3492-fb44-4118-9d2b-750ffc3fffe6.jpg\"><img loading=\"lazy\" decoding=\"async\" title=\"9f1c3492-fb44-4118-9d2b-750ffc3fffe6\" style=\"border-top: 0px; border-right: 0px; background-image: none; border-bottom: 0px; padding-top: 0px; padding-left: 0px; border-left: 0px; display: inline; padding-right: 0px\" border=\"0\" alt=\"9f1c3492-fb44-4118-9d2b-750ffc3fffe6\" src=\"https:\/\/bobvarela.com\/wp-content\/uploads\/2015\/01\/9f1c3492-fb44-4118-9d2b-750ffc3fffe6_thumb.jpg\" width=\"194\" height=\"272\" \/><\/a><\/p>\n<p align=\"justify\"><font size=\"3\">Oficialmente se ha confirmado que <strong>Jencarlos Canela<\/strong>, artista afiliado de <strong>SESAC Latina<\/strong> y exclusivo de Universal Music, se incorpora al elenco internacional de grandes estrellas de la serie <strong>&#8216;Telenovela&#8217;<\/strong> protagonizada por la famosa actriz de origen latino<strong> Eva Longoria<\/strong>.&#160; <\/font><\/p>\n<p align=\"justify\"><font size=\"3\">Compositor, cantante, productor y actor, el multifac\u00e9tico <strong>Jencarlos<\/strong> har\u00e1 frente a las c\u00e1maras el papel protag\u00f3nico de <em>Xavier<\/em>, un personaje a quien la prensa estadounidense caracteriza como un <em>&quot;s\u00faper astro&quot;<\/em> y un apuesto gal\u00e1n latino.&#160;&#160; <\/font><\/p>\n<p align=\"justify\"><font size=\"3\"><em>&quot;Estoy enamorado de este proyecto, una comedia innovadora, un sue\u00f1o hecho realidad el poder hacer lo que amas y con las personas que m\u00e1s admiras. Les doy las gracias a <strong>NBC<\/strong>, y a<strong> Eva Longoria<\/strong> por esta increible oportunidad&quot;<\/em>, expres\u00f3 <strong>Jencarlos<\/strong>.<\/font><\/p>\n<p align=\"justify\"><font size=\"3\"><strong>Eva Longoria<\/strong>, protagonista y co-productora ejecutiva de la serie, invit\u00f3 a <strong>Jencarlos Canela<\/strong> considerando su versatilidad como cantante y actor ya que el personaje lo requiere y, adem\u00e1s, el hecho de que en la vida real tiene la dimensi\u00f3n de un gran artista, sobre todo en su faceta musical.&#160;&#160; <\/font><\/p>\n<p align=\"justify\"><font size=\"3\">Seg\u00fan <em>The Hollywood Reporter<\/em>, publicaci\u00f3n norteamericana especializada en espect\u00e1culos, la serie a transmitirse por la cadena <em>NBC<\/em> explora el esfuerzo de una actriz, la m\u00e1s querida de Am\u00e9rica Latina, representada por <strong>Eva Longoria<\/strong>, quien procura mantenerse en la cima de la popularidad.<\/font><\/p>\n<p align=\"justify\"><font size=\"3\">La participaci\u00f3n de <strong>Jencarlos Canela<\/strong> en esta serie en ingl\u00e9s es un gran paso en su carrera ya que en esta forma inicia su definitivo <em>&#8216;crossover&#8217;<\/em> al mercado anglo, donde a su fama de gal\u00e1n ahora suma el aporte de su m\u00fasica, \u00e1mbito en que actualmente promueve su \u00e1lbum<strong><em> &quot;Jen&quot;,<\/em><\/strong> un lanzamiento de Universal Music.&#160; <\/font><\/p>\n","protected":false},"excerpt":{"rendered":"<p>Oficialmente se ha confirmado que Jencarlos Canela, artista afiliado de SESAC Latina y exclusivo de Universal Music, se incorpora al elenco internacional de grandes estrellas de la serie &#8216;Telenovela&#8217; protagonizada por la famosa actriz de origen latino Eva Longoria.&#160; Compositor,&hellip;<\/p>\n<p class=\"more-link-p\"><a class=\"more-link\" href=\"https:\/\/bobvarela.com\/?p=70824\">Read more &rarr;<\/a><\/p>\n","protected":false},"author":1,"featured_media":0,"comment_status":"open","ping_status":"open","sticky":false,"template":"","format":"standard","meta":{"ngg_post_thumbnail":0,"footnotes":""},"categories":[3,127],"tags":[],"class_list":["post-70824","post","type-post","status-publish","format-standard","hentry","category-actividades","category-musica"],"_links":{"self":[{"href":"https:\/\/bobvarela.com\/index.php?rest_route=\/wp\/v2\/posts\/70824","targetHints":{"allow":["GET"]}}],"collection":[{"href":"https:\/\/bobvarela.com\/index.php?rest_route=\/wp\/v2\/posts"}],"about":[{"href":"https:\/\/bobvarela.com\/index.php?rest_route=\/wp\/v2\/types\/post"}],"author":[{"embeddable":true,"href":"https:\/\/bobvarela.com\/index.php?rest_route=\/wp\/v2\/users\/1"}],"replies":[{"embeddable":true,"href":"https:\/\/bobvarela.com\/index.php?rest_route=%2Fwp%2Fv2%2Fcomments&post=70824"}],"version-history":[{"count":1,"href":"https:\/\/bobvarela.com\/index.php?rest_route=\/wp\/v2\/posts\/70824\/revisions"}],"predecessor-version":[{"id":70825,"href":"https:\/\/bobvarela.com\/index.php?rest_route=\/wp\/v2\/posts\/70824\/revisions\/70825"}],"wp:attachment":[{"href":"https:\/\/bobvarela.com\/index.php?rest_route=%2Fwp%2Fv2%2Fmedia&parent=70824"}],"wp:term":[{"taxonomy":"category","embeddable":true,"href":"https:\/\/bobvarela.com\/index.php?rest_route=%2Fwp%2Fv2%2Fcategories&post=70824"},{"taxonomy":"post_tag","embeddable":true,"href":"https:\/\/bobvarela.com\/index.php?rest_route=%2Fwp%2Fv2%2Ftags&post=70824"}],"curies":[{"name":"wp","href":"https:\/\/api.w.org\/{rel}","templated":true}]}}