{"id":70832,"date":"2015-01-29T18:15:43","date_gmt":"2015-01-29T22:15:43","guid":{"rendered":"https:\/\/bobvarela.com\/?p=70832"},"modified":"2015-01-29T18:17:52","modified_gmt":"2015-01-29T22:17:52","slug":"reina-teen-de-puerto-rico-rumbo-a-guatemala-tras-el-titulo-de-mesoamerica-universe","status":"publish","type":"post","link":"https:\/\/bobvarela.com\/?p=70832","title":{"rendered":"Realeza de Puerto Rico rumbo a Guatemala tras los t&iacute;tulos de Mesoamerica Universe"},"content":{"rendered":"<p align=\"justify\"><font size=\"3\"><a href=\"https:\/\/bobvarela.com\/wp-content\/uploads\/2015\/01\/MG_2579.jpg\"><img loading=\"lazy\" decoding=\"async\" title=\"_MG_2579\" style=\"border-top: 0px; border-right: 0px; background-image: none; border-bottom: 0px; float: left; padding-top: 0px; padding-left: 0px; border-left: 0px; display: inline; padding-right: 0px\" border=\"0\" alt=\"_MG_2579\" src=\"https:\/\/bobvarela.com\/wp-content\/uploads\/2015\/01\/MG_2579_thumb.jpg\" width=\"172\" align=\"left\" height=\"273\" \/><\/a>Todo listo para que Puerto Rico este bien representado en la cuarta edici\u00f3n del Festival de Belleza Mesoam\u00e9rica Universe que se celebrar\u00e1 del 4 al 9 de febrero en Guatemala. Este escenario es uno muy importante para nuestra isla ya que han sido varios los puertorrique\u00f1os que han logrado triunfar y conquistar premios en pasadas ediciones.<\/font><\/p>\n<p align=\"justify\"><font size=\"3\">Este a\u00f1o Paulette Braffett, actual Miss Teen Model Puerto Rico ser\u00e1 la encargada de competir por la corona de Miss Teen Mesoam\u00e9rica Universe, t\u00edtulo que obtuvo anteriormente Lleyrimar Santos en el 2013. Paulette cuenta con 19 a\u00f1os y es estudiante de Biolog\u00eda en la UPR de Carolina. Para la competencia la reina lucir\u00e1 un ajuar completo y traje t\u00edpico preparado por el reconocido dise\u00f1ador Juan Col\u00f3n quien tambi\u00e9n acompa\u00f1ar\u00e1 a la beldad durante la competencia.<\/font><\/p>\n<p align=\"center\"><a href=\"https:\/\/bobvarela.com\/wp-content\/uploads\/2015\/01\/image4.jpg\"><img loading=\"lazy\" decoding=\"async\" title=\"image4\" style=\"border-top: 0px; border-right: 0px; background-image: none; border-bottom: 0px; padding-top: 0px; padding-left: 0px; border-left: 0px; display: inline; padding-right: 0px\" border=\"0\" alt=\"image4\" src=\"https:\/\/bobvarela.com\/wp-content\/uploads\/2015\/01\/image4_thumb.jpg\" width=\"219\" height=\"282\" \/><\/a><a href=\"https:\/\/bobvarela.com\/wp-content\/uploads\/2015\/01\/MG_2533_sinlampara.jpg\"><img loading=\"lazy\" decoding=\"async\" title=\"_MG_2533_sinlampara\" style=\"border-top: 0px; border-right: 0px; background-image: none; border-bottom: 0px; padding-top: 0px; padding-left: 0px; border-left: 0px; display: inline; padding-right: 0px\" border=\"0\" alt=\"_MG_2533_sinlampara\" src=\"https:\/\/bobvarela.com\/wp-content\/uploads\/2015\/01\/MG_2533_sinlampara_thumb.jpg\" width=\"203\" height=\"274\" \/><\/a><\/p>\n<p align=\"justify\"><font size=\"3\"><b><i>\u201cHan sido unas semanas bien intensas desde mi triunfo como Miss Teen Model Puerto Rico. He estado inmersa en la preparaci\u00f3n para lograr un buen papel dentro de la competencia internacional. Estoy feliz con esta primera encomienda que me ha dado la organizaci\u00f3n y contenta de contar con el apoyo de mis padres\u201d<\/i><\/b> afirma Braffett quien afin\u00f3 detalles de su pasarela y dicci\u00f3n con miras a obtener la corona internacional.<\/font> <\/p>\n<p align=\"justify\"><font size=\"3\">Por otro lado el actual Mr Puerto Rico Teenager, Oziel Otero ser\u00e1 el primer puertorrique\u00f1o en competir por la banda del Mr Teen Mesoam\u00e9rica ya que anteriormente Puerto Rico no hab\u00eda tenido representaci\u00f3n en esta categor\u00eda. Oziel quien es estudiante de Ingenier\u00eda y cuenta con 18 a\u00f1os llevar\u00e1 un ajuar de Raffinato, trajes de ba\u00f1o de Bliyi y un vestido t\u00edpico creaci\u00f3n de Andy Padilla para la competencia que tomar\u00e1 lugar en el majestuoso Westin Camino Real de la capital guatemalteca.<\/font><\/p>\n<p align=\"justify\"><font size=\"3\">\u201c<b><i>Es una gran responsabilidad el poder llevar el nombre de la juventud de Puerto Rico a un escenario como este. Estoy consciente de que me voy a medir con excelentes candidatos internacionales y por eso me he estado preparando fuerte desde mi triunfo en abril del pasado a\u00f1o. Quiero resaltar el carisma y la energ\u00eda de nosotros los puertorrique\u00f1os y traer uno de los t\u00edtulos para mi pa\u00eds\u201d<\/i><\/b> afirma el actual Mr Puerto Rico Teenager quien en abril pr\u00f3ximo estar\u00e1 titulando al nuevo rey juvenil de Puerto Rico en la decimosexta edici\u00f3n del certamen Misters of Puerto Rico.<\/font><\/p>\n<p align=\"justify\"><font size=\"3\">En la categor\u00eda de Mr Mesoam\u00e9rica Universe nuestra isla ha logrado sobresalir incluso logrando un \u201cBack to Back\u201d con Marcos Merced (2012) y Javier D\u00edaz (2013). Este a\u00f1o el turno es para \u00c1ngel Zayas actual Mr Latin Model Puerto Rico quien se enfrentar\u00e1 a otros delegados de diferentes partes de Latinoam\u00e9rica en la contienda en la que el costarricense Alejandro Badilla titular\u00e1 al nuevo rey internacional.<\/font> <\/p>\n<p>Fotos    <br \/>Artistic Box<\/p>\n","protected":false},"excerpt":{"rendered":"<p>Todo listo para que Puerto Rico este bien representado en la cuarta edici\u00f3n del Festival de Belleza Mesoam\u00e9rica Universe que se celebrar\u00e1 del 4 al 9 de febrero en Guatemala. Este escenario es uno muy importante para nuestra isla ya&hellip;<\/p>\n<p class=\"more-link-p\"><a class=\"more-link\" href=\"https:\/\/bobvarela.com\/?p=70832\">Read more &rarr;<\/a><\/p>\n","protected":false},"author":1,"featured_media":0,"comment_status":"open","ping_status":"open","sticky":false,"template":"","format":"standard","meta":{"ngg_post_thumbnail":0,"footnotes":""},"categories":[5],"tags":[],"class_list":["post-70832","post","type-post","status-publish","format-standard","hentry","category-concursos"],"_links":{"self":[{"href":"https:\/\/bobvarela.com\/index.php?rest_route=\/wp\/v2\/posts\/70832","targetHints":{"allow":["GET"]}}],"collection":[{"href":"https:\/\/bobvarela.com\/index.php?rest_route=\/wp\/v2\/posts"}],"about":[{"href":"https:\/\/bobvarela.com\/index.php?rest_route=\/wp\/v2\/types\/post"}],"author":[{"embeddable":true,"href":"https:\/\/bobvarela.com\/index.php?rest_route=\/wp\/v2\/users\/1"}],"replies":[{"embeddable":true,"href":"https:\/\/bobvarela.com\/index.php?rest_route=%2Fwp%2Fv2%2Fcomments&post=70832"}],"version-history":[{"count":2,"href":"https:\/\/bobvarela.com\/index.php?rest_route=\/wp\/v2\/posts\/70832\/revisions"}],"predecessor-version":[{"id":70834,"href":"https:\/\/bobvarela.com\/index.php?rest_route=\/wp\/v2\/posts\/70832\/revisions\/70834"}],"wp:attachment":[{"href":"https:\/\/bobvarela.com\/index.php?rest_route=%2Fwp%2Fv2%2Fmedia&parent=70832"}],"wp:term":[{"taxonomy":"category","embeddable":true,"href":"https:\/\/bobvarela.com\/index.php?rest_route=%2Fwp%2Fv2%2Fcategories&post=70832"},{"taxonomy":"post_tag","embeddable":true,"href":"https:\/\/bobvarela.com\/index.php?rest_route=%2Fwp%2Fv2%2Ftags&post=70832"}],"curies":[{"name":"wp","href":"https:\/\/api.w.org\/{rel}","templated":true}]}}