{"id":71296,"date":"2015-02-02T21:02:42","date_gmt":"2015-02-03T01:02:42","guid":{"rendered":"https:\/\/bobvarela.com\/?p=71296"},"modified":"2015-02-03T07:27:02","modified_gmt":"2015-02-03T11:27:02","slug":"mango-desfile-primavera-verano-2015-en-el-080-barcelona","status":"publish","type":"post","link":"https:\/\/bobvarela.com\/?p=71296","title":{"rendered":"Mango desfile primavera-verano 2015 en el 080 Barcelona"},"content":{"rendered":"<p align=\"center\"><font size=\"3\"><a href=\"https:\/\/bobvarela.com\/wp-content\/uploads\/2015\/02\/Mango-105.jpg\"><img loading=\"lazy\" decoding=\"async\" title=\"080 Barcelona Fall\/Winter 2015-2016\" style=\"border-left-width: 0px; border-right-width: 0px; background-image: none; border-bottom-width: 0px; padding-top: 0px; padding-left: 0px; display: inline; padding-right: 0px; border-top-width: 0px\" border=\"0\" alt=\"080 Barcelona Fall\/Winter 2015-2016\" src=\"https:\/\/bobvarela.com\/wp-content\/uploads\/2015\/02\/Mango-105_thumb.jpg\" width=\"432\" height=\"223\" \/><\/a><\/font><\/p>\n<p align=\"justify\"><font size=\"3\">Elegante, joven y con mucho estilo. Las prendas de la colecci\u00f3n primavera\/verano 2015 evocan el estilo m\u00e1s hippy de los a\u00f1os 70. Puntas, bordados, gasas, piel girada y tejidos vaporosos visten la mayor\u00eda de los modelos. Un esp\u00edritu libre que luce vestidos y faldas largas, minivestidos, ponchos, quimonos lisos y estampados. La colecci\u00f3n irradia feminidad y un sabor bohemio con una paleta de colores suaves, entre los cuales destacan blancos y crudos con toques tabaco.<\/font><\/p>\n<div class=\"flagallery photomania_skin\" id=\"FlaGallery_sc1_256\" ><style type=\"text\/css\" class=\"flagallery_skin_style_import\">#FlaGallery_sc1_256 .flagpm_preload {opacity:0;}#FlaGallery_sc1_256 .swiper-big-images img.flagpm_the_photo { max-height:100%; max-width:100%; display:inline; width:auto; height:auto !important; object-fit:unset; vertical-align:middle; border:none; }#FlaGallery_sc1_256 .flagpm_focus .swiper-big-images img.flagpm_the_photo { width:auto; height:auto; object-fit:unset; }#FlaGallery_sc1_256 .swiper-small-images img.flagpm_photo { max-width:none; max-height:none; }#FlaGallery_sc1_256 .swiper-small-images img.flagpm_photo.flagpm_photo_landscape { width:auto; height:100% !important; }#FlaGallery_sc1_256 .swiper-small-images img.flagpm_photo.flagpm_photo_portrait { width:100%; height:auto !important; }#FlaGallery_sc1_256 .flagpm_gallery_sources_list p { margin:7px 0; padding:0; font-size:inherit; }#FlaGallery_sc1_256 .flagpm_photo_details .flagpm_description_wrap a,#FlaGallery_sc1_256 .flagpm_big_button_wrap .flagpm_button.flagpm_like.flagpm_liked,#FlaGallery_sc1_256 .flagpm_big_button_wrap .flagpm_button.flagpm_like.flagpm_liked:hover {color:#0099e5;}#FlaGallery_sc1_256 .flagpm_photo_show .flagpm_big_button {background-color:#0099e5;}#FlaGallery_sc1_256 .swiper-small-images div.flagpm_photo.swiper-slide-active {border-color:#02adea;}#FlaGallery_sc1_256 .flagpm_photo_header .flagpm_name_wrap .flagpm_title_author a:hover,#FlaGallery_sc1_256 .flagpm_photo_details .flagpm_description_wrap a:hover {color:#02adea;}#FlaGallery_sc1_256 .flagpm_photo_show .flagpm_big_button:hover,#FlaGallery_sc1_256 .flagpm_focus_actions ul .flagpm_button.like.flagpm_liked {background-color:#02adea;}<\/style> <div class=\"flagpm_photo_show flagpm_w960 flagpm_w640 flagpm_w480 flagpm_preload\"> <div class=\"flagpm_photo_wrap has_prev_photo has_next_photo\"> <div class=\"swiper-container swiper-big-images\"> <div class=\"flagpm_photo_arrow_next flagpm_photo_arrow flagpm_next\"> <div title=\"Next\" class=\"flagpm_arrow\"><\/div> <\/div> <div class=\"flagpm_photo_arrow_previous flagpm_photo_arrow flagpm_prev\"> <div title=\"Previous\" class=\"flagpm_arrow\"><\/div> <\/div> <div class=\"swiper-wrapper\"><div class=\"swiper-slide\" data-hash=\"flagallery18476\" data-photo-id=\"18476\"><span class=\"flagpm_va\"><\/span><img decoding=\"async\" src=\"https:\/\/bobvarela.com\/wp-content\/flagallery\/mango-desfile-primavera-verano-2015-en-el-080-barcelona\/webview\/mango-001.jpg\" data-src=\"https:\/\/bobvarela.com\/wp-content\/flagallery\/mango-desfile-primavera-verano-2015-en-el-080-barcelona\/webview\/mango-001.jpg\" alt=\"080 Barcelona Fall\/Winter 2015-2016\" class=\"noLazy flagpm_the_photo swiper-lazy\"><div class=\"swiper-lazy-preloader swiper-lazy-preloader-black\"><\/div><\/div><div class=\"swiper-slide\" data-hash=\"flagallery18477\" data-photo-id=\"18477\"><span class=\"flagpm_va\"><\/span><img data-src=\"https:\/\/bobvarela.com\/wp-content\/flagallery\/mango-desfile-primavera-verano-2015-en-el-080-barcelona\/webview\/mango-002.jpg\" alt=\"080 Barcelona Fall\/Winter 2015-2016\" class=\"noLazy flagpm_the_photo swiper-lazy\"><div class=\"swiper-lazy-preloader swiper-lazy-preloader-black\"><\/div><\/div><div class=\"swiper-slide\" data-hash=\"flagallery18478\" data-photo-id=\"18478\"><span class=\"flagpm_va\"><\/span><img data-src=\"https:\/\/bobvarela.com\/wp-content\/flagallery\/mango-desfile-primavera-verano-2015-en-el-080-barcelona\/webview\/mango-003.jpg\" alt=\"080 Barcelona Fall\/Winter 2015-2016\" class=\"noLazy flagpm_the_photo swiper-lazy\"><div class=\"swiper-lazy-preloader swiper-lazy-preloader-black\"><\/div><\/div><div class=\"swiper-slide\" data-hash=\"flagallery18479\" data-photo-id=\"18479\"><span class=\"flagpm_va\"><\/span><img data-src=\"https:\/\/bobvarela.com\/wp-content\/flagallery\/mango-desfile-primavera-verano-2015-en-el-080-barcelona\/webview\/mango-004.jpg\" alt=\"080 Barcelona Fall\/Winter 2015-2016\" class=\"noLazy flagpm_the_photo swiper-lazy\"><div class=\"swiper-lazy-preloader swiper-lazy-preloader-black\"><\/div><\/div><div class=\"swiper-slide\" data-hash=\"flagallery18480\" data-photo-id=\"18480\"><span class=\"flagpm_va\"><\/span><img data-src=\"https:\/\/bobvarela.com\/wp-content\/flagallery\/mango-desfile-primavera-verano-2015-en-el-080-barcelona\/webview\/mango-005.jpg\" alt=\"080 Barcelona Fall\/Winter 2015-2016\" class=\"noLazy flagpm_the_photo swiper-lazy\"><div class=\"swiper-lazy-preloader swiper-lazy-preloader-black\"><\/div><\/div><div class=\"swiper-slide\" data-hash=\"flagallery18481\" data-photo-id=\"18481\"><span class=\"flagpm_va\"><\/span><img data-src=\"https:\/\/bobvarela.com\/wp-content\/flagallery\/mango-desfile-primavera-verano-2015-en-el-080-barcelona\/webview\/mango-006.jpg\" alt=\"080 Barcelona Fall\/Winter 2015-2016\" class=\"noLazy flagpm_the_photo swiper-lazy\"><div class=\"swiper-lazy-preloader swiper-lazy-preloader-black\"><\/div><\/div><div class=\"swiper-slide\" data-hash=\"flagallery18482\" data-photo-id=\"18482\"><span class=\"flagpm_va\"><\/span><img data-src=\"https:\/\/bobvarela.com\/wp-content\/flagallery\/mango-desfile-primavera-verano-2015-en-el-080-barcelona\/webview\/mango-007.jpg\" alt=\"080 Barcelona Fall\/Winter 2015-2016\" class=\"noLazy flagpm_the_photo swiper-lazy\"><div class=\"swiper-lazy-preloader swiper-lazy-preloader-black\"><\/div><\/div><div class=\"swiper-slide\" data-hash=\"flagallery18483\" data-photo-id=\"18483\"><span class=\"flagpm_va\"><\/span><img data-src=\"https:\/\/bobvarela.com\/wp-content\/flagallery\/mango-desfile-primavera-verano-2015-en-el-080-barcelona\/webview\/mango-008.jpg\" alt=\"080 Barcelona Fall\/Winter 2015-2016\" class=\"noLazy flagpm_the_photo swiper-lazy\"><div class=\"swiper-lazy-preloader swiper-lazy-preloader-black\"><\/div><\/div><div class=\"swiper-slide\" data-hash=\"flagallery18484\" data-photo-id=\"18484\"><span class=\"flagpm_va\"><\/span><img data-src=\"https:\/\/bobvarela.com\/wp-content\/flagallery\/mango-desfile-primavera-verano-2015-en-el-080-barcelona\/webview\/mango-009.jpg\" alt=\"080 Barcelona Fall\/Winter 2015-2016\" class=\"noLazy flagpm_the_photo swiper-lazy\"><div class=\"swiper-lazy-preloader swiper-lazy-preloader-black\"><\/div><\/div><div class=\"swiper-slide\" data-hash=\"flagallery18485\" data-photo-id=\"18485\"><span class=\"flagpm_va\"><\/span><img data-src=\"https:\/\/bobvarela.com\/wp-content\/flagallery\/mango-desfile-primavera-verano-2015-en-el-080-barcelona\/webview\/mango-010.jpg\" alt=\"080 Barcelona Fall\/Winter 2015-2016\" class=\"noLazy flagpm_the_photo swiper-lazy\"><div class=\"swiper-lazy-preloader swiper-lazy-preloader-black\"><\/div><\/div><div class=\"swiper-slide\" data-hash=\"flagallery18486\" data-photo-id=\"18486\"><span class=\"flagpm_va\"><\/span><img data-src=\"https:\/\/bobvarela.com\/wp-content\/flagallery\/mango-desfile-primavera-verano-2015-en-el-080-barcelona\/webview\/mango-011.jpg\" alt=\"080 Barcelona Fall\/Winter 2015-2016\" class=\"noLazy flagpm_the_photo swiper-lazy\"><div class=\"swiper-lazy-preloader swiper-lazy-preloader-black\"><\/div><\/div><div class=\"swiper-slide\" data-hash=\"flagallery18487\" data-photo-id=\"18487\"><span class=\"flagpm_va\"><\/span><img data-src=\"https:\/\/bobvarela.com\/wp-content\/flagallery\/mango-desfile-primavera-verano-2015-en-el-080-barcelona\/webview\/mango-012.jpg\" alt=\"080 Barcelona Fall\/Winter 2015-2016\" class=\"noLazy flagpm_the_photo swiper-lazy\"><div class=\"swiper-lazy-preloader swiper-lazy-preloader-black\"><\/div><\/div><div class=\"swiper-slide\" data-hash=\"flagallery18488\" data-photo-id=\"18488\"><span class=\"flagpm_va\"><\/span><img data-src=\"https:\/\/bobvarela.com\/wp-content\/flagallery\/mango-desfile-primavera-verano-2015-en-el-080-barcelona\/webview\/mango-013.jpg\" alt=\"080 Barcelona Fall\/Winter 2015-2016\" class=\"noLazy flagpm_the_photo swiper-lazy\"><div class=\"swiper-lazy-preloader swiper-lazy-preloader-black\"><\/div><\/div><div class=\"swiper-slide\" data-hash=\"flagallery18489\" data-photo-id=\"18489\"><span class=\"flagpm_va\"><\/span><img data-src=\"https:\/\/bobvarela.com\/wp-content\/flagallery\/mango-desfile-primavera-verano-2015-en-el-080-barcelona\/webview\/mango-015.jpg\" alt=\"080 Barcelona Fall\/Winter 2015-2016\" class=\"noLazy flagpm_the_photo swiper-lazy\"><div class=\"swiper-lazy-preloader swiper-lazy-preloader-black\"><\/div><\/div><div class=\"swiper-slide\" data-hash=\"flagallery18490\" data-photo-id=\"18490\"><span class=\"flagpm_va\"><\/span><img data-src=\"https:\/\/bobvarela.com\/wp-content\/flagallery\/mango-desfile-primavera-verano-2015-en-el-080-barcelona\/webview\/mango-016.jpg\" alt=\"080 Barcelona Fall\/Winter 2015-2016\" class=\"noLazy flagpm_the_photo swiper-lazy\"><div class=\"swiper-lazy-preloader swiper-lazy-preloader-black\"><\/div><\/div><div class=\"swiper-slide\" data-hash=\"flagallery18491\" data-photo-id=\"18491\"><span class=\"flagpm_va\"><\/span><img data-src=\"https:\/\/bobvarela.com\/wp-content\/flagallery\/mango-desfile-primavera-verano-2015-en-el-080-barcelona\/webview\/mango-017.jpg\" alt=\"080 Barcelona Fall\/Winter 2015-2016\" class=\"noLazy flagpm_the_photo swiper-lazy\"><div class=\"swiper-lazy-preloader swiper-lazy-preloader-black\"><\/div><\/div><div class=\"swiper-slide\" data-hash=\"flagallery18492\" data-photo-id=\"18492\"><span class=\"flagpm_va\"><\/span><img data-src=\"https:\/\/bobvarela.com\/wp-content\/flagallery\/mango-desfile-primavera-verano-2015-en-el-080-barcelona\/webview\/mango-018.jpg\" alt=\"080 Barcelona Fall\/Winter 2015-2016\" class=\"noLazy flagpm_the_photo swiper-lazy\"><div class=\"swiper-lazy-preloader swiper-lazy-preloader-black\"><\/div><\/div><div class=\"swiper-slide\" data-hash=\"flagallery18493\" data-photo-id=\"18493\"><span class=\"flagpm_va\"><\/span><img data-src=\"https:\/\/bobvarela.com\/wp-content\/flagallery\/mango-desfile-primavera-verano-2015-en-el-080-barcelona\/webview\/mango-019.jpg\" alt=\"080 Barcelona Fall\/Winter 2015-2016\" class=\"noLazy flagpm_the_photo swiper-lazy\"><div class=\"swiper-lazy-preloader swiper-lazy-preloader-black\"><\/div><\/div><div class=\"swiper-slide\" data-hash=\"flagallery18494\" data-photo-id=\"18494\"><span class=\"flagpm_va\"><\/span><img data-src=\"https:\/\/bobvarela.com\/wp-content\/flagallery\/mango-desfile-primavera-verano-2015-en-el-080-barcelona\/webview\/mango-020.jpg\" alt=\"080 Barcelona Fall\/Winter 2015-2016\" class=\"noLazy flagpm_the_photo swiper-lazy\"><div class=\"swiper-lazy-preloader swiper-lazy-preloader-black\"><\/div><\/div><div class=\"swiper-slide\" data-hash=\"flagallery18495\" data-photo-id=\"18495\"><span class=\"flagpm_va\"><\/span><img data-src=\"https:\/\/bobvarela.com\/wp-content\/flagallery\/mango-desfile-primavera-verano-2015-en-el-080-barcelona\/webview\/mango-021.jpg\" alt=\"080 Barcelona Fall\/Winter 2015-2016\" class=\"noLazy flagpm_the_photo swiper-lazy\"><div class=\"swiper-lazy-preloader swiper-lazy-preloader-black\"><\/div><\/div><div class=\"swiper-slide\" data-hash=\"flagallery18496\" data-photo-id=\"18496\"><span class=\"flagpm_va\"><\/span><img data-src=\"https:\/\/bobvarela.com\/wp-content\/flagallery\/mango-desfile-primavera-verano-2015-en-el-080-barcelona\/webview\/mango-022.jpg\" alt=\"\" class=\"noLazy flagpm_the_photo swiper-lazy\"><div class=\"swiper-lazy-preloader swiper-lazy-preloader-black\"><\/div><\/div><div class=\"swiper-slide\" data-hash=\"flagallery18497\" data-photo-id=\"18497\"><span class=\"flagpm_va\"><\/span><img data-src=\"https:\/\/bobvarela.com\/wp-content\/flagallery\/mango-desfile-primavera-verano-2015-en-el-080-barcelona\/webview\/mango-023.jpg\" alt=\"080 Barcelona Fall\/Winter 2015-2016\" class=\"noLazy flagpm_the_photo swiper-lazy\"><div class=\"swiper-lazy-preloader swiper-lazy-preloader-black\"><\/div><\/div><div class=\"swiper-slide\" data-hash=\"flagallery18498\" data-photo-id=\"18498\"><span class=\"flagpm_va\"><\/span><img data-src=\"https:\/\/bobvarela.com\/wp-content\/flagallery\/mango-desfile-primavera-verano-2015-en-el-080-barcelona\/webview\/mango-024.jpg\" alt=\"080 Barcelona Fall\/Winter 2015-2016\" class=\"noLazy flagpm_the_photo swiper-lazy\"><div class=\"swiper-lazy-preloader swiper-lazy-preloader-black\"><\/div><\/div><div class=\"swiper-slide\" data-hash=\"flagallery18499\" data-photo-id=\"18499\"><span class=\"flagpm_va\"><\/span><img data-src=\"https:\/\/bobvarela.com\/wp-content\/flagallery\/mango-desfile-primavera-verano-2015-en-el-080-barcelona\/webview\/mango-025.jpg\" alt=\"080 Barcelona Fall\/Winter 2015-2016\" class=\"noLazy flagpm_the_photo swiper-lazy\"><div class=\"swiper-lazy-preloader swiper-lazy-preloader-black\"><\/div><\/div><div class=\"swiper-slide\" data-hash=\"flagallery18500\" data-photo-id=\"18500\"><span class=\"flagpm_va\"><\/span><img data-src=\"https:\/\/bobvarela.com\/wp-content\/flagallery\/mango-desfile-primavera-verano-2015-en-el-080-barcelona\/webview\/mango-026.jpg\" alt=\"080 Barcelona Fall\/Winter 2015-2016\" class=\"noLazy flagpm_the_photo swiper-lazy\"><div class=\"swiper-lazy-preloader swiper-lazy-preloader-black\"><\/div><\/div><div class=\"swiper-slide\" data-hash=\"flagallery18501\" data-photo-id=\"18501\"><span class=\"flagpm_va\"><\/span><img data-src=\"https:\/\/bobvarela.com\/wp-content\/flagallery\/mango-desfile-primavera-verano-2015-en-el-080-barcelona\/webview\/mango-027.jpg\" alt=\"080 Barcelona Fall\/Winter 2015-2016\" class=\"noLazy flagpm_the_photo swiper-lazy\"><div class=\"swiper-lazy-preloader swiper-lazy-preloader-black\"><\/div><\/div><div class=\"swiper-slide\" data-hash=\"flagallery18502\" data-photo-id=\"18502\"><span class=\"flagpm_va\"><\/span><img data-src=\"https:\/\/bobvarela.com\/wp-content\/flagallery\/mango-desfile-primavera-verano-2015-en-el-080-barcelona\/webview\/mango-028.jpg\" alt=\"080 Barcelona Fall\/Winter 2015-2016\" class=\"noLazy flagpm_the_photo swiper-lazy\"><div class=\"swiper-lazy-preloader swiper-lazy-preloader-black\"><\/div><\/div><div class=\"swiper-slide\" data-hash=\"flagallery18503\" data-photo-id=\"18503\"><span class=\"flagpm_va\"><\/span><img data-src=\"https:\/\/bobvarela.com\/wp-content\/flagallery\/mango-desfile-primavera-verano-2015-en-el-080-barcelona\/webview\/mango-029.jpg\" alt=\"080 Barcelona Fall\/Winter 2015-2016\" class=\"noLazy flagpm_the_photo swiper-lazy\"><div class=\"swiper-lazy-preloader swiper-lazy-preloader-black\"><\/div><\/div><div class=\"swiper-slide\" data-hash=\"flagallery18504\" data-photo-id=\"18504\"><span class=\"flagpm_va\"><\/span><img data-src=\"https:\/\/bobvarela.com\/wp-content\/flagallery\/mango-desfile-primavera-verano-2015-en-el-080-barcelona\/webview\/mango-030.jpg\" alt=\"080 Barcelona Fall\/Winter 2015-2016\" class=\"noLazy flagpm_the_photo swiper-lazy\"><div class=\"swiper-lazy-preloader swiper-lazy-preloader-black\"><\/div><\/div><div class=\"swiper-slide\" data-hash=\"flagallery18505\" data-photo-id=\"18505\"><span class=\"flagpm_va\"><\/span><img data-src=\"https:\/\/bobvarela.com\/wp-content\/flagallery\/mango-desfile-primavera-verano-2015-en-el-080-barcelona\/webview\/mango-031.jpg\" alt=\"080 Barcelona Fall\/Winter 2015-2016\" class=\"noLazy flagpm_the_photo swiper-lazy\"><div class=\"swiper-lazy-preloader swiper-lazy-preloader-black\"><\/div><\/div><div class=\"swiper-slide\" data-hash=\"flagallery18506\" data-photo-id=\"18506\"><span class=\"flagpm_va\"><\/span><img data-src=\"https:\/\/bobvarela.com\/wp-content\/flagallery\/mango-desfile-primavera-verano-2015-en-el-080-barcelona\/webview\/mango-033.jpg\" alt=\"080 Barcelona Fall\/Winter 2015-2016\" class=\"noLazy flagpm_the_photo swiper-lazy\"><div class=\"swiper-lazy-preloader swiper-lazy-preloader-black\"><\/div><\/div><div class=\"swiper-slide\" data-hash=\"flagallery18507\" data-photo-id=\"18507\"><span class=\"flagpm_va\"><\/span><img data-src=\"https:\/\/bobvarela.com\/wp-content\/flagallery\/mango-desfile-primavera-verano-2015-en-el-080-barcelona\/webview\/mango-034.jpg\" alt=\"080 Barcelona Fall\/Winter 2015-2016\" class=\"noLazy flagpm_the_photo swiper-lazy\"><div class=\"swiper-lazy-preloader swiper-lazy-preloader-black\"><\/div><\/div><div class=\"swiper-slide\" data-hash=\"flagallery18508\" data-photo-id=\"18508\"><span class=\"flagpm_va\"><\/span><img data-src=\"https:\/\/bobvarela.com\/wp-content\/flagallery\/mango-desfile-primavera-verano-2015-en-el-080-barcelona\/webview\/mango-035.jpg\" alt=\"080 Barcelona Fall\/Winter 2015-2016\" class=\"noLazy flagpm_the_photo swiper-lazy\"><div class=\"swiper-lazy-preloader swiper-lazy-preloader-black\"><\/div><\/div><div class=\"swiper-slide\" data-hash=\"flagallery18509\" data-photo-id=\"18509\"><span class=\"flagpm_va\"><\/span><img data-src=\"https:\/\/bobvarela.com\/wp-content\/flagallery\/mango-desfile-primavera-verano-2015-en-el-080-barcelona\/webview\/mango-036.jpg\" alt=\"080 Barcelona Fall\/Winter 2015-2016\" class=\"noLazy flagpm_the_photo swiper-lazy\"><div class=\"swiper-lazy-preloader swiper-lazy-preloader-black\"><\/div><\/div><div class=\"swiper-slide\" data-hash=\"flagallery18510\" data-photo-id=\"18510\"><span class=\"flagpm_va\"><\/span><img data-src=\"https:\/\/bobvarela.com\/wp-content\/flagallery\/mango-desfile-primavera-verano-2015-en-el-080-barcelona\/webview\/mango-037.jpg\" alt=\"080 Barcelona Fall\/Winter 2015-2016\" class=\"noLazy flagpm_the_photo swiper-lazy\"><div class=\"swiper-lazy-preloader swiper-lazy-preloader-black\"><\/div><\/div><div class=\"swiper-slide\" data-hash=\"flagallery18511\" data-photo-id=\"18511\"><span class=\"flagpm_va\"><\/span><img data-src=\"https:\/\/bobvarela.com\/wp-content\/flagallery\/mango-desfile-primavera-verano-2015-en-el-080-barcelona\/webview\/mango-038.jpg\" alt=\"080 Barcelona Fall\/Winter 2015-2016\" class=\"noLazy flagpm_the_photo swiper-lazy\"><div class=\"swiper-lazy-preloader swiper-lazy-preloader-black\"><\/div><\/div><div class=\"swiper-slide\" data-hash=\"flagallery18512\" data-photo-id=\"18512\"><span class=\"flagpm_va\"><\/span><img data-src=\"https:\/\/bobvarela.com\/wp-content\/flagallery\/mango-desfile-primavera-verano-2015-en-el-080-barcelona\/webview\/mango-039.jpg\" alt=\"080 Barcelona Fall\/Winter 2015-2016\" class=\"noLazy flagpm_the_photo swiper-lazy\"><div class=\"swiper-lazy-preloader swiper-lazy-preloader-black\"><\/div><\/div><div class=\"swiper-slide\" data-hash=\"flagallery18513\" data-photo-id=\"18513\"><span class=\"flagpm_va\"><\/span><img data-src=\"https:\/\/bobvarela.com\/wp-content\/flagallery\/mango-desfile-primavera-verano-2015-en-el-080-barcelona\/webview\/mango-040.jpg\" alt=\"080 Barcelona Fall\/Winter 2015-2016\" class=\"noLazy flagpm_the_photo swiper-lazy\"><div class=\"swiper-lazy-preloader swiper-lazy-preloader-black\"><\/div><\/div><div class=\"swiper-slide\" data-hash=\"flagallery18514\" data-photo-id=\"18514\"><span class=\"flagpm_va\"><\/span><img data-src=\"https:\/\/bobvarela.com\/wp-content\/flagallery\/mango-desfile-primavera-verano-2015-en-el-080-barcelona\/webview\/mango-041.jpg\" alt=\"080 Barcelona Fall\/Winter 2015-2016\" class=\"noLazy flagpm_the_photo swiper-lazy\"><div class=\"swiper-lazy-preloader swiper-lazy-preloader-black\"><\/div><\/div><div class=\"swiper-slide\" data-hash=\"flagallery18515\" data-photo-id=\"18515\"><span class=\"flagpm_va\"><\/span><img data-src=\"https:\/\/bobvarela.com\/wp-content\/flagallery\/mango-desfile-primavera-verano-2015-en-el-080-barcelona\/webview\/mango-042.jpg\" alt=\"080 Barcelona Fall\/Winter 2015-2016\" class=\"noLazy flagpm_the_photo swiper-lazy\"><div class=\"swiper-lazy-preloader swiper-lazy-preloader-black\"><\/div><\/div><div class=\"swiper-slide\" data-hash=\"flagallery18516\" data-photo-id=\"18516\"><span class=\"flagpm_va\"><\/span><img data-src=\"https:\/\/bobvarela.com\/wp-content\/flagallery\/mango-desfile-primavera-verano-2015-en-el-080-barcelona\/webview\/mango-043.jpg\" alt=\"080 Barcelona Fall\/Winter 2015-2016\" class=\"noLazy flagpm_the_photo swiper-lazy\"><div class=\"swiper-lazy-preloader swiper-lazy-preloader-black\"><\/div><\/div><div class=\"swiper-slide\" data-hash=\"flagallery18517\" data-photo-id=\"18517\"><span class=\"flagpm_va\"><\/span><img data-src=\"https:\/\/bobvarela.com\/wp-content\/flagallery\/mango-desfile-primavera-verano-2015-en-el-080-barcelona\/webview\/mango-044.jpg\" alt=\"080 Barcelona Fall\/Winter 2015-2016\" class=\"noLazy flagpm_the_photo swiper-lazy\"><div class=\"swiper-lazy-preloader swiper-lazy-preloader-black\"><\/div><\/div><div class=\"swiper-slide\" data-hash=\"flagallery18518\" data-photo-id=\"18518\"><span class=\"flagpm_va\"><\/span><img data-src=\"https:\/\/bobvarela.com\/wp-content\/flagallery\/mango-desfile-primavera-verano-2015-en-el-080-barcelona\/webview\/mango-045.jpg\" alt=\"080 Barcelona Fall\/Winter 2015-2016\" class=\"noLazy flagpm_the_photo swiper-lazy\"><div class=\"swiper-lazy-preloader swiper-lazy-preloader-black\"><\/div><\/div><div class=\"swiper-slide\" data-hash=\"flagallery18519\" data-photo-id=\"18519\"><span class=\"flagpm_va\"><\/span><img data-src=\"https:\/\/bobvarela.com\/wp-content\/flagallery\/mango-desfile-primavera-verano-2015-en-el-080-barcelona\/webview\/mango-046.jpg\" alt=\"080 Barcelona Fall\/Winter 2015-2016\" class=\"noLazy flagpm_the_photo swiper-lazy\"><div class=\"swiper-lazy-preloader swiper-lazy-preloader-black\"><\/div><\/div><div class=\"swiper-slide\" data-hash=\"flagallery18520\" data-photo-id=\"18520\"><span class=\"flagpm_va\"><\/span><img data-src=\"https:\/\/bobvarela.com\/wp-content\/flagallery\/mango-desfile-primavera-verano-2015-en-el-080-barcelona\/webview\/mango-047.jpg\" alt=\"080 Barcelona Fall\/Winter 2015-2016\" class=\"noLazy flagpm_the_photo swiper-lazy\"><div class=\"swiper-lazy-preloader swiper-lazy-preloader-black\"><\/div><\/div><div class=\"swiper-slide\" data-hash=\"flagallery18521\" data-photo-id=\"18521\"><span class=\"flagpm_va\"><\/span><img data-src=\"https:\/\/bobvarela.com\/wp-content\/flagallery\/mango-desfile-primavera-verano-2015-en-el-080-barcelona\/webview\/mango-048.jpg\" alt=\"080 Barcelona Fall\/Winter 2015-2016\" class=\"noLazy flagpm_the_photo swiper-lazy\"><div class=\"swiper-lazy-preloader swiper-lazy-preloader-black\"><\/div><\/div><div class=\"swiper-slide\" data-hash=\"flagallery18522\" data-photo-id=\"18522\"><span class=\"flagpm_va\"><\/span><img data-src=\"https:\/\/bobvarela.com\/wp-content\/flagallery\/mango-desfile-primavera-verano-2015-en-el-080-barcelona\/webview\/mango-049.jpg\" alt=\"080 Barcelona Fall\/Winter 2015-2016\" class=\"noLazy flagpm_the_photo swiper-lazy\"><div class=\"swiper-lazy-preloader swiper-lazy-preloader-black\"><\/div><\/div><div class=\"swiper-slide\" data-hash=\"flagallery18523\" data-photo-id=\"18523\"><span class=\"flagpm_va\"><\/span><img data-src=\"https:\/\/bobvarela.com\/wp-content\/flagallery\/mango-desfile-primavera-verano-2015-en-el-080-barcelona\/webview\/mango-050.jpg\" alt=\"080 Barcelona Fall\/Winter 2015-2016\" class=\"noLazy flagpm_the_photo swiper-lazy\"><div class=\"swiper-lazy-preloader swiper-lazy-preloader-black\"><\/div><\/div><div class=\"swiper-slide\" data-hash=\"flagallery18524\" data-photo-id=\"18524\"><span class=\"flagpm_va\"><\/span><img data-src=\"https:\/\/bobvarela.com\/wp-content\/flagallery\/mango-desfile-primavera-verano-2015-en-el-080-barcelona\/webview\/mango-051.jpg\" alt=\"080 Barcelona Fall\/Winter 2015-2016\" class=\"noLazy flagpm_the_photo swiper-lazy\"><div class=\"swiper-lazy-preloader swiper-lazy-preloader-black\"><\/div><\/div><div class=\"swiper-slide\" data-hash=\"flagallery18525\" data-photo-id=\"18525\"><span class=\"flagpm_va\"><\/span><img data-src=\"https:\/\/bobvarela.com\/wp-content\/flagallery\/mango-desfile-primavera-verano-2015-en-el-080-barcelona\/webview\/mango-052.jpg\" alt=\"080 Barcelona Fall\/Winter 2015-2016\" class=\"noLazy flagpm_the_photo swiper-lazy\"><div class=\"swiper-lazy-preloader swiper-lazy-preloader-black\"><\/div><\/div><div class=\"swiper-slide\" data-hash=\"flagallery18526\" data-photo-id=\"18526\"><span class=\"flagpm_va\"><\/span><img data-src=\"https:\/\/bobvarela.com\/wp-content\/flagallery\/mango-desfile-primavera-verano-2015-en-el-080-barcelona\/webview\/mango-054.jpg\" alt=\"080 Barcelona Fall\/Winter 2015-2016\" class=\"noLazy flagpm_the_photo swiper-lazy\"><div class=\"swiper-lazy-preloader swiper-lazy-preloader-black\"><\/div><\/div><div class=\"swiper-slide\" data-hash=\"flagallery18527\" data-photo-id=\"18527\"><span class=\"flagpm_va\"><\/span><img data-src=\"https:\/\/bobvarela.com\/wp-content\/flagallery\/mango-desfile-primavera-verano-2015-en-el-080-barcelona\/webview\/mango-055.jpg\" alt=\"080 Barcelona Fall\/Winter 2015-2016\" class=\"noLazy flagpm_the_photo swiper-lazy\"><div class=\"swiper-lazy-preloader swiper-lazy-preloader-black\"><\/div><\/div><div class=\"swiper-slide\" data-hash=\"flagallery18528\" data-photo-id=\"18528\"><span class=\"flagpm_va\"><\/span><img data-src=\"https:\/\/bobvarela.com\/wp-content\/flagallery\/mango-desfile-primavera-verano-2015-en-el-080-barcelona\/webview\/mango-056.jpg\" alt=\"080 Barcelona Fall\/Winter 2015-2016\" class=\"noLazy flagpm_the_photo swiper-lazy\"><div class=\"swiper-lazy-preloader swiper-lazy-preloader-black\"><\/div><\/div><div class=\"swiper-slide\" data-hash=\"flagallery18529\" data-photo-id=\"18529\"><span class=\"flagpm_va\"><\/span><img data-src=\"https:\/\/bobvarela.com\/wp-content\/flagallery\/mango-desfile-primavera-verano-2015-en-el-080-barcelona\/webview\/mango-058.jpg\" alt=\"080 Barcelona Fall\/Winter 2015-2016\" class=\"noLazy flagpm_the_photo swiper-lazy\"><div class=\"swiper-lazy-preloader swiper-lazy-preloader-black\"><\/div><\/div><div class=\"swiper-slide\" data-hash=\"flagallery18530\" data-photo-id=\"18530\"><span class=\"flagpm_va\"><\/span><img data-src=\"https:\/\/bobvarela.com\/wp-content\/flagallery\/mango-desfile-primavera-verano-2015-en-el-080-barcelona\/webview\/mango-059.jpg\" alt=\"080 Barcelona Fall\/Winter 2015-2016\" class=\"noLazy flagpm_the_photo swiper-lazy\"><div class=\"swiper-lazy-preloader swiper-lazy-preloader-black\"><\/div><\/div><div class=\"swiper-slide\" data-hash=\"flagallery18531\" data-photo-id=\"18531\"><span class=\"flagpm_va\"><\/span><img data-src=\"https:\/\/bobvarela.com\/wp-content\/flagallery\/mango-desfile-primavera-verano-2015-en-el-080-barcelona\/webview\/mango-060.jpg\" alt=\"080 Barcelona Fall\/Winter 2015-2016\" class=\"noLazy flagpm_the_photo swiper-lazy\"><div class=\"swiper-lazy-preloader swiper-lazy-preloader-black\"><\/div><\/div><div class=\"swiper-slide\" data-hash=\"flagallery18532\" data-photo-id=\"18532\"><span class=\"flagpm_va\"><\/span><img data-src=\"https:\/\/bobvarela.com\/wp-content\/flagallery\/mango-desfile-primavera-verano-2015-en-el-080-barcelona\/webview\/mango-062.jpg\" alt=\"080 Barcelona Fall\/Winter 2015-2016\" class=\"noLazy flagpm_the_photo swiper-lazy\"><div class=\"swiper-lazy-preloader swiper-lazy-preloader-black\"><\/div><\/div><div class=\"swiper-slide\" data-hash=\"flagallery18533\" data-photo-id=\"18533\"><span class=\"flagpm_va\"><\/span><img data-src=\"https:\/\/bobvarela.com\/wp-content\/flagallery\/mango-desfile-primavera-verano-2015-en-el-080-barcelona\/webview\/mango-063.jpg\" alt=\"080 Barcelona Fall\/Winter 2015-2016\" class=\"noLazy flagpm_the_photo swiper-lazy\"><div class=\"swiper-lazy-preloader swiper-lazy-preloader-black\"><\/div><\/div><div class=\"swiper-slide\" data-hash=\"flagallery18534\" data-photo-id=\"18534\"><span class=\"flagpm_va\"><\/span><img data-src=\"https:\/\/bobvarela.com\/wp-content\/flagallery\/mango-desfile-primavera-verano-2015-en-el-080-barcelona\/webview\/mango-064.jpg\" alt=\"080 Barcelona Fall\/Winter 2015-2016\" class=\"noLazy flagpm_the_photo swiper-lazy\"><div class=\"swiper-lazy-preloader swiper-lazy-preloader-black\"><\/div><\/div><div class=\"swiper-slide\" data-hash=\"flagallery18535\" data-photo-id=\"18535\"><span class=\"flagpm_va\"><\/span><img data-src=\"https:\/\/bobvarela.com\/wp-content\/flagallery\/mango-desfile-primavera-verano-2015-en-el-080-barcelona\/webview\/mango-065.jpg\" alt=\"080 Barcelona Fall\/Winter 2015-2016\" class=\"noLazy flagpm_the_photo swiper-lazy\"><div class=\"swiper-lazy-preloader swiper-lazy-preloader-black\"><\/div><\/div> <\/div> <\/div> <\/div> <div class=\"flagpm_photo_header\"> <div class=\"flagpm_wrapper flagpm_clearfix\"> <div class=\"flagpm_focus_actions\"> <ul class=\"flagpm_focus_share\"> <li style=\"list-style:none;\" class=\"flagpm_share_wrapper\"> <a class=\"flagpm_button flagpm_share\">Share<\/a> <ul class=\"flagpm_sharelizers flagpm_clearfix\"> <li style=\"list-style:none;\"><a class=\"flagpm_button flagpm_facebook flagpm_sharelizer\">Facebook<\/a><\/li> <li style=\"list-style:none;\"><a class=\"flagpm_button flagpm_twitter flagpm_sharelizer\">Twitter<\/a><\/li> <li style=\"list-style:none;\"><a class=\"flagpm_button flagpm_pinterest flagpm_sharelizer\">Pinterest<\/a><\/li> <li style=\"list-style:none;\"><a class=\"flagpm_button flagpm_stumbleupon flagpm_sharelizer\">StumbleUpon<\/a><\/li> <\/ul> <\/li> <\/ul> <ul class=\"flagpm_focus_like_fave flagpm_clearfix\"> <li style=\"list-style:none;\"><a class=\"flagpm_button flagpm_like\">Like<\/a><\/li> <\/ul> <ul class=\"flagpm_focus_arrows flagpm_clearfix\"> <li style=\"list-style:none;\"><a class=\"flagpm_button flagpm_photo_arrow_previous flagpm_prev\">Previous<\/a><\/li> <li style=\"list-style:none;\"><a class=\"flagpm_button flagpm_photo_arrow_next flagpm_next\">Next<\/a><\/li> <\/ul> <\/div> <div class=\"flagpm_name_wrap flagpm_clearfix flagpm_no_avatar\"> <div class=\"flagpm_title_author\"> <div class=\"flagpm_title\">080 Barcelona Fall\/Winter 2015-2016<\/div> <\/div> <\/div> <div class=\"flagpm_actions flagpm_clearfix\"> <div class=\"flagpm_carousel flagpm_has_previous flagpm_has_next\"> <div class=\"flagpm_previous_button\"><\/div> <div class=\"flagpm_photo_carousel\"> <div class=\"swiper-container swiper-small-images\"> <div class=\"swiper-wrapper\"><div class=\"swiper-slide flagpm_photo\" data-photo-id=\"18476\"><img decoding=\"async\" src=\"https:\/\/bobvarela.com\/wp-content\/flagallery\/mango-desfile-primavera-verano-2015-en-el-080-barcelona\/thumbs\/thumbs_mango-001.jpg\" data-src=\"https:\/\/bobvarela.com\/wp-content\/flagallery\/mango-desfile-primavera-verano-2015-en-el-080-barcelona\/thumbs\/thumbs_mango-001.jpg\" alt=\"080 Barcelona Fall\/Winter 2015-2016\" class=\"noLazy flagpm_photo swiper-lazy flagpm_photo_portrait\"><span class=\"swiper-lazy-preloader swiper-lazy-preloader-black\"><\/span><\/div><div class=\"swiper-slide flagpm_photo\" data-photo-id=\"18477\"><img data-src=\"https:\/\/bobvarela.com\/wp-content\/flagallery\/mango-desfile-primavera-verano-2015-en-el-080-barcelona\/thumbs\/thumbs_mango-002.jpg\" alt=\"080 Barcelona Fall\/Winter 2015-2016\" class=\"noLazy flagpm_photo swiper-lazy flagpm_photo_portrait\"><span class=\"swiper-lazy-preloader swiper-lazy-preloader-black\"><\/span><\/div><div class=\"swiper-slide flagpm_photo\" data-photo-id=\"18478\"><img data-src=\"https:\/\/bobvarela.com\/wp-content\/flagallery\/mango-desfile-primavera-verano-2015-en-el-080-barcelona\/thumbs\/thumbs_mango-003.jpg\" alt=\"080 Barcelona Fall\/Winter 2015-2016\" class=\"noLazy flagpm_photo swiper-lazy flagpm_photo_portrait\"><span class=\"swiper-lazy-preloader swiper-lazy-preloader-black\"><\/span><\/div><div class=\"swiper-slide flagpm_photo\" data-photo-id=\"18479\"><img data-src=\"https:\/\/bobvarela.com\/wp-content\/flagallery\/mango-desfile-primavera-verano-2015-en-el-080-barcelona\/thumbs\/thumbs_mango-004.jpg\" alt=\"080 Barcelona Fall\/Winter 2015-2016\" class=\"noLazy flagpm_photo swiper-lazy flagpm_photo_portrait\"><span class=\"swiper-lazy-preloader swiper-lazy-preloader-black\"><\/span><\/div><div class=\"swiper-slide flagpm_photo\" data-photo-id=\"18480\"><img data-src=\"https:\/\/bobvarela.com\/wp-content\/flagallery\/mango-desfile-primavera-verano-2015-en-el-080-barcelona\/thumbs\/thumbs_mango-005.jpg\" alt=\"080 Barcelona Fall\/Winter 2015-2016\" class=\"noLazy flagpm_photo swiper-lazy flagpm_photo_portrait\"><span class=\"swiper-lazy-preloader swiper-lazy-preloader-black\"><\/span><\/div><div class=\"swiper-slide flagpm_photo\" data-photo-id=\"18481\"><img data-src=\"https:\/\/bobvarela.com\/wp-content\/flagallery\/mango-desfile-primavera-verano-2015-en-el-080-barcelona\/thumbs\/thumbs_mango-006.jpg\" alt=\"080 Barcelona Fall\/Winter 2015-2016\" class=\"noLazy flagpm_photo swiper-lazy flagpm_photo_portrait\"><span class=\"swiper-lazy-preloader swiper-lazy-preloader-black\"><\/span><\/div><div class=\"swiper-slide flagpm_photo\" data-photo-id=\"18482\"><img data-src=\"https:\/\/bobvarela.com\/wp-content\/flagallery\/mango-desfile-primavera-verano-2015-en-el-080-barcelona\/thumbs\/thumbs_mango-007.jpg\" alt=\"080 Barcelona Fall\/Winter 2015-2016\" class=\"noLazy flagpm_photo swiper-lazy flagpm_photo_portrait\"><span class=\"swiper-lazy-preloader swiper-lazy-preloader-black\"><\/span><\/div><div class=\"swiper-slide flagpm_photo\" data-photo-id=\"18483\"><img data-src=\"https:\/\/bobvarela.com\/wp-content\/flagallery\/mango-desfile-primavera-verano-2015-en-el-080-barcelona\/thumbs\/thumbs_mango-008.jpg\" alt=\"080 Barcelona Fall\/Winter 2015-2016\" class=\"noLazy flagpm_photo swiper-lazy flagpm_photo_portrait\"><span class=\"swiper-lazy-preloader swiper-lazy-preloader-black\"><\/span><\/div><div class=\"swiper-slide flagpm_photo\" data-photo-id=\"18484\"><img data-src=\"https:\/\/bobvarela.com\/wp-content\/flagallery\/mango-desfile-primavera-verano-2015-en-el-080-barcelona\/thumbs\/thumbs_mango-009.jpg\" alt=\"080 Barcelona Fall\/Winter 2015-2016\" class=\"noLazy flagpm_photo swiper-lazy flagpm_photo_portrait\"><span class=\"swiper-lazy-preloader swiper-lazy-preloader-black\"><\/span><\/div><div class=\"swiper-slide flagpm_photo\" data-photo-id=\"18485\"><img data-src=\"https:\/\/bobvarela.com\/wp-content\/flagallery\/mango-desfile-primavera-verano-2015-en-el-080-barcelona\/thumbs\/thumbs_mango-010.jpg\" alt=\"080 Barcelona Fall\/Winter 2015-2016\" class=\"noLazy flagpm_photo swiper-lazy flagpm_photo_portrait\"><span class=\"swiper-lazy-preloader swiper-lazy-preloader-black\"><\/span><\/div><div class=\"swiper-slide flagpm_photo\" data-photo-id=\"18486\"><img data-src=\"https:\/\/bobvarela.com\/wp-content\/flagallery\/mango-desfile-primavera-verano-2015-en-el-080-barcelona\/thumbs\/thumbs_mango-011.jpg\" alt=\"080 Barcelona Fall\/Winter 2015-2016\" class=\"noLazy flagpm_photo swiper-lazy flagpm_photo_portrait\"><span class=\"swiper-lazy-preloader swiper-lazy-preloader-black\"><\/span><\/div><div class=\"swiper-slide flagpm_photo\" data-photo-id=\"18487\"><img data-src=\"https:\/\/bobvarela.com\/wp-content\/flagallery\/mango-desfile-primavera-verano-2015-en-el-080-barcelona\/thumbs\/thumbs_mango-012.jpg\" alt=\"080 Barcelona Fall\/Winter 2015-2016\" class=\"noLazy flagpm_photo swiper-lazy flagpm_photo_portrait\"><span class=\"swiper-lazy-preloader swiper-lazy-preloader-black\"><\/span><\/div><div class=\"swiper-slide flagpm_photo\" data-photo-id=\"18488\"><img data-src=\"https:\/\/bobvarela.com\/wp-content\/flagallery\/mango-desfile-primavera-verano-2015-en-el-080-barcelona\/thumbs\/thumbs_mango-013.jpg\" alt=\"080 Barcelona Fall\/Winter 2015-2016\" class=\"noLazy flagpm_photo swiper-lazy flagpm_photo_portrait\"><span class=\"swiper-lazy-preloader swiper-lazy-preloader-black\"><\/span><\/div><div class=\"swiper-slide flagpm_photo\" data-photo-id=\"18489\"><img data-src=\"https:\/\/bobvarela.com\/wp-content\/flagallery\/mango-desfile-primavera-verano-2015-en-el-080-barcelona\/thumbs\/thumbs_mango-015.jpg\" alt=\"080 Barcelona Fall\/Winter 2015-2016\" class=\"noLazy flagpm_photo swiper-lazy flagpm_photo_portrait\"><span class=\"swiper-lazy-preloader swiper-lazy-preloader-black\"><\/span><\/div><div class=\"swiper-slide flagpm_photo\" data-photo-id=\"18490\"><img data-src=\"https:\/\/bobvarela.com\/wp-content\/flagallery\/mango-desfile-primavera-verano-2015-en-el-080-barcelona\/thumbs\/thumbs_mango-016.jpg\" alt=\"080 Barcelona Fall\/Winter 2015-2016\" class=\"noLazy flagpm_photo swiper-lazy flagpm_photo_portrait\"><span class=\"swiper-lazy-preloader swiper-lazy-preloader-black\"><\/span><\/div><div class=\"swiper-slide flagpm_photo\" data-photo-id=\"18491\"><img data-src=\"https:\/\/bobvarela.com\/wp-content\/flagallery\/mango-desfile-primavera-verano-2015-en-el-080-barcelona\/thumbs\/thumbs_mango-017.jpg\" alt=\"080 Barcelona Fall\/Winter 2015-2016\" class=\"noLazy flagpm_photo swiper-lazy flagpm_photo_portrait\"><span class=\"swiper-lazy-preloader swiper-lazy-preloader-black\"><\/span><\/div><div class=\"swiper-slide flagpm_photo\" data-photo-id=\"18492\"><img data-src=\"https:\/\/bobvarela.com\/wp-content\/flagallery\/mango-desfile-primavera-verano-2015-en-el-080-barcelona\/thumbs\/thumbs_mango-018.jpg\" alt=\"080 Barcelona Fall\/Winter 2015-2016\" class=\"noLazy flagpm_photo swiper-lazy flagpm_photo_portrait\"><span class=\"swiper-lazy-preloader swiper-lazy-preloader-black\"><\/span><\/div><div class=\"swiper-slide flagpm_photo\" data-photo-id=\"18493\"><img data-src=\"https:\/\/bobvarela.com\/wp-content\/flagallery\/mango-desfile-primavera-verano-2015-en-el-080-barcelona\/thumbs\/thumbs_mango-019.jpg\" alt=\"080 Barcelona Fall\/Winter 2015-2016\" class=\"noLazy flagpm_photo swiper-lazy flagpm_photo_portrait\"><span class=\"swiper-lazy-preloader swiper-lazy-preloader-black\"><\/span><\/div><div class=\"swiper-slide flagpm_photo\" data-photo-id=\"18494\"><img data-src=\"https:\/\/bobvarela.com\/wp-content\/flagallery\/mango-desfile-primavera-verano-2015-en-el-080-barcelona\/thumbs\/thumbs_mango-020.jpg\" alt=\"080 Barcelona Fall\/Winter 2015-2016\" class=\"noLazy flagpm_photo swiper-lazy flagpm_photo_portrait\"><span class=\"swiper-lazy-preloader swiper-lazy-preloader-black\"><\/span><\/div><div class=\"swiper-slide flagpm_photo\" data-photo-id=\"18495\"><img data-src=\"https:\/\/bobvarela.com\/wp-content\/flagallery\/mango-desfile-primavera-verano-2015-en-el-080-barcelona\/thumbs\/thumbs_mango-021.jpg\" alt=\"080 Barcelona Fall\/Winter 2015-2016\" class=\"noLazy flagpm_photo swiper-lazy flagpm_photo_portrait\"><span class=\"swiper-lazy-preloader swiper-lazy-preloader-black\"><\/span><\/div><div class=\"swiper-slide flagpm_photo\" data-photo-id=\"18496\"><img data-src=\"https:\/\/bobvarela.com\/wp-content\/flagallery\/mango-desfile-primavera-verano-2015-en-el-080-barcelona\/thumbs\/thumbs_mango-022.jpg\" alt=\"\" class=\"noLazy flagpm_photo swiper-lazy flagpm_photo_portrait\"><span class=\"swiper-lazy-preloader swiper-lazy-preloader-black\"><\/span><\/div><div class=\"swiper-slide flagpm_photo\" data-photo-id=\"18497\"><img data-src=\"https:\/\/bobvarela.com\/wp-content\/flagallery\/mango-desfile-primavera-verano-2015-en-el-080-barcelona\/thumbs\/thumbs_mango-023.jpg\" alt=\"080 Barcelona Fall\/Winter 2015-2016\" class=\"noLazy flagpm_photo swiper-lazy flagpm_photo_portrait\"><span class=\"swiper-lazy-preloader swiper-lazy-preloader-black\"><\/span><\/div><div class=\"swiper-slide flagpm_photo\" data-photo-id=\"18498\"><img data-src=\"https:\/\/bobvarela.com\/wp-content\/flagallery\/mango-desfile-primavera-verano-2015-en-el-080-barcelona\/thumbs\/thumbs_mango-024.jpg\" alt=\"080 Barcelona Fall\/Winter 2015-2016\" class=\"noLazy flagpm_photo swiper-lazy flagpm_photo_portrait\"><span class=\"swiper-lazy-preloader swiper-lazy-preloader-black\"><\/span><\/div><div class=\"swiper-slide flagpm_photo\" data-photo-id=\"18499\"><img data-src=\"https:\/\/bobvarela.com\/wp-content\/flagallery\/mango-desfile-primavera-verano-2015-en-el-080-barcelona\/thumbs\/thumbs_mango-025.jpg\" alt=\"080 Barcelona Fall\/Winter 2015-2016\" class=\"noLazy flagpm_photo swiper-lazy flagpm_photo_portrait\"><span class=\"swiper-lazy-preloader swiper-lazy-preloader-black\"><\/span><\/div><div class=\"swiper-slide flagpm_photo\" data-photo-id=\"18500\"><img data-src=\"https:\/\/bobvarela.com\/wp-content\/flagallery\/mango-desfile-primavera-verano-2015-en-el-080-barcelona\/thumbs\/thumbs_mango-026.jpg\" alt=\"080 Barcelona Fall\/Winter 2015-2016\" class=\"noLazy flagpm_photo swiper-lazy flagpm_photo_portrait\"><span class=\"swiper-lazy-preloader swiper-lazy-preloader-black\"><\/span><\/div><div class=\"swiper-slide flagpm_photo\" data-photo-id=\"18501\"><img data-src=\"https:\/\/bobvarela.com\/wp-content\/flagallery\/mango-desfile-primavera-verano-2015-en-el-080-barcelona\/thumbs\/thumbs_mango-027.jpg\" alt=\"080 Barcelona Fall\/Winter 2015-2016\" class=\"noLazy flagpm_photo swiper-lazy flagpm_photo_portrait\"><span class=\"swiper-lazy-preloader swiper-lazy-preloader-black\"><\/span><\/div><div class=\"swiper-slide flagpm_photo\" data-photo-id=\"18502\"><img data-src=\"https:\/\/bobvarela.com\/wp-content\/flagallery\/mango-desfile-primavera-verano-2015-en-el-080-barcelona\/thumbs\/thumbs_mango-028.jpg\" alt=\"080 Barcelona Fall\/Winter 2015-2016\" class=\"noLazy flagpm_photo swiper-lazy flagpm_photo_portrait\"><span class=\"swiper-lazy-preloader swiper-lazy-preloader-black\"><\/span><\/div><div class=\"swiper-slide flagpm_photo\" data-photo-id=\"18503\"><img data-src=\"https:\/\/bobvarela.com\/wp-content\/flagallery\/mango-desfile-primavera-verano-2015-en-el-080-barcelona\/thumbs\/thumbs_mango-029.jpg\" alt=\"080 Barcelona Fall\/Winter 2015-2016\" class=\"noLazy flagpm_photo swiper-lazy flagpm_photo_portrait\"><span class=\"swiper-lazy-preloader swiper-lazy-preloader-black\"><\/span><\/div><div class=\"swiper-slide flagpm_photo\" data-photo-id=\"18504\"><img data-src=\"https:\/\/bobvarela.com\/wp-content\/flagallery\/mango-desfile-primavera-verano-2015-en-el-080-barcelona\/thumbs\/thumbs_mango-030.jpg\" alt=\"080 Barcelona Fall\/Winter 2015-2016\" class=\"noLazy flagpm_photo swiper-lazy flagpm_photo_portrait\"><span class=\"swiper-lazy-preloader swiper-lazy-preloader-black\"><\/span><\/div><div class=\"swiper-slide flagpm_photo\" data-photo-id=\"18505\"><img data-src=\"https:\/\/bobvarela.com\/wp-content\/flagallery\/mango-desfile-primavera-verano-2015-en-el-080-barcelona\/thumbs\/thumbs_mango-031.jpg\" alt=\"080 Barcelona Fall\/Winter 2015-2016\" class=\"noLazy flagpm_photo swiper-lazy flagpm_photo_portrait\"><span class=\"swiper-lazy-preloader swiper-lazy-preloader-black\"><\/span><\/div><div class=\"swiper-slide flagpm_photo\" data-photo-id=\"18506\"><img data-src=\"https:\/\/bobvarela.com\/wp-content\/flagallery\/mango-desfile-primavera-verano-2015-en-el-080-barcelona\/thumbs\/thumbs_mango-033.jpg\" alt=\"080 Barcelona Fall\/Winter 2015-2016\" class=\"noLazy flagpm_photo swiper-lazy flagpm_photo_portrait\"><span class=\"swiper-lazy-preloader swiper-lazy-preloader-black\"><\/span><\/div><div class=\"swiper-slide flagpm_photo\" data-photo-id=\"18507\"><img data-src=\"https:\/\/bobvarela.com\/wp-content\/flagallery\/mango-desfile-primavera-verano-2015-en-el-080-barcelona\/thumbs\/thumbs_mango-034.jpg\" alt=\"080 Barcelona Fall\/Winter 2015-2016\" class=\"noLazy flagpm_photo swiper-lazy flagpm_photo_portrait\"><span class=\"swiper-lazy-preloader swiper-lazy-preloader-black\"><\/span><\/div><div class=\"swiper-slide flagpm_photo\" data-photo-id=\"18508\"><img data-src=\"https:\/\/bobvarela.com\/wp-content\/flagallery\/mango-desfile-primavera-verano-2015-en-el-080-barcelona\/thumbs\/thumbs_mango-035.jpg\" alt=\"080 Barcelona Fall\/Winter 2015-2016\" class=\"noLazy flagpm_photo swiper-lazy flagpm_photo_portrait\"><span class=\"swiper-lazy-preloader swiper-lazy-preloader-black\"><\/span><\/div><div class=\"swiper-slide flagpm_photo\" data-photo-id=\"18509\"><img data-src=\"https:\/\/bobvarela.com\/wp-content\/flagallery\/mango-desfile-primavera-verano-2015-en-el-080-barcelona\/thumbs\/thumbs_mango-036.jpg\" alt=\"080 Barcelona Fall\/Winter 2015-2016\" class=\"noLazy flagpm_photo swiper-lazy flagpm_photo_portrait\"><span class=\"swiper-lazy-preloader swiper-lazy-preloader-black\"><\/span><\/div><div class=\"swiper-slide flagpm_photo\" data-photo-id=\"18510\"><img data-src=\"https:\/\/bobvarela.com\/wp-content\/flagallery\/mango-desfile-primavera-verano-2015-en-el-080-barcelona\/thumbs\/thumbs_mango-037.jpg\" alt=\"080 Barcelona Fall\/Winter 2015-2016\" class=\"noLazy flagpm_photo swiper-lazy flagpm_photo_portrait\"><span class=\"swiper-lazy-preloader swiper-lazy-preloader-black\"><\/span><\/div><div class=\"swiper-slide flagpm_photo\" data-photo-id=\"18511\"><img data-src=\"https:\/\/bobvarela.com\/wp-content\/flagallery\/mango-desfile-primavera-verano-2015-en-el-080-barcelona\/thumbs\/thumbs_mango-038.jpg\" alt=\"080 Barcelona Fall\/Winter 2015-2016\" class=\"noLazy flagpm_photo swiper-lazy flagpm_photo_portrait\"><span class=\"swiper-lazy-preloader swiper-lazy-preloader-black\"><\/span><\/div><div class=\"swiper-slide flagpm_photo\" data-photo-id=\"18512\"><img data-src=\"https:\/\/bobvarela.com\/wp-content\/flagallery\/mango-desfile-primavera-verano-2015-en-el-080-barcelona\/thumbs\/thumbs_mango-039.jpg\" alt=\"080 Barcelona Fall\/Winter 2015-2016\" class=\"noLazy flagpm_photo swiper-lazy flagpm_photo_portrait\"><span class=\"swiper-lazy-preloader swiper-lazy-preloader-black\"><\/span><\/div><div class=\"swiper-slide flagpm_photo\" data-photo-id=\"18513\"><img data-src=\"https:\/\/bobvarela.com\/wp-content\/flagallery\/mango-desfile-primavera-verano-2015-en-el-080-barcelona\/thumbs\/thumbs_mango-040.jpg\" alt=\"080 Barcelona Fall\/Winter 2015-2016\" class=\"noLazy flagpm_photo swiper-lazy flagpm_photo_portrait\"><span class=\"swiper-lazy-preloader swiper-lazy-preloader-black\"><\/span><\/div><div class=\"swiper-slide flagpm_photo\" data-photo-id=\"18514\"><img data-src=\"https:\/\/bobvarela.com\/wp-content\/flagallery\/mango-desfile-primavera-verano-2015-en-el-080-barcelona\/thumbs\/thumbs_mango-041.jpg\" alt=\"080 Barcelona Fall\/Winter 2015-2016\" class=\"noLazy flagpm_photo swiper-lazy flagpm_photo_portrait\"><span class=\"swiper-lazy-preloader swiper-lazy-preloader-black\"><\/span><\/div><div class=\"swiper-slide flagpm_photo\" data-photo-id=\"18515\"><img data-src=\"https:\/\/bobvarela.com\/wp-content\/flagallery\/mango-desfile-primavera-verano-2015-en-el-080-barcelona\/thumbs\/thumbs_mango-042.jpg\" alt=\"080 Barcelona Fall\/Winter 2015-2016\" class=\"noLazy flagpm_photo swiper-lazy flagpm_photo_portrait\"><span class=\"swiper-lazy-preloader swiper-lazy-preloader-black\"><\/span><\/div><div class=\"swiper-slide flagpm_photo\" data-photo-id=\"18516\"><img data-src=\"https:\/\/bobvarela.com\/wp-content\/flagallery\/mango-desfile-primavera-verano-2015-en-el-080-barcelona\/thumbs\/thumbs_mango-043.jpg\" alt=\"080 Barcelona Fall\/Winter 2015-2016\" class=\"noLazy flagpm_photo swiper-lazy flagpm_photo_portrait\"><span class=\"swiper-lazy-preloader swiper-lazy-preloader-black\"><\/span><\/div><div class=\"swiper-slide flagpm_photo\" data-photo-id=\"18517\"><img data-src=\"https:\/\/bobvarela.com\/wp-content\/flagallery\/mango-desfile-primavera-verano-2015-en-el-080-barcelona\/thumbs\/thumbs_mango-044.jpg\" alt=\"080 Barcelona Fall\/Winter 2015-2016\" class=\"noLazy flagpm_photo swiper-lazy flagpm_photo_portrait\"><span class=\"swiper-lazy-preloader swiper-lazy-preloader-black\"><\/span><\/div><div class=\"swiper-slide flagpm_photo\" data-photo-id=\"18518\"><img data-src=\"https:\/\/bobvarela.com\/wp-content\/flagallery\/mango-desfile-primavera-verano-2015-en-el-080-barcelona\/thumbs\/thumbs_mango-045.jpg\" alt=\"080 Barcelona Fall\/Winter 2015-2016\" class=\"noLazy flagpm_photo swiper-lazy flagpm_photo_portrait\"><span class=\"swiper-lazy-preloader swiper-lazy-preloader-black\"><\/span><\/div><div class=\"swiper-slide flagpm_photo\" data-photo-id=\"18519\"><img data-src=\"https:\/\/bobvarela.com\/wp-content\/flagallery\/mango-desfile-primavera-verano-2015-en-el-080-barcelona\/thumbs\/thumbs_mango-046.jpg\" alt=\"080 Barcelona Fall\/Winter 2015-2016\" class=\"noLazy flagpm_photo swiper-lazy flagpm_photo_portrait\"><span class=\"swiper-lazy-preloader swiper-lazy-preloader-black\"><\/span><\/div><div class=\"swiper-slide flagpm_photo\" data-photo-id=\"18520\"><img data-src=\"https:\/\/bobvarela.com\/wp-content\/flagallery\/mango-desfile-primavera-verano-2015-en-el-080-barcelona\/thumbs\/thumbs_mango-047.jpg\" alt=\"080 Barcelona Fall\/Winter 2015-2016\" class=\"noLazy flagpm_photo swiper-lazy flagpm_photo_portrait\"><span class=\"swiper-lazy-preloader swiper-lazy-preloader-black\"><\/span><\/div><div class=\"swiper-slide flagpm_photo\" data-photo-id=\"18521\"><img data-src=\"https:\/\/bobvarela.com\/wp-content\/flagallery\/mango-desfile-primavera-verano-2015-en-el-080-barcelona\/thumbs\/thumbs_mango-048.jpg\" alt=\"080 Barcelona Fall\/Winter 2015-2016\" class=\"noLazy flagpm_photo swiper-lazy flagpm_photo_portrait\"><span class=\"swiper-lazy-preloader swiper-lazy-preloader-black\"><\/span><\/div><div class=\"swiper-slide flagpm_photo\" data-photo-id=\"18522\"><img data-src=\"https:\/\/bobvarela.com\/wp-content\/flagallery\/mango-desfile-primavera-verano-2015-en-el-080-barcelona\/thumbs\/thumbs_mango-049.jpg\" alt=\"080 Barcelona Fall\/Winter 2015-2016\" class=\"noLazy flagpm_photo swiper-lazy flagpm_photo_portrait\"><span class=\"swiper-lazy-preloader swiper-lazy-preloader-black\"><\/span><\/div><div class=\"swiper-slide flagpm_photo\" data-photo-id=\"18523\"><img data-src=\"https:\/\/bobvarela.com\/wp-content\/flagallery\/mango-desfile-primavera-verano-2015-en-el-080-barcelona\/thumbs\/thumbs_mango-050.jpg\" alt=\"080 Barcelona Fall\/Winter 2015-2016\" class=\"noLazy flagpm_photo swiper-lazy flagpm_photo_portrait\"><span class=\"swiper-lazy-preloader swiper-lazy-preloader-black\"><\/span><\/div><div class=\"swiper-slide flagpm_photo\" data-photo-id=\"18524\"><img data-src=\"https:\/\/bobvarela.com\/wp-content\/flagallery\/mango-desfile-primavera-verano-2015-en-el-080-barcelona\/thumbs\/thumbs_mango-051.jpg\" alt=\"080 Barcelona Fall\/Winter 2015-2016\" class=\"noLazy flagpm_photo swiper-lazy flagpm_photo_portrait\"><span class=\"swiper-lazy-preloader swiper-lazy-preloader-black\"><\/span><\/div><div class=\"swiper-slide flagpm_photo\" data-photo-id=\"18525\"><img data-src=\"https:\/\/bobvarela.com\/wp-content\/flagallery\/mango-desfile-primavera-verano-2015-en-el-080-barcelona\/thumbs\/thumbs_mango-052.jpg\" alt=\"080 Barcelona Fall\/Winter 2015-2016\" class=\"noLazy flagpm_photo swiper-lazy flagpm_photo_portrait\"><span class=\"swiper-lazy-preloader swiper-lazy-preloader-black\"><\/span><\/div><div class=\"swiper-slide flagpm_photo\" data-photo-id=\"18526\"><img data-src=\"https:\/\/bobvarela.com\/wp-content\/flagallery\/mango-desfile-primavera-verano-2015-en-el-080-barcelona\/thumbs\/thumbs_mango-054.jpg\" alt=\"080 Barcelona Fall\/Winter 2015-2016\" class=\"noLazy flagpm_photo swiper-lazy flagpm_photo_portrait\"><span class=\"swiper-lazy-preloader swiper-lazy-preloader-black\"><\/span><\/div><div class=\"swiper-slide flagpm_photo\" data-photo-id=\"18527\"><img data-src=\"https:\/\/bobvarela.com\/wp-content\/flagallery\/mango-desfile-primavera-verano-2015-en-el-080-barcelona\/thumbs\/thumbs_mango-055.jpg\" alt=\"080 Barcelona Fall\/Winter 2015-2016\" class=\"noLazy flagpm_photo swiper-lazy flagpm_photo_portrait\"><span class=\"swiper-lazy-preloader swiper-lazy-preloader-black\"><\/span><\/div><div class=\"swiper-slide flagpm_photo\" data-photo-id=\"18528\"><img data-src=\"https:\/\/bobvarela.com\/wp-content\/flagallery\/mango-desfile-primavera-verano-2015-en-el-080-barcelona\/thumbs\/thumbs_mango-056.jpg\" alt=\"080 Barcelona Fall\/Winter 2015-2016\" class=\"noLazy flagpm_photo swiper-lazy flagpm_photo_portrait\"><span class=\"swiper-lazy-preloader swiper-lazy-preloader-black\"><\/span><\/div><div class=\"swiper-slide flagpm_photo\" data-photo-id=\"18529\"><img data-src=\"https:\/\/bobvarela.com\/wp-content\/flagallery\/mango-desfile-primavera-verano-2015-en-el-080-barcelona\/thumbs\/thumbs_mango-058.jpg\" alt=\"080 Barcelona Fall\/Winter 2015-2016\" class=\"noLazy flagpm_photo swiper-lazy flagpm_photo_portrait\"><span class=\"swiper-lazy-preloader swiper-lazy-preloader-black\"><\/span><\/div><div class=\"swiper-slide flagpm_photo\" data-photo-id=\"18530\"><img data-src=\"https:\/\/bobvarela.com\/wp-content\/flagallery\/mango-desfile-primavera-verano-2015-en-el-080-barcelona\/thumbs\/thumbs_mango-059.jpg\" alt=\"080 Barcelona Fall\/Winter 2015-2016\" class=\"noLazy flagpm_photo swiper-lazy flagpm_photo_portrait\"><span class=\"swiper-lazy-preloader swiper-lazy-preloader-black\"><\/span><\/div><div class=\"swiper-slide flagpm_photo\" data-photo-id=\"18531\"><img data-src=\"https:\/\/bobvarela.com\/wp-content\/flagallery\/mango-desfile-primavera-verano-2015-en-el-080-barcelona\/thumbs\/thumbs_mango-060.jpg\" alt=\"080 Barcelona Fall\/Winter 2015-2016\" class=\"noLazy flagpm_photo swiper-lazy flagpm_photo_portrait\"><span class=\"swiper-lazy-preloader swiper-lazy-preloader-black\"><\/span><\/div><div class=\"swiper-slide flagpm_photo\" data-photo-id=\"18532\"><img data-src=\"https:\/\/bobvarela.com\/wp-content\/flagallery\/mango-desfile-primavera-verano-2015-en-el-080-barcelona\/thumbs\/thumbs_mango-062.jpg\" alt=\"080 Barcelona Fall\/Winter 2015-2016\" class=\"noLazy flagpm_photo swiper-lazy flagpm_photo_portrait\"><span class=\"swiper-lazy-preloader swiper-lazy-preloader-black\"><\/span><\/div><div class=\"swiper-slide flagpm_photo\" data-photo-id=\"18533\"><img data-src=\"https:\/\/bobvarela.com\/wp-content\/flagallery\/mango-desfile-primavera-verano-2015-en-el-080-barcelona\/thumbs\/thumbs_mango-063.jpg\" alt=\"080 Barcelona Fall\/Winter 2015-2016\" class=\"noLazy flagpm_photo swiper-lazy flagpm_photo_portrait\"><span class=\"swiper-lazy-preloader swiper-lazy-preloader-black\"><\/span><\/div><div class=\"swiper-slide flagpm_photo\" data-photo-id=\"18534\"><img data-src=\"https:\/\/bobvarela.com\/wp-content\/flagallery\/mango-desfile-primavera-verano-2015-en-el-080-barcelona\/thumbs\/thumbs_mango-064.jpg\" alt=\"080 Barcelona Fall\/Winter 2015-2016\" class=\"noLazy flagpm_photo swiper-lazy flagpm_photo_portrait\"><span class=\"swiper-lazy-preloader swiper-lazy-preloader-black\"><\/span><\/div><div class=\"swiper-slide flagpm_photo\" data-photo-id=\"18535\"><img data-src=\"https:\/\/bobvarela.com\/wp-content\/flagallery\/mango-desfile-primavera-verano-2015-en-el-080-barcelona\/thumbs\/thumbs_mango-065.jpg\" alt=\"080 Barcelona Fall\/Winter 2015-2016\" class=\"noLazy flagpm_photo swiper-lazy flagpm_photo_portrait\"><span class=\"swiper-lazy-preloader swiper-lazy-preloader-black\"><\/span><\/div> <\/div> <\/div> <\/div> <div class=\"flagpm_next_button\"><\/div> <\/div> <div class=\"flagpm_big_button_wrap\"> <div class=\"flagpm_share_wrapper\"> <a class=\"flagpm_button flagpm_share\">Share<\/a> <div class=\"flagpm_sharelizers_wrap\"> <ul class=\"flagpm_sharelizers\"> <li style=\"list-style:none;\"><a class=\"flagpm_button flagpm_facebook flagpm_sharelizer\">Facebook<\/a><\/li> <li style=\"list-style:none;\"><a class=\"flagpm_button flagpm_twitter flagpm_sharelizer\">Twitter<\/a><\/li> <li style=\"list-style:none;\"><a class=\"flagpm_button flagpm_pinterest flagpm_sharelizer\">Pinterest<\/a><\/li> <li style=\"list-style:none;\"><a class=\"flagpm_button flagpm_stumbleupon flagpm_sharelizer\">StumbleUpon<\/a><\/li> <\/ul> <\/div> <\/div> <a class=\"flagpm_button flagpm_like\">Like<\/a> <\/div> <div class=\"flagpm_big_button_wrap\"> <a class=\"flagpm_big_button flagpm_download_button\" href=\"https:\/\/bobvarela.com\/wp-content\/flagallery\/mango-desfile-primavera-verano-2015-en-el-080-barcelona\/mango-001.jpg\" download=\"mango-001.jpg\"> <span class=\"flagpm_icon\"><\/span> <span class=\"flagpm_label\">Download<\/span> <\/a> <\/div> <div class=\"flagpm_big_button_wrap\"> <a class=\"flagpm_big_button flagpm_link_button flagpm_inactive\" > <span class=\"flagpm_icon\"><\/span> <span class=\"flagpm_label\">Open Link<\/span> <\/a> <\/div> <\/div> <\/div> <\/div> <div class=\"flagpm_focus_close_full\"> <span><a class=\"flagpm_button flagpm_close\">Close<\/a><\/span> <span><a class=\"flagpm_button flagpm_full\">Full<\/a><\/span> <\/div> <div class=\"flagpm_photo_details\"> <div class=\"flagpm_description_wrap\"> <div class=\"details_title\">Description<\/div> <div class=\"flagpm_description_text_wrap\"> <div class=\"flagpm_slide_description\"><p>080 Barcelona Fall\/Winter 2015-2016<\/p><\/div> <\/div> <\/div> <\/div> <div class=\"flagpm_focus_footer\"> <div class=\"flagpm_focus_keyboard\"> <div class=\"flagpm_focus_keyboard_title\">Keyboard Shortcuts <a class=\"flagpm_focus_keyboard_dismiss\">Dismiss<\/a><\/div> <ul> <li style=\"list-style:none;\"><a data-key=\"p\" class=\"flagpm_key\">S<\/a><span class=\"flagpm_label\">Slideshow<\/span><\/li> <li style=\"list-style:none;\"><a data-key=\"m\" class=\"flagpm_key\">M<\/a><span class=\"flagpm_label\">Maximize<\/span><\/li> <li style=\"list-style:none;\"><a data-key=\"left\" class=\"flagpm_key\">&nbsp;<\/a><span class=\"flagpm_label\">Previous<\/span><\/li> <li style=\"list-style:none;\"><a data-key=\"right\" class=\"flagpm_key\">&nbsp;<\/a><span class=\"flagpm_label\">Next<\/span><\/li> <li style=\"list-style:none;\"><a data-key=\"escape\" class=\"flagpm_key flagpm_esc\">esc<\/a><span class=\"flagpm_label\">Close<\/span><\/li> <\/ul> <\/div> <\/div> <\/div> <script type=\"text\/javascript\"> jQuery(function($) { var settings = {\"base_gallery_width\":\"800\",\"base_gallery_height\":\"500\",\"gallery_min_height\":\"230\",\"scale_mode\":\"fit\",\"initial_slide\":0,\"slideshow_autoplay\":\"0\",\"slideshow_delay\":\"7000\",\"gallery_focus\":\"0\",\"gallery_maximized\":\"0\",\"gallery_focus_maximized\":\"0\",\"keyboard_help\":\"1\",\"show_download_button\":\"1\",\"show_link_button\":\"1\",\"show_description\":\"1\",\"show_share_button\":\"1\",\"show_like_button\":\"1\",\"link_color\":\"#0099e5\",\"link_color_hover\":\"#02adea\",\"download_button_text\":\"Download\",\"link_button_text\":\"Open Link\",\"description_title\":\"Description\",\"key\":\"\",\"name\":\"\",\"gallID\":\"sc1_256\"}; var content = {\"data\":[{\"id\":\"18476\",\"image\":\"https:\\\/\\\/bobvarela.com\\\/wp-content\\\/flagallery\\\/mango-desfile-primavera-verano-2015-en-el-080-barcelona\\\/webview\\\/mango-001.jpg\",\"thumb\":\"https:\\\/\\\/bobvarela.com\\\/wp-content\\\/flagallery\\\/mango-desfile-primavera-verano-2015-en-el-080-barcelona\\\/thumbs\\\/thumbs_mango-001.jpg\",\"file\":\"mango-001.jpg\",\"meta\":{\"aperture\":false,\"credit\":false,\"camera\":false,\"caption\":\"080 Barcelona Fall\\\/Winter 2015-2016\",\"created_timestamp\":\"February 2, 2015 10:11 pm\",\"copyright\":\"\\u00c2\\u00a9 2015 Estrop-Barcelona PHOTOGRAPH FOR EDITORIAL USE ONLY\",\"focal_length\":false,\"iso\":false,\"shutter_speed\":false,\"flash\":false,\"title\":\"080 Barcelona Fall\\\/Winter 2015-2016\",\"keywords\":\"080 Barcelona,Fall\\\/Winter 2015-2016\",\"width\":1337,\"height\":2000,\"saved\":true,\"thumbnail\":{\"width\":220,\"height\":220,\"ewww_image_optimizer\":\"Reduced by 9.4% (2.9&nbsp;kB)\"},\"webview\":{\"0\":802,\"1\":1200,\"2\":2,\"3\":\"width=\\\"802\\\" height=\\\"1200\\\"\",\"bits\":8,\"channels\":3,\"mime\":\"image\\\/jpeg\",\"ewww_image_optimizer\":\"Reduced by 4.3% (4.3&nbsp;kB) - Previously Optimized\"},\"0\":false,\"ewww_image_optimizer\":\"Reduced by 8.2% (15.8&nbsp;kB)\",\"views\":\"100\",\"likes\":\"0\"},\"title\":\"080 Barcelona Fall\\\/Winter 2015-2016\",\"description\":\"<p>080 Barcelona Fall\\\/Winter 2015-2016<\\\/p>\",\"link\":null,\"link_target\":\"\",\"download\":\"https:\\\/\\\/bobvarela.com\\\/wp-content\\\/flagallery\\\/mango-desfile-primavera-verano-2015-en-el-080-barcelona\\\/mango-001.jpg\",\"ratio\":0.66833333333333333481363069950020872056484222412109375},{\"id\":\"18477\",\"image\":\"https:\\\/\\\/bobvarela.com\\\/wp-content\\\/flagallery\\\/mango-desfile-primavera-verano-2015-en-el-080-barcelona\\\/webview\\\/mango-002.jpg\",\"thumb\":\"https:\\\/\\\/bobvarela.com\\\/wp-content\\\/flagallery\\\/mango-desfile-primavera-verano-2015-en-el-080-barcelona\\\/thumbs\\\/thumbs_mango-002.jpg\",\"file\":\"mango-002.jpg\",\"meta\":{\"aperture\":false,\"credit\":false,\"camera\":false,\"caption\":\"080 Barcelona Fall\\\/Winter 2015-2016\",\"created_timestamp\":\"February 2, 2015 10:12 pm\",\"copyright\":\"\\u00c2\\u00a9 2015 Estrop-Barcelona PHOTOGRAPH FOR EDITORIAL USE ONLY\",\"focal_length\":false,\"iso\":false,\"shutter_speed\":false,\"flash\":false,\"title\":\"080 Barcelona Fall\\\/Winter 2015-2016\",\"keywords\":\"080 Barcelona,Fall\\\/Winter 2015-2016\",\"width\":1337,\"height\":2000,\"saved\":true,\"thumbnail\":{\"width\":220,\"height\":220,\"ewww_image_optimizer\":\"Reduced by 8.8% (3.5&nbsp;kB)\"},\"webview\":{\"0\":802,\"1\":1200,\"2\":2,\"3\":\"width=\\\"802\\\" height=\\\"1200\\\"\",\"bits\":8,\"channels\":3,\"mime\":\"image\\\/jpeg\",\"ewww_image_optimizer\":\"Reduced by 3.9% (5.6&nbsp;kB) - Previously Optimized\"},\"0\":false,\"ewww_image_optimizer\":\"Reduced by 8.6% (15.6&nbsp;kB)\",\"views\":\"2\",\"likes\":\"0\"},\"title\":\"080 Barcelona Fall\\\/Winter 2015-2016\",\"description\":\"<p>080 Barcelona Fall\\\/Winter 2015-2016<\\\/p>\",\"link\":null,\"link_target\":\"\",\"download\":\"https:\\\/\\\/bobvarela.com\\\/wp-content\\\/flagallery\\\/mango-desfile-primavera-verano-2015-en-el-080-barcelona\\\/mango-002.jpg\",\"ratio\":0.66833333333333333481363069950020872056484222412109375},{\"id\":\"18478\",\"image\":\"https:\\\/\\\/bobvarela.com\\\/wp-content\\\/flagallery\\\/mango-desfile-primavera-verano-2015-en-el-080-barcelona\\\/webview\\\/mango-003.jpg\",\"thumb\":\"https:\\\/\\\/bobvarela.com\\\/wp-content\\\/flagallery\\\/mango-desfile-primavera-verano-2015-en-el-080-barcelona\\\/thumbs\\\/thumbs_mango-003.jpg\",\"file\":\"mango-003.jpg\",\"meta\":{\"aperture\":false,\"credit\":false,\"camera\":false,\"caption\":\"080 Barcelona Fall\\\/Winter 2015-2016\",\"created_timestamp\":\"February 2, 2015 10:12 pm\",\"copyright\":\"\\u00c2\\u00a9 2015 Estrop-Barcelona PHOTOGRAPH FOR EDITORIAL USE ONLY\",\"focal_length\":false,\"iso\":false,\"shutter_speed\":false,\"flash\":false,\"title\":\"080 Barcelona Fall\\\/Winter 2015-2016\",\"keywords\":\"080 Barcelona,Fall\\\/Winter 2015-2016\",\"width\":1337,\"height\":2000,\"saved\":true,\"thumbnail\":{\"width\":220,\"height\":220,\"ewww_image_optimizer\":\"Reduced by 10.2% (3.4&nbsp;kB)\"},\"webview\":{\"0\":802,\"1\":1200,\"2\":2,\"3\":\"width=\\\"802\\\" height=\\\"1200\\\"\",\"bits\":8,\"channels\":3,\"mime\":\"image\\\/jpeg\",\"ewww_image_optimizer\":\"Reduced by 2.4% (2.4&nbsp;kB) - Previously Optimized\"},\"0\":false,\"ewww_image_optimizer\":\"Reduced by 6.0% (10.5&nbsp;kB)\",\"views\":\"1\",\"likes\":\"0\"},\"title\":\"080 Barcelona Fall\\\/Winter 2015-2016\",\"description\":\"<p>080 Barcelona Fall\\\/Winter 2015-2016<\\\/p>\",\"link\":null,\"link_target\":\"\",\"download\":\"https:\\\/\\\/bobvarela.com\\\/wp-content\\\/flagallery\\\/mango-desfile-primavera-verano-2015-en-el-080-barcelona\\\/mango-003.jpg\",\"ratio\":0.66833333333333333481363069950020872056484222412109375},{\"id\":\"18479\",\"image\":\"https:\\\/\\\/bobvarela.com\\\/wp-content\\\/flagallery\\\/mango-desfile-primavera-verano-2015-en-el-080-barcelona\\\/webview\\\/mango-004.jpg\",\"thumb\":\"https:\\\/\\\/bobvarela.com\\\/wp-content\\\/flagallery\\\/mango-desfile-primavera-verano-2015-en-el-080-barcelona\\\/thumbs\\\/thumbs_mango-004.jpg\",\"file\":\"mango-004.jpg\",\"meta\":{\"aperture\":false,\"credit\":false,\"camera\":false,\"caption\":\"080 Barcelona Fall\\\/Winter 2015-2016\",\"created_timestamp\":\"February 2, 2015 10:12 pm\",\"copyright\":\"\\u00c2\\u00a9 2015 Estrop-Barcelona PHOTOGRAPH FOR EDITORIAL USE ONLY\",\"focal_length\":false,\"iso\":false,\"shutter_speed\":false,\"flash\":false,\"title\":\"080 Barcelona Fall\\\/Winter 2015-2016\",\"keywords\":\"080 Barcelona,Fall\\\/Winter 2015-2016\",\"width\":1337,\"height\":2000,\"saved\":true,\"thumbnail\":{\"width\":220,\"height\":220,\"ewww_image_optimizer\":\"Reduced by 10.4% (4.1&nbsp;kB)\"},\"webview\":{\"0\":802,\"1\":1200,\"2\":2,\"3\":\"width=\\\"802\\\" height=\\\"1200\\\"\",\"bits\":8,\"channels\":3,\"mime\":\"image\\\/jpeg\",\"ewww_image_optimizer\":\"Reduced by 3.1% (4.4&nbsp;kB) - Previously Optimized\"},\"0\":false,\"ewww_image_optimizer\":\"Reduced by 11.9% (20.8&nbsp;kB)\",\"views\":\"1\",\"likes\":\"0\"},\"title\":\"080 Barcelona Fall\\\/Winter 2015-2016\",\"description\":\"<p>080 Barcelona Fall\\\/Winter 2015-2016<\\\/p>\",\"link\":null,\"link_target\":\"\",\"download\":\"https:\\\/\\\/bobvarela.com\\\/wp-content\\\/flagallery\\\/mango-desfile-primavera-verano-2015-en-el-080-barcelona\\\/mango-004.jpg\",\"ratio\":0.66833333333333333481363069950020872056484222412109375},{\"id\":\"18480\",\"image\":\"https:\\\/\\\/bobvarela.com\\\/wp-content\\\/flagallery\\\/mango-desfile-primavera-verano-2015-en-el-080-barcelona\\\/webview\\\/mango-005.jpg\",\"thumb\":\"https:\\\/\\\/bobvarela.com\\\/wp-content\\\/flagallery\\\/mango-desfile-primavera-verano-2015-en-el-080-barcelona\\\/thumbs\\\/thumbs_mango-005.jpg\",\"file\":\"mango-005.jpg\",\"meta\":{\"aperture\":false,\"credit\":false,\"camera\":false,\"caption\":\"080 Barcelona Fall\\\/Winter 2015-2016\",\"created_timestamp\":\"February 2, 2015 10:12 pm\",\"copyright\":\"\\u00c2\\u00a9 2015 Estrop-Barcelona PHOTOGRAPH FOR EDITORIAL USE ONLY\",\"focal_length\":false,\"iso\":false,\"shutter_speed\":false,\"flash\":false,\"title\":\"080 Barcelona Fall\\\/Winter 2015-2016\",\"keywords\":\"080 Barcelona,Fall\\\/Winter 2015-2016\",\"width\":1337,\"height\":2000,\"saved\":true,\"thumbnail\":{\"width\":220,\"height\":220,\"ewww_image_optimizer\":\"Reduced by 9.3% (2.8&nbsp;kB)\"},\"webview\":{\"0\":802,\"1\":1200,\"2\":2,\"3\":\"width=\\\"802\\\" height=\\\"1200\\\"\",\"bits\":8,\"channels\":3,\"mime\":\"image\\\/jpeg\",\"ewww_image_optimizer\":\"Reduced by 3.8% (3.4&nbsp;kB) - Previously Optimized\"},\"0\":false,\"ewww_image_optimizer\":\"Reduced by 16.3% (30.8&nbsp;kB)\",\"views\":\"2\",\"likes\":\"0\"},\"title\":\"080 Barcelona Fall\\\/Winter 2015-2016\",\"description\":\"<p>080 Barcelona Fall\\\/Winter 2015-2016<\\\/p>\",\"link\":null,\"link_target\":\"\",\"download\":\"https:\\\/\\\/bobvarela.com\\\/wp-content\\\/flagallery\\\/mango-desfile-primavera-verano-2015-en-el-080-barcelona\\\/mango-005.jpg\",\"ratio\":0.66833333333333333481363069950020872056484222412109375},{\"id\":\"18481\",\"image\":\"https:\\\/\\\/bobvarela.com\\\/wp-content\\\/flagallery\\\/mango-desfile-primavera-verano-2015-en-el-080-barcelona\\\/webview\\\/mango-006.jpg\",\"thumb\":\"https:\\\/\\\/bobvarela.com\\\/wp-content\\\/flagallery\\\/mango-desfile-primavera-verano-2015-en-el-080-barcelona\\\/thumbs\\\/thumbs_mango-006.jpg\",\"file\":\"mango-006.jpg\",\"meta\":{\"aperture\":false,\"credit\":false,\"camera\":false,\"caption\":\"080 Barcelona Fall\\\/Winter 2015-2016\",\"created_timestamp\":\"February 2, 2015 10:12 pm\",\"copyright\":\"\\u00c2\\u00a9 2015 Estrop-Barcelona PHOTOGRAPH FOR EDITORIAL USE ONLY\",\"focal_length\":false,\"iso\":false,\"shutter_speed\":false,\"flash\":false,\"title\":\"080 Barcelona Fall\\\/Winter 2015-2016\",\"keywords\":\"080 Barcelona,Fall\\\/Winter 2015-2016\",\"width\":1337,\"height\":2000,\"saved\":true,\"thumbnail\":{\"width\":220,\"height\":220,\"ewww_image_optimizer\":\"Reduced by 7.4% (2.7&nbsp;kB)\"},\"webview\":{\"0\":802,\"1\":1200,\"2\":2,\"3\":\"width=\\\"802\\\" height=\\\"1200\\\"\",\"bits\":8,\"channels\":3,\"mime\":\"image\\\/jpeg\",\"ewww_image_optimizer\":\"Reduced by 3.7% (6.3&nbsp;kB) - Previously Optimized\"},\"0\":false,\"ewww_image_optimizer\":\"Reduced by 9.5% (18.2&nbsp;kB)\",\"views\":\"1\",\"likes\":\"0\"},\"title\":\"080 Barcelona Fall\\\/Winter 2015-2016\",\"description\":\"<p>080 Barcelona Fall\\\/Winter 2015-2016<\\\/p>\",\"link\":null,\"link_target\":\"\",\"download\":\"https:\\\/\\\/bobvarela.com\\\/wp-content\\\/flagallery\\\/mango-desfile-primavera-verano-2015-en-el-080-barcelona\\\/mango-006.jpg\",\"ratio\":0.66833333333333333481363069950020872056484222412109375},{\"id\":\"18482\",\"image\":\"https:\\\/\\\/bobvarela.com\\\/wp-content\\\/flagallery\\\/mango-desfile-primavera-verano-2015-en-el-080-barcelona\\\/webview\\\/mango-007.jpg\",\"thumb\":\"https:\\\/\\\/bobvarela.com\\\/wp-content\\\/flagallery\\\/mango-desfile-primavera-verano-2015-en-el-080-barcelona\\\/thumbs\\\/thumbs_mango-007.jpg\",\"file\":\"mango-007.jpg\",\"meta\":{\"aperture\":false,\"credit\":false,\"camera\":false,\"caption\":\"080 Barcelona Fall\\\/Winter 2015-2016\",\"created_timestamp\":\"February 2, 2015 10:12 pm\",\"copyright\":\"\\u00c2\\u00a9 2015 Estrop-Barcelona PHOTOGRAPH FOR EDITORIAL USE ONLY\",\"focal_length\":false,\"iso\":false,\"shutter_speed\":false,\"flash\":false,\"title\":\"080 Barcelona Fall\\\/Winter 2015-2016\",\"keywords\":\"080 Barcelona,Fall\\\/Winter 2015-2016\",\"width\":1337,\"height\":2000,\"saved\":true,\"thumbnail\":{\"width\":220,\"height\":220,\"ewww_image_optimizer\":\"Reduced by 10.1% (3.5&nbsp;kB)\"},\"webview\":{\"0\":802,\"1\":1200,\"2\":2,\"3\":\"width=\\\"802\\\" height=\\\"1200\\\"\",\"bits\":8,\"channels\":3,\"mime\":\"image\\\/jpeg\",\"ewww_image_optimizer\":\"Reduced by 3.3% (3.8&nbsp;kB) - Previously Optimized\"},\"0\":false,\"ewww_image_optimizer\":\"Reduced by 7.4% (12.3&nbsp;kB)\",\"views\":\"3\",\"likes\":\"0\"},\"title\":\"080 Barcelona Fall\\\/Winter 2015-2016\",\"description\":\"<p>080 Barcelona Fall\\\/Winter 2015-2016<\\\/p>\",\"link\":null,\"link_target\":\"\",\"download\":\"https:\\\/\\\/bobvarela.com\\\/wp-content\\\/flagallery\\\/mango-desfile-primavera-verano-2015-en-el-080-barcelona\\\/mango-007.jpg\",\"ratio\":0.66833333333333333481363069950020872056484222412109375},{\"id\":\"18483\",\"image\":\"https:\\\/\\\/bobvarela.com\\\/wp-content\\\/flagallery\\\/mango-desfile-primavera-verano-2015-en-el-080-barcelona\\\/webview\\\/mango-008.jpg\",\"thumb\":\"https:\\\/\\\/bobvarela.com\\\/wp-content\\\/flagallery\\\/mango-desfile-primavera-verano-2015-en-el-080-barcelona\\\/thumbs\\\/thumbs_mango-008.jpg\",\"file\":\"mango-008.jpg\",\"meta\":{\"aperture\":false,\"credit\":false,\"camera\":false,\"caption\":\"080 Barcelona Fall\\\/Winter 2015-2016\",\"created_timestamp\":\"February 2, 2015 10:12 pm\",\"copyright\":\"\\u00c2\\u00a9 2015 Estrop-Barcelona PHOTOGRAPH FOR EDITORIAL USE ONLY\",\"focal_length\":false,\"iso\":false,\"shutter_speed\":false,\"flash\":false,\"title\":\"080 Barcelona Fall\\\/Winter 2015-2016\",\"keywords\":\"080 Barcelona,Fall\\\/Winter 2015-2016\",\"width\":1337,\"height\":2000,\"saved\":true,\"thumbnail\":{\"width\":220,\"height\":220,\"ewww_image_optimizer\":\"Reduced by 12.0% (5.5&nbsp;kB)\"},\"webview\":{\"0\":802,\"1\":1200,\"2\":2,\"3\":\"width=\\\"802\\\" height=\\\"1200\\\"\",\"bits\":8,\"channels\":3,\"mime\":\"image\\\/jpeg\",\"ewww_image_optimizer\":\"Reduced by 3.7% (6.3&nbsp;kB) - Previously Optimized\"},\"0\":false,\"ewww_image_optimizer\":\"Reduced by 6.6% (11.7&nbsp;kB)\",\"views\":\"2\",\"likes\":\"0\"},\"title\":\"080 Barcelona Fall\\\/Winter 2015-2016\",\"description\":\"<p>080 Barcelona Fall\\\/Winter 2015-2016<\\\/p>\",\"link\":null,\"link_target\":\"\",\"download\":\"https:\\\/\\\/bobvarela.com\\\/wp-content\\\/flagallery\\\/mango-desfile-primavera-verano-2015-en-el-080-barcelona\\\/mango-008.jpg\",\"ratio\":0.66833333333333333481363069950020872056484222412109375},{\"id\":\"18484\",\"image\":\"https:\\\/\\\/bobvarela.com\\\/wp-content\\\/flagallery\\\/mango-desfile-primavera-verano-2015-en-el-080-barcelona\\\/webview\\\/mango-009.jpg\",\"thumb\":\"https:\\\/\\\/bobvarela.com\\\/wp-content\\\/flagallery\\\/mango-desfile-primavera-verano-2015-en-el-080-barcelona\\\/thumbs\\\/thumbs_mango-009.jpg\",\"file\":\"mango-009.jpg\",\"meta\":{\"aperture\":false,\"credit\":false,\"camera\":false,\"caption\":\"080 Barcelona Fall\\\/Winter 2015-2016\",\"created_timestamp\":\"February 2, 2015 10:12 pm\",\"copyright\":\"\\u00c2\\u00a9 2015 Estrop-Barcelona PHOTOGRAPH FOR EDITORIAL USE ONLY\",\"focal_length\":false,\"iso\":false,\"shutter_speed\":false,\"flash\":false,\"title\":\"080 Barcelona Fall\\\/Winter 2015-2016\",\"keywords\":\"080 Barcelona,Fall\\\/Winter 2015-2016\",\"width\":1337,\"height\":2000,\"saved\":true,\"thumbnail\":{\"width\":220,\"height\":220,\"ewww_image_optimizer\":\"Reduced by 9.7% (3.2&nbsp;kB)\"},\"webview\":{\"0\":802,\"1\":1200,\"2\":2,\"3\":\"width=\\\"802\\\" height=\\\"1200\\\"\",\"bits\":8,\"channels\":3,\"mime\":\"image\\\/jpeg\",\"ewww_image_optimizer\":\"Reduced by 3.4% (3.6&nbsp;kB) - Previously Optimized\"},\"0\":false,\"ewww_image_optimizer\":\"Reduced by 7.7% (12.5&nbsp;kB)\",\"views\":\"1\",\"likes\":\"0\"},\"title\":\"080 Barcelona Fall\\\/Winter 2015-2016\",\"description\":\"<p>080 Barcelona Fall\\\/Winter 2015-2016<\\\/p>\",\"link\":null,\"link_target\":\"\",\"download\":\"https:\\\/\\\/bobvarela.com\\\/wp-content\\\/flagallery\\\/mango-desfile-primavera-verano-2015-en-el-080-barcelona\\\/mango-009.jpg\",\"ratio\":0.66833333333333333481363069950020872056484222412109375},{\"id\":\"18485\",\"image\":\"https:\\\/\\\/bobvarela.com\\\/wp-content\\\/flagallery\\\/mango-desfile-primavera-verano-2015-en-el-080-barcelona\\\/webview\\\/mango-010.jpg\",\"thumb\":\"https:\\\/\\\/bobvarela.com\\\/wp-content\\\/flagallery\\\/mango-desfile-primavera-verano-2015-en-el-080-barcelona\\\/thumbs\\\/thumbs_mango-010.jpg\",\"file\":\"mango-010.jpg\",\"meta\":{\"aperture\":false,\"credit\":false,\"camera\":false,\"caption\":\"080 Barcelona Fall\\\/Winter 2015-2016\",\"created_timestamp\":\"February 2, 2015 10:12 pm\",\"copyright\":\"\\u00c2\\u00a9 2015 Estrop-Barcelona PHOTOGRAPH FOR EDITORIAL USE ONLY\",\"focal_length\":false,\"iso\":false,\"shutter_speed\":false,\"flash\":false,\"title\":\"080 Barcelona Fall\\\/Winter 2015-2016\",\"keywords\":\"080 Barcelona,Fall\\\/Winter 2015-2016\",\"width\":1337,\"height\":2000,\"saved\":true,\"thumbnail\":{\"width\":220,\"height\":220,\"ewww_image_optimizer\":\"Reduced by 10.5% (4.6&nbsp;kB)\"},\"webview\":{\"0\":802,\"1\":1200,\"2\":2,\"3\":\"width=\\\"802\\\" height=\\\"1200\\\"\",\"bits\":8,\"channels\":3,\"mime\":\"image\\\/jpeg\",\"ewww_image_optimizer\":\"Reduced by 3.9% (6.5&nbsp;kB) - Previously Optimized\"},\"0\":false,\"ewww_image_optimizer\":\"Reduced by 4.9% (8.1&nbsp;kB)\",\"views\":\"2\",\"likes\":\"0\"},\"title\":\"080 Barcelona Fall\\\/Winter 2015-2016\",\"description\":\"<p>080 Barcelona Fall\\\/Winter 2015-2016<\\\/p>\",\"link\":null,\"link_target\":\"\",\"download\":\"https:\\\/\\\/bobvarela.com\\\/wp-content\\\/flagallery\\\/mango-desfile-primavera-verano-2015-en-el-080-barcelona\\\/mango-010.jpg\",\"ratio\":0.66833333333333333481363069950020872056484222412109375},{\"id\":\"18486\",\"image\":\"https:\\\/\\\/bobvarela.com\\\/wp-content\\\/flagallery\\\/mango-desfile-primavera-verano-2015-en-el-080-barcelona\\\/webview\\\/mango-011.jpg\",\"thumb\":\"https:\\\/\\\/bobvarela.com\\\/wp-content\\\/flagallery\\\/mango-desfile-primavera-verano-2015-en-el-080-barcelona\\\/thumbs\\\/thumbs_mango-011.jpg\",\"file\":\"mango-011.jpg\",\"meta\":{\"aperture\":false,\"credit\":false,\"camera\":false,\"caption\":\"080 Barcelona Fall\\\/Winter 2015-2016\",\"created_timestamp\":\"February 2, 2015 10:12 pm\",\"copyright\":\"\\u00c2\\u00a9 2015 Estrop-Barcelona PHOTOGRAPH FOR EDITORIAL USE ONLY\",\"focal_length\":false,\"iso\":false,\"shutter_speed\":false,\"flash\":false,\"title\":\"080 Barcelona Fall\\\/Winter 2015-2016\",\"keywords\":\"080 Barcelona,Fall\\\/Winter 2015-2016\",\"width\":1337,\"height\":2000,\"saved\":true,\"thumbnail\":{\"width\":220,\"height\":220,\"ewww_image_optimizer\":\"Reduced by 10.0% (3.6&nbsp;kB)\"},\"webview\":{\"0\":802,\"1\":1200,\"2\":2,\"3\":\"width=\\\"802\\\" height=\\\"1200\\\"\",\"bits\":8,\"channels\":3,\"mime\":\"image\\\/jpeg\",\"ewww_image_optimizer\":\"Reduced by 2.5% (2.8&nbsp;kB) - Previously Optimized\"},\"0\":false,\"ewww_image_optimizer\":\"Reduced by 6.6% (10.7&nbsp;kB)\",\"views\":\"1\",\"likes\":\"0\"},\"title\":\"080 Barcelona Fall\\\/Winter 2015-2016\",\"description\":\"<p>080 Barcelona Fall\\\/Winter 2015-2016<\\\/p>\",\"link\":null,\"link_target\":\"\",\"download\":\"https:\\\/\\\/bobvarela.com\\\/wp-content\\\/flagallery\\\/mango-desfile-primavera-verano-2015-en-el-080-barcelona\\\/mango-011.jpg\",\"ratio\":0.66833333333333333481363069950020872056484222412109375},{\"id\":\"18487\",\"image\":\"https:\\\/\\\/bobvarela.com\\\/wp-content\\\/flagallery\\\/mango-desfile-primavera-verano-2015-en-el-080-barcelona\\\/webview\\\/mango-012.jpg\",\"thumb\":\"https:\\\/\\\/bobvarela.com\\\/wp-content\\\/flagallery\\\/mango-desfile-primavera-verano-2015-en-el-080-barcelona\\\/thumbs\\\/thumbs_mango-012.jpg\",\"file\":\"mango-012.jpg\",\"meta\":{\"aperture\":false,\"credit\":false,\"camera\":false,\"caption\":\"080 Barcelona Fall\\\/Winter 2015-2016\",\"created_timestamp\":\"February 2, 2015 10:12 pm\",\"copyright\":\"\\u00c2\\u00a9 2015 Estrop-Barcelona PHOTOGRAPH FOR EDITORIAL USE ONLY\",\"focal_length\":false,\"iso\":false,\"shutter_speed\":false,\"flash\":false,\"title\":\"080 Barcelona Fall\\\/Winter 2015-2016\",\"keywords\":\"080 Barcelona,Fall\\\/Winter 2015-2016\",\"width\":1337,\"height\":2000,\"saved\":true,\"thumbnail\":{\"width\":220,\"height\":220,\"ewww_image_optimizer\":\"Reduced by 10.7% (3.9&nbsp;kB)\"},\"webview\":{\"0\":802,\"1\":1200,\"2\":2,\"3\":\"width=\\\"802\\\" height=\\\"1200\\\"\",\"bits\":8,\"channels\":3,\"mime\":\"image\\\/jpeg\",\"ewww_image_optimizer\":\"Reduced by 3.0% (3.7&nbsp;kB) - Previously Optimized\"},\"0\":false,\"ewww_image_optimizer\":\"Reduced by 5.2% (9.5&nbsp;kB)\",\"views\":\"1\",\"likes\":\"0\"},\"title\":\"080 Barcelona Fall\\\/Winter 2015-2016\",\"description\":\"<p>080 Barcelona Fall\\\/Winter 2015-2016<\\\/p>\",\"link\":null,\"link_target\":\"\",\"download\":\"https:\\\/\\\/bobvarela.com\\\/wp-content\\\/flagallery\\\/mango-desfile-primavera-verano-2015-en-el-080-barcelona\\\/mango-012.jpg\",\"ratio\":0.66833333333333333481363069950020872056484222412109375},{\"id\":\"18488\",\"image\":\"https:\\\/\\\/bobvarela.com\\\/wp-content\\\/flagallery\\\/mango-desfile-primavera-verano-2015-en-el-080-barcelona\\\/webview\\\/mango-013.jpg\",\"thumb\":\"https:\\\/\\\/bobvarela.com\\\/wp-content\\\/flagallery\\\/mango-desfile-primavera-verano-2015-en-el-080-barcelona\\\/thumbs\\\/thumbs_mango-013.jpg\",\"file\":\"mango-013.jpg\",\"meta\":{\"aperture\":false,\"credit\":false,\"camera\":false,\"caption\":\"080 Barcelona Fall\\\/Winter 2015-2016\",\"created_timestamp\":\"February 2, 2015 10:12 pm\",\"copyright\":\"\\u00c2\\u00a9 2015 Estrop-Barcelona PHOTOGRAPH FOR EDITORIAL USE ONLY\",\"focal_length\":false,\"iso\":false,\"shutter_speed\":false,\"flash\":false,\"title\":\"080 Barcelona Fall\\\/Winter 2015-2016\",\"keywords\":\"080 Barcelona,Fall\\\/Winter 2015-2016\",\"width\":1337,\"height\":2000,\"saved\":true,\"thumbnail\":{\"width\":220,\"height\":220,\"ewww_image_optimizer\":\"Reduced by 9.8% (3.8&nbsp;kB)\"},\"webview\":{\"0\":802,\"1\":1200,\"2\":2,\"3\":\"width=\\\"802\\\" height=\\\"1200\\\"\",\"bits\":8,\"channels\":3,\"mime\":\"image\\\/jpeg\",\"ewww_image_optimizer\":\"Reduced by 3.1% (4.3&nbsp;kB) - Previously Optimized\"},\"0\":false,\"ewww_image_optimizer\":\"Reduced by 11.3% (19.9&nbsp;kB)\",\"views\":\"1\",\"likes\":\"0\"},\"title\":\"080 Barcelona Fall\\\/Winter 2015-2016\",\"description\":\"<p>080 Barcelona Fall\\\/Winter 2015-2016<\\\/p>\",\"link\":null,\"link_target\":\"\",\"download\":\"https:\\\/\\\/bobvarela.com\\\/wp-content\\\/flagallery\\\/mango-desfile-primavera-verano-2015-en-el-080-barcelona\\\/mango-013.jpg\",\"ratio\":0.66833333333333333481363069950020872056484222412109375},{\"id\":\"18489\",\"image\":\"https:\\\/\\\/bobvarela.com\\\/wp-content\\\/flagallery\\\/mango-desfile-primavera-verano-2015-en-el-080-barcelona\\\/webview\\\/mango-015.jpg\",\"thumb\":\"https:\\\/\\\/bobvarela.com\\\/wp-content\\\/flagallery\\\/mango-desfile-primavera-verano-2015-en-el-080-barcelona\\\/thumbs\\\/thumbs_mango-015.jpg\",\"file\":\"mango-015.jpg\",\"meta\":{\"aperture\":false,\"credit\":false,\"camera\":false,\"caption\":\"080 Barcelona Fall\\\/Winter 2015-2016\",\"created_timestamp\":\"February 2, 2015 10:12 pm\",\"copyright\":\"\\u00c2\\u00a9 2015 Estrop-Barcelona PHOTOGRAPH FOR EDITORIAL USE ONLY\",\"focal_length\":false,\"iso\":false,\"shutter_speed\":false,\"flash\":false,\"title\":\"080 Barcelona Fall\\\/Winter 2015-2016\",\"keywords\":\"080 Barcelona,Fall\\\/Winter 2015-2016\",\"width\":1337,\"height\":2000,\"saved\":true,\"thumbnail\":{\"width\":220,\"height\":220,\"ewww_image_optimizer\":\"Reduced by 7.2% (2.8&nbsp;kB)\"},\"webview\":{\"0\":802,\"1\":1200,\"2\":2,\"3\":\"width=\\\"802\\\" height=\\\"1200\\\"\",\"bits\":8,\"channels\":3,\"mime\":\"image\\\/jpeg\",\"ewww_image_optimizer\":\"Reduced by 3.6% (5.4&nbsp;kB) - Previously Optimized\"},\"0\":false,\"ewww_image_optimizer\":\"Reduced by 7.8% (14.3&nbsp;kB)\",\"views\":\"2\",\"likes\":\"0\"},\"title\":\"080 Barcelona Fall\\\/Winter 2015-2016\",\"description\":\"<p>080 Barcelona Fall\\\/Winter 2015-2016<\\\/p>\",\"link\":null,\"link_target\":\"\",\"download\":\"https:\\\/\\\/bobvarela.com\\\/wp-content\\\/flagallery\\\/mango-desfile-primavera-verano-2015-en-el-080-barcelona\\\/mango-015.jpg\",\"ratio\":0.66833333333333333481363069950020872056484222412109375},{\"id\":\"18490\",\"image\":\"https:\\\/\\\/bobvarela.com\\\/wp-content\\\/flagallery\\\/mango-desfile-primavera-verano-2015-en-el-080-barcelona\\\/webview\\\/mango-016.jpg\",\"thumb\":\"https:\\\/\\\/bobvarela.com\\\/wp-content\\\/flagallery\\\/mango-desfile-primavera-verano-2015-en-el-080-barcelona\\\/thumbs\\\/thumbs_mango-016.jpg\",\"file\":\"mango-016.jpg\",\"meta\":{\"aperture\":false,\"credit\":false,\"camera\":false,\"caption\":\"080 Barcelona Fall\\\/Winter 2015-2016\",\"created_timestamp\":\"February 2, 2015 10:12 pm\",\"copyright\":\"\\u00c2\\u00a9 2015 Estrop-Barcelona PHOTOGRAPH FOR EDITORIAL USE ONLY\",\"focal_length\":false,\"iso\":false,\"shutter_speed\":false,\"flash\":false,\"title\":\"080 Barcelona Fall\\\/Winter 2015-2016\",\"keywords\":\"080 Barcelona,Fall\\\/Winter 2015-2016\",\"width\":1337,\"height\":2000,\"saved\":true,\"thumbnail\":{\"width\":220,\"height\":220,\"ewww_image_optimizer\":\"Reduced by 10.0% (3.7&nbsp;kB)\"},\"webview\":{\"0\":802,\"1\":1200,\"2\":2,\"3\":\"width=\\\"802\\\" height=\\\"1200\\\"\",\"bits\":8,\"channels\":3,\"mime\":\"image\\\/jpeg\",\"ewww_image_optimizer\":\"Reduced by 2.3% (2.6&nbsp;kB) - Previously Optimized\"},\"0\":false,\"ewww_image_optimizer\":\"Reduced by 5.2% (10.2&nbsp;kB)\",\"views\":\"2\",\"likes\":\"0\"},\"title\":\"080 Barcelona Fall\\\/Winter 2015-2016\",\"description\":\"<p>080 Barcelona Fall\\\/Winter 2015-2016<\\\/p>\",\"link\":null,\"link_target\":\"\",\"download\":\"https:\\\/\\\/bobvarela.com\\\/wp-content\\\/flagallery\\\/mango-desfile-primavera-verano-2015-en-el-080-barcelona\\\/mango-016.jpg\",\"ratio\":0.66833333333333333481363069950020872056484222412109375},{\"id\":\"18491\",\"image\":\"https:\\\/\\\/bobvarela.com\\\/wp-content\\\/flagallery\\\/mango-desfile-primavera-verano-2015-en-el-080-barcelona\\\/webview\\\/mango-017.jpg\",\"thumb\":\"https:\\\/\\\/bobvarela.com\\\/wp-content\\\/flagallery\\\/mango-desfile-primavera-verano-2015-en-el-080-barcelona\\\/thumbs\\\/thumbs_mango-017.jpg\",\"file\":\"mango-017.jpg\",\"meta\":{\"aperture\":false,\"credit\":false,\"camera\":false,\"caption\":\"080 Barcelona Fall\\\/Winter 2015-2016\",\"created_timestamp\":\"February 2, 2015 10:13 pm\",\"copyright\":\"\\u00c2\\u00a9 2015 Estrop-Barcelona PHOTOGRAPH FOR EDITORIAL USE ONLY\",\"focal_length\":false,\"iso\":false,\"shutter_speed\":false,\"flash\":false,\"title\":\"080 Barcelona Fall\\\/Winter 2015-2016\",\"keywords\":\"080 Barcelona,Fall\\\/Winter 2015-2016\",\"width\":1337,\"height\":2000,\"saved\":true,\"thumbnail\":{\"width\":220,\"height\":220,\"ewww_image_optimizer\":\"Reduced by 9.8% (3.6&nbsp;kB)\"},\"webview\":{\"0\":802,\"1\":1200,\"2\":2,\"3\":\"width=\\\"802\\\" height=\\\"1200\\\"\",\"bits\":8,\"channels\":3,\"mime\":\"image\\\/jpeg\",\"ewww_image_optimizer\":\"Reduced by 2.9% (3.7&nbsp;kB) - Previously Optimized\"},\"0\":false,\"ewww_image_optimizer\":\"Reduced by 4.5% (8.1&nbsp;kB)\",\"views\":\"2\",\"likes\":\"0\"},\"title\":\"080 Barcelona Fall\\\/Winter 2015-2016\",\"description\":\"<p>080 Barcelona Fall\\\/Winter 2015-2016<\\\/p>\",\"link\":null,\"link_target\":\"\",\"download\":\"https:\\\/\\\/bobvarela.com\\\/wp-content\\\/flagallery\\\/mango-desfile-primavera-verano-2015-en-el-080-barcelona\\\/mango-017.jpg\",\"ratio\":0.66833333333333333481363069950020872056484222412109375},{\"id\":\"18492\",\"image\":\"https:\\\/\\\/bobvarela.com\\\/wp-content\\\/flagallery\\\/mango-desfile-primavera-verano-2015-en-el-080-barcelona\\\/webview\\\/mango-018.jpg\",\"thumb\":\"https:\\\/\\\/bobvarela.com\\\/wp-content\\\/flagallery\\\/mango-desfile-primavera-verano-2015-en-el-080-barcelona\\\/thumbs\\\/thumbs_mango-018.jpg\",\"file\":\"mango-018.jpg\",\"meta\":{\"aperture\":false,\"credit\":false,\"camera\":false,\"caption\":\"080 Barcelona Fall\\\/Winter 2015-2016\",\"created_timestamp\":\"February 2, 2015 10:13 pm\",\"copyright\":\"\\u00c2\\u00a9 2015 Estrop-Barcelona PHOTOGRAPH FOR EDITORIAL USE ONLY\",\"focal_length\":false,\"iso\":false,\"shutter_speed\":false,\"flash\":false,\"title\":\"080 Barcelona Fall\\\/Winter 2015-2016\",\"keywords\":\"080 Barcelona,Fall\\\/Winter 2015-2016\",\"width\":1337,\"height\":2000,\"saved\":true,\"thumbnail\":{\"width\":220,\"height\":220,\"ewww_image_optimizer\":\"Reduced by 9.6% (3.3&nbsp;kB)\"},\"webview\":{\"0\":802,\"1\":1200,\"2\":2,\"3\":\"width=\\\"802\\\" height=\\\"1200\\\"\",\"bits\":8,\"channels\":3,\"mime\":\"image\\\/jpeg\",\"ewww_image_optimizer\":\"Reduced by 2.6% (2.6&nbsp;kB) - Previously Optimized\"},\"0\":false,\"ewww_image_optimizer\":\"Reduced by 6.9% (12.3&nbsp;kB)\",\"views\":\"1\",\"likes\":\"0\"},\"title\":\"080 Barcelona Fall\\\/Winter 2015-2016\",\"description\":\"<p>080 Barcelona Fall\\\/Winter 2015-2016<\\\/p>\",\"link\":null,\"link_target\":\"\",\"download\":\"https:\\\/\\\/bobvarela.com\\\/wp-content\\\/flagallery\\\/mango-desfile-primavera-verano-2015-en-el-080-barcelona\\\/mango-018.jpg\",\"ratio\":0.66833333333333333481363069950020872056484222412109375},{\"id\":\"18493\",\"image\":\"https:\\\/\\\/bobvarela.com\\\/wp-content\\\/flagallery\\\/mango-desfile-primavera-verano-2015-en-el-080-barcelona\\\/webview\\\/mango-019.jpg\",\"thumb\":\"https:\\\/\\\/bobvarela.com\\\/wp-content\\\/flagallery\\\/mango-desfile-primavera-verano-2015-en-el-080-barcelona\\\/thumbs\\\/thumbs_mango-019.jpg\",\"file\":\"mango-019.jpg\",\"meta\":{\"aperture\":false,\"credit\":false,\"camera\":false,\"caption\":\"080 Barcelona Fall\\\/Winter 2015-2016\",\"created_timestamp\":\"February 2, 2015 10:13 pm\",\"copyright\":\"\\u00c2\\u00a9 2015 Estrop-Barcelona PHOTOGRAPH FOR EDITORIAL USE ONLY\",\"focal_length\":false,\"iso\":false,\"shutter_speed\":false,\"flash\":false,\"title\":\"080 Barcelona Fall\\\/Winter 2015-2016\",\"keywords\":\"080 Barcelona,Fall\\\/Winter 2015-2016\",\"width\":1337,\"height\":2000,\"saved\":true,\"thumbnail\":{\"width\":220,\"height\":220,\"ewww_image_optimizer\":\"Reduced by 9.3% (3.4&nbsp;kB)\"},\"webview\":{\"0\":802,\"1\":1200,\"2\":2,\"3\":\"width=\\\"802\\\" height=\\\"1200\\\"\",\"bits\":8,\"channels\":3,\"mime\":\"image\\\/jpeg\",\"ewww_image_optimizer\":\"Reduced by 2.8% (3.2&nbsp;kB) - Previously Optimized\"},\"0\":false,\"ewww_image_optimizer\":\"Reduced by 5.3% (10.7&nbsp;kB)\",\"views\":\"2\",\"likes\":\"0\"},\"title\":\"080 Barcelona Fall\\\/Winter 2015-2016\",\"description\":\"<p>080 Barcelona Fall\\\/Winter 2015-2016<\\\/p>\",\"link\":null,\"link_target\":\"\",\"download\":\"https:\\\/\\\/bobvarela.com\\\/wp-content\\\/flagallery\\\/mango-desfile-primavera-verano-2015-en-el-080-barcelona\\\/mango-019.jpg\",\"ratio\":0.66833333333333333481363069950020872056484222412109375},{\"id\":\"18494\",\"image\":\"https:\\\/\\\/bobvarela.com\\\/wp-content\\\/flagallery\\\/mango-desfile-primavera-verano-2015-en-el-080-barcelona\\\/webview\\\/mango-020.jpg\",\"thumb\":\"https:\\\/\\\/bobvarela.com\\\/wp-content\\\/flagallery\\\/mango-desfile-primavera-verano-2015-en-el-080-barcelona\\\/thumbs\\\/thumbs_mango-020.jpg\",\"file\":\"mango-020.jpg\",\"meta\":{\"aperture\":false,\"credit\":false,\"camera\":false,\"caption\":\"080 Barcelona Fall\\\/Winter 2015-2016\",\"created_timestamp\":\"February 2, 2015 10:13 pm\",\"copyright\":\"\\u00c2\\u00a9 2015 Estrop-Barcelona PHOTOGRAPH FOR EDITORIAL USE ONLY\",\"focal_length\":false,\"iso\":false,\"shutter_speed\":false,\"flash\":false,\"title\":\"080 Barcelona Fall\\\/Winter 2015-2016\",\"keywords\":\"080 Barcelona,Fall\\\/Winter 2015-2016\",\"width\":1337,\"height\":2000,\"saved\":true,\"thumbnail\":{\"width\":220,\"height\":220,\"ewww_image_optimizer\":\"Reduced by 10.1% (3.6&nbsp;kB)\"},\"webview\":{\"0\":802,\"1\":1200,\"2\":2,\"3\":\"width=\\\"802\\\" height=\\\"1200\\\"\",\"bits\":8,\"channels\":3,\"mime\":\"image\\\/jpeg\",\"ewww_image_optimizer\":\"Reduced by 3.3% (4.2&nbsp;kB) - Previously Optimized\"},\"0\":false,\"ewww_image_optimizer\":\"Reduced by 9.9% (16.6&nbsp;kB)\",\"views\":\"2\",\"likes\":\"0\"},\"title\":\"080 Barcelona Fall\\\/Winter 2015-2016\",\"description\":\"<p>080 Barcelona Fall\\\/Winter 2015-2016<\\\/p>\",\"link\":null,\"link_target\":\"\",\"download\":\"https:\\\/\\\/bobvarela.com\\\/wp-content\\\/flagallery\\\/mango-desfile-primavera-verano-2015-en-el-080-barcelona\\\/mango-020.jpg\",\"ratio\":0.66833333333333333481363069950020872056484222412109375},{\"id\":\"18495\",\"image\":\"https:\\\/\\\/bobvarela.com\\\/wp-content\\\/flagallery\\\/mango-desfile-primavera-verano-2015-en-el-080-barcelona\\\/webview\\\/mango-021.jpg\",\"thumb\":\"https:\\\/\\\/bobvarela.com\\\/wp-content\\\/flagallery\\\/mango-desfile-primavera-verano-2015-en-el-080-barcelona\\\/thumbs\\\/thumbs_mango-021.jpg\",\"file\":\"mango-021.jpg\",\"meta\":{\"aperture\":false,\"credit\":false,\"camera\":false,\"caption\":\"080 Barcelona Fall\\\/Winter 2015-2016\",\"created_timestamp\":\"February 2, 2015 10:13 pm\",\"copyright\":\"\\u00c2\\u00a9 2015 Estrop-Barcelona PHOTOGRAPH FOR EDITORIAL USE ONLY\",\"focal_length\":false,\"iso\":false,\"shutter_speed\":false,\"flash\":false,\"title\":\"080 Barcelona Fall\\\/Winter 2015-2016\",\"keywords\":\"080 Barcelona,Fall\\\/Winter 2015-2016\",\"width\":1337,\"height\":2000,\"saved\":true,\"thumbnail\":{\"width\":220,\"height\":220,\"ewww_image_optimizer\":\"Reduced by 11.7% (4.5&nbsp;kB)\"},\"webview\":{\"0\":802,\"1\":1200,\"2\":2,\"3\":\"width=\\\"802\\\" height=\\\"1200\\\"\",\"bits\":8,\"channels\":3,\"mime\":\"image\\\/jpeg\",\"ewww_image_optimizer\":\"Reduced by 5.8% (9.9&nbsp;kB) - Previously Optimized\"},\"0\":false,\"ewww_image_optimizer\":\"Reduced by 10.1% (18.6&nbsp;kB)\",\"views\":\"2\",\"likes\":\"0\"},\"title\":\"080 Barcelona Fall\\\/Winter 2015-2016\",\"description\":\"<p>080 Barcelona Fall\\\/Winter 2015-2016<\\\/p>\",\"link\":null,\"link_target\":\"\",\"download\":\"https:\\\/\\\/bobvarela.com\\\/wp-content\\\/flagallery\\\/mango-desfile-primavera-verano-2015-en-el-080-barcelona\\\/mango-021.jpg\",\"ratio\":0.66833333333333333481363069950020872056484222412109375},{\"id\":\"18496\",\"image\":\"https:\\\/\\\/bobvarela.com\\\/wp-content\\\/flagallery\\\/mango-desfile-primavera-verano-2015-en-el-080-barcelona\\\/webview\\\/mango-022.jpg\",\"thumb\":\"https:\\\/\\\/bobvarela.com\\\/wp-content\\\/flagallery\\\/mango-desfile-primavera-verano-2015-en-el-080-barcelona\\\/thumbs\\\/thumbs_mango-022.jpg\",\"file\":\"mango-022.jpg\",\"meta\":{\"aperture\":false,\"credit\":false,\"camera\":false,\"caption\":false,\"created_timestamp\":\"February 2, 2015 10:13 pm\",\"copyright\":\"Estrop-Barcelona\",\"focal_length\":false,\"iso\":false,\"shutter_speed\":false,\"flash\":false,\"title\":false,\"keywords\":false,\"width\":1337,\"height\":2000,\"saved\":true,\"thumbnail\":{\"width\":220,\"height\":220,\"ewww_image_optimizer\":\"Reduced by 10.8% (3.2&nbsp;kB)\"},\"webview\":{\"0\":802,\"1\":1200,\"2\":2,\"3\":\"width=\\\"802\\\" height=\\\"1200\\\"\",\"bits\":8,\"channels\":3,\"mime\":\"image\\\/jpeg\",\"ewww_image_optimizer\":\"Reduced by 4.7% (4.0&nbsp;kB) - Previously Optimized\"},\"0\":false,\"ewww_image_optimizer\":\"Reduced by 17.8% (29.2&nbsp;kB)\",\"views\":\"1\",\"likes\":\"0\"},\"title\":\"\",\"description\":\"\",\"link\":null,\"link_target\":\"\",\"download\":\"https:\\\/\\\/bobvarela.com\\\/wp-content\\\/flagallery\\\/mango-desfile-primavera-verano-2015-en-el-080-barcelona\\\/mango-022.jpg\",\"ratio\":0.66833333333333333481363069950020872056484222412109375},{\"id\":\"18497\",\"image\":\"https:\\\/\\\/bobvarela.com\\\/wp-content\\\/flagallery\\\/mango-desfile-primavera-verano-2015-en-el-080-barcelona\\\/webview\\\/mango-023.jpg\",\"thumb\":\"https:\\\/\\\/bobvarela.com\\\/wp-content\\\/flagallery\\\/mango-desfile-primavera-verano-2015-en-el-080-barcelona\\\/thumbs\\\/thumbs_mango-023.jpg\",\"file\":\"mango-023.jpg\",\"meta\":{\"aperture\":false,\"credit\":false,\"camera\":false,\"caption\":\"080 Barcelona Fall\\\/Winter 2015-2016\",\"created_timestamp\":\"February 2, 2015 10:13 pm\",\"copyright\":\"\\u00c2\\u00a9 2015 Estrop-Barcelona PHOTOGRAPH FOR EDITORIAL USE ONLY\",\"focal_length\":false,\"iso\":false,\"shutter_speed\":false,\"flash\":false,\"title\":\"080 Barcelona Fall\\\/Winter 2015-2016\",\"keywords\":\"080 Barcelona,Fall\\\/Winter 2015-2016\",\"width\":1337,\"height\":2000,\"saved\":true,\"thumbnail\":{\"width\":220,\"height\":220,\"ewww_image_optimizer\":\"Reduced by 9.8% (3.2&nbsp;kB)\"},\"webview\":{\"0\":802,\"1\":1200,\"2\":2,\"3\":\"width=\\\"802\\\" height=\\\"1200\\\"\",\"bits\":8,\"channels\":3,\"mime\":\"image\\\/jpeg\",\"ewww_image_optimizer\":\"Reduced by 3.1% (3.0&nbsp;kB) - Previously Optimized\"},\"0\":false,\"ewww_image_optimizer\":\"Reduced by 13.5% (26.2&nbsp;kB)\",\"views\":\"1\",\"likes\":\"0\"},\"title\":\"080 Barcelona Fall\\\/Winter 2015-2016\",\"description\":\"<p>080 Barcelona Fall\\\/Winter 2015-2016<\\\/p>\",\"link\":null,\"link_target\":\"\",\"download\":\"https:\\\/\\\/bobvarela.com\\\/wp-content\\\/flagallery\\\/mango-desfile-primavera-verano-2015-en-el-080-barcelona\\\/mango-023.jpg\",\"ratio\":0.66833333333333333481363069950020872056484222412109375},{\"id\":\"18498\",\"image\":\"https:\\\/\\\/bobvarela.com\\\/wp-content\\\/flagallery\\\/mango-desfile-primavera-verano-2015-en-el-080-barcelona\\\/webview\\\/mango-024.jpg\",\"thumb\":\"https:\\\/\\\/bobvarela.com\\\/wp-content\\\/flagallery\\\/mango-desfile-primavera-verano-2015-en-el-080-barcelona\\\/thumbs\\\/thumbs_mango-024.jpg\",\"file\":\"mango-024.jpg\",\"meta\":{\"aperture\":false,\"credit\":false,\"camera\":false,\"caption\":\"080 Barcelona Fall\\\/Winter 2015-2016\",\"created_timestamp\":\"February 2, 2015 10:13 pm\",\"copyright\":\"\\u00c2\\u00a9 2015 Estrop-Barcelona PHOTOGRAPH FOR EDITORIAL USE ONLY\",\"focal_length\":false,\"iso\":false,\"shutter_speed\":false,\"flash\":false,\"title\":\"080 Barcelona Fall\\\/Winter 2015-2016\",\"keywords\":\"080 Barcelona,Fall\\\/Winter 2015-2016\",\"width\":1337,\"height\":2000,\"saved\":true,\"thumbnail\":{\"width\":220,\"height\":220,\"ewww_image_optimizer\":\"Reduced by 9.6% (3.7&nbsp;kB)\"},\"webview\":{\"0\":802,\"1\":1200,\"2\":2,\"3\":\"width=\\\"802\\\" height=\\\"1200\\\"\",\"bits\":8,\"channels\":3,\"mime\":\"image\\\/jpeg\",\"ewww_image_optimizer\":\"Reduced by 3.2% (4.2&nbsp;kB) - Previously Optimized\"},\"0\":false,\"ewww_image_optimizer\":\"Reduced by 7.8% (13.0&nbsp;kB)\",\"views\":\"1\",\"likes\":\"0\"},\"title\":\"080 Barcelona Fall\\\/Winter 2015-2016\",\"description\":\"<p>080 Barcelona Fall\\\/Winter 2015-2016<\\\/p>\",\"link\":null,\"link_target\":\"\",\"download\":\"https:\\\/\\\/bobvarela.com\\\/wp-content\\\/flagallery\\\/mango-desfile-primavera-verano-2015-en-el-080-barcelona\\\/mango-024.jpg\",\"ratio\":0.66833333333333333481363069950020872056484222412109375},{\"id\":\"18499\",\"image\":\"https:\\\/\\\/bobvarela.com\\\/wp-content\\\/flagallery\\\/mango-desfile-primavera-verano-2015-en-el-080-barcelona\\\/webview\\\/mango-025.jpg\",\"thumb\":\"https:\\\/\\\/bobvarela.com\\\/wp-content\\\/flagallery\\\/mango-desfile-primavera-verano-2015-en-el-080-barcelona\\\/thumbs\\\/thumbs_mango-025.jpg\",\"file\":\"mango-025.jpg\",\"meta\":{\"aperture\":false,\"credit\":false,\"camera\":false,\"caption\":\"080 Barcelona Fall\\\/Winter 2015-2016\",\"created_timestamp\":\"February 2, 2015 10:13 pm\",\"copyright\":\"\\u00c2\\u00a9 2015 Estrop-Barcelona PHOTOGRAPH FOR EDITORIAL USE ONLY\",\"focal_length\":false,\"iso\":false,\"shutter_speed\":false,\"flash\":false,\"title\":\"080 Barcelona Fall\\\/Winter 2015-2016\",\"keywords\":\"080 Barcelona,Fall\\\/Winter 2015-2016\",\"width\":1337,\"height\":2000,\"saved\":true,\"thumbnail\":{\"width\":220,\"height\":220,\"ewww_image_optimizer\":\"Reduced by 10.9% (3.9&nbsp;kB)\"},\"webview\":{\"0\":802,\"1\":1200,\"2\":2,\"3\":\"width=\\\"802\\\" height=\\\"1200\\\"\",\"bits\":8,\"channels\":3,\"mime\":\"image\\\/jpeg\",\"ewww_image_optimizer\":\"Reduced by 2.4% (2.5&nbsp;kB) - Previously Optimized\"},\"0\":false,\"ewww_image_optimizer\":\"Reduced by 5.5% (10.2&nbsp;kB)\",\"views\":\"2\",\"likes\":\"0\"},\"title\":\"080 Barcelona Fall\\\/Winter 2015-2016\",\"description\":\"<p>080 Barcelona Fall\\\/Winter 2015-2016<\\\/p>\",\"link\":null,\"link_target\":\"\",\"download\":\"https:\\\/\\\/bobvarela.com\\\/wp-content\\\/flagallery\\\/mango-desfile-primavera-verano-2015-en-el-080-barcelona\\\/mango-025.jpg\",\"ratio\":0.66833333333333333481363069950020872056484222412109375},{\"id\":\"18500\",\"image\":\"https:\\\/\\\/bobvarela.com\\\/wp-content\\\/flagallery\\\/mango-desfile-primavera-verano-2015-en-el-080-barcelona\\\/webview\\\/mango-026.jpg\",\"thumb\":\"https:\\\/\\\/bobvarela.com\\\/wp-content\\\/flagallery\\\/mango-desfile-primavera-verano-2015-en-el-080-barcelona\\\/thumbs\\\/thumbs_mango-026.jpg\",\"file\":\"mango-026.jpg\",\"meta\":{\"aperture\":false,\"credit\":false,\"camera\":false,\"caption\":\"080 Barcelona Fall\\\/Winter 2015-2016\",\"created_timestamp\":\"February 2, 2015 10:13 pm\",\"copyright\":\"\\u00c2\\u00a9 2015 Estrop-Barcelona PHOTOGRAPH FOR EDITORIAL USE ONLY\",\"focal_length\":false,\"iso\":false,\"shutter_speed\":false,\"flash\":false,\"title\":\"080 Barcelona Fall\\\/Winter 2015-2016\",\"keywords\":\"080 Barcelona,Fall\\\/Winter 2015-2016\",\"width\":1337,\"height\":2000,\"saved\":true,\"thumbnail\":{\"width\":220,\"height\":220,\"ewww_image_optimizer\":\"Reduced by 11.0% (4.3&nbsp;kB)\"},\"webview\":{\"0\":802,\"1\":1200,\"2\":2,\"3\":\"width=\\\"802\\\" height=\\\"1200\\\"\",\"bits\":8,\"channels\":3,\"mime\":\"image\\\/jpeg\",\"ewww_image_optimizer\":\"Reduced by 3.0% (4.1&nbsp;kB) - Previously Optimized\"},\"0\":false,\"ewww_image_optimizer\":\"Reduced by 6.6% (11.3&nbsp;kB)\",\"views\":\"1\",\"likes\":\"0\"},\"title\":\"080 Barcelona Fall\\\/Winter 2015-2016\",\"description\":\"<p>080 Barcelona Fall\\\/Winter 2015-2016<\\\/p>\",\"link\":null,\"link_target\":\"\",\"download\":\"https:\\\/\\\/bobvarela.com\\\/wp-content\\\/flagallery\\\/mango-desfile-primavera-verano-2015-en-el-080-barcelona\\\/mango-026.jpg\",\"ratio\":0.66833333333333333481363069950020872056484222412109375},{\"id\":\"18501\",\"image\":\"https:\\\/\\\/bobvarela.com\\\/wp-content\\\/flagallery\\\/mango-desfile-primavera-verano-2015-en-el-080-barcelona\\\/webview\\\/mango-027.jpg\",\"thumb\":\"https:\\\/\\\/bobvarela.com\\\/wp-content\\\/flagallery\\\/mango-desfile-primavera-verano-2015-en-el-080-barcelona\\\/thumbs\\\/thumbs_mango-027.jpg\",\"file\":\"mango-027.jpg\",\"meta\":{\"aperture\":false,\"credit\":false,\"camera\":false,\"caption\":\"080 Barcelona Fall\\\/Winter 2015-2016\",\"created_timestamp\":\"February 2, 2015 10:13 pm\",\"copyright\":\"\\u00c2\\u00a9 2015 Estrop-Barcelona PHOTOGRAPH FOR EDITORIAL USE ONLY\",\"focal_length\":false,\"iso\":false,\"shutter_speed\":false,\"flash\":false,\"title\":\"080 Barcelona Fall\\\/Winter 2015-2016\",\"keywords\":\"080 Barcelona,Fall\\\/Winter 2015-2016\",\"width\":1337,\"height\":2000,\"saved\":true,\"thumbnail\":{\"width\":220,\"height\":220,\"ewww_image_optimizer\":\"Reduced by 9.8% (3.2&nbsp;kB)\"},\"webview\":{\"0\":802,\"1\":1200,\"2\":2,\"3\":\"width=\\\"802\\\" height=\\\"1200\\\"\",\"bits\":8,\"channels\":3,\"mime\":\"image\\\/jpeg\",\"ewww_image_optimizer\":\"Reduced by 2.4% (2.1&nbsp;kB) - Previously Optimized\"},\"0\":false,\"ewww_image_optimizer\":\"Reduced by 16.0% (28.1&nbsp;kB)\",\"views\":\"1\",\"likes\":\"0\"},\"title\":\"080 Barcelona Fall\\\/Winter 2015-2016\",\"description\":\"<p>080 Barcelona Fall\\\/Winter 2015-2016<\\\/p>\",\"link\":null,\"link_target\":\"\",\"download\":\"https:\\\/\\\/bobvarela.com\\\/wp-content\\\/flagallery\\\/mango-desfile-primavera-verano-2015-en-el-080-barcelona\\\/mango-027.jpg\",\"ratio\":0.66833333333333333481363069950020872056484222412109375},{\"id\":\"18502\",\"image\":\"https:\\\/\\\/bobvarela.com\\\/wp-content\\\/flagallery\\\/mango-desfile-primavera-verano-2015-en-el-080-barcelona\\\/webview\\\/mango-028.jpg\",\"thumb\":\"https:\\\/\\\/bobvarela.com\\\/wp-content\\\/flagallery\\\/mango-desfile-primavera-verano-2015-en-el-080-barcelona\\\/thumbs\\\/thumbs_mango-028.jpg\",\"file\":\"mango-028.jpg\",\"meta\":{\"aperture\":false,\"credit\":false,\"camera\":false,\"caption\":\"080 Barcelona Fall\\\/Winter 2015-2016\",\"created_timestamp\":\"February 2, 2015 10:13 pm\",\"copyright\":\"\\u00c2\\u00a9 2015 Estrop-Barcelona PHOTOGRAPH FOR EDITORIAL USE ONLY\",\"focal_length\":false,\"iso\":false,\"shutter_speed\":false,\"flash\":false,\"title\":\"080 Barcelona Fall\\\/Winter 2015-2016\",\"keywords\":\"080 Barcelona,Fall\\\/Winter 2015-2016\",\"width\":1337,\"height\":2000,\"saved\":true,\"thumbnail\":{\"width\":220,\"height\":220,\"ewww_image_optimizer\":\"Reduced by 9.8% (3.1&nbsp;kB)\"},\"webview\":{\"0\":802,\"1\":1200,\"2\":2,\"3\":\"width=\\\"802\\\" height=\\\"1200\\\"\",\"bits\":8,\"channels\":3,\"mime\":\"image\\\/jpeg\",\"ewww_image_optimizer\":\"Reduced by 2.7% (2.6&nbsp;kB) - Previously Optimized\"},\"0\":false,\"ewww_image_optimizer\":\"Reduced by 14.1% (27.2&nbsp;kB)\",\"views\":\"2\",\"likes\":\"0\"},\"title\":\"080 Barcelona Fall\\\/Winter 2015-2016\",\"description\":\"<p>080 Barcelona Fall\\\/Winter 2015-2016<\\\/p>\",\"link\":null,\"link_target\":\"\",\"download\":\"https:\\\/\\\/bobvarela.com\\\/wp-content\\\/flagallery\\\/mango-desfile-primavera-verano-2015-en-el-080-barcelona\\\/mango-028.jpg\",\"ratio\":0.66833333333333333481363069950020872056484222412109375},{\"id\":\"18503\",\"image\":\"https:\\\/\\\/bobvarela.com\\\/wp-content\\\/flagallery\\\/mango-desfile-primavera-verano-2015-en-el-080-barcelona\\\/webview\\\/mango-029.jpg\",\"thumb\":\"https:\\\/\\\/bobvarela.com\\\/wp-content\\\/flagallery\\\/mango-desfile-primavera-verano-2015-en-el-080-barcelona\\\/thumbs\\\/thumbs_mango-029.jpg\",\"file\":\"mango-029.jpg\",\"meta\":{\"aperture\":false,\"credit\":false,\"camera\":false,\"caption\":\"080 Barcelona Fall\\\/Winter 2015-2016\",\"created_timestamp\":\"February 2, 2015 10:13 pm\",\"copyright\":\"\\u00c2\\u00a9 2015 Estrop-Barcelona PHOTOGRAPH FOR EDITORIAL USE ONLY\",\"focal_length\":false,\"iso\":false,\"shutter_speed\":false,\"flash\":false,\"title\":\"080 Barcelona Fall\\\/Winter 2015-2016\",\"keywords\":\"080 Barcelona,Fall\\\/Winter 2015-2016\",\"width\":1337,\"height\":2000,\"saved\":true,\"thumbnail\":{\"width\":220,\"height\":220,\"ewww_image_optimizer\":\"Reduced by 10.4% (3.3&nbsp;kB)\"},\"webview\":{\"0\":802,\"1\":1200,\"2\":2,\"3\":\"width=\\\"802\\\" height=\\\"1200\\\"\",\"bits\":8,\"channels\":3,\"mime\":\"image\\\/jpeg\",\"ewww_image_optimizer\":\"Reduced by 2.9% (2.7&nbsp;kB) - Previously Optimized\"},\"0\":false,\"ewww_image_optimizer\":\"Reduced by 14.6% (27.8&nbsp;kB)\",\"views\":\"2\",\"likes\":\"0\"},\"title\":\"080 Barcelona Fall\\\/Winter 2015-2016\",\"description\":\"<p>080 Barcelona Fall\\\/Winter 2015-2016<\\\/p>\",\"link\":null,\"link_target\":\"\",\"download\":\"https:\\\/\\\/bobvarela.com\\\/wp-content\\\/flagallery\\\/mango-desfile-primavera-verano-2015-en-el-080-barcelona\\\/mango-029.jpg\",\"ratio\":0.66833333333333333481363069950020872056484222412109375},{\"id\":\"18504\",\"image\":\"https:\\\/\\\/bobvarela.com\\\/wp-content\\\/flagallery\\\/mango-desfile-primavera-verano-2015-en-el-080-barcelona\\\/webview\\\/mango-030.jpg\",\"thumb\":\"https:\\\/\\\/bobvarela.com\\\/wp-content\\\/flagallery\\\/mango-desfile-primavera-verano-2015-en-el-080-barcelona\\\/thumbs\\\/thumbs_mango-030.jpg\",\"file\":\"mango-030.jpg\",\"meta\":{\"aperture\":false,\"credit\":false,\"camera\":false,\"caption\":\"080 Barcelona Fall\\\/Winter 2015-2016\",\"created_timestamp\":\"February 2, 2015 10:13 pm\",\"copyright\":\"\\u00c2\\u00a9 2015 Estrop-Barcelona PHOTOGRAPH FOR EDITORIAL USE ONLY\",\"focal_length\":false,\"iso\":false,\"shutter_speed\":false,\"flash\":false,\"title\":\"080 Barcelona Fall\\\/Winter 2015-2016\",\"keywords\":\"080 Barcelona,Fall\\\/Winter 2015-2016\",\"width\":1337,\"height\":2000,\"saved\":true,\"thumbnail\":{\"width\":220,\"height\":220,\"ewww_image_optimizer\":\"Reduced by 10.7% (4.3&nbsp;kB)\"},\"webview\":{\"0\":802,\"1\":1200,\"2\":2,\"3\":\"width=\\\"802\\\" height=\\\"1200\\\"\",\"bits\":8,\"channels\":3,\"mime\":\"image\\\/jpeg\",\"ewww_image_optimizer\":\"Reduced by 2.8% (3.8&nbsp;kB) - Previously Optimized\"},\"0\":false,\"ewww_image_optimizer\":\"Reduced by 6.2% (10.4&nbsp;kB)\",\"views\":\"2\",\"likes\":\"0\"},\"title\":\"080 Barcelona Fall\\\/Winter 2015-2016\",\"description\":\"<p>080 Barcelona Fall\\\/Winter 2015-2016<\\\/p>\",\"link\":null,\"link_target\":\"\",\"download\":\"https:\\\/\\\/bobvarela.com\\\/wp-content\\\/flagallery\\\/mango-desfile-primavera-verano-2015-en-el-080-barcelona\\\/mango-030.jpg\",\"ratio\":0.66833333333333333481363069950020872056484222412109375},{\"id\":\"18505\",\"image\":\"https:\\\/\\\/bobvarela.com\\\/wp-content\\\/flagallery\\\/mango-desfile-primavera-verano-2015-en-el-080-barcelona\\\/webview\\\/mango-031.jpg\",\"thumb\":\"https:\\\/\\\/bobvarela.com\\\/wp-content\\\/flagallery\\\/mango-desfile-primavera-verano-2015-en-el-080-barcelona\\\/thumbs\\\/thumbs_mango-031.jpg\",\"file\":\"mango-031.jpg\",\"meta\":{\"aperture\":false,\"credit\":false,\"camera\":false,\"caption\":\"080 Barcelona Fall\\\/Winter 2015-2016\",\"created_timestamp\":\"February 2, 2015 10:13 pm\",\"copyright\":\"\\u00c2\\u00a9 2015 Estrop-Barcelona PHOTOGRAPH FOR EDITORIAL USE ONLY\",\"focal_length\":false,\"iso\":false,\"shutter_speed\":false,\"flash\":false,\"title\":\"080 Barcelona Fall\\\/Winter 2015-2016\",\"keywords\":\"080 Barcelona,Fall\\\/Winter 2015-2016\",\"width\":1337,\"height\":2000,\"saved\":true,\"thumbnail\":{\"width\":220,\"height\":220,\"ewww_image_optimizer\":\"Reduced by 10.9% (3.6&nbsp;kB)\"},\"webview\":{\"0\":802,\"1\":1200,\"2\":2,\"3\":\"width=\\\"802\\\" height=\\\"1200\\\"\",\"bits\":8,\"channels\":3,\"mime\":\"image\\\/jpeg\",\"ewww_image_optimizer\":\"Reduced by 3.4% (3.8&nbsp;kB) - Previously Optimized\"},\"0\":false,\"ewww_image_optimizer\":\"Reduced by 15.0% (27.8&nbsp;kB)\",\"views\":\"2\",\"likes\":\"0\"},\"title\":\"080 Barcelona Fall\\\/Winter 2015-2016\",\"description\":\"<p>080 Barcelona Fall\\\/Winter 2015-2016<\\\/p>\",\"link\":null,\"link_target\":\"\",\"download\":\"https:\\\/\\\/bobvarela.com\\\/wp-content\\\/flagallery\\\/mango-desfile-primavera-verano-2015-en-el-080-barcelona\\\/mango-031.jpg\",\"ratio\":0.66833333333333333481363069950020872056484222412109375},{\"id\":\"18506\",\"image\":\"https:\\\/\\\/bobvarela.com\\\/wp-content\\\/flagallery\\\/mango-desfile-primavera-verano-2015-en-el-080-barcelona\\\/webview\\\/mango-033.jpg\",\"thumb\":\"https:\\\/\\\/bobvarela.com\\\/wp-content\\\/flagallery\\\/mango-desfile-primavera-verano-2015-en-el-080-barcelona\\\/thumbs\\\/thumbs_mango-033.jpg\",\"file\":\"mango-033.jpg\",\"meta\":{\"aperture\":false,\"credit\":false,\"camera\":false,\"caption\":\"080 Barcelona Fall\\\/Winter 2015-2016\",\"created_timestamp\":\"February 2, 2015 10:14 pm\",\"copyright\":\"\\u00c2\\u00a9 2015 Estrop-Barcelona PHOTOGRAPH FOR EDITORIAL USE ONLY\",\"focal_length\":false,\"iso\":false,\"shutter_speed\":false,\"flash\":false,\"title\":\"080 Barcelona Fall\\\/Winter 2015-2016\",\"keywords\":\"080 Barcelona,Fall\\\/Winter 2015-2016\",\"width\":1337,\"height\":2000,\"saved\":true,\"thumbnail\":{\"width\":220,\"height\":220,\"ewww_image_optimizer\":\"Reduced by 9.7% (3.0&nbsp;kB)\"},\"webview\":{\"0\":802,\"1\":1200,\"2\":2,\"3\":\"width=\\\"802\\\" height=\\\"1200\\\"\",\"bits\":8,\"channels\":3,\"mime\":\"image\\\/jpeg\",\"ewww_image_optimizer\":\"Reduced by 3.8% (3.6&nbsp;kB) - Previously Optimized\"},\"0\":false,\"ewww_image_optimizer\":\"Reduced by 8.2% (14.2&nbsp;kB)\",\"views\":\"2\",\"likes\":\"0\"},\"title\":\"080 Barcelona Fall\\\/Winter 2015-2016\",\"description\":\"<p>080 Barcelona Fall\\\/Winter 2015-2016<\\\/p>\",\"link\":null,\"link_target\":\"\",\"download\":\"https:\\\/\\\/bobvarela.com\\\/wp-content\\\/flagallery\\\/mango-desfile-primavera-verano-2015-en-el-080-barcelona\\\/mango-033.jpg\",\"ratio\":0.66833333333333333481363069950020872056484222412109375},{\"id\":\"18507\",\"image\":\"https:\\\/\\\/bobvarela.com\\\/wp-content\\\/flagallery\\\/mango-desfile-primavera-verano-2015-en-el-080-barcelona\\\/webview\\\/mango-034.jpg\",\"thumb\":\"https:\\\/\\\/bobvarela.com\\\/wp-content\\\/flagallery\\\/mango-desfile-primavera-verano-2015-en-el-080-barcelona\\\/thumbs\\\/thumbs_mango-034.jpg\",\"file\":\"mango-034.jpg\",\"meta\":{\"aperture\":false,\"credit\":false,\"camera\":false,\"caption\":\"080 Barcelona Fall\\\/Winter 2015-2016\",\"created_timestamp\":\"February 2, 2015 10:14 pm\",\"copyright\":\"\\u00c2\\u00a9 2015 Estrop-Barcelona PHOTOGRAPH FOR EDITORIAL USE ONLY\",\"focal_length\":false,\"iso\":false,\"shutter_speed\":false,\"flash\":false,\"title\":\"080 Barcelona Fall\\\/Winter 2015-2016\",\"keywords\":\"080 Barcelona,Fall\\\/Winter 2015-2016\",\"width\":1337,\"height\":2000,\"saved\":true,\"thumbnail\":{\"width\":220,\"height\":220,\"ewww_image_optimizer\":\"Reduced by 9.9% (3.8&nbsp;kB)\"},\"webview\":{\"0\":802,\"1\":1200,\"2\":2,\"3\":\"width=\\\"802\\\" height=\\\"1200\\\"\",\"bits\":8,\"channels\":3,\"mime\":\"image\\\/jpeg\",\"ewww_image_optimizer\":\"Reduced by 3.7% (5.0&nbsp;kB) - Previously Optimized\"},\"0\":false,\"ewww_image_optimizer\":\"Reduced by 8.6% (15.4&nbsp;kB)\",\"views\":\"1\",\"likes\":\"0\"},\"title\":\"080 Barcelona Fall\\\/Winter 2015-2016\",\"description\":\"<p>080 Barcelona Fall\\\/Winter 2015-2016<\\\/p>\",\"link\":null,\"link_target\":\"\",\"download\":\"https:\\\/\\\/bobvarela.com\\\/wp-content\\\/flagallery\\\/mango-desfile-primavera-verano-2015-en-el-080-barcelona\\\/mango-034.jpg\",\"ratio\":0.66833333333333333481363069950020872056484222412109375},{\"id\":\"18508\",\"image\":\"https:\\\/\\\/bobvarela.com\\\/wp-content\\\/flagallery\\\/mango-desfile-primavera-verano-2015-en-el-080-barcelona\\\/webview\\\/mango-035.jpg\",\"thumb\":\"https:\\\/\\\/bobvarela.com\\\/wp-content\\\/flagallery\\\/mango-desfile-primavera-verano-2015-en-el-080-barcelona\\\/thumbs\\\/thumbs_mango-035.jpg\",\"file\":\"mango-035.jpg\",\"meta\":{\"aperture\":false,\"credit\":false,\"camera\":false,\"caption\":\"080 Barcelona Fall\\\/Winter 2015-2016\",\"created_timestamp\":\"February 2, 2015 10:14 pm\",\"copyright\":\"\\u00c2\\u00a9 2015 Estrop-Barcelona PHOTOGRAPH FOR EDITORIAL USE ONLY\",\"focal_length\":false,\"iso\":false,\"shutter_speed\":false,\"flash\":false,\"title\":\"080 Barcelona Fall\\\/Winter 2015-2016\",\"keywords\":\"080 Barcelona,Fall\\\/Winter 2015-2016\",\"width\":1337,\"height\":2000,\"saved\":true,\"thumbnail\":{\"width\":220,\"height\":220,\"ewww_image_optimizer\":\"Reduced by 10.6% (3.6&nbsp;kB)\"},\"webview\":{\"0\":802,\"1\":1200,\"2\":2,\"3\":\"width=\\\"802\\\" height=\\\"1200\\\"\",\"bits\":8,\"channels\":3,\"mime\":\"image\\\/jpeg\",\"ewww_image_optimizer\":\"Reduced by 3.5% (3.7&nbsp;kB) - Previously Optimized\"},\"0\":false,\"ewww_image_optimizer\":\"Reduced by 6.8% (12.8&nbsp;kB)\",\"views\":\"1\",\"likes\":\"0\"},\"title\":\"080 Barcelona Fall\\\/Winter 2015-2016\",\"description\":\"<p>080 Barcelona Fall\\\/Winter 2015-2016<\\\/p>\",\"link\":null,\"link_target\":\"\",\"download\":\"https:\\\/\\\/bobvarela.com\\\/wp-content\\\/flagallery\\\/mango-desfile-primavera-verano-2015-en-el-080-barcelona\\\/mango-035.jpg\",\"ratio\":0.66833333333333333481363069950020872056484222412109375},{\"id\":\"18509\",\"image\":\"https:\\\/\\\/bobvarela.com\\\/wp-content\\\/flagallery\\\/mango-desfile-primavera-verano-2015-en-el-080-barcelona\\\/webview\\\/mango-036.jpg\",\"thumb\":\"https:\\\/\\\/bobvarela.com\\\/wp-content\\\/flagallery\\\/mango-desfile-primavera-verano-2015-en-el-080-barcelona\\\/thumbs\\\/thumbs_mango-036.jpg\",\"file\":\"mango-036.jpg\",\"meta\":{\"aperture\":false,\"credit\":false,\"camera\":false,\"caption\":\"080 Barcelona Fall\\\/Winter 2015-2016\",\"created_timestamp\":\"February 2, 2015 10:14 pm\",\"copyright\":\"\\u00c2\\u00a9 2015 Estrop-Barcelona PHOTOGRAPH FOR EDITORIAL USE ONLY\",\"focal_length\":false,\"iso\":false,\"shutter_speed\":false,\"flash\":false,\"title\":\"080 Barcelona Fall\\\/Winter 2015-2016\",\"keywords\":\"080 Barcelona,Fall\\\/Winter 2015-2016\",\"width\":1337,\"height\":2000,\"saved\":true,\"thumbnail\":{\"width\":220,\"height\":220,\"ewww_image_optimizer\":\"Reduced by 10.8% (4.9&nbsp;kB)\"},\"webview\":{\"0\":802,\"1\":1200,\"2\":2,\"3\":\"width=\\\"802\\\" height=\\\"1200\\\"\",\"bits\":8,\"channels\":3,\"mime\":\"image\\\/jpeg\",\"ewww_image_optimizer\":\"Reduced by 3.4% (5.3&nbsp;kB) - Previously Optimized\"},\"0\":false,\"ewww_image_optimizer\":\"Reduced by 6.7% (11.4&nbsp;kB)\",\"views\":\"2\",\"likes\":\"0\"},\"title\":\"080 Barcelona Fall\\\/Winter 2015-2016\",\"description\":\"<p>080 Barcelona Fall\\\/Winter 2015-2016<\\\/p>\",\"link\":null,\"link_target\":\"\",\"download\":\"https:\\\/\\\/bobvarela.com\\\/wp-content\\\/flagallery\\\/mango-desfile-primavera-verano-2015-en-el-080-barcelona\\\/mango-036.jpg\",\"ratio\":0.66833333333333333481363069950020872056484222412109375},{\"id\":\"18510\",\"image\":\"https:\\\/\\\/bobvarela.com\\\/wp-content\\\/flagallery\\\/mango-desfile-primavera-verano-2015-en-el-080-barcelona\\\/webview\\\/mango-037.jpg\",\"thumb\":\"https:\\\/\\\/bobvarela.com\\\/wp-content\\\/flagallery\\\/mango-desfile-primavera-verano-2015-en-el-080-barcelona\\\/thumbs\\\/thumbs_mango-037.jpg\",\"file\":\"mango-037.jpg\",\"meta\":{\"aperture\":false,\"credit\":false,\"camera\":false,\"caption\":\"080 Barcelona Fall\\\/Winter 2015-2016\",\"created_timestamp\":\"February 2, 2015 10:14 pm\",\"copyright\":\"\\u00c2\\u00a9 2015 Estrop-Barcelona PHOTOGRAPH FOR EDITORIAL USE ONLY\",\"focal_length\":false,\"iso\":false,\"shutter_speed\":false,\"flash\":false,\"title\":\"080 Barcelona Fall\\\/Winter 2015-2016\",\"keywords\":\"080 Barcelona,Fall\\\/Winter 2015-2016\",\"width\":1337,\"height\":2000,\"saved\":true,\"thumbnail\":{\"width\":220,\"height\":220,\"ewww_image_optimizer\":\"Reduced by 9.8% (3.1&nbsp;kB)\"},\"webview\":{\"0\":802,\"1\":1200,\"2\":2,\"3\":\"width=\\\"802\\\" height=\\\"1200\\\"\",\"bits\":8,\"channels\":3,\"mime\":\"image\\\/jpeg\",\"ewww_image_optimizer\":\"Reduced by 2.9% (2.8&nbsp;kB) - Previously Optimized\"},\"0\":false,\"ewww_image_optimizer\":\"Reduced by 14.5% (27.4&nbsp;kB)\",\"views\":\"2\",\"likes\":\"0\"},\"title\":\"080 Barcelona Fall\\\/Winter 2015-2016\",\"description\":\"<p>080 Barcelona Fall\\\/Winter 2015-2016<\\\/p>\",\"link\":null,\"link_target\":\"\",\"download\":\"https:\\\/\\\/bobvarela.com\\\/wp-content\\\/flagallery\\\/mango-desfile-primavera-verano-2015-en-el-080-barcelona\\\/mango-037.jpg\",\"ratio\":0.66833333333333333481363069950020872056484222412109375},{\"id\":\"18511\",\"image\":\"https:\\\/\\\/bobvarela.com\\\/wp-content\\\/flagallery\\\/mango-desfile-primavera-verano-2015-en-el-080-barcelona\\\/webview\\\/mango-038.jpg\",\"thumb\":\"https:\\\/\\\/bobvarela.com\\\/wp-content\\\/flagallery\\\/mango-desfile-primavera-verano-2015-en-el-080-barcelona\\\/thumbs\\\/thumbs_mango-038.jpg\",\"file\":\"mango-038.jpg\",\"meta\":{\"aperture\":false,\"credit\":false,\"camera\":false,\"caption\":\"080 Barcelona Fall\\\/Winter 2015-2016\",\"created_timestamp\":\"February 2, 2015 10:14 pm\",\"copyright\":\"\\u00c2\\u00a9 2015 Estrop-Barcelona PHOTOGRAPH FOR EDITORIAL USE ONLY\",\"focal_length\":false,\"iso\":false,\"shutter_speed\":false,\"flash\":false,\"title\":\"080 Barcelona Fall\\\/Winter 2015-2016\",\"keywords\":\"080 Barcelona,Fall\\\/Winter 2015-2016\",\"width\":1337,\"height\":2000,\"saved\":true,\"thumbnail\":{\"width\":220,\"height\":220,\"ewww_image_optimizer\":\"Reduced by 9.4% (3.3&nbsp;kB)\"},\"webview\":{\"0\":802,\"1\":1200,\"2\":2,\"3\":\"width=\\\"802\\\" height=\\\"1200\\\"\",\"bits\":8,\"channels\":3,\"mime\":\"image\\\/jpeg\",\"ewww_image_optimizer\":\"Reduced by 4.0% (5.0&nbsp;kB) - Previously Optimized\"},\"0\":false,\"ewww_image_optimizer\":\"Reduced by 7.5% (14.4&nbsp;kB)\",\"views\":\"1\",\"likes\":\"0\"},\"title\":\"080 Barcelona Fall\\\/Winter 2015-2016\",\"description\":\"<p>080 Barcelona Fall\\\/Winter 2015-2016<\\\/p>\",\"link\":null,\"link_target\":\"\",\"download\":\"https:\\\/\\\/bobvarela.com\\\/wp-content\\\/flagallery\\\/mango-desfile-primavera-verano-2015-en-el-080-barcelona\\\/mango-038.jpg\",\"ratio\":0.66833333333333333481363069950020872056484222412109375},{\"id\":\"18512\",\"image\":\"https:\\\/\\\/bobvarela.com\\\/wp-content\\\/flagallery\\\/mango-desfile-primavera-verano-2015-en-el-080-barcelona\\\/webview\\\/mango-039.jpg\",\"thumb\":\"https:\\\/\\\/bobvarela.com\\\/wp-content\\\/flagallery\\\/mango-desfile-primavera-verano-2015-en-el-080-barcelona\\\/thumbs\\\/thumbs_mango-039.jpg\",\"file\":\"mango-039.jpg\",\"meta\":{\"aperture\":false,\"credit\":false,\"camera\":false,\"caption\":\"080 Barcelona Fall\\\/Winter 2015-2016\",\"created_timestamp\":\"February 2, 2015 10:14 pm\",\"copyright\":\"\\u00c2\\u00a9 2015 Estrop-Barcelona PHOTOGRAPH FOR EDITORIAL USE ONLY\",\"focal_length\":false,\"iso\":false,\"shutter_speed\":false,\"flash\":false,\"title\":\"080 Barcelona Fall\\\/Winter 2015-2016\",\"keywords\":\"080 Barcelona,Fall\\\/Winter 2015-2016\",\"width\":1337,\"height\":2000,\"saved\":true,\"thumbnail\":{\"width\":220,\"height\":220,\"ewww_image_optimizer\":\"Reduced by 9.6% (3.0&nbsp;kB)\"},\"webview\":{\"0\":802,\"1\":1200,\"2\":2,\"3\":\"width=\\\"802\\\" height=\\\"1200\\\"\",\"bits\":8,\"channels\":3,\"mime\":\"image\\\/jpeg\",\"ewww_image_optimizer\":\"Reduced by 3.1% (2.7&nbsp;kB) - Previously Optimized\"},\"0\":false,\"ewww_image_optimizer\":\"Reduced by 15.5% (27.6&nbsp;kB)\",\"views\":\"2\",\"likes\":\"0\"},\"title\":\"080 Barcelona Fall\\\/Winter 2015-2016\",\"description\":\"<p>080 Barcelona Fall\\\/Winter 2015-2016<\\\/p>\",\"link\":null,\"link_target\":\"\",\"download\":\"https:\\\/\\\/bobvarela.com\\\/wp-content\\\/flagallery\\\/mango-desfile-primavera-verano-2015-en-el-080-barcelona\\\/mango-039.jpg\",\"ratio\":0.66833333333333333481363069950020872056484222412109375},{\"id\":\"18513\",\"image\":\"https:\\\/\\\/bobvarela.com\\\/wp-content\\\/flagallery\\\/mango-desfile-primavera-verano-2015-en-el-080-barcelona\\\/webview\\\/mango-040.jpg\",\"thumb\":\"https:\\\/\\\/bobvarela.com\\\/wp-content\\\/flagallery\\\/mango-desfile-primavera-verano-2015-en-el-080-barcelona\\\/thumbs\\\/thumbs_mango-040.jpg\",\"file\":\"mango-040.jpg\",\"meta\":{\"aperture\":false,\"credit\":false,\"camera\":false,\"caption\":\"080 Barcelona Fall\\\/Winter 2015-2016\",\"created_timestamp\":\"February 2, 2015 10:14 pm\",\"copyright\":\"\\u00c2\\u00a9 2015 Estrop-Barcelona PHOTOGRAPH FOR EDITORIAL USE ONLY\",\"focal_length\":false,\"iso\":false,\"shutter_speed\":false,\"flash\":false,\"title\":\"080 Barcelona Fall\\\/Winter 2015-2016\",\"keywords\":\"080 Barcelona,Fall\\\/Winter 2015-2016\",\"width\":1337,\"height\":2000,\"saved\":true,\"thumbnail\":{\"width\":220,\"height\":220,\"ewww_image_optimizer\":\"Reduced by 9.3% (2.9&nbsp;kB)\"},\"webview\":{\"0\":802,\"1\":1200,\"2\":2,\"3\":\"width=\\\"802\\\" height=\\\"1200\\\"\",\"bits\":8,\"channels\":3,\"mime\":\"image\\\/jpeg\",\"ewww_image_optimizer\":\"Reduced by 3.3% (3.5&nbsp;kB) - Previously Optimized\"},\"0\":false,\"ewww_image_optimizer\":\"Reduced by 6.9% (13.8&nbsp;kB)\",\"views\":\"1\",\"likes\":\"0\"},\"title\":\"080 Barcelona Fall\\\/Winter 2015-2016\",\"description\":\"<p>080 Barcelona Fall\\\/Winter 2015-2016<\\\/p>\",\"link\":null,\"link_target\":\"\",\"download\":\"https:\\\/\\\/bobvarela.com\\\/wp-content\\\/flagallery\\\/mango-desfile-primavera-verano-2015-en-el-080-barcelona\\\/mango-040.jpg\",\"ratio\":0.66833333333333333481363069950020872056484222412109375},{\"id\":\"18514\",\"image\":\"https:\\\/\\\/bobvarela.com\\\/wp-content\\\/flagallery\\\/mango-desfile-primavera-verano-2015-en-el-080-barcelona\\\/webview\\\/mango-041.jpg\",\"thumb\":\"https:\\\/\\\/bobvarela.com\\\/wp-content\\\/flagallery\\\/mango-desfile-primavera-verano-2015-en-el-080-barcelona\\\/thumbs\\\/thumbs_mango-041.jpg\",\"file\":\"mango-041.jpg\",\"meta\":{\"aperture\":false,\"credit\":false,\"camera\":false,\"caption\":\"080 Barcelona Fall\\\/Winter 2015-2016\",\"created_timestamp\":\"February 2, 2015 10:14 pm\",\"copyright\":\"\\u00c2\\u00a9 2015 Estrop-Barcelona PHOTOGRAPH FOR EDITORIAL USE ONLY\",\"focal_length\":false,\"iso\":false,\"shutter_speed\":false,\"flash\":false,\"title\":\"080 Barcelona Fall\\\/Winter 2015-2016\",\"keywords\":\"080 Barcelona,Fall\\\/Winter 2015-2016\",\"width\":1337,\"height\":2000,\"saved\":true,\"thumbnail\":{\"width\":220,\"height\":220,\"ewww_image_optimizer\":\"Reduced by 9.3% (2.7&nbsp;kB)\"},\"webview\":{\"0\":802,\"1\":1200,\"2\":2,\"3\":\"width=\\\"802\\\" height=\\\"1200\\\"\",\"bits\":8,\"channels\":3,\"mime\":\"image\\\/jpeg\",\"ewww_image_optimizer\":\"Reduced by 3.1% (2.6&nbsp;kB) - Previously Optimized\"},\"0\":false,\"ewww_image_optimizer\":\"Reduced by 16.6% (28.5&nbsp;kB)\",\"views\":\"1\",\"likes\":\"0\"},\"title\":\"080 Barcelona Fall\\\/Winter 2015-2016\",\"description\":\"<p>080 Barcelona Fall\\\/Winter 2015-2016<\\\/p>\",\"link\":null,\"link_target\":\"\",\"download\":\"https:\\\/\\\/bobvarela.com\\\/wp-content\\\/flagallery\\\/mango-desfile-primavera-verano-2015-en-el-080-barcelona\\\/mango-041.jpg\",\"ratio\":0.66833333333333333481363069950020872056484222412109375},{\"id\":\"18515\",\"image\":\"https:\\\/\\\/bobvarela.com\\\/wp-content\\\/flagallery\\\/mango-desfile-primavera-verano-2015-en-el-080-barcelona\\\/webview\\\/mango-042.jpg\",\"thumb\":\"https:\\\/\\\/bobvarela.com\\\/wp-content\\\/flagallery\\\/mango-desfile-primavera-verano-2015-en-el-080-barcelona\\\/thumbs\\\/thumbs_mango-042.jpg\",\"file\":\"mango-042.jpg\",\"meta\":{\"aperture\":false,\"credit\":false,\"camera\":false,\"caption\":\"080 Barcelona Fall\\\/Winter 2015-2016\",\"created_timestamp\":\"February 2, 2015 10:14 pm\",\"copyright\":\"\\u00c2\\u00a9 2015 Estrop-Barcelona PHOTOGRAPH FOR EDITORIAL USE ONLY\",\"focal_length\":false,\"iso\":false,\"shutter_speed\":false,\"flash\":false,\"title\":\"080 Barcelona Fall\\\/Winter 2015-2016\",\"keywords\":\"080 Barcelona,Fall\\\/Winter 2015-2016\",\"width\":1337,\"height\":2000,\"saved\":true,\"thumbnail\":{\"width\":220,\"height\":220,\"ewww_image_optimizer\":\"Reduced by 10.6% (3.0&nbsp;kB)\"},\"webview\":{\"0\":802,\"1\":1200,\"2\":2,\"3\":\"width=\\\"802\\\" height=\\\"1200\\\"\",\"bits\":8,\"channels\":3,\"mime\":\"image\\\/jpeg\",\"ewww_image_optimizer\":\"Reduced by 4.2% (3.6&nbsp;kB) - Previously Optimized\"},\"0\":false,\"ewww_image_optimizer\":\"Reduced by 16.9% (28.7&nbsp;kB)\",\"views\":\"1\",\"likes\":\"0\"},\"title\":\"080 Barcelona Fall\\\/Winter 2015-2016\",\"description\":\"<p>080 Barcelona Fall\\\/Winter 2015-2016<\\\/p>\",\"link\":null,\"link_target\":\"\",\"download\":\"https:\\\/\\\/bobvarela.com\\\/wp-content\\\/flagallery\\\/mango-desfile-primavera-verano-2015-en-el-080-barcelona\\\/mango-042.jpg\",\"ratio\":0.66833333333333333481363069950020872056484222412109375},{\"id\":\"18516\",\"image\":\"https:\\\/\\\/bobvarela.com\\\/wp-content\\\/flagallery\\\/mango-desfile-primavera-verano-2015-en-el-080-barcelona\\\/webview\\\/mango-043.jpg\",\"thumb\":\"https:\\\/\\\/bobvarela.com\\\/wp-content\\\/flagallery\\\/mango-desfile-primavera-verano-2015-en-el-080-barcelona\\\/thumbs\\\/thumbs_mango-043.jpg\",\"file\":\"mango-043.jpg\",\"meta\":{\"aperture\":false,\"credit\":false,\"camera\":false,\"caption\":\"080 Barcelona Fall\\\/Winter 2015-2016\",\"created_timestamp\":\"February 2, 2015 10:14 pm\",\"copyright\":\"\\u00c2\\u00a9 2015 Estrop-Barcelona PHOTOGRAPH FOR EDITORIAL USE ONLY\",\"focal_length\":false,\"iso\":false,\"shutter_speed\":false,\"flash\":false,\"title\":\"080 Barcelona Fall\\\/Winter 2015-2016\",\"keywords\":\"080 Barcelona,Fall\\\/Winter 2015-2016\",\"width\":1337,\"height\":2000,\"saved\":true,\"thumbnail\":{\"width\":220,\"height\":220,\"ewww_image_optimizer\":\"Reduced by 11.5% (4.4&nbsp;kB)\"},\"webview\":{\"0\":802,\"1\":1200,\"2\":2,\"3\":\"width=\\\"802\\\" height=\\\"1200\\\"\",\"bits\":8,\"channels\":3,\"mime\":\"image\\\/jpeg\",\"ewww_image_optimizer\":\"Reduced by 3.7% (4.8&nbsp;kB) - Previously Optimized\"},\"0\":false,\"ewww_image_optimizer\":\"Reduced by 9.3% (15.5&nbsp;kB)\",\"views\":\"1\",\"likes\":\"0\"},\"title\":\"080 Barcelona Fall\\\/Winter 2015-2016\",\"description\":\"<p>080 Barcelona Fall\\\/Winter 2015-2016<\\\/p>\",\"link\":null,\"link_target\":\"\",\"download\":\"https:\\\/\\\/bobvarela.com\\\/wp-content\\\/flagallery\\\/mango-desfile-primavera-verano-2015-en-el-080-barcelona\\\/mango-043.jpg\",\"ratio\":0.66833333333333333481363069950020872056484222412109375},{\"id\":\"18517\",\"image\":\"https:\\\/\\\/bobvarela.com\\\/wp-content\\\/flagallery\\\/mango-desfile-primavera-verano-2015-en-el-080-barcelona\\\/webview\\\/mango-044.jpg\",\"thumb\":\"https:\\\/\\\/bobvarela.com\\\/wp-content\\\/flagallery\\\/mango-desfile-primavera-verano-2015-en-el-080-barcelona\\\/thumbs\\\/thumbs_mango-044.jpg\",\"file\":\"mango-044.jpg\",\"meta\":{\"aperture\":false,\"credit\":false,\"camera\":false,\"caption\":\"080 Barcelona Fall\\\/Winter 2015-2016\",\"created_timestamp\":\"February 2, 2015 10:14 pm\",\"copyright\":\"\\u00c2\\u00a9 2015 Estrop-Barcelona PHOTOGRAPH FOR EDITORIAL USE ONLY\",\"focal_length\":false,\"iso\":false,\"shutter_speed\":false,\"flash\":false,\"title\":\"080 Barcelona Fall\\\/Winter 2015-2016\",\"keywords\":\"080 Barcelona,Fall\\\/Winter 2015-2016\",\"width\":1337,\"height\":2000,\"saved\":true,\"thumbnail\":{\"width\":220,\"height\":220,\"ewww_image_optimizer\":\"Reduced by 10.1% (3.3&nbsp;kB)\"},\"webview\":{\"0\":802,\"1\":1200,\"2\":2,\"3\":\"width=\\\"802\\\" height=\\\"1200\\\"\",\"bits\":8,\"channels\":3,\"mime\":\"image\\\/jpeg\",\"ewww_image_optimizer\":\"Reduced by 2.9% (2.6&nbsp;kB) - Previously Optimized\"},\"0\":false,\"ewww_image_optimizer\":\"Reduced by 14.7% (26.2&nbsp;kB)\",\"views\":\"2\",\"likes\":\"0\"},\"title\":\"080 Barcelona Fall\\\/Winter 2015-2016\",\"description\":\"<p>080 Barcelona Fall\\\/Winter 2015-2016<\\\/p>\",\"link\":null,\"link_target\":\"\",\"download\":\"https:\\\/\\\/bobvarela.com\\\/wp-content\\\/flagallery\\\/mango-desfile-primavera-verano-2015-en-el-080-barcelona\\\/mango-044.jpg\",\"ratio\":0.66833333333333333481363069950020872056484222412109375},{\"id\":\"18518\",\"image\":\"https:\\\/\\\/bobvarela.com\\\/wp-content\\\/flagallery\\\/mango-desfile-primavera-verano-2015-en-el-080-barcelona\\\/webview\\\/mango-045.jpg\",\"thumb\":\"https:\\\/\\\/bobvarela.com\\\/wp-content\\\/flagallery\\\/mango-desfile-primavera-verano-2015-en-el-080-barcelona\\\/thumbs\\\/thumbs_mango-045.jpg\",\"file\":\"mango-045.jpg\",\"meta\":{\"aperture\":false,\"credit\":false,\"camera\":false,\"caption\":\"080 Barcelona Fall\\\/Winter 2015-2016\",\"created_timestamp\":\"February 2, 2015 10:14 pm\",\"copyright\":\"\\u00c2\\u00a9 2015 Estrop-Barcelona PHOTOGRAPH FOR EDITORIAL USE ONLY\",\"focal_length\":false,\"iso\":false,\"shutter_speed\":false,\"flash\":false,\"title\":\"080 Barcelona Fall\\\/Winter 2015-2016\",\"keywords\":\"080 Barcelona,Fall\\\/Winter 2015-2016\",\"width\":1337,\"height\":2000,\"saved\":true,\"thumbnail\":{\"width\":220,\"height\":220,\"ewww_image_optimizer\":\"Reduced by 9.3% (3.0&nbsp;kB)\"},\"webview\":{\"0\":802,\"1\":1200,\"2\":2,\"3\":\"width=\\\"802\\\" height=\\\"1200\\\"\",\"bits\":8,\"channels\":3,\"mime\":\"image\\\/jpeg\",\"ewww_image_optimizer\":\"Reduced by 3.2% (3.3&nbsp;kB) - Previously Optimized\"},\"0\":false,\"ewww_image_optimizer\":\"Reduced by 12.3% (24.4&nbsp;kB)\",\"views\":\"2\",\"likes\":\"0\"},\"title\":\"080 Barcelona Fall\\\/Winter 2015-2016\",\"description\":\"<p>080 Barcelona Fall\\\/Winter 2015-2016<\\\/p>\",\"link\":null,\"link_target\":\"\",\"download\":\"https:\\\/\\\/bobvarela.com\\\/wp-content\\\/flagallery\\\/mango-desfile-primavera-verano-2015-en-el-080-barcelona\\\/mango-045.jpg\",\"ratio\":0.66833333333333333481363069950020872056484222412109375},{\"id\":\"18519\",\"image\":\"https:\\\/\\\/bobvarela.com\\\/wp-content\\\/flagallery\\\/mango-desfile-primavera-verano-2015-en-el-080-barcelona\\\/webview\\\/mango-046.jpg\",\"thumb\":\"https:\\\/\\\/bobvarela.com\\\/wp-content\\\/flagallery\\\/mango-desfile-primavera-verano-2015-en-el-080-barcelona\\\/thumbs\\\/thumbs_mango-046.jpg\",\"file\":\"mango-046.jpg\",\"meta\":{\"aperture\":false,\"credit\":false,\"camera\":false,\"caption\":\"080 Barcelona Fall\\\/Winter 2015-2016\",\"created_timestamp\":\"February 2, 2015 10:14 pm\",\"copyright\":\"\\u00c2\\u00a9 2015 Estrop-Barcelona PHOTOGRAPH FOR EDITORIAL USE ONLY\",\"focal_length\":false,\"iso\":false,\"shutter_speed\":false,\"flash\":false,\"title\":\"080 Barcelona Fall\\\/Winter 2015-2016\",\"keywords\":\"080 Barcelona,Fall\\\/Winter 2015-2016\",\"width\":1337,\"height\":2000,\"saved\":true,\"thumbnail\":{\"width\":220,\"height\":220,\"ewww_image_optimizer\":\"Reduced by 10.7% (3.3&nbsp;kB)\"},\"webview\":{\"0\":802,\"1\":1200,\"2\":2,\"3\":\"width=\\\"802\\\" height=\\\"1200\\\"\",\"bits\":8,\"channels\":3,\"mime\":\"image\\\/jpeg\",\"ewww_image_optimizer\":\"Reduced by 3.2% (2.8&nbsp;kB) - Previously Optimized\"},\"0\":false,\"ewww_image_optimizer\":\"Reduced by 16.2% (28.4&nbsp;kB)\",\"views\":\"1\",\"likes\":\"0\"},\"title\":\"080 Barcelona Fall\\\/Winter 2015-2016\",\"description\":\"<p>080 Barcelona Fall\\\/Winter 2015-2016<\\\/p>\",\"link\":null,\"link_target\":\"\",\"download\":\"https:\\\/\\\/bobvarela.com\\\/wp-content\\\/flagallery\\\/mango-desfile-primavera-verano-2015-en-el-080-barcelona\\\/mango-046.jpg\",\"ratio\":0.66833333333333333481363069950020872056484222412109375},{\"id\":\"18520\",\"image\":\"https:\\\/\\\/bobvarela.com\\\/wp-content\\\/flagallery\\\/mango-desfile-primavera-verano-2015-en-el-080-barcelona\\\/webview\\\/mango-047.jpg\",\"thumb\":\"https:\\\/\\\/bobvarela.com\\\/wp-content\\\/flagallery\\\/mango-desfile-primavera-verano-2015-en-el-080-barcelona\\\/thumbs\\\/thumbs_mango-047.jpg\",\"file\":\"mango-047.jpg\",\"meta\":{\"aperture\":false,\"credit\":false,\"camera\":false,\"caption\":\"080 Barcelona Fall\\\/Winter 2015-2016\",\"created_timestamp\":\"February 2, 2015 10:15 pm\",\"copyright\":\"\\u00c2\\u00a9 2015 Estrop-Barcelona PHOTOGRAPH FOR EDITORIAL USE ONLY\",\"focal_length\":false,\"iso\":false,\"shutter_speed\":false,\"flash\":false,\"title\":\"080 Barcelona Fall\\\/Winter 2015-2016\",\"keywords\":\"080 Barcelona,Fall\\\/Winter 2015-2016\",\"width\":1337,\"height\":2000,\"saved\":true,\"thumbnail\":{\"width\":220,\"height\":220,\"ewww_image_optimizer\":\"Reduced by 10.3% (3.9&nbsp;kB)\"},\"webview\":{\"0\":802,\"1\":1200,\"2\":2,\"3\":\"width=\\\"802\\\" height=\\\"1200\\\"\",\"bits\":8,\"channels\":3,\"mime\":\"image\\\/jpeg\",\"ewww_image_optimizer\":\"Reduced by 3.2% (3.7&nbsp;kB) - Previously Optimized\"},\"0\":false,\"ewww_image_optimizer\":\"Reduced by 6.2% (10.1&nbsp;kB)\",\"views\":\"1\",\"likes\":\"0\"},\"title\":\"080 Barcelona Fall\\\/Winter 2015-2016\",\"description\":\"<p>080 Barcelona Fall\\\/Winter 2015-2016<\\\/p>\",\"link\":null,\"link_target\":\"\",\"download\":\"https:\\\/\\\/bobvarela.com\\\/wp-content\\\/flagallery\\\/mango-desfile-primavera-verano-2015-en-el-080-barcelona\\\/mango-047.jpg\",\"ratio\":0.66833333333333333481363069950020872056484222412109375},{\"id\":\"18521\",\"image\":\"https:\\\/\\\/bobvarela.com\\\/wp-content\\\/flagallery\\\/mango-desfile-primavera-verano-2015-en-el-080-barcelona\\\/webview\\\/mango-048.jpg\",\"thumb\":\"https:\\\/\\\/bobvarela.com\\\/wp-content\\\/flagallery\\\/mango-desfile-primavera-verano-2015-en-el-080-barcelona\\\/thumbs\\\/thumbs_mango-048.jpg\",\"file\":\"mango-048.jpg\",\"meta\":{\"aperture\":false,\"credit\":false,\"camera\":false,\"caption\":\"080 Barcelona Fall\\\/Winter 2015-2016\",\"created_timestamp\":\"February 2, 2015 10:15 pm\",\"copyright\":\"\\u00c2\\u00a9 2015 Estrop-Barcelona PHOTOGRAPH FOR EDITORIAL USE ONLY\",\"focal_length\":false,\"iso\":false,\"shutter_speed\":false,\"flash\":false,\"title\":\"080 Barcelona Fall\\\/Winter 2015-2016\",\"keywords\":\"080 Barcelona,Fall\\\/Winter 2015-2016\",\"width\":1337,\"height\":2000,\"saved\":true,\"thumbnail\":{\"width\":220,\"height\":220,\"ewww_image_optimizer\":\"Reduced by 9.8% (3.0&nbsp;kB)\"},\"webview\":{\"0\":802,\"1\":1200,\"2\":2,\"3\":\"width=\\\"802\\\" height=\\\"1200\\\"\",\"bits\":8,\"channels\":3,\"mime\":\"image\\\/jpeg\",\"ewww_image_optimizer\":\"Reduced by 3.6% (3.5&nbsp;kB) - Previously Optimized\"},\"0\":false,\"ewww_image_optimizer\":\"Reduced by 8.4% (14.7&nbsp;kB)\",\"views\":\"2\",\"likes\":\"0\"},\"title\":\"080 Barcelona Fall\\\/Winter 2015-2016\",\"description\":\"<p>080 Barcelona Fall\\\/Winter 2015-2016<\\\/p>\",\"link\":null,\"link_target\":\"\",\"download\":\"https:\\\/\\\/bobvarela.com\\\/wp-content\\\/flagallery\\\/mango-desfile-primavera-verano-2015-en-el-080-barcelona\\\/mango-048.jpg\",\"ratio\":0.66833333333333333481363069950020872056484222412109375},{\"id\":\"18522\",\"image\":\"https:\\\/\\\/bobvarela.com\\\/wp-content\\\/flagallery\\\/mango-desfile-primavera-verano-2015-en-el-080-barcelona\\\/webview\\\/mango-049.jpg\",\"thumb\":\"https:\\\/\\\/bobvarela.com\\\/wp-content\\\/flagallery\\\/mango-desfile-primavera-verano-2015-en-el-080-barcelona\\\/thumbs\\\/thumbs_mango-049.jpg\",\"file\":\"mango-049.jpg\",\"meta\":{\"aperture\":false,\"credit\":false,\"camera\":false,\"caption\":\"080 Barcelona Fall\\\/Winter 2015-2016\",\"created_timestamp\":\"February 2, 2015 10:15 pm\",\"copyright\":\"\\u00c2\\u00a9 2015 Estrop-Barcelona PHOTOGRAPH FOR EDITORIAL USE ONLY\",\"focal_length\":false,\"iso\":false,\"shutter_speed\":false,\"flash\":false,\"title\":\"080 Barcelona Fall\\\/Winter 2015-2016\",\"keywords\":\"080 Barcelona,Fall\\\/Winter 2015-2016\",\"width\":1337,\"height\":2000,\"saved\":true,\"thumbnail\":{\"width\":220,\"height\":220,\"ewww_image_optimizer\":\"Reduced by 9.5% (3.4&nbsp;kB)\"},\"webview\":{\"0\":802,\"1\":1200,\"2\":2,\"3\":\"width=\\\"802\\\" height=\\\"1200\\\"\",\"bits\":8,\"channels\":3,\"mime\":\"image\\\/jpeg\",\"ewww_image_optimizer\":\"Reduced by 3.7% (4.8&nbsp;kB) - Previously Optimized\"},\"0\":false,\"ewww_image_optimizer\":\"Reduced by 6.2% (11.5&nbsp;kB)\",\"views\":\"2\",\"likes\":\"0\"},\"title\":\"080 Barcelona Fall\\\/Winter 2015-2016\",\"description\":\"<p>080 Barcelona Fall\\\/Winter 2015-2016<\\\/p>\",\"link\":null,\"link_target\":\"\",\"download\":\"https:\\\/\\\/bobvarela.com\\\/wp-content\\\/flagallery\\\/mango-desfile-primavera-verano-2015-en-el-080-barcelona\\\/mango-049.jpg\",\"ratio\":0.66833333333333333481363069950020872056484222412109375},{\"id\":\"18523\",\"image\":\"https:\\\/\\\/bobvarela.com\\\/wp-content\\\/flagallery\\\/mango-desfile-primavera-verano-2015-en-el-080-barcelona\\\/webview\\\/mango-050.jpg\",\"thumb\":\"https:\\\/\\\/bobvarela.com\\\/wp-content\\\/flagallery\\\/mango-desfile-primavera-verano-2015-en-el-080-barcelona\\\/thumbs\\\/thumbs_mango-050.jpg\",\"file\":\"mango-050.jpg\",\"meta\":{\"aperture\":false,\"credit\":false,\"camera\":false,\"caption\":\"080 Barcelona Fall\\\/Winter 2015-2016\",\"created_timestamp\":\"February 2, 2015 10:15 pm\",\"copyright\":\"\\u00c2\\u00a9 2015 Estrop-Barcelona PHOTOGRAPH FOR EDITORIAL USE ONLY\",\"focal_length\":false,\"iso\":false,\"shutter_speed\":false,\"flash\":false,\"title\":\"080 Barcelona Fall\\\/Winter 2015-2016\",\"keywords\":\"080 Barcelona,Fall\\\/Winter 2015-2016\",\"width\":1337,\"height\":2000,\"saved\":true,\"thumbnail\":{\"width\":220,\"height\":220,\"ewww_image_optimizer\":\"Reduced by 10.8% (3.3&nbsp;kB)\"},\"webview\":{\"0\":802,\"1\":1200,\"2\":2,\"3\":\"width=\\\"802\\\" height=\\\"1200\\\"\",\"bits\":8,\"channels\":3,\"mime\":\"image\\\/jpeg\",\"ewww_image_optimizer\":\"Reduced by 3.5% (3.0&nbsp;kB) - Previously Optimized\"},\"0\":false,\"ewww_image_optimizer\":\"Reduced by 16.6% (27.8&nbsp;kB)\",\"views\":\"1\",\"likes\":\"0\"},\"title\":\"080 Barcelona Fall\\\/Winter 2015-2016\",\"description\":\"<p>080 Barcelona Fall\\\/Winter 2015-2016<\\\/p>\",\"link\":null,\"link_target\":\"\",\"download\":\"https:\\\/\\\/bobvarela.com\\\/wp-content\\\/flagallery\\\/mango-desfile-primavera-verano-2015-en-el-080-barcelona\\\/mango-050.jpg\",\"ratio\":0.66833333333333333481363069950020872056484222412109375},{\"id\":\"18524\",\"image\":\"https:\\\/\\\/bobvarela.com\\\/wp-content\\\/flagallery\\\/mango-desfile-primavera-verano-2015-en-el-080-barcelona\\\/webview\\\/mango-051.jpg\",\"thumb\":\"https:\\\/\\\/bobvarela.com\\\/wp-content\\\/flagallery\\\/mango-desfile-primavera-verano-2015-en-el-080-barcelona\\\/thumbs\\\/thumbs_mango-051.jpg\",\"file\":\"mango-051.jpg\",\"meta\":{\"aperture\":false,\"credit\":false,\"camera\":false,\"caption\":\"080 Barcelona Fall\\\/Winter 2015-2016\",\"created_timestamp\":\"February 2, 2015 10:15 pm\",\"copyright\":\"\\u00c2\\u00a9 2015 Estrop-Barcelona PHOTOGRAPH FOR EDITORIAL USE ONLY\",\"focal_length\":false,\"iso\":false,\"shutter_speed\":false,\"flash\":false,\"title\":\"080 Barcelona Fall\\\/Winter 2015-2016\",\"keywords\":\"080 Barcelona,Fall\\\/Winter 2015-2016\",\"width\":1337,\"height\":2000,\"saved\":true,\"thumbnail\":{\"width\":220,\"height\":220,\"ewww_image_optimizer\":\"Reduced by 11.0% (3.9&nbsp;kB)\"},\"webview\":{\"0\":802,\"1\":1200,\"2\":2,\"3\":\"width=\\\"802\\\" height=\\\"1200\\\"\",\"bits\":8,\"channels\":3,\"mime\":\"image\\\/jpeg\",\"ewww_image_optimizer\":\"Reduced by 3.7% (4.2&nbsp;kB) - Previously Optimized\"},\"0\":false,\"ewww_image_optimizer\":\"Reduced by 7.9% (13.3&nbsp;kB)\",\"views\":\"1\",\"likes\":\"0\"},\"title\":\"080 Barcelona Fall\\\/Winter 2015-2016\",\"description\":\"<p>080 Barcelona Fall\\\/Winter 2015-2016<\\\/p>\",\"link\":null,\"link_target\":\"\",\"download\":\"https:\\\/\\\/bobvarela.com\\\/wp-content\\\/flagallery\\\/mango-desfile-primavera-verano-2015-en-el-080-barcelona\\\/mango-051.jpg\",\"ratio\":0.66833333333333333481363069950020872056484222412109375},{\"id\":\"18525\",\"image\":\"https:\\\/\\\/bobvarela.com\\\/wp-content\\\/flagallery\\\/mango-desfile-primavera-verano-2015-en-el-080-barcelona\\\/webview\\\/mango-052.jpg\",\"thumb\":\"https:\\\/\\\/bobvarela.com\\\/wp-content\\\/flagallery\\\/mango-desfile-primavera-verano-2015-en-el-080-barcelona\\\/thumbs\\\/thumbs_mango-052.jpg\",\"file\":\"mango-052.jpg\",\"meta\":{\"aperture\":false,\"credit\":false,\"camera\":false,\"caption\":\"080 Barcelona Fall\\\/Winter 2015-2016\",\"created_timestamp\":\"February 2, 2015 10:15 pm\",\"copyright\":\"\\u00c2\\u00a9 2015 Estrop-Barcelona PHOTOGRAPH FOR EDITORIAL USE ONLY\",\"focal_length\":false,\"iso\":false,\"shutter_speed\":false,\"flash\":false,\"title\":\"080 Barcelona Fall\\\/Winter 2015-2016\",\"keywords\":\"080 Barcelona,Fall\\\/Winter 2015-2016\",\"width\":1337,\"height\":2000,\"saved\":true,\"thumbnail\":{\"width\":220,\"height\":220,\"ewww_image_optimizer\":\"Reduced by 11.0% (3.9&nbsp;kB)\"},\"webview\":{\"0\":802,\"1\":1200,\"2\":2,\"3\":\"width=\\\"802\\\" height=\\\"1200\\\"\",\"bits\":8,\"channels\":3,\"mime\":\"image\\\/jpeg\",\"ewww_image_optimizer\":\"Reduced by 4.5% (6.4&nbsp;kB) - Previously Optimized\"},\"0\":false,\"ewww_image_optimizer\":\"Reduced by 15.0% (27.8&nbsp;kB)\",\"views\":\"2\",\"likes\":\"0\"},\"title\":\"080 Barcelona Fall\\\/Winter 2015-2016\",\"description\":\"<p>080 Barcelona Fall\\\/Winter 2015-2016<\\\/p>\",\"link\":null,\"link_target\":\"\",\"download\":\"https:\\\/\\\/bobvarela.com\\\/wp-content\\\/flagallery\\\/mango-desfile-primavera-verano-2015-en-el-080-barcelona\\\/mango-052.jpg\",\"ratio\":0.66833333333333333481363069950020872056484222412109375},{\"id\":\"18526\",\"image\":\"https:\\\/\\\/bobvarela.com\\\/wp-content\\\/flagallery\\\/mango-desfile-primavera-verano-2015-en-el-080-barcelona\\\/webview\\\/mango-054.jpg\",\"thumb\":\"https:\\\/\\\/bobvarela.com\\\/wp-content\\\/flagallery\\\/mango-desfile-primavera-verano-2015-en-el-080-barcelona\\\/thumbs\\\/thumbs_mango-054.jpg\",\"file\":\"mango-054.jpg\",\"meta\":{\"aperture\":false,\"credit\":false,\"camera\":false,\"caption\":\"080 Barcelona Fall\\\/Winter 2015-2016\",\"created_timestamp\":\"February 2, 2015 10:15 pm\",\"copyright\":\"\\u00c2\\u00a9 2015 Estrop-Barcelona PHOTOGRAPH FOR EDITORIAL USE ONLY\",\"focal_length\":false,\"iso\":false,\"shutter_speed\":false,\"flash\":false,\"title\":\"080 Barcelona Fall\\\/Winter 2015-2016\",\"keywords\":\"080 Barcelona,Fall\\\/Winter 2015-2016\",\"width\":1337,\"height\":2000,\"saved\":true,\"thumbnail\":{\"width\":220,\"height\":220,\"ewww_image_optimizer\":\"Reduced by 10.0% (2.8&nbsp;kB)\"},\"webview\":{\"0\":802,\"1\":1200,\"2\":2,\"3\":\"width=\\\"802\\\" height=\\\"1200\\\"\",\"bits\":8,\"channels\":3,\"mime\":\"image\\\/jpeg\",\"ewww_image_optimizer\":\"Reduced by 3.8% (3.3&nbsp;kB) - Previously Optimized\"},\"0\":false,\"ewww_image_optimizer\":\"Reduced by 16.4% (29.1&nbsp;kB)\",\"views\":\"2\",\"likes\":\"0\"},\"title\":\"080 Barcelona Fall\\\/Winter 2015-2016\",\"description\":\"<p>080 Barcelona Fall\\\/Winter 2015-2016<\\\/p>\",\"link\":null,\"link_target\":\"\",\"download\":\"https:\\\/\\\/bobvarela.com\\\/wp-content\\\/flagallery\\\/mango-desfile-primavera-verano-2015-en-el-080-barcelona\\\/mango-054.jpg\",\"ratio\":0.66833333333333333481363069950020872056484222412109375},{\"id\":\"18527\",\"image\":\"https:\\\/\\\/bobvarela.com\\\/wp-content\\\/flagallery\\\/mango-desfile-primavera-verano-2015-en-el-080-barcelona\\\/webview\\\/mango-055.jpg\",\"thumb\":\"https:\\\/\\\/bobvarela.com\\\/wp-content\\\/flagallery\\\/mango-desfile-primavera-verano-2015-en-el-080-barcelona\\\/thumbs\\\/thumbs_mango-055.jpg\",\"file\":\"mango-055.jpg\",\"meta\":{\"aperture\":false,\"credit\":false,\"camera\":false,\"caption\":\"080 Barcelona Fall\\\/Winter 2015-2016\",\"created_timestamp\":\"February 2, 2015 10:15 pm\",\"copyright\":\"\\u00c2\\u00a9 2015 Estrop-Barcelona PHOTOGRAPH FOR EDITORIAL USE ONLY\",\"focal_length\":false,\"iso\":false,\"shutter_speed\":false,\"flash\":false,\"title\":\"080 Barcelona Fall\\\/Winter 2015-2016\",\"keywords\":\"080 Barcelona,Fall\\\/Winter 2015-2016\",\"width\":1337,\"height\":2000,\"saved\":true,\"thumbnail\":{\"width\":220,\"height\":220,\"ewww_image_optimizer\":\"Reduced by 10.5% (4.2&nbsp;kB)\"},\"webview\":{\"0\":802,\"1\":1200,\"2\":2,\"3\":\"width=\\\"802\\\" height=\\\"1200\\\"\",\"bits\":8,\"channels\":3,\"mime\":\"image\\\/jpeg\",\"ewww_image_optimizer\":\"Reduced by 2.8% (3.6&nbsp;kB) - Previously Optimized\"},\"0\":false,\"ewww_image_optimizer\":\"Reduced by 3.5% (5.9&nbsp;kB)\",\"views\":\"2\",\"likes\":\"0\"},\"title\":\"080 Barcelona Fall\\\/Winter 2015-2016\",\"description\":\"<p>080 Barcelona Fall\\\/Winter 2015-2016<\\\/p>\",\"link\":null,\"link_target\":\"\",\"download\":\"https:\\\/\\\/bobvarela.com\\\/wp-content\\\/flagallery\\\/mango-desfile-primavera-verano-2015-en-el-080-barcelona\\\/mango-055.jpg\",\"ratio\":0.66833333333333333481363069950020872056484222412109375},{\"id\":\"18528\",\"image\":\"https:\\\/\\\/bobvarela.com\\\/wp-content\\\/flagallery\\\/mango-desfile-primavera-verano-2015-en-el-080-barcelona\\\/webview\\\/mango-056.jpg\",\"thumb\":\"https:\\\/\\\/bobvarela.com\\\/wp-content\\\/flagallery\\\/mango-desfile-primavera-verano-2015-en-el-080-barcelona\\\/thumbs\\\/thumbs_mango-056.jpg\",\"file\":\"mango-056.jpg\",\"meta\":{\"aperture\":false,\"credit\":false,\"camera\":false,\"caption\":\"080 Barcelona Fall\\\/Winter 2015-2016\",\"created_timestamp\":\"February 2, 2015 10:15 pm\",\"copyright\":\"\\u00c2\\u00a9 2015 Estrop-Barcelona PHOTOGRAPH FOR EDITORIAL USE ONLY\",\"focal_length\":false,\"iso\":false,\"shutter_speed\":false,\"flash\":false,\"title\":\"080 Barcelona Fall\\\/Winter 2015-2016\",\"keywords\":\"080 Barcelona,Fall\\\/Winter 2015-2016\",\"width\":1337,\"height\":2000,\"saved\":true,\"thumbnail\":{\"width\":220,\"height\":220,\"ewww_image_optimizer\":\"Reduced by 11.6% (4.2&nbsp;kB)\"},\"webview\":{\"0\":802,\"1\":1200,\"2\":2,\"3\":\"width=\\\"802\\\" height=\\\"1200\\\"\",\"bits\":8,\"channels\":3,\"mime\":\"image\\\/jpeg\",\"ewww_image_optimizer\":\"Reduced by 3.2% (3.7&nbsp;kB) - Previously Optimized\"},\"0\":false,\"ewww_image_optimizer\":\"Reduced by 9.0% (17.1&nbsp;kB)\",\"views\":\"2\",\"likes\":\"0\"},\"title\":\"080 Barcelona Fall\\\/Winter 2015-2016\",\"description\":\"<p>080 Barcelona Fall\\\/Winter 2015-2016<\\\/p>\",\"link\":null,\"link_target\":\"\",\"download\":\"https:\\\/\\\/bobvarela.com\\\/wp-content\\\/flagallery\\\/mango-desfile-primavera-verano-2015-en-el-080-barcelona\\\/mango-056.jpg\",\"ratio\":0.66833333333333333481363069950020872056484222412109375},{\"id\":\"18529\",\"image\":\"https:\\\/\\\/bobvarela.com\\\/wp-content\\\/flagallery\\\/mango-desfile-primavera-verano-2015-en-el-080-barcelona\\\/webview\\\/mango-058.jpg\",\"thumb\":\"https:\\\/\\\/bobvarela.com\\\/wp-content\\\/flagallery\\\/mango-desfile-primavera-verano-2015-en-el-080-barcelona\\\/thumbs\\\/thumbs_mango-058.jpg\",\"file\":\"mango-058.jpg\",\"meta\":{\"aperture\":false,\"credit\":false,\"camera\":false,\"caption\":\"080 Barcelona Fall\\\/Winter 2015-2016\",\"created_timestamp\":\"February 2, 2015 10:15 pm\",\"copyright\":\"\\u00c2\\u00a9 2015 Estrop-Barcelona PHOTOGRAPH FOR EDITORIAL USE ONLY\",\"focal_length\":false,\"iso\":false,\"shutter_speed\":false,\"flash\":false,\"title\":\"080 Barcelona Fall\\\/Winter 2015-2016\",\"keywords\":\"080 Barcelona,Fall\\\/Winter 2015-2016\",\"width\":1337,\"height\":2000,\"saved\":true,\"thumbnail\":{\"width\":220,\"height\":220,\"ewww_image_optimizer\":\"Reduced by 10.8% (3.7&nbsp;kB)\"},\"webview\":{\"0\":802,\"1\":1200,\"2\":2,\"3\":\"width=\\\"802\\\" height=\\\"1200\\\"\",\"bits\":8,\"channels\":3,\"mime\":\"image\\\/jpeg\",\"ewww_image_optimizer\":\"Reduced by 2.6% (2.7&nbsp;kB) - Previously Optimized\"},\"0\":false,\"ewww_image_optimizer\":\"Reduced by 6.1% (11.1&nbsp;kB)\",\"views\":\"2\",\"likes\":\"0\"},\"title\":\"080 Barcelona Fall\\\/Winter 2015-2016\",\"description\":\"<p>080 Barcelona Fall\\\/Winter 2015-2016<\\\/p>\",\"link\":null,\"link_target\":\"\",\"download\":\"https:\\\/\\\/bobvarela.com\\\/wp-content\\\/flagallery\\\/mango-desfile-primavera-verano-2015-en-el-080-barcelona\\\/mango-058.jpg\",\"ratio\":0.66833333333333333481363069950020872056484222412109375},{\"id\":\"18530\",\"image\":\"https:\\\/\\\/bobvarela.com\\\/wp-content\\\/flagallery\\\/mango-desfile-primavera-verano-2015-en-el-080-barcelona\\\/webview\\\/mango-059.jpg\",\"thumb\":\"https:\\\/\\\/bobvarela.com\\\/wp-content\\\/flagallery\\\/mango-desfile-primavera-verano-2015-en-el-080-barcelona\\\/thumbs\\\/thumbs_mango-059.jpg\",\"file\":\"mango-059.jpg\",\"meta\":{\"aperture\":false,\"credit\":false,\"camera\":false,\"caption\":\"080 Barcelona Fall\\\/Winter 2015-2016\",\"created_timestamp\":\"February 2, 2015 10:15 pm\",\"copyright\":\"\\u00c2\\u00a9 2015 Estrop-Barcelona PHOTOGRAPH FOR EDITORIAL USE ONLY\",\"focal_length\":false,\"iso\":false,\"shutter_speed\":false,\"flash\":false,\"title\":\"080 Barcelona Fall\\\/Winter 2015-2016\",\"keywords\":\"080 Barcelona,Fall\\\/Winter 2015-2016\",\"width\":1337,\"height\":2000,\"saved\":true,\"thumbnail\":{\"width\":220,\"height\":220,\"ewww_image_optimizer\":\"Reduced by 10.6% (4.0&nbsp;kB)\"},\"webview\":{\"0\":802,\"1\":1200,\"2\":2,\"3\":\"width=\\\"802\\\" height=\\\"1200\\\"\",\"bits\":8,\"channels\":3,\"mime\":\"image\\\/jpeg\",\"ewww_image_optimizer\":\"Reduced by 3.5% (4.4&nbsp;kB) - Previously Optimized\"},\"0\":false,\"ewww_image_optimizer\":\"Reduced by 5.0% (9.2&nbsp;kB)\",\"views\":\"3\",\"likes\":\"0\"},\"title\":\"080 Barcelona Fall\\\/Winter 2015-2016\",\"description\":\"<p>080 Barcelona Fall\\\/Winter 2015-2016<\\\/p>\",\"link\":null,\"link_target\":\"\",\"download\":\"https:\\\/\\\/bobvarela.com\\\/wp-content\\\/flagallery\\\/mango-desfile-primavera-verano-2015-en-el-080-barcelona\\\/mango-059.jpg\",\"ratio\":0.66833333333333333481363069950020872056484222412109375},{\"id\":\"18531\",\"image\":\"https:\\\/\\\/bobvarela.com\\\/wp-content\\\/flagallery\\\/mango-desfile-primavera-verano-2015-en-el-080-barcelona\\\/webview\\\/mango-060.jpg\",\"thumb\":\"https:\\\/\\\/bobvarela.com\\\/wp-content\\\/flagallery\\\/mango-desfile-primavera-verano-2015-en-el-080-barcelona\\\/thumbs\\\/thumbs_mango-060.jpg\",\"file\":\"mango-060.jpg\",\"meta\":{\"aperture\":false,\"credit\":false,\"camera\":false,\"caption\":\"080 Barcelona Fall\\\/Winter 2015-2016\",\"created_timestamp\":\"February 2, 2015 10:15 pm\",\"copyright\":\"\\u00c2\\u00a9 2015 Estrop-Barcelona PHOTOGRAPH FOR EDITORIAL USE ONLY\",\"focal_length\":false,\"iso\":false,\"shutter_speed\":false,\"flash\":false,\"title\":\"080 Barcelona Fall\\\/Winter 2015-2016\",\"keywords\":\"080 Barcelona,Fall\\\/Winter 2015-2016\",\"width\":1337,\"height\":2000,\"saved\":true,\"thumbnail\":{\"width\":220,\"height\":220,\"ewww_image_optimizer\":\"Reduced by 10.4% (3.5&nbsp;kB)\"},\"webview\":{\"0\":802,\"1\":1200,\"2\":2,\"3\":\"width=\\\"802\\\" height=\\\"1200\\\"\",\"bits\":8,\"channels\":3,\"mime\":\"image\\\/jpeg\",\"ewww_image_optimizer\":\"Reduced by 3.0% (3.5&nbsp;kB) - Previously Optimized\"},\"0\":false,\"ewww_image_optimizer\":\"Reduced by 16.9% (29.0&nbsp;kB)\",\"views\":\"1\",\"likes\":\"0\"},\"title\":\"080 Barcelona Fall\\\/Winter 2015-2016\",\"description\":\"<p>080 Barcelona Fall\\\/Winter 2015-2016<\\\/p>\",\"link\":null,\"link_target\":\"\",\"download\":\"https:\\\/\\\/bobvarela.com\\\/wp-content\\\/flagallery\\\/mango-desfile-primavera-verano-2015-en-el-080-barcelona\\\/mango-060.jpg\",\"ratio\":0.66833333333333333481363069950020872056484222412109375},{\"id\":\"18532\",\"image\":\"https:\\\/\\\/bobvarela.com\\\/wp-content\\\/flagallery\\\/mango-desfile-primavera-verano-2015-en-el-080-barcelona\\\/webview\\\/mango-062.jpg\",\"thumb\":\"https:\\\/\\\/bobvarela.com\\\/wp-content\\\/flagallery\\\/mango-desfile-primavera-verano-2015-en-el-080-barcelona\\\/thumbs\\\/thumbs_mango-062.jpg\",\"file\":\"mango-062.jpg\",\"meta\":{\"aperture\":false,\"credit\":false,\"camera\":false,\"caption\":\"080 Barcelona Fall\\\/Winter 2015-2016\",\"created_timestamp\":\"February 2, 2015 10:16 pm\",\"copyright\":\"\\u00c2\\u00a9 2015 Estrop-Barcelona PHOTOGRAPH FOR EDITORIAL USE ONLY\",\"focal_length\":false,\"iso\":false,\"shutter_speed\":false,\"flash\":false,\"title\":\"080 Barcelona Fall\\\/Winter 2015-2016\",\"keywords\":\"080 Barcelona,Fall\\\/Winter 2015-2016\",\"width\":1337,\"height\":2000,\"saved\":true,\"thumbnail\":{\"width\":220,\"height\":220,\"ewww_image_optimizer\":\"Reduced by 10.2% (3.1&nbsp;kB)\"},\"webview\":{\"0\":802,\"1\":1200,\"2\":2,\"3\":\"width=\\\"802\\\" height=\\\"1200\\\"\",\"bits\":8,\"channels\":3,\"mime\":\"image\\\/jpeg\",\"ewww_image_optimizer\":\"Reduced by 2.7% (2.3&nbsp;kB) - Previously Optimized\"},\"0\":false,\"ewww_image_optimizer\":\"Reduced by 17.2% (28.5&nbsp;kB)\",\"views\":\"1\",\"likes\":\"0\"},\"title\":\"080 Barcelona Fall\\\/Winter 2015-2016\",\"description\":\"<p>080 Barcelona Fall\\\/Winter 2015-2016<\\\/p>\",\"link\":null,\"link_target\":\"\",\"download\":\"https:\\\/\\\/bobvarela.com\\\/wp-content\\\/flagallery\\\/mango-desfile-primavera-verano-2015-en-el-080-barcelona\\\/mango-062.jpg\",\"ratio\":0.66833333333333333481363069950020872056484222412109375},{\"id\":\"18533\",\"image\":\"https:\\\/\\\/bobvarela.com\\\/wp-content\\\/flagallery\\\/mango-desfile-primavera-verano-2015-en-el-080-barcelona\\\/webview\\\/mango-063.jpg\",\"thumb\":\"https:\\\/\\\/bobvarela.com\\\/wp-content\\\/flagallery\\\/mango-desfile-primavera-verano-2015-en-el-080-barcelona\\\/thumbs\\\/thumbs_mango-063.jpg\",\"file\":\"mango-063.jpg\",\"meta\":{\"aperture\":false,\"credit\":false,\"camera\":false,\"caption\":\"080 Barcelona Fall\\\/Winter 2015-2016\",\"created_timestamp\":\"February 2, 2015 10:16 pm\",\"copyright\":\"\\u00c2\\u00a9 2015 Estrop-Barcelona PHOTOGRAPH FOR EDITORIAL USE ONLY\",\"focal_length\":false,\"iso\":false,\"shutter_speed\":false,\"flash\":false,\"title\":\"080 Barcelona Fall\\\/Winter 2015-2016\",\"keywords\":\"080 Barcelona,Fall\\\/Winter 2015-2016\",\"width\":1337,\"height\":2000,\"saved\":true,\"thumbnail\":{\"width\":220,\"height\":220,\"ewww_image_optimizer\":\"Reduced by 10.6% (3.8&nbsp;kB)\"},\"webview\":{\"0\":802,\"1\":1200,\"2\":2,\"3\":\"width=\\\"802\\\" height=\\\"1200\\\"\",\"bits\":8,\"channels\":3,\"mime\":\"image\\\/jpeg\",\"ewww_image_optimizer\":\"Reduced by 2.6% (2.9&nbsp;kB) - Previously Optimized\"},\"0\":false,\"ewww_image_optimizer\":\"Reduced by 6.1% (9.7&nbsp;kB)\",\"views\":\"2\",\"likes\":\"0\"},\"title\":\"080 Barcelona Fall\\\/Winter 2015-2016\",\"description\":\"<p>080 Barcelona Fall\\\/Winter 2015-2016<\\\/p>\",\"link\":null,\"link_target\":\"\",\"download\":\"https:\\\/\\\/bobvarela.com\\\/wp-content\\\/flagallery\\\/mango-desfile-primavera-verano-2015-en-el-080-barcelona\\\/mango-063.jpg\",\"ratio\":0.66833333333333333481363069950020872056484222412109375},{\"id\":\"18534\",\"image\":\"https:\\\/\\\/bobvarela.com\\\/wp-content\\\/flagallery\\\/mango-desfile-primavera-verano-2015-en-el-080-barcelona\\\/webview\\\/mango-064.jpg\",\"thumb\":\"https:\\\/\\\/bobvarela.com\\\/wp-content\\\/flagallery\\\/mango-desfile-primavera-verano-2015-en-el-080-barcelona\\\/thumbs\\\/thumbs_mango-064.jpg\",\"file\":\"mango-064.jpg\",\"meta\":{\"aperture\":false,\"credit\":false,\"camera\":false,\"caption\":\"080 Barcelona Fall\\\/Winter 2015-2016\",\"created_timestamp\":\"February 2, 2015 10:16 pm\",\"copyright\":\"\\u00c2\\u00a9 2015 Estrop-Barcelona PHOTOGRAPH FOR EDITORIAL USE ONLY\",\"focal_length\":false,\"iso\":false,\"shutter_speed\":false,\"flash\":false,\"title\":\"080 Barcelona Fall\\\/Winter 2015-2016\",\"keywords\":\"080 Barcelona,Fall\\\/Winter 2015-2016\",\"width\":1337,\"height\":2000,\"saved\":true,\"thumbnail\":{\"width\":220,\"height\":220,\"ewww_image_optimizer\":\"Reduced by 10.7% (3.8&nbsp;kB)\"},\"webview\":{\"0\":802,\"1\":1200,\"2\":2,\"3\":\"width=\\\"802\\\" height=\\\"1200\\\"\",\"bits\":8,\"channels\":3,\"mime\":\"image\\\/jpeg\",\"ewww_image_optimizer\":\"Reduced by 3.2% (4.0&nbsp;kB) - Previously Optimized\"},\"0\":false,\"ewww_image_optimizer\":\"Reduced by 10.5% (18.7&nbsp;kB)\",\"views\":\"1\",\"likes\":\"0\"},\"title\":\"080 Barcelona Fall\\\/Winter 2015-2016\",\"description\":\"<p>080 Barcelona Fall\\\/Winter 2015-2016<\\\/p>\",\"link\":null,\"link_target\":\"\",\"download\":\"https:\\\/\\\/bobvarela.com\\\/wp-content\\\/flagallery\\\/mango-desfile-primavera-verano-2015-en-el-080-barcelona\\\/mango-064.jpg\",\"ratio\":0.66833333333333333481363069950020872056484222412109375},{\"id\":\"18535\",\"image\":\"https:\\\/\\\/bobvarela.com\\\/wp-content\\\/flagallery\\\/mango-desfile-primavera-verano-2015-en-el-080-barcelona\\\/webview\\\/mango-065.jpg\",\"thumb\":\"https:\\\/\\\/bobvarela.com\\\/wp-content\\\/flagallery\\\/mango-desfile-primavera-verano-2015-en-el-080-barcelona\\\/thumbs\\\/thumbs_mango-065.jpg\",\"file\":\"mango-065.jpg\",\"meta\":{\"aperture\":false,\"credit\":false,\"camera\":false,\"caption\":\"080 Barcelona Fall\\\/Winter 2015-2016\",\"created_timestamp\":\"February 2, 2015 10:16 pm\",\"copyright\":\"\\u00c2\\u00a9 2015 Estrop-Barcelona PHOTOGRAPH FOR EDITORIAL USE ONLY\",\"focal_length\":false,\"iso\":false,\"shutter_speed\":false,\"flash\":false,\"title\":\"080 Barcelona Fall\\\/Winter 2015-2016\",\"keywords\":\"080 Barcelona,Fall\\\/Winter 2015-2016\",\"width\":1337,\"height\":2000,\"saved\":true,\"thumbnail\":{\"width\":220,\"height\":220,\"ewww_image_optimizer\":\"Reduced by 12.4% (5.4&nbsp;kB)\"},\"webview\":{\"0\":802,\"1\":1200,\"2\":2,\"3\":\"width=\\\"802\\\" height=\\\"1200\\\"\",\"bits\":8,\"channels\":3,\"mime\":\"image\\\/jpeg\",\"ewww_image_optimizer\":\"Reduced by 4.7% (9.0&nbsp;kB) - Previously Optimized\"},\"0\":false,\"ewww_image_optimizer\":\"Reduced by 14.9% (28.5&nbsp;kB)\",\"views\":\"3\",\"likes\":\"0\"},\"title\":\"080 Barcelona Fall\\\/Winter 2015-2016\",\"description\":\"<p>080 Barcelona Fall\\\/Winter 2015-2016<\\\/p>\",\"link\":null,\"link_target\":\"\",\"download\":\"https:\\\/\\\/bobvarela.com\\\/wp-content\\\/flagallery\\\/mango-desfile-primavera-verano-2015-en-el-080-barcelona\\\/mango-065.jpg\",\"ratio\":0.66833333333333333481363069950020872056484222412109375}]}; var container = $('#FlaGallery_sc1_256'); container.photomania(settings, content); window.FlaGallery_sc1_256 = container.data('photomania'); }); <\/script><\/div><noscript id=\"noscript_FlaGallery_sc1_256\"><img class=\"skip-lazy no-lazyload noLazy\" data-lazy-src=\"\" src =\"https:\/\/bobvarela.com\/wp-content\/flagallery\/mango-desfile-primavera-verano-2015-en-el-080-barcelona\/mango-001.jpg\" alt=\"080 Barcelona Fall\/Winter 2015-2016\" \/><img class=\"skip-lazy no-lazyload noLazy\" data-lazy-src=\"\" src =\"https:\/\/bobvarela.com\/wp-content\/flagallery\/mango-desfile-primavera-verano-2015-en-el-080-barcelona\/mango-002.jpg\" alt=\"080 Barcelona Fall\/Winter 2015-2016\" \/><img class=\"skip-lazy no-lazyload noLazy\" data-lazy-src=\"\" src =\"https:\/\/bobvarela.com\/wp-content\/flagallery\/mango-desfile-primavera-verano-2015-en-el-080-barcelona\/mango-003.jpg\" alt=\"080 Barcelona Fall\/Winter 2015-2016\" \/><img class=\"skip-lazy no-lazyload noLazy\" data-lazy-src=\"\" src =\"https:\/\/bobvarela.com\/wp-content\/flagallery\/mango-desfile-primavera-verano-2015-en-el-080-barcelona\/mango-004.jpg\" alt=\"080 Barcelona Fall\/Winter 2015-2016\" \/><img class=\"skip-lazy no-lazyload noLazy\" data-lazy-src=\"\" src =\"https:\/\/bobvarela.com\/wp-content\/flagallery\/mango-desfile-primavera-verano-2015-en-el-080-barcelona\/mango-005.jpg\" alt=\"080 Barcelona Fall\/Winter 2015-2016\" \/><img class=\"skip-lazy no-lazyload noLazy\" data-lazy-src=\"\" src =\"https:\/\/bobvarela.com\/wp-content\/flagallery\/mango-desfile-primavera-verano-2015-en-el-080-barcelona\/mango-006.jpg\" alt=\"080 Barcelona Fall\/Winter 2015-2016\" \/><img class=\"skip-lazy no-lazyload noLazy\" data-lazy-src=\"\" src =\"https:\/\/bobvarela.com\/wp-content\/flagallery\/mango-desfile-primavera-verano-2015-en-el-080-barcelona\/mango-007.jpg\" alt=\"080 Barcelona Fall\/Winter 2015-2016\" \/><img class=\"skip-lazy no-lazyload noLazy\" data-lazy-src=\"\" src =\"https:\/\/bobvarela.com\/wp-content\/flagallery\/mango-desfile-primavera-verano-2015-en-el-080-barcelona\/mango-008.jpg\" alt=\"080 Barcelona Fall\/Winter 2015-2016\" \/><img class=\"skip-lazy no-lazyload noLazy\" data-lazy-src=\"\" src =\"https:\/\/bobvarela.com\/wp-content\/flagallery\/mango-desfile-primavera-verano-2015-en-el-080-barcelona\/mango-009.jpg\" alt=\"080 Barcelona Fall\/Winter 2015-2016\" \/><img class=\"skip-lazy no-lazyload noLazy\" data-lazy-src=\"\" src =\"https:\/\/bobvarela.com\/wp-content\/flagallery\/mango-desfile-primavera-verano-2015-en-el-080-barcelona\/mango-010.jpg\" alt=\"080 Barcelona Fall\/Winter 2015-2016\" \/><img class=\"skip-lazy no-lazyload noLazy\" data-lazy-src=\"\" src =\"https:\/\/bobvarela.com\/wp-content\/flagallery\/mango-desfile-primavera-verano-2015-en-el-080-barcelona\/mango-011.jpg\" alt=\"080 Barcelona Fall\/Winter 2015-2016\" \/><img class=\"skip-lazy no-lazyload noLazy\" data-lazy-src=\"\" src =\"https:\/\/bobvarela.com\/wp-content\/flagallery\/mango-desfile-primavera-verano-2015-en-el-080-barcelona\/mango-012.jpg\" alt=\"080 Barcelona Fall\/Winter 2015-2016\" \/><img class=\"skip-lazy no-lazyload noLazy\" data-lazy-src=\"\" src =\"https:\/\/bobvarela.com\/wp-content\/flagallery\/mango-desfile-primavera-verano-2015-en-el-080-barcelona\/mango-013.jpg\" alt=\"080 Barcelona Fall\/Winter 2015-2016\" \/><img class=\"skip-lazy no-lazyload noLazy\" data-lazy-src=\"\" src =\"https:\/\/bobvarela.com\/wp-content\/flagallery\/mango-desfile-primavera-verano-2015-en-el-080-barcelona\/mango-015.jpg\" alt=\"080 Barcelona Fall\/Winter 2015-2016\" \/><img class=\"skip-lazy no-lazyload noLazy\" data-lazy-src=\"\" src =\"https:\/\/bobvarela.com\/wp-content\/flagallery\/mango-desfile-primavera-verano-2015-en-el-080-barcelona\/mango-016.jpg\" alt=\"080 Barcelona Fall\/Winter 2015-2016\" \/><img class=\"skip-lazy no-lazyload noLazy\" data-lazy-src=\"\" src =\"https:\/\/bobvarela.com\/wp-content\/flagallery\/mango-desfile-primavera-verano-2015-en-el-080-barcelona\/mango-017.jpg\" alt=\"080 Barcelona Fall\/Winter 2015-2016\" \/><img class=\"skip-lazy no-lazyload noLazy\" data-lazy-src=\"\" src =\"https:\/\/bobvarela.com\/wp-content\/flagallery\/mango-desfile-primavera-verano-2015-en-el-080-barcelona\/mango-018.jpg\" alt=\"080 Barcelona Fall\/Winter 2015-2016\" \/><img class=\"skip-lazy no-lazyload noLazy\" data-lazy-src=\"\" src =\"https:\/\/bobvarela.com\/wp-content\/flagallery\/mango-desfile-primavera-verano-2015-en-el-080-barcelona\/mango-019.jpg\" alt=\"080 Barcelona Fall\/Winter 2015-2016\" \/><img class=\"skip-lazy no-lazyload noLazy\" data-lazy-src=\"\" src =\"https:\/\/bobvarela.com\/wp-content\/flagallery\/mango-desfile-primavera-verano-2015-en-el-080-barcelona\/mango-020.jpg\" alt=\"080 Barcelona Fall\/Winter 2015-2016\" \/><img class=\"skip-lazy no-lazyload noLazy\" data-lazy-src=\"\" src =\"https:\/\/bobvarela.com\/wp-content\/flagallery\/mango-desfile-primavera-verano-2015-en-el-080-barcelona\/mango-021.jpg\" alt=\"080 Barcelona Fall\/Winter 2015-2016\" \/><img class=\"skip-lazy no-lazyload noLazy\" data-lazy-src=\"\" src =\"https:\/\/bobvarela.com\/wp-content\/flagallery\/mango-desfile-primavera-verano-2015-en-el-080-barcelona\/mango-022.jpg\" alt=\"\" \/><img class=\"skip-lazy no-lazyload noLazy\" data-lazy-src=\"\" src =\"https:\/\/bobvarela.com\/wp-content\/flagallery\/mango-desfile-primavera-verano-2015-en-el-080-barcelona\/mango-023.jpg\" alt=\"080 Barcelona Fall\/Winter 2015-2016\" \/><img class=\"skip-lazy no-lazyload noLazy\" data-lazy-src=\"\" src =\"https:\/\/bobvarela.com\/wp-content\/flagallery\/mango-desfile-primavera-verano-2015-en-el-080-barcelona\/mango-024.jpg\" alt=\"080 Barcelona Fall\/Winter 2015-2016\" \/><img class=\"skip-lazy no-lazyload noLazy\" data-lazy-src=\"\" src =\"https:\/\/bobvarela.com\/wp-content\/flagallery\/mango-desfile-primavera-verano-2015-en-el-080-barcelona\/mango-025.jpg\" alt=\"080 Barcelona Fall\/Winter 2015-2016\" \/><img class=\"skip-lazy no-lazyload noLazy\" data-lazy-src=\"\" src =\"https:\/\/bobvarela.com\/wp-content\/flagallery\/mango-desfile-primavera-verano-2015-en-el-080-barcelona\/mango-026.jpg\" alt=\"080 Barcelona Fall\/Winter 2015-2016\" \/><img class=\"skip-lazy no-lazyload noLazy\" data-lazy-src=\"\" src =\"https:\/\/bobvarela.com\/wp-content\/flagallery\/mango-desfile-primavera-verano-2015-en-el-080-barcelona\/mango-027.jpg\" alt=\"080 Barcelona Fall\/Winter 2015-2016\" \/><img class=\"skip-lazy no-lazyload noLazy\" data-lazy-src=\"\" src =\"https:\/\/bobvarela.com\/wp-content\/flagallery\/mango-desfile-primavera-verano-2015-en-el-080-barcelona\/mango-028.jpg\" alt=\"080 Barcelona Fall\/Winter 2015-2016\" \/><img class=\"skip-lazy no-lazyload noLazy\" data-lazy-src=\"\" src =\"https:\/\/bobvarela.com\/wp-content\/flagallery\/mango-desfile-primavera-verano-2015-en-el-080-barcelona\/mango-029.jpg\" alt=\"080 Barcelona Fall\/Winter 2015-2016\" \/><img class=\"skip-lazy no-lazyload noLazy\" data-lazy-src=\"\" src =\"https:\/\/bobvarela.com\/wp-content\/flagallery\/mango-desfile-primavera-verano-2015-en-el-080-barcelona\/mango-030.jpg\" alt=\"080 Barcelona Fall\/Winter 2015-2016\" \/><img class=\"skip-lazy no-lazyload noLazy\" data-lazy-src=\"\" src =\"https:\/\/bobvarela.com\/wp-content\/flagallery\/mango-desfile-primavera-verano-2015-en-el-080-barcelona\/mango-031.jpg\" alt=\"080 Barcelona Fall\/Winter 2015-2016\" \/><img class=\"skip-lazy no-lazyload noLazy\" data-lazy-src=\"\" src =\"https:\/\/bobvarela.com\/wp-content\/flagallery\/mango-desfile-primavera-verano-2015-en-el-080-barcelona\/mango-033.jpg\" alt=\"080 Barcelona Fall\/Winter 2015-2016\" \/><img class=\"skip-lazy no-lazyload noLazy\" data-lazy-src=\"\" src =\"https:\/\/bobvarela.com\/wp-content\/flagallery\/mango-desfile-primavera-verano-2015-en-el-080-barcelona\/mango-034.jpg\" alt=\"080 Barcelona Fall\/Winter 2015-2016\" \/><img class=\"skip-lazy no-lazyload noLazy\" data-lazy-src=\"\" src =\"https:\/\/bobvarela.com\/wp-content\/flagallery\/mango-desfile-primavera-verano-2015-en-el-080-barcelona\/mango-035.jpg\" alt=\"080 Barcelona Fall\/Winter 2015-2016\" \/><img class=\"skip-lazy no-lazyload noLazy\" data-lazy-src=\"\" src =\"https:\/\/bobvarela.com\/wp-content\/flagallery\/mango-desfile-primavera-verano-2015-en-el-080-barcelona\/mango-036.jpg\" alt=\"080 Barcelona Fall\/Winter 2015-2016\" \/><img class=\"skip-lazy no-lazyload noLazy\" data-lazy-src=\"\" src =\"https:\/\/bobvarela.com\/wp-content\/flagallery\/mango-desfile-primavera-verano-2015-en-el-080-barcelona\/mango-037.jpg\" alt=\"080 Barcelona Fall\/Winter 2015-2016\" \/><img class=\"skip-lazy no-lazyload noLazy\" data-lazy-src=\"\" src =\"https:\/\/bobvarela.com\/wp-content\/flagallery\/mango-desfile-primavera-verano-2015-en-el-080-barcelona\/mango-038.jpg\" alt=\"080 Barcelona Fall\/Winter 2015-2016\" \/><img class=\"skip-lazy no-lazyload noLazy\" data-lazy-src=\"\" src =\"https:\/\/bobvarela.com\/wp-content\/flagallery\/mango-desfile-primavera-verano-2015-en-el-080-barcelona\/mango-039.jpg\" alt=\"080 Barcelona Fall\/Winter 2015-2016\" \/><img class=\"skip-lazy no-lazyload noLazy\" data-lazy-src=\"\" src =\"https:\/\/bobvarela.com\/wp-content\/flagallery\/mango-desfile-primavera-verano-2015-en-el-080-barcelona\/mango-040.jpg\" alt=\"080 Barcelona Fall\/Winter 2015-2016\" \/><img class=\"skip-lazy no-lazyload noLazy\" data-lazy-src=\"\" src =\"https:\/\/bobvarela.com\/wp-content\/flagallery\/mango-desfile-primavera-verano-2015-en-el-080-barcelona\/mango-041.jpg\" alt=\"080 Barcelona Fall\/Winter 2015-2016\" \/><img class=\"skip-lazy no-lazyload noLazy\" data-lazy-src=\"\" src =\"https:\/\/bobvarela.com\/wp-content\/flagallery\/mango-desfile-primavera-verano-2015-en-el-080-barcelona\/mango-042.jpg\" alt=\"080 Barcelona Fall\/Winter 2015-2016\" \/><img class=\"skip-lazy no-lazyload noLazy\" data-lazy-src=\"\" src =\"https:\/\/bobvarela.com\/wp-content\/flagallery\/mango-desfile-primavera-verano-2015-en-el-080-barcelona\/mango-043.jpg\" alt=\"080 Barcelona Fall\/Winter 2015-2016\" \/><img class=\"skip-lazy no-lazyload noLazy\" data-lazy-src=\"\" src =\"https:\/\/bobvarela.com\/wp-content\/flagallery\/mango-desfile-primavera-verano-2015-en-el-080-barcelona\/mango-044.jpg\" alt=\"080 Barcelona Fall\/Winter 2015-2016\" \/><img class=\"skip-lazy no-lazyload noLazy\" data-lazy-src=\"\" src =\"https:\/\/bobvarela.com\/wp-content\/flagallery\/mango-desfile-primavera-verano-2015-en-el-080-barcelona\/mango-045.jpg\" alt=\"080 Barcelona Fall\/Winter 2015-2016\" \/><img class=\"skip-lazy no-lazyload noLazy\" data-lazy-src=\"\" src =\"https:\/\/bobvarela.com\/wp-content\/flagallery\/mango-desfile-primavera-verano-2015-en-el-080-barcelona\/mango-046.jpg\" alt=\"080 Barcelona Fall\/Winter 2015-2016\" \/><img class=\"skip-lazy no-lazyload noLazy\" data-lazy-src=\"\" src =\"https:\/\/bobvarela.com\/wp-content\/flagallery\/mango-desfile-primavera-verano-2015-en-el-080-barcelona\/mango-047.jpg\" alt=\"080 Barcelona Fall\/Winter 2015-2016\" \/><img class=\"skip-lazy no-lazyload noLazy\" data-lazy-src=\"\" src =\"https:\/\/bobvarela.com\/wp-content\/flagallery\/mango-desfile-primavera-verano-2015-en-el-080-barcelona\/mango-048.jpg\" alt=\"080 Barcelona Fall\/Winter 2015-2016\" \/><img class=\"skip-lazy no-lazyload noLazy\" data-lazy-src=\"\" src =\"https:\/\/bobvarela.com\/wp-content\/flagallery\/mango-desfile-primavera-verano-2015-en-el-080-barcelona\/mango-049.jpg\" alt=\"080 Barcelona Fall\/Winter 2015-2016\" \/><img class=\"skip-lazy no-lazyload noLazy\" data-lazy-src=\"\" src =\"https:\/\/bobvarela.com\/wp-content\/flagallery\/mango-desfile-primavera-verano-2015-en-el-080-barcelona\/mango-050.jpg\" alt=\"080 Barcelona Fall\/Winter 2015-2016\" \/><img class=\"skip-lazy no-lazyload noLazy\" data-lazy-src=\"\" src =\"https:\/\/bobvarela.com\/wp-content\/flagallery\/mango-desfile-primavera-verano-2015-en-el-080-barcelona\/mango-051.jpg\" alt=\"080 Barcelona Fall\/Winter 2015-2016\" \/><img class=\"skip-lazy no-lazyload noLazy\" data-lazy-src=\"\" src =\"https:\/\/bobvarela.com\/wp-content\/flagallery\/mango-desfile-primavera-verano-2015-en-el-080-barcelona\/mango-052.jpg\" alt=\"080 Barcelona Fall\/Winter 2015-2016\" \/><img class=\"skip-lazy no-lazyload noLazy\" data-lazy-src=\"\" src =\"https:\/\/bobvarela.com\/wp-content\/flagallery\/mango-desfile-primavera-verano-2015-en-el-080-barcelona\/mango-054.jpg\" alt=\"080 Barcelona Fall\/Winter 2015-2016\" \/><img class=\"skip-lazy no-lazyload noLazy\" data-lazy-src=\"\" src =\"https:\/\/bobvarela.com\/wp-content\/flagallery\/mango-desfile-primavera-verano-2015-en-el-080-barcelona\/mango-055.jpg\" alt=\"080 Barcelona Fall\/Winter 2015-2016\" \/><img class=\"skip-lazy no-lazyload noLazy\" data-lazy-src=\"\" src =\"https:\/\/bobvarela.com\/wp-content\/flagallery\/mango-desfile-primavera-verano-2015-en-el-080-barcelona\/mango-056.jpg\" alt=\"080 Barcelona Fall\/Winter 2015-2016\" \/><img class=\"skip-lazy no-lazyload noLazy\" data-lazy-src=\"\" src =\"https:\/\/bobvarela.com\/wp-content\/flagallery\/mango-desfile-primavera-verano-2015-en-el-080-barcelona\/mango-058.jpg\" alt=\"080 Barcelona Fall\/Winter 2015-2016\" \/><img class=\"skip-lazy no-lazyload noLazy\" data-lazy-src=\"\" src =\"https:\/\/bobvarela.com\/wp-content\/flagallery\/mango-desfile-primavera-verano-2015-en-el-080-barcelona\/mango-059.jpg\" alt=\"080 Barcelona Fall\/Winter 2015-2016\" \/><img class=\"skip-lazy no-lazyload noLazy\" data-lazy-src=\"\" src =\"https:\/\/bobvarela.com\/wp-content\/flagallery\/mango-desfile-primavera-verano-2015-en-el-080-barcelona\/mango-060.jpg\" alt=\"080 Barcelona Fall\/Winter 2015-2016\" \/><img class=\"skip-lazy no-lazyload noLazy\" data-lazy-src=\"\" src =\"https:\/\/bobvarela.com\/wp-content\/flagallery\/mango-desfile-primavera-verano-2015-en-el-080-barcelona\/mango-062.jpg\" alt=\"080 Barcelona Fall\/Winter 2015-2016\" \/><img class=\"skip-lazy no-lazyload noLazy\" data-lazy-src=\"\" src =\"https:\/\/bobvarela.com\/wp-content\/flagallery\/mango-desfile-primavera-verano-2015-en-el-080-barcelona\/mango-063.jpg\" alt=\"080 Barcelona Fall\/Winter 2015-2016\" \/><img class=\"skip-lazy no-lazyload noLazy\" data-lazy-src=\"\" src =\"https:\/\/bobvarela.com\/wp-content\/flagallery\/mango-desfile-primavera-verano-2015-en-el-080-barcelona\/mango-064.jpg\" alt=\"080 Barcelona Fall\/Winter 2015-2016\" \/><img class=\"skip-lazy no-lazyload noLazy\" data-lazy-src=\"\" src =\"https:\/\/bobvarela.com\/wp-content\/flagallery\/mango-desfile-primavera-verano-2015-en-el-080-barcelona\/mango-065.jpg\" alt=\"080 Barcelona Fall\/Winter 2015-2016\" \/><\/noscript>\n<p>Fotos cortesia de 080 Barcelona<\/p>\n","protected":false},"excerpt":{"rendered":"<p>Elegante, joven y con mucho estilo. Las prendas de la colecci\u00f3n primavera\/verano 2015 evocan el estilo m\u00e1s hippy de los a\u00f1os 70. Puntas, bordados, gasas, piel girada y tejidos vaporosos visten la mayor\u00eda de los modelos. Un esp\u00edritu libre que&hellip;<\/p>\n<p class=\"more-link-p\"><a class=\"more-link\" href=\"https:\/\/bobvarela.com\/?p=71296\">Read more &rarr;<\/a><\/p>\n","protected":false},"author":1,"featured_media":0,"comment_status":"open","ping_status":"open","sticky":false,"template":"","format":"standard","meta":{"ngg_post_thumbnail":0,"footnotes":""},"categories":[478,4],"tags":[],"class_list":["post-71296","post","type-post","status-publish","format-standard","hentry","category-080-barcelona","category-moda"],"_links":{"self":[{"href":"https:\/\/bobvarela.com\/index.php?rest_route=\/wp\/v2\/posts\/71296","targetHints":{"allow":["GET"]}}],"collection":[{"href":"https:\/\/bobvarela.com\/index.php?rest_route=\/wp\/v2\/posts"}],"about":[{"href":"https:\/\/bobvarela.com\/index.php?rest_route=\/wp\/v2\/types\/post"}],"author":[{"embeddable":true,"href":"https:\/\/bobvarela.com\/index.php?rest_route=\/wp\/v2\/users\/1"}],"replies":[{"embeddable":true,"href":"https:\/\/bobvarela.com\/index.php?rest_route=%2Fwp%2Fv2%2Fcomments&post=71296"}],"version-history":[{"count":3,"href":"https:\/\/bobvarela.com\/index.php?rest_route=\/wp\/v2\/posts\/71296\/revisions"}],"predecessor-version":[{"id":71299,"href":"https:\/\/bobvarela.com\/index.php?rest_route=\/wp\/v2\/posts\/71296\/revisions\/71299"}],"wp:attachment":[{"href":"https:\/\/bobvarela.com\/index.php?rest_route=%2Fwp%2Fv2%2Fmedia&parent=71296"}],"wp:term":[{"taxonomy":"category","embeddable":true,"href":"https:\/\/bobvarela.com\/index.php?rest_route=%2Fwp%2Fv2%2Fcategories&post=71296"},{"taxonomy":"post_tag","embeddable":true,"href":"https:\/\/bobvarela.com\/index.php?rest_route=%2Fwp%2Fv2%2Ftags&post=71296"}],"curies":[{"name":"wp","href":"https:\/\/api.w.org\/{rel}","templated":true}]}}