{"id":71310,"date":"2015-02-03T18:35:18","date_gmt":"2015-02-03T22:35:18","guid":{"rendered":"https:\/\/bobvarela.com\/?p=71310"},"modified":"2015-02-03T18:35:24","modified_gmt":"2015-02-03T22:35:24","slug":"celia-vela-coleccin-otoo-invierno-201516-en-080-barcelona","status":"publish","type":"post","link":"https:\/\/bobvarela.com\/?p=71310","title":{"rendered":"Celia Vela  COLECCI&Oacute;N- Oto&ntilde;o-invierno 2015\/16 en 080 barcelona"},"content":{"rendered":"<p align=\"center\"><font size=\"3\"><a href=\"https:\/\/bobvarela.com\/wp-content\/uploads\/2015\/02\/Celia-Vela-098.jpg\"><img loading=\"lazy\" decoding=\"async\" title=\"Ready to Wear Fall\/Winter 2015-2016\" style=\"border-top: 0px; border-right: 0px; background-image: none; border-bottom: 0px; padding-top: 0px; padding-left: 0px; border-left: 0px; display: inline; padding-right: 0px\" border=\"0\" alt=\"Ready to Wear Fall\/Winter 2015-2016\" src=\"https:\/\/bobvarela.com\/wp-content\/uploads\/2015\/02\/Celia-Vela-098_thumb.jpg\" width=\"398\" height=\"266\" \/><\/a><\/font><\/p>\n<p align=\"justify\"><font size=\"3\">Desde 1998 tiene tienda propia en Figueras. En el 2003 amplia la tienda con un nuevo espacio dedicado a novias. Se introduce en el mercado japon\u00e9s en el 1999. Desde el 2001 hasta el 2006 participa en el Espacio&#160; Cibeles-SIMM.<\/font><\/p>\n<p align=\"justify\"><font size=\"3\">En el 2003 y el 2004 presenta sus colecciones en el sal\u00f3n Atmosph\u00e8re de Paris. Durante el mes de octubre de 2005 realiza una exposici\u00f3n titulada \u201cCelia Vela-10 a\u00f1os, 10 miradas de moda\u201d en el Museo del Empord\u00e1n en Figueras, con motivo del d\u00e9cimo aniversario de la firma.<\/font><\/p>\n<p align=\"center\"><a href=\"https:\/\/bobvarela.com\/wp-content\/uploads\/2015\/02\/Celia-Vela-099.jpg\"><img loading=\"lazy\" decoding=\"async\" title=\"Ready to Wear Fall\/Winter 2015-2016\" style=\"border-top: 0px; border-right: 0px; background-image: none; border-bottom: 0px; padding-top: 0px; padding-left: 0px; border-left: 0px; display: inline; padding-right: 0px\" border=\"0\" alt=\"Ready to Wear Fall\/Winter 2015-2016\" src=\"https:\/\/bobvarela.com\/wp-content\/uploads\/2015\/02\/Celia-Vela-099_thumb.jpg\" width=\"394\" height=\"249\" \/><\/a><\/p>\n<p align=\"justify\"><font size=\"3\">En el 2007 participa en el Bread &amp; Butter de Barcelona. Desde el 2009 tiene showroom permanente en Tokio. Desde el 2010 participa en la Pasarela 080 de Barcelona. Participa en conferencias sobre dise\u00f1o y moda habitualmente desde 1998<\/font><\/p>\n<p align=\"justify\"><div class=\"flagallery photomania_skin\" id=\"FlaGallery_sc1_257\" ><style type=\"text\/css\" class=\"flagallery_skin_style_import\">#FlaGallery_sc1_257 .flagpm_preload {opacity:0;}#FlaGallery_sc1_257 .swiper-big-images img.flagpm_the_photo { max-height:100%; max-width:100%; display:inline; width:auto; height:auto !important; object-fit:unset; vertical-align:middle; border:none; }#FlaGallery_sc1_257 .flagpm_focus .swiper-big-images img.flagpm_the_photo { width:auto; height:auto; object-fit:unset; }#FlaGallery_sc1_257 .swiper-small-images img.flagpm_photo { max-width:none; max-height:none; }#FlaGallery_sc1_257 .swiper-small-images img.flagpm_photo.flagpm_photo_landscape { width:auto; height:100% !important; }#FlaGallery_sc1_257 .swiper-small-images img.flagpm_photo.flagpm_photo_portrait { width:100%; height:auto !important; }#FlaGallery_sc1_257 .flagpm_gallery_sources_list p { margin:7px 0; padding:0; font-size:inherit; }#FlaGallery_sc1_257 .flagpm_photo_details .flagpm_description_wrap a,#FlaGallery_sc1_257 .flagpm_big_button_wrap .flagpm_button.flagpm_like.flagpm_liked,#FlaGallery_sc1_257 .flagpm_big_button_wrap .flagpm_button.flagpm_like.flagpm_liked:hover {color:#0099e5;}#FlaGallery_sc1_257 .flagpm_photo_show .flagpm_big_button {background-color:#0099e5;}#FlaGallery_sc1_257 .swiper-small-images div.flagpm_photo.swiper-slide-active {border-color:#02adea;}#FlaGallery_sc1_257 .flagpm_photo_header .flagpm_name_wrap .flagpm_title_author a:hover,#FlaGallery_sc1_257 .flagpm_photo_details .flagpm_description_wrap a:hover {color:#02adea;}#FlaGallery_sc1_257 .flagpm_photo_show .flagpm_big_button:hover,#FlaGallery_sc1_257 .flagpm_focus_actions ul .flagpm_button.like.flagpm_liked {background-color:#02adea;}<\/style> <div class=\"flagpm_photo_show flagpm_w960 flagpm_w640 flagpm_w480 flagpm_preload\"> <div class=\"flagpm_photo_wrap has_prev_photo has_next_photo\"> <div class=\"swiper-container swiper-big-images\"> <div class=\"flagpm_photo_arrow_next flagpm_photo_arrow flagpm_next\"> <div title=\"Next\" class=\"flagpm_arrow\"><\/div> <\/div> <div class=\"flagpm_photo_arrow_previous flagpm_photo_arrow flagpm_prev\"> <div title=\"Previous\" class=\"flagpm_arrow\"><\/div> <\/div> <div class=\"swiper-wrapper\"><div class=\"swiper-slide\" data-hash=\"flagallery18574\" data-photo-id=\"18574\"><span class=\"flagpm_va\"><\/span><img decoding=\"async\" src=\"https:\/\/bobvarela.com\/wp-content\/flagallery\/celia-vela-coleccion-otono-invierno-201516-en-080-barcelona\/webview\/celia-vela-001.jpg\" data-src=\"https:\/\/bobvarela.com\/wp-content\/flagallery\/celia-vela-coleccion-otono-invierno-201516-en-080-barcelona\/webview\/celia-vela-001.jpg\" alt=\"Ready to Wear Fall\/Winter 2015-2016\" class=\"noLazy flagpm_the_photo swiper-lazy\"><div class=\"swiper-lazy-preloader swiper-lazy-preloader-black\"><\/div><\/div><div class=\"swiper-slide\" data-hash=\"flagallery18575\" data-photo-id=\"18575\"><span class=\"flagpm_va\"><\/span><img data-src=\"https:\/\/bobvarela.com\/wp-content\/flagallery\/celia-vela-coleccion-otono-invierno-201516-en-080-barcelona\/webview\/celia-vela-003.jpg\" alt=\"Ready to Wear Fall\/Winter 2015-2016\" class=\"noLazy flagpm_the_photo swiper-lazy\"><div class=\"swiper-lazy-preloader swiper-lazy-preloader-black\"><\/div><\/div><div class=\"swiper-slide\" data-hash=\"flagallery18576\" data-photo-id=\"18576\"><span class=\"flagpm_va\"><\/span><img data-src=\"https:\/\/bobvarela.com\/wp-content\/flagallery\/celia-vela-coleccion-otono-invierno-201516-en-080-barcelona\/webview\/celia-vela-004.jpg\" alt=\"Ready to Wear Fall\/Winter 2015-2016\" class=\"noLazy flagpm_the_photo swiper-lazy\"><div class=\"swiper-lazy-preloader swiper-lazy-preloader-black\"><\/div><\/div><div class=\"swiper-slide\" data-hash=\"flagallery18577\" data-photo-id=\"18577\"><span class=\"flagpm_va\"><\/span><img data-src=\"https:\/\/bobvarela.com\/wp-content\/flagallery\/celia-vela-coleccion-otono-invierno-201516-en-080-barcelona\/webview\/celia-vela-006.jpg\" alt=\"Ready to Wear Fall\/Winter 2015-2016\" class=\"noLazy flagpm_the_photo swiper-lazy\"><div class=\"swiper-lazy-preloader swiper-lazy-preloader-black\"><\/div><\/div><div class=\"swiper-slide\" data-hash=\"flagallery18578\" data-photo-id=\"18578\"><span class=\"flagpm_va\"><\/span><img data-src=\"https:\/\/bobvarela.com\/wp-content\/flagallery\/celia-vela-coleccion-otono-invierno-201516-en-080-barcelona\/webview\/celia-vela-007.jpg\" alt=\"Ready to Wear Fall\/Winter 2015-2016\" class=\"noLazy flagpm_the_photo swiper-lazy\"><div class=\"swiper-lazy-preloader swiper-lazy-preloader-black\"><\/div><\/div><div class=\"swiper-slide\" data-hash=\"flagallery18579\" data-photo-id=\"18579\"><span class=\"flagpm_va\"><\/span><img data-src=\"https:\/\/bobvarela.com\/wp-content\/flagallery\/celia-vela-coleccion-otono-invierno-201516-en-080-barcelona\/webview\/celia-vela-008.jpg\" alt=\"Ready to Wear Fall\/Winter 2015-2016\" class=\"noLazy flagpm_the_photo swiper-lazy\"><div class=\"swiper-lazy-preloader swiper-lazy-preloader-black\"><\/div><\/div><div class=\"swiper-slide\" data-hash=\"flagallery18580\" data-photo-id=\"18580\"><span class=\"flagpm_va\"><\/span><img data-src=\"https:\/\/bobvarela.com\/wp-content\/flagallery\/celia-vela-coleccion-otono-invierno-201516-en-080-barcelona\/webview\/celia-vela-010.jpg\" alt=\"Ready to Wear Fall\/Winter 2015-2016\" class=\"noLazy flagpm_the_photo swiper-lazy\"><div class=\"swiper-lazy-preloader swiper-lazy-preloader-black\"><\/div><\/div><div class=\"swiper-slide\" data-hash=\"flagallery18581\" data-photo-id=\"18581\"><span class=\"flagpm_va\"><\/span><img data-src=\"https:\/\/bobvarela.com\/wp-content\/flagallery\/celia-vela-coleccion-otono-invierno-201516-en-080-barcelona\/webview\/celia-vela-011.jpg\" alt=\"Ready to Wear Fall\/Winter 2015-2016\" class=\"noLazy flagpm_the_photo swiper-lazy\"><div class=\"swiper-lazy-preloader swiper-lazy-preloader-black\"><\/div><\/div><div class=\"swiper-slide\" data-hash=\"flagallery18582\" data-photo-id=\"18582\"><span class=\"flagpm_va\"><\/span><img data-src=\"https:\/\/bobvarela.com\/wp-content\/flagallery\/celia-vela-coleccion-otono-invierno-201516-en-080-barcelona\/webview\/celia-vela-012.jpg\" alt=\"Ready to Wear Fall\/Winter 2015-2016\" class=\"noLazy flagpm_the_photo swiper-lazy\"><div class=\"swiper-lazy-preloader swiper-lazy-preloader-black\"><\/div><\/div><div class=\"swiper-slide\" data-hash=\"flagallery18583\" data-photo-id=\"18583\"><span class=\"flagpm_va\"><\/span><img data-src=\"https:\/\/bobvarela.com\/wp-content\/flagallery\/celia-vela-coleccion-otono-invierno-201516-en-080-barcelona\/webview\/celia-vela-013.jpg\" alt=\"Ready to Wear Fall\/Winter 2015-2016\" class=\"noLazy flagpm_the_photo swiper-lazy\"><div class=\"swiper-lazy-preloader swiper-lazy-preloader-black\"><\/div><\/div><div class=\"swiper-slide\" data-hash=\"flagallery18584\" data-photo-id=\"18584\"><span class=\"flagpm_va\"><\/span><img data-src=\"https:\/\/bobvarela.com\/wp-content\/flagallery\/celia-vela-coleccion-otono-invierno-201516-en-080-barcelona\/webview\/celia-vela-015.jpg\" alt=\"Ready to Wear Fall\/Winter 2015-2016\" class=\"noLazy flagpm_the_photo swiper-lazy\"><div class=\"swiper-lazy-preloader swiper-lazy-preloader-black\"><\/div><\/div><div class=\"swiper-slide\" data-hash=\"flagallery18585\" data-photo-id=\"18585\"><span class=\"flagpm_va\"><\/span><img data-src=\"https:\/\/bobvarela.com\/wp-content\/flagallery\/celia-vela-coleccion-otono-invierno-201516-en-080-barcelona\/webview\/celia-vela-016.jpg\" alt=\"Ready to Wear Fall\/Winter 2015-2016\" class=\"noLazy flagpm_the_photo swiper-lazy\"><div class=\"swiper-lazy-preloader swiper-lazy-preloader-black\"><\/div><\/div><div class=\"swiper-slide\" data-hash=\"flagallery18586\" data-photo-id=\"18586\"><span class=\"flagpm_va\"><\/span><img data-src=\"https:\/\/bobvarela.com\/wp-content\/flagallery\/celia-vela-coleccion-otono-invierno-201516-en-080-barcelona\/webview\/celia-vela-018.jpg\" alt=\"Ready to Wear Fall\/Winter 2015-2016\" class=\"noLazy flagpm_the_photo swiper-lazy\"><div class=\"swiper-lazy-preloader swiper-lazy-preloader-black\"><\/div><\/div><div class=\"swiper-slide\" data-hash=\"flagallery18587\" data-photo-id=\"18587\"><span class=\"flagpm_va\"><\/span><img data-src=\"https:\/\/bobvarela.com\/wp-content\/flagallery\/celia-vela-coleccion-otono-invierno-201516-en-080-barcelona\/webview\/celia-vela-019.jpg\" alt=\"Ready to Wear Fall\/Winter 2015-2016\" class=\"noLazy flagpm_the_photo swiper-lazy\"><div class=\"swiper-lazy-preloader swiper-lazy-preloader-black\"><\/div><\/div><div class=\"swiper-slide\" data-hash=\"flagallery18588\" data-photo-id=\"18588\"><span class=\"flagpm_va\"><\/span><img data-src=\"https:\/\/bobvarela.com\/wp-content\/flagallery\/celia-vela-coleccion-otono-invierno-201516-en-080-barcelona\/webview\/celia-vela-021.jpg\" alt=\"Ready to Wear Fall\/Winter 2015-2016\" class=\"noLazy flagpm_the_photo swiper-lazy\"><div class=\"swiper-lazy-preloader swiper-lazy-preloader-black\"><\/div><\/div><div class=\"swiper-slide\" data-hash=\"flagallery18589\" data-photo-id=\"18589\"><span class=\"flagpm_va\"><\/span><img data-src=\"https:\/\/bobvarela.com\/wp-content\/flagallery\/celia-vela-coleccion-otono-invierno-201516-en-080-barcelona\/webview\/celia-vela-022.jpg\" alt=\"Ready to Wear Fall\/Winter 2015-2016\" class=\"noLazy flagpm_the_photo swiper-lazy\"><div class=\"swiper-lazy-preloader swiper-lazy-preloader-black\"><\/div><\/div><div class=\"swiper-slide\" data-hash=\"flagallery18590\" data-photo-id=\"18590\"><span class=\"flagpm_va\"><\/span><img data-src=\"https:\/\/bobvarela.com\/wp-content\/flagallery\/celia-vela-coleccion-otono-invierno-201516-en-080-barcelona\/webview\/celia-vela-024.jpg\" alt=\"Ready to Wear Fall\/Winter 2015-2016\" class=\"noLazy flagpm_the_photo swiper-lazy\"><div class=\"swiper-lazy-preloader swiper-lazy-preloader-black\"><\/div><\/div><div class=\"swiper-slide\" data-hash=\"flagallery18591\" data-photo-id=\"18591\"><span class=\"flagpm_va\"><\/span><img data-src=\"https:\/\/bobvarela.com\/wp-content\/flagallery\/celia-vela-coleccion-otono-invierno-201516-en-080-barcelona\/webview\/celia-vela-025.jpg\" alt=\"Ready to Wear Fall\/Winter 2015-2016\" class=\"noLazy flagpm_the_photo swiper-lazy\"><div class=\"swiper-lazy-preloader swiper-lazy-preloader-black\"><\/div><\/div><div class=\"swiper-slide\" data-hash=\"flagallery18592\" data-photo-id=\"18592\"><span class=\"flagpm_va\"><\/span><img data-src=\"https:\/\/bobvarela.com\/wp-content\/flagallery\/celia-vela-coleccion-otono-invierno-201516-en-080-barcelona\/webview\/celia-vela-026.jpg\" alt=\"Ready to Wear Fall\/Winter 2015-2016\" class=\"noLazy flagpm_the_photo swiper-lazy\"><div class=\"swiper-lazy-preloader swiper-lazy-preloader-black\"><\/div><\/div><div class=\"swiper-slide\" data-hash=\"flagallery18593\" data-photo-id=\"18593\"><span class=\"flagpm_va\"><\/span><img data-src=\"https:\/\/bobvarela.com\/wp-content\/flagallery\/celia-vela-coleccion-otono-invierno-201516-en-080-barcelona\/webview\/celia-vela-028.jpg\" alt=\"Ready to Wear Fall\/Winter 2015-2016\" class=\"noLazy flagpm_the_photo swiper-lazy\"><div class=\"swiper-lazy-preloader swiper-lazy-preloader-black\"><\/div><\/div><div class=\"swiper-slide\" data-hash=\"flagallery18594\" data-photo-id=\"18594\"><span class=\"flagpm_va\"><\/span><img data-src=\"https:\/\/bobvarela.com\/wp-content\/flagallery\/celia-vela-coleccion-otono-invierno-201516-en-080-barcelona\/webview\/celia-vela-029.jpg\" alt=\"Ready to Wear Fall\/Winter 2015-2016\" class=\"noLazy flagpm_the_photo swiper-lazy\"><div class=\"swiper-lazy-preloader swiper-lazy-preloader-black\"><\/div><\/div><div class=\"swiper-slide\" data-hash=\"flagallery18595\" data-photo-id=\"18595\"><span class=\"flagpm_va\"><\/span><img data-src=\"https:\/\/bobvarela.com\/wp-content\/flagallery\/celia-vela-coleccion-otono-invierno-201516-en-080-barcelona\/webview\/celia-vela-032.jpg\" alt=\"Ready to Wear Fall\/Winter 2015-2016\" class=\"noLazy flagpm_the_photo swiper-lazy\"><div class=\"swiper-lazy-preloader swiper-lazy-preloader-black\"><\/div><\/div><div class=\"swiper-slide\" data-hash=\"flagallery18596\" data-photo-id=\"18596\"><span class=\"flagpm_va\"><\/span><img data-src=\"https:\/\/bobvarela.com\/wp-content\/flagallery\/celia-vela-coleccion-otono-invierno-201516-en-080-barcelona\/webview\/celia-vela-033.jpg\" alt=\"Ready to Wear Fall\/Winter 2015-2016\" class=\"noLazy flagpm_the_photo swiper-lazy\"><div class=\"swiper-lazy-preloader swiper-lazy-preloader-black\"><\/div><\/div><div class=\"swiper-slide\" data-hash=\"flagallery18597\" data-photo-id=\"18597\"><span class=\"flagpm_va\"><\/span><img data-src=\"https:\/\/bobvarela.com\/wp-content\/flagallery\/celia-vela-coleccion-otono-invierno-201516-en-080-barcelona\/webview\/celia-vela-034.jpg\" alt=\"Ready to Wear Fall\/Winter 2015-2016\" class=\"noLazy flagpm_the_photo swiper-lazy\"><div class=\"swiper-lazy-preloader swiper-lazy-preloader-black\"><\/div><\/div><div class=\"swiper-slide\" data-hash=\"flagallery18598\" data-photo-id=\"18598\"><span class=\"flagpm_va\"><\/span><img data-src=\"https:\/\/bobvarela.com\/wp-content\/flagallery\/celia-vela-coleccion-otono-invierno-201516-en-080-barcelona\/webview\/celia-vela-036.jpg\" alt=\"Ready to Wear Fall\/Winter 2015-2016\" class=\"noLazy flagpm_the_photo swiper-lazy\"><div class=\"swiper-lazy-preloader swiper-lazy-preloader-black\"><\/div><\/div><div class=\"swiper-slide\" data-hash=\"flagallery18599\" data-photo-id=\"18599\"><span class=\"flagpm_va\"><\/span><img data-src=\"https:\/\/bobvarela.com\/wp-content\/flagallery\/celia-vela-coleccion-otono-invierno-201516-en-080-barcelona\/webview\/celia-vela-039.jpg\" alt=\"Ready to Wear Fall\/Winter 2015-2016\" class=\"noLazy flagpm_the_photo swiper-lazy\"><div class=\"swiper-lazy-preloader swiper-lazy-preloader-black\"><\/div><\/div><div class=\"swiper-slide\" data-hash=\"flagallery18600\" data-photo-id=\"18600\"><span class=\"flagpm_va\"><\/span><img data-src=\"https:\/\/bobvarela.com\/wp-content\/flagallery\/celia-vela-coleccion-otono-invierno-201516-en-080-barcelona\/webview\/celia-vela-041.jpg\" alt=\"Ready to Wear Fall\/Winter 2015-2016\" class=\"noLazy flagpm_the_photo swiper-lazy\"><div class=\"swiper-lazy-preloader swiper-lazy-preloader-black\"><\/div><\/div><div class=\"swiper-slide\" data-hash=\"flagallery18601\" data-photo-id=\"18601\"><span class=\"flagpm_va\"><\/span><img data-src=\"https:\/\/bobvarela.com\/wp-content\/flagallery\/celia-vela-coleccion-otono-invierno-201516-en-080-barcelona\/webview\/celia-vela-042.jpg\" alt=\"Ready to Wear Fall\/Winter 2015-2016\" class=\"noLazy flagpm_the_photo swiper-lazy\"><div class=\"swiper-lazy-preloader swiper-lazy-preloader-black\"><\/div><\/div><div class=\"swiper-slide\" data-hash=\"flagallery18602\" data-photo-id=\"18602\"><span class=\"flagpm_va\"><\/span><img data-src=\"https:\/\/bobvarela.com\/wp-content\/flagallery\/celia-vela-coleccion-otono-invierno-201516-en-080-barcelona\/webview\/celia-vela-044.jpg\" alt=\"Ready to Wear Fall\/Winter 2015-2016\" class=\"noLazy flagpm_the_photo swiper-lazy\"><div class=\"swiper-lazy-preloader swiper-lazy-preloader-black\"><\/div><\/div><div class=\"swiper-slide\" data-hash=\"flagallery18603\" data-photo-id=\"18603\"><span class=\"flagpm_va\"><\/span><img data-src=\"https:\/\/bobvarela.com\/wp-content\/flagallery\/celia-vela-coleccion-otono-invierno-201516-en-080-barcelona\/webview\/celia-vela-045.jpg\" alt=\"Ready to Wear Fall\/Winter 2015-2016\" class=\"noLazy flagpm_the_photo swiper-lazy\"><div class=\"swiper-lazy-preloader swiper-lazy-preloader-black\"><\/div><\/div><div class=\"swiper-slide\" data-hash=\"flagallery18604\" data-photo-id=\"18604\"><span class=\"flagpm_va\"><\/span><img data-src=\"https:\/\/bobvarela.com\/wp-content\/flagallery\/celia-vela-coleccion-otono-invierno-201516-en-080-barcelona\/webview\/celia-vela-047.jpg\" alt=\"Ready to Wear Fall\/Winter 2015-2016\" class=\"noLazy flagpm_the_photo swiper-lazy\"><div class=\"swiper-lazy-preloader swiper-lazy-preloader-black\"><\/div><\/div><div class=\"swiper-slide\" data-hash=\"flagallery18605\" data-photo-id=\"18605\"><span class=\"flagpm_va\"><\/span><img data-src=\"https:\/\/bobvarela.com\/wp-content\/flagallery\/celia-vela-coleccion-otono-invierno-201516-en-080-barcelona\/webview\/celia-vela-048.jpg\" alt=\"Ready to Wear Fall\/Winter 2015-2016\" class=\"noLazy flagpm_the_photo swiper-lazy\"><div class=\"swiper-lazy-preloader swiper-lazy-preloader-black\"><\/div><\/div><div class=\"swiper-slide\" data-hash=\"flagallery18606\" data-photo-id=\"18606\"><span class=\"flagpm_va\"><\/span><img data-src=\"https:\/\/bobvarela.com\/wp-content\/flagallery\/celia-vela-coleccion-otono-invierno-201516-en-080-barcelona\/webview\/celia-vela-049.jpg\" alt=\"Ready to Wear Fall\/Winter 2015-2016\" class=\"noLazy flagpm_the_photo swiper-lazy\"><div class=\"swiper-lazy-preloader swiper-lazy-preloader-black\"><\/div><\/div><div class=\"swiper-slide\" data-hash=\"flagallery18607\" data-photo-id=\"18607\"><span class=\"flagpm_va\"><\/span><img data-src=\"https:\/\/bobvarela.com\/wp-content\/flagallery\/celia-vela-coleccion-otono-invierno-201516-en-080-barcelona\/webview\/celia-vela-050.jpg\" alt=\"Ready to Wear Fall\/Winter 2015-2016\" class=\"noLazy flagpm_the_photo swiper-lazy\"><div class=\"swiper-lazy-preloader swiper-lazy-preloader-black\"><\/div><\/div><div class=\"swiper-slide\" data-hash=\"flagallery18608\" data-photo-id=\"18608\"><span class=\"flagpm_va\"><\/span><img data-src=\"https:\/\/bobvarela.com\/wp-content\/flagallery\/celia-vela-coleccion-otono-invierno-201516-en-080-barcelona\/webview\/celia-vela-052.jpg\" alt=\"Ready to Wear Fall\/Winter 2015-2016\" class=\"noLazy flagpm_the_photo swiper-lazy\"><div class=\"swiper-lazy-preloader swiper-lazy-preloader-black\"><\/div><\/div><div class=\"swiper-slide\" data-hash=\"flagallery18609\" data-photo-id=\"18609\"><span class=\"flagpm_va\"><\/span><img data-src=\"https:\/\/bobvarela.com\/wp-content\/flagallery\/celia-vela-coleccion-otono-invierno-201516-en-080-barcelona\/webview\/celia-vela-053.jpg\" alt=\"Ready to Wear Fall\/Winter 2015-2016\" class=\"noLazy flagpm_the_photo swiper-lazy\"><div class=\"swiper-lazy-preloader swiper-lazy-preloader-black\"><\/div><\/div><div class=\"swiper-slide\" data-hash=\"flagallery18610\" data-photo-id=\"18610\"><span class=\"flagpm_va\"><\/span><img data-src=\"https:\/\/bobvarela.com\/wp-content\/flagallery\/celia-vela-coleccion-otono-invierno-201516-en-080-barcelona\/webview\/celia-vela-055.jpg\" alt=\"Ready to Wear Fall\/Winter 2015-2016\" class=\"noLazy flagpm_the_photo swiper-lazy\"><div class=\"swiper-lazy-preloader swiper-lazy-preloader-black\"><\/div><\/div><div class=\"swiper-slide\" data-hash=\"flagallery18611\" data-photo-id=\"18611\"><span class=\"flagpm_va\"><\/span><img data-src=\"https:\/\/bobvarela.com\/wp-content\/flagallery\/celia-vela-coleccion-otono-invierno-201516-en-080-barcelona\/webview\/celia-vela-056.jpg\" alt=\"Ready to Wear Fall\/Winter 2015-2016\" class=\"noLazy flagpm_the_photo swiper-lazy\"><div class=\"swiper-lazy-preloader swiper-lazy-preloader-black\"><\/div><\/div><div class=\"swiper-slide\" data-hash=\"flagallery18612\" data-photo-id=\"18612\"><span class=\"flagpm_va\"><\/span><img data-src=\"https:\/\/bobvarela.com\/wp-content\/flagallery\/celia-vela-coleccion-otono-invierno-201516-en-080-barcelona\/webview\/celia-vela-057.jpg\" alt=\"Ready to Wear Fall\/Winter 2015-2016\" class=\"noLazy flagpm_the_photo swiper-lazy\"><div class=\"swiper-lazy-preloader swiper-lazy-preloader-black\"><\/div><\/div><div class=\"swiper-slide\" data-hash=\"flagallery18613\" data-photo-id=\"18613\"><span class=\"flagpm_va\"><\/span><img data-src=\"https:\/\/bobvarela.com\/wp-content\/flagallery\/celia-vela-coleccion-otono-invierno-201516-en-080-barcelona\/webview\/celia-vela-059.jpg\" alt=\"Ready to Wear Fall\/Winter 2015-2016\" class=\"noLazy flagpm_the_photo swiper-lazy\"><div class=\"swiper-lazy-preloader swiper-lazy-preloader-black\"><\/div><\/div><div class=\"swiper-slide\" data-hash=\"flagallery18614\" data-photo-id=\"18614\"><span class=\"flagpm_va\"><\/span><img data-src=\"https:\/\/bobvarela.com\/wp-content\/flagallery\/celia-vela-coleccion-otono-invierno-201516-en-080-barcelona\/webview\/celia-vela-060.jpg\" alt=\"Ready to Wear Fall\/Winter 2015-2016\" class=\"noLazy flagpm_the_photo swiper-lazy\"><div class=\"swiper-lazy-preloader swiper-lazy-preloader-black\"><\/div><\/div><div class=\"swiper-slide\" data-hash=\"flagallery18615\" data-photo-id=\"18615\"><span class=\"flagpm_va\"><\/span><img data-src=\"https:\/\/bobvarela.com\/wp-content\/flagallery\/celia-vela-coleccion-otono-invierno-201516-en-080-barcelona\/webview\/celia-vela-062.jpg\" alt=\"Ready to Wear Fall\/Winter 2015-2016\" class=\"noLazy flagpm_the_photo swiper-lazy\"><div class=\"swiper-lazy-preloader swiper-lazy-preloader-black\"><\/div><\/div><div class=\"swiper-slide\" data-hash=\"flagallery18616\" data-photo-id=\"18616\"><span class=\"flagpm_va\"><\/span><img data-src=\"https:\/\/bobvarela.com\/wp-content\/flagallery\/celia-vela-coleccion-otono-invierno-201516-en-080-barcelona\/webview\/celia-vela-064.jpg\" alt=\"Ready to Wear Fall\/Winter 2015-2016\" class=\"noLazy flagpm_the_photo swiper-lazy\"><div class=\"swiper-lazy-preloader swiper-lazy-preloader-black\"><\/div><\/div><div class=\"swiper-slide\" data-hash=\"flagallery18617\" data-photo-id=\"18617\"><span class=\"flagpm_va\"><\/span><img data-src=\"https:\/\/bobvarela.com\/wp-content\/flagallery\/celia-vela-coleccion-otono-invierno-201516-en-080-barcelona\/webview\/celia-vela-065.jpg\" alt=\"Ready to Wear Fall\/Winter 2015-2016\" class=\"noLazy flagpm_the_photo swiper-lazy\"><div class=\"swiper-lazy-preloader swiper-lazy-preloader-black\"><\/div><\/div><div class=\"swiper-slide\" data-hash=\"flagallery18618\" data-photo-id=\"18618\"><span class=\"flagpm_va\"><\/span><img data-src=\"https:\/\/bobvarela.com\/wp-content\/flagallery\/celia-vela-coleccion-otono-invierno-201516-en-080-barcelona\/webview\/celia-vela-067.jpg\" alt=\"Ready to Wear Fall\/Winter 2015-2016\" class=\"noLazy flagpm_the_photo swiper-lazy\"><div class=\"swiper-lazy-preloader swiper-lazy-preloader-black\"><\/div><\/div><div class=\"swiper-slide\" data-hash=\"flagallery18619\" data-photo-id=\"18619\"><span class=\"flagpm_va\"><\/span><img data-src=\"https:\/\/bobvarela.com\/wp-content\/flagallery\/celia-vela-coleccion-otono-invierno-201516-en-080-barcelona\/webview\/celia-vela-068.jpg\" alt=\"Ready to Wear Fall\/Winter 2015-2016\" class=\"noLazy flagpm_the_photo swiper-lazy\"><div class=\"swiper-lazy-preloader swiper-lazy-preloader-black\"><\/div><\/div><div class=\"swiper-slide\" data-hash=\"flagallery18620\" data-photo-id=\"18620\"><span class=\"flagpm_va\"><\/span><img data-src=\"https:\/\/bobvarela.com\/wp-content\/flagallery\/celia-vela-coleccion-otono-invierno-201516-en-080-barcelona\/webview\/celia-vela-069.jpg\" alt=\"Ready to Wear Fall\/Winter 2015-2016\" class=\"noLazy flagpm_the_photo swiper-lazy\"><div class=\"swiper-lazy-preloader swiper-lazy-preloader-black\"><\/div><\/div><div class=\"swiper-slide\" data-hash=\"flagallery18621\" data-photo-id=\"18621\"><span class=\"flagpm_va\"><\/span><img data-src=\"https:\/\/bobvarela.com\/wp-content\/flagallery\/celia-vela-coleccion-otono-invierno-201516-en-080-barcelona\/webview\/celia-vela-070.jpg\" alt=\"Ready to Wear Fall\/Winter 2015-2016\" class=\"noLazy flagpm_the_photo swiper-lazy\"><div class=\"swiper-lazy-preloader swiper-lazy-preloader-black\"><\/div><\/div><div class=\"swiper-slide\" data-hash=\"flagallery18622\" data-photo-id=\"18622\"><span class=\"flagpm_va\"><\/span><img data-src=\"https:\/\/bobvarela.com\/wp-content\/flagallery\/celia-vela-coleccion-otono-invierno-201516-en-080-barcelona\/webview\/celia-vela-072.jpg\" alt=\"Ready to Wear Fall\/Winter 2015-2016\" class=\"noLazy flagpm_the_photo swiper-lazy\"><div class=\"swiper-lazy-preloader swiper-lazy-preloader-black\"><\/div><\/div><div class=\"swiper-slide\" data-hash=\"flagallery18623\" data-photo-id=\"18623\"><span class=\"flagpm_va\"><\/span><img data-src=\"https:\/\/bobvarela.com\/wp-content\/flagallery\/celia-vela-coleccion-otono-invierno-201516-en-080-barcelona\/webview\/celia-vela-074.jpg\" alt=\"Ready to Wear Fall\/Winter 2015-2016\" class=\"noLazy flagpm_the_photo swiper-lazy\"><div class=\"swiper-lazy-preloader swiper-lazy-preloader-black\"><\/div><\/div><div class=\"swiper-slide\" data-hash=\"flagallery18624\" data-photo-id=\"18624\"><span class=\"flagpm_va\"><\/span><img data-src=\"https:\/\/bobvarela.com\/wp-content\/flagallery\/celia-vela-coleccion-otono-invierno-201516-en-080-barcelona\/webview\/celia-vela-075.jpg\" alt=\"Ready to Wear Fall\/Winter 2015-2016\" class=\"noLazy flagpm_the_photo swiper-lazy\"><div class=\"swiper-lazy-preloader swiper-lazy-preloader-black\"><\/div><\/div><div class=\"swiper-slide\" data-hash=\"flagallery18625\" data-photo-id=\"18625\"><span class=\"flagpm_va\"><\/span><img data-src=\"https:\/\/bobvarela.com\/wp-content\/flagallery\/celia-vela-coleccion-otono-invierno-201516-en-080-barcelona\/webview\/celia-vela-076.jpg\" alt=\"Ready to Wear Fall\/Winter 2015-2016\" class=\"noLazy flagpm_the_photo swiper-lazy\"><div class=\"swiper-lazy-preloader swiper-lazy-preloader-black\"><\/div><\/div><div class=\"swiper-slide\" data-hash=\"flagallery18626\" data-photo-id=\"18626\"><span class=\"flagpm_va\"><\/span><img data-src=\"https:\/\/bobvarela.com\/wp-content\/flagallery\/celia-vela-coleccion-otono-invierno-201516-en-080-barcelona\/webview\/celia-vela-078.jpg\" alt=\"Ready to Wear Fall\/Winter 2015-2016\" class=\"noLazy flagpm_the_photo swiper-lazy\"><div class=\"swiper-lazy-preloader swiper-lazy-preloader-black\"><\/div><\/div><div class=\"swiper-slide\" data-hash=\"flagallery18627\" data-photo-id=\"18627\"><span class=\"flagpm_va\"><\/span><img data-src=\"https:\/\/bobvarela.com\/wp-content\/flagallery\/celia-vela-coleccion-otono-invierno-201516-en-080-barcelona\/webview\/celia-vela-080.jpg\" alt=\"Ready to Wear Fall\/Winter 2015-2016\" class=\"noLazy flagpm_the_photo swiper-lazy\"><div class=\"swiper-lazy-preloader swiper-lazy-preloader-black\"><\/div><\/div><div class=\"swiper-slide\" data-hash=\"flagallery18628\" data-photo-id=\"18628\"><span class=\"flagpm_va\"><\/span><img data-src=\"https:\/\/bobvarela.com\/wp-content\/flagallery\/celia-vela-coleccion-otono-invierno-201516-en-080-barcelona\/webview\/celia-vela-082.jpg\" alt=\"Ready to Wear Fall\/Winter 2015-2016\" class=\"noLazy flagpm_the_photo swiper-lazy\"><div class=\"swiper-lazy-preloader swiper-lazy-preloader-black\"><\/div><\/div><div class=\"swiper-slide\" data-hash=\"flagallery18629\" data-photo-id=\"18629\"><span class=\"flagpm_va\"><\/span><img data-src=\"https:\/\/bobvarela.com\/wp-content\/flagallery\/celia-vela-coleccion-otono-invierno-201516-en-080-barcelona\/webview\/celia-vela-083.jpg\" alt=\"Ready to Wear Fall\/Winter 2015-2016\" class=\"noLazy flagpm_the_photo swiper-lazy\"><div class=\"swiper-lazy-preloader swiper-lazy-preloader-black\"><\/div><\/div><div class=\"swiper-slide\" data-hash=\"flagallery18630\" data-photo-id=\"18630\"><span class=\"flagpm_va\"><\/span><img data-src=\"https:\/\/bobvarela.com\/wp-content\/flagallery\/celia-vela-coleccion-otono-invierno-201516-en-080-barcelona\/webview\/celia-vela-084.jpg\" alt=\"Ready to Wear Fall\/Winter 2015-2016\" class=\"noLazy flagpm_the_photo swiper-lazy\"><div class=\"swiper-lazy-preloader swiper-lazy-preloader-black\"><\/div><\/div><div class=\"swiper-slide\" data-hash=\"flagallery18631\" data-photo-id=\"18631\"><span class=\"flagpm_va\"><\/span><img data-src=\"https:\/\/bobvarela.com\/wp-content\/flagallery\/celia-vela-coleccion-otono-invierno-201516-en-080-barcelona\/webview\/celia-vela-086.jpg\" alt=\"Ready to Wear Fall\/Winter 2015-2016\" class=\"noLazy flagpm_the_photo swiper-lazy\"><div class=\"swiper-lazy-preloader swiper-lazy-preloader-black\"><\/div><\/div><div class=\"swiper-slide\" data-hash=\"flagallery18632\" data-photo-id=\"18632\"><span class=\"flagpm_va\"><\/span><img data-src=\"https:\/\/bobvarela.com\/wp-content\/flagallery\/celia-vela-coleccion-otono-invierno-201516-en-080-barcelona\/webview\/celia-vela-087.jpg\" alt=\"Ready to Wear Fall\/Winter 2015-2016\" class=\"noLazy flagpm_the_photo swiper-lazy\"><div class=\"swiper-lazy-preloader swiper-lazy-preloader-black\"><\/div><\/div><div class=\"swiper-slide\" data-hash=\"flagallery18633\" data-photo-id=\"18633\"><span class=\"flagpm_va\"><\/span><img data-src=\"https:\/\/bobvarela.com\/wp-content\/flagallery\/celia-vela-coleccion-otono-invierno-201516-en-080-barcelona\/webview\/celia-vela-089.jpg\" alt=\"Ready to Wear Fall\/Winter 2015-2016\" class=\"noLazy flagpm_the_photo swiper-lazy\"><div class=\"swiper-lazy-preloader swiper-lazy-preloader-black\"><\/div><\/div> <\/div> <\/div> <\/div> <div class=\"flagpm_photo_header\"> <div class=\"flagpm_wrapper flagpm_clearfix\"> <div class=\"flagpm_focus_actions\"> <ul class=\"flagpm_focus_share\"> <li style=\"list-style:none;\" class=\"flagpm_share_wrapper\"> <a class=\"flagpm_button flagpm_share\">Share<\/a> <ul class=\"flagpm_sharelizers flagpm_clearfix\"> <li style=\"list-style:none;\"><a class=\"flagpm_button flagpm_facebook flagpm_sharelizer\">Facebook<\/a><\/li> <li style=\"list-style:none;\"><a class=\"flagpm_button flagpm_twitter flagpm_sharelizer\">Twitter<\/a><\/li> <li style=\"list-style:none;\"><a class=\"flagpm_button flagpm_pinterest flagpm_sharelizer\">Pinterest<\/a><\/li> <li style=\"list-style:none;\"><a class=\"flagpm_button flagpm_stumbleupon flagpm_sharelizer\">StumbleUpon<\/a><\/li> <\/ul> <\/li> <\/ul> <ul class=\"flagpm_focus_like_fave flagpm_clearfix\"> <li style=\"list-style:none;\"><a class=\"flagpm_button flagpm_like\">Like<\/a><\/li> <\/ul> <ul class=\"flagpm_focus_arrows flagpm_clearfix\"> <li style=\"list-style:none;\"><a class=\"flagpm_button flagpm_photo_arrow_previous flagpm_prev\">Previous<\/a><\/li> <li style=\"list-style:none;\"><a class=\"flagpm_button flagpm_photo_arrow_next flagpm_next\">Next<\/a><\/li> <\/ul> <\/div> <div class=\"flagpm_name_wrap flagpm_clearfix flagpm_no_avatar\"> <div class=\"flagpm_title_author\"> <div class=\"flagpm_title\">Ready to Wear Fall\/Winter 2015-2016<\/div> <\/div> <\/div> <div class=\"flagpm_actions flagpm_clearfix\"> <div class=\"flagpm_carousel flagpm_has_previous flagpm_has_next\"> <div class=\"flagpm_previous_button\"><\/div> <div class=\"flagpm_photo_carousel\"> <div class=\"swiper-container swiper-small-images\"> <div class=\"swiper-wrapper\"><div class=\"swiper-slide flagpm_photo\" data-photo-id=\"18574\"><img decoding=\"async\" src=\"https:\/\/bobvarela.com\/wp-content\/flagallery\/celia-vela-coleccion-otono-invierno-201516-en-080-barcelona\/thumbs\/thumbs_celia-vela-001.jpg\" data-src=\"https:\/\/bobvarela.com\/wp-content\/flagallery\/celia-vela-coleccion-otono-invierno-201516-en-080-barcelona\/thumbs\/thumbs_celia-vela-001.jpg\" alt=\"Ready to Wear Fall\/Winter 2015-2016\" class=\"noLazy flagpm_photo swiper-lazy flagpm_photo_portrait\"><span class=\"swiper-lazy-preloader swiper-lazy-preloader-black\"><\/span><\/div><div class=\"swiper-slide flagpm_photo\" data-photo-id=\"18575\"><img data-src=\"https:\/\/bobvarela.com\/wp-content\/flagallery\/celia-vela-coleccion-otono-invierno-201516-en-080-barcelona\/thumbs\/thumbs_celia-vela-003.jpg\" alt=\"Ready to Wear Fall\/Winter 2015-2016\" class=\"noLazy flagpm_photo swiper-lazy flagpm_photo_portrait\"><span class=\"swiper-lazy-preloader swiper-lazy-preloader-black\"><\/span><\/div><div class=\"swiper-slide flagpm_photo\" data-photo-id=\"18576\"><img data-src=\"https:\/\/bobvarela.com\/wp-content\/flagallery\/celia-vela-coleccion-otono-invierno-201516-en-080-barcelona\/thumbs\/thumbs_celia-vela-004.jpg\" alt=\"Ready to Wear Fall\/Winter 2015-2016\" class=\"noLazy flagpm_photo swiper-lazy flagpm_photo_portrait\"><span class=\"swiper-lazy-preloader swiper-lazy-preloader-black\"><\/span><\/div><div class=\"swiper-slide flagpm_photo\" data-photo-id=\"18577\"><img data-src=\"https:\/\/bobvarela.com\/wp-content\/flagallery\/celia-vela-coleccion-otono-invierno-201516-en-080-barcelona\/thumbs\/thumbs_celia-vela-006.jpg\" alt=\"Ready to Wear Fall\/Winter 2015-2016\" class=\"noLazy flagpm_photo swiper-lazy flagpm_photo_portrait\"><span class=\"swiper-lazy-preloader swiper-lazy-preloader-black\"><\/span><\/div><div class=\"swiper-slide flagpm_photo\" data-photo-id=\"18578\"><img data-src=\"https:\/\/bobvarela.com\/wp-content\/flagallery\/celia-vela-coleccion-otono-invierno-201516-en-080-barcelona\/thumbs\/thumbs_celia-vela-007.jpg\" alt=\"Ready to Wear Fall\/Winter 2015-2016\" class=\"noLazy flagpm_photo swiper-lazy flagpm_photo_portrait\"><span class=\"swiper-lazy-preloader swiper-lazy-preloader-black\"><\/span><\/div><div class=\"swiper-slide flagpm_photo\" data-photo-id=\"18579\"><img data-src=\"https:\/\/bobvarela.com\/wp-content\/flagallery\/celia-vela-coleccion-otono-invierno-201516-en-080-barcelona\/thumbs\/thumbs_celia-vela-008.jpg\" alt=\"Ready to Wear Fall\/Winter 2015-2016\" class=\"noLazy flagpm_photo swiper-lazy flagpm_photo_portrait\"><span class=\"swiper-lazy-preloader swiper-lazy-preloader-black\"><\/span><\/div><div class=\"swiper-slide flagpm_photo\" data-photo-id=\"18580\"><img data-src=\"https:\/\/bobvarela.com\/wp-content\/flagallery\/celia-vela-coleccion-otono-invierno-201516-en-080-barcelona\/thumbs\/thumbs_celia-vela-010.jpg\" alt=\"Ready to Wear Fall\/Winter 2015-2016\" class=\"noLazy flagpm_photo swiper-lazy flagpm_photo_portrait\"><span class=\"swiper-lazy-preloader swiper-lazy-preloader-black\"><\/span><\/div><div class=\"swiper-slide flagpm_photo\" data-photo-id=\"18581\"><img data-src=\"https:\/\/bobvarela.com\/wp-content\/flagallery\/celia-vela-coleccion-otono-invierno-201516-en-080-barcelona\/thumbs\/thumbs_celia-vela-011.jpg\" alt=\"Ready to Wear Fall\/Winter 2015-2016\" class=\"noLazy flagpm_photo swiper-lazy flagpm_photo_portrait\"><span class=\"swiper-lazy-preloader swiper-lazy-preloader-black\"><\/span><\/div><div class=\"swiper-slide flagpm_photo\" data-photo-id=\"18582\"><img data-src=\"https:\/\/bobvarela.com\/wp-content\/flagallery\/celia-vela-coleccion-otono-invierno-201516-en-080-barcelona\/thumbs\/thumbs_celia-vela-012.jpg\" alt=\"Ready to Wear Fall\/Winter 2015-2016\" class=\"noLazy flagpm_photo swiper-lazy flagpm_photo_portrait\"><span class=\"swiper-lazy-preloader swiper-lazy-preloader-black\"><\/span><\/div><div class=\"swiper-slide flagpm_photo\" data-photo-id=\"18583\"><img data-src=\"https:\/\/bobvarela.com\/wp-content\/flagallery\/celia-vela-coleccion-otono-invierno-201516-en-080-barcelona\/thumbs\/thumbs_celia-vela-013.jpg\" alt=\"Ready to Wear Fall\/Winter 2015-2016\" class=\"noLazy flagpm_photo swiper-lazy flagpm_photo_portrait\"><span class=\"swiper-lazy-preloader swiper-lazy-preloader-black\"><\/span><\/div><div class=\"swiper-slide flagpm_photo\" data-photo-id=\"18584\"><img data-src=\"https:\/\/bobvarela.com\/wp-content\/flagallery\/celia-vela-coleccion-otono-invierno-201516-en-080-barcelona\/thumbs\/thumbs_celia-vela-015.jpg\" alt=\"Ready to Wear Fall\/Winter 2015-2016\" class=\"noLazy flagpm_photo swiper-lazy flagpm_photo_portrait\"><span class=\"swiper-lazy-preloader swiper-lazy-preloader-black\"><\/span><\/div><div class=\"swiper-slide flagpm_photo\" data-photo-id=\"18585\"><img data-src=\"https:\/\/bobvarela.com\/wp-content\/flagallery\/celia-vela-coleccion-otono-invierno-201516-en-080-barcelona\/thumbs\/thumbs_celia-vela-016.jpg\" alt=\"Ready to Wear Fall\/Winter 2015-2016\" class=\"noLazy flagpm_photo swiper-lazy flagpm_photo_portrait\"><span class=\"swiper-lazy-preloader swiper-lazy-preloader-black\"><\/span><\/div><div class=\"swiper-slide flagpm_photo\" data-photo-id=\"18586\"><img data-src=\"https:\/\/bobvarela.com\/wp-content\/flagallery\/celia-vela-coleccion-otono-invierno-201516-en-080-barcelona\/thumbs\/thumbs_celia-vela-018.jpg\" alt=\"Ready to Wear Fall\/Winter 2015-2016\" class=\"noLazy flagpm_photo swiper-lazy flagpm_photo_portrait\"><span class=\"swiper-lazy-preloader swiper-lazy-preloader-black\"><\/span><\/div><div class=\"swiper-slide flagpm_photo\" data-photo-id=\"18587\"><img data-src=\"https:\/\/bobvarela.com\/wp-content\/flagallery\/celia-vela-coleccion-otono-invierno-201516-en-080-barcelona\/thumbs\/thumbs_celia-vela-019.jpg\" alt=\"Ready to Wear Fall\/Winter 2015-2016\" class=\"noLazy flagpm_photo swiper-lazy flagpm_photo_portrait\"><span class=\"swiper-lazy-preloader swiper-lazy-preloader-black\"><\/span><\/div><div class=\"swiper-slide flagpm_photo\" data-photo-id=\"18588\"><img data-src=\"https:\/\/bobvarela.com\/wp-content\/flagallery\/celia-vela-coleccion-otono-invierno-201516-en-080-barcelona\/thumbs\/thumbs_celia-vela-021.jpg\" alt=\"Ready to Wear Fall\/Winter 2015-2016\" class=\"noLazy flagpm_photo swiper-lazy flagpm_photo_portrait\"><span class=\"swiper-lazy-preloader swiper-lazy-preloader-black\"><\/span><\/div><div class=\"swiper-slide flagpm_photo\" data-photo-id=\"18589\"><img data-src=\"https:\/\/bobvarela.com\/wp-content\/flagallery\/celia-vela-coleccion-otono-invierno-201516-en-080-barcelona\/thumbs\/thumbs_celia-vela-022.jpg\" alt=\"Ready to Wear Fall\/Winter 2015-2016\" class=\"noLazy flagpm_photo swiper-lazy flagpm_photo_portrait\"><span class=\"swiper-lazy-preloader swiper-lazy-preloader-black\"><\/span><\/div><div class=\"swiper-slide flagpm_photo\" data-photo-id=\"18590\"><img data-src=\"https:\/\/bobvarela.com\/wp-content\/flagallery\/celia-vela-coleccion-otono-invierno-201516-en-080-barcelona\/thumbs\/thumbs_celia-vela-024.jpg\" alt=\"Ready to Wear Fall\/Winter 2015-2016\" class=\"noLazy flagpm_photo swiper-lazy flagpm_photo_portrait\"><span class=\"swiper-lazy-preloader swiper-lazy-preloader-black\"><\/span><\/div><div class=\"swiper-slide flagpm_photo\" data-photo-id=\"18591\"><img data-src=\"https:\/\/bobvarela.com\/wp-content\/flagallery\/celia-vela-coleccion-otono-invierno-201516-en-080-barcelona\/thumbs\/thumbs_celia-vela-025.jpg\" alt=\"Ready to Wear Fall\/Winter 2015-2016\" class=\"noLazy flagpm_photo swiper-lazy flagpm_photo_portrait\"><span class=\"swiper-lazy-preloader swiper-lazy-preloader-black\"><\/span><\/div><div class=\"swiper-slide flagpm_photo\" data-photo-id=\"18592\"><img data-src=\"https:\/\/bobvarela.com\/wp-content\/flagallery\/celia-vela-coleccion-otono-invierno-201516-en-080-barcelona\/thumbs\/thumbs_celia-vela-026.jpg\" alt=\"Ready to Wear Fall\/Winter 2015-2016\" class=\"noLazy flagpm_photo swiper-lazy flagpm_photo_portrait\"><span class=\"swiper-lazy-preloader swiper-lazy-preloader-black\"><\/span><\/div><div class=\"swiper-slide flagpm_photo\" data-photo-id=\"18593\"><img data-src=\"https:\/\/bobvarela.com\/wp-content\/flagallery\/celia-vela-coleccion-otono-invierno-201516-en-080-barcelona\/thumbs\/thumbs_celia-vela-028.jpg\" alt=\"Ready to Wear Fall\/Winter 2015-2016\" class=\"noLazy flagpm_photo swiper-lazy flagpm_photo_portrait\"><span class=\"swiper-lazy-preloader swiper-lazy-preloader-black\"><\/span><\/div><div class=\"swiper-slide flagpm_photo\" data-photo-id=\"18594\"><img data-src=\"https:\/\/bobvarela.com\/wp-content\/flagallery\/celia-vela-coleccion-otono-invierno-201516-en-080-barcelona\/thumbs\/thumbs_celia-vela-029.jpg\" alt=\"Ready to Wear Fall\/Winter 2015-2016\" class=\"noLazy flagpm_photo swiper-lazy flagpm_photo_portrait\"><span class=\"swiper-lazy-preloader swiper-lazy-preloader-black\"><\/span><\/div><div class=\"swiper-slide flagpm_photo\" data-photo-id=\"18595\"><img data-src=\"https:\/\/bobvarela.com\/wp-content\/flagallery\/celia-vela-coleccion-otono-invierno-201516-en-080-barcelona\/thumbs\/thumbs_celia-vela-032.jpg\" alt=\"Ready to Wear Fall\/Winter 2015-2016\" class=\"noLazy flagpm_photo swiper-lazy flagpm_photo_portrait\"><span class=\"swiper-lazy-preloader swiper-lazy-preloader-black\"><\/span><\/div><div class=\"swiper-slide flagpm_photo\" data-photo-id=\"18596\"><img data-src=\"https:\/\/bobvarela.com\/wp-content\/flagallery\/celia-vela-coleccion-otono-invierno-201516-en-080-barcelona\/thumbs\/thumbs_celia-vela-033.jpg\" alt=\"Ready to Wear Fall\/Winter 2015-2016\" class=\"noLazy flagpm_photo swiper-lazy flagpm_photo_portrait\"><span class=\"swiper-lazy-preloader swiper-lazy-preloader-black\"><\/span><\/div><div class=\"swiper-slide flagpm_photo\" data-photo-id=\"18597\"><img data-src=\"https:\/\/bobvarela.com\/wp-content\/flagallery\/celia-vela-coleccion-otono-invierno-201516-en-080-barcelona\/thumbs\/thumbs_celia-vela-034.jpg\" alt=\"Ready to Wear Fall\/Winter 2015-2016\" class=\"noLazy flagpm_photo swiper-lazy flagpm_photo_portrait\"><span class=\"swiper-lazy-preloader swiper-lazy-preloader-black\"><\/span><\/div><div class=\"swiper-slide flagpm_photo\" data-photo-id=\"18598\"><img data-src=\"https:\/\/bobvarela.com\/wp-content\/flagallery\/celia-vela-coleccion-otono-invierno-201516-en-080-barcelona\/thumbs\/thumbs_celia-vela-036.jpg\" alt=\"Ready to Wear Fall\/Winter 2015-2016\" class=\"noLazy flagpm_photo swiper-lazy flagpm_photo_portrait\"><span class=\"swiper-lazy-preloader swiper-lazy-preloader-black\"><\/span><\/div><div class=\"swiper-slide flagpm_photo\" data-photo-id=\"18599\"><img data-src=\"https:\/\/bobvarela.com\/wp-content\/flagallery\/celia-vela-coleccion-otono-invierno-201516-en-080-barcelona\/thumbs\/thumbs_celia-vela-039.jpg\" alt=\"Ready to Wear Fall\/Winter 2015-2016\" class=\"noLazy flagpm_photo swiper-lazy flagpm_photo_portrait\"><span class=\"swiper-lazy-preloader swiper-lazy-preloader-black\"><\/span><\/div><div class=\"swiper-slide flagpm_photo\" data-photo-id=\"18600\"><img data-src=\"https:\/\/bobvarela.com\/wp-content\/flagallery\/celia-vela-coleccion-otono-invierno-201516-en-080-barcelona\/thumbs\/thumbs_celia-vela-041.jpg\" alt=\"Ready to Wear Fall\/Winter 2015-2016\" class=\"noLazy flagpm_photo swiper-lazy flagpm_photo_portrait\"><span class=\"swiper-lazy-preloader swiper-lazy-preloader-black\"><\/span><\/div><div class=\"swiper-slide flagpm_photo\" data-photo-id=\"18601\"><img data-src=\"https:\/\/bobvarela.com\/wp-content\/flagallery\/celia-vela-coleccion-otono-invierno-201516-en-080-barcelona\/thumbs\/thumbs_celia-vela-042.jpg\" alt=\"Ready to Wear Fall\/Winter 2015-2016\" class=\"noLazy flagpm_photo swiper-lazy flagpm_photo_portrait\"><span class=\"swiper-lazy-preloader swiper-lazy-preloader-black\"><\/span><\/div><div class=\"swiper-slide flagpm_photo\" data-photo-id=\"18602\"><img data-src=\"https:\/\/bobvarela.com\/wp-content\/flagallery\/celia-vela-coleccion-otono-invierno-201516-en-080-barcelona\/thumbs\/thumbs_celia-vela-044.jpg\" alt=\"Ready to Wear Fall\/Winter 2015-2016\" class=\"noLazy flagpm_photo swiper-lazy flagpm_photo_portrait\"><span class=\"swiper-lazy-preloader swiper-lazy-preloader-black\"><\/span><\/div><div class=\"swiper-slide flagpm_photo\" data-photo-id=\"18603\"><img data-src=\"https:\/\/bobvarela.com\/wp-content\/flagallery\/celia-vela-coleccion-otono-invierno-201516-en-080-barcelona\/thumbs\/thumbs_celia-vela-045.jpg\" alt=\"Ready to Wear Fall\/Winter 2015-2016\" class=\"noLazy flagpm_photo swiper-lazy flagpm_photo_portrait\"><span class=\"swiper-lazy-preloader swiper-lazy-preloader-black\"><\/span><\/div><div class=\"swiper-slide flagpm_photo\" data-photo-id=\"18604\"><img data-src=\"https:\/\/bobvarela.com\/wp-content\/flagallery\/celia-vela-coleccion-otono-invierno-201516-en-080-barcelona\/thumbs\/thumbs_celia-vela-047.jpg\" alt=\"Ready to Wear Fall\/Winter 2015-2016\" class=\"noLazy flagpm_photo swiper-lazy flagpm_photo_portrait\"><span class=\"swiper-lazy-preloader swiper-lazy-preloader-black\"><\/span><\/div><div class=\"swiper-slide flagpm_photo\" data-photo-id=\"18605\"><img data-src=\"https:\/\/bobvarela.com\/wp-content\/flagallery\/celia-vela-coleccion-otono-invierno-201516-en-080-barcelona\/thumbs\/thumbs_celia-vela-048.jpg\" alt=\"Ready to Wear Fall\/Winter 2015-2016\" class=\"noLazy flagpm_photo swiper-lazy flagpm_photo_portrait\"><span class=\"swiper-lazy-preloader swiper-lazy-preloader-black\"><\/span><\/div><div class=\"swiper-slide flagpm_photo\" data-photo-id=\"18606\"><img data-src=\"https:\/\/bobvarela.com\/wp-content\/flagallery\/celia-vela-coleccion-otono-invierno-201516-en-080-barcelona\/thumbs\/thumbs_celia-vela-049.jpg\" alt=\"Ready to Wear Fall\/Winter 2015-2016\" class=\"noLazy flagpm_photo swiper-lazy flagpm_photo_portrait\"><span class=\"swiper-lazy-preloader swiper-lazy-preloader-black\"><\/span><\/div><div class=\"swiper-slide flagpm_photo\" data-photo-id=\"18607\"><img data-src=\"https:\/\/bobvarela.com\/wp-content\/flagallery\/celia-vela-coleccion-otono-invierno-201516-en-080-barcelona\/thumbs\/thumbs_celia-vela-050.jpg\" alt=\"Ready to Wear Fall\/Winter 2015-2016\" class=\"noLazy flagpm_photo swiper-lazy flagpm_photo_portrait\"><span class=\"swiper-lazy-preloader swiper-lazy-preloader-black\"><\/span><\/div><div class=\"swiper-slide flagpm_photo\" data-photo-id=\"18608\"><img data-src=\"https:\/\/bobvarela.com\/wp-content\/flagallery\/celia-vela-coleccion-otono-invierno-201516-en-080-barcelona\/thumbs\/thumbs_celia-vela-052.jpg\" alt=\"Ready to Wear Fall\/Winter 2015-2016\" class=\"noLazy flagpm_photo swiper-lazy flagpm_photo_portrait\"><span class=\"swiper-lazy-preloader swiper-lazy-preloader-black\"><\/span><\/div><div class=\"swiper-slide flagpm_photo\" data-photo-id=\"18609\"><img data-src=\"https:\/\/bobvarela.com\/wp-content\/flagallery\/celia-vela-coleccion-otono-invierno-201516-en-080-barcelona\/thumbs\/thumbs_celia-vela-053.jpg\" alt=\"Ready to Wear Fall\/Winter 2015-2016\" class=\"noLazy flagpm_photo swiper-lazy flagpm_photo_portrait\"><span class=\"swiper-lazy-preloader swiper-lazy-preloader-black\"><\/span><\/div><div class=\"swiper-slide flagpm_photo\" data-photo-id=\"18610\"><img data-src=\"https:\/\/bobvarela.com\/wp-content\/flagallery\/celia-vela-coleccion-otono-invierno-201516-en-080-barcelona\/thumbs\/thumbs_celia-vela-055.jpg\" alt=\"Ready to Wear Fall\/Winter 2015-2016\" class=\"noLazy flagpm_photo swiper-lazy flagpm_photo_portrait\"><span class=\"swiper-lazy-preloader swiper-lazy-preloader-black\"><\/span><\/div><div class=\"swiper-slide flagpm_photo\" data-photo-id=\"18611\"><img data-src=\"https:\/\/bobvarela.com\/wp-content\/flagallery\/celia-vela-coleccion-otono-invierno-201516-en-080-barcelona\/thumbs\/thumbs_celia-vela-056.jpg\" alt=\"Ready to Wear Fall\/Winter 2015-2016\" class=\"noLazy flagpm_photo swiper-lazy flagpm_photo_portrait\"><span class=\"swiper-lazy-preloader swiper-lazy-preloader-black\"><\/span><\/div><div class=\"swiper-slide flagpm_photo\" data-photo-id=\"18612\"><img data-src=\"https:\/\/bobvarela.com\/wp-content\/flagallery\/celia-vela-coleccion-otono-invierno-201516-en-080-barcelona\/thumbs\/thumbs_celia-vela-057.jpg\" alt=\"Ready to Wear Fall\/Winter 2015-2016\" class=\"noLazy flagpm_photo swiper-lazy flagpm_photo_portrait\"><span class=\"swiper-lazy-preloader swiper-lazy-preloader-black\"><\/span><\/div><div class=\"swiper-slide flagpm_photo\" data-photo-id=\"18613\"><img data-src=\"https:\/\/bobvarela.com\/wp-content\/flagallery\/celia-vela-coleccion-otono-invierno-201516-en-080-barcelona\/thumbs\/thumbs_celia-vela-059.jpg\" alt=\"Ready to Wear Fall\/Winter 2015-2016\" class=\"noLazy flagpm_photo swiper-lazy flagpm_photo_portrait\"><span class=\"swiper-lazy-preloader swiper-lazy-preloader-black\"><\/span><\/div><div class=\"swiper-slide flagpm_photo\" data-photo-id=\"18614\"><img data-src=\"https:\/\/bobvarela.com\/wp-content\/flagallery\/celia-vela-coleccion-otono-invierno-201516-en-080-barcelona\/thumbs\/thumbs_celia-vela-060.jpg\" alt=\"Ready to Wear Fall\/Winter 2015-2016\" class=\"noLazy flagpm_photo swiper-lazy flagpm_photo_portrait\"><span class=\"swiper-lazy-preloader swiper-lazy-preloader-black\"><\/span><\/div><div class=\"swiper-slide flagpm_photo\" data-photo-id=\"18615\"><img data-src=\"https:\/\/bobvarela.com\/wp-content\/flagallery\/celia-vela-coleccion-otono-invierno-201516-en-080-barcelona\/thumbs\/thumbs_celia-vela-062.jpg\" alt=\"Ready to Wear Fall\/Winter 2015-2016\" class=\"noLazy flagpm_photo swiper-lazy flagpm_photo_portrait\"><span class=\"swiper-lazy-preloader swiper-lazy-preloader-black\"><\/span><\/div><div class=\"swiper-slide flagpm_photo\" data-photo-id=\"18616\"><img data-src=\"https:\/\/bobvarela.com\/wp-content\/flagallery\/celia-vela-coleccion-otono-invierno-201516-en-080-barcelona\/thumbs\/thumbs_celia-vela-064.jpg\" alt=\"Ready to Wear Fall\/Winter 2015-2016\" class=\"noLazy flagpm_photo swiper-lazy flagpm_photo_portrait\"><span class=\"swiper-lazy-preloader swiper-lazy-preloader-black\"><\/span><\/div><div class=\"swiper-slide flagpm_photo\" data-photo-id=\"18617\"><img data-src=\"https:\/\/bobvarela.com\/wp-content\/flagallery\/celia-vela-coleccion-otono-invierno-201516-en-080-barcelona\/thumbs\/thumbs_celia-vela-065.jpg\" alt=\"Ready to Wear Fall\/Winter 2015-2016\" class=\"noLazy flagpm_photo swiper-lazy flagpm_photo_portrait\"><span class=\"swiper-lazy-preloader swiper-lazy-preloader-black\"><\/span><\/div><div class=\"swiper-slide flagpm_photo\" data-photo-id=\"18618\"><img data-src=\"https:\/\/bobvarela.com\/wp-content\/flagallery\/celia-vela-coleccion-otono-invierno-201516-en-080-barcelona\/thumbs\/thumbs_celia-vela-067.jpg\" alt=\"Ready to Wear Fall\/Winter 2015-2016\" class=\"noLazy flagpm_photo swiper-lazy flagpm_photo_portrait\"><span class=\"swiper-lazy-preloader swiper-lazy-preloader-black\"><\/span><\/div><div class=\"swiper-slide flagpm_photo\" data-photo-id=\"18619\"><img data-src=\"https:\/\/bobvarela.com\/wp-content\/flagallery\/celia-vela-coleccion-otono-invierno-201516-en-080-barcelona\/thumbs\/thumbs_celia-vela-068.jpg\" alt=\"Ready to Wear Fall\/Winter 2015-2016\" class=\"noLazy flagpm_photo swiper-lazy flagpm_photo_portrait\"><span class=\"swiper-lazy-preloader swiper-lazy-preloader-black\"><\/span><\/div><div class=\"swiper-slide flagpm_photo\" data-photo-id=\"18620\"><img data-src=\"https:\/\/bobvarela.com\/wp-content\/flagallery\/celia-vela-coleccion-otono-invierno-201516-en-080-barcelona\/thumbs\/thumbs_celia-vela-069.jpg\" alt=\"Ready to Wear Fall\/Winter 2015-2016\" class=\"noLazy flagpm_photo swiper-lazy flagpm_photo_portrait\"><span class=\"swiper-lazy-preloader swiper-lazy-preloader-black\"><\/span><\/div><div class=\"swiper-slide flagpm_photo\" data-photo-id=\"18621\"><img data-src=\"https:\/\/bobvarela.com\/wp-content\/flagallery\/celia-vela-coleccion-otono-invierno-201516-en-080-barcelona\/thumbs\/thumbs_celia-vela-070.jpg\" alt=\"Ready to Wear Fall\/Winter 2015-2016\" class=\"noLazy flagpm_photo swiper-lazy flagpm_photo_portrait\"><span class=\"swiper-lazy-preloader swiper-lazy-preloader-black\"><\/span><\/div><div class=\"swiper-slide flagpm_photo\" data-photo-id=\"18622\"><img data-src=\"https:\/\/bobvarela.com\/wp-content\/flagallery\/celia-vela-coleccion-otono-invierno-201516-en-080-barcelona\/thumbs\/thumbs_celia-vela-072.jpg\" alt=\"Ready to Wear Fall\/Winter 2015-2016\" class=\"noLazy flagpm_photo swiper-lazy flagpm_photo_portrait\"><span class=\"swiper-lazy-preloader swiper-lazy-preloader-black\"><\/span><\/div><div class=\"swiper-slide flagpm_photo\" data-photo-id=\"18623\"><img data-src=\"https:\/\/bobvarela.com\/wp-content\/flagallery\/celia-vela-coleccion-otono-invierno-201516-en-080-barcelona\/thumbs\/thumbs_celia-vela-074.jpg\" alt=\"Ready to Wear Fall\/Winter 2015-2016\" class=\"noLazy flagpm_photo swiper-lazy flagpm_photo_portrait\"><span class=\"swiper-lazy-preloader swiper-lazy-preloader-black\"><\/span><\/div><div class=\"swiper-slide flagpm_photo\" data-photo-id=\"18624\"><img data-src=\"https:\/\/bobvarela.com\/wp-content\/flagallery\/celia-vela-coleccion-otono-invierno-201516-en-080-barcelona\/thumbs\/thumbs_celia-vela-075.jpg\" alt=\"Ready to Wear Fall\/Winter 2015-2016\" class=\"noLazy flagpm_photo swiper-lazy flagpm_photo_portrait\"><span class=\"swiper-lazy-preloader swiper-lazy-preloader-black\"><\/span><\/div><div class=\"swiper-slide flagpm_photo\" data-photo-id=\"18625\"><img data-src=\"https:\/\/bobvarela.com\/wp-content\/flagallery\/celia-vela-coleccion-otono-invierno-201516-en-080-barcelona\/thumbs\/thumbs_celia-vela-076.jpg\" alt=\"Ready to Wear Fall\/Winter 2015-2016\" class=\"noLazy flagpm_photo swiper-lazy flagpm_photo_portrait\"><span class=\"swiper-lazy-preloader swiper-lazy-preloader-black\"><\/span><\/div><div class=\"swiper-slide flagpm_photo\" data-photo-id=\"18626\"><img data-src=\"https:\/\/bobvarela.com\/wp-content\/flagallery\/celia-vela-coleccion-otono-invierno-201516-en-080-barcelona\/thumbs\/thumbs_celia-vela-078.jpg\" alt=\"Ready to Wear Fall\/Winter 2015-2016\" class=\"noLazy flagpm_photo swiper-lazy flagpm_photo_portrait\"><span class=\"swiper-lazy-preloader swiper-lazy-preloader-black\"><\/span><\/div><div class=\"swiper-slide flagpm_photo\" data-photo-id=\"18627\"><img data-src=\"https:\/\/bobvarela.com\/wp-content\/flagallery\/celia-vela-coleccion-otono-invierno-201516-en-080-barcelona\/thumbs\/thumbs_celia-vela-080.jpg\" alt=\"Ready to Wear Fall\/Winter 2015-2016\" class=\"noLazy flagpm_photo swiper-lazy flagpm_photo_portrait\"><span class=\"swiper-lazy-preloader swiper-lazy-preloader-black\"><\/span><\/div><div class=\"swiper-slide flagpm_photo\" data-photo-id=\"18628\"><img data-src=\"https:\/\/bobvarela.com\/wp-content\/flagallery\/celia-vela-coleccion-otono-invierno-201516-en-080-barcelona\/thumbs\/thumbs_celia-vela-082.jpg\" alt=\"Ready to Wear Fall\/Winter 2015-2016\" class=\"noLazy flagpm_photo swiper-lazy flagpm_photo_portrait\"><span class=\"swiper-lazy-preloader swiper-lazy-preloader-black\"><\/span><\/div><div class=\"swiper-slide flagpm_photo\" data-photo-id=\"18629\"><img data-src=\"https:\/\/bobvarela.com\/wp-content\/flagallery\/celia-vela-coleccion-otono-invierno-201516-en-080-barcelona\/thumbs\/thumbs_celia-vela-083.jpg\" alt=\"Ready to Wear Fall\/Winter 2015-2016\" class=\"noLazy flagpm_photo swiper-lazy flagpm_photo_portrait\"><span class=\"swiper-lazy-preloader swiper-lazy-preloader-black\"><\/span><\/div><div class=\"swiper-slide flagpm_photo\" data-photo-id=\"18630\"><img data-src=\"https:\/\/bobvarela.com\/wp-content\/flagallery\/celia-vela-coleccion-otono-invierno-201516-en-080-barcelona\/thumbs\/thumbs_celia-vela-084.jpg\" alt=\"Ready to Wear Fall\/Winter 2015-2016\" class=\"noLazy flagpm_photo swiper-lazy flagpm_photo_portrait\"><span class=\"swiper-lazy-preloader swiper-lazy-preloader-black\"><\/span><\/div><div class=\"swiper-slide flagpm_photo\" data-photo-id=\"18631\"><img data-src=\"https:\/\/bobvarela.com\/wp-content\/flagallery\/celia-vela-coleccion-otono-invierno-201516-en-080-barcelona\/thumbs\/thumbs_celia-vela-086.jpg\" alt=\"Ready to Wear Fall\/Winter 2015-2016\" class=\"noLazy flagpm_photo swiper-lazy flagpm_photo_portrait\"><span class=\"swiper-lazy-preloader swiper-lazy-preloader-black\"><\/span><\/div><div class=\"swiper-slide flagpm_photo\" data-photo-id=\"18632\"><img data-src=\"https:\/\/bobvarela.com\/wp-content\/flagallery\/celia-vela-coleccion-otono-invierno-201516-en-080-barcelona\/thumbs\/thumbs_celia-vela-087.jpg\" alt=\"Ready to Wear Fall\/Winter 2015-2016\" class=\"noLazy flagpm_photo swiper-lazy flagpm_photo_portrait\"><span class=\"swiper-lazy-preloader swiper-lazy-preloader-black\"><\/span><\/div><div class=\"swiper-slide flagpm_photo\" data-photo-id=\"18633\"><img data-src=\"https:\/\/bobvarela.com\/wp-content\/flagallery\/celia-vela-coleccion-otono-invierno-201516-en-080-barcelona\/thumbs\/thumbs_celia-vela-089.jpg\" alt=\"Ready to Wear Fall\/Winter 2015-2016\" class=\"noLazy flagpm_photo swiper-lazy flagpm_photo_portrait\"><span class=\"swiper-lazy-preloader swiper-lazy-preloader-black\"><\/span><\/div> <\/div> <\/div> <\/div> <div class=\"flagpm_next_button\"><\/div> <\/div> <div class=\"flagpm_big_button_wrap\"> <div class=\"flagpm_share_wrapper\"> <a class=\"flagpm_button flagpm_share\">Share<\/a> <div class=\"flagpm_sharelizers_wrap\"> <ul class=\"flagpm_sharelizers\"> <li style=\"list-style:none;\"><a class=\"flagpm_button flagpm_facebook flagpm_sharelizer\">Facebook<\/a><\/li> <li style=\"list-style:none;\"><a class=\"flagpm_button flagpm_twitter flagpm_sharelizer\">Twitter<\/a><\/li> <li style=\"list-style:none;\"><a class=\"flagpm_button flagpm_pinterest flagpm_sharelizer\">Pinterest<\/a><\/li> <li style=\"list-style:none;\"><a class=\"flagpm_button flagpm_stumbleupon flagpm_sharelizer\">StumbleUpon<\/a><\/li> <\/ul> <\/div> <\/div> <a class=\"flagpm_button flagpm_like\">Like<\/a> <\/div> <div class=\"flagpm_big_button_wrap\"> <a class=\"flagpm_big_button flagpm_download_button\" href=\"https:\/\/bobvarela.com\/wp-content\/flagallery\/celia-vela-coleccion-otono-invierno-201516-en-080-barcelona\/celia-vela-001.jpg\" download=\"celia-vela-001.jpg\"> <span class=\"flagpm_icon\"><\/span> <span class=\"flagpm_label\">Download<\/span> <\/a> <\/div> <div class=\"flagpm_big_button_wrap\"> <a class=\"flagpm_big_button flagpm_link_button flagpm_inactive\" > <span class=\"flagpm_icon\"><\/span> <span class=\"flagpm_label\">Open Link<\/span> <\/a> <\/div> <\/div> <\/div> <\/div> <div class=\"flagpm_focus_close_full\"> <span><a class=\"flagpm_button flagpm_close\">Close<\/a><\/span> <span><a class=\"flagpm_button flagpm_full\">Full<\/a><\/span> <\/div> <div class=\"flagpm_photo_details\"> <div class=\"flagpm_description_wrap\"> <div class=\"details_title\">Description<\/div> <div class=\"flagpm_description_text_wrap\"> <div class=\"flagpm_slide_description\"><p>Ready to Wear Fall\/Winter 2015-2016<\/p><\/div> <\/div> <\/div> <\/div> <div class=\"flagpm_focus_footer\"> <div class=\"flagpm_focus_keyboard\"> <div class=\"flagpm_focus_keyboard_title\">Keyboard Shortcuts <a class=\"flagpm_focus_keyboard_dismiss\">Dismiss<\/a><\/div> <ul> <li style=\"list-style:none;\"><a data-key=\"p\" class=\"flagpm_key\">S<\/a><span class=\"flagpm_label\">Slideshow<\/span><\/li> <li style=\"list-style:none;\"><a data-key=\"m\" class=\"flagpm_key\">M<\/a><span class=\"flagpm_label\">Maximize<\/span><\/li> <li style=\"list-style:none;\"><a data-key=\"left\" class=\"flagpm_key\">&nbsp;<\/a><span class=\"flagpm_label\">Previous<\/span><\/li> <li style=\"list-style:none;\"><a data-key=\"right\" class=\"flagpm_key\">&nbsp;<\/a><span class=\"flagpm_label\">Next<\/span><\/li> <li style=\"list-style:none;\"><a data-key=\"escape\" class=\"flagpm_key flagpm_esc\">esc<\/a><span class=\"flagpm_label\">Close<\/span><\/li> <\/ul> <\/div> <\/div> <\/div> <script type=\"text\/javascript\"> jQuery(function($) { var settings = {\"base_gallery_width\":\"800\",\"base_gallery_height\":\"500\",\"gallery_min_height\":\"230\",\"scale_mode\":\"fit\",\"initial_slide\":0,\"slideshow_autoplay\":\"0\",\"slideshow_delay\":\"7000\",\"gallery_focus\":\"0\",\"gallery_maximized\":\"0\",\"gallery_focus_maximized\":\"0\",\"keyboard_help\":\"1\",\"show_download_button\":\"1\",\"show_link_button\":\"1\",\"show_description\":\"1\",\"show_share_button\":\"1\",\"show_like_button\":\"1\",\"link_color\":\"#0099e5\",\"link_color_hover\":\"#02adea\",\"download_button_text\":\"Download\",\"link_button_text\":\"Open Link\",\"description_title\":\"Description\",\"key\":\"\",\"name\":\"\",\"gallID\":\"sc1_257\"}; var content = {\"data\":[{\"id\":\"18574\",\"image\":\"https:\\\/\\\/bobvarela.com\\\/wp-content\\\/flagallery\\\/celia-vela-coleccion-otono-invierno-201516-en-080-barcelona\\\/webview\\\/celia-vela-001.jpg\",\"thumb\":\"https:\\\/\\\/bobvarela.com\\\/wp-content\\\/flagallery\\\/celia-vela-coleccion-otono-invierno-201516-en-080-barcelona\\\/thumbs\\\/thumbs_celia-vela-001.jpg\",\"file\":\"celia-vela-001.jpg\",\"meta\":{\"aperture\":false,\"credit\":false,\"camera\":false,\"caption\":\"Ready to Wear Fall\\\/Winter 2015-2016\",\"created_timestamp\":\"February 2, 2015 6:38 pm\",\"copyright\":\"\\u00c2\\u00a9 2015 Estrop-Barcelona PHOTOGRAPH FOR EDITORIAL USE ONLY\",\"focal_length\":false,\"iso\":false,\"shutter_speed\":false,\"flash\":false,\"title\":\"Ready to Wear Fall\\\/Winter 2015-2016\",\"keywords\":\"2015-2016,Fall\\\/Winter,RTW\",\"width\":1337,\"height\":2000,\"saved\":true,\"thumbnail\":{\"width\":220,\"height\":220,\"ewww_image_optimizer\":\"Reduced by 10.1% (2.8&nbsp;kB)\"},\"webview\":{\"0\":802,\"1\":1200,\"2\":2,\"3\":\"width=\\\"802\\\" height=\\\"1200\\\"\",\"bits\":8,\"channels\":3,\"mime\":\"image\\\/jpeg\",\"ewww_image_optimizer\":\"Reduced by 5.2% (6.2&nbsp;kB) - Previously Optimized\"},\"0\":false,\"ewww_image_optimizer\":\"Reduced by 9.5% (17.0&nbsp;kB)\",\"views\":\"84\",\"likes\":\"0\"},\"title\":\"Ready to Wear Fall\\\/Winter 2015-2016\",\"description\":\"<p>Ready to Wear Fall\\\/Winter 2015-2016<\\\/p>\",\"link\":null,\"link_target\":\"\",\"download\":\"https:\\\/\\\/bobvarela.com\\\/wp-content\\\/flagallery\\\/celia-vela-coleccion-otono-invierno-201516-en-080-barcelona\\\/celia-vela-001.jpg\",\"ratio\":0.66833333333333333481363069950020872056484222412109375},{\"id\":\"18575\",\"image\":\"https:\\\/\\\/bobvarela.com\\\/wp-content\\\/flagallery\\\/celia-vela-coleccion-otono-invierno-201516-en-080-barcelona\\\/webview\\\/celia-vela-003.jpg\",\"thumb\":\"https:\\\/\\\/bobvarela.com\\\/wp-content\\\/flagallery\\\/celia-vela-coleccion-otono-invierno-201516-en-080-barcelona\\\/thumbs\\\/thumbs_celia-vela-003.jpg\",\"file\":\"celia-vela-003.jpg\",\"meta\":{\"aperture\":false,\"credit\":false,\"camera\":false,\"caption\":\"Ready to Wear Fall\\\/Winter 2015-2016\",\"created_timestamp\":\"February 2, 2015 6:38 pm\",\"copyright\":\"\\u00c2\\u00a9 2015 Estrop-Barcelona PHOTOGRAPH FOR EDITORIAL USE ONLY\",\"focal_length\":false,\"iso\":false,\"shutter_speed\":false,\"flash\":false,\"title\":\"Ready to Wear Fall\\\/Winter 2015-2016\",\"keywords\":\"2015-2016,Fall\\\/Winter,RTW\",\"width\":1337,\"height\":2000,\"saved\":true,\"thumbnail\":{\"width\":220,\"height\":220,\"ewww_image_optimizer\":\"Reduced by 11.4% (3.8&nbsp;kB)\"},\"webview\":{\"0\":802,\"1\":1200,\"2\":2,\"3\":\"width=\\\"802\\\" height=\\\"1200\\\"\",\"bits\":8,\"channels\":3,\"mime\":\"image\\\/jpeg\",\"ewww_image_optimizer\":\"Reduced by 5.9% (9.4&nbsp;kB) - Previously Optimized\"},\"0\":false,\"ewww_image_optimizer\":\"Reduced by 9.4% (16.8&nbsp;kB)\",\"views\":\"1\",\"likes\":\"0\"},\"title\":\"Ready to Wear Fall\\\/Winter 2015-2016\",\"description\":\"<p>Ready to Wear Fall\\\/Winter 2015-2016<\\\/p>\",\"link\":null,\"link_target\":\"\",\"download\":\"https:\\\/\\\/bobvarela.com\\\/wp-content\\\/flagallery\\\/celia-vela-coleccion-otono-invierno-201516-en-080-barcelona\\\/celia-vela-003.jpg\",\"ratio\":0.66833333333333333481363069950020872056484222412109375},{\"id\":\"18576\",\"image\":\"https:\\\/\\\/bobvarela.com\\\/wp-content\\\/flagallery\\\/celia-vela-coleccion-otono-invierno-201516-en-080-barcelona\\\/webview\\\/celia-vela-004.jpg\",\"thumb\":\"https:\\\/\\\/bobvarela.com\\\/wp-content\\\/flagallery\\\/celia-vela-coleccion-otono-invierno-201516-en-080-barcelona\\\/thumbs\\\/thumbs_celia-vela-004.jpg\",\"file\":\"celia-vela-004.jpg\",\"meta\":{\"aperture\":false,\"credit\":false,\"camera\":false,\"caption\":\"Ready to Wear Fall\\\/Winter 2015-2016\",\"created_timestamp\":\"February 2, 2015 6:38 pm\",\"copyright\":\"\\u00c2\\u00a9 2015 Estrop-Barcelona PHOTOGRAPH FOR EDITORIAL USE ONLY\",\"focal_length\":false,\"iso\":false,\"shutter_speed\":false,\"flash\":false,\"title\":\"Ready to Wear Fall\\\/Winter 2015-2016\",\"keywords\":\"2015-2016,Fall\\\/Winter,RTW\",\"width\":1337,\"height\":2000,\"saved\":true,\"thumbnail\":{\"width\":220,\"height\":220,\"ewww_image_optimizer\":\"Reduced by 10.9% (3.9&nbsp;kB)\"},\"webview\":{\"0\":802,\"1\":1200,\"2\":2,\"3\":\"width=\\\"802\\\" height=\\\"1200\\\"\",\"bits\":8,\"channels\":3,\"mime\":\"image\\\/jpeg\",\"ewww_image_optimizer\":\"Reduced by 5.8% (9.2&nbsp;kB) - Previously Optimized\"},\"0\":false,\"ewww_image_optimizer\":\"Reduced by 10.7% (19.3&nbsp;kB)\",\"views\":\"0\",\"likes\":\"0\"},\"title\":\"Ready to Wear Fall\\\/Winter 2015-2016\",\"description\":\"<p>Ready to Wear Fall\\\/Winter 2015-2016<\\\/p>\",\"link\":null,\"link_target\":\"\",\"download\":\"https:\\\/\\\/bobvarela.com\\\/wp-content\\\/flagallery\\\/celia-vela-coleccion-otono-invierno-201516-en-080-barcelona\\\/celia-vela-004.jpg\",\"ratio\":0.66833333333333333481363069950020872056484222412109375},{\"id\":\"18577\",\"image\":\"https:\\\/\\\/bobvarela.com\\\/wp-content\\\/flagallery\\\/celia-vela-coleccion-otono-invierno-201516-en-080-barcelona\\\/webview\\\/celia-vela-006.jpg\",\"thumb\":\"https:\\\/\\\/bobvarela.com\\\/wp-content\\\/flagallery\\\/celia-vela-coleccion-otono-invierno-201516-en-080-barcelona\\\/thumbs\\\/thumbs_celia-vela-006.jpg\",\"file\":\"celia-vela-006.jpg\",\"meta\":{\"aperture\":false,\"credit\":false,\"camera\":false,\"caption\":\"Ready to Wear Fall\\\/Winter 2015-2016\",\"created_timestamp\":\"February 2, 2015 6:38 pm\",\"copyright\":\"\\u00c2\\u00a9 2015 Estrop-Barcelona PHOTOGRAPH FOR EDITORIAL USE ONLY\",\"focal_length\":false,\"iso\":false,\"shutter_speed\":false,\"flash\":false,\"title\":\"Ready to Wear Fall\\\/Winter 2015-2016\",\"keywords\":\"2015-2016,Fall\\\/Winter,RTW\",\"width\":1337,\"height\":2000,\"saved\":true,\"thumbnail\":{\"width\":220,\"height\":220,\"ewww_image_optimizer\":\"Reduced by 10.4% (2.8&nbsp;kB)\"},\"webview\":{\"0\":802,\"1\":1200,\"2\":2,\"3\":\"width=\\\"802\\\" height=\\\"1200\\\"\",\"bits\":8,\"channels\":3,\"mime\":\"image\\\/jpeg\",\"ewww_image_optimizer\":\"Reduced by 5.7% (7.1&nbsp;kB) - Previously Optimized\"},\"0\":false,\"ewww_image_optimizer\":\"Reduced by 16.9% (29.6&nbsp;kB)\",\"views\":\"0\",\"likes\":\"0\"},\"title\":\"Ready to Wear Fall\\\/Winter 2015-2016\",\"description\":\"<p>Ready to Wear Fall\\\/Winter 2015-2016<\\\/p>\",\"link\":null,\"link_target\":\"\",\"download\":\"https:\\\/\\\/bobvarela.com\\\/wp-content\\\/flagallery\\\/celia-vela-coleccion-otono-invierno-201516-en-080-barcelona\\\/celia-vela-006.jpg\",\"ratio\":0.66833333333333333481363069950020872056484222412109375},{\"id\":\"18578\",\"image\":\"https:\\\/\\\/bobvarela.com\\\/wp-content\\\/flagallery\\\/celia-vela-coleccion-otono-invierno-201516-en-080-barcelona\\\/webview\\\/celia-vela-007.jpg\",\"thumb\":\"https:\\\/\\\/bobvarela.com\\\/wp-content\\\/flagallery\\\/celia-vela-coleccion-otono-invierno-201516-en-080-barcelona\\\/thumbs\\\/thumbs_celia-vela-007.jpg\",\"file\":\"celia-vela-007.jpg\",\"meta\":{\"aperture\":false,\"credit\":false,\"camera\":false,\"caption\":\"Ready to Wear Fall\\\/Winter 2015-2016\",\"created_timestamp\":\"February 2, 2015 6:38 pm\",\"copyright\":\"\\u00c2\\u00a9 2015 Estrop-Barcelona PHOTOGRAPH FOR EDITORIAL USE ONLY\",\"focal_length\":false,\"iso\":false,\"shutter_speed\":false,\"flash\":false,\"title\":\"Ready to Wear Fall\\\/Winter 2015-2016\",\"keywords\":\"2015-2016,Fall\\\/Winter,RTW\",\"width\":1337,\"height\":2000,\"saved\":true,\"thumbnail\":{\"width\":220,\"height\":220,\"ewww_image_optimizer\":\"Reduced by 13.8% (5.4&nbsp;kB)\"},\"webview\":{\"0\":1337,\"1\":2000,\"2\":2,\"3\":\"width=\\\"1337\\\" height=\\\"2000\\\"\",\"bits\":8,\"channels\":3,\"mime\":\"image\\\/jpeg\",\"ewww_image_optimizer\":\"Reduced by 11.1% (20.2&nbsp;kB)\"},\"0\":false,\"ewww_image_optimizer\":\"Reduced by 11.1% (20.2&nbsp;kB)\",\"views\":\"0\",\"likes\":\"0\"},\"title\":\"Ready to Wear Fall\\\/Winter 2015-2016\",\"description\":\"<p>Ready to Wear Fall\\\/Winter 2015-2016<\\\/p>\",\"link\":null,\"link_target\":\"\",\"download\":\"https:\\\/\\\/bobvarela.com\\\/wp-content\\\/flagallery\\\/celia-vela-coleccion-otono-invierno-201516-en-080-barcelona\\\/celia-vela-007.jpg\",\"ratio\":0.66849999999999998312461002569762058556079864501953125},{\"id\":\"18579\",\"image\":\"https:\\\/\\\/bobvarela.com\\\/wp-content\\\/flagallery\\\/celia-vela-coleccion-otono-invierno-201516-en-080-barcelona\\\/webview\\\/celia-vela-008.jpg\",\"thumb\":\"https:\\\/\\\/bobvarela.com\\\/wp-content\\\/flagallery\\\/celia-vela-coleccion-otono-invierno-201516-en-080-barcelona\\\/thumbs\\\/thumbs_celia-vela-008.jpg\",\"file\":\"celia-vela-008.jpg\",\"meta\":{\"aperture\":false,\"credit\":false,\"camera\":false,\"caption\":\"Ready to Wear Fall\\\/Winter 2015-2016\",\"created_timestamp\":\"February 2, 2015 6:39 pm\",\"copyright\":\"\\u00c2\\u00a9 2015 Estrop-Barcelona PHOTOGRAPH FOR EDITORIAL USE ONLY\",\"focal_length\":false,\"iso\":false,\"shutter_speed\":false,\"flash\":false,\"title\":\"Ready to Wear Fall\\\/Winter 2015-2016\",\"keywords\":\"2015-2016,Fall\\\/Winter,RTW\",\"width\":1337,\"height\":2000,\"saved\":true,\"thumbnail\":{\"width\":220,\"height\":220,\"ewww_image_optimizer\":\"Reduced by 8.5% (2.3&nbsp;kB)\"},\"webview\":{\"0\":802,\"1\":1200,\"2\":2,\"3\":\"width=\\\"802\\\" height=\\\"1200\\\"\",\"bits\":8,\"channels\":3,\"mime\":\"image\\\/jpeg\",\"ewww_image_optimizer\":\"Reduced by 6.4% (6.7&nbsp;kB) - Previously Optimized\"},\"0\":false,\"ewww_image_optimizer\":\"Reduced by 11.0% (16.0&nbsp;kB)\",\"views\":\"1\",\"likes\":\"0\"},\"title\":\"Ready to Wear Fall\\\/Winter 2015-2016\",\"description\":\"<p>Ready to Wear Fall\\\/Winter 2015-2016<\\\/p>\",\"link\":null,\"link_target\":\"\",\"download\":\"https:\\\/\\\/bobvarela.com\\\/wp-content\\\/flagallery\\\/celia-vela-coleccion-otono-invierno-201516-en-080-barcelona\\\/celia-vela-008.jpg\",\"ratio\":0.66833333333333333481363069950020872056484222412109375},{\"id\":\"18580\",\"image\":\"https:\\\/\\\/bobvarela.com\\\/wp-content\\\/flagallery\\\/celia-vela-coleccion-otono-invierno-201516-en-080-barcelona\\\/webview\\\/celia-vela-010.jpg\",\"thumb\":\"https:\\\/\\\/bobvarela.com\\\/wp-content\\\/flagallery\\\/celia-vela-coleccion-otono-invierno-201516-en-080-barcelona\\\/thumbs\\\/thumbs_celia-vela-010.jpg\",\"file\":\"celia-vela-010.jpg\",\"meta\":{\"aperture\":false,\"credit\":false,\"camera\":false,\"caption\":\"Ready to Wear Fall\\\/Winter 2015-2016\",\"created_timestamp\":\"February 2, 2015 6:39 pm\",\"copyright\":\"\\u00c2\\u00a9 2015 Estrop-Barcelona PHOTOGRAPH FOR EDITORIAL USE ONLY\",\"focal_length\":false,\"iso\":false,\"shutter_speed\":false,\"flash\":false,\"title\":\"Ready to Wear Fall\\\/Winter 2015-2016\",\"keywords\":\"2015-2016,Fall\\\/Winter,RTW\",\"width\":1337,\"height\":2000,\"saved\":true,\"thumbnail\":{\"width\":220,\"height\":220,\"ewww_image_optimizer\":\"Reduced by 9.4% (2.5&nbsp;kB)\"},\"webview\":{\"0\":802,\"1\":1200,\"2\":2,\"3\":\"width=\\\"802\\\" height=\\\"1200\\\"\",\"bits\":8,\"channels\":3,\"mime\":\"image\\\/jpeg\",\"ewww_image_optimizer\":\"Reduced by 4.3% (4.8&nbsp;kB) - Previously Optimized\"},\"0\":false,\"ewww_image_optimizer\":\"Reduced by 9.9% (17.8&nbsp;kB)\",\"views\":\"1\",\"likes\":\"0\"},\"title\":\"Ready to Wear Fall\\\/Winter 2015-2016\",\"description\":\"<p>Ready to Wear Fall\\\/Winter 2015-2016<\\\/p>\",\"link\":null,\"link_target\":\"\",\"download\":\"https:\\\/\\\/bobvarela.com\\\/wp-content\\\/flagallery\\\/celia-vela-coleccion-otono-invierno-201516-en-080-barcelona\\\/celia-vela-010.jpg\",\"ratio\":0.66833333333333333481363069950020872056484222412109375},{\"id\":\"18581\",\"image\":\"https:\\\/\\\/bobvarela.com\\\/wp-content\\\/flagallery\\\/celia-vela-coleccion-otono-invierno-201516-en-080-barcelona\\\/webview\\\/celia-vela-011.jpg\",\"thumb\":\"https:\\\/\\\/bobvarela.com\\\/wp-content\\\/flagallery\\\/celia-vela-coleccion-otono-invierno-201516-en-080-barcelona\\\/thumbs\\\/thumbs_celia-vela-011.jpg\",\"file\":\"celia-vela-011.jpg\",\"meta\":{\"aperture\":false,\"credit\":false,\"camera\":false,\"caption\":\"Ready to Wear Fall\\\/Winter 2015-2016\",\"created_timestamp\":\"February 2, 2015 6:39 pm\",\"copyright\":\"\\u00c2\\u00a9 2015 Estrop-Barcelona PHOTOGRAPH FOR EDITORIAL USE ONLY\",\"focal_length\":false,\"iso\":false,\"shutter_speed\":false,\"flash\":false,\"title\":\"Ready to Wear Fall\\\/Winter 2015-2016\",\"keywords\":\"2015-2016,Fall\\\/Winter,RTW\",\"width\":1337,\"height\":2000,\"saved\":true,\"thumbnail\":{\"width\":220,\"height\":220,\"ewww_image_optimizer\":\"Reduced by 9.7% (3.1&nbsp;kB)\"},\"webview\":{\"0\":802,\"1\":1200,\"2\":2,\"3\":\"width=\\\"802\\\" height=\\\"1200\\\"\",\"bits\":8,\"channels\":3,\"mime\":\"image\\\/jpeg\",\"ewww_image_optimizer\":\"Reduced by 3.7% (5.7&nbsp;kB) - Previously Optimized\"},\"0\":false,\"ewww_image_optimizer\":\"Reduced by 19.6% (37.8&nbsp;kB)\",\"views\":\"1\",\"likes\":\"0\"},\"title\":\"Ready to Wear Fall\\\/Winter 2015-2016\",\"description\":\"<p>Ready to Wear Fall\\\/Winter 2015-2016<\\\/p>\",\"link\":null,\"link_target\":\"\",\"download\":\"https:\\\/\\\/bobvarela.com\\\/wp-content\\\/flagallery\\\/celia-vela-coleccion-otono-invierno-201516-en-080-barcelona\\\/celia-vela-011.jpg\",\"ratio\":0.66833333333333333481363069950020872056484222412109375},{\"id\":\"18582\",\"image\":\"https:\\\/\\\/bobvarela.com\\\/wp-content\\\/flagallery\\\/celia-vela-coleccion-otono-invierno-201516-en-080-barcelona\\\/webview\\\/celia-vela-012.jpg\",\"thumb\":\"https:\\\/\\\/bobvarela.com\\\/wp-content\\\/flagallery\\\/celia-vela-coleccion-otono-invierno-201516-en-080-barcelona\\\/thumbs\\\/thumbs_celia-vela-012.jpg\",\"file\":\"celia-vela-012.jpg\",\"meta\":{\"aperture\":false,\"credit\":false,\"camera\":false,\"caption\":\"Ready to Wear Fall\\\/Winter 2015-2016\",\"created_timestamp\":\"February 2, 2015 6:39 pm\",\"copyright\":\"\\u00c2\\u00a9 2015 Estrop-Barcelona PHOTOGRAPH FOR EDITORIAL USE ONLY\",\"focal_length\":false,\"iso\":false,\"shutter_speed\":false,\"flash\":false,\"title\":\"Ready to Wear Fall\\\/Winter 2015-2016\",\"keywords\":\"2015-2016,Fall\\\/Winter,RTW\",\"width\":1337,\"height\":2000,\"saved\":true,\"thumbnail\":{\"width\":220,\"height\":220,\"ewww_image_optimizer\":\"Reduced by 14.4% (6.0&nbsp;kB)\"},\"webview\":{\"0\":802,\"1\":1200,\"2\":2,\"3\":\"width=\\\"802\\\" height=\\\"1200\\\"\",\"bits\":8,\"channels\":3,\"mime\":\"image\\\/jpeg\",\"ewww_image_optimizer\":\"Reduced by 6.5% (13.3&nbsp;kB) - Previously Optimized\"},\"0\":false,\"ewww_image_optimizer\":\"Reduced by 14.3% (28.0&nbsp;kB)\",\"views\":\"1\",\"likes\":\"0\"},\"title\":\"Ready to Wear Fall\\\/Winter 2015-2016\",\"description\":\"<p>Ready to Wear Fall\\\/Winter 2015-2016<\\\/p>\",\"link\":null,\"link_target\":\"\",\"download\":\"https:\\\/\\\/bobvarela.com\\\/wp-content\\\/flagallery\\\/celia-vela-coleccion-otono-invierno-201516-en-080-barcelona\\\/celia-vela-012.jpg\",\"ratio\":0.66833333333333333481363069950020872056484222412109375},{\"id\":\"18583\",\"image\":\"https:\\\/\\\/bobvarela.com\\\/wp-content\\\/flagallery\\\/celia-vela-coleccion-otono-invierno-201516-en-080-barcelona\\\/webview\\\/celia-vela-013.jpg\",\"thumb\":\"https:\\\/\\\/bobvarela.com\\\/wp-content\\\/flagallery\\\/celia-vela-coleccion-otono-invierno-201516-en-080-barcelona\\\/thumbs\\\/thumbs_celia-vela-013.jpg\",\"file\":\"celia-vela-013.jpg\",\"meta\":{\"aperture\":false,\"credit\":false,\"camera\":false,\"caption\":\"Ready to Wear Fall\\\/Winter 2015-2016\",\"created_timestamp\":\"February 2, 2015 6:39 pm\",\"copyright\":\"\\u00c2\\u00a9 2015 Estrop-Barcelona PHOTOGRAPH FOR EDITORIAL USE ONLY\",\"focal_length\":false,\"iso\":false,\"shutter_speed\":false,\"flash\":false,\"title\":\"Ready to Wear Fall\\\/Winter 2015-2016\",\"keywords\":\"2015-2016,Fall\\\/Winter,RTW\",\"width\":1337,\"height\":2000,\"saved\":true,\"thumbnail\":{\"width\":220,\"height\":220,\"ewww_image_optimizer\":\"Reduced by 10.1% (2.4&nbsp;kB)\"},\"webview\":{\"0\":802,\"1\":1200,\"2\":2,\"3\":\"width=\\\"802\\\" height=\\\"1200\\\"\",\"bits\":8,\"channels\":3,\"mime\":\"image\\\/jpeg\",\"ewww_image_optimizer\":\"Reduced by 5.1% (5.2&nbsp;kB) - Previously Optimized\"},\"0\":false,\"ewww_image_optimizer\":\"Reduced by 10.9% (17.5&nbsp;kB)\",\"views\":\"1\",\"likes\":\"0\"},\"title\":\"Ready to Wear Fall\\\/Winter 2015-2016\",\"description\":\"<p>Ready to Wear Fall\\\/Winter 2015-2016<\\\/p>\",\"link\":null,\"link_target\":\"\",\"download\":\"https:\\\/\\\/bobvarela.com\\\/wp-content\\\/flagallery\\\/celia-vela-coleccion-otono-invierno-201516-en-080-barcelona\\\/celia-vela-013.jpg\",\"ratio\":0.66833333333333333481363069950020872056484222412109375},{\"id\":\"18584\",\"image\":\"https:\\\/\\\/bobvarela.com\\\/wp-content\\\/flagallery\\\/celia-vela-coleccion-otono-invierno-201516-en-080-barcelona\\\/webview\\\/celia-vela-015.jpg\",\"thumb\":\"https:\\\/\\\/bobvarela.com\\\/wp-content\\\/flagallery\\\/celia-vela-coleccion-otono-invierno-201516-en-080-barcelona\\\/thumbs\\\/thumbs_celia-vela-015.jpg\",\"file\":\"celia-vela-015.jpg\",\"meta\":{\"aperture\":false,\"credit\":false,\"camera\":false,\"caption\":\"Ready to Wear Fall\\\/Winter 2015-2016\",\"created_timestamp\":\"February 2, 2015 6:39 pm\",\"copyright\":\"\\u00c2\\u00a9 2015 Estrop-Barcelona PHOTOGRAPH FOR EDITORIAL USE ONLY\",\"focal_length\":false,\"iso\":false,\"shutter_speed\":false,\"flash\":false,\"title\":\"Ready to Wear Fall\\\/Winter 2015-2016\",\"keywords\":\"2015-2016,Fall\\\/Winter,RTW\",\"width\":1337,\"height\":2000,\"saved\":true,\"thumbnail\":{\"width\":220,\"height\":220,\"ewww_image_optimizer\":\"Reduced by 10.7% (3.4&nbsp;kB)\"},\"webview\":{\"0\":802,\"1\":1200,\"2\":2,\"3\":\"width=\\\"802\\\" height=\\\"1200\\\"\",\"bits\":8,\"channels\":3,\"mime\":\"image\\\/jpeg\",\"ewww_image_optimizer\":\"Reduced by 4.0% (5.4&nbsp;kB) - Previously Optimized\"},\"0\":false,\"ewww_image_optimizer\":\"Reduced by 12.3% (21.8&nbsp;kB)\",\"views\":\"1\",\"likes\":\"0\"},\"title\":\"Ready to Wear Fall\\\/Winter 2015-2016\",\"description\":\"<p>Ready to Wear Fall\\\/Winter 2015-2016<\\\/p>\",\"link\":null,\"link_target\":\"\",\"download\":\"https:\\\/\\\/bobvarela.com\\\/wp-content\\\/flagallery\\\/celia-vela-coleccion-otono-invierno-201516-en-080-barcelona\\\/celia-vela-015.jpg\",\"ratio\":0.66833333333333333481363069950020872056484222412109375},{\"id\":\"18585\",\"image\":\"https:\\\/\\\/bobvarela.com\\\/wp-content\\\/flagallery\\\/celia-vela-coleccion-otono-invierno-201516-en-080-barcelona\\\/webview\\\/celia-vela-016.jpg\",\"thumb\":\"https:\\\/\\\/bobvarela.com\\\/wp-content\\\/flagallery\\\/celia-vela-coleccion-otono-invierno-201516-en-080-barcelona\\\/thumbs\\\/thumbs_celia-vela-016.jpg\",\"file\":\"celia-vela-016.jpg\",\"meta\":{\"aperture\":false,\"credit\":false,\"camera\":false,\"caption\":\"Ready to Wear Fall\\\/Winter 2015-2016\",\"created_timestamp\":\"February 2, 2015 6:39 pm\",\"copyright\":\"\\u00c2\\u00a9 2015 Estrop-Barcelona PHOTOGRAPH FOR EDITORIAL USE ONLY\",\"focal_length\":false,\"iso\":false,\"shutter_speed\":false,\"flash\":false,\"title\":\"Ready to Wear Fall\\\/Winter 2015-2016\",\"keywords\":\"2015-2016,Fall\\\/Winter,RTW\",\"width\":1337,\"height\":2000,\"saved\":true,\"thumbnail\":{\"width\":220,\"height\":220,\"ewww_image_optimizer\":\"Reduced by 13.0% (5.1&nbsp;kB)\"},\"webview\":{\"0\":802,\"1\":1200,\"2\":2,\"3\":\"width=\\\"802\\\" height=\\\"1200\\\"\",\"bits\":8,\"channels\":3,\"mime\":\"image\\\/jpeg\",\"ewww_image_optimizer\":\"Reduced by 5.8% (10.1&nbsp;kB) - Previously Optimized\"},\"0\":false,\"ewww_image_optimizer\":\"Reduced by 8.5% (15.8&nbsp;kB)\",\"views\":\"0\",\"likes\":\"0\"},\"title\":\"Ready to Wear Fall\\\/Winter 2015-2016\",\"description\":\"<p>Ready to Wear Fall\\\/Winter 2015-2016<\\\/p>\",\"link\":null,\"link_target\":\"\",\"download\":\"https:\\\/\\\/bobvarela.com\\\/wp-content\\\/flagallery\\\/celia-vela-coleccion-otono-invierno-201516-en-080-barcelona\\\/celia-vela-016.jpg\",\"ratio\":0.66833333333333333481363069950020872056484222412109375},{\"id\":\"18586\",\"image\":\"https:\\\/\\\/bobvarela.com\\\/wp-content\\\/flagallery\\\/celia-vela-coleccion-otono-invierno-201516-en-080-barcelona\\\/webview\\\/celia-vela-018.jpg\",\"thumb\":\"https:\\\/\\\/bobvarela.com\\\/wp-content\\\/flagallery\\\/celia-vela-coleccion-otono-invierno-201516-en-080-barcelona\\\/thumbs\\\/thumbs_celia-vela-018.jpg\",\"file\":\"celia-vela-018.jpg\",\"meta\":{\"aperture\":false,\"credit\":false,\"camera\":false,\"caption\":\"Ready to Wear Fall\\\/Winter 2015-2016\",\"created_timestamp\":\"February 2, 2015 6:39 pm\",\"copyright\":\"\\u00c2\\u00a9 2015 Estrop-Barcelona PHOTOGRAPH FOR EDITORIAL USE ONLY\",\"focal_length\":false,\"iso\":false,\"shutter_speed\":false,\"flash\":false,\"title\":\"Ready to Wear Fall\\\/Winter 2015-2016\",\"keywords\":\"2015-2016,Fall\\\/Winter,RTW\",\"width\":1337,\"height\":2000,\"saved\":true,\"thumbnail\":{\"width\":220,\"height\":220,\"ewww_image_optimizer\":\"Reduced by 9.6% (2.5&nbsp;kB)\"},\"webview\":{\"0\":802,\"1\":1200,\"2\":2,\"3\":\"width=\\\"802\\\" height=\\\"1200\\\"\",\"bits\":8,\"channels\":3,\"mime\":\"image\\\/jpeg\",\"ewww_image_optimizer\":\"Reduced by 5.3% (5.9&nbsp;kB) - Previously Optimized\"},\"0\":false,\"ewww_image_optimizer\":\"Reduced by 13.4% (21.8&nbsp;kB)\",\"views\":\"0\",\"likes\":\"0\"},\"title\":\"Ready to Wear Fall\\\/Winter 2015-2016\",\"description\":\"<p>Ready to Wear Fall\\\/Winter 2015-2016<\\\/p>\",\"link\":null,\"link_target\":\"\",\"download\":\"https:\\\/\\\/bobvarela.com\\\/wp-content\\\/flagallery\\\/celia-vela-coleccion-otono-invierno-201516-en-080-barcelona\\\/celia-vela-018.jpg\",\"ratio\":0.66833333333333333481363069950020872056484222412109375},{\"id\":\"18587\",\"image\":\"https:\\\/\\\/bobvarela.com\\\/wp-content\\\/flagallery\\\/celia-vela-coleccion-otono-invierno-201516-en-080-barcelona\\\/webview\\\/celia-vela-019.jpg\",\"thumb\":\"https:\\\/\\\/bobvarela.com\\\/wp-content\\\/flagallery\\\/celia-vela-coleccion-otono-invierno-201516-en-080-barcelona\\\/thumbs\\\/thumbs_celia-vela-019.jpg\",\"file\":\"celia-vela-019.jpg\",\"meta\":{\"aperture\":false,\"credit\":false,\"camera\":false,\"caption\":\"Ready to Wear Fall\\\/Winter 2015-2016\",\"created_timestamp\":\"February 2, 2015 6:39 pm\",\"copyright\":\"\\u00c2\\u00a9 2015 Estrop-Barcelona PHOTOGRAPH FOR EDITORIAL USE ONLY\",\"focal_length\":false,\"iso\":false,\"shutter_speed\":false,\"flash\":false,\"title\":\"Ready to Wear Fall\\\/Winter 2015-2016\",\"keywords\":\"2015-2016,Fall\\\/Winter,RTW\",\"width\":1337,\"height\":2000,\"saved\":true,\"thumbnail\":{\"width\":220,\"height\":220,\"ewww_image_optimizer\":\"Reduced by 11.3% (3.8&nbsp;kB)\"},\"webview\":{\"0\":802,\"1\":1200,\"2\":2,\"3\":\"width=\\\"802\\\" height=\\\"1200\\\"\",\"bits\":8,\"channels\":3,\"mime\":\"image\\\/jpeg\",\"ewww_image_optimizer\":\"Reduced by 5.4% (9.0&nbsp;kB) - Previously Optimized\"},\"0\":false,\"ewww_image_optimizer\":\"Reduced by 16.2% (31.3&nbsp;kB)\",\"views\":\"1\",\"likes\":\"0\"},\"title\":\"Ready to Wear Fall\\\/Winter 2015-2016\",\"description\":\"<p>Ready to Wear Fall\\\/Winter 2015-2016<\\\/p>\",\"link\":null,\"link_target\":\"\",\"download\":\"https:\\\/\\\/bobvarela.com\\\/wp-content\\\/flagallery\\\/celia-vela-coleccion-otono-invierno-201516-en-080-barcelona\\\/celia-vela-019.jpg\",\"ratio\":0.66833333333333333481363069950020872056484222412109375},{\"id\":\"18588\",\"image\":\"https:\\\/\\\/bobvarela.com\\\/wp-content\\\/flagallery\\\/celia-vela-coleccion-otono-invierno-201516-en-080-barcelona\\\/webview\\\/celia-vela-021.jpg\",\"thumb\":\"https:\\\/\\\/bobvarela.com\\\/wp-content\\\/flagallery\\\/celia-vela-coleccion-otono-invierno-201516-en-080-barcelona\\\/thumbs\\\/thumbs_celia-vela-021.jpg\",\"file\":\"celia-vela-021.jpg\",\"meta\":{\"aperture\":false,\"credit\":false,\"camera\":false,\"caption\":\"Ready to Wear Fall\\\/Winter 2015-2016\",\"created_timestamp\":\"February 2, 2015 6:40 pm\",\"copyright\":\"\\u00c2\\u00a9 2015 Estrop-Barcelona PHOTOGRAPH FOR EDITORIAL USE ONLY\",\"focal_length\":false,\"iso\":false,\"shutter_speed\":false,\"flash\":false,\"title\":\"Ready to Wear Fall\\\/Winter 2015-2016\",\"keywords\":\"2015-2016,Fall\\\/Winter,RTW\",\"width\":1337,\"height\":2000,\"saved\":true,\"thumbnail\":{\"width\":220,\"height\":220,\"ewww_image_optimizer\":\"Reduced by 10.1% (2.8&nbsp;kB)\"},\"webview\":{\"0\":802,\"1\":1200,\"2\":2,\"3\":\"width=\\\"802\\\" height=\\\"1200\\\"\",\"bits\":8,\"channels\":3,\"mime\":\"image\\\/jpeg\",\"ewww_image_optimizer\":\"Reduced by 5.6% (7.9&nbsp;kB) - Previously Optimized\"},\"0\":false,\"ewww_image_optimizer\":\"Reduced by 14.9% (28.6&nbsp;kB)\",\"views\":\"0\",\"likes\":\"0\"},\"title\":\"Ready to Wear Fall\\\/Winter 2015-2016\",\"description\":\"<p>Ready to Wear Fall\\\/Winter 2015-2016<\\\/p>\",\"link\":null,\"link_target\":\"\",\"download\":\"https:\\\/\\\/bobvarela.com\\\/wp-content\\\/flagallery\\\/celia-vela-coleccion-otono-invierno-201516-en-080-barcelona\\\/celia-vela-021.jpg\",\"ratio\":0.66833333333333333481363069950020872056484222412109375},{\"id\":\"18589\",\"image\":\"https:\\\/\\\/bobvarela.com\\\/wp-content\\\/flagallery\\\/celia-vela-coleccion-otono-invierno-201516-en-080-barcelona\\\/webview\\\/celia-vela-022.jpg\",\"thumb\":\"https:\\\/\\\/bobvarela.com\\\/wp-content\\\/flagallery\\\/celia-vela-coleccion-otono-invierno-201516-en-080-barcelona\\\/thumbs\\\/thumbs_celia-vela-022.jpg\",\"file\":\"celia-vela-022.jpg\",\"meta\":{\"aperture\":false,\"credit\":false,\"camera\":false,\"caption\":\"Ready to Wear Fall\\\/Winter 2015-2016\",\"created_timestamp\":\"February 2, 2015 6:40 pm\",\"copyright\":\"\\u00c2\\u00a9 2015 Estrop-Barcelona PHOTOGRAPH FOR EDITORIAL USE ONLY\",\"focal_length\":false,\"iso\":false,\"shutter_speed\":false,\"flash\":false,\"title\":\"Ready to Wear Fall\\\/Winter 2015-2016\",\"keywords\":\"2015-2016,Fall\\\/Winter,RTW\",\"width\":1337,\"height\":2000,\"saved\":true,\"thumbnail\":{\"width\":220,\"height\":220,\"ewww_image_optimizer\":\"Reduced by 12.5% (4.3&nbsp;kB)\"},\"webview\":{\"0\":802,\"1\":1200,\"2\":2,\"3\":\"width=\\\"802\\\" height=\\\"1200\\\"\",\"bits\":8,\"channels\":3,\"mime\":\"image\\\/jpeg\",\"ewww_image_optimizer\":\"Reduced by 6.5% (13.1&nbsp;kB) - Previously Optimized\"},\"0\":false,\"ewww_image_optimizer\":\"Reduced by 20.0% (48.3&nbsp;kB)\",\"views\":\"1\",\"likes\":\"0\"},\"title\":\"Ready to Wear Fall\\\/Winter 2015-2016\",\"description\":\"<p>Ready to Wear Fall\\\/Winter 2015-2016<\\\/p>\",\"link\":null,\"link_target\":\"\",\"download\":\"https:\\\/\\\/bobvarela.com\\\/wp-content\\\/flagallery\\\/celia-vela-coleccion-otono-invierno-201516-en-080-barcelona\\\/celia-vela-022.jpg\",\"ratio\":0.66833333333333333481363069950020872056484222412109375},{\"id\":\"18590\",\"image\":\"https:\\\/\\\/bobvarela.com\\\/wp-content\\\/flagallery\\\/celia-vela-coleccion-otono-invierno-201516-en-080-barcelona\\\/webview\\\/celia-vela-024.jpg\",\"thumb\":\"https:\\\/\\\/bobvarela.com\\\/wp-content\\\/flagallery\\\/celia-vela-coleccion-otono-invierno-201516-en-080-barcelona\\\/thumbs\\\/thumbs_celia-vela-024.jpg\",\"file\":\"celia-vela-024.jpg\",\"meta\":{\"aperture\":false,\"credit\":false,\"camera\":false,\"caption\":\"Ready to Wear Fall\\\/Winter 2015-2016\",\"created_timestamp\":\"February 2, 2015 6:40 pm\",\"copyright\":\"\\u00c2\\u00a9 2015 Estrop-Barcelona PHOTOGRAPH FOR EDITORIAL USE ONLY\",\"focal_length\":false,\"iso\":false,\"shutter_speed\":false,\"flash\":false,\"title\":\"Ready to Wear Fall\\\/Winter 2015-2016\",\"keywords\":\"2015-2016,Fall\\\/Winter,RTW\",\"width\":669,\"height\":1000,\"saved\":true,\"thumbnail\":{\"width\":220,\"height\":220,\"ewww_image_optimizer\":\"Reduced by 13.6% (3.9&nbsp;kB)\"},\"webview\":{\"0\":669,\"1\":1000,\"2\":2,\"3\":\"width=\\\"669\\\" height=\\\"1000\\\"\",\"bits\":8,\"channels\":3,\"mime\":\"image\\\/jpeg\",\"ewww_image_optimizer\":\"Reduced by 4.6% (5.5&nbsp;kB) - Previously Optimized\"},\"0\":false,\"ewww_image_optimizer\":\"Reduced by 7.0% (14.6&nbsp;kB)\",\"views\":\"1\",\"likes\":\"0\"},\"title\":\"Ready to Wear Fall\\\/Winter 2015-2016\",\"description\":\"<p>Ready to Wear Fall\\\/Winter 2015-2016<\\\/p>\",\"link\":null,\"link_target\":\"\",\"download\":\"https:\\\/\\\/bobvarela.com\\\/wp-content\\\/flagallery\\\/celia-vela-coleccion-otono-invierno-201516-en-080-barcelona\\\/celia-vela-024.jpg\",\"ratio\":0.669000000000000039079850466805510222911834716796875},{\"id\":\"18591\",\"image\":\"https:\\\/\\\/bobvarela.com\\\/wp-content\\\/flagallery\\\/celia-vela-coleccion-otono-invierno-201516-en-080-barcelona\\\/webview\\\/celia-vela-025.jpg\",\"thumb\":\"https:\\\/\\\/bobvarela.com\\\/wp-content\\\/flagallery\\\/celia-vela-coleccion-otono-invierno-201516-en-080-barcelona\\\/thumbs\\\/thumbs_celia-vela-025.jpg\",\"file\":\"celia-vela-025.jpg\",\"meta\":{\"aperture\":false,\"credit\":false,\"camera\":false,\"caption\":\"Ready to Wear Fall\\\/Winter 2015-2016\",\"created_timestamp\":\"February 2, 2015 6:40 pm\",\"copyright\":\"\\u00c2\\u00a9 2015 Estrop-Barcelona PHOTOGRAPH FOR EDITORIAL USE ONLY\",\"focal_length\":false,\"iso\":false,\"shutter_speed\":false,\"flash\":false,\"title\":\"Ready to Wear Fall\\\/Winter 2015-2016\",\"keywords\":\"2015-2016,Fall\\\/Winter,RTW\",\"width\":669,\"height\":1000,\"saved\":true,\"thumbnail\":{\"width\":220,\"height\":220,\"ewww_image_optimizer\":\"Reduced by 16.4% (6.3&nbsp;kB)\"},\"webview\":{\"0\":669,\"1\":1000,\"2\":2,\"3\":\"width=\\\"669\\\" height=\\\"1000\\\"\",\"bits\":8,\"channels\":3,\"mime\":\"image\\\/jpeg\",\"ewww_image_optimizer\":\"Reduced by 5.9% (10.8&nbsp;kB) - Previously Optimized\"},\"0\":false,\"ewww_image_optimizer\":\"Reduced by 9.4% (20.3&nbsp;kB)\",\"views\":\"0\",\"likes\":\"0\"},\"title\":\"Ready to Wear Fall\\\/Winter 2015-2016\",\"description\":\"<p>Ready to Wear Fall\\\/Winter 2015-2016<\\\/p>\",\"link\":null,\"link_target\":\"\",\"download\":\"https:\\\/\\\/bobvarela.com\\\/wp-content\\\/flagallery\\\/celia-vela-coleccion-otono-invierno-201516-en-080-barcelona\\\/celia-vela-025.jpg\",\"ratio\":0.669000000000000039079850466805510222911834716796875},{\"id\":\"18592\",\"image\":\"https:\\\/\\\/bobvarela.com\\\/wp-content\\\/flagallery\\\/celia-vela-coleccion-otono-invierno-201516-en-080-barcelona\\\/webview\\\/celia-vela-026.jpg\",\"thumb\":\"https:\\\/\\\/bobvarela.com\\\/wp-content\\\/flagallery\\\/celia-vela-coleccion-otono-invierno-201516-en-080-barcelona\\\/thumbs\\\/thumbs_celia-vela-026.jpg\",\"file\":\"celia-vela-026.jpg\",\"meta\":{\"aperture\":false,\"credit\":false,\"camera\":false,\"caption\":\"Ready to Wear Fall\\\/Winter 2015-2016\",\"created_timestamp\":\"February 2, 2015 6:40 pm\",\"copyright\":\"\\u00c2\\u00a9 2015 Estrop-Barcelona PHOTOGRAPH FOR EDITORIAL USE ONLY\",\"focal_length\":false,\"iso\":false,\"shutter_speed\":false,\"flash\":false,\"title\":\"Ready to Wear Fall\\\/Winter 2015-2016\",\"keywords\":\"2015-2016,Fall\\\/Winter,RTW\",\"width\":1337,\"height\":2000,\"saved\":true,\"thumbnail\":{\"width\":220,\"height\":220,\"ewww_image_optimizer\":\"Reduced by 9.5% (3.5&nbsp;kB)\"},\"webview\":{\"0\":802,\"1\":1200,\"2\":2,\"3\":\"width=\\\"802\\\" height=\\\"1200\\\"\",\"bits\":8,\"channels\":3,\"mime\":\"image\\\/jpeg\",\"ewww_image_optimizer\":\"Reduced by 4.2% (6.9&nbsp;kB) - Previously Optimized\"},\"0\":false,\"ewww_image_optimizer\":\"Reduced by 9.3% (16.6&nbsp;kB)\",\"views\":\"0\",\"likes\":\"0\"},\"title\":\"Ready to Wear Fall\\\/Winter 2015-2016\",\"description\":\"<p>Ready to Wear Fall\\\/Winter 2015-2016<\\\/p>\",\"link\":null,\"link_target\":\"\",\"download\":\"https:\\\/\\\/bobvarela.com\\\/wp-content\\\/flagallery\\\/celia-vela-coleccion-otono-invierno-201516-en-080-barcelona\\\/celia-vela-026.jpg\",\"ratio\":0.66833333333333333481363069950020872056484222412109375},{\"id\":\"18593\",\"image\":\"https:\\\/\\\/bobvarela.com\\\/wp-content\\\/flagallery\\\/celia-vela-coleccion-otono-invierno-201516-en-080-barcelona\\\/webview\\\/celia-vela-028.jpg\",\"thumb\":\"https:\\\/\\\/bobvarela.com\\\/wp-content\\\/flagallery\\\/celia-vela-coleccion-otono-invierno-201516-en-080-barcelona\\\/thumbs\\\/thumbs_celia-vela-028.jpg\",\"file\":\"celia-vela-028.jpg\",\"meta\":{\"aperture\":false,\"credit\":false,\"camera\":false,\"caption\":\"Ready to Wear Fall\\\/Winter 2015-2016\",\"created_timestamp\":\"February 2, 2015 6:40 pm\",\"copyright\":\"\\u00c2\\u00a9 2015 Estrop-Barcelona PHOTOGRAPH FOR EDITORIAL USE ONLY\",\"focal_length\":false,\"iso\":false,\"shutter_speed\":false,\"flash\":false,\"title\":\"Ready to Wear Fall\\\/Winter 2015-2016\",\"keywords\":\"2015-2016,Fall\\\/Winter,RTW\",\"width\":669,\"height\":1000,\"saved\":true,\"thumbnail\":{\"width\":220,\"height\":220,\"ewww_image_optimizer\":\"Reduced by 12.7% (3.8&nbsp;kB)\"},\"webview\":{\"0\":669,\"1\":1000,\"2\":2,\"3\":\"width=\\\"669\\\" height=\\\"1000\\\"\",\"bits\":8,\"channels\":3,\"mime\":\"image\\\/jpeg\",\"ewww_image_optimizer\":\"Reduced by 4.5% (5.1&nbsp;kB) - Previously Optimized\"},\"0\":false,\"ewww_image_optimizer\":\"Reduced by 7.3% (14.4&nbsp;kB)\",\"views\":\"0\",\"likes\":\"0\"},\"title\":\"Ready to Wear Fall\\\/Winter 2015-2016\",\"description\":\"<p>Ready to Wear Fall\\\/Winter 2015-2016<\\\/p>\",\"link\":null,\"link_target\":\"\",\"download\":\"https:\\\/\\\/bobvarela.com\\\/wp-content\\\/flagallery\\\/celia-vela-coleccion-otono-invierno-201516-en-080-barcelona\\\/celia-vela-028.jpg\",\"ratio\":0.669000000000000039079850466805510222911834716796875},{\"id\":\"18594\",\"image\":\"https:\\\/\\\/bobvarela.com\\\/wp-content\\\/flagallery\\\/celia-vela-coleccion-otono-invierno-201516-en-080-barcelona\\\/webview\\\/celia-vela-029.jpg\",\"thumb\":\"https:\\\/\\\/bobvarela.com\\\/wp-content\\\/flagallery\\\/celia-vela-coleccion-otono-invierno-201516-en-080-barcelona\\\/thumbs\\\/thumbs_celia-vela-029.jpg\",\"file\":\"celia-vela-029.jpg\",\"meta\":{\"aperture\":false,\"credit\":false,\"camera\":false,\"caption\":\"Ready to Wear Fall\\\/Winter 2015-2016\",\"created_timestamp\":\"February 2, 2015 6:40 pm\",\"copyright\":\"\\u00c2\\u00a9 2015 Estrop-Barcelona PHOTOGRAPH FOR EDITORIAL USE ONLY\",\"focal_length\":false,\"iso\":false,\"shutter_speed\":false,\"flash\":false,\"title\":\"Ready to Wear Fall\\\/Winter 2015-2016\",\"keywords\":\"2015-2016,Fall\\\/Winter,RTW\",\"width\":669,\"height\":1000,\"saved\":true,\"thumbnail\":{\"width\":220,\"height\":220,\"ewww_image_optimizer\":\"Reduced by 17.0% (6.3&nbsp;kB)\"},\"webview\":{\"0\":669,\"1\":1000,\"2\":2,\"3\":\"width=\\\"669\\\" height=\\\"1000\\\"\",\"bits\":8,\"channels\":3,\"mime\":\"image\\\/jpeg\",\"ewww_image_optimizer\":\"Reduced by 6.8% (11.6&nbsp;kB) - Previously Optimized\"},\"0\":false,\"ewww_image_optimizer\":\"Reduced by 8.6% (19.2&nbsp;kB)\",\"views\":\"0\",\"likes\":\"0\"},\"title\":\"Ready to Wear Fall\\\/Winter 2015-2016\",\"description\":\"<p>Ready to Wear Fall\\\/Winter 2015-2016<\\\/p>\",\"link\":null,\"link_target\":\"\",\"download\":\"https:\\\/\\\/bobvarela.com\\\/wp-content\\\/flagallery\\\/celia-vela-coleccion-otono-invierno-201516-en-080-barcelona\\\/celia-vela-029.jpg\",\"ratio\":0.669000000000000039079850466805510222911834716796875},{\"id\":\"18595\",\"image\":\"https:\\\/\\\/bobvarela.com\\\/wp-content\\\/flagallery\\\/celia-vela-coleccion-otono-invierno-201516-en-080-barcelona\\\/webview\\\/celia-vela-032.jpg\",\"thumb\":\"https:\\\/\\\/bobvarela.com\\\/wp-content\\\/flagallery\\\/celia-vela-coleccion-otono-invierno-201516-en-080-barcelona\\\/thumbs\\\/thumbs_celia-vela-032.jpg\",\"file\":\"celia-vela-032.jpg\",\"meta\":{\"aperture\":false,\"credit\":false,\"camera\":false,\"caption\":\"Ready to Wear Fall\\\/Winter 2015-2016\",\"created_timestamp\":\"February 2, 2015 6:40 pm\",\"copyright\":\"\\u00c2\\u00a9 2015 Estrop-Barcelona PHOTOGRAPH FOR EDITORIAL USE ONLY\",\"focal_length\":false,\"iso\":false,\"shutter_speed\":false,\"flash\":false,\"title\":\"Ready to Wear Fall\\\/Winter 2015-2016\",\"keywords\":\"2015-2016,Fall\\\/Winter,RTW\",\"width\":1337,\"height\":2000,\"saved\":true,\"thumbnail\":{\"width\":220,\"height\":220,\"ewww_image_optimizer\":\"Reduced by 10.2% (2.2&nbsp;kB)\"},\"webview\":{\"0\":802,\"1\":1200,\"2\":2,\"3\":\"width=\\\"802\\\" height=\\\"1200\\\"\",\"bits\":8,\"channels\":3,\"mime\":\"image\\\/jpeg\",\"ewww_image_optimizer\":\"Reduced by 5.6% (5.2&nbsp;kB) - Previously Optimized\"},\"0\":false,\"ewww_image_optimizer\":\"Reduced by 11.4% (21.7&nbsp;kB)\",\"views\":\"0\",\"likes\":\"0\"},\"title\":\"Ready to Wear Fall\\\/Winter 2015-2016\",\"description\":\"<p>Ready to Wear Fall\\\/Winter 2015-2016<\\\/p>\",\"link\":null,\"link_target\":\"\",\"download\":\"https:\\\/\\\/bobvarela.com\\\/wp-content\\\/flagallery\\\/celia-vela-coleccion-otono-invierno-201516-en-080-barcelona\\\/celia-vela-032.jpg\",\"ratio\":0.66833333333333333481363069950020872056484222412109375},{\"id\":\"18596\",\"image\":\"https:\\\/\\\/bobvarela.com\\\/wp-content\\\/flagallery\\\/celia-vela-coleccion-otono-invierno-201516-en-080-barcelona\\\/webview\\\/celia-vela-033.jpg\",\"thumb\":\"https:\\\/\\\/bobvarela.com\\\/wp-content\\\/flagallery\\\/celia-vela-coleccion-otono-invierno-201516-en-080-barcelona\\\/thumbs\\\/thumbs_celia-vela-033.jpg\",\"file\":\"celia-vela-033.jpg\",\"meta\":{\"aperture\":false,\"credit\":false,\"camera\":false,\"caption\":\"Ready to Wear Fall\\\/Winter 2015-2016\",\"created_timestamp\":\"February 2, 2015 6:41 pm\",\"copyright\":\"\\u00c2\\u00a9 2015 Estrop-Barcelona PHOTOGRAPH FOR EDITORIAL USE ONLY\",\"focal_length\":false,\"iso\":false,\"shutter_speed\":false,\"flash\":false,\"title\":\"Ready to Wear Fall\\\/Winter 2015-2016\",\"keywords\":\"2015-2016,Fall\\\/Winter,RTW\",\"width\":1337,\"height\":2000,\"saved\":true,\"thumbnail\":{\"width\":220,\"height\":220,\"ewww_image_optimizer\":\"Reduced by 10.2% (2.6&nbsp;kB)\"},\"webview\":{\"0\":802,\"1\":1200,\"2\":2,\"3\":\"width=\\\"802\\\" height=\\\"1200\\\"\",\"bits\":8,\"channels\":3,\"mime\":\"image\\\/jpeg\",\"ewww_image_optimizer\":\"Reduced by 5.7% (6.6&nbsp;kB) - Previously Optimized\"},\"0\":false,\"ewww_image_optimizer\":\"Reduced by 12.7% (21.7&nbsp;kB)\",\"views\":\"0\",\"likes\":\"0\"},\"title\":\"Ready to Wear Fall\\\/Winter 2015-2016\",\"description\":\"<p>Ready to Wear Fall\\\/Winter 2015-2016<\\\/p>\",\"link\":null,\"link_target\":\"\",\"download\":\"https:\\\/\\\/bobvarela.com\\\/wp-content\\\/flagallery\\\/celia-vela-coleccion-otono-invierno-201516-en-080-barcelona\\\/celia-vela-033.jpg\",\"ratio\":0.66833333333333333481363069950020872056484222412109375},{\"id\":\"18597\",\"image\":\"https:\\\/\\\/bobvarela.com\\\/wp-content\\\/flagallery\\\/celia-vela-coleccion-otono-invierno-201516-en-080-barcelona\\\/webview\\\/celia-vela-034.jpg\",\"thumb\":\"https:\\\/\\\/bobvarela.com\\\/wp-content\\\/flagallery\\\/celia-vela-coleccion-otono-invierno-201516-en-080-barcelona\\\/thumbs\\\/thumbs_celia-vela-034.jpg\",\"file\":\"celia-vela-034.jpg\",\"meta\":{\"aperture\":false,\"credit\":false,\"camera\":false,\"caption\":\"Ready to Wear Fall\\\/Winter 2015-2016\",\"created_timestamp\":\"February 2, 2015 6:41 pm\",\"copyright\":\"\\u00c2\\u00a9 2015 Estrop-Barcelona PHOTOGRAPH FOR EDITORIAL USE ONLY\",\"focal_length\":false,\"iso\":false,\"shutter_speed\":false,\"flash\":false,\"title\":\"Ready to Wear Fall\\\/Winter 2015-2016\",\"keywords\":\"2015-2016,Fall\\\/Winter,RTW\",\"width\":1337,\"height\":2000,\"saved\":true,\"thumbnail\":{\"width\":220,\"height\":220,\"ewww_image_optimizer\":\"Reduced by 11.6% (3.0&nbsp;kB)\"},\"webview\":{\"0\":802,\"1\":1200,\"2\":2,\"3\":\"width=\\\"802\\\" height=\\\"1200\\\"\",\"bits\":8,\"channels\":3,\"mime\":\"image\\\/jpeg\",\"ewww_image_optimizer\":\"Reduced by 5.3% (7.4&nbsp;kB) - Previously Optimized\"},\"0\":false,\"ewww_image_optimizer\":\"Reduced by 24.5% (58.2&nbsp;kB)\",\"views\":\"0\",\"likes\":\"0\"},\"title\":\"Ready to Wear Fall\\\/Winter 2015-2016\",\"description\":\"<p>Ready to Wear Fall\\\/Winter 2015-2016<\\\/p>\",\"link\":null,\"link_target\":\"\",\"download\":\"https:\\\/\\\/bobvarela.com\\\/wp-content\\\/flagallery\\\/celia-vela-coleccion-otono-invierno-201516-en-080-barcelona\\\/celia-vela-034.jpg\",\"ratio\":0.66833333333333333481363069950020872056484222412109375},{\"id\":\"18598\",\"image\":\"https:\\\/\\\/bobvarela.com\\\/wp-content\\\/flagallery\\\/celia-vela-coleccion-otono-invierno-201516-en-080-barcelona\\\/webview\\\/celia-vela-036.jpg\",\"thumb\":\"https:\\\/\\\/bobvarela.com\\\/wp-content\\\/flagallery\\\/celia-vela-coleccion-otono-invierno-201516-en-080-barcelona\\\/thumbs\\\/thumbs_celia-vela-036.jpg\",\"file\":\"celia-vela-036.jpg\",\"meta\":{\"aperture\":false,\"credit\":false,\"camera\":false,\"caption\":\"Ready to Wear Fall\\\/Winter 2015-2016\",\"created_timestamp\":\"February 2, 2015 6:41 pm\",\"copyright\":\"\\u00c2\\u00a9 2015 Estrop-Barcelona PHOTOGRAPH FOR EDITORIAL USE ONLY\",\"focal_length\":false,\"iso\":false,\"shutter_speed\":false,\"flash\":false,\"title\":\"Ready to Wear Fall\\\/Winter 2015-2016\",\"keywords\":\"2015-2016,Fall\\\/Winter,RTW\",\"width\":669,\"height\":1000,\"saved\":true,\"thumbnail\":{\"width\":220,\"height\":220,\"ewww_image_optimizer\":\"Reduced by 16.0% (6.0&nbsp;kB)\"},\"webview\":{\"0\":669,\"1\":1000,\"2\":2,\"3\":\"width=\\\"669\\\" height=\\\"1000\\\"\",\"bits\":8,\"channels\":3,\"mime\":\"image\\\/jpeg\",\"ewww_image_optimizer\":\"Reduced by 6.0% (11.2&nbsp;kB) - Previously Optimized\"},\"0\":false,\"ewww_image_optimizer\":\"Reduced by 8.3% (20.2&nbsp;kB)\",\"views\":\"0\",\"likes\":\"0\"},\"title\":\"Ready to Wear Fall\\\/Winter 2015-2016\",\"description\":\"<p>Ready to Wear Fall\\\/Winter 2015-2016<\\\/p>\",\"link\":null,\"link_target\":\"\",\"download\":\"https:\\\/\\\/bobvarela.com\\\/wp-content\\\/flagallery\\\/celia-vela-coleccion-otono-invierno-201516-en-080-barcelona\\\/celia-vela-036.jpg\",\"ratio\":0.669000000000000039079850466805510222911834716796875},{\"id\":\"18599\",\"image\":\"https:\\\/\\\/bobvarela.com\\\/wp-content\\\/flagallery\\\/celia-vela-coleccion-otono-invierno-201516-en-080-barcelona\\\/webview\\\/celia-vela-039.jpg\",\"thumb\":\"https:\\\/\\\/bobvarela.com\\\/wp-content\\\/flagallery\\\/celia-vela-coleccion-otono-invierno-201516-en-080-barcelona\\\/thumbs\\\/thumbs_celia-vela-039.jpg\",\"file\":\"celia-vela-039.jpg\",\"meta\":{\"aperture\":false,\"credit\":false,\"camera\":false,\"caption\":\"Ready to Wear Fall\\\/Winter 2015-2016\",\"created_timestamp\":\"February 2, 2015 6:41 pm\",\"copyright\":\"\\u00c2\\u00a9 2015 Estrop-Barcelona PHOTOGRAPH FOR EDITORIAL USE ONLY\",\"focal_length\":false,\"iso\":false,\"shutter_speed\":false,\"flash\":false,\"title\":\"Ready to Wear Fall\\\/Winter 2015-2016\",\"keywords\":\"2015-2016,Fall\\\/Winter,RTW\",\"width\":1337,\"height\":2000,\"saved\":true,\"thumbnail\":{\"width\":220,\"height\":220,\"ewww_image_optimizer\":\"Reduced by 10.3% (2.3&nbsp;kB)\"},\"webview\":{\"0\":802,\"1\":1200,\"2\":2,\"3\":\"width=\\\"802\\\" height=\\\"1200\\\"\",\"bits\":8,\"channels\":3,\"mime\":\"image\\\/jpeg\",\"ewww_image_optimizer\":\"Reduced by 5.4% (5.8&nbsp;kB) - Previously Optimized\"},\"0\":false,\"ewww_image_optimizer\":\"Reduced by 16.3% (30.3&nbsp;kB)\",\"views\":\"1\",\"likes\":\"0\"},\"title\":\"Ready to Wear Fall\\\/Winter 2015-2016\",\"description\":\"<p>Ready to Wear Fall\\\/Winter 2015-2016<\\\/p>\",\"link\":null,\"link_target\":\"\",\"download\":\"https:\\\/\\\/bobvarela.com\\\/wp-content\\\/flagallery\\\/celia-vela-coleccion-otono-invierno-201516-en-080-barcelona\\\/celia-vela-039.jpg\",\"ratio\":0.66833333333333333481363069950020872056484222412109375},{\"id\":\"18600\",\"image\":\"https:\\\/\\\/bobvarela.com\\\/wp-content\\\/flagallery\\\/celia-vela-coleccion-otono-invierno-201516-en-080-barcelona\\\/webview\\\/celia-vela-041.jpg\",\"thumb\":\"https:\\\/\\\/bobvarela.com\\\/wp-content\\\/flagallery\\\/celia-vela-coleccion-otono-invierno-201516-en-080-barcelona\\\/thumbs\\\/thumbs_celia-vela-041.jpg\",\"file\":\"celia-vela-041.jpg\",\"meta\":{\"aperture\":false,\"credit\":false,\"camera\":false,\"caption\":\"Ready to Wear Fall\\\/Winter 2015-2016\",\"created_timestamp\":\"February 2, 2015 6:41 pm\",\"copyright\":\"\\u00c2\\u00a9 2015 Estrop-Barcelona PHOTOGRAPH FOR EDITORIAL USE ONLY\",\"focal_length\":false,\"iso\":false,\"shutter_speed\":false,\"flash\":false,\"title\":\"Ready to Wear Fall\\\/Winter 2015-2016\",\"keywords\":\"2015-2016,Fall\\\/Winter,RTW\",\"width\":669,\"height\":1000,\"saved\":true,\"thumbnail\":{\"width\":220,\"height\":220,\"ewww_image_optimizer\":\"Reduced by 12.6% (4.5&nbsp;kB)\"},\"webview\":{\"0\":669,\"1\":1000,\"2\":2,\"3\":\"width=\\\"669\\\" height=\\\"1000\\\"\",\"bits\":8,\"channels\":3,\"mime\":\"image\\\/jpeg\",\"ewww_image_optimizer\":\"Reduced by 5.7% (9.0&nbsp;kB) - Previously Optimized\"},\"0\":false,\"ewww_image_optimizer\":\"Reduced by 6.3% (13.2&nbsp;kB)\",\"views\":\"0\",\"likes\":\"0\"},\"title\":\"Ready to Wear Fall\\\/Winter 2015-2016\",\"description\":\"<p>Ready to Wear Fall\\\/Winter 2015-2016<\\\/p>\",\"link\":null,\"link_target\":\"\",\"download\":\"https:\\\/\\\/bobvarela.com\\\/wp-content\\\/flagallery\\\/celia-vela-coleccion-otono-invierno-201516-en-080-barcelona\\\/celia-vela-041.jpg\",\"ratio\":0.669000000000000039079850466805510222911834716796875},{\"id\":\"18601\",\"image\":\"https:\\\/\\\/bobvarela.com\\\/wp-content\\\/flagallery\\\/celia-vela-coleccion-otono-invierno-201516-en-080-barcelona\\\/webview\\\/celia-vela-042.jpg\",\"thumb\":\"https:\\\/\\\/bobvarela.com\\\/wp-content\\\/flagallery\\\/celia-vela-coleccion-otono-invierno-201516-en-080-barcelona\\\/thumbs\\\/thumbs_celia-vela-042.jpg\",\"file\":\"celia-vela-042.jpg\",\"meta\":{\"aperture\":false,\"credit\":false,\"camera\":false,\"caption\":\"Ready to Wear Fall\\\/Winter 2015-2016\",\"created_timestamp\":\"February 2, 2015 6:41 pm\",\"copyright\":\"\\u00c2\\u00a9 2015 Estrop-Barcelona PHOTOGRAPH FOR EDITORIAL USE ONLY\",\"focal_length\":false,\"iso\":false,\"shutter_speed\":false,\"flash\":false,\"title\":\"Ready to Wear Fall\\\/Winter 2015-2016\",\"keywords\":\"2015-2016,Fall\\\/Winter,RTW\",\"width\":669,\"height\":1000,\"saved\":true,\"thumbnail\":{\"width\":220,\"height\":220,\"ewww_image_optimizer\":\"Reduced by 13.4% (6.2&nbsp;kB)\"},\"webview\":{\"0\":669,\"1\":1000,\"2\":2,\"3\":\"width=\\\"669\\\" height=\\\"1000\\\"\",\"bits\":8,\"channels\":3,\"mime\":\"image\\\/jpeg\",\"ewww_image_optimizer\":\"Reduced by 13.1% (31.2&nbsp;kB) - Previously Optimized\"},\"0\":false,\"ewww_image_optimizer\":\"Reduced by 12.5% (26.3&nbsp;kB)\",\"views\":\"1\",\"likes\":\"0\"},\"title\":\"Ready to Wear Fall\\\/Winter 2015-2016\",\"description\":\"<p>Ready to Wear Fall\\\/Winter 2015-2016<\\\/p>\",\"link\":null,\"link_target\":\"\",\"download\":\"https:\\\/\\\/bobvarela.com\\\/wp-content\\\/flagallery\\\/celia-vela-coleccion-otono-invierno-201516-en-080-barcelona\\\/celia-vela-042.jpg\",\"ratio\":0.669000000000000039079850466805510222911834716796875},{\"id\":\"18602\",\"image\":\"https:\\\/\\\/bobvarela.com\\\/wp-content\\\/flagallery\\\/celia-vela-coleccion-otono-invierno-201516-en-080-barcelona\\\/webview\\\/celia-vela-044.jpg\",\"thumb\":\"https:\\\/\\\/bobvarela.com\\\/wp-content\\\/flagallery\\\/celia-vela-coleccion-otono-invierno-201516-en-080-barcelona\\\/thumbs\\\/thumbs_celia-vela-044.jpg\",\"file\":\"celia-vela-044.jpg\",\"meta\":{\"aperture\":false,\"credit\":false,\"camera\":false,\"caption\":\"Ready to Wear Fall\\\/Winter 2015-2016\",\"created_timestamp\":\"February 2, 2015 6:41 pm\",\"copyright\":\"\\u00c2\\u00a9 2015 Estrop-Barcelona PHOTOGRAPH FOR EDITORIAL USE ONLY\",\"focal_length\":false,\"iso\":false,\"shutter_speed\":false,\"flash\":false,\"title\":\"Ready to Wear Fall\\\/Winter 2015-2016\",\"keywords\":\"2015-2016,Fall\\\/Winter,RTW\",\"width\":1337,\"height\":2000,\"saved\":true,\"thumbnail\":{\"width\":220,\"height\":220,\"ewww_image_optimizer\":\"Reduced by 10.7% (2.6&nbsp;kB)\"},\"webview\":{\"0\":802,\"1\":1200,\"2\":2,\"3\":\"width=\\\"802\\\" height=\\\"1200\\\"\",\"bits\":8,\"channels\":3,\"mime\":\"image\\\/jpeg\",\"ewww_image_optimizer\":\"Reduced by 5.3% (6.1&nbsp;kB) - Previously Optimized\"},\"0\":false,\"ewww_image_optimizer\":\"Reduced by 21.5% (36.5&nbsp;kB)\",\"views\":\"1\",\"likes\":\"0\"},\"title\":\"Ready to Wear Fall\\\/Winter 2015-2016\",\"description\":\"<p>Ready to Wear Fall\\\/Winter 2015-2016<\\\/p>\",\"link\":null,\"link_target\":\"\",\"download\":\"https:\\\/\\\/bobvarela.com\\\/wp-content\\\/flagallery\\\/celia-vela-coleccion-otono-invierno-201516-en-080-barcelona\\\/celia-vela-044.jpg\",\"ratio\":0.66833333333333333481363069950020872056484222412109375},{\"id\":\"18603\",\"image\":\"https:\\\/\\\/bobvarela.com\\\/wp-content\\\/flagallery\\\/celia-vela-coleccion-otono-invierno-201516-en-080-barcelona\\\/webview\\\/celia-vela-045.jpg\",\"thumb\":\"https:\\\/\\\/bobvarela.com\\\/wp-content\\\/flagallery\\\/celia-vela-coleccion-otono-invierno-201516-en-080-barcelona\\\/thumbs\\\/thumbs_celia-vela-045.jpg\",\"file\":\"celia-vela-045.jpg\",\"meta\":{\"aperture\":false,\"credit\":false,\"camera\":false,\"caption\":\"Ready to Wear Fall\\\/Winter 2015-2016\",\"created_timestamp\":\"February 2, 2015 6:42 pm\",\"copyright\":\"\\u00c2\\u00a9 2015 Estrop-Barcelona PHOTOGRAPH FOR EDITORIAL USE ONLY\",\"focal_length\":false,\"iso\":false,\"shutter_speed\":false,\"flash\":false,\"title\":\"Ready to Wear Fall\\\/Winter 2015-2016\",\"keywords\":\"2015-2016,Fall\\\/Winter,RTW\",\"width\":669,\"height\":1000,\"saved\":true,\"thumbnail\":{\"width\":220,\"height\":220,\"ewww_image_optimizer\":\"Reduced by 15.2% (6.2&nbsp;kB)\"},\"webview\":{\"0\":669,\"1\":1000,\"2\":2,\"3\":\"width=\\\"669\\\" height=\\\"1000\\\"\",\"bits\":8,\"channels\":3,\"mime\":\"image\\\/jpeg\",\"ewww_image_optimizer\":\"Reduced by 5.7% (10.0&nbsp;kB) - Previously Optimized\"},\"0\":false,\"ewww_image_optimizer\":\"Reduced by 7.5% (17.4&nbsp;kB)\",\"views\":\"0\",\"likes\":\"0\"},\"title\":\"Ready to Wear Fall\\\/Winter 2015-2016\",\"description\":\"<p>Ready to Wear Fall\\\/Winter 2015-2016<\\\/p>\",\"link\":null,\"link_target\":\"\",\"download\":\"https:\\\/\\\/bobvarela.com\\\/wp-content\\\/flagallery\\\/celia-vela-coleccion-otono-invierno-201516-en-080-barcelona\\\/celia-vela-045.jpg\",\"ratio\":0.669000000000000039079850466805510222911834716796875},{\"id\":\"18604\",\"image\":\"https:\\\/\\\/bobvarela.com\\\/wp-content\\\/flagallery\\\/celia-vela-coleccion-otono-invierno-201516-en-080-barcelona\\\/webview\\\/celia-vela-047.jpg\",\"thumb\":\"https:\\\/\\\/bobvarela.com\\\/wp-content\\\/flagallery\\\/celia-vela-coleccion-otono-invierno-201516-en-080-barcelona\\\/thumbs\\\/thumbs_celia-vela-047.jpg\",\"file\":\"celia-vela-047.jpg\",\"meta\":{\"aperture\":false,\"credit\":false,\"camera\":false,\"caption\":\"Ready to Wear Fall\\\/Winter 2015-2016\",\"created_timestamp\":\"February 2, 2015 6:42 pm\",\"copyright\":\"\\u00c2\\u00a9 2015 Estrop-Barcelona PHOTOGRAPH FOR EDITORIAL USE ONLY\",\"focal_length\":false,\"iso\":false,\"shutter_speed\":false,\"flash\":false,\"title\":\"Ready to Wear Fall\\\/Winter 2015-2016\",\"keywords\":\"2015-2016,Fall\\\/Winter,RTW\",\"width\":1337,\"height\":2000,\"saved\":true,\"thumbnail\":{\"width\":220,\"height\":220,\"ewww_image_optimizer\":\"Reduced by 11.7% (3.1&nbsp;kB)\"},\"webview\":{\"0\":802,\"1\":1200,\"2\":2,\"3\":\"width=\\\"802\\\" height=\\\"1200\\\"\",\"bits\":8,\"channels\":3,\"mime\":\"image\\\/jpeg\",\"ewww_image_optimizer\":\"Reduced by 6.2% (6.4&nbsp;kB) - Previously Optimized\"},\"0\":false,\"ewww_image_optimizer\":\"Reduced by 13.2% (22.3&nbsp;kB)\",\"views\":\"1\",\"likes\":\"0\"},\"title\":\"Ready to Wear Fall\\\/Winter 2015-2016\",\"description\":\"<p>Ready to Wear Fall\\\/Winter 2015-2016<\\\/p>\",\"link\":null,\"link_target\":\"\",\"download\":\"https:\\\/\\\/bobvarela.com\\\/wp-content\\\/flagallery\\\/celia-vela-coleccion-otono-invierno-201516-en-080-barcelona\\\/celia-vela-047.jpg\",\"ratio\":0.66833333333333333481363069950020872056484222412109375},{\"id\":\"18605\",\"image\":\"https:\\\/\\\/bobvarela.com\\\/wp-content\\\/flagallery\\\/celia-vela-coleccion-otono-invierno-201516-en-080-barcelona\\\/webview\\\/celia-vela-048.jpg\",\"thumb\":\"https:\\\/\\\/bobvarela.com\\\/wp-content\\\/flagallery\\\/celia-vela-coleccion-otono-invierno-201516-en-080-barcelona\\\/thumbs\\\/thumbs_celia-vela-048.jpg\",\"file\":\"celia-vela-048.jpg\",\"meta\":{\"aperture\":false,\"credit\":false,\"camera\":false,\"caption\":\"Ready to Wear Fall\\\/Winter 2015-2016\",\"created_timestamp\":\"February 2, 2015 6:42 pm\",\"copyright\":\"\\u00c2\\u00a9 2015 Estrop-Barcelona PHOTOGRAPH FOR EDITORIAL USE ONLY\",\"focal_length\":false,\"iso\":false,\"shutter_speed\":false,\"flash\":false,\"title\":\"Ready to Wear Fall\\\/Winter 2015-2016\",\"keywords\":\"2015-2016,Fall\\\/Winter,RTW\",\"width\":1337,\"height\":2000,\"saved\":true,\"thumbnail\":{\"width\":220,\"height\":220,\"ewww_image_optimizer\":\"Reduced by 14.0% (5.7&nbsp;kB)\"},\"webview\":{\"0\":802,\"1\":1200,\"2\":2,\"3\":\"width=\\\"802\\\" height=\\\"1200\\\"\",\"bits\":8,\"channels\":3,\"mime\":\"image\\\/jpeg\",\"ewww_image_optimizer\":\"Reduced by 6.6% (11.1&nbsp;kB) - Previously Optimized\"},\"0\":false,\"ewww_image_optimizer\":\"Reduced by 8.7% (15.4&nbsp;kB)\",\"views\":\"1\",\"likes\":\"0\"},\"title\":\"Ready to Wear Fall\\\/Winter 2015-2016\",\"description\":\"<p>Ready to Wear Fall\\\/Winter 2015-2016<\\\/p>\",\"link\":null,\"link_target\":\"\",\"download\":\"https:\\\/\\\/bobvarela.com\\\/wp-content\\\/flagallery\\\/celia-vela-coleccion-otono-invierno-201516-en-080-barcelona\\\/celia-vela-048.jpg\",\"ratio\":0.66833333333333333481363069950020872056484222412109375},{\"id\":\"18606\",\"image\":\"https:\\\/\\\/bobvarela.com\\\/wp-content\\\/flagallery\\\/celia-vela-coleccion-otono-invierno-201516-en-080-barcelona\\\/webview\\\/celia-vela-049.jpg\",\"thumb\":\"https:\\\/\\\/bobvarela.com\\\/wp-content\\\/flagallery\\\/celia-vela-coleccion-otono-invierno-201516-en-080-barcelona\\\/thumbs\\\/thumbs_celia-vela-049.jpg\",\"file\":\"celia-vela-049.jpg\",\"meta\":{\"aperture\":false,\"credit\":false,\"camera\":false,\"caption\":\"Ready to Wear Fall\\\/Winter 2015-2016\",\"created_timestamp\":\"February 2, 2015 6:42 pm\",\"copyright\":\"\\u00c2\\u00a9 2015 Estrop-Barcelona PHOTOGRAPH FOR EDITORIAL USE ONLY\",\"focal_length\":false,\"iso\":false,\"shutter_speed\":false,\"flash\":false,\"title\":\"Ready to Wear Fall\\\/Winter 2015-2016\",\"keywords\":\"2015-2016,Fall\\\/Winter,RTW\",\"width\":1337,\"height\":2000,\"saved\":true,\"thumbnail\":{\"width\":220,\"height\":220,\"ewww_image_optimizer\":\"Reduced by 13.6% (7.4&nbsp;kB)\"},\"webview\":{\"0\":1337,\"1\":2000,\"2\":2,\"3\":\"width=\\\"1337\\\" height=\\\"2000\\\"\",\"bits\":8,\"channels\":3,\"mime\":\"image\\\/jpeg\",\"ewww_image_optimizer\":\"Reduced by 3.1% (5.5&nbsp;kB)\"},\"0\":false,\"ewww_image_optimizer\":\"Reduced by 3.1% (5.5&nbsp;kB)\",\"views\":\"1\",\"likes\":\"0\"},\"title\":\"Ready to Wear Fall\\\/Winter 2015-2016\",\"description\":\"<p>Ready to Wear Fall\\\/Winter 2015-2016<\\\/p>\",\"link\":null,\"link_target\":\"\",\"download\":\"https:\\\/\\\/bobvarela.com\\\/wp-content\\\/flagallery\\\/celia-vela-coleccion-otono-invierno-201516-en-080-barcelona\\\/celia-vela-049.jpg\",\"ratio\":0.66849999999999998312461002569762058556079864501953125},{\"id\":\"18607\",\"image\":\"https:\\\/\\\/bobvarela.com\\\/wp-content\\\/flagallery\\\/celia-vela-coleccion-otono-invierno-201516-en-080-barcelona\\\/webview\\\/celia-vela-050.jpg\",\"thumb\":\"https:\\\/\\\/bobvarela.com\\\/wp-content\\\/flagallery\\\/celia-vela-coleccion-otono-invierno-201516-en-080-barcelona\\\/thumbs\\\/thumbs_celia-vela-050.jpg\",\"file\":\"celia-vela-050.jpg\",\"meta\":{\"aperture\":false,\"credit\":false,\"camera\":false,\"caption\":\"Ready to Wear Fall\\\/Winter 2015-2016\",\"created_timestamp\":\"February 2, 2015 6:42 pm\",\"copyright\":\"\\u00c2\\u00a9 2015 Estrop-Barcelona PHOTOGRAPH FOR EDITORIAL USE ONLY\",\"focal_length\":false,\"iso\":false,\"shutter_speed\":false,\"flash\":false,\"title\":\"Ready to Wear Fall\\\/Winter 2015-2016\",\"keywords\":\"2015-2016,Fall\\\/Winter,RTW\",\"width\":1337,\"height\":2000,\"saved\":true,\"thumbnail\":{\"width\":220,\"height\":220,\"ewww_image_optimizer\":\"Reduced by 10.4% (2.6&nbsp;kB)\"},\"webview\":{\"0\":802,\"1\":1200,\"2\":2,\"3\":\"width=\\\"802\\\" height=\\\"1200\\\"\",\"bits\":8,\"channels\":3,\"mime\":\"image\\\/jpeg\",\"ewww_image_optimizer\":\"Reduced by 6.1% (5.9&nbsp;kB) - Previously Optimized\"},\"0\":false,\"ewww_image_optimizer\":\"Reduced by 12.4% (24.6&nbsp;kB)\",\"views\":\"0\",\"likes\":\"0\"},\"title\":\"Ready to Wear Fall\\\/Winter 2015-2016\",\"description\":\"<p>Ready to Wear Fall\\\/Winter 2015-2016<\\\/p>\",\"link\":null,\"link_target\":\"\",\"download\":\"https:\\\/\\\/bobvarela.com\\\/wp-content\\\/flagallery\\\/celia-vela-coleccion-otono-invierno-201516-en-080-barcelona\\\/celia-vela-050.jpg\",\"ratio\":0.66833333333333333481363069950020872056484222412109375},{\"id\":\"18608\",\"image\":\"https:\\\/\\\/bobvarela.com\\\/wp-content\\\/flagallery\\\/celia-vela-coleccion-otono-invierno-201516-en-080-barcelona\\\/webview\\\/celia-vela-052.jpg\",\"thumb\":\"https:\\\/\\\/bobvarela.com\\\/wp-content\\\/flagallery\\\/celia-vela-coleccion-otono-invierno-201516-en-080-barcelona\\\/thumbs\\\/thumbs_celia-vela-052.jpg\",\"file\":\"celia-vela-052.jpg\",\"meta\":{\"aperture\":false,\"credit\":false,\"camera\":false,\"caption\":\"Ready to Wear Fall\\\/Winter 2015-2016\",\"created_timestamp\":\"February 2, 2015 6:42 pm\",\"copyright\":\"\\u00c2\\u00a9 2015 Estrop-Barcelona PHOTOGRAPH FOR EDITORIAL USE ONLY\",\"focal_length\":false,\"iso\":false,\"shutter_speed\":false,\"flash\":false,\"title\":\"Ready to Wear Fall\\\/Winter 2015-2016\",\"keywords\":\"2015-2016,Fall\\\/Winter,RTW\",\"width\":1337,\"height\":2000,\"saved\":true,\"thumbnail\":{\"width\":220,\"height\":220,\"ewww_image_optimizer\":\"Reduced by 11.0% (4.1&nbsp;kB)\"},\"webview\":{\"0\":802,\"1\":1200,\"2\":2,\"3\":\"width=\\\"802\\\" height=\\\"1200\\\"\",\"bits\":8,\"channels\":3,\"mime\":\"image\\\/jpeg\",\"ewww_image_optimizer\":\"Reduced by 4.5% (6.0&nbsp;kB) - Previously Optimized\"},\"0\":false,\"ewww_image_optimizer\":\"Reduced by 6.4% (11.9&nbsp;kB)\",\"views\":\"1\",\"likes\":\"0\"},\"title\":\"Ready to Wear Fall\\\/Winter 2015-2016\",\"description\":\"<p>Ready to Wear Fall\\\/Winter 2015-2016<\\\/p>\",\"link\":null,\"link_target\":\"\",\"download\":\"https:\\\/\\\/bobvarela.com\\\/wp-content\\\/flagallery\\\/celia-vela-coleccion-otono-invierno-201516-en-080-barcelona\\\/celia-vela-052.jpg\",\"ratio\":0.66833333333333333481363069950020872056484222412109375},{\"id\":\"18609\",\"image\":\"https:\\\/\\\/bobvarela.com\\\/wp-content\\\/flagallery\\\/celia-vela-coleccion-otono-invierno-201516-en-080-barcelona\\\/webview\\\/celia-vela-053.jpg\",\"thumb\":\"https:\\\/\\\/bobvarela.com\\\/wp-content\\\/flagallery\\\/celia-vela-coleccion-otono-invierno-201516-en-080-barcelona\\\/thumbs\\\/thumbs_celia-vela-053.jpg\",\"file\":\"celia-vela-053.jpg\",\"meta\":{\"aperture\":false,\"credit\":false,\"camera\":false,\"caption\":\"Ready to Wear Fall\\\/Winter 2015-2016\",\"created_timestamp\":\"February 2, 2015 6:42 pm\",\"copyright\":\"\\u00c2\\u00a9 2015 Estrop-Barcelona PHOTOGRAPH FOR EDITORIAL USE ONLY\",\"focal_length\":false,\"iso\":false,\"shutter_speed\":false,\"flash\":false,\"title\":\"Ready to Wear Fall\\\/Winter 2015-2016\",\"keywords\":\"2015-2016,Fall\\\/Winter,RTW\",\"width\":1337,\"height\":2000,\"saved\":true,\"thumbnail\":{\"width\":220,\"height\":220,\"ewww_image_optimizer\":\"Reduced by 10.3% (2.9&nbsp;kB)\"},\"webview\":{\"0\":802,\"1\":1200,\"2\":2,\"3\":\"width=\\\"802\\\" height=\\\"1200\\\"\",\"bits\":8,\"channels\":3,\"mime\":\"image\\\/jpeg\",\"ewww_image_optimizer\":\"Reduced by 5.7% (5.6&nbsp;kB) - Previously Optimized\"},\"0\":false,\"ewww_image_optimizer\":\"Reduced by 11.8% (23.4&nbsp;kB)\",\"views\":\"0\",\"likes\":\"0\"},\"title\":\"Ready to Wear Fall\\\/Winter 2015-2016\",\"description\":\"<p>Ready to Wear Fall\\\/Winter 2015-2016<\\\/p>\",\"link\":null,\"link_target\":\"\",\"download\":\"https:\\\/\\\/bobvarela.com\\\/wp-content\\\/flagallery\\\/celia-vela-coleccion-otono-invierno-201516-en-080-barcelona\\\/celia-vela-053.jpg\",\"ratio\":0.66833333333333333481363069950020872056484222412109375},{\"id\":\"18610\",\"image\":\"https:\\\/\\\/bobvarela.com\\\/wp-content\\\/flagallery\\\/celia-vela-coleccion-otono-invierno-201516-en-080-barcelona\\\/webview\\\/celia-vela-055.jpg\",\"thumb\":\"https:\\\/\\\/bobvarela.com\\\/wp-content\\\/flagallery\\\/celia-vela-coleccion-otono-invierno-201516-en-080-barcelona\\\/thumbs\\\/thumbs_celia-vela-055.jpg\",\"file\":\"celia-vela-055.jpg\",\"meta\":{\"aperture\":false,\"credit\":false,\"camera\":false,\"caption\":\"Ready to Wear Fall\\\/Winter 2015-2016\",\"created_timestamp\":\"February 2, 2015 6:42 pm\",\"copyright\":\"\\u00c2\\u00a9 2015 Estrop-Barcelona PHOTOGRAPH FOR EDITORIAL USE ONLY\",\"focal_length\":false,\"iso\":false,\"shutter_speed\":false,\"flash\":false,\"title\":\"Ready to Wear Fall\\\/Winter 2015-2016\",\"keywords\":\"2015-2016,Fall\\\/Winter,RTW\",\"width\":1337,\"height\":2000,\"saved\":true,\"thumbnail\":{\"width\":220,\"height\":220,\"ewww_image_optimizer\":\"Reduced by 9.6% (2.8&nbsp;kB)\"},\"webview\":{\"0\":802,\"1\":1200,\"2\":2,\"3\":\"width=\\\"802\\\" height=\\\"1200\\\"\",\"bits\":8,\"channels\":3,\"mime\":\"image\\\/jpeg\",\"ewww_image_optimizer\":\"Reduced by 6.1% (7.0&nbsp;kB) - Previously Optimized\"},\"0\":false,\"ewww_image_optimizer\":\"Reduced by 11.2% (20.5&nbsp;kB)\",\"views\":\"0\",\"likes\":\"0\"},\"title\":\"Ready to Wear Fall\\\/Winter 2015-2016\",\"description\":\"<p>Ready to Wear Fall\\\/Winter 2015-2016<\\\/p>\",\"link\":null,\"link_target\":\"\",\"download\":\"https:\\\/\\\/bobvarela.com\\\/wp-content\\\/flagallery\\\/celia-vela-coleccion-otono-invierno-201516-en-080-barcelona\\\/celia-vela-055.jpg\",\"ratio\":0.66833333333333333481363069950020872056484222412109375},{\"id\":\"18611\",\"image\":\"https:\\\/\\\/bobvarela.com\\\/wp-content\\\/flagallery\\\/celia-vela-coleccion-otono-invierno-201516-en-080-barcelona\\\/webview\\\/celia-vela-056.jpg\",\"thumb\":\"https:\\\/\\\/bobvarela.com\\\/wp-content\\\/flagallery\\\/celia-vela-coleccion-otono-invierno-201516-en-080-barcelona\\\/thumbs\\\/thumbs_celia-vela-056.jpg\",\"file\":\"celia-vela-056.jpg\",\"meta\":{\"aperture\":false,\"credit\":false,\"camera\":false,\"caption\":\"Ready to Wear Fall\\\/Winter 2015-2016\",\"created_timestamp\":\"February 2, 2015 6:42 pm\",\"copyright\":\"\\u00c2\\u00a9 2015 Estrop-Barcelona PHOTOGRAPH FOR EDITORIAL USE ONLY\",\"focal_length\":false,\"iso\":false,\"shutter_speed\":false,\"flash\":false,\"title\":\"Ready to Wear Fall\\\/Winter 2015-2016\",\"keywords\":\"2015-2016,Fall\\\/Winter,RTW\",\"width\":1337,\"height\":2000,\"saved\":true,\"thumbnail\":{\"width\":220,\"height\":220,\"ewww_image_optimizer\":\"Reduced by 10.4% (4.2&nbsp;kB)\"},\"webview\":{\"0\":802,\"1\":1200,\"2\":2,\"3\":\"width=\\\"802\\\" height=\\\"1200\\\"\",\"bits\":8,\"channels\":3,\"mime\":\"image\\\/jpeg\",\"ewww_image_optimizer\":\"Reduced by 5.2% (8.9&nbsp;kB) - Previously Optimized\"},\"0\":false,\"ewww_image_optimizer\":\"Reduced by 11.1% (22.0&nbsp;kB)\",\"views\":\"1\",\"likes\":\"0\"},\"title\":\"Ready to Wear Fall\\\/Winter 2015-2016\",\"description\":\"<p>Ready to Wear Fall\\\/Winter 2015-2016<\\\/p>\",\"link\":null,\"link_target\":\"\",\"download\":\"https:\\\/\\\/bobvarela.com\\\/wp-content\\\/flagallery\\\/celia-vela-coleccion-otono-invierno-201516-en-080-barcelona\\\/celia-vela-056.jpg\",\"ratio\":0.66833333333333333481363069950020872056484222412109375},{\"id\":\"18612\",\"image\":\"https:\\\/\\\/bobvarela.com\\\/wp-content\\\/flagallery\\\/celia-vela-coleccion-otono-invierno-201516-en-080-barcelona\\\/webview\\\/celia-vela-057.jpg\",\"thumb\":\"https:\\\/\\\/bobvarela.com\\\/wp-content\\\/flagallery\\\/celia-vela-coleccion-otono-invierno-201516-en-080-barcelona\\\/thumbs\\\/thumbs_celia-vela-057.jpg\",\"file\":\"celia-vela-057.jpg\",\"meta\":{\"aperture\":false,\"credit\":false,\"camera\":false,\"caption\":\"Ready to Wear Fall\\\/Winter 2015-2016\",\"created_timestamp\":\"February 2, 2015 6:42 pm\",\"copyright\":\"\\u00c2\\u00a9 2015 Estrop-Barcelona PHOTOGRAPH FOR EDITORIAL USE ONLY\",\"focal_length\":false,\"iso\":false,\"shutter_speed\":false,\"flash\":false,\"title\":\"Ready to Wear Fall\\\/Winter 2015-2016\",\"keywords\":\"2015-2016,Fall\\\/Winter,RTW\",\"width\":1337,\"height\":2000,\"saved\":true,\"thumbnail\":{\"width\":220,\"height\":220,\"ewww_image_optimizer\":\"Reduced by 10.1% (3.0&nbsp;kB)\"},\"webview\":{\"0\":802,\"1\":1200,\"2\":2,\"3\":\"width=\\\"802\\\" height=\\\"1200\\\"\",\"bits\":8,\"channels\":3,\"mime\":\"image\\\/jpeg\",\"ewww_image_optimizer\":\"Reduced by 5.7% (6.2&nbsp;kB) - Previously Optimized\"},\"0\":false,\"ewww_image_optimizer\":\"Reduced by 11.4% (19.7&nbsp;kB)\",\"views\":\"1\",\"likes\":\"0\"},\"title\":\"Ready to Wear Fall\\\/Winter 2015-2016\",\"description\":\"<p>Ready to Wear Fall\\\/Winter 2015-2016<\\\/p>\",\"link\":null,\"link_target\":\"\",\"download\":\"https:\\\/\\\/bobvarela.com\\\/wp-content\\\/flagallery\\\/celia-vela-coleccion-otono-invierno-201516-en-080-barcelona\\\/celia-vela-057.jpg\",\"ratio\":0.66833333333333333481363069950020872056484222412109375},{\"id\":\"18613\",\"image\":\"https:\\\/\\\/bobvarela.com\\\/wp-content\\\/flagallery\\\/celia-vela-coleccion-otono-invierno-201516-en-080-barcelona\\\/webview\\\/celia-vela-059.jpg\",\"thumb\":\"https:\\\/\\\/bobvarela.com\\\/wp-content\\\/flagallery\\\/celia-vela-coleccion-otono-invierno-201516-en-080-barcelona\\\/thumbs\\\/thumbs_celia-vela-059.jpg\",\"file\":\"celia-vela-059.jpg\",\"meta\":{\"aperture\":false,\"credit\":false,\"camera\":false,\"caption\":\"Ready to Wear Fall\\\/Winter 2015-2016\",\"created_timestamp\":\"February 2, 2015 6:43 pm\",\"copyright\":\"\\u00c2\\u00a9 2015 Estrop-Barcelona PHOTOGRAPH FOR EDITORIAL USE ONLY\",\"focal_length\":false,\"iso\":false,\"shutter_speed\":false,\"flash\":false,\"title\":\"Ready to Wear Fall\\\/Winter 2015-2016\",\"keywords\":\"2015-2016,Fall\\\/Winter,RTW\",\"width\":1337,\"height\":2000,\"saved\":true,\"thumbnail\":{\"width\":220,\"height\":220,\"ewww_image_optimizer\":\"Reduced by 10.6% (2.9&nbsp;kB)\"},\"webview\":{\"0\":802,\"1\":1200,\"2\":2,\"3\":\"width=\\\"802\\\" height=\\\"1200\\\"\",\"bits\":8,\"channels\":3,\"mime\":\"image\\\/jpeg\",\"ewww_image_optimizer\":\"Reduced by 5.1% (4.9&nbsp;kB) - Previously Optimized\"},\"0\":false,\"ewww_image_optimizer\":\"Reduced by 11.0% (21.3&nbsp;kB)\",\"views\":\"1\",\"likes\":\"0\"},\"title\":\"Ready to Wear Fall\\\/Winter 2015-2016\",\"description\":\"<p>Ready to Wear Fall\\\/Winter 2015-2016<\\\/p>\",\"link\":null,\"link_target\":\"\",\"download\":\"https:\\\/\\\/bobvarela.com\\\/wp-content\\\/flagallery\\\/celia-vela-coleccion-otono-invierno-201516-en-080-barcelona\\\/celia-vela-059.jpg\",\"ratio\":0.66833333333333333481363069950020872056484222412109375},{\"id\":\"18614\",\"image\":\"https:\\\/\\\/bobvarela.com\\\/wp-content\\\/flagallery\\\/celia-vela-coleccion-otono-invierno-201516-en-080-barcelona\\\/webview\\\/celia-vela-060.jpg\",\"thumb\":\"https:\\\/\\\/bobvarela.com\\\/wp-content\\\/flagallery\\\/celia-vela-coleccion-otono-invierno-201516-en-080-barcelona\\\/thumbs\\\/thumbs_celia-vela-060.jpg\",\"file\":\"celia-vela-060.jpg\",\"meta\":{\"aperture\":false,\"credit\":false,\"camera\":false,\"caption\":\"Ready to Wear Fall\\\/Winter 2015-2016\",\"created_timestamp\":\"February 2, 2015 6:43 pm\",\"copyright\":\"\\u00c2\\u00a9 2015 Estrop-Barcelona PHOTOGRAPH FOR EDITORIAL USE ONLY\",\"focal_length\":false,\"iso\":false,\"shutter_speed\":false,\"flash\":false,\"title\":\"Ready to Wear Fall\\\/Winter 2015-2016\",\"keywords\":\"2015-2016,Fall\\\/Winter,RTW\",\"width\":1337,\"height\":2000,\"saved\":true,\"thumbnail\":{\"width\":220,\"height\":220,\"ewww_image_optimizer\":\"Reduced by 10.6% (3.0&nbsp;kB)\"},\"webview\":{\"0\":802,\"1\":1200,\"2\":2,\"3\":\"width=\\\"802\\\" height=\\\"1200\\\"\",\"bits\":8,\"channels\":3,\"mime\":\"image\\\/jpeg\",\"ewww_image_optimizer\":\"Reduced by 5.5% (5.5&nbsp;kB) - Previously Optimized\"},\"0\":false,\"ewww_image_optimizer\":\"Reduced by 11.5% (18.6&nbsp;kB)\",\"views\":\"1\",\"likes\":\"0\"},\"title\":\"Ready to Wear Fall\\\/Winter 2015-2016\",\"description\":\"<p>Ready to Wear Fall\\\/Winter 2015-2016<\\\/p>\",\"link\":null,\"link_target\":\"\",\"download\":\"https:\\\/\\\/bobvarela.com\\\/wp-content\\\/flagallery\\\/celia-vela-coleccion-otono-invierno-201516-en-080-barcelona\\\/celia-vela-060.jpg\",\"ratio\":0.66833333333333333481363069950020872056484222412109375},{\"id\":\"18615\",\"image\":\"https:\\\/\\\/bobvarela.com\\\/wp-content\\\/flagallery\\\/celia-vela-coleccion-otono-invierno-201516-en-080-barcelona\\\/webview\\\/celia-vela-062.jpg\",\"thumb\":\"https:\\\/\\\/bobvarela.com\\\/wp-content\\\/flagallery\\\/celia-vela-coleccion-otono-invierno-201516-en-080-barcelona\\\/thumbs\\\/thumbs_celia-vela-062.jpg\",\"file\":\"celia-vela-062.jpg\",\"meta\":{\"aperture\":false,\"credit\":false,\"camera\":false,\"caption\":\"Ready to Wear Fall\\\/Winter 2015-2016\",\"created_timestamp\":\"February 2, 2015 6:47 pm\",\"copyright\":\"\\u00c2\\u00a9 2015 Estrop-Barcelona PHOTOGRAPH FOR EDITORIAL USE ONLY\",\"focal_length\":false,\"iso\":false,\"shutter_speed\":false,\"flash\":false,\"title\":\"Ready to Wear Fall\\\/Winter 2015-2016\",\"keywords\":\"2015-2016,Fall\\\/Winter,RTW\",\"width\":1337,\"height\":2000,\"saved\":true,\"thumbnail\":{\"width\":220,\"height\":220,\"ewww_image_optimizer\":\"Reduced by 12.0% (4.9&nbsp;kB)\"},\"webview\":{\"0\":802,\"1\":1200,\"2\":2,\"3\":\"width=\\\"802\\\" height=\\\"1200\\\"\",\"bits\":8,\"channels\":3,\"mime\":\"image\\\/jpeg\",\"ewww_image_optimizer\":\"Reduced by 4.1% (6.6&nbsp;kB) - Previously Optimized\"},\"0\":false,\"ewww_image_optimizer\":\"Reduced by 18.9% (37.7&nbsp;kB)\",\"views\":\"1\",\"likes\":\"0\"},\"title\":\"Ready to Wear Fall\\\/Winter 2015-2016\",\"description\":\"<p>Ready to Wear Fall\\\/Winter 2015-2016<\\\/p>\",\"link\":null,\"link_target\":\"\",\"download\":\"https:\\\/\\\/bobvarela.com\\\/wp-content\\\/flagallery\\\/celia-vela-coleccion-otono-invierno-201516-en-080-barcelona\\\/celia-vela-062.jpg\",\"ratio\":0.66833333333333333481363069950020872056484222412109375},{\"id\":\"18616\",\"image\":\"https:\\\/\\\/bobvarela.com\\\/wp-content\\\/flagallery\\\/celia-vela-coleccion-otono-invierno-201516-en-080-barcelona\\\/webview\\\/celia-vela-064.jpg\",\"thumb\":\"https:\\\/\\\/bobvarela.com\\\/wp-content\\\/flagallery\\\/celia-vela-coleccion-otono-invierno-201516-en-080-barcelona\\\/thumbs\\\/thumbs_celia-vela-064.jpg\",\"file\":\"celia-vela-064.jpg\",\"meta\":{\"aperture\":false,\"credit\":false,\"camera\":false,\"caption\":\"Ready to Wear Fall\\\/Winter 2015-2016\",\"created_timestamp\":\"February 2, 2015 6:43 pm\",\"copyright\":\"\\u00c2\\u00a9 2015 Estrop-Barcelona PHOTOGRAPH FOR EDITORIAL USE ONLY\",\"focal_length\":false,\"iso\":false,\"shutter_speed\":false,\"flash\":false,\"title\":\"Ready to Wear Fall\\\/Winter 2015-2016\",\"keywords\":\"2015-2016,Fall\\\/Winter,RTW\",\"width\":1337,\"height\":2000,\"saved\":true,\"thumbnail\":{\"width\":220,\"height\":220,\"ewww_image_optimizer\":\"Reduced by 10.6% (2.7&nbsp;kB)\"},\"webview\":{\"0\":802,\"1\":1200,\"2\":2,\"3\":\"width=\\\"802\\\" height=\\\"1200\\\"\",\"bits\":8,\"channels\":3,\"mime\":\"image\\\/jpeg\",\"ewww_image_optimizer\":\"Reduced by 5.7% (5.5&nbsp;kB) - Previously Optimized\"},\"0\":false,\"ewww_image_optimizer\":\"Reduced by 11.7% (22.4&nbsp;kB)\",\"views\":\"1\",\"likes\":\"0\"},\"title\":\"Ready to Wear Fall\\\/Winter 2015-2016\",\"description\":\"<p>Ready to Wear Fall\\\/Winter 2015-2016<\\\/p>\",\"link\":null,\"link_target\":\"\",\"download\":\"https:\\\/\\\/bobvarela.com\\\/wp-content\\\/flagallery\\\/celia-vela-coleccion-otono-invierno-201516-en-080-barcelona\\\/celia-vela-064.jpg\",\"ratio\":0.66833333333333333481363069950020872056484222412109375},{\"id\":\"18617\",\"image\":\"https:\\\/\\\/bobvarela.com\\\/wp-content\\\/flagallery\\\/celia-vela-coleccion-otono-invierno-201516-en-080-barcelona\\\/webview\\\/celia-vela-065.jpg\",\"thumb\":\"https:\\\/\\\/bobvarela.com\\\/wp-content\\\/flagallery\\\/celia-vela-coleccion-otono-invierno-201516-en-080-barcelona\\\/thumbs\\\/thumbs_celia-vela-065.jpg\",\"file\":\"celia-vela-065.jpg\",\"meta\":{\"aperture\":false,\"credit\":false,\"camera\":false,\"caption\":\"Ready to Wear Fall\\\/Winter 2015-2016\",\"created_timestamp\":\"February 2, 2015 6:43 pm\",\"copyright\":\"\\u00c2\\u00a9 2015 Estrop-Barcelona PHOTOGRAPH FOR EDITORIAL USE ONLY\",\"focal_length\":false,\"iso\":false,\"shutter_speed\":false,\"flash\":false,\"title\":\"Ready to Wear Fall\\\/Winter 2015-2016\",\"keywords\":\"2015-2016,Fall\\\/Winter,RTW\",\"width\":1337,\"height\":2000,\"saved\":true,\"thumbnail\":{\"width\":220,\"height\":220,\"ewww_image_optimizer\":\"Reduced by 11.8% (3.9&nbsp;kB)\"},\"webview\":{\"0\":802,\"1\":1200,\"2\":2,\"3\":\"width=\\\"802\\\" height=\\\"1200\\\"\",\"bits\":8,\"channels\":3,\"mime\":\"image\\\/jpeg\",\"ewww_image_optimizer\":\"Reduced by 6.1% (8.7&nbsp;kB) - Previously Optimized\"},\"0\":false,\"ewww_image_optimizer\":\"Reduced by 12.2% (21.4&nbsp;kB)\",\"views\":\"1\",\"likes\":\"0\"},\"title\":\"Ready to Wear Fall\\\/Winter 2015-2016\",\"description\":\"<p>Ready to Wear Fall\\\/Winter 2015-2016<\\\/p>\",\"link\":null,\"link_target\":\"\",\"download\":\"https:\\\/\\\/bobvarela.com\\\/wp-content\\\/flagallery\\\/celia-vela-coleccion-otono-invierno-201516-en-080-barcelona\\\/celia-vela-065.jpg\",\"ratio\":0.66833333333333333481363069950020872056484222412109375},{\"id\":\"18618\",\"image\":\"https:\\\/\\\/bobvarela.com\\\/wp-content\\\/flagallery\\\/celia-vela-coleccion-otono-invierno-201516-en-080-barcelona\\\/webview\\\/celia-vela-067.jpg\",\"thumb\":\"https:\\\/\\\/bobvarela.com\\\/wp-content\\\/flagallery\\\/celia-vela-coleccion-otono-invierno-201516-en-080-barcelona\\\/thumbs\\\/thumbs_celia-vela-067.jpg\",\"file\":\"celia-vela-067.jpg\",\"meta\":{\"aperture\":false,\"credit\":false,\"camera\":false,\"caption\":\"Ready to Wear Fall\\\/Winter 2015-2016\",\"created_timestamp\":\"February 2, 2015 6:43 pm\",\"copyright\":\"\\u00c2\\u00a9 2015 Estrop-Barcelona PHOTOGRAPH FOR EDITORIAL USE ONLY\",\"focal_length\":false,\"iso\":false,\"shutter_speed\":false,\"flash\":false,\"title\":\"Ready to Wear Fall\\\/Winter 2015-2016\",\"keywords\":\"2015-2016,Fall\\\/Winter,RTW\",\"width\":1337,\"height\":2000,\"saved\":true,\"thumbnail\":{\"width\":220,\"height\":220,\"ewww_image_optimizer\":\"Reduced by 9.8% (2.6&nbsp;kB)\"},\"webview\":{\"0\":802,\"1\":1200,\"2\":2,\"3\":\"width=\\\"802\\\" height=\\\"1200\\\"\",\"bits\":8,\"channels\":3,\"mime\":\"image\\\/jpeg\",\"ewww_image_optimizer\":\"Reduced by 4.8% (4.2&nbsp;kB) - Previously Optimized\"},\"0\":false,\"ewww_image_optimizer\":\"Reduced by 18.5% (33.0&nbsp;kB)\",\"views\":\"1\",\"likes\":\"0\"},\"title\":\"Ready to Wear Fall\\\/Winter 2015-2016\",\"description\":\"<p>Ready to Wear Fall\\\/Winter 2015-2016<\\\/p>\",\"link\":null,\"link_target\":\"\",\"download\":\"https:\\\/\\\/bobvarela.com\\\/wp-content\\\/flagallery\\\/celia-vela-coleccion-otono-invierno-201516-en-080-barcelona\\\/celia-vela-067.jpg\",\"ratio\":0.66833333333333333481363069950020872056484222412109375},{\"id\":\"18619\",\"image\":\"https:\\\/\\\/bobvarela.com\\\/wp-content\\\/flagallery\\\/celia-vela-coleccion-otono-invierno-201516-en-080-barcelona\\\/webview\\\/celia-vela-068.jpg\",\"thumb\":\"https:\\\/\\\/bobvarela.com\\\/wp-content\\\/flagallery\\\/celia-vela-coleccion-otono-invierno-201516-en-080-barcelona\\\/thumbs\\\/thumbs_celia-vela-068.jpg\",\"file\":\"celia-vela-068.jpg\",\"meta\":{\"aperture\":false,\"credit\":false,\"camera\":false,\"caption\":\"Ready to Wear Fall\\\/Winter 2015-2016\",\"created_timestamp\":\"February 2, 2015 6:43 pm\",\"copyright\":\"\\u00c2\\u00a9 2015 Estrop-Barcelona PHOTOGRAPH FOR EDITORIAL USE ONLY\",\"focal_length\":false,\"iso\":false,\"shutter_speed\":false,\"flash\":false,\"title\":\"Ready to Wear Fall\\\/Winter 2015-2016\",\"keywords\":\"2015-2016,Fall\\\/Winter,RTW\",\"width\":1337,\"height\":2000,\"saved\":true,\"thumbnail\":{\"width\":220,\"height\":220,\"ewww_image_optimizer\":\"Reduced by 8.4% (2.0&nbsp;kB)\"},\"webview\":{\"0\":802,\"1\":1200,\"2\":2,\"3\":\"width=\\\"802\\\" height=\\\"1200\\\"\",\"bits\":8,\"channels\":3,\"mime\":\"image\\\/jpeg\",\"ewww_image_optimizer\":\"Reduced by 6.9% (6.0&nbsp;kB) - Previously Optimized\"},\"0\":false,\"ewww_image_optimizer\":\"Reduced by 19.1% (35.7&nbsp;kB)\",\"views\":\"1\",\"likes\":\"0\"},\"title\":\"Ready to Wear Fall\\\/Winter 2015-2016\",\"description\":\"<p>Ready to Wear Fall\\\/Winter 2015-2016<\\\/p>\",\"link\":null,\"link_target\":\"\",\"download\":\"https:\\\/\\\/bobvarela.com\\\/wp-content\\\/flagallery\\\/celia-vela-coleccion-otono-invierno-201516-en-080-barcelona\\\/celia-vela-068.jpg\",\"ratio\":0.66833333333333333481363069950020872056484222412109375},{\"id\":\"18620\",\"image\":\"https:\\\/\\\/bobvarela.com\\\/wp-content\\\/flagallery\\\/celia-vela-coleccion-otono-invierno-201516-en-080-barcelona\\\/webview\\\/celia-vela-069.jpg\",\"thumb\":\"https:\\\/\\\/bobvarela.com\\\/wp-content\\\/flagallery\\\/celia-vela-coleccion-otono-invierno-201516-en-080-barcelona\\\/thumbs\\\/thumbs_celia-vela-069.jpg\",\"file\":\"celia-vela-069.jpg\",\"meta\":{\"aperture\":false,\"credit\":false,\"camera\":false,\"caption\":\"Ready to Wear Fall\\\/Winter 2015-2016\",\"created_timestamp\":\"February 2, 2015 6:43 pm\",\"copyright\":\"\\u00c2\\u00a9 2015 Estrop-Barcelona PHOTOGRAPH FOR EDITORIAL USE ONLY\",\"focal_length\":false,\"iso\":false,\"shutter_speed\":false,\"flash\":false,\"title\":\"Ready to Wear Fall\\\/Winter 2015-2016\",\"keywords\":\"2015-2016,Fall\\\/Winter,RTW\",\"width\":1337,\"height\":2000,\"saved\":true,\"thumbnail\":{\"width\":220,\"height\":220,\"ewww_image_optimizer\":\"Reduced by 8.6% (2.6&nbsp;kB)\"},\"webview\":{\"0\":802,\"1\":1200,\"2\":2,\"3\":\"width=\\\"802\\\" height=\\\"1200\\\"\",\"bits\":8,\"channels\":3,\"mime\":\"image\\\/jpeg\",\"ewww_image_optimizer\":\"Reduced by 5.4% (7.1&nbsp;kB) - Previously Optimized\"},\"0\":false,\"ewww_image_optimizer\":\"Reduced by 8.2% (15.6&nbsp;kB)\",\"views\":\"1\",\"likes\":\"0\"},\"title\":\"Ready to Wear Fall\\\/Winter 2015-2016\",\"description\":\"<p>Ready to Wear Fall\\\/Winter 2015-2016<\\\/p>\",\"link\":null,\"link_target\":\"\",\"download\":\"https:\\\/\\\/bobvarela.com\\\/wp-content\\\/flagallery\\\/celia-vela-coleccion-otono-invierno-201516-en-080-barcelona\\\/celia-vela-069.jpg\",\"ratio\":0.66833333333333333481363069950020872056484222412109375},{\"id\":\"18621\",\"image\":\"https:\\\/\\\/bobvarela.com\\\/wp-content\\\/flagallery\\\/celia-vela-coleccion-otono-invierno-201516-en-080-barcelona\\\/webview\\\/celia-vela-070.jpg\",\"thumb\":\"https:\\\/\\\/bobvarela.com\\\/wp-content\\\/flagallery\\\/celia-vela-coleccion-otono-invierno-201516-en-080-barcelona\\\/thumbs\\\/thumbs_celia-vela-070.jpg\",\"file\":\"celia-vela-070.jpg\",\"meta\":{\"aperture\":false,\"credit\":false,\"camera\":false,\"caption\":\"Ready to Wear Fall\\\/Winter 2015-2016\",\"created_timestamp\":\"February 2, 2015 6:43 pm\",\"copyright\":\"\\u00c2\\u00a9 2015 Estrop-Barcelona PHOTOGRAPH FOR EDITORIAL USE ONLY\",\"focal_length\":false,\"iso\":false,\"shutter_speed\":false,\"flash\":false,\"title\":\"Ready to Wear Fall\\\/Winter 2015-2016\",\"keywords\":\"2015-2016,Fall\\\/Winter,RTW\",\"width\":1337,\"height\":2000,\"saved\":true,\"thumbnail\":{\"width\":220,\"height\":220,\"ewww_image_optimizer\":\"Reduced by 9.3% (2.5&nbsp;kB)\"},\"webview\":{\"0\":802,\"1\":1200,\"2\":2,\"3\":\"width=\\\"802\\\" height=\\\"1200\\\"\",\"bits\":8,\"channels\":3,\"mime\":\"image\\\/jpeg\",\"ewww_image_optimizer\":\"Reduced by 4.9% (3.9&nbsp;kB) - Previously Optimized\"},\"0\":false,\"ewww_image_optimizer\":\"Reduced by 19.2% (31.8&nbsp;kB)\",\"views\":\"1\",\"likes\":\"0\"},\"title\":\"Ready to Wear Fall\\\/Winter 2015-2016\",\"description\":\"<p>Ready to Wear Fall\\\/Winter 2015-2016<\\\/p>\",\"link\":null,\"link_target\":\"\",\"download\":\"https:\\\/\\\/bobvarela.com\\\/wp-content\\\/flagallery\\\/celia-vela-coleccion-otono-invierno-201516-en-080-barcelona\\\/celia-vela-070.jpg\",\"ratio\":0.66833333333333333481363069950020872056484222412109375},{\"id\":\"18622\",\"image\":\"https:\\\/\\\/bobvarela.com\\\/wp-content\\\/flagallery\\\/celia-vela-coleccion-otono-invierno-201516-en-080-barcelona\\\/webview\\\/celia-vela-072.jpg\",\"thumb\":\"https:\\\/\\\/bobvarela.com\\\/wp-content\\\/flagallery\\\/celia-vela-coleccion-otono-invierno-201516-en-080-barcelona\\\/thumbs\\\/thumbs_celia-vela-072.jpg\",\"file\":\"celia-vela-072.jpg\",\"meta\":{\"aperture\":false,\"credit\":false,\"camera\":false,\"caption\":\"Ready to Wear Fall\\\/Winter 2015-2016\",\"created_timestamp\":\"February 2, 2015 6:44 pm\",\"copyright\":\"\\u00c2\\u00a9 2015 Estrop-Barcelona PHOTOGRAPH FOR EDITORIAL USE ONLY\",\"focal_length\":false,\"iso\":false,\"shutter_speed\":false,\"flash\":false,\"title\":\"Ready to Wear Fall\\\/Winter 2015-2016\",\"keywords\":\"2015-2016,Fall\\\/Winter,RTW\",\"width\":1337,\"height\":2000,\"saved\":true,\"thumbnail\":{\"width\":220,\"height\":220,\"ewww_image_optimizer\":\"Reduced by 8.0% (2.2&nbsp;kB)\"},\"webview\":{\"0\":802,\"1\":1200,\"2\":2,\"3\":\"width=\\\"802\\\" height=\\\"1200\\\"\",\"bits\":8,\"channels\":3,\"mime\":\"image\\\/jpeg\",\"ewww_image_optimizer\":\"Reduced by 5.8% (5.6&nbsp;kB) - Previously Optimized\"},\"0\":false,\"ewww_image_optimizer\":\"Reduced by 16.5% (32.1&nbsp;kB)\",\"views\":\"0\",\"likes\":\"0\"},\"title\":\"Ready to Wear Fall\\\/Winter 2015-2016\",\"description\":\"<p>Ready to Wear Fall\\\/Winter 2015-2016<\\\/p>\",\"link\":null,\"link_target\":\"\",\"download\":\"https:\\\/\\\/bobvarela.com\\\/wp-content\\\/flagallery\\\/celia-vela-coleccion-otono-invierno-201516-en-080-barcelona\\\/celia-vela-072.jpg\",\"ratio\":0.66833333333333333481363069950020872056484222412109375},{\"id\":\"18623\",\"image\":\"https:\\\/\\\/bobvarela.com\\\/wp-content\\\/flagallery\\\/celia-vela-coleccion-otono-invierno-201516-en-080-barcelona\\\/webview\\\/celia-vela-074.jpg\",\"thumb\":\"https:\\\/\\\/bobvarela.com\\\/wp-content\\\/flagallery\\\/celia-vela-coleccion-otono-invierno-201516-en-080-barcelona\\\/thumbs\\\/thumbs_celia-vela-074.jpg\",\"file\":\"celia-vela-074.jpg\",\"meta\":{\"aperture\":false,\"credit\":false,\"camera\":false,\"caption\":\"Ready to Wear Fall\\\/Winter 2015-2016\",\"created_timestamp\":\"February 2, 2015 6:44 pm\",\"copyright\":\"\\u00c2\\u00a9 2015 Estrop-Barcelona PHOTOGRAPH FOR EDITORIAL USE ONLY\",\"focal_length\":false,\"iso\":false,\"shutter_speed\":false,\"flash\":false,\"title\":\"Ready to Wear Fall\\\/Winter 2015-2016\",\"keywords\":\"2015-2016,Fall\\\/Winter,RTW\",\"width\":1337,\"height\":2000,\"saved\":true,\"thumbnail\":{\"width\":220,\"height\":220,\"ewww_image_optimizer\":\"Reduced by 12.2% (3.4&nbsp;kB)\"},\"webview\":{\"0\":802,\"1\":1200,\"2\":2,\"3\":\"width=\\\"802\\\" height=\\\"1200\\\"\",\"bits\":8,\"channels\":3,\"mime\":\"image\\\/jpeg\",\"ewww_image_optimizer\":\"Reduced by 5.7% (5.6&nbsp;kB) - Previously Optimized\"},\"0\":false,\"ewww_image_optimizer\":\"Reduced by 12.5% (20.3&nbsp;kB)\",\"views\":\"1\",\"likes\":\"0\"},\"title\":\"Ready to Wear Fall\\\/Winter 2015-2016\",\"description\":\"<p>Ready to Wear Fall\\\/Winter 2015-2016<\\\/p>\",\"link\":null,\"link_target\":\"\",\"download\":\"https:\\\/\\\/bobvarela.com\\\/wp-content\\\/flagallery\\\/celia-vela-coleccion-otono-invierno-201516-en-080-barcelona\\\/celia-vela-074.jpg\",\"ratio\":0.66833333333333333481363069950020872056484222412109375},{\"id\":\"18624\",\"image\":\"https:\\\/\\\/bobvarela.com\\\/wp-content\\\/flagallery\\\/celia-vela-coleccion-otono-invierno-201516-en-080-barcelona\\\/webview\\\/celia-vela-075.jpg\",\"thumb\":\"https:\\\/\\\/bobvarela.com\\\/wp-content\\\/flagallery\\\/celia-vela-coleccion-otono-invierno-201516-en-080-barcelona\\\/thumbs\\\/thumbs_celia-vela-075.jpg\",\"file\":\"celia-vela-075.jpg\",\"meta\":{\"aperture\":false,\"credit\":false,\"camera\":false,\"caption\":\"Ready to Wear Fall\\\/Winter 2015-2016\",\"created_timestamp\":\"February 2, 2015 6:44 pm\",\"copyright\":\"\\u00c2\\u00a9 2015 Estrop-Barcelona PHOTOGRAPH FOR EDITORIAL USE ONLY\",\"focal_length\":false,\"iso\":false,\"shutter_speed\":false,\"flash\":false,\"title\":\"Ready to Wear Fall\\\/Winter 2015-2016\",\"keywords\":\"2015-2016,Fall\\\/Winter,RTW\",\"width\":1337,\"height\":2000,\"saved\":true,\"thumbnail\":{\"width\":220,\"height\":220,\"ewww_image_optimizer\":\"Reduced by 12.3% (4.3&nbsp;kB)\"},\"webview\":{\"0\":802,\"1\":1200,\"2\":2,\"3\":\"width=\\\"802\\\" height=\\\"1200\\\"\",\"bits\":8,\"channels\":3,\"mime\":\"image\\\/jpeg\",\"ewww_image_optimizer\":\"Reduced by 4.9% (6.5&nbsp;kB) - Previously Optimized\"},\"0\":false,\"ewww_image_optimizer\":\"Reduced by 13.1% (22.2&nbsp;kB)\",\"views\":\"1\",\"likes\":\"0\"},\"title\":\"Ready to Wear Fall\\\/Winter 2015-2016\",\"description\":\"<p>Ready to Wear Fall\\\/Winter 2015-2016<\\\/p>\",\"link\":null,\"link_target\":\"\",\"download\":\"https:\\\/\\\/bobvarela.com\\\/wp-content\\\/flagallery\\\/celia-vela-coleccion-otono-invierno-201516-en-080-barcelona\\\/celia-vela-075.jpg\",\"ratio\":0.66833333333333333481363069950020872056484222412109375},{\"id\":\"18625\",\"image\":\"https:\\\/\\\/bobvarela.com\\\/wp-content\\\/flagallery\\\/celia-vela-coleccion-otono-invierno-201516-en-080-barcelona\\\/webview\\\/celia-vela-076.jpg\",\"thumb\":\"https:\\\/\\\/bobvarela.com\\\/wp-content\\\/flagallery\\\/celia-vela-coleccion-otono-invierno-201516-en-080-barcelona\\\/thumbs\\\/thumbs_celia-vela-076.jpg\",\"file\":\"celia-vela-076.jpg\",\"meta\":{\"aperture\":false,\"credit\":false,\"camera\":false,\"caption\":\"Ready to Wear Fall\\\/Winter 2015-2016\",\"created_timestamp\":\"February 2, 2015 6:44 pm\",\"copyright\":\"\\u00c2\\u00a9 2015 Estrop-Barcelona PHOTOGRAPH FOR EDITORIAL USE ONLY\",\"focal_length\":false,\"iso\":false,\"shutter_speed\":false,\"flash\":false,\"title\":\"Ready to Wear Fall\\\/Winter 2015-2016\",\"keywords\":\"2015-2016,Fall\\\/Winter,RTW\",\"width\":1337,\"height\":2000,\"saved\":true,\"thumbnail\":{\"width\":220,\"height\":220,\"ewww_image_optimizer\":\"Reduced by 12.6% (6.2&nbsp;kB)\"},\"webview\":{\"0\":802,\"1\":1200,\"2\":2,\"3\":\"width=\\\"802\\\" height=\\\"1200\\\"\",\"bits\":8,\"channels\":3,\"mime\":\"image\\\/jpeg\",\"ewww_image_optimizer\":\"Reduced by 3.9% (7.3&nbsp;kB) - Previously Optimized\"},\"0\":false,\"ewww_image_optimizer\":\"Reduced by 6.4% (12.2&nbsp;kB)\",\"views\":\"1\",\"likes\":\"0\"},\"title\":\"Ready to Wear Fall\\\/Winter 2015-2016\",\"description\":\"<p>Ready to Wear Fall\\\/Winter 2015-2016<\\\/p>\",\"link\":null,\"link_target\":\"\",\"download\":\"https:\\\/\\\/bobvarela.com\\\/wp-content\\\/flagallery\\\/celia-vela-coleccion-otono-invierno-201516-en-080-barcelona\\\/celia-vela-076.jpg\",\"ratio\":0.66833333333333333481363069950020872056484222412109375},{\"id\":\"18626\",\"image\":\"https:\\\/\\\/bobvarela.com\\\/wp-content\\\/flagallery\\\/celia-vela-coleccion-otono-invierno-201516-en-080-barcelona\\\/webview\\\/celia-vela-078.jpg\",\"thumb\":\"https:\\\/\\\/bobvarela.com\\\/wp-content\\\/flagallery\\\/celia-vela-coleccion-otono-invierno-201516-en-080-barcelona\\\/thumbs\\\/thumbs_celia-vela-078.jpg\",\"file\":\"celia-vela-078.jpg\",\"meta\":{\"aperture\":false,\"credit\":false,\"camera\":false,\"caption\":\"Ready to Wear Fall\\\/Winter 2015-2016\",\"created_timestamp\":\"February 2, 2015 6:44 pm\",\"copyright\":\"\\u00c2\\u00a9 2015 Estrop-Barcelona PHOTOGRAPH FOR EDITORIAL USE ONLY\",\"focal_length\":false,\"iso\":false,\"shutter_speed\":false,\"flash\":false,\"title\":\"Ready to Wear Fall\\\/Winter 2015-2016\",\"keywords\":\"2015-2016,Fall\\\/Winter,RTW\",\"width\":1337,\"height\":2000,\"saved\":true,\"thumbnail\":{\"width\":220,\"height\":220,\"ewww_image_optimizer\":\"Reduced by 11.6% (4.2&nbsp;kB)\"},\"webview\":{\"0\":802,\"1\":1200,\"2\":2,\"3\":\"width=\\\"802\\\" height=\\\"1200\\\"\",\"bits\":8,\"channels\":3,\"mime\":\"image\\\/jpeg\",\"ewww_image_optimizer\":\"Reduced by 5.3% (8.7&nbsp;kB) - Previously Optimized\"},\"0\":false,\"ewww_image_optimizer\":\"Reduced by 19.3% (37.5&nbsp;kB)\",\"views\":\"1\",\"likes\":\"0\"},\"title\":\"Ready to Wear Fall\\\/Winter 2015-2016\",\"description\":\"<p>Ready to Wear Fall\\\/Winter 2015-2016<\\\/p>\",\"link\":null,\"link_target\":\"\",\"download\":\"https:\\\/\\\/bobvarela.com\\\/wp-content\\\/flagallery\\\/celia-vela-coleccion-otono-invierno-201516-en-080-barcelona\\\/celia-vela-078.jpg\",\"ratio\":0.66833333333333333481363069950020872056484222412109375},{\"id\":\"18627\",\"image\":\"https:\\\/\\\/bobvarela.com\\\/wp-content\\\/flagallery\\\/celia-vela-coleccion-otono-invierno-201516-en-080-barcelona\\\/webview\\\/celia-vela-080.jpg\",\"thumb\":\"https:\\\/\\\/bobvarela.com\\\/wp-content\\\/flagallery\\\/celia-vela-coleccion-otono-invierno-201516-en-080-barcelona\\\/thumbs\\\/thumbs_celia-vela-080.jpg\",\"file\":\"celia-vela-080.jpg\",\"meta\":{\"aperture\":false,\"credit\":false,\"camera\":false,\"caption\":\"Ready to Wear Fall\\\/Winter 2015-2016\",\"created_timestamp\":\"February 2, 2015 6:44 pm\",\"copyright\":\"\\u00c2\\u00a9 2015 Estrop-Barcelona PHOTOGRAPH FOR EDITORIAL USE ONLY\",\"focal_length\":false,\"iso\":false,\"shutter_speed\":false,\"flash\":false,\"title\":\"Ready to Wear Fall\\\/Winter 2015-2016\",\"keywords\":\"2015-2016,Fall\\\/Winter,RTW\",\"width\":1337,\"height\":2000,\"saved\":true,\"thumbnail\":{\"width\":220,\"height\":220,\"ewww_image_optimizer\":\"Reduced by 13.9% (5.9&nbsp;kB)\"},\"webview\":{\"0\":1337,\"1\":2000,\"2\":2,\"3\":\"width=\\\"1337\\\" height=\\\"2000\\\"\",\"bits\":8,\"channels\":3,\"mime\":\"image\\\/jpeg\",\"ewww_image_optimizer\":\"Reduced by 13.8% (25.5&nbsp;kB)\"},\"0\":false,\"ewww_image_optimizer\":\"Reduced by 13.8% (25.5&nbsp;kB)\",\"views\":\"1\",\"likes\":\"0\"},\"title\":\"Ready to Wear Fall\\\/Winter 2015-2016\",\"description\":\"<p>Ready to Wear Fall\\\/Winter 2015-2016<\\\/p>\",\"link\":null,\"link_target\":\"\",\"download\":\"https:\\\/\\\/bobvarela.com\\\/wp-content\\\/flagallery\\\/celia-vela-coleccion-otono-invierno-201516-en-080-barcelona\\\/celia-vela-080.jpg\",\"ratio\":0.66849999999999998312461002569762058556079864501953125},{\"id\":\"18628\",\"image\":\"https:\\\/\\\/bobvarela.com\\\/wp-content\\\/flagallery\\\/celia-vela-coleccion-otono-invierno-201516-en-080-barcelona\\\/webview\\\/celia-vela-082.jpg\",\"thumb\":\"https:\\\/\\\/bobvarela.com\\\/wp-content\\\/flagallery\\\/celia-vela-coleccion-otono-invierno-201516-en-080-barcelona\\\/thumbs\\\/thumbs_celia-vela-082.jpg\",\"file\":\"celia-vela-082.jpg\",\"meta\":{\"aperture\":false,\"credit\":false,\"camera\":false,\"caption\":\"Ready to Wear Fall\\\/Winter 2015-2016\",\"created_timestamp\":\"February 2, 2015 6:44 pm\",\"copyright\":\"\\u00c2\\u00a9 2015 Estrop-Barcelona PHOTOGRAPH FOR EDITORIAL USE ONLY\",\"focal_length\":false,\"iso\":false,\"shutter_speed\":false,\"flash\":false,\"title\":\"Ready to Wear Fall\\\/Winter 2015-2016\",\"keywords\":\"2015-2016,Fall\\\/Winter,RTW\",\"width\":1337,\"height\":2000,\"saved\":true,\"thumbnail\":{\"width\":220,\"height\":220,\"ewww_image_optimizer\":\"Reduced by 9.5% (2.9&nbsp;kB)\"},\"webview\":{\"0\":802,\"1\":1200,\"2\":2,\"3\":\"width=\\\"802\\\" height=\\\"1200\\\"\",\"bits\":8,\"channels\":3,\"mime\":\"image\\\/jpeg\",\"ewww_image_optimizer\":\"Reduced by 4.2% (4.4&nbsp;kB) - Previously Optimized\"},\"0\":false,\"ewww_image_optimizer\":\"Reduced by 8.4% (12.7&nbsp;kB)\",\"views\":\"0\",\"likes\":\"0\"},\"title\":\"Ready to Wear Fall\\\/Winter 2015-2016\",\"description\":\"<p>Ready to Wear Fall\\\/Winter 2015-2016<\\\/p>\",\"link\":null,\"link_target\":\"\",\"download\":\"https:\\\/\\\/bobvarela.com\\\/wp-content\\\/flagallery\\\/celia-vela-coleccion-otono-invierno-201516-en-080-barcelona\\\/celia-vela-082.jpg\",\"ratio\":0.66833333333333333481363069950020872056484222412109375},{\"id\":\"18629\",\"image\":\"https:\\\/\\\/bobvarela.com\\\/wp-content\\\/flagallery\\\/celia-vela-coleccion-otono-invierno-201516-en-080-barcelona\\\/webview\\\/celia-vela-083.jpg\",\"thumb\":\"https:\\\/\\\/bobvarela.com\\\/wp-content\\\/flagallery\\\/celia-vela-coleccion-otono-invierno-201516-en-080-barcelona\\\/thumbs\\\/thumbs_celia-vela-083.jpg\",\"file\":\"celia-vela-083.jpg\",\"meta\":{\"aperture\":false,\"credit\":false,\"camera\":false,\"caption\":\"Ready to Wear Fall\\\/Winter 2015-2016\",\"created_timestamp\":\"February 2, 2015 6:44 pm\",\"copyright\":\"\\u00c2\\u00a9 2015 Estrop-Barcelona PHOTOGRAPH FOR EDITORIAL USE ONLY\",\"focal_length\":false,\"iso\":false,\"shutter_speed\":false,\"flash\":false,\"title\":\"Ready to Wear Fall\\\/Winter 2015-2016\",\"keywords\":\"2015-2016,Fall\\\/Winter,RTW\",\"width\":1337,\"height\":2000,\"saved\":true,\"thumbnail\":{\"width\":220,\"height\":220,\"ewww_image_optimizer\":\"Reduced by 8.4% (2.9&nbsp;kB)\"},\"webview\":{\"0\":802,\"1\":1200,\"2\":2,\"3\":\"width=\\\"802\\\" height=\\\"1200\\\"\",\"bits\":8,\"channels\":3,\"mime\":\"image\\\/jpeg\",\"ewww_image_optimizer\":\"Reduced by 5.0% (6.5&nbsp;kB) - Previously Optimized\"},\"0\":false,\"ewww_image_optimizer\":\"Reduced by 8.0% (15.4&nbsp;kB)\",\"views\":\"0\",\"likes\":\"0\"},\"title\":\"Ready to Wear Fall\\\/Winter 2015-2016\",\"description\":\"<p>Ready to Wear Fall\\\/Winter 2015-2016<\\\/p>\",\"link\":null,\"link_target\":\"\",\"download\":\"https:\\\/\\\/bobvarela.com\\\/wp-content\\\/flagallery\\\/celia-vela-coleccion-otono-invierno-201516-en-080-barcelona\\\/celia-vela-083.jpg\",\"ratio\":0.66833333333333333481363069950020872056484222412109375},{\"id\":\"18630\",\"image\":\"https:\\\/\\\/bobvarela.com\\\/wp-content\\\/flagallery\\\/celia-vela-coleccion-otono-invierno-201516-en-080-barcelona\\\/webview\\\/celia-vela-084.jpg\",\"thumb\":\"https:\\\/\\\/bobvarela.com\\\/wp-content\\\/flagallery\\\/celia-vela-coleccion-otono-invierno-201516-en-080-barcelona\\\/thumbs\\\/thumbs_celia-vela-084.jpg\",\"file\":\"celia-vela-084.jpg\",\"meta\":{\"aperture\":false,\"credit\":false,\"camera\":false,\"caption\":\"Ready to Wear Fall\\\/Winter 2015-2016\",\"created_timestamp\":\"February 2, 2015 6:45 pm\",\"copyright\":\"\\u00c2\\u00a9 2015 Estrop-Barcelona PHOTOGRAPH FOR EDITORIAL USE ONLY\",\"focal_length\":false,\"iso\":false,\"shutter_speed\":false,\"flash\":false,\"title\":\"Ready to Wear Fall\\\/Winter 2015-2016\",\"keywords\":\"2015-2016,Fall\\\/Winter,RTW\",\"width\":1337,\"height\":2000,\"saved\":true,\"thumbnail\":{\"width\":220,\"height\":220,\"ewww_image_optimizer\":\"Reduced by 9.2% (2.6&nbsp;kB)\"},\"webview\":{\"0\":802,\"1\":1200,\"2\":2,\"3\":\"width=\\\"802\\\" height=\\\"1200\\\"\",\"bits\":8,\"channels\":3,\"mime\":\"image\\\/jpeg\",\"ewww_image_optimizer\":\"Reduced by 4.6% (4.1&nbsp;kB) - Previously Optimized\"},\"0\":false,\"ewww_image_optimizer\":\"Reduced by 9.8% (16.6&nbsp;kB)\",\"views\":\"0\",\"likes\":\"0\"},\"title\":\"Ready to Wear Fall\\\/Winter 2015-2016\",\"description\":\"<p>Ready to Wear Fall\\\/Winter 2015-2016<\\\/p>\",\"link\":null,\"link_target\":\"\",\"download\":\"https:\\\/\\\/bobvarela.com\\\/wp-content\\\/flagallery\\\/celia-vela-coleccion-otono-invierno-201516-en-080-barcelona\\\/celia-vela-084.jpg\",\"ratio\":0.66833333333333333481363069950020872056484222412109375},{\"id\":\"18631\",\"image\":\"https:\\\/\\\/bobvarela.com\\\/wp-content\\\/flagallery\\\/celia-vela-coleccion-otono-invierno-201516-en-080-barcelona\\\/webview\\\/celia-vela-086.jpg\",\"thumb\":\"https:\\\/\\\/bobvarela.com\\\/wp-content\\\/flagallery\\\/celia-vela-coleccion-otono-invierno-201516-en-080-barcelona\\\/thumbs\\\/thumbs_celia-vela-086.jpg\",\"file\":\"celia-vela-086.jpg\",\"meta\":{\"aperture\":false,\"credit\":false,\"camera\":false,\"caption\":\"Ready to Wear Fall\\\/Winter 2015-2016\",\"created_timestamp\":\"February 2, 2015 6:45 pm\",\"copyright\":\"\\u00c2\\u00a9 2015 Estrop-Barcelona PHOTOGRAPH FOR EDITORIAL USE ONLY\",\"focal_length\":false,\"iso\":false,\"shutter_speed\":false,\"flash\":false,\"title\":\"Ready to Wear Fall\\\/Winter 2015-2016\",\"keywords\":\"2015-2016,Fall\\\/Winter,RTW\",\"width\":1337,\"height\":2000,\"saved\":true,\"thumbnail\":{\"width\":220,\"height\":220,\"ewww_image_optimizer\":\"Reduced by 9.2% (2.4&nbsp;kB)\"},\"webview\":{\"0\":802,\"1\":1200,\"2\":2,\"3\":\"width=\\\"802\\\" height=\\\"1200\\\"\",\"bits\":8,\"channels\":3,\"mime\":\"image\\\/jpeg\",\"ewww_image_optimizer\":\"Reduced by 6.1% (6.6&nbsp;kB) - Previously Optimized\"},\"0\":false,\"ewww_image_optimizer\":\"Reduced by 11.5% (20.8&nbsp;kB)\",\"views\":\"1\",\"likes\":\"0\"},\"title\":\"Ready to Wear Fall\\\/Winter 2015-2016\",\"description\":\"<p>Ready to Wear Fall\\\/Winter 2015-2016<\\\/p>\",\"link\":null,\"link_target\":\"\",\"download\":\"https:\\\/\\\/bobvarela.com\\\/wp-content\\\/flagallery\\\/celia-vela-coleccion-otono-invierno-201516-en-080-barcelona\\\/celia-vela-086.jpg\",\"ratio\":0.66833333333333333481363069950020872056484222412109375},{\"id\":\"18632\",\"image\":\"https:\\\/\\\/bobvarela.com\\\/wp-content\\\/flagallery\\\/celia-vela-coleccion-otono-invierno-201516-en-080-barcelona\\\/webview\\\/celia-vela-087.jpg\",\"thumb\":\"https:\\\/\\\/bobvarela.com\\\/wp-content\\\/flagallery\\\/celia-vela-coleccion-otono-invierno-201516-en-080-barcelona\\\/thumbs\\\/thumbs_celia-vela-087.jpg\",\"file\":\"celia-vela-087.jpg\",\"meta\":{\"aperture\":false,\"credit\":false,\"camera\":false,\"caption\":\"Ready to Wear Fall\\\/Winter 2015-2016\",\"created_timestamp\":\"February 2, 2015 6:45 pm\",\"copyright\":\"\\u00c2\\u00a9 2015 Estrop-Barcelona PHOTOGRAPH FOR EDITORIAL USE ONLY\",\"focal_length\":false,\"iso\":false,\"shutter_speed\":false,\"flash\":false,\"title\":\"Ready to Wear Fall\\\/Winter 2015-2016\",\"keywords\":\"2015-2016,Fall\\\/Winter,RTW\",\"width\":1337,\"height\":2000,\"saved\":true,\"thumbnail\":{\"width\":220,\"height\":220,\"ewww_image_optimizer\":\"Reduced by 8.3% (2.7&nbsp;kB)\"},\"webview\":{\"0\":802,\"1\":1200,\"2\":2,\"3\":\"width=\\\"802\\\" height=\\\"1200\\\"\",\"bits\":8,\"channels\":3,\"mime\":\"image\\\/jpeg\",\"ewww_image_optimizer\":\"Reduced by 5.4% (7.6&nbsp;kB) - Previously Optimized\"},\"0\":false,\"ewww_image_optimizer\":\"Reduced by 9.3% (16.8&nbsp;kB)\",\"views\":\"0\",\"likes\":\"0\"},\"title\":\"Ready to Wear Fall\\\/Winter 2015-2016\",\"description\":\"<p>Ready to Wear Fall\\\/Winter 2015-2016<\\\/p>\",\"link\":null,\"link_target\":\"\",\"download\":\"https:\\\/\\\/bobvarela.com\\\/wp-content\\\/flagallery\\\/celia-vela-coleccion-otono-invierno-201516-en-080-barcelona\\\/celia-vela-087.jpg\",\"ratio\":0.66833333333333333481363069950020872056484222412109375},{\"id\":\"18633\",\"image\":\"https:\\\/\\\/bobvarela.com\\\/wp-content\\\/flagallery\\\/celia-vela-coleccion-otono-invierno-201516-en-080-barcelona\\\/webview\\\/celia-vela-089.jpg\",\"thumb\":\"https:\\\/\\\/bobvarela.com\\\/wp-content\\\/flagallery\\\/celia-vela-coleccion-otono-invierno-201516-en-080-barcelona\\\/thumbs\\\/thumbs_celia-vela-089.jpg\",\"file\":\"celia-vela-089.jpg\",\"meta\":{\"aperture\":false,\"credit\":false,\"camera\":false,\"caption\":\"Ready to Wear Fall\\\/Winter 2015-2016\",\"created_timestamp\":\"February 2, 2015 6:45 pm\",\"copyright\":\"\\u00c2\\u00a9 2015 Estrop-Barcelona PHOTOGRAPH FOR EDITORIAL USE ONLY\",\"focal_length\":false,\"iso\":false,\"shutter_speed\":false,\"flash\":false,\"title\":\"Ready to Wear Fall\\\/Winter 2015-2016\",\"keywords\":\"2015-2016,Fall\\\/Winter,RTW\",\"width\":1337,\"height\":2000,\"saved\":true,\"thumbnail\":{\"width\":220,\"height\":220,\"ewww_image_optimizer\":\"Reduced by 9.9% (2.9&nbsp;kB)\"},\"webview\":{\"0\":802,\"1\":1200,\"2\":2,\"3\":\"width=\\\"802\\\" height=\\\"1200\\\"\",\"bits\":8,\"channels\":3,\"mime\":\"image\\\/jpeg\",\"ewww_image_optimizer\":\"Reduced by 5.8% (6.9&nbsp;kB) - Previously Optimized\"},\"0\":false,\"ewww_image_optimizer\":\"Reduced by 12.6% (21.3&nbsp;kB)\",\"views\":\"1\",\"likes\":\"0\"},\"title\":\"Ready to Wear Fall\\\/Winter 2015-2016\",\"description\":\"<p>Ready to Wear Fall\\\/Winter 2015-2016<\\\/p>\",\"link\":null,\"link_target\":\"\",\"download\":\"https:\\\/\\\/bobvarela.com\\\/wp-content\\\/flagallery\\\/celia-vela-coleccion-otono-invierno-201516-en-080-barcelona\\\/celia-vela-089.jpg\",\"ratio\":0.66833333333333333481363069950020872056484222412109375}]}; var container = $('#FlaGallery_sc1_257'); container.photomania(settings, content); window.FlaGallery_sc1_257 = container.data('photomania'); }); <\/script><\/div><noscript id=\"noscript_FlaGallery_sc1_257\"><img class=\"skip-lazy no-lazyload noLazy\" data-lazy-src=\"\" src =\"https:\/\/bobvarela.com\/wp-content\/flagallery\/celia-vela-coleccion-otono-invierno-201516-en-080-barcelona\/celia-vela-001.jpg\" alt=\"Ready to Wear Fall\/Winter 2015-2016\" \/><img class=\"skip-lazy no-lazyload noLazy\" data-lazy-src=\"\" src =\"https:\/\/bobvarela.com\/wp-content\/flagallery\/celia-vela-coleccion-otono-invierno-201516-en-080-barcelona\/celia-vela-003.jpg\" alt=\"Ready to Wear Fall\/Winter 2015-2016\" \/><img class=\"skip-lazy no-lazyload noLazy\" data-lazy-src=\"\" src =\"https:\/\/bobvarela.com\/wp-content\/flagallery\/celia-vela-coleccion-otono-invierno-201516-en-080-barcelona\/celia-vela-004.jpg\" alt=\"Ready to Wear Fall\/Winter 2015-2016\" \/><img class=\"skip-lazy no-lazyload noLazy\" data-lazy-src=\"\" src =\"https:\/\/bobvarela.com\/wp-content\/flagallery\/celia-vela-coleccion-otono-invierno-201516-en-080-barcelona\/celia-vela-006.jpg\" alt=\"Ready to Wear Fall\/Winter 2015-2016\" \/><img class=\"skip-lazy no-lazyload noLazy\" data-lazy-src=\"\" src =\"https:\/\/bobvarela.com\/wp-content\/flagallery\/celia-vela-coleccion-otono-invierno-201516-en-080-barcelona\/celia-vela-007.jpg\" alt=\"Ready to Wear Fall\/Winter 2015-2016\" \/><img class=\"skip-lazy no-lazyload noLazy\" data-lazy-src=\"\" src =\"https:\/\/bobvarela.com\/wp-content\/flagallery\/celia-vela-coleccion-otono-invierno-201516-en-080-barcelona\/celia-vela-008.jpg\" alt=\"Ready to Wear Fall\/Winter 2015-2016\" \/><img class=\"skip-lazy no-lazyload noLazy\" data-lazy-src=\"\" src =\"https:\/\/bobvarela.com\/wp-content\/flagallery\/celia-vela-coleccion-otono-invierno-201516-en-080-barcelona\/celia-vela-010.jpg\" alt=\"Ready to Wear Fall\/Winter 2015-2016\" \/><img class=\"skip-lazy no-lazyload noLazy\" data-lazy-src=\"\" src =\"https:\/\/bobvarela.com\/wp-content\/flagallery\/celia-vela-coleccion-otono-invierno-201516-en-080-barcelona\/celia-vela-011.jpg\" alt=\"Ready to Wear Fall\/Winter 2015-2016\" \/><img class=\"skip-lazy no-lazyload noLazy\" data-lazy-src=\"\" src =\"https:\/\/bobvarela.com\/wp-content\/flagallery\/celia-vela-coleccion-otono-invierno-201516-en-080-barcelona\/celia-vela-012.jpg\" alt=\"Ready to Wear Fall\/Winter 2015-2016\" \/><img class=\"skip-lazy no-lazyload noLazy\" data-lazy-src=\"\" src =\"https:\/\/bobvarela.com\/wp-content\/flagallery\/celia-vela-coleccion-otono-invierno-201516-en-080-barcelona\/celia-vela-013.jpg\" alt=\"Ready to Wear Fall\/Winter 2015-2016\" \/><img class=\"skip-lazy no-lazyload noLazy\" data-lazy-src=\"\" src =\"https:\/\/bobvarela.com\/wp-content\/flagallery\/celia-vela-coleccion-otono-invierno-201516-en-080-barcelona\/celia-vela-015.jpg\" alt=\"Ready to Wear Fall\/Winter 2015-2016\" \/><img class=\"skip-lazy no-lazyload noLazy\" data-lazy-src=\"\" src =\"https:\/\/bobvarela.com\/wp-content\/flagallery\/celia-vela-coleccion-otono-invierno-201516-en-080-barcelona\/celia-vela-016.jpg\" alt=\"Ready to Wear Fall\/Winter 2015-2016\" \/><img class=\"skip-lazy no-lazyload noLazy\" data-lazy-src=\"\" src =\"https:\/\/bobvarela.com\/wp-content\/flagallery\/celia-vela-coleccion-otono-invierno-201516-en-080-barcelona\/celia-vela-018.jpg\" alt=\"Ready to Wear Fall\/Winter 2015-2016\" \/><img class=\"skip-lazy no-lazyload noLazy\" data-lazy-src=\"\" src =\"https:\/\/bobvarela.com\/wp-content\/flagallery\/celia-vela-coleccion-otono-invierno-201516-en-080-barcelona\/celia-vela-019.jpg\" alt=\"Ready to Wear Fall\/Winter 2015-2016\" \/><img class=\"skip-lazy no-lazyload noLazy\" data-lazy-src=\"\" src =\"https:\/\/bobvarela.com\/wp-content\/flagallery\/celia-vela-coleccion-otono-invierno-201516-en-080-barcelona\/celia-vela-021.jpg\" alt=\"Ready to Wear Fall\/Winter 2015-2016\" \/><img class=\"skip-lazy no-lazyload noLazy\" data-lazy-src=\"\" src =\"https:\/\/bobvarela.com\/wp-content\/flagallery\/celia-vela-coleccion-otono-invierno-201516-en-080-barcelona\/celia-vela-022.jpg\" alt=\"Ready to Wear Fall\/Winter 2015-2016\" \/><img class=\"skip-lazy no-lazyload noLazy\" data-lazy-src=\"\" src =\"https:\/\/bobvarela.com\/wp-content\/flagallery\/celia-vela-coleccion-otono-invierno-201516-en-080-barcelona\/celia-vela-024.jpg\" alt=\"Ready to Wear Fall\/Winter 2015-2016\" \/><img class=\"skip-lazy no-lazyload noLazy\" data-lazy-src=\"\" src =\"https:\/\/bobvarela.com\/wp-content\/flagallery\/celia-vela-coleccion-otono-invierno-201516-en-080-barcelona\/celia-vela-025.jpg\" alt=\"Ready to Wear Fall\/Winter 2015-2016\" \/><img class=\"skip-lazy no-lazyload noLazy\" data-lazy-src=\"\" src =\"https:\/\/bobvarela.com\/wp-content\/flagallery\/celia-vela-coleccion-otono-invierno-201516-en-080-barcelona\/celia-vela-026.jpg\" alt=\"Ready to Wear Fall\/Winter 2015-2016\" \/><img class=\"skip-lazy no-lazyload noLazy\" data-lazy-src=\"\" src =\"https:\/\/bobvarela.com\/wp-content\/flagallery\/celia-vela-coleccion-otono-invierno-201516-en-080-barcelona\/celia-vela-028.jpg\" alt=\"Ready to Wear Fall\/Winter 2015-2016\" \/><img class=\"skip-lazy no-lazyload noLazy\" data-lazy-src=\"\" src =\"https:\/\/bobvarela.com\/wp-content\/flagallery\/celia-vela-coleccion-otono-invierno-201516-en-080-barcelona\/celia-vela-029.jpg\" alt=\"Ready to Wear Fall\/Winter 2015-2016\" \/><img class=\"skip-lazy no-lazyload noLazy\" data-lazy-src=\"\" src =\"https:\/\/bobvarela.com\/wp-content\/flagallery\/celia-vela-coleccion-otono-invierno-201516-en-080-barcelona\/celia-vela-032.jpg\" alt=\"Ready to Wear Fall\/Winter 2015-2016\" \/><img class=\"skip-lazy no-lazyload noLazy\" data-lazy-src=\"\" src =\"https:\/\/bobvarela.com\/wp-content\/flagallery\/celia-vela-coleccion-otono-invierno-201516-en-080-barcelona\/celia-vela-033.jpg\" alt=\"Ready to Wear Fall\/Winter 2015-2016\" \/><img class=\"skip-lazy no-lazyload noLazy\" data-lazy-src=\"\" src =\"https:\/\/bobvarela.com\/wp-content\/flagallery\/celia-vela-coleccion-otono-invierno-201516-en-080-barcelona\/celia-vela-034.jpg\" alt=\"Ready to Wear Fall\/Winter 2015-2016\" \/><img class=\"skip-lazy no-lazyload noLazy\" data-lazy-src=\"\" src =\"https:\/\/bobvarela.com\/wp-content\/flagallery\/celia-vela-coleccion-otono-invierno-201516-en-080-barcelona\/celia-vela-036.jpg\" alt=\"Ready to Wear Fall\/Winter 2015-2016\" \/><img class=\"skip-lazy no-lazyload noLazy\" data-lazy-src=\"\" src =\"https:\/\/bobvarela.com\/wp-content\/flagallery\/celia-vela-coleccion-otono-invierno-201516-en-080-barcelona\/celia-vela-039.jpg\" alt=\"Ready to Wear Fall\/Winter 2015-2016\" \/><img class=\"skip-lazy no-lazyload noLazy\" data-lazy-src=\"\" src =\"https:\/\/bobvarela.com\/wp-content\/flagallery\/celia-vela-coleccion-otono-invierno-201516-en-080-barcelona\/celia-vela-041.jpg\" alt=\"Ready to Wear Fall\/Winter 2015-2016\" \/><img class=\"skip-lazy no-lazyload noLazy\" data-lazy-src=\"\" src =\"https:\/\/bobvarela.com\/wp-content\/flagallery\/celia-vela-coleccion-otono-invierno-201516-en-080-barcelona\/celia-vela-042.jpg\" alt=\"Ready to Wear Fall\/Winter 2015-2016\" \/><img class=\"skip-lazy no-lazyload noLazy\" data-lazy-src=\"\" src =\"https:\/\/bobvarela.com\/wp-content\/flagallery\/celia-vela-coleccion-otono-invierno-201516-en-080-barcelona\/celia-vela-044.jpg\" alt=\"Ready to Wear Fall\/Winter 2015-2016\" \/><img class=\"skip-lazy no-lazyload noLazy\" data-lazy-src=\"\" src =\"https:\/\/bobvarela.com\/wp-content\/flagallery\/celia-vela-coleccion-otono-invierno-201516-en-080-barcelona\/celia-vela-045.jpg\" alt=\"Ready to Wear Fall\/Winter 2015-2016\" \/><img class=\"skip-lazy no-lazyload noLazy\" data-lazy-src=\"\" src =\"https:\/\/bobvarela.com\/wp-content\/flagallery\/celia-vela-coleccion-otono-invierno-201516-en-080-barcelona\/celia-vela-047.jpg\" alt=\"Ready to Wear Fall\/Winter 2015-2016\" \/><img class=\"skip-lazy no-lazyload noLazy\" data-lazy-src=\"\" src =\"https:\/\/bobvarela.com\/wp-content\/flagallery\/celia-vela-coleccion-otono-invierno-201516-en-080-barcelona\/celia-vela-048.jpg\" alt=\"Ready to Wear Fall\/Winter 2015-2016\" \/><img class=\"skip-lazy no-lazyload noLazy\" data-lazy-src=\"\" src =\"https:\/\/bobvarela.com\/wp-content\/flagallery\/celia-vela-coleccion-otono-invierno-201516-en-080-barcelona\/celia-vela-049.jpg\" alt=\"Ready to Wear Fall\/Winter 2015-2016\" \/><img class=\"skip-lazy no-lazyload noLazy\" data-lazy-src=\"\" src =\"https:\/\/bobvarela.com\/wp-content\/flagallery\/celia-vela-coleccion-otono-invierno-201516-en-080-barcelona\/celia-vela-050.jpg\" alt=\"Ready to Wear Fall\/Winter 2015-2016\" \/><img class=\"skip-lazy no-lazyload noLazy\" data-lazy-src=\"\" src =\"https:\/\/bobvarela.com\/wp-content\/flagallery\/celia-vela-coleccion-otono-invierno-201516-en-080-barcelona\/celia-vela-052.jpg\" alt=\"Ready to Wear Fall\/Winter 2015-2016\" \/><img class=\"skip-lazy no-lazyload noLazy\" data-lazy-src=\"\" src =\"https:\/\/bobvarela.com\/wp-content\/flagallery\/celia-vela-coleccion-otono-invierno-201516-en-080-barcelona\/celia-vela-053.jpg\" alt=\"Ready to Wear Fall\/Winter 2015-2016\" \/><img class=\"skip-lazy no-lazyload noLazy\" data-lazy-src=\"\" src =\"https:\/\/bobvarela.com\/wp-content\/flagallery\/celia-vela-coleccion-otono-invierno-201516-en-080-barcelona\/celia-vela-055.jpg\" alt=\"Ready to Wear Fall\/Winter 2015-2016\" \/><img class=\"skip-lazy no-lazyload noLazy\" data-lazy-src=\"\" src =\"https:\/\/bobvarela.com\/wp-content\/flagallery\/celia-vela-coleccion-otono-invierno-201516-en-080-barcelona\/celia-vela-056.jpg\" alt=\"Ready to Wear Fall\/Winter 2015-2016\" \/><img class=\"skip-lazy no-lazyload noLazy\" data-lazy-src=\"\" src =\"https:\/\/bobvarela.com\/wp-content\/flagallery\/celia-vela-coleccion-otono-invierno-201516-en-080-barcelona\/celia-vela-057.jpg\" alt=\"Ready to Wear Fall\/Winter 2015-2016\" \/><img class=\"skip-lazy no-lazyload noLazy\" data-lazy-src=\"\" src =\"https:\/\/bobvarela.com\/wp-content\/flagallery\/celia-vela-coleccion-otono-invierno-201516-en-080-barcelona\/celia-vela-059.jpg\" alt=\"Ready to Wear Fall\/Winter 2015-2016\" \/><img class=\"skip-lazy no-lazyload noLazy\" data-lazy-src=\"\" src =\"https:\/\/bobvarela.com\/wp-content\/flagallery\/celia-vela-coleccion-otono-invierno-201516-en-080-barcelona\/celia-vela-060.jpg\" alt=\"Ready to Wear Fall\/Winter 2015-2016\" \/><img class=\"skip-lazy no-lazyload noLazy\" data-lazy-src=\"\" src =\"https:\/\/bobvarela.com\/wp-content\/flagallery\/celia-vela-coleccion-otono-invierno-201516-en-080-barcelona\/celia-vela-062.jpg\" alt=\"Ready to Wear Fall\/Winter 2015-2016\" \/><img class=\"skip-lazy no-lazyload noLazy\" data-lazy-src=\"\" src =\"https:\/\/bobvarela.com\/wp-content\/flagallery\/celia-vela-coleccion-otono-invierno-201516-en-080-barcelona\/celia-vela-064.jpg\" alt=\"Ready to Wear Fall\/Winter 2015-2016\" \/><img class=\"skip-lazy no-lazyload noLazy\" data-lazy-src=\"\" src =\"https:\/\/bobvarela.com\/wp-content\/flagallery\/celia-vela-coleccion-otono-invierno-201516-en-080-barcelona\/celia-vela-065.jpg\" alt=\"Ready to Wear Fall\/Winter 2015-2016\" \/><img class=\"skip-lazy no-lazyload noLazy\" data-lazy-src=\"\" src =\"https:\/\/bobvarela.com\/wp-content\/flagallery\/celia-vela-coleccion-otono-invierno-201516-en-080-barcelona\/celia-vela-067.jpg\" alt=\"Ready to Wear Fall\/Winter 2015-2016\" \/><img class=\"skip-lazy no-lazyload noLazy\" data-lazy-src=\"\" src =\"https:\/\/bobvarela.com\/wp-content\/flagallery\/celia-vela-coleccion-otono-invierno-201516-en-080-barcelona\/celia-vela-068.jpg\" alt=\"Ready to Wear Fall\/Winter 2015-2016\" \/><img class=\"skip-lazy no-lazyload noLazy\" data-lazy-src=\"\" src =\"https:\/\/bobvarela.com\/wp-content\/flagallery\/celia-vela-coleccion-otono-invierno-201516-en-080-barcelona\/celia-vela-069.jpg\" alt=\"Ready to Wear Fall\/Winter 2015-2016\" \/><img class=\"skip-lazy no-lazyload noLazy\" data-lazy-src=\"\" src =\"https:\/\/bobvarela.com\/wp-content\/flagallery\/celia-vela-coleccion-otono-invierno-201516-en-080-barcelona\/celia-vela-070.jpg\" alt=\"Ready to Wear Fall\/Winter 2015-2016\" \/><img class=\"skip-lazy no-lazyload noLazy\" data-lazy-src=\"\" src =\"https:\/\/bobvarela.com\/wp-content\/flagallery\/celia-vela-coleccion-otono-invierno-201516-en-080-barcelona\/celia-vela-072.jpg\" alt=\"Ready to Wear Fall\/Winter 2015-2016\" \/><img class=\"skip-lazy no-lazyload noLazy\" data-lazy-src=\"\" src =\"https:\/\/bobvarela.com\/wp-content\/flagallery\/celia-vela-coleccion-otono-invierno-201516-en-080-barcelona\/celia-vela-074.jpg\" alt=\"Ready to Wear Fall\/Winter 2015-2016\" \/><img class=\"skip-lazy no-lazyload noLazy\" data-lazy-src=\"\" src =\"https:\/\/bobvarela.com\/wp-content\/flagallery\/celia-vela-coleccion-otono-invierno-201516-en-080-barcelona\/celia-vela-075.jpg\" alt=\"Ready to Wear Fall\/Winter 2015-2016\" \/><img class=\"skip-lazy no-lazyload noLazy\" data-lazy-src=\"\" src =\"https:\/\/bobvarela.com\/wp-content\/flagallery\/celia-vela-coleccion-otono-invierno-201516-en-080-barcelona\/celia-vela-076.jpg\" alt=\"Ready to Wear Fall\/Winter 2015-2016\" \/><img class=\"skip-lazy no-lazyload noLazy\" data-lazy-src=\"\" src =\"https:\/\/bobvarela.com\/wp-content\/flagallery\/celia-vela-coleccion-otono-invierno-201516-en-080-barcelona\/celia-vela-078.jpg\" alt=\"Ready to Wear Fall\/Winter 2015-2016\" \/><img class=\"skip-lazy no-lazyload noLazy\" data-lazy-src=\"\" src =\"https:\/\/bobvarela.com\/wp-content\/flagallery\/celia-vela-coleccion-otono-invierno-201516-en-080-barcelona\/celia-vela-080.jpg\" alt=\"Ready to Wear Fall\/Winter 2015-2016\" \/><img class=\"skip-lazy no-lazyload noLazy\" data-lazy-src=\"\" src =\"https:\/\/bobvarela.com\/wp-content\/flagallery\/celia-vela-coleccion-otono-invierno-201516-en-080-barcelona\/celia-vela-082.jpg\" alt=\"Ready to Wear Fall\/Winter 2015-2016\" \/><img class=\"skip-lazy no-lazyload noLazy\" data-lazy-src=\"\" src =\"https:\/\/bobvarela.com\/wp-content\/flagallery\/celia-vela-coleccion-otono-invierno-201516-en-080-barcelona\/celia-vela-083.jpg\" alt=\"Ready to Wear Fall\/Winter 2015-2016\" \/><img class=\"skip-lazy no-lazyload noLazy\" data-lazy-src=\"\" src =\"https:\/\/bobvarela.com\/wp-content\/flagallery\/celia-vela-coleccion-otono-invierno-201516-en-080-barcelona\/celia-vela-084.jpg\" alt=\"Ready to Wear Fall\/Winter 2015-2016\" \/><img class=\"skip-lazy no-lazyload noLazy\" data-lazy-src=\"\" src =\"https:\/\/bobvarela.com\/wp-content\/flagallery\/celia-vela-coleccion-otono-invierno-201516-en-080-barcelona\/celia-vela-086.jpg\" alt=\"Ready to Wear Fall\/Winter 2015-2016\" \/><img class=\"skip-lazy no-lazyload noLazy\" data-lazy-src=\"\" src =\"https:\/\/bobvarela.com\/wp-content\/flagallery\/celia-vela-coleccion-otono-invierno-201516-en-080-barcelona\/celia-vela-087.jpg\" alt=\"Ready to Wear Fall\/Winter 2015-2016\" \/><img class=\"skip-lazy no-lazyload noLazy\" data-lazy-src=\"\" src =\"https:\/\/bobvarela.com\/wp-content\/flagallery\/celia-vela-coleccion-otono-invierno-201516-en-080-barcelona\/celia-vela-089.jpg\" alt=\"Ready to Wear Fall\/Winter 2015-2016\" \/><\/noscript><\/p>\n","protected":false},"excerpt":{"rendered":"<p>Desde 1998 tiene tienda propia en Figueras. En el 2003 amplia la tienda con un nuevo espacio dedicado a novias. Se introduce en el mercado japon\u00e9s en el 1999. Desde el 2001 hasta el 2006 participa en el Espacio&#160; Cibeles-SIMM.&hellip;<\/p>\n<p class=\"more-link-p\"><a class=\"more-link\" href=\"https:\/\/bobvarela.com\/?p=71310\">Read more &rarr;<\/a><\/p>\n","protected":false},"author":1,"featured_media":0,"comment_status":"open","ping_status":"open","sticky":false,"template":"","format":"standard","meta":{"ngg_post_thumbnail":0,"footnotes":""},"categories":[478,4],"tags":[],"class_list":["post-71310","post","type-post","status-publish","format-standard","hentry","category-080-barcelona","category-moda"],"_links":{"self":[{"href":"https:\/\/bobvarela.com\/index.php?rest_route=\/wp\/v2\/posts\/71310","targetHints":{"allow":["GET"]}}],"collection":[{"href":"https:\/\/bobvarela.com\/index.php?rest_route=\/wp\/v2\/posts"}],"about":[{"href":"https:\/\/bobvarela.com\/index.php?rest_route=\/wp\/v2\/types\/post"}],"author":[{"embeddable":true,"href":"https:\/\/bobvarela.com\/index.php?rest_route=\/wp\/v2\/users\/1"}],"replies":[{"embeddable":true,"href":"https:\/\/bobvarela.com\/index.php?rest_route=%2Fwp%2Fv2%2Fcomments&post=71310"}],"version-history":[{"count":1,"href":"https:\/\/bobvarela.com\/index.php?rest_route=\/wp\/v2\/posts\/71310\/revisions"}],"predecessor-version":[{"id":71311,"href":"https:\/\/bobvarela.com\/index.php?rest_route=\/wp\/v2\/posts\/71310\/revisions\/71311"}],"wp:attachment":[{"href":"https:\/\/bobvarela.com\/index.php?rest_route=%2Fwp%2Fv2%2Fmedia&parent=71310"}],"wp:term":[{"taxonomy":"category","embeddable":true,"href":"https:\/\/bobvarela.com\/index.php?rest_route=%2Fwp%2Fv2%2Fcategories&post=71310"},{"taxonomy":"post_tag","embeddable":true,"href":"https:\/\/bobvarela.com\/index.php?rest_route=%2Fwp%2Fv2%2Ftags&post=71310"}],"curies":[{"name":"wp","href":"https:\/\/api.w.org\/{rel}","templated":true}]}}