{"id":71343,"date":"2015-02-03T20:20:34","date_gmt":"2015-02-04T00:20:34","guid":{"rendered":"https:\/\/bobvarela.com\/?p=71343"},"modified":"2015-02-03T20:20:34","modified_gmt":"2015-02-04T00:20:34","slug":"desigual-coleccin-hombre-otooinvierno-2015-2016-en-el-080-barcelona","status":"publish","type":"post","link":"https:\/\/bobvarela.com\/?p=71343","title":{"rendered":"Desigual  COLECCI&Oacute;N &#8211; HOMBRE Oto&ntilde;o\/Invierno 2015-2016  en el 080 Barcelona"},"content":{"rendered":"<p align=\"center\"><a href=\"https:\/\/bobvarela.com\/wp-content\/uploads\/2015\/02\/Desigual-001.jpg\"><img loading=\"lazy\" decoding=\"async\" title=\"Ready to Wear Fall\/Winter 2015-2016\" style=\"border-top: 0px; border-right: 0px; background-image: none; border-bottom: 0px; padding-top: 0px; padding-left: 0px; border-left: 0px; display: inline; padding-right: 0px\" border=\"0\" alt=\"Ready to Wear Fall\/Winter 2015-2016\" src=\"https:\/\/bobvarela.com\/wp-content\/uploads\/2015\/02\/Desigual-001_thumb.jpg\" width=\"416\" height=\"239\" \/><\/a><\/p>\n<p align=\"justify\"><font size=\"3\">Desigual nace en 1984 y, desde sus inicios, se ha caracterizado por sus dise\u00f1os diferenciados, optimistas y llenos de color. <strong>\u201cLa vida es Chula\u201d<\/strong> es el grito de guerra de la marca, un lema entusiasta, estimulante, positivo y optimista, una verdadera declaraci\u00f3n de intenciones. Es la frase que explica la raz\u00f3n de ser de Desigual, una forma de pensar que va, inevitablemente, marcada por el esp\u00edritu mediterr\u00e1neo, el sol, la luz, la pasi\u00f3n y las ganas de vivir. Una filosof\u00eda vital que se refleja en una forma de vestir: divertida, fresca y original.<\/font><\/p>\n<p align=\"center\"><font size=\"3\"><a href=\"https:\/\/bobvarela.com\/wp-content\/uploads\/2015\/02\/Desigual-112.jpg\"><img loading=\"lazy\" decoding=\"async\" title=\"Ready to Wear Fall\/Winter 2015-2016\" style=\"border-top: 0px; border-right: 0px; background-image: none; border-bottom: 0px; padding-top: 0px; padding-left: 0px; border-left: 0px; display: inline; padding-right: 0px\" border=\"0\" alt=\"Ready to Wear Fall\/Winter 2015-2016\" src=\"https:\/\/bobvarela.com\/wp-content\/uploads\/2015\/02\/Desigual-112_thumb.jpg\" width=\"194\" height=\"131\" \/><\/a><a href=\"https:\/\/bobvarela.com\/wp-content\/uploads\/2015\/02\/Desigual-113.jpg\"><img loading=\"lazy\" decoding=\"async\" title=\"Ready to Wear Fall\/Winter 2015-2016\" style=\"border-top: 0px; border-right: 0px; background-image: none; border-bottom: 0px; padding-top: 0px; padding-left: 0px; border-left: 0px; display: inline; padding-right: 0px\" border=\"0\" alt=\"Ready to Wear Fall\/Winter 2015-2016\" src=\"https:\/\/bobvarela.com\/wp-content\/uploads\/2015\/02\/Desigual-113_thumb.jpg\" width=\"194\" height=\"131\" \/><\/a><a href=\"https:\/\/bobvarela.com\/wp-content\/uploads\/2015\/02\/Desigual-102.jpg\"><img loading=\"lazy\" decoding=\"async\" title=\"Ready to Wear Fall\/Winter 2015-2016\" style=\"border-top: 0px; border-right: 0px; background-image: none; border-bottom: 0px; padding-top: 0px; padding-left: 0px; border-left: 0px; display: inline; padding-right: 0px\" border=\"0\" alt=\"Ready to Wear Fall\/Winter 2015-2016\" src=\"https:\/\/bobvarela.com\/wp-content\/uploads\/2015\/02\/Desigual-102_thumb.jpg\" width=\"224\" height=\"129\" \/><\/a><\/font><\/p>\n<p align=\"justify\"><font size=\"3\">Desigual apuesta siempre por una actitud alegre, l\u00fadica y creativa. Con seguridad, sin miedo a ser uno mismo. En Desigual no se hace moda, se hacen prendas con emoci\u00f3n. La ropa afecta al estado de \u00e1nimo y por ese motivo los dise\u00f1os de Desigual est\u00e1n pensados para liberar endorfinas, generar energ\u00eda y buen humor.<\/font><\/p>\n<p align=\"justify\"><font size=\"3\">Desigual cuenta en la actualidad con una presencia en el mundo de 475 tiendas <em>retail<\/em>, 11.000 tiendas multimarca y 2.500 c\u00f3rneres en grandes almacenes en 109 pa\u00edses, y una plantilla formada por m\u00e1s de 4.200 personas de 90 nacionalidades diferentes.<\/font>&#160;<\/p>\n<div class=\"flagallery photomania_skin\" id=\"FlaGallery_sc1_261\" ><style type=\"text\/css\" class=\"flagallery_skin_style_import\">#FlaGallery_sc1_261 .flagpm_preload {opacity:0;}#FlaGallery_sc1_261 .swiper-big-images img.flagpm_the_photo { max-height:100%; max-width:100%; display:inline; width:auto; height:auto !important; object-fit:unset; vertical-align:middle; border:none; }#FlaGallery_sc1_261 .flagpm_focus .swiper-big-images img.flagpm_the_photo { width:auto; height:auto; object-fit:unset; }#FlaGallery_sc1_261 .swiper-small-images img.flagpm_photo { max-width:none; max-height:none; }#FlaGallery_sc1_261 .swiper-small-images img.flagpm_photo.flagpm_photo_landscape { width:auto; height:100% !important; }#FlaGallery_sc1_261 .swiper-small-images img.flagpm_photo.flagpm_photo_portrait { width:100%; height:auto !important; }#FlaGallery_sc1_261 .flagpm_gallery_sources_list p { margin:7px 0; padding:0; font-size:inherit; }#FlaGallery_sc1_261 .flagpm_photo_details .flagpm_description_wrap a,#FlaGallery_sc1_261 .flagpm_big_button_wrap .flagpm_button.flagpm_like.flagpm_liked,#FlaGallery_sc1_261 .flagpm_big_button_wrap .flagpm_button.flagpm_like.flagpm_liked:hover {color:#0099e5;}#FlaGallery_sc1_261 .flagpm_photo_show .flagpm_big_button {background-color:#0099e5;}#FlaGallery_sc1_261 .swiper-small-images div.flagpm_photo.swiper-slide-active {border-color:#02adea;}#FlaGallery_sc1_261 .flagpm_photo_header .flagpm_name_wrap .flagpm_title_author a:hover,#FlaGallery_sc1_261 .flagpm_photo_details .flagpm_description_wrap a:hover {color:#02adea;}#FlaGallery_sc1_261 .flagpm_photo_show .flagpm_big_button:hover,#FlaGallery_sc1_261 .flagpm_focus_actions ul .flagpm_button.like.flagpm_liked {background-color:#02adea;}<\/style> <div class=\"flagpm_photo_show flagpm_w960 flagpm_w640 flagpm_w480 flagpm_preload\"> <div class=\"flagpm_photo_wrap has_prev_photo has_next_photo\"> <div class=\"swiper-container swiper-big-images\"> <div class=\"flagpm_photo_arrow_next flagpm_photo_arrow flagpm_next\"> <div title=\"Next\" class=\"flagpm_arrow\"><\/div> <\/div> <div class=\"flagpm_photo_arrow_previous flagpm_photo_arrow flagpm_prev\"> <div title=\"Previous\" class=\"flagpm_arrow\"><\/div> <\/div> <div class=\"swiper-wrapper\"><div class=\"swiper-slide\" data-hash=\"flagallery18836\" data-photo-id=\"18836\"><span class=\"flagpm_va\"><\/span><img decoding=\"async\" src=\"https:\/\/bobvarela.com\/wp-content\/flagallery\/desigual-coleccion-hombre-otonoinvierno-2015-2016\/webview\/desigual-002.jpg\" data-src=\"https:\/\/bobvarela.com\/wp-content\/flagallery\/desigual-coleccion-hombre-otonoinvierno-2015-2016\/webview\/desigual-002.jpg\" alt=\"Ready to Wear Fall\/Winter 2015-2016\" class=\"noLazy flagpm_the_photo swiper-lazy\"><div class=\"swiper-lazy-preloader swiper-lazy-preloader-black\"><\/div><\/div><div class=\"swiper-slide\" data-hash=\"flagallery18837\" data-photo-id=\"18837\"><span class=\"flagpm_va\"><\/span><img data-src=\"https:\/\/bobvarela.com\/wp-content\/flagallery\/desigual-coleccion-hombre-otonoinvierno-2015-2016\/webview\/desigual-003.jpg\" alt=\"Ready to Wear Fall\/Winter 2015-2016\" class=\"noLazy flagpm_the_photo swiper-lazy\"><div class=\"swiper-lazy-preloader swiper-lazy-preloader-black\"><\/div><\/div><div class=\"swiper-slide\" data-hash=\"flagallery18838\" data-photo-id=\"18838\"><span class=\"flagpm_va\"><\/span><img data-src=\"https:\/\/bobvarela.com\/wp-content\/flagallery\/desigual-coleccion-hombre-otonoinvierno-2015-2016\/webview\/desigual-004.jpg\" alt=\"Ready to Wear Fall\/Winter 2015-2016\" class=\"noLazy flagpm_the_photo swiper-lazy\"><div class=\"swiper-lazy-preloader swiper-lazy-preloader-black\"><\/div><\/div><div class=\"swiper-slide\" data-hash=\"flagallery18839\" data-photo-id=\"18839\"><span class=\"flagpm_va\"><\/span><img data-src=\"https:\/\/bobvarela.com\/wp-content\/flagallery\/desigual-coleccion-hombre-otonoinvierno-2015-2016\/webview\/desigual-005.jpg\" alt=\"Ready to Wear Fall\/Winter 2015-2016\" class=\"noLazy flagpm_the_photo swiper-lazy\"><div class=\"swiper-lazy-preloader swiper-lazy-preloader-black\"><\/div><\/div><div class=\"swiper-slide\" data-hash=\"flagallery18840\" data-photo-id=\"18840\"><span class=\"flagpm_va\"><\/span><img data-src=\"https:\/\/bobvarela.com\/wp-content\/flagallery\/desigual-coleccion-hombre-otonoinvierno-2015-2016\/webview\/desigual-006.jpg\" alt=\"Ready to Wear Fall\/Winter 2015-2016\" class=\"noLazy flagpm_the_photo swiper-lazy\"><div class=\"swiper-lazy-preloader swiper-lazy-preloader-black\"><\/div><\/div><div class=\"swiper-slide\" data-hash=\"flagallery18841\" data-photo-id=\"18841\"><span class=\"flagpm_va\"><\/span><img data-src=\"https:\/\/bobvarela.com\/wp-content\/flagallery\/desigual-coleccion-hombre-otonoinvierno-2015-2016\/webview\/desigual-007.jpg\" alt=\"Ready to Wear Fall\/Winter 2015-2016\" class=\"noLazy flagpm_the_photo swiper-lazy\"><div class=\"swiper-lazy-preloader swiper-lazy-preloader-black\"><\/div><\/div><div class=\"swiper-slide\" data-hash=\"flagallery18842\" data-photo-id=\"18842\"><span class=\"flagpm_va\"><\/span><img data-src=\"https:\/\/bobvarela.com\/wp-content\/flagallery\/desigual-coleccion-hombre-otonoinvierno-2015-2016\/webview\/desigual-008.jpg\" alt=\"Ready to Wear Fall\/Winter 2015-2016\" class=\"noLazy flagpm_the_photo swiper-lazy\"><div class=\"swiper-lazy-preloader swiper-lazy-preloader-black\"><\/div><\/div><div class=\"swiper-slide\" data-hash=\"flagallery18843\" data-photo-id=\"18843\"><span class=\"flagpm_va\"><\/span><img data-src=\"https:\/\/bobvarela.com\/wp-content\/flagallery\/desigual-coleccion-hombre-otonoinvierno-2015-2016\/webview\/desigual-009.jpg\" alt=\"Ready to Wear Fall\/Winter 2015-2016\" class=\"noLazy flagpm_the_photo swiper-lazy\"><div class=\"swiper-lazy-preloader swiper-lazy-preloader-black\"><\/div><\/div><div class=\"swiper-slide\" data-hash=\"flagallery18844\" data-photo-id=\"18844\"><span class=\"flagpm_va\"><\/span><img data-src=\"https:\/\/bobvarela.com\/wp-content\/flagallery\/desigual-coleccion-hombre-otonoinvierno-2015-2016\/webview\/desigual-010.jpg\" alt=\"Ready to Wear Fall\/Winter 2015-2016\" class=\"noLazy flagpm_the_photo swiper-lazy\"><div class=\"swiper-lazy-preloader swiper-lazy-preloader-black\"><\/div><\/div><div class=\"swiper-slide\" data-hash=\"flagallery18845\" data-photo-id=\"18845\"><span class=\"flagpm_va\"><\/span><img data-src=\"https:\/\/bobvarela.com\/wp-content\/flagallery\/desigual-coleccion-hombre-otonoinvierno-2015-2016\/webview\/desigual-011.jpg\" alt=\"Ready to Wear Fall\/Winter 2015-2016\" class=\"noLazy flagpm_the_photo swiper-lazy\"><div class=\"swiper-lazy-preloader swiper-lazy-preloader-black\"><\/div><\/div><div class=\"swiper-slide\" data-hash=\"flagallery18846\" data-photo-id=\"18846\"><span class=\"flagpm_va\"><\/span><img data-src=\"https:\/\/bobvarela.com\/wp-content\/flagallery\/desigual-coleccion-hombre-otonoinvierno-2015-2016\/webview\/desigual-012.jpg\" alt=\"Ready to Wear Fall\/Winter 2015-2016\" class=\"noLazy flagpm_the_photo swiper-lazy\"><div class=\"swiper-lazy-preloader swiper-lazy-preloader-black\"><\/div><\/div><div class=\"swiper-slide\" data-hash=\"flagallery18847\" data-photo-id=\"18847\"><span class=\"flagpm_va\"><\/span><img data-src=\"https:\/\/bobvarela.com\/wp-content\/flagallery\/desigual-coleccion-hombre-otonoinvierno-2015-2016\/webview\/desigual-013.jpg\" alt=\"Ready to Wear Fall\/Winter 2015-2016\" class=\"noLazy flagpm_the_photo swiper-lazy\"><div class=\"swiper-lazy-preloader swiper-lazy-preloader-black\"><\/div><\/div><div class=\"swiper-slide\" data-hash=\"flagallery18848\" data-photo-id=\"18848\"><span class=\"flagpm_va\"><\/span><img data-src=\"https:\/\/bobvarela.com\/wp-content\/flagallery\/desigual-coleccion-hombre-otonoinvierno-2015-2016\/webview\/desigual-014.jpg\" alt=\"Ready to Wear Fall\/Winter 2015-2016\" class=\"noLazy flagpm_the_photo swiper-lazy\"><div class=\"swiper-lazy-preloader swiper-lazy-preloader-black\"><\/div><\/div><div class=\"swiper-slide\" data-hash=\"flagallery18849\" data-photo-id=\"18849\"><span class=\"flagpm_va\"><\/span><img data-src=\"https:\/\/bobvarela.com\/wp-content\/flagallery\/desigual-coleccion-hombre-otonoinvierno-2015-2016\/webview\/desigual-015.jpg\" alt=\"Ready to Wear Fall\/Winter 2015-2016\" class=\"noLazy flagpm_the_photo swiper-lazy\"><div class=\"swiper-lazy-preloader swiper-lazy-preloader-black\"><\/div><\/div><div class=\"swiper-slide\" data-hash=\"flagallery18850\" data-photo-id=\"18850\"><span class=\"flagpm_va\"><\/span><img data-src=\"https:\/\/bobvarela.com\/wp-content\/flagallery\/desigual-coleccion-hombre-otonoinvierno-2015-2016\/webview\/desigual-016.jpg\" alt=\"Ready to Wear Fall\/Winter 2015-2016\" class=\"noLazy flagpm_the_photo swiper-lazy\"><div class=\"swiper-lazy-preloader swiper-lazy-preloader-black\"><\/div><\/div><div class=\"swiper-slide\" data-hash=\"flagallery18851\" data-photo-id=\"18851\"><span class=\"flagpm_va\"><\/span><img data-src=\"https:\/\/bobvarela.com\/wp-content\/flagallery\/desigual-coleccion-hombre-otonoinvierno-2015-2016\/webview\/desigual-017.jpg\" alt=\"Ready to Wear Fall\/Winter 2015-2016\" class=\"noLazy flagpm_the_photo swiper-lazy\"><div class=\"swiper-lazy-preloader swiper-lazy-preloader-black\"><\/div><\/div><div class=\"swiper-slide\" data-hash=\"flagallery18852\" data-photo-id=\"18852\"><span class=\"flagpm_va\"><\/span><img data-src=\"https:\/\/bobvarela.com\/wp-content\/flagallery\/desigual-coleccion-hombre-otonoinvierno-2015-2016\/webview\/desigual-018.jpg\" alt=\"Ready to Wear Fall\/Winter 2015-2016\" class=\"noLazy flagpm_the_photo swiper-lazy\"><div class=\"swiper-lazy-preloader swiper-lazy-preloader-black\"><\/div><\/div><div class=\"swiper-slide\" data-hash=\"flagallery18853\" data-photo-id=\"18853\"><span class=\"flagpm_va\"><\/span><img data-src=\"https:\/\/bobvarela.com\/wp-content\/flagallery\/desigual-coleccion-hombre-otonoinvierno-2015-2016\/webview\/desigual-019.jpg\" alt=\"Ready to Wear Fall\/Winter 2015-2016\" class=\"noLazy flagpm_the_photo swiper-lazy\"><div class=\"swiper-lazy-preloader swiper-lazy-preloader-black\"><\/div><\/div><div class=\"swiper-slide\" data-hash=\"flagallery18854\" data-photo-id=\"18854\"><span class=\"flagpm_va\"><\/span><img data-src=\"https:\/\/bobvarela.com\/wp-content\/flagallery\/desigual-coleccion-hombre-otonoinvierno-2015-2016\/webview\/desigual-020.jpg\" alt=\"Ready to Wear Fall\/Winter 2015-2016\" class=\"noLazy flagpm_the_photo swiper-lazy\"><div class=\"swiper-lazy-preloader swiper-lazy-preloader-black\"><\/div><\/div><div class=\"swiper-slide\" data-hash=\"flagallery18855\" data-photo-id=\"18855\"><span class=\"flagpm_va\"><\/span><img data-src=\"https:\/\/bobvarela.com\/wp-content\/flagallery\/desigual-coleccion-hombre-otonoinvierno-2015-2016\/webview\/desigual-021.jpg\" alt=\"Ready to Wear Fall\/Winter 2015-2016\" class=\"noLazy flagpm_the_photo swiper-lazy\"><div class=\"swiper-lazy-preloader swiper-lazy-preloader-black\"><\/div><\/div><div class=\"swiper-slide\" data-hash=\"flagallery18856\" data-photo-id=\"18856\"><span class=\"flagpm_va\"><\/span><img data-src=\"https:\/\/bobvarela.com\/wp-content\/flagallery\/desigual-coleccion-hombre-otonoinvierno-2015-2016\/webview\/desigual-022.jpg\" alt=\"Ready to Wear Fall\/Winter 2015-2016\" class=\"noLazy flagpm_the_photo swiper-lazy\"><div class=\"swiper-lazy-preloader swiper-lazy-preloader-black\"><\/div><\/div><div class=\"swiper-slide\" data-hash=\"flagallery18857\" data-photo-id=\"18857\"><span class=\"flagpm_va\"><\/span><img data-src=\"https:\/\/bobvarela.com\/wp-content\/flagallery\/desigual-coleccion-hombre-otonoinvierno-2015-2016\/webview\/desigual-023.jpg\" alt=\"Ready to Wear Fall\/Winter 2015-2016\" class=\"noLazy flagpm_the_photo swiper-lazy\"><div class=\"swiper-lazy-preloader swiper-lazy-preloader-black\"><\/div><\/div><div class=\"swiper-slide\" data-hash=\"flagallery18858\" data-photo-id=\"18858\"><span class=\"flagpm_va\"><\/span><img data-src=\"https:\/\/bobvarela.com\/wp-content\/flagallery\/desigual-coleccion-hombre-otonoinvierno-2015-2016\/webview\/desigual-024.jpg\" alt=\"Ready to Wear Fall\/Winter 2015-2016\" class=\"noLazy flagpm_the_photo swiper-lazy\"><div class=\"swiper-lazy-preloader swiper-lazy-preloader-black\"><\/div><\/div><div class=\"swiper-slide\" data-hash=\"flagallery18859\" data-photo-id=\"18859\"><span class=\"flagpm_va\"><\/span><img data-src=\"https:\/\/bobvarela.com\/wp-content\/flagallery\/desigual-coleccion-hombre-otonoinvierno-2015-2016\/webview\/desigual-025.jpg\" alt=\"Ready to Wear Fall\/Winter 2015-2016\" class=\"noLazy flagpm_the_photo swiper-lazy\"><div class=\"swiper-lazy-preloader swiper-lazy-preloader-black\"><\/div><\/div><div class=\"swiper-slide\" data-hash=\"flagallery18860\" data-photo-id=\"18860\"><span class=\"flagpm_va\"><\/span><img data-src=\"https:\/\/bobvarela.com\/wp-content\/flagallery\/desigual-coleccion-hombre-otonoinvierno-2015-2016\/webview\/desigual-026.jpg\" alt=\"Ready to Wear Fall\/Winter 2015-2016\" class=\"noLazy flagpm_the_photo swiper-lazy\"><div class=\"swiper-lazy-preloader swiper-lazy-preloader-black\"><\/div><\/div><div class=\"swiper-slide\" data-hash=\"flagallery18861\" data-photo-id=\"18861\"><span class=\"flagpm_va\"><\/span><img data-src=\"https:\/\/bobvarela.com\/wp-content\/flagallery\/desigual-coleccion-hombre-otonoinvierno-2015-2016\/webview\/desigual-027.jpg\" alt=\"Ready to Wear Fall\/Winter 2015-2016\" class=\"noLazy flagpm_the_photo swiper-lazy\"><div class=\"swiper-lazy-preloader swiper-lazy-preloader-black\"><\/div><\/div><div class=\"swiper-slide\" data-hash=\"flagallery18862\" data-photo-id=\"18862\"><span class=\"flagpm_va\"><\/span><img data-src=\"https:\/\/bobvarela.com\/wp-content\/flagallery\/desigual-coleccion-hombre-otonoinvierno-2015-2016\/webview\/desigual-028.jpg\" alt=\"Ready to Wear Fall\/Winter 2015-2016\" class=\"noLazy flagpm_the_photo swiper-lazy\"><div class=\"swiper-lazy-preloader swiper-lazy-preloader-black\"><\/div><\/div><div class=\"swiper-slide\" data-hash=\"flagallery18863\" data-photo-id=\"18863\"><span class=\"flagpm_va\"><\/span><img data-src=\"https:\/\/bobvarela.com\/wp-content\/flagallery\/desigual-coleccion-hombre-otonoinvierno-2015-2016\/webview\/desigual-029.jpg\" alt=\"Ready to Wear Fall\/Winter 2015-2016\" class=\"noLazy flagpm_the_photo swiper-lazy\"><div class=\"swiper-lazy-preloader swiper-lazy-preloader-black\"><\/div><\/div><div class=\"swiper-slide\" data-hash=\"flagallery18864\" data-photo-id=\"18864\"><span class=\"flagpm_va\"><\/span><img data-src=\"https:\/\/bobvarela.com\/wp-content\/flagallery\/desigual-coleccion-hombre-otonoinvierno-2015-2016\/webview\/desigual-030.jpg\" alt=\"Ready to Wear Fall\/Winter 2015-2016\" class=\"noLazy flagpm_the_photo swiper-lazy\"><div class=\"swiper-lazy-preloader swiper-lazy-preloader-black\"><\/div><\/div><div class=\"swiper-slide\" data-hash=\"flagallery18865\" data-photo-id=\"18865\"><span class=\"flagpm_va\"><\/span><img data-src=\"https:\/\/bobvarela.com\/wp-content\/flagallery\/desigual-coleccion-hombre-otonoinvierno-2015-2016\/webview\/desigual-031.jpg\" alt=\"Ready to Wear Fall\/Winter 2015-2016\" class=\"noLazy flagpm_the_photo swiper-lazy\"><div class=\"swiper-lazy-preloader swiper-lazy-preloader-black\"><\/div><\/div><div class=\"swiper-slide\" data-hash=\"flagallery18866\" data-photo-id=\"18866\"><span class=\"flagpm_va\"><\/span><img data-src=\"https:\/\/bobvarela.com\/wp-content\/flagallery\/desigual-coleccion-hombre-otonoinvierno-2015-2016\/webview\/desigual-032.jpg\" alt=\"Ready to Wear Fall\/Winter 2015-2016\" class=\"noLazy flagpm_the_photo swiper-lazy\"><div class=\"swiper-lazy-preloader swiper-lazy-preloader-black\"><\/div><\/div><div class=\"swiper-slide\" data-hash=\"flagallery18867\" data-photo-id=\"18867\"><span class=\"flagpm_va\"><\/span><img data-src=\"https:\/\/bobvarela.com\/wp-content\/flagallery\/desigual-coleccion-hombre-otonoinvierno-2015-2016\/webview\/desigual-033.jpg\" alt=\"Ready to Wear Fall\/Winter 2015-2016\" class=\"noLazy flagpm_the_photo swiper-lazy\"><div class=\"swiper-lazy-preloader swiper-lazy-preloader-black\"><\/div><\/div><div class=\"swiper-slide\" data-hash=\"flagallery18868\" data-photo-id=\"18868\"><span class=\"flagpm_va\"><\/span><img data-src=\"https:\/\/bobvarela.com\/wp-content\/flagallery\/desigual-coleccion-hombre-otonoinvierno-2015-2016\/webview\/desigual-034.jpg\" alt=\"Ready to Wear Fall\/Winter 2015-2016\" class=\"noLazy flagpm_the_photo swiper-lazy\"><div class=\"swiper-lazy-preloader swiper-lazy-preloader-black\"><\/div><\/div><div class=\"swiper-slide\" data-hash=\"flagallery18869\" data-photo-id=\"18869\"><span class=\"flagpm_va\"><\/span><img data-src=\"https:\/\/bobvarela.com\/wp-content\/flagallery\/desigual-coleccion-hombre-otonoinvierno-2015-2016\/webview\/desigual-035.jpg\" alt=\"Ready to Wear Fall\/Winter 2015-2016\" class=\"noLazy flagpm_the_photo swiper-lazy\"><div class=\"swiper-lazy-preloader swiper-lazy-preloader-black\"><\/div><\/div><div class=\"swiper-slide\" data-hash=\"flagallery18870\" data-photo-id=\"18870\"><span class=\"flagpm_va\"><\/span><img data-src=\"https:\/\/bobvarela.com\/wp-content\/flagallery\/desigual-coleccion-hombre-otonoinvierno-2015-2016\/webview\/desigual-036.jpg\" alt=\"Ready to Wear Fall\/Winter 2015-2016\" class=\"noLazy flagpm_the_photo swiper-lazy\"><div class=\"swiper-lazy-preloader swiper-lazy-preloader-black\"><\/div><\/div><div class=\"swiper-slide\" data-hash=\"flagallery18871\" data-photo-id=\"18871\"><span class=\"flagpm_va\"><\/span><img data-src=\"https:\/\/bobvarela.com\/wp-content\/flagallery\/desigual-coleccion-hombre-otonoinvierno-2015-2016\/webview\/desigual-037.jpg\" alt=\"Ready to Wear Fall\/Winter 2015-2016\" class=\"noLazy flagpm_the_photo swiper-lazy\"><div class=\"swiper-lazy-preloader swiper-lazy-preloader-black\"><\/div><\/div><div class=\"swiper-slide\" data-hash=\"flagallery18872\" data-photo-id=\"18872\"><span class=\"flagpm_va\"><\/span><img data-src=\"https:\/\/bobvarela.com\/wp-content\/flagallery\/desigual-coleccion-hombre-otonoinvierno-2015-2016\/webview\/desigual-038.jpg\" alt=\"Ready to Wear Fall\/Winter 2015-2016\" class=\"noLazy flagpm_the_photo swiper-lazy\"><div class=\"swiper-lazy-preloader swiper-lazy-preloader-black\"><\/div><\/div><div class=\"swiper-slide\" data-hash=\"flagallery18873\" data-photo-id=\"18873\"><span class=\"flagpm_va\"><\/span><img data-src=\"https:\/\/bobvarela.com\/wp-content\/flagallery\/desigual-coleccion-hombre-otonoinvierno-2015-2016\/webview\/desigual-039.jpg\" alt=\"Ready to Wear Fall\/Winter 2015-2016\" class=\"noLazy flagpm_the_photo swiper-lazy\"><div class=\"swiper-lazy-preloader swiper-lazy-preloader-black\"><\/div><\/div><div class=\"swiper-slide\" data-hash=\"flagallery18874\" data-photo-id=\"18874\"><span class=\"flagpm_va\"><\/span><img data-src=\"https:\/\/bobvarela.com\/wp-content\/flagallery\/desigual-coleccion-hombre-otonoinvierno-2015-2016\/webview\/desigual-040.jpg\" alt=\"Ready to Wear Fall\/Winter 2015-2016\" class=\"noLazy flagpm_the_photo swiper-lazy\"><div class=\"swiper-lazy-preloader swiper-lazy-preloader-black\"><\/div><\/div><div class=\"swiper-slide\" data-hash=\"flagallery18875\" data-photo-id=\"18875\"><span class=\"flagpm_va\"><\/span><img data-src=\"https:\/\/bobvarela.com\/wp-content\/flagallery\/desigual-coleccion-hombre-otonoinvierno-2015-2016\/webview\/desigual-041.jpg\" alt=\"Ready to Wear Fall\/Winter 2015-2016\" class=\"noLazy flagpm_the_photo swiper-lazy\"><div class=\"swiper-lazy-preloader swiper-lazy-preloader-black\"><\/div><\/div><div class=\"swiper-slide\" data-hash=\"flagallery18876\" data-photo-id=\"18876\"><span class=\"flagpm_va\"><\/span><img data-src=\"https:\/\/bobvarela.com\/wp-content\/flagallery\/desigual-coleccion-hombre-otonoinvierno-2015-2016\/webview\/desigual-042.jpg\" alt=\"Ready to Wear Fall\/Winter 2015-2016\" class=\"noLazy flagpm_the_photo swiper-lazy\"><div class=\"swiper-lazy-preloader swiper-lazy-preloader-black\"><\/div><\/div><div class=\"swiper-slide\" data-hash=\"flagallery18877\" data-photo-id=\"18877\"><span class=\"flagpm_va\"><\/span><img data-src=\"https:\/\/bobvarela.com\/wp-content\/flagallery\/desigual-coleccion-hombre-otonoinvierno-2015-2016\/webview\/desigual-043.jpg\" alt=\"Ready to Wear Fall\/Winter 2015-2016\" class=\"noLazy flagpm_the_photo swiper-lazy\"><div class=\"swiper-lazy-preloader swiper-lazy-preloader-black\"><\/div><\/div><div class=\"swiper-slide\" data-hash=\"flagallery18878\" data-photo-id=\"18878\"><span class=\"flagpm_va\"><\/span><img data-src=\"https:\/\/bobvarela.com\/wp-content\/flagallery\/desigual-coleccion-hombre-otonoinvierno-2015-2016\/webview\/desigual-044.jpg\" alt=\"Ready to Wear Fall\/Winter 2015-2016\" class=\"noLazy flagpm_the_photo swiper-lazy\"><div class=\"swiper-lazy-preloader swiper-lazy-preloader-black\"><\/div><\/div><div class=\"swiper-slide\" data-hash=\"flagallery18879\" data-photo-id=\"18879\"><span class=\"flagpm_va\"><\/span><img data-src=\"https:\/\/bobvarela.com\/wp-content\/flagallery\/desigual-coleccion-hombre-otonoinvierno-2015-2016\/webview\/desigual-045.jpg\" alt=\"Ready to Wear Fall\/Winter 2015-2016\" class=\"noLazy flagpm_the_photo swiper-lazy\"><div class=\"swiper-lazy-preloader swiper-lazy-preloader-black\"><\/div><\/div><div class=\"swiper-slide\" data-hash=\"flagallery18880\" data-photo-id=\"18880\"><span class=\"flagpm_va\"><\/span><img data-src=\"https:\/\/bobvarela.com\/wp-content\/flagallery\/desigual-coleccion-hombre-otonoinvierno-2015-2016\/webview\/desigual-046.jpg\" alt=\"Ready to Wear Fall\/Winter 2015-2016\" class=\"noLazy flagpm_the_photo swiper-lazy\"><div class=\"swiper-lazy-preloader swiper-lazy-preloader-black\"><\/div><\/div><div class=\"swiper-slide\" data-hash=\"flagallery18881\" data-photo-id=\"18881\"><span class=\"flagpm_va\"><\/span><img data-src=\"https:\/\/bobvarela.com\/wp-content\/flagallery\/desigual-coleccion-hombre-otonoinvierno-2015-2016\/webview\/desigual-047.jpg\" alt=\"Ready to Wear Fall\/Winter 2015-2016\" class=\"noLazy flagpm_the_photo swiper-lazy\"><div class=\"swiper-lazy-preloader swiper-lazy-preloader-black\"><\/div><\/div><div class=\"swiper-slide\" data-hash=\"flagallery18882\" data-photo-id=\"18882\"><span class=\"flagpm_va\"><\/span><img data-src=\"https:\/\/bobvarela.com\/wp-content\/flagallery\/desigual-coleccion-hombre-otonoinvierno-2015-2016\/webview\/desigual-048.jpg\" alt=\"Ready to Wear Fall\/Winter 2015-2016\" class=\"noLazy flagpm_the_photo swiper-lazy\"><div class=\"swiper-lazy-preloader swiper-lazy-preloader-black\"><\/div><\/div><div class=\"swiper-slide\" data-hash=\"flagallery18883\" data-photo-id=\"18883\"><span class=\"flagpm_va\"><\/span><img data-src=\"https:\/\/bobvarela.com\/wp-content\/flagallery\/desigual-coleccion-hombre-otonoinvierno-2015-2016\/webview\/desigual-049.jpg\" alt=\"Ready to Wear Fall\/Winter 2015-2016\" class=\"noLazy flagpm_the_photo swiper-lazy\"><div class=\"swiper-lazy-preloader swiper-lazy-preloader-black\"><\/div><\/div><div class=\"swiper-slide\" data-hash=\"flagallery18884\" data-photo-id=\"18884\"><span class=\"flagpm_va\"><\/span><img data-src=\"https:\/\/bobvarela.com\/wp-content\/flagallery\/desigual-coleccion-hombre-otonoinvierno-2015-2016\/webview\/desigual-050.jpg\" alt=\"Ready to Wear Fall\/Winter 2015-2016\" class=\"noLazy flagpm_the_photo swiper-lazy\"><div class=\"swiper-lazy-preloader swiper-lazy-preloader-black\"><\/div><\/div><div class=\"swiper-slide\" data-hash=\"flagallery18885\" data-photo-id=\"18885\"><span class=\"flagpm_va\"><\/span><img data-src=\"https:\/\/bobvarela.com\/wp-content\/flagallery\/desigual-coleccion-hombre-otonoinvierno-2015-2016\/webview\/desigual-051.jpg\" alt=\"Ready to Wear Fall\/Winter 2015-2016\" class=\"noLazy flagpm_the_photo swiper-lazy\"><div class=\"swiper-lazy-preloader swiper-lazy-preloader-black\"><\/div><\/div><div class=\"swiper-slide\" data-hash=\"flagallery18886\" data-photo-id=\"18886\"><span class=\"flagpm_va\"><\/span><img data-src=\"https:\/\/bobvarela.com\/wp-content\/flagallery\/desigual-coleccion-hombre-otonoinvierno-2015-2016\/webview\/desigual-052.jpg\" alt=\"Ready to Wear Fall\/Winter 2015-2016\" class=\"noLazy flagpm_the_photo swiper-lazy\"><div class=\"swiper-lazy-preloader swiper-lazy-preloader-black\"><\/div><\/div><div class=\"swiper-slide\" data-hash=\"flagallery18887\" data-photo-id=\"18887\"><span class=\"flagpm_va\"><\/span><img data-src=\"https:\/\/bobvarela.com\/wp-content\/flagallery\/desigual-coleccion-hombre-otonoinvierno-2015-2016\/webview\/desigual-053.jpg\" alt=\"Ready to Wear Fall\/Winter 2015-2016\" class=\"noLazy flagpm_the_photo swiper-lazy\"><div class=\"swiper-lazy-preloader swiper-lazy-preloader-black\"><\/div><\/div><div class=\"swiper-slide\" data-hash=\"flagallery18888\" data-photo-id=\"18888\"><span class=\"flagpm_va\"><\/span><img data-src=\"https:\/\/bobvarela.com\/wp-content\/flagallery\/desigual-coleccion-hombre-otonoinvierno-2015-2016\/webview\/desigual-054.jpg\" alt=\"Ready to Wear Fall\/Winter 2015-2016\" class=\"noLazy flagpm_the_photo swiper-lazy\"><div class=\"swiper-lazy-preloader swiper-lazy-preloader-black\"><\/div><\/div><div class=\"swiper-slide\" data-hash=\"flagallery18889\" data-photo-id=\"18889\"><span class=\"flagpm_va\"><\/span><img data-src=\"https:\/\/bobvarela.com\/wp-content\/flagallery\/desigual-coleccion-hombre-otonoinvierno-2015-2016\/webview\/desigual-055.jpg\" alt=\"Ready to Wear Fall\/Winter 2015-2016\" class=\"noLazy flagpm_the_photo swiper-lazy\"><div class=\"swiper-lazy-preloader swiper-lazy-preloader-black\"><\/div><\/div><div class=\"swiper-slide\" data-hash=\"flagallery18890\" data-photo-id=\"18890\"><span class=\"flagpm_va\"><\/span><img data-src=\"https:\/\/bobvarela.com\/wp-content\/flagallery\/desigual-coleccion-hombre-otonoinvierno-2015-2016\/webview\/desigual-056.jpg\" alt=\"Ready to Wear Fall\/Winter 2015-2016\" class=\"noLazy flagpm_the_photo swiper-lazy\"><div class=\"swiper-lazy-preloader swiper-lazy-preloader-black\"><\/div><\/div><div class=\"swiper-slide\" data-hash=\"flagallery18891\" data-photo-id=\"18891\"><span class=\"flagpm_va\"><\/span><img data-src=\"https:\/\/bobvarela.com\/wp-content\/flagallery\/desigual-coleccion-hombre-otonoinvierno-2015-2016\/webview\/desigual-057.jpg\" alt=\"Ready to Wear Fall\/Winter 2015-2016\" class=\"noLazy flagpm_the_photo swiper-lazy\"><div class=\"swiper-lazy-preloader swiper-lazy-preloader-black\"><\/div><\/div><div class=\"swiper-slide\" data-hash=\"flagallery18892\" data-photo-id=\"18892\"><span class=\"flagpm_va\"><\/span><img data-src=\"https:\/\/bobvarela.com\/wp-content\/flagallery\/desigual-coleccion-hombre-otonoinvierno-2015-2016\/webview\/desigual-058.jpg\" alt=\"Ready to Wear Fall\/Winter 2015-2016\" class=\"noLazy flagpm_the_photo swiper-lazy\"><div class=\"swiper-lazy-preloader swiper-lazy-preloader-black\"><\/div><\/div><div class=\"swiper-slide\" data-hash=\"flagallery18893\" data-photo-id=\"18893\"><span class=\"flagpm_va\"><\/span><img data-src=\"https:\/\/bobvarela.com\/wp-content\/flagallery\/desigual-coleccion-hombre-otonoinvierno-2015-2016\/webview\/desigual-059.jpg\" alt=\"Ready to Wear Fall\/Winter 2015-2016\" class=\"noLazy flagpm_the_photo swiper-lazy\"><div class=\"swiper-lazy-preloader swiper-lazy-preloader-black\"><\/div><\/div><div class=\"swiper-slide\" data-hash=\"flagallery18894\" data-photo-id=\"18894\"><span class=\"flagpm_va\"><\/span><img data-src=\"https:\/\/bobvarela.com\/wp-content\/flagallery\/desigual-coleccion-hombre-otonoinvierno-2015-2016\/webview\/desigual-060.jpg\" alt=\"Ready to Wear Fall\/Winter 2015-2016\" class=\"noLazy flagpm_the_photo swiper-lazy\"><div class=\"swiper-lazy-preloader swiper-lazy-preloader-black\"><\/div><\/div><div class=\"swiper-slide\" data-hash=\"flagallery18895\" data-photo-id=\"18895\"><span class=\"flagpm_va\"><\/span><img data-src=\"https:\/\/bobvarela.com\/wp-content\/flagallery\/desigual-coleccion-hombre-otonoinvierno-2015-2016\/webview\/desigual-061.jpg\" alt=\"Ready to Wear Fall\/Winter 2015-2016\" class=\"noLazy flagpm_the_photo swiper-lazy\"><div class=\"swiper-lazy-preloader swiper-lazy-preloader-black\"><\/div><\/div> <\/div> <\/div> <\/div> <div class=\"flagpm_photo_header\"> <div class=\"flagpm_wrapper flagpm_clearfix\"> <div class=\"flagpm_focus_actions\"> <ul class=\"flagpm_focus_share\"> <li style=\"list-style:none;\" class=\"flagpm_share_wrapper\"> <a class=\"flagpm_button flagpm_share\">Share<\/a> <ul class=\"flagpm_sharelizers flagpm_clearfix\"> <li style=\"list-style:none;\"><a class=\"flagpm_button flagpm_facebook flagpm_sharelizer\">Facebook<\/a><\/li> <li style=\"list-style:none;\"><a class=\"flagpm_button flagpm_twitter flagpm_sharelizer\">Twitter<\/a><\/li> <li style=\"list-style:none;\"><a class=\"flagpm_button flagpm_pinterest flagpm_sharelizer\">Pinterest<\/a><\/li> <li style=\"list-style:none;\"><a class=\"flagpm_button flagpm_stumbleupon flagpm_sharelizer\">StumbleUpon<\/a><\/li> <\/ul> <\/li> <\/ul> <ul class=\"flagpm_focus_like_fave flagpm_clearfix\"> <li style=\"list-style:none;\"><a class=\"flagpm_button flagpm_like\">Like<\/a><\/li> <\/ul> <ul class=\"flagpm_focus_arrows flagpm_clearfix\"> <li style=\"list-style:none;\"><a class=\"flagpm_button flagpm_photo_arrow_previous flagpm_prev\">Previous<\/a><\/li> <li style=\"list-style:none;\"><a class=\"flagpm_button flagpm_photo_arrow_next flagpm_next\">Next<\/a><\/li> <\/ul> <\/div> <div class=\"flagpm_name_wrap flagpm_clearfix flagpm_no_avatar\"> <div class=\"flagpm_title_author\"> <div class=\"flagpm_title\">Ready to Wear Fall\/Winter 2015-2016<\/div> <\/div> <\/div> <div class=\"flagpm_actions flagpm_clearfix\"> <div class=\"flagpm_carousel flagpm_has_previous flagpm_has_next\"> <div class=\"flagpm_previous_button\"><\/div> <div class=\"flagpm_photo_carousel\"> <div class=\"swiper-container swiper-small-images\"> <div class=\"swiper-wrapper\"><div class=\"swiper-slide flagpm_photo\" data-photo-id=\"18836\"><img decoding=\"async\" src=\"https:\/\/bobvarela.com\/wp-content\/flagallery\/desigual-coleccion-hombre-otonoinvierno-2015-2016\/thumbs\/thumbs_desigual-002.jpg\" data-src=\"https:\/\/bobvarela.com\/wp-content\/flagallery\/desigual-coleccion-hombre-otonoinvierno-2015-2016\/thumbs\/thumbs_desigual-002.jpg\" alt=\"Ready to Wear Fall\/Winter 2015-2016\" class=\"noLazy flagpm_photo swiper-lazy flagpm_photo_portrait\"><span class=\"swiper-lazy-preloader swiper-lazy-preloader-black\"><\/span><\/div><div class=\"swiper-slide flagpm_photo\" data-photo-id=\"18837\"><img data-src=\"https:\/\/bobvarela.com\/wp-content\/flagallery\/desigual-coleccion-hombre-otonoinvierno-2015-2016\/thumbs\/thumbs_desigual-003.jpg\" alt=\"Ready to Wear Fall\/Winter 2015-2016\" class=\"noLazy flagpm_photo swiper-lazy flagpm_photo_portrait\"><span class=\"swiper-lazy-preloader swiper-lazy-preloader-black\"><\/span><\/div><div class=\"swiper-slide flagpm_photo\" data-photo-id=\"18838\"><img data-src=\"https:\/\/bobvarela.com\/wp-content\/flagallery\/desigual-coleccion-hombre-otonoinvierno-2015-2016\/thumbs\/thumbs_desigual-004.jpg\" alt=\"Ready to Wear Fall\/Winter 2015-2016\" class=\"noLazy flagpm_photo swiper-lazy flagpm_photo_portrait\"><span class=\"swiper-lazy-preloader swiper-lazy-preloader-black\"><\/span><\/div><div class=\"swiper-slide flagpm_photo\" data-photo-id=\"18839\"><img data-src=\"https:\/\/bobvarela.com\/wp-content\/flagallery\/desigual-coleccion-hombre-otonoinvierno-2015-2016\/thumbs\/thumbs_desigual-005.jpg\" alt=\"Ready to Wear Fall\/Winter 2015-2016\" class=\"noLazy flagpm_photo swiper-lazy flagpm_photo_portrait\"><span class=\"swiper-lazy-preloader swiper-lazy-preloader-black\"><\/span><\/div><div class=\"swiper-slide flagpm_photo\" data-photo-id=\"18840\"><img data-src=\"https:\/\/bobvarela.com\/wp-content\/flagallery\/desigual-coleccion-hombre-otonoinvierno-2015-2016\/thumbs\/thumbs_desigual-006.jpg\" alt=\"Ready to Wear Fall\/Winter 2015-2016\" class=\"noLazy flagpm_photo swiper-lazy flagpm_photo_portrait\"><span class=\"swiper-lazy-preloader swiper-lazy-preloader-black\"><\/span><\/div><div class=\"swiper-slide flagpm_photo\" data-photo-id=\"18841\"><img data-src=\"https:\/\/bobvarela.com\/wp-content\/flagallery\/desigual-coleccion-hombre-otonoinvierno-2015-2016\/thumbs\/thumbs_desigual-007.jpg\" alt=\"Ready to Wear Fall\/Winter 2015-2016\" class=\"noLazy flagpm_photo swiper-lazy flagpm_photo_portrait\"><span class=\"swiper-lazy-preloader swiper-lazy-preloader-black\"><\/span><\/div><div class=\"swiper-slide flagpm_photo\" data-photo-id=\"18842\"><img data-src=\"https:\/\/bobvarela.com\/wp-content\/flagallery\/desigual-coleccion-hombre-otonoinvierno-2015-2016\/thumbs\/thumbs_desigual-008.jpg\" alt=\"Ready to Wear Fall\/Winter 2015-2016\" class=\"noLazy flagpm_photo swiper-lazy flagpm_photo_portrait\"><span class=\"swiper-lazy-preloader swiper-lazy-preloader-black\"><\/span><\/div><div class=\"swiper-slide flagpm_photo\" data-photo-id=\"18843\"><img data-src=\"https:\/\/bobvarela.com\/wp-content\/flagallery\/desigual-coleccion-hombre-otonoinvierno-2015-2016\/thumbs\/thumbs_desigual-009.jpg\" alt=\"Ready to Wear Fall\/Winter 2015-2016\" class=\"noLazy flagpm_photo swiper-lazy flagpm_photo_portrait\"><span class=\"swiper-lazy-preloader swiper-lazy-preloader-black\"><\/span><\/div><div class=\"swiper-slide flagpm_photo\" data-photo-id=\"18844\"><img data-src=\"https:\/\/bobvarela.com\/wp-content\/flagallery\/desigual-coleccion-hombre-otonoinvierno-2015-2016\/thumbs\/thumbs_desigual-010.jpg\" alt=\"Ready to Wear Fall\/Winter 2015-2016\" class=\"noLazy flagpm_photo swiper-lazy flagpm_photo_portrait\"><span class=\"swiper-lazy-preloader swiper-lazy-preloader-black\"><\/span><\/div><div class=\"swiper-slide flagpm_photo\" data-photo-id=\"18845\"><img data-src=\"https:\/\/bobvarela.com\/wp-content\/flagallery\/desigual-coleccion-hombre-otonoinvierno-2015-2016\/thumbs\/thumbs_desigual-011.jpg\" alt=\"Ready to Wear Fall\/Winter 2015-2016\" class=\"noLazy flagpm_photo swiper-lazy flagpm_photo_portrait\"><span class=\"swiper-lazy-preloader swiper-lazy-preloader-black\"><\/span><\/div><div class=\"swiper-slide flagpm_photo\" data-photo-id=\"18846\"><img data-src=\"https:\/\/bobvarela.com\/wp-content\/flagallery\/desigual-coleccion-hombre-otonoinvierno-2015-2016\/thumbs\/thumbs_desigual-012.jpg\" alt=\"Ready to Wear Fall\/Winter 2015-2016\" class=\"noLazy flagpm_photo swiper-lazy flagpm_photo_portrait\"><span class=\"swiper-lazy-preloader swiper-lazy-preloader-black\"><\/span><\/div><div class=\"swiper-slide flagpm_photo\" data-photo-id=\"18847\"><img data-src=\"https:\/\/bobvarela.com\/wp-content\/flagallery\/desigual-coleccion-hombre-otonoinvierno-2015-2016\/thumbs\/thumbs_desigual-013.jpg\" alt=\"Ready to Wear Fall\/Winter 2015-2016\" class=\"noLazy flagpm_photo swiper-lazy flagpm_photo_portrait\"><span class=\"swiper-lazy-preloader swiper-lazy-preloader-black\"><\/span><\/div><div class=\"swiper-slide flagpm_photo\" data-photo-id=\"18848\"><img data-src=\"https:\/\/bobvarela.com\/wp-content\/flagallery\/desigual-coleccion-hombre-otonoinvierno-2015-2016\/thumbs\/thumbs_desigual-014.jpg\" alt=\"Ready to Wear Fall\/Winter 2015-2016\" class=\"noLazy flagpm_photo swiper-lazy flagpm_photo_portrait\"><span class=\"swiper-lazy-preloader swiper-lazy-preloader-black\"><\/span><\/div><div class=\"swiper-slide flagpm_photo\" data-photo-id=\"18849\"><img data-src=\"https:\/\/bobvarela.com\/wp-content\/flagallery\/desigual-coleccion-hombre-otonoinvierno-2015-2016\/thumbs\/thumbs_desigual-015.jpg\" alt=\"Ready to Wear Fall\/Winter 2015-2016\" class=\"noLazy flagpm_photo swiper-lazy flagpm_photo_portrait\"><span class=\"swiper-lazy-preloader swiper-lazy-preloader-black\"><\/span><\/div><div class=\"swiper-slide flagpm_photo\" data-photo-id=\"18850\"><img data-src=\"https:\/\/bobvarela.com\/wp-content\/flagallery\/desigual-coleccion-hombre-otonoinvierno-2015-2016\/thumbs\/thumbs_desigual-016.jpg\" alt=\"Ready to Wear Fall\/Winter 2015-2016\" class=\"noLazy flagpm_photo swiper-lazy flagpm_photo_portrait\"><span class=\"swiper-lazy-preloader swiper-lazy-preloader-black\"><\/span><\/div><div class=\"swiper-slide flagpm_photo\" data-photo-id=\"18851\"><img data-src=\"https:\/\/bobvarela.com\/wp-content\/flagallery\/desigual-coleccion-hombre-otonoinvierno-2015-2016\/thumbs\/thumbs_desigual-017.jpg\" alt=\"Ready to Wear Fall\/Winter 2015-2016\" class=\"noLazy flagpm_photo swiper-lazy flagpm_photo_portrait\"><span class=\"swiper-lazy-preloader swiper-lazy-preloader-black\"><\/span><\/div><div class=\"swiper-slide flagpm_photo\" data-photo-id=\"18852\"><img data-src=\"https:\/\/bobvarela.com\/wp-content\/flagallery\/desigual-coleccion-hombre-otonoinvierno-2015-2016\/thumbs\/thumbs_desigual-018.jpg\" alt=\"Ready to Wear Fall\/Winter 2015-2016\" class=\"noLazy flagpm_photo swiper-lazy flagpm_photo_portrait\"><span class=\"swiper-lazy-preloader swiper-lazy-preloader-black\"><\/span><\/div><div class=\"swiper-slide flagpm_photo\" data-photo-id=\"18853\"><img data-src=\"https:\/\/bobvarela.com\/wp-content\/flagallery\/desigual-coleccion-hombre-otonoinvierno-2015-2016\/thumbs\/thumbs_desigual-019.jpg\" alt=\"Ready to Wear Fall\/Winter 2015-2016\" class=\"noLazy flagpm_photo swiper-lazy flagpm_photo_portrait\"><span class=\"swiper-lazy-preloader swiper-lazy-preloader-black\"><\/span><\/div><div class=\"swiper-slide flagpm_photo\" data-photo-id=\"18854\"><img data-src=\"https:\/\/bobvarela.com\/wp-content\/flagallery\/desigual-coleccion-hombre-otonoinvierno-2015-2016\/thumbs\/thumbs_desigual-020.jpg\" alt=\"Ready to Wear Fall\/Winter 2015-2016\" class=\"noLazy flagpm_photo swiper-lazy flagpm_photo_portrait\"><span class=\"swiper-lazy-preloader swiper-lazy-preloader-black\"><\/span><\/div><div class=\"swiper-slide flagpm_photo\" data-photo-id=\"18855\"><img data-src=\"https:\/\/bobvarela.com\/wp-content\/flagallery\/desigual-coleccion-hombre-otonoinvierno-2015-2016\/thumbs\/thumbs_desigual-021.jpg\" alt=\"Ready to Wear Fall\/Winter 2015-2016\" class=\"noLazy flagpm_photo swiper-lazy flagpm_photo_portrait\"><span class=\"swiper-lazy-preloader swiper-lazy-preloader-black\"><\/span><\/div><div class=\"swiper-slide flagpm_photo\" data-photo-id=\"18856\"><img data-src=\"https:\/\/bobvarela.com\/wp-content\/flagallery\/desigual-coleccion-hombre-otonoinvierno-2015-2016\/thumbs\/thumbs_desigual-022.jpg\" alt=\"Ready to Wear Fall\/Winter 2015-2016\" class=\"noLazy flagpm_photo swiper-lazy flagpm_photo_portrait\"><span class=\"swiper-lazy-preloader swiper-lazy-preloader-black\"><\/span><\/div><div class=\"swiper-slide flagpm_photo\" data-photo-id=\"18857\"><img data-src=\"https:\/\/bobvarela.com\/wp-content\/flagallery\/desigual-coleccion-hombre-otonoinvierno-2015-2016\/thumbs\/thumbs_desigual-023.jpg\" alt=\"Ready to Wear Fall\/Winter 2015-2016\" class=\"noLazy flagpm_photo swiper-lazy flagpm_photo_portrait\"><span class=\"swiper-lazy-preloader swiper-lazy-preloader-black\"><\/span><\/div><div class=\"swiper-slide flagpm_photo\" data-photo-id=\"18858\"><img data-src=\"https:\/\/bobvarela.com\/wp-content\/flagallery\/desigual-coleccion-hombre-otonoinvierno-2015-2016\/thumbs\/thumbs_desigual-024.jpg\" alt=\"Ready to Wear Fall\/Winter 2015-2016\" class=\"noLazy flagpm_photo swiper-lazy flagpm_photo_portrait\"><span class=\"swiper-lazy-preloader swiper-lazy-preloader-black\"><\/span><\/div><div class=\"swiper-slide flagpm_photo\" data-photo-id=\"18859\"><img data-src=\"https:\/\/bobvarela.com\/wp-content\/flagallery\/desigual-coleccion-hombre-otonoinvierno-2015-2016\/thumbs\/thumbs_desigual-025.jpg\" alt=\"Ready to Wear Fall\/Winter 2015-2016\" class=\"noLazy flagpm_photo swiper-lazy flagpm_photo_portrait\"><span class=\"swiper-lazy-preloader swiper-lazy-preloader-black\"><\/span><\/div><div class=\"swiper-slide flagpm_photo\" data-photo-id=\"18860\"><img data-src=\"https:\/\/bobvarela.com\/wp-content\/flagallery\/desigual-coleccion-hombre-otonoinvierno-2015-2016\/thumbs\/thumbs_desigual-026.jpg\" alt=\"Ready to Wear Fall\/Winter 2015-2016\" class=\"noLazy flagpm_photo swiper-lazy flagpm_photo_portrait\"><span class=\"swiper-lazy-preloader swiper-lazy-preloader-black\"><\/span><\/div><div class=\"swiper-slide flagpm_photo\" data-photo-id=\"18861\"><img data-src=\"https:\/\/bobvarela.com\/wp-content\/flagallery\/desigual-coleccion-hombre-otonoinvierno-2015-2016\/thumbs\/thumbs_desigual-027.jpg\" alt=\"Ready to Wear Fall\/Winter 2015-2016\" class=\"noLazy flagpm_photo swiper-lazy flagpm_photo_portrait\"><span class=\"swiper-lazy-preloader swiper-lazy-preloader-black\"><\/span><\/div><div class=\"swiper-slide flagpm_photo\" data-photo-id=\"18862\"><img data-src=\"https:\/\/bobvarela.com\/wp-content\/flagallery\/desigual-coleccion-hombre-otonoinvierno-2015-2016\/thumbs\/thumbs_desigual-028.jpg\" alt=\"Ready to Wear Fall\/Winter 2015-2016\" class=\"noLazy flagpm_photo swiper-lazy flagpm_photo_portrait\"><span class=\"swiper-lazy-preloader swiper-lazy-preloader-black\"><\/span><\/div><div class=\"swiper-slide flagpm_photo\" data-photo-id=\"18863\"><img data-src=\"https:\/\/bobvarela.com\/wp-content\/flagallery\/desigual-coleccion-hombre-otonoinvierno-2015-2016\/thumbs\/thumbs_desigual-029.jpg\" alt=\"Ready to Wear Fall\/Winter 2015-2016\" class=\"noLazy flagpm_photo swiper-lazy flagpm_photo_portrait\"><span class=\"swiper-lazy-preloader swiper-lazy-preloader-black\"><\/span><\/div><div class=\"swiper-slide flagpm_photo\" data-photo-id=\"18864\"><img data-src=\"https:\/\/bobvarela.com\/wp-content\/flagallery\/desigual-coleccion-hombre-otonoinvierno-2015-2016\/thumbs\/thumbs_desigual-030.jpg\" alt=\"Ready to Wear Fall\/Winter 2015-2016\" class=\"noLazy flagpm_photo swiper-lazy flagpm_photo_portrait\"><span class=\"swiper-lazy-preloader swiper-lazy-preloader-black\"><\/span><\/div><div class=\"swiper-slide flagpm_photo\" data-photo-id=\"18865\"><img data-src=\"https:\/\/bobvarela.com\/wp-content\/flagallery\/desigual-coleccion-hombre-otonoinvierno-2015-2016\/thumbs\/thumbs_desigual-031.jpg\" alt=\"Ready to Wear Fall\/Winter 2015-2016\" class=\"noLazy flagpm_photo swiper-lazy flagpm_photo_portrait\"><span class=\"swiper-lazy-preloader swiper-lazy-preloader-black\"><\/span><\/div><div class=\"swiper-slide flagpm_photo\" data-photo-id=\"18866\"><img data-src=\"https:\/\/bobvarela.com\/wp-content\/flagallery\/desigual-coleccion-hombre-otonoinvierno-2015-2016\/thumbs\/thumbs_desigual-032.jpg\" alt=\"Ready to Wear Fall\/Winter 2015-2016\" class=\"noLazy flagpm_photo swiper-lazy flagpm_photo_portrait\"><span class=\"swiper-lazy-preloader swiper-lazy-preloader-black\"><\/span><\/div><div class=\"swiper-slide flagpm_photo\" data-photo-id=\"18867\"><img data-src=\"https:\/\/bobvarela.com\/wp-content\/flagallery\/desigual-coleccion-hombre-otonoinvierno-2015-2016\/thumbs\/thumbs_desigual-033.jpg\" alt=\"Ready to Wear Fall\/Winter 2015-2016\" class=\"noLazy flagpm_photo swiper-lazy flagpm_photo_portrait\"><span class=\"swiper-lazy-preloader swiper-lazy-preloader-black\"><\/span><\/div><div class=\"swiper-slide flagpm_photo\" data-photo-id=\"18868\"><img data-src=\"https:\/\/bobvarela.com\/wp-content\/flagallery\/desigual-coleccion-hombre-otonoinvierno-2015-2016\/thumbs\/thumbs_desigual-034.jpg\" alt=\"Ready to Wear Fall\/Winter 2015-2016\" class=\"noLazy flagpm_photo swiper-lazy flagpm_photo_portrait\"><span class=\"swiper-lazy-preloader swiper-lazy-preloader-black\"><\/span><\/div><div class=\"swiper-slide flagpm_photo\" data-photo-id=\"18869\"><img data-src=\"https:\/\/bobvarela.com\/wp-content\/flagallery\/desigual-coleccion-hombre-otonoinvierno-2015-2016\/thumbs\/thumbs_desigual-035.jpg\" alt=\"Ready to Wear Fall\/Winter 2015-2016\" class=\"noLazy flagpm_photo swiper-lazy flagpm_photo_portrait\"><span class=\"swiper-lazy-preloader swiper-lazy-preloader-black\"><\/span><\/div><div class=\"swiper-slide flagpm_photo\" data-photo-id=\"18870\"><img data-src=\"https:\/\/bobvarela.com\/wp-content\/flagallery\/desigual-coleccion-hombre-otonoinvierno-2015-2016\/thumbs\/thumbs_desigual-036.jpg\" alt=\"Ready to Wear Fall\/Winter 2015-2016\" class=\"noLazy flagpm_photo swiper-lazy flagpm_photo_portrait\"><span class=\"swiper-lazy-preloader swiper-lazy-preloader-black\"><\/span><\/div><div class=\"swiper-slide flagpm_photo\" data-photo-id=\"18871\"><img data-src=\"https:\/\/bobvarela.com\/wp-content\/flagallery\/desigual-coleccion-hombre-otonoinvierno-2015-2016\/thumbs\/thumbs_desigual-037.jpg\" alt=\"Ready to Wear Fall\/Winter 2015-2016\" class=\"noLazy flagpm_photo swiper-lazy flagpm_photo_portrait\"><span class=\"swiper-lazy-preloader swiper-lazy-preloader-black\"><\/span><\/div><div class=\"swiper-slide flagpm_photo\" data-photo-id=\"18872\"><img data-src=\"https:\/\/bobvarela.com\/wp-content\/flagallery\/desigual-coleccion-hombre-otonoinvierno-2015-2016\/thumbs\/thumbs_desigual-038.jpg\" alt=\"Ready to Wear Fall\/Winter 2015-2016\" class=\"noLazy flagpm_photo swiper-lazy flagpm_photo_portrait\"><span class=\"swiper-lazy-preloader swiper-lazy-preloader-black\"><\/span><\/div><div class=\"swiper-slide flagpm_photo\" data-photo-id=\"18873\"><img data-src=\"https:\/\/bobvarela.com\/wp-content\/flagallery\/desigual-coleccion-hombre-otonoinvierno-2015-2016\/thumbs\/thumbs_desigual-039.jpg\" alt=\"Ready to Wear Fall\/Winter 2015-2016\" class=\"noLazy flagpm_photo swiper-lazy flagpm_photo_portrait\"><span class=\"swiper-lazy-preloader swiper-lazy-preloader-black\"><\/span><\/div><div class=\"swiper-slide flagpm_photo\" data-photo-id=\"18874\"><img data-src=\"https:\/\/bobvarela.com\/wp-content\/flagallery\/desigual-coleccion-hombre-otonoinvierno-2015-2016\/thumbs\/thumbs_desigual-040.jpg\" alt=\"Ready to Wear Fall\/Winter 2015-2016\" class=\"noLazy flagpm_photo swiper-lazy flagpm_photo_portrait\"><span class=\"swiper-lazy-preloader swiper-lazy-preloader-black\"><\/span><\/div><div class=\"swiper-slide flagpm_photo\" data-photo-id=\"18875\"><img data-src=\"https:\/\/bobvarela.com\/wp-content\/flagallery\/desigual-coleccion-hombre-otonoinvierno-2015-2016\/thumbs\/thumbs_desigual-041.jpg\" alt=\"Ready to Wear Fall\/Winter 2015-2016\" class=\"noLazy flagpm_photo swiper-lazy flagpm_photo_portrait\"><span class=\"swiper-lazy-preloader swiper-lazy-preloader-black\"><\/span><\/div><div class=\"swiper-slide flagpm_photo\" data-photo-id=\"18876\"><img data-src=\"https:\/\/bobvarela.com\/wp-content\/flagallery\/desigual-coleccion-hombre-otonoinvierno-2015-2016\/thumbs\/thumbs_desigual-042.jpg\" alt=\"Ready to Wear Fall\/Winter 2015-2016\" class=\"noLazy flagpm_photo swiper-lazy flagpm_photo_portrait\"><span class=\"swiper-lazy-preloader swiper-lazy-preloader-black\"><\/span><\/div><div class=\"swiper-slide flagpm_photo\" data-photo-id=\"18877\"><img data-src=\"https:\/\/bobvarela.com\/wp-content\/flagallery\/desigual-coleccion-hombre-otonoinvierno-2015-2016\/thumbs\/thumbs_desigual-043.jpg\" alt=\"Ready to Wear Fall\/Winter 2015-2016\" class=\"noLazy flagpm_photo swiper-lazy flagpm_photo_portrait\"><span class=\"swiper-lazy-preloader swiper-lazy-preloader-black\"><\/span><\/div><div class=\"swiper-slide flagpm_photo\" data-photo-id=\"18878\"><img data-src=\"https:\/\/bobvarela.com\/wp-content\/flagallery\/desigual-coleccion-hombre-otonoinvierno-2015-2016\/thumbs\/thumbs_desigual-044.jpg\" alt=\"Ready to Wear Fall\/Winter 2015-2016\" class=\"noLazy flagpm_photo swiper-lazy flagpm_photo_portrait\"><span class=\"swiper-lazy-preloader swiper-lazy-preloader-black\"><\/span><\/div><div class=\"swiper-slide flagpm_photo\" data-photo-id=\"18879\"><img data-src=\"https:\/\/bobvarela.com\/wp-content\/flagallery\/desigual-coleccion-hombre-otonoinvierno-2015-2016\/thumbs\/thumbs_desigual-045.jpg\" alt=\"Ready to Wear Fall\/Winter 2015-2016\" class=\"noLazy flagpm_photo swiper-lazy flagpm_photo_portrait\"><span class=\"swiper-lazy-preloader swiper-lazy-preloader-black\"><\/span><\/div><div class=\"swiper-slide flagpm_photo\" data-photo-id=\"18880\"><img data-src=\"https:\/\/bobvarela.com\/wp-content\/flagallery\/desigual-coleccion-hombre-otonoinvierno-2015-2016\/thumbs\/thumbs_desigual-046.jpg\" alt=\"Ready to Wear Fall\/Winter 2015-2016\" class=\"noLazy flagpm_photo swiper-lazy flagpm_photo_portrait\"><span class=\"swiper-lazy-preloader swiper-lazy-preloader-black\"><\/span><\/div><div class=\"swiper-slide flagpm_photo\" data-photo-id=\"18881\"><img data-src=\"https:\/\/bobvarela.com\/wp-content\/flagallery\/desigual-coleccion-hombre-otonoinvierno-2015-2016\/thumbs\/thumbs_desigual-047.jpg\" alt=\"Ready to Wear Fall\/Winter 2015-2016\" class=\"noLazy flagpm_photo swiper-lazy flagpm_photo_portrait\"><span class=\"swiper-lazy-preloader swiper-lazy-preloader-black\"><\/span><\/div><div class=\"swiper-slide flagpm_photo\" data-photo-id=\"18882\"><img data-src=\"https:\/\/bobvarela.com\/wp-content\/flagallery\/desigual-coleccion-hombre-otonoinvierno-2015-2016\/thumbs\/thumbs_desigual-048.jpg\" alt=\"Ready to Wear Fall\/Winter 2015-2016\" class=\"noLazy flagpm_photo swiper-lazy flagpm_photo_portrait\"><span class=\"swiper-lazy-preloader swiper-lazy-preloader-black\"><\/span><\/div><div class=\"swiper-slide flagpm_photo\" data-photo-id=\"18883\"><img data-src=\"https:\/\/bobvarela.com\/wp-content\/flagallery\/desigual-coleccion-hombre-otonoinvierno-2015-2016\/thumbs\/thumbs_desigual-049.jpg\" alt=\"Ready to Wear Fall\/Winter 2015-2016\" class=\"noLazy flagpm_photo swiper-lazy flagpm_photo_portrait\"><span class=\"swiper-lazy-preloader swiper-lazy-preloader-black\"><\/span><\/div><div class=\"swiper-slide flagpm_photo\" data-photo-id=\"18884\"><img data-src=\"https:\/\/bobvarela.com\/wp-content\/flagallery\/desigual-coleccion-hombre-otonoinvierno-2015-2016\/thumbs\/thumbs_desigual-050.jpg\" alt=\"Ready to Wear Fall\/Winter 2015-2016\" class=\"noLazy flagpm_photo swiper-lazy flagpm_photo_portrait\"><span class=\"swiper-lazy-preloader swiper-lazy-preloader-black\"><\/span><\/div><div class=\"swiper-slide flagpm_photo\" data-photo-id=\"18885\"><img data-src=\"https:\/\/bobvarela.com\/wp-content\/flagallery\/desigual-coleccion-hombre-otonoinvierno-2015-2016\/thumbs\/thumbs_desigual-051.jpg\" alt=\"Ready to Wear Fall\/Winter 2015-2016\" class=\"noLazy flagpm_photo swiper-lazy flagpm_photo_portrait\"><span class=\"swiper-lazy-preloader swiper-lazy-preloader-black\"><\/span><\/div><div class=\"swiper-slide flagpm_photo\" data-photo-id=\"18886\"><img data-src=\"https:\/\/bobvarela.com\/wp-content\/flagallery\/desigual-coleccion-hombre-otonoinvierno-2015-2016\/thumbs\/thumbs_desigual-052.jpg\" alt=\"Ready to Wear Fall\/Winter 2015-2016\" class=\"noLazy flagpm_photo swiper-lazy flagpm_photo_portrait\"><span class=\"swiper-lazy-preloader swiper-lazy-preloader-black\"><\/span><\/div><div class=\"swiper-slide flagpm_photo\" data-photo-id=\"18887\"><img data-src=\"https:\/\/bobvarela.com\/wp-content\/flagallery\/desigual-coleccion-hombre-otonoinvierno-2015-2016\/thumbs\/thumbs_desigual-053.jpg\" alt=\"Ready to Wear Fall\/Winter 2015-2016\" class=\"noLazy flagpm_photo swiper-lazy flagpm_photo_portrait\"><span class=\"swiper-lazy-preloader swiper-lazy-preloader-black\"><\/span><\/div><div class=\"swiper-slide flagpm_photo\" data-photo-id=\"18888\"><img data-src=\"https:\/\/bobvarela.com\/wp-content\/flagallery\/desigual-coleccion-hombre-otonoinvierno-2015-2016\/thumbs\/thumbs_desigual-054.jpg\" alt=\"Ready to Wear Fall\/Winter 2015-2016\" class=\"noLazy flagpm_photo swiper-lazy flagpm_photo_portrait\"><span class=\"swiper-lazy-preloader swiper-lazy-preloader-black\"><\/span><\/div><div class=\"swiper-slide flagpm_photo\" data-photo-id=\"18889\"><img data-src=\"https:\/\/bobvarela.com\/wp-content\/flagallery\/desigual-coleccion-hombre-otonoinvierno-2015-2016\/thumbs\/thumbs_desigual-055.jpg\" alt=\"Ready to Wear Fall\/Winter 2015-2016\" class=\"noLazy flagpm_photo swiper-lazy flagpm_photo_portrait\"><span class=\"swiper-lazy-preloader swiper-lazy-preloader-black\"><\/span><\/div><div class=\"swiper-slide flagpm_photo\" data-photo-id=\"18890\"><img data-src=\"https:\/\/bobvarela.com\/wp-content\/flagallery\/desigual-coleccion-hombre-otonoinvierno-2015-2016\/thumbs\/thumbs_desigual-056.jpg\" alt=\"Ready to Wear Fall\/Winter 2015-2016\" class=\"noLazy flagpm_photo swiper-lazy flagpm_photo_portrait\"><span class=\"swiper-lazy-preloader swiper-lazy-preloader-black\"><\/span><\/div><div class=\"swiper-slide flagpm_photo\" data-photo-id=\"18891\"><img data-src=\"https:\/\/bobvarela.com\/wp-content\/flagallery\/desigual-coleccion-hombre-otonoinvierno-2015-2016\/thumbs\/thumbs_desigual-057.jpg\" alt=\"Ready to Wear Fall\/Winter 2015-2016\" class=\"noLazy flagpm_photo swiper-lazy flagpm_photo_portrait\"><span class=\"swiper-lazy-preloader swiper-lazy-preloader-black\"><\/span><\/div><div class=\"swiper-slide flagpm_photo\" data-photo-id=\"18892\"><img data-src=\"https:\/\/bobvarela.com\/wp-content\/flagallery\/desigual-coleccion-hombre-otonoinvierno-2015-2016\/thumbs\/thumbs_desigual-058.jpg\" alt=\"Ready to Wear Fall\/Winter 2015-2016\" class=\"noLazy flagpm_photo swiper-lazy flagpm_photo_portrait\"><span class=\"swiper-lazy-preloader swiper-lazy-preloader-black\"><\/span><\/div><div class=\"swiper-slide flagpm_photo\" data-photo-id=\"18893\"><img data-src=\"https:\/\/bobvarela.com\/wp-content\/flagallery\/desigual-coleccion-hombre-otonoinvierno-2015-2016\/thumbs\/thumbs_desigual-059.jpg\" alt=\"Ready to Wear Fall\/Winter 2015-2016\" class=\"noLazy flagpm_photo swiper-lazy flagpm_photo_portrait\"><span class=\"swiper-lazy-preloader swiper-lazy-preloader-black\"><\/span><\/div><div class=\"swiper-slide flagpm_photo\" data-photo-id=\"18894\"><img data-src=\"https:\/\/bobvarela.com\/wp-content\/flagallery\/desigual-coleccion-hombre-otonoinvierno-2015-2016\/thumbs\/thumbs_desigual-060.jpg\" alt=\"Ready to Wear Fall\/Winter 2015-2016\" class=\"noLazy flagpm_photo swiper-lazy flagpm_photo_portrait\"><span class=\"swiper-lazy-preloader swiper-lazy-preloader-black\"><\/span><\/div><div class=\"swiper-slide flagpm_photo\" data-photo-id=\"18895\"><img data-src=\"https:\/\/bobvarela.com\/wp-content\/flagallery\/desigual-coleccion-hombre-otonoinvierno-2015-2016\/thumbs\/thumbs_desigual-061.jpg\" alt=\"Ready to Wear Fall\/Winter 2015-2016\" class=\"noLazy flagpm_photo swiper-lazy flagpm_photo_portrait\"><span class=\"swiper-lazy-preloader swiper-lazy-preloader-black\"><\/span><\/div> <\/div> <\/div> <\/div> <div class=\"flagpm_next_button\"><\/div> <\/div> <div class=\"flagpm_big_button_wrap\"> <div class=\"flagpm_share_wrapper\"> <a class=\"flagpm_button flagpm_share\">Share<\/a> <div class=\"flagpm_sharelizers_wrap\"> <ul class=\"flagpm_sharelizers\"> <li style=\"list-style:none;\"><a class=\"flagpm_button flagpm_facebook flagpm_sharelizer\">Facebook<\/a><\/li> <li style=\"list-style:none;\"><a class=\"flagpm_button flagpm_twitter flagpm_sharelizer\">Twitter<\/a><\/li> <li style=\"list-style:none;\"><a class=\"flagpm_button flagpm_pinterest flagpm_sharelizer\">Pinterest<\/a><\/li> <li style=\"list-style:none;\"><a class=\"flagpm_button flagpm_stumbleupon flagpm_sharelizer\">StumbleUpon<\/a><\/li> <\/ul> <\/div> <\/div> <a class=\"flagpm_button flagpm_like\">Like<\/a> <\/div> <div class=\"flagpm_big_button_wrap\"> <a class=\"flagpm_big_button flagpm_download_button\" href=\"https:\/\/bobvarela.com\/wp-content\/flagallery\/desigual-coleccion-hombre-otonoinvierno-2015-2016\/desigual-002.jpg\" download=\"desigual-002.jpg\"> <span class=\"flagpm_icon\"><\/span> <span class=\"flagpm_label\">Download<\/span> <\/a> <\/div> <div class=\"flagpm_big_button_wrap\"> <a class=\"flagpm_big_button flagpm_link_button flagpm_inactive\" > <span class=\"flagpm_icon\"><\/span> <span class=\"flagpm_label\">Open Link<\/span> <\/a> <\/div> <\/div> <\/div> <\/div> <div class=\"flagpm_focus_close_full\"> <span><a class=\"flagpm_button flagpm_close\">Close<\/a><\/span> <span><a class=\"flagpm_button flagpm_full\">Full<\/a><\/span> <\/div> <div class=\"flagpm_photo_details\"> <div class=\"flagpm_description_wrap\"> <div class=\"details_title\">Description<\/div> <div class=\"flagpm_description_text_wrap\"> <div class=\"flagpm_slide_description\"><p>Ready to Wear Fall\/Winter 2015-2016<\/p><\/div> <\/div> <\/div> <\/div> <div class=\"flagpm_focus_footer\"> <div class=\"flagpm_focus_keyboard\"> <div class=\"flagpm_focus_keyboard_title\">Keyboard Shortcuts <a class=\"flagpm_focus_keyboard_dismiss\">Dismiss<\/a><\/div> <ul> <li style=\"list-style:none;\"><a data-key=\"p\" class=\"flagpm_key\">S<\/a><span class=\"flagpm_label\">Slideshow<\/span><\/li> <li style=\"list-style:none;\"><a data-key=\"m\" class=\"flagpm_key\">M<\/a><span class=\"flagpm_label\">Maximize<\/span><\/li> <li style=\"list-style:none;\"><a data-key=\"left\" class=\"flagpm_key\">&nbsp;<\/a><span class=\"flagpm_label\">Previous<\/span><\/li> <li style=\"list-style:none;\"><a data-key=\"right\" class=\"flagpm_key\">&nbsp;<\/a><span class=\"flagpm_label\">Next<\/span><\/li> <li style=\"list-style:none;\"><a data-key=\"escape\" class=\"flagpm_key flagpm_esc\">esc<\/a><span class=\"flagpm_label\">Close<\/span><\/li> <\/ul> <\/div> <\/div> <\/div> <script type=\"text\/javascript\"> jQuery(function($) { var settings = {\"base_gallery_width\":\"800\",\"base_gallery_height\":\"500\",\"gallery_min_height\":\"230\",\"scale_mode\":\"fit\",\"initial_slide\":0,\"slideshow_autoplay\":\"0\",\"slideshow_delay\":\"7000\",\"gallery_focus\":\"0\",\"gallery_maximized\":\"0\",\"gallery_focus_maximized\":\"0\",\"keyboard_help\":\"1\",\"show_download_button\":\"1\",\"show_link_button\":\"1\",\"show_description\":\"1\",\"show_share_button\":\"1\",\"show_like_button\":\"1\",\"link_color\":\"#0099e5\",\"link_color_hover\":\"#02adea\",\"download_button_text\":\"Download\",\"link_button_text\":\"Open Link\",\"description_title\":\"Description\",\"key\":\"\",\"name\":\"\",\"gallID\":\"sc1_261\"}; var content = {\"data\":[{\"id\":\"18836\",\"image\":\"https:\\\/\\\/bobvarela.com\\\/wp-content\\\/flagallery\\\/desigual-coleccion-hombre-otonoinvierno-2015-2016\\\/webview\\\/desigual-002.jpg\",\"thumb\":\"https:\\\/\\\/bobvarela.com\\\/wp-content\\\/flagallery\\\/desigual-coleccion-hombre-otonoinvierno-2015-2016\\\/thumbs\\\/thumbs_desigual-002.jpg\",\"file\":\"desigual-002.jpg\",\"meta\":{\"aperture\":false,\"credit\":false,\"camera\":false,\"caption\":\"Ready to Wear Fall\\\/Winter 2015-2016\",\"created_timestamp\":\"February 3, 2015 10:11 pm\",\"copyright\":\"\\u00c2\\u00a9 2015 Estrop-Barcelona PHOTOGRAPH FOR EDITORIAL USE ONLY\",\"focal_length\":false,\"iso\":false,\"shutter_speed\":false,\"flash\":false,\"title\":\"Ready to Wear Fall\\\/Winter 2015-2016\",\"keywords\":\"2015-2016,Fall\\\/Winter,RTW\",\"width\":669,\"height\":1000,\"saved\":true,\"thumbnail\":{\"width\":220,\"height\":220,\"ewww_image_optimizer\":\"Reduced by 10.8% (3.8&nbsp;kB)\"},\"webview\":{\"0\":669,\"1\":1000,\"2\":2,\"3\":\"width=\\\"669\\\" height=\\\"1000\\\"\",\"bits\":8,\"channels\":3,\"mime\":\"image\\\/jpeg\",\"ewww_image_optimizer\":\"Reduced by 3.8% (4.7&nbsp;kB) - Previously Optimized\"},\"0\":false,\"ewww_image_optimizer\":\"Reduced by 2.8% (5.0&nbsp;kB)\",\"views\":\"86\",\"likes\":\"0\"},\"title\":\"Ready to Wear Fall\\\/Winter 2015-2016\",\"description\":\"<p>Ready to Wear Fall\\\/Winter 2015-2016<\\\/p>\",\"link\":null,\"link_target\":\"\",\"download\":\"https:\\\/\\\/bobvarela.com\\\/wp-content\\\/flagallery\\\/desigual-coleccion-hombre-otonoinvierno-2015-2016\\\/desigual-002.jpg\",\"ratio\":0.669000000000000039079850466805510222911834716796875},{\"id\":\"18837\",\"image\":\"https:\\\/\\\/bobvarela.com\\\/wp-content\\\/flagallery\\\/desigual-coleccion-hombre-otonoinvierno-2015-2016\\\/webview\\\/desigual-003.jpg\",\"thumb\":\"https:\\\/\\\/bobvarela.com\\\/wp-content\\\/flagallery\\\/desigual-coleccion-hombre-otonoinvierno-2015-2016\\\/thumbs\\\/thumbs_desigual-003.jpg\",\"file\":\"desigual-003.jpg\",\"meta\":{\"aperture\":false,\"credit\":false,\"camera\":false,\"caption\":\"Ready to Wear Fall\\\/Winter 2015-2016\",\"created_timestamp\":\"February 3, 2015 10:11 pm\",\"copyright\":\"\\u00c2\\u00a9 2015 Estrop-Barcelona PHOTOGRAPH FOR EDITORIAL USE ONLY\",\"focal_length\":false,\"iso\":false,\"shutter_speed\":false,\"flash\":false,\"title\":\"Ready to Wear Fall\\\/Winter 2015-2016\",\"keywords\":\"2015-2016,Fall\\\/Winter,RTW\",\"width\":669,\"height\":1000,\"saved\":true,\"thumbnail\":{\"width\":220,\"height\":220,\"ewww_image_optimizer\":\"Reduced by 10.9% (4.9&nbsp;kB)\"},\"webview\":{\"0\":669,\"1\":1000,\"2\":2,\"3\":\"width=\\\"669\\\" height=\\\"1000\\\"\",\"bits\":8,\"channels\":3,\"mime\":\"image\\\/jpeg\",\"ewww_image_optimizer\":\"Reduced by 5.5% (10.6&nbsp;kB) - Previously Optimized\"},\"0\":false,\"ewww_image_optimizer\":\"Reduced by 5.6% (10.8&nbsp;kB)\",\"views\":\"1\",\"likes\":\"0\"},\"title\":\"Ready to Wear Fall\\\/Winter 2015-2016\",\"description\":\"<p>Ready to Wear Fall\\\/Winter 2015-2016<\\\/p>\",\"link\":null,\"link_target\":\"\",\"download\":\"https:\\\/\\\/bobvarela.com\\\/wp-content\\\/flagallery\\\/desigual-coleccion-hombre-otonoinvierno-2015-2016\\\/desigual-003.jpg\",\"ratio\":0.669000000000000039079850466805510222911834716796875},{\"id\":\"18838\",\"image\":\"https:\\\/\\\/bobvarela.com\\\/wp-content\\\/flagallery\\\/desigual-coleccion-hombre-otonoinvierno-2015-2016\\\/webview\\\/desigual-004.jpg\",\"thumb\":\"https:\\\/\\\/bobvarela.com\\\/wp-content\\\/flagallery\\\/desigual-coleccion-hombre-otonoinvierno-2015-2016\\\/thumbs\\\/thumbs_desigual-004.jpg\",\"file\":\"desigual-004.jpg\",\"meta\":{\"aperture\":false,\"credit\":false,\"camera\":false,\"caption\":\"Ready to Wear Fall\\\/Winter 2015-2016\",\"created_timestamp\":\"February 3, 2015 10:11 pm\",\"copyright\":\"\\u00c2\\u00a9 2015 Estrop-Barcelona PHOTOGRAPH FOR EDITORIAL USE ONLY\",\"focal_length\":false,\"iso\":false,\"shutter_speed\":false,\"flash\":false,\"title\":\"Ready to Wear Fall\\\/Winter 2015-2016\",\"keywords\":\"2015-2016,Fall\\\/Winter,RTW\",\"width\":1337,\"height\":2000,\"saved\":true,\"thumbnail\":{\"width\":220,\"height\":220,\"ewww_image_optimizer\":\"Reduced by 10.2% (3.5&nbsp;kB)\"},\"webview\":{\"0\":802,\"1\":1200,\"2\":2,\"3\":\"width=\\\"802\\\" height=\\\"1200\\\"\",\"bits\":8,\"channels\":3,\"mime\":\"image\\\/jpeg\",\"ewww_image_optimizer\":\"Reduced by 3.2% (4.0&nbsp;kB) - Previously Optimized\"},\"0\":false,\"ewww_image_optimizer\":\"Reduced by 10.8% (17.9&nbsp;kB)\",\"views\":\"2\",\"likes\":\"0\"},\"title\":\"Ready to Wear Fall\\\/Winter 2015-2016\",\"description\":\"<p>Ready to Wear Fall\\\/Winter 2015-2016<\\\/p>\",\"link\":null,\"link_target\":\"\",\"download\":\"https:\\\/\\\/bobvarela.com\\\/wp-content\\\/flagallery\\\/desigual-coleccion-hombre-otonoinvierno-2015-2016\\\/desigual-004.jpg\",\"ratio\":0.66833333333333333481363069950020872056484222412109375},{\"id\":\"18839\",\"image\":\"https:\\\/\\\/bobvarela.com\\\/wp-content\\\/flagallery\\\/desigual-coleccion-hombre-otonoinvierno-2015-2016\\\/webview\\\/desigual-005.jpg\",\"thumb\":\"https:\\\/\\\/bobvarela.com\\\/wp-content\\\/flagallery\\\/desigual-coleccion-hombre-otonoinvierno-2015-2016\\\/thumbs\\\/thumbs_desigual-005.jpg\",\"file\":\"desigual-005.jpg\",\"meta\":{\"aperture\":false,\"credit\":false,\"camera\":false,\"caption\":\"Ready to Wear Fall\\\/Winter 2015-2016\",\"created_timestamp\":\"February 3, 2015 10:11 pm\",\"copyright\":\"\\u00c2\\u00a9 2015 Estrop-Barcelona PHOTOGRAPH FOR EDITORIAL USE ONLY\",\"focal_length\":false,\"iso\":false,\"shutter_speed\":false,\"flash\":false,\"title\":\"Ready to Wear Fall\\\/Winter 2015-2016\",\"keywords\":\"2015-2016,Fall\\\/Winter,RTW\",\"width\":1337,\"height\":2000,\"saved\":true,\"thumbnail\":{\"width\":220,\"height\":220,\"ewww_image_optimizer\":\"Reduced by 9.8% (3.8&nbsp;kB)\"},\"webview\":{\"0\":802,\"1\":1200,\"2\":2,\"3\":\"width=\\\"802\\\" height=\\\"1200\\\"\",\"bits\":8,\"channels\":3,\"mime\":\"image\\\/jpeg\",\"ewww_image_optimizer\":\"Reduced by 3.0% (4.1&nbsp;kB) - Previously Optimized\"},\"0\":false,\"ewww_image_optimizer\":\"Reduced by 7.6% (12.9&nbsp;kB)\",\"views\":\"1\",\"likes\":\"0\"},\"title\":\"Ready to Wear Fall\\\/Winter 2015-2016\",\"description\":\"<p>Ready to Wear Fall\\\/Winter 2015-2016<\\\/p>\",\"link\":null,\"link_target\":\"\",\"download\":\"https:\\\/\\\/bobvarela.com\\\/wp-content\\\/flagallery\\\/desigual-coleccion-hombre-otonoinvierno-2015-2016\\\/desigual-005.jpg\",\"ratio\":0.66833333333333333481363069950020872056484222412109375},{\"id\":\"18840\",\"image\":\"https:\\\/\\\/bobvarela.com\\\/wp-content\\\/flagallery\\\/desigual-coleccion-hombre-otonoinvierno-2015-2016\\\/webview\\\/desigual-006.jpg\",\"thumb\":\"https:\\\/\\\/bobvarela.com\\\/wp-content\\\/flagallery\\\/desigual-coleccion-hombre-otonoinvierno-2015-2016\\\/thumbs\\\/thumbs_desigual-006.jpg\",\"file\":\"desigual-006.jpg\",\"meta\":{\"aperture\":false,\"credit\":false,\"camera\":false,\"caption\":\"Ready to Wear Fall\\\/Winter 2015-2016\",\"created_timestamp\":\"February 3, 2015 10:12 pm\",\"copyright\":\"\\u00c2\\u00a9 2015 Estrop-Barcelona PHOTOGRAPH FOR EDITORIAL USE ONLY\",\"focal_length\":false,\"iso\":false,\"shutter_speed\":false,\"flash\":false,\"title\":\"Ready to Wear Fall\\\/Winter 2015-2016\",\"keywords\":\"2015-2016,Fall\\\/Winter,RTW\",\"width\":669,\"height\":1000,\"saved\":true,\"thumbnail\":{\"width\":220,\"height\":220,\"ewww_image_optimizer\":\"Reduced by 12.3% (5.0&nbsp;kB)\"},\"webview\":{\"0\":669,\"1\":1000,\"2\":2,\"3\":\"width=\\\"669\\\" height=\\\"1000\\\"\",\"bits\":8,\"channels\":3,\"mime\":\"image\\\/jpeg\",\"ewww_image_optimizer\":\"Reduced by 3.8% (5.2&nbsp;kB) - Previously Optimized\"},\"0\":false,\"ewww_image_optimizer\":\"Reduced by 5.6% (9.8&nbsp;kB)\",\"views\":\"1\",\"likes\":\"0\"},\"title\":\"Ready to Wear Fall\\\/Winter 2015-2016\",\"description\":\"<p>Ready to Wear Fall\\\/Winter 2015-2016<\\\/p>\",\"link\":null,\"link_target\":\"\",\"download\":\"https:\\\/\\\/bobvarela.com\\\/wp-content\\\/flagallery\\\/desigual-coleccion-hombre-otonoinvierno-2015-2016\\\/desigual-006.jpg\",\"ratio\":0.669000000000000039079850466805510222911834716796875},{\"id\":\"18841\",\"image\":\"https:\\\/\\\/bobvarela.com\\\/wp-content\\\/flagallery\\\/desigual-coleccion-hombre-otonoinvierno-2015-2016\\\/webview\\\/desigual-007.jpg\",\"thumb\":\"https:\\\/\\\/bobvarela.com\\\/wp-content\\\/flagallery\\\/desigual-coleccion-hombre-otonoinvierno-2015-2016\\\/thumbs\\\/thumbs_desigual-007.jpg\",\"file\":\"desigual-007.jpg\",\"meta\":{\"aperture\":false,\"credit\":false,\"camera\":false,\"caption\":\"Ready to Wear Fall\\\/Winter 2015-2016\",\"created_timestamp\":\"February 3, 2015 10:12 pm\",\"copyright\":\"\\u00c2\\u00a9 2015 Estrop-Barcelona PHOTOGRAPH FOR EDITORIAL USE ONLY\",\"focal_length\":false,\"iso\":false,\"shutter_speed\":false,\"flash\":false,\"title\":\"Ready to Wear Fall\\\/Winter 2015-2016\",\"keywords\":\"2015-2016,Fall\\\/Winter,RTW\",\"width\":669,\"height\":1000,\"saved\":true,\"thumbnail\":{\"width\":220,\"height\":220,\"ewww_image_optimizer\":\"Reduced by 13.9% (7.7&nbsp;kB)\"},\"webview\":{\"0\":669,\"1\":1000,\"2\":2,\"3\":\"width=\\\"669\\\" height=\\\"1000\\\"\",\"bits\":8,\"channels\":3,\"mime\":\"image\\\/jpeg\",\"ewww_image_optimizer\":\"Reduced by 9.9% (18.7&nbsp;kB) - Previously Optimized\"},\"0\":false,\"ewww_image_optimizer\":\"Reduced by 8.2% (14.5&nbsp;kB)\",\"views\":\"1\",\"likes\":\"0\"},\"title\":\"Ready to Wear Fall\\\/Winter 2015-2016\",\"description\":\"<p>Ready to Wear Fall\\\/Winter 2015-2016<\\\/p>\",\"link\":null,\"link_target\":\"\",\"download\":\"https:\\\/\\\/bobvarela.com\\\/wp-content\\\/flagallery\\\/desigual-coleccion-hombre-otonoinvierno-2015-2016\\\/desigual-007.jpg\",\"ratio\":0.669000000000000039079850466805510222911834716796875},{\"id\":\"18842\",\"image\":\"https:\\\/\\\/bobvarela.com\\\/wp-content\\\/flagallery\\\/desigual-coleccion-hombre-otonoinvierno-2015-2016\\\/webview\\\/desigual-008.jpg\",\"thumb\":\"https:\\\/\\\/bobvarela.com\\\/wp-content\\\/flagallery\\\/desigual-coleccion-hombre-otonoinvierno-2015-2016\\\/thumbs\\\/thumbs_desigual-008.jpg\",\"file\":\"desigual-008.jpg\",\"meta\":{\"aperture\":false,\"credit\":false,\"camera\":false,\"caption\":\"Ready to Wear Fall\\\/Winter 2015-2016\",\"created_timestamp\":\"February 3, 2015 10:12 pm\",\"copyright\":\"\\u00c2\\u00a9 2015 Estrop-Barcelona PHOTOGRAPH FOR EDITORIAL USE ONLY\",\"focal_length\":false,\"iso\":false,\"shutter_speed\":false,\"flash\":false,\"title\":\"Ready to Wear Fall\\\/Winter 2015-2016\",\"keywords\":\"2015-2016,Fall\\\/Winter,RTW\",\"width\":1337,\"height\":2000,\"saved\":true,\"thumbnail\":{\"width\":220,\"height\":220,\"ewww_image_optimizer\":\"Reduced by 11.0% (4.5&nbsp;kB)\"},\"webview\":{\"0\":802,\"1\":1200,\"2\":2,\"3\":\"width=\\\"802\\\" height=\\\"1200\\\"\",\"bits\":8,\"channels\":3,\"mime\":\"image\\\/jpeg\",\"ewww_image_optimizer\":\"Reduced by 3.6% (5.3&nbsp;kB) - Previously Optimized\"},\"0\":false,\"ewww_image_optimizer\":\"Reduced by 7.0% (13.5&nbsp;kB)\",\"views\":\"1\",\"likes\":\"0\"},\"title\":\"Ready to Wear Fall\\\/Winter 2015-2016\",\"description\":\"<p>Ready to Wear Fall\\\/Winter 2015-2016<\\\/p>\",\"link\":null,\"link_target\":\"\",\"download\":\"https:\\\/\\\/bobvarela.com\\\/wp-content\\\/flagallery\\\/desigual-coleccion-hombre-otonoinvierno-2015-2016\\\/desigual-008.jpg\",\"ratio\":0.66833333333333333481363069950020872056484222412109375},{\"id\":\"18843\",\"image\":\"https:\\\/\\\/bobvarela.com\\\/wp-content\\\/flagallery\\\/desigual-coleccion-hombre-otonoinvierno-2015-2016\\\/webview\\\/desigual-009.jpg\",\"thumb\":\"https:\\\/\\\/bobvarela.com\\\/wp-content\\\/flagallery\\\/desigual-coleccion-hombre-otonoinvierno-2015-2016\\\/thumbs\\\/thumbs_desigual-009.jpg\",\"file\":\"desigual-009.jpg\",\"meta\":{\"aperture\":false,\"credit\":false,\"camera\":false,\"caption\":\"Ready to Wear Fall\\\/Winter 2015-2016\",\"created_timestamp\":\"February 3, 2015 10:12 pm\",\"copyright\":\"\\u00c2\\u00a9 2015 Estrop-Barcelona PHOTOGRAPH FOR EDITORIAL USE ONLY\",\"focal_length\":false,\"iso\":false,\"shutter_speed\":false,\"flash\":false,\"title\":\"Ready to Wear Fall\\\/Winter 2015-2016\",\"keywords\":\"2015-2016,Fall\\\/Winter,RTW\",\"width\":669,\"height\":1000,\"saved\":true,\"thumbnail\":{\"width\":220,\"height\":220,\"ewww_image_optimizer\":\"Reduced by 10.8% (4.9&nbsp;kB)\"},\"webview\":{\"0\":669,\"1\":1000,\"2\":2,\"3\":\"width=\\\"669\\\" height=\\\"1000\\\"\",\"bits\":8,\"channels\":3,\"mime\":\"image\\\/jpeg\",\"ewww_image_optimizer\":\"Reduced by 4.1% (6.8&nbsp;kB) - Previously Optimized\"},\"0\":false,\"ewww_image_optimizer\":\"Reduced by 4.8% (8.2&nbsp;kB)\",\"views\":\"1\",\"likes\":\"0\"},\"title\":\"Ready to Wear Fall\\\/Winter 2015-2016\",\"description\":\"<p>Ready to Wear Fall\\\/Winter 2015-2016<\\\/p>\",\"link\":null,\"link_target\":\"\",\"download\":\"https:\\\/\\\/bobvarela.com\\\/wp-content\\\/flagallery\\\/desigual-coleccion-hombre-otonoinvierno-2015-2016\\\/desigual-009.jpg\",\"ratio\":0.669000000000000039079850466805510222911834716796875},{\"id\":\"18844\",\"image\":\"https:\\\/\\\/bobvarela.com\\\/wp-content\\\/flagallery\\\/desigual-coleccion-hombre-otonoinvierno-2015-2016\\\/webview\\\/desigual-010.jpg\",\"thumb\":\"https:\\\/\\\/bobvarela.com\\\/wp-content\\\/flagallery\\\/desigual-coleccion-hombre-otonoinvierno-2015-2016\\\/thumbs\\\/thumbs_desigual-010.jpg\",\"file\":\"desigual-010.jpg\",\"meta\":{\"aperture\":false,\"credit\":false,\"camera\":false,\"caption\":\"Ready to Wear Fall\\\/Winter 2015-2016\",\"created_timestamp\":\"February 3, 2015 10:12 pm\",\"copyright\":\"\\u00c2\\u00a9 2015 Estrop-Barcelona PHOTOGRAPH FOR EDITORIAL USE ONLY\",\"focal_length\":false,\"iso\":false,\"shutter_speed\":false,\"flash\":false,\"title\":\"Ready to Wear Fall\\\/Winter 2015-2016\",\"keywords\":\"2015-2016,Fall\\\/Winter,RTW\",\"width\":669,\"height\":1000,\"saved\":true,\"thumbnail\":{\"width\":220,\"height\":220,\"ewww_image_optimizer\":\"Reduced by 10.6% (4.7&nbsp;kB)\"},\"webview\":{\"0\":669,\"1\":1000,\"2\":2,\"3\":\"width=\\\"669\\\" height=\\\"1000\\\"\",\"bits\":8,\"channels\":3,\"mime\":\"image\\\/jpeg\",\"ewww_image_optimizer\":\"Reduced by 4.1% (7.3&nbsp;kB) - Previously Optimized\"},\"0\":false,\"ewww_image_optimizer\":\"Reduced by 5.1% (9.4&nbsp;kB)\",\"views\":\"1\",\"likes\":\"0\"},\"title\":\"Ready to Wear Fall\\\/Winter 2015-2016\",\"description\":\"<p>Ready to Wear Fall\\\/Winter 2015-2016<\\\/p>\",\"link\":null,\"link_target\":\"\",\"download\":\"https:\\\/\\\/bobvarela.com\\\/wp-content\\\/flagallery\\\/desigual-coleccion-hombre-otonoinvierno-2015-2016\\\/desigual-010.jpg\",\"ratio\":0.669000000000000039079850466805510222911834716796875},{\"id\":\"18845\",\"image\":\"https:\\\/\\\/bobvarela.com\\\/wp-content\\\/flagallery\\\/desigual-coleccion-hombre-otonoinvierno-2015-2016\\\/webview\\\/desigual-011.jpg\",\"thumb\":\"https:\\\/\\\/bobvarela.com\\\/wp-content\\\/flagallery\\\/desigual-coleccion-hombre-otonoinvierno-2015-2016\\\/thumbs\\\/thumbs_desigual-011.jpg\",\"file\":\"desigual-011.jpg\",\"meta\":{\"aperture\":false,\"credit\":false,\"camera\":false,\"caption\":\"Ready to Wear Fall\\\/Winter 2015-2016\",\"created_timestamp\":\"February 3, 2015 10:12 pm\",\"copyright\":\"\\u00c2\\u00a9 2015 Estrop-Barcelona PHOTOGRAPH FOR EDITORIAL USE ONLY\",\"focal_length\":false,\"iso\":false,\"shutter_speed\":false,\"flash\":false,\"title\":\"Ready to Wear Fall\\\/Winter 2015-2016\",\"keywords\":\"2015-2016,Fall\\\/Winter,RTW\",\"width\":1337,\"height\":2000,\"saved\":true,\"thumbnail\":{\"width\":220,\"height\":220,\"ewww_image_optimizer\":\"Reduced by 11.1% (4.3&nbsp;kB)\"},\"webview\":{\"0\":802,\"1\":1200,\"2\":2,\"3\":\"width=\\\"802\\\" height=\\\"1200\\\"\",\"bits\":8,\"channels\":3,\"mime\":\"image\\\/jpeg\",\"ewww_image_optimizer\":\"Reduced by 3.7% (5.2&nbsp;kB) - Previously Optimized\"},\"0\":false,\"ewww_image_optimizer\":\"Reduced by 13.7% (24.5&nbsp;kB)\",\"views\":\"2\",\"likes\":\"0\"},\"title\":\"Ready to Wear Fall\\\/Winter 2015-2016\",\"description\":\"<p>Ready to Wear Fall\\\/Winter 2015-2016<\\\/p>\",\"link\":null,\"link_target\":\"\",\"download\":\"https:\\\/\\\/bobvarela.com\\\/wp-content\\\/flagallery\\\/desigual-coleccion-hombre-otonoinvierno-2015-2016\\\/desigual-011.jpg\",\"ratio\":0.66833333333333333481363069950020872056484222412109375},{\"id\":\"18846\",\"image\":\"https:\\\/\\\/bobvarela.com\\\/wp-content\\\/flagallery\\\/desigual-coleccion-hombre-otonoinvierno-2015-2016\\\/webview\\\/desigual-012.jpg\",\"thumb\":\"https:\\\/\\\/bobvarela.com\\\/wp-content\\\/flagallery\\\/desigual-coleccion-hombre-otonoinvierno-2015-2016\\\/thumbs\\\/thumbs_desigual-012.jpg\",\"file\":\"desigual-012.jpg\",\"meta\":{\"aperture\":false,\"credit\":false,\"camera\":false,\"caption\":\"Ready to Wear Fall\\\/Winter 2015-2016\",\"created_timestamp\":\"February 3, 2015 10:12 pm\",\"copyright\":\"\\u00c2\\u00a9 2015 Estrop-Barcelona PHOTOGRAPH FOR EDITORIAL USE ONLY\",\"focal_length\":false,\"iso\":false,\"shutter_speed\":false,\"flash\":false,\"title\":\"Ready to Wear Fall\\\/Winter 2015-2016\",\"keywords\":\"2015-2016,Fall\\\/Winter,RTW\",\"width\":1337,\"height\":2000,\"saved\":true,\"thumbnail\":{\"width\":220,\"height\":220,\"ewww_image_optimizer\":\"Reduced by 11.2% (5.3&nbsp;kB)\"},\"webview\":{\"0\":802,\"1\":1200,\"2\":2,\"3\":\"width=\\\"802\\\" height=\\\"1200\\\"\",\"bits\":8,\"channels\":3,\"mime\":\"image\\\/jpeg\",\"ewww_image_optimizer\":\"Reduced by 4.1% (8.0&nbsp;kB) - Previously Optimized\"},\"0\":false,\"ewww_image_optimizer\":\"Reduced by 13.5% (25.5&nbsp;kB)\",\"views\":\"1\",\"likes\":\"0\"},\"title\":\"Ready to Wear Fall\\\/Winter 2015-2016\",\"description\":\"<p>Ready to Wear Fall\\\/Winter 2015-2016<\\\/p>\",\"link\":null,\"link_target\":\"\",\"download\":\"https:\\\/\\\/bobvarela.com\\\/wp-content\\\/flagallery\\\/desigual-coleccion-hombre-otonoinvierno-2015-2016\\\/desigual-012.jpg\",\"ratio\":0.66833333333333333481363069950020872056484222412109375},{\"id\":\"18847\",\"image\":\"https:\\\/\\\/bobvarela.com\\\/wp-content\\\/flagallery\\\/desigual-coleccion-hombre-otonoinvierno-2015-2016\\\/webview\\\/desigual-013.jpg\",\"thumb\":\"https:\\\/\\\/bobvarela.com\\\/wp-content\\\/flagallery\\\/desigual-coleccion-hombre-otonoinvierno-2015-2016\\\/thumbs\\\/thumbs_desigual-013.jpg\",\"file\":\"desigual-013.jpg\",\"meta\":{\"aperture\":false,\"credit\":false,\"camera\":false,\"caption\":\"Ready to Wear Fall\\\/Winter 2015-2016\",\"created_timestamp\":\"February 3, 2015 10:12 pm\",\"copyright\":\"\\u00c2\\u00a9 2015 Estrop-Barcelona PHOTOGRAPH FOR EDITORIAL USE ONLY\",\"focal_length\":false,\"iso\":false,\"shutter_speed\":false,\"flash\":false,\"title\":\"Ready to Wear Fall\\\/Winter 2015-2016\",\"keywords\":\"2015-2016,Fall\\\/Winter,RTW\",\"width\":669,\"height\":1000,\"saved\":true,\"thumbnail\":{\"width\":220,\"height\":220,\"ewww_image_optimizer\":\"Reduced by 11.3% (5.4&nbsp;kB)\"},\"webview\":{\"0\":669,\"1\":1000,\"2\":2,\"3\":\"width=\\\"669\\\" height=\\\"1000\\\"\",\"bits\":8,\"channels\":3,\"mime\":\"image\\\/jpeg\",\"ewww_image_optimizer\":\"Reduced by 5.4% (9.6&nbsp;kB) - Previously Optimized\"},\"0\":false,\"ewww_image_optimizer\":\"Reduced by 6.1% (11.6&nbsp;kB)\",\"views\":\"1\",\"likes\":\"0\"},\"title\":\"Ready to Wear Fall\\\/Winter 2015-2016\",\"description\":\"<p>Ready to Wear Fall\\\/Winter 2015-2016<\\\/p>\",\"link\":null,\"link_target\":\"\",\"download\":\"https:\\\/\\\/bobvarela.com\\\/wp-content\\\/flagallery\\\/desigual-coleccion-hombre-otonoinvierno-2015-2016\\\/desigual-013.jpg\",\"ratio\":0.669000000000000039079850466805510222911834716796875},{\"id\":\"18848\",\"image\":\"https:\\\/\\\/bobvarela.com\\\/wp-content\\\/flagallery\\\/desigual-coleccion-hombre-otonoinvierno-2015-2016\\\/webview\\\/desigual-014.jpg\",\"thumb\":\"https:\\\/\\\/bobvarela.com\\\/wp-content\\\/flagallery\\\/desigual-coleccion-hombre-otonoinvierno-2015-2016\\\/thumbs\\\/thumbs_desigual-014.jpg\",\"file\":\"desigual-014.jpg\",\"meta\":{\"aperture\":false,\"credit\":false,\"camera\":false,\"caption\":\"Ready to Wear Fall\\\/Winter 2015-2016\",\"created_timestamp\":\"February 3, 2015 10:12 pm\",\"copyright\":\"\\u00c2\\u00a9 2015 Estrop-Barcelona PHOTOGRAPH FOR EDITORIAL USE ONLY\",\"focal_length\":false,\"iso\":false,\"shutter_speed\":false,\"flash\":false,\"title\":\"Ready to Wear Fall\\\/Winter 2015-2016\",\"keywords\":\"2015-2016,Fall\\\/Winter,RTW\",\"width\":1337,\"height\":2000,\"saved\":true,\"thumbnail\":{\"width\":220,\"height\":220,\"ewww_image_optimizer\":\"Reduced by 11.5% (4.0&nbsp;kB)\"},\"webview\":{\"0\":802,\"1\":1200,\"2\":2,\"3\":\"width=\\\"802\\\" height=\\\"1200\\\"\",\"bits\":8,\"channels\":3,\"mime\":\"image\\\/jpeg\",\"ewww_image_optimizer\":\"Reduced by 4.2% (5.8&nbsp;kB) - Previously Optimized\"},\"0\":false,\"ewww_image_optimizer\":\"Reduced by 13.2% (22.3&nbsp;kB)\",\"views\":\"1\",\"likes\":\"0\"},\"title\":\"Ready to Wear Fall\\\/Winter 2015-2016\",\"description\":\"<p>Ready to Wear Fall\\\/Winter 2015-2016<\\\/p>\",\"link\":null,\"link_target\":\"\",\"download\":\"https:\\\/\\\/bobvarela.com\\\/wp-content\\\/flagallery\\\/desigual-coleccion-hombre-otonoinvierno-2015-2016\\\/desigual-014.jpg\",\"ratio\":0.66833333333333333481363069950020872056484222412109375},{\"id\":\"18849\",\"image\":\"https:\\\/\\\/bobvarela.com\\\/wp-content\\\/flagallery\\\/desigual-coleccion-hombre-otonoinvierno-2015-2016\\\/webview\\\/desigual-015.jpg\",\"thumb\":\"https:\\\/\\\/bobvarela.com\\\/wp-content\\\/flagallery\\\/desigual-coleccion-hombre-otonoinvierno-2015-2016\\\/thumbs\\\/thumbs_desigual-015.jpg\",\"file\":\"desigual-015.jpg\",\"meta\":{\"aperture\":false,\"credit\":false,\"camera\":false,\"caption\":\"Ready to Wear Fall\\\/Winter 2015-2016\",\"created_timestamp\":\"February 3, 2015 10:12 pm\",\"copyright\":\"\\u00c2\\u00a9 2015 Estrop-Barcelona PHOTOGRAPH FOR EDITORIAL USE ONLY\",\"focal_length\":false,\"iso\":false,\"shutter_speed\":false,\"flash\":false,\"title\":\"Ready to Wear Fall\\\/Winter 2015-2016\",\"keywords\":\"2015-2016,Fall\\\/Winter,RTW\",\"width\":669,\"height\":1000,\"saved\":true,\"thumbnail\":{\"width\":220,\"height\":220,\"ewww_image_optimizer\":\"Reduced by 14.5% (7.4&nbsp;kB)\"},\"webview\":{\"0\":669,\"1\":1000,\"2\":2,\"3\":\"width=\\\"669\\\" height=\\\"1000\\\"\",\"bits\":8,\"channels\":3,\"mime\":\"image\\\/jpeg\",\"ewww_image_optimizer\":\"Reduced by 5.5% (8.8&nbsp;kB) - Previously Optimized\"},\"0\":false,\"ewww_image_optimizer\":\"Reduced by 5.2% (8.4&nbsp;kB)\",\"views\":\"1\",\"likes\":\"0\"},\"title\":\"Ready to Wear Fall\\\/Winter 2015-2016\",\"description\":\"<p>Ready to Wear Fall\\\/Winter 2015-2016<\\\/p>\",\"link\":null,\"link_target\":\"\",\"download\":\"https:\\\/\\\/bobvarela.com\\\/wp-content\\\/flagallery\\\/desigual-coleccion-hombre-otonoinvierno-2015-2016\\\/desigual-015.jpg\",\"ratio\":0.669000000000000039079850466805510222911834716796875},{\"id\":\"18850\",\"image\":\"https:\\\/\\\/bobvarela.com\\\/wp-content\\\/flagallery\\\/desigual-coleccion-hombre-otonoinvierno-2015-2016\\\/webview\\\/desigual-016.jpg\",\"thumb\":\"https:\\\/\\\/bobvarela.com\\\/wp-content\\\/flagallery\\\/desigual-coleccion-hombre-otonoinvierno-2015-2016\\\/thumbs\\\/thumbs_desigual-016.jpg\",\"file\":\"desigual-016.jpg\",\"meta\":{\"aperture\":false,\"credit\":false,\"camera\":false,\"caption\":\"Ready to Wear Fall\\\/Winter 2015-2016\",\"created_timestamp\":\"February 3, 2015 10:12 pm\",\"copyright\":\"\\u00c2\\u00a9 2015 Estrop-Barcelona PHOTOGRAPH FOR EDITORIAL USE ONLY\",\"focal_length\":false,\"iso\":false,\"shutter_speed\":false,\"flash\":false,\"title\":\"Ready to Wear Fall\\\/Winter 2015-2016\",\"keywords\":\"2015-2016,Fall\\\/Winter,RTW\",\"width\":1337,\"height\":2000,\"saved\":true,\"thumbnail\":{\"width\":220,\"height\":220,\"ewww_image_optimizer\":\"Reduced by 10.6% (3.7&nbsp;kB)\"},\"webview\":{\"0\":802,\"1\":1200,\"2\":2,\"3\":\"width=\\\"802\\\" height=\\\"1200\\\"\",\"bits\":8,\"channels\":3,\"mime\":\"image\\\/jpeg\",\"ewww_image_optimizer\":\"Reduced by 3.6% (5.1&nbsp;kB) - Previously Optimized\"},\"0\":false,\"ewww_image_optimizer\":\"Reduced by 14.7% (28.0&nbsp;kB)\",\"views\":\"1\",\"likes\":\"0\"},\"title\":\"Ready to Wear Fall\\\/Winter 2015-2016\",\"description\":\"<p>Ready to Wear Fall\\\/Winter 2015-2016<\\\/p>\",\"link\":null,\"link_target\":\"\",\"download\":\"https:\\\/\\\/bobvarela.com\\\/wp-content\\\/flagallery\\\/desigual-coleccion-hombre-otonoinvierno-2015-2016\\\/desigual-016.jpg\",\"ratio\":0.66833333333333333481363069950020872056484222412109375},{\"id\":\"18851\",\"image\":\"https:\\\/\\\/bobvarela.com\\\/wp-content\\\/flagallery\\\/desigual-coleccion-hombre-otonoinvierno-2015-2016\\\/webview\\\/desigual-017.jpg\",\"thumb\":\"https:\\\/\\\/bobvarela.com\\\/wp-content\\\/flagallery\\\/desigual-coleccion-hombre-otonoinvierno-2015-2016\\\/thumbs\\\/thumbs_desigual-017.jpg\",\"file\":\"desigual-017.jpg\",\"meta\":{\"aperture\":false,\"credit\":false,\"camera\":false,\"caption\":\"Ready to Wear Fall\\\/Winter 2015-2016\",\"created_timestamp\":\"February 3, 2015 10:13 pm\",\"copyright\":\"\\u00c2\\u00a9 2015 Estrop-Barcelona PHOTOGRAPH FOR EDITORIAL USE ONLY\",\"focal_length\":false,\"iso\":false,\"shutter_speed\":false,\"flash\":false,\"title\":\"Ready to Wear Fall\\\/Winter 2015-2016\",\"keywords\":\"2015-2016,Fall\\\/Winter,RTW\",\"width\":669,\"height\":1000,\"saved\":true,\"thumbnail\":{\"width\":220,\"height\":220,\"ewww_image_optimizer\":\"Reduced by 16.3% (8.9&nbsp;kB)\"},\"webview\":{\"0\":669,\"1\":1000,\"2\":2,\"3\":\"width=\\\"669\\\" height=\\\"1000\\\"\",\"bits\":8,\"channels\":3,\"mime\":\"image\\\/jpeg\",\"ewww_image_optimizer\":\"Reduced by 5.8% (11.1&nbsp;kB) - Previously Optimized\"},\"0\":false,\"ewww_image_optimizer\":\"Reduced by 5.9% (11.6&nbsp;kB)\",\"views\":\"1\",\"likes\":\"0\"},\"title\":\"Ready to Wear Fall\\\/Winter 2015-2016\",\"description\":\"<p>Ready to Wear Fall\\\/Winter 2015-2016<\\\/p>\",\"link\":null,\"link_target\":\"\",\"download\":\"https:\\\/\\\/bobvarela.com\\\/wp-content\\\/flagallery\\\/desigual-coleccion-hombre-otonoinvierno-2015-2016\\\/desigual-017.jpg\",\"ratio\":0.669000000000000039079850466805510222911834716796875},{\"id\":\"18852\",\"image\":\"https:\\\/\\\/bobvarela.com\\\/wp-content\\\/flagallery\\\/desigual-coleccion-hombre-otonoinvierno-2015-2016\\\/webview\\\/desigual-018.jpg\",\"thumb\":\"https:\\\/\\\/bobvarela.com\\\/wp-content\\\/flagallery\\\/desigual-coleccion-hombre-otonoinvierno-2015-2016\\\/thumbs\\\/thumbs_desigual-018.jpg\",\"file\":\"desigual-018.jpg\",\"meta\":{\"aperture\":false,\"credit\":false,\"camera\":false,\"caption\":\"Ready to Wear Fall\\\/Winter 2015-2016\",\"created_timestamp\":\"February 3, 2015 10:13 pm\",\"copyright\":\"\\u00c2\\u00a9 2015 Estrop-Barcelona PHOTOGRAPH FOR EDITORIAL USE ONLY\",\"focal_length\":false,\"iso\":false,\"shutter_speed\":false,\"flash\":false,\"title\":\"Ready to Wear Fall\\\/Winter 2015-2016\",\"keywords\":\"2015-2016,Fall\\\/Winter,RTW\",\"width\":669,\"height\":1000,\"saved\":true,\"thumbnail\":{\"width\":220,\"height\":220,\"ewww_image_optimizer\":\"Reduced by 11.3% (4.1&nbsp;kB)\"},\"webview\":{\"0\":669,\"1\":1000,\"2\":2,\"3\":\"width=\\\"669\\\" height=\\\"1000\\\"\",\"bits\":8,\"channels\":3,\"mime\":\"image\\\/jpeg\",\"ewww_image_optimizer\":\"Reduced by 4.3% (5.6&nbsp;kB) - Previously Optimized\"},\"0\":false,\"ewww_image_optimizer\":\"Reduced by 3.7% (6.7&nbsp;kB)\",\"views\":\"1\",\"likes\":\"0\"},\"title\":\"Ready to Wear Fall\\\/Winter 2015-2016\",\"description\":\"<p>Ready to Wear Fall\\\/Winter 2015-2016<\\\/p>\",\"link\":null,\"link_target\":\"\",\"download\":\"https:\\\/\\\/bobvarela.com\\\/wp-content\\\/flagallery\\\/desigual-coleccion-hombre-otonoinvierno-2015-2016\\\/desigual-018.jpg\",\"ratio\":0.669000000000000039079850466805510222911834716796875},{\"id\":\"18853\",\"image\":\"https:\\\/\\\/bobvarela.com\\\/wp-content\\\/flagallery\\\/desigual-coleccion-hombre-otonoinvierno-2015-2016\\\/webview\\\/desigual-019.jpg\",\"thumb\":\"https:\\\/\\\/bobvarela.com\\\/wp-content\\\/flagallery\\\/desigual-coleccion-hombre-otonoinvierno-2015-2016\\\/thumbs\\\/thumbs_desigual-019.jpg\",\"file\":\"desigual-019.jpg\",\"meta\":{\"aperture\":false,\"credit\":false,\"camera\":false,\"caption\":\"Ready to Wear Fall\\\/Winter 2015-2016\",\"created_timestamp\":\"February 3, 2015 10:13 pm\",\"copyright\":\"\\u00c2\\u00a9 2015 Estrop-Barcelona PHOTOGRAPH FOR EDITORIAL USE ONLY\",\"focal_length\":false,\"iso\":false,\"shutter_speed\":false,\"flash\":false,\"title\":\"Ready to Wear Fall\\\/Winter 2015-2016\",\"keywords\":\"2015-2016,Fall\\\/Winter,RTW\",\"width\":669,\"height\":1000,\"saved\":true,\"thumbnail\":{\"width\":220,\"height\":220,\"ewww_image_optimizer\":\"Reduced by 14.1% (7.1&nbsp;kB)\"},\"webview\":{\"0\":669,\"1\":1000,\"2\":2,\"3\":\"width=\\\"669\\\" height=\\\"1000\\\"\",\"bits\":8,\"channels\":3,\"mime\":\"image\\\/jpeg\",\"ewww_image_optimizer\":\"Reduced by 11.7% (21.7&nbsp;kB) - Previously Optimized\"},\"0\":false,\"ewww_image_optimizer\":\"Reduced by 11.8% (19.6&nbsp;kB)\",\"views\":\"1\",\"likes\":\"0\"},\"title\":\"Ready to Wear Fall\\\/Winter 2015-2016\",\"description\":\"<p>Ready to Wear Fall\\\/Winter 2015-2016<\\\/p>\",\"link\":null,\"link_target\":\"\",\"download\":\"https:\\\/\\\/bobvarela.com\\\/wp-content\\\/flagallery\\\/desigual-coleccion-hombre-otonoinvierno-2015-2016\\\/desigual-019.jpg\",\"ratio\":0.669000000000000039079850466805510222911834716796875},{\"id\":\"18854\",\"image\":\"https:\\\/\\\/bobvarela.com\\\/wp-content\\\/flagallery\\\/desigual-coleccion-hombre-otonoinvierno-2015-2016\\\/webview\\\/desigual-020.jpg\",\"thumb\":\"https:\\\/\\\/bobvarela.com\\\/wp-content\\\/flagallery\\\/desigual-coleccion-hombre-otonoinvierno-2015-2016\\\/thumbs\\\/thumbs_desigual-020.jpg\",\"file\":\"desigual-020.jpg\",\"meta\":{\"aperture\":false,\"credit\":false,\"camera\":false,\"caption\":\"Ready to Wear Fall\\\/Winter 2015-2016\",\"created_timestamp\":\"February 3, 2015 10:13 pm\",\"copyright\":\"\\u00c2\\u00a9 2015 Estrop-Barcelona PHOTOGRAPH FOR EDITORIAL USE ONLY\",\"focal_length\":false,\"iso\":false,\"shutter_speed\":false,\"flash\":false,\"title\":\"Ready to Wear Fall\\\/Winter 2015-2016\",\"keywords\":\"2015-2016,Fall\\\/Winter,RTW\",\"width\":669,\"height\":1000,\"saved\":true,\"thumbnail\":{\"width\":220,\"height\":220,\"ewww_image_optimizer\":\"Reduced by 15.6% (8.3&nbsp;kB)\"},\"webview\":{\"0\":669,\"1\":1000,\"2\":2,\"3\":\"width=\\\"669\\\" height=\\\"1000\\\"\",\"bits\":8,\"channels\":3,\"mime\":\"image\\\/jpeg\",\"ewww_image_optimizer\":\"Reduced by 10.6% (18.4&nbsp;kB)\"},\"0\":false,\"ewww_image_optimizer\":\"Reduced by 10.6% (18.4&nbsp;kB)\",\"views\":\"1\",\"likes\":\"0\"},\"title\":\"Ready to Wear Fall\\\/Winter 2015-2016\",\"description\":\"<p>Ready to Wear Fall\\\/Winter 2015-2016<\\\/p>\",\"link\":null,\"link_target\":\"\",\"download\":\"https:\\\/\\\/bobvarela.com\\\/wp-content\\\/flagallery\\\/desigual-coleccion-hombre-otonoinvierno-2015-2016\\\/desigual-020.jpg\",\"ratio\":0.669000000000000039079850466805510222911834716796875},{\"id\":\"18855\",\"image\":\"https:\\\/\\\/bobvarela.com\\\/wp-content\\\/flagallery\\\/desigual-coleccion-hombre-otonoinvierno-2015-2016\\\/webview\\\/desigual-021.jpg\",\"thumb\":\"https:\\\/\\\/bobvarela.com\\\/wp-content\\\/flagallery\\\/desigual-coleccion-hombre-otonoinvierno-2015-2016\\\/thumbs\\\/thumbs_desigual-021.jpg\",\"file\":\"desigual-021.jpg\",\"meta\":{\"aperture\":false,\"credit\":false,\"camera\":false,\"caption\":\"Ready to Wear Fall\\\/Winter 2015-2016\",\"created_timestamp\":\"February 3, 2015 10:13 pm\",\"copyright\":\"\\u00c2\\u00a9 2015 Estrop-Barcelona PHOTOGRAPH FOR EDITORIAL USE ONLY\",\"focal_length\":false,\"iso\":false,\"shutter_speed\":false,\"flash\":false,\"title\":\"Ready to Wear Fall\\\/Winter 2015-2016\",\"keywords\":\"2015-2016,Fall\\\/Winter,RTW\",\"width\":1337,\"height\":2000,\"saved\":true,\"thumbnail\":{\"width\":220,\"height\":220,\"ewww_image_optimizer\":\"Reduced by 8.4% (2.6&nbsp;kB)\"},\"webview\":{\"0\":802,\"1\":1200,\"2\":2,\"3\":\"width=\\\"802\\\" height=\\\"1200\\\"\",\"bits\":8,\"channels\":3,\"mime\":\"image\\\/jpeg\",\"ewww_image_optimizer\":\"Reduced by 3.0% (4.0&nbsp;kB) - Previously Optimized\"},\"0\":false,\"ewww_image_optimizer\":\"Reduced by 21.6% (41.3&nbsp;kB)\",\"views\":\"1\",\"likes\":\"0\"},\"title\":\"Ready to Wear Fall\\\/Winter 2015-2016\",\"description\":\"<p>Ready to Wear Fall\\\/Winter 2015-2016<\\\/p>\",\"link\":null,\"link_target\":\"\",\"download\":\"https:\\\/\\\/bobvarela.com\\\/wp-content\\\/flagallery\\\/desigual-coleccion-hombre-otonoinvierno-2015-2016\\\/desigual-021.jpg\",\"ratio\":0.66833333333333333481363069950020872056484222412109375},{\"id\":\"18856\",\"image\":\"https:\\\/\\\/bobvarela.com\\\/wp-content\\\/flagallery\\\/desigual-coleccion-hombre-otonoinvierno-2015-2016\\\/webview\\\/desigual-022.jpg\",\"thumb\":\"https:\\\/\\\/bobvarela.com\\\/wp-content\\\/flagallery\\\/desigual-coleccion-hombre-otonoinvierno-2015-2016\\\/thumbs\\\/thumbs_desigual-022.jpg\",\"file\":\"desigual-022.jpg\",\"meta\":{\"aperture\":false,\"credit\":false,\"camera\":false,\"caption\":\"Ready to Wear Fall\\\/Winter 2015-2016\",\"created_timestamp\":\"February 3, 2015 10:13 pm\",\"copyright\":\"\\u00c2\\u00a9 2015 Estrop-Barcelona PHOTOGRAPH FOR EDITORIAL USE ONLY\",\"focal_length\":false,\"iso\":false,\"shutter_speed\":false,\"flash\":false,\"title\":\"Ready to Wear Fall\\\/Winter 2015-2016\",\"keywords\":\"2015-2016,Fall\\\/Winter,RTW\",\"width\":669,\"height\":1000,\"saved\":true,\"thumbnail\":{\"width\":220,\"height\":220,\"ewww_image_optimizer\":\"Reduced by 10.5% (4.1&nbsp;kB)\"},\"webview\":{\"0\":669,\"1\":1000,\"2\":2,\"3\":\"width=\\\"669\\\" height=\\\"1000\\\"\",\"bits\":8,\"channels\":3,\"mime\":\"image\\\/jpeg\",\"ewww_image_optimizer\":\"Reduced by 3.9% (6.2&nbsp;kB) - Previously Optimized\"},\"0\":false,\"ewww_image_optimizer\":\"Reduced by 5.3% (10.0&nbsp;kB)\",\"views\":\"1\",\"likes\":\"0\"},\"title\":\"Ready to Wear Fall\\\/Winter 2015-2016\",\"description\":\"<p>Ready to Wear Fall\\\/Winter 2015-2016<\\\/p>\",\"link\":null,\"link_target\":\"\",\"download\":\"https:\\\/\\\/bobvarela.com\\\/wp-content\\\/flagallery\\\/desigual-coleccion-hombre-otonoinvierno-2015-2016\\\/desigual-022.jpg\",\"ratio\":0.669000000000000039079850466805510222911834716796875},{\"id\":\"18857\",\"image\":\"https:\\\/\\\/bobvarela.com\\\/wp-content\\\/flagallery\\\/desigual-coleccion-hombre-otonoinvierno-2015-2016\\\/webview\\\/desigual-023.jpg\",\"thumb\":\"https:\\\/\\\/bobvarela.com\\\/wp-content\\\/flagallery\\\/desigual-coleccion-hombre-otonoinvierno-2015-2016\\\/thumbs\\\/thumbs_desigual-023.jpg\",\"file\":\"desigual-023.jpg\",\"meta\":{\"aperture\":false,\"credit\":false,\"camera\":false,\"caption\":\"Ready to Wear Fall\\\/Winter 2015-2016\",\"created_timestamp\":\"February 3, 2015 10:13 pm\",\"copyright\":\"\\u00c2\\u00a9 2015 Estrop-Barcelona PHOTOGRAPH FOR EDITORIAL USE ONLY\",\"focal_length\":false,\"iso\":false,\"shutter_speed\":false,\"flash\":false,\"title\":\"Ready to Wear Fall\\\/Winter 2015-2016\",\"keywords\":\"2015-2016,Fall\\\/Winter,RTW\",\"width\":669,\"height\":1000,\"saved\":true,\"thumbnail\":{\"width\":220,\"height\":220,\"ewww_image_optimizer\":\"Reduced by 11.7% (4.3&nbsp;kB)\"},\"webview\":{\"0\":669,\"1\":1000,\"2\":2,\"3\":\"width=\\\"669\\\" height=\\\"1000\\\"\",\"bits\":8,\"channels\":3,\"mime\":\"image\\\/jpeg\",\"ewww_image_optimizer\":\"Reduced by 4.7% (6.2&nbsp;kB) - Previously Optimized\"},\"0\":false,\"ewww_image_optimizer\":\"Reduced by 3.7% (6.6&nbsp;kB)\",\"views\":\"1\",\"likes\":\"0\"},\"title\":\"Ready to Wear Fall\\\/Winter 2015-2016\",\"description\":\"<p>Ready to Wear Fall\\\/Winter 2015-2016<\\\/p>\",\"link\":null,\"link_target\":\"\",\"download\":\"https:\\\/\\\/bobvarela.com\\\/wp-content\\\/flagallery\\\/desigual-coleccion-hombre-otonoinvierno-2015-2016\\\/desigual-023.jpg\",\"ratio\":0.669000000000000039079850466805510222911834716796875},{\"id\":\"18858\",\"image\":\"https:\\\/\\\/bobvarela.com\\\/wp-content\\\/flagallery\\\/desigual-coleccion-hombre-otonoinvierno-2015-2016\\\/webview\\\/desigual-024.jpg\",\"thumb\":\"https:\\\/\\\/bobvarela.com\\\/wp-content\\\/flagallery\\\/desigual-coleccion-hombre-otonoinvierno-2015-2016\\\/thumbs\\\/thumbs_desigual-024.jpg\",\"file\":\"desigual-024.jpg\",\"meta\":{\"aperture\":false,\"credit\":false,\"camera\":false,\"caption\":\"Ready to Wear Fall\\\/Winter 2015-2016\",\"created_timestamp\":\"February 3, 2015 10:13 pm\",\"copyright\":\"\\u00c2\\u00a9 2015 Estrop-Barcelona PHOTOGRAPH FOR EDITORIAL USE ONLY\",\"focal_length\":false,\"iso\":false,\"shutter_speed\":false,\"flash\":false,\"title\":\"Ready to Wear Fall\\\/Winter 2015-2016\",\"keywords\":\"2015-2016,Fall\\\/Winter,RTW\",\"width\":669,\"height\":1000,\"saved\":true,\"thumbnail\":{\"width\":220,\"height\":220,\"ewww_image_optimizer\":\"Reduced by 12.3% (5.1&nbsp;kB)\"},\"webview\":{\"0\":669,\"1\":1000,\"2\":2,\"3\":\"width=\\\"669\\\" height=\\\"1000\\\"\",\"bits\":8,\"channels\":3,\"mime\":\"image\\\/jpeg\",\"ewww_image_optimizer\":\"Reduced by 5.1% (9.2&nbsp;kB) - Previously Optimized\"},\"0\":false,\"ewww_image_optimizer\":\"Reduced by 6.0% (11.0&nbsp;kB)\",\"views\":\"1\",\"likes\":\"0\"},\"title\":\"Ready to Wear Fall\\\/Winter 2015-2016\",\"description\":\"<p>Ready to Wear Fall\\\/Winter 2015-2016<\\\/p>\",\"link\":null,\"link_target\":\"\",\"download\":\"https:\\\/\\\/bobvarela.com\\\/wp-content\\\/flagallery\\\/desigual-coleccion-hombre-otonoinvierno-2015-2016\\\/desigual-024.jpg\",\"ratio\":0.669000000000000039079850466805510222911834716796875},{\"id\":\"18859\",\"image\":\"https:\\\/\\\/bobvarela.com\\\/wp-content\\\/flagallery\\\/desigual-coleccion-hombre-otonoinvierno-2015-2016\\\/webview\\\/desigual-025.jpg\",\"thumb\":\"https:\\\/\\\/bobvarela.com\\\/wp-content\\\/flagallery\\\/desigual-coleccion-hombre-otonoinvierno-2015-2016\\\/thumbs\\\/thumbs_desigual-025.jpg\",\"file\":\"desigual-025.jpg\",\"meta\":{\"aperture\":false,\"credit\":false,\"camera\":false,\"caption\":\"Ready to Wear Fall\\\/Winter 2015-2016\",\"created_timestamp\":\"February 3, 2015 10:13 pm\",\"copyright\":\"\\u00c2\\u00a9 2015 Estrop-Barcelona PHOTOGRAPH FOR EDITORIAL USE ONLY\",\"focal_length\":false,\"iso\":false,\"shutter_speed\":false,\"flash\":false,\"title\":\"Ready to Wear Fall\\\/Winter 2015-2016\",\"keywords\":\"2015-2016,Fall\\\/Winter,RTW\",\"width\":669,\"height\":1000,\"saved\":true,\"thumbnail\":{\"width\":220,\"height\":220,\"ewww_image_optimizer\":\"Reduced by 14.2% (7.1&nbsp;kB)\"},\"webview\":{\"0\":669,\"1\":1000,\"2\":2,\"3\":\"width=\\\"669\\\" height=\\\"1000\\\"\",\"bits\":8,\"channels\":3,\"mime\":\"image\\\/jpeg\",\"ewww_image_optimizer\":\"Reduced by 12.6% (24.4&nbsp;kB)\"},\"0\":false,\"ewww_image_optimizer\":\"Reduced by 12.6% (24.4&nbsp;kB)\",\"views\":\"1\",\"likes\":\"0\"},\"title\":\"Ready to Wear Fall\\\/Winter 2015-2016\",\"description\":\"<p>Ready to Wear Fall\\\/Winter 2015-2016<\\\/p>\",\"link\":null,\"link_target\":\"\",\"download\":\"https:\\\/\\\/bobvarela.com\\\/wp-content\\\/flagallery\\\/desigual-coleccion-hombre-otonoinvierno-2015-2016\\\/desigual-025.jpg\",\"ratio\":0.669000000000000039079850466805510222911834716796875},{\"id\":\"18860\",\"image\":\"https:\\\/\\\/bobvarela.com\\\/wp-content\\\/flagallery\\\/desigual-coleccion-hombre-otonoinvierno-2015-2016\\\/webview\\\/desigual-026.jpg\",\"thumb\":\"https:\\\/\\\/bobvarela.com\\\/wp-content\\\/flagallery\\\/desigual-coleccion-hombre-otonoinvierno-2015-2016\\\/thumbs\\\/thumbs_desigual-026.jpg\",\"file\":\"desigual-026.jpg\",\"meta\":{\"aperture\":false,\"credit\":false,\"camera\":false,\"caption\":\"Ready to Wear Fall\\\/Winter 2015-2016\",\"created_timestamp\":\"February 3, 2015 10:13 pm\",\"copyright\":\"\\u00c2\\u00a9 2015 Estrop-Barcelona PHOTOGRAPH FOR EDITORIAL USE ONLY\",\"focal_length\":false,\"iso\":false,\"shutter_speed\":false,\"flash\":false,\"title\":\"Ready to Wear Fall\\\/Winter 2015-2016\",\"keywords\":\"2015-2016,Fall\\\/Winter,RTW\",\"width\":1337,\"height\":2000,\"saved\":true,\"thumbnail\":{\"width\":220,\"height\":220,\"ewww_image_optimizer\":\"Reduced by 11.7% (4.9&nbsp;kB)\"},\"webview\":{\"0\":802,\"1\":1200,\"2\":2,\"3\":\"width=\\\"802\\\" height=\\\"1200\\\"\",\"bits\":8,\"channels\":3,\"mime\":\"image\\\/jpeg\",\"ewww_image_optimizer\":\"Reduced by 3.5% (5.3&nbsp;kB) - Previously Optimized\"},\"0\":false,\"ewww_image_optimizer\":\"Reduced by 10.4% (20.0&nbsp;kB)\",\"views\":\"1\",\"likes\":\"0\"},\"title\":\"Ready to Wear Fall\\\/Winter 2015-2016\",\"description\":\"<p>Ready to Wear Fall\\\/Winter 2015-2016<\\\/p>\",\"link\":null,\"link_target\":\"\",\"download\":\"https:\\\/\\\/bobvarela.com\\\/wp-content\\\/flagallery\\\/desigual-coleccion-hombre-otonoinvierno-2015-2016\\\/desigual-026.jpg\",\"ratio\":0.66833333333333333481363069950020872056484222412109375},{\"id\":\"18861\",\"image\":\"https:\\\/\\\/bobvarela.com\\\/wp-content\\\/flagallery\\\/desigual-coleccion-hombre-otonoinvierno-2015-2016\\\/webview\\\/desigual-027.jpg\",\"thumb\":\"https:\\\/\\\/bobvarela.com\\\/wp-content\\\/flagallery\\\/desigual-coleccion-hombre-otonoinvierno-2015-2016\\\/thumbs\\\/thumbs_desigual-027.jpg\",\"file\":\"desigual-027.jpg\",\"meta\":{\"aperture\":false,\"credit\":false,\"camera\":false,\"caption\":\"Ready to Wear Fall\\\/Winter 2015-2016\",\"created_timestamp\":\"February 3, 2015 10:13 pm\",\"copyright\":\"\\u00c2\\u00a9 2015 Estrop-Barcelona PHOTOGRAPH FOR EDITORIAL USE ONLY\",\"focal_length\":false,\"iso\":false,\"shutter_speed\":false,\"flash\":false,\"title\":\"Ready to Wear Fall\\\/Winter 2015-2016\",\"keywords\":\"2015-2016,Fall\\\/Winter,RTW\",\"width\":669,\"height\":1000,\"saved\":true,\"thumbnail\":{\"width\":220,\"height\":220,\"ewww_image_optimizer\":\"Reduced by 12.1% (5.6&nbsp;kB)\"},\"webview\":{\"0\":669,\"1\":1000,\"2\":2,\"3\":\"width=\\\"669\\\" height=\\\"1000\\\"\",\"bits\":8,\"channels\":3,\"mime\":\"image\\\/jpeg\",\"ewww_image_optimizer\":\"Reduced by 3.9% (6.1&nbsp;kB) - Previously Optimized\"},\"0\":false,\"ewww_image_optimizer\":\"Reduced by 4.4% (8.7&nbsp;kB)\",\"views\":\"1\",\"likes\":\"0\"},\"title\":\"Ready to Wear Fall\\\/Winter 2015-2016\",\"description\":\"<p>Ready to Wear Fall\\\/Winter 2015-2016<\\\/p>\",\"link\":null,\"link_target\":\"\",\"download\":\"https:\\\/\\\/bobvarela.com\\\/wp-content\\\/flagallery\\\/desigual-coleccion-hombre-otonoinvierno-2015-2016\\\/desigual-027.jpg\",\"ratio\":0.669000000000000039079850466805510222911834716796875},{\"id\":\"18862\",\"image\":\"https:\\\/\\\/bobvarela.com\\\/wp-content\\\/flagallery\\\/desigual-coleccion-hombre-otonoinvierno-2015-2016\\\/webview\\\/desigual-028.jpg\",\"thumb\":\"https:\\\/\\\/bobvarela.com\\\/wp-content\\\/flagallery\\\/desigual-coleccion-hombre-otonoinvierno-2015-2016\\\/thumbs\\\/thumbs_desigual-028.jpg\",\"file\":\"desigual-028.jpg\",\"meta\":{\"aperture\":false,\"credit\":false,\"camera\":false,\"caption\":\"Ready to Wear Fall\\\/Winter 2015-2016\",\"created_timestamp\":\"February 3, 2015 10:14 pm\",\"copyright\":\"\\u00c2\\u00a9 2015 Estrop-Barcelona PHOTOGRAPH FOR EDITORIAL USE ONLY\",\"focal_length\":false,\"iso\":false,\"shutter_speed\":false,\"flash\":false,\"title\":\"Ready to Wear Fall\\\/Winter 2015-2016\",\"keywords\":\"2015-2016,Fall\\\/Winter,RTW\",\"width\":669,\"height\":1000,\"saved\":true,\"thumbnail\":{\"width\":220,\"height\":220,\"ewww_image_optimizer\":\"Reduced by 10.1% (3.5&nbsp;kB)\"},\"webview\":{\"0\":669,\"1\":1000,\"2\":2,\"3\":\"width=\\\"669\\\" height=\\\"1000\\\"\",\"bits\":8,\"channels\":3,\"mime\":\"image\\\/jpeg\",\"ewww_image_optimizer\":\"Reduced by 3.3% (4.1&nbsp;kB) - Previously Optimized\"},\"0\":false,\"ewww_image_optimizer\":\"Reduced by 2.5% (4.2&nbsp;kB)\",\"views\":\"1\",\"likes\":\"0\"},\"title\":\"Ready to Wear Fall\\\/Winter 2015-2016\",\"description\":\"<p>Ready to Wear Fall\\\/Winter 2015-2016<\\\/p>\",\"link\":null,\"link_target\":\"\",\"download\":\"https:\\\/\\\/bobvarela.com\\\/wp-content\\\/flagallery\\\/desigual-coleccion-hombre-otonoinvierno-2015-2016\\\/desigual-028.jpg\",\"ratio\":0.669000000000000039079850466805510222911834716796875},{\"id\":\"18863\",\"image\":\"https:\\\/\\\/bobvarela.com\\\/wp-content\\\/flagallery\\\/desigual-coleccion-hombre-otonoinvierno-2015-2016\\\/webview\\\/desigual-029.jpg\",\"thumb\":\"https:\\\/\\\/bobvarela.com\\\/wp-content\\\/flagallery\\\/desigual-coleccion-hombre-otonoinvierno-2015-2016\\\/thumbs\\\/thumbs_desigual-029.jpg\",\"file\":\"desigual-029.jpg\",\"meta\":{\"aperture\":false,\"credit\":false,\"camera\":false,\"caption\":\"Ready to Wear Fall\\\/Winter 2015-2016\",\"created_timestamp\":\"February 3, 2015 10:14 pm\",\"copyright\":\"\\u00c2\\u00a9 2015 Estrop-Barcelona PHOTOGRAPH FOR EDITORIAL USE ONLY\",\"focal_length\":false,\"iso\":false,\"shutter_speed\":false,\"flash\":false,\"title\":\"Ready to Wear Fall\\\/Winter 2015-2016\",\"keywords\":\"2015-2016,Fall\\\/Winter,RTW\",\"width\":669,\"height\":1000,\"saved\":true,\"thumbnail\":{\"width\":220,\"height\":220,\"ewww_image_optimizer\":\"Reduced by 10.7% (4.4&nbsp;kB)\"},\"webview\":{\"0\":669,\"1\":1000,\"2\":2,\"3\":\"width=\\\"669\\\" height=\\\"1000\\\"\",\"bits\":8,\"channels\":3,\"mime\":\"image\\\/jpeg\",\"ewww_image_optimizer\":\"Reduced by 3.4% (5.8&nbsp;kB) - Previously Optimized\"},\"0\":false,\"ewww_image_optimizer\":\"Reduced by 5.3% (9.7&nbsp;kB)\",\"views\":\"1\",\"likes\":\"0\"},\"title\":\"Ready to Wear Fall\\\/Winter 2015-2016\",\"description\":\"<p>Ready to Wear Fall\\\/Winter 2015-2016<\\\/p>\",\"link\":null,\"link_target\":\"\",\"download\":\"https:\\\/\\\/bobvarela.com\\\/wp-content\\\/flagallery\\\/desigual-coleccion-hombre-otonoinvierno-2015-2016\\\/desigual-029.jpg\",\"ratio\":0.669000000000000039079850466805510222911834716796875},{\"id\":\"18864\",\"image\":\"https:\\\/\\\/bobvarela.com\\\/wp-content\\\/flagallery\\\/desigual-coleccion-hombre-otonoinvierno-2015-2016\\\/webview\\\/desigual-030.jpg\",\"thumb\":\"https:\\\/\\\/bobvarela.com\\\/wp-content\\\/flagallery\\\/desigual-coleccion-hombre-otonoinvierno-2015-2016\\\/thumbs\\\/thumbs_desigual-030.jpg\",\"file\":\"desigual-030.jpg\",\"meta\":{\"aperture\":false,\"credit\":false,\"camera\":false,\"caption\":\"Ready to Wear Fall\\\/Winter 2015-2016\",\"created_timestamp\":\"February 3, 2015 10:14 pm\",\"copyright\":\"\\u00c2\\u00a9 2015 Estrop-Barcelona PHOTOGRAPH FOR EDITORIAL USE ONLY\",\"focal_length\":false,\"iso\":false,\"shutter_speed\":false,\"flash\":false,\"title\":\"Ready to Wear Fall\\\/Winter 2015-2016\",\"keywords\":\"2015-2016,Fall\\\/Winter,RTW\",\"width\":1337,\"height\":2000,\"saved\":true,\"thumbnail\":{\"width\":220,\"height\":220,\"ewww_image_optimizer\":\"Reduced by 9.1% (2.9&nbsp;kB)\"},\"webview\":{\"0\":802,\"1\":1200,\"2\":2,\"3\":\"width=\\\"802\\\" height=\\\"1200\\\"\",\"bits\":8,\"channels\":3,\"mime\":\"image\\\/jpeg\",\"ewww_image_optimizer\":\"Reduced by 3.9% (4.9&nbsp;kB) - Previously Optimized\"},\"0\":false,\"ewww_image_optimizer\":\"Reduced by 9.6% (15.5&nbsp;kB)\",\"views\":\"1\",\"likes\":\"0\"},\"title\":\"Ready to Wear Fall\\\/Winter 2015-2016\",\"description\":\"<p>Ready to Wear Fall\\\/Winter 2015-2016<\\\/p>\",\"link\":null,\"link_target\":\"\",\"download\":\"https:\\\/\\\/bobvarela.com\\\/wp-content\\\/flagallery\\\/desigual-coleccion-hombre-otonoinvierno-2015-2016\\\/desigual-030.jpg\",\"ratio\":0.66833333333333333481363069950020872056484222412109375},{\"id\":\"18865\",\"image\":\"https:\\\/\\\/bobvarela.com\\\/wp-content\\\/flagallery\\\/desigual-coleccion-hombre-otonoinvierno-2015-2016\\\/webview\\\/desigual-031.jpg\",\"thumb\":\"https:\\\/\\\/bobvarela.com\\\/wp-content\\\/flagallery\\\/desigual-coleccion-hombre-otonoinvierno-2015-2016\\\/thumbs\\\/thumbs_desigual-031.jpg\",\"file\":\"desigual-031.jpg\",\"meta\":{\"aperture\":false,\"credit\":false,\"camera\":false,\"caption\":\"Ready to Wear Fall\\\/Winter 2015-2016\",\"created_timestamp\":\"February 3, 2015 10:14 pm\",\"copyright\":\"\\u00c2\\u00a9 2015 Estrop-Barcelona PHOTOGRAPH FOR EDITORIAL USE ONLY\",\"focal_length\":false,\"iso\":false,\"shutter_speed\":false,\"flash\":false,\"title\":\"Ready to Wear Fall\\\/Winter 2015-2016\",\"keywords\":\"2015-2016,Fall\\\/Winter,RTW\",\"width\":1337,\"height\":2000,\"saved\":true,\"thumbnail\":{\"width\":220,\"height\":220,\"ewww_image_optimizer\":\"Reduced by 8.8% (3.3&nbsp;kB)\"},\"webview\":{\"0\":802,\"1\":1200,\"2\":2,\"3\":\"width=\\\"802\\\" height=\\\"1200\\\"\",\"bits\":8,\"channels\":3,\"mime\":\"image\\\/jpeg\",\"ewww_image_optimizer\":\"Reduced by 3.9% (6.3&nbsp;kB) - Previously Optimized\"},\"0\":false,\"ewww_image_optimizer\":\"Reduced by 12.4% (24.1&nbsp;kB)\",\"views\":\"1\",\"likes\":\"0\"},\"title\":\"Ready to Wear Fall\\\/Winter 2015-2016\",\"description\":\"<p>Ready to Wear Fall\\\/Winter 2015-2016<\\\/p>\",\"link\":null,\"link_target\":\"\",\"download\":\"https:\\\/\\\/bobvarela.com\\\/wp-content\\\/flagallery\\\/desigual-coleccion-hombre-otonoinvierno-2015-2016\\\/desigual-031.jpg\",\"ratio\":0.66833333333333333481363069950020872056484222412109375},{\"id\":\"18866\",\"image\":\"https:\\\/\\\/bobvarela.com\\\/wp-content\\\/flagallery\\\/desigual-coleccion-hombre-otonoinvierno-2015-2016\\\/webview\\\/desigual-032.jpg\",\"thumb\":\"https:\\\/\\\/bobvarela.com\\\/wp-content\\\/flagallery\\\/desigual-coleccion-hombre-otonoinvierno-2015-2016\\\/thumbs\\\/thumbs_desigual-032.jpg\",\"file\":\"desigual-032.jpg\",\"meta\":{\"aperture\":false,\"credit\":false,\"camera\":false,\"caption\":\"Ready to Wear Fall\\\/Winter 2015-2016\",\"created_timestamp\":\"February 3, 2015 10:14 pm\",\"copyright\":\"\\u00c2\\u00a9 2015 Estrop-Barcelona PHOTOGRAPH FOR EDITORIAL USE ONLY\",\"focal_length\":false,\"iso\":false,\"shutter_speed\":false,\"flash\":false,\"title\":\"Ready to Wear Fall\\\/Winter 2015-2016\",\"keywords\":\"2015-2016,Fall\\\/Winter,RTW\",\"width\":1337,\"height\":2000,\"saved\":true,\"thumbnail\":{\"width\":220,\"height\":220,\"ewww_image_optimizer\":\"Reduced by 9.5% (2.6&nbsp;kB)\"},\"webview\":{\"0\":802,\"1\":1200,\"2\":2,\"3\":\"width=\\\"802\\\" height=\\\"1200\\\"\",\"bits\":8,\"channels\":3,\"mime\":\"image\\\/jpeg\",\"ewww_image_optimizer\":\"Reduced by 4.5% (4.6&nbsp;kB) - Previously Optimized\"},\"0\":false,\"ewww_image_optimizer\":\"Reduced by 11.8% (20.0&nbsp;kB)\",\"views\":\"1\",\"likes\":\"0\"},\"title\":\"Ready to Wear Fall\\\/Winter 2015-2016\",\"description\":\"<p>Ready to Wear Fall\\\/Winter 2015-2016<\\\/p>\",\"link\":null,\"link_target\":\"\",\"download\":\"https:\\\/\\\/bobvarela.com\\\/wp-content\\\/flagallery\\\/desigual-coleccion-hombre-otonoinvierno-2015-2016\\\/desigual-032.jpg\",\"ratio\":0.66833333333333333481363069950020872056484222412109375},{\"id\":\"18867\",\"image\":\"https:\\\/\\\/bobvarela.com\\\/wp-content\\\/flagallery\\\/desigual-coleccion-hombre-otonoinvierno-2015-2016\\\/webview\\\/desigual-033.jpg\",\"thumb\":\"https:\\\/\\\/bobvarela.com\\\/wp-content\\\/flagallery\\\/desigual-coleccion-hombre-otonoinvierno-2015-2016\\\/thumbs\\\/thumbs_desigual-033.jpg\",\"file\":\"desigual-033.jpg\",\"meta\":{\"aperture\":false,\"credit\":false,\"camera\":false,\"caption\":\"Ready to Wear Fall\\\/Winter 2015-2016\",\"created_timestamp\":\"February 3, 2015 10:14 pm\",\"copyright\":\"\\u00c2\\u00a9 2015 Estrop-Barcelona PHOTOGRAPH FOR EDITORIAL USE ONLY\",\"focal_length\":false,\"iso\":false,\"shutter_speed\":false,\"flash\":false,\"title\":\"Ready to Wear Fall\\\/Winter 2015-2016\",\"keywords\":\"2015-2016,Fall\\\/Winter,RTW\",\"width\":669,\"height\":1000,\"saved\":true,\"thumbnail\":{\"width\":220,\"height\":220,\"ewww_image_optimizer\":\"Reduced by 10.6% (4.2&nbsp;kB)\"},\"webview\":{\"0\":669,\"1\":1000,\"2\":2,\"3\":\"width=\\\"669\\\" height=\\\"1000\\\"\",\"bits\":8,\"channels\":3,\"mime\":\"image\\\/jpeg\",\"ewww_image_optimizer\":\"Reduced by 4.1% (6.5&nbsp;kB) - Previously Optimized\"},\"0\":false,\"ewww_image_optimizer\":\"Reduced by 5.6% (10.5&nbsp;kB)\",\"views\":\"1\",\"likes\":\"0\"},\"title\":\"Ready to Wear Fall\\\/Winter 2015-2016\",\"description\":\"<p>Ready to Wear Fall\\\/Winter 2015-2016<\\\/p>\",\"link\":null,\"link_target\":\"\",\"download\":\"https:\\\/\\\/bobvarela.com\\\/wp-content\\\/flagallery\\\/desigual-coleccion-hombre-otonoinvierno-2015-2016\\\/desigual-033.jpg\",\"ratio\":0.669000000000000039079850466805510222911834716796875},{\"id\":\"18868\",\"image\":\"https:\\\/\\\/bobvarela.com\\\/wp-content\\\/flagallery\\\/desigual-coleccion-hombre-otonoinvierno-2015-2016\\\/webview\\\/desigual-034.jpg\",\"thumb\":\"https:\\\/\\\/bobvarela.com\\\/wp-content\\\/flagallery\\\/desigual-coleccion-hombre-otonoinvierno-2015-2016\\\/thumbs\\\/thumbs_desigual-034.jpg\",\"file\":\"desigual-034.jpg\",\"meta\":{\"aperture\":false,\"credit\":false,\"camera\":false,\"caption\":\"Ready to Wear Fall\\\/Winter 2015-2016\",\"created_timestamp\":\"February 3, 2015 10:14 pm\",\"copyright\":\"\\u00c2\\u00a9 2015 Estrop-Barcelona PHOTOGRAPH FOR EDITORIAL USE ONLY\",\"focal_length\":false,\"iso\":false,\"shutter_speed\":false,\"flash\":false,\"title\":\"Ready to Wear Fall\\\/Winter 2015-2016\",\"keywords\":\"2015-2016,Fall\\\/Winter,RTW\",\"width\":669,\"height\":1000,\"saved\":true,\"thumbnail\":{\"width\":220,\"height\":220,\"ewww_image_optimizer\":\"Reduced by 13.5% (6.6&nbsp;kB)\"},\"webview\":{\"0\":669,\"1\":1000,\"2\":2,\"3\":\"width=\\\"669\\\" height=\\\"1000\\\"\",\"bits\":8,\"channels\":3,\"mime\":\"image\\\/jpeg\",\"ewww_image_optimizer\":\"Reduced by 20.3% (34.9&nbsp;kB)\"},\"0\":false,\"ewww_image_optimizer\":\"Reduced by 20.3% (34.9&nbsp;kB)\",\"views\":\"1\",\"likes\":\"0\"},\"title\":\"Ready to Wear Fall\\\/Winter 2015-2016\",\"description\":\"<p>Ready to Wear Fall\\\/Winter 2015-2016<\\\/p>\",\"link\":null,\"link_target\":\"\",\"download\":\"https:\\\/\\\/bobvarela.com\\\/wp-content\\\/flagallery\\\/desigual-coleccion-hombre-otonoinvierno-2015-2016\\\/desigual-034.jpg\",\"ratio\":0.669000000000000039079850466805510222911834716796875},{\"id\":\"18869\",\"image\":\"https:\\\/\\\/bobvarela.com\\\/wp-content\\\/flagallery\\\/desigual-coleccion-hombre-otonoinvierno-2015-2016\\\/webview\\\/desigual-035.jpg\",\"thumb\":\"https:\\\/\\\/bobvarela.com\\\/wp-content\\\/flagallery\\\/desigual-coleccion-hombre-otonoinvierno-2015-2016\\\/thumbs\\\/thumbs_desigual-035.jpg\",\"file\":\"desigual-035.jpg\",\"meta\":{\"aperture\":false,\"credit\":false,\"camera\":false,\"caption\":\"Ready to Wear Fall\\\/Winter 2015-2016\",\"created_timestamp\":\"February 3, 2015 10:14 pm\",\"copyright\":\"\\u00c2\\u00a9 2015 Estrop-Barcelona PHOTOGRAPH FOR EDITORIAL USE ONLY\",\"focal_length\":false,\"iso\":false,\"shutter_speed\":false,\"flash\":false,\"title\":\"Ready to Wear Fall\\\/Winter 2015-2016\",\"keywords\":\"2015-2016,Fall\\\/Winter,RTW\",\"width\":1337,\"height\":2000,\"saved\":true,\"thumbnail\":{\"width\":220,\"height\":220,\"ewww_image_optimizer\":\"Reduced by 10.3% (3.9&nbsp;kB)\"},\"webview\":{\"0\":802,\"1\":1200,\"2\":2,\"3\":\"width=\\\"802\\\" height=\\\"1200\\\"\",\"bits\":8,\"channels\":3,\"mime\":\"image\\\/jpeg\",\"ewww_image_optimizer\":\"Reduced by 3.0% (4.4&nbsp;kB) - Previously Optimized\"},\"0\":false,\"ewww_image_optimizer\":\"Reduced by 8.3% (14.2&nbsp;kB)\",\"views\":\"2\",\"likes\":\"0\"},\"title\":\"Ready to Wear Fall\\\/Winter 2015-2016\",\"description\":\"<p>Ready to Wear Fall\\\/Winter 2015-2016<\\\/p>\",\"link\":null,\"link_target\":\"\",\"download\":\"https:\\\/\\\/bobvarela.com\\\/wp-content\\\/flagallery\\\/desigual-coleccion-hombre-otonoinvierno-2015-2016\\\/desigual-035.jpg\",\"ratio\":0.66833333333333333481363069950020872056484222412109375},{\"id\":\"18870\",\"image\":\"https:\\\/\\\/bobvarela.com\\\/wp-content\\\/flagallery\\\/desigual-coleccion-hombre-otonoinvierno-2015-2016\\\/webview\\\/desigual-036.jpg\",\"thumb\":\"https:\\\/\\\/bobvarela.com\\\/wp-content\\\/flagallery\\\/desigual-coleccion-hombre-otonoinvierno-2015-2016\\\/thumbs\\\/thumbs_desigual-036.jpg\",\"file\":\"desigual-036.jpg\",\"meta\":{\"aperture\":false,\"credit\":false,\"camera\":false,\"caption\":\"Ready to Wear Fall\\\/Winter 2015-2016\",\"created_timestamp\":\"February 3, 2015 10:14 pm\",\"copyright\":\"\\u00c2\\u00a9 2015 Estrop-Barcelona PHOTOGRAPH FOR EDITORIAL USE ONLY\",\"focal_length\":false,\"iso\":false,\"shutter_speed\":false,\"flash\":false,\"title\":\"Ready to Wear Fall\\\/Winter 2015-2016\",\"keywords\":\"2015-2016,Fall\\\/Winter,RTW\",\"width\":669,\"height\":1000,\"saved\":true,\"thumbnail\":{\"width\":220,\"height\":220,\"ewww_image_optimizer\":\"Reduced by 10.7% (4.4&nbsp;kB)\"},\"webview\":{\"0\":669,\"1\":1000,\"2\":2,\"3\":\"width=\\\"669\\\" height=\\\"1000\\\"\",\"bits\":8,\"channels\":3,\"mime\":\"image\\\/jpeg\",\"ewww_image_optimizer\":\"Reduced by 4.4% (6.4&nbsp;kB) - Previously Optimized\"},\"0\":false,\"ewww_image_optimizer\":\"Reduced by 4.7% (8.1&nbsp;kB)\",\"views\":\"1\",\"likes\":\"0\"},\"title\":\"Ready to Wear Fall\\\/Winter 2015-2016\",\"description\":\"<p>Ready to Wear Fall\\\/Winter 2015-2016<\\\/p>\",\"link\":null,\"link_target\":\"\",\"download\":\"https:\\\/\\\/bobvarela.com\\\/wp-content\\\/flagallery\\\/desigual-coleccion-hombre-otonoinvierno-2015-2016\\\/desigual-036.jpg\",\"ratio\":0.669000000000000039079850466805510222911834716796875},{\"id\":\"18871\",\"image\":\"https:\\\/\\\/bobvarela.com\\\/wp-content\\\/flagallery\\\/desigual-coleccion-hombre-otonoinvierno-2015-2016\\\/webview\\\/desigual-037.jpg\",\"thumb\":\"https:\\\/\\\/bobvarela.com\\\/wp-content\\\/flagallery\\\/desigual-coleccion-hombre-otonoinvierno-2015-2016\\\/thumbs\\\/thumbs_desigual-037.jpg\",\"file\":\"desigual-037.jpg\",\"meta\":{\"aperture\":false,\"credit\":false,\"camera\":false,\"caption\":\"Ready to Wear Fall\\\/Winter 2015-2016\",\"created_timestamp\":\"February 3, 2015 10:14 pm\",\"copyright\":\"\\u00c2\\u00a9 2015 Estrop-Barcelona PHOTOGRAPH FOR EDITORIAL USE ONLY\",\"focal_length\":false,\"iso\":false,\"shutter_speed\":false,\"flash\":false,\"title\":\"Ready to Wear Fall\\\/Winter 2015-2016\",\"keywords\":\"2015-2016,Fall\\\/Winter,RTW\",\"width\":1337,\"height\":2000,\"saved\":true,\"thumbnail\":{\"width\":220,\"height\":220,\"ewww_image_optimizer\":\"Reduced by 9.5% (3.5&nbsp;kB)\"},\"webview\":{\"0\":802,\"1\":1200,\"2\":2,\"3\":\"width=\\\"802\\\" height=\\\"1200\\\"\",\"bits\":8,\"channels\":3,\"mime\":\"image\\\/jpeg\",\"ewww_image_optimizer\":\"Reduced by 4.3% (6.8&nbsp;kB) - Previously Optimized\"},\"0\":false,\"ewww_image_optimizer\":\"Reduced by 10.4% (19.5&nbsp;kB)\",\"views\":\"1\",\"likes\":\"0\"},\"title\":\"Ready to Wear Fall\\\/Winter 2015-2016\",\"description\":\"<p>Ready to Wear Fall\\\/Winter 2015-2016<\\\/p>\",\"link\":null,\"link_target\":\"\",\"download\":\"https:\\\/\\\/bobvarela.com\\\/wp-content\\\/flagallery\\\/desigual-coleccion-hombre-otonoinvierno-2015-2016\\\/desigual-037.jpg\",\"ratio\":0.66833333333333333481363069950020872056484222412109375},{\"id\":\"18872\",\"image\":\"https:\\\/\\\/bobvarela.com\\\/wp-content\\\/flagallery\\\/desigual-coleccion-hombre-otonoinvierno-2015-2016\\\/webview\\\/desigual-038.jpg\",\"thumb\":\"https:\\\/\\\/bobvarela.com\\\/wp-content\\\/flagallery\\\/desigual-coleccion-hombre-otonoinvierno-2015-2016\\\/thumbs\\\/thumbs_desigual-038.jpg\",\"file\":\"desigual-038.jpg\",\"meta\":{\"aperture\":false,\"credit\":false,\"camera\":false,\"caption\":\"Ready to Wear Fall\\\/Winter 2015-2016\",\"created_timestamp\":\"February 3, 2015 10:14 pm\",\"copyright\":\"\\u00c2\\u00a9 2015 Estrop-Barcelona PHOTOGRAPH FOR EDITORIAL USE ONLY\",\"focal_length\":false,\"iso\":false,\"shutter_speed\":false,\"flash\":false,\"title\":\"Ready to Wear Fall\\\/Winter 2015-2016\",\"keywords\":\"2015-2016,Fall\\\/Winter,RTW\",\"width\":1337,\"height\":2000,\"saved\":true,\"thumbnail\":{\"width\":220,\"height\":220,\"ewww_image_optimizer\":\"Reduced by 9.4% (3.1&nbsp;kB)\"},\"webview\":{\"0\":802,\"1\":1200,\"2\":2,\"3\":\"width=\\\"802\\\" height=\\\"1200\\\"\",\"bits\":8,\"channels\":3,\"mime\":\"image\\\/jpeg\",\"ewww_image_optimizer\":\"Reduced by 3.1% (4.0&nbsp;kB) - Previously Optimized\"},\"0\":false,\"ewww_image_optimizer\":\"Reduced by 9.8% (16.7&nbsp;kB)\",\"views\":\"1\",\"likes\":\"0\"},\"title\":\"Ready to Wear Fall\\\/Winter 2015-2016\",\"description\":\"<p>Ready to Wear Fall\\\/Winter 2015-2016<\\\/p>\",\"link\":null,\"link_target\":\"\",\"download\":\"https:\\\/\\\/bobvarela.com\\\/wp-content\\\/flagallery\\\/desigual-coleccion-hombre-otonoinvierno-2015-2016\\\/desigual-038.jpg\",\"ratio\":0.66833333333333333481363069950020872056484222412109375},{\"id\":\"18873\",\"image\":\"https:\\\/\\\/bobvarela.com\\\/wp-content\\\/flagallery\\\/desigual-coleccion-hombre-otonoinvierno-2015-2016\\\/webview\\\/desigual-039.jpg\",\"thumb\":\"https:\\\/\\\/bobvarela.com\\\/wp-content\\\/flagallery\\\/desigual-coleccion-hombre-otonoinvierno-2015-2016\\\/thumbs\\\/thumbs_desigual-039.jpg\",\"file\":\"desigual-039.jpg\",\"meta\":{\"aperture\":false,\"credit\":false,\"camera\":false,\"caption\":\"Ready to Wear Fall\\\/Winter 2015-2016\",\"created_timestamp\":\"February 3, 2015 10:15 pm\",\"copyright\":\"\\u00c2\\u00a9 2015 Estrop-Barcelona PHOTOGRAPH FOR EDITORIAL USE ONLY\",\"focal_length\":false,\"iso\":false,\"shutter_speed\":false,\"flash\":false,\"title\":\"Ready to Wear Fall\\\/Winter 2015-2016\",\"keywords\":\"2015-2016,Fall\\\/Winter,RTW\",\"width\":1337,\"height\":2000,\"saved\":true,\"thumbnail\":{\"width\":220,\"height\":220,\"ewww_image_optimizer\":\"Reduced by 9.1% (3.4&nbsp;kB)\"},\"webview\":{\"0\":802,\"1\":1200,\"2\":2,\"3\":\"width=\\\"802\\\" height=\\\"1200\\\"\",\"bits\":8,\"channels\":3,\"mime\":\"image\\\/jpeg\",\"ewww_image_optimizer\":\"Reduced by 4.5% (7.8&nbsp;kB) - Previously Optimized\"},\"0\":false,\"ewww_image_optimizer\":\"Reduced by 10.3% (20.6&nbsp;kB)\",\"views\":\"1\",\"likes\":\"0\"},\"title\":\"Ready to Wear Fall\\\/Winter 2015-2016\",\"description\":\"<p>Ready to Wear Fall\\\/Winter 2015-2016<\\\/p>\",\"link\":null,\"link_target\":\"\",\"download\":\"https:\\\/\\\/bobvarela.com\\\/wp-content\\\/flagallery\\\/desigual-coleccion-hombre-otonoinvierno-2015-2016\\\/desigual-039.jpg\",\"ratio\":0.66833333333333333481363069950020872056484222412109375},{\"id\":\"18874\",\"image\":\"https:\\\/\\\/bobvarela.com\\\/wp-content\\\/flagallery\\\/desigual-coleccion-hombre-otonoinvierno-2015-2016\\\/webview\\\/desigual-040.jpg\",\"thumb\":\"https:\\\/\\\/bobvarela.com\\\/wp-content\\\/flagallery\\\/desigual-coleccion-hombre-otonoinvierno-2015-2016\\\/thumbs\\\/thumbs_desigual-040.jpg\",\"file\":\"desigual-040.jpg\",\"meta\":{\"aperture\":false,\"credit\":false,\"camera\":false,\"caption\":\"Ready to Wear Fall\\\/Winter 2015-2016\",\"created_timestamp\":\"February 3, 2015 10:15 pm\",\"copyright\":\"\\u00c2\\u00a9 2015 Estrop-Barcelona PHOTOGRAPH FOR EDITORIAL USE ONLY\",\"focal_length\":false,\"iso\":false,\"shutter_speed\":false,\"flash\":false,\"title\":\"Ready to Wear Fall\\\/Winter 2015-2016\",\"keywords\":\"2015-2016,Fall\\\/Winter,RTW\",\"width\":1337,\"height\":2000,\"saved\":true,\"thumbnail\":{\"width\":220,\"height\":220,\"ewww_image_optimizer\":\"Reduced by 9.1% (3.7&nbsp;kB)\"},\"webview\":{\"0\":1337,\"1\":2000,\"2\":2,\"3\":\"width=\\\"1337\\\" height=\\\"2000\\\"\",\"bits\":8,\"channels\":3,\"mime\":\"image\\\/jpeg\",\"ewww_image_optimizer\":\"Reduced by 15.3% (26.1&nbsp;kB)\"},\"0\":false,\"ewww_image_optimizer\":\"Reduced by 15.3% (26.1&nbsp;kB)\",\"views\":\"1\",\"likes\":\"0\"},\"title\":\"Ready to Wear Fall\\\/Winter 2015-2016\",\"description\":\"<p>Ready to Wear Fall\\\/Winter 2015-2016<\\\/p>\",\"link\":null,\"link_target\":\"\",\"download\":\"https:\\\/\\\/bobvarela.com\\\/wp-content\\\/flagallery\\\/desigual-coleccion-hombre-otonoinvierno-2015-2016\\\/desigual-040.jpg\",\"ratio\":0.66849999999999998312461002569762058556079864501953125},{\"id\":\"18875\",\"image\":\"https:\\\/\\\/bobvarela.com\\\/wp-content\\\/flagallery\\\/desigual-coleccion-hombre-otonoinvierno-2015-2016\\\/webview\\\/desigual-041.jpg\",\"thumb\":\"https:\\\/\\\/bobvarela.com\\\/wp-content\\\/flagallery\\\/desigual-coleccion-hombre-otonoinvierno-2015-2016\\\/thumbs\\\/thumbs_desigual-041.jpg\",\"file\":\"desigual-041.jpg\",\"meta\":{\"aperture\":false,\"credit\":false,\"camera\":false,\"caption\":\"Ready to Wear Fall\\\/Winter 2015-2016\",\"created_timestamp\":\"February 3, 2015 10:15 pm\",\"copyright\":\"\\u00c2\\u00a9 2015 Estrop-Barcelona PHOTOGRAPH FOR EDITORIAL USE ONLY\",\"focal_length\":false,\"iso\":false,\"shutter_speed\":false,\"flash\":false,\"title\":\"Ready to Wear Fall\\\/Winter 2015-2016\",\"keywords\":\"2015-2016,Fall\\\/Winter,RTW\",\"width\":1337,\"height\":2000,\"saved\":true,\"thumbnail\":{\"width\":220,\"height\":220,\"ewww_image_optimizer\":\"Reduced by 10.9% (4.1&nbsp;kB)\"},\"webview\":{\"0\":802,\"1\":1200,\"2\":2,\"3\":\"width=\\\"802\\\" height=\\\"1200\\\"\",\"bits\":8,\"channels\":3,\"mime\":\"image\\\/jpeg\",\"ewww_image_optimizer\":\"Reduced by 2.7% (3.7&nbsp;kB) - Previously Optimized\"},\"0\":false,\"ewww_image_optimizer\":\"Reduced by 11.9% (21.0&nbsp;kB)\",\"views\":\"1\",\"likes\":\"0\"},\"title\":\"Ready to Wear Fall\\\/Winter 2015-2016\",\"description\":\"<p>Ready to Wear Fall\\\/Winter 2015-2016<\\\/p>\",\"link\":null,\"link_target\":\"\",\"download\":\"https:\\\/\\\/bobvarela.com\\\/wp-content\\\/flagallery\\\/desigual-coleccion-hombre-otonoinvierno-2015-2016\\\/desigual-041.jpg\",\"ratio\":0.66833333333333333481363069950020872056484222412109375},{\"id\":\"18876\",\"image\":\"https:\\\/\\\/bobvarela.com\\\/wp-content\\\/flagallery\\\/desigual-coleccion-hombre-otonoinvierno-2015-2016\\\/webview\\\/desigual-042.jpg\",\"thumb\":\"https:\\\/\\\/bobvarela.com\\\/wp-content\\\/flagallery\\\/desigual-coleccion-hombre-otonoinvierno-2015-2016\\\/thumbs\\\/thumbs_desigual-042.jpg\",\"file\":\"desigual-042.jpg\",\"meta\":{\"aperture\":false,\"credit\":false,\"camera\":false,\"caption\":\"Ready to Wear Fall\\\/Winter 2015-2016\",\"created_timestamp\":\"February 3, 2015 10:15 pm\",\"copyright\":\"\\u00c2\\u00a9 2015 Estrop-Barcelona PHOTOGRAPH FOR EDITORIAL USE ONLY\",\"focal_length\":false,\"iso\":false,\"shutter_speed\":false,\"flash\":false,\"title\":\"Ready to Wear Fall\\\/Winter 2015-2016\",\"keywords\":\"2015-2016,Fall\\\/Winter,RTW\",\"width\":1337,\"height\":2000,\"saved\":true,\"thumbnail\":{\"width\":220,\"height\":220,\"ewww_image_optimizer\":\"Reduced by 11.2% (4.8&nbsp;kB)\"},\"webview\":{\"0\":802,\"1\":1200,\"2\":2,\"3\":\"width=\\\"802\\\" height=\\\"1200\\\"\",\"bits\":8,\"channels\":3,\"mime\":\"image\\\/jpeg\",\"ewww_image_optimizer\":\"Reduced by 4.1% (7.3&nbsp;kB) - Previously Optimized\"},\"0\":false,\"ewww_image_optimizer\":\"Reduced by 14.7% (28.3&nbsp;kB)\",\"views\":\"1\",\"likes\":\"0\"},\"title\":\"Ready to Wear Fall\\\/Winter 2015-2016\",\"description\":\"<p>Ready to Wear Fall\\\/Winter 2015-2016<\\\/p>\",\"link\":null,\"link_target\":\"\",\"download\":\"https:\\\/\\\/bobvarela.com\\\/wp-content\\\/flagallery\\\/desigual-coleccion-hombre-otonoinvierno-2015-2016\\\/desigual-042.jpg\",\"ratio\":0.66833333333333333481363069950020872056484222412109375},{\"id\":\"18877\",\"image\":\"https:\\\/\\\/bobvarela.com\\\/wp-content\\\/flagallery\\\/desigual-coleccion-hombre-otonoinvierno-2015-2016\\\/webview\\\/desigual-043.jpg\",\"thumb\":\"https:\\\/\\\/bobvarela.com\\\/wp-content\\\/flagallery\\\/desigual-coleccion-hombre-otonoinvierno-2015-2016\\\/thumbs\\\/thumbs_desigual-043.jpg\",\"file\":\"desigual-043.jpg\",\"meta\":{\"aperture\":false,\"credit\":false,\"camera\":false,\"caption\":\"Ready to Wear Fall\\\/Winter 2015-2016\",\"created_timestamp\":\"February 3, 2015 10:15 pm\",\"copyright\":\"\\u00c2\\u00a9 2015 Estrop-Barcelona PHOTOGRAPH FOR EDITORIAL USE ONLY\",\"focal_length\":false,\"iso\":false,\"shutter_speed\":false,\"flash\":false,\"title\":\"Ready to Wear Fall\\\/Winter 2015-2016\",\"keywords\":\"2015-2016,Fall\\\/Winter,RTW\",\"width\":669,\"height\":1000,\"saved\":true,\"thumbnail\":{\"width\":220,\"height\":220,\"ewww_image_optimizer\":\"Reduced by 11.3% (5.8&nbsp;kB)\"},\"webview\":{\"0\":669,\"1\":1000,\"2\":2,\"3\":\"width=\\\"669\\\" height=\\\"1000\\\"\",\"bits\":8,\"channels\":3,\"mime\":\"image\\\/jpeg\",\"ewww_image_optimizer\":\"Reduced by 7.0% (11.8&nbsp;kB)\"},\"0\":false,\"ewww_image_optimizer\":\"Reduced by 7.0% (11.8&nbsp;kB)\",\"views\":\"1\",\"likes\":\"0\"},\"title\":\"Ready to Wear Fall\\\/Winter 2015-2016\",\"description\":\"<p>Ready to Wear Fall\\\/Winter 2015-2016<\\\/p>\",\"link\":null,\"link_target\":\"\",\"download\":\"https:\\\/\\\/bobvarela.com\\\/wp-content\\\/flagallery\\\/desigual-coleccion-hombre-otonoinvierno-2015-2016\\\/desigual-043.jpg\",\"ratio\":0.669000000000000039079850466805510222911834716796875},{\"id\":\"18878\",\"image\":\"https:\\\/\\\/bobvarela.com\\\/wp-content\\\/flagallery\\\/desigual-coleccion-hombre-otonoinvierno-2015-2016\\\/webview\\\/desigual-044.jpg\",\"thumb\":\"https:\\\/\\\/bobvarela.com\\\/wp-content\\\/flagallery\\\/desigual-coleccion-hombre-otonoinvierno-2015-2016\\\/thumbs\\\/thumbs_desigual-044.jpg\",\"file\":\"desigual-044.jpg\",\"meta\":{\"aperture\":false,\"credit\":false,\"camera\":false,\"caption\":\"Ready to Wear Fall\\\/Winter 2015-2016\",\"created_timestamp\":\"February 3, 2015 10:15 pm\",\"copyright\":\"\\u00c2\\u00a9 2015 Estrop-Barcelona PHOTOGRAPH FOR EDITORIAL USE ONLY\",\"focal_length\":false,\"iso\":false,\"shutter_speed\":false,\"flash\":false,\"title\":\"Ready to Wear Fall\\\/Winter 2015-2016\",\"keywords\":\"2015-2016,Fall\\\/Winter,RTW\",\"width\":1337,\"height\":2000,\"saved\":true,\"thumbnail\":{\"width\":220,\"height\":220,\"ewww_image_optimizer\":\"Reduced by 10.5% (3.7&nbsp;kB)\"},\"webview\":{\"0\":802,\"1\":1200,\"2\":2,\"3\":\"width=\\\"802\\\" height=\\\"1200\\\"\",\"bits\":8,\"channels\":3,\"mime\":\"image\\\/jpeg\",\"ewww_image_optimizer\":\"Reduced by 3.7% (4.9&nbsp;kB) - Previously Optimized\"},\"0\":false,\"ewww_image_optimizer\":\"Reduced by 8.5% (14.6&nbsp;kB)\",\"views\":\"1\",\"likes\":\"0\"},\"title\":\"Ready to Wear Fall\\\/Winter 2015-2016\",\"description\":\"<p>Ready to Wear Fall\\\/Winter 2015-2016<\\\/p>\",\"link\":null,\"link_target\":\"\",\"download\":\"https:\\\/\\\/bobvarela.com\\\/wp-content\\\/flagallery\\\/desigual-coleccion-hombre-otonoinvierno-2015-2016\\\/desigual-044.jpg\",\"ratio\":0.66833333333333333481363069950020872056484222412109375},{\"id\":\"18879\",\"image\":\"https:\\\/\\\/bobvarela.com\\\/wp-content\\\/flagallery\\\/desigual-coleccion-hombre-otonoinvierno-2015-2016\\\/webview\\\/desigual-045.jpg\",\"thumb\":\"https:\\\/\\\/bobvarela.com\\\/wp-content\\\/flagallery\\\/desigual-coleccion-hombre-otonoinvierno-2015-2016\\\/thumbs\\\/thumbs_desigual-045.jpg\",\"file\":\"desigual-045.jpg\",\"meta\":{\"aperture\":false,\"credit\":false,\"camera\":false,\"caption\":\"Ready to Wear Fall\\\/Winter 2015-2016\",\"created_timestamp\":\"February 3, 2015 10:15 pm\",\"copyright\":\"\\u00c2\\u00a9 2015 Estrop-Barcelona PHOTOGRAPH FOR EDITORIAL USE ONLY\",\"focal_length\":false,\"iso\":false,\"shutter_speed\":false,\"flash\":false,\"title\":\"Ready to Wear Fall\\\/Winter 2015-2016\",\"keywords\":\"2015-2016,Fall\\\/Winter,RTW\",\"width\":1337,\"height\":2000,\"saved\":true,\"thumbnail\":{\"width\":220,\"height\":220,\"ewww_image_optimizer\":\"Reduced by 10.7% (4.3&nbsp;kB)\"},\"webview\":{\"0\":802,\"1\":1200,\"2\":2,\"3\":\"width=\\\"802\\\" height=\\\"1200\\\"\",\"bits\":8,\"channels\":3,\"mime\":\"image\\\/jpeg\",\"ewww_image_optimizer\":\"Reduced by 3.5% (5.4&nbsp;kB) - Previously Optimized\"},\"0\":false,\"ewww_image_optimizer\":\"Reduced by 16.0% (27.6&nbsp;kB)\",\"views\":\"1\",\"likes\":\"0\"},\"title\":\"Ready to Wear Fall\\\/Winter 2015-2016\",\"description\":\"<p>Ready to Wear Fall\\\/Winter 2015-2016<\\\/p>\",\"link\":null,\"link_target\":\"\",\"download\":\"https:\\\/\\\/bobvarela.com\\\/wp-content\\\/flagallery\\\/desigual-coleccion-hombre-otonoinvierno-2015-2016\\\/desigual-045.jpg\",\"ratio\":0.66833333333333333481363069950020872056484222412109375},{\"id\":\"18880\",\"image\":\"https:\\\/\\\/bobvarela.com\\\/wp-content\\\/flagallery\\\/desigual-coleccion-hombre-otonoinvierno-2015-2016\\\/webview\\\/desigual-046.jpg\",\"thumb\":\"https:\\\/\\\/bobvarela.com\\\/wp-content\\\/flagallery\\\/desigual-coleccion-hombre-otonoinvierno-2015-2016\\\/thumbs\\\/thumbs_desigual-046.jpg\",\"file\":\"desigual-046.jpg\",\"meta\":{\"aperture\":false,\"credit\":false,\"camera\":false,\"caption\":\"Ready to Wear Fall\\\/Winter 2015-2016\",\"created_timestamp\":\"February 3, 2015 10:15 pm\",\"copyright\":\"\\u00c2\\u00a9 2015 Estrop-Barcelona PHOTOGRAPH FOR EDITORIAL USE ONLY\",\"focal_length\":false,\"iso\":false,\"shutter_speed\":false,\"flash\":false,\"title\":\"Ready to Wear Fall\\\/Winter 2015-2016\",\"keywords\":\"2015-2016,Fall\\\/Winter,RTW\",\"width\":669,\"height\":1000,\"saved\":true,\"thumbnail\":{\"width\":220,\"height\":220,\"ewww_image_optimizer\":\"Reduced by 11.1% (5.2&nbsp;kB)\"},\"webview\":{\"0\":669,\"1\":1000,\"2\":2,\"3\":\"width=\\\"669\\\" height=\\\"1000\\\"\",\"bits\":8,\"channels\":3,\"mime\":\"image\\\/jpeg\",\"ewww_image_optimizer\":\"Reduced by 12.6% (22.4&nbsp;kB)\"},\"0\":false,\"ewww_image_optimizer\":\"Reduced by 12.6% (22.4&nbsp;kB)\",\"views\":\"1\",\"likes\":\"0\"},\"title\":\"Ready to Wear Fall\\\/Winter 2015-2016\",\"description\":\"<p>Ready to Wear Fall\\\/Winter 2015-2016<\\\/p>\",\"link\":null,\"link_target\":\"\",\"download\":\"https:\\\/\\\/bobvarela.com\\\/wp-content\\\/flagallery\\\/desigual-coleccion-hombre-otonoinvierno-2015-2016\\\/desigual-046.jpg\",\"ratio\":0.669000000000000039079850466805510222911834716796875},{\"id\":\"18881\",\"image\":\"https:\\\/\\\/bobvarela.com\\\/wp-content\\\/flagallery\\\/desigual-coleccion-hombre-otonoinvierno-2015-2016\\\/webview\\\/desigual-047.jpg\",\"thumb\":\"https:\\\/\\\/bobvarela.com\\\/wp-content\\\/flagallery\\\/desigual-coleccion-hombre-otonoinvierno-2015-2016\\\/thumbs\\\/thumbs_desigual-047.jpg\",\"file\":\"desigual-047.jpg\",\"meta\":{\"aperture\":false,\"credit\":false,\"camera\":false,\"caption\":\"Ready to Wear Fall\\\/Winter 2015-2016\",\"created_timestamp\":\"February 3, 2015 10:15 pm\",\"copyright\":\"\\u00c2\\u00a9 2015 Estrop-Barcelona PHOTOGRAPH FOR EDITORIAL USE ONLY\",\"focal_length\":false,\"iso\":false,\"shutter_speed\":false,\"flash\":false,\"title\":\"Ready to Wear Fall\\\/Winter 2015-2016\",\"keywords\":\"2015-2016,Fall\\\/Winter,RTW\",\"width\":1337,\"height\":2000,\"saved\":true,\"thumbnail\":{\"width\":220,\"height\":220,\"ewww_image_optimizer\":\"Reduced by 9.8% (2.9&nbsp;kB)\"},\"webview\":{\"0\":802,\"1\":1200,\"2\":2,\"3\":\"width=\\\"802\\\" height=\\\"1200\\\"\",\"bits\":8,\"channels\":3,\"mime\":\"image\\\/jpeg\",\"ewww_image_optimizer\":\"Reduced by 4.1% (4.5&nbsp;kB) - Previously Optimized\"},\"0\":false,\"ewww_image_optimizer\":\"Reduced by 9.9% (16.8&nbsp;kB)\",\"views\":\"1\",\"likes\":\"0\"},\"title\":\"Ready to Wear Fall\\\/Winter 2015-2016\",\"description\":\"<p>Ready to Wear Fall\\\/Winter 2015-2016<\\\/p>\",\"link\":null,\"link_target\":\"\",\"download\":\"https:\\\/\\\/bobvarela.com\\\/wp-content\\\/flagallery\\\/desigual-coleccion-hombre-otonoinvierno-2015-2016\\\/desigual-047.jpg\",\"ratio\":0.66833333333333333481363069950020872056484222412109375},{\"id\":\"18882\",\"image\":\"https:\\\/\\\/bobvarela.com\\\/wp-content\\\/flagallery\\\/desigual-coleccion-hombre-otonoinvierno-2015-2016\\\/webview\\\/desigual-048.jpg\",\"thumb\":\"https:\\\/\\\/bobvarela.com\\\/wp-content\\\/flagallery\\\/desigual-coleccion-hombre-otonoinvierno-2015-2016\\\/thumbs\\\/thumbs_desigual-048.jpg\",\"file\":\"desigual-048.jpg\",\"meta\":{\"aperture\":false,\"credit\":false,\"camera\":false,\"caption\":\"Ready to Wear Fall\\\/Winter 2015-2016\",\"created_timestamp\":\"February 3, 2015 10:15 pm\",\"copyright\":\"\\u00c2\\u00a9 2015 Estrop-Barcelona PHOTOGRAPH FOR EDITORIAL USE ONLY\",\"focal_length\":false,\"iso\":false,\"shutter_speed\":false,\"flash\":false,\"title\":\"Ready to Wear Fall\\\/Winter 2015-2016\",\"keywords\":\"2015-2016,Fall\\\/Winter,RTW\",\"width\":1337,\"height\":2000,\"saved\":true,\"thumbnail\":{\"width\":220,\"height\":220,\"ewww_image_optimizer\":\"Reduced by 10.8% (4.0&nbsp;kB)\"},\"webview\":{\"0\":802,\"1\":1200,\"2\":2,\"3\":\"width=\\\"802\\\" height=\\\"1200\\\"\",\"bits\":8,\"channels\":3,\"mime\":\"image\\\/jpeg\",\"ewww_image_optimizer\":\"Reduced by 4.7% (6.4&nbsp;kB) - Previously Optimized\"},\"0\":false,\"ewww_image_optimizer\":\"Reduced by 8.7% (15.6&nbsp;kB)\",\"views\":\"1\",\"likes\":\"0\"},\"title\":\"Ready to Wear Fall\\\/Winter 2015-2016\",\"description\":\"<p>Ready to Wear Fall\\\/Winter 2015-2016<\\\/p>\",\"link\":null,\"link_target\":\"\",\"download\":\"https:\\\/\\\/bobvarela.com\\\/wp-content\\\/flagallery\\\/desigual-coleccion-hombre-otonoinvierno-2015-2016\\\/desigual-048.jpg\",\"ratio\":0.66833333333333333481363069950020872056484222412109375},{\"id\":\"18883\",\"image\":\"https:\\\/\\\/bobvarela.com\\\/wp-content\\\/flagallery\\\/desigual-coleccion-hombre-otonoinvierno-2015-2016\\\/webview\\\/desigual-049.jpg\",\"thumb\":\"https:\\\/\\\/bobvarela.com\\\/wp-content\\\/flagallery\\\/desigual-coleccion-hombre-otonoinvierno-2015-2016\\\/thumbs\\\/thumbs_desigual-049.jpg\",\"file\":\"desigual-049.jpg\",\"meta\":{\"aperture\":false,\"credit\":false,\"camera\":false,\"caption\":\"Ready to Wear Fall\\\/Winter 2015-2016\",\"created_timestamp\":\"February 3, 2015 10:15 pm\",\"copyright\":\"\\u00c2\\u00a9 2015 Estrop-Barcelona PHOTOGRAPH FOR EDITORIAL USE ONLY\",\"focal_length\":false,\"iso\":false,\"shutter_speed\":false,\"flash\":false,\"title\":\"Ready to Wear Fall\\\/Winter 2015-2016\",\"keywords\":\"2015-2016,Fall\\\/Winter,RTW\",\"width\":1337,\"height\":2000,\"saved\":true,\"thumbnail\":{\"width\":220,\"height\":220,\"ewww_image_optimizer\":\"Reduced by 8.5% (2.6&nbsp;kB)\"},\"webview\":{\"0\":802,\"1\":1200,\"2\":2,\"3\":\"width=\\\"802\\\" height=\\\"1200\\\"\",\"bits\":8,\"channels\":3,\"mime\":\"image\\\/jpeg\",\"ewww_image_optimizer\":\"Reduced by 4.1% (4.5&nbsp;kB) - Previously Optimized\"},\"0\":false,\"ewww_image_optimizer\":\"Reduced by 7.8% (11.8&nbsp;kB)\",\"views\":\"1\",\"likes\":\"0\"},\"title\":\"Ready to Wear Fall\\\/Winter 2015-2016\",\"description\":\"<p>Ready to Wear Fall\\\/Winter 2015-2016<\\\/p>\",\"link\":null,\"link_target\":\"\",\"download\":\"https:\\\/\\\/bobvarela.com\\\/wp-content\\\/flagallery\\\/desigual-coleccion-hombre-otonoinvierno-2015-2016\\\/desigual-049.jpg\",\"ratio\":0.66833333333333333481363069950020872056484222412109375},{\"id\":\"18884\",\"image\":\"https:\\\/\\\/bobvarela.com\\\/wp-content\\\/flagallery\\\/desigual-coleccion-hombre-otonoinvierno-2015-2016\\\/webview\\\/desigual-050.jpg\",\"thumb\":\"https:\\\/\\\/bobvarela.com\\\/wp-content\\\/flagallery\\\/desigual-coleccion-hombre-otonoinvierno-2015-2016\\\/thumbs\\\/thumbs_desigual-050.jpg\",\"file\":\"desigual-050.jpg\",\"meta\":{\"aperture\":false,\"credit\":false,\"camera\":false,\"caption\":\"Ready to Wear Fall\\\/Winter 2015-2016\",\"created_timestamp\":\"February 3, 2015 10:15 pm\",\"copyright\":\"\\u00c2\\u00a9 2015 Estrop-Barcelona PHOTOGRAPH FOR EDITORIAL USE ONLY\",\"focal_length\":false,\"iso\":false,\"shutter_speed\":false,\"flash\":false,\"title\":\"Ready to Wear Fall\\\/Winter 2015-2016\",\"keywords\":\"2015-2016,Fall\\\/Winter,RTW\",\"width\":1337,\"height\":2000,\"saved\":true,\"thumbnail\":{\"width\":220,\"height\":220,\"ewww_image_optimizer\":\"Reduced by 7.9% (2.7&nbsp;kB)\"},\"webview\":{\"0\":802,\"1\":1200,\"2\":2,\"3\":\"width=\\\"802\\\" height=\\\"1200\\\"\",\"bits\":8,\"channels\":3,\"mime\":\"image\\\/jpeg\",\"ewww_image_optimizer\":\"Reduced by 4.7% (6.7&nbsp;kB) - Previously Optimized\"},\"0\":false,\"ewww_image_optimizer\":\"Reduced by 11.7% (19.3&nbsp;kB)\",\"views\":\"2\",\"likes\":\"0\"},\"title\":\"Ready to Wear Fall\\\/Winter 2015-2016\",\"description\":\"<p>Ready to Wear Fall\\\/Winter 2015-2016<\\\/p>\",\"link\":null,\"link_target\":\"\",\"download\":\"https:\\\/\\\/bobvarela.com\\\/wp-content\\\/flagallery\\\/desigual-coleccion-hombre-otonoinvierno-2015-2016\\\/desigual-050.jpg\",\"ratio\":0.66833333333333333481363069950020872056484222412109375},{\"id\":\"18885\",\"image\":\"https:\\\/\\\/bobvarela.com\\\/wp-content\\\/flagallery\\\/desigual-coleccion-hombre-otonoinvierno-2015-2016\\\/webview\\\/desigual-051.jpg\",\"thumb\":\"https:\\\/\\\/bobvarela.com\\\/wp-content\\\/flagallery\\\/desigual-coleccion-hombre-otonoinvierno-2015-2016\\\/thumbs\\\/thumbs_desigual-051.jpg\",\"file\":\"desigual-051.jpg\",\"meta\":{\"aperture\":false,\"credit\":false,\"camera\":false,\"caption\":\"Ready to Wear Fall\\\/Winter 2015-2016\",\"created_timestamp\":\"February 3, 2015 10:15 pm\",\"copyright\":\"\\u00c2\\u00a9 2015 Estrop-Barcelona PHOTOGRAPH FOR EDITORIAL USE ONLY\",\"focal_length\":false,\"iso\":false,\"shutter_speed\":false,\"flash\":false,\"title\":\"Ready to Wear Fall\\\/Winter 2015-2016\",\"keywords\":\"2015-2016,Fall\\\/Winter,RTW\",\"width\":1337,\"height\":2000,\"saved\":true,\"thumbnail\":{\"width\":220,\"height\":220,\"ewww_image_optimizer\":\"Reduced by 9.0% (3.8&nbsp;kB)\"},\"webview\":{\"0\":1337,\"1\":2000,\"2\":2,\"3\":\"width=\\\"1337\\\" height=\\\"2000\\\"\",\"bits\":8,\"channels\":3,\"mime\":\"image\\\/jpeg\",\"ewww_image_optimizer\":\"Reduced by 5.5% (8.9&nbsp;kB)\"},\"0\":false,\"ewww_image_optimizer\":\"Reduced by 5.5% (8.9&nbsp;kB)\",\"views\":\"2\",\"likes\":\"0\"},\"title\":\"Ready to Wear Fall\\\/Winter 2015-2016\",\"description\":\"<p>Ready to Wear Fall\\\/Winter 2015-2016<\\\/p>\",\"link\":null,\"link_target\":\"\",\"download\":\"https:\\\/\\\/bobvarela.com\\\/wp-content\\\/flagallery\\\/desigual-coleccion-hombre-otonoinvierno-2015-2016\\\/desigual-051.jpg\",\"ratio\":0.66849999999999998312461002569762058556079864501953125},{\"id\":\"18886\",\"image\":\"https:\\\/\\\/bobvarela.com\\\/wp-content\\\/flagallery\\\/desigual-coleccion-hombre-otonoinvierno-2015-2016\\\/webview\\\/desigual-052.jpg\",\"thumb\":\"https:\\\/\\\/bobvarela.com\\\/wp-content\\\/flagallery\\\/desigual-coleccion-hombre-otonoinvierno-2015-2016\\\/thumbs\\\/thumbs_desigual-052.jpg\",\"file\":\"desigual-052.jpg\",\"meta\":{\"aperture\":false,\"credit\":false,\"camera\":false,\"caption\":\"Ready to Wear Fall\\\/Winter 2015-2016\",\"created_timestamp\":\"February 3, 2015 10:16 pm\",\"copyright\":\"\\u00c2\\u00a9 2015 Estrop-Barcelona PHOTOGRAPH FOR EDITORIAL USE ONLY\",\"focal_length\":false,\"iso\":false,\"shutter_speed\":false,\"flash\":false,\"title\":\"Ready to Wear Fall\\\/Winter 2015-2016\",\"keywords\":\"2015-2016,Fall\\\/Winter,RTW\",\"width\":1337,\"height\":2000,\"saved\":true,\"thumbnail\":{\"width\":220,\"height\":220,\"ewww_image_optimizer\":\"Reduced by 10.3% (3.4&nbsp;kB)\"},\"webview\":{\"0\":802,\"1\":1200,\"2\":2,\"3\":\"width=\\\"802\\\" height=\\\"1200\\\"\",\"bits\":8,\"channels\":3,\"mime\":\"image\\\/jpeg\",\"ewww_image_optimizer\":\"Reduced by 2.5% (3.1&nbsp;kB) - Previously Optimized\"},\"0\":false,\"ewww_image_optimizer\":\"Reduced by 12.5% (23.0&nbsp;kB)\",\"views\":\"1\",\"likes\":\"0\"},\"title\":\"Ready to Wear Fall\\\/Winter 2015-2016\",\"description\":\"<p>Ready to Wear Fall\\\/Winter 2015-2016<\\\/p>\",\"link\":null,\"link_target\":\"\",\"download\":\"https:\\\/\\\/bobvarela.com\\\/wp-content\\\/flagallery\\\/desigual-coleccion-hombre-otonoinvierno-2015-2016\\\/desigual-052.jpg\",\"ratio\":0.66833333333333333481363069950020872056484222412109375},{\"id\":\"18887\",\"image\":\"https:\\\/\\\/bobvarela.com\\\/wp-content\\\/flagallery\\\/desigual-coleccion-hombre-otonoinvierno-2015-2016\\\/webview\\\/desigual-053.jpg\",\"thumb\":\"https:\\\/\\\/bobvarela.com\\\/wp-content\\\/flagallery\\\/desigual-coleccion-hombre-otonoinvierno-2015-2016\\\/thumbs\\\/thumbs_desigual-053.jpg\",\"file\":\"desigual-053.jpg\",\"meta\":{\"aperture\":false,\"credit\":false,\"camera\":false,\"caption\":\"Ready to Wear Fall\\\/Winter 2015-2016\",\"created_timestamp\":\"February 3, 2015 10:16 pm\",\"copyright\":\"\\u00c2\\u00a9 2015 Estrop-Barcelona PHOTOGRAPH FOR EDITORIAL USE ONLY\",\"focal_length\":false,\"iso\":false,\"shutter_speed\":false,\"flash\":false,\"title\":\"Ready to Wear Fall\\\/Winter 2015-2016\",\"keywords\":\"2015-2016,Fall\\\/Winter,RTW\",\"width\":1337,\"height\":2000,\"saved\":true,\"thumbnail\":{\"width\":220,\"height\":220,\"ewww_image_optimizer\":\"Reduced by 11.1% (4.7&nbsp;kB)\"},\"webview\":{\"0\":802,\"1\":1200,\"2\":2,\"3\":\"width=\\\"802\\\" height=\\\"1200\\\"\",\"bits\":8,\"channels\":3,\"mime\":\"image\\\/jpeg\",\"ewww_image_optimizer\":\"Reduced by 3.4% (5.9&nbsp;kB) - Previously Optimized\"},\"0\":false,\"ewww_image_optimizer\":\"Reduced by 16.3% (31.8&nbsp;kB)\",\"views\":\"1\",\"likes\":\"0\"},\"title\":\"Ready to Wear Fall\\\/Winter 2015-2016\",\"description\":\"<p>Ready to Wear Fall\\\/Winter 2015-2016<\\\/p>\",\"link\":null,\"link_target\":\"\",\"download\":\"https:\\\/\\\/bobvarela.com\\\/wp-content\\\/flagallery\\\/desigual-coleccion-hombre-otonoinvierno-2015-2016\\\/desigual-053.jpg\",\"ratio\":0.66833333333333333481363069950020872056484222412109375},{\"id\":\"18888\",\"image\":\"https:\\\/\\\/bobvarela.com\\\/wp-content\\\/flagallery\\\/desigual-coleccion-hombre-otonoinvierno-2015-2016\\\/webview\\\/desigual-054.jpg\",\"thumb\":\"https:\\\/\\\/bobvarela.com\\\/wp-content\\\/flagallery\\\/desigual-coleccion-hombre-otonoinvierno-2015-2016\\\/thumbs\\\/thumbs_desigual-054.jpg\",\"file\":\"desigual-054.jpg\",\"meta\":{\"aperture\":false,\"credit\":false,\"camera\":false,\"caption\":\"Ready to Wear Fall\\\/Winter 2015-2016\",\"created_timestamp\":\"February 3, 2015 10:16 pm\",\"copyright\":\"\\u00c2\\u00a9 2015 Estrop-Barcelona PHOTOGRAPH FOR EDITORIAL USE ONLY\",\"focal_length\":false,\"iso\":false,\"shutter_speed\":false,\"flash\":false,\"title\":\"Ready to Wear Fall\\\/Winter 2015-2016\",\"keywords\":\"2015-2016,Fall\\\/Winter,RTW\",\"width\":1337,\"height\":2000,\"saved\":true,\"thumbnail\":{\"width\":220,\"height\":220,\"ewww_image_optimizer\":\"Reduced by 9.9% (3.3&nbsp;kB)\"},\"webview\":{\"0\":802,\"1\":1200,\"2\":2,\"3\":\"width=\\\"802\\\" height=\\\"1200\\\"\",\"bits\":8,\"channels\":3,\"mime\":\"image\\\/jpeg\",\"ewww_image_optimizer\":\"Reduced by 2.9% (3.2&nbsp;kB) - Previously Optimized\"},\"0\":false,\"ewww_image_optimizer\":\"Reduced by 6.5% (10.6&nbsp;kB)\",\"views\":\"1\",\"likes\":\"0\"},\"title\":\"Ready to Wear Fall\\\/Winter 2015-2016\",\"description\":\"<p>Ready to Wear Fall\\\/Winter 2015-2016<\\\/p>\",\"link\":null,\"link_target\":\"\",\"download\":\"https:\\\/\\\/bobvarela.com\\\/wp-content\\\/flagallery\\\/desigual-coleccion-hombre-otonoinvierno-2015-2016\\\/desigual-054.jpg\",\"ratio\":0.66833333333333333481363069950020872056484222412109375},{\"id\":\"18889\",\"image\":\"https:\\\/\\\/bobvarela.com\\\/wp-content\\\/flagallery\\\/desigual-coleccion-hombre-otonoinvierno-2015-2016\\\/webview\\\/desigual-055.jpg\",\"thumb\":\"https:\\\/\\\/bobvarela.com\\\/wp-content\\\/flagallery\\\/desigual-coleccion-hombre-otonoinvierno-2015-2016\\\/thumbs\\\/thumbs_desigual-055.jpg\",\"file\":\"desigual-055.jpg\",\"meta\":{\"aperture\":false,\"credit\":false,\"camera\":false,\"caption\":\"Ready to Wear Fall\\\/Winter 2015-2016\",\"created_timestamp\":\"February 3, 2015 10:16 pm\",\"copyright\":\"\\u00c2\\u00a9 2015 Estrop-Barcelona PHOTOGRAPH FOR EDITORIAL USE ONLY\",\"focal_length\":false,\"iso\":false,\"shutter_speed\":false,\"flash\":false,\"title\":\"Ready to Wear Fall\\\/Winter 2015-2016\",\"keywords\":\"2015-2016,Fall\\\/Winter,RTW\",\"width\":1337,\"height\":2000,\"saved\":true,\"thumbnail\":{\"width\":220,\"height\":220,\"ewww_image_optimizer\":\"Reduced by 10.0% (4.1&nbsp;kB)\"},\"webview\":{\"0\":802,\"1\":1200,\"2\":2,\"3\":\"width=\\\"802\\\" height=\\\"1200\\\"\",\"bits\":8,\"channels\":3,\"mime\":\"image\\\/jpeg\",\"ewww_image_optimizer\":\"Reduced by 2.9% (4.5&nbsp;kB) - Previously Optimized\"},\"0\":false,\"ewww_image_optimizer\":\"Reduced by 11.4% (21.3&nbsp;kB)\",\"views\":\"1\",\"likes\":\"0\"},\"title\":\"Ready to Wear Fall\\\/Winter 2015-2016\",\"description\":\"<p>Ready to Wear Fall\\\/Winter 2015-2016<\\\/p>\",\"link\":null,\"link_target\":\"\",\"download\":\"https:\\\/\\\/bobvarela.com\\\/wp-content\\\/flagallery\\\/desigual-coleccion-hombre-otonoinvierno-2015-2016\\\/desigual-055.jpg\",\"ratio\":0.66833333333333333481363069950020872056484222412109375},{\"id\":\"18890\",\"image\":\"https:\\\/\\\/bobvarela.com\\\/wp-content\\\/flagallery\\\/desigual-coleccion-hombre-otonoinvierno-2015-2016\\\/webview\\\/desigual-056.jpg\",\"thumb\":\"https:\\\/\\\/bobvarela.com\\\/wp-content\\\/flagallery\\\/desigual-coleccion-hombre-otonoinvierno-2015-2016\\\/thumbs\\\/thumbs_desigual-056.jpg\",\"file\":\"desigual-056.jpg\",\"meta\":{\"aperture\":false,\"credit\":false,\"camera\":false,\"caption\":\"Ready to Wear Fall\\\/Winter 2015-2016\",\"created_timestamp\":\"February 3, 2015 10:16 pm\",\"copyright\":\"\\u00c2\\u00a9 2015 Estrop-Barcelona PHOTOGRAPH FOR EDITORIAL USE ONLY\",\"focal_length\":false,\"iso\":false,\"shutter_speed\":false,\"flash\":false,\"title\":\"Ready to Wear Fall\\\/Winter 2015-2016\",\"keywords\":\"2015-2016,Fall\\\/Winter,RTW\",\"width\":1337,\"height\":2000,\"saved\":true,\"thumbnail\":{\"width\":220,\"height\":220,\"ewww_image_optimizer\":\"Reduced by 9.8% (3.3&nbsp;kB)\"},\"webview\":{\"0\":802,\"1\":1200,\"2\":2,\"3\":\"width=\\\"802\\\" height=\\\"1200\\\"\",\"bits\":8,\"channels\":3,\"mime\":\"image\\\/jpeg\",\"ewww_image_optimizer\":\"Reduced by 2.8% (3.3&nbsp;kB) - Previously Optimized\"},\"0\":false,\"ewww_image_optimizer\":\"Reduced by 7.1% (12.5&nbsp;kB)\",\"views\":\"1\",\"likes\":\"0\"},\"title\":\"Ready to Wear Fall\\\/Winter 2015-2016\",\"description\":\"<p>Ready to Wear Fall\\\/Winter 2015-2016<\\\/p>\",\"link\":null,\"link_target\":\"\",\"download\":\"https:\\\/\\\/bobvarela.com\\\/wp-content\\\/flagallery\\\/desigual-coleccion-hombre-otonoinvierno-2015-2016\\\/desigual-056.jpg\",\"ratio\":0.66833333333333333481363069950020872056484222412109375},{\"id\":\"18891\",\"image\":\"https:\\\/\\\/bobvarela.com\\\/wp-content\\\/flagallery\\\/desigual-coleccion-hombre-otonoinvierno-2015-2016\\\/webview\\\/desigual-057.jpg\",\"thumb\":\"https:\\\/\\\/bobvarela.com\\\/wp-content\\\/flagallery\\\/desigual-coleccion-hombre-otonoinvierno-2015-2016\\\/thumbs\\\/thumbs_desigual-057.jpg\",\"file\":\"desigual-057.jpg\",\"meta\":{\"aperture\":false,\"credit\":false,\"camera\":false,\"caption\":\"Ready to Wear Fall\\\/Winter 2015-2016\",\"created_timestamp\":\"February 3, 2015 10:16 pm\",\"copyright\":\"\\u00c2\\u00a9 2015 Estrop-Barcelona PHOTOGRAPH FOR EDITORIAL USE ONLY\",\"focal_length\":false,\"iso\":false,\"shutter_speed\":false,\"flash\":false,\"title\":\"Ready to Wear Fall\\\/Winter 2015-2016\",\"keywords\":\"2015-2016,Fall\\\/Winter,RTW\",\"width\":1337,\"height\":2000,\"saved\":true,\"thumbnail\":{\"width\":220,\"height\":220,\"ewww_image_optimizer\":\"Reduced by 11.1% (4.2&nbsp;kB)\"},\"webview\":{\"0\":802,\"1\":1200,\"2\":2,\"3\":\"width=\\\"802\\\" height=\\\"1200\\\"\",\"bits\":8,\"channels\":3,\"mime\":\"image\\\/jpeg\",\"ewww_image_optimizer\":\"Reduced by 4.1% (6.4&nbsp;kB) - Previously Optimized\"},\"0\":false,\"ewww_image_optimizer\":\"Reduced by 10.4% (18.7&nbsp;kB)\",\"views\":\"1\",\"likes\":\"0\"},\"title\":\"Ready to Wear Fall\\\/Winter 2015-2016\",\"description\":\"<p>Ready to Wear Fall\\\/Winter 2015-2016<\\\/p>\",\"link\":null,\"link_target\":\"\",\"download\":\"https:\\\/\\\/bobvarela.com\\\/wp-content\\\/flagallery\\\/desigual-coleccion-hombre-otonoinvierno-2015-2016\\\/desigual-057.jpg\",\"ratio\":0.66833333333333333481363069950020872056484222412109375},{\"id\":\"18892\",\"image\":\"https:\\\/\\\/bobvarela.com\\\/wp-content\\\/flagallery\\\/desigual-coleccion-hombre-otonoinvierno-2015-2016\\\/webview\\\/desigual-058.jpg\",\"thumb\":\"https:\\\/\\\/bobvarela.com\\\/wp-content\\\/flagallery\\\/desigual-coleccion-hombre-otonoinvierno-2015-2016\\\/thumbs\\\/thumbs_desigual-058.jpg\",\"file\":\"desigual-058.jpg\",\"meta\":{\"aperture\":false,\"credit\":false,\"camera\":false,\"caption\":\"Ready to Wear Fall\\\/Winter 2015-2016\",\"created_timestamp\":\"February 3, 2015 10:16 pm\",\"copyright\":\"\\u00c2\\u00a9 2015 Estrop-Barcelona PHOTOGRAPH FOR EDITORIAL USE ONLY\",\"focal_length\":false,\"iso\":false,\"shutter_speed\":false,\"flash\":false,\"title\":\"Ready to Wear Fall\\\/Winter 2015-2016\",\"keywords\":\"2015-2016,Fall\\\/Winter,RTW\",\"width\":1337,\"height\":2000,\"saved\":true,\"thumbnail\":{\"width\":220,\"height\":220,\"ewww_image_optimizer\":\"Reduced by 10.1% (3.9&nbsp;kB)\"},\"webview\":{\"0\":802,\"1\":1200,\"2\":2,\"3\":\"width=\\\"802\\\" height=\\\"1200\\\"\",\"bits\":8,\"channels\":3,\"mime\":\"image\\\/jpeg\",\"ewww_image_optimizer\":\"Reduced by 3.3% (4.3&nbsp;kB) - Previously Optimized\"},\"0\":false,\"ewww_image_optimizer\":\"Reduced by 4.6% (8.5&nbsp;kB)\",\"views\":\"1\",\"likes\":\"0\"},\"title\":\"Ready to Wear Fall\\\/Winter 2015-2016\",\"description\":\"<p>Ready to Wear Fall\\\/Winter 2015-2016<\\\/p>\",\"link\":null,\"link_target\":\"\",\"download\":\"https:\\\/\\\/bobvarela.com\\\/wp-content\\\/flagallery\\\/desigual-coleccion-hombre-otonoinvierno-2015-2016\\\/desigual-058.jpg\",\"ratio\":0.66833333333333333481363069950020872056484222412109375},{\"id\":\"18893\",\"image\":\"https:\\\/\\\/bobvarela.com\\\/wp-content\\\/flagallery\\\/desigual-coleccion-hombre-otonoinvierno-2015-2016\\\/webview\\\/desigual-059.jpg\",\"thumb\":\"https:\\\/\\\/bobvarela.com\\\/wp-content\\\/flagallery\\\/desigual-coleccion-hombre-otonoinvierno-2015-2016\\\/thumbs\\\/thumbs_desigual-059.jpg\",\"file\":\"desigual-059.jpg\",\"meta\":{\"aperture\":false,\"credit\":false,\"camera\":false,\"caption\":\"Ready to Wear Fall\\\/Winter 2015-2016\",\"created_timestamp\":\"February 3, 2015 10:16 pm\",\"copyright\":\"\\u00c2\\u00a9 2015 Estrop-Barcelona PHOTOGRAPH FOR EDITORIAL USE ONLY\",\"focal_length\":false,\"iso\":false,\"shutter_speed\":false,\"flash\":false,\"title\":\"Ready to Wear Fall\\\/Winter 2015-2016\",\"keywords\":\"2015-2016,Fall\\\/Winter,RTW\",\"width\":1337,\"height\":2000,\"saved\":true,\"thumbnail\":{\"width\":220,\"height\":220,\"ewww_image_optimizer\":\"Reduced by 8.1% (3.1&nbsp;kB)\"},\"webview\":{\"0\":802,\"1\":1200,\"2\":2,\"3\":\"width=\\\"802\\\" height=\\\"1200\\\"\",\"bits\":8,\"channels\":3,\"mime\":\"image\\\/jpeg\",\"ewww_image_optimizer\":\"Reduced by 3.4% (5.0&nbsp;kB) - Previously Optimized\"},\"0\":false,\"ewww_image_optimizer\":\"Reduced by 10.3% (17.6&nbsp;kB)\",\"views\":\"1\",\"likes\":\"0\"},\"title\":\"Ready to Wear Fall\\\/Winter 2015-2016\",\"description\":\"<p>Ready to Wear Fall\\\/Winter 2015-2016<\\\/p>\",\"link\":null,\"link_target\":\"\",\"download\":\"https:\\\/\\\/bobvarela.com\\\/wp-content\\\/flagallery\\\/desigual-coleccion-hombre-otonoinvierno-2015-2016\\\/desigual-059.jpg\",\"ratio\":0.66833333333333333481363069950020872056484222412109375},{\"id\":\"18894\",\"image\":\"https:\\\/\\\/bobvarela.com\\\/wp-content\\\/flagallery\\\/desigual-coleccion-hombre-otonoinvierno-2015-2016\\\/webview\\\/desigual-060.jpg\",\"thumb\":\"https:\\\/\\\/bobvarela.com\\\/wp-content\\\/flagallery\\\/desigual-coleccion-hombre-otonoinvierno-2015-2016\\\/thumbs\\\/thumbs_desigual-060.jpg\",\"file\":\"desigual-060.jpg\",\"meta\":{\"aperture\":false,\"credit\":false,\"camera\":false,\"caption\":\"Ready to Wear Fall\\\/Winter 2015-2016\",\"created_timestamp\":\"February 3, 2015 10:16 pm\",\"copyright\":\"\\u00c2\\u00a9 2015 Estrop-Barcelona PHOTOGRAPH FOR EDITORIAL USE ONLY\",\"focal_length\":false,\"iso\":false,\"shutter_speed\":false,\"flash\":false,\"title\":\"Ready to Wear Fall\\\/Winter 2015-2016\",\"keywords\":\"2015-2016,Fall\\\/Winter,RTW\",\"width\":1337,\"height\":2000,\"saved\":true,\"thumbnail\":{\"width\":220,\"height\":220,\"ewww_image_optimizer\":\"Reduced by 7.3% (3.2&nbsp;kB)\"},\"webview\":{\"0\":1337,\"1\":2000,\"2\":2,\"3\":\"width=\\\"1337\\\" height=\\\"2000\\\"\",\"bits\":8,\"channels\":3,\"mime\":\"image\\\/jpeg\",\"ewww_image_optimizer\":\"Reduced by 12.3% (22.9&nbsp;kB)\"},\"0\":false,\"ewww_image_optimizer\":\"Reduced by 12.3% (22.9&nbsp;kB)\",\"views\":\"1\",\"likes\":\"0\"},\"title\":\"Ready to Wear Fall\\\/Winter 2015-2016\",\"description\":\"<p>Ready to Wear Fall\\\/Winter 2015-2016<\\\/p>\",\"link\":null,\"link_target\":\"\",\"download\":\"https:\\\/\\\/bobvarela.com\\\/wp-content\\\/flagallery\\\/desigual-coleccion-hombre-otonoinvierno-2015-2016\\\/desigual-060.jpg\",\"ratio\":0.66849999999999998312461002569762058556079864501953125},{\"id\":\"18895\",\"image\":\"https:\\\/\\\/bobvarela.com\\\/wp-content\\\/flagallery\\\/desigual-coleccion-hombre-otonoinvierno-2015-2016\\\/webview\\\/desigual-061.jpg\",\"thumb\":\"https:\\\/\\\/bobvarela.com\\\/wp-content\\\/flagallery\\\/desigual-coleccion-hombre-otonoinvierno-2015-2016\\\/thumbs\\\/thumbs_desigual-061.jpg\",\"file\":\"desigual-061.jpg\",\"meta\":{\"aperture\":false,\"credit\":false,\"camera\":false,\"caption\":\"Ready to Wear Fall\\\/Winter 2015-2016\",\"created_timestamp\":\"February 3, 2015 10:16 pm\",\"copyright\":\"\\u00c2\\u00a9 2015 Estrop-Barcelona PHOTOGRAPH FOR EDITORIAL USE ONLY\",\"focal_length\":false,\"iso\":false,\"shutter_speed\":false,\"flash\":false,\"title\":\"Ready to Wear Fall\\\/Winter 2015-2016\",\"keywords\":\"2015-2016,Fall\\\/Winter,RTW\",\"width\":1337,\"height\":2000,\"saved\":true,\"thumbnail\":{\"width\":220,\"height\":220,\"ewww_image_optimizer\":\"Reduced by 9.4% (3.3&nbsp;kB)\"},\"webview\":{\"0\":802,\"1\":1200,\"2\":2,\"3\":\"width=\\\"802\\\" height=\\\"1200\\\"\",\"bits\":8,\"channels\":3,\"mime\":\"image\\\/jpeg\",\"ewww_image_optimizer\":\"Reduced by 4.8% (6.9&nbsp;kB) - Previously Optimized\"},\"0\":false,\"ewww_image_optimizer\":\"Reduced by 8.6% (15.7&nbsp;kB)\",\"views\":\"2\",\"likes\":\"0\"},\"title\":\"Ready to Wear Fall\\\/Winter 2015-2016\",\"description\":\"<p>Ready to Wear Fall\\\/Winter 2015-2016<\\\/p>\",\"link\":null,\"link_target\":\"\",\"download\":\"https:\\\/\\\/bobvarela.com\\\/wp-content\\\/flagallery\\\/desigual-coleccion-hombre-otonoinvierno-2015-2016\\\/desigual-061.jpg\",\"ratio\":0.66833333333333333481363069950020872056484222412109375}]}; var container = $('#FlaGallery_sc1_261'); container.photomania(settings, content); window.FlaGallery_sc1_261 = container.data('photomania'); }); <\/script><\/div><noscript id=\"noscript_FlaGallery_sc1_261\"><img class=\"skip-lazy no-lazyload noLazy\" data-lazy-src=\"\" src =\"https:\/\/bobvarela.com\/wp-content\/flagallery\/desigual-coleccion-hombre-otonoinvierno-2015-2016\/desigual-002.jpg\" alt=\"Ready to Wear Fall\/Winter 2015-2016\" \/><img class=\"skip-lazy no-lazyload noLazy\" data-lazy-src=\"\" src =\"https:\/\/bobvarela.com\/wp-content\/flagallery\/desigual-coleccion-hombre-otonoinvierno-2015-2016\/desigual-003.jpg\" alt=\"Ready to Wear Fall\/Winter 2015-2016\" \/><img class=\"skip-lazy no-lazyload noLazy\" data-lazy-src=\"\" src =\"https:\/\/bobvarela.com\/wp-content\/flagallery\/desigual-coleccion-hombre-otonoinvierno-2015-2016\/desigual-004.jpg\" alt=\"Ready to Wear Fall\/Winter 2015-2016\" \/><img class=\"skip-lazy no-lazyload noLazy\" data-lazy-src=\"\" src =\"https:\/\/bobvarela.com\/wp-content\/flagallery\/desigual-coleccion-hombre-otonoinvierno-2015-2016\/desigual-005.jpg\" alt=\"Ready to Wear Fall\/Winter 2015-2016\" \/><img class=\"skip-lazy no-lazyload noLazy\" data-lazy-src=\"\" src =\"https:\/\/bobvarela.com\/wp-content\/flagallery\/desigual-coleccion-hombre-otonoinvierno-2015-2016\/desigual-006.jpg\" alt=\"Ready to Wear Fall\/Winter 2015-2016\" \/><img class=\"skip-lazy no-lazyload noLazy\" data-lazy-src=\"\" src =\"https:\/\/bobvarela.com\/wp-content\/flagallery\/desigual-coleccion-hombre-otonoinvierno-2015-2016\/desigual-007.jpg\" alt=\"Ready to Wear Fall\/Winter 2015-2016\" \/><img class=\"skip-lazy no-lazyload noLazy\" data-lazy-src=\"\" src =\"https:\/\/bobvarela.com\/wp-content\/flagallery\/desigual-coleccion-hombre-otonoinvierno-2015-2016\/desigual-008.jpg\" alt=\"Ready to Wear Fall\/Winter 2015-2016\" \/><img class=\"skip-lazy no-lazyload noLazy\" data-lazy-src=\"\" src =\"https:\/\/bobvarela.com\/wp-content\/flagallery\/desigual-coleccion-hombre-otonoinvierno-2015-2016\/desigual-009.jpg\" alt=\"Ready to Wear Fall\/Winter 2015-2016\" \/><img class=\"skip-lazy no-lazyload noLazy\" data-lazy-src=\"\" src =\"https:\/\/bobvarela.com\/wp-content\/flagallery\/desigual-coleccion-hombre-otonoinvierno-2015-2016\/desigual-010.jpg\" alt=\"Ready to Wear Fall\/Winter 2015-2016\" \/><img class=\"skip-lazy no-lazyload noLazy\" data-lazy-src=\"\" src =\"https:\/\/bobvarela.com\/wp-content\/flagallery\/desigual-coleccion-hombre-otonoinvierno-2015-2016\/desigual-011.jpg\" alt=\"Ready to Wear Fall\/Winter 2015-2016\" \/><img class=\"skip-lazy no-lazyload noLazy\" data-lazy-src=\"\" src =\"https:\/\/bobvarela.com\/wp-content\/flagallery\/desigual-coleccion-hombre-otonoinvierno-2015-2016\/desigual-012.jpg\" alt=\"Ready to Wear Fall\/Winter 2015-2016\" \/><img class=\"skip-lazy no-lazyload noLazy\" data-lazy-src=\"\" src =\"https:\/\/bobvarela.com\/wp-content\/flagallery\/desigual-coleccion-hombre-otonoinvierno-2015-2016\/desigual-013.jpg\" alt=\"Ready to Wear Fall\/Winter 2015-2016\" \/><img class=\"skip-lazy no-lazyload noLazy\" data-lazy-src=\"\" src =\"https:\/\/bobvarela.com\/wp-content\/flagallery\/desigual-coleccion-hombre-otonoinvierno-2015-2016\/desigual-014.jpg\" alt=\"Ready to Wear Fall\/Winter 2015-2016\" \/><img class=\"skip-lazy no-lazyload noLazy\" data-lazy-src=\"\" src =\"https:\/\/bobvarela.com\/wp-content\/flagallery\/desigual-coleccion-hombre-otonoinvierno-2015-2016\/desigual-015.jpg\" alt=\"Ready to Wear Fall\/Winter 2015-2016\" \/><img class=\"skip-lazy no-lazyload noLazy\" data-lazy-src=\"\" src =\"https:\/\/bobvarela.com\/wp-content\/flagallery\/desigual-coleccion-hombre-otonoinvierno-2015-2016\/desigual-016.jpg\" alt=\"Ready to Wear Fall\/Winter 2015-2016\" \/><img class=\"skip-lazy no-lazyload noLazy\" data-lazy-src=\"\" src =\"https:\/\/bobvarela.com\/wp-content\/flagallery\/desigual-coleccion-hombre-otonoinvierno-2015-2016\/desigual-017.jpg\" alt=\"Ready to Wear Fall\/Winter 2015-2016\" \/><img class=\"skip-lazy no-lazyload noLazy\" data-lazy-src=\"\" src =\"https:\/\/bobvarela.com\/wp-content\/flagallery\/desigual-coleccion-hombre-otonoinvierno-2015-2016\/desigual-018.jpg\" alt=\"Ready to Wear Fall\/Winter 2015-2016\" \/><img class=\"skip-lazy no-lazyload noLazy\" data-lazy-src=\"\" src =\"https:\/\/bobvarela.com\/wp-content\/flagallery\/desigual-coleccion-hombre-otonoinvierno-2015-2016\/desigual-019.jpg\" alt=\"Ready to Wear Fall\/Winter 2015-2016\" \/><img class=\"skip-lazy no-lazyload noLazy\" data-lazy-src=\"\" src =\"https:\/\/bobvarela.com\/wp-content\/flagallery\/desigual-coleccion-hombre-otonoinvierno-2015-2016\/desigual-020.jpg\" alt=\"Ready to Wear Fall\/Winter 2015-2016\" \/><img class=\"skip-lazy no-lazyload noLazy\" data-lazy-src=\"\" src =\"https:\/\/bobvarela.com\/wp-content\/flagallery\/desigual-coleccion-hombre-otonoinvierno-2015-2016\/desigual-021.jpg\" alt=\"Ready to Wear Fall\/Winter 2015-2016\" \/><img class=\"skip-lazy no-lazyload noLazy\" data-lazy-src=\"\" src =\"https:\/\/bobvarela.com\/wp-content\/flagallery\/desigual-coleccion-hombre-otonoinvierno-2015-2016\/desigual-022.jpg\" alt=\"Ready to Wear Fall\/Winter 2015-2016\" \/><img class=\"skip-lazy no-lazyload noLazy\" data-lazy-src=\"\" src =\"https:\/\/bobvarela.com\/wp-content\/flagallery\/desigual-coleccion-hombre-otonoinvierno-2015-2016\/desigual-023.jpg\" alt=\"Ready to Wear Fall\/Winter 2015-2016\" \/><img class=\"skip-lazy no-lazyload noLazy\" data-lazy-src=\"\" src =\"https:\/\/bobvarela.com\/wp-content\/flagallery\/desigual-coleccion-hombre-otonoinvierno-2015-2016\/desigual-024.jpg\" alt=\"Ready to Wear Fall\/Winter 2015-2016\" \/><img class=\"skip-lazy no-lazyload noLazy\" data-lazy-src=\"\" src =\"https:\/\/bobvarela.com\/wp-content\/flagallery\/desigual-coleccion-hombre-otonoinvierno-2015-2016\/desigual-025.jpg\" alt=\"Ready to Wear Fall\/Winter 2015-2016\" \/><img class=\"skip-lazy no-lazyload noLazy\" data-lazy-src=\"\" src =\"https:\/\/bobvarela.com\/wp-content\/flagallery\/desigual-coleccion-hombre-otonoinvierno-2015-2016\/desigual-026.jpg\" alt=\"Ready to Wear Fall\/Winter 2015-2016\" \/><img class=\"skip-lazy no-lazyload noLazy\" data-lazy-src=\"\" src =\"https:\/\/bobvarela.com\/wp-content\/flagallery\/desigual-coleccion-hombre-otonoinvierno-2015-2016\/desigual-027.jpg\" alt=\"Ready to Wear Fall\/Winter 2015-2016\" \/><img class=\"skip-lazy no-lazyload noLazy\" data-lazy-src=\"\" src =\"https:\/\/bobvarela.com\/wp-content\/flagallery\/desigual-coleccion-hombre-otonoinvierno-2015-2016\/desigual-028.jpg\" alt=\"Ready to Wear Fall\/Winter 2015-2016\" \/><img class=\"skip-lazy no-lazyload noLazy\" data-lazy-src=\"\" src =\"https:\/\/bobvarela.com\/wp-content\/flagallery\/desigual-coleccion-hombre-otonoinvierno-2015-2016\/desigual-029.jpg\" alt=\"Ready to Wear Fall\/Winter 2015-2016\" \/><img class=\"skip-lazy no-lazyload noLazy\" data-lazy-src=\"\" src =\"https:\/\/bobvarela.com\/wp-content\/flagallery\/desigual-coleccion-hombre-otonoinvierno-2015-2016\/desigual-030.jpg\" alt=\"Ready to Wear Fall\/Winter 2015-2016\" \/><img class=\"skip-lazy no-lazyload noLazy\" data-lazy-src=\"\" src =\"https:\/\/bobvarela.com\/wp-content\/flagallery\/desigual-coleccion-hombre-otonoinvierno-2015-2016\/desigual-031.jpg\" alt=\"Ready to Wear Fall\/Winter 2015-2016\" \/><img class=\"skip-lazy no-lazyload noLazy\" data-lazy-src=\"\" src =\"https:\/\/bobvarela.com\/wp-content\/flagallery\/desigual-coleccion-hombre-otonoinvierno-2015-2016\/desigual-032.jpg\" alt=\"Ready to Wear Fall\/Winter 2015-2016\" \/><img class=\"skip-lazy no-lazyload noLazy\" data-lazy-src=\"\" src =\"https:\/\/bobvarela.com\/wp-content\/flagallery\/desigual-coleccion-hombre-otonoinvierno-2015-2016\/desigual-033.jpg\" alt=\"Ready to Wear Fall\/Winter 2015-2016\" \/><img class=\"skip-lazy no-lazyload noLazy\" data-lazy-src=\"\" src =\"https:\/\/bobvarela.com\/wp-content\/flagallery\/desigual-coleccion-hombre-otonoinvierno-2015-2016\/desigual-034.jpg\" alt=\"Ready to Wear Fall\/Winter 2015-2016\" \/><img class=\"skip-lazy no-lazyload noLazy\" data-lazy-src=\"\" src =\"https:\/\/bobvarela.com\/wp-content\/flagallery\/desigual-coleccion-hombre-otonoinvierno-2015-2016\/desigual-035.jpg\" alt=\"Ready to Wear Fall\/Winter 2015-2016\" \/><img class=\"skip-lazy no-lazyload noLazy\" data-lazy-src=\"\" src =\"https:\/\/bobvarela.com\/wp-content\/flagallery\/desigual-coleccion-hombre-otonoinvierno-2015-2016\/desigual-036.jpg\" alt=\"Ready to Wear Fall\/Winter 2015-2016\" \/><img class=\"skip-lazy no-lazyload noLazy\" data-lazy-src=\"\" src =\"https:\/\/bobvarela.com\/wp-content\/flagallery\/desigual-coleccion-hombre-otonoinvierno-2015-2016\/desigual-037.jpg\" alt=\"Ready to Wear Fall\/Winter 2015-2016\" \/><img class=\"skip-lazy no-lazyload noLazy\" data-lazy-src=\"\" src =\"https:\/\/bobvarela.com\/wp-content\/flagallery\/desigual-coleccion-hombre-otonoinvierno-2015-2016\/desigual-038.jpg\" alt=\"Ready to Wear Fall\/Winter 2015-2016\" \/><img class=\"skip-lazy no-lazyload noLazy\" data-lazy-src=\"\" src =\"https:\/\/bobvarela.com\/wp-content\/flagallery\/desigual-coleccion-hombre-otonoinvierno-2015-2016\/desigual-039.jpg\" alt=\"Ready to Wear Fall\/Winter 2015-2016\" \/><img class=\"skip-lazy no-lazyload noLazy\" data-lazy-src=\"\" src =\"https:\/\/bobvarela.com\/wp-content\/flagallery\/desigual-coleccion-hombre-otonoinvierno-2015-2016\/desigual-040.jpg\" alt=\"Ready to Wear Fall\/Winter 2015-2016\" \/><img class=\"skip-lazy no-lazyload noLazy\" data-lazy-src=\"\" src =\"https:\/\/bobvarela.com\/wp-content\/flagallery\/desigual-coleccion-hombre-otonoinvierno-2015-2016\/desigual-041.jpg\" alt=\"Ready to Wear Fall\/Winter 2015-2016\" \/><img class=\"skip-lazy no-lazyload noLazy\" data-lazy-src=\"\" src =\"https:\/\/bobvarela.com\/wp-content\/flagallery\/desigual-coleccion-hombre-otonoinvierno-2015-2016\/desigual-042.jpg\" alt=\"Ready to Wear Fall\/Winter 2015-2016\" \/><img class=\"skip-lazy no-lazyload noLazy\" data-lazy-src=\"\" src =\"https:\/\/bobvarela.com\/wp-content\/flagallery\/desigual-coleccion-hombre-otonoinvierno-2015-2016\/desigual-043.jpg\" alt=\"Ready to Wear Fall\/Winter 2015-2016\" \/><img class=\"skip-lazy no-lazyload noLazy\" data-lazy-src=\"\" src =\"https:\/\/bobvarela.com\/wp-content\/flagallery\/desigual-coleccion-hombre-otonoinvierno-2015-2016\/desigual-044.jpg\" alt=\"Ready to Wear Fall\/Winter 2015-2016\" \/><img class=\"skip-lazy no-lazyload noLazy\" data-lazy-src=\"\" src =\"https:\/\/bobvarela.com\/wp-content\/flagallery\/desigual-coleccion-hombre-otonoinvierno-2015-2016\/desigual-045.jpg\" alt=\"Ready to Wear Fall\/Winter 2015-2016\" \/><img class=\"skip-lazy no-lazyload noLazy\" data-lazy-src=\"\" src =\"https:\/\/bobvarela.com\/wp-content\/flagallery\/desigual-coleccion-hombre-otonoinvierno-2015-2016\/desigual-046.jpg\" alt=\"Ready to Wear Fall\/Winter 2015-2016\" \/><img class=\"skip-lazy no-lazyload noLazy\" data-lazy-src=\"\" src =\"https:\/\/bobvarela.com\/wp-content\/flagallery\/desigual-coleccion-hombre-otonoinvierno-2015-2016\/desigual-047.jpg\" alt=\"Ready to Wear Fall\/Winter 2015-2016\" \/><img class=\"skip-lazy no-lazyload noLazy\" data-lazy-src=\"\" src =\"https:\/\/bobvarela.com\/wp-content\/flagallery\/desigual-coleccion-hombre-otonoinvierno-2015-2016\/desigual-048.jpg\" alt=\"Ready to Wear Fall\/Winter 2015-2016\" \/><img class=\"skip-lazy no-lazyload noLazy\" data-lazy-src=\"\" src =\"https:\/\/bobvarela.com\/wp-content\/flagallery\/desigual-coleccion-hombre-otonoinvierno-2015-2016\/desigual-049.jpg\" alt=\"Ready to Wear Fall\/Winter 2015-2016\" \/><img class=\"skip-lazy no-lazyload noLazy\" data-lazy-src=\"\" src =\"https:\/\/bobvarela.com\/wp-content\/flagallery\/desigual-coleccion-hombre-otonoinvierno-2015-2016\/desigual-050.jpg\" alt=\"Ready to Wear Fall\/Winter 2015-2016\" \/><img class=\"skip-lazy no-lazyload noLazy\" data-lazy-src=\"\" src =\"https:\/\/bobvarela.com\/wp-content\/flagallery\/desigual-coleccion-hombre-otonoinvierno-2015-2016\/desigual-051.jpg\" alt=\"Ready to Wear Fall\/Winter 2015-2016\" \/><img class=\"skip-lazy no-lazyload noLazy\" data-lazy-src=\"\" src =\"https:\/\/bobvarela.com\/wp-content\/flagallery\/desigual-coleccion-hombre-otonoinvierno-2015-2016\/desigual-052.jpg\" alt=\"Ready to Wear Fall\/Winter 2015-2016\" \/><img class=\"skip-lazy no-lazyload noLazy\" data-lazy-src=\"\" src =\"https:\/\/bobvarela.com\/wp-content\/flagallery\/desigual-coleccion-hombre-otonoinvierno-2015-2016\/desigual-053.jpg\" alt=\"Ready to Wear Fall\/Winter 2015-2016\" \/><img class=\"skip-lazy no-lazyload noLazy\" data-lazy-src=\"\" src =\"https:\/\/bobvarela.com\/wp-content\/flagallery\/desigual-coleccion-hombre-otonoinvierno-2015-2016\/desigual-054.jpg\" alt=\"Ready to Wear Fall\/Winter 2015-2016\" \/><img class=\"skip-lazy no-lazyload noLazy\" data-lazy-src=\"\" src =\"https:\/\/bobvarela.com\/wp-content\/flagallery\/desigual-coleccion-hombre-otonoinvierno-2015-2016\/desigual-055.jpg\" alt=\"Ready to Wear Fall\/Winter 2015-2016\" \/><img class=\"skip-lazy no-lazyload noLazy\" data-lazy-src=\"\" src =\"https:\/\/bobvarela.com\/wp-content\/flagallery\/desigual-coleccion-hombre-otonoinvierno-2015-2016\/desigual-056.jpg\" alt=\"Ready to Wear Fall\/Winter 2015-2016\" \/><img class=\"skip-lazy no-lazyload noLazy\" data-lazy-src=\"\" src =\"https:\/\/bobvarela.com\/wp-content\/flagallery\/desigual-coleccion-hombre-otonoinvierno-2015-2016\/desigual-057.jpg\" alt=\"Ready to Wear Fall\/Winter 2015-2016\" \/><img class=\"skip-lazy no-lazyload noLazy\" data-lazy-src=\"\" src =\"https:\/\/bobvarela.com\/wp-content\/flagallery\/desigual-coleccion-hombre-otonoinvierno-2015-2016\/desigual-058.jpg\" alt=\"Ready to Wear Fall\/Winter 2015-2016\" \/><img class=\"skip-lazy no-lazyload noLazy\" data-lazy-src=\"\" src =\"https:\/\/bobvarela.com\/wp-content\/flagallery\/desigual-coleccion-hombre-otonoinvierno-2015-2016\/desigual-059.jpg\" alt=\"Ready to Wear Fall\/Winter 2015-2016\" \/><img class=\"skip-lazy no-lazyload noLazy\" data-lazy-src=\"\" src =\"https:\/\/bobvarela.com\/wp-content\/flagallery\/desigual-coleccion-hombre-otonoinvierno-2015-2016\/desigual-060.jpg\" alt=\"Ready to Wear Fall\/Winter 2015-2016\" \/><img class=\"skip-lazy no-lazyload noLazy\" data-lazy-src=\"\" src =\"https:\/\/bobvarela.com\/wp-content\/flagallery\/desigual-coleccion-hombre-otonoinvierno-2015-2016\/desigual-061.jpg\" alt=\"Ready to Wear Fall\/Winter 2015-2016\" \/><\/noscript>\n<p>Fotos cortesia de 080 Barcelona<\/p>\n","protected":false},"excerpt":{"rendered":"<p>Desigual nace en 1984 y, desde sus inicios, se ha caracterizado por sus dise\u00f1os diferenciados, optimistas y llenos de color. \u201cLa vida es Chula\u201d es el grito de guerra de la marca, un lema entusiasta, estimulante, positivo y optimista, una&hellip;<\/p>\n<p class=\"more-link-p\"><a class=\"more-link\" href=\"https:\/\/bobvarela.com\/?p=71343\">Read more &rarr;<\/a><\/p>\n","protected":false},"author":1,"featured_media":0,"comment_status":"open","ping_status":"open","sticky":false,"template":"","format":"standard","meta":{"ngg_post_thumbnail":0,"footnotes":""},"categories":[478,4],"tags":[],"class_list":["post-71343","post","type-post","status-publish","format-standard","hentry","category-080-barcelona","category-moda"],"_links":{"self":[{"href":"https:\/\/bobvarela.com\/index.php?rest_route=\/wp\/v2\/posts\/71343","targetHints":{"allow":["GET"]}}],"collection":[{"href":"https:\/\/bobvarela.com\/index.php?rest_route=\/wp\/v2\/posts"}],"about":[{"href":"https:\/\/bobvarela.com\/index.php?rest_route=\/wp\/v2\/types\/post"}],"author":[{"embeddable":true,"href":"https:\/\/bobvarela.com\/index.php?rest_route=\/wp\/v2\/users\/1"}],"replies":[{"embeddable":true,"href":"https:\/\/bobvarela.com\/index.php?rest_route=%2Fwp%2Fv2%2Fcomments&post=71343"}],"version-history":[{"count":1,"href":"https:\/\/bobvarela.com\/index.php?rest_route=\/wp\/v2\/posts\/71343\/revisions"}],"predecessor-version":[{"id":71344,"href":"https:\/\/bobvarela.com\/index.php?rest_route=\/wp\/v2\/posts\/71343\/revisions\/71344"}],"wp:attachment":[{"href":"https:\/\/bobvarela.com\/index.php?rest_route=%2Fwp%2Fv2%2Fmedia&parent=71343"}],"wp:term":[{"taxonomy":"category","embeddable":true,"href":"https:\/\/bobvarela.com\/index.php?rest_route=%2Fwp%2Fv2%2Fcategories&post=71343"},{"taxonomy":"post_tag","embeddable":true,"href":"https:\/\/bobvarela.com\/index.php?rest_route=%2Fwp%2Fv2%2Ftags&post=71343"}],"curies":[{"name":"wp","href":"https:\/\/api.w.org\/{rel}","templated":true}]}}