{"id":71349,"date":"2015-02-04T07:26:51","date_gmt":"2015-02-04T11:26:51","guid":{"rendered":"https:\/\/bobvarela.com\/?p=71349"},"modified":"2015-02-04T07:26:54","modified_gmt":"2015-02-04T11:26:54","slug":"hacia-sel-corea-la-representacin-boricua-en-mster-international-2014","status":"publish","type":"post","link":"https:\/\/bobvarela.com\/?p=71349","title":{"rendered":"Hacia Se&uacute;l, Corea, la representaci&oacute;n boricua en M&iacute;ster International 2014"},"content":{"rendered":"<p align=\"justify\"><a href=\"https:\/\/bobvarela.com\/wp-content\/uploads\/2015\/02\/CHISTIAN-ORTIZ-1.jpg\"><img loading=\"lazy\" decoding=\"async\" title=\"CHISTIAN ORTIZ 1\" style=\"border-top: 0px; border-right: 0px; background-image: none; border-bottom: 0px; float: left; padding-top: 0px; padding-left: 0px; border-left: 0px; display: inline; padding-right: 0px\" border=\"0\" alt=\"CHISTIAN ORTIZ 1\" src=\"https:\/\/bobvarela.com\/wp-content\/uploads\/2015\/02\/CHISTIAN-ORTIZ-1_thumb.jpg\" width=\"170\" align=\"left\" height=\"248\" \/><\/a><font size=\"3\">Luego de posponerse por dos ocasiones la celebraci\u00f3n del concurso de M\u00edster International 2014 el pasado a\u00f1o, el pr\u00f3ximo 12 de febrero en la ciudad de Se\u00fal, Corea, nuestro pa\u00eds tendr\u00e1 finalmente su representaci\u00f3n en este certamen de belleza masculina. <\/font><\/p>\n<p align=\"justify\"><font size=\"3\">El joven modelo y empresario puertorrique\u00f1o Christian Ortiz, ser\u00e1 quien nos representar\u00e1 en esta competencia internacional en la cual m\u00e1s de 50 pa\u00edses ya han confirmado su participaci\u00f3n para competir por el codiciado t\u00edtulo. \u201cMe siento bien entusiasmado y contento por la responsabilidad que se me ha otorgado de representar a Puerto Rico en este concurso. Har\u00e9 brillar a Puerto Rico en Corea\u201d, dijo Christian. <\/font><\/p>\n<p align=\"justify\"><font size=\"3\">De acuerdo con el delegado puertorrique\u00f1o, la participaci\u00f3n en M\u00edster International 2014 significar\u00e1 una oportunidad de seguir evolucionando a una escala mundial en su carrera profesional, y a la vez lograr que Puerto Rico se posicione aun m\u00e1s como baluarte del talento, elegancia y clase entre los cert\u00e1menes de belleza masculina. \u201cVoy a representar dignamente al hombre puertorrique\u00f1o en este certamen, y al mismo tiempo seguir siendo ejemplo de tenacidad, determinaci\u00f3n y responsabilidad social para nuestra juventud\u201d, mencion\u00f3 Christian.<\/font><\/p>\n<p align=\"justify\"><font size=\"3\">El joven modelo, quien actualmente administra su propio restaurante de comida org\u00e1nica y gourmet llamado <i>Believe Cocina Verde<\/i> en Guaynabo, ha logrado destacarse en pasarelas tanto locales como internacionales. Al mismo tiempo, tiene como misi\u00f3n promover y proyectar a trav\u00e9s de su imagen una cultura saludable que combine la gastronom\u00eda y el bienestar f\u00edsico y mental. <\/font><\/p>\n<p align=\"justify\"><font size=\"3\"><a href=\"https:\/\/bobvarela.com\/wp-content\/uploads\/2015\/02\/CHRISTIAN-ORTIZ-2.jpg\"><img loading=\"lazy\" decoding=\"async\" title=\"CHRISTIAN ORTIZ 2\" style=\"border-top: 0px; border-right: 0px; background-image: none; border-bottom: 0px; float: right; padding-top: 0px; padding-left: 0px; border-left: 0px; display: inline; padding-right: 0px\" border=\"0\" alt=\"CHRISTIAN ORTIZ 2\" src=\"https:\/\/bobvarela.com\/wp-content\/uploads\/2015\/02\/CHRISTIAN-ORTIZ-2_thumb.jpg\" width=\"157\" align=\"right\" height=\"263\" \/><\/a>De otra parte, el presidente de M\u00edster Puerto Rico, Miguel R. Deliz, indic\u00f3 que la labor que Christian Ortiz realizar\u00e1 como nuestro representante promete resultados muy positivos para la isla. \u201cHemos estado trabajando con Christian en su proceso de preparaci\u00f3n f\u00edsica para este evento, y en estos momentos nos encontramos afinando y puliendo detalles de proyecci\u00f3n. En este proceso de preparaci\u00f3n de Christian hay que reconocer el apoyo y la labor de Jean D\u00edaz, quien por razones de salud y log\u00edstica del concurso no podr\u00e1 representarnos como se hab\u00eda previsto el pasado a\u00f1o\u201d. <\/font><\/p>\n<p align=\"justify\"><font size=\"3\">Deliz, quien tiene m\u00e1s de 20 a\u00f1os experiencia en la industria de concursos de belleza en Puerto Rico, recalc\u00f3 que el certamen de M\u00edster International estar\u00e1 evaluando a los participantes por su apariencia y postura, la manera en que se expresan al presentarse en p\u00fablico y responder a las preguntas del jurado, as\u00ed como por la elegancia proyectada en ropa formal, traje de ba\u00f1o, y vistosidad y manejo del vestuario t\u00edpico. <\/font><\/p>\n","protected":false},"excerpt":{"rendered":"<p>Luego de posponerse por dos ocasiones la celebraci\u00f3n del concurso de M\u00edster International 2014 el pasado a\u00f1o, el pr\u00f3ximo 12 de febrero en la ciudad de Se\u00fal, Corea, nuestro pa\u00eds tendr\u00e1 finalmente su representaci\u00f3n en este certamen de belleza masculina.&hellip;<\/p>\n<p class=\"more-link-p\"><a class=\"more-link\" href=\"https:\/\/bobvarela.com\/?p=71349\">Read more &rarr;<\/a><\/p>\n","protected":false},"author":1,"featured_media":0,"comment_status":"open","ping_status":"open","sticky":false,"template":"","format":"standard","meta":{"ngg_post_thumbnail":0,"footnotes":""},"categories":[5,482,477],"tags":[],"class_list":["post-71349","post","type-post","status-publish","format-standard","hentry","category-concursos","category-international","category-mister"],"_links":{"self":[{"href":"https:\/\/bobvarela.com\/index.php?rest_route=\/wp\/v2\/posts\/71349","targetHints":{"allow":["GET"]}}],"collection":[{"href":"https:\/\/bobvarela.com\/index.php?rest_route=\/wp\/v2\/posts"}],"about":[{"href":"https:\/\/bobvarela.com\/index.php?rest_route=\/wp\/v2\/types\/post"}],"author":[{"embeddable":true,"href":"https:\/\/bobvarela.com\/index.php?rest_route=\/wp\/v2\/users\/1"}],"replies":[{"embeddable":true,"href":"https:\/\/bobvarela.com\/index.php?rest_route=%2Fwp%2Fv2%2Fcomments&post=71349"}],"version-history":[{"count":1,"href":"https:\/\/bobvarela.com\/index.php?rest_route=\/wp\/v2\/posts\/71349\/revisions"}],"predecessor-version":[{"id":71350,"href":"https:\/\/bobvarela.com\/index.php?rest_route=\/wp\/v2\/posts\/71349\/revisions\/71350"}],"wp:attachment":[{"href":"https:\/\/bobvarela.com\/index.php?rest_route=%2Fwp%2Fv2%2Fmedia&parent=71349"}],"wp:term":[{"taxonomy":"category","embeddable":true,"href":"https:\/\/bobvarela.com\/index.php?rest_route=%2Fwp%2Fv2%2Fcategories&post=71349"},{"taxonomy":"post_tag","embeddable":true,"href":"https:\/\/bobvarela.com\/index.php?rest_route=%2Fwp%2Fv2%2Ftags&post=71349"}],"curies":[{"name":"wp","href":"https:\/\/api.w.org\/{rel}","templated":true}]}}