{"id":71420,"date":"2015-02-04T20:26:47","date_gmt":"2015-02-05T00:26:47","guid":{"rendered":"https:\/\/bobvarela.com\/?p=71420"},"modified":"2015-02-04T20:26:47","modified_gmt":"2015-02-05T00:26:47","slug":"primera-mirada-a-la-coleccin-otoo-invierno-1516-de-custo-barcelona-en-el-080-barcelona","status":"publish","type":"post","link":"https:\/\/bobvarela.com\/?p=71420","title":{"rendered":"Primera mirada a la colecci&oacute;n Oto&ntilde;o-Invierno 15&ndash;16  de Custo Barcelona  en el 080 Barcelona"},"content":{"rendered":"<p align=\"center\"><font size=\"3\"><a href=\"https:\/\/bobvarela.com\/wp-content\/uploads\/2015\/02\/Custo-Barcelona-171.jpg\"><img loading=\"lazy\" decoding=\"async\" title=\"Ready to Wear Fall\/Winter 2015-2016\" style=\"border-top: 0px; border-right: 0px; background-image: none; border-bottom: 0px; padding-top: 0px; padding-left: 0px; border-left: 0px; display: inline; padding-right: 0px\" border=\"0\" alt=\"Ready to Wear Fall\/Winter 2015-2016\" src=\"https:\/\/bobvarela.com\/wp-content\/uploads\/2015\/02\/Custo-Barcelona-171_thumb.jpg\" width=\"198\" height=\"134\" \/><\/a><a href=\"https:\/\/bobvarela.com\/wp-content\/uploads\/2015\/02\/Custo-Barcelona-172.jpg\"><img loading=\"lazy\" decoding=\"async\" title=\"Ready to Wear Fall\/Winter 2015-2016\" style=\"border-top: 0px; border-right: 0px; background-image: none; border-bottom: 0px; padding-top: 0px; padding-left: 0px; border-left: 0px; display: inline; padding-right: 0px\" border=\"0\" alt=\"Ready to Wear Fall\/Winter 2015-2016\" src=\"https:\/\/bobvarela.com\/wp-content\/uploads\/2015\/02\/Custo-Barcelona-172_thumb.jpg\" width=\"198\" height=\"134\" \/><\/a><\/font><\/p>\n<p align=\"justify\"><font size=\"3\">Custo Barcelona es actualmente una marca de imagen consolidada que, desde 1997, presenta sus colecciones cada temporada en la New York Fashion Week. Innovaci\u00f3n y creatividad constituyen la base de un estilo caracterizado por la utilizaci\u00f3n de gr\u00e1ficos y color que se ha convertido en un icono.<\/font><\/p>\n<p align=\"justify\"><font size=\"3\">Su \u00e9xito se ha visto reconocido no solo por el p\u00fablico que compra sus prendas sino tambi\u00e9n por los profesionales de la moda, medios de comunicaci\u00f3n y celebrities. En su momento, los estilistas de Hollywood se dejaron seducir por unos tops que pod\u00edan distinguir a las estrellas. Bridget Fonda luci\u00f3 Custo Barcelona en la pel\u00edcula \u201c<em>Jackie Brown\u201d<\/em>,&#160; de Quentin Tarantino y a \u00e9sta seguir\u00edan series de televisi\u00f3n de m\u00e1xima audiencia como <em>\u201c<\/em><em>Friends\u201d <\/em>o <em>\u201c<\/em><em>Se<\/em><em>x and the city\u201d<\/em>.<\/font><\/p>\n<p align=\"justify\"><font size=\"3\">Luego ser\u00eda Julia Roberts quien las incorporar\u00eda a su vestuario cotidiano,tras llevarlas en <em>\u201cNotting Hill\u201d <\/em>y <em>\u201cNovia a la fuga\u201d. <\/em>Actualmente desde Charlize Theron hasta Antonio Banderas usan prendas de Custo Barcelona en su vida privada y profesional.<\/font><\/p>\n<p align=\"justify\"><font size=\"3\"><div class=\"flagallery photomania_skin\" id=\"FlaGallery_sc1_265\" ><style type=\"text\/css\" class=\"flagallery_skin_style_import\">#FlaGallery_sc1_265 .flagpm_preload {opacity:0;}#FlaGallery_sc1_265 .swiper-big-images img.flagpm_the_photo { max-height:100%; max-width:100%; display:inline; width:auto; height:auto !important; object-fit:unset; vertical-align:middle; border:none; }#FlaGallery_sc1_265 .flagpm_focus .swiper-big-images img.flagpm_the_photo { width:auto; height:auto; object-fit:unset; }#FlaGallery_sc1_265 .swiper-small-images img.flagpm_photo { max-width:none; max-height:none; }#FlaGallery_sc1_265 .swiper-small-images img.flagpm_photo.flagpm_photo_landscape { width:auto; height:100% !important; }#FlaGallery_sc1_265 .swiper-small-images img.flagpm_photo.flagpm_photo_portrait { width:100%; height:auto !important; }#FlaGallery_sc1_265 .flagpm_gallery_sources_list p { margin:7px 0; padding:0; font-size:inherit; }#FlaGallery_sc1_265 .flagpm_photo_details .flagpm_description_wrap a,#FlaGallery_sc1_265 .flagpm_big_button_wrap .flagpm_button.flagpm_like.flagpm_liked,#FlaGallery_sc1_265 .flagpm_big_button_wrap .flagpm_button.flagpm_like.flagpm_liked:hover {color:#0099e5;}#FlaGallery_sc1_265 .flagpm_photo_show .flagpm_big_button {background-color:#0099e5;}#FlaGallery_sc1_265 .swiper-small-images div.flagpm_photo.swiper-slide-active {border-color:#02adea;}#FlaGallery_sc1_265 .flagpm_photo_header .flagpm_name_wrap .flagpm_title_author a:hover,#FlaGallery_sc1_265 .flagpm_photo_details .flagpm_description_wrap a:hover {color:#02adea;}#FlaGallery_sc1_265 .flagpm_photo_show .flagpm_big_button:hover,#FlaGallery_sc1_265 .flagpm_focus_actions ul .flagpm_button.like.flagpm_liked {background-color:#02adea;}<\/style> <div class=\"flagpm_photo_show flagpm_w960 flagpm_w640 flagpm_w480 flagpm_preload\"> <div class=\"flagpm_photo_wrap has_prev_photo has_next_photo\"> <div class=\"swiper-container swiper-big-images\"> <div class=\"flagpm_photo_arrow_next flagpm_photo_arrow flagpm_next\"> <div title=\"Next\" class=\"flagpm_arrow\"><\/div> <\/div> <div class=\"flagpm_photo_arrow_previous flagpm_photo_arrow flagpm_prev\"> <div title=\"Previous\" class=\"flagpm_arrow\"><\/div> <\/div> <div class=\"swiper-wrapper\"><div class=\"swiper-slide\" data-hash=\"flagallery19196\" data-photo-id=\"19196\"><span class=\"flagpm_va\"><\/span><img decoding=\"async\" src=\"https:\/\/bobvarela.com\/wp-content\/flagallery\/custo-barcelona-primera-mirada-a-la-coleccion-otono-invierno-15-16\/webview\/custo-barcelona-001.jpg\" data-src=\"https:\/\/bobvarela.com\/wp-content\/flagallery\/custo-barcelona-primera-mirada-a-la-coleccion-otono-invierno-15-16\/webview\/custo-barcelona-001.jpg\" alt=\"Ready to Wear Fall\/Winter 2015-2016\" class=\"noLazy flagpm_the_photo swiper-lazy\"><div class=\"swiper-lazy-preloader swiper-lazy-preloader-black\"><\/div><\/div><div class=\"swiper-slide\" data-hash=\"flagallery19197\" data-photo-id=\"19197\"><span class=\"flagpm_va\"><\/span><img data-src=\"https:\/\/bobvarela.com\/wp-content\/flagallery\/custo-barcelona-primera-mirada-a-la-coleccion-otono-invierno-15-16\/webview\/custo-barcelona-006.jpg\" alt=\"Ready to Wear Fall\/Winter 2015-2016\" class=\"noLazy flagpm_the_photo swiper-lazy\"><div class=\"swiper-lazy-preloader swiper-lazy-preloader-black\"><\/div><\/div><div class=\"swiper-slide\" data-hash=\"flagallery19198\" data-photo-id=\"19198\"><span class=\"flagpm_va\"><\/span><img data-src=\"https:\/\/bobvarela.com\/wp-content\/flagallery\/custo-barcelona-primera-mirada-a-la-coleccion-otono-invierno-15-16\/webview\/custo-barcelona-007.jpg\" alt=\"Ready to Wear Fall\/Winter 2015-2016\" class=\"noLazy flagpm_the_photo swiper-lazy\"><div class=\"swiper-lazy-preloader swiper-lazy-preloader-black\"><\/div><\/div><div class=\"swiper-slide\" data-hash=\"flagallery19199\" data-photo-id=\"19199\"><span class=\"flagpm_va\"><\/span><img data-src=\"https:\/\/bobvarela.com\/wp-content\/flagallery\/custo-barcelona-primera-mirada-a-la-coleccion-otono-invierno-15-16\/webview\/custo-barcelona-010.jpg\" alt=\"Ready to Wear Fall\/Winter 2015-2016\" class=\"noLazy flagpm_the_photo swiper-lazy\"><div class=\"swiper-lazy-preloader swiper-lazy-preloader-black\"><\/div><\/div><div class=\"swiper-slide\" data-hash=\"flagallery19200\" data-photo-id=\"19200\"><span class=\"flagpm_va\"><\/span><img data-src=\"https:\/\/bobvarela.com\/wp-content\/flagallery\/custo-barcelona-primera-mirada-a-la-coleccion-otono-invierno-15-16\/webview\/custo-barcelona-015.jpg\" alt=\"Ready to Wear Fall\/Winter 2015-2016\" class=\"noLazy flagpm_the_photo swiper-lazy\"><div class=\"swiper-lazy-preloader swiper-lazy-preloader-black\"><\/div><\/div><div class=\"swiper-slide\" data-hash=\"flagallery19201\" data-photo-id=\"19201\"><span class=\"flagpm_va\"><\/span><img data-src=\"https:\/\/bobvarela.com\/wp-content\/flagallery\/custo-barcelona-primera-mirada-a-la-coleccion-otono-invierno-15-16\/webview\/custo-barcelona-016.jpg\" alt=\"Ready to Wear Fall\/Winter 2015-2016\" class=\"noLazy flagpm_the_photo swiper-lazy\"><div class=\"swiper-lazy-preloader swiper-lazy-preloader-black\"><\/div><\/div><div class=\"swiper-slide\" data-hash=\"flagallery19202\" data-photo-id=\"19202\"><span class=\"flagpm_va\"><\/span><img data-src=\"https:\/\/bobvarela.com\/wp-content\/flagallery\/custo-barcelona-primera-mirada-a-la-coleccion-otono-invierno-15-16\/webview\/custo-barcelona-022.jpg\" alt=\"Ready to Wear Fall\/Winter 2015-2016\" class=\"noLazy flagpm_the_photo swiper-lazy\"><div class=\"swiper-lazy-preloader swiper-lazy-preloader-black\"><\/div><\/div><div class=\"swiper-slide\" data-hash=\"flagallery19203\" data-photo-id=\"19203\"><span class=\"flagpm_va\"><\/span><img data-src=\"https:\/\/bobvarela.com\/wp-content\/flagallery\/custo-barcelona-primera-mirada-a-la-coleccion-otono-invierno-15-16\/webview\/custo-barcelona-023.jpg\" alt=\"Ready to Wear Fall\/Winter 2015-2016\" class=\"noLazy flagpm_the_photo swiper-lazy\"><div class=\"swiper-lazy-preloader swiper-lazy-preloader-black\"><\/div><\/div><div class=\"swiper-slide\" data-hash=\"flagallery19204\" data-photo-id=\"19204\"><span class=\"flagpm_va\"><\/span><img data-src=\"https:\/\/bobvarela.com\/wp-content\/flagallery\/custo-barcelona-primera-mirada-a-la-coleccion-otono-invierno-15-16\/webview\/custo-barcelona-024.jpg\" alt=\"Ready to Wear Fall\/Winter 2015-2016\" class=\"noLazy flagpm_the_photo swiper-lazy\"><div class=\"swiper-lazy-preloader swiper-lazy-preloader-black\"><\/div><\/div><div class=\"swiper-slide\" data-hash=\"flagallery19205\" data-photo-id=\"19205\"><span class=\"flagpm_va\"><\/span><img data-src=\"https:\/\/bobvarela.com\/wp-content\/flagallery\/custo-barcelona-primera-mirada-a-la-coleccion-otono-invierno-15-16\/webview\/custo-barcelona-025.jpg\" alt=\"Ready to Wear Fall\/Winter 2015-2016\" class=\"noLazy flagpm_the_photo swiper-lazy\"><div class=\"swiper-lazy-preloader swiper-lazy-preloader-black\"><\/div><\/div><div class=\"swiper-slide\" data-hash=\"flagallery19206\" data-photo-id=\"19206\"><span class=\"flagpm_va\"><\/span><img data-src=\"https:\/\/bobvarela.com\/wp-content\/flagallery\/custo-barcelona-primera-mirada-a-la-coleccion-otono-invierno-15-16\/webview\/custo-barcelona-028.jpg\" alt=\"Ready to Wear Fall\/Winter 2015-2016\" class=\"noLazy flagpm_the_photo swiper-lazy\"><div class=\"swiper-lazy-preloader swiper-lazy-preloader-black\"><\/div><\/div><div class=\"swiper-slide\" data-hash=\"flagallery19207\" data-photo-id=\"19207\"><span class=\"flagpm_va\"><\/span><img data-src=\"https:\/\/bobvarela.com\/wp-content\/flagallery\/custo-barcelona-primera-mirada-a-la-coleccion-otono-invierno-15-16\/webview\/custo-barcelona-030.jpg\" alt=\"Ready to Wear Fall\/Winter 2015-2016\" class=\"noLazy flagpm_the_photo swiper-lazy\"><div class=\"swiper-lazy-preloader swiper-lazy-preloader-black\"><\/div><\/div><div class=\"swiper-slide\" data-hash=\"flagallery19208\" data-photo-id=\"19208\"><span class=\"flagpm_va\"><\/span><img data-src=\"https:\/\/bobvarela.com\/wp-content\/flagallery\/custo-barcelona-primera-mirada-a-la-coleccion-otono-invierno-15-16\/webview\/custo-barcelona-033.jpg\" alt=\"Ready to Wear Fall\/Winter 2015-2016\" class=\"noLazy flagpm_the_photo swiper-lazy\"><div class=\"swiper-lazy-preloader swiper-lazy-preloader-black\"><\/div><\/div><div class=\"swiper-slide\" data-hash=\"flagallery19209\" data-photo-id=\"19209\"><span class=\"flagpm_va\"><\/span><img data-src=\"https:\/\/bobvarela.com\/wp-content\/flagallery\/custo-barcelona-primera-mirada-a-la-coleccion-otono-invierno-15-16\/webview\/custo-barcelona-034.jpg\" alt=\"Ready to Wear Fall\/Winter 2015-2016\" class=\"noLazy flagpm_the_photo swiper-lazy\"><div class=\"swiper-lazy-preloader swiper-lazy-preloader-black\"><\/div><\/div><div class=\"swiper-slide\" data-hash=\"flagallery19210\" data-photo-id=\"19210\"><span class=\"flagpm_va\"><\/span><img data-src=\"https:\/\/bobvarela.com\/wp-content\/flagallery\/custo-barcelona-primera-mirada-a-la-coleccion-otono-invierno-15-16\/webview\/custo-barcelona-035.jpg\" alt=\"Ready to Wear Fall\/Winter 2015-2016\" class=\"noLazy flagpm_the_photo swiper-lazy\"><div class=\"swiper-lazy-preloader swiper-lazy-preloader-black\"><\/div><\/div><div class=\"swiper-slide\" data-hash=\"flagallery19211\" data-photo-id=\"19211\"><span class=\"flagpm_va\"><\/span><img data-src=\"https:\/\/bobvarela.com\/wp-content\/flagallery\/custo-barcelona-primera-mirada-a-la-coleccion-otono-invierno-15-16\/webview\/custo-barcelona-037.jpg\" alt=\"Ready to Wear Fall\/Winter 2015-2016\" class=\"noLazy flagpm_the_photo swiper-lazy\"><div class=\"swiper-lazy-preloader swiper-lazy-preloader-black\"><\/div><\/div><div class=\"swiper-slide\" data-hash=\"flagallery19212\" data-photo-id=\"19212\"><span class=\"flagpm_va\"><\/span><img data-src=\"https:\/\/bobvarela.com\/wp-content\/flagallery\/custo-barcelona-primera-mirada-a-la-coleccion-otono-invierno-15-16\/webview\/custo-barcelona-038.jpg\" alt=\"Ready to Wear Fall\/Winter 2015-2016\" class=\"noLazy flagpm_the_photo swiper-lazy\"><div class=\"swiper-lazy-preloader swiper-lazy-preloader-black\"><\/div><\/div><div class=\"swiper-slide\" data-hash=\"flagallery19213\" data-photo-id=\"19213\"><span class=\"flagpm_va\"><\/span><img data-src=\"https:\/\/bobvarela.com\/wp-content\/flagallery\/custo-barcelona-primera-mirada-a-la-coleccion-otono-invierno-15-16\/webview\/custo-barcelona-040.jpg\" alt=\"Ready to Wear Fall\/Winter 2015-2016\" class=\"noLazy flagpm_the_photo swiper-lazy\"><div class=\"swiper-lazy-preloader swiper-lazy-preloader-black\"><\/div><\/div><div class=\"swiper-slide\" data-hash=\"flagallery19214\" data-photo-id=\"19214\"><span class=\"flagpm_va\"><\/span><img data-src=\"https:\/\/bobvarela.com\/wp-content\/flagallery\/custo-barcelona-primera-mirada-a-la-coleccion-otono-invierno-15-16\/webview\/custo-barcelona-041.jpg\" alt=\"Ready to Wear Fall\/Winter 2015-2016\" class=\"noLazy flagpm_the_photo swiper-lazy\"><div class=\"swiper-lazy-preloader swiper-lazy-preloader-black\"><\/div><\/div><div class=\"swiper-slide\" data-hash=\"flagallery19215\" data-photo-id=\"19215\"><span class=\"flagpm_va\"><\/span><img data-src=\"https:\/\/bobvarela.com\/wp-content\/flagallery\/custo-barcelona-primera-mirada-a-la-coleccion-otono-invierno-15-16\/webview\/custo-barcelona-043.jpg\" alt=\"Ready to Wear Fall\/Winter 2015-2016\" class=\"noLazy flagpm_the_photo swiper-lazy\"><div class=\"swiper-lazy-preloader swiper-lazy-preloader-black\"><\/div><\/div><div class=\"swiper-slide\" data-hash=\"flagallery19216\" data-photo-id=\"19216\"><span class=\"flagpm_va\"><\/span><img data-src=\"https:\/\/bobvarela.com\/wp-content\/flagallery\/custo-barcelona-primera-mirada-a-la-coleccion-otono-invierno-15-16\/webview\/custo-barcelona-045.jpg\" alt=\"Ready to Wear Fall\/Winter 2015-2016\" class=\"noLazy flagpm_the_photo swiper-lazy\"><div class=\"swiper-lazy-preloader swiper-lazy-preloader-black\"><\/div><\/div><div class=\"swiper-slide\" data-hash=\"flagallery19217\" data-photo-id=\"19217\"><span class=\"flagpm_va\"><\/span><img data-src=\"https:\/\/bobvarela.com\/wp-content\/flagallery\/custo-barcelona-primera-mirada-a-la-coleccion-otono-invierno-15-16\/webview\/custo-barcelona-046.jpg\" alt=\"Ready to Wear Fall\/Winter 2015-2016\" class=\"noLazy flagpm_the_photo swiper-lazy\"><div class=\"swiper-lazy-preloader swiper-lazy-preloader-black\"><\/div><\/div><div class=\"swiper-slide\" data-hash=\"flagallery19218\" data-photo-id=\"19218\"><span class=\"flagpm_va\"><\/span><img data-src=\"https:\/\/bobvarela.com\/wp-content\/flagallery\/custo-barcelona-primera-mirada-a-la-coleccion-otono-invierno-15-16\/webview\/custo-barcelona-047.jpg\" alt=\"Ready to Wear Fall\/Winter 2015-2016\" class=\"noLazy flagpm_the_photo swiper-lazy\"><div class=\"swiper-lazy-preloader swiper-lazy-preloader-black\"><\/div><\/div><div class=\"swiper-slide\" data-hash=\"flagallery19219\" data-photo-id=\"19219\"><span class=\"flagpm_va\"><\/span><img data-src=\"https:\/\/bobvarela.com\/wp-content\/flagallery\/custo-barcelona-primera-mirada-a-la-coleccion-otono-invierno-15-16\/webview\/custo-barcelona-048.jpg\" alt=\"Ready to Wear Fall\/Winter 2015-2016\" class=\"noLazy flagpm_the_photo swiper-lazy\"><div class=\"swiper-lazy-preloader swiper-lazy-preloader-black\"><\/div><\/div><div class=\"swiper-slide\" data-hash=\"flagallery19220\" data-photo-id=\"19220\"><span class=\"flagpm_va\"><\/span><img data-src=\"https:\/\/bobvarela.com\/wp-content\/flagallery\/custo-barcelona-primera-mirada-a-la-coleccion-otono-invierno-15-16\/webview\/custo-barcelona-049.jpg\" alt=\"Ready to Wear Fall\/Winter 2015-2016\" class=\"noLazy flagpm_the_photo swiper-lazy\"><div class=\"swiper-lazy-preloader swiper-lazy-preloader-black\"><\/div><\/div><div class=\"swiper-slide\" data-hash=\"flagallery19221\" data-photo-id=\"19221\"><span class=\"flagpm_va\"><\/span><img data-src=\"https:\/\/bobvarela.com\/wp-content\/flagallery\/custo-barcelona-primera-mirada-a-la-coleccion-otono-invierno-15-16\/webview\/custo-barcelona-050.jpg\" alt=\"Ready to Wear Fall\/Winter 2015-2016\" class=\"noLazy flagpm_the_photo swiper-lazy\"><div class=\"swiper-lazy-preloader swiper-lazy-preloader-black\"><\/div><\/div><div class=\"swiper-slide\" data-hash=\"flagallery19222\" data-photo-id=\"19222\"><span class=\"flagpm_va\"><\/span><img data-src=\"https:\/\/bobvarela.com\/wp-content\/flagallery\/custo-barcelona-primera-mirada-a-la-coleccion-otono-invierno-15-16\/webview\/custo-barcelona-051.jpg\" alt=\"Ready to Wear Fall\/Winter 2015-2016\" class=\"noLazy flagpm_the_photo swiper-lazy\"><div class=\"swiper-lazy-preloader swiper-lazy-preloader-black\"><\/div><\/div><div class=\"swiper-slide\" data-hash=\"flagallery19223\" data-photo-id=\"19223\"><span class=\"flagpm_va\"><\/span><img data-src=\"https:\/\/bobvarela.com\/wp-content\/flagallery\/custo-barcelona-primera-mirada-a-la-coleccion-otono-invierno-15-16\/webview\/custo-barcelona-052.jpg\" alt=\"Ready to Wear Fall\/Winter 2015-2016\" class=\"noLazy flagpm_the_photo swiper-lazy\"><div class=\"swiper-lazy-preloader swiper-lazy-preloader-black\"><\/div><\/div><div class=\"swiper-slide\" data-hash=\"flagallery19224\" data-photo-id=\"19224\"><span class=\"flagpm_va\"><\/span><img data-src=\"https:\/\/bobvarela.com\/wp-content\/flagallery\/custo-barcelona-primera-mirada-a-la-coleccion-otono-invierno-15-16\/webview\/custo-barcelona-053.jpg\" alt=\"Ready to Wear Fall\/Winter 2015-2016\" class=\"noLazy flagpm_the_photo swiper-lazy\"><div class=\"swiper-lazy-preloader swiper-lazy-preloader-black\"><\/div><\/div><div class=\"swiper-slide\" data-hash=\"flagallery19225\" data-photo-id=\"19225\"><span class=\"flagpm_va\"><\/span><img data-src=\"https:\/\/bobvarela.com\/wp-content\/flagallery\/custo-barcelona-primera-mirada-a-la-coleccion-otono-invierno-15-16\/webview\/custo-barcelona-054.jpg\" alt=\"Ready to Wear Fall\/Winter 2015-2016\" class=\"noLazy flagpm_the_photo swiper-lazy\"><div class=\"swiper-lazy-preloader swiper-lazy-preloader-black\"><\/div><\/div><div class=\"swiper-slide\" data-hash=\"flagallery19226\" data-photo-id=\"19226\"><span class=\"flagpm_va\"><\/span><img data-src=\"https:\/\/bobvarela.com\/wp-content\/flagallery\/custo-barcelona-primera-mirada-a-la-coleccion-otono-invierno-15-16\/webview\/custo-barcelona-056.jpg\" alt=\"Ready to Wear Fall\/Winter 2015-2016\" class=\"noLazy flagpm_the_photo swiper-lazy\"><div class=\"swiper-lazy-preloader swiper-lazy-preloader-black\"><\/div><\/div><div class=\"swiper-slide\" data-hash=\"flagallery19227\" data-photo-id=\"19227\"><span class=\"flagpm_va\"><\/span><img data-src=\"https:\/\/bobvarela.com\/wp-content\/flagallery\/custo-barcelona-primera-mirada-a-la-coleccion-otono-invierno-15-16\/webview\/custo-barcelona-058.jpg\" alt=\"Ready to Wear Fall\/Winter 2015-2016\" class=\"noLazy flagpm_the_photo swiper-lazy\"><div class=\"swiper-lazy-preloader swiper-lazy-preloader-black\"><\/div><\/div><div class=\"swiper-slide\" data-hash=\"flagallery19228\" data-photo-id=\"19228\"><span class=\"flagpm_va\"><\/span><img data-src=\"https:\/\/bobvarela.com\/wp-content\/flagallery\/custo-barcelona-primera-mirada-a-la-coleccion-otono-invierno-15-16\/webview\/custo-barcelona-059.jpg\" alt=\"Ready to Wear Fall\/Winter 2015-2016\" class=\"noLazy flagpm_the_photo swiper-lazy\"><div class=\"swiper-lazy-preloader swiper-lazy-preloader-black\"><\/div><\/div><div class=\"swiper-slide\" data-hash=\"flagallery19229\" data-photo-id=\"19229\"><span class=\"flagpm_va\"><\/span><img data-src=\"https:\/\/bobvarela.com\/wp-content\/flagallery\/custo-barcelona-primera-mirada-a-la-coleccion-otono-invierno-15-16\/webview\/custo-barcelona-061.jpg\" alt=\"Ready to Wear Fall\/Winter 2015-2016\" class=\"noLazy flagpm_the_photo swiper-lazy\"><div class=\"swiper-lazy-preloader swiper-lazy-preloader-black\"><\/div><\/div><div class=\"swiper-slide\" data-hash=\"flagallery19230\" data-photo-id=\"19230\"><span class=\"flagpm_va\"><\/span><img data-src=\"https:\/\/bobvarela.com\/wp-content\/flagallery\/custo-barcelona-primera-mirada-a-la-coleccion-otono-invierno-15-16\/webview\/custo-barcelona-063.jpg\" alt=\"Ready to Wear Fall\/Winter 2015-2016\" class=\"noLazy flagpm_the_photo swiper-lazy\"><div class=\"swiper-lazy-preloader swiper-lazy-preloader-black\"><\/div><\/div><div class=\"swiper-slide\" data-hash=\"flagallery19231\" data-photo-id=\"19231\"><span class=\"flagpm_va\"><\/span><img data-src=\"https:\/\/bobvarela.com\/wp-content\/flagallery\/custo-barcelona-primera-mirada-a-la-coleccion-otono-invierno-15-16\/webview\/custo-barcelona-065.jpg\" alt=\"Ready to Wear Fall\/Winter 2015-2016\" class=\"noLazy flagpm_the_photo swiper-lazy\"><div class=\"swiper-lazy-preloader swiper-lazy-preloader-black\"><\/div><\/div><div class=\"swiper-slide\" data-hash=\"flagallery19232\" data-photo-id=\"19232\"><span class=\"flagpm_va\"><\/span><img data-src=\"https:\/\/bobvarela.com\/wp-content\/flagallery\/custo-barcelona-primera-mirada-a-la-coleccion-otono-invierno-15-16\/webview\/custo-barcelona-066.jpg\" alt=\"Ready to Wear Fall\/Winter 2015-2016\" class=\"noLazy flagpm_the_photo swiper-lazy\"><div class=\"swiper-lazy-preloader swiper-lazy-preloader-black\"><\/div><\/div><div class=\"swiper-slide\" data-hash=\"flagallery19233\" data-photo-id=\"19233\"><span class=\"flagpm_va\"><\/span><img data-src=\"https:\/\/bobvarela.com\/wp-content\/flagallery\/custo-barcelona-primera-mirada-a-la-coleccion-otono-invierno-15-16\/webview\/custo-barcelona-067.jpg\" alt=\"Ready to Wear Fall\/Winter 2015-2016\" class=\"noLazy flagpm_the_photo swiper-lazy\"><div class=\"swiper-lazy-preloader swiper-lazy-preloader-black\"><\/div><\/div><div class=\"swiper-slide\" data-hash=\"flagallery19234\" data-photo-id=\"19234\"><span class=\"flagpm_va\"><\/span><img data-src=\"https:\/\/bobvarela.com\/wp-content\/flagallery\/custo-barcelona-primera-mirada-a-la-coleccion-otono-invierno-15-16\/webview\/custo-barcelona-069.jpg\" alt=\"Ready to Wear Fall\/Winter 2015-2016\" class=\"noLazy flagpm_the_photo swiper-lazy\"><div class=\"swiper-lazy-preloader swiper-lazy-preloader-black\"><\/div><\/div><div class=\"swiper-slide\" data-hash=\"flagallery19235\" data-photo-id=\"19235\"><span class=\"flagpm_va\"><\/span><img data-src=\"https:\/\/bobvarela.com\/wp-content\/flagallery\/custo-barcelona-primera-mirada-a-la-coleccion-otono-invierno-15-16\/webview\/custo-barcelona-070.jpg\" alt=\"Ready to Wear Fall\/Winter 2015-2016\" class=\"noLazy flagpm_the_photo swiper-lazy\"><div class=\"swiper-lazy-preloader swiper-lazy-preloader-black\"><\/div><\/div><div class=\"swiper-slide\" data-hash=\"flagallery19236\" data-photo-id=\"19236\"><span class=\"flagpm_va\"><\/span><img data-src=\"https:\/\/bobvarela.com\/wp-content\/flagallery\/custo-barcelona-primera-mirada-a-la-coleccion-otono-invierno-15-16\/webview\/custo-barcelona-071.jpg\" alt=\"Ready to Wear Fall\/Winter 2015-2016\" class=\"noLazy flagpm_the_photo swiper-lazy\"><div class=\"swiper-lazy-preloader swiper-lazy-preloader-black\"><\/div><\/div><div class=\"swiper-slide\" data-hash=\"flagallery19237\" data-photo-id=\"19237\"><span class=\"flagpm_va\"><\/span><img data-src=\"https:\/\/bobvarela.com\/wp-content\/flagallery\/custo-barcelona-primera-mirada-a-la-coleccion-otono-invierno-15-16\/webview\/custo-barcelona-073.jpg\" alt=\"Ready to Wear Fall\/Winter 2015-2016\" class=\"noLazy flagpm_the_photo swiper-lazy\"><div class=\"swiper-lazy-preloader swiper-lazy-preloader-black\"><\/div><\/div><div class=\"swiper-slide\" data-hash=\"flagallery19238\" data-photo-id=\"19238\"><span class=\"flagpm_va\"><\/span><img data-src=\"https:\/\/bobvarela.com\/wp-content\/flagallery\/custo-barcelona-primera-mirada-a-la-coleccion-otono-invierno-15-16\/webview\/custo-barcelona-074.jpg\" alt=\"Ready to Wear Fall\/Winter 2015-2016\" class=\"noLazy flagpm_the_photo swiper-lazy\"><div class=\"swiper-lazy-preloader swiper-lazy-preloader-black\"><\/div><\/div><div class=\"swiper-slide\" data-hash=\"flagallery19239\" data-photo-id=\"19239\"><span class=\"flagpm_va\"><\/span><img data-src=\"https:\/\/bobvarela.com\/wp-content\/flagallery\/custo-barcelona-primera-mirada-a-la-coleccion-otono-invierno-15-16\/webview\/custo-barcelona-076.jpg\" alt=\"Ready to Wear Fall\/Winter 2015-2016\" class=\"noLazy flagpm_the_photo swiper-lazy\"><div class=\"swiper-lazy-preloader swiper-lazy-preloader-black\"><\/div><\/div><div class=\"swiper-slide\" data-hash=\"flagallery19240\" data-photo-id=\"19240\"><span class=\"flagpm_va\"><\/span><img data-src=\"https:\/\/bobvarela.com\/wp-content\/flagallery\/custo-barcelona-primera-mirada-a-la-coleccion-otono-invierno-15-16\/webview\/custo-barcelona-078.jpg\" alt=\"Ready to Wear Fall\/Winter 2015-2016\" class=\"noLazy flagpm_the_photo swiper-lazy\"><div class=\"swiper-lazy-preloader swiper-lazy-preloader-black\"><\/div><\/div><div class=\"swiper-slide\" data-hash=\"flagallery19241\" data-photo-id=\"19241\"><span class=\"flagpm_va\"><\/span><img data-src=\"https:\/\/bobvarela.com\/wp-content\/flagallery\/custo-barcelona-primera-mirada-a-la-coleccion-otono-invierno-15-16\/webview\/custo-barcelona-079.jpg\" alt=\"Ready to Wear Fall\/Winter 2015-2016\" class=\"noLazy flagpm_the_photo swiper-lazy\"><div class=\"swiper-lazy-preloader swiper-lazy-preloader-black\"><\/div><\/div><div class=\"swiper-slide\" data-hash=\"flagallery19242\" data-photo-id=\"19242\"><span class=\"flagpm_va\"><\/span><img data-src=\"https:\/\/bobvarela.com\/wp-content\/flagallery\/custo-barcelona-primera-mirada-a-la-coleccion-otono-invierno-15-16\/webview\/custo-barcelona-080.jpg\" alt=\"Ready to Wear Fall\/Winter 2015-2016\" class=\"noLazy flagpm_the_photo swiper-lazy\"><div class=\"swiper-lazy-preloader swiper-lazy-preloader-black\"><\/div><\/div><div class=\"swiper-slide\" data-hash=\"flagallery19243\" data-photo-id=\"19243\"><span class=\"flagpm_va\"><\/span><img data-src=\"https:\/\/bobvarela.com\/wp-content\/flagallery\/custo-barcelona-primera-mirada-a-la-coleccion-otono-invierno-15-16\/webview\/custo-barcelona-082.jpg\" alt=\"Ready to Wear Fall\/Winter 2015-2016\" class=\"noLazy flagpm_the_photo swiper-lazy\"><div class=\"swiper-lazy-preloader swiper-lazy-preloader-black\"><\/div><\/div><div class=\"swiper-slide\" data-hash=\"flagallery19244\" data-photo-id=\"19244\"><span class=\"flagpm_va\"><\/span><img data-src=\"https:\/\/bobvarela.com\/wp-content\/flagallery\/custo-barcelona-primera-mirada-a-la-coleccion-otono-invierno-15-16\/webview\/custo-barcelona-083.jpg\" alt=\"Ready to Wear Fall\/Winter 2015-2016\" class=\"noLazy flagpm_the_photo swiper-lazy\"><div class=\"swiper-lazy-preloader swiper-lazy-preloader-black\"><\/div><\/div><div class=\"swiper-slide\" data-hash=\"flagallery19245\" data-photo-id=\"19245\"><span class=\"flagpm_va\"><\/span><img data-src=\"https:\/\/bobvarela.com\/wp-content\/flagallery\/custo-barcelona-primera-mirada-a-la-coleccion-otono-invierno-15-16\/webview\/custo-barcelona-084.jpg\" alt=\"Ready to Wear Fall\/Winter 2015-2016\" class=\"noLazy flagpm_the_photo swiper-lazy\"><div class=\"swiper-lazy-preloader swiper-lazy-preloader-black\"><\/div><\/div><div class=\"swiper-slide\" data-hash=\"flagallery19246\" data-photo-id=\"19246\"><span class=\"flagpm_va\"><\/span><img data-src=\"https:\/\/bobvarela.com\/wp-content\/flagallery\/custo-barcelona-primera-mirada-a-la-coleccion-otono-invierno-15-16\/webview\/custo-barcelona-086.jpg\" alt=\"Ready to Wear Fall\/Winter 2015-2016\" class=\"noLazy flagpm_the_photo swiper-lazy\"><div class=\"swiper-lazy-preloader swiper-lazy-preloader-black\"><\/div><\/div><div class=\"swiper-slide\" data-hash=\"flagallery19247\" data-photo-id=\"19247\"><span class=\"flagpm_va\"><\/span><img data-src=\"https:\/\/bobvarela.com\/wp-content\/flagallery\/custo-barcelona-primera-mirada-a-la-coleccion-otono-invierno-15-16\/webview\/custo-barcelona-089.jpg\" alt=\"Ready to Wear Fall\/Winter 2015-2016\" class=\"noLazy flagpm_the_photo swiper-lazy\"><div class=\"swiper-lazy-preloader swiper-lazy-preloader-black\"><\/div><\/div><div class=\"swiper-slide\" data-hash=\"flagallery19248\" data-photo-id=\"19248\"><span class=\"flagpm_va\"><\/span><img data-src=\"https:\/\/bobvarela.com\/wp-content\/flagallery\/custo-barcelona-primera-mirada-a-la-coleccion-otono-invierno-15-16\/webview\/custo-barcelona-091.jpg\" alt=\"Ready to Wear Fall\/Winter 2015-2016\" class=\"noLazy flagpm_the_photo swiper-lazy\"><div class=\"swiper-lazy-preloader swiper-lazy-preloader-black\"><\/div><\/div><div class=\"swiper-slide\" data-hash=\"flagallery19249\" data-photo-id=\"19249\"><span class=\"flagpm_va\"><\/span><img data-src=\"https:\/\/bobvarela.com\/wp-content\/flagallery\/custo-barcelona-primera-mirada-a-la-coleccion-otono-invierno-15-16\/webview\/custo-barcelona-095.jpg\" alt=\"Ready to Wear Fall\/Winter 2015-2016\" class=\"noLazy flagpm_the_photo swiper-lazy\"><div class=\"swiper-lazy-preloader swiper-lazy-preloader-black\"><\/div><\/div><div class=\"swiper-slide\" data-hash=\"flagallery19250\" data-photo-id=\"19250\"><span class=\"flagpm_va\"><\/span><img data-src=\"https:\/\/bobvarela.com\/wp-content\/flagallery\/custo-barcelona-primera-mirada-a-la-coleccion-otono-invierno-15-16\/webview\/custo-barcelona-096.jpg\" alt=\"Ready to Wear Fall\/Winter 2015-2016\" class=\"noLazy flagpm_the_photo swiper-lazy\"><div class=\"swiper-lazy-preloader swiper-lazy-preloader-black\"><\/div><\/div><div class=\"swiper-slide\" data-hash=\"flagallery19251\" data-photo-id=\"19251\"><span class=\"flagpm_va\"><\/span><img data-src=\"https:\/\/bobvarela.com\/wp-content\/flagallery\/custo-barcelona-primera-mirada-a-la-coleccion-otono-invierno-15-16\/webview\/custo-barcelona-097.jpg\" alt=\"Ready to Wear Fall\/Winter 2015-2016\" class=\"noLazy flagpm_the_photo swiper-lazy\"><div class=\"swiper-lazy-preloader swiper-lazy-preloader-black\"><\/div><\/div><div class=\"swiper-slide\" data-hash=\"flagallery19252\" data-photo-id=\"19252\"><span class=\"flagpm_va\"><\/span><img data-src=\"https:\/\/bobvarela.com\/wp-content\/flagallery\/custo-barcelona-primera-mirada-a-la-coleccion-otono-invierno-15-16\/webview\/custo-barcelona-102.jpg\" alt=\"Ready to Wear Fall\/Winter 2015-2016\" class=\"noLazy flagpm_the_photo swiper-lazy\"><div class=\"swiper-lazy-preloader swiper-lazy-preloader-black\"><\/div><\/div><div class=\"swiper-slide\" data-hash=\"flagallery19253\" data-photo-id=\"19253\"><span class=\"flagpm_va\"><\/span><img data-src=\"https:\/\/bobvarela.com\/wp-content\/flagallery\/custo-barcelona-primera-mirada-a-la-coleccion-otono-invierno-15-16\/webview\/custo-barcelona-104.jpg\" alt=\"Ready to Wear Fall\/Winter 2015-2016\" class=\"noLazy flagpm_the_photo swiper-lazy\"><div class=\"swiper-lazy-preloader swiper-lazy-preloader-black\"><\/div><\/div><div class=\"swiper-slide\" data-hash=\"flagallery19254\" data-photo-id=\"19254\"><span class=\"flagpm_va\"><\/span><img data-src=\"https:\/\/bobvarela.com\/wp-content\/flagallery\/custo-barcelona-primera-mirada-a-la-coleccion-otono-invierno-15-16\/webview\/custo-barcelona-105.jpg\" alt=\"Ready to Wear Fall\/Winter 2015-2016\" class=\"noLazy flagpm_the_photo swiper-lazy\"><div class=\"swiper-lazy-preloader swiper-lazy-preloader-black\"><\/div><\/div><div class=\"swiper-slide\" data-hash=\"flagallery19255\" data-photo-id=\"19255\"><span class=\"flagpm_va\"><\/span><img data-src=\"https:\/\/bobvarela.com\/wp-content\/flagallery\/custo-barcelona-primera-mirada-a-la-coleccion-otono-invierno-15-16\/webview\/custo-barcelona-106.jpg\" alt=\"Ready to Wear Fall\/Winter 2015-2016\" class=\"noLazy flagpm_the_photo swiper-lazy\"><div class=\"swiper-lazy-preloader swiper-lazy-preloader-black\"><\/div><\/div> <\/div> <\/div> <\/div> <div class=\"flagpm_photo_header\"> <div class=\"flagpm_wrapper flagpm_clearfix\"> <div class=\"flagpm_focus_actions\"> <ul class=\"flagpm_focus_share\"> <li style=\"list-style:none;\" class=\"flagpm_share_wrapper\"> <a class=\"flagpm_button flagpm_share\">Share<\/a> <ul class=\"flagpm_sharelizers flagpm_clearfix\"> <li style=\"list-style:none;\"><a class=\"flagpm_button flagpm_facebook flagpm_sharelizer\">Facebook<\/a><\/li> <li style=\"list-style:none;\"><a class=\"flagpm_button flagpm_twitter flagpm_sharelizer\">Twitter<\/a><\/li> <li style=\"list-style:none;\"><a class=\"flagpm_button flagpm_pinterest flagpm_sharelizer\">Pinterest<\/a><\/li> <li style=\"list-style:none;\"><a class=\"flagpm_button flagpm_stumbleupon flagpm_sharelizer\">StumbleUpon<\/a><\/li> <\/ul> <\/li> <\/ul> <ul class=\"flagpm_focus_like_fave flagpm_clearfix\"> <li style=\"list-style:none;\"><a class=\"flagpm_button flagpm_like\">Like<\/a><\/li> <\/ul> <ul class=\"flagpm_focus_arrows flagpm_clearfix\"> <li style=\"list-style:none;\"><a class=\"flagpm_button flagpm_photo_arrow_previous flagpm_prev\">Previous<\/a><\/li> <li style=\"list-style:none;\"><a class=\"flagpm_button flagpm_photo_arrow_next flagpm_next\">Next<\/a><\/li> <\/ul> <\/div> <div class=\"flagpm_name_wrap flagpm_clearfix flagpm_no_avatar\"> <div class=\"flagpm_title_author\"> <div class=\"flagpm_title\">Ready to Wear Fall\/Winter 2015-2016<\/div> <\/div> <\/div> <div class=\"flagpm_actions flagpm_clearfix\"> <div class=\"flagpm_carousel flagpm_has_previous flagpm_has_next\"> <div class=\"flagpm_previous_button\"><\/div> <div class=\"flagpm_photo_carousel\"> <div class=\"swiper-container swiper-small-images\"> <div class=\"swiper-wrapper\"><div class=\"swiper-slide flagpm_photo\" data-photo-id=\"19196\"><img decoding=\"async\" src=\"https:\/\/bobvarela.com\/wp-content\/flagallery\/custo-barcelona-primera-mirada-a-la-coleccion-otono-invierno-15-16\/thumbs\/thumbs_custo-barcelona-001.jpg\" data-src=\"https:\/\/bobvarela.com\/wp-content\/flagallery\/custo-barcelona-primera-mirada-a-la-coleccion-otono-invierno-15-16\/thumbs\/thumbs_custo-barcelona-001.jpg\" alt=\"Ready to Wear Fall\/Winter 2015-2016\" class=\"noLazy flagpm_photo swiper-lazy flagpm_photo_portrait\"><span class=\"swiper-lazy-preloader swiper-lazy-preloader-black\"><\/span><\/div><div class=\"swiper-slide flagpm_photo\" data-photo-id=\"19197\"><img data-src=\"https:\/\/bobvarela.com\/wp-content\/flagallery\/custo-barcelona-primera-mirada-a-la-coleccion-otono-invierno-15-16\/thumbs\/thumbs_custo-barcelona-006.jpg\" alt=\"Ready to Wear Fall\/Winter 2015-2016\" class=\"noLazy flagpm_photo swiper-lazy flagpm_photo_portrait\"><span class=\"swiper-lazy-preloader swiper-lazy-preloader-black\"><\/span><\/div><div class=\"swiper-slide flagpm_photo\" data-photo-id=\"19198\"><img data-src=\"https:\/\/bobvarela.com\/wp-content\/flagallery\/custo-barcelona-primera-mirada-a-la-coleccion-otono-invierno-15-16\/thumbs\/thumbs_custo-barcelona-007.jpg\" alt=\"Ready to Wear Fall\/Winter 2015-2016\" class=\"noLazy flagpm_photo swiper-lazy flagpm_photo_portrait\"><span class=\"swiper-lazy-preloader swiper-lazy-preloader-black\"><\/span><\/div><div class=\"swiper-slide flagpm_photo\" data-photo-id=\"19199\"><img data-src=\"https:\/\/bobvarela.com\/wp-content\/flagallery\/custo-barcelona-primera-mirada-a-la-coleccion-otono-invierno-15-16\/thumbs\/thumbs_custo-barcelona-010.jpg\" alt=\"Ready to Wear Fall\/Winter 2015-2016\" class=\"noLazy flagpm_photo swiper-lazy flagpm_photo_portrait\"><span class=\"swiper-lazy-preloader swiper-lazy-preloader-black\"><\/span><\/div><div class=\"swiper-slide flagpm_photo\" data-photo-id=\"19200\"><img data-src=\"https:\/\/bobvarela.com\/wp-content\/flagallery\/custo-barcelona-primera-mirada-a-la-coleccion-otono-invierno-15-16\/thumbs\/thumbs_custo-barcelona-015.jpg\" alt=\"Ready to Wear Fall\/Winter 2015-2016\" class=\"noLazy flagpm_photo swiper-lazy flagpm_photo_portrait\"><span class=\"swiper-lazy-preloader swiper-lazy-preloader-black\"><\/span><\/div><div class=\"swiper-slide flagpm_photo\" data-photo-id=\"19201\"><img data-src=\"https:\/\/bobvarela.com\/wp-content\/flagallery\/custo-barcelona-primera-mirada-a-la-coleccion-otono-invierno-15-16\/thumbs\/thumbs_custo-barcelona-016.jpg\" alt=\"Ready to Wear Fall\/Winter 2015-2016\" class=\"noLazy flagpm_photo swiper-lazy flagpm_photo_portrait\"><span class=\"swiper-lazy-preloader swiper-lazy-preloader-black\"><\/span><\/div><div class=\"swiper-slide flagpm_photo\" data-photo-id=\"19202\"><img data-src=\"https:\/\/bobvarela.com\/wp-content\/flagallery\/custo-barcelona-primera-mirada-a-la-coleccion-otono-invierno-15-16\/thumbs\/thumbs_custo-barcelona-022.jpg\" alt=\"Ready to Wear Fall\/Winter 2015-2016\" class=\"noLazy flagpm_photo swiper-lazy flagpm_photo_portrait\"><span class=\"swiper-lazy-preloader swiper-lazy-preloader-black\"><\/span><\/div><div class=\"swiper-slide flagpm_photo\" data-photo-id=\"19203\"><img data-src=\"https:\/\/bobvarela.com\/wp-content\/flagallery\/custo-barcelona-primera-mirada-a-la-coleccion-otono-invierno-15-16\/thumbs\/thumbs_custo-barcelona-023.jpg\" alt=\"Ready to Wear Fall\/Winter 2015-2016\" class=\"noLazy flagpm_photo swiper-lazy flagpm_photo_portrait\"><span class=\"swiper-lazy-preloader swiper-lazy-preloader-black\"><\/span><\/div><div class=\"swiper-slide flagpm_photo\" data-photo-id=\"19204\"><img data-src=\"https:\/\/bobvarela.com\/wp-content\/flagallery\/custo-barcelona-primera-mirada-a-la-coleccion-otono-invierno-15-16\/thumbs\/thumbs_custo-barcelona-024.jpg\" alt=\"Ready to Wear Fall\/Winter 2015-2016\" class=\"noLazy flagpm_photo swiper-lazy flagpm_photo_portrait\"><span class=\"swiper-lazy-preloader swiper-lazy-preloader-black\"><\/span><\/div><div class=\"swiper-slide flagpm_photo\" data-photo-id=\"19205\"><img data-src=\"https:\/\/bobvarela.com\/wp-content\/flagallery\/custo-barcelona-primera-mirada-a-la-coleccion-otono-invierno-15-16\/thumbs\/thumbs_custo-barcelona-025.jpg\" alt=\"Ready to Wear Fall\/Winter 2015-2016\" class=\"noLazy flagpm_photo swiper-lazy flagpm_photo_portrait\"><span class=\"swiper-lazy-preloader swiper-lazy-preloader-black\"><\/span><\/div><div class=\"swiper-slide flagpm_photo\" data-photo-id=\"19206\"><img data-src=\"https:\/\/bobvarela.com\/wp-content\/flagallery\/custo-barcelona-primera-mirada-a-la-coleccion-otono-invierno-15-16\/thumbs\/thumbs_custo-barcelona-028.jpg\" alt=\"Ready to Wear Fall\/Winter 2015-2016\" class=\"noLazy flagpm_photo swiper-lazy flagpm_photo_portrait\"><span class=\"swiper-lazy-preloader swiper-lazy-preloader-black\"><\/span><\/div><div class=\"swiper-slide flagpm_photo\" data-photo-id=\"19207\"><img data-src=\"https:\/\/bobvarela.com\/wp-content\/flagallery\/custo-barcelona-primera-mirada-a-la-coleccion-otono-invierno-15-16\/thumbs\/thumbs_custo-barcelona-030.jpg\" alt=\"Ready to Wear Fall\/Winter 2015-2016\" class=\"noLazy flagpm_photo swiper-lazy flagpm_photo_portrait\"><span class=\"swiper-lazy-preloader swiper-lazy-preloader-black\"><\/span><\/div><div class=\"swiper-slide flagpm_photo\" data-photo-id=\"19208\"><img data-src=\"https:\/\/bobvarela.com\/wp-content\/flagallery\/custo-barcelona-primera-mirada-a-la-coleccion-otono-invierno-15-16\/thumbs\/thumbs_custo-barcelona-033.jpg\" alt=\"Ready to Wear Fall\/Winter 2015-2016\" class=\"noLazy flagpm_photo swiper-lazy flagpm_photo_portrait\"><span class=\"swiper-lazy-preloader swiper-lazy-preloader-black\"><\/span><\/div><div class=\"swiper-slide flagpm_photo\" data-photo-id=\"19209\"><img data-src=\"https:\/\/bobvarela.com\/wp-content\/flagallery\/custo-barcelona-primera-mirada-a-la-coleccion-otono-invierno-15-16\/thumbs\/thumbs_custo-barcelona-034.jpg\" alt=\"Ready to Wear Fall\/Winter 2015-2016\" class=\"noLazy flagpm_photo swiper-lazy flagpm_photo_portrait\"><span class=\"swiper-lazy-preloader swiper-lazy-preloader-black\"><\/span><\/div><div class=\"swiper-slide flagpm_photo\" data-photo-id=\"19210\"><img data-src=\"https:\/\/bobvarela.com\/wp-content\/flagallery\/custo-barcelona-primera-mirada-a-la-coleccion-otono-invierno-15-16\/thumbs\/thumbs_custo-barcelona-035.jpg\" alt=\"Ready to Wear Fall\/Winter 2015-2016\" class=\"noLazy flagpm_photo swiper-lazy flagpm_photo_portrait\"><span class=\"swiper-lazy-preloader swiper-lazy-preloader-black\"><\/span><\/div><div class=\"swiper-slide flagpm_photo\" data-photo-id=\"19211\"><img data-src=\"https:\/\/bobvarela.com\/wp-content\/flagallery\/custo-barcelona-primera-mirada-a-la-coleccion-otono-invierno-15-16\/thumbs\/thumbs_custo-barcelona-037.jpg\" alt=\"Ready to Wear Fall\/Winter 2015-2016\" class=\"noLazy flagpm_photo swiper-lazy flagpm_photo_portrait\"><span class=\"swiper-lazy-preloader swiper-lazy-preloader-black\"><\/span><\/div><div class=\"swiper-slide flagpm_photo\" data-photo-id=\"19212\"><img data-src=\"https:\/\/bobvarela.com\/wp-content\/flagallery\/custo-barcelona-primera-mirada-a-la-coleccion-otono-invierno-15-16\/thumbs\/thumbs_custo-barcelona-038.jpg\" alt=\"Ready to Wear Fall\/Winter 2015-2016\" class=\"noLazy flagpm_photo swiper-lazy flagpm_photo_portrait\"><span class=\"swiper-lazy-preloader swiper-lazy-preloader-black\"><\/span><\/div><div class=\"swiper-slide flagpm_photo\" data-photo-id=\"19213\"><img data-src=\"https:\/\/bobvarela.com\/wp-content\/flagallery\/custo-barcelona-primera-mirada-a-la-coleccion-otono-invierno-15-16\/thumbs\/thumbs_custo-barcelona-040.jpg\" alt=\"Ready to Wear Fall\/Winter 2015-2016\" class=\"noLazy flagpm_photo swiper-lazy flagpm_photo_portrait\"><span class=\"swiper-lazy-preloader swiper-lazy-preloader-black\"><\/span><\/div><div class=\"swiper-slide flagpm_photo\" data-photo-id=\"19214\"><img data-src=\"https:\/\/bobvarela.com\/wp-content\/flagallery\/custo-barcelona-primera-mirada-a-la-coleccion-otono-invierno-15-16\/thumbs\/thumbs_custo-barcelona-041.jpg\" alt=\"Ready to Wear Fall\/Winter 2015-2016\" class=\"noLazy flagpm_photo swiper-lazy flagpm_photo_portrait\"><span class=\"swiper-lazy-preloader swiper-lazy-preloader-black\"><\/span><\/div><div class=\"swiper-slide flagpm_photo\" data-photo-id=\"19215\"><img data-src=\"https:\/\/bobvarela.com\/wp-content\/flagallery\/custo-barcelona-primera-mirada-a-la-coleccion-otono-invierno-15-16\/thumbs\/thumbs_custo-barcelona-043.jpg\" alt=\"Ready to Wear Fall\/Winter 2015-2016\" class=\"noLazy flagpm_photo swiper-lazy flagpm_photo_portrait\"><span class=\"swiper-lazy-preloader swiper-lazy-preloader-black\"><\/span><\/div><div class=\"swiper-slide flagpm_photo\" data-photo-id=\"19216\"><img data-src=\"https:\/\/bobvarela.com\/wp-content\/flagallery\/custo-barcelona-primera-mirada-a-la-coleccion-otono-invierno-15-16\/thumbs\/thumbs_custo-barcelona-045.jpg\" alt=\"Ready to Wear Fall\/Winter 2015-2016\" class=\"noLazy flagpm_photo swiper-lazy flagpm_photo_portrait\"><span class=\"swiper-lazy-preloader swiper-lazy-preloader-black\"><\/span><\/div><div class=\"swiper-slide flagpm_photo\" data-photo-id=\"19217\"><img data-src=\"https:\/\/bobvarela.com\/wp-content\/flagallery\/custo-barcelona-primera-mirada-a-la-coleccion-otono-invierno-15-16\/thumbs\/thumbs_custo-barcelona-046.jpg\" alt=\"Ready to Wear Fall\/Winter 2015-2016\" class=\"noLazy flagpm_photo swiper-lazy flagpm_photo_portrait\"><span class=\"swiper-lazy-preloader swiper-lazy-preloader-black\"><\/span><\/div><div class=\"swiper-slide flagpm_photo\" data-photo-id=\"19218\"><img data-src=\"https:\/\/bobvarela.com\/wp-content\/flagallery\/custo-barcelona-primera-mirada-a-la-coleccion-otono-invierno-15-16\/thumbs\/thumbs_custo-barcelona-047.jpg\" alt=\"Ready to Wear Fall\/Winter 2015-2016\" class=\"noLazy flagpm_photo swiper-lazy flagpm_photo_portrait\"><span class=\"swiper-lazy-preloader swiper-lazy-preloader-black\"><\/span><\/div><div class=\"swiper-slide flagpm_photo\" data-photo-id=\"19219\"><img data-src=\"https:\/\/bobvarela.com\/wp-content\/flagallery\/custo-barcelona-primera-mirada-a-la-coleccion-otono-invierno-15-16\/thumbs\/thumbs_custo-barcelona-048.jpg\" alt=\"Ready to Wear Fall\/Winter 2015-2016\" class=\"noLazy flagpm_photo swiper-lazy flagpm_photo_portrait\"><span class=\"swiper-lazy-preloader swiper-lazy-preloader-black\"><\/span><\/div><div class=\"swiper-slide flagpm_photo\" data-photo-id=\"19220\"><img data-src=\"https:\/\/bobvarela.com\/wp-content\/flagallery\/custo-barcelona-primera-mirada-a-la-coleccion-otono-invierno-15-16\/thumbs\/thumbs_custo-barcelona-049.jpg\" alt=\"Ready to Wear Fall\/Winter 2015-2016\" class=\"noLazy flagpm_photo swiper-lazy flagpm_photo_portrait\"><span class=\"swiper-lazy-preloader swiper-lazy-preloader-black\"><\/span><\/div><div class=\"swiper-slide flagpm_photo\" data-photo-id=\"19221\"><img data-src=\"https:\/\/bobvarela.com\/wp-content\/flagallery\/custo-barcelona-primera-mirada-a-la-coleccion-otono-invierno-15-16\/thumbs\/thumbs_custo-barcelona-050.jpg\" alt=\"Ready to Wear Fall\/Winter 2015-2016\" class=\"noLazy flagpm_photo swiper-lazy flagpm_photo_portrait\"><span class=\"swiper-lazy-preloader swiper-lazy-preloader-black\"><\/span><\/div><div class=\"swiper-slide flagpm_photo\" data-photo-id=\"19222\"><img data-src=\"https:\/\/bobvarela.com\/wp-content\/flagallery\/custo-barcelona-primera-mirada-a-la-coleccion-otono-invierno-15-16\/thumbs\/thumbs_custo-barcelona-051.jpg\" alt=\"Ready to Wear Fall\/Winter 2015-2016\" class=\"noLazy flagpm_photo swiper-lazy flagpm_photo_portrait\"><span class=\"swiper-lazy-preloader swiper-lazy-preloader-black\"><\/span><\/div><div class=\"swiper-slide flagpm_photo\" data-photo-id=\"19223\"><img data-src=\"https:\/\/bobvarela.com\/wp-content\/flagallery\/custo-barcelona-primera-mirada-a-la-coleccion-otono-invierno-15-16\/thumbs\/thumbs_custo-barcelona-052.jpg\" alt=\"Ready to Wear Fall\/Winter 2015-2016\" class=\"noLazy flagpm_photo swiper-lazy flagpm_photo_portrait\"><span class=\"swiper-lazy-preloader swiper-lazy-preloader-black\"><\/span><\/div><div class=\"swiper-slide flagpm_photo\" data-photo-id=\"19224\"><img data-src=\"https:\/\/bobvarela.com\/wp-content\/flagallery\/custo-barcelona-primera-mirada-a-la-coleccion-otono-invierno-15-16\/thumbs\/thumbs_custo-barcelona-053.jpg\" alt=\"Ready to Wear Fall\/Winter 2015-2016\" class=\"noLazy flagpm_photo swiper-lazy flagpm_photo_portrait\"><span class=\"swiper-lazy-preloader swiper-lazy-preloader-black\"><\/span><\/div><div class=\"swiper-slide flagpm_photo\" data-photo-id=\"19225\"><img data-src=\"https:\/\/bobvarela.com\/wp-content\/flagallery\/custo-barcelona-primera-mirada-a-la-coleccion-otono-invierno-15-16\/thumbs\/thumbs_custo-barcelona-054.jpg\" alt=\"Ready to Wear Fall\/Winter 2015-2016\" class=\"noLazy flagpm_photo swiper-lazy flagpm_photo_portrait\"><span class=\"swiper-lazy-preloader swiper-lazy-preloader-black\"><\/span><\/div><div class=\"swiper-slide flagpm_photo\" data-photo-id=\"19226\"><img data-src=\"https:\/\/bobvarela.com\/wp-content\/flagallery\/custo-barcelona-primera-mirada-a-la-coleccion-otono-invierno-15-16\/thumbs\/thumbs_custo-barcelona-056.jpg\" alt=\"Ready to Wear Fall\/Winter 2015-2016\" class=\"noLazy flagpm_photo swiper-lazy flagpm_photo_portrait\"><span class=\"swiper-lazy-preloader swiper-lazy-preloader-black\"><\/span><\/div><div class=\"swiper-slide flagpm_photo\" data-photo-id=\"19227\"><img data-src=\"https:\/\/bobvarela.com\/wp-content\/flagallery\/custo-barcelona-primera-mirada-a-la-coleccion-otono-invierno-15-16\/thumbs\/thumbs_custo-barcelona-058.jpg\" alt=\"Ready to Wear Fall\/Winter 2015-2016\" class=\"noLazy flagpm_photo swiper-lazy flagpm_photo_portrait\"><span class=\"swiper-lazy-preloader swiper-lazy-preloader-black\"><\/span><\/div><div class=\"swiper-slide flagpm_photo\" data-photo-id=\"19228\"><img data-src=\"https:\/\/bobvarela.com\/wp-content\/flagallery\/custo-barcelona-primera-mirada-a-la-coleccion-otono-invierno-15-16\/thumbs\/thumbs_custo-barcelona-059.jpg\" alt=\"Ready to Wear Fall\/Winter 2015-2016\" class=\"noLazy flagpm_photo swiper-lazy flagpm_photo_portrait\"><span class=\"swiper-lazy-preloader swiper-lazy-preloader-black\"><\/span><\/div><div class=\"swiper-slide flagpm_photo\" data-photo-id=\"19229\"><img data-src=\"https:\/\/bobvarela.com\/wp-content\/flagallery\/custo-barcelona-primera-mirada-a-la-coleccion-otono-invierno-15-16\/thumbs\/thumbs_custo-barcelona-061.jpg\" alt=\"Ready to Wear Fall\/Winter 2015-2016\" class=\"noLazy flagpm_photo swiper-lazy flagpm_photo_portrait\"><span class=\"swiper-lazy-preloader swiper-lazy-preloader-black\"><\/span><\/div><div class=\"swiper-slide flagpm_photo\" data-photo-id=\"19230\"><img data-src=\"https:\/\/bobvarela.com\/wp-content\/flagallery\/custo-barcelona-primera-mirada-a-la-coleccion-otono-invierno-15-16\/thumbs\/thumbs_custo-barcelona-063.jpg\" alt=\"Ready to Wear Fall\/Winter 2015-2016\" class=\"noLazy flagpm_photo swiper-lazy flagpm_photo_portrait\"><span class=\"swiper-lazy-preloader swiper-lazy-preloader-black\"><\/span><\/div><div class=\"swiper-slide flagpm_photo\" data-photo-id=\"19231\"><img data-src=\"https:\/\/bobvarela.com\/wp-content\/flagallery\/custo-barcelona-primera-mirada-a-la-coleccion-otono-invierno-15-16\/thumbs\/thumbs_custo-barcelona-065.jpg\" alt=\"Ready to Wear Fall\/Winter 2015-2016\" class=\"noLazy flagpm_photo swiper-lazy flagpm_photo_portrait\"><span class=\"swiper-lazy-preloader swiper-lazy-preloader-black\"><\/span><\/div><div class=\"swiper-slide flagpm_photo\" data-photo-id=\"19232\"><img data-src=\"https:\/\/bobvarela.com\/wp-content\/flagallery\/custo-barcelona-primera-mirada-a-la-coleccion-otono-invierno-15-16\/thumbs\/thumbs_custo-barcelona-066.jpg\" alt=\"Ready to Wear Fall\/Winter 2015-2016\" class=\"noLazy flagpm_photo swiper-lazy flagpm_photo_portrait\"><span class=\"swiper-lazy-preloader swiper-lazy-preloader-black\"><\/span><\/div><div class=\"swiper-slide flagpm_photo\" data-photo-id=\"19233\"><img data-src=\"https:\/\/bobvarela.com\/wp-content\/flagallery\/custo-barcelona-primera-mirada-a-la-coleccion-otono-invierno-15-16\/thumbs\/thumbs_custo-barcelona-067.jpg\" alt=\"Ready to Wear Fall\/Winter 2015-2016\" class=\"noLazy flagpm_photo swiper-lazy flagpm_photo_portrait\"><span class=\"swiper-lazy-preloader swiper-lazy-preloader-black\"><\/span><\/div><div class=\"swiper-slide flagpm_photo\" data-photo-id=\"19234\"><img data-src=\"https:\/\/bobvarela.com\/wp-content\/flagallery\/custo-barcelona-primera-mirada-a-la-coleccion-otono-invierno-15-16\/thumbs\/thumbs_custo-barcelona-069.jpg\" alt=\"Ready to Wear Fall\/Winter 2015-2016\" class=\"noLazy flagpm_photo swiper-lazy flagpm_photo_portrait\"><span class=\"swiper-lazy-preloader swiper-lazy-preloader-black\"><\/span><\/div><div class=\"swiper-slide flagpm_photo\" data-photo-id=\"19235\"><img data-src=\"https:\/\/bobvarela.com\/wp-content\/flagallery\/custo-barcelona-primera-mirada-a-la-coleccion-otono-invierno-15-16\/thumbs\/thumbs_custo-barcelona-070.jpg\" alt=\"Ready to Wear Fall\/Winter 2015-2016\" class=\"noLazy flagpm_photo swiper-lazy flagpm_photo_portrait\"><span class=\"swiper-lazy-preloader swiper-lazy-preloader-black\"><\/span><\/div><div class=\"swiper-slide flagpm_photo\" data-photo-id=\"19236\"><img data-src=\"https:\/\/bobvarela.com\/wp-content\/flagallery\/custo-barcelona-primera-mirada-a-la-coleccion-otono-invierno-15-16\/thumbs\/thumbs_custo-barcelona-071.jpg\" alt=\"Ready to Wear Fall\/Winter 2015-2016\" class=\"noLazy flagpm_photo swiper-lazy flagpm_photo_portrait\"><span class=\"swiper-lazy-preloader swiper-lazy-preloader-black\"><\/span><\/div><div class=\"swiper-slide flagpm_photo\" data-photo-id=\"19237\"><img data-src=\"https:\/\/bobvarela.com\/wp-content\/flagallery\/custo-barcelona-primera-mirada-a-la-coleccion-otono-invierno-15-16\/thumbs\/thumbs_custo-barcelona-073.jpg\" alt=\"Ready to Wear Fall\/Winter 2015-2016\" class=\"noLazy flagpm_photo swiper-lazy flagpm_photo_portrait\"><span class=\"swiper-lazy-preloader swiper-lazy-preloader-black\"><\/span><\/div><div class=\"swiper-slide flagpm_photo\" data-photo-id=\"19238\"><img data-src=\"https:\/\/bobvarela.com\/wp-content\/flagallery\/custo-barcelona-primera-mirada-a-la-coleccion-otono-invierno-15-16\/thumbs\/thumbs_custo-barcelona-074.jpg\" alt=\"Ready to Wear Fall\/Winter 2015-2016\" class=\"noLazy flagpm_photo swiper-lazy flagpm_photo_portrait\"><span class=\"swiper-lazy-preloader swiper-lazy-preloader-black\"><\/span><\/div><div class=\"swiper-slide flagpm_photo\" data-photo-id=\"19239\"><img data-src=\"https:\/\/bobvarela.com\/wp-content\/flagallery\/custo-barcelona-primera-mirada-a-la-coleccion-otono-invierno-15-16\/thumbs\/thumbs_custo-barcelona-076.jpg\" alt=\"Ready to Wear Fall\/Winter 2015-2016\" class=\"noLazy flagpm_photo swiper-lazy flagpm_photo_portrait\"><span class=\"swiper-lazy-preloader swiper-lazy-preloader-black\"><\/span><\/div><div class=\"swiper-slide flagpm_photo\" data-photo-id=\"19240\"><img data-src=\"https:\/\/bobvarela.com\/wp-content\/flagallery\/custo-barcelona-primera-mirada-a-la-coleccion-otono-invierno-15-16\/thumbs\/thumbs_custo-barcelona-078.jpg\" alt=\"Ready to Wear Fall\/Winter 2015-2016\" class=\"noLazy flagpm_photo swiper-lazy flagpm_photo_portrait\"><span class=\"swiper-lazy-preloader swiper-lazy-preloader-black\"><\/span><\/div><div class=\"swiper-slide flagpm_photo\" data-photo-id=\"19241\"><img data-src=\"https:\/\/bobvarela.com\/wp-content\/flagallery\/custo-barcelona-primera-mirada-a-la-coleccion-otono-invierno-15-16\/thumbs\/thumbs_custo-barcelona-079.jpg\" alt=\"Ready to Wear Fall\/Winter 2015-2016\" class=\"noLazy flagpm_photo swiper-lazy flagpm_photo_portrait\"><span class=\"swiper-lazy-preloader swiper-lazy-preloader-black\"><\/span><\/div><div class=\"swiper-slide flagpm_photo\" data-photo-id=\"19242\"><img data-src=\"https:\/\/bobvarela.com\/wp-content\/flagallery\/custo-barcelona-primera-mirada-a-la-coleccion-otono-invierno-15-16\/thumbs\/thumbs_custo-barcelona-080.jpg\" alt=\"Ready to Wear Fall\/Winter 2015-2016\" class=\"noLazy flagpm_photo swiper-lazy flagpm_photo_portrait\"><span class=\"swiper-lazy-preloader swiper-lazy-preloader-black\"><\/span><\/div><div class=\"swiper-slide flagpm_photo\" data-photo-id=\"19243\"><img data-src=\"https:\/\/bobvarela.com\/wp-content\/flagallery\/custo-barcelona-primera-mirada-a-la-coleccion-otono-invierno-15-16\/thumbs\/thumbs_custo-barcelona-082.jpg\" alt=\"Ready to Wear Fall\/Winter 2015-2016\" class=\"noLazy flagpm_photo swiper-lazy flagpm_photo_portrait\"><span class=\"swiper-lazy-preloader swiper-lazy-preloader-black\"><\/span><\/div><div class=\"swiper-slide flagpm_photo\" data-photo-id=\"19244\"><img data-src=\"https:\/\/bobvarela.com\/wp-content\/flagallery\/custo-barcelona-primera-mirada-a-la-coleccion-otono-invierno-15-16\/thumbs\/thumbs_custo-barcelona-083.jpg\" alt=\"Ready to Wear Fall\/Winter 2015-2016\" class=\"noLazy flagpm_photo swiper-lazy flagpm_photo_portrait\"><span class=\"swiper-lazy-preloader swiper-lazy-preloader-black\"><\/span><\/div><div class=\"swiper-slide flagpm_photo\" data-photo-id=\"19245\"><img data-src=\"https:\/\/bobvarela.com\/wp-content\/flagallery\/custo-barcelona-primera-mirada-a-la-coleccion-otono-invierno-15-16\/thumbs\/thumbs_custo-barcelona-084.jpg\" alt=\"Ready to Wear Fall\/Winter 2015-2016\" class=\"noLazy flagpm_photo swiper-lazy flagpm_photo_portrait\"><span class=\"swiper-lazy-preloader swiper-lazy-preloader-black\"><\/span><\/div><div class=\"swiper-slide flagpm_photo\" data-photo-id=\"19246\"><img data-src=\"https:\/\/bobvarela.com\/wp-content\/flagallery\/custo-barcelona-primera-mirada-a-la-coleccion-otono-invierno-15-16\/thumbs\/thumbs_custo-barcelona-086.jpg\" alt=\"Ready to Wear Fall\/Winter 2015-2016\" class=\"noLazy flagpm_photo swiper-lazy flagpm_photo_portrait\"><span class=\"swiper-lazy-preloader swiper-lazy-preloader-black\"><\/span><\/div><div class=\"swiper-slide flagpm_photo\" data-photo-id=\"19247\"><img data-src=\"https:\/\/bobvarela.com\/wp-content\/flagallery\/custo-barcelona-primera-mirada-a-la-coleccion-otono-invierno-15-16\/thumbs\/thumbs_custo-barcelona-089.jpg\" alt=\"Ready to Wear Fall\/Winter 2015-2016\" class=\"noLazy flagpm_photo swiper-lazy flagpm_photo_portrait\"><span class=\"swiper-lazy-preloader swiper-lazy-preloader-black\"><\/span><\/div><div class=\"swiper-slide flagpm_photo\" data-photo-id=\"19248\"><img data-src=\"https:\/\/bobvarela.com\/wp-content\/flagallery\/custo-barcelona-primera-mirada-a-la-coleccion-otono-invierno-15-16\/thumbs\/thumbs_custo-barcelona-091.jpg\" alt=\"Ready to Wear Fall\/Winter 2015-2016\" class=\"noLazy flagpm_photo swiper-lazy flagpm_photo_portrait\"><span class=\"swiper-lazy-preloader swiper-lazy-preloader-black\"><\/span><\/div><div class=\"swiper-slide flagpm_photo\" data-photo-id=\"19249\"><img data-src=\"https:\/\/bobvarela.com\/wp-content\/flagallery\/custo-barcelona-primera-mirada-a-la-coleccion-otono-invierno-15-16\/thumbs\/thumbs_custo-barcelona-095.jpg\" alt=\"Ready to Wear Fall\/Winter 2015-2016\" class=\"noLazy flagpm_photo swiper-lazy flagpm_photo_portrait\"><span class=\"swiper-lazy-preloader swiper-lazy-preloader-black\"><\/span><\/div><div class=\"swiper-slide flagpm_photo\" data-photo-id=\"19250\"><img data-src=\"https:\/\/bobvarela.com\/wp-content\/flagallery\/custo-barcelona-primera-mirada-a-la-coleccion-otono-invierno-15-16\/thumbs\/thumbs_custo-barcelona-096.jpg\" alt=\"Ready to Wear Fall\/Winter 2015-2016\" class=\"noLazy flagpm_photo swiper-lazy flagpm_photo_portrait\"><span class=\"swiper-lazy-preloader swiper-lazy-preloader-black\"><\/span><\/div><div class=\"swiper-slide flagpm_photo\" data-photo-id=\"19251\"><img data-src=\"https:\/\/bobvarela.com\/wp-content\/flagallery\/custo-barcelona-primera-mirada-a-la-coleccion-otono-invierno-15-16\/thumbs\/thumbs_custo-barcelona-097.jpg\" alt=\"Ready to Wear Fall\/Winter 2015-2016\" class=\"noLazy flagpm_photo swiper-lazy flagpm_photo_portrait\"><span class=\"swiper-lazy-preloader swiper-lazy-preloader-black\"><\/span><\/div><div class=\"swiper-slide flagpm_photo\" data-photo-id=\"19252\"><img data-src=\"https:\/\/bobvarela.com\/wp-content\/flagallery\/custo-barcelona-primera-mirada-a-la-coleccion-otono-invierno-15-16\/thumbs\/thumbs_custo-barcelona-102.jpg\" alt=\"Ready to Wear Fall\/Winter 2015-2016\" class=\"noLazy flagpm_photo swiper-lazy flagpm_photo_portrait\"><span class=\"swiper-lazy-preloader swiper-lazy-preloader-black\"><\/span><\/div><div class=\"swiper-slide flagpm_photo\" data-photo-id=\"19253\"><img data-src=\"https:\/\/bobvarela.com\/wp-content\/flagallery\/custo-barcelona-primera-mirada-a-la-coleccion-otono-invierno-15-16\/thumbs\/thumbs_custo-barcelona-104.jpg\" alt=\"Ready to Wear Fall\/Winter 2015-2016\" class=\"noLazy flagpm_photo swiper-lazy flagpm_photo_portrait\"><span class=\"swiper-lazy-preloader swiper-lazy-preloader-black\"><\/span><\/div><div class=\"swiper-slide flagpm_photo\" data-photo-id=\"19254\"><img data-src=\"https:\/\/bobvarela.com\/wp-content\/flagallery\/custo-barcelona-primera-mirada-a-la-coleccion-otono-invierno-15-16\/thumbs\/thumbs_custo-barcelona-105.jpg\" alt=\"Ready to Wear Fall\/Winter 2015-2016\" class=\"noLazy flagpm_photo swiper-lazy flagpm_photo_portrait\"><span class=\"swiper-lazy-preloader swiper-lazy-preloader-black\"><\/span><\/div><div class=\"swiper-slide flagpm_photo\" data-photo-id=\"19255\"><img data-src=\"https:\/\/bobvarela.com\/wp-content\/flagallery\/custo-barcelona-primera-mirada-a-la-coleccion-otono-invierno-15-16\/thumbs\/thumbs_custo-barcelona-106.jpg\" alt=\"Ready to Wear Fall\/Winter 2015-2016\" class=\"noLazy flagpm_photo swiper-lazy flagpm_photo_portrait\"><span class=\"swiper-lazy-preloader swiper-lazy-preloader-black\"><\/span><\/div> <\/div> <\/div> <\/div> <div class=\"flagpm_next_button\"><\/div> <\/div> <div class=\"flagpm_big_button_wrap\"> <div class=\"flagpm_share_wrapper\"> <a class=\"flagpm_button flagpm_share\">Share<\/a> <div class=\"flagpm_sharelizers_wrap\"> <ul class=\"flagpm_sharelizers\"> <li style=\"list-style:none;\"><a class=\"flagpm_button flagpm_facebook flagpm_sharelizer\">Facebook<\/a><\/li> <li style=\"list-style:none;\"><a class=\"flagpm_button flagpm_twitter flagpm_sharelizer\">Twitter<\/a><\/li> <li style=\"list-style:none;\"><a class=\"flagpm_button flagpm_pinterest flagpm_sharelizer\">Pinterest<\/a><\/li> <li style=\"list-style:none;\"><a class=\"flagpm_button flagpm_stumbleupon flagpm_sharelizer\">StumbleUpon<\/a><\/li> <\/ul> <\/div> <\/div> <a class=\"flagpm_button flagpm_like\">Like<\/a> <\/div> <div class=\"flagpm_big_button_wrap\"> <a class=\"flagpm_big_button flagpm_download_button\" href=\"https:\/\/bobvarela.com\/wp-content\/flagallery\/custo-barcelona-primera-mirada-a-la-coleccion-otono-invierno-15-16\/custo-barcelona-001.jpg\" download=\"custo-barcelona-001.jpg\"> <span class=\"flagpm_icon\"><\/span> <span class=\"flagpm_label\">Download<\/span> <\/a> <\/div> <div class=\"flagpm_big_button_wrap\"> <a class=\"flagpm_big_button flagpm_link_button flagpm_inactive\" > <span class=\"flagpm_icon\"><\/span> <span class=\"flagpm_label\">Open Link<\/span> <\/a> <\/div> <\/div> <\/div> <\/div> <div class=\"flagpm_focus_close_full\"> <span><a class=\"flagpm_button flagpm_close\">Close<\/a><\/span> <span><a class=\"flagpm_button flagpm_full\">Full<\/a><\/span> <\/div> <div class=\"flagpm_photo_details\"> <div class=\"flagpm_description_wrap\"> <div class=\"details_title\">Description<\/div> <div class=\"flagpm_description_text_wrap\"> <div class=\"flagpm_slide_description\"><p>Ready to Wear Fall\/Winter 2015-2016<\/p><\/div> <\/div> <\/div> <\/div> <div class=\"flagpm_focus_footer\"> <div class=\"flagpm_focus_keyboard\"> <div class=\"flagpm_focus_keyboard_title\">Keyboard Shortcuts <a class=\"flagpm_focus_keyboard_dismiss\">Dismiss<\/a><\/div> <ul> <li style=\"list-style:none;\"><a data-key=\"p\" class=\"flagpm_key\">S<\/a><span class=\"flagpm_label\">Slideshow<\/span><\/li> <li style=\"list-style:none;\"><a data-key=\"m\" class=\"flagpm_key\">M<\/a><span class=\"flagpm_label\">Maximize<\/span><\/li> <li style=\"list-style:none;\"><a data-key=\"left\" class=\"flagpm_key\">&nbsp;<\/a><span class=\"flagpm_label\">Previous<\/span><\/li> <li style=\"list-style:none;\"><a data-key=\"right\" class=\"flagpm_key\">&nbsp;<\/a><span class=\"flagpm_label\">Next<\/span><\/li> <li style=\"list-style:none;\"><a data-key=\"escape\" class=\"flagpm_key flagpm_esc\">esc<\/a><span class=\"flagpm_label\">Close<\/span><\/li> <\/ul> <\/div> <\/div> <\/div> <script type=\"text\/javascript\"> jQuery(function($) { var settings = {\"base_gallery_width\":\"800\",\"base_gallery_height\":\"500\",\"gallery_min_height\":\"230\",\"scale_mode\":\"fit\",\"initial_slide\":0,\"slideshow_autoplay\":\"0\",\"slideshow_delay\":\"7000\",\"gallery_focus\":\"0\",\"gallery_maximized\":\"0\",\"gallery_focus_maximized\":\"0\",\"keyboard_help\":\"1\",\"show_download_button\":\"1\",\"show_link_button\":\"1\",\"show_description\":\"1\",\"show_share_button\":\"1\",\"show_like_button\":\"1\",\"link_color\":\"#0099e5\",\"link_color_hover\":\"#02adea\",\"download_button_text\":\"Download\",\"link_button_text\":\"Open Link\",\"description_title\":\"Description\",\"key\":\"\",\"name\":\"\",\"gallID\":\"sc1_265\"}; var content = {\"data\":[{\"id\":\"19196\",\"image\":\"https:\\\/\\\/bobvarela.com\\\/wp-content\\\/flagallery\\\/custo-barcelona-primera-mirada-a-la-coleccion-otono-invierno-15-16\\\/webview\\\/custo-barcelona-001.jpg\",\"thumb\":\"https:\\\/\\\/bobvarela.com\\\/wp-content\\\/flagallery\\\/custo-barcelona-primera-mirada-a-la-coleccion-otono-invierno-15-16\\\/thumbs\\\/thumbs_custo-barcelona-001.jpg\",\"file\":\"custo-barcelona-001.jpg\",\"meta\":{\"aperture\":false,\"credit\":false,\"camera\":false,\"caption\":\"Ready to Wear Fall\\\/Winter 2015-2016\",\"created_timestamp\":\"February 4, 2015 10:10 pm\",\"copyright\":\"\\u00c2\\u00a9 2015 Estrop-Barcelona PHOTOGRAPH FOR EDITORIAL USE ONLY\",\"focal_length\":false,\"iso\":false,\"shutter_speed\":false,\"flash\":false,\"title\":\"Ready to Wear Fall\\\/Winter 2015-2016\",\"keywords\":\"2015-2016,Fall\\\/Winter,RTW\",\"width\":1337,\"height\":2000,\"saved\":true,\"thumbnail\":{\"width\":220,\"height\":220,\"ewww_image_optimizer\":\"Reduced by 12.6% (4.1&nbsp;kB)\"},\"webview\":{\"0\":802,\"1\":1200,\"2\":2,\"3\":\"width=\\\"802\\\" height=\\\"1200\\\"\",\"bits\":8,\"channels\":3,\"mime\":\"image\\\/jpeg\",\"ewww_image_optimizer\":\"Reduced by 5.1% (6.9&nbsp;kB) - Previously Optimized\"},\"0\":false,\"ewww_image_optimizer\":\"Reduced by 17.2% (33.7&nbsp;kB)\",\"views\":\"83\",\"likes\":\"0\"},\"title\":\"Ready to Wear Fall\\\/Winter 2015-2016\",\"description\":\"<p>Ready to Wear Fall\\\/Winter 2015-2016<\\\/p>\",\"link\":null,\"link_target\":\"\",\"download\":\"https:\\\/\\\/bobvarela.com\\\/wp-content\\\/flagallery\\\/custo-barcelona-primera-mirada-a-la-coleccion-otono-invierno-15-16\\\/custo-barcelona-001.jpg\",\"ratio\":0.66833333333333333481363069950020872056484222412109375},{\"id\":\"19197\",\"image\":\"https:\\\/\\\/bobvarela.com\\\/wp-content\\\/flagallery\\\/custo-barcelona-primera-mirada-a-la-coleccion-otono-invierno-15-16\\\/webview\\\/custo-barcelona-006.jpg\",\"thumb\":\"https:\\\/\\\/bobvarela.com\\\/wp-content\\\/flagallery\\\/custo-barcelona-primera-mirada-a-la-coleccion-otono-invierno-15-16\\\/thumbs\\\/thumbs_custo-barcelona-006.jpg\",\"file\":\"custo-barcelona-006.jpg\",\"meta\":{\"aperture\":false,\"credit\":false,\"camera\":false,\"caption\":\"Ready to Wear Fall\\\/Winter 2015-2016\",\"created_timestamp\":\"February 4, 2015 10:10 pm\",\"copyright\":\"\\u00c2\\u00a9 2015 Estrop-Barcelona PHOTOGRAPH FOR EDITORIAL USE ONLY\",\"focal_length\":false,\"iso\":false,\"shutter_speed\":false,\"flash\":false,\"title\":\"Ready to Wear Fall\\\/Winter 2015-2016\",\"keywords\":\"2015-2016,Fall\\\/Winter,RTW\",\"width\":1337,\"height\":2000,\"saved\":true,\"thumbnail\":{\"width\":220,\"height\":220,\"ewww_image_optimizer\":\"Reduced by 9.0% (2.7&nbsp;kB)\"},\"webview\":{\"0\":802,\"1\":1200,\"2\":2,\"3\":\"width=\\\"802\\\" height=\\\"1200\\\"\",\"bits\":8,\"channels\":3,\"mime\":\"image\\\/jpeg\",\"ewww_image_optimizer\":\"Reduced by 3.8% (4.5&nbsp;kB) - Previously Optimized\"},\"0\":false,\"ewww_image_optimizer\":\"Reduced by 13.0% (21.5&nbsp;kB)\",\"views\":\"0\",\"likes\":\"0\"},\"title\":\"Ready to Wear Fall\\\/Winter 2015-2016\",\"description\":\"<p>Ready to Wear Fall\\\/Winter 2015-2016<\\\/p>\",\"link\":null,\"link_target\":\"\",\"download\":\"https:\\\/\\\/bobvarela.com\\\/wp-content\\\/flagallery\\\/custo-barcelona-primera-mirada-a-la-coleccion-otono-invierno-15-16\\\/custo-barcelona-006.jpg\",\"ratio\":0.66833333333333333481363069950020872056484222412109375},{\"id\":\"19198\",\"image\":\"https:\\\/\\\/bobvarela.com\\\/wp-content\\\/flagallery\\\/custo-barcelona-primera-mirada-a-la-coleccion-otono-invierno-15-16\\\/webview\\\/custo-barcelona-007.jpg\",\"thumb\":\"https:\\\/\\\/bobvarela.com\\\/wp-content\\\/flagallery\\\/custo-barcelona-primera-mirada-a-la-coleccion-otono-invierno-15-16\\\/thumbs\\\/thumbs_custo-barcelona-007.jpg\",\"file\":\"custo-barcelona-007.jpg\",\"meta\":{\"aperture\":false,\"credit\":false,\"camera\":false,\"caption\":\"Ready to Wear Fall\\\/Winter 2015-2016\",\"created_timestamp\":\"February 4, 2015 10:10 pm\",\"copyright\":\"\\u00c2\\u00a9 2015 Estrop-Barcelona PHOTOGRAPH FOR EDITORIAL USE ONLY\",\"focal_length\":false,\"iso\":false,\"shutter_speed\":false,\"flash\":false,\"title\":\"Ready to Wear Fall\\\/Winter 2015-2016\",\"keywords\":\"2015-2016,Fall\\\/Winter,RTW\",\"width\":1337,\"height\":2000,\"saved\":true,\"thumbnail\":{\"width\":220,\"height\":220,\"ewww_image_optimizer\":\"Reduced by 9.3% (3.0&nbsp;kB)\"},\"webview\":{\"0\":802,\"1\":1200,\"2\":2,\"3\":\"width=\\\"802\\\" height=\\\"1200\\\"\",\"bits\":8,\"channels\":3,\"mime\":\"image\\\/jpeg\",\"ewww_image_optimizer\":\"Reduced by 4.4% (5.7&nbsp;kB) - Previously Optimized\"},\"0\":false,\"ewww_image_optimizer\":\"Reduced by 9.9% (17.2&nbsp;kB)\",\"views\":\"1\",\"likes\":\"0\"},\"title\":\"Ready to Wear Fall\\\/Winter 2015-2016\",\"description\":\"<p>Ready to Wear Fall\\\/Winter 2015-2016<\\\/p>\",\"link\":null,\"link_target\":\"\",\"download\":\"https:\\\/\\\/bobvarela.com\\\/wp-content\\\/flagallery\\\/custo-barcelona-primera-mirada-a-la-coleccion-otono-invierno-15-16\\\/custo-barcelona-007.jpg\",\"ratio\":0.66833333333333333481363069950020872056484222412109375},{\"id\":\"19199\",\"image\":\"https:\\\/\\\/bobvarela.com\\\/wp-content\\\/flagallery\\\/custo-barcelona-primera-mirada-a-la-coleccion-otono-invierno-15-16\\\/webview\\\/custo-barcelona-010.jpg\",\"thumb\":\"https:\\\/\\\/bobvarela.com\\\/wp-content\\\/flagallery\\\/custo-barcelona-primera-mirada-a-la-coleccion-otono-invierno-15-16\\\/thumbs\\\/thumbs_custo-barcelona-010.jpg\",\"file\":\"custo-barcelona-010.jpg\",\"meta\":{\"aperture\":false,\"credit\":false,\"camera\":false,\"caption\":\"Ready to Wear Fall\\\/Winter 2015-2016\",\"created_timestamp\":\"February 4, 2015 10:11 pm\",\"copyright\":\"\\u00c2\\u00a9 2015 Estrop-Barcelona PHOTOGRAPH FOR EDITORIAL USE ONLY\",\"focal_length\":false,\"iso\":false,\"shutter_speed\":false,\"flash\":false,\"title\":\"Ready to Wear Fall\\\/Winter 2015-2016\",\"keywords\":\"2015-2016,Fall\\\/Winter,RTW\",\"width\":1337,\"height\":2000,\"saved\":true,\"thumbnail\":{\"width\":220,\"height\":220,\"ewww_image_optimizer\":\"Reduced by 12.4% (4.6&nbsp;kB)\"},\"webview\":{\"0\":802,\"1\":1200,\"2\":2,\"3\":\"width=\\\"802\\\" height=\\\"1200\\\"\",\"bits\":8,\"channels\":3,\"mime\":\"image\\\/jpeg\",\"ewww_image_optimizer\":\"Reduced by 4.2% (6.7&nbsp;kB) - Previously Optimized\"},\"0\":false,\"ewww_image_optimizer\":\"Reduced by 19.6% (38.2&nbsp;kB)\",\"views\":\"0\",\"likes\":\"0\"},\"title\":\"Ready to Wear Fall\\\/Winter 2015-2016\",\"description\":\"<p>Ready to Wear Fall\\\/Winter 2015-2016<\\\/p>\",\"link\":null,\"link_target\":\"\",\"download\":\"https:\\\/\\\/bobvarela.com\\\/wp-content\\\/flagallery\\\/custo-barcelona-primera-mirada-a-la-coleccion-otono-invierno-15-16\\\/custo-barcelona-010.jpg\",\"ratio\":0.66833333333333333481363069950020872056484222412109375},{\"id\":\"19200\",\"image\":\"https:\\\/\\\/bobvarela.com\\\/wp-content\\\/flagallery\\\/custo-barcelona-primera-mirada-a-la-coleccion-otono-invierno-15-16\\\/webview\\\/custo-barcelona-015.jpg\",\"thumb\":\"https:\\\/\\\/bobvarela.com\\\/wp-content\\\/flagallery\\\/custo-barcelona-primera-mirada-a-la-coleccion-otono-invierno-15-16\\\/thumbs\\\/thumbs_custo-barcelona-015.jpg\",\"file\":\"custo-barcelona-015.jpg\",\"meta\":{\"aperture\":false,\"credit\":false,\"camera\":false,\"caption\":\"Ready to Wear Fall\\\/Winter 2015-2016\",\"created_timestamp\":\"February 4, 2015 10:11 pm\",\"copyright\":\"\\u00c2\\u00a9 2015 Estrop-Barcelona PHOTOGRAPH FOR EDITORIAL USE ONLY\",\"focal_length\":false,\"iso\":false,\"shutter_speed\":false,\"flash\":false,\"title\":\"Ready to Wear Fall\\\/Winter 2015-2016\",\"keywords\":\"2015-2016,Fall\\\/Winter,RTW\",\"width\":1337,\"height\":2000,\"saved\":true,\"thumbnail\":{\"width\":220,\"height\":220,\"ewww_image_optimizer\":\"Reduced by 16.1% (7.8&nbsp;kB)\"},\"webview\":{\"0\":1337,\"1\":2000,\"2\":2,\"3\":\"width=\\\"1337\\\" height=\\\"2000\\\"\",\"bits\":8,\"channels\":3,\"mime\":\"image\\\/jpeg\",\"ewww_image_optimizer\":\"Reduced by 10.5% (18.2&nbsp;kB)\"},\"0\":false,\"ewww_image_optimizer\":\"Reduced by 10.5% (18.2&nbsp;kB)\",\"views\":\"0\",\"likes\":\"0\"},\"title\":\"Ready to Wear Fall\\\/Winter 2015-2016\",\"description\":\"<p>Ready to Wear Fall\\\/Winter 2015-2016<\\\/p>\",\"link\":null,\"link_target\":\"\",\"download\":\"https:\\\/\\\/bobvarela.com\\\/wp-content\\\/flagallery\\\/custo-barcelona-primera-mirada-a-la-coleccion-otono-invierno-15-16\\\/custo-barcelona-015.jpg\",\"ratio\":0.66849999999999998312461002569762058556079864501953125},{\"id\":\"19201\",\"image\":\"https:\\\/\\\/bobvarela.com\\\/wp-content\\\/flagallery\\\/custo-barcelona-primera-mirada-a-la-coleccion-otono-invierno-15-16\\\/webview\\\/custo-barcelona-016.jpg\",\"thumb\":\"https:\\\/\\\/bobvarela.com\\\/wp-content\\\/flagallery\\\/custo-barcelona-primera-mirada-a-la-coleccion-otono-invierno-15-16\\\/thumbs\\\/thumbs_custo-barcelona-016.jpg\",\"file\":\"custo-barcelona-016.jpg\",\"meta\":{\"aperture\":false,\"credit\":false,\"camera\":false,\"caption\":\"Ready to Wear Fall\\\/Winter 2015-2016\",\"created_timestamp\":\"February 4, 2015 10:11 pm\",\"copyright\":\"\\u00c2\\u00a9 2015 Estrop-Barcelona PHOTOGRAPH FOR EDITORIAL USE ONLY\",\"focal_length\":false,\"iso\":false,\"shutter_speed\":false,\"flash\":false,\"title\":\"Ready to Wear Fall\\\/Winter 2015-2016\",\"keywords\":\"2015-2016,Fall\\\/Winter,RTW\",\"width\":1337,\"height\":2000,\"saved\":true,\"thumbnail\":{\"width\":220,\"height\":220,\"ewww_image_optimizer\":\"Reduced by 10.9% (3.6&nbsp;kB)\"},\"webview\":{\"0\":802,\"1\":1200,\"2\":2,\"3\":\"width=\\\"802\\\" height=\\\"1200\\\"\",\"bits\":8,\"channels\":3,\"mime\":\"image\\\/jpeg\",\"ewww_image_optimizer\":\"Reduced by 3.5% (4.9&nbsp;kB) - Previously Optimized\"},\"0\":false,\"ewww_image_optimizer\":\"Reduced by 19.9% (37.5&nbsp;kB)\",\"views\":\"0\",\"likes\":\"0\"},\"title\":\"Ready to Wear Fall\\\/Winter 2015-2016\",\"description\":\"<p>Ready to Wear Fall\\\/Winter 2015-2016<\\\/p>\",\"link\":null,\"link_target\":\"\",\"download\":\"https:\\\/\\\/bobvarela.com\\\/wp-content\\\/flagallery\\\/custo-barcelona-primera-mirada-a-la-coleccion-otono-invierno-15-16\\\/custo-barcelona-016.jpg\",\"ratio\":0.66833333333333333481363069950020872056484222412109375},{\"id\":\"19202\",\"image\":\"https:\\\/\\\/bobvarela.com\\\/wp-content\\\/flagallery\\\/custo-barcelona-primera-mirada-a-la-coleccion-otono-invierno-15-16\\\/webview\\\/custo-barcelona-022.jpg\",\"thumb\":\"https:\\\/\\\/bobvarela.com\\\/wp-content\\\/flagallery\\\/custo-barcelona-primera-mirada-a-la-coleccion-otono-invierno-15-16\\\/thumbs\\\/thumbs_custo-barcelona-022.jpg\",\"file\":\"custo-barcelona-022.jpg\",\"meta\":{\"aperture\":false,\"credit\":false,\"camera\":false,\"caption\":\"Ready to Wear Fall\\\/Winter 2015-2016\",\"created_timestamp\":\"February 4, 2015 10:12 pm\",\"copyright\":\"\\u00c2\\u00a9 2015 Estrop-Barcelona PHOTOGRAPH FOR EDITORIAL USE ONLY\",\"focal_length\":false,\"iso\":false,\"shutter_speed\":false,\"flash\":false,\"title\":\"Ready to Wear Fall\\\/Winter 2015-2016\",\"keywords\":\"2015-2016,Fall\\\/Winter,RTW\",\"width\":1337,\"height\":2000,\"saved\":true,\"thumbnail\":{\"width\":220,\"height\":220,\"ewww_image_optimizer\":\"Reduced by 13.1% (6.0&nbsp;kB)\"},\"webview\":{\"0\":1337,\"1\":2000,\"2\":2,\"3\":\"width=\\\"1337\\\" height=\\\"2000\\\"\",\"bits\":8,\"channels\":3,\"mime\":\"image\\\/jpeg\",\"ewww_image_optimizer\":\"Reduced by 10.0% (17.1&nbsp;kB)\"},\"0\":false,\"ewww_image_optimizer\":\"Reduced by 10.0% (17.1&nbsp;kB)\",\"views\":\"0\",\"likes\":\"0\"},\"title\":\"Ready to Wear Fall\\\/Winter 2015-2016\",\"description\":\"<p>Ready to Wear Fall\\\/Winter 2015-2016<\\\/p>\",\"link\":null,\"link_target\":\"\",\"download\":\"https:\\\/\\\/bobvarela.com\\\/wp-content\\\/flagallery\\\/custo-barcelona-primera-mirada-a-la-coleccion-otono-invierno-15-16\\\/custo-barcelona-022.jpg\",\"ratio\":0.66849999999999998312461002569762058556079864501953125},{\"id\":\"19203\",\"image\":\"https:\\\/\\\/bobvarela.com\\\/wp-content\\\/flagallery\\\/custo-barcelona-primera-mirada-a-la-coleccion-otono-invierno-15-16\\\/webview\\\/custo-barcelona-023.jpg\",\"thumb\":\"https:\\\/\\\/bobvarela.com\\\/wp-content\\\/flagallery\\\/custo-barcelona-primera-mirada-a-la-coleccion-otono-invierno-15-16\\\/thumbs\\\/thumbs_custo-barcelona-023.jpg\",\"file\":\"custo-barcelona-023.jpg\",\"meta\":{\"aperture\":false,\"credit\":false,\"camera\":false,\"caption\":\"Ready to Wear Fall\\\/Winter 2015-2016\",\"created_timestamp\":\"February 4, 2015 10:12 pm\",\"copyright\":\"\\u00c2\\u00a9 2015 Estrop-Barcelona PHOTOGRAPH FOR EDITORIAL USE ONLY\",\"focal_length\":false,\"iso\":false,\"shutter_speed\":false,\"flash\":false,\"title\":\"Ready to Wear Fall\\\/Winter 2015-2016\",\"keywords\":\"2015-2016,Fall\\\/Winter,RTW\",\"width\":1337,\"height\":2000,\"saved\":true,\"thumbnail\":{\"width\":220,\"height\":220,\"ewww_image_optimizer\":\"Reduced by 12.8% (4.4&nbsp;kB)\"},\"webview\":{\"0\":802,\"1\":1200,\"2\":2,\"3\":\"width=\\\"802\\\" height=\\\"1200\\\"\",\"bits\":8,\"channels\":3,\"mime\":\"image\\\/jpeg\",\"ewww_image_optimizer\":\"Reduced by 5.4% (7.2&nbsp;kB) - Previously Optimized\"},\"0\":false,\"ewww_image_optimizer\":\"Reduced by 14.7% (24.9&nbsp;kB)\",\"views\":\"1\",\"likes\":\"0\"},\"title\":\"Ready to Wear Fall\\\/Winter 2015-2016\",\"description\":\"<p>Ready to Wear Fall\\\/Winter 2015-2016<\\\/p>\",\"link\":null,\"link_target\":\"\",\"download\":\"https:\\\/\\\/bobvarela.com\\\/wp-content\\\/flagallery\\\/custo-barcelona-primera-mirada-a-la-coleccion-otono-invierno-15-16\\\/custo-barcelona-023.jpg\",\"ratio\":0.66833333333333333481363069950020872056484222412109375},{\"id\":\"19204\",\"image\":\"https:\\\/\\\/bobvarela.com\\\/wp-content\\\/flagallery\\\/custo-barcelona-primera-mirada-a-la-coleccion-otono-invierno-15-16\\\/webview\\\/custo-barcelona-024.jpg\",\"thumb\":\"https:\\\/\\\/bobvarela.com\\\/wp-content\\\/flagallery\\\/custo-barcelona-primera-mirada-a-la-coleccion-otono-invierno-15-16\\\/thumbs\\\/thumbs_custo-barcelona-024.jpg\",\"file\":\"custo-barcelona-024.jpg\",\"meta\":{\"aperture\":false,\"credit\":false,\"camera\":false,\"caption\":\"Ready to Wear Fall\\\/Winter 2015-2016\",\"created_timestamp\":\"February 4, 2015 10:12 pm\",\"copyright\":\"\\u00c2\\u00a9 2015 Estrop-Barcelona PHOTOGRAPH FOR EDITORIAL USE ONLY\",\"focal_length\":false,\"iso\":false,\"shutter_speed\":false,\"flash\":false,\"title\":\"Ready to Wear Fall\\\/Winter 2015-2016\",\"keywords\":\"2015-2016,Fall\\\/Winter,RTW\",\"width\":1337,\"height\":2000,\"saved\":true,\"thumbnail\":{\"width\":220,\"height\":220,\"ewww_image_optimizer\":\"Reduced by 15.5% (6.8&nbsp;kB)\"},\"webview\":{\"0\":1337,\"1\":2000,\"2\":2,\"3\":\"width=\\\"1337\\\" height=\\\"2000\\\"\",\"bits\":8,\"channels\":3,\"mime\":\"image\\\/jpeg\",\"ewww_image_optimizer\":\"Reduced by 10.9% (17.9&nbsp;kB)\"},\"0\":false,\"ewww_image_optimizer\":\"Reduced by 10.9% (17.9&nbsp;kB)\",\"views\":\"1\",\"likes\":\"0\"},\"title\":\"Ready to Wear Fall\\\/Winter 2015-2016\",\"description\":\"<p>Ready to Wear Fall\\\/Winter 2015-2016<\\\/p>\",\"link\":null,\"link_target\":\"\",\"download\":\"https:\\\/\\\/bobvarela.com\\\/wp-content\\\/flagallery\\\/custo-barcelona-primera-mirada-a-la-coleccion-otono-invierno-15-16\\\/custo-barcelona-024.jpg\",\"ratio\":0.66849999999999998312461002569762058556079864501953125},{\"id\":\"19205\",\"image\":\"https:\\\/\\\/bobvarela.com\\\/wp-content\\\/flagallery\\\/custo-barcelona-primera-mirada-a-la-coleccion-otono-invierno-15-16\\\/webview\\\/custo-barcelona-025.jpg\",\"thumb\":\"https:\\\/\\\/bobvarela.com\\\/wp-content\\\/flagallery\\\/custo-barcelona-primera-mirada-a-la-coleccion-otono-invierno-15-16\\\/thumbs\\\/thumbs_custo-barcelona-025.jpg\",\"file\":\"custo-barcelona-025.jpg\",\"meta\":{\"aperture\":false,\"credit\":false,\"camera\":false,\"caption\":\"Ready to Wear Fall\\\/Winter 2015-2016\",\"created_timestamp\":\"February 4, 2015 10:12 pm\",\"copyright\":\"\\u00c2\\u00a9 2015 Estrop-Barcelona PHOTOGRAPH FOR EDITORIAL USE ONLY\",\"focal_length\":false,\"iso\":false,\"shutter_speed\":false,\"flash\":false,\"title\":\"Ready to Wear Fall\\\/Winter 2015-2016\",\"keywords\":\"2015-2016,Fall\\\/Winter,RTW\",\"width\":1337,\"height\":2000,\"saved\":true,\"thumbnail\":{\"width\":220,\"height\":220,\"ewww_image_optimizer\":\"Reduced by 9.6% (3.1&nbsp;kB)\"},\"webview\":{\"0\":802,\"1\":1200,\"2\":2,\"3\":\"width=\\\"802\\\" height=\\\"1200\\\"\",\"bits\":8,\"channels\":3,\"mime\":\"image\\\/jpeg\",\"ewww_image_optimizer\":\"Reduced by 5.3% (7.3&nbsp;kB) - Previously Optimized\"},\"0\":false,\"ewww_image_optimizer\":\"Reduced by 15.4% (28.1&nbsp;kB)\",\"views\":\"0\",\"likes\":\"0\"},\"title\":\"Ready to Wear Fall\\\/Winter 2015-2016\",\"description\":\"<p>Ready to Wear Fall\\\/Winter 2015-2016<\\\/p>\",\"link\":null,\"link_target\":\"\",\"download\":\"https:\\\/\\\/bobvarela.com\\\/wp-content\\\/flagallery\\\/custo-barcelona-primera-mirada-a-la-coleccion-otono-invierno-15-16\\\/custo-barcelona-025.jpg\",\"ratio\":0.66833333333333333481363069950020872056484222412109375},{\"id\":\"19206\",\"image\":\"https:\\\/\\\/bobvarela.com\\\/wp-content\\\/flagallery\\\/custo-barcelona-primera-mirada-a-la-coleccion-otono-invierno-15-16\\\/webview\\\/custo-barcelona-028.jpg\",\"thumb\":\"https:\\\/\\\/bobvarela.com\\\/wp-content\\\/flagallery\\\/custo-barcelona-primera-mirada-a-la-coleccion-otono-invierno-15-16\\\/thumbs\\\/thumbs_custo-barcelona-028.jpg\",\"file\":\"custo-barcelona-028.jpg\",\"meta\":{\"aperture\":false,\"credit\":false,\"camera\":false,\"caption\":\"Ready to Wear Fall\\\/Winter 2015-2016\",\"created_timestamp\":\"February 4, 2015 10:12 pm\",\"copyright\":\"\\u00c2\\u00a9 2015 Estrop-Barcelona PHOTOGRAPH FOR EDITORIAL USE ONLY\",\"focal_length\":false,\"iso\":false,\"shutter_speed\":false,\"flash\":false,\"title\":\"Ready to Wear Fall\\\/Winter 2015-2016\",\"keywords\":\"2015-2016,Fall\\\/Winter,RTW\",\"width\":1337,\"height\":2000,\"saved\":true,\"thumbnail\":{\"width\":220,\"height\":220,\"ewww_image_optimizer\":\"Reduced by 10.4% (3.6&nbsp;kB)\"},\"webview\":{\"0\":802,\"1\":1200,\"2\":2,\"3\":\"width=\\\"802\\\" height=\\\"1200\\\"\",\"bits\":8,\"channels\":3,\"mime\":\"image\\\/jpeg\",\"ewww_image_optimizer\":\"Reduced by 3.6% (4.8&nbsp;kB) - Previously Optimized\"},\"0\":false,\"ewww_image_optimizer\":\"Reduced by 14.8% (27.0&nbsp;kB)\",\"views\":\"1\",\"likes\":\"0\"},\"title\":\"Ready to Wear Fall\\\/Winter 2015-2016\",\"description\":\"<p>Ready to Wear Fall\\\/Winter 2015-2016<\\\/p>\",\"link\":null,\"link_target\":\"\",\"download\":\"https:\\\/\\\/bobvarela.com\\\/wp-content\\\/flagallery\\\/custo-barcelona-primera-mirada-a-la-coleccion-otono-invierno-15-16\\\/custo-barcelona-028.jpg\",\"ratio\":0.66833333333333333481363069950020872056484222412109375},{\"id\":\"19207\",\"image\":\"https:\\\/\\\/bobvarela.com\\\/wp-content\\\/flagallery\\\/custo-barcelona-primera-mirada-a-la-coleccion-otono-invierno-15-16\\\/webview\\\/custo-barcelona-030.jpg\",\"thumb\":\"https:\\\/\\\/bobvarela.com\\\/wp-content\\\/flagallery\\\/custo-barcelona-primera-mirada-a-la-coleccion-otono-invierno-15-16\\\/thumbs\\\/thumbs_custo-barcelona-030.jpg\",\"file\":\"custo-barcelona-030.jpg\",\"meta\":{\"aperture\":false,\"credit\":false,\"camera\":false,\"caption\":\"Ready to Wear Fall\\\/Winter 2015-2016\",\"created_timestamp\":\"February 4, 2015 10:12 pm\",\"copyright\":\"\\u00c2\\u00a9 2015 Estrop-Barcelona PHOTOGRAPH FOR EDITORIAL USE ONLY\",\"focal_length\":false,\"iso\":false,\"shutter_speed\":false,\"flash\":false,\"title\":\"Ready to Wear Fall\\\/Winter 2015-2016\",\"keywords\":\"2015-2016,Fall\\\/Winter,RTW\",\"width\":1337,\"height\":2000,\"saved\":true,\"thumbnail\":{\"width\":220,\"height\":220,\"ewww_image_optimizer\":\"Reduced by 11.8% (5.6&nbsp;kB)\"},\"webview\":{\"0\":802,\"1\":1200,\"2\":2,\"3\":\"width=\\\"802\\\" height=\\\"1200\\\"\",\"bits\":8,\"channels\":3,\"mime\":\"image\\\/jpeg\",\"ewww_image_optimizer\":\"Reduced by 4.9% (8.6&nbsp;kB) - Previously Optimized\"},\"0\":false,\"ewww_image_optimizer\":\"Reduced by 9.5% (18.4&nbsp;kB)\",\"views\":\"0\",\"likes\":\"0\"},\"title\":\"Ready to Wear Fall\\\/Winter 2015-2016\",\"description\":\"<p>Ready to Wear Fall\\\/Winter 2015-2016<\\\/p>\",\"link\":null,\"link_target\":\"\",\"download\":\"https:\\\/\\\/bobvarela.com\\\/wp-content\\\/flagallery\\\/custo-barcelona-primera-mirada-a-la-coleccion-otono-invierno-15-16\\\/custo-barcelona-030.jpg\",\"ratio\":0.66833333333333333481363069950020872056484222412109375},{\"id\":\"19208\",\"image\":\"https:\\\/\\\/bobvarela.com\\\/wp-content\\\/flagallery\\\/custo-barcelona-primera-mirada-a-la-coleccion-otono-invierno-15-16\\\/webview\\\/custo-barcelona-033.jpg\",\"thumb\":\"https:\\\/\\\/bobvarela.com\\\/wp-content\\\/flagallery\\\/custo-barcelona-primera-mirada-a-la-coleccion-otono-invierno-15-16\\\/thumbs\\\/thumbs_custo-barcelona-033.jpg\",\"file\":\"custo-barcelona-033.jpg\",\"meta\":{\"aperture\":false,\"credit\":false,\"camera\":false,\"caption\":\"Ready to Wear Fall\\\/Winter 2015-2016\",\"created_timestamp\":\"February 4, 2015 10:13 pm\",\"copyright\":\"\\u00c2\\u00a9 2015 Estrop-Barcelona PHOTOGRAPH FOR EDITORIAL USE ONLY\",\"focal_length\":false,\"iso\":false,\"shutter_speed\":false,\"flash\":false,\"title\":\"Ready to Wear Fall\\\/Winter 2015-2016\",\"keywords\":\"2015-2016,Fall\\\/Winter,RTW\",\"width\":1337,\"height\":2000,\"saved\":true,\"thumbnail\":{\"width\":220,\"height\":220,\"ewww_image_optimizer\":\"Reduced by 10.9% (3.8&nbsp;kB)\"},\"webview\":{\"0\":802,\"1\":1200,\"2\":2,\"3\":\"width=\\\"802\\\" height=\\\"1200\\\"\",\"bits\":8,\"channels\":3,\"mime\":\"image\\\/jpeg\",\"ewww_image_optimizer\":\"Reduced by 4.6% (5.9&nbsp;kB) - Previously Optimized\"},\"0\":false,\"ewww_image_optimizer\":\"Reduced by 12.7% (24.1&nbsp;kB)\",\"views\":\"0\",\"likes\":\"0\"},\"title\":\"Ready to Wear Fall\\\/Winter 2015-2016\",\"description\":\"<p>Ready to Wear Fall\\\/Winter 2015-2016<\\\/p>\",\"link\":null,\"link_target\":\"\",\"download\":\"https:\\\/\\\/bobvarela.com\\\/wp-content\\\/flagallery\\\/custo-barcelona-primera-mirada-a-la-coleccion-otono-invierno-15-16\\\/custo-barcelona-033.jpg\",\"ratio\":0.66833333333333333481363069950020872056484222412109375},{\"id\":\"19209\",\"image\":\"https:\\\/\\\/bobvarela.com\\\/wp-content\\\/flagallery\\\/custo-barcelona-primera-mirada-a-la-coleccion-otono-invierno-15-16\\\/webview\\\/custo-barcelona-034.jpg\",\"thumb\":\"https:\\\/\\\/bobvarela.com\\\/wp-content\\\/flagallery\\\/custo-barcelona-primera-mirada-a-la-coleccion-otono-invierno-15-16\\\/thumbs\\\/thumbs_custo-barcelona-034.jpg\",\"file\":\"custo-barcelona-034.jpg\",\"meta\":{\"aperture\":false,\"credit\":false,\"camera\":false,\"caption\":\"Ready to Wear Fall\\\/Winter 2015-2016\",\"created_timestamp\":\"February 4, 2015 10:13 pm\",\"copyright\":\"\\u00c2\\u00a9 2015 Estrop-Barcelona PHOTOGRAPH FOR EDITORIAL USE ONLY\",\"focal_length\":false,\"iso\":false,\"shutter_speed\":false,\"flash\":false,\"title\":\"Ready to Wear Fall\\\/Winter 2015-2016\",\"keywords\":\"2015-2016,Fall\\\/Winter,RTW\",\"width\":1337,\"height\":2000,\"saved\":true,\"thumbnail\":{\"width\":220,\"height\":220,\"ewww_image_optimizer\":\"Reduced by 12.2% (5.0&nbsp;kB)\"},\"webview\":{\"0\":802,\"1\":1200,\"2\":2,\"3\":\"width=\\\"802\\\" height=\\\"1200\\\"\",\"bits\":8,\"channels\":3,\"mime\":\"image\\\/jpeg\",\"ewww_image_optimizer\":\"Reduced by 5.3% (9.5&nbsp;kB) - Previously Optimized\"},\"0\":false,\"ewww_image_optimizer\":\"Reduced by 17.1% (33.8&nbsp;kB)\",\"views\":\"0\",\"likes\":\"0\"},\"title\":\"Ready to Wear Fall\\\/Winter 2015-2016\",\"description\":\"<p>Ready to Wear Fall\\\/Winter 2015-2016<\\\/p>\",\"link\":null,\"link_target\":\"\",\"download\":\"https:\\\/\\\/bobvarela.com\\\/wp-content\\\/flagallery\\\/custo-barcelona-primera-mirada-a-la-coleccion-otono-invierno-15-16\\\/custo-barcelona-034.jpg\",\"ratio\":0.66833333333333333481363069950020872056484222412109375},{\"id\":\"19210\",\"image\":\"https:\\\/\\\/bobvarela.com\\\/wp-content\\\/flagallery\\\/custo-barcelona-primera-mirada-a-la-coleccion-otono-invierno-15-16\\\/webview\\\/custo-barcelona-035.jpg\",\"thumb\":\"https:\\\/\\\/bobvarela.com\\\/wp-content\\\/flagallery\\\/custo-barcelona-primera-mirada-a-la-coleccion-otono-invierno-15-16\\\/thumbs\\\/thumbs_custo-barcelona-035.jpg\",\"file\":\"custo-barcelona-035.jpg\",\"meta\":{\"aperture\":false,\"credit\":false,\"camera\":false,\"caption\":\"Ready to Wear Fall\\\/Winter 2015-2016\",\"created_timestamp\":\"February 4, 2015 10:13 pm\",\"copyright\":\"\\u00c2\\u00a9 2015 Estrop-Barcelona PHOTOGRAPH FOR EDITORIAL USE ONLY\",\"focal_length\":false,\"iso\":false,\"shutter_speed\":false,\"flash\":false,\"title\":\"Ready to Wear Fall\\\/Winter 2015-2016\",\"keywords\":\"2015-2016,Fall\\\/Winter,RTW\",\"width\":1337,\"height\":2000,\"saved\":true,\"thumbnail\":{\"width\":220,\"height\":220,\"ewww_image_optimizer\":\"Reduced by 10.4% (3.6&nbsp;kB)\"},\"webview\":{\"0\":802,\"1\":1200,\"2\":2,\"3\":\"width=\\\"802\\\" height=\\\"1200\\\"\",\"bits\":8,\"channels\":3,\"mime\":\"image\\\/jpeg\",\"ewww_image_optimizer\":\"Reduced by 4.7% (6.4&nbsp;kB) - Previously Optimized\"},\"0\":false,\"ewww_image_optimizer\":\"Reduced by 13.6% (23.8&nbsp;kB)\",\"views\":\"0\",\"likes\":\"0\"},\"title\":\"Ready to Wear Fall\\\/Winter 2015-2016\",\"description\":\"<p>Ready to Wear Fall\\\/Winter 2015-2016<\\\/p>\",\"link\":null,\"link_target\":\"\",\"download\":\"https:\\\/\\\/bobvarela.com\\\/wp-content\\\/flagallery\\\/custo-barcelona-primera-mirada-a-la-coleccion-otono-invierno-15-16\\\/custo-barcelona-035.jpg\",\"ratio\":0.66833333333333333481363069950020872056484222412109375},{\"id\":\"19211\",\"image\":\"https:\\\/\\\/bobvarela.com\\\/wp-content\\\/flagallery\\\/custo-barcelona-primera-mirada-a-la-coleccion-otono-invierno-15-16\\\/webview\\\/custo-barcelona-037.jpg\",\"thumb\":\"https:\\\/\\\/bobvarela.com\\\/wp-content\\\/flagallery\\\/custo-barcelona-primera-mirada-a-la-coleccion-otono-invierno-15-16\\\/thumbs\\\/thumbs_custo-barcelona-037.jpg\",\"file\":\"custo-barcelona-037.jpg\",\"meta\":{\"aperture\":false,\"credit\":false,\"camera\":false,\"caption\":\"Ready to Wear Fall\\\/Winter 2015-2016\",\"created_timestamp\":\"February 4, 2015 10:13 pm\",\"copyright\":\"\\u00c2\\u00a9 2015 Estrop-Barcelona PHOTOGRAPH FOR EDITORIAL USE ONLY\",\"focal_length\":false,\"iso\":false,\"shutter_speed\":false,\"flash\":false,\"title\":\"Ready to Wear Fall\\\/Winter 2015-2016\",\"keywords\":\"2015-2016,Fall\\\/Winter,RTW\",\"width\":1337,\"height\":2000,\"saved\":true,\"thumbnail\":{\"width\":220,\"height\":220,\"ewww_image_optimizer\":\"Reduced by 9.1% (3.3&nbsp;kB)\"},\"webview\":{\"0\":802,\"1\":1200,\"2\":2,\"3\":\"width=\\\"802\\\" height=\\\"1200\\\"\",\"bits\":8,\"channels\":3,\"mime\":\"image\\\/jpeg\",\"ewww_image_optimizer\":\"Reduced by 3.2% (5.1&nbsp;kB) - Previously Optimized\"},\"0\":false,\"ewww_image_optimizer\":\"Reduced by 10.3% (19.8&nbsp;kB)\",\"views\":\"0\",\"likes\":\"0\"},\"title\":\"Ready to Wear Fall\\\/Winter 2015-2016\",\"description\":\"<p>Ready to Wear Fall\\\/Winter 2015-2016<\\\/p>\",\"link\":null,\"link_target\":\"\",\"download\":\"https:\\\/\\\/bobvarela.com\\\/wp-content\\\/flagallery\\\/custo-barcelona-primera-mirada-a-la-coleccion-otono-invierno-15-16\\\/custo-barcelona-037.jpg\",\"ratio\":0.66833333333333333481363069950020872056484222412109375},{\"id\":\"19212\",\"image\":\"https:\\\/\\\/bobvarela.com\\\/wp-content\\\/flagallery\\\/custo-barcelona-primera-mirada-a-la-coleccion-otono-invierno-15-16\\\/webview\\\/custo-barcelona-038.jpg\",\"thumb\":\"https:\\\/\\\/bobvarela.com\\\/wp-content\\\/flagallery\\\/custo-barcelona-primera-mirada-a-la-coleccion-otono-invierno-15-16\\\/thumbs\\\/thumbs_custo-barcelona-038.jpg\",\"file\":\"custo-barcelona-038.jpg\",\"meta\":{\"aperture\":false,\"credit\":false,\"camera\":false,\"caption\":\"Ready to Wear Fall\\\/Winter 2015-2016\",\"created_timestamp\":\"February 4, 2015 10:13 pm\",\"copyright\":\"\\u00c2\\u00a9 2015 Estrop-Barcelona PHOTOGRAPH FOR EDITORIAL USE ONLY\",\"focal_length\":false,\"iso\":false,\"shutter_speed\":false,\"flash\":false,\"title\":\"Ready to Wear Fall\\\/Winter 2015-2016\",\"keywords\":\"2015-2016,Fall\\\/Winter,RTW\",\"width\":1337,\"height\":2000,\"saved\":true,\"thumbnail\":{\"width\":220,\"height\":220,\"ewww_image_optimizer\":\"Reduced by 10.6% (3.5&nbsp;kB)\"},\"webview\":{\"0\":802,\"1\":1200,\"2\":2,\"3\":\"width=\\\"802\\\" height=\\\"1200\\\"\",\"bits\":8,\"channels\":3,\"mime\":\"image\\\/jpeg\",\"ewww_image_optimizer\":\"Reduced by 4.4% (6.0&nbsp;kB) - Previously Optimized\"},\"0\":false,\"ewww_image_optimizer\":\"Reduced by 15.1% (30.0&nbsp;kB)\",\"views\":\"0\",\"likes\":\"0\"},\"title\":\"Ready to Wear Fall\\\/Winter 2015-2016\",\"description\":\"<p>Ready to Wear Fall\\\/Winter 2015-2016<\\\/p>\",\"link\":null,\"link_target\":\"\",\"download\":\"https:\\\/\\\/bobvarela.com\\\/wp-content\\\/flagallery\\\/custo-barcelona-primera-mirada-a-la-coleccion-otono-invierno-15-16\\\/custo-barcelona-038.jpg\",\"ratio\":0.66833333333333333481363069950020872056484222412109375},{\"id\":\"19213\",\"image\":\"https:\\\/\\\/bobvarela.com\\\/wp-content\\\/flagallery\\\/custo-barcelona-primera-mirada-a-la-coleccion-otono-invierno-15-16\\\/webview\\\/custo-barcelona-040.jpg\",\"thumb\":\"https:\\\/\\\/bobvarela.com\\\/wp-content\\\/flagallery\\\/custo-barcelona-primera-mirada-a-la-coleccion-otono-invierno-15-16\\\/thumbs\\\/thumbs_custo-barcelona-040.jpg\",\"file\":\"custo-barcelona-040.jpg\",\"meta\":{\"aperture\":false,\"credit\":false,\"camera\":false,\"caption\":\"Ready to Wear Fall\\\/Winter 2015-2016\",\"created_timestamp\":\"February 4, 2015 10:13 pm\",\"copyright\":\"\\u00c2\\u00a9 2015 Estrop-Barcelona PHOTOGRAPH FOR EDITORIAL USE ONLY\",\"focal_length\":false,\"iso\":false,\"shutter_speed\":false,\"flash\":false,\"title\":\"Ready to Wear Fall\\\/Winter 2015-2016\",\"keywords\":\"2015-2016,Fall\\\/Winter,RTW\",\"width\":1337,\"height\":2000,\"saved\":true,\"thumbnail\":{\"width\":220,\"height\":220,\"ewww_image_optimizer\":\"Reduced by 12.4% (6.3&nbsp;kB)\"},\"webview\":{\"0\":1337,\"1\":2000,\"2\":2,\"3\":\"width=\\\"1337\\\" height=\\\"2000\\\"\",\"bits\":8,\"channels\":3,\"mime\":\"image\\\/jpeg\",\"ewww_image_optimizer\":\"Reduced by 10.6% (19.5&nbsp;kB)\"},\"0\":false,\"ewww_image_optimizer\":\"Reduced by 10.6% (19.5&nbsp;kB)\",\"views\":\"1\",\"likes\":\"0\"},\"title\":\"Ready to Wear Fall\\\/Winter 2015-2016\",\"description\":\"<p>Ready to Wear Fall\\\/Winter 2015-2016<\\\/p>\",\"link\":null,\"link_target\":\"\",\"download\":\"https:\\\/\\\/bobvarela.com\\\/wp-content\\\/flagallery\\\/custo-barcelona-primera-mirada-a-la-coleccion-otono-invierno-15-16\\\/custo-barcelona-040.jpg\",\"ratio\":0.66849999999999998312461002569762058556079864501953125},{\"id\":\"19214\",\"image\":\"https:\\\/\\\/bobvarela.com\\\/wp-content\\\/flagallery\\\/custo-barcelona-primera-mirada-a-la-coleccion-otono-invierno-15-16\\\/webview\\\/custo-barcelona-041.jpg\",\"thumb\":\"https:\\\/\\\/bobvarela.com\\\/wp-content\\\/flagallery\\\/custo-barcelona-primera-mirada-a-la-coleccion-otono-invierno-15-16\\\/thumbs\\\/thumbs_custo-barcelona-041.jpg\",\"file\":\"custo-barcelona-041.jpg\",\"meta\":{\"aperture\":false,\"credit\":false,\"camera\":false,\"caption\":\"Ready to Wear Fall\\\/Winter 2015-2016\",\"created_timestamp\":\"February 4, 2015 10:13 pm\",\"copyright\":\"\\u00c2\\u00a9 2015 Estrop-Barcelona PHOTOGRAPH FOR EDITORIAL USE ONLY\",\"focal_length\":false,\"iso\":false,\"shutter_speed\":false,\"flash\":false,\"title\":\"Ready to Wear Fall\\\/Winter 2015-2016\",\"keywords\":\"2015-2016,Fall\\\/Winter,RTW\",\"width\":1337,\"height\":2000,\"saved\":true,\"thumbnail\":{\"width\":220,\"height\":220,\"ewww_image_optimizer\":\"Reduced by 11.2% (3.9&nbsp;kB)\"},\"webview\":{\"0\":802,\"1\":1200,\"2\":2,\"3\":\"width=\\\"802\\\" height=\\\"1200\\\"\",\"bits\":8,\"channels\":3,\"mime\":\"image\\\/jpeg\",\"ewww_image_optimizer\":\"Reduced by 4.6% (6.7&nbsp;kB) - Previously Optimized\"},\"0\":false,\"ewww_image_optimizer\":\"Reduced by 18.9% (32.1&nbsp;kB)\",\"views\":\"0\",\"likes\":\"0\"},\"title\":\"Ready to Wear Fall\\\/Winter 2015-2016\",\"description\":\"<p>Ready to Wear Fall\\\/Winter 2015-2016<\\\/p>\",\"link\":null,\"link_target\":\"\",\"download\":\"https:\\\/\\\/bobvarela.com\\\/wp-content\\\/flagallery\\\/custo-barcelona-primera-mirada-a-la-coleccion-otono-invierno-15-16\\\/custo-barcelona-041.jpg\",\"ratio\":0.66833333333333333481363069950020872056484222412109375},{\"id\":\"19215\",\"image\":\"https:\\\/\\\/bobvarela.com\\\/wp-content\\\/flagallery\\\/custo-barcelona-primera-mirada-a-la-coleccion-otono-invierno-15-16\\\/webview\\\/custo-barcelona-043.jpg\",\"thumb\":\"https:\\\/\\\/bobvarela.com\\\/wp-content\\\/flagallery\\\/custo-barcelona-primera-mirada-a-la-coleccion-otono-invierno-15-16\\\/thumbs\\\/thumbs_custo-barcelona-043.jpg\",\"file\":\"custo-barcelona-043.jpg\",\"meta\":{\"aperture\":false,\"credit\":false,\"camera\":false,\"caption\":\"Ready to Wear Fall\\\/Winter 2015-2016\",\"created_timestamp\":\"February 4, 2015 10:14 pm\",\"copyright\":\"\\u00c2\\u00a9 2015 Estrop-Barcelona PHOTOGRAPH FOR EDITORIAL USE ONLY\",\"focal_length\":false,\"iso\":false,\"shutter_speed\":false,\"flash\":false,\"title\":\"Ready to Wear Fall\\\/Winter 2015-2016\",\"keywords\":\"2015-2016,Fall\\\/Winter,RTW\",\"width\":1337,\"height\":2000,\"saved\":true,\"thumbnail\":{\"width\":220,\"height\":220,\"ewww_image_optimizer\":\"Reduced by 13.0% (4.8&nbsp;kB)\"},\"webview\":{\"0\":802,\"1\":1200,\"2\":2,\"3\":\"width=\\\"802\\\" height=\\\"1200\\\"\",\"bits\":8,\"channels\":3,\"mime\":\"image\\\/jpeg\",\"ewww_image_optimizer\":\"Reduced by 5.5% (7.5&nbsp;kB) - Previously Optimized\"},\"0\":false,\"ewww_image_optimizer\":\"Reduced by 10.3% (18.8&nbsp;kB)\",\"views\":\"0\",\"likes\":\"0\"},\"title\":\"Ready to Wear Fall\\\/Winter 2015-2016\",\"description\":\"<p>Ready to Wear Fall\\\/Winter 2015-2016<\\\/p>\",\"link\":null,\"link_target\":\"\",\"download\":\"https:\\\/\\\/bobvarela.com\\\/wp-content\\\/flagallery\\\/custo-barcelona-primera-mirada-a-la-coleccion-otono-invierno-15-16\\\/custo-barcelona-043.jpg\",\"ratio\":0.66833333333333333481363069950020872056484222412109375},{\"id\":\"19216\",\"image\":\"https:\\\/\\\/bobvarela.com\\\/wp-content\\\/flagallery\\\/custo-barcelona-primera-mirada-a-la-coleccion-otono-invierno-15-16\\\/webview\\\/custo-barcelona-045.jpg\",\"thumb\":\"https:\\\/\\\/bobvarela.com\\\/wp-content\\\/flagallery\\\/custo-barcelona-primera-mirada-a-la-coleccion-otono-invierno-15-16\\\/thumbs\\\/thumbs_custo-barcelona-045.jpg\",\"file\":\"custo-barcelona-045.jpg\",\"meta\":{\"aperture\":false,\"credit\":false,\"camera\":false,\"caption\":\"Ready to Wear Fall\\\/Winter 2015-2016\",\"created_timestamp\":\"February 4, 2015 10:14 pm\",\"copyright\":\"\\u00c2\\u00a9 2015 Estrop-Barcelona PHOTOGRAPH FOR EDITORIAL USE ONLY\",\"focal_length\":false,\"iso\":false,\"shutter_speed\":false,\"flash\":false,\"title\":\"Ready to Wear Fall\\\/Winter 2015-2016\",\"keywords\":\"2015-2016,Fall\\\/Winter,RTW\",\"width\":1337,\"height\":2000,\"saved\":true,\"thumbnail\":{\"width\":220,\"height\":220,\"ewww_image_optimizer\":\"Reduced by 10.2% (3.1&nbsp;kB)\"},\"webview\":{\"0\":802,\"1\":1200,\"2\":2,\"3\":\"width=\\\"802\\\" height=\\\"1200\\\"\",\"bits\":8,\"channels\":3,\"mime\":\"image\\\/jpeg\",\"ewww_image_optimizer\":\"Reduced by 4.9% (5.8&nbsp;kB) - Previously Optimized\"},\"0\":false,\"ewww_image_optimizer\":\"Reduced by 14.2% (25.4&nbsp;kB)\",\"views\":\"1\",\"likes\":\"0\"},\"title\":\"Ready to Wear Fall\\\/Winter 2015-2016\",\"description\":\"<p>Ready to Wear Fall\\\/Winter 2015-2016<\\\/p>\",\"link\":null,\"link_target\":\"\",\"download\":\"https:\\\/\\\/bobvarela.com\\\/wp-content\\\/flagallery\\\/custo-barcelona-primera-mirada-a-la-coleccion-otono-invierno-15-16\\\/custo-barcelona-045.jpg\",\"ratio\":0.66833333333333333481363069950020872056484222412109375},{\"id\":\"19217\",\"image\":\"https:\\\/\\\/bobvarela.com\\\/wp-content\\\/flagallery\\\/custo-barcelona-primera-mirada-a-la-coleccion-otono-invierno-15-16\\\/webview\\\/custo-barcelona-046.jpg\",\"thumb\":\"https:\\\/\\\/bobvarela.com\\\/wp-content\\\/flagallery\\\/custo-barcelona-primera-mirada-a-la-coleccion-otono-invierno-15-16\\\/thumbs\\\/thumbs_custo-barcelona-046.jpg\",\"file\":\"custo-barcelona-046.jpg\",\"meta\":{\"aperture\":false,\"credit\":false,\"camera\":false,\"caption\":\"Ready to Wear Fall\\\/Winter 2015-2016\",\"created_timestamp\":\"February 4, 2015 10:14 pm\",\"copyright\":\"\\u00c2\\u00a9 2015 Estrop-Barcelona PHOTOGRAPH FOR EDITORIAL USE ONLY\",\"focal_length\":false,\"iso\":false,\"shutter_speed\":false,\"flash\":false,\"title\":\"Ready to Wear Fall\\\/Winter 2015-2016\",\"keywords\":\"2015-2016,Fall\\\/Winter,RTW\",\"width\":1337,\"height\":2000,\"saved\":true,\"thumbnail\":{\"width\":220,\"height\":220,\"ewww_image_optimizer\":\"Reduced by 11.9% (5.0&nbsp;kB)\"},\"webview\":{\"0\":802,\"1\":1200,\"2\":2,\"3\":\"width=\\\"802\\\" height=\\\"1200\\\"\",\"bits\":8,\"channels\":3,\"mime\":\"image\\\/jpeg\",\"ewww_image_optimizer\":\"Reduced by 4.7% (7.8&nbsp;kB) - Previously Optimized\"},\"0\":false,\"ewww_image_optimizer\":\"Reduced by 10.4% (19.7&nbsp;kB)\",\"views\":\"0\",\"likes\":\"0\"},\"title\":\"Ready to Wear Fall\\\/Winter 2015-2016\",\"description\":\"<p>Ready to Wear Fall\\\/Winter 2015-2016<\\\/p>\",\"link\":null,\"link_target\":\"\",\"download\":\"https:\\\/\\\/bobvarela.com\\\/wp-content\\\/flagallery\\\/custo-barcelona-primera-mirada-a-la-coleccion-otono-invierno-15-16\\\/custo-barcelona-046.jpg\",\"ratio\":0.66833333333333333481363069950020872056484222412109375},{\"id\":\"19218\",\"image\":\"https:\\\/\\\/bobvarela.com\\\/wp-content\\\/flagallery\\\/custo-barcelona-primera-mirada-a-la-coleccion-otono-invierno-15-16\\\/webview\\\/custo-barcelona-047.jpg\",\"thumb\":\"https:\\\/\\\/bobvarela.com\\\/wp-content\\\/flagallery\\\/custo-barcelona-primera-mirada-a-la-coleccion-otono-invierno-15-16\\\/thumbs\\\/thumbs_custo-barcelona-047.jpg\",\"file\":\"custo-barcelona-047.jpg\",\"meta\":{\"aperture\":false,\"credit\":false,\"camera\":false,\"caption\":\"Ready to Wear Fall\\\/Winter 2015-2016\",\"created_timestamp\":\"February 4, 2015 10:14 pm\",\"copyright\":\"\\u00c2\\u00a9 2015 Estrop-Barcelona PHOTOGRAPH FOR EDITORIAL USE ONLY\",\"focal_length\":false,\"iso\":false,\"shutter_speed\":false,\"flash\":false,\"title\":\"Ready to Wear Fall\\\/Winter 2015-2016\",\"keywords\":\"2015-2016,Fall\\\/Winter,RTW\",\"width\":1337,\"height\":2000,\"saved\":true,\"thumbnail\":{\"width\":220,\"height\":220,\"ewww_image_optimizer\":\"Reduced by 10.6% (3.7&nbsp;kB)\"},\"webview\":{\"0\":802,\"1\":1200,\"2\":2,\"3\":\"width=\\\"802\\\" height=\\\"1200\\\"\",\"bits\":8,\"channels\":3,\"mime\":\"image\\\/jpeg\",\"ewww_image_optimizer\":\"Reduced by 4.0% (5.4&nbsp;kB) - Previously Optimized\"},\"0\":false,\"ewww_image_optimizer\":\"Reduced by 9.5% (17.8&nbsp;kB)\",\"views\":\"0\",\"likes\":\"0\"},\"title\":\"Ready to Wear Fall\\\/Winter 2015-2016\",\"description\":\"<p>Ready to Wear Fall\\\/Winter 2015-2016<\\\/p>\",\"link\":null,\"link_target\":\"\",\"download\":\"https:\\\/\\\/bobvarela.com\\\/wp-content\\\/flagallery\\\/custo-barcelona-primera-mirada-a-la-coleccion-otono-invierno-15-16\\\/custo-barcelona-047.jpg\",\"ratio\":0.66833333333333333481363069950020872056484222412109375},{\"id\":\"19219\",\"image\":\"https:\\\/\\\/bobvarela.com\\\/wp-content\\\/flagallery\\\/custo-barcelona-primera-mirada-a-la-coleccion-otono-invierno-15-16\\\/webview\\\/custo-barcelona-048.jpg\",\"thumb\":\"https:\\\/\\\/bobvarela.com\\\/wp-content\\\/flagallery\\\/custo-barcelona-primera-mirada-a-la-coleccion-otono-invierno-15-16\\\/thumbs\\\/thumbs_custo-barcelona-048.jpg\",\"file\":\"custo-barcelona-048.jpg\",\"meta\":{\"aperture\":false,\"credit\":false,\"camera\":false,\"caption\":\"Ready to Wear Fall\\\/Winter 2015-2016\",\"created_timestamp\":\"February 4, 2015 10:14 pm\",\"copyright\":\"\\u00c2\\u00a9 2015 Estrop-Barcelona PHOTOGRAPH FOR EDITORIAL USE ONLY\",\"focal_length\":false,\"iso\":false,\"shutter_speed\":false,\"flash\":false,\"title\":\"Ready to Wear Fall\\\/Winter 2015-2016\",\"keywords\":\"2015-2016,Fall\\\/Winter,RTW\",\"width\":1337,\"height\":2000,\"saved\":true,\"thumbnail\":{\"width\":220,\"height\":220,\"ewww_image_optimizer\":\"Reduced by 13.1% (5.8&nbsp;kB)\"},\"webview\":{\"0\":802,\"1\":1200,\"2\":2,\"3\":\"width=\\\"802\\\" height=\\\"1200\\\"\",\"bits\":8,\"channels\":3,\"mime\":\"image\\\/jpeg\",\"ewww_image_optimizer\":\"Reduced by 4.5% (7.7&nbsp;kB) - Previously Optimized\"},\"0\":false,\"ewww_image_optimizer\":\"Reduced by 7.4% (13.7&nbsp;kB)\",\"views\":\"0\",\"likes\":\"0\"},\"title\":\"Ready to Wear Fall\\\/Winter 2015-2016\",\"description\":\"<p>Ready to Wear Fall\\\/Winter 2015-2016<\\\/p>\",\"link\":null,\"link_target\":\"\",\"download\":\"https:\\\/\\\/bobvarela.com\\\/wp-content\\\/flagallery\\\/custo-barcelona-primera-mirada-a-la-coleccion-otono-invierno-15-16\\\/custo-barcelona-048.jpg\",\"ratio\":0.66833333333333333481363069950020872056484222412109375},{\"id\":\"19220\",\"image\":\"https:\\\/\\\/bobvarela.com\\\/wp-content\\\/flagallery\\\/custo-barcelona-primera-mirada-a-la-coleccion-otono-invierno-15-16\\\/webview\\\/custo-barcelona-049.jpg\",\"thumb\":\"https:\\\/\\\/bobvarela.com\\\/wp-content\\\/flagallery\\\/custo-barcelona-primera-mirada-a-la-coleccion-otono-invierno-15-16\\\/thumbs\\\/thumbs_custo-barcelona-049.jpg\",\"file\":\"custo-barcelona-049.jpg\",\"meta\":{\"aperture\":false,\"credit\":false,\"camera\":false,\"caption\":\"Ready to Wear Fall\\\/Winter 2015-2016\",\"created_timestamp\":\"February 4, 2015 10:14 pm\",\"copyright\":\"\\u00c2\\u00a9 2015 Estrop-Barcelona PHOTOGRAPH FOR EDITORIAL USE ONLY\",\"focal_length\":false,\"iso\":false,\"shutter_speed\":false,\"flash\":false,\"title\":\"Ready to Wear Fall\\\/Winter 2015-2016\",\"keywords\":\"2015-2016,Fall\\\/Winter,RTW\",\"width\":1337,\"height\":2000,\"saved\":true,\"thumbnail\":{\"width\":220,\"height\":220,\"ewww_image_optimizer\":\"Reduced by 9.7% (3.0&nbsp;kB)\"},\"webview\":{\"0\":802,\"1\":1200,\"2\":2,\"3\":\"width=\\\"802\\\" height=\\\"1200\\\"\",\"bits\":8,\"channels\":3,\"mime\":\"image\\\/jpeg\",\"ewww_image_optimizer\":\"Reduced by 4.6% (5.7&nbsp;kB) - Previously Optimized\"},\"0\":false,\"ewww_image_optimizer\":\"Reduced by 13.5% (24.9&nbsp;kB)\",\"views\":\"1\",\"likes\":\"0\"},\"title\":\"Ready to Wear Fall\\\/Winter 2015-2016\",\"description\":\"<p>Ready to Wear Fall\\\/Winter 2015-2016<\\\/p>\",\"link\":null,\"link_target\":\"\",\"download\":\"https:\\\/\\\/bobvarela.com\\\/wp-content\\\/flagallery\\\/custo-barcelona-primera-mirada-a-la-coleccion-otono-invierno-15-16\\\/custo-barcelona-049.jpg\",\"ratio\":0.66833333333333333481363069950020872056484222412109375},{\"id\":\"19221\",\"image\":\"https:\\\/\\\/bobvarela.com\\\/wp-content\\\/flagallery\\\/custo-barcelona-primera-mirada-a-la-coleccion-otono-invierno-15-16\\\/webview\\\/custo-barcelona-050.jpg\",\"thumb\":\"https:\\\/\\\/bobvarela.com\\\/wp-content\\\/flagallery\\\/custo-barcelona-primera-mirada-a-la-coleccion-otono-invierno-15-16\\\/thumbs\\\/thumbs_custo-barcelona-050.jpg\",\"file\":\"custo-barcelona-050.jpg\",\"meta\":{\"aperture\":false,\"credit\":false,\"camera\":false,\"caption\":\"Ready to Wear Fall\\\/Winter 2015-2016\",\"created_timestamp\":\"February 4, 2015 10:14 pm\",\"copyright\":\"\\u00c2\\u00a9 2015 Estrop-Barcelona PHOTOGRAPH FOR EDITORIAL USE ONLY\",\"focal_length\":false,\"iso\":false,\"shutter_speed\":false,\"flash\":false,\"title\":\"Ready to Wear Fall\\\/Winter 2015-2016\",\"keywords\":\"2015-2016,Fall\\\/Winter,RTW\",\"width\":1337,\"height\":2000,\"saved\":true,\"thumbnail\":{\"width\":220,\"height\":220,\"ewww_image_optimizer\":\"Reduced by 11.0% (3.5&nbsp;kB)\"},\"webview\":{\"0\":802,\"1\":1200,\"2\":2,\"3\":\"width=\\\"802\\\" height=\\\"1200\\\"\",\"bits\":8,\"channels\":3,\"mime\":\"image\\\/jpeg\",\"ewww_image_optimizer\":\"Reduced by 5.7% (7.5&nbsp;kB) - Previously Optimized\"},\"0\":false,\"ewww_image_optimizer\":\"Reduced by 14.8% (25.7&nbsp;kB)\",\"views\":\"1\",\"likes\":\"0\"},\"title\":\"Ready to Wear Fall\\\/Winter 2015-2016\",\"description\":\"<p>Ready to Wear Fall\\\/Winter 2015-2016<\\\/p>\",\"link\":null,\"link_target\":\"\",\"download\":\"https:\\\/\\\/bobvarela.com\\\/wp-content\\\/flagallery\\\/custo-barcelona-primera-mirada-a-la-coleccion-otono-invierno-15-16\\\/custo-barcelona-050.jpg\",\"ratio\":0.66833333333333333481363069950020872056484222412109375},{\"id\":\"19222\",\"image\":\"https:\\\/\\\/bobvarela.com\\\/wp-content\\\/flagallery\\\/custo-barcelona-primera-mirada-a-la-coleccion-otono-invierno-15-16\\\/webview\\\/custo-barcelona-051.jpg\",\"thumb\":\"https:\\\/\\\/bobvarela.com\\\/wp-content\\\/flagallery\\\/custo-barcelona-primera-mirada-a-la-coleccion-otono-invierno-15-16\\\/thumbs\\\/thumbs_custo-barcelona-051.jpg\",\"file\":\"custo-barcelona-051.jpg\",\"meta\":{\"aperture\":false,\"credit\":false,\"camera\":false,\"caption\":\"Ready to Wear Fall\\\/Winter 2015-2016\",\"created_timestamp\":\"February 4, 2015 10:14 pm\",\"copyright\":\"\\u00c2\\u00a9 2015 Estrop-Barcelona PHOTOGRAPH FOR EDITORIAL USE ONLY\",\"focal_length\":false,\"iso\":false,\"shutter_speed\":false,\"flash\":false,\"title\":\"Ready to Wear Fall\\\/Winter 2015-2016\",\"keywords\":\"2015-2016,Fall\\\/Winter,RTW\",\"width\":1337,\"height\":2000,\"saved\":true,\"thumbnail\":{\"width\":220,\"height\":220,\"ewww_image_optimizer\":\"Reduced by 12.9% (5.9&nbsp;kB)\"},\"webview\":{\"0\":802,\"1\":1200,\"2\":2,\"3\":\"width=\\\"802\\\" height=\\\"1200\\\"\",\"bits\":8,\"channels\":3,\"mime\":\"image\\\/jpeg\",\"ewww_image_optimizer\":\"Reduced by 5.0% (10.0&nbsp;kB) - Previously Optimized\"},\"0\":false,\"ewww_image_optimizer\":\"Reduced by 14.7% (29.2&nbsp;kB)\",\"views\":\"1\",\"likes\":\"0\"},\"title\":\"Ready to Wear Fall\\\/Winter 2015-2016\",\"description\":\"<p>Ready to Wear Fall\\\/Winter 2015-2016<\\\/p>\",\"link\":null,\"link_target\":\"\",\"download\":\"https:\\\/\\\/bobvarela.com\\\/wp-content\\\/flagallery\\\/custo-barcelona-primera-mirada-a-la-coleccion-otono-invierno-15-16\\\/custo-barcelona-051.jpg\",\"ratio\":0.66833333333333333481363069950020872056484222412109375},{\"id\":\"19223\",\"image\":\"https:\\\/\\\/bobvarela.com\\\/wp-content\\\/flagallery\\\/custo-barcelona-primera-mirada-a-la-coleccion-otono-invierno-15-16\\\/webview\\\/custo-barcelona-052.jpg\",\"thumb\":\"https:\\\/\\\/bobvarela.com\\\/wp-content\\\/flagallery\\\/custo-barcelona-primera-mirada-a-la-coleccion-otono-invierno-15-16\\\/thumbs\\\/thumbs_custo-barcelona-052.jpg\",\"file\":\"custo-barcelona-052.jpg\",\"meta\":{\"aperture\":false,\"credit\":false,\"camera\":false,\"caption\":\"Ready to Wear Fall\\\/Winter 2015-2016\",\"created_timestamp\":\"February 4, 2015 10:14 pm\",\"copyright\":\"\\u00c2\\u00a9 2015 Estrop-Barcelona PHOTOGRAPH FOR EDITORIAL USE ONLY\",\"focal_length\":false,\"iso\":false,\"shutter_speed\":false,\"flash\":false,\"title\":\"Ready to Wear Fall\\\/Winter 2015-2016\",\"keywords\":\"2015-2016,Fall\\\/Winter,RTW\",\"width\":1337,\"height\":2000,\"saved\":true,\"thumbnail\":{\"width\":220,\"height\":220,\"ewww_image_optimizer\":\"Reduced by 10.0% (2.9&nbsp;kB)\"},\"webview\":{\"0\":802,\"1\":1200,\"2\":2,\"3\":\"width=\\\"802\\\" height=\\\"1200\\\"\",\"bits\":8,\"channels\":3,\"mime\":\"image\\\/jpeg\",\"ewww_image_optimizer\":\"Reduced by 4.8% (5.7&nbsp;kB) - Previously Optimized\"},\"0\":false,\"ewww_image_optimizer\":\"Reduced by 13.3% (23.6&nbsp;kB)\",\"views\":\"0\",\"likes\":\"0\"},\"title\":\"Ready to Wear Fall\\\/Winter 2015-2016\",\"description\":\"<p>Ready to Wear Fall\\\/Winter 2015-2016<\\\/p>\",\"link\":null,\"link_target\":\"\",\"download\":\"https:\\\/\\\/bobvarela.com\\\/wp-content\\\/flagallery\\\/custo-barcelona-primera-mirada-a-la-coleccion-otono-invierno-15-16\\\/custo-barcelona-052.jpg\",\"ratio\":0.66833333333333333481363069950020872056484222412109375},{\"id\":\"19224\",\"image\":\"https:\\\/\\\/bobvarela.com\\\/wp-content\\\/flagallery\\\/custo-barcelona-primera-mirada-a-la-coleccion-otono-invierno-15-16\\\/webview\\\/custo-barcelona-053.jpg\",\"thumb\":\"https:\\\/\\\/bobvarela.com\\\/wp-content\\\/flagallery\\\/custo-barcelona-primera-mirada-a-la-coleccion-otono-invierno-15-16\\\/thumbs\\\/thumbs_custo-barcelona-053.jpg\",\"file\":\"custo-barcelona-053.jpg\",\"meta\":{\"aperture\":false,\"credit\":false,\"camera\":false,\"caption\":\"Ready to Wear Fall\\\/Winter 2015-2016\",\"created_timestamp\":\"February 4, 2015 10:14 pm\",\"copyright\":\"\\u00c2\\u00a9 2015 Estrop-Barcelona PHOTOGRAPH FOR EDITORIAL USE ONLY\",\"focal_length\":false,\"iso\":false,\"shutter_speed\":false,\"flash\":false,\"title\":\"Ready to Wear Fall\\\/Winter 2015-2016\",\"keywords\":\"2015-2016,Fall\\\/Winter,RTW\",\"width\":1337,\"height\":2000,\"saved\":true,\"thumbnail\":{\"width\":220,\"height\":220,\"ewww_image_optimizer\":\"Reduced by 12.5% (5.2&nbsp;kB)\"},\"webview\":{\"0\":802,\"1\":1200,\"2\":2,\"3\":\"width=\\\"802\\\" height=\\\"1200\\\"\",\"bits\":8,\"channels\":3,\"mime\":\"image\\\/jpeg\",\"ewww_image_optimizer\":\"Reduced by 5.0% (8.3&nbsp;kB) - Previously Optimized\"},\"0\":false,\"ewww_image_optimizer\":\"Reduced by 16.3% (30.1&nbsp;kB)\",\"views\":\"0\",\"likes\":\"0\"},\"title\":\"Ready to Wear Fall\\\/Winter 2015-2016\",\"description\":\"<p>Ready to Wear Fall\\\/Winter 2015-2016<\\\/p>\",\"link\":null,\"link_target\":\"\",\"download\":\"https:\\\/\\\/bobvarela.com\\\/wp-content\\\/flagallery\\\/custo-barcelona-primera-mirada-a-la-coleccion-otono-invierno-15-16\\\/custo-barcelona-053.jpg\",\"ratio\":0.66833333333333333481363069950020872056484222412109375},{\"id\":\"19225\",\"image\":\"https:\\\/\\\/bobvarela.com\\\/wp-content\\\/flagallery\\\/custo-barcelona-primera-mirada-a-la-coleccion-otono-invierno-15-16\\\/webview\\\/custo-barcelona-054.jpg\",\"thumb\":\"https:\\\/\\\/bobvarela.com\\\/wp-content\\\/flagallery\\\/custo-barcelona-primera-mirada-a-la-coleccion-otono-invierno-15-16\\\/thumbs\\\/thumbs_custo-barcelona-054.jpg\",\"file\":\"custo-barcelona-054.jpg\",\"meta\":{\"aperture\":false,\"credit\":false,\"camera\":false,\"caption\":\"Ready to Wear Fall\\\/Winter 2015-2016\",\"created_timestamp\":\"February 4, 2015 10:15 pm\",\"copyright\":\"\\u00c2\\u00a9 2015 Estrop-Barcelona PHOTOGRAPH FOR EDITORIAL USE ONLY\",\"focal_length\":false,\"iso\":false,\"shutter_speed\":false,\"flash\":false,\"title\":\"Ready to Wear Fall\\\/Winter 2015-2016\",\"keywords\":\"2015-2016,Fall\\\/Winter,RTW\",\"width\":1337,\"height\":2000,\"saved\":true,\"thumbnail\":{\"width\":220,\"height\":220,\"ewww_image_optimizer\":\"Reduced by 10.1% (2.9&nbsp;kB)\"},\"webview\":{\"0\":802,\"1\":1200,\"2\":2,\"3\":\"width=\\\"802\\\" height=\\\"1200\\\"\",\"bits\":8,\"channels\":3,\"mime\":\"image\\\/jpeg\",\"ewww_image_optimizer\":\"Reduced by 5.1% (5.9&nbsp;kB) - Previously Optimized\"},\"0\":false,\"ewww_image_optimizer\":\"Reduced by 13.9% (23.6&nbsp;kB)\",\"views\":\"0\",\"likes\":\"0\"},\"title\":\"Ready to Wear Fall\\\/Winter 2015-2016\",\"description\":\"<p>Ready to Wear Fall\\\/Winter 2015-2016<\\\/p>\",\"link\":null,\"link_target\":\"\",\"download\":\"https:\\\/\\\/bobvarela.com\\\/wp-content\\\/flagallery\\\/custo-barcelona-primera-mirada-a-la-coleccion-otono-invierno-15-16\\\/custo-barcelona-054.jpg\",\"ratio\":0.66833333333333333481363069950020872056484222412109375},{\"id\":\"19226\",\"image\":\"https:\\\/\\\/bobvarela.com\\\/wp-content\\\/flagallery\\\/custo-barcelona-primera-mirada-a-la-coleccion-otono-invierno-15-16\\\/webview\\\/custo-barcelona-056.jpg\",\"thumb\":\"https:\\\/\\\/bobvarela.com\\\/wp-content\\\/flagallery\\\/custo-barcelona-primera-mirada-a-la-coleccion-otono-invierno-15-16\\\/thumbs\\\/thumbs_custo-barcelona-056.jpg\",\"file\":\"custo-barcelona-056.jpg\",\"meta\":{\"aperture\":false,\"credit\":false,\"camera\":false,\"caption\":\"Ready to Wear Fall\\\/Winter 2015-2016\",\"created_timestamp\":\"February 4, 2015 10:15 pm\",\"copyright\":\"\\u00c2\\u00a9 2015 Estrop-Barcelona PHOTOGRAPH FOR EDITORIAL USE ONLY\",\"focal_length\":false,\"iso\":false,\"shutter_speed\":false,\"flash\":false,\"title\":\"Ready to Wear Fall\\\/Winter 2015-2016\",\"keywords\":\"2015-2016,Fall\\\/Winter,RTW\",\"width\":1337,\"height\":2000,\"saved\":true,\"thumbnail\":{\"width\":220,\"height\":220,\"ewww_image_optimizer\":\"Reduced by 13.2% (5.3&nbsp;kB)\"},\"webview\":{\"0\":802,\"1\":1200,\"2\":2,\"3\":\"width=\\\"802\\\" height=\\\"1200\\\"\",\"bits\":8,\"channels\":3,\"mime\":\"image\\\/jpeg\",\"ewww_image_optimizer\":\"Reduced by 5.1% (8.6&nbsp;kB) - Previously Optimized\"},\"0\":false,\"ewww_image_optimizer\":\"Reduced by 17.9% (35.7&nbsp;kB)\",\"views\":\"0\",\"likes\":\"0\"},\"title\":\"Ready to Wear Fall\\\/Winter 2015-2016\",\"description\":\"<p>Ready to Wear Fall\\\/Winter 2015-2016<\\\/p>\",\"link\":null,\"link_target\":\"\",\"download\":\"https:\\\/\\\/bobvarela.com\\\/wp-content\\\/flagallery\\\/custo-barcelona-primera-mirada-a-la-coleccion-otono-invierno-15-16\\\/custo-barcelona-056.jpg\",\"ratio\":0.66833333333333333481363069950020872056484222412109375},{\"id\":\"19227\",\"image\":\"https:\\\/\\\/bobvarela.com\\\/wp-content\\\/flagallery\\\/custo-barcelona-primera-mirada-a-la-coleccion-otono-invierno-15-16\\\/webview\\\/custo-barcelona-058.jpg\",\"thumb\":\"https:\\\/\\\/bobvarela.com\\\/wp-content\\\/flagallery\\\/custo-barcelona-primera-mirada-a-la-coleccion-otono-invierno-15-16\\\/thumbs\\\/thumbs_custo-barcelona-058.jpg\",\"file\":\"custo-barcelona-058.jpg\",\"meta\":{\"aperture\":false,\"credit\":false,\"camera\":false,\"caption\":\"Ready to Wear Fall\\\/Winter 2015-2016\",\"created_timestamp\":\"February 4, 2015 10:15 pm\",\"copyright\":\"\\u00c2\\u00a9 2015 Estrop-Barcelona PHOTOGRAPH FOR EDITORIAL USE ONLY\",\"focal_length\":false,\"iso\":false,\"shutter_speed\":false,\"flash\":false,\"title\":\"Ready to Wear Fall\\\/Winter 2015-2016\",\"keywords\":\"2015-2016,Fall\\\/Winter,RTW\",\"width\":1337,\"height\":2000,\"saved\":true,\"thumbnail\":{\"width\":220,\"height\":220,\"ewww_image_optimizer\":\"Reduced by 9.6% (3.7&nbsp;kB)\"},\"webview\":{\"0\":802,\"1\":1200,\"2\":2,\"3\":\"width=\\\"802\\\" height=\\\"1200\\\"\",\"bits\":8,\"channels\":3,\"mime\":\"image\\\/jpeg\",\"ewww_image_optimizer\":\"Reduced by 3.8% (5.7&nbsp;kB) - Previously Optimized\"},\"0\":false,\"ewww_image_optimizer\":\"Reduced by 10.3% (16.9&nbsp;kB)\",\"views\":\"0\",\"likes\":\"0\"},\"title\":\"Ready to Wear Fall\\\/Winter 2015-2016\",\"description\":\"<p>Ready to Wear Fall\\\/Winter 2015-2016<\\\/p>\",\"link\":null,\"link_target\":\"\",\"download\":\"https:\\\/\\\/bobvarela.com\\\/wp-content\\\/flagallery\\\/custo-barcelona-primera-mirada-a-la-coleccion-otono-invierno-15-16\\\/custo-barcelona-058.jpg\",\"ratio\":0.66833333333333333481363069950020872056484222412109375},{\"id\":\"19228\",\"image\":\"https:\\\/\\\/bobvarela.com\\\/wp-content\\\/flagallery\\\/custo-barcelona-primera-mirada-a-la-coleccion-otono-invierno-15-16\\\/webview\\\/custo-barcelona-059.jpg\",\"thumb\":\"https:\\\/\\\/bobvarela.com\\\/wp-content\\\/flagallery\\\/custo-barcelona-primera-mirada-a-la-coleccion-otono-invierno-15-16\\\/thumbs\\\/thumbs_custo-barcelona-059.jpg\",\"file\":\"custo-barcelona-059.jpg\",\"meta\":{\"aperture\":false,\"credit\":false,\"camera\":false,\"caption\":\"Ready to Wear Fall\\\/Winter 2015-2016\",\"created_timestamp\":\"February 4, 2015 10:15 pm\",\"copyright\":\"\\u00c2\\u00a9 2015 Estrop-Barcelona PHOTOGRAPH FOR EDITORIAL USE ONLY\",\"focal_length\":false,\"iso\":false,\"shutter_speed\":false,\"flash\":false,\"title\":\"Ready to Wear Fall\\\/Winter 2015-2016\",\"keywords\":\"2015-2016,Fall\\\/Winter,RTW\",\"width\":1337,\"height\":2000,\"saved\":true,\"thumbnail\":{\"width\":220,\"height\":220,\"ewww_image_optimizer\":\"Reduced by 9.4% (3.1&nbsp;kB)\"},\"webview\":{\"0\":802,\"1\":1200,\"2\":2,\"3\":\"width=\\\"802\\\" height=\\\"1200\\\"\",\"bits\":8,\"channels\":3,\"mime\":\"image\\\/jpeg\",\"ewww_image_optimizer\":\"Reduced by 3.2% (4.6&nbsp;kB) - Previously Optimized\"},\"0\":false,\"ewww_image_optimizer\":\"Reduced by 23.2% (45.3&nbsp;kB)\",\"views\":\"0\",\"likes\":\"0\"},\"title\":\"Ready to Wear Fall\\\/Winter 2015-2016\",\"description\":\"<p>Ready to Wear Fall\\\/Winter 2015-2016<\\\/p>\",\"link\":null,\"link_target\":\"\",\"download\":\"https:\\\/\\\/bobvarela.com\\\/wp-content\\\/flagallery\\\/custo-barcelona-primera-mirada-a-la-coleccion-otono-invierno-15-16\\\/custo-barcelona-059.jpg\",\"ratio\":0.66833333333333333481363069950020872056484222412109375},{\"id\":\"19229\",\"image\":\"https:\\\/\\\/bobvarela.com\\\/wp-content\\\/flagallery\\\/custo-barcelona-primera-mirada-a-la-coleccion-otono-invierno-15-16\\\/webview\\\/custo-barcelona-061.jpg\",\"thumb\":\"https:\\\/\\\/bobvarela.com\\\/wp-content\\\/flagallery\\\/custo-barcelona-primera-mirada-a-la-coleccion-otono-invierno-15-16\\\/thumbs\\\/thumbs_custo-barcelona-061.jpg\",\"file\":\"custo-barcelona-061.jpg\",\"meta\":{\"aperture\":false,\"credit\":false,\"camera\":false,\"caption\":\"Ready to Wear Fall\\\/Winter 2015-2016\",\"created_timestamp\":\"February 4, 2015 10:15 pm\",\"copyright\":\"\\u00c2\\u00a9 2015 Estrop-Barcelona PHOTOGRAPH FOR EDITORIAL USE ONLY\",\"focal_length\":false,\"iso\":false,\"shutter_speed\":false,\"flash\":false,\"title\":\"Ready to Wear Fall\\\/Winter 2015-2016\",\"keywords\":\"2015-2016,Fall\\\/Winter,RTW\",\"width\":1337,\"height\":2000,\"saved\":true,\"thumbnail\":{\"width\":220,\"height\":220,\"ewww_image_optimizer\":\"Reduced by 10.0% (3.0&nbsp;kB)\"},\"webview\":{\"0\":802,\"1\":1200,\"2\":2,\"3\":\"width=\\\"802\\\" height=\\\"1200\\\"\",\"bits\":8,\"channels\":3,\"mime\":\"image\\\/jpeg\",\"ewww_image_optimizer\":\"Reduced by 4.2% (5.5&nbsp;kB) - Previously Optimized\"},\"0\":false,\"ewww_image_optimizer\":\"Reduced by 22.7% (40.2&nbsp;kB)\",\"views\":\"1\",\"likes\":\"0\"},\"title\":\"Ready to Wear Fall\\\/Winter 2015-2016\",\"description\":\"<p>Ready to Wear Fall\\\/Winter 2015-2016<\\\/p>\",\"link\":null,\"link_target\":\"\",\"download\":\"https:\\\/\\\/bobvarela.com\\\/wp-content\\\/flagallery\\\/custo-barcelona-primera-mirada-a-la-coleccion-otono-invierno-15-16\\\/custo-barcelona-061.jpg\",\"ratio\":0.66833333333333333481363069950020872056484222412109375},{\"id\":\"19230\",\"image\":\"https:\\\/\\\/bobvarela.com\\\/wp-content\\\/flagallery\\\/custo-barcelona-primera-mirada-a-la-coleccion-otono-invierno-15-16\\\/webview\\\/custo-barcelona-063.jpg\",\"thumb\":\"https:\\\/\\\/bobvarela.com\\\/wp-content\\\/flagallery\\\/custo-barcelona-primera-mirada-a-la-coleccion-otono-invierno-15-16\\\/thumbs\\\/thumbs_custo-barcelona-063.jpg\",\"file\":\"custo-barcelona-063.jpg\",\"meta\":{\"aperture\":false,\"credit\":false,\"camera\":false,\"caption\":\"Ready to Wear Fall\\\/Winter 2015-2016\",\"created_timestamp\":\"February 4, 2015 10:15 pm\",\"copyright\":\"\\u00c2\\u00a9 2015 Estrop-Barcelona PHOTOGRAPH FOR EDITORIAL USE ONLY\",\"focal_length\":false,\"iso\":false,\"shutter_speed\":false,\"flash\":false,\"title\":\"Ready to Wear Fall\\\/Winter 2015-2016\",\"keywords\":\"2015-2016,Fall\\\/Winter,RTW\",\"width\":1337,\"height\":2000,\"saved\":true,\"thumbnail\":{\"width\":220,\"height\":220,\"ewww_image_optimizer\":\"Reduced by 9.3% (3.0&nbsp;kB)\"},\"webview\":{\"0\":802,\"1\":1200,\"2\":2,\"3\":\"width=\\\"802\\\" height=\\\"1200\\\"\",\"bits\":8,\"channels\":3,\"mime\":\"image\\\/jpeg\",\"ewww_image_optimizer\":\"Reduced by 3.8% (5.0&nbsp;kB) - Previously Optimized\"},\"0\":false,\"ewww_image_optimizer\":\"Reduced by 11.4% (18.4&nbsp;kB)\",\"views\":\"0\",\"likes\":\"0\"},\"title\":\"Ready to Wear Fall\\\/Winter 2015-2016\",\"description\":\"<p>Ready to Wear Fall\\\/Winter 2015-2016<\\\/p>\",\"link\":null,\"link_target\":\"\",\"download\":\"https:\\\/\\\/bobvarela.com\\\/wp-content\\\/flagallery\\\/custo-barcelona-primera-mirada-a-la-coleccion-otono-invierno-15-16\\\/custo-barcelona-063.jpg\",\"ratio\":0.66833333333333333481363069950020872056484222412109375},{\"id\":\"19231\",\"image\":\"https:\\\/\\\/bobvarela.com\\\/wp-content\\\/flagallery\\\/custo-barcelona-primera-mirada-a-la-coleccion-otono-invierno-15-16\\\/webview\\\/custo-barcelona-065.jpg\",\"thumb\":\"https:\\\/\\\/bobvarela.com\\\/wp-content\\\/flagallery\\\/custo-barcelona-primera-mirada-a-la-coleccion-otono-invierno-15-16\\\/thumbs\\\/thumbs_custo-barcelona-065.jpg\",\"file\":\"custo-barcelona-065.jpg\",\"meta\":{\"aperture\":false,\"credit\":false,\"camera\":false,\"caption\":\"Ready to Wear Fall\\\/Winter 2015-2016\",\"created_timestamp\":\"February 4, 2015 10:16 pm\",\"copyright\":\"\\u00c2\\u00a9 2015 Estrop-Barcelona PHOTOGRAPH FOR EDITORIAL USE ONLY\",\"focal_length\":false,\"iso\":false,\"shutter_speed\":false,\"flash\":false,\"title\":\"Ready to Wear Fall\\\/Winter 2015-2016\",\"keywords\":\"2015-2016,Fall\\\/Winter,RTW\",\"width\":1337,\"height\":2000,\"saved\":true,\"thumbnail\":{\"width\":220,\"height\":220,\"ewww_image_optimizer\":\"Reduced by 9.0% (2.9&nbsp;kB)\"},\"webview\":{\"0\":802,\"1\":1200,\"2\":2,\"3\":\"width=\\\"802\\\" height=\\\"1200\\\"\",\"bits\":8,\"channels\":3,\"mime\":\"image\\\/jpeg\",\"ewww_image_optimizer\":\"Reduced by 4.0% (5.3&nbsp;kB) - Previously Optimized\"},\"0\":false,\"ewww_image_optimizer\":\"Reduced by 11.9% (23.2&nbsp;kB)\",\"views\":\"0\",\"likes\":\"0\"},\"title\":\"Ready to Wear Fall\\\/Winter 2015-2016\",\"description\":\"<p>Ready to Wear Fall\\\/Winter 2015-2016<\\\/p>\",\"link\":null,\"link_target\":\"\",\"download\":\"https:\\\/\\\/bobvarela.com\\\/wp-content\\\/flagallery\\\/custo-barcelona-primera-mirada-a-la-coleccion-otono-invierno-15-16\\\/custo-barcelona-065.jpg\",\"ratio\":0.66833333333333333481363069950020872056484222412109375},{\"id\":\"19232\",\"image\":\"https:\\\/\\\/bobvarela.com\\\/wp-content\\\/flagallery\\\/custo-barcelona-primera-mirada-a-la-coleccion-otono-invierno-15-16\\\/webview\\\/custo-barcelona-066.jpg\",\"thumb\":\"https:\\\/\\\/bobvarela.com\\\/wp-content\\\/flagallery\\\/custo-barcelona-primera-mirada-a-la-coleccion-otono-invierno-15-16\\\/thumbs\\\/thumbs_custo-barcelona-066.jpg\",\"file\":\"custo-barcelona-066.jpg\",\"meta\":{\"aperture\":false,\"credit\":false,\"camera\":false,\"caption\":\"Ready to Wear Fall\\\/Winter 2015-2016\",\"created_timestamp\":\"February 4, 2015 10:16 pm\",\"copyright\":\"\\u00c2\\u00a9 2015 Estrop-Barcelona PHOTOGRAPH FOR EDITORIAL USE ONLY\",\"focal_length\":false,\"iso\":false,\"shutter_speed\":false,\"flash\":false,\"title\":\"Ready to Wear Fall\\\/Winter 2015-2016\",\"keywords\":\"2015-2016,Fall\\\/Winter,RTW\",\"width\":1337,\"height\":2000,\"saved\":true,\"thumbnail\":{\"width\":220,\"height\":220,\"ewww_image_optimizer\":\"Reduced by 10.2% (4.0&nbsp;kB)\"},\"webview\":{\"0\":802,\"1\":1200,\"2\":2,\"3\":\"width=\\\"802\\\" height=\\\"1200\\\"\",\"bits\":8,\"channels\":3,\"mime\":\"image\\\/jpeg\",\"ewww_image_optimizer\":\"Reduced by 4.1% (6.9&nbsp;kB) - Previously Optimized\"},\"0\":false,\"ewww_image_optimizer\":\"Reduced by 13.8% (23.3&nbsp;kB)\",\"views\":\"0\",\"likes\":\"0\"},\"title\":\"Ready to Wear Fall\\\/Winter 2015-2016\",\"description\":\"<p>Ready to Wear Fall\\\/Winter 2015-2016<\\\/p>\",\"link\":null,\"link_target\":\"\",\"download\":\"https:\\\/\\\/bobvarela.com\\\/wp-content\\\/flagallery\\\/custo-barcelona-primera-mirada-a-la-coleccion-otono-invierno-15-16\\\/custo-barcelona-066.jpg\",\"ratio\":0.66833333333333333481363069950020872056484222412109375},{\"id\":\"19233\",\"image\":\"https:\\\/\\\/bobvarela.com\\\/wp-content\\\/flagallery\\\/custo-barcelona-primera-mirada-a-la-coleccion-otono-invierno-15-16\\\/webview\\\/custo-barcelona-067.jpg\",\"thumb\":\"https:\\\/\\\/bobvarela.com\\\/wp-content\\\/flagallery\\\/custo-barcelona-primera-mirada-a-la-coleccion-otono-invierno-15-16\\\/thumbs\\\/thumbs_custo-barcelona-067.jpg\",\"file\":\"custo-barcelona-067.jpg\",\"meta\":{\"aperture\":false,\"credit\":false,\"camera\":false,\"caption\":\"Ready to Wear Fall\\\/Winter 2015-2016\",\"created_timestamp\":\"February 4, 2015 10:16 pm\",\"copyright\":\"\\u00c2\\u00a9 2015 Estrop-Barcelona PHOTOGRAPH FOR EDITORIAL USE ONLY\",\"focal_length\":false,\"iso\":false,\"shutter_speed\":false,\"flash\":false,\"title\":\"Ready to Wear Fall\\\/Winter 2015-2016\",\"keywords\":\"2015-2016,Fall\\\/Winter,RTW\",\"width\":1337,\"height\":2000,\"saved\":true,\"thumbnail\":{\"width\":220,\"height\":220,\"ewww_image_optimizer\":\"Reduced by 13.0% (5.0&nbsp;kB)\"},\"webview\":{\"0\":802,\"1\":1200,\"2\":2,\"3\":\"width=\\\"802\\\" height=\\\"1200\\\"\",\"bits\":8,\"channels\":3,\"mime\":\"image\\\/jpeg\",\"ewww_image_optimizer\":\"Reduced by 5.1% (8.2&nbsp;kB) - Previously Optimized\"},\"0\":false,\"ewww_image_optimizer\":\"Reduced by 19.2% (38.0&nbsp;kB)\",\"views\":\"0\",\"likes\":\"0\"},\"title\":\"Ready to Wear Fall\\\/Winter 2015-2016\",\"description\":\"<p>Ready to Wear Fall\\\/Winter 2015-2016<\\\/p>\",\"link\":null,\"link_target\":\"\",\"download\":\"https:\\\/\\\/bobvarela.com\\\/wp-content\\\/flagallery\\\/custo-barcelona-primera-mirada-a-la-coleccion-otono-invierno-15-16\\\/custo-barcelona-067.jpg\",\"ratio\":0.66833333333333333481363069950020872056484222412109375},{\"id\":\"19234\",\"image\":\"https:\\\/\\\/bobvarela.com\\\/wp-content\\\/flagallery\\\/custo-barcelona-primera-mirada-a-la-coleccion-otono-invierno-15-16\\\/webview\\\/custo-barcelona-069.jpg\",\"thumb\":\"https:\\\/\\\/bobvarela.com\\\/wp-content\\\/flagallery\\\/custo-barcelona-primera-mirada-a-la-coleccion-otono-invierno-15-16\\\/thumbs\\\/thumbs_custo-barcelona-069.jpg\",\"file\":\"custo-barcelona-069.jpg\",\"meta\":{\"aperture\":false,\"credit\":false,\"camera\":false,\"caption\":\"Ready to Wear Fall\\\/Winter 2015-2016\",\"created_timestamp\":\"February 4, 2015 10:16 pm\",\"copyright\":\"\\u00c2\\u00a9 2015 Estrop-Barcelona PHOTOGRAPH FOR EDITORIAL USE ONLY\",\"focal_length\":false,\"iso\":false,\"shutter_speed\":false,\"flash\":false,\"title\":\"Ready to Wear Fall\\\/Winter 2015-2016\",\"keywords\":\"2015-2016,Fall\\\/Winter,RTW\",\"width\":1337,\"height\":2000,\"saved\":true,\"thumbnail\":{\"width\":220,\"height\":220,\"ewww_image_optimizer\":\"Reduced by 7.7% (2.9&nbsp;kB)\"},\"webview\":{\"0\":802,\"1\":1200,\"2\":2,\"3\":\"width=\\\"802\\\" height=\\\"1200\\\"\",\"bits\":8,\"channels\":3,\"mime\":\"image\\\/jpeg\",\"ewww_image_optimizer\":\"Reduced by 4.8% (7.8&nbsp;kB) - Previously Optimized\"},\"0\":false,\"ewww_image_optimizer\":\"Reduced by 6.7% (12.0&nbsp;kB)\",\"views\":\"0\",\"likes\":\"0\"},\"title\":\"Ready to Wear Fall\\\/Winter 2015-2016\",\"description\":\"<p>Ready to Wear Fall\\\/Winter 2015-2016<\\\/p>\",\"link\":null,\"link_target\":\"\",\"download\":\"https:\\\/\\\/bobvarela.com\\\/wp-content\\\/flagallery\\\/custo-barcelona-primera-mirada-a-la-coleccion-otono-invierno-15-16\\\/custo-barcelona-069.jpg\",\"ratio\":0.66833333333333333481363069950020872056484222412109375},{\"id\":\"19235\",\"image\":\"https:\\\/\\\/bobvarela.com\\\/wp-content\\\/flagallery\\\/custo-barcelona-primera-mirada-a-la-coleccion-otono-invierno-15-16\\\/webview\\\/custo-barcelona-070.jpg\",\"thumb\":\"https:\\\/\\\/bobvarela.com\\\/wp-content\\\/flagallery\\\/custo-barcelona-primera-mirada-a-la-coleccion-otono-invierno-15-16\\\/thumbs\\\/thumbs_custo-barcelona-070.jpg\",\"file\":\"custo-barcelona-070.jpg\",\"meta\":{\"aperture\":false,\"credit\":false,\"camera\":false,\"caption\":\"Ready to Wear Fall\\\/Winter 2015-2016\",\"created_timestamp\":\"February 4, 2015 10:16 pm\",\"copyright\":\"\\u00c2\\u00a9 2015 Estrop-Barcelona PHOTOGRAPH FOR EDITORIAL USE ONLY\",\"focal_length\":false,\"iso\":false,\"shutter_speed\":false,\"flash\":false,\"title\":\"Ready to Wear Fall\\\/Winter 2015-2016\",\"keywords\":\"2015-2016,Fall\\\/Winter,RTW\",\"width\":1337,\"height\":2000,\"saved\":true,\"thumbnail\":{\"width\":220,\"height\":220,\"ewww_image_optimizer\":\"Reduced by 11.4% (4.9&nbsp;kB)\"},\"webview\":{\"0\":802,\"1\":1200,\"2\":2,\"3\":\"width=\\\"802\\\" height=\\\"1200\\\"\",\"bits\":8,\"channels\":3,\"mime\":\"image\\\/jpeg\",\"ewww_image_optimizer\":\"Reduced by 3.7% (5.8&nbsp;kB) - Previously Optimized\"},\"0\":false,\"ewww_image_optimizer\":\"Reduced by 7.7% (13.0&nbsp;kB)\",\"views\":\"0\",\"likes\":\"0\"},\"title\":\"Ready to Wear Fall\\\/Winter 2015-2016\",\"description\":\"<p>Ready to Wear Fall\\\/Winter 2015-2016<\\\/p>\",\"link\":null,\"link_target\":\"\",\"download\":\"https:\\\/\\\/bobvarela.com\\\/wp-content\\\/flagallery\\\/custo-barcelona-primera-mirada-a-la-coleccion-otono-invierno-15-16\\\/custo-barcelona-070.jpg\",\"ratio\":0.66833333333333333481363069950020872056484222412109375},{\"id\":\"19236\",\"image\":\"https:\\\/\\\/bobvarela.com\\\/wp-content\\\/flagallery\\\/custo-barcelona-primera-mirada-a-la-coleccion-otono-invierno-15-16\\\/webview\\\/custo-barcelona-071.jpg\",\"thumb\":\"https:\\\/\\\/bobvarela.com\\\/wp-content\\\/flagallery\\\/custo-barcelona-primera-mirada-a-la-coleccion-otono-invierno-15-16\\\/thumbs\\\/thumbs_custo-barcelona-071.jpg\",\"file\":\"custo-barcelona-071.jpg\",\"meta\":{\"aperture\":false,\"credit\":false,\"camera\":false,\"caption\":\"Ready to Wear Fall\\\/Winter 2015-2016\",\"created_timestamp\":\"February 4, 2015 10:16 pm\",\"copyright\":\"\\u00c2\\u00a9 2015 Estrop-Barcelona PHOTOGRAPH FOR EDITORIAL USE ONLY\",\"focal_length\":false,\"iso\":false,\"shutter_speed\":false,\"flash\":false,\"title\":\"Ready to Wear Fall\\\/Winter 2015-2016\",\"keywords\":\"2015-2016,Fall\\\/Winter,RTW\",\"width\":1337,\"height\":2000,\"saved\":true,\"thumbnail\":{\"width\":220,\"height\":220,\"ewww_image_optimizer\":\"Reduced by 12.2% (5.9&nbsp;kB)\"},\"webview\":{\"0\":1337,\"1\":2000,\"2\":2,\"3\":\"width=\\\"1337\\\" height=\\\"2000\\\"\",\"bits\":8,\"channels\":3,\"mime\":\"image\\\/jpeg\",\"ewww_image_optimizer\":\"Reduced by 11.3% (19.2&nbsp;kB)\"},\"0\":false,\"ewww_image_optimizer\":\"Reduced by 11.3% (19.2&nbsp;kB)\",\"views\":\"0\",\"likes\":\"0\"},\"title\":\"Ready to Wear Fall\\\/Winter 2015-2016\",\"description\":\"<p>Ready to Wear Fall\\\/Winter 2015-2016<\\\/p>\",\"link\":null,\"link_target\":\"\",\"download\":\"https:\\\/\\\/bobvarela.com\\\/wp-content\\\/flagallery\\\/custo-barcelona-primera-mirada-a-la-coleccion-otono-invierno-15-16\\\/custo-barcelona-071.jpg\",\"ratio\":0.66849999999999998312461002569762058556079864501953125},{\"id\":\"19237\",\"image\":\"https:\\\/\\\/bobvarela.com\\\/wp-content\\\/flagallery\\\/custo-barcelona-primera-mirada-a-la-coleccion-otono-invierno-15-16\\\/webview\\\/custo-barcelona-073.jpg\",\"thumb\":\"https:\\\/\\\/bobvarela.com\\\/wp-content\\\/flagallery\\\/custo-barcelona-primera-mirada-a-la-coleccion-otono-invierno-15-16\\\/thumbs\\\/thumbs_custo-barcelona-073.jpg\",\"file\":\"custo-barcelona-073.jpg\",\"meta\":{\"aperture\":false,\"credit\":false,\"camera\":false,\"caption\":\"Ready to Wear Fall\\\/Winter 2015-2016\",\"created_timestamp\":\"February 4, 2015 10:16 pm\",\"copyright\":\"\\u00c2\\u00a9 2015 Estrop-Barcelona PHOTOGRAPH FOR EDITORIAL USE ONLY\",\"focal_length\":false,\"iso\":false,\"shutter_speed\":false,\"flash\":false,\"title\":\"Ready to Wear Fall\\\/Winter 2015-2016\",\"keywords\":\"2015-2016,Fall\\\/Winter,RTW\",\"width\":1337,\"height\":2000,\"saved\":true,\"thumbnail\":{\"width\":220,\"height\":220,\"ewww_image_optimizer\":\"Reduced by 10.2% (3.8&nbsp;kB)\"},\"webview\":{\"0\":802,\"1\":1200,\"2\":2,\"3\":\"width=\\\"802\\\" height=\\\"1200\\\"\",\"bits\":8,\"channels\":3,\"mime\":\"image\\\/jpeg\",\"ewww_image_optimizer\":\"Reduced by 3.5% (5.0&nbsp;kB) - Previously Optimized\"},\"0\":false,\"ewww_image_optimizer\":\"Reduced by 10.5% (17.6&nbsp;kB)\",\"views\":\"1\",\"likes\":\"0\"},\"title\":\"Ready to Wear Fall\\\/Winter 2015-2016\",\"description\":\"<p>Ready to Wear Fall\\\/Winter 2015-2016<\\\/p>\",\"link\":null,\"link_target\":\"\",\"download\":\"https:\\\/\\\/bobvarela.com\\\/wp-content\\\/flagallery\\\/custo-barcelona-primera-mirada-a-la-coleccion-otono-invierno-15-16\\\/custo-barcelona-073.jpg\",\"ratio\":0.66833333333333333481363069950020872056484222412109375},{\"id\":\"19238\",\"image\":\"https:\\\/\\\/bobvarela.com\\\/wp-content\\\/flagallery\\\/custo-barcelona-primera-mirada-a-la-coleccion-otono-invierno-15-16\\\/webview\\\/custo-barcelona-074.jpg\",\"thumb\":\"https:\\\/\\\/bobvarela.com\\\/wp-content\\\/flagallery\\\/custo-barcelona-primera-mirada-a-la-coleccion-otono-invierno-15-16\\\/thumbs\\\/thumbs_custo-barcelona-074.jpg\",\"file\":\"custo-barcelona-074.jpg\",\"meta\":{\"aperture\":false,\"credit\":false,\"camera\":false,\"caption\":\"Ready to Wear Fall\\\/Winter 2015-2016\",\"created_timestamp\":\"February 4, 2015 10:16 pm\",\"copyright\":\"\\u00c2\\u00a9 2015 Estrop-Barcelona PHOTOGRAPH FOR EDITORIAL USE ONLY\",\"focal_length\":false,\"iso\":false,\"shutter_speed\":false,\"flash\":false,\"title\":\"Ready to Wear Fall\\\/Winter 2015-2016\",\"keywords\":\"2015-2016,Fall\\\/Winter,RTW\",\"width\":1337,\"height\":2000,\"saved\":true,\"thumbnail\":{\"width\":220,\"height\":220,\"ewww_image_optimizer\":\"Reduced by 11.8% (5.0&nbsp;kB)\"},\"webview\":{\"0\":802,\"1\":1200,\"2\":2,\"3\":\"width=\\\"802\\\" height=\\\"1200\\\"\",\"bits\":8,\"channels\":3,\"mime\":\"image\\\/jpeg\",\"ewww_image_optimizer\":\"Reduced by 4.8% (8.7&nbsp;kB) - Previously Optimized\"},\"0\":false,\"ewww_image_optimizer\":\"Reduced by 13.0% (23.8&nbsp;kB)\",\"views\":\"0\",\"likes\":\"0\"},\"title\":\"Ready to Wear Fall\\\/Winter 2015-2016\",\"description\":\"<p>Ready to Wear Fall\\\/Winter 2015-2016<\\\/p>\",\"link\":null,\"link_target\":\"\",\"download\":\"https:\\\/\\\/bobvarela.com\\\/wp-content\\\/flagallery\\\/custo-barcelona-primera-mirada-a-la-coleccion-otono-invierno-15-16\\\/custo-barcelona-074.jpg\",\"ratio\":0.66833333333333333481363069950020872056484222412109375},{\"id\":\"19239\",\"image\":\"https:\\\/\\\/bobvarela.com\\\/wp-content\\\/flagallery\\\/custo-barcelona-primera-mirada-a-la-coleccion-otono-invierno-15-16\\\/webview\\\/custo-barcelona-076.jpg\",\"thumb\":\"https:\\\/\\\/bobvarela.com\\\/wp-content\\\/flagallery\\\/custo-barcelona-primera-mirada-a-la-coleccion-otono-invierno-15-16\\\/thumbs\\\/thumbs_custo-barcelona-076.jpg\",\"file\":\"custo-barcelona-076.jpg\",\"meta\":{\"aperture\":false,\"credit\":false,\"camera\":false,\"caption\":\"Ready to Wear Fall\\\/Winter 2015-2016\",\"created_timestamp\":\"February 4, 2015 10:16 pm\",\"copyright\":\"\\u00c2\\u00a9 2015 Estrop-Barcelona PHOTOGRAPH FOR EDITORIAL USE ONLY\",\"focal_length\":false,\"iso\":false,\"shutter_speed\":false,\"flash\":false,\"title\":\"Ready to Wear Fall\\\/Winter 2015-2016\",\"keywords\":\"2015-2016,Fall\\\/Winter,RTW\",\"width\":1337,\"height\":2000,\"saved\":true,\"thumbnail\":{\"width\":220,\"height\":220,\"ewww_image_optimizer\":\"Reduced by 11.2% (4.1&nbsp;kB)\"},\"webview\":{\"0\":802,\"1\":1200,\"2\":2,\"3\":\"width=\\\"802\\\" height=\\\"1200\\\"\",\"bits\":8,\"channels\":3,\"mime\":\"image\\\/jpeg\",\"ewww_image_optimizer\":\"Reduced by 3.9% (5.9&nbsp;kB) - Previously Optimized\"},\"0\":false,\"ewww_image_optimizer\":\"Reduced by 18.9% (37.7&nbsp;kB)\",\"views\":\"0\",\"likes\":\"0\"},\"title\":\"Ready to Wear Fall\\\/Winter 2015-2016\",\"description\":\"<p>Ready to Wear Fall\\\/Winter 2015-2016<\\\/p>\",\"link\":null,\"link_target\":\"\",\"download\":\"https:\\\/\\\/bobvarela.com\\\/wp-content\\\/flagallery\\\/custo-barcelona-primera-mirada-a-la-coleccion-otono-invierno-15-16\\\/custo-barcelona-076.jpg\",\"ratio\":0.66833333333333333481363069950020872056484222412109375},{\"id\":\"19240\",\"image\":\"https:\\\/\\\/bobvarela.com\\\/wp-content\\\/flagallery\\\/custo-barcelona-primera-mirada-a-la-coleccion-otono-invierno-15-16\\\/webview\\\/custo-barcelona-078.jpg\",\"thumb\":\"https:\\\/\\\/bobvarela.com\\\/wp-content\\\/flagallery\\\/custo-barcelona-primera-mirada-a-la-coleccion-otono-invierno-15-16\\\/thumbs\\\/thumbs_custo-barcelona-078.jpg\",\"file\":\"custo-barcelona-078.jpg\",\"meta\":{\"aperture\":false,\"credit\":false,\"camera\":false,\"caption\":\"Ready to Wear Fall\\\/Winter 2015-2016\",\"created_timestamp\":\"February 4, 2015 10:17 pm\",\"copyright\":\"\\u00c2\\u00a9 2015 Estrop-Barcelona PHOTOGRAPH FOR EDITORIAL USE ONLY\",\"focal_length\":false,\"iso\":false,\"shutter_speed\":false,\"flash\":false,\"title\":\"Ready to Wear Fall\\\/Winter 2015-2016\",\"keywords\":\"2015-2016,Fall\\\/Winter,RTW\",\"width\":1337,\"height\":2000,\"saved\":true,\"thumbnail\":{\"width\":220,\"height\":220,\"ewww_image_optimizer\":\"Reduced by 10.0% (3.3&nbsp;kB)\"},\"webview\":{\"0\":802,\"1\":1200,\"2\":2,\"3\":\"width=\\\"802\\\" height=\\\"1200\\\"\",\"bits\":8,\"channels\":3,\"mime\":\"image\\\/jpeg\",\"ewww_image_optimizer\":\"Reduced by 3.4% (4.3&nbsp;kB) - Previously Optimized\"},\"0\":false,\"ewww_image_optimizer\":\"Reduced by 16.2% (29.8&nbsp;kB)\",\"views\":\"0\",\"likes\":\"0\"},\"title\":\"Ready to Wear Fall\\\/Winter 2015-2016\",\"description\":\"<p>Ready to Wear Fall\\\/Winter 2015-2016<\\\/p>\",\"link\":null,\"link_target\":\"\",\"download\":\"https:\\\/\\\/bobvarela.com\\\/wp-content\\\/flagallery\\\/custo-barcelona-primera-mirada-a-la-coleccion-otono-invierno-15-16\\\/custo-barcelona-078.jpg\",\"ratio\":0.66833333333333333481363069950020872056484222412109375},{\"id\":\"19241\",\"image\":\"https:\\\/\\\/bobvarela.com\\\/wp-content\\\/flagallery\\\/custo-barcelona-primera-mirada-a-la-coleccion-otono-invierno-15-16\\\/webview\\\/custo-barcelona-079.jpg\",\"thumb\":\"https:\\\/\\\/bobvarela.com\\\/wp-content\\\/flagallery\\\/custo-barcelona-primera-mirada-a-la-coleccion-otono-invierno-15-16\\\/thumbs\\\/thumbs_custo-barcelona-079.jpg\",\"file\":\"custo-barcelona-079.jpg\",\"meta\":{\"aperture\":false,\"credit\":false,\"camera\":false,\"caption\":\"Ready to Wear Fall\\\/Winter 2015-2016\",\"created_timestamp\":\"February 4, 2015 10:17 pm\",\"copyright\":\"\\u00c2\\u00a9 2015 Estrop-Barcelona PHOTOGRAPH FOR EDITORIAL USE ONLY\",\"focal_length\":false,\"iso\":false,\"shutter_speed\":false,\"flash\":false,\"title\":\"Ready to Wear Fall\\\/Winter 2015-2016\",\"keywords\":\"2015-2016,Fall\\\/Winter,RTW\",\"width\":1337,\"height\":2000,\"saved\":true,\"thumbnail\":{\"width\":220,\"height\":220,\"ewww_image_optimizer\":\"Reduced by 12.8% (5.1&nbsp;kB)\"},\"webview\":{\"0\":802,\"1\":1200,\"2\":2,\"3\":\"width=\\\"802\\\" height=\\\"1200\\\"\",\"bits\":8,\"channels\":3,\"mime\":\"image\\\/jpeg\",\"ewww_image_optimizer\":\"Reduced by 5.6% (9.3&nbsp;kB) - Previously Optimized\"},\"0\":false,\"ewww_image_optimizer\":\"Reduced by 17.2% (33.2&nbsp;kB)\",\"views\":\"0\",\"likes\":\"0\"},\"title\":\"Ready to Wear Fall\\\/Winter 2015-2016\",\"description\":\"<p>Ready to Wear Fall\\\/Winter 2015-2016<\\\/p>\",\"link\":null,\"link_target\":\"\",\"download\":\"https:\\\/\\\/bobvarela.com\\\/wp-content\\\/flagallery\\\/custo-barcelona-primera-mirada-a-la-coleccion-otono-invierno-15-16\\\/custo-barcelona-079.jpg\",\"ratio\":0.66833333333333333481363069950020872056484222412109375},{\"id\":\"19242\",\"image\":\"https:\\\/\\\/bobvarela.com\\\/wp-content\\\/flagallery\\\/custo-barcelona-primera-mirada-a-la-coleccion-otono-invierno-15-16\\\/webview\\\/custo-barcelona-080.jpg\",\"thumb\":\"https:\\\/\\\/bobvarela.com\\\/wp-content\\\/flagallery\\\/custo-barcelona-primera-mirada-a-la-coleccion-otono-invierno-15-16\\\/thumbs\\\/thumbs_custo-barcelona-080.jpg\",\"file\":\"custo-barcelona-080.jpg\",\"meta\":{\"aperture\":false,\"credit\":false,\"camera\":false,\"caption\":\"Ready to Wear Fall\\\/Winter 2015-2016\",\"created_timestamp\":\"February 4, 2015 10:17 pm\",\"copyright\":\"\\u00c2\\u00a9 2015 Estrop-Barcelona PHOTOGRAPH FOR EDITORIAL USE ONLY\",\"focal_length\":false,\"iso\":false,\"shutter_speed\":false,\"flash\":false,\"title\":\"Ready to Wear Fall\\\/Winter 2015-2016\",\"keywords\":\"2015-2016,Fall\\\/Winter,RTW\",\"width\":1337,\"height\":2000,\"saved\":true,\"thumbnail\":{\"width\":220,\"height\":220,\"ewww_image_optimizer\":\"Reduced by 10.3% (3.4&nbsp;kB)\"},\"webview\":{\"0\":802,\"1\":1200,\"2\":2,\"3\":\"width=\\\"802\\\" height=\\\"1200\\\"\",\"bits\":8,\"channels\":3,\"mime\":\"image\\\/jpeg\",\"ewww_image_optimizer\":\"Reduced by 4.1% (5.7&nbsp;kB) - Previously Optimized\"},\"0\":false,\"ewww_image_optimizer\":\"Reduced by 17.5% (28.1&nbsp;kB)\",\"views\":\"0\",\"likes\":\"0\"},\"title\":\"Ready to Wear Fall\\\/Winter 2015-2016\",\"description\":\"<p>Ready to Wear Fall\\\/Winter 2015-2016<\\\/p>\",\"link\":null,\"link_target\":\"\",\"download\":\"https:\\\/\\\/bobvarela.com\\\/wp-content\\\/flagallery\\\/custo-barcelona-primera-mirada-a-la-coleccion-otono-invierno-15-16\\\/custo-barcelona-080.jpg\",\"ratio\":0.66833333333333333481363069950020872056484222412109375},{\"id\":\"19243\",\"image\":\"https:\\\/\\\/bobvarela.com\\\/wp-content\\\/flagallery\\\/custo-barcelona-primera-mirada-a-la-coleccion-otono-invierno-15-16\\\/webview\\\/custo-barcelona-082.jpg\",\"thumb\":\"https:\\\/\\\/bobvarela.com\\\/wp-content\\\/flagallery\\\/custo-barcelona-primera-mirada-a-la-coleccion-otono-invierno-15-16\\\/thumbs\\\/thumbs_custo-barcelona-082.jpg\",\"file\":\"custo-barcelona-082.jpg\",\"meta\":{\"aperture\":false,\"credit\":false,\"camera\":false,\"caption\":\"Ready to Wear Fall\\\/Winter 2015-2016\",\"created_timestamp\":\"February 4, 2015 10:17 pm\",\"copyright\":\"\\u00c2\\u00a9 2015 Estrop-Barcelona PHOTOGRAPH FOR EDITORIAL USE ONLY\",\"focal_length\":false,\"iso\":false,\"shutter_speed\":false,\"flash\":false,\"title\":\"Ready to Wear Fall\\\/Winter 2015-2016\",\"keywords\":\"2015-2016,Fall\\\/Winter,RTW\",\"width\":1337,\"height\":2000,\"saved\":true,\"thumbnail\":{\"width\":220,\"height\":220,\"ewww_image_optimizer\":\"Reduced by 9.0% (3.0&nbsp;kB)\"},\"webview\":{\"0\":802,\"1\":1200,\"2\":2,\"3\":\"width=\\\"802\\\" height=\\\"1200\\\"\",\"bits\":8,\"channels\":3,\"mime\":\"image\\\/jpeg\",\"ewww_image_optimizer\":\"Reduced by 4.9% (9.1&nbsp;kB) - Previously Optimized\"},\"0\":false,\"ewww_image_optimizer\":\"Reduced by 14.0% (25.4&nbsp;kB)\",\"views\":\"0\",\"likes\":\"0\"},\"title\":\"Ready to Wear Fall\\\/Winter 2015-2016\",\"description\":\"<p>Ready to Wear Fall\\\/Winter 2015-2016<\\\/p>\",\"link\":null,\"link_target\":\"\",\"download\":\"https:\\\/\\\/bobvarela.com\\\/wp-content\\\/flagallery\\\/custo-barcelona-primera-mirada-a-la-coleccion-otono-invierno-15-16\\\/custo-barcelona-082.jpg\",\"ratio\":0.66833333333333333481363069950020872056484222412109375},{\"id\":\"19244\",\"image\":\"https:\\\/\\\/bobvarela.com\\\/wp-content\\\/flagallery\\\/custo-barcelona-primera-mirada-a-la-coleccion-otono-invierno-15-16\\\/webview\\\/custo-barcelona-083.jpg\",\"thumb\":\"https:\\\/\\\/bobvarela.com\\\/wp-content\\\/flagallery\\\/custo-barcelona-primera-mirada-a-la-coleccion-otono-invierno-15-16\\\/thumbs\\\/thumbs_custo-barcelona-083.jpg\",\"file\":\"custo-barcelona-083.jpg\",\"meta\":{\"aperture\":false,\"credit\":false,\"camera\":false,\"caption\":\"Ready to Wear Fall\\\/Winter 2015-2016\",\"created_timestamp\":\"February 4, 2015 10:17 pm\",\"copyright\":\"\\u00c2\\u00a9 2015 Estrop-Barcelona PHOTOGRAPH FOR EDITORIAL USE ONLY\",\"focal_length\":false,\"iso\":false,\"shutter_speed\":false,\"flash\":false,\"title\":\"Ready to Wear Fall\\\/Winter 2015-2016\",\"keywords\":\"2015-2016,Fall\\\/Winter,RTW\",\"width\":1337,\"height\":2000,\"saved\":true,\"thumbnail\":{\"width\":220,\"height\":220,\"ewww_image_optimizer\":\"Reduced by 8.6% (2.4&nbsp;kB)\"},\"webview\":{\"0\":802,\"1\":1200,\"2\":2,\"3\":\"width=\\\"802\\\" height=\\\"1200\\\"\",\"bits\":8,\"channels\":3,\"mime\":\"image\\\/jpeg\",\"ewww_image_optimizer\":\"Reduced by 4.8% (4.9&nbsp;kB) - Previously Optimized\"},\"0\":false,\"ewww_image_optimizer\":\"Reduced by 10.4% (16.3&nbsp;kB)\",\"views\":\"0\",\"likes\":\"0\"},\"title\":\"Ready to Wear Fall\\\/Winter 2015-2016\",\"description\":\"<p>Ready to Wear Fall\\\/Winter 2015-2016<\\\/p>\",\"link\":null,\"link_target\":\"\",\"download\":\"https:\\\/\\\/bobvarela.com\\\/wp-content\\\/flagallery\\\/custo-barcelona-primera-mirada-a-la-coleccion-otono-invierno-15-16\\\/custo-barcelona-083.jpg\",\"ratio\":0.66833333333333333481363069950020872056484222412109375},{\"id\":\"19245\",\"image\":\"https:\\\/\\\/bobvarela.com\\\/wp-content\\\/flagallery\\\/custo-barcelona-primera-mirada-a-la-coleccion-otono-invierno-15-16\\\/webview\\\/custo-barcelona-084.jpg\",\"thumb\":\"https:\\\/\\\/bobvarela.com\\\/wp-content\\\/flagallery\\\/custo-barcelona-primera-mirada-a-la-coleccion-otono-invierno-15-16\\\/thumbs\\\/thumbs_custo-barcelona-084.jpg\",\"file\":\"custo-barcelona-084.jpg\",\"meta\":{\"aperture\":false,\"credit\":false,\"camera\":false,\"caption\":\"Ready to Wear Fall\\\/Winter 2015-2016\",\"created_timestamp\":\"February 4, 2015 10:17 pm\",\"copyright\":\"\\u00c2\\u00a9 2015 Estrop-Barcelona PHOTOGRAPH FOR EDITORIAL USE ONLY\",\"focal_length\":false,\"iso\":false,\"shutter_speed\":false,\"flash\":false,\"title\":\"Ready to Wear Fall\\\/Winter 2015-2016\",\"keywords\":\"2015-2016,Fall\\\/Winter,RTW\",\"width\":1337,\"height\":2000,\"saved\":true,\"thumbnail\":{\"width\":220,\"height\":220,\"ewww_image_optimizer\":\"Reduced by 8.4% (3.1&nbsp;kB)\"},\"webview\":{\"0\":802,\"1\":1200,\"2\":2,\"3\":\"width=\\\"802\\\" height=\\\"1200\\\"\",\"bits\":8,\"channels\":3,\"mime\":\"image\\\/jpeg\",\"ewww_image_optimizer\":\"Reduced by 4.7% (7.7&nbsp;kB) - Previously Optimized\"},\"0\":false,\"ewww_image_optimizer\":\"Reduced by 6.4% (10.7&nbsp;kB)\",\"views\":\"0\",\"likes\":\"0\"},\"title\":\"Ready to Wear Fall\\\/Winter 2015-2016\",\"description\":\"<p>Ready to Wear Fall\\\/Winter 2015-2016<\\\/p>\",\"link\":null,\"link_target\":\"\",\"download\":\"https:\\\/\\\/bobvarela.com\\\/wp-content\\\/flagallery\\\/custo-barcelona-primera-mirada-a-la-coleccion-otono-invierno-15-16\\\/custo-barcelona-084.jpg\",\"ratio\":0.66833333333333333481363069950020872056484222412109375},{\"id\":\"19246\",\"image\":\"https:\\\/\\\/bobvarela.com\\\/wp-content\\\/flagallery\\\/custo-barcelona-primera-mirada-a-la-coleccion-otono-invierno-15-16\\\/webview\\\/custo-barcelona-086.jpg\",\"thumb\":\"https:\\\/\\\/bobvarela.com\\\/wp-content\\\/flagallery\\\/custo-barcelona-primera-mirada-a-la-coleccion-otono-invierno-15-16\\\/thumbs\\\/thumbs_custo-barcelona-086.jpg\",\"file\":\"custo-barcelona-086.jpg\",\"meta\":{\"aperture\":false,\"credit\":false,\"camera\":false,\"caption\":\"Ready to Wear Fall\\\/Winter 2015-2016\",\"created_timestamp\":\"February 4, 2015 10:17 pm\",\"copyright\":\"\\u00c2\\u00a9 2015 Estrop-Barcelona PHOTOGRAPH FOR EDITORIAL USE ONLY\",\"focal_length\":false,\"iso\":false,\"shutter_speed\":false,\"flash\":false,\"title\":\"Ready to Wear Fall\\\/Winter 2015-2016\",\"keywords\":\"2015-2016,Fall\\\/Winter,RTW\",\"width\":1337,\"height\":2000,\"saved\":true,\"thumbnail\":{\"width\":220,\"height\":220,\"ewww_image_optimizer\":\"Reduced by 11.5% (3.9&nbsp;kB)\"},\"webview\":{\"0\":802,\"1\":1200,\"2\":2,\"3\":\"width=\\\"802\\\" height=\\\"1200\\\"\",\"bits\":8,\"channels\":3,\"mime\":\"image\\\/jpeg\",\"ewww_image_optimizer\":\"Reduced by 4.2% (5.9&nbsp;kB) - Previously Optimized\"},\"0\":false,\"ewww_image_optimizer\":\"Reduced by 20.1% (34.3&nbsp;kB)\",\"views\":\"0\",\"likes\":\"0\"},\"title\":\"Ready to Wear Fall\\\/Winter 2015-2016\",\"description\":\"<p>Ready to Wear Fall\\\/Winter 2015-2016<\\\/p>\",\"link\":null,\"link_target\":\"\",\"download\":\"https:\\\/\\\/bobvarela.com\\\/wp-content\\\/flagallery\\\/custo-barcelona-primera-mirada-a-la-coleccion-otono-invierno-15-16\\\/custo-barcelona-086.jpg\",\"ratio\":0.66833333333333333481363069950020872056484222412109375},{\"id\":\"19247\",\"image\":\"https:\\\/\\\/bobvarela.com\\\/wp-content\\\/flagallery\\\/custo-barcelona-primera-mirada-a-la-coleccion-otono-invierno-15-16\\\/webview\\\/custo-barcelona-089.jpg\",\"thumb\":\"https:\\\/\\\/bobvarela.com\\\/wp-content\\\/flagallery\\\/custo-barcelona-primera-mirada-a-la-coleccion-otono-invierno-15-16\\\/thumbs\\\/thumbs_custo-barcelona-089.jpg\",\"file\":\"custo-barcelona-089.jpg\",\"meta\":{\"aperture\":false,\"credit\":false,\"camera\":false,\"caption\":\"Ready to Wear Fall\\\/Winter 2015-2016\",\"created_timestamp\":\"February 4, 2015 10:17 pm\",\"copyright\":\"\\u00c2\\u00a9 2015 Estrop-Barcelona PHOTOGRAPH FOR EDITORIAL USE ONLY\",\"focal_length\":false,\"iso\":false,\"shutter_speed\":false,\"flash\":false,\"title\":\"Ready to Wear Fall\\\/Winter 2015-2016\",\"keywords\":\"2015-2016,Fall\\\/Winter,RTW\",\"width\":1337,\"height\":2000,\"saved\":true,\"thumbnail\":{\"width\":220,\"height\":220,\"ewww_image_optimizer\":\"Reduced by 11.9% (4.3&nbsp;kB)\"},\"webview\":{\"0\":802,\"1\":1200,\"2\":2,\"3\":\"width=\\\"802\\\" height=\\\"1200\\\"\",\"bits\":8,\"channels\":3,\"mime\":\"image\\\/jpeg\",\"ewww_image_optimizer\":\"Reduced by 4.5% (7.0&nbsp;kB) - Previously Optimized\"},\"0\":false,\"ewww_image_optimizer\":\"Reduced by 19.4% (37.7&nbsp;kB)\",\"views\":\"0\",\"likes\":\"0\"},\"title\":\"Ready to Wear Fall\\\/Winter 2015-2016\",\"description\":\"<p>Ready to Wear Fall\\\/Winter 2015-2016<\\\/p>\",\"link\":null,\"link_target\":\"\",\"download\":\"https:\\\/\\\/bobvarela.com\\\/wp-content\\\/flagallery\\\/custo-barcelona-primera-mirada-a-la-coleccion-otono-invierno-15-16\\\/custo-barcelona-089.jpg\",\"ratio\":0.66833333333333333481363069950020872056484222412109375},{\"id\":\"19248\",\"image\":\"https:\\\/\\\/bobvarela.com\\\/wp-content\\\/flagallery\\\/custo-barcelona-primera-mirada-a-la-coleccion-otono-invierno-15-16\\\/webview\\\/custo-barcelona-091.jpg\",\"thumb\":\"https:\\\/\\\/bobvarela.com\\\/wp-content\\\/flagallery\\\/custo-barcelona-primera-mirada-a-la-coleccion-otono-invierno-15-16\\\/thumbs\\\/thumbs_custo-barcelona-091.jpg\",\"file\":\"custo-barcelona-091.jpg\",\"meta\":{\"aperture\":false,\"credit\":false,\"camera\":false,\"caption\":\"Ready to Wear Fall\\\/Winter 2015-2016\",\"created_timestamp\":\"February 4, 2015 10:17 pm\",\"copyright\":\"\\u00c2\\u00a9 2015 Estrop-Barcelona PHOTOGRAPH FOR EDITORIAL USE ONLY\",\"focal_length\":false,\"iso\":false,\"shutter_speed\":false,\"flash\":false,\"title\":\"Ready to Wear Fall\\\/Winter 2015-2016\",\"keywords\":\"2015-2016,Fall\\\/Winter,RTW\",\"width\":1337,\"height\":2000,\"saved\":true,\"thumbnail\":{\"width\":220,\"height\":220,\"ewww_image_optimizer\":\"Reduced by 10.7% (3.6&nbsp;kB)\"},\"webview\":{\"0\":802,\"1\":1200,\"2\":2,\"3\":\"width=\\\"802\\\" height=\\\"1200\\\"\",\"bits\":8,\"channels\":3,\"mime\":\"image\\\/jpeg\",\"ewww_image_optimizer\":\"Reduced by 4.4% (6.1&nbsp;kB) - Previously Optimized\"},\"0\":false,\"ewww_image_optimizer\":\"Reduced by 13.9% (25.3&nbsp;kB)\",\"views\":\"0\",\"likes\":\"0\"},\"title\":\"Ready to Wear Fall\\\/Winter 2015-2016\",\"description\":\"<p>Ready to Wear Fall\\\/Winter 2015-2016<\\\/p>\",\"link\":null,\"link_target\":\"\",\"download\":\"https:\\\/\\\/bobvarela.com\\\/wp-content\\\/flagallery\\\/custo-barcelona-primera-mirada-a-la-coleccion-otono-invierno-15-16\\\/custo-barcelona-091.jpg\",\"ratio\":0.66833333333333333481363069950020872056484222412109375},{\"id\":\"19249\",\"image\":\"https:\\\/\\\/bobvarela.com\\\/wp-content\\\/flagallery\\\/custo-barcelona-primera-mirada-a-la-coleccion-otono-invierno-15-16\\\/webview\\\/custo-barcelona-095.jpg\",\"thumb\":\"https:\\\/\\\/bobvarela.com\\\/wp-content\\\/flagallery\\\/custo-barcelona-primera-mirada-a-la-coleccion-otono-invierno-15-16\\\/thumbs\\\/thumbs_custo-barcelona-095.jpg\",\"file\":\"custo-barcelona-095.jpg\",\"meta\":{\"aperture\":false,\"credit\":false,\"camera\":false,\"caption\":\"Ready to Wear Fall\\\/Winter 2015-2016\",\"created_timestamp\":\"February 4, 2015 10:18 pm\",\"copyright\":\"\\u00c2\\u00a9 2015 Estrop-Barcelona PHOTOGRAPH FOR EDITORIAL USE ONLY\",\"focal_length\":false,\"iso\":false,\"shutter_speed\":false,\"flash\":false,\"title\":\"Ready to Wear Fall\\\/Winter 2015-2016\",\"keywords\":\"2015-2016,Fall\\\/Winter,RTW\",\"width\":1337,\"height\":2000,\"saved\":true,\"thumbnail\":{\"width\":220,\"height\":220,\"ewww_image_optimizer\":\"Reduced by 10.9% (4.0&nbsp;kB)\"},\"webview\":{\"0\":802,\"1\":1200,\"2\":2,\"3\":\"width=\\\"802\\\" height=\\\"1200\\\"\",\"bits\":8,\"channels\":3,\"mime\":\"image\\\/jpeg\",\"ewww_image_optimizer\":\"Reduced by 3.7% (5.6&nbsp;kB) - Previously Optimized\"},\"0\":false,\"ewww_image_optimizer\":\"Reduced by 19.4% (34.2&nbsp;kB)\",\"views\":\"0\",\"likes\":\"0\"},\"title\":\"Ready to Wear Fall\\\/Winter 2015-2016\",\"description\":\"<p>Ready to Wear Fall\\\/Winter 2015-2016<\\\/p>\",\"link\":null,\"link_target\":\"\",\"download\":\"https:\\\/\\\/bobvarela.com\\\/wp-content\\\/flagallery\\\/custo-barcelona-primera-mirada-a-la-coleccion-otono-invierno-15-16\\\/custo-barcelona-095.jpg\",\"ratio\":0.66833333333333333481363069950020872056484222412109375},{\"id\":\"19250\",\"image\":\"https:\\\/\\\/bobvarela.com\\\/wp-content\\\/flagallery\\\/custo-barcelona-primera-mirada-a-la-coleccion-otono-invierno-15-16\\\/webview\\\/custo-barcelona-096.jpg\",\"thumb\":\"https:\\\/\\\/bobvarela.com\\\/wp-content\\\/flagallery\\\/custo-barcelona-primera-mirada-a-la-coleccion-otono-invierno-15-16\\\/thumbs\\\/thumbs_custo-barcelona-096.jpg\",\"file\":\"custo-barcelona-096.jpg\",\"meta\":{\"aperture\":false,\"credit\":false,\"camera\":false,\"caption\":\"Ready to Wear Fall\\\/Winter 2015-2016\",\"created_timestamp\":\"February 4, 2015 10:18 pm\",\"copyright\":\"\\u00c2\\u00a9 2015 Estrop-Barcelona PHOTOGRAPH FOR EDITORIAL USE ONLY\",\"focal_length\":false,\"iso\":false,\"shutter_speed\":false,\"flash\":false,\"title\":\"Ready to Wear Fall\\\/Winter 2015-2016\",\"keywords\":\"2015-2016,Fall\\\/Winter,RTW\",\"width\":1337,\"height\":2000,\"saved\":true,\"thumbnail\":{\"width\":220,\"height\":220,\"ewww_image_optimizer\":\"Reduced by 13.4% (6.1&nbsp;kB)\"},\"webview\":{\"0\":802,\"1\":1200,\"2\":2,\"3\":\"width=\\\"802\\\" height=\\\"1200\\\"\",\"bits\":8,\"channels\":3,\"mime\":\"image\\\/jpeg\",\"ewww_image_optimizer\":\"Reduced by 5.3% (10.5&nbsp;kB) - Previously Optimized\"},\"0\":false,\"ewww_image_optimizer\":\"Reduced by 15.3% (30.3&nbsp;kB)\",\"views\":\"0\",\"likes\":\"0\"},\"title\":\"Ready to Wear Fall\\\/Winter 2015-2016\",\"description\":\"<p>Ready to Wear Fall\\\/Winter 2015-2016<\\\/p>\",\"link\":null,\"link_target\":\"\",\"download\":\"https:\\\/\\\/bobvarela.com\\\/wp-content\\\/flagallery\\\/custo-barcelona-primera-mirada-a-la-coleccion-otono-invierno-15-16\\\/custo-barcelona-096.jpg\",\"ratio\":0.66833333333333333481363069950020872056484222412109375},{\"id\":\"19251\",\"image\":\"https:\\\/\\\/bobvarela.com\\\/wp-content\\\/flagallery\\\/custo-barcelona-primera-mirada-a-la-coleccion-otono-invierno-15-16\\\/webview\\\/custo-barcelona-097.jpg\",\"thumb\":\"https:\\\/\\\/bobvarela.com\\\/wp-content\\\/flagallery\\\/custo-barcelona-primera-mirada-a-la-coleccion-otono-invierno-15-16\\\/thumbs\\\/thumbs_custo-barcelona-097.jpg\",\"file\":\"custo-barcelona-097.jpg\",\"meta\":{\"aperture\":false,\"credit\":false,\"camera\":false,\"caption\":\"Ready to Wear Fall\\\/Winter 2015-2016\",\"created_timestamp\":\"February 4, 2015 10:18 pm\",\"copyright\":\"\\u00c2\\u00a9 2015 Estrop-Barcelona PHOTOGRAPH FOR EDITORIAL USE ONLY\",\"focal_length\":false,\"iso\":false,\"shutter_speed\":false,\"flash\":false,\"title\":\"Ready to Wear Fall\\\/Winter 2015-2016\",\"keywords\":\"2015-2016,Fall\\\/Winter,RTW\",\"width\":1337,\"height\":2000,\"saved\":true,\"thumbnail\":{\"width\":220,\"height\":220,\"ewww_image_optimizer\":\"Reduced by 9.3% (3.0&nbsp;kB)\"},\"webview\":{\"0\":802,\"1\":1200,\"2\":2,\"3\":\"width=\\\"802\\\" height=\\\"1200\\\"\",\"bits\":8,\"channels\":3,\"mime\":\"image\\\/jpeg\",\"ewww_image_optimizer\":\"Reduced by 3.9% (5.4&nbsp;kB) - Previously Optimized\"},\"0\":false,\"ewww_image_optimizer\":\"Reduced by 20.4% (34.5&nbsp;kB)\",\"views\":\"0\",\"likes\":\"0\"},\"title\":\"Ready to Wear Fall\\\/Winter 2015-2016\",\"description\":\"<p>Ready to Wear Fall\\\/Winter 2015-2016<\\\/p>\",\"link\":null,\"link_target\":\"\",\"download\":\"https:\\\/\\\/bobvarela.com\\\/wp-content\\\/flagallery\\\/custo-barcelona-primera-mirada-a-la-coleccion-otono-invierno-15-16\\\/custo-barcelona-097.jpg\",\"ratio\":0.66833333333333333481363069950020872056484222412109375},{\"id\":\"19252\",\"image\":\"https:\\\/\\\/bobvarela.com\\\/wp-content\\\/flagallery\\\/custo-barcelona-primera-mirada-a-la-coleccion-otono-invierno-15-16\\\/webview\\\/custo-barcelona-102.jpg\",\"thumb\":\"https:\\\/\\\/bobvarela.com\\\/wp-content\\\/flagallery\\\/custo-barcelona-primera-mirada-a-la-coleccion-otono-invierno-15-16\\\/thumbs\\\/thumbs_custo-barcelona-102.jpg\",\"file\":\"custo-barcelona-102.jpg\",\"meta\":{\"aperture\":false,\"credit\":false,\"camera\":false,\"caption\":\"Ready to Wear Fall\\\/Winter 2015-2016\",\"created_timestamp\":\"February 4, 2015 10:18 pm\",\"copyright\":\"\\u00c2\\u00a9 2015 Estrop-Barcelona PHOTOGRAPH FOR EDITORIAL USE ONLY\",\"focal_length\":false,\"iso\":false,\"shutter_speed\":false,\"flash\":false,\"title\":\"Ready to Wear Fall\\\/Winter 2015-2016\",\"keywords\":\"2015-2016,Fall\\\/Winter,RTW\",\"width\":1337,\"height\":2000,\"saved\":true,\"thumbnail\":{\"width\":220,\"height\":220,\"ewww_image_optimizer\":\"Reduced by 13.1% (4.9&nbsp;kB)\"},\"webview\":{\"0\":802,\"1\":1200,\"2\":2,\"3\":\"width=\\\"802\\\" height=\\\"1200\\\"\",\"bits\":8,\"channels\":3,\"mime\":\"image\\\/jpeg\",\"ewww_image_optimizer\":\"Reduced by 5.2% (8.2&nbsp;kB) - Previously Optimized\"},\"0\":false,\"ewww_image_optimizer\":\"Reduced by 17.9% (30.9&nbsp;kB)\",\"views\":\"0\",\"likes\":\"0\"},\"title\":\"Ready to Wear Fall\\\/Winter 2015-2016\",\"description\":\"<p>Ready to Wear Fall\\\/Winter 2015-2016<\\\/p>\",\"link\":null,\"link_target\":\"\",\"download\":\"https:\\\/\\\/bobvarela.com\\\/wp-content\\\/flagallery\\\/custo-barcelona-primera-mirada-a-la-coleccion-otono-invierno-15-16\\\/custo-barcelona-102.jpg\",\"ratio\":0.66833333333333333481363069950020872056484222412109375},{\"id\":\"19253\",\"image\":\"https:\\\/\\\/bobvarela.com\\\/wp-content\\\/flagallery\\\/custo-barcelona-primera-mirada-a-la-coleccion-otono-invierno-15-16\\\/webview\\\/custo-barcelona-104.jpg\",\"thumb\":\"https:\\\/\\\/bobvarela.com\\\/wp-content\\\/flagallery\\\/custo-barcelona-primera-mirada-a-la-coleccion-otono-invierno-15-16\\\/thumbs\\\/thumbs_custo-barcelona-104.jpg\",\"file\":\"custo-barcelona-104.jpg\",\"meta\":{\"aperture\":false,\"credit\":false,\"camera\":false,\"caption\":\"Ready to Wear Fall\\\/Winter 2015-2016\",\"created_timestamp\":\"February 4, 2015 10:19 pm\",\"copyright\":\"\\u00c2\\u00a9 2015 Estrop-Barcelona PHOTOGRAPH FOR EDITORIAL USE ONLY\",\"focal_length\":false,\"iso\":false,\"shutter_speed\":false,\"flash\":false,\"title\":\"Ready to Wear Fall\\\/Winter 2015-2016\",\"keywords\":\"2015-2016,Fall\\\/Winter,RTW\",\"width\":1337,\"height\":2000,\"saved\":true,\"thumbnail\":{\"width\":220,\"height\":220,\"ewww_image_optimizer\":\"Reduced by 10.5% (3.1&nbsp;kB)\"},\"webview\":{\"0\":802,\"1\":1200,\"2\":2,\"3\":\"width=\\\"802\\\" height=\\\"1200\\\"\",\"bits\":8,\"channels\":3,\"mime\":\"image\\\/jpeg\",\"ewww_image_optimizer\":\"Reduced by 3.4% (3.9&nbsp;kB) - Previously Optimized\"},\"0\":false,\"ewww_image_optimizer\":\"Reduced by 18.0% (30.7&nbsp;kB)\",\"views\":\"0\",\"likes\":\"0\"},\"title\":\"Ready to Wear Fall\\\/Winter 2015-2016\",\"description\":\"<p>Ready to Wear Fall\\\/Winter 2015-2016<\\\/p>\",\"link\":null,\"link_target\":\"\",\"download\":\"https:\\\/\\\/bobvarela.com\\\/wp-content\\\/flagallery\\\/custo-barcelona-primera-mirada-a-la-coleccion-otono-invierno-15-16\\\/custo-barcelona-104.jpg\",\"ratio\":0.66833333333333333481363069950020872056484222412109375},{\"id\":\"19254\",\"image\":\"https:\\\/\\\/bobvarela.com\\\/wp-content\\\/flagallery\\\/custo-barcelona-primera-mirada-a-la-coleccion-otono-invierno-15-16\\\/webview\\\/custo-barcelona-105.jpg\",\"thumb\":\"https:\\\/\\\/bobvarela.com\\\/wp-content\\\/flagallery\\\/custo-barcelona-primera-mirada-a-la-coleccion-otono-invierno-15-16\\\/thumbs\\\/thumbs_custo-barcelona-105.jpg\",\"file\":\"custo-barcelona-105.jpg\",\"meta\":{\"aperture\":false,\"credit\":false,\"camera\":false,\"caption\":\"Ready to Wear Fall\\\/Winter 2015-2016\",\"created_timestamp\":\"February 4, 2015 10:19 pm\",\"copyright\":\"\\u00c2\\u00a9 2015 Estrop-Barcelona PHOTOGRAPH FOR EDITORIAL USE ONLY\",\"focal_length\":false,\"iso\":false,\"shutter_speed\":false,\"flash\":false,\"title\":\"Ready to Wear Fall\\\/Winter 2015-2016\",\"keywords\":\"2015-2016,Fall\\\/Winter,RTW\",\"width\":1337,\"height\":2000,\"saved\":true,\"thumbnail\":{\"width\":220,\"height\":220,\"ewww_image_optimizer\":\"Reduced by 13.0% (4.1&nbsp;kB)\"},\"webview\":{\"0\":802,\"1\":1200,\"2\":2,\"3\":\"width=\\\"802\\\" height=\\\"1200\\\"\",\"bits\":8,\"channels\":3,\"mime\":\"image\\\/jpeg\",\"ewww_image_optimizer\":\"Reduced by 5.5% (8.0&nbsp;kB) - Previously Optimized\"},\"0\":false,\"ewww_image_optimizer\":\"Reduced by 19.8% (34.8&nbsp;kB)\",\"views\":\"0\",\"likes\":\"0\"},\"title\":\"Ready to Wear Fall\\\/Winter 2015-2016\",\"description\":\"<p>Ready to Wear Fall\\\/Winter 2015-2016<\\\/p>\",\"link\":null,\"link_target\":\"\",\"download\":\"https:\\\/\\\/bobvarela.com\\\/wp-content\\\/flagallery\\\/custo-barcelona-primera-mirada-a-la-coleccion-otono-invierno-15-16\\\/custo-barcelona-105.jpg\",\"ratio\":0.66833333333333333481363069950020872056484222412109375},{\"id\":\"19255\",\"image\":\"https:\\\/\\\/bobvarela.com\\\/wp-content\\\/flagallery\\\/custo-barcelona-primera-mirada-a-la-coleccion-otono-invierno-15-16\\\/webview\\\/custo-barcelona-106.jpg\",\"thumb\":\"https:\\\/\\\/bobvarela.com\\\/wp-content\\\/flagallery\\\/custo-barcelona-primera-mirada-a-la-coleccion-otono-invierno-15-16\\\/thumbs\\\/thumbs_custo-barcelona-106.jpg\",\"file\":\"custo-barcelona-106.jpg\",\"meta\":{\"aperture\":false,\"credit\":false,\"camera\":false,\"caption\":\"Ready to Wear Fall\\\/Winter 2015-2016\",\"created_timestamp\":\"February 4, 2015 10:19 pm\",\"copyright\":\"\\u00c2\\u00a9 2015 Estrop-Barcelona PHOTOGRAPH FOR EDITORIAL USE ONLY\",\"focal_length\":false,\"iso\":false,\"shutter_speed\":false,\"flash\":false,\"title\":\"Ready to Wear Fall\\\/Winter 2015-2016\",\"keywords\":\"2015-2016,Fall\\\/Winter,RTW\",\"width\":1337,\"height\":2000,\"saved\":true,\"thumbnail\":{\"width\":220,\"height\":220,\"ewww_image_optimizer\":\"Reduced by 14.8% (5.3&nbsp;kB)\"},\"webview\":{\"0\":802,\"1\":1200,\"2\":2,\"3\":\"width=\\\"802\\\" height=\\\"1200\\\"\",\"bits\":8,\"channels\":3,\"mime\":\"image\\\/jpeg\",\"ewww_image_optimizer\":\"Reduced by 6.1% (9.7&nbsp;kB) - Previously Optimized\"},\"0\":false,\"ewww_image_optimizer\":\"Reduced by 18.5% (35.0&nbsp;kB)\",\"views\":\"1\",\"likes\":\"0\"},\"title\":\"Ready to Wear Fall\\\/Winter 2015-2016\",\"description\":\"<p>Ready to Wear Fall\\\/Winter 2015-2016<\\\/p>\",\"link\":null,\"link_target\":\"\",\"download\":\"https:\\\/\\\/bobvarela.com\\\/wp-content\\\/flagallery\\\/custo-barcelona-primera-mirada-a-la-coleccion-otono-invierno-15-16\\\/custo-barcelona-106.jpg\",\"ratio\":0.66833333333333333481363069950020872056484222412109375}]}; var container = $('#FlaGallery_sc1_265'); container.photomania(settings, content); window.FlaGallery_sc1_265 = container.data('photomania'); }); <\/script><\/div><noscript id=\"noscript_FlaGallery_sc1_265\"><img class=\"skip-lazy no-lazyload noLazy\" data-lazy-src=\"\" src =\"https:\/\/bobvarela.com\/wp-content\/flagallery\/custo-barcelona-primera-mirada-a-la-coleccion-otono-invierno-15-16\/custo-barcelona-001.jpg\" alt=\"Ready to Wear Fall\/Winter 2015-2016\" \/><img class=\"skip-lazy no-lazyload noLazy\" data-lazy-src=\"\" src =\"https:\/\/bobvarela.com\/wp-content\/flagallery\/custo-barcelona-primera-mirada-a-la-coleccion-otono-invierno-15-16\/custo-barcelona-006.jpg\" alt=\"Ready to Wear Fall\/Winter 2015-2016\" \/><img class=\"skip-lazy no-lazyload noLazy\" data-lazy-src=\"\" src =\"https:\/\/bobvarela.com\/wp-content\/flagallery\/custo-barcelona-primera-mirada-a-la-coleccion-otono-invierno-15-16\/custo-barcelona-007.jpg\" alt=\"Ready to Wear Fall\/Winter 2015-2016\" \/><img class=\"skip-lazy no-lazyload noLazy\" data-lazy-src=\"\" src =\"https:\/\/bobvarela.com\/wp-content\/flagallery\/custo-barcelona-primera-mirada-a-la-coleccion-otono-invierno-15-16\/custo-barcelona-010.jpg\" alt=\"Ready to Wear Fall\/Winter 2015-2016\" \/><img class=\"skip-lazy no-lazyload noLazy\" data-lazy-src=\"\" src =\"https:\/\/bobvarela.com\/wp-content\/flagallery\/custo-barcelona-primera-mirada-a-la-coleccion-otono-invierno-15-16\/custo-barcelona-015.jpg\" alt=\"Ready to Wear Fall\/Winter 2015-2016\" \/><img class=\"skip-lazy no-lazyload noLazy\" data-lazy-src=\"\" src =\"https:\/\/bobvarela.com\/wp-content\/flagallery\/custo-barcelona-primera-mirada-a-la-coleccion-otono-invierno-15-16\/custo-barcelona-016.jpg\" alt=\"Ready to Wear Fall\/Winter 2015-2016\" \/><img class=\"skip-lazy no-lazyload noLazy\" data-lazy-src=\"\" src =\"https:\/\/bobvarela.com\/wp-content\/flagallery\/custo-barcelona-primera-mirada-a-la-coleccion-otono-invierno-15-16\/custo-barcelona-022.jpg\" alt=\"Ready to Wear Fall\/Winter 2015-2016\" \/><img class=\"skip-lazy no-lazyload noLazy\" data-lazy-src=\"\" src =\"https:\/\/bobvarela.com\/wp-content\/flagallery\/custo-barcelona-primera-mirada-a-la-coleccion-otono-invierno-15-16\/custo-barcelona-023.jpg\" alt=\"Ready to Wear Fall\/Winter 2015-2016\" \/><img class=\"skip-lazy no-lazyload noLazy\" data-lazy-src=\"\" src =\"https:\/\/bobvarela.com\/wp-content\/flagallery\/custo-barcelona-primera-mirada-a-la-coleccion-otono-invierno-15-16\/custo-barcelona-024.jpg\" alt=\"Ready to Wear Fall\/Winter 2015-2016\" \/><img class=\"skip-lazy no-lazyload noLazy\" data-lazy-src=\"\" src =\"https:\/\/bobvarela.com\/wp-content\/flagallery\/custo-barcelona-primera-mirada-a-la-coleccion-otono-invierno-15-16\/custo-barcelona-025.jpg\" alt=\"Ready to Wear Fall\/Winter 2015-2016\" \/><img class=\"skip-lazy no-lazyload noLazy\" data-lazy-src=\"\" src =\"https:\/\/bobvarela.com\/wp-content\/flagallery\/custo-barcelona-primera-mirada-a-la-coleccion-otono-invierno-15-16\/custo-barcelona-028.jpg\" alt=\"Ready to Wear Fall\/Winter 2015-2016\" \/><img class=\"skip-lazy no-lazyload noLazy\" data-lazy-src=\"\" src =\"https:\/\/bobvarela.com\/wp-content\/flagallery\/custo-barcelona-primera-mirada-a-la-coleccion-otono-invierno-15-16\/custo-barcelona-030.jpg\" alt=\"Ready to Wear Fall\/Winter 2015-2016\" \/><img class=\"skip-lazy no-lazyload noLazy\" data-lazy-src=\"\" src =\"https:\/\/bobvarela.com\/wp-content\/flagallery\/custo-barcelona-primera-mirada-a-la-coleccion-otono-invierno-15-16\/custo-barcelona-033.jpg\" alt=\"Ready to Wear Fall\/Winter 2015-2016\" \/><img class=\"skip-lazy no-lazyload noLazy\" data-lazy-src=\"\" src =\"https:\/\/bobvarela.com\/wp-content\/flagallery\/custo-barcelona-primera-mirada-a-la-coleccion-otono-invierno-15-16\/custo-barcelona-034.jpg\" alt=\"Ready to Wear Fall\/Winter 2015-2016\" \/><img class=\"skip-lazy no-lazyload noLazy\" data-lazy-src=\"\" src =\"https:\/\/bobvarela.com\/wp-content\/flagallery\/custo-barcelona-primera-mirada-a-la-coleccion-otono-invierno-15-16\/custo-barcelona-035.jpg\" alt=\"Ready to Wear Fall\/Winter 2015-2016\" \/><img class=\"skip-lazy no-lazyload noLazy\" data-lazy-src=\"\" src =\"https:\/\/bobvarela.com\/wp-content\/flagallery\/custo-barcelona-primera-mirada-a-la-coleccion-otono-invierno-15-16\/custo-barcelona-037.jpg\" alt=\"Ready to Wear Fall\/Winter 2015-2016\" \/><img class=\"skip-lazy no-lazyload noLazy\" data-lazy-src=\"\" src =\"https:\/\/bobvarela.com\/wp-content\/flagallery\/custo-barcelona-primera-mirada-a-la-coleccion-otono-invierno-15-16\/custo-barcelona-038.jpg\" alt=\"Ready to Wear Fall\/Winter 2015-2016\" \/><img class=\"skip-lazy no-lazyload noLazy\" data-lazy-src=\"\" src =\"https:\/\/bobvarela.com\/wp-content\/flagallery\/custo-barcelona-primera-mirada-a-la-coleccion-otono-invierno-15-16\/custo-barcelona-040.jpg\" alt=\"Ready to Wear Fall\/Winter 2015-2016\" \/><img class=\"skip-lazy no-lazyload noLazy\" data-lazy-src=\"\" src =\"https:\/\/bobvarela.com\/wp-content\/flagallery\/custo-barcelona-primera-mirada-a-la-coleccion-otono-invierno-15-16\/custo-barcelona-041.jpg\" alt=\"Ready to Wear Fall\/Winter 2015-2016\" \/><img class=\"skip-lazy no-lazyload noLazy\" data-lazy-src=\"\" src =\"https:\/\/bobvarela.com\/wp-content\/flagallery\/custo-barcelona-primera-mirada-a-la-coleccion-otono-invierno-15-16\/custo-barcelona-043.jpg\" alt=\"Ready to Wear Fall\/Winter 2015-2016\" \/><img class=\"skip-lazy no-lazyload noLazy\" data-lazy-src=\"\" src =\"https:\/\/bobvarela.com\/wp-content\/flagallery\/custo-barcelona-primera-mirada-a-la-coleccion-otono-invierno-15-16\/custo-barcelona-045.jpg\" alt=\"Ready to Wear Fall\/Winter 2015-2016\" \/><img class=\"skip-lazy no-lazyload noLazy\" data-lazy-src=\"\" src =\"https:\/\/bobvarela.com\/wp-content\/flagallery\/custo-barcelona-primera-mirada-a-la-coleccion-otono-invierno-15-16\/custo-barcelona-046.jpg\" alt=\"Ready to Wear Fall\/Winter 2015-2016\" \/><img class=\"skip-lazy no-lazyload noLazy\" data-lazy-src=\"\" src =\"https:\/\/bobvarela.com\/wp-content\/flagallery\/custo-barcelona-primera-mirada-a-la-coleccion-otono-invierno-15-16\/custo-barcelona-047.jpg\" alt=\"Ready to Wear Fall\/Winter 2015-2016\" \/><img class=\"skip-lazy no-lazyload noLazy\" data-lazy-src=\"\" src =\"https:\/\/bobvarela.com\/wp-content\/flagallery\/custo-barcelona-primera-mirada-a-la-coleccion-otono-invierno-15-16\/custo-barcelona-048.jpg\" alt=\"Ready to Wear Fall\/Winter 2015-2016\" \/><img class=\"skip-lazy no-lazyload noLazy\" data-lazy-src=\"\" src =\"https:\/\/bobvarela.com\/wp-content\/flagallery\/custo-barcelona-primera-mirada-a-la-coleccion-otono-invierno-15-16\/custo-barcelona-049.jpg\" alt=\"Ready to Wear Fall\/Winter 2015-2016\" \/><img class=\"skip-lazy no-lazyload noLazy\" data-lazy-src=\"\" src =\"https:\/\/bobvarela.com\/wp-content\/flagallery\/custo-barcelona-primera-mirada-a-la-coleccion-otono-invierno-15-16\/custo-barcelona-050.jpg\" alt=\"Ready to Wear Fall\/Winter 2015-2016\" \/><img class=\"skip-lazy no-lazyload noLazy\" data-lazy-src=\"\" src =\"https:\/\/bobvarela.com\/wp-content\/flagallery\/custo-barcelona-primera-mirada-a-la-coleccion-otono-invierno-15-16\/custo-barcelona-051.jpg\" alt=\"Ready to Wear Fall\/Winter 2015-2016\" \/><img class=\"skip-lazy no-lazyload noLazy\" data-lazy-src=\"\" src =\"https:\/\/bobvarela.com\/wp-content\/flagallery\/custo-barcelona-primera-mirada-a-la-coleccion-otono-invierno-15-16\/custo-barcelona-052.jpg\" alt=\"Ready to Wear Fall\/Winter 2015-2016\" \/><img class=\"skip-lazy no-lazyload noLazy\" data-lazy-src=\"\" src =\"https:\/\/bobvarela.com\/wp-content\/flagallery\/custo-barcelona-primera-mirada-a-la-coleccion-otono-invierno-15-16\/custo-barcelona-053.jpg\" alt=\"Ready to Wear Fall\/Winter 2015-2016\" \/><img class=\"skip-lazy no-lazyload noLazy\" data-lazy-src=\"\" src =\"https:\/\/bobvarela.com\/wp-content\/flagallery\/custo-barcelona-primera-mirada-a-la-coleccion-otono-invierno-15-16\/custo-barcelona-054.jpg\" alt=\"Ready to Wear Fall\/Winter 2015-2016\" \/><img class=\"skip-lazy no-lazyload noLazy\" data-lazy-src=\"\" src =\"https:\/\/bobvarela.com\/wp-content\/flagallery\/custo-barcelona-primera-mirada-a-la-coleccion-otono-invierno-15-16\/custo-barcelona-056.jpg\" alt=\"Ready to Wear Fall\/Winter 2015-2016\" \/><img class=\"skip-lazy no-lazyload noLazy\" data-lazy-src=\"\" src =\"https:\/\/bobvarela.com\/wp-content\/flagallery\/custo-barcelona-primera-mirada-a-la-coleccion-otono-invierno-15-16\/custo-barcelona-058.jpg\" alt=\"Ready to Wear Fall\/Winter 2015-2016\" \/><img class=\"skip-lazy no-lazyload noLazy\" data-lazy-src=\"\" src =\"https:\/\/bobvarela.com\/wp-content\/flagallery\/custo-barcelona-primera-mirada-a-la-coleccion-otono-invierno-15-16\/custo-barcelona-059.jpg\" alt=\"Ready to Wear Fall\/Winter 2015-2016\" \/><img class=\"skip-lazy no-lazyload noLazy\" data-lazy-src=\"\" src =\"https:\/\/bobvarela.com\/wp-content\/flagallery\/custo-barcelona-primera-mirada-a-la-coleccion-otono-invierno-15-16\/custo-barcelona-061.jpg\" alt=\"Ready to Wear Fall\/Winter 2015-2016\" \/><img class=\"skip-lazy no-lazyload noLazy\" data-lazy-src=\"\" src =\"https:\/\/bobvarela.com\/wp-content\/flagallery\/custo-barcelona-primera-mirada-a-la-coleccion-otono-invierno-15-16\/custo-barcelona-063.jpg\" alt=\"Ready to Wear Fall\/Winter 2015-2016\" \/><img class=\"skip-lazy no-lazyload noLazy\" data-lazy-src=\"\" src =\"https:\/\/bobvarela.com\/wp-content\/flagallery\/custo-barcelona-primera-mirada-a-la-coleccion-otono-invierno-15-16\/custo-barcelona-065.jpg\" alt=\"Ready to Wear Fall\/Winter 2015-2016\" \/><img class=\"skip-lazy no-lazyload noLazy\" data-lazy-src=\"\" src =\"https:\/\/bobvarela.com\/wp-content\/flagallery\/custo-barcelona-primera-mirada-a-la-coleccion-otono-invierno-15-16\/custo-barcelona-066.jpg\" alt=\"Ready to Wear Fall\/Winter 2015-2016\" \/><img class=\"skip-lazy no-lazyload noLazy\" data-lazy-src=\"\" src =\"https:\/\/bobvarela.com\/wp-content\/flagallery\/custo-barcelona-primera-mirada-a-la-coleccion-otono-invierno-15-16\/custo-barcelona-067.jpg\" alt=\"Ready to Wear Fall\/Winter 2015-2016\" \/><img class=\"skip-lazy no-lazyload noLazy\" data-lazy-src=\"\" src =\"https:\/\/bobvarela.com\/wp-content\/flagallery\/custo-barcelona-primera-mirada-a-la-coleccion-otono-invierno-15-16\/custo-barcelona-069.jpg\" alt=\"Ready to Wear Fall\/Winter 2015-2016\" \/><img class=\"skip-lazy no-lazyload noLazy\" data-lazy-src=\"\" src =\"https:\/\/bobvarela.com\/wp-content\/flagallery\/custo-barcelona-primera-mirada-a-la-coleccion-otono-invierno-15-16\/custo-barcelona-070.jpg\" alt=\"Ready to Wear Fall\/Winter 2015-2016\" \/><img class=\"skip-lazy no-lazyload noLazy\" data-lazy-src=\"\" src =\"https:\/\/bobvarela.com\/wp-content\/flagallery\/custo-barcelona-primera-mirada-a-la-coleccion-otono-invierno-15-16\/custo-barcelona-071.jpg\" alt=\"Ready to Wear Fall\/Winter 2015-2016\" \/><img class=\"skip-lazy no-lazyload noLazy\" data-lazy-src=\"\" src =\"https:\/\/bobvarela.com\/wp-content\/flagallery\/custo-barcelona-primera-mirada-a-la-coleccion-otono-invierno-15-16\/custo-barcelona-073.jpg\" alt=\"Ready to Wear Fall\/Winter 2015-2016\" \/><img class=\"skip-lazy no-lazyload noLazy\" data-lazy-src=\"\" src =\"https:\/\/bobvarela.com\/wp-content\/flagallery\/custo-barcelona-primera-mirada-a-la-coleccion-otono-invierno-15-16\/custo-barcelona-074.jpg\" alt=\"Ready to Wear Fall\/Winter 2015-2016\" \/><img class=\"skip-lazy no-lazyload noLazy\" data-lazy-src=\"\" src =\"https:\/\/bobvarela.com\/wp-content\/flagallery\/custo-barcelona-primera-mirada-a-la-coleccion-otono-invierno-15-16\/custo-barcelona-076.jpg\" alt=\"Ready to Wear Fall\/Winter 2015-2016\" \/><img class=\"skip-lazy no-lazyload noLazy\" data-lazy-src=\"\" src =\"https:\/\/bobvarela.com\/wp-content\/flagallery\/custo-barcelona-primera-mirada-a-la-coleccion-otono-invierno-15-16\/custo-barcelona-078.jpg\" alt=\"Ready to Wear Fall\/Winter 2015-2016\" \/><img class=\"skip-lazy no-lazyload noLazy\" data-lazy-src=\"\" src =\"https:\/\/bobvarela.com\/wp-content\/flagallery\/custo-barcelona-primera-mirada-a-la-coleccion-otono-invierno-15-16\/custo-barcelona-079.jpg\" alt=\"Ready to Wear Fall\/Winter 2015-2016\" \/><img class=\"skip-lazy no-lazyload noLazy\" data-lazy-src=\"\" src =\"https:\/\/bobvarela.com\/wp-content\/flagallery\/custo-barcelona-primera-mirada-a-la-coleccion-otono-invierno-15-16\/custo-barcelona-080.jpg\" alt=\"Ready to Wear Fall\/Winter 2015-2016\" \/><img class=\"skip-lazy no-lazyload noLazy\" data-lazy-src=\"\" src =\"https:\/\/bobvarela.com\/wp-content\/flagallery\/custo-barcelona-primera-mirada-a-la-coleccion-otono-invierno-15-16\/custo-barcelona-082.jpg\" alt=\"Ready to Wear Fall\/Winter 2015-2016\" \/><img class=\"skip-lazy no-lazyload noLazy\" data-lazy-src=\"\" src =\"https:\/\/bobvarela.com\/wp-content\/flagallery\/custo-barcelona-primera-mirada-a-la-coleccion-otono-invierno-15-16\/custo-barcelona-083.jpg\" alt=\"Ready to Wear Fall\/Winter 2015-2016\" \/><img class=\"skip-lazy no-lazyload noLazy\" data-lazy-src=\"\" src =\"https:\/\/bobvarela.com\/wp-content\/flagallery\/custo-barcelona-primera-mirada-a-la-coleccion-otono-invierno-15-16\/custo-barcelona-084.jpg\" alt=\"Ready to Wear Fall\/Winter 2015-2016\" \/><img class=\"skip-lazy no-lazyload noLazy\" data-lazy-src=\"\" src =\"https:\/\/bobvarela.com\/wp-content\/flagallery\/custo-barcelona-primera-mirada-a-la-coleccion-otono-invierno-15-16\/custo-barcelona-086.jpg\" alt=\"Ready to Wear Fall\/Winter 2015-2016\" \/><img class=\"skip-lazy no-lazyload noLazy\" data-lazy-src=\"\" src =\"https:\/\/bobvarela.com\/wp-content\/flagallery\/custo-barcelona-primera-mirada-a-la-coleccion-otono-invierno-15-16\/custo-barcelona-089.jpg\" alt=\"Ready to Wear Fall\/Winter 2015-2016\" \/><img class=\"skip-lazy no-lazyload noLazy\" data-lazy-src=\"\" src =\"https:\/\/bobvarela.com\/wp-content\/flagallery\/custo-barcelona-primera-mirada-a-la-coleccion-otono-invierno-15-16\/custo-barcelona-091.jpg\" alt=\"Ready to Wear Fall\/Winter 2015-2016\" \/><img class=\"skip-lazy no-lazyload noLazy\" data-lazy-src=\"\" src =\"https:\/\/bobvarela.com\/wp-content\/flagallery\/custo-barcelona-primera-mirada-a-la-coleccion-otono-invierno-15-16\/custo-barcelona-095.jpg\" alt=\"Ready to Wear Fall\/Winter 2015-2016\" \/><img class=\"skip-lazy no-lazyload noLazy\" data-lazy-src=\"\" src =\"https:\/\/bobvarela.com\/wp-content\/flagallery\/custo-barcelona-primera-mirada-a-la-coleccion-otono-invierno-15-16\/custo-barcelona-096.jpg\" alt=\"Ready to Wear Fall\/Winter 2015-2016\" \/><img class=\"skip-lazy no-lazyload noLazy\" data-lazy-src=\"\" src =\"https:\/\/bobvarela.com\/wp-content\/flagallery\/custo-barcelona-primera-mirada-a-la-coleccion-otono-invierno-15-16\/custo-barcelona-097.jpg\" alt=\"Ready to Wear Fall\/Winter 2015-2016\" \/><img class=\"skip-lazy no-lazyload noLazy\" data-lazy-src=\"\" src =\"https:\/\/bobvarela.com\/wp-content\/flagallery\/custo-barcelona-primera-mirada-a-la-coleccion-otono-invierno-15-16\/custo-barcelona-102.jpg\" alt=\"Ready to Wear Fall\/Winter 2015-2016\" \/><img class=\"skip-lazy no-lazyload noLazy\" data-lazy-src=\"\" src =\"https:\/\/bobvarela.com\/wp-content\/flagallery\/custo-barcelona-primera-mirada-a-la-coleccion-otono-invierno-15-16\/custo-barcelona-104.jpg\" alt=\"Ready to Wear Fall\/Winter 2015-2016\" \/><img class=\"skip-lazy no-lazyload noLazy\" data-lazy-src=\"\" src =\"https:\/\/bobvarela.com\/wp-content\/flagallery\/custo-barcelona-primera-mirada-a-la-coleccion-otono-invierno-15-16\/custo-barcelona-105.jpg\" alt=\"Ready to Wear Fall\/Winter 2015-2016\" \/><img class=\"skip-lazy no-lazyload noLazy\" data-lazy-src=\"\" src =\"https:\/\/bobvarela.com\/wp-content\/flagallery\/custo-barcelona-primera-mirada-a-la-coleccion-otono-invierno-15-16\/custo-barcelona-106.jpg\" alt=\"Ready to Wear Fall\/Winter 2015-2016\" \/><\/noscript><\/font> <\/p>\n<p align=\"justify\">Fotos cortesia de 080 Barcelona<\/p>\n","protected":false},"excerpt":{"rendered":"<p>Custo Barcelona es actualmente una marca de imagen consolidada que, desde 1997, presenta sus colecciones cada temporada en la New York Fashion Week. Innovaci\u00f3n y creatividad constituyen la base de un estilo caracterizado por la utilizaci\u00f3n de gr\u00e1ficos y color&hellip;<\/p>\n<p class=\"more-link-p\"><a class=\"more-link\" href=\"https:\/\/bobvarela.com\/?p=71420\">Read more &rarr;<\/a><\/p>\n","protected":false},"author":1,"featured_media":0,"comment_status":"open","ping_status":"open","sticky":false,"template":"","format":"standard","meta":{"ngg_post_thumbnail":0,"footnotes":""},"categories":[478,4],"tags":[],"class_list":["post-71420","post","type-post","status-publish","format-standard","hentry","category-080-barcelona","category-moda"],"_links":{"self":[{"href":"https:\/\/bobvarela.com\/index.php?rest_route=\/wp\/v2\/posts\/71420","targetHints":{"allow":["GET"]}}],"collection":[{"href":"https:\/\/bobvarela.com\/index.php?rest_route=\/wp\/v2\/posts"}],"about":[{"href":"https:\/\/bobvarela.com\/index.php?rest_route=\/wp\/v2\/types\/post"}],"author":[{"embeddable":true,"href":"https:\/\/bobvarela.com\/index.php?rest_route=\/wp\/v2\/users\/1"}],"replies":[{"embeddable":true,"href":"https:\/\/bobvarela.com\/index.php?rest_route=%2Fwp%2Fv2%2Fcomments&post=71420"}],"version-history":[{"count":1,"href":"https:\/\/bobvarela.com\/index.php?rest_route=\/wp\/v2\/posts\/71420\/revisions"}],"predecessor-version":[{"id":71421,"href":"https:\/\/bobvarela.com\/index.php?rest_route=\/wp\/v2\/posts\/71420\/revisions\/71421"}],"wp:attachment":[{"href":"https:\/\/bobvarela.com\/index.php?rest_route=%2Fwp%2Fv2%2Fmedia&parent=71420"}],"wp:term":[{"taxonomy":"category","embeddable":true,"href":"https:\/\/bobvarela.com\/index.php?rest_route=%2Fwp%2Fv2%2Fcategories&post=71420"},{"taxonomy":"post_tag","embeddable":true,"href":"https:\/\/bobvarela.com\/index.php?rest_route=%2Fwp%2Fv2%2Ftags&post=71420"}],"curies":[{"name":"wp","href":"https:\/\/api.w.org\/{rel}","templated":true}]}}