{"id":71842,"date":"2015-02-07T10:59:35","date_gmt":"2015-02-07T14:59:35","guid":{"rendered":"https:\/\/bobvarela.com\/?p=71842"},"modified":"2015-02-07T10:59:35","modified_gmt":"2015-02-07T14:59:35","slug":"miriam-ponsa-coleccin-exilio-en-el-080-barcelona","status":"publish","type":"post","link":"https:\/\/bobvarela.com\/?p=71842","title":{"rendered":"Miriam Ponsa    COLECCI&Oacute;N-   Exilio  en el 080 Barcelona"},"content":{"rendered":"<p align=\"center\"><font size=\"3\"><a href=\"https:\/\/bobvarela.com\/wp-content\/uploads\/2015\/02\/Miriam-Ponsa-087.jpg\"><img loading=\"lazy\" decoding=\"async\" title=\"Ready to Wear Fall\/Winter 2015-2016\" style=\"border-top: 0px; border-right: 0px; background-image: none; border-bottom: 0px; padding-top: 0px; padding-left: 0px; border-left: 0px; display: inline; padding-right: 0px\" border=\"0\" alt=\"Ready to Wear Fall\/Winter 2015-2016\" src=\"https:\/\/bobvarela.com\/wp-content\/uploads\/2015\/02\/Miriam-Ponsa-087_thumb.jpg\" width=\"198\" height=\"134\" \/><\/a><a href=\"https:\/\/bobvarela.com\/wp-content\/uploads\/2015\/02\/Miriam-Ponsa-101.jpg\"><img loading=\"lazy\" decoding=\"async\" title=\"Ready to Wear Fall\/Winter 2015-2016\" style=\"border-top: 0px; border-right: 0px; background-image: none; border-bottom: 0px; padding-top: 0px; padding-left: 0px; border-left: 0px; display: inline; padding-right: 0px\" border=\"0\" alt=\"Ready to Wear Fall\/Winter 2015-2016\" src=\"https:\/\/bobvarela.com\/wp-content\/uploads\/2015\/02\/Miriam-Ponsa-101_thumb.jpg\" width=\"198\" height=\"134\" \/><\/a><a href=\"https:\/\/bobvarela.com\/wp-content\/uploads\/2015\/02\/Miriam-Ponsa-078.jpg\"><img loading=\"lazy\" decoding=\"async\" title=\"Ready to Wear Fall\/Winter 2015-2016\" style=\"border-top: 0px; border-right: 0px; background-image: none; border-bottom: 0px; padding-top: 0px; padding-left: 0px; border-left: 0px; display: inline; padding-right: 0px\" border=\"0\" alt=\"Ready to Wear Fall\/Winter 2015-2016\" src=\"https:\/\/bobvarela.com\/wp-content\/uploads\/2015\/02\/Miriam-Ponsa-078_thumb.jpg\" width=\"198\" height=\"134\" \/><\/a><\/font><\/p>\n<p align=\"justify\"><font size=\"3\">El g\u00e9lido invierno de 1939, m\u00e1s de 470.000 personas llegaron a Francia empujados por el avance de las tropas franquistas. Muchas familias se vieron obligadas a abandonar sus casas y la evacuaci\u00f3n de los ni\u00f1os y ni\u00f1as fuera del pa\u00eds era una constante. La mayor\u00eda de intelectuales de la \u00e9poca se exiliaron fuera del pa\u00eds, y as\u00ed fue como parte de nuestra cultura qued\u00f3 silenciada, sin voz en el territorio.<\/font><\/p>\n<p align=\"justify\"><font size=\"3\">Esta colecci\u00f3n quiere rendir homenaje a todos estos exiliados y exiliadas. La aflicci\u00f3n y el sufrimiento de un viaje forzado son la esencia del imaginario de la colecci\u00f3n.<\/font><\/p>\n<p align=\"justify\"><font size=\"3\">La superposici\u00f3n de capas recuerda las mantas que llevaban durante el viaje. Se trabajan las formas <em>oversize <\/em>con el fin de poder llevar muchas otras piezas debajo.&#160; Los vol\u00famenes exagerados conseguidos a trav\u00e9s de tejidos de lana simbolizan la carga de los exiliados que huyen de la guerra y de la dictadura.<\/font><\/p>\n<p align=\"justify\"><font size=\"3\">La t\u00e9cnica del punto tricotado es uno de los ejes principales de la colecci\u00f3n. Se combina con lana, se fieltra con seda, se manipula con l\u00e1tex y se borda con lana mecha. Simboliza el calor del hogar y de la tierra que se abandona.     <br \/>La defensa frente a la violencia se representa a trav\u00e9s de prendas muy estructuradas que recuerdan las armaduras del pasado. Se trabajan con cinta el\u00e1stica muy ancha y cintas de algod\u00f3n y de lana.<\/font><\/p>\n<p align=\"center\"><a href=\"https:\/\/bobvarela.com\/wp-content\/uploads\/2015\/02\/Miriam-Ponsa-054.jpg\"><img loading=\"lazy\" decoding=\"async\" title=\"Ready to Wear Fall\/Winter 2015-2016\" style=\"border-top: 0px; border-right: 0px; background-image: none; border-bottom: 0px; padding-top: 0px; padding-left: 0px; border-left: 0px; display: inline; padding-right: 0px\" border=\"0\" alt=\"Ready to Wear Fall\/Winter 2015-2016\" src=\"https:\/\/bobvarela.com\/wp-content\/uploads\/2015\/02\/Miriam-Ponsa-054_thumb.jpg\" width=\"198\" height=\"134\" \/><\/a><a href=\"https:\/\/bobvarela.com\/wp-content\/uploads\/2015\/02\/Miriam-Ponsa-001.jpg\"><img loading=\"lazy\" decoding=\"async\" title=\"Ready to Wear Fall\/Winter 2015-2016\" style=\"border-top: 0px; border-right: 0px; background-image: none; border-bottom: 0px; padding-top: 0px; padding-left: 0px; border-left: 0px; display: inline; padding-right: 0px\" border=\"0\" alt=\"Ready to Wear Fall\/Winter 2015-2016\" src=\"https:\/\/bobvarela.com\/wp-content\/uploads\/2015\/02\/Miriam-Ponsa-001_thumb.jpg\" width=\"198\" height=\"134\" \/><\/a><a href=\"https:\/\/bobvarela.com\/wp-content\/uploads\/2015\/02\/Miriam-Ponsa-033.jpg\"><img loading=\"lazy\" decoding=\"async\" title=\"Ready to Wear Fall\/Winter 2015-2016\" style=\"border-top: 0px; border-right: 0px; background-image: none; border-bottom: 0px; padding-top: 0px; padding-left: 0px; border-left: 0px; display: inline; padding-right: 0px\" border=\"0\" alt=\"Ready to Wear Fall\/Winter 2015-2016\" src=\"https:\/\/bobvarela.com\/wp-content\/uploads\/2015\/02\/Miriam-Ponsa-033_thumb.jpg\" width=\"198\" height=\"134\" \/><\/a><\/p>\n<p align=\"justify\"><font size=\"3\">Los ni\u00f1os y las ni\u00f1as exiliados acostumbraban a llevar una identificaci\u00f3n que se ha querido reinterpretar en la colecci\u00f3n.<\/font><\/p>\n<p align=\"justify\"><font size=\"3\">Se trabaja la combinaci\u00f3n de prendas cl\u00e1sicas y pr\u00e1cticas en una misma prenda para conseguir la funcionalidad necesaria durante el trayecto. Los petos se inspiran en los originales en este periodo.<\/font><\/p>\n<p align=\"justify\"><font size=\"3\">Las maletas, como s\u00edmbolo del viaje, de una nueva vida y de cambio, est\u00e1n muy presentes en la colecci\u00f3n.<\/font><\/p>\n<p align=\"justify\"><font size=\"3\">Se trabajan tejidos de lana 100%, de lana y seda, de algod\u00f3n y lana. Pelo <em>tricot<\/em> de lana y moer. La investigaci\u00f3n con l\u00e1tex sobre la lana tambi\u00e9n tiene un papel relevante y permite conseguir el aspecto antiguo y usado deseado.<\/font><\/p>\n<p align=\"justify\"><font size=\"3\">Predominan los colores apagados, como el gris, el caqui y el negro. Colores que evocan la melancol\u00eda y el sufrimiento.<\/font><\/p>\n<div class=\"flagallery photomania_skin\" id=\"FlaGallery_sc1_269\" ><style type=\"text\/css\" class=\"flagallery_skin_style_import\">#FlaGallery_sc1_269 .flagpm_preload {opacity:0;}#FlaGallery_sc1_269 .swiper-big-images img.flagpm_the_photo { max-height:100%; max-width:100%; display:inline; width:auto; height:auto !important; object-fit:unset; vertical-align:middle; border:none; }#FlaGallery_sc1_269 .flagpm_focus .swiper-big-images img.flagpm_the_photo { width:auto; height:auto; object-fit:unset; }#FlaGallery_sc1_269 .swiper-small-images img.flagpm_photo { max-width:none; max-height:none; }#FlaGallery_sc1_269 .swiper-small-images img.flagpm_photo.flagpm_photo_landscape { width:auto; height:100% !important; }#FlaGallery_sc1_269 .swiper-small-images img.flagpm_photo.flagpm_photo_portrait { width:100%; height:auto !important; }#FlaGallery_sc1_269 .flagpm_gallery_sources_list p { margin:7px 0; padding:0; font-size:inherit; }#FlaGallery_sc1_269 .flagpm_photo_details .flagpm_description_wrap a,#FlaGallery_sc1_269 .flagpm_big_button_wrap .flagpm_button.flagpm_like.flagpm_liked,#FlaGallery_sc1_269 .flagpm_big_button_wrap .flagpm_button.flagpm_like.flagpm_liked:hover {color:#0099e5;}#FlaGallery_sc1_269 .flagpm_photo_show .flagpm_big_button {background-color:#0099e5;}#FlaGallery_sc1_269 .swiper-small-images div.flagpm_photo.swiper-slide-active {border-color:#02adea;}#FlaGallery_sc1_269 .flagpm_photo_header .flagpm_name_wrap .flagpm_title_author a:hover,#FlaGallery_sc1_269 .flagpm_photo_details .flagpm_description_wrap a:hover {color:#02adea;}#FlaGallery_sc1_269 .flagpm_photo_show .flagpm_big_button:hover,#FlaGallery_sc1_269 .flagpm_focus_actions ul .flagpm_button.like.flagpm_liked {background-color:#02adea;}<\/style> <div class=\"flagpm_photo_show flagpm_w960 flagpm_w640 flagpm_w480 flagpm_preload\"> <div class=\"flagpm_photo_wrap has_prev_photo has_next_photo\"> <div class=\"swiper-container swiper-big-images\"> <div class=\"flagpm_photo_arrow_next flagpm_photo_arrow flagpm_next\"> <div title=\"Next\" class=\"flagpm_arrow\"><\/div> <\/div> <div class=\"flagpm_photo_arrow_previous flagpm_photo_arrow flagpm_prev\"> <div title=\"Previous\" class=\"flagpm_arrow\"><\/div> <\/div> <div class=\"swiper-wrapper\"><div class=\"swiper-slide\" data-hash=\"flagallery19577\" data-photo-id=\"19577\"><span class=\"flagpm_va\"><\/span><img decoding=\"async\" src=\"https:\/\/bobvarela.com\/wp-content\/flagallery\/miriam-ponsa-coleccion-exilio\/webview\/miriam-ponsa-002.jpg\" data-src=\"https:\/\/bobvarela.com\/wp-content\/flagallery\/miriam-ponsa-coleccion-exilio\/webview\/miriam-ponsa-002.jpg\" alt=\"Ready to Wear Fall\/Winter 2015-2016\" class=\"noLazy flagpm_the_photo swiper-lazy\"><div class=\"swiper-lazy-preloader swiper-lazy-preloader-black\"><\/div><\/div><div class=\"swiper-slide\" data-hash=\"flagallery19578\" data-photo-id=\"19578\"><span class=\"flagpm_va\"><\/span><img data-src=\"https:\/\/bobvarela.com\/wp-content\/flagallery\/miriam-ponsa-coleccion-exilio\/webview\/miriam-ponsa-003.jpg\" alt=\"Ready to Wear Fall\/Winter 2015-2016\" class=\"noLazy flagpm_the_photo swiper-lazy\"><div class=\"swiper-lazy-preloader swiper-lazy-preloader-black\"><\/div><\/div><div class=\"swiper-slide\" data-hash=\"flagallery19579\" data-photo-id=\"19579\"><span class=\"flagpm_va\"><\/span><img data-src=\"https:\/\/bobvarela.com\/wp-content\/flagallery\/miriam-ponsa-coleccion-exilio\/webview\/miriam-ponsa-004.jpg\" alt=\"Ready to Wear Fall\/Winter 2015-2016\" class=\"noLazy flagpm_the_photo swiper-lazy\"><div class=\"swiper-lazy-preloader swiper-lazy-preloader-black\"><\/div><\/div><div class=\"swiper-slide\" data-hash=\"flagallery19580\" data-photo-id=\"19580\"><span class=\"flagpm_va\"><\/span><img data-src=\"https:\/\/bobvarela.com\/wp-content\/flagallery\/miriam-ponsa-coleccion-exilio\/webview\/miriam-ponsa-005.jpg\" alt=\"Ready to Wear Fall\/Winter 2015-2016\" class=\"noLazy flagpm_the_photo swiper-lazy\"><div class=\"swiper-lazy-preloader swiper-lazy-preloader-black\"><\/div><\/div><div class=\"swiper-slide\" data-hash=\"flagallery19581\" data-photo-id=\"19581\"><span class=\"flagpm_va\"><\/span><img data-src=\"https:\/\/bobvarela.com\/wp-content\/flagallery\/miriam-ponsa-coleccion-exilio\/webview\/miriam-ponsa-006.jpg\" alt=\"Ready to Wear Fall\/Winter 2015-2016\" class=\"noLazy flagpm_the_photo swiper-lazy\"><div class=\"swiper-lazy-preloader swiper-lazy-preloader-black\"><\/div><\/div><div class=\"swiper-slide\" data-hash=\"flagallery19582\" data-photo-id=\"19582\"><span class=\"flagpm_va\"><\/span><img data-src=\"https:\/\/bobvarela.com\/wp-content\/flagallery\/miriam-ponsa-coleccion-exilio\/webview\/miriam-ponsa-007.jpg\" alt=\"Ready to Wear Fall\/Winter 2015-2016\" class=\"noLazy flagpm_the_photo swiper-lazy\"><div class=\"swiper-lazy-preloader swiper-lazy-preloader-black\"><\/div><\/div><div class=\"swiper-slide\" data-hash=\"flagallery19583\" data-photo-id=\"19583\"><span class=\"flagpm_va\"><\/span><img data-src=\"https:\/\/bobvarela.com\/wp-content\/flagallery\/miriam-ponsa-coleccion-exilio\/webview\/miriam-ponsa-008.jpg\" alt=\"Ready to Wear Fall\/Winter 2015-2016\" class=\"noLazy flagpm_the_photo swiper-lazy\"><div class=\"swiper-lazy-preloader swiper-lazy-preloader-black\"><\/div><\/div><div class=\"swiper-slide\" data-hash=\"flagallery19584\" data-photo-id=\"19584\"><span class=\"flagpm_va\"><\/span><img data-src=\"https:\/\/bobvarela.com\/wp-content\/flagallery\/miriam-ponsa-coleccion-exilio\/webview\/miriam-ponsa-009.jpg\" alt=\"Ready to Wear Fall\/Winter 2015-2016\" class=\"noLazy flagpm_the_photo swiper-lazy\"><div class=\"swiper-lazy-preloader swiper-lazy-preloader-black\"><\/div><\/div><div class=\"swiper-slide\" data-hash=\"flagallery19585\" data-photo-id=\"19585\"><span class=\"flagpm_va\"><\/span><img data-src=\"https:\/\/bobvarela.com\/wp-content\/flagallery\/miriam-ponsa-coleccion-exilio\/webview\/miriam-ponsa-010.jpg\" alt=\"Ready to Wear Fall\/Winter 2015-2016\" class=\"noLazy flagpm_the_photo swiper-lazy\"><div class=\"swiper-lazy-preloader swiper-lazy-preloader-black\"><\/div><\/div><div class=\"swiper-slide\" data-hash=\"flagallery19586\" data-photo-id=\"19586\"><span class=\"flagpm_va\"><\/span><img data-src=\"https:\/\/bobvarela.com\/wp-content\/flagallery\/miriam-ponsa-coleccion-exilio\/webview\/miriam-ponsa-011.jpg\" alt=\"Ready to Wear Fall\/Winter 2015-2016\" class=\"noLazy flagpm_the_photo swiper-lazy\"><div class=\"swiper-lazy-preloader swiper-lazy-preloader-black\"><\/div><\/div><div class=\"swiper-slide\" data-hash=\"flagallery19587\" data-photo-id=\"19587\"><span class=\"flagpm_va\"><\/span><img data-src=\"https:\/\/bobvarela.com\/wp-content\/flagallery\/miriam-ponsa-coleccion-exilio\/webview\/miriam-ponsa-012.jpg\" alt=\"Ready to Wear Fall\/Winter 2015-2016\" class=\"noLazy flagpm_the_photo swiper-lazy\"><div class=\"swiper-lazy-preloader swiper-lazy-preloader-black\"><\/div><\/div><div class=\"swiper-slide\" data-hash=\"flagallery19588\" data-photo-id=\"19588\"><span class=\"flagpm_va\"><\/span><img data-src=\"https:\/\/bobvarela.com\/wp-content\/flagallery\/miriam-ponsa-coleccion-exilio\/webview\/miriam-ponsa-013.jpg\" alt=\"Ready to Wear Fall\/Winter 2015-2016\" class=\"noLazy flagpm_the_photo swiper-lazy\"><div class=\"swiper-lazy-preloader swiper-lazy-preloader-black\"><\/div><\/div><div class=\"swiper-slide\" data-hash=\"flagallery19589\" data-photo-id=\"19589\"><span class=\"flagpm_va\"><\/span><img data-src=\"https:\/\/bobvarela.com\/wp-content\/flagallery\/miriam-ponsa-coleccion-exilio\/webview\/miriam-ponsa-014.jpg\" alt=\"Ready to Wear Fall\/Winter 2015-2016\" class=\"noLazy flagpm_the_photo swiper-lazy\"><div class=\"swiper-lazy-preloader swiper-lazy-preloader-black\"><\/div><\/div><div class=\"swiper-slide\" data-hash=\"flagallery19590\" data-photo-id=\"19590\"><span class=\"flagpm_va\"><\/span><img data-src=\"https:\/\/bobvarela.com\/wp-content\/flagallery\/miriam-ponsa-coleccion-exilio\/webview\/miriam-ponsa-015.jpg\" alt=\"Ready to Wear Fall\/Winter 2015-2016\" class=\"noLazy flagpm_the_photo swiper-lazy\"><div class=\"swiper-lazy-preloader swiper-lazy-preloader-black\"><\/div><\/div><div class=\"swiper-slide\" data-hash=\"flagallery19591\" data-photo-id=\"19591\"><span class=\"flagpm_va\"><\/span><img data-src=\"https:\/\/bobvarela.com\/wp-content\/flagallery\/miriam-ponsa-coleccion-exilio\/webview\/miriam-ponsa-016.jpg\" alt=\"Ready to Wear Fall\/Winter 2015-2016\" class=\"noLazy flagpm_the_photo swiper-lazy\"><div class=\"swiper-lazy-preloader swiper-lazy-preloader-black\"><\/div><\/div><div class=\"swiper-slide\" data-hash=\"flagallery19592\" data-photo-id=\"19592\"><span class=\"flagpm_va\"><\/span><img data-src=\"https:\/\/bobvarela.com\/wp-content\/flagallery\/miriam-ponsa-coleccion-exilio\/webview\/miriam-ponsa-017.jpg\" alt=\"Ready to Wear Fall\/Winter 2015-2016\" class=\"noLazy flagpm_the_photo swiper-lazy\"><div class=\"swiper-lazy-preloader swiper-lazy-preloader-black\"><\/div><\/div><div class=\"swiper-slide\" data-hash=\"flagallery19593\" data-photo-id=\"19593\"><span class=\"flagpm_va\"><\/span><img data-src=\"https:\/\/bobvarela.com\/wp-content\/flagallery\/miriam-ponsa-coleccion-exilio\/webview\/miriam-ponsa-018.jpg\" alt=\"Ready to Wear Fall\/Winter 2015-2016\" class=\"noLazy flagpm_the_photo swiper-lazy\"><div class=\"swiper-lazy-preloader swiper-lazy-preloader-black\"><\/div><\/div><div class=\"swiper-slide\" data-hash=\"flagallery19594\" data-photo-id=\"19594\"><span class=\"flagpm_va\"><\/span><img data-src=\"https:\/\/bobvarela.com\/wp-content\/flagallery\/miriam-ponsa-coleccion-exilio\/webview\/miriam-ponsa-019.jpg\" alt=\"Ready to Wear Fall\/Winter 2015-2016\" class=\"noLazy flagpm_the_photo swiper-lazy\"><div class=\"swiper-lazy-preloader swiper-lazy-preloader-black\"><\/div><\/div><div class=\"swiper-slide\" data-hash=\"flagallery19595\" data-photo-id=\"19595\"><span class=\"flagpm_va\"><\/span><img data-src=\"https:\/\/bobvarela.com\/wp-content\/flagallery\/miriam-ponsa-coleccion-exilio\/webview\/miriam-ponsa-020.jpg\" alt=\"Ready to Wear Fall\/Winter 2015-2016\" class=\"noLazy flagpm_the_photo swiper-lazy\"><div class=\"swiper-lazy-preloader swiper-lazy-preloader-black\"><\/div><\/div><div class=\"swiper-slide\" data-hash=\"flagallery19596\" data-photo-id=\"19596\"><span class=\"flagpm_va\"><\/span><img data-src=\"https:\/\/bobvarela.com\/wp-content\/flagallery\/miriam-ponsa-coleccion-exilio\/webview\/miriam-ponsa-021.jpg\" alt=\"Ready to Wear Fall\/Winter 2015-2016\" class=\"noLazy flagpm_the_photo swiper-lazy\"><div class=\"swiper-lazy-preloader swiper-lazy-preloader-black\"><\/div><\/div><div class=\"swiper-slide\" data-hash=\"flagallery19597\" data-photo-id=\"19597\"><span class=\"flagpm_va\"><\/span><img data-src=\"https:\/\/bobvarela.com\/wp-content\/flagallery\/miriam-ponsa-coleccion-exilio\/webview\/miriam-ponsa-022.jpg\" alt=\"Ready to Wear Fall\/Winter 2015-2016\" class=\"noLazy flagpm_the_photo swiper-lazy\"><div class=\"swiper-lazy-preloader swiper-lazy-preloader-black\"><\/div><\/div><div class=\"swiper-slide\" data-hash=\"flagallery19598\" data-photo-id=\"19598\"><span class=\"flagpm_va\"><\/span><img data-src=\"https:\/\/bobvarela.com\/wp-content\/flagallery\/miriam-ponsa-coleccion-exilio\/webview\/miriam-ponsa-023.jpg\" alt=\"Ready to Wear Fall\/Winter 2015-2016\" class=\"noLazy flagpm_the_photo swiper-lazy\"><div class=\"swiper-lazy-preloader swiper-lazy-preloader-black\"><\/div><\/div><div class=\"swiper-slide\" data-hash=\"flagallery19599\" data-photo-id=\"19599\"><span class=\"flagpm_va\"><\/span><img data-src=\"https:\/\/bobvarela.com\/wp-content\/flagallery\/miriam-ponsa-coleccion-exilio\/webview\/miriam-ponsa-024.jpg\" alt=\"Ready to Wear Fall\/Winter 2015-2016\" class=\"noLazy flagpm_the_photo swiper-lazy\"><div class=\"swiper-lazy-preloader swiper-lazy-preloader-black\"><\/div><\/div><div class=\"swiper-slide\" data-hash=\"flagallery19600\" data-photo-id=\"19600\"><span class=\"flagpm_va\"><\/span><img data-src=\"https:\/\/bobvarela.com\/wp-content\/flagallery\/miriam-ponsa-coleccion-exilio\/webview\/miriam-ponsa-025.jpg\" alt=\"Ready to Wear Fall\/Winter 2015-2016\" class=\"noLazy flagpm_the_photo swiper-lazy\"><div class=\"swiper-lazy-preloader swiper-lazy-preloader-black\"><\/div><\/div><div class=\"swiper-slide\" data-hash=\"flagallery19601\" data-photo-id=\"19601\"><span class=\"flagpm_va\"><\/span><img data-src=\"https:\/\/bobvarela.com\/wp-content\/flagallery\/miriam-ponsa-coleccion-exilio\/webview\/miriam-ponsa-026.jpg\" alt=\"Ready to Wear Fall\/Winter 2015-2016\" class=\"noLazy flagpm_the_photo swiper-lazy\"><div class=\"swiper-lazy-preloader swiper-lazy-preloader-black\"><\/div><\/div><div class=\"swiper-slide\" data-hash=\"flagallery19602\" data-photo-id=\"19602\"><span class=\"flagpm_va\"><\/span><img data-src=\"https:\/\/bobvarela.com\/wp-content\/flagallery\/miriam-ponsa-coleccion-exilio\/webview\/miriam-ponsa-027.jpg\" alt=\"Ready to Wear Fall\/Winter 2015-2016\" class=\"noLazy flagpm_the_photo swiper-lazy\"><div class=\"swiper-lazy-preloader swiper-lazy-preloader-black\"><\/div><\/div><div class=\"swiper-slide\" data-hash=\"flagallery19603\" data-photo-id=\"19603\"><span class=\"flagpm_va\"><\/span><img data-src=\"https:\/\/bobvarela.com\/wp-content\/flagallery\/miriam-ponsa-coleccion-exilio\/webview\/miriam-ponsa-028.jpg\" alt=\"Ready to Wear Fall\/Winter 2015-2016\" class=\"noLazy flagpm_the_photo swiper-lazy\"><div class=\"swiper-lazy-preloader swiper-lazy-preloader-black\"><\/div><\/div><div class=\"swiper-slide\" data-hash=\"flagallery19604\" data-photo-id=\"19604\"><span class=\"flagpm_va\"><\/span><img data-src=\"https:\/\/bobvarela.com\/wp-content\/flagallery\/miriam-ponsa-coleccion-exilio\/webview\/miriam-ponsa-029.jpg\" alt=\"Ready to Wear Fall\/Winter 2015-2016\" class=\"noLazy flagpm_the_photo swiper-lazy\"><div class=\"swiper-lazy-preloader swiper-lazy-preloader-black\"><\/div><\/div><div class=\"swiper-slide\" data-hash=\"flagallery19605\" data-photo-id=\"19605\"><span class=\"flagpm_va\"><\/span><img data-src=\"https:\/\/bobvarela.com\/wp-content\/flagallery\/miriam-ponsa-coleccion-exilio\/webview\/miriam-ponsa-030.jpg\" alt=\"Ready to Wear Fall\/Winter 2015-2016\" class=\"noLazy flagpm_the_photo swiper-lazy\"><div class=\"swiper-lazy-preloader swiper-lazy-preloader-black\"><\/div><\/div><div class=\"swiper-slide\" data-hash=\"flagallery19606\" data-photo-id=\"19606\"><span class=\"flagpm_va\"><\/span><img data-src=\"https:\/\/bobvarela.com\/wp-content\/flagallery\/miriam-ponsa-coleccion-exilio\/webview\/miriam-ponsa-032.jpg\" alt=\"Ready to Wear Fall\/Winter 2015-2016\" class=\"noLazy flagpm_the_photo swiper-lazy\"><div class=\"swiper-lazy-preloader swiper-lazy-preloader-black\"><\/div><\/div><div class=\"swiper-slide\" data-hash=\"flagallery19607\" data-photo-id=\"19607\"><span class=\"flagpm_va\"><\/span><img data-src=\"https:\/\/bobvarela.com\/wp-content\/flagallery\/miriam-ponsa-coleccion-exilio\/webview\/miriam-ponsa-034.jpg\" alt=\"Ready to Wear Fall\/Winter 2015-2016\" class=\"noLazy flagpm_the_photo swiper-lazy\"><div class=\"swiper-lazy-preloader swiper-lazy-preloader-black\"><\/div><\/div><div class=\"swiper-slide\" data-hash=\"flagallery19608\" data-photo-id=\"19608\"><span class=\"flagpm_va\"><\/span><img data-src=\"https:\/\/bobvarela.com\/wp-content\/flagallery\/miriam-ponsa-coleccion-exilio\/webview\/miriam-ponsa-035.jpg\" alt=\"Ready to Wear Fall\/Winter 2015-2016\" class=\"noLazy flagpm_the_photo swiper-lazy\"><div class=\"swiper-lazy-preloader swiper-lazy-preloader-black\"><\/div><\/div><div class=\"swiper-slide\" data-hash=\"flagallery19609\" data-photo-id=\"19609\"><span class=\"flagpm_va\"><\/span><img data-src=\"https:\/\/bobvarela.com\/wp-content\/flagallery\/miriam-ponsa-coleccion-exilio\/webview\/miriam-ponsa-036.jpg\" alt=\"Ready to Wear Fall\/Winter 2015-2016\" class=\"noLazy flagpm_the_photo swiper-lazy\"><div class=\"swiper-lazy-preloader swiper-lazy-preloader-black\"><\/div><\/div><div class=\"swiper-slide\" data-hash=\"flagallery19610\" data-photo-id=\"19610\"><span class=\"flagpm_va\"><\/span><img data-src=\"https:\/\/bobvarela.com\/wp-content\/flagallery\/miriam-ponsa-coleccion-exilio\/webview\/miriam-ponsa-037.jpg\" alt=\"Ready to Wear Fall\/Winter 2015-2016\" class=\"noLazy flagpm_the_photo swiper-lazy\"><div class=\"swiper-lazy-preloader swiper-lazy-preloader-black\"><\/div><\/div><div class=\"swiper-slide\" data-hash=\"flagallery19611\" data-photo-id=\"19611\"><span class=\"flagpm_va\"><\/span><img data-src=\"https:\/\/bobvarela.com\/wp-content\/flagallery\/miriam-ponsa-coleccion-exilio\/webview\/miriam-ponsa-038.jpg\" alt=\"Ready to Wear Fall\/Winter 2015-2016\" class=\"noLazy flagpm_the_photo swiper-lazy\"><div class=\"swiper-lazy-preloader swiper-lazy-preloader-black\"><\/div><\/div><div class=\"swiper-slide\" data-hash=\"flagallery19612\" data-photo-id=\"19612\"><span class=\"flagpm_va\"><\/span><img data-src=\"https:\/\/bobvarela.com\/wp-content\/flagallery\/miriam-ponsa-coleccion-exilio\/webview\/miriam-ponsa-039.jpg\" alt=\"Ready to Wear Fall\/Winter 2015-2016\" class=\"noLazy flagpm_the_photo swiper-lazy\"><div class=\"swiper-lazy-preloader swiper-lazy-preloader-black\"><\/div><\/div><div class=\"swiper-slide\" data-hash=\"flagallery19613\" data-photo-id=\"19613\"><span class=\"flagpm_va\"><\/span><img data-src=\"https:\/\/bobvarela.com\/wp-content\/flagallery\/miriam-ponsa-coleccion-exilio\/webview\/miriam-ponsa-040.jpg\" alt=\"Ready to Wear Fall\/Winter 2015-2016\" class=\"noLazy flagpm_the_photo swiper-lazy\"><div class=\"swiper-lazy-preloader swiper-lazy-preloader-black\"><\/div><\/div><div class=\"swiper-slide\" data-hash=\"flagallery19614\" data-photo-id=\"19614\"><span class=\"flagpm_va\"><\/span><img data-src=\"https:\/\/bobvarela.com\/wp-content\/flagallery\/miriam-ponsa-coleccion-exilio\/webview\/miriam-ponsa-041.jpg\" alt=\"Ready to Wear Fall\/Winter 2015-2016\" class=\"noLazy flagpm_the_photo swiper-lazy\"><div class=\"swiper-lazy-preloader swiper-lazy-preloader-black\"><\/div><\/div><div class=\"swiper-slide\" data-hash=\"flagallery19615\" data-photo-id=\"19615\"><span class=\"flagpm_va\"><\/span><img data-src=\"https:\/\/bobvarela.com\/wp-content\/flagallery\/miriam-ponsa-coleccion-exilio\/webview\/miriam-ponsa-042.jpg\" alt=\"Ready to Wear Fall\/Winter 2015-2016\" class=\"noLazy flagpm_the_photo swiper-lazy\"><div class=\"swiper-lazy-preloader swiper-lazy-preloader-black\"><\/div><\/div><div class=\"swiper-slide\" data-hash=\"flagallery19616\" data-photo-id=\"19616\"><span class=\"flagpm_va\"><\/span><img data-src=\"https:\/\/bobvarela.com\/wp-content\/flagallery\/miriam-ponsa-coleccion-exilio\/webview\/miriam-ponsa-043.jpg\" alt=\"Ready to Wear Fall\/Winter 2015-2016\" class=\"noLazy flagpm_the_photo swiper-lazy\"><div class=\"swiper-lazy-preloader swiper-lazy-preloader-black\"><\/div><\/div><div class=\"swiper-slide\" data-hash=\"flagallery19617\" data-photo-id=\"19617\"><span class=\"flagpm_va\"><\/span><img data-src=\"https:\/\/bobvarela.com\/wp-content\/flagallery\/miriam-ponsa-coleccion-exilio\/webview\/miriam-ponsa-044.jpg\" alt=\"Ready to Wear Fall\/Winter 2015-2016\" class=\"noLazy flagpm_the_photo swiper-lazy\"><div class=\"swiper-lazy-preloader swiper-lazy-preloader-black\"><\/div><\/div><div class=\"swiper-slide\" data-hash=\"flagallery19618\" data-photo-id=\"19618\"><span class=\"flagpm_va\"><\/span><img data-src=\"https:\/\/bobvarela.com\/wp-content\/flagallery\/miriam-ponsa-coleccion-exilio\/webview\/miriam-ponsa-045.jpg\" alt=\"Ready to Wear Fall\/Winter 2015-2016\" class=\"noLazy flagpm_the_photo swiper-lazy\"><div class=\"swiper-lazy-preloader swiper-lazy-preloader-black\"><\/div><\/div><div class=\"swiper-slide\" data-hash=\"flagallery19619\" data-photo-id=\"19619\"><span class=\"flagpm_va\"><\/span><img data-src=\"https:\/\/bobvarela.com\/wp-content\/flagallery\/miriam-ponsa-coleccion-exilio\/webview\/miriam-ponsa-046.jpg\" alt=\"Ready to Wear Fall\/Winter 2015-2016\" class=\"noLazy flagpm_the_photo swiper-lazy\"><div class=\"swiper-lazy-preloader swiper-lazy-preloader-black\"><\/div><\/div><div class=\"swiper-slide\" data-hash=\"flagallery19620\" data-photo-id=\"19620\"><span class=\"flagpm_va\"><\/span><img data-src=\"https:\/\/bobvarela.com\/wp-content\/flagallery\/miriam-ponsa-coleccion-exilio\/webview\/miriam-ponsa-047.jpg\" alt=\"Ready to Wear Fall\/Winter 2015-2016\" class=\"noLazy flagpm_the_photo swiper-lazy\"><div class=\"swiper-lazy-preloader swiper-lazy-preloader-black\"><\/div><\/div><div class=\"swiper-slide\" data-hash=\"flagallery19621\" data-photo-id=\"19621\"><span class=\"flagpm_va\"><\/span><img data-src=\"https:\/\/bobvarela.com\/wp-content\/flagallery\/miriam-ponsa-coleccion-exilio\/webview\/miriam-ponsa-048.jpg\" alt=\"Ready to Wear Fall\/Winter 2015-2016\" class=\"noLazy flagpm_the_photo swiper-lazy\"><div class=\"swiper-lazy-preloader swiper-lazy-preloader-black\"><\/div><\/div><div class=\"swiper-slide\" data-hash=\"flagallery19622\" data-photo-id=\"19622\"><span class=\"flagpm_va\"><\/span><img data-src=\"https:\/\/bobvarela.com\/wp-content\/flagallery\/miriam-ponsa-coleccion-exilio\/webview\/miriam-ponsa-049.jpg\" alt=\"Ready to Wear Fall\/Winter 2015-2016\" class=\"noLazy flagpm_the_photo swiper-lazy\"><div class=\"swiper-lazy-preloader swiper-lazy-preloader-black\"><\/div><\/div><div class=\"swiper-slide\" data-hash=\"flagallery19623\" data-photo-id=\"19623\"><span class=\"flagpm_va\"><\/span><img data-src=\"https:\/\/bobvarela.com\/wp-content\/flagallery\/miriam-ponsa-coleccion-exilio\/webview\/miriam-ponsa-050.jpg\" alt=\"Ready to Wear Fall\/Winter 2015-2016\" class=\"noLazy flagpm_the_photo swiper-lazy\"><div class=\"swiper-lazy-preloader swiper-lazy-preloader-black\"><\/div><\/div><div class=\"swiper-slide\" data-hash=\"flagallery19624\" data-photo-id=\"19624\"><span class=\"flagpm_va\"><\/span><img data-src=\"https:\/\/bobvarela.com\/wp-content\/flagallery\/miriam-ponsa-coleccion-exilio\/webview\/miriam-ponsa-051.jpg\" alt=\"Ready to Wear Fall\/Winter 2015-2016\" class=\"noLazy flagpm_the_photo swiper-lazy\"><div class=\"swiper-lazy-preloader swiper-lazy-preloader-black\"><\/div><\/div><div class=\"swiper-slide\" data-hash=\"flagallery19625\" data-photo-id=\"19625\"><span class=\"flagpm_va\"><\/span><img data-src=\"https:\/\/bobvarela.com\/wp-content\/flagallery\/miriam-ponsa-coleccion-exilio\/webview\/miriam-ponsa-052.jpg\" alt=\"Ready to Wear Fall\/Winter 2015-2016\" class=\"noLazy flagpm_the_photo swiper-lazy\"><div class=\"swiper-lazy-preloader swiper-lazy-preloader-black\"><\/div><\/div><div class=\"swiper-slide\" data-hash=\"flagallery19626\" data-photo-id=\"19626\"><span class=\"flagpm_va\"><\/span><img data-src=\"https:\/\/bobvarela.com\/wp-content\/flagallery\/miriam-ponsa-coleccion-exilio\/webview\/miriam-ponsa-053.jpg\" alt=\"Ready to Wear Fall\/Winter 2015-2016\" class=\"noLazy flagpm_the_photo swiper-lazy\"><div class=\"swiper-lazy-preloader swiper-lazy-preloader-black\"><\/div><\/div><div class=\"swiper-slide\" data-hash=\"flagallery19627\" data-photo-id=\"19627\"><span class=\"flagpm_va\"><\/span><img data-src=\"https:\/\/bobvarela.com\/wp-content\/flagallery\/miriam-ponsa-coleccion-exilio\/webview\/miriam-ponsa-055.jpg\" alt=\"Ready to Wear Fall\/Winter 2015-2016\" class=\"noLazy flagpm_the_photo swiper-lazy\"><div class=\"swiper-lazy-preloader swiper-lazy-preloader-black\"><\/div><\/div><div class=\"swiper-slide\" data-hash=\"flagallery19628\" data-photo-id=\"19628\"><span class=\"flagpm_va\"><\/span><img data-src=\"https:\/\/bobvarela.com\/wp-content\/flagallery\/miriam-ponsa-coleccion-exilio\/webview\/miriam-ponsa-056.jpg\" alt=\"Ready to Wear Fall\/Winter 2015-2016\" class=\"noLazy flagpm_the_photo swiper-lazy\"><div class=\"swiper-lazy-preloader swiper-lazy-preloader-black\"><\/div><\/div><div class=\"swiper-slide\" data-hash=\"flagallery19629\" data-photo-id=\"19629\"><span class=\"flagpm_va\"><\/span><img data-src=\"https:\/\/bobvarela.com\/wp-content\/flagallery\/miriam-ponsa-coleccion-exilio\/webview\/miriam-ponsa-057.jpg\" alt=\"Ready to Wear Fall\/Winter 2015-2016\" class=\"noLazy flagpm_the_photo swiper-lazy\"><div class=\"swiper-lazy-preloader swiper-lazy-preloader-black\"><\/div><\/div><div class=\"swiper-slide\" data-hash=\"flagallery19630\" data-photo-id=\"19630\"><span class=\"flagpm_va\"><\/span><img data-src=\"https:\/\/bobvarela.com\/wp-content\/flagallery\/miriam-ponsa-coleccion-exilio\/webview\/miriam-ponsa-058.jpg\" alt=\"Ready to Wear Fall\/Winter 2015-2016\" class=\"noLazy flagpm_the_photo swiper-lazy\"><div class=\"swiper-lazy-preloader swiper-lazy-preloader-black\"><\/div><\/div><div class=\"swiper-slide\" data-hash=\"flagallery19631\" data-photo-id=\"19631\"><span class=\"flagpm_va\"><\/span><img data-src=\"https:\/\/bobvarela.com\/wp-content\/flagallery\/miriam-ponsa-coleccion-exilio\/webview\/miriam-ponsa-059.jpg\" alt=\"Ready to Wear Fall\/Winter 2015-2016\" class=\"noLazy flagpm_the_photo swiper-lazy\"><div class=\"swiper-lazy-preloader swiper-lazy-preloader-black\"><\/div><\/div><div class=\"swiper-slide\" data-hash=\"flagallery19632\" data-photo-id=\"19632\"><span class=\"flagpm_va\"><\/span><img data-src=\"https:\/\/bobvarela.com\/wp-content\/flagallery\/miriam-ponsa-coleccion-exilio\/webview\/miriam-ponsa-060.jpg\" alt=\"Ready to Wear Fall\/Winter 2015-2016\" class=\"noLazy flagpm_the_photo swiper-lazy\"><div class=\"swiper-lazy-preloader swiper-lazy-preloader-black\"><\/div><\/div><div class=\"swiper-slide\" data-hash=\"flagallery19633\" data-photo-id=\"19633\"><span class=\"flagpm_va\"><\/span><img data-src=\"https:\/\/bobvarela.com\/wp-content\/flagallery\/miriam-ponsa-coleccion-exilio\/webview\/miriam-ponsa-061.jpg\" alt=\"Ready to Wear Fall\/Winter 2015-2016\" class=\"noLazy flagpm_the_photo swiper-lazy\"><div class=\"swiper-lazy-preloader swiper-lazy-preloader-black\"><\/div><\/div><div class=\"swiper-slide\" data-hash=\"flagallery19634\" data-photo-id=\"19634\"><span class=\"flagpm_va\"><\/span><img data-src=\"https:\/\/bobvarela.com\/wp-content\/flagallery\/miriam-ponsa-coleccion-exilio\/webview\/miriam-ponsa-062.jpg\" alt=\"Ready to Wear Fall\/Winter 2015-2016\" class=\"noLazy flagpm_the_photo swiper-lazy\"><div class=\"swiper-lazy-preloader swiper-lazy-preloader-black\"><\/div><\/div><div class=\"swiper-slide\" data-hash=\"flagallery19635\" data-photo-id=\"19635\"><span class=\"flagpm_va\"><\/span><img data-src=\"https:\/\/bobvarela.com\/wp-content\/flagallery\/miriam-ponsa-coleccion-exilio\/webview\/miriam-ponsa-063.jpg\" alt=\"Ready to Wear Fall\/Winter 2015-2016\" class=\"noLazy flagpm_the_photo swiper-lazy\"><div class=\"swiper-lazy-preloader swiper-lazy-preloader-black\"><\/div><\/div><div class=\"swiper-slide\" data-hash=\"flagallery19636\" data-photo-id=\"19636\"><span class=\"flagpm_va\"><\/span><img data-src=\"https:\/\/bobvarela.com\/wp-content\/flagallery\/miriam-ponsa-coleccion-exilio\/webview\/miriam-ponsa-064.jpg\" alt=\"Ready to Wear Fall\/Winter 2015-2016\" class=\"noLazy flagpm_the_photo swiper-lazy\"><div class=\"swiper-lazy-preloader swiper-lazy-preloader-black\"><\/div><\/div> <\/div> <\/div> <\/div> <div class=\"flagpm_photo_header\"> <div class=\"flagpm_wrapper flagpm_clearfix\"> <div class=\"flagpm_focus_actions\"> <ul class=\"flagpm_focus_share\"> <li style=\"list-style:none;\" class=\"flagpm_share_wrapper\"> <a class=\"flagpm_button flagpm_share\">Share<\/a> <ul class=\"flagpm_sharelizers flagpm_clearfix\"> <li style=\"list-style:none;\"><a class=\"flagpm_button flagpm_facebook flagpm_sharelizer\">Facebook<\/a><\/li> <li style=\"list-style:none;\"><a class=\"flagpm_button flagpm_twitter flagpm_sharelizer\">Twitter<\/a><\/li> <li style=\"list-style:none;\"><a class=\"flagpm_button flagpm_pinterest flagpm_sharelizer\">Pinterest<\/a><\/li> <li style=\"list-style:none;\"><a class=\"flagpm_button flagpm_stumbleupon flagpm_sharelizer\">StumbleUpon<\/a><\/li> <\/ul> <\/li> <\/ul> <ul class=\"flagpm_focus_like_fave flagpm_clearfix\"> <li style=\"list-style:none;\"><a class=\"flagpm_button flagpm_like\">Like<\/a><\/li> <\/ul> <ul class=\"flagpm_focus_arrows flagpm_clearfix\"> <li style=\"list-style:none;\"><a class=\"flagpm_button flagpm_photo_arrow_previous flagpm_prev\">Previous<\/a><\/li> <li style=\"list-style:none;\"><a class=\"flagpm_button flagpm_photo_arrow_next flagpm_next\">Next<\/a><\/li> <\/ul> <\/div> <div class=\"flagpm_name_wrap flagpm_clearfix flagpm_no_avatar\"> <div class=\"flagpm_title_author\"> <div class=\"flagpm_title\">Ready to Wear Fall\/Winter 2015-2016<\/div> <\/div> <\/div> <div class=\"flagpm_actions flagpm_clearfix\"> <div class=\"flagpm_carousel flagpm_has_previous flagpm_has_next\"> <div class=\"flagpm_previous_button\"><\/div> <div class=\"flagpm_photo_carousel\"> <div class=\"swiper-container swiper-small-images\"> <div class=\"swiper-wrapper\"><div class=\"swiper-slide flagpm_photo\" data-photo-id=\"19577\"><img decoding=\"async\" src=\"https:\/\/bobvarela.com\/wp-content\/flagallery\/miriam-ponsa-coleccion-exilio\/thumbs\/thumbs_miriam-ponsa-002.jpg\" data-src=\"https:\/\/bobvarela.com\/wp-content\/flagallery\/miriam-ponsa-coleccion-exilio\/thumbs\/thumbs_miriam-ponsa-002.jpg\" alt=\"Ready to Wear Fall\/Winter 2015-2016\" class=\"noLazy flagpm_photo swiper-lazy flagpm_photo_portrait\"><span class=\"swiper-lazy-preloader swiper-lazy-preloader-black\"><\/span><\/div><div class=\"swiper-slide flagpm_photo\" data-photo-id=\"19578\"><img data-src=\"https:\/\/bobvarela.com\/wp-content\/flagallery\/miriam-ponsa-coleccion-exilio\/thumbs\/thumbs_miriam-ponsa-003.jpg\" alt=\"Ready to Wear Fall\/Winter 2015-2016\" class=\"noLazy flagpm_photo swiper-lazy flagpm_photo_portrait\"><span class=\"swiper-lazy-preloader swiper-lazy-preloader-black\"><\/span><\/div><div class=\"swiper-slide flagpm_photo\" data-photo-id=\"19579\"><img data-src=\"https:\/\/bobvarela.com\/wp-content\/flagallery\/miriam-ponsa-coleccion-exilio\/thumbs\/thumbs_miriam-ponsa-004.jpg\" alt=\"Ready to Wear Fall\/Winter 2015-2016\" class=\"noLazy flagpm_photo swiper-lazy flagpm_photo_portrait\"><span class=\"swiper-lazy-preloader swiper-lazy-preloader-black\"><\/span><\/div><div class=\"swiper-slide flagpm_photo\" data-photo-id=\"19580\"><img data-src=\"https:\/\/bobvarela.com\/wp-content\/flagallery\/miriam-ponsa-coleccion-exilio\/thumbs\/thumbs_miriam-ponsa-005.jpg\" alt=\"Ready to Wear Fall\/Winter 2015-2016\" class=\"noLazy flagpm_photo swiper-lazy flagpm_photo_portrait\"><span class=\"swiper-lazy-preloader swiper-lazy-preloader-black\"><\/span><\/div><div class=\"swiper-slide flagpm_photo\" data-photo-id=\"19581\"><img data-src=\"https:\/\/bobvarela.com\/wp-content\/flagallery\/miriam-ponsa-coleccion-exilio\/thumbs\/thumbs_miriam-ponsa-006.jpg\" alt=\"Ready to Wear Fall\/Winter 2015-2016\" class=\"noLazy flagpm_photo swiper-lazy flagpm_photo_portrait\"><span class=\"swiper-lazy-preloader swiper-lazy-preloader-black\"><\/span><\/div><div class=\"swiper-slide flagpm_photo\" data-photo-id=\"19582\"><img data-src=\"https:\/\/bobvarela.com\/wp-content\/flagallery\/miriam-ponsa-coleccion-exilio\/thumbs\/thumbs_miriam-ponsa-007.jpg\" alt=\"Ready to Wear Fall\/Winter 2015-2016\" class=\"noLazy flagpm_photo swiper-lazy flagpm_photo_portrait\"><span class=\"swiper-lazy-preloader swiper-lazy-preloader-black\"><\/span><\/div><div class=\"swiper-slide flagpm_photo\" data-photo-id=\"19583\"><img data-src=\"https:\/\/bobvarela.com\/wp-content\/flagallery\/miriam-ponsa-coleccion-exilio\/thumbs\/thumbs_miriam-ponsa-008.jpg\" alt=\"Ready to Wear Fall\/Winter 2015-2016\" class=\"noLazy flagpm_photo swiper-lazy flagpm_photo_portrait\"><span class=\"swiper-lazy-preloader swiper-lazy-preloader-black\"><\/span><\/div><div class=\"swiper-slide flagpm_photo\" data-photo-id=\"19584\"><img data-src=\"https:\/\/bobvarela.com\/wp-content\/flagallery\/miriam-ponsa-coleccion-exilio\/thumbs\/thumbs_miriam-ponsa-009.jpg\" alt=\"Ready to Wear Fall\/Winter 2015-2016\" class=\"noLazy flagpm_photo swiper-lazy flagpm_photo_portrait\"><span class=\"swiper-lazy-preloader swiper-lazy-preloader-black\"><\/span><\/div><div class=\"swiper-slide flagpm_photo\" data-photo-id=\"19585\"><img data-src=\"https:\/\/bobvarela.com\/wp-content\/flagallery\/miriam-ponsa-coleccion-exilio\/thumbs\/thumbs_miriam-ponsa-010.jpg\" alt=\"Ready to Wear Fall\/Winter 2015-2016\" class=\"noLazy flagpm_photo swiper-lazy flagpm_photo_portrait\"><span class=\"swiper-lazy-preloader swiper-lazy-preloader-black\"><\/span><\/div><div class=\"swiper-slide flagpm_photo\" data-photo-id=\"19586\"><img data-src=\"https:\/\/bobvarela.com\/wp-content\/flagallery\/miriam-ponsa-coleccion-exilio\/thumbs\/thumbs_miriam-ponsa-011.jpg\" alt=\"Ready to Wear Fall\/Winter 2015-2016\" class=\"noLazy flagpm_photo swiper-lazy flagpm_photo_portrait\"><span class=\"swiper-lazy-preloader swiper-lazy-preloader-black\"><\/span><\/div><div class=\"swiper-slide flagpm_photo\" data-photo-id=\"19587\"><img data-src=\"https:\/\/bobvarela.com\/wp-content\/flagallery\/miriam-ponsa-coleccion-exilio\/thumbs\/thumbs_miriam-ponsa-012.jpg\" alt=\"Ready to Wear Fall\/Winter 2015-2016\" class=\"noLazy flagpm_photo swiper-lazy flagpm_photo_portrait\"><span class=\"swiper-lazy-preloader swiper-lazy-preloader-black\"><\/span><\/div><div class=\"swiper-slide flagpm_photo\" data-photo-id=\"19588\"><img data-src=\"https:\/\/bobvarela.com\/wp-content\/flagallery\/miriam-ponsa-coleccion-exilio\/thumbs\/thumbs_miriam-ponsa-013.jpg\" alt=\"Ready to Wear Fall\/Winter 2015-2016\" class=\"noLazy flagpm_photo swiper-lazy flagpm_photo_portrait\"><span class=\"swiper-lazy-preloader swiper-lazy-preloader-black\"><\/span><\/div><div class=\"swiper-slide flagpm_photo\" data-photo-id=\"19589\"><img data-src=\"https:\/\/bobvarela.com\/wp-content\/flagallery\/miriam-ponsa-coleccion-exilio\/thumbs\/thumbs_miriam-ponsa-014.jpg\" alt=\"Ready to Wear Fall\/Winter 2015-2016\" class=\"noLazy flagpm_photo swiper-lazy flagpm_photo_portrait\"><span class=\"swiper-lazy-preloader swiper-lazy-preloader-black\"><\/span><\/div><div class=\"swiper-slide flagpm_photo\" data-photo-id=\"19590\"><img data-src=\"https:\/\/bobvarela.com\/wp-content\/flagallery\/miriam-ponsa-coleccion-exilio\/thumbs\/thumbs_miriam-ponsa-015.jpg\" alt=\"Ready to Wear Fall\/Winter 2015-2016\" class=\"noLazy flagpm_photo swiper-lazy flagpm_photo_portrait\"><span class=\"swiper-lazy-preloader swiper-lazy-preloader-black\"><\/span><\/div><div class=\"swiper-slide flagpm_photo\" data-photo-id=\"19591\"><img data-src=\"https:\/\/bobvarela.com\/wp-content\/flagallery\/miriam-ponsa-coleccion-exilio\/thumbs\/thumbs_miriam-ponsa-016.jpg\" alt=\"Ready to Wear Fall\/Winter 2015-2016\" class=\"noLazy flagpm_photo swiper-lazy flagpm_photo_portrait\"><span class=\"swiper-lazy-preloader swiper-lazy-preloader-black\"><\/span><\/div><div class=\"swiper-slide flagpm_photo\" data-photo-id=\"19592\"><img data-src=\"https:\/\/bobvarela.com\/wp-content\/flagallery\/miriam-ponsa-coleccion-exilio\/thumbs\/thumbs_miriam-ponsa-017.jpg\" alt=\"Ready to Wear Fall\/Winter 2015-2016\" class=\"noLazy flagpm_photo swiper-lazy flagpm_photo_portrait\"><span class=\"swiper-lazy-preloader swiper-lazy-preloader-black\"><\/span><\/div><div class=\"swiper-slide flagpm_photo\" data-photo-id=\"19593\"><img data-src=\"https:\/\/bobvarela.com\/wp-content\/flagallery\/miriam-ponsa-coleccion-exilio\/thumbs\/thumbs_miriam-ponsa-018.jpg\" alt=\"Ready to Wear Fall\/Winter 2015-2016\" class=\"noLazy flagpm_photo swiper-lazy flagpm_photo_portrait\"><span class=\"swiper-lazy-preloader swiper-lazy-preloader-black\"><\/span><\/div><div class=\"swiper-slide flagpm_photo\" data-photo-id=\"19594\"><img data-src=\"https:\/\/bobvarela.com\/wp-content\/flagallery\/miriam-ponsa-coleccion-exilio\/thumbs\/thumbs_miriam-ponsa-019.jpg\" alt=\"Ready to Wear Fall\/Winter 2015-2016\" class=\"noLazy flagpm_photo swiper-lazy flagpm_photo_portrait\"><span class=\"swiper-lazy-preloader swiper-lazy-preloader-black\"><\/span><\/div><div class=\"swiper-slide flagpm_photo\" data-photo-id=\"19595\"><img data-src=\"https:\/\/bobvarela.com\/wp-content\/flagallery\/miriam-ponsa-coleccion-exilio\/thumbs\/thumbs_miriam-ponsa-020.jpg\" alt=\"Ready to Wear Fall\/Winter 2015-2016\" class=\"noLazy flagpm_photo swiper-lazy flagpm_photo_portrait\"><span class=\"swiper-lazy-preloader swiper-lazy-preloader-black\"><\/span><\/div><div class=\"swiper-slide flagpm_photo\" data-photo-id=\"19596\"><img data-src=\"https:\/\/bobvarela.com\/wp-content\/flagallery\/miriam-ponsa-coleccion-exilio\/thumbs\/thumbs_miriam-ponsa-021.jpg\" alt=\"Ready to Wear Fall\/Winter 2015-2016\" class=\"noLazy flagpm_photo swiper-lazy flagpm_photo_portrait\"><span class=\"swiper-lazy-preloader swiper-lazy-preloader-black\"><\/span><\/div><div class=\"swiper-slide flagpm_photo\" data-photo-id=\"19597\"><img data-src=\"https:\/\/bobvarela.com\/wp-content\/flagallery\/miriam-ponsa-coleccion-exilio\/thumbs\/thumbs_miriam-ponsa-022.jpg\" alt=\"Ready to Wear Fall\/Winter 2015-2016\" class=\"noLazy flagpm_photo swiper-lazy flagpm_photo_portrait\"><span class=\"swiper-lazy-preloader swiper-lazy-preloader-black\"><\/span><\/div><div class=\"swiper-slide flagpm_photo\" data-photo-id=\"19598\"><img data-src=\"https:\/\/bobvarela.com\/wp-content\/flagallery\/miriam-ponsa-coleccion-exilio\/thumbs\/thumbs_miriam-ponsa-023.jpg\" alt=\"Ready to Wear Fall\/Winter 2015-2016\" class=\"noLazy flagpm_photo swiper-lazy flagpm_photo_portrait\"><span class=\"swiper-lazy-preloader swiper-lazy-preloader-black\"><\/span><\/div><div class=\"swiper-slide flagpm_photo\" data-photo-id=\"19599\"><img data-src=\"https:\/\/bobvarela.com\/wp-content\/flagallery\/miriam-ponsa-coleccion-exilio\/thumbs\/thumbs_miriam-ponsa-024.jpg\" alt=\"Ready to Wear Fall\/Winter 2015-2016\" class=\"noLazy flagpm_photo swiper-lazy flagpm_photo_portrait\"><span class=\"swiper-lazy-preloader swiper-lazy-preloader-black\"><\/span><\/div><div class=\"swiper-slide flagpm_photo\" data-photo-id=\"19600\"><img data-src=\"https:\/\/bobvarela.com\/wp-content\/flagallery\/miriam-ponsa-coleccion-exilio\/thumbs\/thumbs_miriam-ponsa-025.jpg\" alt=\"Ready to Wear Fall\/Winter 2015-2016\" class=\"noLazy flagpm_photo swiper-lazy flagpm_photo_portrait\"><span class=\"swiper-lazy-preloader swiper-lazy-preloader-black\"><\/span><\/div><div class=\"swiper-slide flagpm_photo\" data-photo-id=\"19601\"><img data-src=\"https:\/\/bobvarela.com\/wp-content\/flagallery\/miriam-ponsa-coleccion-exilio\/thumbs\/thumbs_miriam-ponsa-026.jpg\" alt=\"Ready to Wear Fall\/Winter 2015-2016\" class=\"noLazy flagpm_photo swiper-lazy flagpm_photo_portrait\"><span class=\"swiper-lazy-preloader swiper-lazy-preloader-black\"><\/span><\/div><div class=\"swiper-slide flagpm_photo\" data-photo-id=\"19602\"><img data-src=\"https:\/\/bobvarela.com\/wp-content\/flagallery\/miriam-ponsa-coleccion-exilio\/thumbs\/thumbs_miriam-ponsa-027.jpg\" alt=\"Ready to Wear Fall\/Winter 2015-2016\" class=\"noLazy flagpm_photo swiper-lazy flagpm_photo_portrait\"><span class=\"swiper-lazy-preloader swiper-lazy-preloader-black\"><\/span><\/div><div class=\"swiper-slide flagpm_photo\" data-photo-id=\"19603\"><img data-src=\"https:\/\/bobvarela.com\/wp-content\/flagallery\/miriam-ponsa-coleccion-exilio\/thumbs\/thumbs_miriam-ponsa-028.jpg\" alt=\"Ready to Wear Fall\/Winter 2015-2016\" class=\"noLazy flagpm_photo swiper-lazy flagpm_photo_portrait\"><span class=\"swiper-lazy-preloader swiper-lazy-preloader-black\"><\/span><\/div><div class=\"swiper-slide flagpm_photo\" data-photo-id=\"19604\"><img data-src=\"https:\/\/bobvarela.com\/wp-content\/flagallery\/miriam-ponsa-coleccion-exilio\/thumbs\/thumbs_miriam-ponsa-029.jpg\" alt=\"Ready to Wear Fall\/Winter 2015-2016\" class=\"noLazy flagpm_photo swiper-lazy flagpm_photo_portrait\"><span class=\"swiper-lazy-preloader swiper-lazy-preloader-black\"><\/span><\/div><div class=\"swiper-slide flagpm_photo\" data-photo-id=\"19605\"><img data-src=\"https:\/\/bobvarela.com\/wp-content\/flagallery\/miriam-ponsa-coleccion-exilio\/thumbs\/thumbs_miriam-ponsa-030.jpg\" alt=\"Ready to Wear Fall\/Winter 2015-2016\" class=\"noLazy flagpm_photo swiper-lazy flagpm_photo_portrait\"><span class=\"swiper-lazy-preloader swiper-lazy-preloader-black\"><\/span><\/div><div class=\"swiper-slide flagpm_photo\" data-photo-id=\"19606\"><img data-src=\"https:\/\/bobvarela.com\/wp-content\/flagallery\/miriam-ponsa-coleccion-exilio\/thumbs\/thumbs_miriam-ponsa-032.jpg\" alt=\"Ready to Wear Fall\/Winter 2015-2016\" class=\"noLazy flagpm_photo swiper-lazy flagpm_photo_portrait\"><span class=\"swiper-lazy-preloader swiper-lazy-preloader-black\"><\/span><\/div><div class=\"swiper-slide flagpm_photo\" data-photo-id=\"19607\"><img data-src=\"https:\/\/bobvarela.com\/wp-content\/flagallery\/miriam-ponsa-coleccion-exilio\/thumbs\/thumbs_miriam-ponsa-034.jpg\" alt=\"Ready to Wear Fall\/Winter 2015-2016\" class=\"noLazy flagpm_photo swiper-lazy flagpm_photo_portrait\"><span class=\"swiper-lazy-preloader swiper-lazy-preloader-black\"><\/span><\/div><div class=\"swiper-slide flagpm_photo\" data-photo-id=\"19608\"><img data-src=\"https:\/\/bobvarela.com\/wp-content\/flagallery\/miriam-ponsa-coleccion-exilio\/thumbs\/thumbs_miriam-ponsa-035.jpg\" alt=\"Ready to Wear Fall\/Winter 2015-2016\" class=\"noLazy flagpm_photo swiper-lazy flagpm_photo_portrait\"><span class=\"swiper-lazy-preloader swiper-lazy-preloader-black\"><\/span><\/div><div class=\"swiper-slide flagpm_photo\" data-photo-id=\"19609\"><img data-src=\"https:\/\/bobvarela.com\/wp-content\/flagallery\/miriam-ponsa-coleccion-exilio\/thumbs\/thumbs_miriam-ponsa-036.jpg\" alt=\"Ready to Wear Fall\/Winter 2015-2016\" class=\"noLazy flagpm_photo swiper-lazy flagpm_photo_portrait\"><span class=\"swiper-lazy-preloader swiper-lazy-preloader-black\"><\/span><\/div><div class=\"swiper-slide flagpm_photo\" data-photo-id=\"19610\"><img data-src=\"https:\/\/bobvarela.com\/wp-content\/flagallery\/miriam-ponsa-coleccion-exilio\/thumbs\/thumbs_miriam-ponsa-037.jpg\" alt=\"Ready to Wear Fall\/Winter 2015-2016\" class=\"noLazy flagpm_photo swiper-lazy flagpm_photo_portrait\"><span class=\"swiper-lazy-preloader swiper-lazy-preloader-black\"><\/span><\/div><div class=\"swiper-slide flagpm_photo\" data-photo-id=\"19611\"><img data-src=\"https:\/\/bobvarela.com\/wp-content\/flagallery\/miriam-ponsa-coleccion-exilio\/thumbs\/thumbs_miriam-ponsa-038.jpg\" alt=\"Ready to Wear Fall\/Winter 2015-2016\" class=\"noLazy flagpm_photo swiper-lazy flagpm_photo_portrait\"><span class=\"swiper-lazy-preloader swiper-lazy-preloader-black\"><\/span><\/div><div class=\"swiper-slide flagpm_photo\" data-photo-id=\"19612\"><img data-src=\"https:\/\/bobvarela.com\/wp-content\/flagallery\/miriam-ponsa-coleccion-exilio\/thumbs\/thumbs_miriam-ponsa-039.jpg\" alt=\"Ready to Wear Fall\/Winter 2015-2016\" class=\"noLazy flagpm_photo swiper-lazy flagpm_photo_portrait\"><span class=\"swiper-lazy-preloader swiper-lazy-preloader-black\"><\/span><\/div><div class=\"swiper-slide flagpm_photo\" data-photo-id=\"19613\"><img data-src=\"https:\/\/bobvarela.com\/wp-content\/flagallery\/miriam-ponsa-coleccion-exilio\/thumbs\/thumbs_miriam-ponsa-040.jpg\" alt=\"Ready to Wear Fall\/Winter 2015-2016\" class=\"noLazy flagpm_photo swiper-lazy flagpm_photo_portrait\"><span class=\"swiper-lazy-preloader swiper-lazy-preloader-black\"><\/span><\/div><div class=\"swiper-slide flagpm_photo\" data-photo-id=\"19614\"><img data-src=\"https:\/\/bobvarela.com\/wp-content\/flagallery\/miriam-ponsa-coleccion-exilio\/thumbs\/thumbs_miriam-ponsa-041.jpg\" alt=\"Ready to Wear Fall\/Winter 2015-2016\" class=\"noLazy flagpm_photo swiper-lazy flagpm_photo_portrait\"><span class=\"swiper-lazy-preloader swiper-lazy-preloader-black\"><\/span><\/div><div class=\"swiper-slide flagpm_photo\" data-photo-id=\"19615\"><img data-src=\"https:\/\/bobvarela.com\/wp-content\/flagallery\/miriam-ponsa-coleccion-exilio\/thumbs\/thumbs_miriam-ponsa-042.jpg\" alt=\"Ready to Wear Fall\/Winter 2015-2016\" class=\"noLazy flagpm_photo swiper-lazy flagpm_photo_portrait\"><span class=\"swiper-lazy-preloader swiper-lazy-preloader-black\"><\/span><\/div><div class=\"swiper-slide flagpm_photo\" data-photo-id=\"19616\"><img data-src=\"https:\/\/bobvarela.com\/wp-content\/flagallery\/miriam-ponsa-coleccion-exilio\/thumbs\/thumbs_miriam-ponsa-043.jpg\" alt=\"Ready to Wear Fall\/Winter 2015-2016\" class=\"noLazy flagpm_photo swiper-lazy flagpm_photo_portrait\"><span class=\"swiper-lazy-preloader swiper-lazy-preloader-black\"><\/span><\/div><div class=\"swiper-slide flagpm_photo\" data-photo-id=\"19617\"><img data-src=\"https:\/\/bobvarela.com\/wp-content\/flagallery\/miriam-ponsa-coleccion-exilio\/thumbs\/thumbs_miriam-ponsa-044.jpg\" alt=\"Ready to Wear Fall\/Winter 2015-2016\" class=\"noLazy flagpm_photo swiper-lazy flagpm_photo_portrait\"><span class=\"swiper-lazy-preloader swiper-lazy-preloader-black\"><\/span><\/div><div class=\"swiper-slide flagpm_photo\" data-photo-id=\"19618\"><img data-src=\"https:\/\/bobvarela.com\/wp-content\/flagallery\/miriam-ponsa-coleccion-exilio\/thumbs\/thumbs_miriam-ponsa-045.jpg\" alt=\"Ready to Wear Fall\/Winter 2015-2016\" class=\"noLazy flagpm_photo swiper-lazy flagpm_photo_portrait\"><span class=\"swiper-lazy-preloader swiper-lazy-preloader-black\"><\/span><\/div><div class=\"swiper-slide flagpm_photo\" data-photo-id=\"19619\"><img data-src=\"https:\/\/bobvarela.com\/wp-content\/flagallery\/miriam-ponsa-coleccion-exilio\/thumbs\/thumbs_miriam-ponsa-046.jpg\" alt=\"Ready to Wear Fall\/Winter 2015-2016\" class=\"noLazy flagpm_photo swiper-lazy flagpm_photo_portrait\"><span class=\"swiper-lazy-preloader swiper-lazy-preloader-black\"><\/span><\/div><div class=\"swiper-slide flagpm_photo\" data-photo-id=\"19620\"><img data-src=\"https:\/\/bobvarela.com\/wp-content\/flagallery\/miriam-ponsa-coleccion-exilio\/thumbs\/thumbs_miriam-ponsa-047.jpg\" alt=\"Ready to Wear Fall\/Winter 2015-2016\" class=\"noLazy flagpm_photo swiper-lazy flagpm_photo_portrait\"><span class=\"swiper-lazy-preloader swiper-lazy-preloader-black\"><\/span><\/div><div class=\"swiper-slide flagpm_photo\" data-photo-id=\"19621\"><img data-src=\"https:\/\/bobvarela.com\/wp-content\/flagallery\/miriam-ponsa-coleccion-exilio\/thumbs\/thumbs_miriam-ponsa-048.jpg\" alt=\"Ready to Wear Fall\/Winter 2015-2016\" class=\"noLazy flagpm_photo swiper-lazy flagpm_photo_portrait\"><span class=\"swiper-lazy-preloader swiper-lazy-preloader-black\"><\/span><\/div><div class=\"swiper-slide flagpm_photo\" data-photo-id=\"19622\"><img data-src=\"https:\/\/bobvarela.com\/wp-content\/flagallery\/miriam-ponsa-coleccion-exilio\/thumbs\/thumbs_miriam-ponsa-049.jpg\" alt=\"Ready to Wear Fall\/Winter 2015-2016\" class=\"noLazy flagpm_photo swiper-lazy flagpm_photo_portrait\"><span class=\"swiper-lazy-preloader swiper-lazy-preloader-black\"><\/span><\/div><div class=\"swiper-slide flagpm_photo\" data-photo-id=\"19623\"><img data-src=\"https:\/\/bobvarela.com\/wp-content\/flagallery\/miriam-ponsa-coleccion-exilio\/thumbs\/thumbs_miriam-ponsa-050.jpg\" alt=\"Ready to Wear Fall\/Winter 2015-2016\" class=\"noLazy flagpm_photo swiper-lazy flagpm_photo_portrait\"><span class=\"swiper-lazy-preloader swiper-lazy-preloader-black\"><\/span><\/div><div class=\"swiper-slide flagpm_photo\" data-photo-id=\"19624\"><img data-src=\"https:\/\/bobvarela.com\/wp-content\/flagallery\/miriam-ponsa-coleccion-exilio\/thumbs\/thumbs_miriam-ponsa-051.jpg\" alt=\"Ready to Wear Fall\/Winter 2015-2016\" class=\"noLazy flagpm_photo swiper-lazy flagpm_photo_portrait\"><span class=\"swiper-lazy-preloader swiper-lazy-preloader-black\"><\/span><\/div><div class=\"swiper-slide flagpm_photo\" data-photo-id=\"19625\"><img data-src=\"https:\/\/bobvarela.com\/wp-content\/flagallery\/miriam-ponsa-coleccion-exilio\/thumbs\/thumbs_miriam-ponsa-052.jpg\" alt=\"Ready to Wear Fall\/Winter 2015-2016\" class=\"noLazy flagpm_photo swiper-lazy flagpm_photo_portrait\"><span class=\"swiper-lazy-preloader swiper-lazy-preloader-black\"><\/span><\/div><div class=\"swiper-slide flagpm_photo\" data-photo-id=\"19626\"><img data-src=\"https:\/\/bobvarela.com\/wp-content\/flagallery\/miriam-ponsa-coleccion-exilio\/thumbs\/thumbs_miriam-ponsa-053.jpg\" alt=\"Ready to Wear Fall\/Winter 2015-2016\" class=\"noLazy flagpm_photo swiper-lazy flagpm_photo_portrait\"><span class=\"swiper-lazy-preloader swiper-lazy-preloader-black\"><\/span><\/div><div class=\"swiper-slide flagpm_photo\" data-photo-id=\"19627\"><img data-src=\"https:\/\/bobvarela.com\/wp-content\/flagallery\/miriam-ponsa-coleccion-exilio\/thumbs\/thumbs_miriam-ponsa-055.jpg\" alt=\"Ready to Wear Fall\/Winter 2015-2016\" class=\"noLazy flagpm_photo swiper-lazy flagpm_photo_portrait\"><span class=\"swiper-lazy-preloader swiper-lazy-preloader-black\"><\/span><\/div><div class=\"swiper-slide flagpm_photo\" data-photo-id=\"19628\"><img data-src=\"https:\/\/bobvarela.com\/wp-content\/flagallery\/miriam-ponsa-coleccion-exilio\/thumbs\/thumbs_miriam-ponsa-056.jpg\" alt=\"Ready to Wear Fall\/Winter 2015-2016\" class=\"noLazy flagpm_photo swiper-lazy flagpm_photo_portrait\"><span class=\"swiper-lazy-preloader swiper-lazy-preloader-black\"><\/span><\/div><div class=\"swiper-slide flagpm_photo\" data-photo-id=\"19629\"><img data-src=\"https:\/\/bobvarela.com\/wp-content\/flagallery\/miriam-ponsa-coleccion-exilio\/thumbs\/thumbs_miriam-ponsa-057.jpg\" alt=\"Ready to Wear Fall\/Winter 2015-2016\" class=\"noLazy flagpm_photo swiper-lazy flagpm_photo_portrait\"><span class=\"swiper-lazy-preloader swiper-lazy-preloader-black\"><\/span><\/div><div class=\"swiper-slide flagpm_photo\" data-photo-id=\"19630\"><img data-src=\"https:\/\/bobvarela.com\/wp-content\/flagallery\/miriam-ponsa-coleccion-exilio\/thumbs\/thumbs_miriam-ponsa-058.jpg\" alt=\"Ready to Wear Fall\/Winter 2015-2016\" class=\"noLazy flagpm_photo swiper-lazy flagpm_photo_portrait\"><span class=\"swiper-lazy-preloader swiper-lazy-preloader-black\"><\/span><\/div><div class=\"swiper-slide flagpm_photo\" data-photo-id=\"19631\"><img data-src=\"https:\/\/bobvarela.com\/wp-content\/flagallery\/miriam-ponsa-coleccion-exilio\/thumbs\/thumbs_miriam-ponsa-059.jpg\" alt=\"Ready to Wear Fall\/Winter 2015-2016\" class=\"noLazy flagpm_photo swiper-lazy flagpm_photo_portrait\"><span class=\"swiper-lazy-preloader swiper-lazy-preloader-black\"><\/span><\/div><div class=\"swiper-slide flagpm_photo\" data-photo-id=\"19632\"><img data-src=\"https:\/\/bobvarela.com\/wp-content\/flagallery\/miriam-ponsa-coleccion-exilio\/thumbs\/thumbs_miriam-ponsa-060.jpg\" alt=\"Ready to Wear Fall\/Winter 2015-2016\" class=\"noLazy flagpm_photo swiper-lazy flagpm_photo_portrait\"><span class=\"swiper-lazy-preloader swiper-lazy-preloader-black\"><\/span><\/div><div class=\"swiper-slide flagpm_photo\" data-photo-id=\"19633\"><img data-src=\"https:\/\/bobvarela.com\/wp-content\/flagallery\/miriam-ponsa-coleccion-exilio\/thumbs\/thumbs_miriam-ponsa-061.jpg\" alt=\"Ready to Wear Fall\/Winter 2015-2016\" class=\"noLazy flagpm_photo swiper-lazy flagpm_photo_portrait\"><span class=\"swiper-lazy-preloader swiper-lazy-preloader-black\"><\/span><\/div><div class=\"swiper-slide flagpm_photo\" data-photo-id=\"19634\"><img data-src=\"https:\/\/bobvarela.com\/wp-content\/flagallery\/miriam-ponsa-coleccion-exilio\/thumbs\/thumbs_miriam-ponsa-062.jpg\" alt=\"Ready to Wear Fall\/Winter 2015-2016\" class=\"noLazy flagpm_photo swiper-lazy flagpm_photo_portrait\"><span class=\"swiper-lazy-preloader swiper-lazy-preloader-black\"><\/span><\/div><div class=\"swiper-slide flagpm_photo\" data-photo-id=\"19635\"><img data-src=\"https:\/\/bobvarela.com\/wp-content\/flagallery\/miriam-ponsa-coleccion-exilio\/thumbs\/thumbs_miriam-ponsa-063.jpg\" alt=\"Ready to Wear Fall\/Winter 2015-2016\" class=\"noLazy flagpm_photo swiper-lazy flagpm_photo_portrait\"><span class=\"swiper-lazy-preloader swiper-lazy-preloader-black\"><\/span><\/div><div class=\"swiper-slide flagpm_photo\" data-photo-id=\"19636\"><img data-src=\"https:\/\/bobvarela.com\/wp-content\/flagallery\/miriam-ponsa-coleccion-exilio\/thumbs\/thumbs_miriam-ponsa-064.jpg\" alt=\"Ready to Wear Fall\/Winter 2015-2016\" class=\"noLazy flagpm_photo swiper-lazy flagpm_photo_portrait\"><span class=\"swiper-lazy-preloader swiper-lazy-preloader-black\"><\/span><\/div> <\/div> <\/div> <\/div> <div class=\"flagpm_next_button\"><\/div> <\/div> <div class=\"flagpm_big_button_wrap\"> <div class=\"flagpm_share_wrapper\"> <a class=\"flagpm_button flagpm_share\">Share<\/a> <div class=\"flagpm_sharelizers_wrap\"> <ul class=\"flagpm_sharelizers\"> <li style=\"list-style:none;\"><a class=\"flagpm_button flagpm_facebook flagpm_sharelizer\">Facebook<\/a><\/li> <li style=\"list-style:none;\"><a class=\"flagpm_button flagpm_twitter flagpm_sharelizer\">Twitter<\/a><\/li> <li style=\"list-style:none;\"><a class=\"flagpm_button flagpm_pinterest flagpm_sharelizer\">Pinterest<\/a><\/li> <li style=\"list-style:none;\"><a class=\"flagpm_button flagpm_stumbleupon flagpm_sharelizer\">StumbleUpon<\/a><\/li> <\/ul> <\/div> <\/div> <a class=\"flagpm_button flagpm_like\">Like<\/a> <\/div> <div class=\"flagpm_big_button_wrap\"> <a class=\"flagpm_big_button flagpm_download_button\" href=\"https:\/\/bobvarela.com\/wp-content\/flagallery\/miriam-ponsa-coleccion-exilio\/miriam-ponsa-002.jpg\" download=\"miriam-ponsa-002.jpg\"> <span class=\"flagpm_icon\"><\/span> <span class=\"flagpm_label\">Download<\/span> <\/a> <\/div> <div class=\"flagpm_big_button_wrap\"> <a class=\"flagpm_big_button flagpm_link_button flagpm_inactive\" > <span class=\"flagpm_icon\"><\/span> <span class=\"flagpm_label\">Open Link<\/span> <\/a> <\/div> <\/div> <\/div> <\/div> <div class=\"flagpm_focus_close_full\"> <span><a class=\"flagpm_button flagpm_close\">Close<\/a><\/span> <span><a class=\"flagpm_button flagpm_full\">Full<\/a><\/span> <\/div> <div class=\"flagpm_photo_details\"> <div class=\"flagpm_description_wrap\"> <div class=\"details_title\">Description<\/div> <div class=\"flagpm_description_text_wrap\"> <div class=\"flagpm_slide_description\"><p>Ready to Wear Fall\/Winter 2015-2016<\/p><\/div> <\/div> <\/div> <\/div> <div class=\"flagpm_focus_footer\"> <div class=\"flagpm_focus_keyboard\"> <div class=\"flagpm_focus_keyboard_title\">Keyboard Shortcuts <a class=\"flagpm_focus_keyboard_dismiss\">Dismiss<\/a><\/div> <ul> <li style=\"list-style:none;\"><a data-key=\"p\" class=\"flagpm_key\">S<\/a><span class=\"flagpm_label\">Slideshow<\/span><\/li> <li style=\"list-style:none;\"><a data-key=\"m\" class=\"flagpm_key\">M<\/a><span class=\"flagpm_label\">Maximize<\/span><\/li> <li style=\"list-style:none;\"><a data-key=\"left\" class=\"flagpm_key\">&nbsp;<\/a><span class=\"flagpm_label\">Previous<\/span><\/li> <li style=\"list-style:none;\"><a data-key=\"right\" class=\"flagpm_key\">&nbsp;<\/a><span class=\"flagpm_label\">Next<\/span><\/li> <li style=\"list-style:none;\"><a data-key=\"escape\" class=\"flagpm_key flagpm_esc\">esc<\/a><span class=\"flagpm_label\">Close<\/span><\/li> <\/ul> <\/div> <\/div> <\/div> <script type=\"text\/javascript\"> jQuery(function($) { var settings = {\"base_gallery_width\":\"800\",\"base_gallery_height\":\"500\",\"gallery_min_height\":\"230\",\"scale_mode\":\"fit\",\"initial_slide\":0,\"slideshow_autoplay\":\"0\",\"slideshow_delay\":\"7000\",\"gallery_focus\":\"0\",\"gallery_maximized\":\"0\",\"gallery_focus_maximized\":\"0\",\"keyboard_help\":\"1\",\"show_download_button\":\"1\",\"show_link_button\":\"1\",\"show_description\":\"1\",\"show_share_button\":\"1\",\"show_like_button\":\"1\",\"link_color\":\"#0099e5\",\"link_color_hover\":\"#02adea\",\"download_button_text\":\"Download\",\"link_button_text\":\"Open Link\",\"description_title\":\"Description\",\"key\":\"\",\"name\":\"\",\"gallID\":\"sc1_269\"}; var content = {\"data\":[{\"id\":\"19577\",\"image\":\"https:\\\/\\\/bobvarela.com\\\/wp-content\\\/flagallery\\\/miriam-ponsa-coleccion-exilio\\\/webview\\\/miriam-ponsa-002.jpg\",\"thumb\":\"https:\\\/\\\/bobvarela.com\\\/wp-content\\\/flagallery\\\/miriam-ponsa-coleccion-exilio\\\/thumbs\\\/thumbs_miriam-ponsa-002.jpg\",\"file\":\"miriam-ponsa-002.jpg\",\"meta\":{\"aperture\":false,\"credit\":false,\"camera\":false,\"caption\":\"Ready to Wear Fall\\\/Winter 2015-2016\",\"created_timestamp\":\"February 3, 2015 5:09 pm\",\"copyright\":\"\\u00c2\\u00a9 2015 Estrop-Barcelona PHOTOGRAPH FOR EDITORIAL USE ONLY\",\"focal_length\":false,\"iso\":false,\"shutter_speed\":false,\"flash\":false,\"title\":\"Ready to Wear Fall\\\/Winter 2015-2016\",\"keywords\":\"2015-2016,Fall\\\/Winter,RTW\",\"width\":669,\"height\":1000,\"saved\":true,\"thumbnail\":{\"width\":220,\"height\":220,\"ewww_image_optimizer\":\"Reduced by 9.5% (2.5&nbsp;kB)\"},\"webview\":{\"0\":669,\"1\":1000,\"2\":2,\"3\":\"width=\\\"669\\\" height=\\\"1000\\\"\",\"bits\":8,\"channels\":3,\"mime\":\"image\\\/jpeg\",\"ewww_image_optimizer\":\"Reduced by 4.8% (3.3&nbsp;kB) - Previously Optimized\"},\"0\":false,\"ewww_image_optimizer\":\"Reduced by 4.4% (6.2&nbsp;kB)\",\"views\":\"81\",\"likes\":\"0\"},\"title\":\"Ready to Wear Fall\\\/Winter 2015-2016\",\"description\":\"<p>Ready to Wear Fall\\\/Winter 2015-2016<\\\/p>\",\"link\":null,\"link_target\":\"\",\"download\":\"https:\\\/\\\/bobvarela.com\\\/wp-content\\\/flagallery\\\/miriam-ponsa-coleccion-exilio\\\/miriam-ponsa-002.jpg\",\"ratio\":0.669000000000000039079850466805510222911834716796875},{\"id\":\"19578\",\"image\":\"https:\\\/\\\/bobvarela.com\\\/wp-content\\\/flagallery\\\/miriam-ponsa-coleccion-exilio\\\/webview\\\/miriam-ponsa-003.jpg\",\"thumb\":\"https:\\\/\\\/bobvarela.com\\\/wp-content\\\/flagallery\\\/miriam-ponsa-coleccion-exilio\\\/thumbs\\\/thumbs_miriam-ponsa-003.jpg\",\"file\":\"miriam-ponsa-003.jpg\",\"meta\":{\"aperture\":false,\"credit\":false,\"camera\":false,\"caption\":\"Ready to Wear Fall\\\/Winter 2015-2016\",\"created_timestamp\":\"February 3, 2015 5:09 pm\",\"copyright\":\"\\u00c2\\u00a9 2015 Estrop-Barcelona PHOTOGRAPH FOR EDITORIAL USE ONLY\",\"focal_length\":false,\"iso\":false,\"shutter_speed\":false,\"flash\":false,\"title\":\"Ready to Wear Fall\\\/Winter 2015-2016\",\"keywords\":\"2015-2016,Fall\\\/Winter,RTW\",\"width\":669,\"height\":1000,\"saved\":true,\"thumbnail\":{\"width\":220,\"height\":220,\"ewww_image_optimizer\":\"Reduced by 8.2% (2.5&nbsp;kB)\"},\"webview\":{\"0\":669,\"1\":1000,\"2\":2,\"3\":\"width=\\\"669\\\" height=\\\"1000\\\"\",\"bits\":8,\"channels\":3,\"mime\":\"image\\\/jpeg\",\"ewww_image_optimizer\":\"Reduced by 5.1% (4.0&nbsp;kB) - Previously Optimized\"},\"0\":false,\"ewww_image_optimizer\":\"Reduced by 4.3% (7.0&nbsp;kB)\",\"views\":\"1\",\"likes\":\"0\"},\"title\":\"Ready to Wear Fall\\\/Winter 2015-2016\",\"description\":\"<p>Ready to Wear Fall\\\/Winter 2015-2016<\\\/p>\",\"link\":null,\"link_target\":\"\",\"download\":\"https:\\\/\\\/bobvarela.com\\\/wp-content\\\/flagallery\\\/miriam-ponsa-coleccion-exilio\\\/miriam-ponsa-003.jpg\",\"ratio\":0.669000000000000039079850466805510222911834716796875},{\"id\":\"19579\",\"image\":\"https:\\\/\\\/bobvarela.com\\\/wp-content\\\/flagallery\\\/miriam-ponsa-coleccion-exilio\\\/webview\\\/miriam-ponsa-004.jpg\",\"thumb\":\"https:\\\/\\\/bobvarela.com\\\/wp-content\\\/flagallery\\\/miriam-ponsa-coleccion-exilio\\\/thumbs\\\/thumbs_miriam-ponsa-004.jpg\",\"file\":\"miriam-ponsa-004.jpg\",\"meta\":{\"aperture\":false,\"credit\":false,\"camera\":false,\"caption\":\"Ready to Wear Fall\\\/Winter 2015-2016\",\"created_timestamp\":\"February 3, 2015 5:09 pm\",\"copyright\":\"\\u00c2\\u00a9 2015 Estrop-Barcelona PHOTOGRAPH FOR EDITORIAL USE ONLY\",\"focal_length\":false,\"iso\":false,\"shutter_speed\":false,\"flash\":false,\"title\":\"Ready to Wear Fall\\\/Winter 2015-2016\",\"keywords\":\"2015-2016,Fall\\\/Winter,RTW\",\"width\":669,\"height\":1000,\"saved\":true,\"thumbnail\":{\"width\":220,\"height\":220,\"ewww_image_optimizer\":\"Reduced by 6.4% (2.3&nbsp;kB)\"},\"webview\":{\"0\":669,\"1\":1000,\"2\":2,\"3\":\"width=\\\"669\\\" height=\\\"1000\\\"\",\"bits\":8,\"channels\":3,\"mime\":\"image\\\/jpeg\",\"ewww_image_optimizer\":\"Reduced by 7.4% (10.8&nbsp;kB) - Previously Optimized\"},\"0\":false,\"ewww_image_optimizer\":\"Reduced by 5.1% (9.8&nbsp;kB)\",\"views\":\"0\",\"likes\":\"0\"},\"title\":\"Ready to Wear Fall\\\/Winter 2015-2016\",\"description\":\"<p>Ready to Wear Fall\\\/Winter 2015-2016<\\\/p>\",\"link\":null,\"link_target\":\"\",\"download\":\"https:\\\/\\\/bobvarela.com\\\/wp-content\\\/flagallery\\\/miriam-ponsa-coleccion-exilio\\\/miriam-ponsa-004.jpg\",\"ratio\":0.669000000000000039079850466805510222911834716796875},{\"id\":\"19580\",\"image\":\"https:\\\/\\\/bobvarela.com\\\/wp-content\\\/flagallery\\\/miriam-ponsa-coleccion-exilio\\\/webview\\\/miriam-ponsa-005.jpg\",\"thumb\":\"https:\\\/\\\/bobvarela.com\\\/wp-content\\\/flagallery\\\/miriam-ponsa-coleccion-exilio\\\/thumbs\\\/thumbs_miriam-ponsa-005.jpg\",\"file\":\"miriam-ponsa-005.jpg\",\"meta\":{\"aperture\":false,\"credit\":false,\"camera\":false,\"caption\":\"Ready to Wear Fall\\\/Winter 2015-2016\",\"created_timestamp\":\"February 3, 2015 5:09 pm\",\"copyright\":\"\\u00c2\\u00a9 2015 Estrop-Barcelona PHOTOGRAPH FOR EDITORIAL USE ONLY\",\"focal_length\":false,\"iso\":false,\"shutter_speed\":false,\"flash\":false,\"title\":\"Ready to Wear Fall\\\/Winter 2015-2016\",\"keywords\":\"2015-2016,Fall\\\/Winter,RTW\",\"width\":669,\"height\":1000,\"saved\":true,\"thumbnail\":{\"width\":220,\"height\":220,\"ewww_image_optimizer\":\"Reduced by 9.3% (3.0&nbsp;kB)\"},\"webview\":{\"0\":669,\"1\":1000,\"2\":2,\"3\":\"width=\\\"669\\\" height=\\\"1000\\\"\",\"bits\":8,\"channels\":3,\"mime\":\"image\\\/jpeg\",\"ewww_image_optimizer\":\"Reduced by 5.4% (6.0&nbsp;kB) - Previously Optimized\"},\"0\":false,\"ewww_image_optimizer\":\"Reduced by 3.7% (5.6&nbsp;kB)\",\"views\":\"0\",\"likes\":\"0\"},\"title\":\"Ready to Wear Fall\\\/Winter 2015-2016\",\"description\":\"<p>Ready to Wear Fall\\\/Winter 2015-2016<\\\/p>\",\"link\":null,\"link_target\":\"\",\"download\":\"https:\\\/\\\/bobvarela.com\\\/wp-content\\\/flagallery\\\/miriam-ponsa-coleccion-exilio\\\/miriam-ponsa-005.jpg\",\"ratio\":0.669000000000000039079850466805510222911834716796875},{\"id\":\"19581\",\"image\":\"https:\\\/\\\/bobvarela.com\\\/wp-content\\\/flagallery\\\/miriam-ponsa-coleccion-exilio\\\/webview\\\/miriam-ponsa-006.jpg\",\"thumb\":\"https:\\\/\\\/bobvarela.com\\\/wp-content\\\/flagallery\\\/miriam-ponsa-coleccion-exilio\\\/thumbs\\\/thumbs_miriam-ponsa-006.jpg\",\"file\":\"miriam-ponsa-006.jpg\",\"meta\":{\"aperture\":false,\"credit\":false,\"camera\":false,\"caption\":\"Ready to Wear Fall\\\/Winter 2015-2016\",\"created_timestamp\":\"February 3, 2015 5:09 pm\",\"copyright\":\"\\u00c2\\u00a9 2015 Estrop-Barcelona PHOTOGRAPH FOR EDITORIAL USE ONLY\",\"focal_length\":false,\"iso\":false,\"shutter_speed\":false,\"flash\":false,\"title\":\"Ready to Wear Fall\\\/Winter 2015-2016\",\"keywords\":\"2015-2016,Fall\\\/Winter,RTW\",\"width\":669,\"height\":1000,\"saved\":true,\"thumbnail\":{\"width\":220,\"height\":220,\"ewww_image_optimizer\":\"Reduced by 9.1% (2.9&nbsp;kB)\"},\"webview\":{\"0\":669,\"1\":1000,\"2\":2,\"3\":\"width=\\\"669\\\" height=\\\"1000\\\"\",\"bits\":8,\"channels\":3,\"mime\":\"image\\\/jpeg\",\"ewww_image_optimizer\":\"Reduced by 6.6% (9.4&nbsp;kB) - Previously Optimized\"},\"0\":false,\"ewww_image_optimizer\":\"Reduced by 5.4% (10.3&nbsp;kB)\",\"views\":\"0\",\"likes\":\"0\"},\"title\":\"Ready to Wear Fall\\\/Winter 2015-2016\",\"description\":\"<p>Ready to Wear Fall\\\/Winter 2015-2016<\\\/p>\",\"link\":null,\"link_target\":\"\",\"download\":\"https:\\\/\\\/bobvarela.com\\\/wp-content\\\/flagallery\\\/miriam-ponsa-coleccion-exilio\\\/miriam-ponsa-006.jpg\",\"ratio\":0.669000000000000039079850466805510222911834716796875},{\"id\":\"19582\",\"image\":\"https:\\\/\\\/bobvarela.com\\\/wp-content\\\/flagallery\\\/miriam-ponsa-coleccion-exilio\\\/webview\\\/miriam-ponsa-007.jpg\",\"thumb\":\"https:\\\/\\\/bobvarela.com\\\/wp-content\\\/flagallery\\\/miriam-ponsa-coleccion-exilio\\\/thumbs\\\/thumbs_miriam-ponsa-007.jpg\",\"file\":\"miriam-ponsa-007.jpg\",\"meta\":{\"aperture\":false,\"credit\":false,\"camera\":false,\"caption\":\"Ready to Wear Fall\\\/Winter 2015-2016\",\"created_timestamp\":\"February 3, 2015 5:09 pm\",\"copyright\":\"\\u00c2\\u00a9 2015 Estrop-Barcelona PHOTOGRAPH FOR EDITORIAL USE ONLY\",\"focal_length\":false,\"iso\":false,\"shutter_speed\":false,\"flash\":false,\"title\":\"Ready to Wear Fall\\\/Winter 2015-2016\",\"keywords\":\"2015-2016,Fall\\\/Winter,RTW\",\"width\":669,\"height\":1000,\"saved\":true,\"thumbnail\":{\"width\":220,\"height\":220,\"ewww_image_optimizer\":\"Reduced by 9.7% (3.6&nbsp;kB)\"},\"webview\":{\"0\":669,\"1\":1000,\"2\":2,\"3\":\"width=\\\"669\\\" height=\\\"1000\\\"\",\"bits\":8,\"channels\":3,\"mime\":\"image\\\/jpeg\",\"ewww_image_optimizer\":\"Reduced by 5.9% (9.0&nbsp;kB) - Previously Optimized\"},\"0\":false,\"ewww_image_optimizer\":\"Reduced by 6.0% (10.5&nbsp;kB)\",\"views\":\"0\",\"likes\":\"0\"},\"title\":\"Ready to Wear Fall\\\/Winter 2015-2016\",\"description\":\"<p>Ready to Wear Fall\\\/Winter 2015-2016<\\\/p>\",\"link\":null,\"link_target\":\"\",\"download\":\"https:\\\/\\\/bobvarela.com\\\/wp-content\\\/flagallery\\\/miriam-ponsa-coleccion-exilio\\\/miriam-ponsa-007.jpg\",\"ratio\":0.669000000000000039079850466805510222911834716796875},{\"id\":\"19583\",\"image\":\"https:\\\/\\\/bobvarela.com\\\/wp-content\\\/flagallery\\\/miriam-ponsa-coleccion-exilio\\\/webview\\\/miriam-ponsa-008.jpg\",\"thumb\":\"https:\\\/\\\/bobvarela.com\\\/wp-content\\\/flagallery\\\/miriam-ponsa-coleccion-exilio\\\/thumbs\\\/thumbs_miriam-ponsa-008.jpg\",\"file\":\"miriam-ponsa-008.jpg\",\"meta\":{\"aperture\":false,\"credit\":false,\"camera\":false,\"caption\":\"Ready to Wear Fall\\\/Winter 2015-2016\",\"created_timestamp\":\"February 3, 2015 5:09 pm\",\"copyright\":\"\\u00c2\\u00a9 2015 Estrop-Barcelona PHOTOGRAPH FOR EDITORIAL USE ONLY\",\"focal_length\":false,\"iso\":false,\"shutter_speed\":false,\"flash\":false,\"title\":\"Ready to Wear Fall\\\/Winter 2015-2016\",\"keywords\":\"2015-2016,Fall\\\/Winter,RTW\",\"width\":669,\"height\":1000,\"saved\":true,\"thumbnail\":{\"width\":220,\"height\":220,\"ewww_image_optimizer\":\"Reduced by 10.4% (3.7&nbsp;kB)\"},\"webview\":{\"0\":669,\"1\":1000,\"2\":2,\"3\":\"width=\\\"669\\\" height=\\\"1000\\\"\",\"bits\":8,\"channels\":3,\"mime\":\"image\\\/jpeg\",\"ewww_image_optimizer\":\"Reduced by 3.8% (3.7&nbsp;kB) - Previously Optimized\"},\"0\":false,\"ewww_image_optimizer\":\"Reduced by 4.0% (7.9&nbsp;kB)\",\"views\":\"0\",\"likes\":\"0\"},\"title\":\"Ready to Wear Fall\\\/Winter 2015-2016\",\"description\":\"<p>Ready to Wear Fall\\\/Winter 2015-2016<\\\/p>\",\"link\":null,\"link_target\":\"\",\"download\":\"https:\\\/\\\/bobvarela.com\\\/wp-content\\\/flagallery\\\/miriam-ponsa-coleccion-exilio\\\/miriam-ponsa-008.jpg\",\"ratio\":0.669000000000000039079850466805510222911834716796875},{\"id\":\"19584\",\"image\":\"https:\\\/\\\/bobvarela.com\\\/wp-content\\\/flagallery\\\/miriam-ponsa-coleccion-exilio\\\/webview\\\/miriam-ponsa-009.jpg\",\"thumb\":\"https:\\\/\\\/bobvarela.com\\\/wp-content\\\/flagallery\\\/miriam-ponsa-coleccion-exilio\\\/thumbs\\\/thumbs_miriam-ponsa-009.jpg\",\"file\":\"miriam-ponsa-009.jpg\",\"meta\":{\"aperture\":false,\"credit\":false,\"camera\":false,\"caption\":\"Ready to Wear Fall\\\/Winter 2015-2016\",\"created_timestamp\":\"February 3, 2015 5:09 pm\",\"copyright\":\"\\u00c2\\u00a9 2015 Estrop-Barcelona PHOTOGRAPH FOR EDITORIAL USE ONLY\",\"focal_length\":false,\"iso\":false,\"shutter_speed\":false,\"flash\":false,\"title\":\"Ready to Wear Fall\\\/Winter 2015-2016\",\"keywords\":\"2015-2016,Fall\\\/Winter,RTW\",\"width\":669,\"height\":1000,\"saved\":true,\"thumbnail\":{\"width\":220,\"height\":220,\"ewww_image_optimizer\":\"Reduced by 9.8% (3.6&nbsp;kB)\"},\"webview\":{\"0\":669,\"1\":1000,\"2\":2,\"3\":\"width=\\\"669\\\" height=\\\"1000\\\"\",\"bits\":8,\"channels\":3,\"mime\":\"image\\\/jpeg\",\"ewww_image_optimizer\":\"Reduced by 3.3% (4.5&nbsp;kB) - Previously Optimized\"},\"0\":false,\"ewww_image_optimizer\":\"Reduced by 5.3% (8.5&nbsp;kB)\",\"views\":\"0\",\"likes\":\"0\"},\"title\":\"Ready to Wear Fall\\\/Winter 2015-2016\",\"description\":\"<p>Ready to Wear Fall\\\/Winter 2015-2016<\\\/p>\",\"link\":null,\"link_target\":\"\",\"download\":\"https:\\\/\\\/bobvarela.com\\\/wp-content\\\/flagallery\\\/miriam-ponsa-coleccion-exilio\\\/miriam-ponsa-009.jpg\",\"ratio\":0.669000000000000039079850466805510222911834716796875},{\"id\":\"19585\",\"image\":\"https:\\\/\\\/bobvarela.com\\\/wp-content\\\/flagallery\\\/miriam-ponsa-coleccion-exilio\\\/webview\\\/miriam-ponsa-010.jpg\",\"thumb\":\"https:\\\/\\\/bobvarela.com\\\/wp-content\\\/flagallery\\\/miriam-ponsa-coleccion-exilio\\\/thumbs\\\/thumbs_miriam-ponsa-010.jpg\",\"file\":\"miriam-ponsa-010.jpg\",\"meta\":{\"aperture\":false,\"credit\":false,\"camera\":false,\"caption\":\"Ready to Wear Fall\\\/Winter 2015-2016\",\"created_timestamp\":\"February 3, 2015 5:09 pm\",\"copyright\":\"\\u00c2\\u00a9 2015 Estrop-Barcelona PHOTOGRAPH FOR EDITORIAL USE ONLY\",\"focal_length\":false,\"iso\":false,\"shutter_speed\":false,\"flash\":false,\"title\":\"Ready to Wear Fall\\\/Winter 2015-2016\",\"keywords\":\"2015-2016,Fall\\\/Winter,RTW\",\"width\":669,\"height\":1000,\"saved\":true,\"thumbnail\":{\"width\":220,\"height\":220,\"ewww_image_optimizer\":\"Reduced by 9.2% (2.6&nbsp;kB)\"},\"webview\":{\"0\":669,\"1\":1000,\"2\":2,\"3\":\"width=\\\"669\\\" height=\\\"1000\\\"\",\"bits\":8,\"channels\":3,\"mime\":\"image\\\/jpeg\",\"ewww_image_optimizer\":\"Reduced by 5.0% (4.3&nbsp;kB) - Previously Optimized\"},\"0\":false,\"ewww_image_optimizer\":\"Reduced by 4.4% (7.4&nbsp;kB)\",\"views\":\"0\",\"likes\":\"0\"},\"title\":\"Ready to Wear Fall\\\/Winter 2015-2016\",\"description\":\"<p>Ready to Wear Fall\\\/Winter 2015-2016<\\\/p>\",\"link\":null,\"link_target\":\"\",\"download\":\"https:\\\/\\\/bobvarela.com\\\/wp-content\\\/flagallery\\\/miriam-ponsa-coleccion-exilio\\\/miriam-ponsa-010.jpg\",\"ratio\":0.669000000000000039079850466805510222911834716796875},{\"id\":\"19586\",\"image\":\"https:\\\/\\\/bobvarela.com\\\/wp-content\\\/flagallery\\\/miriam-ponsa-coleccion-exilio\\\/webview\\\/miriam-ponsa-011.jpg\",\"thumb\":\"https:\\\/\\\/bobvarela.com\\\/wp-content\\\/flagallery\\\/miriam-ponsa-coleccion-exilio\\\/thumbs\\\/thumbs_miriam-ponsa-011.jpg\",\"file\":\"miriam-ponsa-011.jpg\",\"meta\":{\"aperture\":false,\"credit\":false,\"camera\":false,\"caption\":\"Ready to Wear Fall\\\/Winter 2015-2016\",\"created_timestamp\":\"February 3, 2015 5:10 pm\",\"copyright\":\"\\u00c2\\u00a9 2015 Estrop-Barcelona PHOTOGRAPH FOR EDITORIAL USE ONLY\",\"focal_length\":false,\"iso\":false,\"shutter_speed\":false,\"flash\":false,\"title\":\"Ready to Wear Fall\\\/Winter 2015-2016\",\"keywords\":\"2015-2016,Fall\\\/Winter,RTW\",\"width\":669,\"height\":1000,\"saved\":true,\"thumbnail\":{\"width\":220,\"height\":220,\"ewww_image_optimizer\":\"Reduced by 8.4% (2.8&nbsp;kB)\"},\"webview\":{\"0\":669,\"1\":1000,\"2\":2,\"3\":\"width=\\\"669\\\" height=\\\"1000\\\"\",\"bits\":8,\"channels\":3,\"mime\":\"image\\\/jpeg\",\"ewww_image_optimizer\":\"Reduced by 6.0% (7.2&nbsp;kB) - Previously Optimized\"},\"0\":false,\"ewww_image_optimizer\":\"Reduced by 4.2% (6.8&nbsp;kB)\",\"views\":\"0\",\"likes\":\"0\"},\"title\":\"Ready to Wear Fall\\\/Winter 2015-2016\",\"description\":\"<p>Ready to Wear Fall\\\/Winter 2015-2016<\\\/p>\",\"link\":null,\"link_target\":\"\",\"download\":\"https:\\\/\\\/bobvarela.com\\\/wp-content\\\/flagallery\\\/miriam-ponsa-coleccion-exilio\\\/miriam-ponsa-011.jpg\",\"ratio\":0.669000000000000039079850466805510222911834716796875},{\"id\":\"19587\",\"image\":\"https:\\\/\\\/bobvarela.com\\\/wp-content\\\/flagallery\\\/miriam-ponsa-coleccion-exilio\\\/webview\\\/miriam-ponsa-012.jpg\",\"thumb\":\"https:\\\/\\\/bobvarela.com\\\/wp-content\\\/flagallery\\\/miriam-ponsa-coleccion-exilio\\\/thumbs\\\/thumbs_miriam-ponsa-012.jpg\",\"file\":\"miriam-ponsa-012.jpg\",\"meta\":{\"aperture\":false,\"credit\":false,\"camera\":false,\"caption\":\"Ready to Wear Fall\\\/Winter 2015-2016\",\"created_timestamp\":\"February 3, 2015 5:10 pm\",\"copyright\":\"\\u00c2\\u00a9 2015 Estrop-Barcelona PHOTOGRAPH FOR EDITORIAL USE ONLY\",\"focal_length\":false,\"iso\":false,\"shutter_speed\":false,\"flash\":false,\"title\":\"Ready to Wear Fall\\\/Winter 2015-2016\",\"keywords\":\"2015-2016,Fall\\\/Winter,RTW\",\"width\":669,\"height\":1000,\"saved\":true,\"thumbnail\":{\"width\":220,\"height\":220,\"ewww_image_optimizer\":\"Reduced by 9.2% (3.5&nbsp;kB)\"},\"webview\":{\"0\":669,\"1\":1000,\"2\":2,\"3\":\"width=\\\"669\\\" height=\\\"1000\\\"\",\"bits\":8,\"channels\":3,\"mime\":\"image\\\/jpeg\",\"ewww_image_optimizer\":\"Reduced by 6.1% (7.3&nbsp;kB) - Previously Optimized\"},\"0\":false,\"ewww_image_optimizer\":\"Reduced by 4.5% (7.3&nbsp;kB)\",\"views\":\"0\",\"likes\":\"0\"},\"title\":\"Ready to Wear Fall\\\/Winter 2015-2016\",\"description\":\"<p>Ready to Wear Fall\\\/Winter 2015-2016<\\\/p>\",\"link\":null,\"link_target\":\"\",\"download\":\"https:\\\/\\\/bobvarela.com\\\/wp-content\\\/flagallery\\\/miriam-ponsa-coleccion-exilio\\\/miriam-ponsa-012.jpg\",\"ratio\":0.669000000000000039079850466805510222911834716796875},{\"id\":\"19588\",\"image\":\"https:\\\/\\\/bobvarela.com\\\/wp-content\\\/flagallery\\\/miriam-ponsa-coleccion-exilio\\\/webview\\\/miriam-ponsa-013.jpg\",\"thumb\":\"https:\\\/\\\/bobvarela.com\\\/wp-content\\\/flagallery\\\/miriam-ponsa-coleccion-exilio\\\/thumbs\\\/thumbs_miriam-ponsa-013.jpg\",\"file\":\"miriam-ponsa-013.jpg\",\"meta\":{\"aperture\":false,\"credit\":false,\"camera\":false,\"caption\":\"Ready to Wear Fall\\\/Winter 2015-2016\",\"created_timestamp\":\"February 3, 2015 5:10 pm\",\"copyright\":\"\\u00c2\\u00a9 2015 Estrop-Barcelona PHOTOGRAPH FOR EDITORIAL USE ONLY\",\"focal_length\":false,\"iso\":false,\"shutter_speed\":false,\"flash\":false,\"title\":\"Ready to Wear Fall\\\/Winter 2015-2016\",\"keywords\":\"2015-2016,Fall\\\/Winter,RTW\",\"width\":669,\"height\":1000,\"saved\":true,\"thumbnail\":{\"width\":220,\"height\":220,\"ewww_image_optimizer\":\"Reduced by 10.3% (3.1&nbsp;kB)\"},\"webview\":{\"0\":669,\"1\":1000,\"2\":2,\"3\":\"width=\\\"669\\\" height=\\\"1000\\\"\",\"bits\":8,\"channels\":3,\"mime\":\"image\\\/jpeg\",\"ewww_image_optimizer\":\"Reduced by 4.2% (3.5&nbsp;kB) - Previously Optimized\"},\"0\":false,\"ewww_image_optimizer\":\"Reduced by 4.3% (7.1&nbsp;kB)\",\"views\":\"0\",\"likes\":\"0\"},\"title\":\"Ready to Wear Fall\\\/Winter 2015-2016\",\"description\":\"<p>Ready to Wear Fall\\\/Winter 2015-2016<\\\/p>\",\"link\":null,\"link_target\":\"\",\"download\":\"https:\\\/\\\/bobvarela.com\\\/wp-content\\\/flagallery\\\/miriam-ponsa-coleccion-exilio\\\/miriam-ponsa-013.jpg\",\"ratio\":0.669000000000000039079850466805510222911834716796875},{\"id\":\"19589\",\"image\":\"https:\\\/\\\/bobvarela.com\\\/wp-content\\\/flagallery\\\/miriam-ponsa-coleccion-exilio\\\/webview\\\/miriam-ponsa-014.jpg\",\"thumb\":\"https:\\\/\\\/bobvarela.com\\\/wp-content\\\/flagallery\\\/miriam-ponsa-coleccion-exilio\\\/thumbs\\\/thumbs_miriam-ponsa-014.jpg\",\"file\":\"miriam-ponsa-014.jpg\",\"meta\":{\"aperture\":false,\"credit\":false,\"camera\":false,\"caption\":\"Ready to Wear Fall\\\/Winter 2015-2016\",\"created_timestamp\":\"February 3, 2015 5:10 pm\",\"copyright\":\"\\u00c2\\u00a9 2015 Estrop-Barcelona PHOTOGRAPH FOR EDITORIAL USE ONLY\",\"focal_length\":false,\"iso\":false,\"shutter_speed\":false,\"flash\":false,\"title\":\"Ready to Wear Fall\\\/Winter 2015-2016\",\"keywords\":\"2015-2016,Fall\\\/Winter,RTW\",\"width\":669,\"height\":1000,\"saved\":true,\"thumbnail\":{\"width\":220,\"height\":220,\"ewww_image_optimizer\":\"Reduced by 8.5% (2.7&nbsp;kB)\"},\"webview\":{\"0\":669,\"1\":1000,\"2\":2,\"3\":\"width=\\\"669\\\" height=\\\"1000\\\"\",\"bits\":8,\"channels\":3,\"mime\":\"image\\\/jpeg\",\"ewww_image_optimizer\":\"Reduced by 5.4% (5.2&nbsp;kB) - Previously Optimized\"},\"0\":false,\"ewww_image_optimizer\":\"Reduced by 4.7% (8.9&nbsp;kB)\",\"views\":\"0\",\"likes\":\"0\"},\"title\":\"Ready to Wear Fall\\\/Winter 2015-2016\",\"description\":\"<p>Ready to Wear Fall\\\/Winter 2015-2016<\\\/p>\",\"link\":null,\"link_target\":\"\",\"download\":\"https:\\\/\\\/bobvarela.com\\\/wp-content\\\/flagallery\\\/miriam-ponsa-coleccion-exilio\\\/miriam-ponsa-014.jpg\",\"ratio\":0.669000000000000039079850466805510222911834716796875},{\"id\":\"19590\",\"image\":\"https:\\\/\\\/bobvarela.com\\\/wp-content\\\/flagallery\\\/miriam-ponsa-coleccion-exilio\\\/webview\\\/miriam-ponsa-015.jpg\",\"thumb\":\"https:\\\/\\\/bobvarela.com\\\/wp-content\\\/flagallery\\\/miriam-ponsa-coleccion-exilio\\\/thumbs\\\/thumbs_miriam-ponsa-015.jpg\",\"file\":\"miriam-ponsa-015.jpg\",\"meta\":{\"aperture\":false,\"credit\":false,\"camera\":false,\"caption\":\"Ready to Wear Fall\\\/Winter 2015-2016\",\"created_timestamp\":\"February 3, 2015 5:10 pm\",\"copyright\":\"\\u00c2\\u00a9 2015 Estrop-Barcelona PHOTOGRAPH FOR EDITORIAL USE ONLY\",\"focal_length\":false,\"iso\":false,\"shutter_speed\":false,\"flash\":false,\"title\":\"Ready to Wear Fall\\\/Winter 2015-2016\",\"keywords\":\"2015-2016,Fall\\\/Winter,RTW\",\"width\":669,\"height\":1000,\"saved\":true,\"thumbnail\":{\"width\":220,\"height\":220,\"ewww_image_optimizer\":\"Reduced by 8.7% (2.7&nbsp;kB)\"},\"webview\":{\"0\":669,\"1\":1000,\"2\":2,\"3\":\"width=\\\"669\\\" height=\\\"1000\\\"\",\"bits\":8,\"channels\":3,\"mime\":\"image\\\/jpeg\",\"ewww_image_optimizer\":\"Reduced by 6.6% (7.5&nbsp;kB) - Previously Optimized\"},\"0\":false,\"ewww_image_optimizer\":\"Reduced by 4.9% (7.3&nbsp;kB)\",\"views\":\"1\",\"likes\":\"0\"},\"title\":\"Ready to Wear Fall\\\/Winter 2015-2016\",\"description\":\"<p>Ready to Wear Fall\\\/Winter 2015-2016<\\\/p>\",\"link\":null,\"link_target\":\"\",\"download\":\"https:\\\/\\\/bobvarela.com\\\/wp-content\\\/flagallery\\\/miriam-ponsa-coleccion-exilio\\\/miriam-ponsa-015.jpg\",\"ratio\":0.669000000000000039079850466805510222911834716796875},{\"id\":\"19591\",\"image\":\"https:\\\/\\\/bobvarela.com\\\/wp-content\\\/flagallery\\\/miriam-ponsa-coleccion-exilio\\\/webview\\\/miriam-ponsa-016.jpg\",\"thumb\":\"https:\\\/\\\/bobvarela.com\\\/wp-content\\\/flagallery\\\/miriam-ponsa-coleccion-exilio\\\/thumbs\\\/thumbs_miriam-ponsa-016.jpg\",\"file\":\"miriam-ponsa-016.jpg\",\"meta\":{\"aperture\":false,\"credit\":false,\"camera\":false,\"caption\":\"Ready to Wear Fall\\\/Winter 2015-2016\",\"created_timestamp\":\"February 3, 2015 5:10 pm\",\"copyright\":\"\\u00c2\\u00a9 2015 Estrop-Barcelona PHOTOGRAPH FOR EDITORIAL USE ONLY\",\"focal_length\":false,\"iso\":false,\"shutter_speed\":false,\"flash\":false,\"title\":\"Ready to Wear Fall\\\/Winter 2015-2016\",\"keywords\":\"2015-2016,Fall\\\/Winter,RTW\",\"width\":669,\"height\":1000,\"saved\":true,\"thumbnail\":{\"width\":220,\"height\":220,\"ewww_image_optimizer\":\"Reduced by 11.1% (3.6&nbsp;kB)\"},\"webview\":{\"0\":669,\"1\":1000,\"2\":2,\"3\":\"width=\\\"669\\\" height=\\\"1000\\\"\",\"bits\":8,\"channels\":3,\"mime\":\"image\\\/jpeg\",\"ewww_image_optimizer\":\"Reduced by 4.6% (4.4&nbsp;kB) - Previously Optimized\"},\"0\":false,\"ewww_image_optimizer\":\"Reduced by 4.3% (7.9&nbsp;kB)\",\"views\":\"0\",\"likes\":\"0\"},\"title\":\"Ready to Wear Fall\\\/Winter 2015-2016\",\"description\":\"<p>Ready to Wear Fall\\\/Winter 2015-2016<\\\/p>\",\"link\":null,\"link_target\":\"\",\"download\":\"https:\\\/\\\/bobvarela.com\\\/wp-content\\\/flagallery\\\/miriam-ponsa-coleccion-exilio\\\/miriam-ponsa-016.jpg\",\"ratio\":0.669000000000000039079850466805510222911834716796875},{\"id\":\"19592\",\"image\":\"https:\\\/\\\/bobvarela.com\\\/wp-content\\\/flagallery\\\/miriam-ponsa-coleccion-exilio\\\/webview\\\/miriam-ponsa-017.jpg\",\"thumb\":\"https:\\\/\\\/bobvarela.com\\\/wp-content\\\/flagallery\\\/miriam-ponsa-coleccion-exilio\\\/thumbs\\\/thumbs_miriam-ponsa-017.jpg\",\"file\":\"miriam-ponsa-017.jpg\",\"meta\":{\"aperture\":false,\"credit\":false,\"camera\":false,\"caption\":\"Ready to Wear Fall\\\/Winter 2015-2016\",\"created_timestamp\":\"February 3, 2015 5:10 pm\",\"copyright\":\"\\u00c2\\u00a9 2015 Estrop-Barcelona PHOTOGRAPH FOR EDITORIAL USE ONLY\",\"focal_length\":false,\"iso\":false,\"shutter_speed\":false,\"flash\":false,\"title\":\"Ready to Wear Fall\\\/Winter 2015-2016\",\"keywords\":\"2015-2016,Fall\\\/Winter,RTW\",\"width\":669,\"height\":1000,\"saved\":true,\"thumbnail\":{\"width\":220,\"height\":220,\"ewww_image_optimizer\":\"Reduced by 8.4% (3.3&nbsp;kB)\"},\"webview\":{\"0\":669,\"1\":1000,\"2\":2,\"3\":\"width=\\\"669\\\" height=\\\"1000\\\"\",\"bits\":8,\"channels\":3,\"mime\":\"image\\\/jpeg\",\"ewww_image_optimizer\":\"Reduced by 4.9% (8.0&nbsp;kB) - Previously Optimized\"},\"0\":false,\"ewww_image_optimizer\":\"Reduced by 4.9% (8.0&nbsp;kB)\",\"views\":\"0\",\"likes\":\"0\"},\"title\":\"Ready to Wear Fall\\\/Winter 2015-2016\",\"description\":\"<p>Ready to Wear Fall\\\/Winter 2015-2016<\\\/p>\",\"link\":null,\"link_target\":\"\",\"download\":\"https:\\\/\\\/bobvarela.com\\\/wp-content\\\/flagallery\\\/miriam-ponsa-coleccion-exilio\\\/miriam-ponsa-017.jpg\",\"ratio\":0.669000000000000039079850466805510222911834716796875},{\"id\":\"19593\",\"image\":\"https:\\\/\\\/bobvarela.com\\\/wp-content\\\/flagallery\\\/miriam-ponsa-coleccion-exilio\\\/webview\\\/miriam-ponsa-018.jpg\",\"thumb\":\"https:\\\/\\\/bobvarela.com\\\/wp-content\\\/flagallery\\\/miriam-ponsa-coleccion-exilio\\\/thumbs\\\/thumbs_miriam-ponsa-018.jpg\",\"file\":\"miriam-ponsa-018.jpg\",\"meta\":{\"aperture\":false,\"credit\":false,\"camera\":false,\"caption\":\"Ready to Wear Fall\\\/Winter 2015-2016\",\"created_timestamp\":\"February 3, 2015 5:10 pm\",\"copyright\":\"\\u00c2\\u00a9 2015 Estrop-Barcelona PHOTOGRAPH FOR EDITORIAL USE ONLY\",\"focal_length\":false,\"iso\":false,\"shutter_speed\":false,\"flash\":false,\"title\":\"Ready to Wear Fall\\\/Winter 2015-2016\",\"keywords\":\"2015-2016,Fall\\\/Winter,RTW\",\"width\":669,\"height\":1000,\"saved\":true,\"thumbnail\":{\"width\":220,\"height\":220,\"ewww_image_optimizer\":\"Reduced by 11.2% (3.8&nbsp;kB)\"},\"webview\":{\"0\":669,\"1\":1000,\"2\":2,\"3\":\"width=\\\"669\\\" height=\\\"1000\\\"\",\"bits\":8,\"channels\":3,\"mime\":\"image\\\/jpeg\",\"ewww_image_optimizer\":\"Reduced by 4.4% (4.9&nbsp;kB) - Previously Optimized\"},\"0\":false,\"ewww_image_optimizer\":\"Reduced by 3.2% (4.9&nbsp;kB)\",\"views\":\"0\",\"likes\":\"0\"},\"title\":\"Ready to Wear Fall\\\/Winter 2015-2016\",\"description\":\"<p>Ready to Wear Fall\\\/Winter 2015-2016<\\\/p>\",\"link\":null,\"link_target\":\"\",\"download\":\"https:\\\/\\\/bobvarela.com\\\/wp-content\\\/flagallery\\\/miriam-ponsa-coleccion-exilio\\\/miriam-ponsa-018.jpg\",\"ratio\":0.669000000000000039079850466805510222911834716796875},{\"id\":\"19594\",\"image\":\"https:\\\/\\\/bobvarela.com\\\/wp-content\\\/flagallery\\\/miriam-ponsa-coleccion-exilio\\\/webview\\\/miriam-ponsa-019.jpg\",\"thumb\":\"https:\\\/\\\/bobvarela.com\\\/wp-content\\\/flagallery\\\/miriam-ponsa-coleccion-exilio\\\/thumbs\\\/thumbs_miriam-ponsa-019.jpg\",\"file\":\"miriam-ponsa-019.jpg\",\"meta\":{\"aperture\":false,\"credit\":false,\"camera\":false,\"caption\":\"Ready to Wear Fall\\\/Winter 2015-2016\",\"created_timestamp\":\"February 3, 2015 5:10 pm\",\"copyright\":\"\\u00c2\\u00a9 2015 Estrop-Barcelona PHOTOGRAPH FOR EDITORIAL USE ONLY\",\"focal_length\":false,\"iso\":false,\"shutter_speed\":false,\"flash\":false,\"title\":\"Ready to Wear Fall\\\/Winter 2015-2016\",\"keywords\":\"2015-2016,Fall\\\/Winter,RTW\",\"width\":669,\"height\":1000,\"saved\":true,\"thumbnail\":{\"width\":220,\"height\":220,\"ewww_image_optimizer\":\"Reduced by 12.6% (5.5&nbsp;kB)\"},\"webview\":{\"0\":669,\"1\":1000,\"2\":2,\"3\":\"width=\\\"669\\\" height=\\\"1000\\\"\",\"bits\":8,\"channels\":3,\"mime\":\"image\\\/jpeg\",\"ewww_image_optimizer\":\"Reduced by 5.2% (8.2&nbsp;kB) - Previously Optimized\"},\"0\":false,\"ewww_image_optimizer\":\"Reduced by 6.3% (10.2&nbsp;kB)\",\"views\":\"1\",\"likes\":\"0\"},\"title\":\"Ready to Wear Fall\\\/Winter 2015-2016\",\"description\":\"<p>Ready to Wear Fall\\\/Winter 2015-2016<\\\/p>\",\"link\":null,\"link_target\":\"\",\"download\":\"https:\\\/\\\/bobvarela.com\\\/wp-content\\\/flagallery\\\/miriam-ponsa-coleccion-exilio\\\/miriam-ponsa-019.jpg\",\"ratio\":0.669000000000000039079850466805510222911834716796875},{\"id\":\"19595\",\"image\":\"https:\\\/\\\/bobvarela.com\\\/wp-content\\\/flagallery\\\/miriam-ponsa-coleccion-exilio\\\/webview\\\/miriam-ponsa-020.jpg\",\"thumb\":\"https:\\\/\\\/bobvarela.com\\\/wp-content\\\/flagallery\\\/miriam-ponsa-coleccion-exilio\\\/thumbs\\\/thumbs_miriam-ponsa-020.jpg\",\"file\":\"miriam-ponsa-020.jpg\",\"meta\":{\"aperture\":false,\"credit\":false,\"camera\":false,\"caption\":\"Ready to Wear Fall\\\/Winter 2015-2016\",\"created_timestamp\":\"February 3, 2015 5:10 pm\",\"copyright\":\"\\u00c2\\u00a9 2015 Estrop-Barcelona PHOTOGRAPH FOR EDITORIAL USE ONLY\",\"focal_length\":false,\"iso\":false,\"shutter_speed\":false,\"flash\":false,\"title\":\"Ready to Wear Fall\\\/Winter 2015-2016\",\"keywords\":\"2015-2016,Fall\\\/Winter,RTW\",\"width\":669,\"height\":1000,\"saved\":true,\"thumbnail\":{\"width\":220,\"height\":220,\"ewww_image_optimizer\":\"Reduced by 10.8% (3.4&nbsp;kB)\"},\"webview\":{\"0\":669,\"1\":1000,\"2\":2,\"3\":\"width=\\\"669\\\" height=\\\"1000\\\"\",\"bits\":8,\"channels\":3,\"mime\":\"image\\\/jpeg\",\"ewww_image_optimizer\":\"Reduced by 4.2% (4.5&nbsp;kB) - Previously Optimized\"},\"0\":false,\"ewww_image_optimizer\":\"Reduced by 5.0% (9.7&nbsp;kB)\",\"views\":\"0\",\"likes\":\"0\"},\"title\":\"Ready to Wear Fall\\\/Winter 2015-2016\",\"description\":\"<p>Ready to Wear Fall\\\/Winter 2015-2016<\\\/p>\",\"link\":null,\"link_target\":\"\",\"download\":\"https:\\\/\\\/bobvarela.com\\\/wp-content\\\/flagallery\\\/miriam-ponsa-coleccion-exilio\\\/miriam-ponsa-020.jpg\",\"ratio\":0.669000000000000039079850466805510222911834716796875},{\"id\":\"19596\",\"image\":\"https:\\\/\\\/bobvarela.com\\\/wp-content\\\/flagallery\\\/miriam-ponsa-coleccion-exilio\\\/webview\\\/miriam-ponsa-021.jpg\",\"thumb\":\"https:\\\/\\\/bobvarela.com\\\/wp-content\\\/flagallery\\\/miriam-ponsa-coleccion-exilio\\\/thumbs\\\/thumbs_miriam-ponsa-021.jpg\",\"file\":\"miriam-ponsa-021.jpg\",\"meta\":{\"aperture\":false,\"credit\":false,\"camera\":false,\"caption\":\"Ready to Wear Fall\\\/Winter 2015-2016\",\"created_timestamp\":\"February 3, 2015 5:10 pm\",\"copyright\":\"\\u00c2\\u00a9 2015 Estrop-Barcelona PHOTOGRAPH FOR EDITORIAL USE ONLY\",\"focal_length\":false,\"iso\":false,\"shutter_speed\":false,\"flash\":false,\"title\":\"Ready to Wear Fall\\\/Winter 2015-2016\",\"keywords\":\"2015-2016,Fall\\\/Winter,RTW\",\"width\":669,\"height\":1000,\"saved\":true,\"thumbnail\":{\"width\":220,\"height\":220,\"ewww_image_optimizer\":\"Reduced by 14.5% (5.9&nbsp;kB)\"},\"webview\":{\"0\":669,\"1\":1000,\"2\":2,\"3\":\"width=\\\"669\\\" height=\\\"1000\\\"\",\"bits\":8,\"channels\":3,\"mime\":\"image\\\/jpeg\",\"ewww_image_optimizer\":\"Reduced by 6.6% (10.5&nbsp;kB) - Previously Optimized\"},\"0\":false,\"ewww_image_optimizer\":\"Reduced by 7.7% (13.9&nbsp;kB)\",\"views\":\"1\",\"likes\":\"0\"},\"title\":\"Ready to Wear Fall\\\/Winter 2015-2016\",\"description\":\"<p>Ready to Wear Fall\\\/Winter 2015-2016<\\\/p>\",\"link\":null,\"link_target\":\"\",\"download\":\"https:\\\/\\\/bobvarela.com\\\/wp-content\\\/flagallery\\\/miriam-ponsa-coleccion-exilio\\\/miriam-ponsa-021.jpg\",\"ratio\":0.669000000000000039079850466805510222911834716796875},{\"id\":\"19597\",\"image\":\"https:\\\/\\\/bobvarela.com\\\/wp-content\\\/flagallery\\\/miriam-ponsa-coleccion-exilio\\\/webview\\\/miriam-ponsa-022.jpg\",\"thumb\":\"https:\\\/\\\/bobvarela.com\\\/wp-content\\\/flagallery\\\/miriam-ponsa-coleccion-exilio\\\/thumbs\\\/thumbs_miriam-ponsa-022.jpg\",\"file\":\"miriam-ponsa-022.jpg\",\"meta\":{\"aperture\":false,\"credit\":false,\"camera\":false,\"caption\":\"Ready to Wear Fall\\\/Winter 2015-2016\",\"created_timestamp\":\"February 3, 2015 5:11 pm\",\"copyright\":\"\\u00c2\\u00a9 2015 Estrop-Barcelona PHOTOGRAPH FOR EDITORIAL USE ONLY\",\"focal_length\":false,\"iso\":false,\"shutter_speed\":false,\"flash\":false,\"title\":\"Ready to Wear Fall\\\/Winter 2015-2016\",\"keywords\":\"2015-2016,Fall\\\/Winter,RTW\",\"width\":667,\"height\":1000,\"saved\":true,\"thumbnail\":{\"width\":220,\"height\":220,\"ewww_image_optimizer\":\"Reduced by 17.2% (9.6&nbsp;kB)\"},\"webview\":{\"0\":667,\"1\":1000,\"2\":2,\"3\":\"width=\\\"667\\\" height=\\\"1000\\\"\",\"bits\":8,\"channels\":3,\"mime\":\"image\\\/jpeg\",\"ewww_image_optimizer\":\"Reduced by 8.8% (16.5&nbsp;kB)\"},\"0\":false,\"ewww_image_optimizer\":\"Reduced by 8.8% (16.5&nbsp;kB)\",\"views\":\"0\",\"likes\":\"0\"},\"title\":\"Ready to Wear Fall\\\/Winter 2015-2016\",\"description\":\"<p>Ready to Wear Fall\\\/Winter 2015-2016<\\\/p>\",\"link\":null,\"link_target\":\"\",\"download\":\"https:\\\/\\\/bobvarela.com\\\/wp-content\\\/flagallery\\\/miriam-ponsa-coleccion-exilio\\\/miriam-ponsa-022.jpg\",\"ratio\":0.6670000000000000373034936274052597582340240478515625},{\"id\":\"19598\",\"image\":\"https:\\\/\\\/bobvarela.com\\\/wp-content\\\/flagallery\\\/miriam-ponsa-coleccion-exilio\\\/webview\\\/miriam-ponsa-023.jpg\",\"thumb\":\"https:\\\/\\\/bobvarela.com\\\/wp-content\\\/flagallery\\\/miriam-ponsa-coleccion-exilio\\\/thumbs\\\/thumbs_miriam-ponsa-023.jpg\",\"file\":\"miriam-ponsa-023.jpg\",\"meta\":{\"aperture\":false,\"credit\":false,\"camera\":false,\"caption\":\"Ready to Wear Fall\\\/Winter 2015-2016\",\"created_timestamp\":\"February 3, 2015 5:11 pm\",\"copyright\":\"\\u00c2\\u00a9 2015 Estrop-Barcelona PHOTOGRAPH FOR EDITORIAL USE ONLY\",\"focal_length\":false,\"iso\":false,\"shutter_speed\":false,\"flash\":false,\"title\":\"Ready to Wear Fall\\\/Winter 2015-2016\",\"keywords\":\"2015-2016,Fall\\\/Winter,RTW\",\"width\":669,\"height\":1000,\"saved\":true,\"thumbnail\":{\"width\":220,\"height\":220,\"ewww_image_optimizer\":\"Reduced by 10.4% (3.0&nbsp;kB)\"},\"webview\":{\"0\":669,\"1\":1000,\"2\":2,\"3\":\"width=\\\"669\\\" height=\\\"1000\\\"\",\"bits\":8,\"channels\":3,\"mime\":\"image\\\/jpeg\",\"ewww_image_optimizer\":\"Reduced by 3.7% (3.5&nbsp;kB) - Previously Optimized\"},\"0\":false,\"ewww_image_optimizer\":\"Reduced by 5.1% (8.9&nbsp;kB)\",\"views\":\"1\",\"likes\":\"0\"},\"title\":\"Ready to Wear Fall\\\/Winter 2015-2016\",\"description\":\"<p>Ready to Wear Fall\\\/Winter 2015-2016<\\\/p>\",\"link\":null,\"link_target\":\"\",\"download\":\"https:\\\/\\\/bobvarela.com\\\/wp-content\\\/flagallery\\\/miriam-ponsa-coleccion-exilio\\\/miriam-ponsa-023.jpg\",\"ratio\":0.669000000000000039079850466805510222911834716796875},{\"id\":\"19599\",\"image\":\"https:\\\/\\\/bobvarela.com\\\/wp-content\\\/flagallery\\\/miriam-ponsa-coleccion-exilio\\\/webview\\\/miriam-ponsa-024.jpg\",\"thumb\":\"https:\\\/\\\/bobvarela.com\\\/wp-content\\\/flagallery\\\/miriam-ponsa-coleccion-exilio\\\/thumbs\\\/thumbs_miriam-ponsa-024.jpg\",\"file\":\"miriam-ponsa-024.jpg\",\"meta\":{\"aperture\":false,\"credit\":false,\"camera\":false,\"caption\":\"Ready to Wear Fall\\\/Winter 2015-2016\",\"created_timestamp\":\"February 3, 2015 5:11 pm\",\"copyright\":\"\\u00c2\\u00a9 2015 Estrop-Barcelona PHOTOGRAPH FOR EDITORIAL USE ONLY\",\"focal_length\":false,\"iso\":false,\"shutter_speed\":false,\"flash\":false,\"title\":\"Ready to Wear Fall\\\/Winter 2015-2016\",\"keywords\":\"2015-2016,Fall\\\/Winter,RTW\",\"width\":669,\"height\":1000,\"saved\":true,\"thumbnail\":{\"width\":220,\"height\":220,\"ewww_image_optimizer\":\"Reduced by 11.7% (4.3&nbsp;kB)\"},\"webview\":{\"0\":669,\"1\":1000,\"2\":2,\"3\":\"width=\\\"669\\\" height=\\\"1000\\\"\",\"bits\":8,\"channels\":3,\"mime\":\"image\\\/jpeg\",\"ewww_image_optimizer\":\"Reduced by 6.1% (10.0&nbsp;kB) - Previously Optimized\"},\"0\":false,\"ewww_image_optimizer\":\"Reduced by 6.6% (11.1&nbsp;kB)\",\"views\":\"0\",\"likes\":\"0\"},\"title\":\"Ready to Wear Fall\\\/Winter 2015-2016\",\"description\":\"<p>Ready to Wear Fall\\\/Winter 2015-2016<\\\/p>\",\"link\":null,\"link_target\":\"\",\"download\":\"https:\\\/\\\/bobvarela.com\\\/wp-content\\\/flagallery\\\/miriam-ponsa-coleccion-exilio\\\/miriam-ponsa-024.jpg\",\"ratio\":0.669000000000000039079850466805510222911834716796875},{\"id\":\"19600\",\"image\":\"https:\\\/\\\/bobvarela.com\\\/wp-content\\\/flagallery\\\/miriam-ponsa-coleccion-exilio\\\/webview\\\/miriam-ponsa-025.jpg\",\"thumb\":\"https:\\\/\\\/bobvarela.com\\\/wp-content\\\/flagallery\\\/miriam-ponsa-coleccion-exilio\\\/thumbs\\\/thumbs_miriam-ponsa-025.jpg\",\"file\":\"miriam-ponsa-025.jpg\",\"meta\":{\"aperture\":false,\"credit\":false,\"camera\":false,\"caption\":\"Ready to Wear Fall\\\/Winter 2015-2016\",\"created_timestamp\":\"February 3, 2015 5:11 pm\",\"copyright\":\"\\u00c2\\u00a9 2015 Estrop-Barcelona PHOTOGRAPH FOR EDITORIAL USE ONLY\",\"focal_length\":false,\"iso\":false,\"shutter_speed\":false,\"flash\":false,\"title\":\"Ready to Wear Fall\\\/Winter 2015-2016\",\"keywords\":\"2015-2016,Fall\\\/Winter,RTW\",\"width\":669,\"height\":1000,\"saved\":true,\"thumbnail\":{\"width\":220,\"height\":220,\"ewww_image_optimizer\":\"Reduced by 14.9% (7.4&nbsp;kB)\"},\"webview\":{\"0\":669,\"1\":1000,\"2\":2,\"3\":\"width=\\\"669\\\" height=\\\"1000\\\"\",\"bits\":8,\"channels\":3,\"mime\":\"image\\\/jpeg\",\"ewww_image_optimizer\":\"Reduced by 12.3% (19.7&nbsp;kB)\"},\"0\":false,\"ewww_image_optimizer\":\"Reduced by 12.3% (19.7&nbsp;kB)\",\"views\":\"0\",\"likes\":\"0\"},\"title\":\"Ready to Wear Fall\\\/Winter 2015-2016\",\"description\":\"<p>Ready to Wear Fall\\\/Winter 2015-2016<\\\/p>\",\"link\":null,\"link_target\":\"\",\"download\":\"https:\\\/\\\/bobvarela.com\\\/wp-content\\\/flagallery\\\/miriam-ponsa-coleccion-exilio\\\/miriam-ponsa-025.jpg\",\"ratio\":0.669000000000000039079850466805510222911834716796875},{\"id\":\"19601\",\"image\":\"https:\\\/\\\/bobvarela.com\\\/wp-content\\\/flagallery\\\/miriam-ponsa-coleccion-exilio\\\/webview\\\/miriam-ponsa-026.jpg\",\"thumb\":\"https:\\\/\\\/bobvarela.com\\\/wp-content\\\/flagallery\\\/miriam-ponsa-coleccion-exilio\\\/thumbs\\\/thumbs_miriam-ponsa-026.jpg\",\"file\":\"miriam-ponsa-026.jpg\",\"meta\":{\"aperture\":false,\"credit\":false,\"camera\":false,\"caption\":\"Ready to Wear Fall\\\/Winter 2015-2016\",\"created_timestamp\":\"February 3, 2015 5:11 pm\",\"copyright\":\"\\u00c2\\u00a9 2015 Estrop-Barcelona PHOTOGRAPH FOR EDITORIAL USE ONLY\",\"focal_length\":false,\"iso\":false,\"shutter_speed\":false,\"flash\":false,\"title\":\"Ready to Wear Fall\\\/Winter 2015-2016\",\"keywords\":\"2015-2016,Fall\\\/Winter,RTW\",\"width\":669,\"height\":1000,\"saved\":true,\"thumbnail\":{\"width\":220,\"height\":220,\"ewww_image_optimizer\":\"Reduced by 10.7% (3.2&nbsp;kB)\"},\"webview\":{\"0\":669,\"1\":1000,\"2\":2,\"3\":\"width=\\\"669\\\" height=\\\"1000\\\"\",\"bits\":8,\"channels\":3,\"mime\":\"image\\\/jpeg\",\"ewww_image_optimizer\":\"Reduced by 4.2% (3.6&nbsp;kB) - Previously Optimized\"},\"0\":false,\"ewww_image_optimizer\":\"Reduced by 4.8% (7.8&nbsp;kB)\",\"views\":\"0\",\"likes\":\"0\"},\"title\":\"Ready to Wear Fall\\\/Winter 2015-2016\",\"description\":\"<p>Ready to Wear Fall\\\/Winter 2015-2016<\\\/p>\",\"link\":null,\"link_target\":\"\",\"download\":\"https:\\\/\\\/bobvarela.com\\\/wp-content\\\/flagallery\\\/miriam-ponsa-coleccion-exilio\\\/miriam-ponsa-026.jpg\",\"ratio\":0.669000000000000039079850466805510222911834716796875},{\"id\":\"19602\",\"image\":\"https:\\\/\\\/bobvarela.com\\\/wp-content\\\/flagallery\\\/miriam-ponsa-coleccion-exilio\\\/webview\\\/miriam-ponsa-027.jpg\",\"thumb\":\"https:\\\/\\\/bobvarela.com\\\/wp-content\\\/flagallery\\\/miriam-ponsa-coleccion-exilio\\\/thumbs\\\/thumbs_miriam-ponsa-027.jpg\",\"file\":\"miriam-ponsa-027.jpg\",\"meta\":{\"aperture\":false,\"credit\":false,\"camera\":false,\"caption\":\"Ready to Wear Fall\\\/Winter 2015-2016\",\"created_timestamp\":\"February 3, 2015 5:11 pm\",\"copyright\":\"\\u00c2\\u00a9 2015 Estrop-Barcelona PHOTOGRAPH FOR EDITORIAL USE ONLY\",\"focal_length\":false,\"iso\":false,\"shutter_speed\":false,\"flash\":false,\"title\":\"Ready to Wear Fall\\\/Winter 2015-2016\",\"keywords\":\"2015-2016,Fall\\\/Winter,RTW\",\"width\":669,\"height\":1000,\"saved\":true,\"thumbnail\":{\"width\":220,\"height\":220,\"ewww_image_optimizer\":\"Reduced by 10.8% (3.8&nbsp;kB)\"},\"webview\":{\"0\":669,\"1\":1000,\"2\":2,\"3\":\"width=\\\"669\\\" height=\\\"1000\\\"\",\"bits\":8,\"channels\":3,\"mime\":\"image\\\/jpeg\",\"ewww_image_optimizer\":\"Reduced by 5.8% (6.4&nbsp;kB) - Previously Optimized\"},\"0\":false,\"ewww_image_optimizer\":\"Reduced by 4.8% (7.1&nbsp;kB)\",\"views\":\"1\",\"likes\":\"0\"},\"title\":\"Ready to Wear Fall\\\/Winter 2015-2016\",\"description\":\"<p>Ready to Wear Fall\\\/Winter 2015-2016<\\\/p>\",\"link\":null,\"link_target\":\"\",\"download\":\"https:\\\/\\\/bobvarela.com\\\/wp-content\\\/flagallery\\\/miriam-ponsa-coleccion-exilio\\\/miriam-ponsa-027.jpg\",\"ratio\":0.669000000000000039079850466805510222911834716796875},{\"id\":\"19603\",\"image\":\"https:\\\/\\\/bobvarela.com\\\/wp-content\\\/flagallery\\\/miriam-ponsa-coleccion-exilio\\\/webview\\\/miriam-ponsa-028.jpg\",\"thumb\":\"https:\\\/\\\/bobvarela.com\\\/wp-content\\\/flagallery\\\/miriam-ponsa-coleccion-exilio\\\/thumbs\\\/thumbs_miriam-ponsa-028.jpg\",\"file\":\"miriam-ponsa-028.jpg\",\"meta\":{\"aperture\":false,\"credit\":false,\"camera\":false,\"caption\":\"Ready to Wear Fall\\\/Winter 2015-2016\",\"created_timestamp\":\"February 3, 2015 5:11 pm\",\"copyright\":\"\\u00c2\\u00a9 2015 Estrop-Barcelona PHOTOGRAPH FOR EDITORIAL USE ONLY\",\"focal_length\":false,\"iso\":false,\"shutter_speed\":false,\"flash\":false,\"title\":\"Ready to Wear Fall\\\/Winter 2015-2016\",\"keywords\":\"2015-2016,Fall\\\/Winter,RTW\",\"width\":669,\"height\":1000,\"saved\":true,\"thumbnail\":{\"width\":220,\"height\":220,\"ewww_image_optimizer\":\"Reduced by 10.2% (4.0&nbsp;kB)\"},\"webview\":{\"0\":669,\"1\":1000,\"2\":2,\"3\":\"width=\\\"669\\\" height=\\\"1000\\\"\",\"bits\":8,\"channels\":3,\"mime\":\"image\\\/jpeg\",\"ewww_image_optimizer\":\"Reduced by 5.8% (8.4&nbsp;kB) - Previously Optimized\"},\"0\":false,\"ewww_image_optimizer\":\"Reduced by 6.8% (11.1&nbsp;kB)\",\"views\":\"0\",\"likes\":\"0\"},\"title\":\"Ready to Wear Fall\\\/Winter 2015-2016\",\"description\":\"<p>Ready to Wear Fall\\\/Winter 2015-2016<\\\/p>\",\"link\":null,\"link_target\":\"\",\"download\":\"https:\\\/\\\/bobvarela.com\\\/wp-content\\\/flagallery\\\/miriam-ponsa-coleccion-exilio\\\/miriam-ponsa-028.jpg\",\"ratio\":0.669000000000000039079850466805510222911834716796875},{\"id\":\"19604\",\"image\":\"https:\\\/\\\/bobvarela.com\\\/wp-content\\\/flagallery\\\/miriam-ponsa-coleccion-exilio\\\/webview\\\/miriam-ponsa-029.jpg\",\"thumb\":\"https:\\\/\\\/bobvarela.com\\\/wp-content\\\/flagallery\\\/miriam-ponsa-coleccion-exilio\\\/thumbs\\\/thumbs_miriam-ponsa-029.jpg\",\"file\":\"miriam-ponsa-029.jpg\",\"meta\":{\"aperture\":false,\"credit\":false,\"camera\":false,\"caption\":\"Ready to Wear Fall\\\/Winter 2015-2016\",\"created_timestamp\":\"February 3, 2015 5:11 pm\",\"copyright\":\"\\u00c2\\u00a9 2015 Estrop-Barcelona PHOTOGRAPH FOR EDITORIAL USE ONLY\",\"focal_length\":false,\"iso\":false,\"shutter_speed\":false,\"flash\":false,\"title\":\"Ready to Wear Fall\\\/Winter 2015-2016\",\"keywords\":\"2015-2016,Fall\\\/Winter,RTW\",\"width\":669,\"height\":1000,\"saved\":true,\"thumbnail\":{\"width\":220,\"height\":220,\"ewww_image_optimizer\":\"Reduced by 9.4% (2.9&nbsp;kB)\"},\"webview\":{\"0\":669,\"1\":1000,\"2\":2,\"3\":\"width=\\\"669\\\" height=\\\"1000\\\"\",\"bits\":8,\"channels\":3,\"mime\":\"image\\\/jpeg\",\"ewww_image_optimizer\":\"Reduced by 4.6% (4.0&nbsp;kB) - Previously Optimized\"},\"0\":false,\"ewww_image_optimizer\":\"Reduced by 4.4% (7.9&nbsp;kB)\",\"views\":\"1\",\"likes\":\"0\"},\"title\":\"Ready to Wear Fall\\\/Winter 2015-2016\",\"description\":\"<p>Ready to Wear Fall\\\/Winter 2015-2016<\\\/p>\",\"link\":null,\"link_target\":\"\",\"download\":\"https:\\\/\\\/bobvarela.com\\\/wp-content\\\/flagallery\\\/miriam-ponsa-coleccion-exilio\\\/miriam-ponsa-029.jpg\",\"ratio\":0.669000000000000039079850466805510222911834716796875},{\"id\":\"19605\",\"image\":\"https:\\\/\\\/bobvarela.com\\\/wp-content\\\/flagallery\\\/miriam-ponsa-coleccion-exilio\\\/webview\\\/miriam-ponsa-030.jpg\",\"thumb\":\"https:\\\/\\\/bobvarela.com\\\/wp-content\\\/flagallery\\\/miriam-ponsa-coleccion-exilio\\\/thumbs\\\/thumbs_miriam-ponsa-030.jpg\",\"file\":\"miriam-ponsa-030.jpg\",\"meta\":{\"aperture\":false,\"credit\":false,\"camera\":false,\"caption\":\"Ready to Wear Fall\\\/Winter 2015-2016\",\"created_timestamp\":\"February 3, 2015 5:11 pm\",\"copyright\":\"\\u00c2\\u00a9 2015 Estrop-Barcelona PHOTOGRAPH FOR EDITORIAL USE ONLY\",\"focal_length\":false,\"iso\":false,\"shutter_speed\":false,\"flash\":false,\"title\":\"Ready to Wear Fall\\\/Winter 2015-2016\",\"keywords\":\"2015-2016,Fall\\\/Winter,RTW\",\"width\":669,\"height\":1000,\"saved\":true,\"thumbnail\":{\"width\":220,\"height\":220,\"ewww_image_optimizer\":\"Reduced by 7.7% (2.3&nbsp;kB)\"},\"webview\":{\"0\":669,\"1\":1000,\"2\":2,\"3\":\"width=\\\"669\\\" height=\\\"1000\\\"\",\"bits\":8,\"channels\":3,\"mime\":\"image\\\/jpeg\",\"ewww_image_optimizer\":\"Reduced by 5.7% (5.0&nbsp;kB) - Previously Optimized\"},\"0\":false,\"ewww_image_optimizer\":\"Reduced by 5.3% (9.0&nbsp;kB)\",\"views\":\"0\",\"likes\":\"0\"},\"title\":\"Ready to Wear Fall\\\/Winter 2015-2016\",\"description\":\"<p>Ready to Wear Fall\\\/Winter 2015-2016<\\\/p>\",\"link\":null,\"link_target\":\"\",\"download\":\"https:\\\/\\\/bobvarela.com\\\/wp-content\\\/flagallery\\\/miriam-ponsa-coleccion-exilio\\\/miriam-ponsa-030.jpg\",\"ratio\":0.669000000000000039079850466805510222911834716796875},{\"id\":\"19606\",\"image\":\"https:\\\/\\\/bobvarela.com\\\/wp-content\\\/flagallery\\\/miriam-ponsa-coleccion-exilio\\\/webview\\\/miriam-ponsa-032.jpg\",\"thumb\":\"https:\\\/\\\/bobvarela.com\\\/wp-content\\\/flagallery\\\/miriam-ponsa-coleccion-exilio\\\/thumbs\\\/thumbs_miriam-ponsa-032.jpg\",\"file\":\"miriam-ponsa-032.jpg\",\"meta\":{\"aperture\":false,\"credit\":false,\"camera\":false,\"caption\":\"Ready to Wear Fall\\\/Winter 2015-2016\",\"created_timestamp\":\"February 3, 2015 5:11 pm\",\"copyright\":\"\\u00c2\\u00a9 2015 Estrop-Barcelona PHOTOGRAPH FOR EDITORIAL USE ONLY\",\"focal_length\":false,\"iso\":false,\"shutter_speed\":false,\"flash\":false,\"title\":\"Ready to Wear Fall\\\/Winter 2015-2016\",\"keywords\":\"2015-2016,Fall\\\/Winter,RTW\",\"width\":669,\"height\":1000,\"saved\":true,\"thumbnail\":{\"width\":220,\"height\":220,\"ewww_image_optimizer\":\"Reduced by 10.1% (3.2&nbsp;kB)\"},\"webview\":{\"0\":669,\"1\":1000,\"2\":2,\"3\":\"width=\\\"669\\\" height=\\\"1000\\\"\",\"bits\":8,\"channels\":3,\"mime\":\"image\\\/jpeg\",\"ewww_image_optimizer\":\"Reduced by 4.4% (3.7&nbsp;kB) - Previously Optimized\"},\"0\":false,\"ewww_image_optimizer\":\"Reduced by 4.5% (7.9&nbsp;kB)\",\"views\":\"0\",\"likes\":\"0\"},\"title\":\"Ready to Wear Fall\\\/Winter 2015-2016\",\"description\":\"<p>Ready to Wear Fall\\\/Winter 2015-2016<\\\/p>\",\"link\":null,\"link_target\":\"\",\"download\":\"https:\\\/\\\/bobvarela.com\\\/wp-content\\\/flagallery\\\/miriam-ponsa-coleccion-exilio\\\/miriam-ponsa-032.jpg\",\"ratio\":0.669000000000000039079850466805510222911834716796875},{\"id\":\"19607\",\"image\":\"https:\\\/\\\/bobvarela.com\\\/wp-content\\\/flagallery\\\/miriam-ponsa-coleccion-exilio\\\/webview\\\/miriam-ponsa-034.jpg\",\"thumb\":\"https:\\\/\\\/bobvarela.com\\\/wp-content\\\/flagallery\\\/miriam-ponsa-coleccion-exilio\\\/thumbs\\\/thumbs_miriam-ponsa-034.jpg\",\"file\":\"miriam-ponsa-034.jpg\",\"meta\":{\"aperture\":false,\"credit\":false,\"camera\":false,\"caption\":\"Ready to Wear Fall\\\/Winter 2015-2016\",\"created_timestamp\":\"February 3, 2015 5:12 pm\",\"copyright\":\"\\u00c2\\u00a9 2015 Estrop-Barcelona PHOTOGRAPH FOR EDITORIAL USE ONLY\",\"focal_length\":false,\"iso\":false,\"shutter_speed\":false,\"flash\":false,\"title\":\"Ready to Wear Fall\\\/Winter 2015-2016\",\"keywords\":\"2015-2016,Fall\\\/Winter,RTW\",\"width\":669,\"height\":1000,\"saved\":true,\"thumbnail\":{\"width\":220,\"height\":220,\"ewww_image_optimizer\":\"Reduced by 10.5% (3.9&nbsp;kB)\"},\"webview\":{\"0\":669,\"1\":1000,\"2\":2,\"3\":\"width=\\\"669\\\" height=\\\"1000\\\"\",\"bits\":8,\"channels\":3,\"mime\":\"image\\\/jpeg\",\"ewww_image_optimizer\":\"Reduced by 5.6% (6.7&nbsp;kB) - Previously Optimized\"},\"0\":false,\"ewww_image_optimizer\":\"Reduced by 4.3% (6.8&nbsp;kB)\",\"views\":\"1\",\"likes\":\"0\"},\"title\":\"Ready to Wear Fall\\\/Winter 2015-2016\",\"description\":\"<p>Ready to Wear Fall\\\/Winter 2015-2016<\\\/p>\",\"link\":null,\"link_target\":\"\",\"download\":\"https:\\\/\\\/bobvarela.com\\\/wp-content\\\/flagallery\\\/miriam-ponsa-coleccion-exilio\\\/miriam-ponsa-034.jpg\",\"ratio\":0.669000000000000039079850466805510222911834716796875},{\"id\":\"19608\",\"image\":\"https:\\\/\\\/bobvarela.com\\\/wp-content\\\/flagallery\\\/miriam-ponsa-coleccion-exilio\\\/webview\\\/miriam-ponsa-035.jpg\",\"thumb\":\"https:\\\/\\\/bobvarela.com\\\/wp-content\\\/flagallery\\\/miriam-ponsa-coleccion-exilio\\\/thumbs\\\/thumbs_miriam-ponsa-035.jpg\",\"file\":\"miriam-ponsa-035.jpg\",\"meta\":{\"aperture\":false,\"credit\":false,\"camera\":false,\"caption\":\"Ready to Wear Fall\\\/Winter 2015-2016\",\"created_timestamp\":\"February 3, 2015 5:12 pm\",\"copyright\":\"\\u00c2\\u00a9 2015 Estrop-Barcelona PHOTOGRAPH FOR EDITORIAL USE ONLY\",\"focal_length\":false,\"iso\":false,\"shutter_speed\":false,\"flash\":false,\"title\":\"Ready to Wear Fall\\\/Winter 2015-2016\",\"keywords\":\"2015-2016,Fall\\\/Winter,RTW\",\"width\":669,\"height\":1000,\"saved\":true,\"thumbnail\":{\"width\":220,\"height\":220,\"ewww_image_optimizer\":\"Reduced by 8.3% (2.4&nbsp;kB)\"},\"webview\":{\"0\":669,\"1\":1000,\"2\":2,\"3\":\"width=\\\"669\\\" height=\\\"1000\\\"\",\"bits\":8,\"channels\":3,\"mime\":\"image\\\/jpeg\",\"ewww_image_optimizer\":\"Reduced by 4.7% (4.1&nbsp;kB) - Previously Optimized\"},\"0\":false,\"ewww_image_optimizer\":\"Reduced by 4.1% (6.9&nbsp;kB)\",\"views\":\"0\",\"likes\":\"0\"},\"title\":\"Ready to Wear Fall\\\/Winter 2015-2016\",\"description\":\"<p>Ready to Wear Fall\\\/Winter 2015-2016<\\\/p>\",\"link\":null,\"link_target\":\"\",\"download\":\"https:\\\/\\\/bobvarela.com\\\/wp-content\\\/flagallery\\\/miriam-ponsa-coleccion-exilio\\\/miriam-ponsa-035.jpg\",\"ratio\":0.669000000000000039079850466805510222911834716796875},{\"id\":\"19609\",\"image\":\"https:\\\/\\\/bobvarela.com\\\/wp-content\\\/flagallery\\\/miriam-ponsa-coleccion-exilio\\\/webview\\\/miriam-ponsa-036.jpg\",\"thumb\":\"https:\\\/\\\/bobvarela.com\\\/wp-content\\\/flagallery\\\/miriam-ponsa-coleccion-exilio\\\/thumbs\\\/thumbs_miriam-ponsa-036.jpg\",\"file\":\"miriam-ponsa-036.jpg\",\"meta\":{\"aperture\":false,\"credit\":false,\"camera\":false,\"caption\":\"Ready to Wear Fall\\\/Winter 2015-2016\",\"created_timestamp\":\"February 3, 2015 5:12 pm\",\"copyright\":\"\\u00c2\\u00a9 2015 Estrop-Barcelona PHOTOGRAPH FOR EDITORIAL USE ONLY\",\"focal_length\":false,\"iso\":false,\"shutter_speed\":false,\"flash\":false,\"title\":\"Ready to Wear Fall\\\/Winter 2015-2016\",\"keywords\":\"2015-2016,Fall\\\/Winter,RTW\",\"width\":669,\"height\":1000,\"saved\":true,\"thumbnail\":{\"width\":220,\"height\":220,\"ewww_image_optimizer\":\"Reduced by 8.3% (2.9&nbsp;kB)\"},\"webview\":{\"0\":669,\"1\":1000,\"2\":2,\"3\":\"width=\\\"669\\\" height=\\\"1000\\\"\",\"bits\":8,\"channels\":3,\"mime\":\"image\\\/jpeg\",\"ewww_image_optimizer\":\"Reduced by 5.6% (7.2&nbsp;kB) - Previously Optimized\"},\"0\":false,\"ewww_image_optimizer\":\"Reduced by 4.1% (7.1&nbsp;kB)\",\"views\":\"0\",\"likes\":\"0\"},\"title\":\"Ready to Wear Fall\\\/Winter 2015-2016\",\"description\":\"<p>Ready to Wear Fall\\\/Winter 2015-2016<\\\/p>\",\"link\":null,\"link_target\":\"\",\"download\":\"https:\\\/\\\/bobvarela.com\\\/wp-content\\\/flagallery\\\/miriam-ponsa-coleccion-exilio\\\/miriam-ponsa-036.jpg\",\"ratio\":0.669000000000000039079850466805510222911834716796875},{\"id\":\"19610\",\"image\":\"https:\\\/\\\/bobvarela.com\\\/wp-content\\\/flagallery\\\/miriam-ponsa-coleccion-exilio\\\/webview\\\/miriam-ponsa-037.jpg\",\"thumb\":\"https:\\\/\\\/bobvarela.com\\\/wp-content\\\/flagallery\\\/miriam-ponsa-coleccion-exilio\\\/thumbs\\\/thumbs_miriam-ponsa-037.jpg\",\"file\":\"miriam-ponsa-037.jpg\",\"meta\":{\"aperture\":false,\"credit\":false,\"camera\":false,\"caption\":\"Ready to Wear Fall\\\/Winter 2015-2016\",\"created_timestamp\":\"February 3, 2015 5:12 pm\",\"copyright\":\"\\u00c2\\u00a9 2015 Estrop-Barcelona PHOTOGRAPH FOR EDITORIAL USE ONLY\",\"focal_length\":false,\"iso\":false,\"shutter_speed\":false,\"flash\":false,\"title\":\"Ready to Wear Fall\\\/Winter 2015-2016\",\"keywords\":\"2015-2016,Fall\\\/Winter,RTW\",\"width\":669,\"height\":1000,\"saved\":true,\"thumbnail\":{\"width\":220,\"height\":220,\"ewww_image_optimizer\":\"Reduced by 7.3% (2.5&nbsp;kB)\"},\"webview\":{\"0\":669,\"1\":1000,\"2\":2,\"3\":\"width=\\\"669\\\" height=\\\"1000\\\"\",\"bits\":8,\"channels\":3,\"mime\":\"image\\\/jpeg\",\"ewww_image_optimizer\":\"Reduced by 7.1% (9.2&nbsp;kB) - Previously Optimized\"},\"0\":false,\"ewww_image_optimizer\":\"Reduced by 5.5% (9.2&nbsp;kB)\",\"views\":\"0\",\"likes\":\"0\"},\"title\":\"Ready to Wear Fall\\\/Winter 2015-2016\",\"description\":\"<p>Ready to Wear Fall\\\/Winter 2015-2016<\\\/p>\",\"link\":null,\"link_target\":\"\",\"download\":\"https:\\\/\\\/bobvarela.com\\\/wp-content\\\/flagallery\\\/miriam-ponsa-coleccion-exilio\\\/miriam-ponsa-037.jpg\",\"ratio\":0.669000000000000039079850466805510222911834716796875},{\"id\":\"19611\",\"image\":\"https:\\\/\\\/bobvarela.com\\\/wp-content\\\/flagallery\\\/miriam-ponsa-coleccion-exilio\\\/webview\\\/miriam-ponsa-038.jpg\",\"thumb\":\"https:\\\/\\\/bobvarela.com\\\/wp-content\\\/flagallery\\\/miriam-ponsa-coleccion-exilio\\\/thumbs\\\/thumbs_miriam-ponsa-038.jpg\",\"file\":\"miriam-ponsa-038.jpg\",\"meta\":{\"aperture\":false,\"credit\":false,\"camera\":false,\"caption\":\"Ready to Wear Fall\\\/Winter 2015-2016\",\"created_timestamp\":\"February 3, 2015 5:12 pm\",\"copyright\":\"\\u00c2\\u00a9 2015 Estrop-Barcelona PHOTOGRAPH FOR EDITORIAL USE ONLY\",\"focal_length\":false,\"iso\":false,\"shutter_speed\":false,\"flash\":false,\"title\":\"Ready to Wear Fall\\\/Winter 2015-2016\",\"keywords\":\"2015-2016,Fall\\\/Winter,RTW\",\"width\":669,\"height\":1000,\"saved\":true,\"thumbnail\":{\"width\":220,\"height\":220,\"ewww_image_optimizer\":\"Reduced by 9.7% (2.8&nbsp;kB)\"},\"webview\":{\"0\":669,\"1\":1000,\"2\":2,\"3\":\"width=\\\"669\\\" height=\\\"1000\\\"\",\"bits\":8,\"channels\":3,\"mime\":\"image\\\/jpeg\",\"ewww_image_optimizer\":\"Reduced by 4.6% (3.7&nbsp;kB) - Previously Optimized\"},\"0\":false,\"ewww_image_optimizer\":\"Reduced by 4.3% (7.3&nbsp;kB)\",\"views\":\"0\",\"likes\":\"0\"},\"title\":\"Ready to Wear Fall\\\/Winter 2015-2016\",\"description\":\"<p>Ready to Wear Fall\\\/Winter 2015-2016<\\\/p>\",\"link\":null,\"link_target\":\"\",\"download\":\"https:\\\/\\\/bobvarela.com\\\/wp-content\\\/flagallery\\\/miriam-ponsa-coleccion-exilio\\\/miriam-ponsa-038.jpg\",\"ratio\":0.669000000000000039079850466805510222911834716796875},{\"id\":\"19612\",\"image\":\"https:\\\/\\\/bobvarela.com\\\/wp-content\\\/flagallery\\\/miriam-ponsa-coleccion-exilio\\\/webview\\\/miriam-ponsa-039.jpg\",\"thumb\":\"https:\\\/\\\/bobvarela.com\\\/wp-content\\\/flagallery\\\/miriam-ponsa-coleccion-exilio\\\/thumbs\\\/thumbs_miriam-ponsa-039.jpg\",\"file\":\"miriam-ponsa-039.jpg\",\"meta\":{\"aperture\":false,\"credit\":false,\"camera\":false,\"caption\":\"Ready to Wear Fall\\\/Winter 2015-2016\",\"created_timestamp\":\"February 3, 2015 5:12 pm\",\"copyright\":\"\\u00c2\\u00a9 2015 Estrop-Barcelona PHOTOGRAPH FOR EDITORIAL USE ONLY\",\"focal_length\":false,\"iso\":false,\"shutter_speed\":false,\"flash\":false,\"title\":\"Ready to Wear Fall\\\/Winter 2015-2016\",\"keywords\":\"2015-2016,Fall\\\/Winter,RTW\",\"width\":669,\"height\":1000,\"saved\":true,\"thumbnail\":{\"width\":220,\"height\":220,\"ewww_image_optimizer\":\"Reduced by 8.5% (2.7&nbsp;kB)\"},\"webview\":{\"0\":669,\"1\":1000,\"2\":2,\"3\":\"width=\\\"669\\\" height=\\\"1000\\\"\",\"bits\":8,\"channels\":3,\"mime\":\"image\\\/jpeg\",\"ewww_image_optimizer\":\"Reduced by 6.3% (5.8&nbsp;kB) - Previously Optimized\"},\"0\":false,\"ewww_image_optimizer\":\"Reduced by 4.8% (9.1&nbsp;kB)\",\"views\":\"1\",\"likes\":\"0\"},\"title\":\"Ready to Wear Fall\\\/Winter 2015-2016\",\"description\":\"<p>Ready to Wear Fall\\\/Winter 2015-2016<\\\/p>\",\"link\":null,\"link_target\":\"\",\"download\":\"https:\\\/\\\/bobvarela.com\\\/wp-content\\\/flagallery\\\/miriam-ponsa-coleccion-exilio\\\/miriam-ponsa-039.jpg\",\"ratio\":0.669000000000000039079850466805510222911834716796875},{\"id\":\"19613\",\"image\":\"https:\\\/\\\/bobvarela.com\\\/wp-content\\\/flagallery\\\/miriam-ponsa-coleccion-exilio\\\/webview\\\/miriam-ponsa-040.jpg\",\"thumb\":\"https:\\\/\\\/bobvarela.com\\\/wp-content\\\/flagallery\\\/miriam-ponsa-coleccion-exilio\\\/thumbs\\\/thumbs_miriam-ponsa-040.jpg\",\"file\":\"miriam-ponsa-040.jpg\",\"meta\":{\"aperture\":false,\"credit\":false,\"camera\":false,\"caption\":\"Ready to Wear Fall\\\/Winter 2015-2016\",\"created_timestamp\":\"February 3, 2015 5:12 pm\",\"copyright\":\"\\u00c2\\u00a9 2015 Estrop-Barcelona PHOTOGRAPH FOR EDITORIAL USE ONLY\",\"focal_length\":false,\"iso\":false,\"shutter_speed\":false,\"flash\":false,\"title\":\"Ready to Wear Fall\\\/Winter 2015-2016\",\"keywords\":\"2015-2016,Fall\\\/Winter,RTW\",\"width\":669,\"height\":1000,\"saved\":true,\"thumbnail\":{\"width\":220,\"height\":220,\"ewww_image_optimizer\":\"Reduced by 6.3% (2.2&nbsp;kB)\"},\"webview\":{\"0\":669,\"1\":1000,\"2\":2,\"3\":\"width=\\\"669\\\" height=\\\"1000\\\"\",\"bits\":8,\"channels\":3,\"mime\":\"image\\\/jpeg\",\"ewww_image_optimizer\":\"Reduced by 8.6% (12.5&nbsp;kB) - Previously Optimized\"},\"0\":false,\"ewww_image_optimizer\":\"Reduced by 5.7% (10.7&nbsp;kB)\",\"views\":\"0\",\"likes\":\"0\"},\"title\":\"Ready to Wear Fall\\\/Winter 2015-2016\",\"description\":\"<p>Ready to Wear Fall\\\/Winter 2015-2016<\\\/p>\",\"link\":null,\"link_target\":\"\",\"download\":\"https:\\\/\\\/bobvarela.com\\\/wp-content\\\/flagallery\\\/miriam-ponsa-coleccion-exilio\\\/miriam-ponsa-040.jpg\",\"ratio\":0.669000000000000039079850466805510222911834716796875},{\"id\":\"19614\",\"image\":\"https:\\\/\\\/bobvarela.com\\\/wp-content\\\/flagallery\\\/miriam-ponsa-coleccion-exilio\\\/webview\\\/miriam-ponsa-041.jpg\",\"thumb\":\"https:\\\/\\\/bobvarela.com\\\/wp-content\\\/flagallery\\\/miriam-ponsa-coleccion-exilio\\\/thumbs\\\/thumbs_miriam-ponsa-041.jpg\",\"file\":\"miriam-ponsa-041.jpg\",\"meta\":{\"aperture\":false,\"credit\":false,\"camera\":false,\"caption\":\"Ready to Wear Fall\\\/Winter 2015-2016\",\"created_timestamp\":\"February 3, 2015 5:12 pm\",\"copyright\":\"\\u00c2\\u00a9 2015 Estrop-Barcelona PHOTOGRAPH FOR EDITORIAL USE ONLY\",\"focal_length\":false,\"iso\":false,\"shutter_speed\":false,\"flash\":false,\"title\":\"Ready to Wear Fall\\\/Winter 2015-2016\",\"keywords\":\"2015-2016,Fall\\\/Winter,RTW\",\"width\":669,\"height\":1000,\"saved\":true,\"thumbnail\":{\"width\":220,\"height\":220,\"ewww_image_optimizer\":\"Reduced by 10.2% (3.0&nbsp;kB)\"},\"webview\":{\"0\":669,\"1\":1000,\"2\":2,\"3\":\"width=\\\"669\\\" height=\\\"1000\\\"\",\"bits\":8,\"channels\":3,\"mime\":\"image\\\/jpeg\",\"ewww_image_optimizer\":\"Reduced by 4.1% (4.3&nbsp;kB) - Previously Optimized\"},\"0\":false,\"ewww_image_optimizer\":\"Reduced by 5.0% (9.5&nbsp;kB)\",\"views\":\"0\",\"likes\":\"0\"},\"title\":\"Ready to Wear Fall\\\/Winter 2015-2016\",\"description\":\"<p>Ready to Wear Fall\\\/Winter 2015-2016<\\\/p>\",\"link\":null,\"link_target\":\"\",\"download\":\"https:\\\/\\\/bobvarela.com\\\/wp-content\\\/flagallery\\\/miriam-ponsa-coleccion-exilio\\\/miriam-ponsa-041.jpg\",\"ratio\":0.669000000000000039079850466805510222911834716796875},{\"id\":\"19615\",\"image\":\"https:\\\/\\\/bobvarela.com\\\/wp-content\\\/flagallery\\\/miriam-ponsa-coleccion-exilio\\\/webview\\\/miriam-ponsa-042.jpg\",\"thumb\":\"https:\\\/\\\/bobvarela.com\\\/wp-content\\\/flagallery\\\/miriam-ponsa-coleccion-exilio\\\/thumbs\\\/thumbs_miriam-ponsa-042.jpg\",\"file\":\"miriam-ponsa-042.jpg\",\"meta\":{\"aperture\":false,\"credit\":false,\"camera\":false,\"caption\":\"Ready to Wear Fall\\\/Winter 2015-2016\",\"created_timestamp\":\"February 3, 2015 5:12 pm\",\"copyright\":\"\\u00c2\\u00a9 2015 Estrop-Barcelona PHOTOGRAPH FOR EDITORIAL USE ONLY\",\"focal_length\":false,\"iso\":false,\"shutter_speed\":false,\"flash\":false,\"title\":\"Ready to Wear Fall\\\/Winter 2015-2016\",\"keywords\":\"2015-2016,Fall\\\/Winter,RTW\",\"width\":669,\"height\":1000,\"saved\":true,\"thumbnail\":{\"width\":220,\"height\":220,\"ewww_image_optimizer\":\"Reduced by 10.2% (3.3&nbsp;kB)\"},\"webview\":{\"0\":669,\"1\":1000,\"2\":2,\"3\":\"width=\\\"669\\\" height=\\\"1000\\\"\",\"bits\":8,\"channels\":3,\"mime\":\"image\\\/jpeg\",\"ewww_image_optimizer\":\"Reduced by 5.8% (7.9&nbsp;kB) - Previously Optimized\"},\"0\":false,\"ewww_image_optimizer\":\"Reduced by 7.7% (12.6&nbsp;kB)\",\"views\":\"1\",\"likes\":\"0\"},\"title\":\"Ready to Wear Fall\\\/Winter 2015-2016\",\"description\":\"<p>Ready to Wear Fall\\\/Winter 2015-2016<\\\/p>\",\"link\":null,\"link_target\":\"\",\"download\":\"https:\\\/\\\/bobvarela.com\\\/wp-content\\\/flagallery\\\/miriam-ponsa-coleccion-exilio\\\/miriam-ponsa-042.jpg\",\"ratio\":0.669000000000000039079850466805510222911834716796875},{\"id\":\"19616\",\"image\":\"https:\\\/\\\/bobvarela.com\\\/wp-content\\\/flagallery\\\/miriam-ponsa-coleccion-exilio\\\/webview\\\/miriam-ponsa-043.jpg\",\"thumb\":\"https:\\\/\\\/bobvarela.com\\\/wp-content\\\/flagallery\\\/miriam-ponsa-coleccion-exilio\\\/thumbs\\\/thumbs_miriam-ponsa-043.jpg\",\"file\":\"miriam-ponsa-043.jpg\",\"meta\":{\"aperture\":false,\"credit\":false,\"camera\":false,\"caption\":\"Ready to Wear Fall\\\/Winter 2015-2016\",\"created_timestamp\":\"February 3, 2015 5:13 pm\",\"copyright\":\"\\u00c2\\u00a9 2015 Estrop-Barcelona PHOTOGRAPH FOR EDITORIAL USE ONLY\",\"focal_length\":false,\"iso\":false,\"shutter_speed\":false,\"flash\":false,\"title\":\"Ready to Wear Fall\\\/Winter 2015-2016\",\"keywords\":\"2015-2016,Fall\\\/Winter,RTW\",\"width\":669,\"height\":1000,\"saved\":true,\"thumbnail\":{\"width\":220,\"height\":220,\"ewww_image_optimizer\":\"Reduced by 8.8% (2.3&nbsp;kB)\"},\"webview\":{\"0\":669,\"1\":1000,\"2\":2,\"3\":\"width=\\\"669\\\" height=\\\"1000\\\"\",\"bits\":8,\"channels\":3,\"mime\":\"image\\\/jpeg\",\"ewww_image_optimizer\":\"Reduced by 5.2% (3.8&nbsp;kB) - Previously Optimized\"},\"0\":false,\"ewww_image_optimizer\":\"Reduced by 4.2% (6.4&nbsp;kB)\",\"views\":\"0\",\"likes\":\"0\"},\"title\":\"Ready to Wear Fall\\\/Winter 2015-2016\",\"description\":\"<p>Ready to Wear Fall\\\/Winter 2015-2016<\\\/p>\",\"link\":null,\"link_target\":\"\",\"download\":\"https:\\\/\\\/bobvarela.com\\\/wp-content\\\/flagallery\\\/miriam-ponsa-coleccion-exilio\\\/miriam-ponsa-043.jpg\",\"ratio\":0.669000000000000039079850466805510222911834716796875},{\"id\":\"19617\",\"image\":\"https:\\\/\\\/bobvarela.com\\\/wp-content\\\/flagallery\\\/miriam-ponsa-coleccion-exilio\\\/webview\\\/miriam-ponsa-044.jpg\",\"thumb\":\"https:\\\/\\\/bobvarela.com\\\/wp-content\\\/flagallery\\\/miriam-ponsa-coleccion-exilio\\\/thumbs\\\/thumbs_miriam-ponsa-044.jpg\",\"file\":\"miriam-ponsa-044.jpg\",\"meta\":{\"aperture\":false,\"credit\":false,\"camera\":false,\"caption\":\"Ready to Wear Fall\\\/Winter 2015-2016\",\"created_timestamp\":\"February 3, 2015 5:13 pm\",\"copyright\":\"\\u00c2\\u00a9 2015 Estrop-Barcelona PHOTOGRAPH FOR EDITORIAL USE ONLY\",\"focal_length\":false,\"iso\":false,\"shutter_speed\":false,\"flash\":false,\"title\":\"Ready to Wear Fall\\\/Winter 2015-2016\",\"keywords\":\"2015-2016,Fall\\\/Winter,RTW\",\"width\":669,\"height\":1000,\"saved\":true,\"thumbnail\":{\"width\":220,\"height\":220,\"ewww_image_optimizer\":\"Reduced by 10.8% (3.0&nbsp;kB)\"},\"webview\":{\"0\":669,\"1\":1000,\"2\":2,\"3\":\"width=\\\"669\\\" height=\\\"1000\\\"\",\"bits\":8,\"channels\":3,\"mime\":\"image\\\/jpeg\",\"ewww_image_optimizer\":\"Reduced by 5.3% (5.3&nbsp;kB) - Previously Optimized\"},\"0\":false,\"ewww_image_optimizer\":\"Reduced by 5.3% (9.6&nbsp;kB)\",\"views\":\"0\",\"likes\":\"0\"},\"title\":\"Ready to Wear Fall\\\/Winter 2015-2016\",\"description\":\"<p>Ready to Wear Fall\\\/Winter 2015-2016<\\\/p>\",\"link\":null,\"link_target\":\"\",\"download\":\"https:\\\/\\\/bobvarela.com\\\/wp-content\\\/flagallery\\\/miriam-ponsa-coleccion-exilio\\\/miriam-ponsa-044.jpg\",\"ratio\":0.669000000000000039079850466805510222911834716796875},{\"id\":\"19618\",\"image\":\"https:\\\/\\\/bobvarela.com\\\/wp-content\\\/flagallery\\\/miriam-ponsa-coleccion-exilio\\\/webview\\\/miriam-ponsa-045.jpg\",\"thumb\":\"https:\\\/\\\/bobvarela.com\\\/wp-content\\\/flagallery\\\/miriam-ponsa-coleccion-exilio\\\/thumbs\\\/thumbs_miriam-ponsa-045.jpg\",\"file\":\"miriam-ponsa-045.jpg\",\"meta\":{\"aperture\":false,\"credit\":false,\"camera\":false,\"caption\":\"Ready to Wear Fall\\\/Winter 2015-2016\",\"created_timestamp\":\"February 3, 2015 5:13 pm\",\"copyright\":\"\\u00c2\\u00a9 2015 Estrop-Barcelona PHOTOGRAPH FOR EDITORIAL USE ONLY\",\"focal_length\":false,\"iso\":false,\"shutter_speed\":false,\"flash\":false,\"title\":\"Ready to Wear Fall\\\/Winter 2015-2016\",\"keywords\":\"2015-2016,Fall\\\/Winter,RTW\",\"width\":669,\"height\":1000,\"saved\":true,\"thumbnail\":{\"width\":220,\"height\":220,\"ewww_image_optimizer\":\"Reduced by 6.6% (2.0&nbsp;kB)\"},\"webview\":{\"0\":669,\"1\":1000,\"2\":2,\"3\":\"width=\\\"669\\\" height=\\\"1000\\\"\",\"bits\":8,\"channels\":3,\"mime\":\"image\\\/jpeg\",\"ewww_image_optimizer\":\"Reduced by 6.4% (8.1&nbsp;kB) - Previously Optimized\"},\"0\":false,\"ewww_image_optimizer\":\"Reduced by 3.8% (6.5&nbsp;kB)\",\"views\":\"0\",\"likes\":\"0\"},\"title\":\"Ready to Wear Fall\\\/Winter 2015-2016\",\"description\":\"<p>Ready to Wear Fall\\\/Winter 2015-2016<\\\/p>\",\"link\":null,\"link_target\":\"\",\"download\":\"https:\\\/\\\/bobvarela.com\\\/wp-content\\\/flagallery\\\/miriam-ponsa-coleccion-exilio\\\/miriam-ponsa-045.jpg\",\"ratio\":0.669000000000000039079850466805510222911834716796875},{\"id\":\"19619\",\"image\":\"https:\\\/\\\/bobvarela.com\\\/wp-content\\\/flagallery\\\/miriam-ponsa-coleccion-exilio\\\/webview\\\/miriam-ponsa-046.jpg\",\"thumb\":\"https:\\\/\\\/bobvarela.com\\\/wp-content\\\/flagallery\\\/miriam-ponsa-coleccion-exilio\\\/thumbs\\\/thumbs_miriam-ponsa-046.jpg\",\"file\":\"miriam-ponsa-046.jpg\",\"meta\":{\"aperture\":false,\"credit\":false,\"camera\":false,\"caption\":\"Ready to Wear Fall\\\/Winter 2015-2016\",\"created_timestamp\":\"February 3, 2015 5:13 pm\",\"copyright\":\"\\u00c2\\u00a9 2015 Estrop-Barcelona PHOTOGRAPH FOR EDITORIAL USE ONLY\",\"focal_length\":false,\"iso\":false,\"shutter_speed\":false,\"flash\":false,\"title\":\"Ready to Wear Fall\\\/Winter 2015-2016\",\"keywords\":\"2015-2016,Fall\\\/Winter,RTW\",\"width\":669,\"height\":1000,\"saved\":true,\"thumbnail\":{\"width\":220,\"height\":220,\"ewww_image_optimizer\":\"Reduced by 7.3% (2.4&nbsp;kB)\"},\"webview\":{\"0\":669,\"1\":1000,\"2\":2,\"3\":\"width=\\\"669\\\" height=\\\"1000\\\"\",\"bits\":8,\"channels\":3,\"mime\":\"image\\\/jpeg\",\"ewww_image_optimizer\":\"Reduced by 5.1% (9.0&nbsp;kB) - Previously Optimized\"},\"0\":false,\"ewww_image_optimizer\":\"Reduced by 5.6% (9.7&nbsp;kB)\",\"views\":\"0\",\"likes\":\"0\"},\"title\":\"Ready to Wear Fall\\\/Winter 2015-2016\",\"description\":\"<p>Ready to Wear Fall\\\/Winter 2015-2016<\\\/p>\",\"link\":null,\"link_target\":\"\",\"download\":\"https:\\\/\\\/bobvarela.com\\\/wp-content\\\/flagallery\\\/miriam-ponsa-coleccion-exilio\\\/miriam-ponsa-046.jpg\",\"ratio\":0.669000000000000039079850466805510222911834716796875},{\"id\":\"19620\",\"image\":\"https:\\\/\\\/bobvarela.com\\\/wp-content\\\/flagallery\\\/miriam-ponsa-coleccion-exilio\\\/webview\\\/miriam-ponsa-047.jpg\",\"thumb\":\"https:\\\/\\\/bobvarela.com\\\/wp-content\\\/flagallery\\\/miriam-ponsa-coleccion-exilio\\\/thumbs\\\/thumbs_miriam-ponsa-047.jpg\",\"file\":\"miriam-ponsa-047.jpg\",\"meta\":{\"aperture\":false,\"credit\":false,\"camera\":false,\"caption\":\"Ready to Wear Fall\\\/Winter 2015-2016\",\"created_timestamp\":\"February 3, 2015 5:13 pm\",\"copyright\":\"\\u00c2\\u00a9 2015 Estrop-Barcelona PHOTOGRAPH FOR EDITORIAL USE ONLY\",\"focal_length\":false,\"iso\":false,\"shutter_speed\":false,\"flash\":false,\"title\":\"Ready to Wear Fall\\\/Winter 2015-2016\",\"keywords\":\"2015-2016,Fall\\\/Winter,RTW\",\"width\":669,\"height\":1000,\"saved\":true,\"thumbnail\":{\"width\":220,\"height\":220,\"ewww_image_optimizer\":\"Reduced by 9.4% (2.6&nbsp;kB)\"},\"webview\":{\"0\":669,\"1\":1000,\"2\":2,\"3\":\"width=\\\"669\\\" height=\\\"1000\\\"\",\"bits\":8,\"channels\":3,\"mime\":\"image\\\/jpeg\",\"ewww_image_optimizer\":\"Reduced by 4.6% (3.4&nbsp;kB) - Previously Optimized\"},\"0\":false,\"ewww_image_optimizer\":\"Reduced by 4.0% (6.2&nbsp;kB)\",\"views\":\"0\",\"likes\":\"0\"},\"title\":\"Ready to Wear Fall\\\/Winter 2015-2016\",\"description\":\"<p>Ready to Wear Fall\\\/Winter 2015-2016<\\\/p>\",\"link\":null,\"link_target\":\"\",\"download\":\"https:\\\/\\\/bobvarela.com\\\/wp-content\\\/flagallery\\\/miriam-ponsa-coleccion-exilio\\\/miriam-ponsa-047.jpg\",\"ratio\":0.669000000000000039079850466805510222911834716796875},{\"id\":\"19621\",\"image\":\"https:\\\/\\\/bobvarela.com\\\/wp-content\\\/flagallery\\\/miriam-ponsa-coleccion-exilio\\\/webview\\\/miriam-ponsa-048.jpg\",\"thumb\":\"https:\\\/\\\/bobvarela.com\\\/wp-content\\\/flagallery\\\/miriam-ponsa-coleccion-exilio\\\/thumbs\\\/thumbs_miriam-ponsa-048.jpg\",\"file\":\"miriam-ponsa-048.jpg\",\"meta\":{\"aperture\":false,\"credit\":false,\"camera\":false,\"caption\":\"Ready to Wear Fall\\\/Winter 2015-2016\",\"created_timestamp\":\"February 3, 2015 5:13 pm\",\"copyright\":\"\\u00c2\\u00a9 2015 Estrop-Barcelona PHOTOGRAPH FOR EDITORIAL USE ONLY\",\"focal_length\":false,\"iso\":false,\"shutter_speed\":false,\"flash\":false,\"title\":\"Ready to Wear Fall\\\/Winter 2015-2016\",\"keywords\":\"2015-2016,Fall\\\/Winter,RTW\",\"width\":669,\"height\":1000,\"saved\":true,\"thumbnail\":{\"width\":220,\"height\":220,\"ewww_image_optimizer\":\"Reduced by 8.3% (2.4&nbsp;kB)\"},\"webview\":{\"0\":669,\"1\":1000,\"2\":2,\"3\":\"width=\\\"669\\\" height=\\\"1000\\\"\",\"bits\":8,\"channels\":3,\"mime\":\"image\\\/jpeg\",\"ewww_image_optimizer\":\"Reduced by 5.5% (4.6&nbsp;kB) - Previously Optimized\"},\"0\":false,\"ewww_image_optimizer\":\"Reduced by 5.0% (8.5&nbsp;kB)\",\"views\":\"0\",\"likes\":\"0\"},\"title\":\"Ready to Wear Fall\\\/Winter 2015-2016\",\"description\":\"<p>Ready to Wear Fall\\\/Winter 2015-2016<\\\/p>\",\"link\":null,\"link_target\":\"\",\"download\":\"https:\\\/\\\/bobvarela.com\\\/wp-content\\\/flagallery\\\/miriam-ponsa-coleccion-exilio\\\/miriam-ponsa-048.jpg\",\"ratio\":0.669000000000000039079850466805510222911834716796875},{\"id\":\"19622\",\"image\":\"https:\\\/\\\/bobvarela.com\\\/wp-content\\\/flagallery\\\/miriam-ponsa-coleccion-exilio\\\/webview\\\/miriam-ponsa-049.jpg\",\"thumb\":\"https:\\\/\\\/bobvarela.com\\\/wp-content\\\/flagallery\\\/miriam-ponsa-coleccion-exilio\\\/thumbs\\\/thumbs_miriam-ponsa-049.jpg\",\"file\":\"miriam-ponsa-049.jpg\",\"meta\":{\"aperture\":false,\"credit\":false,\"camera\":false,\"caption\":\"Ready to Wear Fall\\\/Winter 2015-2016\",\"created_timestamp\":\"February 3, 2015 5:13 pm\",\"copyright\":\"\\u00c2\\u00a9 2015 Estrop-Barcelona PHOTOGRAPH FOR EDITORIAL USE ONLY\",\"focal_length\":false,\"iso\":false,\"shutter_speed\":false,\"flash\":false,\"title\":\"Ready to Wear Fall\\\/Winter 2015-2016\",\"keywords\":\"2015-2016,Fall\\\/Winter,RTW\",\"width\":669,\"height\":1000,\"saved\":true,\"thumbnail\":{\"width\":220,\"height\":220,\"ewww_image_optimizer\":\"Reduced by 10.1% (3.1&nbsp;kB)\"},\"webview\":{\"0\":669,\"1\":1000,\"2\":2,\"3\":\"width=\\\"669\\\" height=\\\"1000\\\"\",\"bits\":8,\"channels\":3,\"mime\":\"image\\\/jpeg\",\"ewww_image_optimizer\":\"Reduced by 5.2% (5.2&nbsp;kB) - Previously Optimized\"},\"0\":false,\"ewww_image_optimizer\":\"Reduced by 4.4% (8.1&nbsp;kB)\",\"views\":\"0\",\"likes\":\"0\"},\"title\":\"Ready to Wear Fall\\\/Winter 2015-2016\",\"description\":\"<p>Ready to Wear Fall\\\/Winter 2015-2016<\\\/p>\",\"link\":null,\"link_target\":\"\",\"download\":\"https:\\\/\\\/bobvarela.com\\\/wp-content\\\/flagallery\\\/miriam-ponsa-coleccion-exilio\\\/miriam-ponsa-049.jpg\",\"ratio\":0.669000000000000039079850466805510222911834716796875},{\"id\":\"19623\",\"image\":\"https:\\\/\\\/bobvarela.com\\\/wp-content\\\/flagallery\\\/miriam-ponsa-coleccion-exilio\\\/webview\\\/miriam-ponsa-050.jpg\",\"thumb\":\"https:\\\/\\\/bobvarela.com\\\/wp-content\\\/flagallery\\\/miriam-ponsa-coleccion-exilio\\\/thumbs\\\/thumbs_miriam-ponsa-050.jpg\",\"file\":\"miriam-ponsa-050.jpg\",\"meta\":{\"aperture\":false,\"credit\":false,\"camera\":false,\"caption\":\"Ready to Wear Fall\\\/Winter 2015-2016\",\"created_timestamp\":\"February 3, 2015 5:13 pm\",\"copyright\":\"\\u00c2\\u00a9 2015 Estrop-Barcelona PHOTOGRAPH FOR EDITORIAL USE ONLY\",\"focal_length\":false,\"iso\":false,\"shutter_speed\":false,\"flash\":false,\"title\":\"Ready to Wear Fall\\\/Winter 2015-2016\",\"keywords\":\"2015-2016,Fall\\\/Winter,RTW\",\"width\":669,\"height\":1000,\"saved\":true,\"thumbnail\":{\"width\":220,\"height\":220,\"ewww_image_optimizer\":\"Reduced by 9.6% (3.4&nbsp;kB)\"},\"webview\":{\"0\":669,\"1\":1000,\"2\":2,\"3\":\"width=\\\"669\\\" height=\\\"1000\\\"\",\"bits\":8,\"channels\":3,\"mime\":\"image\\\/jpeg\",\"ewww_image_optimizer\":\"Reduced by 6.1% (8.9&nbsp;kB) - Previously Optimized\"},\"0\":false,\"ewww_image_optimizer\":\"Reduced by 7.9% (13.6&nbsp;kB)\",\"views\":\"0\",\"likes\":\"0\"},\"title\":\"Ready to Wear Fall\\\/Winter 2015-2016\",\"description\":\"<p>Ready to Wear Fall\\\/Winter 2015-2016<\\\/p>\",\"link\":null,\"link_target\":\"\",\"download\":\"https:\\\/\\\/bobvarela.com\\\/wp-content\\\/flagallery\\\/miriam-ponsa-coleccion-exilio\\\/miriam-ponsa-050.jpg\",\"ratio\":0.669000000000000039079850466805510222911834716796875},{\"id\":\"19624\",\"image\":\"https:\\\/\\\/bobvarela.com\\\/wp-content\\\/flagallery\\\/miriam-ponsa-coleccion-exilio\\\/webview\\\/miriam-ponsa-051.jpg\",\"thumb\":\"https:\\\/\\\/bobvarela.com\\\/wp-content\\\/flagallery\\\/miriam-ponsa-coleccion-exilio\\\/thumbs\\\/thumbs_miriam-ponsa-051.jpg\",\"file\":\"miriam-ponsa-051.jpg\",\"meta\":{\"aperture\":false,\"credit\":false,\"camera\":false,\"caption\":\"Ready to Wear Fall\\\/Winter 2015-2016\",\"created_timestamp\":\"February 3, 2015 5:13 pm\",\"copyright\":\"\\u00c2\\u00a9 2015 Estrop-Barcelona PHOTOGRAPH FOR EDITORIAL USE ONLY\",\"focal_length\":false,\"iso\":false,\"shutter_speed\":false,\"flash\":false,\"title\":\"Ready to Wear Fall\\\/Winter 2015-2016\",\"keywords\":\"2015-2016,Fall\\\/Winter,RTW\",\"width\":669,\"height\":1000,\"saved\":true,\"thumbnail\":{\"width\":220,\"height\":220,\"ewww_image_optimizer\":\"Reduced by 11.8% (4.9&nbsp;kB)\"},\"webview\":{\"0\":669,\"1\":1000,\"2\":2,\"3\":\"width=\\\"669\\\" height=\\\"1000\\\"\",\"bits\":8,\"channels\":3,\"mime\":\"image\\\/jpeg\",\"ewww_image_optimizer\":\"Reduced by 11.5% (24.5&nbsp;kB) - Previously Optimized\"},\"0\":false,\"ewww_image_optimizer\":\"Reduced by 11.0% (21.8&nbsp;kB)\",\"views\":\"0\",\"likes\":\"0\"},\"title\":\"Ready to Wear Fall\\\/Winter 2015-2016\",\"description\":\"<p>Ready to Wear Fall\\\/Winter 2015-2016<\\\/p>\",\"link\":null,\"link_target\":\"\",\"download\":\"https:\\\/\\\/bobvarela.com\\\/wp-content\\\/flagallery\\\/miriam-ponsa-coleccion-exilio\\\/miriam-ponsa-051.jpg\",\"ratio\":0.669000000000000039079850466805510222911834716796875},{\"id\":\"19625\",\"image\":\"https:\\\/\\\/bobvarela.com\\\/wp-content\\\/flagallery\\\/miriam-ponsa-coleccion-exilio\\\/webview\\\/miriam-ponsa-052.jpg\",\"thumb\":\"https:\\\/\\\/bobvarela.com\\\/wp-content\\\/flagallery\\\/miriam-ponsa-coleccion-exilio\\\/thumbs\\\/thumbs_miriam-ponsa-052.jpg\",\"file\":\"miriam-ponsa-052.jpg\",\"meta\":{\"aperture\":false,\"credit\":false,\"camera\":false,\"caption\":\"Ready to Wear Fall\\\/Winter 2015-2016\",\"created_timestamp\":\"February 3, 2015 5:13 pm\",\"copyright\":\"\\u00c2\\u00a9 2015 Estrop-Barcelona PHOTOGRAPH FOR EDITORIAL USE ONLY\",\"focal_length\":false,\"iso\":false,\"shutter_speed\":false,\"flash\":false,\"title\":\"Ready to Wear Fall\\\/Winter 2015-2016\",\"keywords\":\"2015-2016,Fall\\\/Winter,RTW\",\"width\":669,\"height\":1000,\"saved\":true,\"thumbnail\":{\"width\":220,\"height\":220,\"ewww_image_optimizer\":\"Reduced by 8.5% (2.4&nbsp;kB)\"},\"webview\":{\"0\":669,\"1\":1000,\"2\":2,\"3\":\"width=\\\"669\\\" height=\\\"1000\\\"\",\"bits\":8,\"channels\":3,\"mime\":\"image\\\/jpeg\",\"ewww_image_optimizer\":\"Reduced by 5.0% (4.2&nbsp;kB) - Previously Optimized\"},\"0\":false,\"ewww_image_optimizer\":\"Reduced by 4.4% (7.3&nbsp;kB)\",\"views\":\"0\",\"likes\":\"0\"},\"title\":\"Ready to Wear Fall\\\/Winter 2015-2016\",\"description\":\"<p>Ready to Wear Fall\\\/Winter 2015-2016<\\\/p>\",\"link\":null,\"link_target\":\"\",\"download\":\"https:\\\/\\\/bobvarela.com\\\/wp-content\\\/flagallery\\\/miriam-ponsa-coleccion-exilio\\\/miriam-ponsa-052.jpg\",\"ratio\":0.669000000000000039079850466805510222911834716796875},{\"id\":\"19626\",\"image\":\"https:\\\/\\\/bobvarela.com\\\/wp-content\\\/flagallery\\\/miriam-ponsa-coleccion-exilio\\\/webview\\\/miriam-ponsa-053.jpg\",\"thumb\":\"https:\\\/\\\/bobvarela.com\\\/wp-content\\\/flagallery\\\/miriam-ponsa-coleccion-exilio\\\/thumbs\\\/thumbs_miriam-ponsa-053.jpg\",\"file\":\"miriam-ponsa-053.jpg\",\"meta\":{\"aperture\":false,\"credit\":false,\"camera\":false,\"caption\":\"Ready to Wear Fall\\\/Winter 2015-2016\",\"created_timestamp\":\"February 3, 2015 5:13 pm\",\"copyright\":\"\\u00c2\\u00a9 2015 Estrop-Barcelona PHOTOGRAPH FOR EDITORIAL USE ONLY\",\"focal_length\":false,\"iso\":false,\"shutter_speed\":false,\"flash\":false,\"title\":\"Ready to Wear Fall\\\/Winter 2015-2016\",\"keywords\":\"2015-2016,Fall\\\/Winter,RTW\",\"width\":669,\"height\":1000,\"saved\":true,\"thumbnail\":{\"width\":220,\"height\":220,\"ewww_image_optimizer\":\"Reduced by 8.2% (2.7&nbsp;kB)\"},\"webview\":{\"0\":669,\"1\":1000,\"2\":2,\"3\":\"width=\\\"669\\\" height=\\\"1000\\\"\",\"bits\":8,\"channels\":3,\"mime\":\"image\\\/jpeg\",\"ewww_image_optimizer\":\"Reduced by 6.2% (8.0&nbsp;kB) - Previously Optimized\"},\"0\":false,\"ewww_image_optimizer\":\"Reduced by 4.3% (7.5&nbsp;kB)\",\"views\":\"0\",\"likes\":\"0\"},\"title\":\"Ready to Wear Fall\\\/Winter 2015-2016\",\"description\":\"<p>Ready to Wear Fall\\\/Winter 2015-2016<\\\/p>\",\"link\":null,\"link_target\":\"\",\"download\":\"https:\\\/\\\/bobvarela.com\\\/wp-content\\\/flagallery\\\/miriam-ponsa-coleccion-exilio\\\/miriam-ponsa-053.jpg\",\"ratio\":0.669000000000000039079850466805510222911834716796875},{\"id\":\"19627\",\"image\":\"https:\\\/\\\/bobvarela.com\\\/wp-content\\\/flagallery\\\/miriam-ponsa-coleccion-exilio\\\/webview\\\/miriam-ponsa-055.jpg\",\"thumb\":\"https:\\\/\\\/bobvarela.com\\\/wp-content\\\/flagallery\\\/miriam-ponsa-coleccion-exilio\\\/thumbs\\\/thumbs_miriam-ponsa-055.jpg\",\"file\":\"miriam-ponsa-055.jpg\",\"meta\":{\"aperture\":false,\"credit\":false,\"camera\":false,\"caption\":\"Ready to Wear Fall\\\/Winter 2015-2016\",\"created_timestamp\":\"February 3, 2015 5:13 pm\",\"copyright\":\"\\u00c2\\u00a9 2015 Estrop-Barcelona PHOTOGRAPH FOR EDITORIAL USE ONLY\",\"focal_length\":false,\"iso\":false,\"shutter_speed\":false,\"flash\":false,\"title\":\"Ready to Wear Fall\\\/Winter 2015-2016\",\"keywords\":\"2015-2016,Fall\\\/Winter,RTW\",\"width\":669,\"height\":1000,\"saved\":true,\"thumbnail\":{\"width\":220,\"height\":220,\"ewww_image_optimizer\":\"Reduced by 8.8% (2.8&nbsp;kB)\"},\"webview\":{\"0\":669,\"1\":1000,\"2\":2,\"3\":\"width=\\\"669\\\" height=\\\"1000\\\"\",\"bits\":8,\"channels\":3,\"mime\":\"image\\\/jpeg\",\"ewww_image_optimizer\":\"Reduced by 7.6% (9.7&nbsp;kB) - Previously Optimized\"},\"0\":false,\"ewww_image_optimizer\":\"Reduced by 5.7% (9.7&nbsp;kB)\",\"views\":\"0\",\"likes\":\"0\"},\"title\":\"Ready to Wear Fall\\\/Winter 2015-2016\",\"description\":\"<p>Ready to Wear Fall\\\/Winter 2015-2016<\\\/p>\",\"link\":null,\"link_target\":\"\",\"download\":\"https:\\\/\\\/bobvarela.com\\\/wp-content\\\/flagallery\\\/miriam-ponsa-coleccion-exilio\\\/miriam-ponsa-055.jpg\",\"ratio\":0.669000000000000039079850466805510222911834716796875},{\"id\":\"19628\",\"image\":\"https:\\\/\\\/bobvarela.com\\\/wp-content\\\/flagallery\\\/miriam-ponsa-coleccion-exilio\\\/webview\\\/miriam-ponsa-056.jpg\",\"thumb\":\"https:\\\/\\\/bobvarela.com\\\/wp-content\\\/flagallery\\\/miriam-ponsa-coleccion-exilio\\\/thumbs\\\/thumbs_miriam-ponsa-056.jpg\",\"file\":\"miriam-ponsa-056.jpg\",\"meta\":{\"aperture\":false,\"credit\":false,\"camera\":false,\"caption\":\"Ready to Wear Fall\\\/Winter 2015-2016\",\"created_timestamp\":\"February 3, 2015 5:14 pm\",\"copyright\":\"\\u00c2\\u00a9 2015 Estrop-Barcelona PHOTOGRAPH FOR EDITORIAL USE ONLY\",\"focal_length\":false,\"iso\":false,\"shutter_speed\":false,\"flash\":false,\"title\":\"Ready to Wear Fall\\\/Winter 2015-2016\",\"keywords\":\"2015-2016,Fall\\\/Winter,RTW\",\"width\":669,\"height\":1000,\"saved\":true,\"thumbnail\":{\"width\":220,\"height\":220,\"ewww_image_optimizer\":\"Reduced by 12.8% (4.5&nbsp;kB)\"},\"webview\":{\"0\":669,\"1\":1000,\"2\":2,\"3\":\"width=\\\"669\\\" height=\\\"1000\\\"\",\"bits\":8,\"channels\":3,\"mime\":\"image\\\/jpeg\",\"ewww_image_optimizer\":\"Reduced by 5.5% (6.4&nbsp;kB) - Previously Optimized\"},\"0\":false,\"ewww_image_optimizer\":\"Reduced by 4.9% (7.9&nbsp;kB)\",\"views\":\"0\",\"likes\":\"0\"},\"title\":\"Ready to Wear Fall\\\/Winter 2015-2016\",\"description\":\"<p>Ready to Wear Fall\\\/Winter 2015-2016<\\\/p>\",\"link\":null,\"link_target\":\"\",\"download\":\"https:\\\/\\\/bobvarela.com\\\/wp-content\\\/flagallery\\\/miriam-ponsa-coleccion-exilio\\\/miriam-ponsa-056.jpg\",\"ratio\":0.669000000000000039079850466805510222911834716796875},{\"id\":\"19629\",\"image\":\"https:\\\/\\\/bobvarela.com\\\/wp-content\\\/flagallery\\\/miriam-ponsa-coleccion-exilio\\\/webview\\\/miriam-ponsa-057.jpg\",\"thumb\":\"https:\\\/\\\/bobvarela.com\\\/wp-content\\\/flagallery\\\/miriam-ponsa-coleccion-exilio\\\/thumbs\\\/thumbs_miriam-ponsa-057.jpg\",\"file\":\"miriam-ponsa-057.jpg\",\"meta\":{\"aperture\":false,\"credit\":false,\"camera\":false,\"caption\":\"Ready to Wear Fall\\\/Winter 2015-2016\",\"created_timestamp\":\"February 3, 2015 5:14 pm\",\"copyright\":\"\\u00c2\\u00a9 2015 Estrop-Barcelona PHOTOGRAPH FOR EDITORIAL USE ONLY\",\"focal_length\":false,\"iso\":false,\"shutter_speed\":false,\"flash\":false,\"title\":\"Ready to Wear Fall\\\/Winter 2015-2016\",\"keywords\":\"2015-2016,Fall\\\/Winter,RTW\",\"width\":669,\"height\":1000,\"saved\":true,\"thumbnail\":{\"width\":220,\"height\":220,\"ewww_image_optimizer\":\"Reduced by 17.1% (7.7&nbsp;kB)\"},\"webview\":{\"0\":669,\"1\":1000,\"2\":2,\"3\":\"width=\\\"669\\\" height=\\\"1000\\\"\",\"bits\":8,\"channels\":3,\"mime\":\"image\\\/jpeg\",\"ewww_image_optimizer\":\"Reduced by 7.4% (12.2&nbsp;kB) - Previously Optimized\"},\"0\":false,\"ewww_image_optimizer\":\"Reduced by 7.1% (12.0&nbsp;kB)\",\"views\":\"1\",\"likes\":\"0\"},\"title\":\"Ready to Wear Fall\\\/Winter 2015-2016\",\"description\":\"<p>Ready to Wear Fall\\\/Winter 2015-2016<\\\/p>\",\"link\":null,\"link_target\":\"\",\"download\":\"https:\\\/\\\/bobvarela.com\\\/wp-content\\\/flagallery\\\/miriam-ponsa-coleccion-exilio\\\/miriam-ponsa-057.jpg\",\"ratio\":0.669000000000000039079850466805510222911834716796875},{\"id\":\"19630\",\"image\":\"https:\\\/\\\/bobvarela.com\\\/wp-content\\\/flagallery\\\/miriam-ponsa-coleccion-exilio\\\/webview\\\/miriam-ponsa-058.jpg\",\"thumb\":\"https:\\\/\\\/bobvarela.com\\\/wp-content\\\/flagallery\\\/miriam-ponsa-coleccion-exilio\\\/thumbs\\\/thumbs_miriam-ponsa-058.jpg\",\"file\":\"miriam-ponsa-058.jpg\",\"meta\":{\"aperture\":false,\"credit\":false,\"camera\":false,\"caption\":\"Ready to Wear Fall\\\/Winter 2015-2016\",\"created_timestamp\":\"February 3, 2015 5:14 pm\",\"copyright\":\"\\u00c2\\u00a9 2015 Estrop-Barcelona PHOTOGRAPH FOR EDITORIAL USE ONLY\",\"focal_length\":false,\"iso\":false,\"shutter_speed\":false,\"flash\":false,\"title\":\"Ready to Wear Fall\\\/Winter 2015-2016\",\"keywords\":\"2015-2016,Fall\\\/Winter,RTW\",\"width\":669,\"height\":1000,\"saved\":true,\"thumbnail\":{\"width\":220,\"height\":220,\"ewww_image_optimizer\":\"Reduced by 20.2% (12.3&nbsp;kB)\"},\"webview\":{\"0\":669,\"1\":1000,\"2\":2,\"3\":\"width=\\\"669\\\" height=\\\"1000\\\"\",\"bits\":8,\"channels\":3,\"mime\":\"image\\\/jpeg\",\"ewww_image_optimizer\":\"Reduced by 11.8% (21.5&nbsp;kB)\"},\"0\":false,\"ewww_image_optimizer\":\"Reduced by 11.8% (21.5&nbsp;kB)\",\"views\":\"0\",\"likes\":\"0\"},\"title\":\"Ready to Wear Fall\\\/Winter 2015-2016\",\"description\":\"<p>Ready to Wear Fall\\\/Winter 2015-2016<\\\/p>\",\"link\":null,\"link_target\":\"\",\"download\":\"https:\\\/\\\/bobvarela.com\\\/wp-content\\\/flagallery\\\/miriam-ponsa-coleccion-exilio\\\/miriam-ponsa-058.jpg\",\"ratio\":0.669000000000000039079850466805510222911834716796875},{\"id\":\"19631\",\"image\":\"https:\\\/\\\/bobvarela.com\\\/wp-content\\\/flagallery\\\/miriam-ponsa-coleccion-exilio\\\/webview\\\/miriam-ponsa-059.jpg\",\"thumb\":\"https:\\\/\\\/bobvarela.com\\\/wp-content\\\/flagallery\\\/miriam-ponsa-coleccion-exilio\\\/thumbs\\\/thumbs_miriam-ponsa-059.jpg\",\"file\":\"miriam-ponsa-059.jpg\",\"meta\":{\"aperture\":false,\"credit\":false,\"camera\":false,\"caption\":\"Ready to Wear Fall\\\/Winter 2015-2016\",\"created_timestamp\":\"February 3, 2015 5:14 pm\",\"copyright\":\"\\u00c2\\u00a9 2015 Estrop-Barcelona PHOTOGRAPH FOR EDITORIAL USE ONLY\",\"focal_length\":false,\"iso\":false,\"shutter_speed\":false,\"flash\":false,\"title\":\"Ready to Wear Fall\\\/Winter 2015-2016\",\"keywords\":\"2015-2016,Fall\\\/Winter,RTW\",\"width\":669,\"height\":1000,\"saved\":true,\"thumbnail\":{\"width\":220,\"height\":220,\"ewww_image_optimizer\":\"Reduced by 10.3% (3.4&nbsp;kB)\"},\"webview\":{\"0\":669,\"1\":1000,\"2\":2,\"3\":\"width=\\\"669\\\" height=\\\"1000\\\"\",\"bits\":8,\"channels\":3,\"mime\":\"image\\\/jpeg\",\"ewww_image_optimizer\":\"Reduced by 4.3% (4.0&nbsp;kB) - Previously Optimized\"},\"0\":false,\"ewww_image_optimizer\":\"Reduced by 4.4% (7.9&nbsp;kB)\",\"views\":\"1\",\"likes\":\"0\"},\"title\":\"Ready to Wear Fall\\\/Winter 2015-2016\",\"description\":\"<p>Ready to Wear Fall\\\/Winter 2015-2016<\\\/p>\",\"link\":null,\"link_target\":\"\",\"download\":\"https:\\\/\\\/bobvarela.com\\\/wp-content\\\/flagallery\\\/miriam-ponsa-coleccion-exilio\\\/miriam-ponsa-059.jpg\",\"ratio\":0.669000000000000039079850466805510222911834716796875},{\"id\":\"19632\",\"image\":\"https:\\\/\\\/bobvarela.com\\\/wp-content\\\/flagallery\\\/miriam-ponsa-coleccion-exilio\\\/webview\\\/miriam-ponsa-060.jpg\",\"thumb\":\"https:\\\/\\\/bobvarela.com\\\/wp-content\\\/flagallery\\\/miriam-ponsa-coleccion-exilio\\\/thumbs\\\/thumbs_miriam-ponsa-060.jpg\",\"file\":\"miriam-ponsa-060.jpg\",\"meta\":{\"aperture\":false,\"credit\":false,\"camera\":false,\"caption\":\"Ready to Wear Fall\\\/Winter 2015-2016\",\"created_timestamp\":\"February 3, 2015 5:14 pm\",\"copyright\":\"\\u00c2\\u00a9 2015 Estrop-Barcelona PHOTOGRAPH FOR EDITORIAL USE ONLY\",\"focal_length\":false,\"iso\":false,\"shutter_speed\":false,\"flash\":false,\"title\":\"Ready to Wear Fall\\\/Winter 2015-2016\",\"keywords\":\"2015-2016,Fall\\\/Winter,RTW\",\"width\":669,\"height\":1000,\"saved\":true,\"thumbnail\":{\"width\":220,\"height\":220,\"ewww_image_optimizer\":\"Reduced by 10.8% (3.8&nbsp;kB)\"},\"webview\":{\"0\":669,\"1\":1000,\"2\":2,\"3\":\"width=\\\"669\\\" height=\\\"1000\\\"\",\"bits\":8,\"channels\":3,\"mime\":\"image\\\/jpeg\",\"ewww_image_optimizer\":\"Reduced by 6.6% (7.6&nbsp;kB) - Previously Optimized\"},\"0\":false,\"ewww_image_optimizer\":\"Reduced by 5.2% (8.2&nbsp;kB)\",\"views\":\"0\",\"likes\":\"0\"},\"title\":\"Ready to Wear Fall\\\/Winter 2015-2016\",\"description\":\"<p>Ready to Wear Fall\\\/Winter 2015-2016<\\\/p>\",\"link\":null,\"link_target\":\"\",\"download\":\"https:\\\/\\\/bobvarela.com\\\/wp-content\\\/flagallery\\\/miriam-ponsa-coleccion-exilio\\\/miriam-ponsa-060.jpg\",\"ratio\":0.669000000000000039079850466805510222911834716796875},{\"id\":\"19633\",\"image\":\"https:\\\/\\\/bobvarela.com\\\/wp-content\\\/flagallery\\\/miriam-ponsa-coleccion-exilio\\\/webview\\\/miriam-ponsa-061.jpg\",\"thumb\":\"https:\\\/\\\/bobvarela.com\\\/wp-content\\\/flagallery\\\/miriam-ponsa-coleccion-exilio\\\/thumbs\\\/thumbs_miriam-ponsa-061.jpg\",\"file\":\"miriam-ponsa-061.jpg\",\"meta\":{\"aperture\":false,\"credit\":false,\"camera\":false,\"caption\":\"Ready to Wear Fall\\\/Winter 2015-2016\",\"created_timestamp\":\"February 3, 2015 5:14 pm\",\"copyright\":\"\\u00c2\\u00a9 2015 Estrop-Barcelona PHOTOGRAPH FOR EDITORIAL USE ONLY\",\"focal_length\":false,\"iso\":false,\"shutter_speed\":false,\"flash\":false,\"title\":\"Ready to Wear Fall\\\/Winter 2015-2016\",\"keywords\":\"2015-2016,Fall\\\/Winter,RTW\",\"width\":669,\"height\":1000,\"saved\":true,\"thumbnail\":{\"width\":220,\"height\":220,\"ewww_image_optimizer\":\"Reduced by 8.3% (3.2&nbsp;kB)\"},\"webview\":{\"0\":669,\"1\":1000,\"2\":2,\"3\":\"width=\\\"669\\\" height=\\\"1000\\\"\",\"bits\":8,\"channels\":3,\"mime\":\"image\\\/jpeg\",\"ewww_image_optimizer\":\"Reduced by 6.7% (9.3&nbsp;kB) - Previously Optimized\"},\"0\":false,\"ewww_image_optimizer\":\"Reduced by 4.8% (8.6&nbsp;kB)\",\"views\":\"0\",\"likes\":\"0\"},\"title\":\"Ready to Wear Fall\\\/Winter 2015-2016\",\"description\":\"<p>Ready to Wear Fall\\\/Winter 2015-2016<\\\/p>\",\"link\":null,\"link_target\":\"\",\"download\":\"https:\\\/\\\/bobvarela.com\\\/wp-content\\\/flagallery\\\/miriam-ponsa-coleccion-exilio\\\/miriam-ponsa-061.jpg\",\"ratio\":0.669000000000000039079850466805510222911834716796875},{\"id\":\"19634\",\"image\":\"https:\\\/\\\/bobvarela.com\\\/wp-content\\\/flagallery\\\/miriam-ponsa-coleccion-exilio\\\/webview\\\/miriam-ponsa-062.jpg\",\"thumb\":\"https:\\\/\\\/bobvarela.com\\\/wp-content\\\/flagallery\\\/miriam-ponsa-coleccion-exilio\\\/thumbs\\\/thumbs_miriam-ponsa-062.jpg\",\"file\":\"miriam-ponsa-062.jpg\",\"meta\":{\"aperture\":false,\"credit\":false,\"camera\":false,\"caption\":\"Ready to Wear Fall\\\/Winter 2015-2016\",\"created_timestamp\":\"February 3, 2015 5:14 pm\",\"copyright\":\"\\u00c2\\u00a9 2015 Estrop-Barcelona PHOTOGRAPH FOR EDITORIAL USE ONLY\",\"focal_length\":false,\"iso\":false,\"shutter_speed\":false,\"flash\":false,\"title\":\"Ready to Wear Fall\\\/Winter 2015-2016\",\"keywords\":\"2015-2016,Fall\\\/Winter,RTW\",\"width\":669,\"height\":1000,\"saved\":true,\"thumbnail\":{\"width\":220,\"height\":220,\"ewww_image_optimizer\":\"Reduced by 10.2% (3.3&nbsp;kB)\"},\"webview\":{\"0\":669,\"1\":1000,\"2\":2,\"3\":\"width=\\\"669\\\" height=\\\"1000\\\"\",\"bits\":8,\"channels\":3,\"mime\":\"image\\\/jpeg\",\"ewww_image_optimizer\":\"Reduced by 4.3% (3.7&nbsp;kB) - Previously Optimized\"},\"0\":false,\"ewww_image_optimizer\":\"Reduced by 4.2% (7.2&nbsp;kB)\",\"views\":\"0\",\"likes\":\"0\"},\"title\":\"Ready to Wear Fall\\\/Winter 2015-2016\",\"description\":\"<p>Ready to Wear Fall\\\/Winter 2015-2016<\\\/p>\",\"link\":null,\"link_target\":\"\",\"download\":\"https:\\\/\\\/bobvarela.com\\\/wp-content\\\/flagallery\\\/miriam-ponsa-coleccion-exilio\\\/miriam-ponsa-062.jpg\",\"ratio\":0.669000000000000039079850466805510222911834716796875},{\"id\":\"19635\",\"image\":\"https:\\\/\\\/bobvarela.com\\\/wp-content\\\/flagallery\\\/miriam-ponsa-coleccion-exilio\\\/webview\\\/miriam-ponsa-063.jpg\",\"thumb\":\"https:\\\/\\\/bobvarela.com\\\/wp-content\\\/flagallery\\\/miriam-ponsa-coleccion-exilio\\\/thumbs\\\/thumbs_miriam-ponsa-063.jpg\",\"file\":\"miriam-ponsa-063.jpg\",\"meta\":{\"aperture\":false,\"credit\":false,\"camera\":false,\"caption\":\"Ready to Wear Fall\\\/Winter 2015-2016\",\"created_timestamp\":\"February 3, 2015 5:14 pm\",\"copyright\":\"\\u00c2\\u00a9 2015 Estrop-Barcelona PHOTOGRAPH FOR EDITORIAL USE ONLY\",\"focal_length\":false,\"iso\":false,\"shutter_speed\":false,\"flash\":false,\"title\":\"Ready to Wear Fall\\\/Winter 2015-2016\",\"keywords\":\"2015-2016,Fall\\\/Winter,RTW\",\"width\":669,\"height\":1000,\"saved\":true,\"thumbnail\":{\"width\":220,\"height\":220,\"ewww_image_optimizer\":\"Reduced by 9.6% (3.0&nbsp;kB)\"},\"webview\":{\"0\":669,\"1\":1000,\"2\":2,\"3\":\"width=\\\"669\\\" height=\\\"1000\\\"\",\"bits\":8,\"channels\":3,\"mime\":\"image\\\/jpeg\",\"ewww_image_optimizer\":\"Reduced by 5.4% (4.5&nbsp;kB) - Previously Optimized\"},\"0\":false,\"ewww_image_optimizer\":\"Reduced by 5.1% (8.3&nbsp;kB)\",\"views\":\"0\",\"likes\":\"0\"},\"title\":\"Ready to Wear Fall\\\/Winter 2015-2016\",\"description\":\"<p>Ready to Wear Fall\\\/Winter 2015-2016<\\\/p>\",\"link\":null,\"link_target\":\"\",\"download\":\"https:\\\/\\\/bobvarela.com\\\/wp-content\\\/flagallery\\\/miriam-ponsa-coleccion-exilio\\\/miriam-ponsa-063.jpg\",\"ratio\":0.669000000000000039079850466805510222911834716796875},{\"id\":\"19636\",\"image\":\"https:\\\/\\\/bobvarela.com\\\/wp-content\\\/flagallery\\\/miriam-ponsa-coleccion-exilio\\\/webview\\\/miriam-ponsa-064.jpg\",\"thumb\":\"https:\\\/\\\/bobvarela.com\\\/wp-content\\\/flagallery\\\/miriam-ponsa-coleccion-exilio\\\/thumbs\\\/thumbs_miriam-ponsa-064.jpg\",\"file\":\"miriam-ponsa-064.jpg\",\"meta\":{\"aperture\":false,\"credit\":false,\"camera\":false,\"caption\":\"Ready to Wear Fall\\\/Winter 2015-2016\",\"created_timestamp\":\"February 3, 2015 5:14 pm\",\"copyright\":\"\\u00c2\\u00a9 2015 Estrop-Barcelona PHOTOGRAPH FOR EDITORIAL USE ONLY\",\"focal_length\":false,\"iso\":false,\"shutter_speed\":false,\"flash\":false,\"title\":\"Ready to Wear Fall\\\/Winter 2015-2016\",\"keywords\":\"2015-2016,Fall\\\/Winter,RTW\",\"width\":669,\"height\":1000,\"saved\":true,\"thumbnail\":{\"width\":220,\"height\":220,\"ewww_image_optimizer\":\"Reduced by 9.9% (3.1&nbsp;kB)\"},\"webview\":{\"0\":669,\"1\":1000,\"2\":2,\"3\":\"width=\\\"669\\\" height=\\\"1000\\\"\",\"bits\":8,\"channels\":3,\"mime\":\"image\\\/jpeg\",\"ewww_image_optimizer\":\"Reduced by 4.1% (4.1&nbsp;kB) - Previously Optimized\"},\"0\":false,\"ewww_image_optimizer\":\"Reduced by 3.8% (7.1&nbsp;kB)\",\"views\":\"1\",\"likes\":\"0\"},\"title\":\"Ready to Wear Fall\\\/Winter 2015-2016\",\"description\":\"<p>Ready to Wear Fall\\\/Winter 2015-2016<\\\/p>\",\"link\":null,\"link_target\":\"\",\"download\":\"https:\\\/\\\/bobvarela.com\\\/wp-content\\\/flagallery\\\/miriam-ponsa-coleccion-exilio\\\/miriam-ponsa-064.jpg\",\"ratio\":0.669000000000000039079850466805510222911834716796875}]}; var container = $('#FlaGallery_sc1_269'); container.photomania(settings, content); window.FlaGallery_sc1_269 = container.data('photomania'); }); <\/script><\/div><noscript id=\"noscript_FlaGallery_sc1_269\"><img class=\"skip-lazy no-lazyload noLazy\" data-lazy-src=\"\" src =\"https:\/\/bobvarela.com\/wp-content\/flagallery\/miriam-ponsa-coleccion-exilio\/miriam-ponsa-002.jpg\" alt=\"Ready to Wear Fall\/Winter 2015-2016\" \/><img class=\"skip-lazy no-lazyload noLazy\" data-lazy-src=\"\" src =\"https:\/\/bobvarela.com\/wp-content\/flagallery\/miriam-ponsa-coleccion-exilio\/miriam-ponsa-003.jpg\" alt=\"Ready to Wear Fall\/Winter 2015-2016\" \/><img class=\"skip-lazy no-lazyload noLazy\" data-lazy-src=\"\" src =\"https:\/\/bobvarela.com\/wp-content\/flagallery\/miriam-ponsa-coleccion-exilio\/miriam-ponsa-004.jpg\" alt=\"Ready to Wear Fall\/Winter 2015-2016\" \/><img class=\"skip-lazy no-lazyload noLazy\" data-lazy-src=\"\" src =\"https:\/\/bobvarela.com\/wp-content\/flagallery\/miriam-ponsa-coleccion-exilio\/miriam-ponsa-005.jpg\" alt=\"Ready to Wear Fall\/Winter 2015-2016\" \/><img class=\"skip-lazy no-lazyload noLazy\" data-lazy-src=\"\" src =\"https:\/\/bobvarela.com\/wp-content\/flagallery\/miriam-ponsa-coleccion-exilio\/miriam-ponsa-006.jpg\" alt=\"Ready to Wear Fall\/Winter 2015-2016\" \/><img class=\"skip-lazy no-lazyload noLazy\" data-lazy-src=\"\" src =\"https:\/\/bobvarela.com\/wp-content\/flagallery\/miriam-ponsa-coleccion-exilio\/miriam-ponsa-007.jpg\" alt=\"Ready to Wear Fall\/Winter 2015-2016\" \/><img class=\"skip-lazy no-lazyload noLazy\" data-lazy-src=\"\" src =\"https:\/\/bobvarela.com\/wp-content\/flagallery\/miriam-ponsa-coleccion-exilio\/miriam-ponsa-008.jpg\" alt=\"Ready to Wear Fall\/Winter 2015-2016\" \/><img class=\"skip-lazy no-lazyload noLazy\" data-lazy-src=\"\" src =\"https:\/\/bobvarela.com\/wp-content\/flagallery\/miriam-ponsa-coleccion-exilio\/miriam-ponsa-009.jpg\" alt=\"Ready to Wear Fall\/Winter 2015-2016\" \/><img class=\"skip-lazy no-lazyload noLazy\" data-lazy-src=\"\" src =\"https:\/\/bobvarela.com\/wp-content\/flagallery\/miriam-ponsa-coleccion-exilio\/miriam-ponsa-010.jpg\" alt=\"Ready to Wear Fall\/Winter 2015-2016\" \/><img class=\"skip-lazy no-lazyload noLazy\" data-lazy-src=\"\" src =\"https:\/\/bobvarela.com\/wp-content\/flagallery\/miriam-ponsa-coleccion-exilio\/miriam-ponsa-011.jpg\" alt=\"Ready to Wear Fall\/Winter 2015-2016\" \/><img class=\"skip-lazy no-lazyload noLazy\" data-lazy-src=\"\" src =\"https:\/\/bobvarela.com\/wp-content\/flagallery\/miriam-ponsa-coleccion-exilio\/miriam-ponsa-012.jpg\" alt=\"Ready to Wear Fall\/Winter 2015-2016\" \/><img class=\"skip-lazy no-lazyload noLazy\" data-lazy-src=\"\" src =\"https:\/\/bobvarela.com\/wp-content\/flagallery\/miriam-ponsa-coleccion-exilio\/miriam-ponsa-013.jpg\" alt=\"Ready to Wear Fall\/Winter 2015-2016\" \/><img class=\"skip-lazy no-lazyload noLazy\" data-lazy-src=\"\" src =\"https:\/\/bobvarela.com\/wp-content\/flagallery\/miriam-ponsa-coleccion-exilio\/miriam-ponsa-014.jpg\" alt=\"Ready to Wear Fall\/Winter 2015-2016\" \/><img class=\"skip-lazy no-lazyload noLazy\" data-lazy-src=\"\" src =\"https:\/\/bobvarela.com\/wp-content\/flagallery\/miriam-ponsa-coleccion-exilio\/miriam-ponsa-015.jpg\" alt=\"Ready to Wear Fall\/Winter 2015-2016\" \/><img class=\"skip-lazy no-lazyload noLazy\" data-lazy-src=\"\" src =\"https:\/\/bobvarela.com\/wp-content\/flagallery\/miriam-ponsa-coleccion-exilio\/miriam-ponsa-016.jpg\" alt=\"Ready to Wear Fall\/Winter 2015-2016\" \/><img class=\"skip-lazy no-lazyload noLazy\" data-lazy-src=\"\" src =\"https:\/\/bobvarela.com\/wp-content\/flagallery\/miriam-ponsa-coleccion-exilio\/miriam-ponsa-017.jpg\" alt=\"Ready to Wear Fall\/Winter 2015-2016\" \/><img class=\"skip-lazy no-lazyload noLazy\" data-lazy-src=\"\" src =\"https:\/\/bobvarela.com\/wp-content\/flagallery\/miriam-ponsa-coleccion-exilio\/miriam-ponsa-018.jpg\" alt=\"Ready to Wear Fall\/Winter 2015-2016\" \/><img class=\"skip-lazy no-lazyload noLazy\" data-lazy-src=\"\" src =\"https:\/\/bobvarela.com\/wp-content\/flagallery\/miriam-ponsa-coleccion-exilio\/miriam-ponsa-019.jpg\" alt=\"Ready to Wear Fall\/Winter 2015-2016\" \/><img class=\"skip-lazy no-lazyload noLazy\" data-lazy-src=\"\" src =\"https:\/\/bobvarela.com\/wp-content\/flagallery\/miriam-ponsa-coleccion-exilio\/miriam-ponsa-020.jpg\" alt=\"Ready to Wear Fall\/Winter 2015-2016\" \/><img class=\"skip-lazy no-lazyload noLazy\" data-lazy-src=\"\" src =\"https:\/\/bobvarela.com\/wp-content\/flagallery\/miriam-ponsa-coleccion-exilio\/miriam-ponsa-021.jpg\" alt=\"Ready to Wear Fall\/Winter 2015-2016\" \/><img class=\"skip-lazy no-lazyload noLazy\" data-lazy-src=\"\" src =\"https:\/\/bobvarela.com\/wp-content\/flagallery\/miriam-ponsa-coleccion-exilio\/miriam-ponsa-022.jpg\" alt=\"Ready to Wear Fall\/Winter 2015-2016\" \/><img class=\"skip-lazy no-lazyload noLazy\" data-lazy-src=\"\" src =\"https:\/\/bobvarela.com\/wp-content\/flagallery\/miriam-ponsa-coleccion-exilio\/miriam-ponsa-023.jpg\" alt=\"Ready to Wear Fall\/Winter 2015-2016\" \/><img class=\"skip-lazy no-lazyload noLazy\" data-lazy-src=\"\" src =\"https:\/\/bobvarela.com\/wp-content\/flagallery\/miriam-ponsa-coleccion-exilio\/miriam-ponsa-024.jpg\" alt=\"Ready to Wear Fall\/Winter 2015-2016\" \/><img class=\"skip-lazy no-lazyload noLazy\" data-lazy-src=\"\" src =\"https:\/\/bobvarela.com\/wp-content\/flagallery\/miriam-ponsa-coleccion-exilio\/miriam-ponsa-025.jpg\" alt=\"Ready to Wear Fall\/Winter 2015-2016\" \/><img class=\"skip-lazy no-lazyload noLazy\" data-lazy-src=\"\" src =\"https:\/\/bobvarela.com\/wp-content\/flagallery\/miriam-ponsa-coleccion-exilio\/miriam-ponsa-026.jpg\" alt=\"Ready to Wear Fall\/Winter 2015-2016\" \/><img class=\"skip-lazy no-lazyload noLazy\" data-lazy-src=\"\" src =\"https:\/\/bobvarela.com\/wp-content\/flagallery\/miriam-ponsa-coleccion-exilio\/miriam-ponsa-027.jpg\" alt=\"Ready to Wear Fall\/Winter 2015-2016\" \/><img class=\"skip-lazy no-lazyload noLazy\" data-lazy-src=\"\" src =\"https:\/\/bobvarela.com\/wp-content\/flagallery\/miriam-ponsa-coleccion-exilio\/miriam-ponsa-028.jpg\" alt=\"Ready to Wear Fall\/Winter 2015-2016\" \/><img class=\"skip-lazy no-lazyload noLazy\" data-lazy-src=\"\" src =\"https:\/\/bobvarela.com\/wp-content\/flagallery\/miriam-ponsa-coleccion-exilio\/miriam-ponsa-029.jpg\" alt=\"Ready to Wear Fall\/Winter 2015-2016\" \/><img class=\"skip-lazy no-lazyload noLazy\" data-lazy-src=\"\" src =\"https:\/\/bobvarela.com\/wp-content\/flagallery\/miriam-ponsa-coleccion-exilio\/miriam-ponsa-030.jpg\" alt=\"Ready to Wear Fall\/Winter 2015-2016\" \/><img class=\"skip-lazy no-lazyload noLazy\" data-lazy-src=\"\" src =\"https:\/\/bobvarela.com\/wp-content\/flagallery\/miriam-ponsa-coleccion-exilio\/miriam-ponsa-032.jpg\" alt=\"Ready to Wear Fall\/Winter 2015-2016\" \/><img class=\"skip-lazy no-lazyload noLazy\" data-lazy-src=\"\" src =\"https:\/\/bobvarela.com\/wp-content\/flagallery\/miriam-ponsa-coleccion-exilio\/miriam-ponsa-034.jpg\" alt=\"Ready to Wear Fall\/Winter 2015-2016\" \/><img class=\"skip-lazy no-lazyload noLazy\" data-lazy-src=\"\" src =\"https:\/\/bobvarela.com\/wp-content\/flagallery\/miriam-ponsa-coleccion-exilio\/miriam-ponsa-035.jpg\" alt=\"Ready to Wear Fall\/Winter 2015-2016\" \/><img class=\"skip-lazy no-lazyload noLazy\" data-lazy-src=\"\" src =\"https:\/\/bobvarela.com\/wp-content\/flagallery\/miriam-ponsa-coleccion-exilio\/miriam-ponsa-036.jpg\" alt=\"Ready to Wear Fall\/Winter 2015-2016\" \/><img class=\"skip-lazy no-lazyload noLazy\" data-lazy-src=\"\" src =\"https:\/\/bobvarela.com\/wp-content\/flagallery\/miriam-ponsa-coleccion-exilio\/miriam-ponsa-037.jpg\" alt=\"Ready to Wear Fall\/Winter 2015-2016\" \/><img class=\"skip-lazy no-lazyload noLazy\" data-lazy-src=\"\" src =\"https:\/\/bobvarela.com\/wp-content\/flagallery\/miriam-ponsa-coleccion-exilio\/miriam-ponsa-038.jpg\" alt=\"Ready to Wear Fall\/Winter 2015-2016\" \/><img class=\"skip-lazy no-lazyload noLazy\" data-lazy-src=\"\" src =\"https:\/\/bobvarela.com\/wp-content\/flagallery\/miriam-ponsa-coleccion-exilio\/miriam-ponsa-039.jpg\" alt=\"Ready to Wear Fall\/Winter 2015-2016\" \/><img class=\"skip-lazy no-lazyload noLazy\" data-lazy-src=\"\" src =\"https:\/\/bobvarela.com\/wp-content\/flagallery\/miriam-ponsa-coleccion-exilio\/miriam-ponsa-040.jpg\" alt=\"Ready to Wear Fall\/Winter 2015-2016\" \/><img class=\"skip-lazy no-lazyload noLazy\" data-lazy-src=\"\" src =\"https:\/\/bobvarela.com\/wp-content\/flagallery\/miriam-ponsa-coleccion-exilio\/miriam-ponsa-041.jpg\" alt=\"Ready to Wear Fall\/Winter 2015-2016\" \/><img class=\"skip-lazy no-lazyload noLazy\" data-lazy-src=\"\" src =\"https:\/\/bobvarela.com\/wp-content\/flagallery\/miriam-ponsa-coleccion-exilio\/miriam-ponsa-042.jpg\" alt=\"Ready to Wear Fall\/Winter 2015-2016\" \/><img class=\"skip-lazy no-lazyload noLazy\" data-lazy-src=\"\" src =\"https:\/\/bobvarela.com\/wp-content\/flagallery\/miriam-ponsa-coleccion-exilio\/miriam-ponsa-043.jpg\" alt=\"Ready to Wear Fall\/Winter 2015-2016\" \/><img class=\"skip-lazy no-lazyload noLazy\" data-lazy-src=\"\" src =\"https:\/\/bobvarela.com\/wp-content\/flagallery\/miriam-ponsa-coleccion-exilio\/miriam-ponsa-044.jpg\" alt=\"Ready to Wear Fall\/Winter 2015-2016\" \/><img class=\"skip-lazy no-lazyload noLazy\" data-lazy-src=\"\" src =\"https:\/\/bobvarela.com\/wp-content\/flagallery\/miriam-ponsa-coleccion-exilio\/miriam-ponsa-045.jpg\" alt=\"Ready to Wear Fall\/Winter 2015-2016\" \/><img class=\"skip-lazy no-lazyload noLazy\" data-lazy-src=\"\" src =\"https:\/\/bobvarela.com\/wp-content\/flagallery\/miriam-ponsa-coleccion-exilio\/miriam-ponsa-046.jpg\" alt=\"Ready to Wear Fall\/Winter 2015-2016\" \/><img class=\"skip-lazy no-lazyload noLazy\" data-lazy-src=\"\" src =\"https:\/\/bobvarela.com\/wp-content\/flagallery\/miriam-ponsa-coleccion-exilio\/miriam-ponsa-047.jpg\" alt=\"Ready to Wear Fall\/Winter 2015-2016\" \/><img class=\"skip-lazy no-lazyload noLazy\" data-lazy-src=\"\" src =\"https:\/\/bobvarela.com\/wp-content\/flagallery\/miriam-ponsa-coleccion-exilio\/miriam-ponsa-048.jpg\" alt=\"Ready to Wear Fall\/Winter 2015-2016\" \/><img class=\"skip-lazy no-lazyload noLazy\" data-lazy-src=\"\" src =\"https:\/\/bobvarela.com\/wp-content\/flagallery\/miriam-ponsa-coleccion-exilio\/miriam-ponsa-049.jpg\" alt=\"Ready to Wear Fall\/Winter 2015-2016\" \/><img class=\"skip-lazy no-lazyload noLazy\" data-lazy-src=\"\" src =\"https:\/\/bobvarela.com\/wp-content\/flagallery\/miriam-ponsa-coleccion-exilio\/miriam-ponsa-050.jpg\" alt=\"Ready to Wear Fall\/Winter 2015-2016\" \/><img class=\"skip-lazy no-lazyload noLazy\" data-lazy-src=\"\" src =\"https:\/\/bobvarela.com\/wp-content\/flagallery\/miriam-ponsa-coleccion-exilio\/miriam-ponsa-051.jpg\" alt=\"Ready to Wear Fall\/Winter 2015-2016\" \/><img class=\"skip-lazy no-lazyload noLazy\" data-lazy-src=\"\" src =\"https:\/\/bobvarela.com\/wp-content\/flagallery\/miriam-ponsa-coleccion-exilio\/miriam-ponsa-052.jpg\" alt=\"Ready to Wear Fall\/Winter 2015-2016\" \/><img class=\"skip-lazy no-lazyload noLazy\" data-lazy-src=\"\" src =\"https:\/\/bobvarela.com\/wp-content\/flagallery\/miriam-ponsa-coleccion-exilio\/miriam-ponsa-053.jpg\" alt=\"Ready to Wear Fall\/Winter 2015-2016\" \/><img class=\"skip-lazy no-lazyload noLazy\" data-lazy-src=\"\" src =\"https:\/\/bobvarela.com\/wp-content\/flagallery\/miriam-ponsa-coleccion-exilio\/miriam-ponsa-055.jpg\" alt=\"Ready to Wear Fall\/Winter 2015-2016\" \/><img class=\"skip-lazy no-lazyload noLazy\" data-lazy-src=\"\" src =\"https:\/\/bobvarela.com\/wp-content\/flagallery\/miriam-ponsa-coleccion-exilio\/miriam-ponsa-056.jpg\" alt=\"Ready to Wear Fall\/Winter 2015-2016\" \/><img class=\"skip-lazy no-lazyload noLazy\" data-lazy-src=\"\" src =\"https:\/\/bobvarela.com\/wp-content\/flagallery\/miriam-ponsa-coleccion-exilio\/miriam-ponsa-057.jpg\" alt=\"Ready to Wear Fall\/Winter 2015-2016\" \/><img class=\"skip-lazy no-lazyload noLazy\" data-lazy-src=\"\" src =\"https:\/\/bobvarela.com\/wp-content\/flagallery\/miriam-ponsa-coleccion-exilio\/miriam-ponsa-058.jpg\" alt=\"Ready to Wear Fall\/Winter 2015-2016\" \/><img class=\"skip-lazy no-lazyload noLazy\" data-lazy-src=\"\" src =\"https:\/\/bobvarela.com\/wp-content\/flagallery\/miriam-ponsa-coleccion-exilio\/miriam-ponsa-059.jpg\" alt=\"Ready to Wear Fall\/Winter 2015-2016\" \/><img class=\"skip-lazy no-lazyload noLazy\" data-lazy-src=\"\" src =\"https:\/\/bobvarela.com\/wp-content\/flagallery\/miriam-ponsa-coleccion-exilio\/miriam-ponsa-060.jpg\" alt=\"Ready to Wear Fall\/Winter 2015-2016\" \/><img class=\"skip-lazy no-lazyload noLazy\" data-lazy-src=\"\" src =\"https:\/\/bobvarela.com\/wp-content\/flagallery\/miriam-ponsa-coleccion-exilio\/miriam-ponsa-061.jpg\" alt=\"Ready to Wear Fall\/Winter 2015-2016\" \/><img class=\"skip-lazy no-lazyload noLazy\" data-lazy-src=\"\" src =\"https:\/\/bobvarela.com\/wp-content\/flagallery\/miriam-ponsa-coleccion-exilio\/miriam-ponsa-062.jpg\" alt=\"Ready to Wear Fall\/Winter 2015-2016\" \/><img class=\"skip-lazy no-lazyload noLazy\" data-lazy-src=\"\" src =\"https:\/\/bobvarela.com\/wp-content\/flagallery\/miriam-ponsa-coleccion-exilio\/miriam-ponsa-063.jpg\" alt=\"Ready to Wear Fall\/Winter 2015-2016\" \/><img class=\"skip-lazy no-lazyload noLazy\" data-lazy-src=\"\" src =\"https:\/\/bobvarela.com\/wp-content\/flagallery\/miriam-ponsa-coleccion-exilio\/miriam-ponsa-064.jpg\" alt=\"Ready to Wear Fall\/Winter 2015-2016\" \/><\/noscript>\n<p>Fotos cortesia de 080 Barcelona<\/p>\n","protected":false},"excerpt":{"rendered":"<p>El g\u00e9lido invierno de 1939, m\u00e1s de 470.000 personas llegaron a Francia empujados por el avance de las tropas franquistas. Muchas familias se vieron obligadas a abandonar sus casas y la evacuaci\u00f3n de los ni\u00f1os y ni\u00f1as fuera del pa\u00eds&hellip;<\/p>\n<p class=\"more-link-p\"><a class=\"more-link\" href=\"https:\/\/bobvarela.com\/?p=71842\">Read more &rarr;<\/a><\/p>\n","protected":false},"author":1,"featured_media":0,"comment_status":"open","ping_status":"open","sticky":false,"template":"","format":"standard","meta":{"ngg_post_thumbnail":0,"footnotes":""},"categories":[478,4],"tags":[],"class_list":["post-71842","post","type-post","status-publish","format-standard","hentry","category-080-barcelona","category-moda"],"_links":{"self":[{"href":"https:\/\/bobvarela.com\/index.php?rest_route=\/wp\/v2\/posts\/71842","targetHints":{"allow":["GET"]}}],"collection":[{"href":"https:\/\/bobvarela.com\/index.php?rest_route=\/wp\/v2\/posts"}],"about":[{"href":"https:\/\/bobvarela.com\/index.php?rest_route=\/wp\/v2\/types\/post"}],"author":[{"embeddable":true,"href":"https:\/\/bobvarela.com\/index.php?rest_route=\/wp\/v2\/users\/1"}],"replies":[{"embeddable":true,"href":"https:\/\/bobvarela.com\/index.php?rest_route=%2Fwp%2Fv2%2Fcomments&post=71842"}],"version-history":[{"count":1,"href":"https:\/\/bobvarela.com\/index.php?rest_route=\/wp\/v2\/posts\/71842\/revisions"}],"predecessor-version":[{"id":71843,"href":"https:\/\/bobvarela.com\/index.php?rest_route=\/wp\/v2\/posts\/71842\/revisions\/71843"}],"wp:attachment":[{"href":"https:\/\/bobvarela.com\/index.php?rest_route=%2Fwp%2Fv2%2Fmedia&parent=71842"}],"wp:term":[{"taxonomy":"category","embeddable":true,"href":"https:\/\/bobvarela.com\/index.php?rest_route=%2Fwp%2Fv2%2Fcategories&post=71842"},{"taxonomy":"post_tag","embeddable":true,"href":"https:\/\/bobvarela.com\/index.php?rest_route=%2Fwp%2Fv2%2Ftags&post=71842"}],"curies":[{"name":"wp","href":"https:\/\/api.w.org\/{rel}","templated":true}]}}