{"id":71984,"date":"2015-02-09T18:07:57","date_gmt":"2015-02-09T22:07:57","guid":{"rendered":"https:\/\/bobvarela.com\/?p=71984"},"modified":"2015-02-09T18:08:02","modified_gmt":"2015-02-09T22:08:02","slug":"georgina-vendrell-coleccin-darklight-en-el-080-barcelona","status":"publish","type":"post","link":"https:\/\/bobvarela.com\/?p=71984","title":{"rendered":"Georgina Vendrell COLECCI&Oacute;N &ndash; DARKLIGHT en el 080 Barcelona"},"content":{"rendered":"<p>&#160;<\/p>\n<p align=\"center\"><a href=\"https:\/\/bobvarela.com\/wp-content\/uploads\/2015\/02\/Georgina-Vendrell-049.jpg\"><img loading=\"lazy\" decoding=\"async\" title=\"Ready to Wear Fall\/Winter 2015-2016\" style=\"border-top: 0px; border-right: 0px; background-image: none; border-bottom: 0px; padding-top: 0px; padding-left: 0px; border-left: 0px; display: inline; padding-right: 0px\" border=\"0\" alt=\"Ready to Wear Fall\/Winter 2015-2016\" src=\"https:\/\/bobvarela.com\/wp-content\/uploads\/2015\/02\/Georgina-Vendrell-049_thumb.jpg\" width=\"360\" height=\"214\" \/><\/a><\/p>\n<p>&#160;<\/p>\n<p align=\"justify\"><font size=\"3\">La colecci\u00f3n \u201cDarklight\u201d se inspira en el futurismo y en lo conceptual. En la luz y en la oscuridad, en la noche y en la ciudad.<\/font><\/p>\n<p align=\"justify\"><font size=\"3\">Una nueva visi\u00f3n contempor\u00e1nea y vanguardista. Un sue\u00f1o de ciencia ficci\u00f3n. Un estilo andr\u00f3gino, minimalista y futurista.<\/font><\/p>\n<p align=\"justify\"><font size=\"3\">Aparecen materiales tecnol\u00f3gicos y texturizados. Uso antag\u00f3nico de los tejidos. Sargas, punto, lanas y piel sint\u00e9tica. Blancos y grises contrastan sobre el negro como protagonista.<\/font><\/p>\n<p align=\"justify\"><font size=\"3\">Sastrer\u00eda urbana, siluetas arquitect\u00f3nicas y l\u00edneas serenas. Cl\u00e1sicos reinventados, acabados tecnol\u00f3gicos y texturas futuristas.<\/font>&#160;&#160; <\/p>\n<p align=\"justify\"><div class=\"flagallery photomania_skin\" id=\"FlaGallery_sc1_270\" ><style type=\"text\/css\" class=\"flagallery_skin_style_import\">#FlaGallery_sc1_270 .flagpm_preload {opacity:0;}#FlaGallery_sc1_270 .swiper-big-images img.flagpm_the_photo { max-height:100%; max-width:100%; display:inline; width:auto; height:auto !important; object-fit:unset; vertical-align:middle; border:none; }#FlaGallery_sc1_270 .flagpm_focus .swiper-big-images img.flagpm_the_photo { width:auto; height:auto; object-fit:unset; }#FlaGallery_sc1_270 .swiper-small-images img.flagpm_photo { max-width:none; max-height:none; }#FlaGallery_sc1_270 .swiper-small-images img.flagpm_photo.flagpm_photo_landscape { width:auto; height:100% !important; }#FlaGallery_sc1_270 .swiper-small-images img.flagpm_photo.flagpm_photo_portrait { width:100%; height:auto !important; }#FlaGallery_sc1_270 .flagpm_gallery_sources_list p { margin:7px 0; padding:0; font-size:inherit; }#FlaGallery_sc1_270 .flagpm_photo_details .flagpm_description_wrap a,#FlaGallery_sc1_270 .flagpm_big_button_wrap .flagpm_button.flagpm_like.flagpm_liked,#FlaGallery_sc1_270 .flagpm_big_button_wrap .flagpm_button.flagpm_like.flagpm_liked:hover {color:#0099e5;}#FlaGallery_sc1_270 .flagpm_photo_show .flagpm_big_button {background-color:#0099e5;}#FlaGallery_sc1_270 .swiper-small-images div.flagpm_photo.swiper-slide-active {border-color:#02adea;}#FlaGallery_sc1_270 .flagpm_photo_header .flagpm_name_wrap .flagpm_title_author a:hover,#FlaGallery_sc1_270 .flagpm_photo_details .flagpm_description_wrap a:hover {color:#02adea;}#FlaGallery_sc1_270 .flagpm_photo_show .flagpm_big_button:hover,#FlaGallery_sc1_270 .flagpm_focus_actions ul .flagpm_button.like.flagpm_liked {background-color:#02adea;}<\/style> <div class=\"flagpm_photo_show flagpm_w960 flagpm_w640 flagpm_w480 flagpm_preload\"> <div class=\"flagpm_photo_wrap has_prev_photo has_next_photo\"> <div class=\"swiper-container swiper-big-images\"> <div class=\"flagpm_photo_arrow_next flagpm_photo_arrow flagpm_next\"> <div title=\"Next\" class=\"flagpm_arrow\"><\/div> <\/div> <div class=\"flagpm_photo_arrow_previous flagpm_photo_arrow flagpm_prev\"> <div title=\"Previous\" class=\"flagpm_arrow\"><\/div> <\/div> <div class=\"swiper-wrapper\"><div class=\"swiper-slide\" data-hash=\"flagallery19672\" data-photo-id=\"19672\"><span class=\"flagpm_va\"><\/span><img decoding=\"async\" src=\"https:\/\/bobvarela.com\/wp-content\/flagallery\/georgina-vendrell-coleccion-darklight\/webview\/georgina-vendrell-001.jpg\" data-src=\"https:\/\/bobvarela.com\/wp-content\/flagallery\/georgina-vendrell-coleccion-darklight\/webview\/georgina-vendrell-001.jpg\" alt=\"Ready to Wear Fall\/Winter 2015-2016\" class=\"noLazy flagpm_the_photo swiper-lazy\"><div class=\"swiper-lazy-preloader swiper-lazy-preloader-black\"><\/div><\/div><div class=\"swiper-slide\" data-hash=\"flagallery19673\" data-photo-id=\"19673\"><span class=\"flagpm_va\"><\/span><img data-src=\"https:\/\/bobvarela.com\/wp-content\/flagallery\/georgina-vendrell-coleccion-darklight\/webview\/georgina-vendrell-002.jpg\" alt=\"Ready to Wear Fall\/Winter 2015-2016\" class=\"noLazy flagpm_the_photo swiper-lazy\"><div class=\"swiper-lazy-preloader swiper-lazy-preloader-black\"><\/div><\/div><div class=\"swiper-slide\" data-hash=\"flagallery19674\" data-photo-id=\"19674\"><span class=\"flagpm_va\"><\/span><img data-src=\"https:\/\/bobvarela.com\/wp-content\/flagallery\/georgina-vendrell-coleccion-darklight\/webview\/georgina-vendrell-003.jpg\" alt=\"Ready to Wear Fall\/Winter 2015-2016\" class=\"noLazy flagpm_the_photo swiper-lazy\"><div class=\"swiper-lazy-preloader swiper-lazy-preloader-black\"><\/div><\/div><div class=\"swiper-slide\" data-hash=\"flagallery19675\" data-photo-id=\"19675\"><span class=\"flagpm_va\"><\/span><img data-src=\"https:\/\/bobvarela.com\/wp-content\/flagallery\/georgina-vendrell-coleccion-darklight\/webview\/georgina-vendrell-004.jpg\" alt=\"Ready to Wear Fall\/Winter 2015-2016\" class=\"noLazy flagpm_the_photo swiper-lazy\"><div class=\"swiper-lazy-preloader swiper-lazy-preloader-black\"><\/div><\/div><div class=\"swiper-slide\" data-hash=\"flagallery19676\" data-photo-id=\"19676\"><span class=\"flagpm_va\"><\/span><img data-src=\"https:\/\/bobvarela.com\/wp-content\/flagallery\/georgina-vendrell-coleccion-darklight\/webview\/georgina-vendrell-005.jpg\" alt=\"Ready to Wear Fall\/Winter 2015-2016\" class=\"noLazy flagpm_the_photo swiper-lazy\"><div class=\"swiper-lazy-preloader swiper-lazy-preloader-black\"><\/div><\/div><div class=\"swiper-slide\" data-hash=\"flagallery19677\" data-photo-id=\"19677\"><span class=\"flagpm_va\"><\/span><img data-src=\"https:\/\/bobvarela.com\/wp-content\/flagallery\/georgina-vendrell-coleccion-darklight\/webview\/georgina-vendrell-006.jpg\" alt=\"Ready to Wear Fall\/Winter 2015-2016\" class=\"noLazy flagpm_the_photo swiper-lazy\"><div class=\"swiper-lazy-preloader swiper-lazy-preloader-black\"><\/div><\/div><div class=\"swiper-slide\" data-hash=\"flagallery19678\" data-photo-id=\"19678\"><span class=\"flagpm_va\"><\/span><img data-src=\"https:\/\/bobvarela.com\/wp-content\/flagallery\/georgina-vendrell-coleccion-darklight\/webview\/georgina-vendrell-007.jpg\" alt=\"Ready to Wear Fall\/Winter 2015-2016\" class=\"noLazy flagpm_the_photo swiper-lazy\"><div class=\"swiper-lazy-preloader swiper-lazy-preloader-black\"><\/div><\/div><div class=\"swiper-slide\" data-hash=\"flagallery19679\" data-photo-id=\"19679\"><span class=\"flagpm_va\"><\/span><img data-src=\"https:\/\/bobvarela.com\/wp-content\/flagallery\/georgina-vendrell-coleccion-darklight\/webview\/georgina-vendrell-008.jpg\" alt=\"Ready to Wear Fall\/Winter 2015-2016\" class=\"noLazy flagpm_the_photo swiper-lazy\"><div class=\"swiper-lazy-preloader swiper-lazy-preloader-black\"><\/div><\/div><div class=\"swiper-slide\" data-hash=\"flagallery19680\" data-photo-id=\"19680\"><span class=\"flagpm_va\"><\/span><img data-src=\"https:\/\/bobvarela.com\/wp-content\/flagallery\/georgina-vendrell-coleccion-darklight\/webview\/georgina-vendrell-009.jpg\" alt=\"Ready to Wear Fall\/Winter 2015-2016\" class=\"noLazy flagpm_the_photo swiper-lazy\"><div class=\"swiper-lazy-preloader swiper-lazy-preloader-black\"><\/div><\/div><div class=\"swiper-slide\" data-hash=\"flagallery19681\" data-photo-id=\"19681\"><span class=\"flagpm_va\"><\/span><img data-src=\"https:\/\/bobvarela.com\/wp-content\/flagallery\/georgina-vendrell-coleccion-darklight\/webview\/georgina-vendrell-010.jpg\" alt=\"Ready to Wear Fall\/Winter 2015-2016\" class=\"noLazy flagpm_the_photo swiper-lazy\"><div class=\"swiper-lazy-preloader swiper-lazy-preloader-black\"><\/div><\/div><div class=\"swiper-slide\" data-hash=\"flagallery19682\" data-photo-id=\"19682\"><span class=\"flagpm_va\"><\/span><img data-src=\"https:\/\/bobvarela.com\/wp-content\/flagallery\/georgina-vendrell-coleccion-darklight\/webview\/georgina-vendrell-011.jpg\" alt=\"Ready to Wear Fall\/Winter 2015-2016\" class=\"noLazy flagpm_the_photo swiper-lazy\"><div class=\"swiper-lazy-preloader swiper-lazy-preloader-black\"><\/div><\/div><div class=\"swiper-slide\" data-hash=\"flagallery19683\" data-photo-id=\"19683\"><span class=\"flagpm_va\"><\/span><img data-src=\"https:\/\/bobvarela.com\/wp-content\/flagallery\/georgina-vendrell-coleccion-darklight\/webview\/georgina-vendrell-012.jpg\" alt=\"Ready to Wear Fall\/Winter 2015-2016\" class=\"noLazy flagpm_the_photo swiper-lazy\"><div class=\"swiper-lazy-preloader swiper-lazy-preloader-black\"><\/div><\/div><div class=\"swiper-slide\" data-hash=\"flagallery19684\" data-photo-id=\"19684\"><span class=\"flagpm_va\"><\/span><img data-src=\"https:\/\/bobvarela.com\/wp-content\/flagallery\/georgina-vendrell-coleccion-darklight\/webview\/georgina-vendrell-013.jpg\" alt=\"Ready to Wear Fall\/Winter 2015-2016\" class=\"noLazy flagpm_the_photo swiper-lazy\"><div class=\"swiper-lazy-preloader swiper-lazy-preloader-black\"><\/div><\/div><div class=\"swiper-slide\" data-hash=\"flagallery19685\" data-photo-id=\"19685\"><span class=\"flagpm_va\"><\/span><img data-src=\"https:\/\/bobvarela.com\/wp-content\/flagallery\/georgina-vendrell-coleccion-darklight\/webview\/georgina-vendrell-014.jpg\" alt=\"Ready to Wear Fall\/Winter 2015-2016\" class=\"noLazy flagpm_the_photo swiper-lazy\"><div class=\"swiper-lazy-preloader swiper-lazy-preloader-black\"><\/div><\/div><div class=\"swiper-slide\" data-hash=\"flagallery19686\" data-photo-id=\"19686\"><span class=\"flagpm_va\"><\/span><img data-src=\"https:\/\/bobvarela.com\/wp-content\/flagallery\/georgina-vendrell-coleccion-darklight\/webview\/georgina-vendrell-015.jpg\" alt=\"Ready to Wear Fall\/Winter 2015-2016\" class=\"noLazy flagpm_the_photo swiper-lazy\"><div class=\"swiper-lazy-preloader swiper-lazy-preloader-black\"><\/div><\/div><div class=\"swiper-slide\" data-hash=\"flagallery19687\" data-photo-id=\"19687\"><span class=\"flagpm_va\"><\/span><img data-src=\"https:\/\/bobvarela.com\/wp-content\/flagallery\/georgina-vendrell-coleccion-darklight\/webview\/georgina-vendrell-016.jpg\" alt=\"Ready to Wear Fall\/Winter 2015-2016\" class=\"noLazy flagpm_the_photo swiper-lazy\"><div class=\"swiper-lazy-preloader swiper-lazy-preloader-black\"><\/div><\/div><div class=\"swiper-slide\" data-hash=\"flagallery19688\" data-photo-id=\"19688\"><span class=\"flagpm_va\"><\/span><img data-src=\"https:\/\/bobvarela.com\/wp-content\/flagallery\/georgina-vendrell-coleccion-darklight\/webview\/georgina-vendrell-017.jpg\" alt=\"Ready to Wear Fall\/Winter 2015-2016\" class=\"noLazy flagpm_the_photo swiper-lazy\"><div class=\"swiper-lazy-preloader swiper-lazy-preloader-black\"><\/div><\/div><div class=\"swiper-slide\" data-hash=\"flagallery19689\" data-photo-id=\"19689\"><span class=\"flagpm_va\"><\/span><img data-src=\"https:\/\/bobvarela.com\/wp-content\/flagallery\/georgina-vendrell-coleccion-darklight\/webview\/georgina-vendrell-018.jpg\" alt=\"Ready to Wear Fall\/Winter 2015-2016\" class=\"noLazy flagpm_the_photo swiper-lazy\"><div class=\"swiper-lazy-preloader swiper-lazy-preloader-black\"><\/div><\/div><div class=\"swiper-slide\" data-hash=\"flagallery19690\" data-photo-id=\"19690\"><span class=\"flagpm_va\"><\/span><img data-src=\"https:\/\/bobvarela.com\/wp-content\/flagallery\/georgina-vendrell-coleccion-darklight\/webview\/georgina-vendrell-019.jpg\" alt=\"Ready to Wear Fall\/Winter 2015-2016\" class=\"noLazy flagpm_the_photo swiper-lazy\"><div class=\"swiper-lazy-preloader swiper-lazy-preloader-black\"><\/div><\/div><div class=\"swiper-slide\" data-hash=\"flagallery19691\" data-photo-id=\"19691\"><span class=\"flagpm_va\"><\/span><img data-src=\"https:\/\/bobvarela.com\/wp-content\/flagallery\/georgina-vendrell-coleccion-darklight\/webview\/georgina-vendrell-020.jpg\" alt=\"Ready to Wear Fall\/Winter 2015-2016\" class=\"noLazy flagpm_the_photo swiper-lazy\"><div class=\"swiper-lazy-preloader swiper-lazy-preloader-black\"><\/div><\/div><div class=\"swiper-slide\" data-hash=\"flagallery19692\" data-photo-id=\"19692\"><span class=\"flagpm_va\"><\/span><img data-src=\"https:\/\/bobvarela.com\/wp-content\/flagallery\/georgina-vendrell-coleccion-darklight\/webview\/georgina-vendrell-021.jpg\" alt=\"Ready to Wear Fall\/Winter 2015-2016\" class=\"noLazy flagpm_the_photo swiper-lazy\"><div class=\"swiper-lazy-preloader swiper-lazy-preloader-black\"><\/div><\/div><div class=\"swiper-slide\" data-hash=\"flagallery19693\" data-photo-id=\"19693\"><span class=\"flagpm_va\"><\/span><img data-src=\"https:\/\/bobvarela.com\/wp-content\/flagallery\/georgina-vendrell-coleccion-darklight\/webview\/georgina-vendrell-022.jpg\" alt=\"Ready to Wear Fall\/Winter 2015-2016\" class=\"noLazy flagpm_the_photo swiper-lazy\"><div class=\"swiper-lazy-preloader swiper-lazy-preloader-black\"><\/div><\/div><div class=\"swiper-slide\" data-hash=\"flagallery19694\" data-photo-id=\"19694\"><span class=\"flagpm_va\"><\/span><img data-src=\"https:\/\/bobvarela.com\/wp-content\/flagallery\/georgina-vendrell-coleccion-darklight\/webview\/georgina-vendrell-023.jpg\" alt=\"Ready to Wear Fall\/Winter 2015-2016\" class=\"noLazy flagpm_the_photo swiper-lazy\"><div class=\"swiper-lazy-preloader swiper-lazy-preloader-black\"><\/div><\/div><div class=\"swiper-slide\" data-hash=\"flagallery19695\" data-photo-id=\"19695\"><span class=\"flagpm_va\"><\/span><img data-src=\"https:\/\/bobvarela.com\/wp-content\/flagallery\/georgina-vendrell-coleccion-darklight\/webview\/georgina-vendrell-024.jpg\" alt=\"Ready to Wear Fall\/Winter 2015-2016\" class=\"noLazy flagpm_the_photo swiper-lazy\"><div class=\"swiper-lazy-preloader swiper-lazy-preloader-black\"><\/div><\/div><div class=\"swiper-slide\" data-hash=\"flagallery19696\" data-photo-id=\"19696\"><span class=\"flagpm_va\"><\/span><img data-src=\"https:\/\/bobvarela.com\/wp-content\/flagallery\/georgina-vendrell-coleccion-darklight\/webview\/georgina-vendrell-025.jpg\" alt=\"Ready to Wear Fall\/Winter 2015-2016\" class=\"noLazy flagpm_the_photo swiper-lazy\"><div class=\"swiper-lazy-preloader swiper-lazy-preloader-black\"><\/div><\/div><div class=\"swiper-slide\" data-hash=\"flagallery19697\" data-photo-id=\"19697\"><span class=\"flagpm_va\"><\/span><img data-src=\"https:\/\/bobvarela.com\/wp-content\/flagallery\/georgina-vendrell-coleccion-darklight\/webview\/georgina-vendrell-026.jpg\" alt=\"Ready to Wear Fall\/Winter 2015-2016\" class=\"noLazy flagpm_the_photo swiper-lazy\"><div class=\"swiper-lazy-preloader swiper-lazy-preloader-black\"><\/div><\/div><div class=\"swiper-slide\" data-hash=\"flagallery19698\" data-photo-id=\"19698\"><span class=\"flagpm_va\"><\/span><img data-src=\"https:\/\/bobvarela.com\/wp-content\/flagallery\/georgina-vendrell-coleccion-darklight\/webview\/georgina-vendrell-027.jpg\" alt=\"Ready to Wear Fall\/Winter 2015-2016\" class=\"noLazy flagpm_the_photo swiper-lazy\"><div class=\"swiper-lazy-preloader swiper-lazy-preloader-black\"><\/div><\/div><div class=\"swiper-slide\" data-hash=\"flagallery19699\" data-photo-id=\"19699\"><span class=\"flagpm_va\"><\/span><img data-src=\"https:\/\/bobvarela.com\/wp-content\/flagallery\/georgina-vendrell-coleccion-darklight\/webview\/georgina-vendrell-028.jpg\" alt=\"Ready to Wear Fall\/Winter 2015-2016\" class=\"noLazy flagpm_the_photo swiper-lazy\"><div class=\"swiper-lazy-preloader swiper-lazy-preloader-black\"><\/div><\/div><div class=\"swiper-slide\" data-hash=\"flagallery19700\" data-photo-id=\"19700\"><span class=\"flagpm_va\"><\/span><img data-src=\"https:\/\/bobvarela.com\/wp-content\/flagallery\/georgina-vendrell-coleccion-darklight\/webview\/georgina-vendrell-029.jpg\" alt=\"Ready to Wear Fall\/Winter 2015-2016\" class=\"noLazy flagpm_the_photo swiper-lazy\"><div class=\"swiper-lazy-preloader swiper-lazy-preloader-black\"><\/div><\/div><div class=\"swiper-slide\" data-hash=\"flagallery19701\" data-photo-id=\"19701\"><span class=\"flagpm_va\"><\/span><img data-src=\"https:\/\/bobvarela.com\/wp-content\/flagallery\/georgina-vendrell-coleccion-darklight\/webview\/georgina-vendrell-030.jpg\" alt=\"Ready to Wear Fall\/Winter 2015-2016\" class=\"noLazy flagpm_the_photo swiper-lazy\"><div class=\"swiper-lazy-preloader swiper-lazy-preloader-black\"><\/div><\/div><div class=\"swiper-slide\" data-hash=\"flagallery19702\" data-photo-id=\"19702\"><span class=\"flagpm_va\"><\/span><img data-src=\"https:\/\/bobvarela.com\/wp-content\/flagallery\/georgina-vendrell-coleccion-darklight\/webview\/georgina-vendrell-031.jpg\" alt=\"Ready to Wear Fall\/Winter 2015-2016\" class=\"noLazy flagpm_the_photo swiper-lazy\"><div class=\"swiper-lazy-preloader swiper-lazy-preloader-black\"><\/div><\/div><div class=\"swiper-slide\" data-hash=\"flagallery19703\" data-photo-id=\"19703\"><span class=\"flagpm_va\"><\/span><img data-src=\"https:\/\/bobvarela.com\/wp-content\/flagallery\/georgina-vendrell-coleccion-darklight\/webview\/georgina-vendrell-032.jpg\" alt=\"Ready to Wear Fall\/Winter 2015-2016\" class=\"noLazy flagpm_the_photo swiper-lazy\"><div class=\"swiper-lazy-preloader swiper-lazy-preloader-black\"><\/div><\/div><div class=\"swiper-slide\" data-hash=\"flagallery19704\" data-photo-id=\"19704\"><span class=\"flagpm_va\"><\/span><img data-src=\"https:\/\/bobvarela.com\/wp-content\/flagallery\/georgina-vendrell-coleccion-darklight\/webview\/georgina-vendrell-033.jpg\" alt=\"Ready to Wear Fall\/Winter 2015-2016\" class=\"noLazy flagpm_the_photo swiper-lazy\"><div class=\"swiper-lazy-preloader swiper-lazy-preloader-black\"><\/div><\/div><div class=\"swiper-slide\" data-hash=\"flagallery19705\" data-photo-id=\"19705\"><span class=\"flagpm_va\"><\/span><img data-src=\"https:\/\/bobvarela.com\/wp-content\/flagallery\/georgina-vendrell-coleccion-darklight\/webview\/georgina-vendrell-034.jpg\" alt=\"Ready to Wear Fall\/Winter 2015-2016\" class=\"noLazy flagpm_the_photo swiper-lazy\"><div class=\"swiper-lazy-preloader swiper-lazy-preloader-black\"><\/div><\/div><div class=\"swiper-slide\" data-hash=\"flagallery19706\" data-photo-id=\"19706\"><span class=\"flagpm_va\"><\/span><img data-src=\"https:\/\/bobvarela.com\/wp-content\/flagallery\/georgina-vendrell-coleccion-darklight\/webview\/georgina-vendrell-035.jpg\" alt=\"Ready to Wear Fall\/Winter 2015-2016\" class=\"noLazy flagpm_the_photo swiper-lazy\"><div class=\"swiper-lazy-preloader swiper-lazy-preloader-black\"><\/div><\/div><div class=\"swiper-slide\" data-hash=\"flagallery19707\" data-photo-id=\"19707\"><span class=\"flagpm_va\"><\/span><img data-src=\"https:\/\/bobvarela.com\/wp-content\/flagallery\/georgina-vendrell-coleccion-darklight\/webview\/georgina-vendrell-036.jpg\" alt=\"Ready to Wear Fall\/Winter 2015-2016\" class=\"noLazy flagpm_the_photo swiper-lazy\"><div class=\"swiper-lazy-preloader swiper-lazy-preloader-black\"><\/div><\/div><div class=\"swiper-slide\" data-hash=\"flagallery19708\" data-photo-id=\"19708\"><span class=\"flagpm_va\"><\/span><img data-src=\"https:\/\/bobvarela.com\/wp-content\/flagallery\/georgina-vendrell-coleccion-darklight\/webview\/georgina-vendrell-037.jpg\" alt=\"Ready to Wear Fall\/Winter 2015-2016\" class=\"noLazy flagpm_the_photo swiper-lazy\"><div class=\"swiper-lazy-preloader swiper-lazy-preloader-black\"><\/div><\/div><div class=\"swiper-slide\" data-hash=\"flagallery19709\" data-photo-id=\"19709\"><span class=\"flagpm_va\"><\/span><img data-src=\"https:\/\/bobvarela.com\/wp-content\/flagallery\/georgina-vendrell-coleccion-darklight\/webview\/georgina-vendrell-038.jpg\" alt=\"Ready to Wear Fall\/Winter 2015-2016\" class=\"noLazy flagpm_the_photo swiper-lazy\"><div class=\"swiper-lazy-preloader swiper-lazy-preloader-black\"><\/div><\/div><div class=\"swiper-slide\" data-hash=\"flagallery19710\" data-photo-id=\"19710\"><span class=\"flagpm_va\"><\/span><img data-src=\"https:\/\/bobvarela.com\/wp-content\/flagallery\/georgina-vendrell-coleccion-darklight\/webview\/georgina-vendrell-039.jpg\" alt=\"Ready to Wear Fall\/Winter 2015-2016\" class=\"noLazy flagpm_the_photo swiper-lazy\"><div class=\"swiper-lazy-preloader swiper-lazy-preloader-black\"><\/div><\/div><div class=\"swiper-slide\" data-hash=\"flagallery19711\" data-photo-id=\"19711\"><span class=\"flagpm_va\"><\/span><img data-src=\"https:\/\/bobvarela.com\/wp-content\/flagallery\/georgina-vendrell-coleccion-darklight\/webview\/georgina-vendrell-040.jpg\" alt=\"Ready to Wear Fall\/Winter 2015-2016\" class=\"noLazy flagpm_the_photo swiper-lazy\"><div class=\"swiper-lazy-preloader swiper-lazy-preloader-black\"><\/div><\/div><div class=\"swiper-slide\" data-hash=\"flagallery19712\" data-photo-id=\"19712\"><span class=\"flagpm_va\"><\/span><img data-src=\"https:\/\/bobvarela.com\/wp-content\/flagallery\/georgina-vendrell-coleccion-darklight\/webview\/georgina-vendrell-041.jpg\" alt=\"Ready to Wear Fall\/Winter 2015-2016\" class=\"noLazy flagpm_the_photo swiper-lazy\"><div class=\"swiper-lazy-preloader swiper-lazy-preloader-black\"><\/div><\/div><div class=\"swiper-slide\" data-hash=\"flagallery19713\" data-photo-id=\"19713\"><span class=\"flagpm_va\"><\/span><img data-src=\"https:\/\/bobvarela.com\/wp-content\/flagallery\/georgina-vendrell-coleccion-darklight\/webview\/georgina-vendrell-042.jpg\" alt=\"Ready to Wear Fall\/Winter 2015-2016\" class=\"noLazy flagpm_the_photo swiper-lazy\"><div class=\"swiper-lazy-preloader swiper-lazy-preloader-black\"><\/div><\/div><div class=\"swiper-slide\" data-hash=\"flagallery19714\" data-photo-id=\"19714\"><span class=\"flagpm_va\"><\/span><img data-src=\"https:\/\/bobvarela.com\/wp-content\/flagallery\/georgina-vendrell-coleccion-darklight\/webview\/georgina-vendrell-043.jpg\" alt=\"Ready to Wear Fall\/Winter 2015-2016\" class=\"noLazy flagpm_the_photo swiper-lazy\"><div class=\"swiper-lazy-preloader swiper-lazy-preloader-black\"><\/div><\/div><div class=\"swiper-slide\" data-hash=\"flagallery19715\" data-photo-id=\"19715\"><span class=\"flagpm_va\"><\/span><img data-src=\"https:\/\/bobvarela.com\/wp-content\/flagallery\/georgina-vendrell-coleccion-darklight\/webview\/georgina-vendrell-044.jpg\" alt=\"Ready to Wear Fall\/Winter 2015-2016\" class=\"noLazy flagpm_the_photo swiper-lazy\"><div class=\"swiper-lazy-preloader swiper-lazy-preloader-black\"><\/div><\/div><div class=\"swiper-slide\" data-hash=\"flagallery19716\" data-photo-id=\"19716\"><span class=\"flagpm_va\"><\/span><img data-src=\"https:\/\/bobvarela.com\/wp-content\/flagallery\/georgina-vendrell-coleccion-darklight\/webview\/georgina-vendrell-045.jpg\" alt=\"Ready to Wear Fall\/Winter 2015-2016\" class=\"noLazy flagpm_the_photo swiper-lazy\"><div class=\"swiper-lazy-preloader swiper-lazy-preloader-black\"><\/div><\/div><div class=\"swiper-slide\" data-hash=\"flagallery19717\" data-photo-id=\"19717\"><span class=\"flagpm_va\"><\/span><img data-src=\"https:\/\/bobvarela.com\/wp-content\/flagallery\/georgina-vendrell-coleccion-darklight\/webview\/georgina-vendrell-046.jpg\" alt=\"Ready to Wear Fall\/Winter 2015-2016\" class=\"noLazy flagpm_the_photo swiper-lazy\"><div class=\"swiper-lazy-preloader swiper-lazy-preloader-black\"><\/div><\/div><div class=\"swiper-slide\" data-hash=\"flagallery19718\" data-photo-id=\"19718\"><span class=\"flagpm_va\"><\/span><img data-src=\"https:\/\/bobvarela.com\/wp-content\/flagallery\/georgina-vendrell-coleccion-darklight\/webview\/georgina-vendrell-047.jpg\" alt=\"Ready to Wear Fall\/Winter 2015-2016\" class=\"noLazy flagpm_the_photo swiper-lazy\"><div class=\"swiper-lazy-preloader swiper-lazy-preloader-black\"><\/div><\/div><div class=\"swiper-slide\" data-hash=\"flagallery19719\" data-photo-id=\"19719\"><span class=\"flagpm_va\"><\/span><img data-src=\"https:\/\/bobvarela.com\/wp-content\/flagallery\/georgina-vendrell-coleccion-darklight\/webview\/georgina-vendrell-048.jpg\" alt=\"Ready to Wear Fall\/Winter 2015-2016\" class=\"noLazy flagpm_the_photo swiper-lazy\"><div class=\"swiper-lazy-preloader swiper-lazy-preloader-black\"><\/div><\/div><div class=\"swiper-slide\" data-hash=\"flagallery19720\" data-photo-id=\"19720\"><span class=\"flagpm_va\"><\/span><img data-src=\"https:\/\/bobvarela.com\/wp-content\/flagallery\/georgina-vendrell-coleccion-darklight\/webview\/georgina-vendrell-050.jpg\" alt=\"Ready to Wear Fall\/Winter 2015-2016\" class=\"noLazy flagpm_the_photo swiper-lazy\"><div class=\"swiper-lazy-preloader swiper-lazy-preloader-black\"><\/div><\/div> <\/div> <\/div> <\/div> <div class=\"flagpm_photo_header\"> <div class=\"flagpm_wrapper flagpm_clearfix\"> <div class=\"flagpm_focus_actions\"> <ul class=\"flagpm_focus_share\"> <li style=\"list-style:none;\" class=\"flagpm_share_wrapper\"> <a class=\"flagpm_button flagpm_share\">Share<\/a> <ul class=\"flagpm_sharelizers flagpm_clearfix\"> <li style=\"list-style:none;\"><a class=\"flagpm_button flagpm_facebook flagpm_sharelizer\">Facebook<\/a><\/li> <li style=\"list-style:none;\"><a class=\"flagpm_button flagpm_twitter flagpm_sharelizer\">Twitter<\/a><\/li> <li style=\"list-style:none;\"><a class=\"flagpm_button flagpm_pinterest flagpm_sharelizer\">Pinterest<\/a><\/li> <li style=\"list-style:none;\"><a class=\"flagpm_button flagpm_stumbleupon flagpm_sharelizer\">StumbleUpon<\/a><\/li> <\/ul> <\/li> <\/ul> <ul class=\"flagpm_focus_like_fave flagpm_clearfix\"> <li style=\"list-style:none;\"><a class=\"flagpm_button flagpm_like\">Like<\/a><\/li> <\/ul> <ul class=\"flagpm_focus_arrows flagpm_clearfix\"> <li style=\"list-style:none;\"><a class=\"flagpm_button flagpm_photo_arrow_previous flagpm_prev\">Previous<\/a><\/li> <li style=\"list-style:none;\"><a class=\"flagpm_button flagpm_photo_arrow_next flagpm_next\">Next<\/a><\/li> <\/ul> <\/div> <div class=\"flagpm_name_wrap flagpm_clearfix flagpm_no_avatar\"> <div class=\"flagpm_title_author\"> <div class=\"flagpm_title\">Ready to Wear Fall\/Winter 2015-2016<\/div> <\/div> <\/div> <div class=\"flagpm_actions flagpm_clearfix\"> <div class=\"flagpm_carousel flagpm_has_previous flagpm_has_next\"> <div class=\"flagpm_previous_button\"><\/div> <div class=\"flagpm_photo_carousel\"> <div class=\"swiper-container swiper-small-images\"> <div class=\"swiper-wrapper\"><div class=\"swiper-slide flagpm_photo\" data-photo-id=\"19672\"><img decoding=\"async\" src=\"https:\/\/bobvarela.com\/wp-content\/flagallery\/georgina-vendrell-coleccion-darklight\/thumbs\/thumbs_georgina-vendrell-001.jpg\" data-src=\"https:\/\/bobvarela.com\/wp-content\/flagallery\/georgina-vendrell-coleccion-darklight\/thumbs\/thumbs_georgina-vendrell-001.jpg\" alt=\"Ready to Wear Fall\/Winter 2015-2016\" class=\"noLazy flagpm_photo swiper-lazy flagpm_photo_portrait\"><span class=\"swiper-lazy-preloader swiper-lazy-preloader-black\"><\/span><\/div><div class=\"swiper-slide flagpm_photo\" data-photo-id=\"19673\"><img data-src=\"https:\/\/bobvarela.com\/wp-content\/flagallery\/georgina-vendrell-coleccion-darklight\/thumbs\/thumbs_georgina-vendrell-002.jpg\" alt=\"Ready to Wear Fall\/Winter 2015-2016\" class=\"noLazy flagpm_photo swiper-lazy flagpm_photo_portrait\"><span class=\"swiper-lazy-preloader swiper-lazy-preloader-black\"><\/span><\/div><div class=\"swiper-slide flagpm_photo\" data-photo-id=\"19674\"><img data-src=\"https:\/\/bobvarela.com\/wp-content\/flagallery\/georgina-vendrell-coleccion-darklight\/thumbs\/thumbs_georgina-vendrell-003.jpg\" alt=\"Ready to Wear Fall\/Winter 2015-2016\" class=\"noLazy flagpm_photo swiper-lazy flagpm_photo_portrait\"><span class=\"swiper-lazy-preloader swiper-lazy-preloader-black\"><\/span><\/div><div class=\"swiper-slide flagpm_photo\" data-photo-id=\"19675\"><img data-src=\"https:\/\/bobvarela.com\/wp-content\/flagallery\/georgina-vendrell-coleccion-darklight\/thumbs\/thumbs_georgina-vendrell-004.jpg\" alt=\"Ready to Wear Fall\/Winter 2015-2016\" class=\"noLazy flagpm_photo swiper-lazy flagpm_photo_portrait\"><span class=\"swiper-lazy-preloader swiper-lazy-preloader-black\"><\/span><\/div><div class=\"swiper-slide flagpm_photo\" data-photo-id=\"19676\"><img data-src=\"https:\/\/bobvarela.com\/wp-content\/flagallery\/georgina-vendrell-coleccion-darklight\/thumbs\/thumbs_georgina-vendrell-005.jpg\" alt=\"Ready to Wear Fall\/Winter 2015-2016\" class=\"noLazy flagpm_photo swiper-lazy flagpm_photo_portrait\"><span class=\"swiper-lazy-preloader swiper-lazy-preloader-black\"><\/span><\/div><div class=\"swiper-slide flagpm_photo\" data-photo-id=\"19677\"><img data-src=\"https:\/\/bobvarela.com\/wp-content\/flagallery\/georgina-vendrell-coleccion-darklight\/thumbs\/thumbs_georgina-vendrell-006.jpg\" alt=\"Ready to Wear Fall\/Winter 2015-2016\" class=\"noLazy flagpm_photo swiper-lazy flagpm_photo_portrait\"><span class=\"swiper-lazy-preloader swiper-lazy-preloader-black\"><\/span><\/div><div class=\"swiper-slide flagpm_photo\" data-photo-id=\"19678\"><img data-src=\"https:\/\/bobvarela.com\/wp-content\/flagallery\/georgina-vendrell-coleccion-darklight\/thumbs\/thumbs_georgina-vendrell-007.jpg\" alt=\"Ready to Wear Fall\/Winter 2015-2016\" class=\"noLazy flagpm_photo swiper-lazy flagpm_photo_portrait\"><span class=\"swiper-lazy-preloader swiper-lazy-preloader-black\"><\/span><\/div><div class=\"swiper-slide flagpm_photo\" data-photo-id=\"19679\"><img data-src=\"https:\/\/bobvarela.com\/wp-content\/flagallery\/georgina-vendrell-coleccion-darklight\/thumbs\/thumbs_georgina-vendrell-008.jpg\" alt=\"Ready to Wear Fall\/Winter 2015-2016\" class=\"noLazy flagpm_photo swiper-lazy flagpm_photo_portrait\"><span class=\"swiper-lazy-preloader swiper-lazy-preloader-black\"><\/span><\/div><div class=\"swiper-slide flagpm_photo\" data-photo-id=\"19680\"><img data-src=\"https:\/\/bobvarela.com\/wp-content\/flagallery\/georgina-vendrell-coleccion-darklight\/thumbs\/thumbs_georgina-vendrell-009.jpg\" alt=\"Ready to Wear Fall\/Winter 2015-2016\" class=\"noLazy flagpm_photo swiper-lazy flagpm_photo_portrait\"><span class=\"swiper-lazy-preloader swiper-lazy-preloader-black\"><\/span><\/div><div class=\"swiper-slide flagpm_photo\" data-photo-id=\"19681\"><img data-src=\"https:\/\/bobvarela.com\/wp-content\/flagallery\/georgina-vendrell-coleccion-darklight\/thumbs\/thumbs_georgina-vendrell-010.jpg\" alt=\"Ready to Wear Fall\/Winter 2015-2016\" class=\"noLazy flagpm_photo swiper-lazy flagpm_photo_portrait\"><span class=\"swiper-lazy-preloader swiper-lazy-preloader-black\"><\/span><\/div><div class=\"swiper-slide flagpm_photo\" data-photo-id=\"19682\"><img data-src=\"https:\/\/bobvarela.com\/wp-content\/flagallery\/georgina-vendrell-coleccion-darklight\/thumbs\/thumbs_georgina-vendrell-011.jpg\" alt=\"Ready to Wear Fall\/Winter 2015-2016\" class=\"noLazy flagpm_photo swiper-lazy flagpm_photo_portrait\"><span class=\"swiper-lazy-preloader swiper-lazy-preloader-black\"><\/span><\/div><div class=\"swiper-slide flagpm_photo\" data-photo-id=\"19683\"><img data-src=\"https:\/\/bobvarela.com\/wp-content\/flagallery\/georgina-vendrell-coleccion-darklight\/thumbs\/thumbs_georgina-vendrell-012.jpg\" alt=\"Ready to Wear Fall\/Winter 2015-2016\" class=\"noLazy flagpm_photo swiper-lazy flagpm_photo_portrait\"><span class=\"swiper-lazy-preloader swiper-lazy-preloader-black\"><\/span><\/div><div class=\"swiper-slide flagpm_photo\" data-photo-id=\"19684\"><img data-src=\"https:\/\/bobvarela.com\/wp-content\/flagallery\/georgina-vendrell-coleccion-darklight\/thumbs\/thumbs_georgina-vendrell-013.jpg\" alt=\"Ready to Wear Fall\/Winter 2015-2016\" class=\"noLazy flagpm_photo swiper-lazy flagpm_photo_portrait\"><span class=\"swiper-lazy-preloader swiper-lazy-preloader-black\"><\/span><\/div><div class=\"swiper-slide flagpm_photo\" data-photo-id=\"19685\"><img data-src=\"https:\/\/bobvarela.com\/wp-content\/flagallery\/georgina-vendrell-coleccion-darklight\/thumbs\/thumbs_georgina-vendrell-014.jpg\" alt=\"Ready to Wear Fall\/Winter 2015-2016\" class=\"noLazy flagpm_photo swiper-lazy flagpm_photo_portrait\"><span class=\"swiper-lazy-preloader swiper-lazy-preloader-black\"><\/span><\/div><div class=\"swiper-slide flagpm_photo\" data-photo-id=\"19686\"><img data-src=\"https:\/\/bobvarela.com\/wp-content\/flagallery\/georgina-vendrell-coleccion-darklight\/thumbs\/thumbs_georgina-vendrell-015.jpg\" alt=\"Ready to Wear Fall\/Winter 2015-2016\" class=\"noLazy flagpm_photo swiper-lazy flagpm_photo_portrait\"><span class=\"swiper-lazy-preloader swiper-lazy-preloader-black\"><\/span><\/div><div class=\"swiper-slide flagpm_photo\" data-photo-id=\"19687\"><img data-src=\"https:\/\/bobvarela.com\/wp-content\/flagallery\/georgina-vendrell-coleccion-darklight\/thumbs\/thumbs_georgina-vendrell-016.jpg\" alt=\"Ready to Wear Fall\/Winter 2015-2016\" class=\"noLazy flagpm_photo swiper-lazy flagpm_photo_portrait\"><span class=\"swiper-lazy-preloader swiper-lazy-preloader-black\"><\/span><\/div><div class=\"swiper-slide flagpm_photo\" data-photo-id=\"19688\"><img data-src=\"https:\/\/bobvarela.com\/wp-content\/flagallery\/georgina-vendrell-coleccion-darklight\/thumbs\/thumbs_georgina-vendrell-017.jpg\" alt=\"Ready to Wear Fall\/Winter 2015-2016\" class=\"noLazy flagpm_photo swiper-lazy flagpm_photo_portrait\"><span class=\"swiper-lazy-preloader swiper-lazy-preloader-black\"><\/span><\/div><div class=\"swiper-slide flagpm_photo\" data-photo-id=\"19689\"><img data-src=\"https:\/\/bobvarela.com\/wp-content\/flagallery\/georgina-vendrell-coleccion-darklight\/thumbs\/thumbs_georgina-vendrell-018.jpg\" alt=\"Ready to Wear Fall\/Winter 2015-2016\" class=\"noLazy flagpm_photo swiper-lazy flagpm_photo_portrait\"><span class=\"swiper-lazy-preloader swiper-lazy-preloader-black\"><\/span><\/div><div class=\"swiper-slide flagpm_photo\" data-photo-id=\"19690\"><img data-src=\"https:\/\/bobvarela.com\/wp-content\/flagallery\/georgina-vendrell-coleccion-darklight\/thumbs\/thumbs_georgina-vendrell-019.jpg\" alt=\"Ready to Wear Fall\/Winter 2015-2016\" class=\"noLazy flagpm_photo swiper-lazy flagpm_photo_portrait\"><span class=\"swiper-lazy-preloader swiper-lazy-preloader-black\"><\/span><\/div><div class=\"swiper-slide flagpm_photo\" data-photo-id=\"19691\"><img data-src=\"https:\/\/bobvarela.com\/wp-content\/flagallery\/georgina-vendrell-coleccion-darklight\/thumbs\/thumbs_georgina-vendrell-020.jpg\" alt=\"Ready to Wear Fall\/Winter 2015-2016\" class=\"noLazy flagpm_photo swiper-lazy flagpm_photo_portrait\"><span class=\"swiper-lazy-preloader swiper-lazy-preloader-black\"><\/span><\/div><div class=\"swiper-slide flagpm_photo\" data-photo-id=\"19692\"><img data-src=\"https:\/\/bobvarela.com\/wp-content\/flagallery\/georgina-vendrell-coleccion-darklight\/thumbs\/thumbs_georgina-vendrell-021.jpg\" alt=\"Ready to Wear Fall\/Winter 2015-2016\" class=\"noLazy flagpm_photo swiper-lazy flagpm_photo_portrait\"><span class=\"swiper-lazy-preloader swiper-lazy-preloader-black\"><\/span><\/div><div class=\"swiper-slide flagpm_photo\" data-photo-id=\"19693\"><img data-src=\"https:\/\/bobvarela.com\/wp-content\/flagallery\/georgina-vendrell-coleccion-darklight\/thumbs\/thumbs_georgina-vendrell-022.jpg\" alt=\"Ready to Wear Fall\/Winter 2015-2016\" class=\"noLazy flagpm_photo swiper-lazy flagpm_photo_portrait\"><span class=\"swiper-lazy-preloader swiper-lazy-preloader-black\"><\/span><\/div><div class=\"swiper-slide flagpm_photo\" data-photo-id=\"19694\"><img data-src=\"https:\/\/bobvarela.com\/wp-content\/flagallery\/georgina-vendrell-coleccion-darklight\/thumbs\/thumbs_georgina-vendrell-023.jpg\" alt=\"Ready to Wear Fall\/Winter 2015-2016\" class=\"noLazy flagpm_photo swiper-lazy flagpm_photo_portrait\"><span class=\"swiper-lazy-preloader swiper-lazy-preloader-black\"><\/span><\/div><div class=\"swiper-slide flagpm_photo\" data-photo-id=\"19695\"><img data-src=\"https:\/\/bobvarela.com\/wp-content\/flagallery\/georgina-vendrell-coleccion-darklight\/thumbs\/thumbs_georgina-vendrell-024.jpg\" alt=\"Ready to Wear Fall\/Winter 2015-2016\" class=\"noLazy flagpm_photo swiper-lazy flagpm_photo_portrait\"><span class=\"swiper-lazy-preloader swiper-lazy-preloader-black\"><\/span><\/div><div class=\"swiper-slide flagpm_photo\" data-photo-id=\"19696\"><img data-src=\"https:\/\/bobvarela.com\/wp-content\/flagallery\/georgina-vendrell-coleccion-darklight\/thumbs\/thumbs_georgina-vendrell-025.jpg\" alt=\"Ready to Wear Fall\/Winter 2015-2016\" class=\"noLazy flagpm_photo swiper-lazy flagpm_photo_portrait\"><span class=\"swiper-lazy-preloader swiper-lazy-preloader-black\"><\/span><\/div><div class=\"swiper-slide flagpm_photo\" data-photo-id=\"19697\"><img data-src=\"https:\/\/bobvarela.com\/wp-content\/flagallery\/georgina-vendrell-coleccion-darklight\/thumbs\/thumbs_georgina-vendrell-026.jpg\" alt=\"Ready to Wear Fall\/Winter 2015-2016\" class=\"noLazy flagpm_photo swiper-lazy flagpm_photo_portrait\"><span class=\"swiper-lazy-preloader swiper-lazy-preloader-black\"><\/span><\/div><div class=\"swiper-slide flagpm_photo\" data-photo-id=\"19698\"><img data-src=\"https:\/\/bobvarela.com\/wp-content\/flagallery\/georgina-vendrell-coleccion-darklight\/thumbs\/thumbs_georgina-vendrell-027.jpg\" alt=\"Ready to Wear Fall\/Winter 2015-2016\" class=\"noLazy flagpm_photo swiper-lazy flagpm_photo_portrait\"><span class=\"swiper-lazy-preloader swiper-lazy-preloader-black\"><\/span><\/div><div class=\"swiper-slide flagpm_photo\" data-photo-id=\"19699\"><img data-src=\"https:\/\/bobvarela.com\/wp-content\/flagallery\/georgina-vendrell-coleccion-darklight\/thumbs\/thumbs_georgina-vendrell-028.jpg\" alt=\"Ready to Wear Fall\/Winter 2015-2016\" class=\"noLazy flagpm_photo swiper-lazy flagpm_photo_portrait\"><span class=\"swiper-lazy-preloader swiper-lazy-preloader-black\"><\/span><\/div><div class=\"swiper-slide flagpm_photo\" data-photo-id=\"19700\"><img data-src=\"https:\/\/bobvarela.com\/wp-content\/flagallery\/georgina-vendrell-coleccion-darklight\/thumbs\/thumbs_georgina-vendrell-029.jpg\" alt=\"Ready to Wear Fall\/Winter 2015-2016\" class=\"noLazy flagpm_photo swiper-lazy flagpm_photo_portrait\"><span class=\"swiper-lazy-preloader swiper-lazy-preloader-black\"><\/span><\/div><div class=\"swiper-slide flagpm_photo\" data-photo-id=\"19701\"><img data-src=\"https:\/\/bobvarela.com\/wp-content\/flagallery\/georgina-vendrell-coleccion-darklight\/thumbs\/thumbs_georgina-vendrell-030.jpg\" alt=\"Ready to Wear Fall\/Winter 2015-2016\" class=\"noLazy flagpm_photo swiper-lazy flagpm_photo_portrait\"><span class=\"swiper-lazy-preloader swiper-lazy-preloader-black\"><\/span><\/div><div class=\"swiper-slide flagpm_photo\" data-photo-id=\"19702\"><img data-src=\"https:\/\/bobvarela.com\/wp-content\/flagallery\/georgina-vendrell-coleccion-darklight\/thumbs\/thumbs_georgina-vendrell-031.jpg\" alt=\"Ready to Wear Fall\/Winter 2015-2016\" class=\"noLazy flagpm_photo swiper-lazy flagpm_photo_portrait\"><span class=\"swiper-lazy-preloader swiper-lazy-preloader-black\"><\/span><\/div><div class=\"swiper-slide flagpm_photo\" data-photo-id=\"19703\"><img data-src=\"https:\/\/bobvarela.com\/wp-content\/flagallery\/georgina-vendrell-coleccion-darklight\/thumbs\/thumbs_georgina-vendrell-032.jpg\" alt=\"Ready to Wear Fall\/Winter 2015-2016\" class=\"noLazy flagpm_photo swiper-lazy flagpm_photo_portrait\"><span class=\"swiper-lazy-preloader swiper-lazy-preloader-black\"><\/span><\/div><div class=\"swiper-slide flagpm_photo\" data-photo-id=\"19704\"><img data-src=\"https:\/\/bobvarela.com\/wp-content\/flagallery\/georgina-vendrell-coleccion-darklight\/thumbs\/thumbs_georgina-vendrell-033.jpg\" alt=\"Ready to Wear Fall\/Winter 2015-2016\" class=\"noLazy flagpm_photo swiper-lazy flagpm_photo_portrait\"><span class=\"swiper-lazy-preloader swiper-lazy-preloader-black\"><\/span><\/div><div class=\"swiper-slide flagpm_photo\" data-photo-id=\"19705\"><img data-src=\"https:\/\/bobvarela.com\/wp-content\/flagallery\/georgina-vendrell-coleccion-darklight\/thumbs\/thumbs_georgina-vendrell-034.jpg\" alt=\"Ready to Wear Fall\/Winter 2015-2016\" class=\"noLazy flagpm_photo swiper-lazy flagpm_photo_portrait\"><span class=\"swiper-lazy-preloader swiper-lazy-preloader-black\"><\/span><\/div><div class=\"swiper-slide flagpm_photo\" data-photo-id=\"19706\"><img data-src=\"https:\/\/bobvarela.com\/wp-content\/flagallery\/georgina-vendrell-coleccion-darklight\/thumbs\/thumbs_georgina-vendrell-035.jpg\" alt=\"Ready to Wear Fall\/Winter 2015-2016\" class=\"noLazy flagpm_photo swiper-lazy flagpm_photo_portrait\"><span class=\"swiper-lazy-preloader swiper-lazy-preloader-black\"><\/span><\/div><div class=\"swiper-slide flagpm_photo\" data-photo-id=\"19707\"><img data-src=\"https:\/\/bobvarela.com\/wp-content\/flagallery\/georgina-vendrell-coleccion-darklight\/thumbs\/thumbs_georgina-vendrell-036.jpg\" alt=\"Ready to Wear Fall\/Winter 2015-2016\" class=\"noLazy flagpm_photo swiper-lazy flagpm_photo_portrait\"><span class=\"swiper-lazy-preloader swiper-lazy-preloader-black\"><\/span><\/div><div class=\"swiper-slide flagpm_photo\" data-photo-id=\"19708\"><img data-src=\"https:\/\/bobvarela.com\/wp-content\/flagallery\/georgina-vendrell-coleccion-darklight\/thumbs\/thumbs_georgina-vendrell-037.jpg\" alt=\"Ready to Wear Fall\/Winter 2015-2016\" class=\"noLazy flagpm_photo swiper-lazy flagpm_photo_portrait\"><span class=\"swiper-lazy-preloader swiper-lazy-preloader-black\"><\/span><\/div><div class=\"swiper-slide flagpm_photo\" data-photo-id=\"19709\"><img data-src=\"https:\/\/bobvarela.com\/wp-content\/flagallery\/georgina-vendrell-coleccion-darklight\/thumbs\/thumbs_georgina-vendrell-038.jpg\" alt=\"Ready to Wear Fall\/Winter 2015-2016\" class=\"noLazy flagpm_photo swiper-lazy flagpm_photo_portrait\"><span class=\"swiper-lazy-preloader swiper-lazy-preloader-black\"><\/span><\/div><div class=\"swiper-slide flagpm_photo\" data-photo-id=\"19710\"><img data-src=\"https:\/\/bobvarela.com\/wp-content\/flagallery\/georgina-vendrell-coleccion-darklight\/thumbs\/thumbs_georgina-vendrell-039.jpg\" alt=\"Ready to Wear Fall\/Winter 2015-2016\" class=\"noLazy flagpm_photo swiper-lazy flagpm_photo_portrait\"><span class=\"swiper-lazy-preloader swiper-lazy-preloader-black\"><\/span><\/div><div class=\"swiper-slide flagpm_photo\" data-photo-id=\"19711\"><img data-src=\"https:\/\/bobvarela.com\/wp-content\/flagallery\/georgina-vendrell-coleccion-darklight\/thumbs\/thumbs_georgina-vendrell-040.jpg\" alt=\"Ready to Wear Fall\/Winter 2015-2016\" class=\"noLazy flagpm_photo swiper-lazy flagpm_photo_portrait\"><span class=\"swiper-lazy-preloader swiper-lazy-preloader-black\"><\/span><\/div><div class=\"swiper-slide flagpm_photo\" data-photo-id=\"19712\"><img data-src=\"https:\/\/bobvarela.com\/wp-content\/flagallery\/georgina-vendrell-coleccion-darklight\/thumbs\/thumbs_georgina-vendrell-041.jpg\" alt=\"Ready to Wear Fall\/Winter 2015-2016\" class=\"noLazy flagpm_photo swiper-lazy flagpm_photo_portrait\"><span class=\"swiper-lazy-preloader swiper-lazy-preloader-black\"><\/span><\/div><div class=\"swiper-slide flagpm_photo\" data-photo-id=\"19713\"><img data-src=\"https:\/\/bobvarela.com\/wp-content\/flagallery\/georgina-vendrell-coleccion-darklight\/thumbs\/thumbs_georgina-vendrell-042.jpg\" alt=\"Ready to Wear Fall\/Winter 2015-2016\" class=\"noLazy flagpm_photo swiper-lazy flagpm_photo_portrait\"><span class=\"swiper-lazy-preloader swiper-lazy-preloader-black\"><\/span><\/div><div class=\"swiper-slide flagpm_photo\" data-photo-id=\"19714\"><img data-src=\"https:\/\/bobvarela.com\/wp-content\/flagallery\/georgina-vendrell-coleccion-darklight\/thumbs\/thumbs_georgina-vendrell-043.jpg\" alt=\"Ready to Wear Fall\/Winter 2015-2016\" class=\"noLazy flagpm_photo swiper-lazy flagpm_photo_portrait\"><span class=\"swiper-lazy-preloader swiper-lazy-preloader-black\"><\/span><\/div><div class=\"swiper-slide flagpm_photo\" data-photo-id=\"19715\"><img data-src=\"https:\/\/bobvarela.com\/wp-content\/flagallery\/georgina-vendrell-coleccion-darklight\/thumbs\/thumbs_georgina-vendrell-044.jpg\" alt=\"Ready to Wear Fall\/Winter 2015-2016\" class=\"noLazy flagpm_photo swiper-lazy flagpm_photo_portrait\"><span class=\"swiper-lazy-preloader swiper-lazy-preloader-black\"><\/span><\/div><div class=\"swiper-slide flagpm_photo\" data-photo-id=\"19716\"><img data-src=\"https:\/\/bobvarela.com\/wp-content\/flagallery\/georgina-vendrell-coleccion-darklight\/thumbs\/thumbs_georgina-vendrell-045.jpg\" alt=\"Ready to Wear Fall\/Winter 2015-2016\" class=\"noLazy flagpm_photo swiper-lazy flagpm_photo_portrait\"><span class=\"swiper-lazy-preloader swiper-lazy-preloader-black\"><\/span><\/div><div class=\"swiper-slide flagpm_photo\" data-photo-id=\"19717\"><img data-src=\"https:\/\/bobvarela.com\/wp-content\/flagallery\/georgina-vendrell-coleccion-darklight\/thumbs\/thumbs_georgina-vendrell-046.jpg\" alt=\"Ready to Wear Fall\/Winter 2015-2016\" class=\"noLazy flagpm_photo swiper-lazy flagpm_photo_portrait\"><span class=\"swiper-lazy-preloader swiper-lazy-preloader-black\"><\/span><\/div><div class=\"swiper-slide flagpm_photo\" data-photo-id=\"19718\"><img data-src=\"https:\/\/bobvarela.com\/wp-content\/flagallery\/georgina-vendrell-coleccion-darklight\/thumbs\/thumbs_georgina-vendrell-047.jpg\" alt=\"Ready to Wear Fall\/Winter 2015-2016\" class=\"noLazy flagpm_photo swiper-lazy flagpm_photo_portrait\"><span class=\"swiper-lazy-preloader swiper-lazy-preloader-black\"><\/span><\/div><div class=\"swiper-slide flagpm_photo\" data-photo-id=\"19719\"><img data-src=\"https:\/\/bobvarela.com\/wp-content\/flagallery\/georgina-vendrell-coleccion-darklight\/thumbs\/thumbs_georgina-vendrell-048.jpg\" alt=\"Ready to Wear Fall\/Winter 2015-2016\" class=\"noLazy flagpm_photo swiper-lazy flagpm_photo_portrait\"><span class=\"swiper-lazy-preloader swiper-lazy-preloader-black\"><\/span><\/div><div class=\"swiper-slide flagpm_photo\" data-photo-id=\"19720\"><img data-src=\"https:\/\/bobvarela.com\/wp-content\/flagallery\/georgina-vendrell-coleccion-darklight\/thumbs\/thumbs_georgina-vendrell-050.jpg\" alt=\"Ready to Wear Fall\/Winter 2015-2016\" class=\"noLazy flagpm_photo swiper-lazy flagpm_photo_portrait\"><span class=\"swiper-lazy-preloader swiper-lazy-preloader-black\"><\/span><\/div> <\/div> <\/div> <\/div> <div class=\"flagpm_next_button\"><\/div> <\/div> <div class=\"flagpm_big_button_wrap\"> <div class=\"flagpm_share_wrapper\"> <a class=\"flagpm_button flagpm_share\">Share<\/a> <div class=\"flagpm_sharelizers_wrap\"> <ul class=\"flagpm_sharelizers\"> <li style=\"list-style:none;\"><a class=\"flagpm_button flagpm_facebook flagpm_sharelizer\">Facebook<\/a><\/li> <li style=\"list-style:none;\"><a class=\"flagpm_button flagpm_twitter flagpm_sharelizer\">Twitter<\/a><\/li> <li style=\"list-style:none;\"><a class=\"flagpm_button flagpm_pinterest flagpm_sharelizer\">Pinterest<\/a><\/li> <li style=\"list-style:none;\"><a class=\"flagpm_button flagpm_stumbleupon flagpm_sharelizer\">StumbleUpon<\/a><\/li> <\/ul> <\/div> <\/div> <a class=\"flagpm_button flagpm_like\">Like<\/a> <\/div> <div class=\"flagpm_big_button_wrap\"> <a class=\"flagpm_big_button flagpm_download_button\" href=\"https:\/\/bobvarela.com\/wp-content\/flagallery\/georgina-vendrell-coleccion-darklight\/georgina-vendrell-001.jpg\" download=\"georgina-vendrell-001.jpg\"> <span class=\"flagpm_icon\"><\/span> <span class=\"flagpm_label\">Download<\/span> <\/a> <\/div> <div class=\"flagpm_big_button_wrap\"> <a class=\"flagpm_big_button flagpm_link_button flagpm_inactive\" > <span class=\"flagpm_icon\"><\/span> <span class=\"flagpm_label\">Open Link<\/span> <\/a> <\/div> <\/div> <\/div> <\/div> <div class=\"flagpm_focus_close_full\"> <span><a class=\"flagpm_button flagpm_close\">Close<\/a><\/span> <span><a class=\"flagpm_button flagpm_full\">Full<\/a><\/span> <\/div> <div class=\"flagpm_photo_details\"> <div class=\"flagpm_description_wrap\"> <div class=\"details_title\">Description<\/div> <div class=\"flagpm_description_text_wrap\"> <div class=\"flagpm_slide_description\"><p>Ready to Wear Fall\/Winter 2015-2016<\/p><\/div> <\/div> <\/div> <\/div> <div class=\"flagpm_focus_footer\"> <div class=\"flagpm_focus_keyboard\"> <div class=\"flagpm_focus_keyboard_title\">Keyboard Shortcuts <a class=\"flagpm_focus_keyboard_dismiss\">Dismiss<\/a><\/div> <ul> <li style=\"list-style:none;\"><a data-key=\"p\" class=\"flagpm_key\">S<\/a><span class=\"flagpm_label\">Slideshow<\/span><\/li> <li style=\"list-style:none;\"><a data-key=\"m\" class=\"flagpm_key\">M<\/a><span class=\"flagpm_label\">Maximize<\/span><\/li> <li style=\"list-style:none;\"><a data-key=\"left\" class=\"flagpm_key\">&nbsp;<\/a><span class=\"flagpm_label\">Previous<\/span><\/li> <li style=\"list-style:none;\"><a data-key=\"right\" class=\"flagpm_key\">&nbsp;<\/a><span class=\"flagpm_label\">Next<\/span><\/li> <li style=\"list-style:none;\"><a data-key=\"escape\" class=\"flagpm_key flagpm_esc\">esc<\/a><span class=\"flagpm_label\">Close<\/span><\/li> <\/ul> <\/div> <\/div> <\/div> <script type=\"text\/javascript\"> jQuery(function($) { var settings = {\"base_gallery_width\":\"800\",\"base_gallery_height\":\"500\",\"gallery_min_height\":\"230\",\"scale_mode\":\"fit\",\"initial_slide\":0,\"slideshow_autoplay\":\"0\",\"slideshow_delay\":\"7000\",\"gallery_focus\":\"0\",\"gallery_maximized\":\"0\",\"gallery_focus_maximized\":\"0\",\"keyboard_help\":\"1\",\"show_download_button\":\"1\",\"show_link_button\":\"1\",\"show_description\":\"1\",\"show_share_button\":\"1\",\"show_like_button\":\"1\",\"link_color\":\"#0099e5\",\"link_color_hover\":\"#02adea\",\"download_button_text\":\"Download\",\"link_button_text\":\"Open Link\",\"description_title\":\"Description\",\"key\":\"\",\"name\":\"\",\"gallID\":\"sc1_270\"}; var content = {\"data\":[{\"id\":\"19672\",\"image\":\"https:\\\/\\\/bobvarela.com\\\/wp-content\\\/flagallery\\\/georgina-vendrell-coleccion-darklight\\\/webview\\\/georgina-vendrell-001.jpg\",\"thumb\":\"https:\\\/\\\/bobvarela.com\\\/wp-content\\\/flagallery\\\/georgina-vendrell-coleccion-darklight\\\/thumbs\\\/thumbs_georgina-vendrell-001.jpg\",\"file\":\"georgina-vendrell-001.jpg\",\"meta\":{\"aperture\":false,\"credit\":false,\"camera\":false,\"caption\":\"Ready to Wear Fall\\\/Winter 2015-2016\",\"created_timestamp\":\"February 4, 2015 11:10 am\",\"copyright\":\"\\u00c2\\u00a9 2015 Estrop-Barcelona PHOTOGRAPH FOR EDITORIAL USE ONLY\",\"focal_length\":false,\"iso\":false,\"shutter_speed\":false,\"flash\":false,\"title\":\"Ready to Wear Fall\\\/Winter 2015-2016\",\"keywords\":\"2015-2016,Fall\\\/Winter,RTW\",\"width\":669,\"height\":1000,\"saved\":true,\"thumbnail\":{\"width\":220,\"height\":220,\"ewww_image_optimizer\":\"Reduced by 11.0% (2.9&nbsp;kB)\"},\"webview\":{\"0\":669,\"1\":1000,\"2\":2,\"3\":\"width=\\\"669\\\" height=\\\"1000\\\"\",\"bits\":8,\"channels\":3,\"mime\":\"image\\\/jpeg\",\"ewww_image_optimizer\":\"Reduced by 6.6% (4.1&nbsp;kB) - Previously Optimized\"},\"0\":false,\"ewww_image_optimizer\":\"Reduced by 9.8% (19.6&nbsp;kB)\",\"views\":\"87\",\"likes\":\"0\"},\"title\":\"Ready to Wear Fall\\\/Winter 2015-2016\",\"description\":\"<p>Ready to Wear Fall\\\/Winter 2015-2016<\\\/p>\",\"link\":null,\"link_target\":\"\",\"download\":\"https:\\\/\\\/bobvarela.com\\\/wp-content\\\/flagallery\\\/georgina-vendrell-coleccion-darklight\\\/georgina-vendrell-001.jpg\",\"ratio\":0.669000000000000039079850466805510222911834716796875},{\"id\":\"19673\",\"image\":\"https:\\\/\\\/bobvarela.com\\\/wp-content\\\/flagallery\\\/georgina-vendrell-coleccion-darklight\\\/webview\\\/georgina-vendrell-002.jpg\",\"thumb\":\"https:\\\/\\\/bobvarela.com\\\/wp-content\\\/flagallery\\\/georgina-vendrell-coleccion-darklight\\\/thumbs\\\/thumbs_georgina-vendrell-002.jpg\",\"file\":\"georgina-vendrell-002.jpg\",\"meta\":{\"aperture\":false,\"credit\":false,\"camera\":false,\"caption\":\"Ready to Wear Fall\\\/Winter 2015-2016\",\"created_timestamp\":\"February 4, 2015 11:11 am\",\"copyright\":\"\\u00c2\\u00a9 2015 Estrop-Barcelona PHOTOGRAPH FOR EDITORIAL USE ONLY\",\"focal_length\":false,\"iso\":false,\"shutter_speed\":false,\"flash\":false,\"title\":\"Ready to Wear Fall\\\/Winter 2015-2016\",\"keywords\":\"2015-2016,Fall\\\/Winter,RTW\",\"width\":669,\"height\":1000,\"saved\":true,\"thumbnail\":{\"width\":220,\"height\":220,\"ewww_image_optimizer\":\"Reduced by 9.1% (2.9&nbsp;kB)\"},\"webview\":{\"0\":669,\"1\":1000,\"2\":2,\"3\":\"width=\\\"669\\\" height=\\\"1000\\\"\",\"bits\":8,\"channels\":3,\"mime\":\"image\\\/jpeg\",\"ewww_image_optimizer\":\"Reduced by 4.3% (3.7&nbsp;kB) - Previously Optimized\"},\"0\":false,\"ewww_image_optimizer\":\"Reduced by 4.2% (7.1&nbsp;kB)\",\"views\":\"0\",\"likes\":\"0\"},\"title\":\"Ready to Wear Fall\\\/Winter 2015-2016\",\"description\":\"<p>Ready to Wear Fall\\\/Winter 2015-2016<\\\/p>\",\"link\":null,\"link_target\":\"\",\"download\":\"https:\\\/\\\/bobvarela.com\\\/wp-content\\\/flagallery\\\/georgina-vendrell-coleccion-darklight\\\/georgina-vendrell-002.jpg\",\"ratio\":0.669000000000000039079850466805510222911834716796875},{\"id\":\"19674\",\"image\":\"https:\\\/\\\/bobvarela.com\\\/wp-content\\\/flagallery\\\/georgina-vendrell-coleccion-darklight\\\/webview\\\/georgina-vendrell-003.jpg\",\"thumb\":\"https:\\\/\\\/bobvarela.com\\\/wp-content\\\/flagallery\\\/georgina-vendrell-coleccion-darklight\\\/thumbs\\\/thumbs_georgina-vendrell-003.jpg\",\"file\":\"georgina-vendrell-003.jpg\",\"meta\":{\"aperture\":false,\"credit\":false,\"camera\":false,\"caption\":\"Ready to Wear Fall\\\/Winter 2015-2016\",\"created_timestamp\":\"February 4, 2015 11:11 am\",\"copyright\":\"\\u00c2\\u00a9 2015 Estrop-Barcelona PHOTOGRAPH FOR EDITORIAL USE ONLY\",\"focal_length\":false,\"iso\":false,\"shutter_speed\":false,\"flash\":false,\"title\":\"Ready to Wear Fall\\\/Winter 2015-2016\",\"keywords\":\"2015-2016,Fall\\\/Winter,RTW\",\"width\":669,\"height\":1000,\"saved\":true,\"thumbnail\":{\"width\":220,\"height\":220,\"ewww_image_optimizer\":\"Reduced by 8.5% (2.6&nbsp;kB)\"},\"webview\":{\"0\":669,\"1\":1000,\"2\":2,\"3\":\"width=\\\"669\\\" height=\\\"1000\\\"\",\"bits\":8,\"channels\":3,\"mime\":\"image\\\/jpeg\",\"ewww_image_optimizer\":\"Reduced by 4.2% (3.5&nbsp;kB) - Previously Optimized\"},\"0\":false,\"ewww_image_optimizer\":\"Reduced by 4.4% (7.2&nbsp;kB)\",\"views\":\"0\",\"likes\":\"0\"},\"title\":\"Ready to Wear Fall\\\/Winter 2015-2016\",\"description\":\"<p>Ready to Wear Fall\\\/Winter 2015-2016<\\\/p>\",\"link\":null,\"link_target\":\"\",\"download\":\"https:\\\/\\\/bobvarela.com\\\/wp-content\\\/flagallery\\\/georgina-vendrell-coleccion-darklight\\\/georgina-vendrell-003.jpg\",\"ratio\":0.669000000000000039079850466805510222911834716796875},{\"id\":\"19675\",\"image\":\"https:\\\/\\\/bobvarela.com\\\/wp-content\\\/flagallery\\\/georgina-vendrell-coleccion-darklight\\\/webview\\\/georgina-vendrell-004.jpg\",\"thumb\":\"https:\\\/\\\/bobvarela.com\\\/wp-content\\\/flagallery\\\/georgina-vendrell-coleccion-darklight\\\/thumbs\\\/thumbs_georgina-vendrell-004.jpg\",\"file\":\"georgina-vendrell-004.jpg\",\"meta\":{\"aperture\":false,\"credit\":false,\"camera\":false,\"caption\":\"Ready to Wear Fall\\\/Winter 2015-2016\",\"created_timestamp\":\"February 4, 2015 11:11 am\",\"copyright\":\"\\u00c2\\u00a9 2015 Estrop-Barcelona PHOTOGRAPH FOR EDITORIAL USE ONLY\",\"focal_length\":false,\"iso\":false,\"shutter_speed\":false,\"flash\":false,\"title\":\"Ready to Wear Fall\\\/Winter 2015-2016\",\"keywords\":\"2015-2016,Fall\\\/Winter,RTW\",\"width\":669,\"height\":1000,\"saved\":true,\"thumbnail\":{\"width\":220,\"height\":220,\"ewww_image_optimizer\":\"Reduced by 11.8% (3.9&nbsp;kB)\"},\"webview\":{\"0\":669,\"1\":1000,\"2\":2,\"3\":\"width=\\\"669\\\" height=\\\"1000\\\"\",\"bits\":8,\"channels\":3,\"mime\":\"image\\\/jpeg\",\"ewww_image_optimizer\":\"Reduced by 4.4% (4.3&nbsp;kB) - Previously Optimized\"},\"0\":false,\"ewww_image_optimizer\":\"Reduced by 5.3% (9.6&nbsp;kB)\",\"views\":\"0\",\"likes\":\"0\"},\"title\":\"Ready to Wear Fall\\\/Winter 2015-2016\",\"description\":\"<p>Ready to Wear Fall\\\/Winter 2015-2016<\\\/p>\",\"link\":null,\"link_target\":\"\",\"download\":\"https:\\\/\\\/bobvarela.com\\\/wp-content\\\/flagallery\\\/georgina-vendrell-coleccion-darklight\\\/georgina-vendrell-004.jpg\",\"ratio\":0.669000000000000039079850466805510222911834716796875},{\"id\":\"19676\",\"image\":\"https:\\\/\\\/bobvarela.com\\\/wp-content\\\/flagallery\\\/georgina-vendrell-coleccion-darklight\\\/webview\\\/georgina-vendrell-005.jpg\",\"thumb\":\"https:\\\/\\\/bobvarela.com\\\/wp-content\\\/flagallery\\\/georgina-vendrell-coleccion-darklight\\\/thumbs\\\/thumbs_georgina-vendrell-005.jpg\",\"file\":\"georgina-vendrell-005.jpg\",\"meta\":{\"aperture\":false,\"credit\":false,\"camera\":false,\"caption\":\"Ready to Wear Fall\\\/Winter 2015-2016\",\"created_timestamp\":\"February 4, 2015 11:11 am\",\"copyright\":\"\\u00c2\\u00a9 2015 Estrop-Barcelona PHOTOGRAPH FOR EDITORIAL USE ONLY\",\"focal_length\":false,\"iso\":false,\"shutter_speed\":false,\"flash\":false,\"title\":\"Ready to Wear Fall\\\/Winter 2015-2016\",\"keywords\":\"2015-2016,Fall\\\/Winter,RTW\",\"width\":669,\"height\":1000,\"saved\":true,\"thumbnail\":{\"width\":220,\"height\":220,\"ewww_image_optimizer\":\"Reduced by 14.4% (6.2&nbsp;kB)\"},\"webview\":{\"0\":669,\"1\":1000,\"2\":2,\"3\":\"width=\\\"669\\\" height=\\\"1000\\\"\",\"bits\":8,\"channels\":3,\"mime\":\"image\\\/jpeg\",\"ewww_image_optimizer\":\"Reduced by 6.4% (10.0&nbsp;kB) - Previously Optimized\"},\"0\":false,\"ewww_image_optimizer\":\"Reduced by 6.9% (12.7&nbsp;kB)\",\"views\":\"0\",\"likes\":\"0\"},\"title\":\"Ready to Wear Fall\\\/Winter 2015-2016\",\"description\":\"<p>Ready to Wear Fall\\\/Winter 2015-2016<\\\/p>\",\"link\":null,\"link_target\":\"\",\"download\":\"https:\\\/\\\/bobvarela.com\\\/wp-content\\\/flagallery\\\/georgina-vendrell-coleccion-darklight\\\/georgina-vendrell-005.jpg\",\"ratio\":0.669000000000000039079850466805510222911834716796875},{\"id\":\"19677\",\"image\":\"https:\\\/\\\/bobvarela.com\\\/wp-content\\\/flagallery\\\/georgina-vendrell-coleccion-darklight\\\/webview\\\/georgina-vendrell-006.jpg\",\"thumb\":\"https:\\\/\\\/bobvarela.com\\\/wp-content\\\/flagallery\\\/georgina-vendrell-coleccion-darklight\\\/thumbs\\\/thumbs_georgina-vendrell-006.jpg\",\"file\":\"georgina-vendrell-006.jpg\",\"meta\":{\"aperture\":false,\"credit\":false,\"camera\":false,\"caption\":\"Ready to Wear Fall\\\/Winter 2015-2016\",\"created_timestamp\":\"February 4, 2015 11:11 am\",\"copyright\":\"\\u00c2\\u00a9 2015 Estrop-Barcelona PHOTOGRAPH FOR EDITORIAL USE ONLY\",\"focal_length\":false,\"iso\":false,\"shutter_speed\":false,\"flash\":false,\"title\":\"Ready to Wear Fall\\\/Winter 2015-2016\",\"keywords\":\"2015-2016,Fall\\\/Winter,RTW\",\"width\":669,\"height\":1000,\"saved\":true,\"thumbnail\":{\"width\":220,\"height\":220,\"ewww_image_optimizer\":\"Reduced by 10.2% (3.0&nbsp;kB)\"},\"webview\":{\"0\":669,\"1\":1000,\"2\":2,\"3\":\"width=\\\"669\\\" height=\\\"1000\\\"\",\"bits\":8,\"channels\":3,\"mime\":\"image\\\/jpeg\",\"ewww_image_optimizer\":\"Reduced by 5.7% (6.9&nbsp;kB) - Previously Optimized\"},\"0\":false,\"ewww_image_optimizer\":\"Reduced by 6.4% (10.2&nbsp;kB)\",\"views\":\"0\",\"likes\":\"0\"},\"title\":\"Ready to Wear Fall\\\/Winter 2015-2016\",\"description\":\"<p>Ready to Wear Fall\\\/Winter 2015-2016<\\\/p>\",\"link\":null,\"link_target\":\"\",\"download\":\"https:\\\/\\\/bobvarela.com\\\/wp-content\\\/flagallery\\\/georgina-vendrell-coleccion-darklight\\\/georgina-vendrell-006.jpg\",\"ratio\":0.669000000000000039079850466805510222911834716796875},{\"id\":\"19678\",\"image\":\"https:\\\/\\\/bobvarela.com\\\/wp-content\\\/flagallery\\\/georgina-vendrell-coleccion-darklight\\\/webview\\\/georgina-vendrell-007.jpg\",\"thumb\":\"https:\\\/\\\/bobvarela.com\\\/wp-content\\\/flagallery\\\/georgina-vendrell-coleccion-darklight\\\/thumbs\\\/thumbs_georgina-vendrell-007.jpg\",\"file\":\"georgina-vendrell-007.jpg\",\"meta\":{\"aperture\":false,\"credit\":false,\"camera\":false,\"caption\":\"Ready to Wear Fall\\\/Winter 2015-2016\",\"created_timestamp\":\"February 4, 2015 11:11 am\",\"copyright\":\"\\u00c2\\u00a9 2015 Estrop-Barcelona PHOTOGRAPH FOR EDITORIAL USE ONLY\",\"focal_length\":false,\"iso\":false,\"shutter_speed\":false,\"flash\":false,\"title\":\"Ready to Wear Fall\\\/Winter 2015-2016\",\"keywords\":\"2015-2016,Fall\\\/Winter,RTW\",\"width\":669,\"height\":1000,\"saved\":true,\"thumbnail\":{\"width\":220,\"height\":220,\"ewww_image_optimizer\":\"Reduced by 11.6% (2.7&nbsp;kB)\"},\"webview\":{\"0\":669,\"1\":1000,\"2\":2,\"3\":\"width=\\\"669\\\" height=\\\"1000\\\"\",\"bits\":8,\"channels\":3,\"mime\":\"image\\\/jpeg\",\"ewww_image_optimizer\":\"Reduced by 7.9% (3.8&nbsp;kB) - Previously Optimized\"},\"0\":false,\"ewww_image_optimizer\":\"Reduced by 11.4% (19.1&nbsp;kB)\",\"views\":\"0\",\"likes\":\"0\"},\"title\":\"Ready to Wear Fall\\\/Winter 2015-2016\",\"description\":\"<p>Ready to Wear Fall\\\/Winter 2015-2016<\\\/p>\",\"link\":null,\"link_target\":\"\",\"download\":\"https:\\\/\\\/bobvarela.com\\\/wp-content\\\/flagallery\\\/georgina-vendrell-coleccion-darklight\\\/georgina-vendrell-007.jpg\",\"ratio\":0.669000000000000039079850466805510222911834716796875},{\"id\":\"19679\",\"image\":\"https:\\\/\\\/bobvarela.com\\\/wp-content\\\/flagallery\\\/georgina-vendrell-coleccion-darklight\\\/webview\\\/georgina-vendrell-008.jpg\",\"thumb\":\"https:\\\/\\\/bobvarela.com\\\/wp-content\\\/flagallery\\\/georgina-vendrell-coleccion-darklight\\\/thumbs\\\/thumbs_georgina-vendrell-008.jpg\",\"file\":\"georgina-vendrell-008.jpg\",\"meta\":{\"aperture\":false,\"credit\":false,\"camera\":false,\"caption\":\"Ready to Wear Fall\\\/Winter 2015-2016\",\"created_timestamp\":\"February 4, 2015 11:11 am\",\"copyright\":\"\\u00c2\\u00a9 2015 Estrop-Barcelona PHOTOGRAPH FOR EDITORIAL USE ONLY\",\"focal_length\":false,\"iso\":false,\"shutter_speed\":false,\"flash\":false,\"title\":\"Ready to Wear Fall\\\/Winter 2015-2016\",\"keywords\":\"2015-2016,Fall\\\/Winter,RTW\",\"width\":669,\"height\":1000,\"saved\":true,\"thumbnail\":{\"width\":220,\"height\":220,\"ewww_image_optimizer\":\"Reduced by 10.1% (2.7&nbsp;kB)\"},\"webview\":{\"0\":669,\"1\":1000,\"2\":2,\"3\":\"width=\\\"669\\\" height=\\\"1000\\\"\",\"bits\":8,\"channels\":3,\"mime\":\"image\\\/jpeg\",\"ewww_image_optimizer\":\"Reduced by 5.7% (3.6&nbsp;kB) - Previously Optimized\"},\"0\":false,\"ewww_image_optimizer\":\"Reduced by 6.1% (7.5&nbsp;kB)\",\"views\":\"0\",\"likes\":\"0\"},\"title\":\"Ready to Wear Fall\\\/Winter 2015-2016\",\"description\":\"<p>Ready to Wear Fall\\\/Winter 2015-2016<\\\/p>\",\"link\":null,\"link_target\":\"\",\"download\":\"https:\\\/\\\/bobvarela.com\\\/wp-content\\\/flagallery\\\/georgina-vendrell-coleccion-darklight\\\/georgina-vendrell-008.jpg\",\"ratio\":0.669000000000000039079850466805510222911834716796875},{\"id\":\"19680\",\"image\":\"https:\\\/\\\/bobvarela.com\\\/wp-content\\\/flagallery\\\/georgina-vendrell-coleccion-darklight\\\/webview\\\/georgina-vendrell-009.jpg\",\"thumb\":\"https:\\\/\\\/bobvarela.com\\\/wp-content\\\/flagallery\\\/georgina-vendrell-coleccion-darklight\\\/thumbs\\\/thumbs_georgina-vendrell-009.jpg\",\"file\":\"georgina-vendrell-009.jpg\",\"meta\":{\"aperture\":false,\"credit\":false,\"camera\":false,\"caption\":\"Ready to Wear Fall\\\/Winter 2015-2016\",\"created_timestamp\":\"February 4, 2015 11:11 am\",\"copyright\":\"\\u00c2\\u00a9 2015 Estrop-Barcelona PHOTOGRAPH FOR EDITORIAL USE ONLY\",\"focal_length\":false,\"iso\":false,\"shutter_speed\":false,\"flash\":false,\"title\":\"Ready to Wear Fall\\\/Winter 2015-2016\",\"keywords\":\"2015-2016,Fall\\\/Winter,RTW\",\"width\":669,\"height\":1000,\"saved\":true,\"thumbnail\":{\"width\":220,\"height\":220,\"ewww_image_optimizer\":\"Reduced by 10.4% (3.1&nbsp;kB)\"},\"webview\":{\"0\":669,\"1\":1000,\"2\":2,\"3\":\"width=\\\"669\\\" height=\\\"1000\\\"\",\"bits\":8,\"channels\":3,\"mime\":\"image\\\/jpeg\",\"ewww_image_optimizer\":\"Reduced by 6.3% (4.5&nbsp;kB) - Previously Optimized\"},\"0\":false,\"ewww_image_optimizer\":\"Reduced by 5.4% (8.2&nbsp;kB)\",\"views\":\"0\",\"likes\":\"0\"},\"title\":\"Ready to Wear Fall\\\/Winter 2015-2016\",\"description\":\"<p>Ready to Wear Fall\\\/Winter 2015-2016<\\\/p>\",\"link\":null,\"link_target\":\"\",\"download\":\"https:\\\/\\\/bobvarela.com\\\/wp-content\\\/flagallery\\\/georgina-vendrell-coleccion-darklight\\\/georgina-vendrell-009.jpg\",\"ratio\":0.669000000000000039079850466805510222911834716796875},{\"id\":\"19681\",\"image\":\"https:\\\/\\\/bobvarela.com\\\/wp-content\\\/flagallery\\\/georgina-vendrell-coleccion-darklight\\\/webview\\\/georgina-vendrell-010.jpg\",\"thumb\":\"https:\\\/\\\/bobvarela.com\\\/wp-content\\\/flagallery\\\/georgina-vendrell-coleccion-darklight\\\/thumbs\\\/thumbs_georgina-vendrell-010.jpg\",\"file\":\"georgina-vendrell-010.jpg\",\"meta\":{\"aperture\":false,\"credit\":false,\"camera\":false,\"caption\":\"Ready to Wear Fall\\\/Winter 2015-2016\",\"created_timestamp\":\"February 4, 2015 11:18 am\",\"copyright\":\"\\u00c2\\u00a9 2015 Estrop-Barcelona PHOTOGRAPH FOR EDITORIAL USE ONLY\",\"focal_length\":false,\"iso\":false,\"shutter_speed\":false,\"flash\":false,\"title\":\"Ready to Wear Fall\\\/Winter 2015-2016\",\"keywords\":\"2015-2016,Fall\\\/Winter,RTW\",\"width\":669,\"height\":1000,\"saved\":true,\"thumbnail\":{\"width\":220,\"height\":220,\"ewww_image_optimizer\":\"Reduced by 8.9% (2.4&nbsp;kB)\"},\"webview\":{\"0\":669,\"1\":1000,\"2\":2,\"3\":\"width=\\\"669\\\" height=\\\"1000\\\"\",\"bits\":8,\"channels\":3,\"mime\":\"image\\\/jpeg\",\"ewww_image_optimizer\":\"Reduced by 5.3% (4.0&nbsp;kB) - Previously Optimized\"},\"0\":false,\"ewww_image_optimizer\":\"Reduced by 4.2% (6.1&nbsp;kB)\",\"views\":\"0\",\"likes\":\"0\"},\"title\":\"Ready to Wear Fall\\\/Winter 2015-2016\",\"description\":\"<p>Ready to Wear Fall\\\/Winter 2015-2016<\\\/p>\",\"link\":null,\"link_target\":\"\",\"download\":\"https:\\\/\\\/bobvarela.com\\\/wp-content\\\/flagallery\\\/georgina-vendrell-coleccion-darklight\\\/georgina-vendrell-010.jpg\",\"ratio\":0.669000000000000039079850466805510222911834716796875},{\"id\":\"19682\",\"image\":\"https:\\\/\\\/bobvarela.com\\\/wp-content\\\/flagallery\\\/georgina-vendrell-coleccion-darklight\\\/webview\\\/georgina-vendrell-011.jpg\",\"thumb\":\"https:\\\/\\\/bobvarela.com\\\/wp-content\\\/flagallery\\\/georgina-vendrell-coleccion-darklight\\\/thumbs\\\/thumbs_georgina-vendrell-011.jpg\",\"file\":\"georgina-vendrell-011.jpg\",\"meta\":{\"aperture\":false,\"credit\":false,\"camera\":false,\"caption\":\"Ready to Wear Fall\\\/Winter 2015-2016\",\"created_timestamp\":\"February 4, 2015 11:11 am\",\"copyright\":\"\\u00c2\\u00a9 2015 Estrop-Barcelona PHOTOGRAPH FOR EDITORIAL USE ONLY\",\"focal_length\":false,\"iso\":false,\"shutter_speed\":false,\"flash\":false,\"title\":\"Ready to Wear Fall\\\/Winter 2015-2016\",\"keywords\":\"2015-2016,Fall\\\/Winter,RTW\",\"width\":669,\"height\":1000,\"saved\":true,\"thumbnail\":{\"width\":220,\"height\":220,\"ewww_image_optimizer\":\"Reduced by 11.4% (2.9&nbsp;kB)\"},\"webview\":{\"0\":669,\"1\":1000,\"2\":2,\"3\":\"width=\\\"669\\\" height=\\\"1000\\\"\",\"bits\":8,\"channels\":3,\"mime\":\"image\\\/jpeg\",\"ewww_image_optimizer\":\"Reduced by 6.4% (4.8&nbsp;kB) - Previously Optimized\"},\"0\":false,\"ewww_image_optimizer\":\"Reduced by 6.4% (8.9&nbsp;kB)\",\"views\":\"0\",\"likes\":\"0\"},\"title\":\"Ready to Wear Fall\\\/Winter 2015-2016\",\"description\":\"<p>Ready to Wear Fall\\\/Winter 2015-2016<\\\/p>\",\"link\":null,\"link_target\":\"\",\"download\":\"https:\\\/\\\/bobvarela.com\\\/wp-content\\\/flagallery\\\/georgina-vendrell-coleccion-darklight\\\/georgina-vendrell-011.jpg\",\"ratio\":0.669000000000000039079850466805510222911834716796875},{\"id\":\"19683\",\"image\":\"https:\\\/\\\/bobvarela.com\\\/wp-content\\\/flagallery\\\/georgina-vendrell-coleccion-darklight\\\/webview\\\/georgina-vendrell-012.jpg\",\"thumb\":\"https:\\\/\\\/bobvarela.com\\\/wp-content\\\/flagallery\\\/georgina-vendrell-coleccion-darklight\\\/thumbs\\\/thumbs_georgina-vendrell-012.jpg\",\"file\":\"georgina-vendrell-012.jpg\",\"meta\":{\"aperture\":false,\"credit\":false,\"camera\":false,\"caption\":\"Ready to Wear Fall\\\/Winter 2015-2016\",\"created_timestamp\":\"February 4, 2015 11:12 am\",\"copyright\":\"\\u00c2\\u00a9 2015 Estrop-Barcelona PHOTOGRAPH FOR EDITORIAL USE ONLY\",\"focal_length\":false,\"iso\":false,\"shutter_speed\":false,\"flash\":false,\"title\":\"Ready to Wear Fall\\\/Winter 2015-2016\",\"keywords\":\"2015-2016,Fall\\\/Winter,RTW\",\"width\":669,\"height\":1000,\"saved\":true,\"thumbnail\":{\"width\":220,\"height\":220,\"ewww_image_optimizer\":\"Reduced by 8.7% (2.5&nbsp;kB)\"},\"webview\":{\"0\":669,\"1\":1000,\"2\":2,\"3\":\"width=\\\"669\\\" height=\\\"1000\\\"\",\"bits\":8,\"channels\":3,\"mime\":\"image\\\/jpeg\",\"ewww_image_optimizer\":\"Reduced by 5.7% (5.3&nbsp;kB) - Previously Optimized\"},\"0\":false,\"ewww_image_optimizer\":\"Reduced by 5.6% (9.7&nbsp;kB)\",\"views\":\"0\",\"likes\":\"0\"},\"title\":\"Ready to Wear Fall\\\/Winter 2015-2016\",\"description\":\"<p>Ready to Wear Fall\\\/Winter 2015-2016<\\\/p>\",\"link\":null,\"link_target\":\"\",\"download\":\"https:\\\/\\\/bobvarela.com\\\/wp-content\\\/flagallery\\\/georgina-vendrell-coleccion-darklight\\\/georgina-vendrell-012.jpg\",\"ratio\":0.669000000000000039079850466805510222911834716796875},{\"id\":\"19684\",\"image\":\"https:\\\/\\\/bobvarela.com\\\/wp-content\\\/flagallery\\\/georgina-vendrell-coleccion-darklight\\\/webview\\\/georgina-vendrell-013.jpg\",\"thumb\":\"https:\\\/\\\/bobvarela.com\\\/wp-content\\\/flagallery\\\/georgina-vendrell-coleccion-darklight\\\/thumbs\\\/thumbs_georgina-vendrell-013.jpg\",\"file\":\"georgina-vendrell-013.jpg\",\"meta\":{\"aperture\":false,\"credit\":false,\"camera\":false,\"caption\":\"Ready to Wear Fall\\\/Winter 2015-2016\",\"created_timestamp\":\"February 4, 2015 11:12 am\",\"copyright\":\"\\u00c2\\u00a9 2015 Estrop-Barcelona PHOTOGRAPH FOR EDITORIAL USE ONLY\",\"focal_length\":false,\"iso\":false,\"shutter_speed\":false,\"flash\":false,\"title\":\"Ready to Wear Fall\\\/Winter 2015-2016\",\"keywords\":\"2015-2016,Fall\\\/Winter,RTW\",\"width\":669,\"height\":1000,\"saved\":true,\"thumbnail\":{\"width\":220,\"height\":220,\"ewww_image_optimizer\":\"Reduced by 10.6% (3.7&nbsp;kB)\"},\"webview\":{\"0\":669,\"1\":1000,\"2\":2,\"3\":\"width=\\\"669\\\" height=\\\"1000\\\"\",\"bits\":8,\"channels\":3,\"mime\":\"image\\\/jpeg\",\"ewww_image_optimizer\":\"Reduced by 3.6% (3.7&nbsp;kB) - Previously Optimized\"},\"0\":false,\"ewww_image_optimizer\":\"Reduced by 4.3% (8.5&nbsp;kB)\",\"views\":\"0\",\"likes\":\"0\"},\"title\":\"Ready to Wear Fall\\\/Winter 2015-2016\",\"description\":\"<p>Ready to Wear Fall\\\/Winter 2015-2016<\\\/p>\",\"link\":null,\"link_target\":\"\",\"download\":\"https:\\\/\\\/bobvarela.com\\\/wp-content\\\/flagallery\\\/georgina-vendrell-coleccion-darklight\\\/georgina-vendrell-013.jpg\",\"ratio\":0.669000000000000039079850466805510222911834716796875},{\"id\":\"19685\",\"image\":\"https:\\\/\\\/bobvarela.com\\\/wp-content\\\/flagallery\\\/georgina-vendrell-coleccion-darklight\\\/webview\\\/georgina-vendrell-014.jpg\",\"thumb\":\"https:\\\/\\\/bobvarela.com\\\/wp-content\\\/flagallery\\\/georgina-vendrell-coleccion-darklight\\\/thumbs\\\/thumbs_georgina-vendrell-014.jpg\",\"file\":\"georgina-vendrell-014.jpg\",\"meta\":{\"aperture\":false,\"credit\":false,\"camera\":false,\"caption\":\"Ready to Wear Fall\\\/Winter 2015-2016\",\"created_timestamp\":\"February 4, 2015 11:12 am\",\"copyright\":\"\\u00c2\\u00a9 2015 Estrop-Barcelona PHOTOGRAPH FOR EDITORIAL USE ONLY\",\"focal_length\":false,\"iso\":false,\"shutter_speed\":false,\"flash\":false,\"title\":\"Ready to Wear Fall\\\/Winter 2015-2016\",\"keywords\":\"2015-2016,Fall\\\/Winter,RTW\",\"width\":669,\"height\":1000,\"saved\":true,\"thumbnail\":{\"width\":220,\"height\":220,\"ewww_image_optimizer\":\"Reduced by 12.7% (4.6&nbsp;kB)\"},\"webview\":{\"0\":669,\"1\":1000,\"2\":2,\"3\":\"width=\\\"669\\\" height=\\\"1000\\\"\",\"bits\":8,\"channels\":3,\"mime\":\"image\\\/jpeg\",\"ewww_image_optimizer\":\"Reduced by 5.7% (7.9&nbsp;kB) - Previously Optimized\"},\"0\":false,\"ewww_image_optimizer\":\"Reduced by 5.5% (10.4&nbsp;kB)\",\"views\":\"0\",\"likes\":\"0\"},\"title\":\"Ready to Wear Fall\\\/Winter 2015-2016\",\"description\":\"<p>Ready to Wear Fall\\\/Winter 2015-2016<\\\/p>\",\"link\":null,\"link_target\":\"\",\"download\":\"https:\\\/\\\/bobvarela.com\\\/wp-content\\\/flagallery\\\/georgina-vendrell-coleccion-darklight\\\/georgina-vendrell-014.jpg\",\"ratio\":0.669000000000000039079850466805510222911834716796875},{\"id\":\"19686\",\"image\":\"https:\\\/\\\/bobvarela.com\\\/wp-content\\\/flagallery\\\/georgina-vendrell-coleccion-darklight\\\/webview\\\/georgina-vendrell-015.jpg\",\"thumb\":\"https:\\\/\\\/bobvarela.com\\\/wp-content\\\/flagallery\\\/georgina-vendrell-coleccion-darklight\\\/thumbs\\\/thumbs_georgina-vendrell-015.jpg\",\"file\":\"georgina-vendrell-015.jpg\",\"meta\":{\"aperture\":false,\"credit\":false,\"camera\":false,\"caption\":\"Ready to Wear Fall\\\/Winter 2015-2016\",\"created_timestamp\":\"February 4, 2015 11:12 am\",\"copyright\":\"\\u00c2\\u00a9 2015 Estrop-Barcelona PHOTOGRAPH FOR EDITORIAL USE ONLY\",\"focal_length\":false,\"iso\":false,\"shutter_speed\":false,\"flash\":false,\"title\":\"Ready to Wear Fall\\\/Winter 2015-2016\",\"keywords\":\"2015-2016,Fall\\\/Winter,RTW\",\"width\":669,\"height\":1000,\"saved\":true,\"thumbnail\":{\"width\":220,\"height\":220,\"ewww_image_optimizer\":\"Reduced by 10.7% (3.5&nbsp;kB)\"},\"webview\":{\"0\":669,\"1\":1000,\"2\":2,\"3\":\"width=\\\"669\\\" height=\\\"1000\\\"\",\"bits\":8,\"channels\":3,\"mime\":\"image\\\/jpeg\",\"ewww_image_optimizer\":\"Reduced by 4.1% (3.7&nbsp;kB) - Previously Optimized\"},\"0\":false,\"ewww_image_optimizer\":\"Reduced by 4.1% (7.4&nbsp;kB)\",\"views\":\"0\",\"likes\":\"0\"},\"title\":\"Ready to Wear Fall\\\/Winter 2015-2016\",\"description\":\"<p>Ready to Wear Fall\\\/Winter 2015-2016<\\\/p>\",\"link\":null,\"link_target\":\"\",\"download\":\"https:\\\/\\\/bobvarela.com\\\/wp-content\\\/flagallery\\\/georgina-vendrell-coleccion-darklight\\\/georgina-vendrell-015.jpg\",\"ratio\":0.669000000000000039079850466805510222911834716796875},{\"id\":\"19687\",\"image\":\"https:\\\/\\\/bobvarela.com\\\/wp-content\\\/flagallery\\\/georgina-vendrell-coleccion-darklight\\\/webview\\\/georgina-vendrell-016.jpg\",\"thumb\":\"https:\\\/\\\/bobvarela.com\\\/wp-content\\\/flagallery\\\/georgina-vendrell-coleccion-darklight\\\/thumbs\\\/thumbs_georgina-vendrell-016.jpg\",\"file\":\"georgina-vendrell-016.jpg\",\"meta\":{\"aperture\":false,\"credit\":false,\"camera\":false,\"caption\":\"Ready to Wear Fall\\\/Winter 2015-2016\",\"created_timestamp\":\"February 4, 2015 11:12 am\",\"copyright\":\"\\u00c2\\u00a9 2015 Estrop-Barcelona PHOTOGRAPH FOR EDITORIAL USE ONLY\",\"focal_length\":false,\"iso\":false,\"shutter_speed\":false,\"flash\":false,\"title\":\"Ready to Wear Fall\\\/Winter 2015-2016\",\"keywords\":\"2015-2016,Fall\\\/Winter,RTW\",\"width\":669,\"height\":1000,\"saved\":true,\"thumbnail\":{\"width\":220,\"height\":220,\"ewww_image_optimizer\":\"Reduced by 8.8% (3.1&nbsp;kB)\"},\"webview\":{\"0\":669,\"1\":1000,\"2\":2,\"3\":\"width=\\\"669\\\" height=\\\"1000\\\"\",\"bits\":8,\"channels\":3,\"mime\":\"image\\\/jpeg\",\"ewww_image_optimizer\":\"Reduced by 6.5% (7.0&nbsp;kB) - Previously Optimized\"},\"0\":false,\"ewww_image_optimizer\":\"Reduced by 4.7% (6.9&nbsp;kB)\",\"views\":\"0\",\"likes\":\"0\"},\"title\":\"Ready to Wear Fall\\\/Winter 2015-2016\",\"description\":\"<p>Ready to Wear Fall\\\/Winter 2015-2016<\\\/p>\",\"link\":null,\"link_target\":\"\",\"download\":\"https:\\\/\\\/bobvarela.com\\\/wp-content\\\/flagallery\\\/georgina-vendrell-coleccion-darklight\\\/georgina-vendrell-016.jpg\",\"ratio\":0.669000000000000039079850466805510222911834716796875},{\"id\":\"19688\",\"image\":\"https:\\\/\\\/bobvarela.com\\\/wp-content\\\/flagallery\\\/georgina-vendrell-coleccion-darklight\\\/webview\\\/georgina-vendrell-017.jpg\",\"thumb\":\"https:\\\/\\\/bobvarela.com\\\/wp-content\\\/flagallery\\\/georgina-vendrell-coleccion-darklight\\\/thumbs\\\/thumbs_georgina-vendrell-017.jpg\",\"file\":\"georgina-vendrell-017.jpg\",\"meta\":{\"aperture\":false,\"credit\":false,\"camera\":false,\"caption\":\"Ready to Wear Fall\\\/Winter 2015-2016\",\"created_timestamp\":\"February 4, 2015 11:12 am\",\"copyright\":\"\\u00c2\\u00a9 2015 Estrop-Barcelona PHOTOGRAPH FOR EDITORIAL USE ONLY\",\"focal_length\":false,\"iso\":false,\"shutter_speed\":false,\"flash\":false,\"title\":\"Ready to Wear Fall\\\/Winter 2015-2016\",\"keywords\":\"2015-2016,Fall\\\/Winter,RTW\",\"width\":669,\"height\":1000,\"saved\":true,\"thumbnail\":{\"width\":220,\"height\":220,\"ewww_image_optimizer\":\"Reduced by 14.3% (4.9&nbsp;kB)\"},\"webview\":{\"0\":669,\"1\":1000,\"2\":2,\"3\":\"width=\\\"669\\\" height=\\\"1000\\\"\",\"bits\":8,\"channels\":3,\"mime\":\"image\\\/jpeg\",\"ewww_image_optimizer\":\"Reduced by 5.5% (5.8&nbsp;kB) - Previously Optimized\"},\"0\":false,\"ewww_image_optimizer\":\"Reduced by 6.2% (12.0&nbsp;kB)\",\"views\":\"0\",\"likes\":\"0\"},\"title\":\"Ready to Wear Fall\\\/Winter 2015-2016\",\"description\":\"<p>Ready to Wear Fall\\\/Winter 2015-2016<\\\/p>\",\"link\":null,\"link_target\":\"\",\"download\":\"https:\\\/\\\/bobvarela.com\\\/wp-content\\\/flagallery\\\/georgina-vendrell-coleccion-darklight\\\/georgina-vendrell-017.jpg\",\"ratio\":0.669000000000000039079850466805510222911834716796875},{\"id\":\"19689\",\"image\":\"https:\\\/\\\/bobvarela.com\\\/wp-content\\\/flagallery\\\/georgina-vendrell-coleccion-darklight\\\/webview\\\/georgina-vendrell-018.jpg\",\"thumb\":\"https:\\\/\\\/bobvarela.com\\\/wp-content\\\/flagallery\\\/georgina-vendrell-coleccion-darklight\\\/thumbs\\\/thumbs_georgina-vendrell-018.jpg\",\"file\":\"georgina-vendrell-018.jpg\",\"meta\":{\"aperture\":false,\"credit\":false,\"camera\":false,\"caption\":\"Ready to Wear Fall\\\/Winter 2015-2016\",\"created_timestamp\":\"February 4, 2015 11:12 am\",\"copyright\":\"\\u00c2\\u00a9 2015 Estrop-Barcelona PHOTOGRAPH FOR EDITORIAL USE ONLY\",\"focal_length\":false,\"iso\":false,\"shutter_speed\":false,\"flash\":false,\"title\":\"Ready to Wear Fall\\\/Winter 2015-2016\",\"keywords\":\"2015-2016,Fall\\\/Winter,RTW\",\"width\":669,\"height\":1000,\"saved\":true,\"thumbnail\":{\"width\":220,\"height\":220,\"ewww_image_optimizer\":\"Reduced by 17.9% (7.9&nbsp;kB)\"},\"webview\":{\"0\":669,\"1\":1000,\"2\":2,\"3\":\"width=\\\"669\\\" height=\\\"1000\\\"\",\"bits\":8,\"channels\":3,\"mime\":\"image\\\/jpeg\",\"ewww_image_optimizer\":\"Reduced by 7.4% (11.1&nbsp;kB) - Previously Optimized\"},\"0\":false,\"ewww_image_optimizer\":\"Reduced by 7.5% (13.1&nbsp;kB)\",\"views\":\"1\",\"likes\":\"0\"},\"title\":\"Ready to Wear Fall\\\/Winter 2015-2016\",\"description\":\"<p>Ready to Wear Fall\\\/Winter 2015-2016<\\\/p>\",\"link\":null,\"link_target\":\"\",\"download\":\"https:\\\/\\\/bobvarela.com\\\/wp-content\\\/flagallery\\\/georgina-vendrell-coleccion-darklight\\\/georgina-vendrell-018.jpg\",\"ratio\":0.669000000000000039079850466805510222911834716796875},{\"id\":\"19690\",\"image\":\"https:\\\/\\\/bobvarela.com\\\/wp-content\\\/flagallery\\\/georgina-vendrell-coleccion-darklight\\\/webview\\\/georgina-vendrell-019.jpg\",\"thumb\":\"https:\\\/\\\/bobvarela.com\\\/wp-content\\\/flagallery\\\/georgina-vendrell-coleccion-darklight\\\/thumbs\\\/thumbs_georgina-vendrell-019.jpg\",\"file\":\"georgina-vendrell-019.jpg\",\"meta\":{\"aperture\":false,\"credit\":false,\"camera\":false,\"caption\":\"Ready to Wear Fall\\\/Winter 2015-2016\",\"created_timestamp\":\"February 4, 2015 11:14 am\",\"copyright\":\"\\u00c2\\u00a9 2015 Estrop-Barcelona PHOTOGRAPH FOR EDITORIAL USE ONLY\",\"focal_length\":false,\"iso\":false,\"shutter_speed\":false,\"flash\":false,\"title\":\"Ready to Wear Fall\\\/Winter 2015-2016\",\"keywords\":\"2015-2016,Fall\\\/Winter,RTW\",\"width\":669,\"height\":1000,\"saved\":true,\"thumbnail\":{\"width\":220,\"height\":220,\"ewww_image_optimizer\":\"Reduced by 9.0% (2.7&nbsp;kB)\"},\"webview\":{\"0\":669,\"1\":1000,\"2\":2,\"3\":\"width=\\\"669\\\" height=\\\"1000\\\"\",\"bits\":8,\"channels\":3,\"mime\":\"image\\\/jpeg\",\"ewww_image_optimizer\":\"Reduced by 6.5% (7.6&nbsp;kB) - Previously Optimized\"},\"0\":false,\"ewww_image_optimizer\":\"Reduced by 5.0% (7.8&nbsp;kB)\",\"views\":\"0\",\"likes\":\"0\"},\"title\":\"Ready to Wear Fall\\\/Winter 2015-2016\",\"description\":\"<p>Ready to Wear Fall\\\/Winter 2015-2016<\\\/p>\",\"link\":null,\"link_target\":\"\",\"download\":\"https:\\\/\\\/bobvarela.com\\\/wp-content\\\/flagallery\\\/georgina-vendrell-coleccion-darklight\\\/georgina-vendrell-019.jpg\",\"ratio\":0.669000000000000039079850466805510222911834716796875},{\"id\":\"19691\",\"image\":\"https:\\\/\\\/bobvarela.com\\\/wp-content\\\/flagallery\\\/georgina-vendrell-coleccion-darklight\\\/webview\\\/georgina-vendrell-020.jpg\",\"thumb\":\"https:\\\/\\\/bobvarela.com\\\/wp-content\\\/flagallery\\\/georgina-vendrell-coleccion-darklight\\\/thumbs\\\/thumbs_georgina-vendrell-020.jpg\",\"file\":\"georgina-vendrell-020.jpg\",\"meta\":{\"aperture\":false,\"credit\":false,\"camera\":false,\"caption\":\"Ready to Wear Fall\\\/Winter 2015-2016\",\"created_timestamp\":\"February 4, 2015 11:13 am\",\"copyright\":\"\\u00c2\\u00a9 2015 Estrop-Barcelona PHOTOGRAPH FOR EDITORIAL USE ONLY\",\"focal_length\":false,\"iso\":false,\"shutter_speed\":false,\"flash\":false,\"title\":\"Ready to Wear Fall\\\/Winter 2015-2016\",\"keywords\":\"2015-2016,Fall\\\/Winter,RTW\",\"width\":669,\"height\":1000,\"saved\":true,\"thumbnail\":{\"width\":220,\"height\":220,\"ewww_image_optimizer\":\"Reduced by 10.6% (4.0&nbsp;kB)\"},\"webview\":{\"0\":669,\"1\":1000,\"2\":2,\"3\":\"width=\\\"669\\\" height=\\\"1000\\\"\",\"bits\":8,\"channels\":3,\"mime\":\"image\\\/jpeg\",\"ewww_image_optimizer\":\"Reduced by 7.1% (8.8&nbsp;kB) - Previously Optimized\"},\"0\":false,\"ewww_image_optimizer\":\"Reduced by 5.3% (8.8&nbsp;kB)\",\"views\":\"0\",\"likes\":\"0\"},\"title\":\"Ready to Wear Fall\\\/Winter 2015-2016\",\"description\":\"<p>Ready to Wear Fall\\\/Winter 2015-2016<\\\/p>\",\"link\":null,\"link_target\":\"\",\"download\":\"https:\\\/\\\/bobvarela.com\\\/wp-content\\\/flagallery\\\/georgina-vendrell-coleccion-darklight\\\/georgina-vendrell-020.jpg\",\"ratio\":0.669000000000000039079850466805510222911834716796875},{\"id\":\"19692\",\"image\":\"https:\\\/\\\/bobvarela.com\\\/wp-content\\\/flagallery\\\/georgina-vendrell-coleccion-darklight\\\/webview\\\/georgina-vendrell-021.jpg\",\"thumb\":\"https:\\\/\\\/bobvarela.com\\\/wp-content\\\/flagallery\\\/georgina-vendrell-coleccion-darklight\\\/thumbs\\\/thumbs_georgina-vendrell-021.jpg\",\"file\":\"georgina-vendrell-021.jpg\",\"meta\":{\"aperture\":false,\"credit\":false,\"camera\":false,\"caption\":\"Ready to Wear Fall\\\/Winter 2015-2016\",\"created_timestamp\":\"February 4, 2015 11:13 am\",\"copyright\":\"\\u00c2\\u00a9 2015 Estrop-Barcelona PHOTOGRAPH FOR EDITORIAL USE ONLY\",\"focal_length\":false,\"iso\":false,\"shutter_speed\":false,\"flash\":false,\"title\":\"Ready to Wear Fall\\\/Winter 2015-2016\",\"keywords\":\"2015-2016,Fall\\\/Winter,RTW\",\"width\":669,\"height\":1000,\"saved\":true,\"thumbnail\":{\"width\":220,\"height\":220,\"ewww_image_optimizer\":\"Reduced by 9.2% (2.6&nbsp;kB)\"},\"webview\":{\"0\":669,\"1\":1000,\"2\":2,\"3\":\"width=\\\"669\\\" height=\\\"1000\\\"\",\"bits\":8,\"channels\":3,\"mime\":\"image\\\/jpeg\",\"ewww_image_optimizer\":\"Reduced by 3.3% (2.9&nbsp;kB) - Previously Optimized\"},\"0\":false,\"ewww_image_optimizer\":\"Reduced by 4.0% (6.9&nbsp;kB)\",\"views\":\"0\",\"likes\":\"0\"},\"title\":\"Ready to Wear Fall\\\/Winter 2015-2016\",\"description\":\"<p>Ready to Wear Fall\\\/Winter 2015-2016<\\\/p>\",\"link\":null,\"link_target\":\"\",\"download\":\"https:\\\/\\\/bobvarela.com\\\/wp-content\\\/flagallery\\\/georgina-vendrell-coleccion-darklight\\\/georgina-vendrell-021.jpg\",\"ratio\":0.669000000000000039079850466805510222911834716796875},{\"id\":\"19693\",\"image\":\"https:\\\/\\\/bobvarela.com\\\/wp-content\\\/flagallery\\\/georgina-vendrell-coleccion-darklight\\\/webview\\\/georgina-vendrell-022.jpg\",\"thumb\":\"https:\\\/\\\/bobvarela.com\\\/wp-content\\\/flagallery\\\/georgina-vendrell-coleccion-darklight\\\/thumbs\\\/thumbs_georgina-vendrell-022.jpg\",\"file\":\"georgina-vendrell-022.jpg\",\"meta\":{\"aperture\":false,\"credit\":false,\"camera\":false,\"caption\":\"Ready to Wear Fall\\\/Winter 2015-2016\",\"created_timestamp\":\"February 4, 2015 11:13 am\",\"copyright\":\"\\u00c2\\u00a9 2015 Estrop-Barcelona PHOTOGRAPH FOR EDITORIAL USE ONLY\",\"focal_length\":false,\"iso\":false,\"shutter_speed\":false,\"flash\":false,\"title\":\"Ready to Wear Fall\\\/Winter 2015-2016\",\"keywords\":\"2015-2016,Fall\\\/Winter,RTW\",\"width\":669,\"height\":1000,\"saved\":true,\"thumbnail\":{\"width\":220,\"height\":220,\"ewww_image_optimizer\":\"Reduced by 10.3% (3.9&nbsp;kB)\"},\"webview\":{\"0\":669,\"1\":1000,\"2\":2,\"3\":\"width=\\\"669\\\" height=\\\"1000\\\"\",\"bits\":8,\"channels\":3,\"mime\":\"image\\\/jpeg\",\"ewww_image_optimizer\":\"Reduced by 5.7% (8.2&nbsp;kB) - Previously Optimized\"},\"0\":false,\"ewww_image_optimizer\":\"Reduced by 4.9% (9.3&nbsp;kB)\",\"views\":\"1\",\"likes\":\"0\"},\"title\":\"Ready to Wear Fall\\\/Winter 2015-2016\",\"description\":\"<p>Ready to Wear Fall\\\/Winter 2015-2016<\\\/p>\",\"link\":null,\"link_target\":\"\",\"download\":\"https:\\\/\\\/bobvarela.com\\\/wp-content\\\/flagallery\\\/georgina-vendrell-coleccion-darklight\\\/georgina-vendrell-022.jpg\",\"ratio\":0.669000000000000039079850466805510222911834716796875},{\"id\":\"19694\",\"image\":\"https:\\\/\\\/bobvarela.com\\\/wp-content\\\/flagallery\\\/georgina-vendrell-coleccion-darklight\\\/webview\\\/georgina-vendrell-023.jpg\",\"thumb\":\"https:\\\/\\\/bobvarela.com\\\/wp-content\\\/flagallery\\\/georgina-vendrell-coleccion-darklight\\\/thumbs\\\/thumbs_georgina-vendrell-023.jpg\",\"file\":\"georgina-vendrell-023.jpg\",\"meta\":{\"aperture\":false,\"credit\":false,\"camera\":false,\"caption\":\"Ready to Wear Fall\\\/Winter 2015-2016\",\"created_timestamp\":\"February 4, 2015 11:13 am\",\"copyright\":\"\\u00c2\\u00a9 2015 Estrop-Barcelona PHOTOGRAPH FOR EDITORIAL USE ONLY\",\"focal_length\":false,\"iso\":false,\"shutter_speed\":false,\"flash\":false,\"title\":\"Ready to Wear Fall\\\/Winter 2015-2016\",\"keywords\":\"2015-2016,Fall\\\/Winter,RTW\",\"width\":669,\"height\":1000,\"saved\":true,\"thumbnail\":{\"width\":220,\"height\":220,\"ewww_image_optimizer\":\"Reduced by 10.7% (3.8&nbsp;kB)\"},\"webview\":{\"0\":669,\"1\":1000,\"2\":2,\"3\":\"width=\\\"669\\\" height=\\\"1000\\\"\",\"bits\":8,\"channels\":3,\"mime\":\"image\\\/jpeg\",\"ewww_image_optimizer\":\"Reduced by 4.3% (4.0&nbsp;kB) - Previously Optimized\"},\"0\":false,\"ewww_image_optimizer\":\"Reduced by 4.5% (8.5&nbsp;kB)\",\"views\":\"0\",\"likes\":\"0\"},\"title\":\"Ready to Wear Fall\\\/Winter 2015-2016\",\"description\":\"<p>Ready to Wear Fall\\\/Winter 2015-2016<\\\/p>\",\"link\":null,\"link_target\":\"\",\"download\":\"https:\\\/\\\/bobvarela.com\\\/wp-content\\\/flagallery\\\/georgina-vendrell-coleccion-darklight\\\/georgina-vendrell-023.jpg\",\"ratio\":0.669000000000000039079850466805510222911834716796875},{\"id\":\"19695\",\"image\":\"https:\\\/\\\/bobvarela.com\\\/wp-content\\\/flagallery\\\/georgina-vendrell-coleccion-darklight\\\/webview\\\/georgina-vendrell-024.jpg\",\"thumb\":\"https:\\\/\\\/bobvarela.com\\\/wp-content\\\/flagallery\\\/georgina-vendrell-coleccion-darklight\\\/thumbs\\\/thumbs_georgina-vendrell-024.jpg\",\"file\":\"georgina-vendrell-024.jpg\",\"meta\":{\"aperture\":false,\"credit\":false,\"camera\":false,\"caption\":\"Ready to Wear Fall\\\/Winter 2015-2016\",\"created_timestamp\":\"February 4, 2015 11:13 am\",\"copyright\":\"\\u00c2\\u00a9 2015 Estrop-Barcelona PHOTOGRAPH FOR EDITORIAL USE ONLY\",\"focal_length\":false,\"iso\":false,\"shutter_speed\":false,\"flash\":false,\"title\":\"Ready to Wear Fall\\\/Winter 2015-2016\",\"keywords\":\"2015-2016,Fall\\\/Winter,RTW\",\"width\":669,\"height\":1000,\"saved\":true,\"thumbnail\":{\"width\":220,\"height\":220,\"ewww_image_optimizer\":\"Reduced by 9.3% (3.3&nbsp;kB)\"},\"webview\":{\"0\":669,\"1\":1000,\"2\":2,\"3\":\"width=\\\"669\\\" height=\\\"1000\\\"\",\"bits\":8,\"channels\":3,\"mime\":\"image\\\/jpeg\",\"ewww_image_optimizer\":\"Reduced by 5.7% (6.5&nbsp;kB) - Previously Optimized\"},\"0\":false,\"ewww_image_optimizer\":\"Reduced by 4.0% (6.1&nbsp;kB)\",\"views\":\"0\",\"likes\":\"0\"},\"title\":\"Ready to Wear Fall\\\/Winter 2015-2016\",\"description\":\"<p>Ready to Wear Fall\\\/Winter 2015-2016<\\\/p>\",\"link\":null,\"link_target\":\"\",\"download\":\"https:\\\/\\\/bobvarela.com\\\/wp-content\\\/flagallery\\\/georgina-vendrell-coleccion-darklight\\\/georgina-vendrell-024.jpg\",\"ratio\":0.669000000000000039079850466805510222911834716796875},{\"id\":\"19696\",\"image\":\"https:\\\/\\\/bobvarela.com\\\/wp-content\\\/flagallery\\\/georgina-vendrell-coleccion-darklight\\\/webview\\\/georgina-vendrell-025.jpg\",\"thumb\":\"https:\\\/\\\/bobvarela.com\\\/wp-content\\\/flagallery\\\/georgina-vendrell-coleccion-darklight\\\/thumbs\\\/thumbs_georgina-vendrell-025.jpg\",\"file\":\"georgina-vendrell-025.jpg\",\"meta\":{\"aperture\":false,\"credit\":false,\"camera\":false,\"caption\":\"Ready to Wear Fall\\\/Winter 2015-2016\",\"created_timestamp\":\"February 4, 2015 11:13 am\",\"copyright\":\"\\u00c2\\u00a9 2015 Estrop-Barcelona PHOTOGRAPH FOR EDITORIAL USE ONLY\",\"focal_length\":false,\"iso\":false,\"shutter_speed\":false,\"flash\":false,\"title\":\"Ready to Wear Fall\\\/Winter 2015-2016\",\"keywords\":\"2015-2016,Fall\\\/Winter,RTW\",\"width\":669,\"height\":1000,\"saved\":true,\"thumbnail\":{\"width\":220,\"height\":220,\"ewww_image_optimizer\":\"Reduced by 9.8% (3.3&nbsp;kB)\"},\"webview\":{\"0\":669,\"1\":1000,\"2\":2,\"3\":\"width=\\\"669\\\" height=\\\"1000\\\"\",\"bits\":8,\"channels\":3,\"mime\":\"image\\\/jpeg\",\"ewww_image_optimizer\":\"Reduced by 6.6% (8.9&nbsp;kB) - Previously Optimized\"},\"0\":false,\"ewww_image_optimizer\":\"Reduced by 5.1% (9.1&nbsp;kB)\",\"views\":\"0\",\"likes\":\"0\"},\"title\":\"Ready to Wear Fall\\\/Winter 2015-2016\",\"description\":\"<p>Ready to Wear Fall\\\/Winter 2015-2016<\\\/p>\",\"link\":null,\"link_target\":\"\",\"download\":\"https:\\\/\\\/bobvarela.com\\\/wp-content\\\/flagallery\\\/georgina-vendrell-coleccion-darklight\\\/georgina-vendrell-025.jpg\",\"ratio\":0.669000000000000039079850466805510222911834716796875},{\"id\":\"19697\",\"image\":\"https:\\\/\\\/bobvarela.com\\\/wp-content\\\/flagallery\\\/georgina-vendrell-coleccion-darklight\\\/webview\\\/georgina-vendrell-026.jpg\",\"thumb\":\"https:\\\/\\\/bobvarela.com\\\/wp-content\\\/flagallery\\\/georgina-vendrell-coleccion-darklight\\\/thumbs\\\/thumbs_georgina-vendrell-026.jpg\",\"file\":\"georgina-vendrell-026.jpg\",\"meta\":{\"aperture\":false,\"credit\":false,\"camera\":false,\"caption\":\"Ready to Wear Fall\\\/Winter 2015-2016\",\"created_timestamp\":\"February 4, 2015 11:13 am\",\"copyright\":\"\\u00c2\\u00a9 2015 Estrop-Barcelona PHOTOGRAPH FOR EDITORIAL USE ONLY\",\"focal_length\":false,\"iso\":false,\"shutter_speed\":false,\"flash\":false,\"title\":\"Ready to Wear Fall\\\/Winter 2015-2016\",\"keywords\":\"2015-2016,Fall\\\/Winter,RTW\",\"width\":669,\"height\":1000,\"saved\":true,\"thumbnail\":{\"width\":220,\"height\":220,\"ewww_image_optimizer\":\"Reduced by 12.4% (4.1&nbsp;kB)\"},\"webview\":{\"0\":669,\"1\":1000,\"2\":2,\"3\":\"width=\\\"669\\\" height=\\\"1000\\\"\",\"bits\":8,\"channels\":3,\"mime\":\"image\\\/jpeg\",\"ewww_image_optimizer\":\"Reduced by 3.2% (3.5&nbsp;kB) - Previously Optimized\"},\"0\":false,\"ewww_image_optimizer\":\"Reduced by 5.3% (10.4&nbsp;kB)\",\"views\":\"0\",\"likes\":\"0\"},\"title\":\"Ready to Wear Fall\\\/Winter 2015-2016\",\"description\":\"<p>Ready to Wear Fall\\\/Winter 2015-2016<\\\/p>\",\"link\":null,\"link_target\":\"\",\"download\":\"https:\\\/\\\/bobvarela.com\\\/wp-content\\\/flagallery\\\/georgina-vendrell-coleccion-darklight\\\/georgina-vendrell-026.jpg\",\"ratio\":0.669000000000000039079850466805510222911834716796875},{\"id\":\"19698\",\"image\":\"https:\\\/\\\/bobvarela.com\\\/wp-content\\\/flagallery\\\/georgina-vendrell-coleccion-darklight\\\/webview\\\/georgina-vendrell-027.jpg\",\"thumb\":\"https:\\\/\\\/bobvarela.com\\\/wp-content\\\/flagallery\\\/georgina-vendrell-coleccion-darklight\\\/thumbs\\\/thumbs_georgina-vendrell-027.jpg\",\"file\":\"georgina-vendrell-027.jpg\",\"meta\":{\"aperture\":false,\"credit\":false,\"camera\":false,\"caption\":\"Ready to Wear Fall\\\/Winter 2015-2016\",\"created_timestamp\":\"February 4, 2015 11:13 am\",\"copyright\":\"\\u00c2\\u00a9 2015 Estrop-Barcelona PHOTOGRAPH FOR EDITORIAL USE ONLY\",\"focal_length\":false,\"iso\":false,\"shutter_speed\":false,\"flash\":false,\"title\":\"Ready to Wear Fall\\\/Winter 2015-2016\",\"keywords\":\"2015-2016,Fall\\\/Winter,RTW\",\"width\":669,\"height\":1000,\"saved\":true,\"thumbnail\":{\"width\":220,\"height\":220,\"ewww_image_optimizer\":\"Reduced by 13.2% (5.4&nbsp;kB)\"},\"webview\":{\"0\":669,\"1\":1000,\"2\":2,\"3\":\"width=\\\"669\\\" height=\\\"1000\\\"\",\"bits\":8,\"channels\":3,\"mime\":\"image\\\/jpeg\",\"ewww_image_optimizer\":\"Reduced by 5.1% (8.8&nbsp;kB) - Previously Optimized\"},\"0\":false,\"ewww_image_optimizer\":\"Reduced by 6.9% (12.3&nbsp;kB)\",\"views\":\"0\",\"likes\":\"0\"},\"title\":\"Ready to Wear Fall\\\/Winter 2015-2016\",\"description\":\"<p>Ready to Wear Fall\\\/Winter 2015-2016<\\\/p>\",\"link\":null,\"link_target\":\"\",\"download\":\"https:\\\/\\\/bobvarela.com\\\/wp-content\\\/flagallery\\\/georgina-vendrell-coleccion-darklight\\\/georgina-vendrell-027.jpg\",\"ratio\":0.669000000000000039079850466805510222911834716796875},{\"id\":\"19699\",\"image\":\"https:\\\/\\\/bobvarela.com\\\/wp-content\\\/flagallery\\\/georgina-vendrell-coleccion-darklight\\\/webview\\\/georgina-vendrell-028.jpg\",\"thumb\":\"https:\\\/\\\/bobvarela.com\\\/wp-content\\\/flagallery\\\/georgina-vendrell-coleccion-darklight\\\/thumbs\\\/thumbs_georgina-vendrell-028.jpg\",\"file\":\"georgina-vendrell-028.jpg\",\"meta\":{\"aperture\":false,\"credit\":false,\"camera\":false,\"caption\":\"Ready to Wear Fall\\\/Winter 2015-2016\",\"created_timestamp\":\"February 4, 2015 11:14 am\",\"copyright\":\"\\u00c2\\u00a9 2015 Estrop-Barcelona PHOTOGRAPH FOR EDITORIAL USE ONLY\",\"focal_length\":false,\"iso\":false,\"shutter_speed\":false,\"flash\":false,\"title\":\"Ready to Wear Fall\\\/Winter 2015-2016\",\"keywords\":\"2015-2016,Fall\\\/Winter,RTW\",\"width\":669,\"height\":1000,\"saved\":true,\"thumbnail\":{\"width\":220,\"height\":220,\"ewww_image_optimizer\":\"Reduced by 13.0% (5.4&nbsp;kB)\"},\"webview\":{\"0\":669,\"1\":1000,\"2\":2,\"3\":\"width=\\\"669\\\" height=\\\"1000\\\"\",\"bits\":8,\"channels\":3,\"mime\":\"image\\\/jpeg\",\"ewww_image_optimizer\":\"Reduced by 8.3% (11.9&nbsp;kB) - Previously Optimized\"},\"0\":false,\"ewww_image_optimizer\":\"Reduced by 7.0% (11.6&nbsp;kB)\",\"views\":\"0\",\"likes\":\"0\"},\"title\":\"Ready to Wear Fall\\\/Winter 2015-2016\",\"description\":\"<p>Ready to Wear Fall\\\/Winter 2015-2016<\\\/p>\",\"link\":null,\"link_target\":\"\",\"download\":\"https:\\\/\\\/bobvarela.com\\\/wp-content\\\/flagallery\\\/georgina-vendrell-coleccion-darklight\\\/georgina-vendrell-028.jpg\",\"ratio\":0.669000000000000039079850466805510222911834716796875},{\"id\":\"19700\",\"image\":\"https:\\\/\\\/bobvarela.com\\\/wp-content\\\/flagallery\\\/georgina-vendrell-coleccion-darklight\\\/webview\\\/georgina-vendrell-029.jpg\",\"thumb\":\"https:\\\/\\\/bobvarela.com\\\/wp-content\\\/flagallery\\\/georgina-vendrell-coleccion-darklight\\\/thumbs\\\/thumbs_georgina-vendrell-029.jpg\",\"file\":\"georgina-vendrell-029.jpg\",\"meta\":{\"aperture\":false,\"credit\":false,\"camera\":false,\"caption\":\"Ready to Wear Fall\\\/Winter 2015-2016\",\"created_timestamp\":\"February 4, 2015 11:14 am\",\"copyright\":\"\\u00c2\\u00a9 2015 Estrop-Barcelona PHOTOGRAPH FOR EDITORIAL USE ONLY\",\"focal_length\":false,\"iso\":false,\"shutter_speed\":false,\"flash\":false,\"title\":\"Ready to Wear Fall\\\/Winter 2015-2016\",\"keywords\":\"2015-2016,Fall\\\/Winter,RTW\",\"width\":669,\"height\":1000,\"saved\":true,\"thumbnail\":{\"width\":220,\"height\":220,\"ewww_image_optimizer\":\"Reduced by 9.0% (2.6&nbsp;kB)\"},\"webview\":{\"0\":669,\"1\":1000,\"2\":2,\"3\":\"width=\\\"669\\\" height=\\\"1000\\\"\",\"bits\":8,\"channels\":3,\"mime\":\"image\\\/jpeg\",\"ewww_image_optimizer\":\"Reduced by 4.0% (3.2&nbsp;kB) - Previously Optimized\"},\"0\":false,\"ewww_image_optimizer\":\"Reduced by 3.4% (5.5&nbsp;kB)\",\"views\":\"0\",\"likes\":\"0\"},\"title\":\"Ready to Wear Fall\\\/Winter 2015-2016\",\"description\":\"<p>Ready to Wear Fall\\\/Winter 2015-2016<\\\/p>\",\"link\":null,\"link_target\":\"\",\"download\":\"https:\\\/\\\/bobvarela.com\\\/wp-content\\\/flagallery\\\/georgina-vendrell-coleccion-darklight\\\/georgina-vendrell-029.jpg\",\"ratio\":0.669000000000000039079850466805510222911834716796875},{\"id\":\"19701\",\"image\":\"https:\\\/\\\/bobvarela.com\\\/wp-content\\\/flagallery\\\/georgina-vendrell-coleccion-darklight\\\/webview\\\/georgina-vendrell-030.jpg\",\"thumb\":\"https:\\\/\\\/bobvarela.com\\\/wp-content\\\/flagallery\\\/georgina-vendrell-coleccion-darklight\\\/thumbs\\\/thumbs_georgina-vendrell-030.jpg\",\"file\":\"georgina-vendrell-030.jpg\",\"meta\":{\"aperture\":false,\"credit\":false,\"camera\":false,\"caption\":\"Ready to Wear Fall\\\/Winter 2015-2016\",\"created_timestamp\":\"February 4, 2015 11:14 am\",\"copyright\":\"\\u00c2\\u00a9 2015 Estrop-Barcelona PHOTOGRAPH FOR EDITORIAL USE ONLY\",\"focal_length\":false,\"iso\":false,\"shutter_speed\":false,\"flash\":false,\"title\":\"Ready to Wear Fall\\\/Winter 2015-2016\",\"keywords\":\"2015-2016,Fall\\\/Winter,RTW\",\"width\":669,\"height\":1000,\"saved\":true,\"thumbnail\":{\"width\":220,\"height\":220,\"ewww_image_optimizer\":\"Reduced by 7.3% (2.3&nbsp;kB)\"},\"webview\":{\"0\":669,\"1\":1000,\"2\":2,\"3\":\"width=\\\"669\\\" height=\\\"1000\\\"\",\"bits\":8,\"channels\":3,\"mime\":\"image\\\/jpeg\",\"ewww_image_optimizer\":\"Reduced by 5.0% (5.0&nbsp;kB) - Previously Optimized\"},\"0\":false,\"ewww_image_optimizer\":\"Reduced by 4.1% (7.8&nbsp;kB)\",\"views\":\"0\",\"likes\":\"0\"},\"title\":\"Ready to Wear Fall\\\/Winter 2015-2016\",\"description\":\"<p>Ready to Wear Fall\\\/Winter 2015-2016<\\\/p>\",\"link\":null,\"link_target\":\"\",\"download\":\"https:\\\/\\\/bobvarela.com\\\/wp-content\\\/flagallery\\\/georgina-vendrell-coleccion-darklight\\\/georgina-vendrell-030.jpg\",\"ratio\":0.669000000000000039079850466805510222911834716796875},{\"id\":\"19702\",\"image\":\"https:\\\/\\\/bobvarela.com\\\/wp-content\\\/flagallery\\\/georgina-vendrell-coleccion-darklight\\\/webview\\\/georgina-vendrell-031.jpg\",\"thumb\":\"https:\\\/\\\/bobvarela.com\\\/wp-content\\\/flagallery\\\/georgina-vendrell-coleccion-darklight\\\/thumbs\\\/thumbs_georgina-vendrell-031.jpg\",\"file\":\"georgina-vendrell-031.jpg\",\"meta\":{\"aperture\":false,\"credit\":false,\"camera\":false,\"caption\":\"Ready to Wear Fall\\\/Winter 2015-2016\",\"created_timestamp\":\"February 4, 2015 11:14 am\",\"copyright\":\"\\u00c2\\u00a9 2015 Estrop-Barcelona PHOTOGRAPH FOR EDITORIAL USE ONLY\",\"focal_length\":false,\"iso\":false,\"shutter_speed\":false,\"flash\":false,\"title\":\"Ready to Wear Fall\\\/Winter 2015-2016\",\"keywords\":\"2015-2016,Fall\\\/Winter,RTW\",\"width\":669,\"height\":1000,\"saved\":true,\"thumbnail\":{\"width\":220,\"height\":220,\"ewww_image_optimizer\":\"Reduced by 9.2% (2.6&nbsp;kB)\"},\"webview\":{\"0\":669,\"1\":1000,\"2\":2,\"3\":\"width=\\\"669\\\" height=\\\"1000\\\"\",\"bits\":8,\"channels\":3,\"mime\":\"image\\\/jpeg\",\"ewww_image_optimizer\":\"Reduced by 3.8% (3.1&nbsp;kB) - Previously Optimized\"},\"0\":false,\"ewww_image_optimizer\":\"Reduced by 3.2% (5.2&nbsp;kB)\",\"views\":\"0\",\"likes\":\"0\"},\"title\":\"Ready to Wear Fall\\\/Winter 2015-2016\",\"description\":\"<p>Ready to Wear Fall\\\/Winter 2015-2016<\\\/p>\",\"link\":null,\"link_target\":\"\",\"download\":\"https:\\\/\\\/bobvarela.com\\\/wp-content\\\/flagallery\\\/georgina-vendrell-coleccion-darklight\\\/georgina-vendrell-031.jpg\",\"ratio\":0.669000000000000039079850466805510222911834716796875},{\"id\":\"19703\",\"image\":\"https:\\\/\\\/bobvarela.com\\\/wp-content\\\/flagallery\\\/georgina-vendrell-coleccion-darklight\\\/webview\\\/georgina-vendrell-032.jpg\",\"thumb\":\"https:\\\/\\\/bobvarela.com\\\/wp-content\\\/flagallery\\\/georgina-vendrell-coleccion-darklight\\\/thumbs\\\/thumbs_georgina-vendrell-032.jpg\",\"file\":\"georgina-vendrell-032.jpg\",\"meta\":{\"aperture\":false,\"credit\":false,\"camera\":false,\"caption\":\"Ready to Wear Fall\\\/Winter 2015-2016\",\"created_timestamp\":\"February 4, 2015 11:14 am\",\"copyright\":\"\\u00c2\\u00a9 2015 Estrop-Barcelona PHOTOGRAPH FOR EDITORIAL USE ONLY\",\"focal_length\":false,\"iso\":false,\"shutter_speed\":false,\"flash\":false,\"title\":\"Ready to Wear Fall\\\/Winter 2015-2016\",\"keywords\":\"2015-2016,Fall\\\/Winter,RTW\",\"width\":669,\"height\":1000,\"saved\":true,\"thumbnail\":{\"width\":220,\"height\":220,\"ewww_image_optimizer\":\"Reduced by 6.2% (1.8&nbsp;kB)\"},\"webview\":{\"0\":669,\"1\":1000,\"2\":2,\"3\":\"width=\\\"669\\\" height=\\\"1000\\\"\",\"bits\":8,\"channels\":3,\"mime\":\"image\\\/jpeg\",\"ewww_image_optimizer\":\"Reduced by 5.2% (4.1&nbsp;kB) - Previously Optimized\"},\"0\":false,\"ewww_image_optimizer\":\"Reduced by 4.6% (7.3&nbsp;kB)\",\"views\":\"0\",\"likes\":\"0\"},\"title\":\"Ready to Wear Fall\\\/Winter 2015-2016\",\"description\":\"<p>Ready to Wear Fall\\\/Winter 2015-2016<\\\/p>\",\"link\":null,\"link_target\":\"\",\"download\":\"https:\\\/\\\/bobvarela.com\\\/wp-content\\\/flagallery\\\/georgina-vendrell-coleccion-darklight\\\/georgina-vendrell-032.jpg\",\"ratio\":0.669000000000000039079850466805510222911834716796875},{\"id\":\"19704\",\"image\":\"https:\\\/\\\/bobvarela.com\\\/wp-content\\\/flagallery\\\/georgina-vendrell-coleccion-darklight\\\/webview\\\/georgina-vendrell-033.jpg\",\"thumb\":\"https:\\\/\\\/bobvarela.com\\\/wp-content\\\/flagallery\\\/georgina-vendrell-coleccion-darklight\\\/thumbs\\\/thumbs_georgina-vendrell-033.jpg\",\"file\":\"georgina-vendrell-033.jpg\",\"meta\":{\"aperture\":false,\"credit\":false,\"camera\":false,\"caption\":\"Ready to Wear Fall\\\/Winter 2015-2016\",\"created_timestamp\":\"February 4, 2015 11:14 am\",\"copyright\":\"\\u00c2\\u00a9 2015 Estrop-Barcelona PHOTOGRAPH FOR EDITORIAL USE ONLY\",\"focal_length\":false,\"iso\":false,\"shutter_speed\":false,\"flash\":false,\"title\":\"Ready to Wear Fall\\\/Winter 2015-2016\",\"keywords\":\"2015-2016,Fall\\\/Winter,RTW\",\"width\":669,\"height\":1000,\"saved\":true,\"thumbnail\":{\"width\":220,\"height\":220,\"ewww_image_optimizer\":\"Reduced by 8.2% (2.2&nbsp;kB)\"},\"webview\":{\"0\":669,\"1\":1000,\"2\":2,\"3\":\"width=\\\"669\\\" height=\\\"1000\\\"\",\"bits\":8,\"channels\":3,\"mime\":\"image\\\/jpeg\",\"ewww_image_optimizer\":\"Reduced by 4.3% (3.2&nbsp;kB) - Previously Optimized\"},\"0\":false,\"ewww_image_optimizer\":\"Reduced by 4.4% (6.4&nbsp;kB)\",\"views\":\"0\",\"likes\":\"0\"},\"title\":\"Ready to Wear Fall\\\/Winter 2015-2016\",\"description\":\"<p>Ready to Wear Fall\\\/Winter 2015-2016<\\\/p>\",\"link\":null,\"link_target\":\"\",\"download\":\"https:\\\/\\\/bobvarela.com\\\/wp-content\\\/flagallery\\\/georgina-vendrell-coleccion-darklight\\\/georgina-vendrell-033.jpg\",\"ratio\":0.669000000000000039079850466805510222911834716796875},{\"id\":\"19705\",\"image\":\"https:\\\/\\\/bobvarela.com\\\/wp-content\\\/flagallery\\\/georgina-vendrell-coleccion-darklight\\\/webview\\\/georgina-vendrell-034.jpg\",\"thumb\":\"https:\\\/\\\/bobvarela.com\\\/wp-content\\\/flagallery\\\/georgina-vendrell-coleccion-darklight\\\/thumbs\\\/thumbs_georgina-vendrell-034.jpg\",\"file\":\"georgina-vendrell-034.jpg\",\"meta\":{\"aperture\":false,\"credit\":false,\"camera\":false,\"caption\":\"Ready to Wear Fall\\\/Winter 2015-2016\",\"created_timestamp\":\"February 4, 2015 11:14 am\",\"copyright\":\"\\u00c2\\u00a9 2015 Estrop-Barcelona PHOTOGRAPH FOR EDITORIAL USE ONLY\",\"focal_length\":false,\"iso\":false,\"shutter_speed\":false,\"flash\":false,\"title\":\"Ready to Wear Fall\\\/Winter 2015-2016\",\"keywords\":\"2015-2016,Fall\\\/Winter,RTW\",\"width\":669,\"height\":1000,\"saved\":true,\"thumbnail\":{\"width\":220,\"height\":220,\"ewww_image_optimizer\":\"Reduced by 8.0% (2.7&nbsp;kB)\"},\"webview\":{\"0\":669,\"1\":1000,\"2\":2,\"3\":\"width=\\\"669\\\" height=\\\"1000\\\"\",\"bits\":8,\"channels\":3,\"mime\":\"image\\\/jpeg\",\"ewww_image_optimizer\":\"Reduced by 4.5% (4.2&nbsp;kB) - Previously Optimized\"},\"0\":false,\"ewww_image_optimizer\":\"Reduced by 4.9% (8.8&nbsp;kB)\",\"views\":\"0\",\"likes\":\"0\"},\"title\":\"Ready to Wear Fall\\\/Winter 2015-2016\",\"description\":\"<p>Ready to Wear Fall\\\/Winter 2015-2016<\\\/p>\",\"link\":null,\"link_target\":\"\",\"download\":\"https:\\\/\\\/bobvarela.com\\\/wp-content\\\/flagallery\\\/georgina-vendrell-coleccion-darklight\\\/georgina-vendrell-034.jpg\",\"ratio\":0.669000000000000039079850466805510222911834716796875},{\"id\":\"19706\",\"image\":\"https:\\\/\\\/bobvarela.com\\\/wp-content\\\/flagallery\\\/georgina-vendrell-coleccion-darklight\\\/webview\\\/georgina-vendrell-035.jpg\",\"thumb\":\"https:\\\/\\\/bobvarela.com\\\/wp-content\\\/flagallery\\\/georgina-vendrell-coleccion-darklight\\\/thumbs\\\/thumbs_georgina-vendrell-035.jpg\",\"file\":\"georgina-vendrell-035.jpg\",\"meta\":{\"aperture\":false,\"credit\":false,\"camera\":false,\"caption\":\"Ready to Wear Fall\\\/Winter 2015-2016\",\"created_timestamp\":\"February 4, 2015 11:15 am\",\"copyright\":\"\\u00c2\\u00a9 2015 Estrop-Barcelona PHOTOGRAPH FOR EDITORIAL USE ONLY\",\"focal_length\":false,\"iso\":false,\"shutter_speed\":false,\"flash\":false,\"title\":\"Ready to Wear Fall\\\/Winter 2015-2016\",\"keywords\":\"2015-2016,Fall\\\/Winter,RTW\",\"width\":669,\"height\":1000,\"saved\":true,\"thumbnail\":{\"width\":220,\"height\":220,\"ewww_image_optimizer\":\"Reduced by 9.0% (2.1&nbsp;kB)\"},\"webview\":{\"0\":669,\"1\":1000,\"2\":2,\"3\":\"width=\\\"669\\\" height=\\\"1000\\\"\",\"bits\":8,\"channels\":3,\"mime\":\"image\\\/jpeg\",\"ewww_image_optimizer\":\"Reduced by 5.5% (3.0&nbsp;kB) - Previously Optimized\"},\"0\":false,\"ewww_image_optimizer\":\"Reduced by 8.9% (17.1&nbsp;kB)\",\"views\":\"0\",\"likes\":\"0\"},\"title\":\"Ready to Wear Fall\\\/Winter 2015-2016\",\"description\":\"<p>Ready to Wear Fall\\\/Winter 2015-2016<\\\/p>\",\"link\":null,\"link_target\":\"\",\"download\":\"https:\\\/\\\/bobvarela.com\\\/wp-content\\\/flagallery\\\/georgina-vendrell-coleccion-darklight\\\/georgina-vendrell-035.jpg\",\"ratio\":0.669000000000000039079850466805510222911834716796875},{\"id\":\"19707\",\"image\":\"https:\\\/\\\/bobvarela.com\\\/wp-content\\\/flagallery\\\/georgina-vendrell-coleccion-darklight\\\/webview\\\/georgina-vendrell-036.jpg\",\"thumb\":\"https:\\\/\\\/bobvarela.com\\\/wp-content\\\/flagallery\\\/georgina-vendrell-coleccion-darklight\\\/thumbs\\\/thumbs_georgina-vendrell-036.jpg\",\"file\":\"georgina-vendrell-036.jpg\",\"meta\":{\"aperture\":false,\"credit\":false,\"camera\":false,\"caption\":\"Ready to Wear Fall\\\/Winter 2015-2016\",\"created_timestamp\":\"February 4, 2015 11:15 am\",\"copyright\":\"\\u00c2\\u00a9 2015 Estrop-Barcelona PHOTOGRAPH FOR EDITORIAL USE ONLY\",\"focal_length\":false,\"iso\":false,\"shutter_speed\":false,\"flash\":false,\"title\":\"Ready to Wear Fall\\\/Winter 2015-2016\",\"keywords\":\"2015-2016,Fall\\\/Winter,RTW\",\"width\":669,\"height\":1000,\"saved\":true,\"thumbnail\":{\"width\":220,\"height\":220,\"ewww_image_optimizer\":\"Reduced by 8.9% (2.4&nbsp;kB)\"},\"webview\":{\"0\":669,\"1\":1000,\"2\":2,\"3\":\"width=\\\"669\\\" height=\\\"1000\\\"\",\"bits\":8,\"channels\":3,\"mime\":\"image\\\/jpeg\",\"ewww_image_optimizer\":\"Reduced by 5.5% (3.5&nbsp;kB) - Previously Optimized\"},\"0\":false,\"ewww_image_optimizer\":\"Reduced by 4.6% (6.1&nbsp;kB)\",\"views\":\"0\",\"likes\":\"0\"},\"title\":\"Ready to Wear Fall\\\/Winter 2015-2016\",\"description\":\"<p>Ready to Wear Fall\\\/Winter 2015-2016<\\\/p>\",\"link\":null,\"link_target\":\"\",\"download\":\"https:\\\/\\\/bobvarela.com\\\/wp-content\\\/flagallery\\\/georgina-vendrell-coleccion-darklight\\\/georgina-vendrell-036.jpg\",\"ratio\":0.669000000000000039079850466805510222911834716796875},{\"id\":\"19708\",\"image\":\"https:\\\/\\\/bobvarela.com\\\/wp-content\\\/flagallery\\\/georgina-vendrell-coleccion-darklight\\\/webview\\\/georgina-vendrell-037.jpg\",\"thumb\":\"https:\\\/\\\/bobvarela.com\\\/wp-content\\\/flagallery\\\/georgina-vendrell-coleccion-darklight\\\/thumbs\\\/thumbs_georgina-vendrell-037.jpg\",\"file\":\"georgina-vendrell-037.jpg\",\"meta\":{\"aperture\":false,\"credit\":false,\"camera\":false,\"caption\":\"Ready to Wear Fall\\\/Winter 2015-2016\",\"created_timestamp\":\"February 4, 2015 11:15 am\",\"copyright\":\"\\u00c2\\u00a9 2015 Estrop-Barcelona PHOTOGRAPH FOR EDITORIAL USE ONLY\",\"focal_length\":false,\"iso\":false,\"shutter_speed\":false,\"flash\":false,\"title\":\"Ready to Wear Fall\\\/Winter 2015-2016\",\"keywords\":\"2015-2016,Fall\\\/Winter,RTW\",\"width\":669,\"height\":1000,\"saved\":true,\"thumbnail\":{\"width\":220,\"height\":220,\"ewww_image_optimizer\":\"Reduced by 6.1% (1.8&nbsp;kB)\"},\"webview\":{\"0\":669,\"1\":1000,\"2\":2,\"3\":\"width=\\\"669\\\" height=\\\"1000\\\"\",\"bits\":8,\"channels\":3,\"mime\":\"image\\\/jpeg\",\"ewww_image_optimizer\":\"Reduced by 7.5% (7.1&nbsp;kB) - Previously Optimized\"},\"0\":false,\"ewww_image_optimizer\":\"Reduced by 5.3% (10.1&nbsp;kB)\",\"views\":\"0\",\"likes\":\"0\"},\"title\":\"Ready to Wear Fall\\\/Winter 2015-2016\",\"description\":\"<p>Ready to Wear Fall\\\/Winter 2015-2016<\\\/p>\",\"link\":null,\"link_target\":\"\",\"download\":\"https:\\\/\\\/bobvarela.com\\\/wp-content\\\/flagallery\\\/georgina-vendrell-coleccion-darklight\\\/georgina-vendrell-037.jpg\",\"ratio\":0.669000000000000039079850466805510222911834716796875},{\"id\":\"19709\",\"image\":\"https:\\\/\\\/bobvarela.com\\\/wp-content\\\/flagallery\\\/georgina-vendrell-coleccion-darklight\\\/webview\\\/georgina-vendrell-038.jpg\",\"thumb\":\"https:\\\/\\\/bobvarela.com\\\/wp-content\\\/flagallery\\\/georgina-vendrell-coleccion-darklight\\\/thumbs\\\/thumbs_georgina-vendrell-038.jpg\",\"file\":\"georgina-vendrell-038.jpg\",\"meta\":{\"aperture\":false,\"credit\":false,\"camera\":false,\"caption\":\"Ready to Wear Fall\\\/Winter 2015-2016\",\"created_timestamp\":\"February 4, 2015 11:15 am\",\"copyright\":\"\\u00c2\\u00a9 2015 Estrop-Barcelona PHOTOGRAPH FOR EDITORIAL USE ONLY\",\"focal_length\":false,\"iso\":false,\"shutter_speed\":false,\"flash\":false,\"title\":\"Ready to Wear Fall\\\/Winter 2015-2016\",\"keywords\":\"2015-2016,Fall\\\/Winter,RTW\",\"width\":669,\"height\":1000,\"saved\":true,\"thumbnail\":{\"width\":220,\"height\":220,\"ewww_image_optimizer\":\"Reduced by 10.3% (3.5&nbsp;kB)\"},\"webview\":{\"0\":669,\"1\":1000,\"2\":2,\"3\":\"width=\\\"669\\\" height=\\\"1000\\\"\",\"bits\":8,\"channels\":3,\"mime\":\"image\\\/jpeg\",\"ewww_image_optimizer\":\"Reduced by 3.1% (3.2&nbsp;kB) - Previously Optimized\"},\"0\":false,\"ewww_image_optimizer\":\"Reduced by 4.5% (8.7&nbsp;kB)\",\"views\":\"0\",\"likes\":\"0\"},\"title\":\"Ready to Wear Fall\\\/Winter 2015-2016\",\"description\":\"<p>Ready to Wear Fall\\\/Winter 2015-2016<\\\/p>\",\"link\":null,\"link_target\":\"\",\"download\":\"https:\\\/\\\/bobvarela.com\\\/wp-content\\\/flagallery\\\/georgina-vendrell-coleccion-darklight\\\/georgina-vendrell-038.jpg\",\"ratio\":0.669000000000000039079850466805510222911834716796875},{\"id\":\"19710\",\"image\":\"https:\\\/\\\/bobvarela.com\\\/wp-content\\\/flagallery\\\/georgina-vendrell-coleccion-darklight\\\/webview\\\/georgina-vendrell-039.jpg\",\"thumb\":\"https:\\\/\\\/bobvarela.com\\\/wp-content\\\/flagallery\\\/georgina-vendrell-coleccion-darklight\\\/thumbs\\\/thumbs_georgina-vendrell-039.jpg\",\"file\":\"georgina-vendrell-039.jpg\",\"meta\":{\"aperture\":false,\"credit\":false,\"camera\":false,\"caption\":\"Ready to Wear Fall\\\/Winter 2015-2016\",\"created_timestamp\":\"February 4, 2015 11:15 am\",\"copyright\":\"\\u00c2\\u00a9 2015 Estrop-Barcelona PHOTOGRAPH FOR EDITORIAL USE ONLY\",\"focal_length\":false,\"iso\":false,\"shutter_speed\":false,\"flash\":false,\"title\":\"Ready to Wear Fall\\\/Winter 2015-2016\",\"keywords\":\"2015-2016,Fall\\\/Winter,RTW\",\"width\":669,\"height\":1000,\"saved\":true,\"thumbnail\":{\"width\":220,\"height\":220,\"ewww_image_optimizer\":\"Reduced by 10.8% (3.5&nbsp;kB)\"},\"webview\":{\"0\":669,\"1\":1000,\"2\":2,\"3\":\"width=\\\"669\\\" height=\\\"1000\\\"\",\"bits\":8,\"channels\":3,\"mime\":\"image\\\/jpeg\",\"ewww_image_optimizer\":\"Reduced by 3.8% (3.4&nbsp;kB) - Previously Optimized\"},\"0\":false,\"ewww_image_optimizer\":\"Reduced by 3.7% (6.6&nbsp;kB)\",\"views\":\"0\",\"likes\":\"0\"},\"title\":\"Ready to Wear Fall\\\/Winter 2015-2016\",\"description\":\"<p>Ready to Wear Fall\\\/Winter 2015-2016<\\\/p>\",\"link\":null,\"link_target\":\"\",\"download\":\"https:\\\/\\\/bobvarela.com\\\/wp-content\\\/flagallery\\\/georgina-vendrell-coleccion-darklight\\\/georgina-vendrell-039.jpg\",\"ratio\":0.669000000000000039079850466805510222911834716796875},{\"id\":\"19711\",\"image\":\"https:\\\/\\\/bobvarela.com\\\/wp-content\\\/flagallery\\\/georgina-vendrell-coleccion-darklight\\\/webview\\\/georgina-vendrell-040.jpg\",\"thumb\":\"https:\\\/\\\/bobvarela.com\\\/wp-content\\\/flagallery\\\/georgina-vendrell-coleccion-darklight\\\/thumbs\\\/thumbs_georgina-vendrell-040.jpg\",\"file\":\"georgina-vendrell-040.jpg\",\"meta\":{\"aperture\":false,\"credit\":false,\"camera\":false,\"caption\":\"Ready to Wear Fall\\\/Winter 2015-2016\",\"created_timestamp\":\"February 4, 2015 11:15 am\",\"copyright\":\"\\u00c2\\u00a9 2015 Estrop-Barcelona PHOTOGRAPH FOR EDITORIAL USE ONLY\",\"focal_length\":false,\"iso\":false,\"shutter_speed\":false,\"flash\":false,\"title\":\"Ready to Wear Fall\\\/Winter 2015-2016\",\"keywords\":\"2015-2016,Fall\\\/Winter,RTW\",\"width\":669,\"height\":1000,\"saved\":true,\"thumbnail\":{\"width\":220,\"height\":220,\"ewww_image_optimizer\":\"Reduced by 8.7% (2.9&nbsp;kB)\"},\"webview\":{\"0\":669,\"1\":1000,\"2\":2,\"3\":\"width=\\\"669\\\" height=\\\"1000\\\"\",\"bits\":8,\"channels\":3,\"mime\":\"image\\\/jpeg\",\"ewww_image_optimizer\":\"Reduced by 6.6% (7.4&nbsp;kB) - Previously Optimized\"},\"0\":false,\"ewww_image_optimizer\":\"Reduced by 5.2% (7.7&nbsp;kB)\",\"views\":\"0\",\"likes\":\"0\"},\"title\":\"Ready to Wear Fall\\\/Winter 2015-2016\",\"description\":\"<p>Ready to Wear Fall\\\/Winter 2015-2016<\\\/p>\",\"link\":null,\"link_target\":\"\",\"download\":\"https:\\\/\\\/bobvarela.com\\\/wp-content\\\/flagallery\\\/georgina-vendrell-coleccion-darklight\\\/georgina-vendrell-040.jpg\",\"ratio\":0.669000000000000039079850466805510222911834716796875},{\"id\":\"19712\",\"image\":\"https:\\\/\\\/bobvarela.com\\\/wp-content\\\/flagallery\\\/georgina-vendrell-coleccion-darklight\\\/webview\\\/georgina-vendrell-041.jpg\",\"thumb\":\"https:\\\/\\\/bobvarela.com\\\/wp-content\\\/flagallery\\\/georgina-vendrell-coleccion-darklight\\\/thumbs\\\/thumbs_georgina-vendrell-041.jpg\",\"file\":\"georgina-vendrell-041.jpg\",\"meta\":{\"aperture\":false,\"credit\":false,\"camera\":false,\"caption\":\"Ready to Wear Fall\\\/Winter 2015-2016\",\"created_timestamp\":\"February 4, 2015 11:15 am\",\"copyright\":\"\\u00c2\\u00a9 2015 Estrop-Barcelona PHOTOGRAPH FOR EDITORIAL USE ONLY\",\"focal_length\":false,\"iso\":false,\"shutter_speed\":false,\"flash\":false,\"title\":\"Ready to Wear Fall\\\/Winter 2015-2016\",\"keywords\":\"2015-2016,Fall\\\/Winter,RTW\",\"width\":669,\"height\":1000,\"saved\":true,\"thumbnail\":{\"width\":220,\"height\":220,\"ewww_image_optimizer\":\"Reduced by 12.2% (4.4&nbsp;kB)\"},\"webview\":{\"0\":669,\"1\":1000,\"2\":2,\"3\":\"width=\\\"669\\\" height=\\\"1000\\\"\",\"bits\":8,\"channels\":3,\"mime\":\"image\\\/jpeg\",\"ewww_image_optimizer\":\"Reduced by 4.4% (4.2&nbsp;kB) - Previously Optimized\"},\"0\":false,\"ewww_image_optimizer\":\"Reduced by 5.3% (9.4&nbsp;kB)\",\"views\":\"0\",\"likes\":\"0\"},\"title\":\"Ready to Wear Fall\\\/Winter 2015-2016\",\"description\":\"<p>Ready to Wear Fall\\\/Winter 2015-2016<\\\/p>\",\"link\":null,\"link_target\":\"\",\"download\":\"https:\\\/\\\/bobvarela.com\\\/wp-content\\\/flagallery\\\/georgina-vendrell-coleccion-darklight\\\/georgina-vendrell-041.jpg\",\"ratio\":0.669000000000000039079850466805510222911834716796875},{\"id\":\"19713\",\"image\":\"https:\\\/\\\/bobvarela.com\\\/wp-content\\\/flagallery\\\/georgina-vendrell-coleccion-darklight\\\/webview\\\/georgina-vendrell-042.jpg\",\"thumb\":\"https:\\\/\\\/bobvarela.com\\\/wp-content\\\/flagallery\\\/georgina-vendrell-coleccion-darklight\\\/thumbs\\\/thumbs_georgina-vendrell-042.jpg\",\"file\":\"georgina-vendrell-042.jpg\",\"meta\":{\"aperture\":false,\"credit\":false,\"camera\":false,\"caption\":\"Ready to Wear Fall\\\/Winter 2015-2016\",\"created_timestamp\":\"February 4, 2015 11:15 am\",\"copyright\":\"\\u00c2\\u00a9 2015 Estrop-Barcelona PHOTOGRAPH FOR EDITORIAL USE ONLY\",\"focal_length\":false,\"iso\":false,\"shutter_speed\":false,\"flash\":false,\"title\":\"Ready to Wear Fall\\\/Winter 2015-2016\",\"keywords\":\"2015-2016,Fall\\\/Winter,RTW\",\"width\":669,\"height\":1000,\"saved\":true,\"thumbnail\":{\"width\":220,\"height\":220,\"ewww_image_optimizer\":\"Reduced by 11.7% (4.1&nbsp;kB)\"},\"webview\":{\"0\":669,\"1\":1000,\"2\":2,\"3\":\"width=\\\"669\\\" height=\\\"1000\\\"\",\"bits\":8,\"channels\":3,\"mime\":\"image\\\/jpeg\",\"ewww_image_optimizer\":\"Reduced by 4.3% (4.4&nbsp;kB) - Previously Optimized\"},\"0\":false,\"ewww_image_optimizer\":\"Reduced by 4.2% (8.3&nbsp;kB)\",\"views\":\"0\",\"likes\":\"0\"},\"title\":\"Ready to Wear Fall\\\/Winter 2015-2016\",\"description\":\"<p>Ready to Wear Fall\\\/Winter 2015-2016<\\\/p>\",\"link\":null,\"link_target\":\"\",\"download\":\"https:\\\/\\\/bobvarela.com\\\/wp-content\\\/flagallery\\\/georgina-vendrell-coleccion-darklight\\\/georgina-vendrell-042.jpg\",\"ratio\":0.669000000000000039079850466805510222911834716796875},{\"id\":\"19714\",\"image\":\"https:\\\/\\\/bobvarela.com\\\/wp-content\\\/flagallery\\\/georgina-vendrell-coleccion-darklight\\\/webview\\\/georgina-vendrell-043.jpg\",\"thumb\":\"https:\\\/\\\/bobvarela.com\\\/wp-content\\\/flagallery\\\/georgina-vendrell-coleccion-darklight\\\/thumbs\\\/thumbs_georgina-vendrell-043.jpg\",\"file\":\"georgina-vendrell-043.jpg\",\"meta\":{\"aperture\":false,\"credit\":false,\"camera\":false,\"caption\":\"Ready to Wear Fall\\\/Winter 2015-2016\",\"created_timestamp\":\"February 4, 2015 11:15 am\",\"copyright\":\"\\u00c2\\u00a9 2015 Estrop-Barcelona PHOTOGRAPH FOR EDITORIAL USE ONLY\",\"focal_length\":false,\"iso\":false,\"shutter_speed\":false,\"flash\":false,\"title\":\"Ready to Wear Fall\\\/Winter 2015-2016\",\"keywords\":\"2015-2016,Fall\\\/Winter,RTW\",\"width\":669,\"height\":1000,\"saved\":true,\"thumbnail\":{\"width\":220,\"height\":220,\"ewww_image_optimizer\":\"Reduced by 11.4% (4.5&nbsp;kB)\"},\"webview\":{\"0\":669,\"1\":1000,\"2\":2,\"3\":\"width=\\\"669\\\" height=\\\"1000\\\"\",\"bits\":8,\"channels\":3,\"mime\":\"image\\\/jpeg\",\"ewww_image_optimizer\":\"Reduced by 3.5% (4.9&nbsp;kB) - Previously Optimized\"},\"0\":false,\"ewww_image_optimizer\":\"Reduced by 4.8% (8.0&nbsp;kB)\",\"views\":\"1\",\"likes\":\"0\"},\"title\":\"Ready to Wear Fall\\\/Winter 2015-2016\",\"description\":\"<p>Ready to Wear Fall\\\/Winter 2015-2016<\\\/p>\",\"link\":null,\"link_target\":\"\",\"download\":\"https:\\\/\\\/bobvarela.com\\\/wp-content\\\/flagallery\\\/georgina-vendrell-coleccion-darklight\\\/georgina-vendrell-043.jpg\",\"ratio\":0.669000000000000039079850466805510222911834716796875},{\"id\":\"19715\",\"image\":\"https:\\\/\\\/bobvarela.com\\\/wp-content\\\/flagallery\\\/georgina-vendrell-coleccion-darklight\\\/webview\\\/georgina-vendrell-044.jpg\",\"thumb\":\"https:\\\/\\\/bobvarela.com\\\/wp-content\\\/flagallery\\\/georgina-vendrell-coleccion-darklight\\\/thumbs\\\/thumbs_georgina-vendrell-044.jpg\",\"file\":\"georgina-vendrell-044.jpg\",\"meta\":{\"aperture\":false,\"credit\":false,\"camera\":false,\"caption\":\"Ready to Wear Fall\\\/Winter 2015-2016\",\"created_timestamp\":\"February 4, 2015 11:16 am\",\"copyright\":\"\\u00c2\\u00a9 2015 Estrop-Barcelona PHOTOGRAPH FOR EDITORIAL USE ONLY\",\"focal_length\":false,\"iso\":false,\"shutter_speed\":false,\"flash\":false,\"title\":\"Ready to Wear Fall\\\/Winter 2015-2016\",\"keywords\":\"2015-2016,Fall\\\/Winter,RTW\",\"width\":669,\"height\":1000,\"saved\":true,\"thumbnail\":{\"width\":220,\"height\":220,\"ewww_image_optimizer\":\"Reduced by 11.6% (4.8&nbsp;kB)\"},\"webview\":{\"0\":669,\"1\":1000,\"2\":2,\"3\":\"width=\\\"669\\\" height=\\\"1000\\\"\",\"bits\":8,\"channels\":3,\"mime\":\"image\\\/jpeg\",\"ewww_image_optimizer\":\"Reduced by 5.5% (9.6&nbsp;kB) - Previously Optimized\"},\"0\":false,\"ewww_image_optimizer\":\"Reduced by 5.4% (9.5&nbsp;kB)\",\"views\":\"0\",\"likes\":\"0\"},\"title\":\"Ready to Wear Fall\\\/Winter 2015-2016\",\"description\":\"<p>Ready to Wear Fall\\\/Winter 2015-2016<\\\/p>\",\"link\":null,\"link_target\":\"\",\"download\":\"https:\\\/\\\/bobvarela.com\\\/wp-content\\\/flagallery\\\/georgina-vendrell-coleccion-darklight\\\/georgina-vendrell-044.jpg\",\"ratio\":0.669000000000000039079850466805510222911834716796875},{\"id\":\"19716\",\"image\":\"https:\\\/\\\/bobvarela.com\\\/wp-content\\\/flagallery\\\/georgina-vendrell-coleccion-darklight\\\/webview\\\/georgina-vendrell-045.jpg\",\"thumb\":\"https:\\\/\\\/bobvarela.com\\\/wp-content\\\/flagallery\\\/georgina-vendrell-coleccion-darklight\\\/thumbs\\\/thumbs_georgina-vendrell-045.jpg\",\"file\":\"georgina-vendrell-045.jpg\",\"meta\":{\"aperture\":false,\"credit\":false,\"camera\":false,\"caption\":\"Ready to Wear Fall\\\/Winter 2015-2016\",\"created_timestamp\":\"February 4, 2015 11:16 am\",\"copyright\":\"\\u00c2\\u00a9 2015 Estrop-Barcelona PHOTOGRAPH FOR EDITORIAL USE ONLY\",\"focal_length\":false,\"iso\":false,\"shutter_speed\":false,\"flash\":false,\"title\":\"Ready to Wear Fall\\\/Winter 2015-2016\",\"keywords\":\"2015-2016,Fall\\\/Winter,RTW\",\"width\":669,\"height\":1000,\"saved\":true,\"thumbnail\":{\"width\":220,\"height\":220,\"ewww_image_optimizer\":\"Reduced by 9.5% (2.8&nbsp;kB)\"},\"webview\":{\"0\":669,\"1\":1000,\"2\":2,\"3\":\"width=\\\"669\\\" height=\\\"1000\\\"\",\"bits\":8,\"channels\":3,\"mime\":\"image\\\/jpeg\",\"ewww_image_optimizer\":\"Reduced by 4.2% (3.2&nbsp;kB) - Previously Optimized\"},\"0\":false,\"ewww_image_optimizer\":\"Reduced by 3.6% (5.9&nbsp;kB)\",\"views\":\"0\",\"likes\":\"0\"},\"title\":\"Ready to Wear Fall\\\/Winter 2015-2016\",\"description\":\"<p>Ready to Wear Fall\\\/Winter 2015-2016<\\\/p>\",\"link\":null,\"link_target\":\"\",\"download\":\"https:\\\/\\\/bobvarela.com\\\/wp-content\\\/flagallery\\\/georgina-vendrell-coleccion-darklight\\\/georgina-vendrell-045.jpg\",\"ratio\":0.669000000000000039079850466805510222911834716796875},{\"id\":\"19717\",\"image\":\"https:\\\/\\\/bobvarela.com\\\/wp-content\\\/flagallery\\\/georgina-vendrell-coleccion-darklight\\\/webview\\\/georgina-vendrell-046.jpg\",\"thumb\":\"https:\\\/\\\/bobvarela.com\\\/wp-content\\\/flagallery\\\/georgina-vendrell-coleccion-darklight\\\/thumbs\\\/thumbs_georgina-vendrell-046.jpg\",\"file\":\"georgina-vendrell-046.jpg\",\"meta\":{\"aperture\":false,\"credit\":false,\"camera\":false,\"caption\":\"Ready to Wear Fall\\\/Winter 2015-2016\",\"created_timestamp\":\"February 4, 2015 11:16 am\",\"copyright\":\"\\u00c2\\u00a9 2015 Estrop-Barcelona PHOTOGRAPH FOR EDITORIAL USE ONLY\",\"focal_length\":false,\"iso\":false,\"shutter_speed\":false,\"flash\":false,\"title\":\"Ready to Wear Fall\\\/Winter 2015-2016\",\"keywords\":\"2015-2016,Fall\\\/Winter,RTW\",\"width\":669,\"height\":1000,\"saved\":true,\"thumbnail\":{\"width\":220,\"height\":220,\"ewww_image_optimizer\":\"Reduced by 8.4% (2.5&nbsp;kB)\"},\"webview\":{\"0\":669,\"1\":1000,\"2\":2,\"3\":\"width=\\\"669\\\" height=\\\"1000\\\"\",\"bits\":8,\"channels\":3,\"mime\":\"image\\\/jpeg\",\"ewww_image_optimizer\":\"Reduced by 5.3% (4.3&nbsp;kB) - Previously Optimized\"},\"0\":false,\"ewww_image_optimizer\":\"Reduced by 4.4% (7.5&nbsp;kB)\",\"views\":\"0\",\"likes\":\"0\"},\"title\":\"Ready to Wear Fall\\\/Winter 2015-2016\",\"description\":\"<p>Ready to Wear Fall\\\/Winter 2015-2016<\\\/p>\",\"link\":null,\"link_target\":\"\",\"download\":\"https:\\\/\\\/bobvarela.com\\\/wp-content\\\/flagallery\\\/georgina-vendrell-coleccion-darklight\\\/georgina-vendrell-046.jpg\",\"ratio\":0.669000000000000039079850466805510222911834716796875},{\"id\":\"19718\",\"image\":\"https:\\\/\\\/bobvarela.com\\\/wp-content\\\/flagallery\\\/georgina-vendrell-coleccion-darklight\\\/webview\\\/georgina-vendrell-047.jpg\",\"thumb\":\"https:\\\/\\\/bobvarela.com\\\/wp-content\\\/flagallery\\\/georgina-vendrell-coleccion-darklight\\\/thumbs\\\/thumbs_georgina-vendrell-047.jpg\",\"file\":\"georgina-vendrell-047.jpg\",\"meta\":{\"aperture\":false,\"credit\":false,\"camera\":false,\"caption\":\"Ready to Wear Fall\\\/Winter 2015-2016\",\"created_timestamp\":\"February 4, 2015 11:16 am\",\"copyright\":\"\\u00c2\\u00a9 2015 Estrop-Barcelona PHOTOGRAPH FOR EDITORIAL USE ONLY\",\"focal_length\":false,\"iso\":false,\"shutter_speed\":false,\"flash\":false,\"title\":\"Ready to Wear Fall\\\/Winter 2015-2016\",\"keywords\":\"2015-2016,Fall\\\/Winter,RTW\",\"width\":669,\"height\":1000,\"saved\":true,\"thumbnail\":{\"width\":220,\"height\":220,\"ewww_image_optimizer\":\"Reduced by 9.7% (3.2&nbsp;kB)\"},\"webview\":{\"0\":669,\"1\":1000,\"2\":2,\"3\":\"width=\\\"669\\\" height=\\\"1000\\\"\",\"bits\":8,\"channels\":3,\"mime\":\"image\\\/jpeg\",\"ewww_image_optimizer\":\"Reduced by 3.9% (3.8&nbsp;kB) - Previously Optimized\"},\"0\":false,\"ewww_image_optimizer\":\"Reduced by 3.8% (7.2&nbsp;kB)\",\"views\":\"0\",\"likes\":\"0\"},\"title\":\"Ready to Wear Fall\\\/Winter 2015-2016\",\"description\":\"<p>Ready to Wear Fall\\\/Winter 2015-2016<\\\/p>\",\"link\":null,\"link_target\":\"\",\"download\":\"https:\\\/\\\/bobvarela.com\\\/wp-content\\\/flagallery\\\/georgina-vendrell-coleccion-darklight\\\/georgina-vendrell-047.jpg\",\"ratio\":0.669000000000000039079850466805510222911834716796875},{\"id\":\"19719\",\"image\":\"https:\\\/\\\/bobvarela.com\\\/wp-content\\\/flagallery\\\/georgina-vendrell-coleccion-darklight\\\/webview\\\/georgina-vendrell-048.jpg\",\"thumb\":\"https:\\\/\\\/bobvarela.com\\\/wp-content\\\/flagallery\\\/georgina-vendrell-coleccion-darklight\\\/thumbs\\\/thumbs_georgina-vendrell-048.jpg\",\"file\":\"georgina-vendrell-048.jpg\",\"meta\":{\"aperture\":false,\"credit\":false,\"camera\":false,\"caption\":\"Ready to Wear Fall\\\/Winter 2015-2016\",\"created_timestamp\":\"February 4, 2015 11:16 am\",\"copyright\":\"\\u00c2\\u00a9 2015 Estrop-Barcelona PHOTOGRAPH FOR EDITORIAL USE ONLY\",\"focal_length\":false,\"iso\":false,\"shutter_speed\":false,\"flash\":false,\"title\":\"Ready to Wear Fall\\\/Winter 2015-2016\",\"keywords\":\"2015-2016,Fall\\\/Winter,RTW\",\"width\":669,\"height\":1000,\"saved\":true,\"thumbnail\":{\"width\":220,\"height\":220,\"ewww_image_optimizer\":\"Reduced by 11.1% (4.4&nbsp;kB)\"},\"webview\":{\"0\":669,\"1\":1000,\"2\":2,\"3\":\"width=\\\"669\\\" height=\\\"1000\\\"\",\"bits\":8,\"channels\":3,\"mime\":\"image\\\/jpeg\",\"ewww_image_optimizer\":\"Reduced by 4.6% (6.3&nbsp;kB) - Previously Optimized\"},\"0\":false,\"ewww_image_optimizer\":\"Reduced by 3.0% (5.7&nbsp;kB)\",\"views\":\"0\",\"likes\":\"0\"},\"title\":\"Ready to Wear Fall\\\/Winter 2015-2016\",\"description\":\"<p>Ready to Wear Fall\\\/Winter 2015-2016<\\\/p>\",\"link\":null,\"link_target\":\"\",\"download\":\"https:\\\/\\\/bobvarela.com\\\/wp-content\\\/flagallery\\\/georgina-vendrell-coleccion-darklight\\\/georgina-vendrell-048.jpg\",\"ratio\":0.669000000000000039079850466805510222911834716796875},{\"id\":\"19720\",\"image\":\"https:\\\/\\\/bobvarela.com\\\/wp-content\\\/flagallery\\\/georgina-vendrell-coleccion-darklight\\\/webview\\\/georgina-vendrell-050.jpg\",\"thumb\":\"https:\\\/\\\/bobvarela.com\\\/wp-content\\\/flagallery\\\/georgina-vendrell-coleccion-darklight\\\/thumbs\\\/thumbs_georgina-vendrell-050.jpg\",\"file\":\"georgina-vendrell-050.jpg\",\"meta\":{\"aperture\":false,\"credit\":false,\"camera\":false,\"caption\":\"Ready to Wear Fall\\\/Winter 2015-2016\",\"created_timestamp\":\"February 4, 2015 11:17 am\",\"copyright\":\"\\u00c2\\u00a9 2015 Estrop-Barcelona PHOTOGRAPH FOR EDITORIAL USE ONLY\",\"focal_length\":false,\"iso\":false,\"shutter_speed\":false,\"flash\":false,\"title\":\"Ready to Wear Fall\\\/Winter 2015-2016\",\"keywords\":\"2015-2016,Fall\\\/Winter,RTW\",\"width\":669,\"height\":1000,\"saved\":true,\"thumbnail\":{\"width\":220,\"height\":220,\"ewww_image_optimizer\":\"Reduced by 10.8% (4.7&nbsp;kB)\"},\"webview\":{\"0\":669,\"1\":1000,\"2\":2,\"3\":\"width=\\\"669\\\" height=\\\"1000\\\"\",\"bits\":8,\"channels\":3,\"mime\":\"image\\\/jpeg\",\"ewww_image_optimizer\":\"Reduced by 5.2% (6.0&nbsp;kB) - Previously Optimized\"},\"0\":false,\"ewww_image_optimizer\":\"Reduced by 4.3% (6.6&nbsp;kB)\",\"views\":\"1\",\"likes\":\"0\"},\"title\":\"Ready to Wear Fall\\\/Winter 2015-2016\",\"description\":\"<p>Ready to Wear Fall\\\/Winter 2015-2016<\\\/p>\",\"link\":null,\"link_target\":\"\",\"download\":\"https:\\\/\\\/bobvarela.com\\\/wp-content\\\/flagallery\\\/georgina-vendrell-coleccion-darklight\\\/georgina-vendrell-050.jpg\",\"ratio\":0.669000000000000039079850466805510222911834716796875}]}; var container = $('#FlaGallery_sc1_270'); container.photomania(settings, content); window.FlaGallery_sc1_270 = container.data('photomania'); }); <\/script><\/div><noscript id=\"noscript_FlaGallery_sc1_270\"><img class=\"skip-lazy no-lazyload noLazy\" data-lazy-src=\"\" src =\"https:\/\/bobvarela.com\/wp-content\/flagallery\/georgina-vendrell-coleccion-darklight\/georgina-vendrell-001.jpg\" alt=\"Ready to Wear Fall\/Winter 2015-2016\" \/><img class=\"skip-lazy no-lazyload noLazy\" data-lazy-src=\"\" src =\"https:\/\/bobvarela.com\/wp-content\/flagallery\/georgina-vendrell-coleccion-darklight\/georgina-vendrell-002.jpg\" alt=\"Ready to Wear Fall\/Winter 2015-2016\" \/><img class=\"skip-lazy no-lazyload noLazy\" data-lazy-src=\"\" src =\"https:\/\/bobvarela.com\/wp-content\/flagallery\/georgina-vendrell-coleccion-darklight\/georgina-vendrell-003.jpg\" alt=\"Ready to Wear Fall\/Winter 2015-2016\" \/><img class=\"skip-lazy no-lazyload noLazy\" data-lazy-src=\"\" src =\"https:\/\/bobvarela.com\/wp-content\/flagallery\/georgina-vendrell-coleccion-darklight\/georgina-vendrell-004.jpg\" alt=\"Ready to Wear Fall\/Winter 2015-2016\" \/><img class=\"skip-lazy no-lazyload noLazy\" data-lazy-src=\"\" src =\"https:\/\/bobvarela.com\/wp-content\/flagallery\/georgina-vendrell-coleccion-darklight\/georgina-vendrell-005.jpg\" alt=\"Ready to Wear Fall\/Winter 2015-2016\" \/><img class=\"skip-lazy no-lazyload noLazy\" data-lazy-src=\"\" src =\"https:\/\/bobvarela.com\/wp-content\/flagallery\/georgina-vendrell-coleccion-darklight\/georgina-vendrell-006.jpg\" alt=\"Ready to Wear Fall\/Winter 2015-2016\" \/><img class=\"skip-lazy no-lazyload noLazy\" data-lazy-src=\"\" src =\"https:\/\/bobvarela.com\/wp-content\/flagallery\/georgina-vendrell-coleccion-darklight\/georgina-vendrell-007.jpg\" alt=\"Ready to Wear Fall\/Winter 2015-2016\" \/><img class=\"skip-lazy no-lazyload noLazy\" data-lazy-src=\"\" src =\"https:\/\/bobvarela.com\/wp-content\/flagallery\/georgina-vendrell-coleccion-darklight\/georgina-vendrell-008.jpg\" alt=\"Ready to Wear Fall\/Winter 2015-2016\" \/><img class=\"skip-lazy no-lazyload noLazy\" data-lazy-src=\"\" src =\"https:\/\/bobvarela.com\/wp-content\/flagallery\/georgina-vendrell-coleccion-darklight\/georgina-vendrell-009.jpg\" alt=\"Ready to Wear Fall\/Winter 2015-2016\" \/><img class=\"skip-lazy no-lazyload noLazy\" data-lazy-src=\"\" src =\"https:\/\/bobvarela.com\/wp-content\/flagallery\/georgina-vendrell-coleccion-darklight\/georgina-vendrell-010.jpg\" alt=\"Ready to Wear Fall\/Winter 2015-2016\" \/><img class=\"skip-lazy no-lazyload noLazy\" data-lazy-src=\"\" src =\"https:\/\/bobvarela.com\/wp-content\/flagallery\/georgina-vendrell-coleccion-darklight\/georgina-vendrell-011.jpg\" alt=\"Ready to Wear Fall\/Winter 2015-2016\" \/><img class=\"skip-lazy no-lazyload noLazy\" data-lazy-src=\"\" src =\"https:\/\/bobvarela.com\/wp-content\/flagallery\/georgina-vendrell-coleccion-darklight\/georgina-vendrell-012.jpg\" alt=\"Ready to Wear Fall\/Winter 2015-2016\" \/><img class=\"skip-lazy no-lazyload noLazy\" data-lazy-src=\"\" src =\"https:\/\/bobvarela.com\/wp-content\/flagallery\/georgina-vendrell-coleccion-darklight\/georgina-vendrell-013.jpg\" alt=\"Ready to Wear Fall\/Winter 2015-2016\" \/><img class=\"skip-lazy no-lazyload noLazy\" data-lazy-src=\"\" src =\"https:\/\/bobvarela.com\/wp-content\/flagallery\/georgina-vendrell-coleccion-darklight\/georgina-vendrell-014.jpg\" alt=\"Ready to Wear Fall\/Winter 2015-2016\" \/><img class=\"skip-lazy no-lazyload noLazy\" data-lazy-src=\"\" src =\"https:\/\/bobvarela.com\/wp-content\/flagallery\/georgina-vendrell-coleccion-darklight\/georgina-vendrell-015.jpg\" alt=\"Ready to Wear Fall\/Winter 2015-2016\" \/><img class=\"skip-lazy no-lazyload noLazy\" data-lazy-src=\"\" src =\"https:\/\/bobvarela.com\/wp-content\/flagallery\/georgina-vendrell-coleccion-darklight\/georgina-vendrell-016.jpg\" alt=\"Ready to Wear Fall\/Winter 2015-2016\" \/><img class=\"skip-lazy no-lazyload noLazy\" data-lazy-src=\"\" src =\"https:\/\/bobvarela.com\/wp-content\/flagallery\/georgina-vendrell-coleccion-darklight\/georgina-vendrell-017.jpg\" alt=\"Ready to Wear Fall\/Winter 2015-2016\" \/><img class=\"skip-lazy no-lazyload noLazy\" data-lazy-src=\"\" src =\"https:\/\/bobvarela.com\/wp-content\/flagallery\/georgina-vendrell-coleccion-darklight\/georgina-vendrell-018.jpg\" alt=\"Ready to Wear Fall\/Winter 2015-2016\" \/><img class=\"skip-lazy no-lazyload noLazy\" data-lazy-src=\"\" src =\"https:\/\/bobvarela.com\/wp-content\/flagallery\/georgina-vendrell-coleccion-darklight\/georgina-vendrell-019.jpg\" alt=\"Ready to Wear Fall\/Winter 2015-2016\" \/><img class=\"skip-lazy no-lazyload noLazy\" data-lazy-src=\"\" src =\"https:\/\/bobvarela.com\/wp-content\/flagallery\/georgina-vendrell-coleccion-darklight\/georgina-vendrell-020.jpg\" alt=\"Ready to Wear Fall\/Winter 2015-2016\" \/><img class=\"skip-lazy no-lazyload noLazy\" data-lazy-src=\"\" src =\"https:\/\/bobvarela.com\/wp-content\/flagallery\/georgina-vendrell-coleccion-darklight\/georgina-vendrell-021.jpg\" alt=\"Ready to Wear Fall\/Winter 2015-2016\" \/><img class=\"skip-lazy no-lazyload noLazy\" data-lazy-src=\"\" src =\"https:\/\/bobvarela.com\/wp-content\/flagallery\/georgina-vendrell-coleccion-darklight\/georgina-vendrell-022.jpg\" alt=\"Ready to Wear Fall\/Winter 2015-2016\" \/><img class=\"skip-lazy no-lazyload noLazy\" data-lazy-src=\"\" src =\"https:\/\/bobvarela.com\/wp-content\/flagallery\/georgina-vendrell-coleccion-darklight\/georgina-vendrell-023.jpg\" alt=\"Ready to Wear Fall\/Winter 2015-2016\" \/><img class=\"skip-lazy no-lazyload noLazy\" data-lazy-src=\"\" src =\"https:\/\/bobvarela.com\/wp-content\/flagallery\/georgina-vendrell-coleccion-darklight\/georgina-vendrell-024.jpg\" alt=\"Ready to Wear Fall\/Winter 2015-2016\" \/><img class=\"skip-lazy no-lazyload noLazy\" data-lazy-src=\"\" src =\"https:\/\/bobvarela.com\/wp-content\/flagallery\/georgina-vendrell-coleccion-darklight\/georgina-vendrell-025.jpg\" alt=\"Ready to Wear Fall\/Winter 2015-2016\" \/><img class=\"skip-lazy no-lazyload noLazy\" data-lazy-src=\"\" src =\"https:\/\/bobvarela.com\/wp-content\/flagallery\/georgina-vendrell-coleccion-darklight\/georgina-vendrell-026.jpg\" alt=\"Ready to Wear Fall\/Winter 2015-2016\" \/><img class=\"skip-lazy no-lazyload noLazy\" data-lazy-src=\"\" src =\"https:\/\/bobvarela.com\/wp-content\/flagallery\/georgina-vendrell-coleccion-darklight\/georgina-vendrell-027.jpg\" alt=\"Ready to Wear Fall\/Winter 2015-2016\" \/><img class=\"skip-lazy no-lazyload noLazy\" data-lazy-src=\"\" src =\"https:\/\/bobvarela.com\/wp-content\/flagallery\/georgina-vendrell-coleccion-darklight\/georgina-vendrell-028.jpg\" alt=\"Ready to Wear Fall\/Winter 2015-2016\" \/><img class=\"skip-lazy no-lazyload noLazy\" data-lazy-src=\"\" src =\"https:\/\/bobvarela.com\/wp-content\/flagallery\/georgina-vendrell-coleccion-darklight\/georgina-vendrell-029.jpg\" alt=\"Ready to Wear Fall\/Winter 2015-2016\" \/><img class=\"skip-lazy no-lazyload noLazy\" data-lazy-src=\"\" src =\"https:\/\/bobvarela.com\/wp-content\/flagallery\/georgina-vendrell-coleccion-darklight\/georgina-vendrell-030.jpg\" alt=\"Ready to Wear Fall\/Winter 2015-2016\" \/><img class=\"skip-lazy no-lazyload noLazy\" data-lazy-src=\"\" src =\"https:\/\/bobvarela.com\/wp-content\/flagallery\/georgina-vendrell-coleccion-darklight\/georgina-vendrell-031.jpg\" alt=\"Ready to Wear Fall\/Winter 2015-2016\" \/><img class=\"skip-lazy no-lazyload noLazy\" data-lazy-src=\"\" src =\"https:\/\/bobvarela.com\/wp-content\/flagallery\/georgina-vendrell-coleccion-darklight\/georgina-vendrell-032.jpg\" alt=\"Ready to Wear Fall\/Winter 2015-2016\" \/><img class=\"skip-lazy no-lazyload noLazy\" data-lazy-src=\"\" src =\"https:\/\/bobvarela.com\/wp-content\/flagallery\/georgina-vendrell-coleccion-darklight\/georgina-vendrell-033.jpg\" alt=\"Ready to Wear Fall\/Winter 2015-2016\" \/><img class=\"skip-lazy no-lazyload noLazy\" data-lazy-src=\"\" src =\"https:\/\/bobvarela.com\/wp-content\/flagallery\/georgina-vendrell-coleccion-darklight\/georgina-vendrell-034.jpg\" alt=\"Ready to Wear Fall\/Winter 2015-2016\" \/><img class=\"skip-lazy no-lazyload noLazy\" data-lazy-src=\"\" src =\"https:\/\/bobvarela.com\/wp-content\/flagallery\/georgina-vendrell-coleccion-darklight\/georgina-vendrell-035.jpg\" alt=\"Ready to Wear Fall\/Winter 2015-2016\" \/><img class=\"skip-lazy no-lazyload noLazy\" data-lazy-src=\"\" src =\"https:\/\/bobvarela.com\/wp-content\/flagallery\/georgina-vendrell-coleccion-darklight\/georgina-vendrell-036.jpg\" alt=\"Ready to Wear Fall\/Winter 2015-2016\" \/><img class=\"skip-lazy no-lazyload noLazy\" data-lazy-src=\"\" src =\"https:\/\/bobvarela.com\/wp-content\/flagallery\/georgina-vendrell-coleccion-darklight\/georgina-vendrell-037.jpg\" alt=\"Ready to Wear Fall\/Winter 2015-2016\" \/><img class=\"skip-lazy no-lazyload noLazy\" data-lazy-src=\"\" src =\"https:\/\/bobvarela.com\/wp-content\/flagallery\/georgina-vendrell-coleccion-darklight\/georgina-vendrell-038.jpg\" alt=\"Ready to Wear Fall\/Winter 2015-2016\" \/><img class=\"skip-lazy no-lazyload noLazy\" data-lazy-src=\"\" src =\"https:\/\/bobvarela.com\/wp-content\/flagallery\/georgina-vendrell-coleccion-darklight\/georgina-vendrell-039.jpg\" alt=\"Ready to Wear Fall\/Winter 2015-2016\" \/><img class=\"skip-lazy no-lazyload noLazy\" data-lazy-src=\"\" src =\"https:\/\/bobvarela.com\/wp-content\/flagallery\/georgina-vendrell-coleccion-darklight\/georgina-vendrell-040.jpg\" alt=\"Ready to Wear Fall\/Winter 2015-2016\" \/><img class=\"skip-lazy no-lazyload noLazy\" data-lazy-src=\"\" src =\"https:\/\/bobvarela.com\/wp-content\/flagallery\/georgina-vendrell-coleccion-darklight\/georgina-vendrell-041.jpg\" alt=\"Ready to Wear Fall\/Winter 2015-2016\" \/><img class=\"skip-lazy no-lazyload noLazy\" data-lazy-src=\"\" src =\"https:\/\/bobvarela.com\/wp-content\/flagallery\/georgina-vendrell-coleccion-darklight\/georgina-vendrell-042.jpg\" alt=\"Ready to Wear Fall\/Winter 2015-2016\" \/><img class=\"skip-lazy no-lazyload noLazy\" data-lazy-src=\"\" src =\"https:\/\/bobvarela.com\/wp-content\/flagallery\/georgina-vendrell-coleccion-darklight\/georgina-vendrell-043.jpg\" alt=\"Ready to Wear Fall\/Winter 2015-2016\" \/><img class=\"skip-lazy no-lazyload noLazy\" data-lazy-src=\"\" src =\"https:\/\/bobvarela.com\/wp-content\/flagallery\/georgina-vendrell-coleccion-darklight\/georgina-vendrell-044.jpg\" alt=\"Ready to Wear Fall\/Winter 2015-2016\" \/><img class=\"skip-lazy no-lazyload noLazy\" data-lazy-src=\"\" src =\"https:\/\/bobvarela.com\/wp-content\/flagallery\/georgina-vendrell-coleccion-darklight\/georgina-vendrell-045.jpg\" alt=\"Ready to Wear Fall\/Winter 2015-2016\" \/><img class=\"skip-lazy no-lazyload noLazy\" data-lazy-src=\"\" src =\"https:\/\/bobvarela.com\/wp-content\/flagallery\/georgina-vendrell-coleccion-darklight\/georgina-vendrell-046.jpg\" alt=\"Ready to Wear Fall\/Winter 2015-2016\" \/><img class=\"skip-lazy no-lazyload noLazy\" data-lazy-src=\"\" src =\"https:\/\/bobvarela.com\/wp-content\/flagallery\/georgina-vendrell-coleccion-darklight\/georgina-vendrell-047.jpg\" alt=\"Ready to Wear Fall\/Winter 2015-2016\" \/><img class=\"skip-lazy no-lazyload noLazy\" data-lazy-src=\"\" src =\"https:\/\/bobvarela.com\/wp-content\/flagallery\/georgina-vendrell-coleccion-darklight\/georgina-vendrell-048.jpg\" alt=\"Ready to Wear Fall\/Winter 2015-2016\" \/><img class=\"skip-lazy no-lazyload noLazy\" data-lazy-src=\"\" src =\"https:\/\/bobvarela.com\/wp-content\/flagallery\/georgina-vendrell-coleccion-darklight\/georgina-vendrell-050.jpg\" alt=\"Ready to Wear Fall\/Winter 2015-2016\" \/><\/noscript><\/p>\n<p align=\"justify\">Fotos cortesia de 080 Barcelona<\/p>\n","protected":false},"excerpt":{"rendered":"<p>&#160; &#160; La colecci\u00f3n \u201cDarklight\u201d se inspira en el futurismo y en lo conceptual. En la luz y en la oscuridad, en la noche y en la ciudad. Una nueva visi\u00f3n contempor\u00e1nea y vanguardista. Un sue\u00f1o de ciencia ficci\u00f3n. Un&hellip;<\/p>\n<p class=\"more-link-p\"><a class=\"more-link\" href=\"https:\/\/bobvarela.com\/?p=71984\">Read more &rarr;<\/a><\/p>\n","protected":false},"author":1,"featured_media":0,"comment_status":"open","ping_status":"open","sticky":false,"template":"","format":"standard","meta":{"ngg_post_thumbnail":0,"footnotes":""},"categories":[478,4],"tags":[],"class_list":["post-71984","post","type-post","status-publish","format-standard","hentry","category-080-barcelona","category-moda"],"_links":{"self":[{"href":"https:\/\/bobvarela.com\/index.php?rest_route=\/wp\/v2\/posts\/71984","targetHints":{"allow":["GET"]}}],"collection":[{"href":"https:\/\/bobvarela.com\/index.php?rest_route=\/wp\/v2\/posts"}],"about":[{"href":"https:\/\/bobvarela.com\/index.php?rest_route=\/wp\/v2\/types\/post"}],"author":[{"embeddable":true,"href":"https:\/\/bobvarela.com\/index.php?rest_route=\/wp\/v2\/users\/1"}],"replies":[{"embeddable":true,"href":"https:\/\/bobvarela.com\/index.php?rest_route=%2Fwp%2Fv2%2Fcomments&post=71984"}],"version-history":[{"count":1,"href":"https:\/\/bobvarela.com\/index.php?rest_route=\/wp\/v2\/posts\/71984\/revisions"}],"predecessor-version":[{"id":71985,"href":"https:\/\/bobvarela.com\/index.php?rest_route=\/wp\/v2\/posts\/71984\/revisions\/71985"}],"wp:attachment":[{"href":"https:\/\/bobvarela.com\/index.php?rest_route=%2Fwp%2Fv2%2Fmedia&parent=71984"}],"wp:term":[{"taxonomy":"category","embeddable":true,"href":"https:\/\/bobvarela.com\/index.php?rest_route=%2Fwp%2Fv2%2Fcategories&post=71984"},{"taxonomy":"post_tag","embeddable":true,"href":"https:\/\/bobvarela.com\/index.php?rest_route=%2Fwp%2Fv2%2Ftags&post=71984"}],"curies":[{"name":"wp","href":"https:\/\/api.w.org\/{rel}","templated":true}]}}