{"id":720,"date":"2010-02-17T19:55:00","date_gmt":"2010-02-17T23:55:00","guid":{"rendered":"https:\/\/bobvarela.com\/?p=720"},"modified":"2010-05-12T19:59:12","modified_gmt":"2010-05-12T23:59:12","slug":"una-tarde-de-pasarela","status":"publish","type":"post","link":"https:\/\/bobvarela.com\/?p=720","title":{"rendered":"UNA TARDE DE PASARELA"},"content":{"rendered":"<p><span style=\"font-size: small\">&#160;<\/span><\/p>\n<p><span style=\"font-size: small\"><font size=\"3\">La Fundaci\u00f3n Las Voces unio sus esfuerzos para recaudar fondos a favor de la educaci\u00f3n p\u00fablica de Puerto Rico. &quot;Una Tarde de Pasarela&quot; fue el evento cumbre de la fundacion, y se llevo a cabo el jueves, 11 de febrero de 2010 en el Sal\u00f3n Royal del Hotel Conrad Condado Plaza en El Condado.<\/font><\/span><\/p>\n<p><span style=\"font-size: small\"><font size=\"3\">En &quot;Una Tarde de Pasarela&quot; se presento pases de modas a cargo de las dise\u00f1adoras Liliana Esquivia (colombiana) y Erika Pe\u00f1a (puertorrique\u00f1a) y, como invitado especial, Luis Antonio presenta su colecci\u00f3n de temporada respectivamente.<\/font><\/span><\/p>\n<p><span style=\"font-size: small\"><\/span><a href=\"https:\/\/bobvarela.com\/wp-content\/uploads\/2010\/03\/UnaTardedePasarela2010201.jpg\"><img loading=\"lazy\" decoding=\"async\" style=\"border-right-width: 0px; display: inline; border-top-width: 0px; border-bottom-width: 0px; border-left-width: 0px\" title=\"Una Tarde de Pasarela 2010    201\" border=\"0\" alt=\"Una Tarde de Pasarela 2010    201\" src=\"https:\/\/bobvarela.com\/wp-content\/uploads\/2010\/03\/UnaTardedePasarela2010201_thumb.jpg\" width=\"127\" height=\"189\" \/><\/a><a href=\"https:\/\/bobvarela.com\/wp-content\/uploads\/2010\/03\/UnaTardedePasarela2010204.jpg\"><img loading=\"lazy\" decoding=\"async\" style=\"border-right-width: 0px; display: inline; border-top-width: 0px; border-bottom-width: 0px; border-left-width: 0px\" title=\"Una Tarde de Pasarela 2010    204\" border=\"0\" alt=\"Una Tarde de Pasarela 2010    204\" src=\"https:\/\/bobvarela.com\/wp-content\/uploads\/2010\/03\/UnaTardedePasarela2010204_thumb.jpg\" width=\"127\" height=\"189\" \/><\/a><a href=\"https:\/\/bobvarela.com\/wp-content\/uploads\/2010\/03\/UnaTardedePasarela2010234.jpg\"><img loading=\"lazy\" decoding=\"async\" style=\"border-right-width: 0px; display: inline; border-top-width: 0px; border-bottom-width: 0px; border-left-width: 0px\" title=\"Una Tarde de Pasarela 2010    234\" border=\"0\" alt=\"Una Tarde de Pasarela 2010    234\" src=\"https:\/\/bobvarela.com\/wp-content\/uploads\/2010\/03\/UnaTardedePasarela2010234_thumb.jpg\" width=\"127\" height=\"189\" \/><\/a><a href=\"https:\/\/bobvarela.com\/wp-content\/uploads\/2010\/03\/UnaTardedePasarela2010191.jpg\"><img loading=\"lazy\" decoding=\"async\" style=\"border-right-width: 0px; display: inline; border-top-width: 0px; border-bottom-width: 0px; border-left-width: 0px\" title=\"Una Tarde de Pasarela 2010    191\" border=\"0\" alt=\"Una Tarde de Pasarela 2010    191\" src=\"https:\/\/bobvarela.com\/wp-content\/uploads\/2010\/03\/UnaTardedePasarela2010191_thumb.jpg\" width=\"127\" height=\"189\" \/><\/a><a href=\"https:\/\/bobvarela.com\/wp-content\/uploads\/2010\/03\/UnaTardedePasarela2010184.jpg\"><img loading=\"lazy\" decoding=\"async\" style=\"border-right-width: 0px; display: inline; border-top-width: 0px; border-bottom-width: 0px; border-left-width: 0px\" title=\"Una Tarde de Pasarela 2010    184\" border=\"0\" alt=\"Una Tarde de Pasarela 2010    184\" src=\"https:\/\/bobvarela.com\/wp-content\/uploads\/2010\/03\/UnaTardedePasarela2010184_thumb.jpg\" width=\"127\" height=\"189\" \/><\/a><\/p>\n<p><img loading=\"lazy\" decoding=\"async\" style=\"border-right-width: 0px; display: inline; border-top-width: 0px; border-bottom-width: 0px; border-left-width: 0px\" title=\"Una Tarde de Pasarela 2010    275\" border=\"0\" alt=\"Una Tarde de Pasarela 2010    275\" src=\"https:\/\/bobvarela.com\/wp-content\/uploads\/2010\/03\/UnaTardedePasarela2010275.jpg\" width=\"127\" height=\"189\" \/><a href=\"https:\/\/bobvarela.com\/wp-content\/uploads\/2010\/03\/UnaTardedePasarela2010252.jpg\"><img loading=\"lazy\" decoding=\"async\" style=\"border-right-width: 0px; display: inline; border-top-width: 0px; border-bottom-width: 0px; border-left-width: 0px\" title=\"Una Tarde de Pasarela 2010    252\" border=\"0\" alt=\"Una Tarde de Pasarela 2010    252\" src=\"https:\/\/bobvarela.com\/wp-content\/uploads\/2010\/03\/UnaTardedePasarela2010252_thumb.jpg\" width=\"127\" height=\"189\" \/><\/a><a href=\"https:\/\/bobvarela.com\/wp-content\/uploads\/2010\/03\/UnaTardedePasarela2010278.jpg\"><img loading=\"lazy\" decoding=\"async\" style=\"border-right-width: 0px; display: inline; border-top-width: 0px; border-bottom-width: 0px; border-left-width: 0px\" title=\"Una Tarde de Pasarela 2010    278\" border=\"0\" alt=\"Una Tarde de Pasarela 2010    278\" src=\"https:\/\/bobvarela.com\/wp-content\/uploads\/2010\/03\/UnaTardedePasarela2010278_thumb.jpg\" width=\"127\" height=\"189\" \/><\/a><a href=\"https:\/\/bobvarela.com\/wp-content\/uploads\/2010\/03\/UnaTardedePasarela2010245.jpg\"><img loading=\"lazy\" decoding=\"async\" style=\"border-right-width: 0px; display: inline; border-top-width: 0px; border-bottom-width: 0px; border-left-width: 0px\" title=\"Una Tarde de Pasarela 2010    245\" border=\"0\" alt=\"Una Tarde de Pasarela 2010    245\" src=\"https:\/\/bobvarela.com\/wp-content\/uploads\/2010\/03\/UnaTardedePasarela2010245_thumb.jpg\" width=\"127\" height=\"189\" \/><\/a><a href=\"https:\/\/bobvarela.com\/wp-content\/uploads\/2010\/03\/UnaTardedePasarela270.jpg\"><img loading=\"lazy\" decoding=\"async\" style=\"border-right-width: 0px; display: inline; border-top-width: 0px; border-bottom-width: 0px; border-left-width: 0px\" title=\"Una Tarde de Pasarela  270\" border=\"0\" alt=\"Una Tarde de Pasarela  270\" src=\"https:\/\/bobvarela.com\/wp-content\/uploads\/2010\/03\/UnaTardedePasarela270_thumb.jpg\" width=\"127\" height=\"189\" \/><\/a><\/p>\n<p><a href=\"https:\/\/bobvarela.com\/wp-content\/uploads\/2010\/03\/UnaTardedePasarela2010307.jpg\"><img loading=\"lazy\" decoding=\"async\" style=\"border-right-width: 0px; display: inline; border-top-width: 0px; border-bottom-width: 0px; border-left-width: 0px\" title=\"Una Tarde de Pasarela 2010    307\" border=\"0\" alt=\"Una Tarde de Pasarela 2010    307\" src=\"https:\/\/bobvarela.com\/wp-content\/uploads\/2010\/03\/UnaTardedePasarela2010307_thumb.jpg\" width=\"127\" height=\"189\" \/><\/a><img loading=\"lazy\" decoding=\"async\" style=\"border-right-width: 0px; display: inline; border-top-width: 0px; border-bottom-width: 0px; border-left-width: 0px\" title=\"Una Tarde de Pasarela 2010    312\" border=\"0\" alt=\"Una Tarde de Pasarela 2010    312\" src=\"https:\/\/bobvarela.com\/wp-content\/uploads\/2010\/03\/UnaTardedePasarela2010312.jpg\" width=\"127\" height=\"189\" \/><a href=\"https:\/\/bobvarela.com\/wp-content\/uploads\/2010\/03\/UnaTardedePasarela2010324.jpg\"><img loading=\"lazy\" decoding=\"async\" style=\"border-right-width: 0px; display: inline; border-top-width: 0px; border-bottom-width: 0px; border-left-width: 0px\" title=\"Una Tarde de Pasarela 2010    324\" border=\"0\" alt=\"Una Tarde de Pasarela 2010    324\" src=\"https:\/\/bobvarela.com\/wp-content\/uploads\/2010\/03\/UnaTardedePasarela2010324_thumb.jpg\" width=\"127\" height=\"189\" \/><\/a><a href=\"https:\/\/bobvarela.com\/wp-content\/uploads\/2010\/03\/UnaTardedePasarela2010337.jpg\"><img loading=\"lazy\" decoding=\"async\" style=\"border-right-width: 0px; display: inline; border-top-width: 0px; border-bottom-width: 0px; border-left-width: 0px\" title=\"Una Tarde de Pasarela 2010    337\" border=\"0\" alt=\"Una Tarde de Pasarela 2010    337\" src=\"https:\/\/bobvarela.com\/wp-content\/uploads\/2010\/03\/UnaTardedePasarela2010337_thumb.jpg\" width=\"127\" height=\"189\" \/><\/a><a href=\"https:\/\/bobvarela.com\/wp-content\/uploads\/2010\/03\/UnaTardedePasarela2010342.jpg\"><img loading=\"lazy\" decoding=\"async\" style=\"border-right-width: 0px; display: inline; border-top-width: 0px; border-bottom-width: 0px; border-left-width: 0px\" title=\"Una Tarde de Pasarela 2010    342\" border=\"0\" alt=\"Una Tarde de Pasarela 2010    342\" src=\"https:\/\/bobvarela.com\/wp-content\/uploads\/2010\/03\/UnaTardedePasarela2010342_thumb.jpg\" width=\"127\" height=\"189\" \/><\/a><\/p>\n<p>&#160;<\/p>\n<p><span style=\"font-size: small\"><font size=\"3\">Durante el evento se ofrecer\u00e1 adem\u00e1s, una charla por Glaxo SmithKline, un &quot;performance&quot; a cargo de la core\u00f3grafa internacional Mayra Collazo, as\u00ed como una presentaci\u00f3n musical por Tito Auger, cantante principal&#160; de Fiel a la Vega.<\/font><\/span><\/p>\n<p><span style=\"font-size: small\"><a href=\"https:\/\/bobvarela.com\/wp-content\/uploads\/2010\/03\/UnaTardedePasarela2010039.jpg\"><img loading=\"lazy\" decoding=\"async\" style=\"border-right-width: 0px; display: inline; border-top-width: 0px; border-bottom-width: 0px; border-left-width: 0px\" title=\"Una Tarde de Pasarela 2010    039\" border=\"0\" alt=\"Una Tarde de Pasarela 2010    039\" src=\"https:\/\/bobvarela.com\/wp-content\/uploads\/2010\/03\/UnaTardedePasarela2010039_thumb.jpg\" width=\"127\" height=\"189\" \/><\/a><a href=\"https:\/\/bobvarela.com\/wp-content\/uploads\/2010\/03\/UnaTardedePasarela2010115.jpg\"><img loading=\"lazy\" decoding=\"async\" style=\"border-right-width: 0px; display: inline; border-top-width: 0px; border-bottom-width: 0px; border-left-width: 0px\" title=\"Una Tarde de Pasarela 2010    115\" border=\"0\" alt=\"Una Tarde de Pasarela 2010    115\" src=\"https:\/\/bobvarela.com\/wp-content\/uploads\/2010\/03\/UnaTardedePasarela2010115_thumb.jpg\" width=\"127\" height=\"189\" \/><\/a><a href=\"https:\/\/bobvarela.com\/wp-content\/uploads\/2010\/03\/UnaTardedePasarela2010025.jpg\"><img loading=\"lazy\" decoding=\"async\" style=\"border-right-width: 0px; display: inline; border-top-width: 0px; border-bottom-width: 0px; border-left-width: 0px\" title=\"Una Tarde de Pasarela 2010    025\" border=\"0\" alt=\"Una Tarde de Pasarela 2010    025\" src=\"https:\/\/bobvarela.com\/wp-content\/uploads\/2010\/03\/UnaTardedePasarela2010025_thumb.jpg\" width=\"127\" height=\"189\" \/><\/a><a href=\"https:\/\/bobvarela.com\/wp-content\/uploads\/2010\/03\/UnaTardedePasarela2010241.jpg\"><img loading=\"lazy\" decoding=\"async\" style=\"border-right-width: 0px; display: inline; border-top-width: 0px; border-bottom-width: 0px; border-left-width: 0px\" title=\"Una Tarde de Pasarela 2010    241\" border=\"0\" alt=\"Una Tarde de Pasarela 2010    241\" src=\"https:\/\/bobvarela.com\/wp-content\/uploads\/2010\/03\/UnaTardedePasarela2010241_thumb.jpg\" width=\"127\" height=\"189\" \/><\/a><a href=\"https:\/\/bobvarela.com\/wp-content\/uploads\/2010\/03\/UnaTardedePasarela2010286.jpg\"><img loading=\"lazy\" decoding=\"async\" style=\"border-right-width: 0px; display: inline; border-top-width: 0px; border-bottom-width: 0px; border-left-width: 0px\" title=\"Una Tarde de Pasarela 2010    286\" border=\"0\" alt=\"Una Tarde de Pasarela 2010    286\" src=\"https:\/\/bobvarela.com\/wp-content\/uploads\/2010\/03\/UnaTardedePasarela2010286_thumb.jpg\" width=\"127\" height=\"189\" \/><\/a> <\/span><\/p>\n<p><span style=\"font-size: small\"><font size=\"3\">Las Voces es una organizaci\u00f3n sin fines de lucro establecida en Puerto Rico que aspira llevarles a los estudiantes de las escuelas p\u00fablicas en Puerto Rico el mensaje de que la educaci\u00f3n es la base primordial de la superaci\u00f3n del ser humano, a trav\u00e9s de reformas y programas educativos. Las Voces tiene como misi\u00f3n promover en los estudiantes la confianza en s\u00ed mismos, la identidad individual e independiente y un esp\u00edritu de humanidad. El 100% de los fondos recaudados est\u00e1n siendo utilizados actualmente en diversos programas en la escuela William D. Boyce, la cual fue escogida como la escuela piloto. Al momento Las Voces ha ofrecido los siguientes cambios en la escuela: planta f\u00edsica, Programa de Incentivos para Maestros, Programa de Actividades Extracurriculares y Tutor\u00edas.<\/font><\/span><\/p>\n<p><a href=\"https:\/\/bobvarela.com\/wp-content\/uploads\/2010\/02\/UnaTardedePasarela2010287.jpg\"><img loading=\"lazy\" decoding=\"async\" style=\"border-right-width: 0px; display: inline; border-top-width: 0px; border-bottom-width: 0px; border-left-width: 0px\" title=\"Una Tarde de Pasarela 2010    287\" border=\"0\" alt=\"Una Tarde de Pasarela 2010    287\" src=\"https:\/\/bobvarela.com\/wp-content\/uploads\/2010\/02\/UnaTardedePasarela2010287_thumb.jpg\" width=\"192\" height=\"129\" \/><\/a> <a href=\"https:\/\/bobvarela.com\/wp-content\/uploads\/2010\/02\/UnaTardedePasarela2010299.jpg\"><img loading=\"lazy\" decoding=\"async\" style=\"border-right-width: 0px; display: inline; border-top-width: 0px; border-bottom-width: 0px; border-left-width: 0px\" title=\"Una Tarde de Pasarela 2010    299\" border=\"0\" alt=\"Una Tarde de Pasarela 2010    299\" src=\"https:\/\/bobvarela.com\/wp-content\/uploads\/2010\/02\/UnaTardedePasarela2010299_thumb.jpg\" width=\"192\" height=\"129\" \/><\/a> <a href=\"https:\/\/bobvarela.com\/wp-content\/uploads\/2010\/02\/UnaTardedePasarela2010238.jpg\"><img loading=\"lazy\" decoding=\"async\" style=\"border-right-width: 0px; display: inline; border-top-width: 0px; border-bottom-width: 0px; border-left-width: 0px\" title=\"Una Tarde de Pasarela 2010    238\" border=\"0\" alt=\"Una Tarde de Pasarela 2010    238\" src=\"https:\/\/bobvarela.com\/wp-content\/uploads\/2010\/02\/UnaTardedePasarela2010238_thumb.jpg\" width=\"192\" height=\"129\" \/><\/a><\/p>\n<p><a href=\"https:\/\/bobvarela.com\/wp-content\/uploads\/2010\/02\/UnaTardedePasarela2010020.jpg\"><img loading=\"lazy\" decoding=\"async\" style=\"border-right-width: 0px; display: inline; border-top-width: 0px; border-bottom-width: 0px; border-left-width: 0px\" title=\"Una Tarde de Pasarela 2010    020\" border=\"0\" alt=\"Una Tarde de Pasarela 2010    020\" src=\"https:\/\/bobvarela.com\/wp-content\/uploads\/2010\/02\/UnaTardedePasarela2010020_thumb.jpg\" width=\"192\" height=\"129\" \/><\/a> <a href=\"https:\/\/bobvarela.com\/wp-content\/uploads\/2010\/02\/UnaTardedePasarela2010348.jpg\"><img loading=\"lazy\" decoding=\"async\" style=\"border-right-width: 0px; display: inline; border-top-width: 0px; border-bottom-width: 0px; border-left-width: 0px\" title=\"Una Tarde de Pasarela 2010    348\" border=\"0\" alt=\"Una Tarde de Pasarela 2010    348\" src=\"https:\/\/bobvarela.com\/wp-content\/uploads\/2010\/02\/UnaTardedePasarela2010348_thumb.jpg\" width=\"192\" height=\"129\" \/><\/a> <a href=\"https:\/\/bobvarela.com\/wp-content\/uploads\/2010\/02\/UnaTardedePasarela2010296.jpg\"><img loading=\"lazy\" decoding=\"async\" style=\"border-right-width: 0px; display: inline; border-top-width: 0px; border-bottom-width: 0px; border-left-width: 0px\" title=\"Una Tarde de Pasarela 2010    296\" border=\"0\" alt=\"Una Tarde de Pasarela 2010    296\" src=\"https:\/\/bobvarela.com\/wp-content\/uploads\/2010\/02\/UnaTardedePasarela2010296_thumb.jpg\" width=\"192\" height=\"129\" \/><\/a><\/p>\n<p><a href=\"https:\/\/bobvarela.com\/wp-content\/uploads\/2010\/02\/UnaTardedePasarela2010125.jpg\"><img loading=\"lazy\" decoding=\"async\" style=\"border-right-width: 0px; display: inline; border-top-width: 0px; border-bottom-width: 0px; border-left-width: 0px\" title=\"Una Tarde de Pasarela 2010    125\" border=\"0\" alt=\"Una Tarde de Pasarela 2010    125\" src=\"https:\/\/bobvarela.com\/wp-content\/uploads\/2010\/02\/UnaTardedePasarela2010125_thumb.jpg\" width=\"192\" height=\"129\" \/><\/a> <a href=\"https:\/\/bobvarela.com\/wp-content\/uploads\/2010\/02\/UnaTardedePasarela2010289.jpg\"><img loading=\"lazy\" decoding=\"async\" style=\"border-right-width: 0px; display: inline; border-top-width: 0px; border-bottom-width: 0px; border-left-width: 0px\" title=\"Una Tarde de Pasarela 2010    289\" border=\"0\" alt=\"Una Tarde de Pasarela 2010    289\" src=\"https:\/\/bobvarela.com\/wp-content\/uploads\/2010\/02\/UnaTardedePasarela2010289_thumb.jpg\" width=\"192\" height=\"129\" \/><\/a> <a href=\"https:\/\/bobvarela.com\/wp-content\/uploads\/2010\/02\/UnaTardedePasarela2010294.jpg\"><img loading=\"lazy\" decoding=\"async\" style=\"border-right-width: 0px; display: inline; border-top-width: 0px; border-bottom-width: 0px; border-left-width: 0px\" title=\"Una Tarde de Pasarela 2010    294\" border=\"0\" alt=\"Una Tarde de Pasarela 2010    294\" src=\"https:\/\/bobvarela.com\/wp-content\/uploads\/2010\/02\/UnaTardedePasarela2010294_thumb.jpg\" width=\"192\" height=\"129\" \/><\/a><\/p>\n<p><span style=\"font-size: small\"><font size=\"3\">Para mas fotos de la actividad entra \u201cclick\u201d:&#160;&#160; <\/font><\/span><a href=\"https:\/\/bobvarela.com\/fotos\/main.php?g2_itemId=8916\"><u><font color=\"#ff0000\" size=\"3\" face=\"Bookman Old Style\">Una Tarde de Pasarela Fotos<\/font><\/u><\/a><span style=\"text-decoration: underline\"><span style=\"color: #ff0000; font-size: small\"><\/span><\/span><\/p>\n<p><span style=\"font-size: small\"><font size=\"3\">Para mayor informaci\u00f3n sobre la fundaci\u00f3n favor de comunicarse con:&#160; <\/font><\/span><a href=\"mailto:gabriela@lasvocespr.org\"><span style=\"font-size: small\"><font size=\"3\">gabriela@lasvocespr.org<\/font><\/span><\/a><\/p>\n","protected":false},"excerpt":{"rendered":"<p>&#160; La Fundaci\u00f3n Las Voces unio sus esfuerzos para recaudar fondos a favor de la educaci\u00f3n p\u00fablica de Puerto Rico. &quot;Una Tarde de Pasarela&quot; fue el evento cumbre de la fundacion, y se llevo a cabo el jueves, 11 de&hellip;<\/p>\n<p class=\"more-link-p\"><a class=\"more-link\" href=\"https:\/\/bobvarela.com\/?p=720\">Read more &rarr;<\/a><\/p>\n","protected":false},"author":1,"featured_media":0,"comment_status":"open","ping_status":"open","sticky":false,"template":"","format":"standard","meta":{"ngg_post_thumbnail":0,"footnotes":""},"categories":[3,4],"tags":[26,24,25,27,28,29],"class_list":["post-720","post","type-post","status-publish","format-standard","hentry","category-actividades","category-moda","tag-erika-pena","tag-fundacion-las-voces","tag-liliana-esquivia","tag-luis-antonio","tag-mayra-collazo","tag-tito-auger"],"_links":{"self":[{"href":"https:\/\/bobvarela.com\/index.php?rest_route=\/wp\/v2\/posts\/720","targetHints":{"allow":["GET"]}}],"collection":[{"href":"https:\/\/bobvarela.com\/index.php?rest_route=\/wp\/v2\/posts"}],"about":[{"href":"https:\/\/bobvarela.com\/index.php?rest_route=\/wp\/v2\/types\/post"}],"author":[{"embeddable":true,"href":"https:\/\/bobvarela.com\/index.php?rest_route=\/wp\/v2\/users\/1"}],"replies":[{"embeddable":true,"href":"https:\/\/bobvarela.com\/index.php?rest_route=%2Fwp%2Fv2%2Fcomments&post=720"}],"version-history":[{"count":9,"href":"https:\/\/bobvarela.com\/index.php?rest_route=\/wp\/v2\/posts\/720\/revisions"}],"predecessor-version":[{"id":1716,"href":"https:\/\/bobvarela.com\/index.php?rest_route=\/wp\/v2\/posts\/720\/revisions\/1716"}],"wp:attachment":[{"href":"https:\/\/bobvarela.com\/index.php?rest_route=%2Fwp%2Fv2%2Fmedia&parent=720"}],"wp:term":[{"taxonomy":"category","embeddable":true,"href":"https:\/\/bobvarela.com\/index.php?rest_route=%2Fwp%2Fv2%2Fcategories&post=720"},{"taxonomy":"post_tag","embeddable":true,"href":"https:\/\/bobvarela.com\/index.php?rest_route=%2Fwp%2Fv2%2Ftags&post=720"}],"curies":[{"name":"wp","href":"https:\/\/api.w.org\/{rel}","templated":true}]}}