{"id":72076,"date":"2015-03-03T06:45:56","date_gmt":"2015-03-03T10:45:56","guid":{"rendered":"https:\/\/bobvarela.com\/?p=72076"},"modified":"2015-03-03T06:45:59","modified_gmt":"2015-03-03T10:45:59","slug":"diana-vzquez-por-primera-vez-en-san-juan-moda","status":"publish","type":"post","link":"https:\/\/bobvarela.com\/?p=72076","title":{"rendered":"Diana V&aacute;zquez por primera vez en San Juan Moda"},"content":{"rendered":"<p align=\"justify\"><font size=\"3\"><a href=\"https:\/\/bobvarela.com\/wp-content\/uploads\/2015\/03\/Promocin-Diana-Vzquez-2-2.jpg\"><img loading=\"lazy\" decoding=\"async\" title=\"Promoci\u00f3n Diana V\u00e1zquez 2 (2)\" style=\"border-top: 0px; border-right: 0px; background-image: none; border-bottom: 0px; float: left; padding-top: 0px; padding-left: 0px; border-left: 0px; display: inline; padding-right: 0px\" border=\"0\" alt=\"Promoci\u00f3n Diana V\u00e1zquez 2 (2)\" src=\"https:\/\/bobvarela.com\/wp-content\/uploads\/2015\/03\/Promocin-Diana-Vzquez-2-2_thumb.jpg\" width=\"168\" align=\"left\" height=\"268\" \/><\/a>La dise\u00f1adora Diana V\u00e1zquez se presentar\u00e1 por primera vez el pr\u00f3ximo domingo, 15 de marzo en el evento m\u00e1s grande dedicado a la moda en Puerto Rico, San Juan Moda. <\/font><\/p>\n<p align=\"justify\"><font size=\"3\">\u201cEstoy orgullosa de formar parte de un evento que nos permite a los dise\u00f1adores unirnos como industria para salir adelante. Les prometo que disfrutar\u00e1n de piezas ricas en detalles, femeninas y llenas de romanticismo\u201d, dijo V\u00e1zquez.<\/font><\/p>\n<p align=\"justify\"><font size=\"3\">La colecci\u00f3n para el oto\u00f1o-invierno 2015 se bautiz\u00f3 con el nombre de Noa. Es inspirada en la obra Nimbus II del artista holand\u00e9s, Berndnaut Smilde, quien cre\u00f3 nubes en espacios cerrados, logrando imitar la perfecci\u00f3n de la naturaleza por varios segundos. <\/font><\/p>\n<p align=\"justify\"><font size=\"3\"><a href=\"https:\/\/bobvarela.com\/wp-content\/uploads\/2015\/03\/Promocin-Diana-Vzquez-4.jpg\"><img loading=\"lazy\" decoding=\"async\" title=\"Promoci\u00f3n Diana V\u00e1zquez 4\" style=\"border-top: 0px; border-right: 0px; background-image: none; border-bottom: 0px; float: right; padding-top: 0px; padding-left: 0px; border-left: 0px; display: inline; padding-right: 0px\" border=\"0\" alt=\"Promoci\u00f3n Diana V\u00e1zquez 4\" src=\"https:\/\/bobvarela.com\/wp-content\/uploads\/2015\/03\/Promocin-Diana-Vzquez-4_thumb.jpg\" width=\"173\" align=\"right\" height=\"267\" \/><\/a>Durante el desfile se podr\u00e1n apreciar textiles creados exclusivamente para la ocasi\u00f3n, bordados, encajes, crepe de chine y organza. Por su parte, los colores que predominar\u00e1n ser\u00e1n el blanco, negro, gris y azul claro. <\/font><\/p>\n<p align=\"justify\"><font size=\"3\">Graduada de las Escuelas de Dise\u00f1o Altos de Chav\u00f3n en la Romana, Rep\u00fablica Dominicana y Parsons en Nueva York el trabajo de Diana V\u00e1zquez se ha distinguido por presentar piezas vers\u00e1tiles que complementan la seguridad de la mujer.<\/font><\/p>\n<p align=\"justify\"><font size=\"3\">El desfile comenzar\u00e1 a las 5 de la tarde y es por estricta invitaci\u00f3n. Si desea asistir puede enviar su nombre y n\u00famero de tel\u00e9fono a <\/font><a href=\"mailto:dibydianavazquez@gmail.com\"><font size=\"3\">dibydianavazquez@gmail.com<\/font><\/a><font size=\"3\">.<\/font><\/p>\n","protected":false},"excerpt":{"rendered":"<p>La dise\u00f1adora Diana V\u00e1zquez se presentar\u00e1 por primera vez el pr\u00f3ximo domingo, 15 de marzo en el evento m\u00e1s grande dedicado a la moda en Puerto Rico, San Juan Moda. \u201cEstoy orgullosa de formar parte de un evento que nos&hellip;<\/p>\n<p class=\"more-link-p\"><a class=\"more-link\" href=\"https:\/\/bobvarela.com\/?p=72076\">Read more &rarr;<\/a><\/p>\n","protected":false},"author":1,"featured_media":0,"comment_status":"open","ping_status":"open","sticky":false,"template":"","format":"standard","meta":{"ngg_post_thumbnail":0,"footnotes":""},"categories":[4,295],"tags":[],"class_list":["post-72076","post","type-post","status-publish","format-standard","hentry","category-moda","category-puerto-rico"],"_links":{"self":[{"href":"https:\/\/bobvarela.com\/index.php?rest_route=\/wp\/v2\/posts\/72076","targetHints":{"allow":["GET"]}}],"collection":[{"href":"https:\/\/bobvarela.com\/index.php?rest_route=\/wp\/v2\/posts"}],"about":[{"href":"https:\/\/bobvarela.com\/index.php?rest_route=\/wp\/v2\/types\/post"}],"author":[{"embeddable":true,"href":"https:\/\/bobvarela.com\/index.php?rest_route=\/wp\/v2\/users\/1"}],"replies":[{"embeddable":true,"href":"https:\/\/bobvarela.com\/index.php?rest_route=%2Fwp%2Fv2%2Fcomments&post=72076"}],"version-history":[{"count":1,"href":"https:\/\/bobvarela.com\/index.php?rest_route=\/wp\/v2\/posts\/72076\/revisions"}],"predecessor-version":[{"id":72077,"href":"https:\/\/bobvarela.com\/index.php?rest_route=\/wp\/v2\/posts\/72076\/revisions\/72077"}],"wp:attachment":[{"href":"https:\/\/bobvarela.com\/index.php?rest_route=%2Fwp%2Fv2%2Fmedia&parent=72076"}],"wp:term":[{"taxonomy":"category","embeddable":true,"href":"https:\/\/bobvarela.com\/index.php?rest_route=%2Fwp%2Fv2%2Fcategories&post=72076"},{"taxonomy":"post_tag","embeddable":true,"href":"https:\/\/bobvarela.com\/index.php?rest_route=%2Fwp%2Fv2%2Ftags&post=72076"}],"curies":[{"name":"wp","href":"https:\/\/api.w.org\/{rel}","templated":true}]}}