{"id":72121,"date":"2015-03-05T19:51:08","date_gmt":"2015-03-05T23:51:08","guid":{"rendered":"https:\/\/bobvarela.com\/?p=72121"},"modified":"2015-03-05T20:03:12","modified_gmt":"2015-03-06T00:03:12","slug":"dominicana-moda-con-un-da-dentro-de-la-semana-de-la-moda-en-puerto-rico","status":"publish","type":"post","link":"https:\/\/bobvarela.com\/?p=72121","title":{"rendered":"Dominicana Moda con un d&iacute;a dentro de la semana de la moda en Puerto Rico"},"content":{"rendered":"<p align=\"center\"><font size=\"3\"><a href=\"https:\/\/bobvarela.com\/wp-content\/uploads\/2015\/03\/IMG_1178.jpg\"><img loading=\"lazy\" decoding=\"async\" title=\"IMG_1178\" style=\"border-top: 0px; border-right: 0px; background-image: none; border-bottom: 0px; padding-top: 0px; padding-left: 0px; border-left: 0px; display: inline; padding-right: 0px\" border=\"0\" alt=\"IMG_1178\" src=\"https:\/\/bobvarela.com\/wp-content\/uploads\/2015\/03\/IMG_1178_thumb.jpg\" width=\"404\" height=\"281\" \/><\/a><\/font><\/p>\n<p align=\"justify\"><font size=\"3\">Los dise\u00f1adores de Dominicana Moda Mois\u00e9s Quesada, Leonel Lirio, Jos\u00e9 Jhan y Jusef S\u00e1nchez formaran parte de la cuarta edici\u00f3n de San Juan Moda bajo una alianza entre ambas plataformas de moda. Asimismo, la Parroquia Santa Bernardita y la Fundaci\u00f3n de Wilnelia Merced tambi\u00e9n se integran a la semana de la moda local. <\/font><\/p>\n<p align=\"justify\"><font size=\"3\">EI evento que inicia del 13 al 21 de marzo incluye pasarelas de alta costura, moda ready to wear, presentaciones de accesorios y salones de belleza en el lobby y el ballroom del Hotel San Juan Resort y Casino. <\/font><\/p>\n<p align=\"justify\"><font size=\"3\">EI martes 17 de marzo se dedica por primera ocasion un d\u00eda de presentaciones exclusivas de los dise\u00f1adores de Dominicana Moda, Mois\u00e9s Quesada, Leonel Lirio, Jos\u00e9 Jhan y Jusef S\u00e1nchez. <\/font><\/p>\n<p align=\"center\"><a href=\"https:\/\/bobvarela.com\/wp-content\/uploads\/2015\/03\/IMG_1130-21.jpg\"><img loading=\"lazy\" decoding=\"async\" title=\"IMG_1130-2\" style=\"border-top: 0px; border-right: 0px; background-image: none; border-bottom: 0px; padding-top: 0px; padding-left: 0px; border-left: 0px; display: inline; padding-right: 0px\" border=\"0\" alt=\"IMG_1130-2\" src=\"https:\/\/bobvarela.com\/wp-content\/uploads\/2015\/03\/IMG_1130-2_thumb1.jpg\" width=\"137\" height=\"194\" \/><\/a><a href=\"https:\/\/bobvarela.com\/wp-content\/uploads\/2015\/03\/IMG_11371.jpg\"><img loading=\"lazy\" decoding=\"async\" title=\"IMG_1137\" style=\"border-top: 0px; border-right: 0px; background-image: none; border-bottom: 0px; padding-top: 0px; padding-left: 0px; border-left: 0px; display: inline; padding-right: 0px\" border=\"0\" alt=\"IMG_1137\" src=\"https:\/\/bobvarela.com\/wp-content\/uploads\/2015\/03\/IMG_1137_thumb1.jpg\" width=\"119\" height=\"194\" \/><\/a><a href=\"https:\/\/bobvarela.com\/wp-content\/uploads\/2015\/03\/IMG_1133.jpg\"><img loading=\"lazy\" decoding=\"async\" title=\"IMG_1133\" style=\"border-top: 0px; border-right: 0px; background-image: none; border-bottom: 0px; padding-top: 0px; padding-left: 0px; border-left: 0px; display: inline; padding-right: 0px\" border=\"0\" alt=\"IMG_1133\" src=\"https:\/\/bobvarela.com\/wp-content\/uploads\/2015\/03\/IMG_1133_thumb.jpg\" width=\"117\" height=\"194\" \/><\/a><a href=\"https:\/\/bobvarela.com\/wp-content\/uploads\/2015\/03\/IMG_11381.jpg\"><img loading=\"lazy\" decoding=\"async\" title=\"IMG_1138\" style=\"border-top: 0px; border-right: 0px; background-image: none; border-bottom: 0px; padding-top: 0px; padding-left: 0px; border-left: 0px; display: inline; padding-right: 0px\" border=\"0\" alt=\"IMG_1138\" src=\"https:\/\/bobvarela.com\/wp-content\/uploads\/2015\/03\/IMG_1138_thumb1.jpg\" width=\"121\" height=\"194\" \/><\/a><a href=\"https:\/\/bobvarela.com\/wp-content\/uploads\/2015\/03\/IMG_1163.jpg\"><img loading=\"lazy\" decoding=\"async\" title=\"IMG_1163\" style=\"border-top: 0px; border-right: 0px; background-image: none; border-bottom: 0px; padding-top: 0px; padding-left: 0px; border-left: 0px; display: inline; padding-right: 0px\" border=\"0\" alt=\"IMG_1163\" src=\"https:\/\/bobvarela.com\/wp-content\/uploads\/2015\/03\/IMG_1163_thumb.jpg\" width=\"131\" height=\"194\" \/><\/a><\/p>\n<p align=\"justify\"><font size=\"3\">La alianza entre ambos eventos surge como una iniciativa del presidente de San Juan Moda Carlos Berm\u00fadez con los organizadores de Dominicana Moda y la Oficina de Turismo de la Republica Dominicana en Puerto Rico que dirige la se\u00f1ora Lilliam Reyes. <\/font><\/p>\n<p align=\"justify\"><font size=\"3\">Como parte de este esfuerzo los dise\u00f1adores Harry Robles y Ecl\u00edptica se presentaron el pasado mes de octubre dentro de Dominicana Moda invitados por su director Socrates McKinney. <\/font><\/p>\n<p align=\"justify\"><font size=\"3\">&quot;Este evento nacio con muchos prop6sitos y uno de ellos se est\u00e1 cumpliendo, queremos que nuestros dise\u00f1adores lIeven su talento al exterior en una forma organizada y este intercambio comienza con Dominicana Moda. Tampoco se quedara aqu\u00ed porque ya estamos haciendo contactos con otras plataformas para presentar a nuestros talentosos dise\u00f1adores&quot;, informo el presidente de San Juan Moda Carlos Berm\u00fadez. <\/font><\/p>\n<p align=\"center\"><a href=\"https:\/\/bobvarela.com\/wp-content\/uploads\/2015\/03\/IMG_1177.jpg\"><img loading=\"lazy\" decoding=\"async\" title=\"IMG_1177\" style=\"border-top: 0px; border-right: 0px; background-image: none; border-bottom: 0px; padding-top: 0px; padding-left: 0px; border-left: 0px; display: inline; padding-right: 0px\" border=\"0\" alt=\"IMG_1177\" src=\"https:\/\/bobvarela.com\/wp-content\/uploads\/2015\/03\/IMG_1177_thumb.jpg\" width=\"233\" height=\"134\" \/><\/a><a href=\"https:\/\/bobvarela.com\/wp-content\/uploads\/2015\/03\/IMG_1164.jpg\"><img loading=\"lazy\" decoding=\"async\" title=\"IMG_1164\" style=\"border-top: 0px; border-right: 0px; background-image: none; border-bottom: 0px; padding-top: 0px; padding-left: 0px; border-left: 0px; display: inline; padding-right: 0px\" border=\"0\" alt=\"IMG_1164\" src=\"https:\/\/bobvarela.com\/wp-content\/uploads\/2015\/03\/IMG_1164_thumb.jpg\" width=\"198\" height=\"134\" \/><\/a><a href=\"https:\/\/bobvarela.com\/wp-content\/uploads\/2015\/03\/IMG_1169.jpg\"><img loading=\"lazy\" decoding=\"async\" title=\"IMG_1169\" style=\"border-top: 0px; border-right: 0px; background-image: none; border-bottom: 0px; padding-top: 0px; padding-left: 0px; border-left: 0px; display: inline; padding-right: 0px\" border=\"0\" alt=\"IMG_1169\" src=\"https:\/\/bobvarela.com\/wp-content\/uploads\/2015\/03\/IMG_1169_thumb.jpg\" width=\"198\" height=\"134\" \/><\/a><\/p>\n<p align=\"justify\"><font size=\"3\">Este esfuerzo es posible adem\u00e1s gracias a una alianza comercial entre ambas plataformas con la firma Esika que en San Juan Moda promocionara su l\u00ednea de perfumes. <\/font><\/p>\n<p align=\"justify\"><font size=\"3\">Otro aspecto que se integra a la cuarta edicion de San Juan Moda son la Fundaci6n Wilnelia Merced que celebra el jueves 19 de marzo, su gala Corbata para dar Amor con la presentaci6n del dise\u00f1ador Carlos Alberto. De igual forma, la Parroquia Santa Bernardita con su fundador Monse\u00f1or Wilfredo Pena Moredo mejor conocido como Padre Willy exhibir\u00e1n varias piezas del vestuario del musical The Phantom of the Opera que fueron confeccionados por dise\u00f1adores locales entre ellos algunos de San ,Juan Moda. <\/font><\/p>\n<p align=\"center\"><a href=\"https:\/\/bobvarela.com\/wp-content\/uploads\/2015\/03\/IMG_1185.jpg\"><img loading=\"lazy\" decoding=\"async\" title=\"IMG_1185\" style=\"border-top: 0px; border-right: 0px; background-image: none; border-bottom: 0px; padding-top: 0px; padding-left: 0px; border-left: 0px; display: inline; padding-right: 0px\" border=\"0\" alt=\"IMG_1185\" src=\"https:\/\/bobvarela.com\/wp-content\/uploads\/2015\/03\/IMG_1185_thumb.jpg\" width=\"198\" height=\"134\" \/><\/a><a href=\"https:\/\/bobvarela.com\/wp-content\/uploads\/2015\/03\/IMG_1148.jpg\"><img loading=\"lazy\" decoding=\"async\" title=\"IMG_1148\" style=\"border-top: 0px; border-right: 0px; background-image: none; border-bottom: 0px; padding-top: 0px; padding-left: 0px; border-left: 0px; display: inline; padding-right: 0px\" border=\"0\" alt=\"IMG_1148\" src=\"https:\/\/bobvarela.com\/wp-content\/uploads\/2015\/03\/IMG_1148_thumb.jpg\" width=\"198\" height=\"134\" \/><\/a><a href=\"https:\/\/bobvarela.com\/wp-content\/uploads\/2015\/03\/IMG_1127.jpg\"><img loading=\"lazy\" decoding=\"async\" title=\"IMG_1127\" style=\"border-top: 0px; border-right: 0px; background-image: none; border-bottom: 0px; padding-top: 0px; padding-left: 0px; border-left: 0px; display: inline; padding-right: 0px\" border=\"0\" alt=\"IMG_1127\" src=\"https:\/\/bobvarela.com\/wp-content\/uploads\/2015\/03\/IMG_1127_thumb.jpg\" width=\"229\" height=\"134\" \/><\/a><\/p>\n<p align=\"justify\"><font size=\"3\">&quot;Con esto, estamos brindado una oportunidad a entidades que atienden necesidades de la comunidad para que puedan utilizar esta plataforma para promocionar sus organizaciones. AI finalizar el desfile del dise\u00f1ador Carlos Alberto Wilnelia tendr\u00e1 una subasta silente mientras que padre Willy en el intermedio de las presentaciones de Dominicana Moda estar\u00e1n presentando un n\u00famero musical&quot;, agrego Berm\u00fadez.<\/font><\/p>\n","protected":false},"excerpt":{"rendered":"<p>Los dise\u00f1adores de Dominicana Moda Mois\u00e9s Quesada, Leonel Lirio, Jos\u00e9 Jhan y Jusef S\u00e1nchez formaran parte de la cuarta edici\u00f3n de San Juan Moda bajo una alianza entre ambas plataformas de moda. Asimismo, la Parroquia Santa Bernardita y la Fundaci\u00f3n&hellip;<\/p>\n<p class=\"more-link-p\"><a class=\"more-link\" href=\"https:\/\/bobvarela.com\/?p=72121\">Read more &rarr;<\/a><\/p>\n","protected":false},"author":1,"featured_media":0,"comment_status":"open","ping_status":"open","sticky":false,"template":"","format":"standard","meta":{"ngg_post_thumbnail":0,"footnotes":""},"categories":[4,295],"tags":[],"class_list":["post-72121","post","type-post","status-publish","format-standard","hentry","category-moda","category-puerto-rico"],"_links":{"self":[{"href":"https:\/\/bobvarela.com\/index.php?rest_route=\/wp\/v2\/posts\/72121","targetHints":{"allow":["GET"]}}],"collection":[{"href":"https:\/\/bobvarela.com\/index.php?rest_route=\/wp\/v2\/posts"}],"about":[{"href":"https:\/\/bobvarela.com\/index.php?rest_route=\/wp\/v2\/types\/post"}],"author":[{"embeddable":true,"href":"https:\/\/bobvarela.com\/index.php?rest_route=\/wp\/v2\/users\/1"}],"replies":[{"embeddable":true,"href":"https:\/\/bobvarela.com\/index.php?rest_route=%2Fwp%2Fv2%2Fcomments&post=72121"}],"version-history":[{"count":3,"href":"https:\/\/bobvarela.com\/index.php?rest_route=\/wp\/v2\/posts\/72121\/revisions"}],"predecessor-version":[{"id":72132,"href":"https:\/\/bobvarela.com\/index.php?rest_route=\/wp\/v2\/posts\/72121\/revisions\/72132"}],"wp:attachment":[{"href":"https:\/\/bobvarela.com\/index.php?rest_route=%2Fwp%2Fv2%2Fmedia&parent=72121"}],"wp:term":[{"taxonomy":"category","embeddable":true,"href":"https:\/\/bobvarela.com\/index.php?rest_route=%2Fwp%2Fv2%2Fcategories&post=72121"},{"taxonomy":"post_tag","embeddable":true,"href":"https:\/\/bobvarela.com\/index.php?rest_route=%2Fwp%2Fv2%2Ftags&post=72121"}],"curies":[{"name":"wp","href":"https:\/\/api.w.org\/{rel}","templated":true}]}}