{"id":72164,"date":"2015-03-09T20:05:26","date_gmt":"2015-03-10T00:05:26","guid":{"rendered":"https:\/\/bobvarela.com\/?p=72164"},"modified":"2015-03-09T20:29:47","modified_gmt":"2015-03-10T00:29:47","slug":"san-juan-moda-une-dos-generaciones-en-pasarela-la-veterana-y-el-benjamn-de-la-moda-presentan-back-to-back","status":"publish","type":"post","link":"https:\/\/bobvarela.com\/?p=72164","title":{"rendered":"SAN JUAN MODA UNE DOS GENERACIONES EN PASARELA La Veterana y el Benjam&iacute;n de la Moda Presentan Back to Back"},"content":{"rendered":"<p align=\"justify\"><a href=\"https:\/\/bobvarela.com\/wp-content\/uploads\/2015\/03\/CB-SAN-JUAN-MODA-2015-foto-coleccion-Carlota-Alfaro1.jpg\"><img loading=\"lazy\" decoding=\"async\" title=\"CB SAN JUAN MODA 2015 foto coleccion Carlota Alfaro\" style=\"border-top: 0px; border-right: 0px; background-image: none; border-bottom: 0px; float: left; padding-top: 0px; padding-left: 0px; border-left: 0px; display: inline; padding-right: 0px\" border=\"0\" alt=\"CB SAN JUAN MODA 2015 foto coleccion Carlota Alfaro\" src=\"https:\/\/bobvarela.com\/wp-content\/uploads\/2015\/03\/CB-SAN-JUAN-MODA-2015-foto-coleccion-Carlota-Alfaro_thumb1.jpg\" width=\"205\" align=\"left\" height=\"242\" \/><\/a><font size=\"3\">La respetada dise\u00f1adora y maestra de dise\u00f1o <b>Carlota Alfaro<\/b> presentar\u00e1 su colecci\u00f3n de oto\u00f1o invierno 2015, \u201cUn Sue\u00f1o en Colores\u201d el mismo d\u00eda que su disc\u00edpulo y ganador del reality Revelaci\u00f3n Moda, Kelvin Giovannie. Ambas colecciones se componen de 30 piezas y suben a pasarela el lunes 16 de marzo como parte de San Juan Moda 2015 en el Ballroom del Hotel San Juan.<\/font><\/p>\n<p align=\"justify\"><font size=\"3\">Alfaro, puertorrique\u00f1a conocida como la Gran Dama de la Moda, ha vendido sus creaciones en Neiman Marcus, Bloomingdales y Saks Fifth Avenue, que este mes abre sus puertas en la Isla. Su estilo es uno elegante, llamativo y logrado con detalles de gran volumen y belleza. Es muy conocida en Europa, Estados Unidos y Latinoam\u00e9rica.<\/font><\/p>\n<p align=\"justify\"><font size=\"3\">En la d\u00e9cada de los 1960s, Alfaro estableci\u00f3 el Instituto Carlota Alfaro, donde han estudiado dise\u00f1adores de la talla de Carlos Alberto, Sonia Rivera, Harry Robles y David Antonio. La primera edici\u00f3n de San Juan Moda en el 2014 le fue dedicada por su gran trayectoria y compromiso con la moda y los futuros dise\u00f1adores.<\/font><\/p>\n<p align=\"justify\"><font size=\"3\">Para esta edici\u00f3n de oto\u00f1o invierno, Alfaro, presentar\u00e1 \u201cUn Sue\u00f1o en Colores,\u201d que describe como una celebraci\u00f3n de la vida y de su extensa carrera en la industria del dise\u00f1o de modas. <\/font><\/p>\n<p align=\"justify\"><font size=\"3\">\u201cCada pieza es el renacer de mis m\u00e1s preciados sue\u00f1os, de las musas que me inspiraron a trav\u00e9s de los a\u00f1os y que me guiaron hasta convertirme en una de las m\u00e1s apreciadas dise\u00f1adoras de nuestra Isla,\u201d dijo Alfaro, pionera en la moda puertorrique\u00f1a. <\/font><\/p>\n<p align=\"justify\"><font size=\"3\">La colecci\u00f3n de 30 piezas de Alfaro se adentra al mundo creativo y et\u00e9reo de la mente creadora de la reconocida artista, quien explic\u00f3 que las piezas que se presentar\u00e1n \u201cson extractos de sus grandes obras: sue\u00f1os a los que he dado vida con mis manos y un gran amor por mi arte.\u201d <\/font><\/p>\n<p align=\"justify\"><font size=\"3\">En \u201cUn Sue\u00f1o en Colores\u201d predominan los colores verdes, rosado, blanco, azul y amarillo. En cuanto a telas, utiliza el crep\u00e9 de seda, el charmeuse de seda, tul franc\u00e9s, y encajes con las que logra siluetas asim\u00e9tricas que engalana con bordados y transparencias. <\/font><\/p>\n<p align=\"justify\"><b><a href=\"https:\/\/bobvarela.com\/wp-content\/uploads\/2015\/03\/CB-SAN-JUAN-MODA-2015-coleccion-Kelvin-Giovannie.jpg\"><font size=\"3\"><img loading=\"lazy\" decoding=\"async\" title=\"CB SAN JUAN MODA 2015 coleccion Kelvin Giovannie\" style=\"border-top: 0px; border-right: 0px; background-image: none; border-bottom: 0px; float: left; padding-top: 0px; padding-left: 0px; border-left: 0px; display: inline; padding-right: 0px\" border=\"0\" alt=\"CB SAN JUAN MODA 2015 coleccion Kelvin Giovannie\" src=\"https:\/\/bobvarela.com\/wp-content\/uploads\/2015\/03\/CB-SAN-JUAN-MODA-2015-coleccion-Kelvin-Giovannie_thumb.jpg\" width=\"151\" align=\"left\" height=\"219\" \/><\/font><\/a><font size=\"3\">Por su parte, Kelvin Giovannie<\/font><\/b><font size=\"3\"> presentar\u00e1 su primera colecci\u00f3n,\u201dNuphar,\u201d un homenaje a los jardines \u201cacu\u00e1ticos e h\u00edbridos que renacen en los pantanos de agua poco profundas, donde crecen hojas, flores y ra\u00edces de diferentes tama\u00f1os.\u201d <\/font><\/p>\n<p align=\"justify\"><font size=\"3\">Kelvin, quien define su estilo como m\u00edstico, dram\u00e1tico y elegante, usar\u00e1 una amplia gama de colores que incluyen el marfil, crema, rosa, cobre,azul, dorado y negro en sus distintas tonalidades. Las telas que usa en \u201cNuphar\u201d son algod\u00f3n de seda, guipur, vinilo, chif\u00f3n, lana, gazar y brocados. <\/font><\/p>\n<p align=\"justify\"><font size=\"3\">\u201cUn Sue\u00f1o en Colores\u201d sube a pasarela a las 7:00 p.m. mientras que \u201cNuphar\u201d se presenta a las 8:30 p.m.<\/font><\/p>\n<p align=\"justify\"><font size=\"3\"><\/font><\/p>\n","protected":false},"excerpt":{"rendered":"<p>La respetada dise\u00f1adora y maestra de dise\u00f1o Carlota Alfaro presentar\u00e1 su colecci\u00f3n de oto\u00f1o invierno 2015, \u201cUn Sue\u00f1o en Colores\u201d el mismo d\u00eda que su disc\u00edpulo y ganador del reality Revelaci\u00f3n Moda, Kelvin Giovannie. Ambas colecciones se componen de 30&hellip;<\/p>\n<p class=\"more-link-p\"><a class=\"more-link\" href=\"https:\/\/bobvarela.com\/?p=72164\">Read more &rarr;<\/a><\/p>\n","protected":false},"author":1,"featured_media":0,"comment_status":"open","ping_status":"open","sticky":false,"template":"","format":"standard","meta":{"ngg_post_thumbnail":0,"footnotes":""},"categories":[4,295],"tags":[],"class_list":["post-72164","post","type-post","status-publish","format-standard","hentry","category-moda","category-puerto-rico"],"_links":{"self":[{"href":"https:\/\/bobvarela.com\/index.php?rest_route=\/wp\/v2\/posts\/72164","targetHints":{"allow":["GET"]}}],"collection":[{"href":"https:\/\/bobvarela.com\/index.php?rest_route=\/wp\/v2\/posts"}],"about":[{"href":"https:\/\/bobvarela.com\/index.php?rest_route=\/wp\/v2\/types\/post"}],"author":[{"embeddable":true,"href":"https:\/\/bobvarela.com\/index.php?rest_route=\/wp\/v2\/users\/1"}],"replies":[{"embeddable":true,"href":"https:\/\/bobvarela.com\/index.php?rest_route=%2Fwp%2Fv2%2Fcomments&post=72164"}],"version-history":[{"count":3,"href":"https:\/\/bobvarela.com\/index.php?rest_route=\/wp\/v2\/posts\/72164\/revisions"}],"predecessor-version":[{"id":72169,"href":"https:\/\/bobvarela.com\/index.php?rest_route=\/wp\/v2\/posts\/72164\/revisions\/72169"}],"wp:attachment":[{"href":"https:\/\/bobvarela.com\/index.php?rest_route=%2Fwp%2Fv2%2Fmedia&parent=72164"}],"wp:term":[{"taxonomy":"category","embeddable":true,"href":"https:\/\/bobvarela.com\/index.php?rest_route=%2Fwp%2Fv2%2Fcategories&post=72164"},{"taxonomy":"post_tag","embeddable":true,"href":"https:\/\/bobvarela.com\/index.php?rest_route=%2Fwp%2Fv2%2Ftags&post=72164"}],"curies":[{"name":"wp","href":"https:\/\/api.w.org\/{rel}","templated":true}]}}