{"id":72226,"date":"2015-03-11T06:08:29","date_gmt":"2015-03-11T10:08:29","guid":{"rendered":"https:\/\/bobvarela.com\/?p=72226"},"modified":"2015-03-11T06:08:30","modified_gmt":"2015-03-11T10:08:30","slug":"rinden-homenaje-a-myrta-silva-en-arecibo","status":"publish","type":"post","link":"https:\/\/bobvarela.com\/?p=72226","title":{"rendered":"Rinden homenaje a Myrta Silva en Arecibo"},"content":{"rendered":"<p align=\"center\"><img loading=\"lazy\" decoding=\"async\" border=\"0\" hspace=\"5\" vspace=\"5\" src=\"https:\/\/files.ctctcdn.com\/e68561ca001\/445a426b-3bba-4b01-a9f9-61721854e912.jpg\" width=\"498\" height=\"560\" \/><\/p>\n<p align=\"justify\"><font size=\"3\">Como parte de la celebraci\u00f3n de los 500 a\u00f1os del asentamiento espa\u00f1ol e ind\u00edgena de Arecibo, en la ma\u00f1ana de ayer el alcalde de la Ciudad, Carlos Molina Rodr\u00edguez, rindi\u00f3 homenaje a la mujer arecibe\u00f1a junto a un grupo de empleadas municipales.<\/font><\/p>\n<p align=\"justify\"><font size=\"3\">Frente a una estructura que se encontraba en estado de abandono en el casco urbano, el alcalde reconoci\u00f3 la trayectoria de quien en vida fuera Myrta Silva, develando un mural pintado en su honor. <em>&quot;En \u00e9sta la Semana de la Mujer, qu\u00e9 mejor que reconocer a una gran arecibe\u00f1a que puso el nombre de nuestro pueblo en alto con su talento en la m\u00fasica como cantante y compositora, y en la televisi\u00f3n como productora. Agradecemos a los artistas Miguel Rom\u00e1n y Miguel Santana por regalarnos esta obra de arte&quot;<\/em>, expres\u00f3 el alcalde Molina, quien estuvo acompa\u00f1ado de un grupo representativo de damas del Municipio.<\/font><\/p>\n<p><img loading=\"lazy\" decoding=\"async\" style=\"float: none; margin-left: auto; display: block; margin-right: auto\" border=\"0\" hspace=\"5\" vspace=\"5\" src=\"https:\/\/files.ctctcdn.com\/e68561ca001\/f0704285-c7d5-470f-846c-c2da41bea707.jpg\" width=\"379\" height=\"293\" \/> <\/p>\n<p align=\"justify\"><font size=\"3\">La estructura abandonada fue restaurada por un grupo de empleados municipales y voluntarios que se unen al plan del ejecutivo municipal de revivir el casco urbano de La Villa del Capit\u00e1n Correa. Las actividades de celebraci\u00f3n de los 500 a\u00f1os de dicho Municipio contin\u00faan esta tarde con la Conferencia &quot;Arqueolog\u00eda Hist\u00f3rica de Arecibo&quot; en la Casa Trina, la presentaci\u00f3n del Coro de la Universidad Interamericana de Arecibo en Casa Ulanga, la Conferencia &quot;La Muy Leal&quot; en Casa Ulanga y la Banda de Concierto de la Escuela Libre de M\u00fasica en la Plaza de Recreo.<\/font><\/p>\n","protected":false},"excerpt":{"rendered":"<p>Como parte de la celebraci\u00f3n de los 500 a\u00f1os del asentamiento espa\u00f1ol e ind\u00edgena de Arecibo, en la ma\u00f1ana de ayer el alcalde de la Ciudad, Carlos Molina Rodr\u00edguez, rindi\u00f3 homenaje a la mujer arecibe\u00f1a junto a un grupo de&hellip;<\/p>\n<p class=\"more-link-p\"><a class=\"more-link\" href=\"https:\/\/bobvarela.com\/?p=72226\">Read more &rarr;<\/a><\/p>\n","protected":false},"author":1,"featured_media":0,"comment_status":"open","ping_status":"open","sticky":false,"template":"","format":"standard","meta":{"ngg_post_thumbnail":0,"footnotes":""},"categories":[3],"tags":[],"class_list":["post-72226","post","type-post","status-publish","format-standard","hentry","category-actividades"],"_links":{"self":[{"href":"https:\/\/bobvarela.com\/index.php?rest_route=\/wp\/v2\/posts\/72226","targetHints":{"allow":["GET"]}}],"collection":[{"href":"https:\/\/bobvarela.com\/index.php?rest_route=\/wp\/v2\/posts"}],"about":[{"href":"https:\/\/bobvarela.com\/index.php?rest_route=\/wp\/v2\/types\/post"}],"author":[{"embeddable":true,"href":"https:\/\/bobvarela.com\/index.php?rest_route=\/wp\/v2\/users\/1"}],"replies":[{"embeddable":true,"href":"https:\/\/bobvarela.com\/index.php?rest_route=%2Fwp%2Fv2%2Fcomments&post=72226"}],"version-history":[{"count":1,"href":"https:\/\/bobvarela.com\/index.php?rest_route=\/wp\/v2\/posts\/72226\/revisions"}],"predecessor-version":[{"id":72227,"href":"https:\/\/bobvarela.com\/index.php?rest_route=\/wp\/v2\/posts\/72226\/revisions\/72227"}],"wp:attachment":[{"href":"https:\/\/bobvarela.com\/index.php?rest_route=%2Fwp%2Fv2%2Fmedia&parent=72226"}],"wp:term":[{"taxonomy":"category","embeddable":true,"href":"https:\/\/bobvarela.com\/index.php?rest_route=%2Fwp%2Fv2%2Fcategories&post=72226"},{"taxonomy":"post_tag","embeddable":true,"href":"https:\/\/bobvarela.com\/index.php?rest_route=%2Fwp%2Fv2%2Ftags&post=72226"}],"curies":[{"name":"wp","href":"https:\/\/api.w.org\/{rel}","templated":true}]}}