{"id":72242,"date":"2015-03-11T06:22:24","date_gmt":"2015-03-11T10:22:24","guid":{"rendered":"https:\/\/bobvarela.com\/?p=72242"},"modified":"2015-03-11T06:23:20","modified_gmt":"2015-03-11T10:23:20","slug":"lentejuelas-transparencias-y-navidad-invaden-la-pasarela-de-san-juan-moda-otoo-invierno-2015","status":"publish","type":"post","link":"https:\/\/bobvarela.com\/?p=72242","title":{"rendered":"Lentejuelas, Transparencias y Navidad invaden la Pasarela de San Juan Moda Oto&ntilde;o-Invierno 2015"},"content":{"rendered":"<p align=\"justify\"><font size=\"3\">Tradicionalmente la industria de la moda reserva para las \u00faltimas dos temporadas del a\u00f1o colores oscuros, estampados felinos y tonalidades forestales. Pero no tiene que ser as\u00ed.<\/font><\/p>\n<p align=\"justify\"><font size=\"3\">Y prueba de esto son las colecciones de <b>Carlos Alberto, Miriam Budet y Marcos Carrazana<\/b>, tres grandes de la moda en Puerto Rico que conocen y respetan el gusto de la mujer hispana por el color y el brillo\u2026todo el a\u00f1o.<\/font><\/p>\n<p align=\"justify\"><font size=\"3\"><b><a href=\"https:\/\/bobvarela.com\/wp-content\/uploads\/2015\/03\/CB-SAN-JUAN-MODA-2015-foto-coleccion-Carlos-Alberto-SM1.jpg\"><img loading=\"lazy\" decoding=\"async\" title=\"CB SAN JUAN MODA 2015 foto coleccion Carlos Alberto SM\" style=\"border-top: 0px; border-right: 0px; background-image: none; border-bottom: 0px; float: left; padding-top: 0px; padding-left: 0px; border-left: 0px; display: inline; padding-right: 0px\" border=\"0\" alt=\"CB SAN JUAN MODA 2015 foto coleccion Carlos Alberto SM\" src=\"https:\/\/bobvarela.com\/wp-content\/uploads\/2015\/03\/CB-SAN-JUAN-MODA-2015-foto-coleccion-Carlos-Alberto-SM_thumb1.jpg\" width=\"122\" align=\"left\" height=\"175\" \/><\/a>Carlos Alberto presenta \u201cFrenes\u00ed,\u201d<\/b> una colecci\u00f3n de trajes de gala a los que puede aspirar cualquier mujer. Son vestidos que exhiben lentejuejas en todas sus tonalidades y transparencias, dos tendencias favoritas a la hora de buscar y escoger ese vestido perfecto para un gran evento. El dise\u00f1ador destaca en \u201cFrenes\u00ed\u201d colores brillantes que distinguen la exhuberancia de la Navidad: el rojo, el negro, el plateado y el dorado, \u201cLe digo a la mujer que viva la vida con pasi\u00f3n, al m\u00e1ximo\u2026con frenes\u00ed.\u201d<\/font><\/p>\n<p align=\"justify\"><font size=\"3\"><\/font><\/p>\n<p align=\"justify\"><font size=\"3\"><\/font><\/p>\n<p align=\"justify\"><a href=\"https:\/\/bobvarela.com\/wp-content\/uploads\/2015\/03\/CB-SAN-JUAN-MODA-2015-coleccion-Marcos-Carrazana.jpg\"><img loading=\"lazy\" decoding=\"async\" title=\"CB SAN JUAN MODA 2015 coleccion Marcos Carrazana\" style=\"border-left-width: 0px; border-right-width: 0px; background-image: none; border-bottom-width: 0px; float: left; padding-top: 0px; padding-left: 0px; display: inline; padding-right: 0px; border-top-width: 0px\" border=\"0\" alt=\"CB SAN JUAN MODA 2015 coleccion Marcos Carrazana\" src=\"https:\/\/bobvarela.com\/wp-content\/uploads\/2015\/03\/CB-SAN-JUAN-MODA-2015-coleccion-Marcos-Carrazana_thumb.jpg\" width=\"113\" align=\"left\" height=\"208\" \/><\/a><font size=\"3\"><b>Con \u201cOjos Que S\u00ed Ven, Coraz\u00f3n Que S\u00ed Siente,\u201d Marcos Carrazana se<\/b> inspira en las emociones que impactan a la mujer al interactuar con la naturaleza y los eventos que la rodean. Para absorber estos sentimientos en pasarela, utiliza transparencias, telas fluidas y suaves pero tambi\u00e9n lana y terciopelo. Prefiere dise\u00f1os elegantes con siluetas sugestivas que acarician las curvas de la mujer y el uso de colores oto\u00f1ales como el p\u00farpura, el cranberry, el blanco y el siempre imprescindible negro. Carrazana igualmente sorprende mediante el uso de tonos rosados algunos de sus dise\u00f1os para \u201cbrindarle un oasis de suavidad a la temporada.\u201d<\/font><\/p>\n<p align=\"justify\"><font size=\"3\">\u201cLa moda para m\u00ed es visual primero, luego la procesamos, la entendemos y luego decidimos a nivel individual si nos gusta o no,\u201d dijo Carrazana. \u201cCualquiera de las dos emociones comienzan por los ojos y terminan en el coraz\u00f3n.\u201d<\/font><\/p>\n<p align=\"justify\">&#160;<\/p>\n<p align=\"justify\"><font size=\"3\"><b><a href=\"https:\/\/bobvarela.com\/wp-content\/uploads\/2015\/03\/CB-SAN-JUAN-MODA-2015-coleccion-Miriam-Budet.jpg\"><img loading=\"lazy\" decoding=\"async\" title=\"CB SAN JUAN MODA 2015 coleccion Miriam Budet\" style=\"border-left-width: 0px; border-right-width: 0px; background-image: none; border-bottom-width: 0px; float: left; padding-top: 0px; padding-left: 0px; display: inline; padding-right: 0px; border-top-width: 0px\" border=\"0\" alt=\"CB SAN JUAN MODA 2015 coleccion Miriam Budet\" src=\"https:\/\/bobvarela.com\/wp-content\/uploads\/2015\/03\/CB-SAN-JUAN-MODA-2015-coleccion-Miriam-Budet_thumb.jpg\" width=\"103\" align=\"left\" height=\"194\" \/><\/a>Para San Juan Moda, Miriam Budet propone \u201cContrastes<\/b>,\u201d una colecci\u00f3n inspirada en la siempre impactante y dram\u00e1tica combinaci\u00f3n del blanco y el negro. Con el contraste como protagonista de su visi\u00f3n, la artista extiende la t\u00e9cnica a la combinaci\u00f3n de otros colores, texturas y puntos de vista para crear una colecci\u00f3n pret-a-porter armoniosa con siluetas refrescantes y elegantes. Utiliza cortes y ruedos asim\u00e9tricos y presta especial atenci\u00f3n a la espalda. La propuesta tambi\u00e9n incluye una colecci\u00f3n de carteras y accesorios en piel dise\u00f1ados exclusivamente para \u201cContrastes.\u201d<\/font><\/p>\n<p align=\"justify\"><font size=\"3\"><\/font><\/p>\n<p align=\"justify\"><font size=\"3\">Miriam Budet presenta \u201cContrastes,\u201d el mi\u00e9rcoles 18 de marzo a las 7:00 p.m.; Marcos Carrazana presenta \u201cOjos Que S\u00ed Ven, Coraz\u00f3n Que S\u00ed Siente,\u201d el mi\u00e9rcoles 18 de marzo a las 8:30 p.m.; y Carlos Alberto presenta \u201cFrenes\u00ed,\u201d el jueves 19 de marzo a las 7:00 p.m. Los tres desfiles se llevar\u00e1n a cabo en el Ballroom del Hotel San Juan.<\/font><\/p>\n","protected":false},"excerpt":{"rendered":"<p>Tradicionalmente la industria de la moda reserva para las \u00faltimas dos temporadas del a\u00f1o colores oscuros, estampados felinos y tonalidades forestales. Pero no tiene que ser as\u00ed. Y prueba de esto son las colecciones de Carlos Alberto, Miriam Budet y&hellip;<\/p>\n<p class=\"more-link-p\"><a class=\"more-link\" href=\"https:\/\/bobvarela.com\/?p=72242\">Read more &rarr;<\/a><\/p>\n","protected":false},"author":1,"featured_media":0,"comment_status":"open","ping_status":"open","sticky":false,"template":"","format":"standard","meta":{"ngg_post_thumbnail":0,"footnotes":""},"categories":[4,295],"tags":[],"class_list":["post-72242","post","type-post","status-publish","format-standard","hentry","category-moda","category-puerto-rico"],"_links":{"self":[{"href":"https:\/\/bobvarela.com\/index.php?rest_route=\/wp\/v2\/posts\/72242","targetHints":{"allow":["GET"]}}],"collection":[{"href":"https:\/\/bobvarela.com\/index.php?rest_route=\/wp\/v2\/posts"}],"about":[{"href":"https:\/\/bobvarela.com\/index.php?rest_route=\/wp\/v2\/types\/post"}],"author":[{"embeddable":true,"href":"https:\/\/bobvarela.com\/index.php?rest_route=\/wp\/v2\/users\/1"}],"replies":[{"embeddable":true,"href":"https:\/\/bobvarela.com\/index.php?rest_route=%2Fwp%2Fv2%2Fcomments&post=72242"}],"version-history":[{"count":2,"href":"https:\/\/bobvarela.com\/index.php?rest_route=\/wp\/v2\/posts\/72242\/revisions"}],"predecessor-version":[{"id":72246,"href":"https:\/\/bobvarela.com\/index.php?rest_route=\/wp\/v2\/posts\/72242\/revisions\/72246"}],"wp:attachment":[{"href":"https:\/\/bobvarela.com\/index.php?rest_route=%2Fwp%2Fv2%2Fmedia&parent=72242"}],"wp:term":[{"taxonomy":"category","embeddable":true,"href":"https:\/\/bobvarela.com\/index.php?rest_route=%2Fwp%2Fv2%2Fcategories&post=72242"},{"taxonomy":"post_tag","embeddable":true,"href":"https:\/\/bobvarela.com\/index.php?rest_route=%2Fwp%2Fv2%2Ftags&post=72242"}],"curies":[{"name":"wp","href":"https:\/\/api.w.org\/{rel}","templated":true}]}}