{"id":72263,"date":"2015-03-12T07:05:06","date_gmt":"2015-03-12T11:05:06","guid":{"rendered":"https:\/\/bobvarela.com\/?p=72263"},"modified":"2015-03-12T07:05:09","modified_gmt":"2015-03-12T11:05:09","slug":"la-grandeza-del-arte-europeo-inspira-colecciones-de-jaer-caban-y-of-atelier-para-san-juan-moda","status":"publish","type":"post","link":"https:\/\/bobvarela.com\/?p=72263","title":{"rendered":"LA GRANDEZA DEL ARTE EUROPEO INSPIRA COLECCIONES DE JAER CABAN Y OF ATELIER PARA SAN JUAN MODA"},"content":{"rendered":"<p align=\"justify\"><font size=\"3\">Si hay dos Casas de Moda en la Isla que siempre traen a la pasarela colecciones diferentes y novedosas, esas con Of Atelier, que firman Orlando L\u00f3pez y F\u00e9lix Fletcher ; y Jaer Cab\u00e1n, quien es el artista detr\u00e1s de los admirados vestidos artesanales que luce Miss Puerto Rico Universe.<\/font><\/p>\n<p align=\"justify\"><font size=\"3\">Para San Juan Moda 2015, las colecciones de este tr\u00edo de destacados dise\u00f1adores vienen inspiradas en movimientos del maravilloso y siempre admirado arte italiano y franc\u00e9s.<\/font><\/p>\n<p align=\"justify\"><font size=\"3\"><a href=\"https:\/\/bobvarela.com\/wp-content\/uploads\/2015\/03\/CB-SAN-JUAN-MODA-2015-Jaer-Caban-coleccion-moda-al-fresco.jpg\"><img loading=\"lazy\" decoding=\"async\" title=\"CB SAN JUAN MODA 2015 Jaer Caban coleccion moda al fresco\" style=\"border-top: 0px; border-right: 0px; background-image: none; border-bottom: 0px; float: left; padding-top: 0px; padding-left: 0px; border-left: 0px; display: inline; padding-right: 0px\" border=\"0\" alt=\"CB SAN JUAN MODA 2015 Jaer Caban coleccion moda al fresco\" src=\"https:\/\/bobvarela.com\/wp-content\/uploads\/2015\/03\/CB-SAN-JUAN-MODA-2015-Jaer-Caban-coleccion-moda-al-fresco_thumb.jpg\" width=\"133\" align=\"left\" height=\"215\" \/><\/a>Jaer Cab\u00e1n, quien tiene su turno en la pasarela el viernes 20 de marzo a las 9:30 p.m. en el Ballroom del Hotel San Juan, presenta \u201cAl Fresco,\u201d una colecci\u00f3n que nace de sus viajes a diferentes ciudades de Italia donde lo cautiva la pintura muralista, al fresco. Su propuesta es un homenaje a la restauraci\u00f3n del arte, en especial a los frescos bizantinos.<\/font><\/p>\n<p align=\"justify\"><font size=\"3\">\u201cEl dise\u00f1o de moda es un arte a la vez revolucionario y sofisticado,\u201d dijo Caban. \u201cMi visi\u00f3n siempre es una nueva, aguerrida y avant garde &#8211; &#8211; Esta vez tengo una colecci\u00f3n bien ligada al arte, a lo barroco, renacimientos, a la inmensa belleza del arte bizantino en todas sus variantes\u2026Traigo una propuesta <i>pretty and dark.\u201d<\/i><\/font><\/p>\n<p align=\"justify\"><font size=\"3\">\u201cAl Fresco\u201d consta de 35 cambios donde prevalecen los colores azul marino, rojo, negro y dorado; y las telas en seda, lam\u00e9 y exuberantes bordados. Destacan en sus dise\u00f1os detalles en bieses y t\u00e9cnicas artesanales\u2026 \u201ces una experiencia muy personal.\u201d<\/font><\/p>\n<p align=\"justify\"><font size=\"3\"><a href=\"https:\/\/bobvarela.com\/wp-content\/uploads\/2015\/03\/CB-SAN-JUAN-MODA-2015-coleccion-Of-Atelier.jpg\"><img loading=\"lazy\" decoding=\"async\" title=\"CB SAN JUAN MODA 2015 coleccion Of Atelier\" style=\"border-top: 0px; border-right: 0px; background-image: none; border-bottom: 0px; float: left; padding-top: 0px; padding-left: 0px; border-left: 0px; display: inline; padding-right: 0px\" border=\"0\" alt=\"CB SAN JUAN MODA 2015 coleccion Of Atelier\" src=\"https:\/\/bobvarela.com\/wp-content\/uploads\/2015\/03\/CB-SAN-JUAN-MODA-2015-coleccion-Of-Atelier_thumb.jpg\" width=\"181\" align=\"left\" height=\"286\" \/><\/a>Por su parte, Of Atelier, presenta \u201cObscure,\u201d una colecci\u00f3n elegante y teatral que rinde homenaje a Ert\u00e9, (Romain de Tirtoff) uno de los m\u00e1s talentosos artistas del siglo XX vinculado al movimiento Arte D\u00e9co y creador de la imagen \u201cSymphony in Black,\u201d una de las im\u00e1genes m\u00e1s reproducidas en el mundo &#8211; &#8211; Silueta de una alta y delgada mujer vestida de negro sujetando a un perro delgado, tambi\u00e9n negro. <\/font><\/p>\n<p align=\"justify\"><font size=\"3\">Al conmemorarse 25 a\u00f1os de la muerte de Ert\u00e9, L\u00f3pez y Fletcher se inspiran en el <em>gusto estilizado y elegante, decorativo y ornamental <\/em>de del glorioso artista, dise\u00f1ador, ilustrador<\/font><a name=\"_GoBack\"><\/a><font size=\"3\"> y vestuarista parisino para crear la colecci\u00f3n oto\u00f1o invierno 2015. \u201cObscure\u201d es una propuesta lujosa y preciosista con influencias de la moda de un mundo entreguerras que tuvo sus inicios en los a\u00f1os 20. Siluetas delicadas y femeninas forman los sobre 30 cambios en pasarela donde los tonos ricos complementan y a\u00f1aden calidez y viveza a la propuesta de moda. <\/font><\/p>\n<p align=\"justify\"><font size=\"3\">La pedrer\u00eda ser\u00e1 en esta ocasi\u00f3n la protagonista de una colecci\u00f3n donde los encajes, las sedas, el terciopelo, el chif\u00f3n de seda y los bordados ser\u00e1 un reflejo de una ic\u00f3nica inspiraci\u00f3n transformada al estilo de Orlando L\u00f3pez, Feliz Fletcher y la Casa de Moda Of Atelier. <\/font><\/p>\n<p align=\"justify\"><font size=\"3\">\u201cObscure\u201d sube a escena como parte de San Juan Moda el jueves 19 de marzo a las 9:00 p.m.<\/font><\/p>\n","protected":false},"excerpt":{"rendered":"<p>Si hay dos Casas de Moda en la Isla que siempre traen a la pasarela colecciones diferentes y novedosas, esas con Of Atelier, que firman Orlando L\u00f3pez y F\u00e9lix Fletcher ; y Jaer Cab\u00e1n, quien es el artista detr\u00e1s de&hellip;<\/p>\n<p class=\"more-link-p\"><a class=\"more-link\" href=\"https:\/\/bobvarela.com\/?p=72263\">Read more &rarr;<\/a><\/p>\n","protected":false},"author":1,"featured_media":0,"comment_status":"open","ping_status":"open","sticky":false,"template":"","format":"standard","meta":{"ngg_post_thumbnail":0,"footnotes":""},"categories":[4,295],"tags":[],"class_list":["post-72263","post","type-post","status-publish","format-standard","hentry","category-moda","category-puerto-rico"],"_links":{"self":[{"href":"https:\/\/bobvarela.com\/index.php?rest_route=\/wp\/v2\/posts\/72263","targetHints":{"allow":["GET"]}}],"collection":[{"href":"https:\/\/bobvarela.com\/index.php?rest_route=\/wp\/v2\/posts"}],"about":[{"href":"https:\/\/bobvarela.com\/index.php?rest_route=\/wp\/v2\/types\/post"}],"author":[{"embeddable":true,"href":"https:\/\/bobvarela.com\/index.php?rest_route=\/wp\/v2\/users\/1"}],"replies":[{"embeddable":true,"href":"https:\/\/bobvarela.com\/index.php?rest_route=%2Fwp%2Fv2%2Fcomments&post=72263"}],"version-history":[{"count":1,"href":"https:\/\/bobvarela.com\/index.php?rest_route=\/wp\/v2\/posts\/72263\/revisions"}],"predecessor-version":[{"id":72264,"href":"https:\/\/bobvarela.com\/index.php?rest_route=\/wp\/v2\/posts\/72263\/revisions\/72264"}],"wp:attachment":[{"href":"https:\/\/bobvarela.com\/index.php?rest_route=%2Fwp%2Fv2%2Fmedia&parent=72263"}],"wp:term":[{"taxonomy":"category","embeddable":true,"href":"https:\/\/bobvarela.com\/index.php?rest_route=%2Fwp%2Fv2%2Fcategories&post=72263"},{"taxonomy":"post_tag","embeddable":true,"href":"https:\/\/bobvarela.com\/index.php?rest_route=%2Fwp%2Fv2%2Ftags&post=72263"}],"curies":[{"name":"wp","href":"https:\/\/api.w.org\/{rel}","templated":true}]}}