{"id":72269,"date":"2015-03-12T20:57:58","date_gmt":"2015-03-13T00:57:58","guid":{"rendered":"https:\/\/bobvarela.com\/?p=72269"},"modified":"2015-03-12T20:58:04","modified_gmt":"2015-03-13T00:58:04","slug":"con-un-homenaje-al-stylist-willie-rosado-san-juan-moda-da-por-iniciada-su-4ta-edicion","status":"publish","type":"post","link":"https:\/\/bobvarela.com\/?p=72269","title":{"rendered":"CON UN HOMENAJE AL STYLIST WILLIE ROSADO SAN JUAN MODA DA POR INICIADA SU 4TA EDICION"},"content":{"rendered":"<p align=\"center\"><font size=\"3\"><a href=\"https:\/\/bobvarela.com\/wp-content\/uploads\/2015\/03\/CB-SAN-JUAN-MODA-FOTO-CORTE-DE-CINTA.jpg\"><img loading=\"lazy\" decoding=\"async\" title=\"CB SAN JUAN MODA FOTO CORTE DE CINTA\" style=\"border-top: 0px; border-right: 0px; background-image: none; border-bottom: 0px; padding-top: 0px; padding-left: 0px; border-left: 0px; display: inline; padding-right: 0px\" border=\"0\" alt=\"CB SAN JUAN MODA FOTO CORTE DE CINTA\" src=\"https:\/\/bobvarela.com\/wp-content\/uploads\/2015\/03\/CB-SAN-JUAN-MODA-FOTO-CORTE-DE-CINTA_thumb.jpg\" width=\"312\" height=\"253\" \/><\/a><\/font><\/p>\n<p align=\"center\"><em>En la foto: Olivier Mamaire, Gerente General del Hotel San Juan, Mirsa Rosado, mama de Willito y Carlos Bermudez, Presidente de San Juan Moda<\/em> <\/p>\n<p align=\"justify\"><font size=\"3\">La industria de la moda caribe\u00f1a engalana por cuarta ocasi\u00f3n la pasarela de San Juan Moda que comienza ma\u00f1ana viernes en el Ballroom del Hotel San Juan en Isla Verde.<\/font><\/p>\n<p align=\"justify\"><font size=\"3\">Acompa\u00f1ado de los dise\u00f1adores participantes de esta edici\u00f3n y del Gerente General del Hotel San Juan, Olivier Maumaire, el Presidente de San Juan Moda Carlos Berm\u00fadez realiz\u00f3 el tradicional Corte de Cinta que da inicio formalmente a la Edici\u00f3n Oto\u00f1o Invierno de San Juan Moda 2015. <\/font><\/p>\n<p align=\"justify\"><font size=\"3\">Dentro de la emoci\u00f3n del momento, Berm\u00fadez se hizo acompa\u00f1ar de Mirza Rosado, la madre del fenecido y querido stylist y vestuarista Willie Rosado para dedicarle el evento.<\/font><\/p>\n<p align=\"justify\"><font size=\"3\">\u201cEstamos aqu\u00ed porque defendemos, valoramos y queremos un futuro para la industria de la moda y los dise\u00f1adores en Puerto Rico,\u201d dijo Berm\u00fadez. \u201cPero estamos aqu\u00ed tambi\u00e9n porque somos una gran familia y respetamos el trabajo de cada uno, de dise\u00f1adores, asistentes, modelos, ilustradores, estilistas, maquillistas y vestuaristas &#8211; &#8211; Hoy uno de los nuestros no pudo estar con nosotros f\u00edsicamente, pero no por eso lo vamos a olvidar. Este aplauso va para Willito, un talentoso stylist que ayud\u00f3 y foment\u00f3 la carrera de muchas modelos y artistas y que con su arte le dio forma a innumerables editoriales de moda en muchas publicaciones locales. Gracias Willito. San Juan Moda te rinde homenaje y te recuerda.\u201d<\/font><\/p>\n<p align=\"center\"><a href=\"https:\/\/bobvarela.com\/wp-content\/uploads\/2015\/03\/CB-SAN-JUAN-MODA-2015-corte-de-cinta-a.jpg\"><img loading=\"lazy\" decoding=\"async\" title=\"CB SAN JUAN MODA 2015 corte de cinta a\" style=\"border-top: 0px; border-right: 0px; background-image: none; border-bottom: 0px; padding-top: 0px; padding-left: 0px; border-left: 0px; display: inline; padding-right: 0px\" border=\"0\" alt=\"CB SAN JUAN MODA 2015 corte de cinta a\" src=\"https:\/\/bobvarela.com\/wp-content\/uploads\/2015\/03\/CB-SAN-JUAN-MODA-2015-corte-de-cinta-a_thumb.jpg\" width=\"392\" height=\"269\" \/><\/a><\/p>\n<p align=\"center\"><em>En la foto: Dise\u00f1adores comparten en corte de cinta: Miriam Budet, Lisa Thon, Olivier Mamaire, Mirsa Rosado, Carlos Bermudez, y Orlando Lopez<\/em><\/p>\n<p align=\"justify\"><font size=\"3\">En su 4ta Edici\u00f3n, San Juan Moda re\u00fane en un mismo evento a 24 de los dise\u00f1adores m\u00e1s respetados y admirados de Puerto Rico y la Republica Dominicana. Esta vez, el evento se extiende por nueve d\u00edas, con 22 pasarelas en el Ballroom y cinco exhibiciones de accesorios de moda en el \u00e1rea del Lobby.<\/font><\/p>\n<p align=\"justify\"><font size=\"3\">Berm\u00fadez agradeci\u00f3 a los auspiciadores que hacen posible San Juan Moda y record\u00f3 el estreno de la \u201cTras Bambalinas Cam,\u201d un vistazo en vivo a la acci\u00f3n y al corre y corre que ocurre tras bastidores, el proceso de organizar modelos y parearlas con cada cambio, y los detalles finales de maquillaje y peinado antes de salir a pasarela. \u201cTras Bambalinas Cam\u201d podr\u00e1 ser visto a trav\u00e9s de la p\u00e1gina cibern\u00e9tica de San Juan moda accesando www.sjmoda.com.<\/font><\/p>\n<p align=\"justify\"><font size=\"3\">Los dise\u00f1adores que participan en esta cuarta edici\u00f3n son: Luis Antonio, Ecl\u00edptica, Lisa Thon, Eddie Guerrero, Harry Robles, Ruben Dario, Marcos Carranza, Carlos Alberto, Miriam Budet, Sonia Rivera, Sonia Santiago, Jos\u00e9 Ra\u00fal, Jaer Caban, Diana V\u00e1zquez, Katie Haggerty, Jackie Tejada, la veterana Carlota Alfaro, y Kelvin Giovanni, quien resultara ganador de la primera edici\u00f3n del reality \u201cRevelaci\u00f3n Moda.\u201d<\/font><\/p>\n<p align=\"justify\"><font size=\"3\">De Dominicana Moda nos honran con sus colecciones los dise\u00f1adores Leonel Lirio, Mois\u00e9s Quesada, Jose Jhan y Jusef S\u00e1nchez. En el tema de dise\u00f1o de accesorios, estar\u00e1n Reyes Play, Angela<\/font><a name=\"_GoBack\"><\/a><font size=\"3\"> S\u00e1nchez, Glitch y Lizet Mir\u00f3.<\/font><\/p>\n","protected":false},"excerpt":{"rendered":"<p>En la foto: Olivier Mamaire, Gerente General del Hotel San Juan, Mirsa Rosado, mama de Willito y Carlos Bermudez, Presidente de San Juan Moda La industria de la moda caribe\u00f1a engalana por cuarta ocasi\u00f3n la pasarela de San Juan Moda&hellip;<\/p>\n<p class=\"more-link-p\"><a class=\"more-link\" href=\"https:\/\/bobvarela.com\/?p=72269\">Read more &rarr;<\/a><\/p>\n","protected":false},"author":1,"featured_media":0,"comment_status":"open","ping_status":"open","sticky":false,"template":"","format":"standard","meta":{"ngg_post_thumbnail":0,"footnotes":""},"categories":[4,295],"tags":[],"class_list":["post-72269","post","type-post","status-publish","format-standard","hentry","category-moda","category-puerto-rico"],"_links":{"self":[{"href":"https:\/\/bobvarela.com\/index.php?rest_route=\/wp\/v2\/posts\/72269","targetHints":{"allow":["GET"]}}],"collection":[{"href":"https:\/\/bobvarela.com\/index.php?rest_route=\/wp\/v2\/posts"}],"about":[{"href":"https:\/\/bobvarela.com\/index.php?rest_route=\/wp\/v2\/types\/post"}],"author":[{"embeddable":true,"href":"https:\/\/bobvarela.com\/index.php?rest_route=\/wp\/v2\/users\/1"}],"replies":[{"embeddable":true,"href":"https:\/\/bobvarela.com\/index.php?rest_route=%2Fwp%2Fv2%2Fcomments&post=72269"}],"version-history":[{"count":1,"href":"https:\/\/bobvarela.com\/index.php?rest_route=\/wp\/v2\/posts\/72269\/revisions"}],"predecessor-version":[{"id":72270,"href":"https:\/\/bobvarela.com\/index.php?rest_route=\/wp\/v2\/posts\/72269\/revisions\/72270"}],"wp:attachment":[{"href":"https:\/\/bobvarela.com\/index.php?rest_route=%2Fwp%2Fv2%2Fmedia&parent=72269"}],"wp:term":[{"taxonomy":"category","embeddable":true,"href":"https:\/\/bobvarela.com\/index.php?rest_route=%2Fwp%2Fv2%2Fcategories&post=72269"},{"taxonomy":"post_tag","embeddable":true,"href":"https:\/\/bobvarela.com\/index.php?rest_route=%2Fwp%2Fv2%2Ftags&post=72269"}],"curies":[{"name":"wp","href":"https:\/\/api.w.org\/{rel}","templated":true}]}}