{"id":72507,"date":"2015-03-15T14:27:26","date_gmt":"2015-03-15T18:27:26","guid":{"rendered":"https:\/\/bobvarela.com\/?p=72507"},"modified":"2015-03-15T14:27:31","modified_gmt":"2015-03-15T18:27:31","slug":"la-mujer-mas-aclamada-del-mundo-y-el-hombre-ms-guapo-de-espaa-se-unen-a-san-juan-moda-2015","status":"publish","type":"post","link":"https:\/\/bobvarela.com\/?p=72507","title":{"rendered":"La Mujer Mas Aclamada del Mundo y el Hombre M&aacute;s Guapo de Espa&ntilde;a se Unen a San Juan Moda 2015"},"content":{"rendered":"<p align=\"justify\"><font size=\"3\"><a href=\"https:\/\/bobvarela.com\/wp-content\/uploads\/2015\/03\/CB-SAN-JUAN-MODA-2015-KACI-FENNEL.jpg\"><img loading=\"lazy\" decoding=\"async\" title=\"CB SAN JUAN MODA 2015 KACI FENNEL\" style=\"border-top: 0px; border-right: 0px; background-image: none; border-bottom: 0px; float: left; padding-top: 0px; padding-left: 0px; border-left: 0px; display: inline; padding-right: 0px\" border=\"0\" alt=\"CB SAN JUAN MODA 2015 KACI FENNEL\" src=\"https:\/\/bobvarela.com\/wp-content\/uploads\/2015\/03\/CB-SAN-JUAN-MODA-2015-KACI-FENNEL_thumb.jpg\" width=\"193\" align=\"left\" height=\"238\" \/><\/a>La pasarela de San Juan Moda se engalana esta semana con la participaci\u00f3n en los desfiles de la super modelo Kaci Fennel, Miss Jamaica Universe 2014 y David Rica, Mr. Espa\u00f1a Internacional 2014.<\/font><\/p>\n<p align=\"justify\"><font size=\"3\">Kaci, quien quedara como 5ta finalista en la 63 edici\u00f3n del concurso Miss Universe celebrado en Doral, (Miami) este a\u00f1o, gan\u00f3 la aprobaci\u00f3n mundial de millones de personas y cibernautas tan pronto fue presentada al p\u00fablico por su estilo, gracia, belleza y pasarela. Cuando fue eliminada del cuadro final del concurso, desat\u00f3 una guerra inmediata de quejas en las redes sociales alrededor del mundo, que tambi\u00e9n se hizo sentir dentro del mismo auditorio del certamen.<\/font><\/p>\n<p align=\"justify\"><font size=\"3\">Pero su ic\u00f3nico pelo corto, estatura y elegancia, que hacen que algunos sectores la llamen la reina sin corona, le han ganado a Fennel millones de fan\u00e1ticos en todos los continentes y un empuje enorme a su carrera profesional como modelo y presentadora de televisi\u00f3n. Su porte y glamour la han hecho merecedora de ser comparada con actrices que representan el \u201cOld Hollywood Glamour.\u201d<\/font><\/p>\n<p align=\"justify\"><font size=\"3\">Nacida y criada en Kingston, Fennel se describe como una apasionada de los deportes, las aventuras y la cocina, pues es hija de una chef repostera. Le encanta cocinar y saca tiempo para contribuir a organizaciones que se dedican a ni\u00f1os con necesidades especiales, como \u201cStyle for Change,\u201d en su natal Jamaica.<\/font><\/p>\n<p align=\"justify\"><b><font size=\"3\">Kaci Fennel participar\u00e1 en el defile de la dise\u00f1adora Miriam Budet el mi\u00e9rcoles 18 de marzo a las 7:00 p.m. El jueves 19 de marzo a las 10:00 a.m. visitar\u00e1 el Hospital de Ni\u00f1os San Jorge en Santurce.<\/font><\/b><\/p>\n<p align=\"justify\"><font size=\"3\"><b><a href=\"https:\/\/bobvarela.com\/wp-content\/uploads\/2015\/03\/CB-SAN-JUAN-MODA-2015-David-Roca-playa.jpg\"><img loading=\"lazy\" decoding=\"async\" title=\"CB SAN JUAN MODA 2015 David Roca playa\" style=\"border-top: 0px; border-right: 0px; background-image: none; border-bottom: 0px; float: left; padding-top: 0px; padding-left: 0px; border-left: 0px; display: inline; padding-right: 0px\" border=\"0\" alt=\"CB SAN JUAN MODA 2015 David Roca playa\" src=\"https:\/\/bobvarela.com\/wp-content\/uploads\/2015\/03\/CB-SAN-JUAN-MODA-2015-David-Roca-playa_thumb.jpg\" width=\"157\" align=\"left\" height=\"203\" \/><\/a>Por su parte, David Roca &#8211; Mr. Espa\u00f1a Internacional 2014 \u2013 participar\u00e1 de los desfiles de Jos\u00e9 Ra\u00fal, el viernes 20 de marzo a las 7:30 p.m.; y del gran final de San Juan Moda 2015 con el dise\u00f1ador Eddie Guerrero, el s\u00e1bado 21 de marzo a las 9:30 p.m.<\/b><b><\/b><\/font><\/p>\n<p align=\"justify\"><font size=\"3\">Roca, un valenciano de nacimiento que particip\u00f3 como M\u00edster Alicante 2014, se alz\u00f3 con el t\u00edtulo luego de numerosos \u00e9xitos como modelo y representante de la belleza masculina espa\u00f1ola. Su historia con la moda viene de lejos y, de hecho, en 2011 fue Mr. Valencia. <\/font><\/p>\n<p align=\"justify\"><font size=\"3\">El t\u00edtulo internacional m\u00e1s reciente es el premio a la constancia, la gen\u00e9tica y al esfuerzo, seg\u00fan cr\u00edticos de la moda de su tierra; \u201calgo que los representantes de la comunidad valenciana han puesto de manifiesto al conseguir el mejor aspecto f\u00edsico de la manera m\u00e1s saludable y natural.\u201d <\/font><\/p>\n<p align=\"justify\"><font size=\"3\">Roca explica que lleva una dieta equilibrada y hace deporte, \u201cese es el secretos de esto, los que ahora pugnan por conseguir un hueco en el dif\u00edcil mundo de la imagen y la moda.\u201d <\/font><\/p>\n<p align=\"justify\"><font size=\"3\">David Roca, uno de los modelos m\u00e1s codiciados de Europa, ha modelado para Gucci, D-Squared, Hugo Boss, Louis Vuitton, Moschino, Jorge Aparisi, Carlo Pignatelli y Roberto Cavalli, entre otros.<\/font><a name=\"_GoBack\"><\/a><\/p>\n","protected":false},"excerpt":{"rendered":"<p>La pasarela de San Juan Moda se engalana esta semana con la participaci\u00f3n en los desfiles de la super modelo Kaci Fennel, Miss Jamaica Universe 2014 y David Rica, Mr. Espa\u00f1a Internacional 2014. Kaci, quien quedara como 5ta finalista en&hellip;<\/p>\n<p class=\"more-link-p\"><a class=\"more-link\" href=\"https:\/\/bobvarela.com\/?p=72507\">Read more &rarr;<\/a><\/p>\n","protected":false},"author":1,"featured_media":0,"comment_status":"open","ping_status":"open","sticky":false,"template":"","format":"standard","meta":{"ngg_post_thumbnail":0,"footnotes":""},"categories":[4,295],"tags":[],"class_list":["post-72507","post","type-post","status-publish","format-standard","hentry","category-moda","category-puerto-rico"],"_links":{"self":[{"href":"https:\/\/bobvarela.com\/index.php?rest_route=\/wp\/v2\/posts\/72507","targetHints":{"allow":["GET"]}}],"collection":[{"href":"https:\/\/bobvarela.com\/index.php?rest_route=\/wp\/v2\/posts"}],"about":[{"href":"https:\/\/bobvarela.com\/index.php?rest_route=\/wp\/v2\/types\/post"}],"author":[{"embeddable":true,"href":"https:\/\/bobvarela.com\/index.php?rest_route=\/wp\/v2\/users\/1"}],"replies":[{"embeddable":true,"href":"https:\/\/bobvarela.com\/index.php?rest_route=%2Fwp%2Fv2%2Fcomments&post=72507"}],"version-history":[{"count":1,"href":"https:\/\/bobvarela.com\/index.php?rest_route=\/wp\/v2\/posts\/72507\/revisions"}],"predecessor-version":[{"id":72508,"href":"https:\/\/bobvarela.com\/index.php?rest_route=\/wp\/v2\/posts\/72507\/revisions\/72508"}],"wp:attachment":[{"href":"https:\/\/bobvarela.com\/index.php?rest_route=%2Fwp%2Fv2%2Fmedia&parent=72507"}],"wp:term":[{"taxonomy":"category","embeddable":true,"href":"https:\/\/bobvarela.com\/index.php?rest_route=%2Fwp%2Fv2%2Fcategories&post=72507"},{"taxonomy":"post_tag","embeddable":true,"href":"https:\/\/bobvarela.com\/index.php?rest_route=%2Fwp%2Fv2%2Ftags&post=72507"}],"curies":[{"name":"wp","href":"https:\/\/api.w.org\/{rel}","templated":true}]}}