{"id":72653,"date":"2015-03-15T21:15:25","date_gmt":"2015-03-16T01:15:25","guid":{"rendered":"https:\/\/bobvarela.com\/?p=72653"},"modified":"2015-03-15T21:15:27","modified_gmt":"2015-03-16T01:15:27","slug":"vasilisa-eclptica-fall-2015-en-san-juan-moda","status":"publish","type":"post","link":"https:\/\/bobvarela.com\/?p=72653","title":{"rendered":"&quot;Vasilisa&quot; Ecl&iacute;ptica Fall 2015 en San Juan Moda"},"content":{"rendered":"<p align=\"justify\"><font size=\"3\">Vasilisa, la propuesta de Ecl\u00edptica para la segunda noche de \u201cLa Premiere,\u201d de San Juan Moda 2015 estuvo en pasarela el s\u00e1bado 14 de marzo&#160; en el Ballroom del Hotel San Juan.<\/font><\/p>\n<p align=\"justify\"><font size=\"3\">Mediante un maravilloso desfile de fluidos vestidos de textiles de dise\u00f1o exclusivo, aires bohemios y finos encajes franceses, Vasilisa va narrando la historia de una de las hero\u00edna m\u00e1s famosas de los cuentos rusos. Vasilisa es princesa, es reina, es fortaleza y representa la independencia de la mujer en el folklore de Rusia.<\/font><\/p>\n<p align=\"justify\"><font size=\"3\">La interpretaci\u00f3n de las hermanas Michelle y Norein Otero \u2013 quienes firman la marca Ecl\u00edptica \u2013 de Vasilisa es una mujer en vestidos de fantasia, ricos en detalles, estampados y bordados en hilo donde prevalecen los colores blanco, negro, vino, mostaza, verde bosque y azul cielo.<\/font><\/p>\n<p align=\"justify\"><font size=\"3\">Para esta colecci\u00f3n de oto\u00f1o invierno 2015, la Casa de Moda Ecl\u00edptica utilizo telas como el crepe, el lam\u00e9, chiffon, falla, terciopelo y todo tipo de sedas. Los dise\u00f1os son a su vez elevados con los m\u00e1s finos encajes franceses y bordados en pedrer\u00eda. Las modelos lucir\u00e1n accesorios del dise\u00f1ador Alberto Torres y calzado de Novus.<\/font><\/p>\n<p><span style=\"font-size: medium; font-family: verdana\">ngg_shortcode_0_placeholder<\/span><\/p>\n<p align=\"justify\"><font size=\"3\"><\/font><\/p>\n","protected":false},"excerpt":{"rendered":"<p>Vasilisa, la propuesta de Ecl\u00edptica para la segunda noche de \u201cLa Premiere,\u201d de San Juan Moda 2015 estuvo en pasarela el s\u00e1bado 14 de marzo&#160; en el Ballroom del Hotel San Juan. Mediante un maravilloso desfile de fluidos vestidos de&hellip;<\/p>\n<p class=\"more-link-p\"><a class=\"more-link\" href=\"https:\/\/bobvarela.com\/?p=72653\">Read more &rarr;<\/a><\/p>\n","protected":false},"author":1,"featured_media":0,"comment_status":"open","ping_status":"open","sticky":false,"template":"","format":"standard","meta":{"ngg_post_thumbnail":0,"footnotes":""},"categories":[4,295],"tags":[],"class_list":["post-72653","post","type-post","status-publish","format-standard","hentry","category-moda","category-puerto-rico"],"_links":{"self":[{"href":"https:\/\/bobvarela.com\/index.php?rest_route=\/wp\/v2\/posts\/72653","targetHints":{"allow":["GET"]}}],"collection":[{"href":"https:\/\/bobvarela.com\/index.php?rest_route=\/wp\/v2\/posts"}],"about":[{"href":"https:\/\/bobvarela.com\/index.php?rest_route=\/wp\/v2\/types\/post"}],"author":[{"embeddable":true,"href":"https:\/\/bobvarela.com\/index.php?rest_route=\/wp\/v2\/users\/1"}],"replies":[{"embeddable":true,"href":"https:\/\/bobvarela.com\/index.php?rest_route=%2Fwp%2Fv2%2Fcomments&post=72653"}],"version-history":[{"count":1,"href":"https:\/\/bobvarela.com\/index.php?rest_route=\/wp\/v2\/posts\/72653\/revisions"}],"predecessor-version":[{"id":72654,"href":"https:\/\/bobvarela.com\/index.php?rest_route=\/wp\/v2\/posts\/72653\/revisions\/72654"}],"wp:attachment":[{"href":"https:\/\/bobvarela.com\/index.php?rest_route=%2Fwp%2Fv2%2Fmedia&parent=72653"}],"wp:term":[{"taxonomy":"category","embeddable":true,"href":"https:\/\/bobvarela.com\/index.php?rest_route=%2Fwp%2Fv2%2Fcategories&post=72653"},{"taxonomy":"post_tag","embeddable":true,"href":"https:\/\/bobvarela.com\/index.php?rest_route=%2Fwp%2Fv2%2Ftags&post=72653"}],"curies":[{"name":"wp","href":"https:\/\/api.w.org\/{rel}","templated":true}]}}