{"id":72773,"date":"2015-03-16T07:51:29","date_gmt":"2015-03-16T11:51:29","guid":{"rendered":"https:\/\/bobvarela.com\/?p=72773"},"modified":"2015-03-16T07:51:41","modified_gmt":"2015-03-16T11:51:41","slug":"otoo-invierno-2015-de-diana-vzquez-en-san-juan-moda","status":"publish","type":"post","link":"https:\/\/bobvarela.com\/?p=72773","title":{"rendered":"Oto&ntilde;o-Invierno 2015 de Diana V&aacute;zquez en San Juan Moda"},"content":{"rendered":"<p align=\"justify\"><font size=\"3\">La colecci\u00f3n para el oto\u00f1o-invierno 2015 se bautiz\u00f3 con el nombre de Noa. Es inspirada en la obra Nimbus II del artista holand\u00e9s, Berndnaut Smilde, quien cre\u00f3 nubes en espacios cerrados, logrando imitar la perfecci\u00f3n de la naturaleza por varios segundos.<\/font><\/p>\n<p align=\"justify\"><font size=\"3\">Su alineaci\u00f3n inici\u00f3 con delicados trajes claros, detallados en tela transparente y encajes brillantes. Le sigui\u00f3 una serie de vestidos y trajes de pantal\u00f3n con patrones W color gris claro en trasfondo blanco, que fueron aplaudidos en varias ocasiones.<\/font><\/p>\n<p align=\"justify\"><font size=\"3\">Tambi\u00e9n incluy\u00f3 vestidos de falda corta acampanada, con la espalda al descubierto, los que proyectaban delicadeza \u00fatil. Aunque no eran ce\u00f1idos, destacaban favorablemente la figura.<\/font> <\/p>\n<p><span style=\"font-size: medium; font-family: verdana\">ngg_shortcode_0_placeholder<\/span><\/p>\n","protected":false},"excerpt":{"rendered":"<p>La colecci\u00f3n para el oto\u00f1o-invierno 2015 se bautiz\u00f3 con el nombre de Noa. Es inspirada en la obra Nimbus II del artista holand\u00e9s, Berndnaut Smilde, quien cre\u00f3 nubes en espacios cerrados, logrando imitar la perfecci\u00f3n de la naturaleza por varios&hellip;<\/p>\n<p class=\"more-link-p\"><a class=\"more-link\" href=\"https:\/\/bobvarela.com\/?p=72773\">Read more &rarr;<\/a><\/p>\n","protected":false},"author":1,"featured_media":0,"comment_status":"open","ping_status":"open","sticky":false,"template":"","format":"standard","meta":{"ngg_post_thumbnail":0,"footnotes":""},"categories":[4,295],"tags":[],"class_list":["post-72773","post","type-post","status-publish","format-standard","hentry","category-moda","category-puerto-rico"],"_links":{"self":[{"href":"https:\/\/bobvarela.com\/index.php?rest_route=\/wp\/v2\/posts\/72773","targetHints":{"allow":["GET"]}}],"collection":[{"href":"https:\/\/bobvarela.com\/index.php?rest_route=\/wp\/v2\/posts"}],"about":[{"href":"https:\/\/bobvarela.com\/index.php?rest_route=\/wp\/v2\/types\/post"}],"author":[{"embeddable":true,"href":"https:\/\/bobvarela.com\/index.php?rest_route=\/wp\/v2\/users\/1"}],"replies":[{"embeddable":true,"href":"https:\/\/bobvarela.com\/index.php?rest_route=%2Fwp%2Fv2%2Fcomments&post=72773"}],"version-history":[{"count":1,"href":"https:\/\/bobvarela.com\/index.php?rest_route=\/wp\/v2\/posts\/72773\/revisions"}],"predecessor-version":[{"id":72774,"href":"https:\/\/bobvarela.com\/index.php?rest_route=\/wp\/v2\/posts\/72773\/revisions\/72774"}],"wp:attachment":[{"href":"https:\/\/bobvarela.com\/index.php?rest_route=%2Fwp%2Fv2%2Fmedia&parent=72773"}],"wp:term":[{"taxonomy":"category","embeddable":true,"href":"https:\/\/bobvarela.com\/index.php?rest_route=%2Fwp%2Fv2%2Fcategories&post=72773"},{"taxonomy":"post_tag","embeddable":true,"href":"https:\/\/bobvarela.com\/index.php?rest_route=%2Fwp%2Fv2%2Ftags&post=72773"}],"curies":[{"name":"wp","href":"https:\/\/api.w.org\/{rel}","templated":true}]}}