{"id":73037,"date":"2015-03-17T07:30:31","date_gmt":"2015-03-17T11:30:31","guid":{"rendered":"https:\/\/bobvarela.com\/?p=73037"},"modified":"2015-03-17T07:31:18","modified_gmt":"2015-03-17T11:31:18","slug":"un-sueo-en-colores-de-carlota-alfaro-en-san-juan-moda","status":"publish","type":"post","link":"https:\/\/bobvarela.com\/?p=73037","title":{"rendered":"&ldquo;Un Sue&ntilde;o en Colores&rdquo; de Carlota Alfaro en San Juan Moda"},"content":{"rendered":"<p align=\"center\"><a href=\"https:\/\/bobvarela.com\/wp-content\/uploads\/2015\/03\/IMG_8838.jpg\"><img loading=\"lazy\" decoding=\"async\" title=\"IMG_8838\" style=\"border-top: 0px; border-right: 0px; background-image: none; border-bottom: 0px; padding-top: 0px; padding-left: 0px; border-left: 0px; display: inline; padding-right: 0px\" border=\"0\" alt=\"IMG_8838\" src=\"https:\/\/bobvarela.com\/wp-content\/uploads\/2015\/03\/IMG_8838_thumb.jpg\" width=\"198\" height=\"134\" \/><\/a><font size=\"3\"><a href=\"https:\/\/bobvarela.com\/wp-content\/uploads\/2015\/03\/IMG_8855.jpg\"><img loading=\"lazy\" decoding=\"async\" title=\"IMG_8855\" style=\"border-top: 0px; border-right: 0px; background-image: none; border-bottom: 0px; padding-top: 0px; padding-left: 0px; border-left: 0px; display: inline; padding-right: 0px\" border=\"0\" alt=\"IMG_8855\" src=\"https:\/\/bobvarela.com\/wp-content\/uploads\/2015\/03\/IMG_8855_thumb.jpg\" width=\"198\" height=\"134\" \/><\/a><\/font><\/p>\n<p align=\"justify\"><font size=\"3\">El&#160; 16 de marzo como parte de San Juan Moda 2015 en el Ballroom del Hotel San Juan,&#160; <b>Carlota Alfaro<\/b> presento su colecci\u00f3n titulado&#160; \u201cUn Sue\u00f1o en Colores\u201d<\/font><\/p>\n<p align=\"justify\"><font size=\"3\">La dise\u00f1adora mostr\u00f3&#160; una recopilaci\u00f3n de los vestidos de fiesta que la han hecho famosa en m\u00e1s de seis d\u00e9cadas de carrera.<\/font><\/p>\n<p><span style=\"font-size: medium; font-family: verdana\">ngg_shortcode_0_placeholder<\/span><\/p>\n","protected":false},"excerpt":{"rendered":"<p>El&#160; 16 de marzo como parte de San Juan Moda 2015 en el Ballroom del Hotel San Juan,&#160; Carlota Alfaro presento su colecci\u00f3n titulado&#160; \u201cUn Sue\u00f1o en Colores\u201d La dise\u00f1adora mostr\u00f3&#160; una recopilaci\u00f3n de los vestidos de fiesta que la&hellip;<\/p>\n<p class=\"more-link-p\"><a class=\"more-link\" href=\"https:\/\/bobvarela.com\/?p=73037\">Read more &rarr;<\/a><\/p>\n","protected":false},"author":1,"featured_media":0,"comment_status":"open","ping_status":"open","sticky":false,"template":"","format":"standard","meta":{"ngg_post_thumbnail":0,"footnotes":""},"categories":[4,295],"tags":[],"class_list":["post-73037","post","type-post","status-publish","format-standard","hentry","category-moda","category-puerto-rico"],"_links":{"self":[{"href":"https:\/\/bobvarela.com\/index.php?rest_route=\/wp\/v2\/posts\/73037","targetHints":{"allow":["GET"]}}],"collection":[{"href":"https:\/\/bobvarela.com\/index.php?rest_route=\/wp\/v2\/posts"}],"about":[{"href":"https:\/\/bobvarela.com\/index.php?rest_route=\/wp\/v2\/types\/post"}],"author":[{"embeddable":true,"href":"https:\/\/bobvarela.com\/index.php?rest_route=\/wp\/v2\/users\/1"}],"replies":[{"embeddable":true,"href":"https:\/\/bobvarela.com\/index.php?rest_route=%2Fwp%2Fv2%2Fcomments&post=73037"}],"version-history":[{"count":2,"href":"https:\/\/bobvarela.com\/index.php?rest_route=\/wp\/v2\/posts\/73037\/revisions"}],"predecessor-version":[{"id":73039,"href":"https:\/\/bobvarela.com\/index.php?rest_route=\/wp\/v2\/posts\/73037\/revisions\/73039"}],"wp:attachment":[{"href":"https:\/\/bobvarela.com\/index.php?rest_route=%2Fwp%2Fv2%2Fmedia&parent=73037"}],"wp:term":[{"taxonomy":"category","embeddable":true,"href":"https:\/\/bobvarela.com\/index.php?rest_route=%2Fwp%2Fv2%2Fcategories&post=73037"},{"taxonomy":"post_tag","embeddable":true,"href":"https:\/\/bobvarela.com\/index.php?rest_route=%2Fwp%2Fv2%2Ftags&post=73037"}],"curies":[{"name":"wp","href":"https:\/\/api.w.org\/{rel}","templated":true}]}}