{"id":73228,"date":"2015-03-19T04:37:49","date_gmt":"2015-03-19T08:37:49","guid":{"rendered":"https:\/\/bobvarela.com\/?p=73228"},"modified":"2015-03-19T04:37:50","modified_gmt":"2015-03-19T08:37:50","slug":"leonel-lirio-y-jusef-snchez-presentaron-sus-coleciones-otoo-invierno-2015-en-san-juan-moda","status":"publish","type":"post","link":"https:\/\/bobvarela.com\/?p=73228","title":{"rendered":"Leonel Lirio y Jusef S&aacute;nchez presentaron sus coleciones oto&ntilde;o-invierno 2015 en San Juan Moda"},"content":{"rendered":"<p><font size=\"3\">Como parte de la alianza entre los eventos San Juan Moda y Dominicana Moda, los dise\u00f1adores Leonel Lirio y Jusef S\u00e1nchez presentaron sus coleciones oto\u00f1o-invierno 2015 en San Juan Moda<\/font><\/p>\n<p><strong><em><font size=\"4\">Desfile de Leonel Lirio <\/font><\/em><\/strong><\/p>\n<p><span style=\"font-size: medium; font-family: verdana\">ngg_shortcode_0_placeholder<\/span><\/p>\n<p><strong><em><font size=\"4\">Desfile de Jusef S\u00e1nchez <\/font><\/em><\/strong><\/p>\n<p><span style=\"font-size: medium; font-family: verdana\">ngg_shortcode_1_placeholder<\/span><\/p>\n<p><span style=\"font-size: medium; font-family: verdana\">&#160;<\/span><\/p>\n","protected":false},"excerpt":{"rendered":"<p>Como parte de la alianza entre los eventos San Juan Moda y Dominicana Moda, los dise\u00f1adores Leonel Lirio y Jusef S\u00e1nchez presentaron sus coleciones oto\u00f1o-invierno 2015 en San Juan Moda Desfile de Leonel Lirio Desfile de Jusef S\u00e1nchez &#160;<\/p>\n<p class=\"more-link-p\"><a class=\"more-link\" href=\"https:\/\/bobvarela.com\/?p=73228\">Read more &rarr;<\/a><\/p>\n","protected":false},"author":1,"featured_media":0,"comment_status":"open","ping_status":"open","sticky":false,"template":"","format":"standard","meta":{"ngg_post_thumbnail":0,"footnotes":""},"categories":[4,295],"tags":[],"class_list":["post-73228","post","type-post","status-publish","format-standard","hentry","category-moda","category-puerto-rico"],"_links":{"self":[{"href":"https:\/\/bobvarela.com\/index.php?rest_route=\/wp\/v2\/posts\/73228","targetHints":{"allow":["GET"]}}],"collection":[{"href":"https:\/\/bobvarela.com\/index.php?rest_route=\/wp\/v2\/posts"}],"about":[{"href":"https:\/\/bobvarela.com\/index.php?rest_route=\/wp\/v2\/types\/post"}],"author":[{"embeddable":true,"href":"https:\/\/bobvarela.com\/index.php?rest_route=\/wp\/v2\/users\/1"}],"replies":[{"embeddable":true,"href":"https:\/\/bobvarela.com\/index.php?rest_route=%2Fwp%2Fv2%2Fcomments&post=73228"}],"version-history":[{"count":1,"href":"https:\/\/bobvarela.com\/index.php?rest_route=\/wp\/v2\/posts\/73228\/revisions"}],"predecessor-version":[{"id":73229,"href":"https:\/\/bobvarela.com\/index.php?rest_route=\/wp\/v2\/posts\/73228\/revisions\/73229"}],"wp:attachment":[{"href":"https:\/\/bobvarela.com\/index.php?rest_route=%2Fwp%2Fv2%2Fmedia&parent=73228"}],"wp:term":[{"taxonomy":"category","embeddable":true,"href":"https:\/\/bobvarela.com\/index.php?rest_route=%2Fwp%2Fv2%2Fcategories&post=73228"},{"taxonomy":"post_tag","embeddable":true,"href":"https:\/\/bobvarela.com\/index.php?rest_route=%2Fwp%2Fv2%2Ftags&post=73228"}],"curies":[{"name":"wp","href":"https:\/\/api.w.org\/{rel}","templated":true}]}}