{"id":73422,"date":"2015-03-19T05:46:05","date_gmt":"2015-03-19T09:46:05","guid":{"rendered":"https:\/\/bobvarela.com\/?p=73422"},"modified":"2015-03-19T05:46:05","modified_gmt":"2015-03-19T09:46:05","slug":"moiss-quesada-y-jos-jhan-presentaron-sus-coleciones-otoo-invierno-2015-en-san-juan-moda","status":"publish","type":"post","link":"https:\/\/bobvarela.com\/?p=73422","title":{"rendered":"Mois&eacute;s Quesada y Jos&eacute; Jhan presentaron sus coleciones oto&ntilde;o-invierno 2015 en San Juan Moda"},"content":{"rendered":"<p><font size=\"3\">Como parte de la alianza entre los eventos San Juan Moda y Dominicana Moda, los dise\u00f1adores Leonel Lirio y Jusef S\u00e1nchez presentaron sus coleciones oto\u00f1o-invierno 2015 en San Juan Moda<\/font><\/p>\n<p><strong><em><font size=\"4\">Desfile de Mois\u00e9s Quesada <\/font><\/em><\/strong><\/p>\n<p><span style=\"font-size: medium; font-family: verdana\">ngg_shortcode_0_placeholder<\/span><\/p>\n<p><strong><em><font size=\"4\">Desfile de Jos\u00e9 Jhan <\/font><\/em><\/strong><\/p>\n<p><span style=\"font-size: medium; font-family: verdana\">ngg_shortcode_1_placeholder<\/span><\/p>\n","protected":false},"excerpt":{"rendered":"<p>Como parte de la alianza entre los eventos San Juan Moda y Dominicana Moda, los dise\u00f1adores Leonel Lirio y Jusef S\u00e1nchez presentaron sus coleciones oto\u00f1o-invierno 2015 en San Juan Moda Desfile de Mois\u00e9s Quesada Desfile de Jos\u00e9 Jhan<\/p>\n<p class=\"more-link-p\"><a class=\"more-link\" href=\"https:\/\/bobvarela.com\/?p=73422\">Read more &rarr;<\/a><\/p>\n","protected":false},"author":1,"featured_media":0,"comment_status":"open","ping_status":"open","sticky":false,"template":"","format":"standard","meta":{"ngg_post_thumbnail":0,"footnotes":""},"categories":[4,295],"tags":[],"class_list":["post-73422","post","type-post","status-publish","format-standard","hentry","category-moda","category-puerto-rico"],"_links":{"self":[{"href":"https:\/\/bobvarela.com\/index.php?rest_route=\/wp\/v2\/posts\/73422","targetHints":{"allow":["GET"]}}],"collection":[{"href":"https:\/\/bobvarela.com\/index.php?rest_route=\/wp\/v2\/posts"}],"about":[{"href":"https:\/\/bobvarela.com\/index.php?rest_route=\/wp\/v2\/types\/post"}],"author":[{"embeddable":true,"href":"https:\/\/bobvarela.com\/index.php?rest_route=\/wp\/v2\/users\/1"}],"replies":[{"embeddable":true,"href":"https:\/\/bobvarela.com\/index.php?rest_route=%2Fwp%2Fv2%2Fcomments&post=73422"}],"version-history":[{"count":1,"href":"https:\/\/bobvarela.com\/index.php?rest_route=\/wp\/v2\/posts\/73422\/revisions"}],"predecessor-version":[{"id":73423,"href":"https:\/\/bobvarela.com\/index.php?rest_route=\/wp\/v2\/posts\/73422\/revisions\/73423"}],"wp:attachment":[{"href":"https:\/\/bobvarela.com\/index.php?rest_route=%2Fwp%2Fv2%2Fmedia&parent=73422"}],"wp:term":[{"taxonomy":"category","embeddable":true,"href":"https:\/\/bobvarela.com\/index.php?rest_route=%2Fwp%2Fv2%2Fcategories&post=73422"},{"taxonomy":"post_tag","embeddable":true,"href":"https:\/\/bobvarela.com\/index.php?rest_route=%2Fwp%2Fv2%2Ftags&post=73422"}],"curies":[{"name":"wp","href":"https:\/\/api.w.org\/{rel}","templated":true}]}}