{"id":73768,"date":"2015-03-20T07:12:50","date_gmt":"2015-03-20T11:12:50","guid":{"rendered":"https:\/\/bobvarela.com\/?p=73768"},"modified":"2015-03-21T13:11:55","modified_gmt":"2015-03-21T17:11:55","slug":"marcos-carrazana-presento-su-colecion-otoo-invierno-2015-en-san-juan-moda","status":"publish","type":"post","link":"https:\/\/bobvarela.com\/?p=73768","title":{"rendered":"Marcos Carrazana presento su colecion oto&ntilde;o-invierno 2015 en San Juan Moda"},"content":{"rendered":"<p align=\"center\"><font size=\"3\"><a href=\"https:\/\/bobvarela.com\/wp-content\/uploads\/2015\/03\/IMG_3224.jpg\"><img loading=\"lazy\" decoding=\"async\" title=\"IMG_3224\" style=\"border-left-width: 0px; border-right-width: 0px; background-image: none; border-bottom-width: 0px; padding-top: 0px; padding-left: 0px; display: inline; padding-right: 0px; border-top-width: 0px\" border=\"0\" alt=\"IMG_3224\" src=\"https:\/\/bobvarela.com\/wp-content\/uploads\/2015\/03\/IMG_3224_thumb.jpg\" width=\"198\" height=\"134\" \/><\/a><a href=\"https:\/\/bobvarela.com\/wp-content\/uploads\/2015\/03\/IMG_3236.jpg\"><img loading=\"lazy\" decoding=\"async\" title=\"IMG_3236\" style=\"border-left-width: 0px; border-right-width: 0px; background-image: none; border-bottom-width: 0px; padding-top: 0px; padding-left: 0px; display: inline; padding-right: 0px; border-top-width: 0px\" border=\"0\" alt=\"IMG_3236\" src=\"https:\/\/bobvarela.com\/wp-content\/uploads\/2015\/03\/IMG_3236_thumb.jpg\" width=\"198\" height=\"134\" \/><\/a><\/font><\/p>\n<p><font size=\"3\">El 18 de marzo en el Ballroom de Hotel San Juan y casino de Isla Verde, Marcos Carrazana presento su colecion oto\u00f1o-invierno 2015 titulado &quot;Ojos que s\u00ed ven,coraz\u00f3n que s\u00ed siente&quot;<\/font><\/p>\n<p><span style=\"font-size: medium; font-family: verdana\">ngg_shortcode_0_placeholder<\/span><\/p>\n","protected":false},"excerpt":{"rendered":"<p>El 18 de marzo en el Ballroom de Hotel San Juan y casino de Isla Verde, Marcos Carrazana presento su colecion oto\u00f1o-invierno 2015 titulado &quot;Ojos que s\u00ed ven,coraz\u00f3n que s\u00ed siente&quot;<\/p>\n<p class=\"more-link-p\"><a class=\"more-link\" href=\"https:\/\/bobvarela.com\/?p=73768\">Read more &rarr;<\/a><\/p>\n","protected":false},"author":1,"featured_media":0,"comment_status":"open","ping_status":"open","sticky":false,"template":"","format":"standard","meta":{"ngg_post_thumbnail":0,"footnotes":""},"categories":[4,295],"tags":[],"class_list":["post-73768","post","type-post","status-publish","format-standard","hentry","category-moda","category-puerto-rico"],"_links":{"self":[{"href":"https:\/\/bobvarela.com\/index.php?rest_route=\/wp\/v2\/posts\/73768","targetHints":{"allow":["GET"]}}],"collection":[{"href":"https:\/\/bobvarela.com\/index.php?rest_route=\/wp\/v2\/posts"}],"about":[{"href":"https:\/\/bobvarela.com\/index.php?rest_route=\/wp\/v2\/types\/post"}],"author":[{"embeddable":true,"href":"https:\/\/bobvarela.com\/index.php?rest_route=\/wp\/v2\/users\/1"}],"replies":[{"embeddable":true,"href":"https:\/\/bobvarela.com\/index.php?rest_route=%2Fwp%2Fv2%2Fcomments&post=73768"}],"version-history":[{"count":2,"href":"https:\/\/bobvarela.com\/index.php?rest_route=\/wp\/v2\/posts\/73768\/revisions"}],"predecessor-version":[{"id":74063,"href":"https:\/\/bobvarela.com\/index.php?rest_route=\/wp\/v2\/posts\/73768\/revisions\/74063"}],"wp:attachment":[{"href":"https:\/\/bobvarela.com\/index.php?rest_route=%2Fwp%2Fv2%2Fmedia&parent=73768"}],"wp:term":[{"taxonomy":"category","embeddable":true,"href":"https:\/\/bobvarela.com\/index.php?rest_route=%2Fwp%2Fv2%2Fcategories&post=73768"},{"taxonomy":"post_tag","embeddable":true,"href":"https:\/\/bobvarela.com\/index.php?rest_route=%2Fwp%2Fv2%2Ftags&post=73768"}],"curies":[{"name":"wp","href":"https:\/\/api.w.org\/{rel}","templated":true}]}}