{"id":73994,"date":"2015-03-20T07:43:24","date_gmt":"2015-03-20T11:43:24","guid":{"rendered":"https:\/\/bobvarela.com\/?p=73994"},"modified":"2015-03-20T07:44:46","modified_gmt":"2015-03-20T11:44:46","slug":"obscure-coleccin-otoo-invierno-2015-de-of-atelier-en-san-juan-moda","status":"publish","type":"post","link":"https:\/\/bobvarela.com\/?p=73994","title":{"rendered":"OBSCURE   colecci&oacute;n oto&ntilde;o &#8211; invierno 2015 de OF Atelier en San Juan Moda"},"content":{"rendered":"<p align=\"center\"><font size=\"3\"><a href=\"https:\/\/bobvarela.com\/wp-content\/uploads\/2015\/03\/IMG_5442.jpg\"><img loading=\"lazy\" decoding=\"async\" title=\"IMG_5442\" style=\"border-top: 0px; border-right: 0px; background-image: none; border-bottom: 0px; padding-top: 0px; padding-left: 0px; border-left: 0px; display: inline; padding-right: 0px\" border=\"0\" alt=\"IMG_5442\" src=\"https:\/\/bobvarela.com\/wp-content\/uploads\/2015\/03\/IMG_5442_thumb.jpg\" width=\"198\" height=\"134\" \/><\/a><a href=\"https:\/\/bobvarela.com\/wp-content\/uploads\/2015\/03\/IMG_5416.jpg\"><img loading=\"lazy\" decoding=\"async\" title=\"IMG_5416\" style=\"border-top: 0px; border-right: 0px; background-image: none; border-bottom: 0px; padding-top: 0px; padding-left: 0px; border-left: 0px; display: inline; padding-right: 0px\" border=\"0\" alt=\"IMG_5416\" src=\"https:\/\/bobvarela.com\/wp-content\/uploads\/2015\/03\/IMG_5416_thumb.jpg\" width=\"198\" height=\"134\" \/><\/a><\/font><\/p>\n<p align=\"justify\"><font size=\"3\">Elegante y teatral, as\u00ed es el oto\u00f1o-invierno de 2015 de OF Atelier. Casa de moda que regres\u00f3 a la pasarela de San Juan Moda con una propuesta dise\u00f1ada por Orlando L\u00f3pez y F\u00e9lix Fletcher que rinde homenaje a Ert\u00e9. Uno de los m\u00e1s talentosos artistas del siglo XX vinculado al movimiento Arte D\u00e9co. <\/font><\/p>\n<p align=\"justify\"><font size=\"3\">Al conmemorarse, \u00e9ste pr\u00f3ximo mes de abril, 25 a\u00f1os de la muerte del artista y dise\u00f1ador, L\u00f3pez y Fletcher se inspiran en el gusto estilizado y elegante, decorativo y ornamental<i> <\/i>de Ert\u00e9 para crear la colecci\u00f3n <i>Obscure<\/i>. Una propuesta lujosa y preciosista con influencias de la moda de un mundo entreguerras que tuvo sus inicios en los a\u00f1os 20. Siluetas delicadas y femeninas marcaron los sobre 30 cambios de <i>Obscure<\/i> donde los tonos ricos complementan y a\u00f1aden calidez y viveza a la propuesta de moda. <\/font><\/p>\n<p align=\"justify\"><font size=\"3\">La pedrer\u00eda fu\u00e9 en esta ocasi\u00f3n la protagonista de una colecci\u00f3n donde los encajes, las sedas, el terciopelo, el chif\u00f3n de seda y los bordados son un reflejo de una ic\u00f3nica inspiraci\u00f3n transformada al estilo de Orlando L\u00f3pez, Feliz Fletcher y la casa de moda Of Atelier.<\/font><\/p>\n<p align=\"justify\"><font size=\"3\">Obscure, la cuarta colecci\u00f3n que presenta Of Atelier en San Juan Moda, representa la realizaci\u00f3n del duo de dise\u00f1adores en la industria de la moda en Puerto Rico. &quot;Para nosotros fue una aventura abrir nuestro atelier en Puerto Rico, no sab\u00edamos que iba a pasar ni cu\u00e1l iba a ser la acogida que tendr\u00eda nuestras propuestas&quot; comenta Orlando L\u00f3pez. Por su parte F\u00e9lix Fletcher entiende que en dos a\u00f1os han logrado aceptaci\u00f3n, acogida y el respeto de sus colegas en la isla. <\/font><\/p>\n<p align=\"justify\"><font size=\"3\"><i>Obscure<\/i> cuenta con el maquillaje y peinados de Gilbert Gonz\u00e1lez, e Ingrid Rom\u00e1n. Informaci\u00f3n adicional de la moda de Of Atelier en <\/font><a href=\"https:\/\/www.facebook.com\/ofatelier\"><font size=\"3\">www.facebook.com\/ofatelier<\/font><\/a><font size=\"3\"> o a trav\u00e9s del 787-399-0447<\/font><\/p>\n<p><span style=\"font-size: medium; font-family: verdana\">ngg_shortcode_0_placeholder<\/span><\/p>\n","protected":false},"excerpt":{"rendered":"<p>Elegante y teatral, as\u00ed es el oto\u00f1o-invierno de 2015 de OF Atelier. Casa de moda que regres\u00f3 a la pasarela de San Juan Moda con una propuesta dise\u00f1ada por Orlando L\u00f3pez y F\u00e9lix Fletcher que rinde homenaje a Ert\u00e9. Uno&hellip;<\/p>\n<p class=\"more-link-p\"><a class=\"more-link\" href=\"https:\/\/bobvarela.com\/?p=73994\">Read more &rarr;<\/a><\/p>\n","protected":false},"author":1,"featured_media":0,"comment_status":"open","ping_status":"open","sticky":false,"template":"","format":"standard","meta":{"ngg_post_thumbnail":0,"footnotes":""},"categories":[4,295],"tags":[],"class_list":["post-73994","post","type-post","status-publish","format-standard","hentry","category-moda","category-puerto-rico"],"_links":{"self":[{"href":"https:\/\/bobvarela.com\/index.php?rest_route=\/wp\/v2\/posts\/73994","targetHints":{"allow":["GET"]}}],"collection":[{"href":"https:\/\/bobvarela.com\/index.php?rest_route=\/wp\/v2\/posts"}],"about":[{"href":"https:\/\/bobvarela.com\/index.php?rest_route=\/wp\/v2\/types\/post"}],"author":[{"embeddable":true,"href":"https:\/\/bobvarela.com\/index.php?rest_route=\/wp\/v2\/users\/1"}],"replies":[{"embeddable":true,"href":"https:\/\/bobvarela.com\/index.php?rest_route=%2Fwp%2Fv2%2Fcomments&post=73994"}],"version-history":[{"count":2,"href":"https:\/\/bobvarela.com\/index.php?rest_route=\/wp\/v2\/posts\/73994\/revisions"}],"predecessor-version":[{"id":74000,"href":"https:\/\/bobvarela.com\/index.php?rest_route=\/wp\/v2\/posts\/73994\/revisions\/74000"}],"wp:attachment":[{"href":"https:\/\/bobvarela.com\/index.php?rest_route=%2Fwp%2Fv2%2Fmedia&parent=73994"}],"wp:term":[{"taxonomy":"category","embeddable":true,"href":"https:\/\/bobvarela.com\/index.php?rest_route=%2Fwp%2Fv2%2Fcategories&post=73994"},{"taxonomy":"post_tag","embeddable":true,"href":"https:\/\/bobvarela.com\/index.php?rest_route=%2Fwp%2Fv2%2Ftags&post=73994"}],"curies":[{"name":"wp","href":"https:\/\/api.w.org\/{rel}","templated":true}]}}