{"id":75272,"date":"2015-03-25T21:12:08","date_gmt":"2015-03-26T01:12:08","guid":{"rendered":"https:\/\/bobvarela.com\/?p=75272"},"modified":"2015-03-25T21:14:45","modified_gmt":"2015-03-26T01:14:45","slug":"eddie-guerrero-presento-su-colecion-otoo-invierno-2015-en-san-juan-moda","status":"publish","type":"post","link":"https:\/\/bobvarela.com\/?p=75272","title":{"rendered":"Eddie Guerrero presento su colecion oto&ntilde;o-invierno 2015 en San Juan Moda"},"content":{"rendered":"<p><a href=\"https:\/\/bobvarela.com\/wp-content\/uploads\/2015\/03\/IMG_3624_thumb2.jpg\"><img loading=\"lazy\" decoding=\"async\" title=\"IMG_3624_thumb[2]\" style=\"border-top: 0px; border-right: 0px; background-image: none; border-bottom: 0px; float: none; padding-top: 0px; padding-left: 0px; margin-left: auto; border-left: 0px; display: block; padding-right: 0px; margin-right: auto\" border=\"0\" alt=\"IMG_3624_thumb[2]\" src=\"https:\/\/bobvarela.com\/wp-content\/uploads\/2015\/03\/IMG_3624_thumb2_thumb.jpg\" width=\"450\" height=\"275\" \/><\/a><\/p>\n<p><font size=\"3\">El 21 de marzo en el Ballroom de Hotel San Juan y Casino de Isla Verde, <a href=\"https:\/\/www.facebook.com\/eddie.guerrero.7798\">Eddie Guerrero<\/a>&#160; presento su colecion oto\u00f1o-invierno 2015 titulado &quot;Re-Vamp&quot;<\/font><\/p>\n<p align=\"justify\"><font size=\"3\">Esta colecci\u00f3n del dise\u00f1ador Eddie Guerrero, nos presenta una representaci\u00f3n moderna del vampiro cl\u00e1sico<\/font><\/p>\n<p align=\"justify\"><font size=\"3\">Entre sus telas se encuentran estampados floridos, tules bordados entre rojos y negros y telas impresas, textiles distintivos de Guerrero. Contiene unos cortes modernos, Ballgowns, sirenas, cocktail y ropa de hombre, para todo tipo de cliente<\/font><\/p>\n<p align=\"left\"><span style=\"font-size: medium; font-family: verdana\">ngg_shortcode_0_placeholder<\/span><\/p>\n","protected":false},"excerpt":{"rendered":"<p>El 21 de marzo en el Ballroom de Hotel San Juan y Casino de Isla Verde, Eddie Guerrero&#160; presento su colecion oto\u00f1o-invierno 2015 titulado &quot;Re-Vamp&quot; Esta colecci\u00f3n del dise\u00f1ador Eddie Guerrero, nos presenta una representaci\u00f3n moderna del vampiro cl\u00e1sico Entre&hellip;<\/p>\n<p class=\"more-link-p\"><a class=\"more-link\" href=\"https:\/\/bobvarela.com\/?p=75272\">Read more &rarr;<\/a><\/p>\n","protected":false},"author":1,"featured_media":0,"comment_status":"open","ping_status":"open","sticky":false,"template":"","format":"standard","meta":{"ngg_post_thumbnail":0,"footnotes":""},"categories":[4,295],"tags":[],"class_list":["post-75272","post","type-post","status-publish","format-standard","hentry","category-moda","category-puerto-rico"],"_links":{"self":[{"href":"https:\/\/bobvarela.com\/index.php?rest_route=\/wp\/v2\/posts\/75272","targetHints":{"allow":["GET"]}}],"collection":[{"href":"https:\/\/bobvarela.com\/index.php?rest_route=\/wp\/v2\/posts"}],"about":[{"href":"https:\/\/bobvarela.com\/index.php?rest_route=\/wp\/v2\/types\/post"}],"author":[{"embeddable":true,"href":"https:\/\/bobvarela.com\/index.php?rest_route=\/wp\/v2\/users\/1"}],"replies":[{"embeddable":true,"href":"https:\/\/bobvarela.com\/index.php?rest_route=%2Fwp%2Fv2%2Fcomments&post=75272"}],"version-history":[{"count":1,"href":"https:\/\/bobvarela.com\/index.php?rest_route=\/wp\/v2\/posts\/75272\/revisions"}],"predecessor-version":[{"id":75273,"href":"https:\/\/bobvarela.com\/index.php?rest_route=\/wp\/v2\/posts\/75272\/revisions\/75273"}],"wp:attachment":[{"href":"https:\/\/bobvarela.com\/index.php?rest_route=%2Fwp%2Fv2%2Fmedia&parent=75272"}],"wp:term":[{"taxonomy":"category","embeddable":true,"href":"https:\/\/bobvarela.com\/index.php?rest_route=%2Fwp%2Fv2%2Fcategories&post=75272"},{"taxonomy":"post_tag","embeddable":true,"href":"https:\/\/bobvarela.com\/index.php?rest_route=%2Fwp%2Fv2%2Ftags&post=75272"}],"curies":[{"name":"wp","href":"https:\/\/api.w.org\/{rel}","templated":true}]}}