{"id":76978,"date":"2015-04-27T06:49:43","date_gmt":"2015-04-27T10:49:43","guid":{"rendered":"https:\/\/bobvarela.com\/?p=76978"},"modified":"2015-04-27T06:49:43","modified_gmt":"2015-04-27T10:49:43","slug":"puerto-rico-fashion-history-council-anuncia-su-fundacion-y-creacion-de-la-primera-enciclopedia-de-la-moda-en-puerto-rico","status":"publish","type":"post","link":"https:\/\/bobvarela.com\/?p=76978","title":{"rendered":"PUERTO RICO FASHION HISTORY COUNCIL ANUNCIA SU FUNDACION Y CREACION DE LA PRIMERA ENCICLOPEDIA DE LA MODA EN PUERTO RICO"},"content":{"rendered":"<p align=\"center\"><font size=\"3\"><a href=\"https:\/\/bobvarela.com\/wp-content\/uploads\/2015\/04\/IMG_3666.jpg\"><img loading=\"lazy\" decoding=\"async\" title=\"IMG_3666\" style=\"border-top: 0px; border-right: 0px; background-image: none; border-bottom: 0px; padding-top: 0px; padding-left: 0px; border-left: 0px; display: inline; padding-right: 0px\" border=\"0\" alt=\"IMG_3666\" src=\"https:\/\/bobvarela.com\/wp-content\/uploads\/2015\/04\/IMG_3666_thumb.jpg\" width=\"430\" height=\"281\" \/><\/a><\/font><\/p>\n<p align=\"justify\"><font size=\"3\">La reuni\u00f3n comenz\u00f3 con el discurso de bienvenida por Joseph Da\u2019 Ponte, fundador de \u00e9ste proyecto y Secretario de su Junta, en el que estableci\u00f3 las bases para la creaci\u00f3n y convocatoria del gremio de profesionales que componen la industria local de la moda. Apoy\u00f3 su propuesta con datos hist\u00f3ricos poco conocidos que destacan el valor de \u00e9sta industria a trav\u00e9s de los siglos como parte de la cultura puertorrique\u00f1a.<\/font><\/p>\n<p align=\"center\"><a href=\"https:\/\/bobvarela.com\/wp-content\/uploads\/2015\/04\/IMG_3628.jpg\"><img loading=\"lazy\" decoding=\"async\" title=\"IMG_3628\" style=\"border-top: 0px; border-right: 0px; background-image: none; border-bottom: 0px; padding-top: 0px; padding-left: 0px; border-left: 0px; display: inline; padding-right: 0px\" border=\"0\" alt=\"IMG_3628\" src=\"https:\/\/bobvarela.com\/wp-content\/uploads\/2015\/04\/IMG_3628_thumb.jpg\" width=\"288\" height=\"211\" \/><\/a><\/p>\n<p align=\"justify\"><font size=\"3\">Algunos de los datos presentados por Da&#8217; Ponte son:<\/font><\/p>\n<blockquote>\n<p align=\"justify\"><font size=\"3\">&quot;En Puerto Rico se mercadeaban textiles para el siglo XVII y XVIII. La tela que se trabajaba en nuestra Isla fue exportada a Alemania, Inglaterra y Espa\u00f1a. \u00bfLa calidad? &quot;Nada que envidiarle a las telas europeas&quot; seg\u00fan el Reporte del C\u00f3nsul Cooper, del Tratado de Comercio de Puerto Rico del 24 julio de 1883&quot;.<\/font><\/p>\n<\/blockquote>\n<blockquote>\n<p align=\"justify\"><font size=\"3\">&quot;Tenemos el honor de ser uno de los pa\u00edses m\u00e1s fruct\u00edferos en la Industria de la Aguja -directa e indirectamente- bas\u00e1ndonos en nuestros inicios hist\u00f3ricos; llegando a sobre 44,000 costureras industriales y caseras en Puerto Rico, a principios del siglo XX\u201d.<\/font><\/p>\n<\/blockquote>\n<p align=\"justify\"><font size=\"3\">Para demostrar la importancia de la moda en nuestra cultura Da&#8217; Ponte hizo un recuento de an\u00e9cdotas que resumieron, desde los tainos al presente, momentos ic\u00f3nicos vistos desde el punto de vista de la moda.<\/font><\/p>\n<blockquote>\n<p align=\"justify\"><font size=\"3\">&quot;Imaginen a Iris Chac\u00f3n con solamente una estola blanca, sin flecos de canutillos retumbando en cada baile; a Menudo sin ajuar; a Roberto Clemente sin uniforme, sin ese 21 que tanta gloria nos provoca al sol de hoy; d\u00edganme, \u00bfqu\u00e9 ser\u00eda de Puerto Rico o cualquier pa\u00eds sin su bandera? <\/font><\/p>\n<\/blockquote>\n<blockquote>\n<p align=\"justify\"><font size=\"3\">Me atrever\u00eda decir que nuestra Industria de la Moda no es meramente cultura; nosotros pr\u00e1cticamente con la industria de la aguja iniciamos la cultura.&quot;<\/font><\/p>\n<\/blockquote>\n<p align=\"justify\"><font size=\"3\">El <b>Puerto Rican Fashion History Council<\/b> y los miembros de la directiva est\u00e1n comprometidos con la recopilaci\u00f3n de toda esta informaci\u00f3n, hasta ahora &quot;perdida\u201d, y hacerla p\u00fablica dando acceso a todo el Pueblo, en un plano educativo, hist\u00f3rico y cultural. El Concilio tiene como meta escribir la primera <b>Enciclopedia de la Moda en Puerto Rico<\/b>, cuyo prop\u00f3sito es el de educar al mundo y a nuestro Pa\u00eds sobre este tema tan f\u00e1cilmente pasado por alto. <\/font><\/p>\n<p align=\"center\"><a href=\"https:\/\/bobvarela.com\/wp-content\/uploads\/2015\/04\/IMG_3615.jpg\"><img loading=\"lazy\" decoding=\"async\" title=\"IMG_3615\" style=\"border-top: 0px; border-right: 0px; background-image: none; border-bottom: 0px; padding-top: 0px; padding-left: 0px; border-left: 0px; display: inline; padding-right: 0px\" border=\"0\" alt=\"IMG_3615\" src=\"https:\/\/bobvarela.com\/wp-content\/uploads\/2015\/04\/IMG_3615_thumb.jpg\" width=\"198\" height=\"134\" \/><\/a><a href=\"https:\/\/bobvarela.com\/wp-content\/uploads\/2015\/04\/IMG_3624.jpg\"><img loading=\"lazy\" decoding=\"async\" title=\"IMG_3624\" style=\"border-top: 0px; border-right: 0px; background-image: none; border-bottom: 0px; padding-top: 0px; padding-left: 0px; border-left: 0px; display: inline; padding-right: 0px\" border=\"0\" alt=\"IMG_3624\" src=\"https:\/\/bobvarela.com\/wp-content\/uploads\/2015\/04\/IMG_3624_thumb.jpg\" width=\"198\" height=\"134\" \/><\/a><a href=\"https:\/\/bobvarela.com\/wp-content\/uploads\/2015\/04\/IMG_3655.jpg\"><img loading=\"lazy\" decoding=\"async\" title=\"IMG_3655\" style=\"border-top: 0px; border-right: 0px; background-image: none; border-bottom: 0px; padding-top: 0px; padding-left: 0px; border-left: 0px; display: inline; padding-right: 0px\" border=\"0\" alt=\"IMG_3655\" src=\"https:\/\/bobvarela.com\/wp-content\/uploads\/2015\/04\/IMG_3655_thumb.jpg\" width=\"198\" height=\"134\" \/><\/a><\/p>\n<p align=\"justify\"><font size=\"3\">El doctor <b>Wilbert Pag\u00e1n, Presidente de la Junta<\/b>, la <b>dise\u00f1adora Sonia Rivera, Vice-Presidente<\/b>, <b>Joseph Da\u2019Ponte, Secretario<\/b>, dirigir\u00e1n la documentaci\u00f3n de esta historia para crear esta primera <b>Enciclopedia de la Moda<\/b>. La misma contar\u00e1 con cuatro tomos planeados. Abarcar\u00e1 la historia de nuestras y nuestros dise\u00f1adores, modelos, modistas, instituciones acad\u00e9micas de la moda, estilistas, fot\u00f3grafos y fot\u00f3grafas, publicistas, revistas, editores y editoras de moda, agencias y academias de modelaje, <i>bloggers<\/i> y maquillistas. <\/font><\/p>\n<p align=\"center\"><a href=\"https:\/\/bobvarela.com\/wp-content\/uploads\/2015\/04\/IMG_3672.jpg\"><img loading=\"lazy\" decoding=\"async\" title=\"IMG_3672\" style=\"border-top: 0px; border-right: 0px; background-image: none; border-bottom: 0px; padding-top: 0px; padding-left: 0px; border-left: 0px; display: inline; padding-right: 0px\" border=\"0\" alt=\"IMG_3672\" src=\"https:\/\/bobvarela.com\/wp-content\/uploads\/2015\/04\/IMG_3672_thumb.jpg\" width=\"264\" height=\"197\" \/><\/a><\/p>\n<p align=\"justify\"><font size=\"3\">La <b>Enciclopedia<\/b> ser\u00e1 organizada tem\u00e1ticamente por d\u00e9cadas. Una f\u00f3rmula complicada pero m\u00e1s ilustrativa al presentar los datos y permitir\u00e1 destacar las colecciones de los dise\u00f1adores a trav\u00e9s de los a\u00f1os. Otro tema a destacarse es el de la manufactura en \u00e9pocas pasadas y poco conocida hoy d\u00eda.<\/font><\/p>\n<p align=\"center\"><a href=\"https:\/\/bobvarela.com\/wp-content\/uploads\/2015\/04\/IMG_3622.jpg\"><img loading=\"lazy\" decoding=\"async\" title=\"IMG_3622\" style=\"border-top: 0px; border-right: 0px; background-image: none; border-bottom: 0px; padding-top: 0px; padding-left: 0px; border-left: 0px; display: inline; padding-right: 0px\" border=\"0\" alt=\"IMG_3622\" src=\"https:\/\/bobvarela.com\/wp-content\/uploads\/2015\/04\/IMG_3622_thumb.jpg\" width=\"198\" height=\"134\" \/><\/a><a href=\"https:\/\/bobvarela.com\/wp-content\/uploads\/2015\/04\/IMG_3621.jpg\"><img loading=\"lazy\" decoding=\"async\" title=\"IMG_3621\" style=\"border-top: 0px; border-right: 0px; background-image: none; border-bottom: 0px; padding-top: 0px; padding-left: 0px; border-left: 0px; display: inline; padding-right: 0px\" border=\"0\" alt=\"IMG_3621\" src=\"https:\/\/bobvarela.com\/wp-content\/uploads\/2015\/04\/IMG_3621_thumb.jpg\" width=\"198\" height=\"134\" \/><\/a><a href=\"https:\/\/bobvarela.com\/wp-content\/uploads\/2015\/04\/IMG_3632.jpg\"><img loading=\"lazy\" decoding=\"async\" title=\"IMG_3632\" style=\"border-top: 0px; border-right: 0px; background-image: none; border-bottom: 0px; padding-top: 0px; padding-left: 0px; border-left: 0px; display: inline; padding-right: 0px\" border=\"0\" alt=\"IMG_3632\" src=\"https:\/\/bobvarela.com\/wp-content\/uploads\/2015\/04\/IMG_3632_thumb.jpg\" width=\"198\" height=\"134\" \/><\/a><\/p>\n<p align=\"justify\"><font size=\"3\">Se enviaran formularios en las \u00e1reas de dise\u00f1o, modelos, maquillistas \/ estilistas y comunicaciones que servir\u00e1n de gu\u00eda para recopilar la mayor cantidad de datos y detalles de la historia de cada uno de los miembros del Concilio.<\/font><\/p>\n<p align=\"justify\"><font size=\"3\"><a href=\"https:\/\/bobvarela.com\/wp-content\/uploads\/2015\/04\/IMG_3674.jpg\"><img loading=\"lazy\" decoding=\"async\" title=\"IMG_3674\" style=\"border-top: 0px; border-right: 0px; background-image: none; border-bottom: 0px; float: left; padding-top: 0px; padding-left: 0px; border-left: 0px; display: inline; padding-right: 0px\" border=\"0\" alt=\"IMG_3674\" src=\"https:\/\/bobvarela.com\/wp-content\/uploads\/2015\/04\/IMG_3674_thumb.jpg\" width=\"120\" align=\"left\" height=\"215\" \/><\/a>Da&#8217; Ponte reiter\u00f3 el apoyo a los miembros para lograr la meta de recolectar la mayor cantidad de datos y memorabilia: &quot;Mi compromiso, como Fundador, Secretario e Historiador, es ayudarlos en esta tarea de documentaci\u00f3n, recopilaci\u00f3n, redacci\u00f3n y archivo de nuestra historia&quot;.<\/font><\/p>\n<p align=\"justify\"><font size=\"3\">El Dr. Wilbert Pagan, Presidente de la Junta, expres\u00f3 como objetivo lograr un gremio de miembros del campo de la moda. &quot;Pero lo m\u00e1s importante es poder documentar su historia. A largo plazo deseamos crear un Archivo, as\u00ed como un Museo de la Moda en Puerto Rico para que nuestros dise\u00f1adores puedan plasmar su legado&quot;.<\/font><\/p>\n<p align=\"center\"><a href=\"https:\/\/bobvarela.com\/wp-content\/uploads\/2015\/04\/IMG_3641.jpg\"><img loading=\"lazy\" decoding=\"async\" title=\"IMG_3641\" style=\"border-top: 0px; border-right: 0px; background-image: none; border-bottom: 0px; padding-top: 0px; padding-left: 0px; border-left: 0px; display: inline; padding-right: 0px\" border=\"0\" alt=\"IMG_3641\" src=\"https:\/\/bobvarela.com\/wp-content\/uploads\/2015\/04\/IMG_3641_thumb.jpg\" width=\"198\" height=\"134\" \/><\/a><a href=\"https:\/\/bobvarela.com\/wp-content\/uploads\/2015\/04\/IMG_3648.jpg\"><img loading=\"lazy\" decoding=\"async\" title=\"IMG_3648\" style=\"border-top: 0px; border-right: 0px; background-image: none; border-bottom: 0px; padding-top: 0px; padding-left: 0px; border-left: 0px; display: inline; padding-right: 0px\" border=\"0\" alt=\"IMG_3648\" src=\"https:\/\/bobvarela.com\/wp-content\/uploads\/2015\/04\/IMG_3648_thumb.jpg\" width=\"198\" height=\"134\" \/><\/a><a href=\"https:\/\/bobvarela.com\/wp-content\/uploads\/2015\/04\/IMG_3650.jpg\"><img loading=\"lazy\" decoding=\"async\" title=\"IMG_3650\" style=\"border-top: 0px; border-right: 0px; background-image: none; border-bottom: 0px; padding-top: 0px; padding-left: 0px; border-left: 0px; display: inline; padding-right: 0px\" border=\"0\" alt=\"IMG_3650\" src=\"https:\/\/bobvarela.com\/wp-content\/uploads\/2015\/04\/IMG_3650_thumb.jpg\" width=\"198\" height=\"134\" \/><\/a><\/p>\n<p align=\"justify\"><font size=\"3\">El Rector del Centro de Estudios Avanzados de Puerto Rico y el Caribe, Miguel Rodr\u00edguez L\u00f3pez, as\u00ed como el Presidente de la Asociaci\u00f3n<\/font><a name=\"_GoBack\"><\/a><font size=\"3\"> Puertorrique\u00f1a de Historiadores, Dr. F\u00e9lix Huertas, se dirigieron a los presentes expresando su apoyo a la fundaci\u00f3n del <b>Puerto Rican Fashion History Council<\/b>.<\/font><\/p>\n<p align=\"justify\"><font size=\"3\">Para m\u00e1s informaci\u00f3n sobre el Concilio y sus proyectos se puede visitar la p\u00e1gina en Facebook: <b>www.facebook.com\/prfhc<\/b> o llamar al <b>939.389.9079<\/b><\/font><\/p>\n","protected":false},"excerpt":{"rendered":"<p>La reuni\u00f3n comenz\u00f3 con el discurso de bienvenida por Joseph Da\u2019 Ponte, fundador de \u00e9ste proyecto y Secretario de su Junta, en el que estableci\u00f3 las bases para la creaci\u00f3n y convocatoria del gremio de profesionales que componen la industria&hellip;<\/p>\n<p class=\"more-link-p\"><a class=\"more-link\" href=\"https:\/\/bobvarela.com\/?p=76978\">Read more &rarr;<\/a><\/p>\n","protected":false},"author":1,"featured_media":0,"comment_status":"open","ping_status":"open","sticky":false,"template":"","format":"standard","meta":{"ngg_post_thumbnail":0,"footnotes":""},"categories":[3,4,295],"tags":[],"class_list":["post-76978","post","type-post","status-publish","format-standard","hentry","category-actividades","category-moda","category-puerto-rico"],"_links":{"self":[{"href":"https:\/\/bobvarela.com\/index.php?rest_route=\/wp\/v2\/posts\/76978","targetHints":{"allow":["GET"]}}],"collection":[{"href":"https:\/\/bobvarela.com\/index.php?rest_route=\/wp\/v2\/posts"}],"about":[{"href":"https:\/\/bobvarela.com\/index.php?rest_route=\/wp\/v2\/types\/post"}],"author":[{"embeddable":true,"href":"https:\/\/bobvarela.com\/index.php?rest_route=\/wp\/v2\/users\/1"}],"replies":[{"embeddable":true,"href":"https:\/\/bobvarela.com\/index.php?rest_route=%2Fwp%2Fv2%2Fcomments&post=76978"}],"version-history":[{"count":1,"href":"https:\/\/bobvarela.com\/index.php?rest_route=\/wp\/v2\/posts\/76978\/revisions"}],"predecessor-version":[{"id":76979,"href":"https:\/\/bobvarela.com\/index.php?rest_route=\/wp\/v2\/posts\/76978\/revisions\/76979"}],"wp:attachment":[{"href":"https:\/\/bobvarela.com\/index.php?rest_route=%2Fwp%2Fv2%2Fmedia&parent=76978"}],"wp:term":[{"taxonomy":"category","embeddable":true,"href":"https:\/\/bobvarela.com\/index.php?rest_route=%2Fwp%2Fv2%2Fcategories&post=76978"},{"taxonomy":"post_tag","embeddable":true,"href":"https:\/\/bobvarela.com\/index.php?rest_route=%2Fwp%2Fv2%2Ftags&post=76978"}],"curies":[{"name":"wp","href":"https:\/\/api.w.org\/{rel}","templated":true}]}}