{"id":77318,"date":"2015-05-05T19:22:43","date_gmt":"2015-05-05T23:22:43","guid":{"rendered":"https:\/\/bobvarela.com\/?p=77318"},"modified":"2015-05-05T19:27:58","modified_gmt":"2015-05-05T23:27:58","slug":"da-inicio-nueva-etapa-para-p-ere-la-marca-de-la-moda-de-puerto-rico","status":"publish","type":"post","link":"https:\/\/bobvarela.com\/?p=77318","title":{"rendered":"Da inicio nueva etapa para P.ERE, la marca de la moda de Puerto Rico"},"content":{"rendered":"<p align=\"justify\"><a href=\"https:\/\/bobvarela.com\/wp-content\/uploads\/2015\/05\/DSC_1934.jpg\"><img loading=\"lazy\" decoding=\"async\" title=\"DSC_1934\" style=\"border-top: 0px; border-right: 0px; background-image: none; border-bottom: 0px; float: none; padding-top: 0px; padding-left: 0px; margin-left: auto; border-left: 0px; display: block; padding-right: 0px; margin-right: auto\" border=\"0\" alt=\"DSC_1934\" src=\"https:\/\/bobvarela.com\/wp-content\/uploads\/2015\/05\/DSC_1934_thumb.jpg\" width=\"424\" height=\"241\" \/><\/a><\/p>\n<p align=\"center\"><b><font size=\"2\">De izquierda a derecha, Ana Mar\u00eda Mariana, Ally Arzola, Mar\u00eda Elena Gorrochategui, Yanira Maldonado, Lcdo Jaime Fonalledas, presidente de Plaza Las Am\u00e9ricas, Lcdo. Frankie Ch\u00e9vere, director ejecutivo de la CCE, Betzaida Garc\u00eda, Norma Dom\u00ednguez, Jackie Tejada, Andr\u00e9s Gonz\u00e1lez, Claudia Ort\u00edz.<\/font><\/b><\/p>\n<p align=\"justify\">&#160;<\/p>\n<p align=\"justify\"><font size=\"3\"><a href=\"https:\/\/bobvarela.com\/wp-content\/uploads\/2015\/05\/DSC_1089.jpg\"><img loading=\"lazy\" decoding=\"async\" title=\"DSC_1089\" style=\"border-top: 0px; border-right: 0px; background-image: none; border-bottom: 0px; float: left; padding-top: 0px; padding-left: 0px; border-left: 0px; display: inline; padding-right: 0px\" border=\"0\" alt=\"DSC_1089\" src=\"https:\/\/bobvarela.com\/wp-content\/uploads\/2015\/05\/DSC_1089_thumb.jpg\" width=\"162\" align=\"left\" height=\"265\" \/><\/a>Tras la creaci\u00f3n de la marca <b>P.ERE<\/b> y la apertura en Plaza Las Am\u00e9ricas de la primera tienda de ropa dise\u00f1ada y confeccionada en Puerto Rico, el Gobierno sent\u00f3 la base para convertir el sector de la moda y el dise\u00f1o en uno de desarrollo econ\u00f3mico. Hoy, dise\u00f1adores puertorrique\u00f1os toman en sus manos el proyecto encaminado por la Compa\u00f1\u00eda de Comercio y Exportaci\u00f3n (CCE), para dar continuidad y sumar nuevos talentos a la misma bajo un nuevo modelo de negocio. <\/font><\/p>\n<p align=\"justify\"><font size=\"3\">La iniciativa <b>P.ERE<\/b> se esboz\u00f3 con el objetivo principal de aumentar la producci\u00f3n de ropa dise\u00f1ada localmente para generar producci\u00f3n local, crear nuevos empleos en el sector y que los dise\u00f1adores se apoderar\u00e1n de la misma, para exponer el potencial de Puerto Rico como destino de creaci\u00f3n de moda y dise\u00f1o. <\/font><\/p>\n<p align=\"justify\"><font size=\"3\">\u201cHoy, dos dise\u00f1adoras puertorrique\u00f1as, Betzaida Garc\u00eda y Yanira Maldonado, toman las riendas de la administraci\u00f3n de la tienda P.ERE para dar continuidad y fortalecer la iniciativa allegando nuevos talentos y promoviendo el esp\u00edritu empresarial que la CCE foment\u00f3. <b>P.ERE<\/b> ahora operar\u00e1 bajo un nuevo modelo de negocio el cual deja de ser una sola colecci\u00f3n solidific\u00e1ndose como un punto de uni\u00f3n de dise\u00f1adores en una tienda de operaci\u00f3n continua\u201d, manifest\u00f3 Francisco Ch\u00e9vere, director ejecutivo de la CCE.<\/font><\/p>\n<p align=\"center\"><a href=\"https:\/\/bobvarela.com\/wp-content\/uploads\/2015\/05\/DSC_1326.jpg\"><img loading=\"lazy\" decoding=\"async\" title=\"DSC_1326\" style=\"border-top: 0px; border-right: 0px; background-image: none; border-bottom: 0px; padding-top: 0px; padding-left: 0px; border-left: 0px; display: inline; padding-right: 0px\" border=\"0\" alt=\"DSC_1326\" src=\"https:\/\/bobvarela.com\/wp-content\/uploads\/2015\/05\/DSC_1326_thumb.jpg\" width=\"442\" height=\"279\" \/><\/a><\/p>\n<p align=\"center\"><b><em>Dise\u00f1adoras y administradoras de la tienda P.ERE, Yanira Maldonado y Betzaida Garc\u00eda.<\/em><\/b><\/p>\n<p align=\"center\"><strong><em><\/em><\/strong><\/p>\n<p align=\"justify\"><font size=\"3\">Las administradoras formaron parte del grupo inicial de dise\u00f1adores de <b>P.ERE<\/b>. <b>Betzaida Garc\u00eda<\/b>, junto a la dise\u00f1adora Tayna Vargas son fundadoras de la marca TATZY, una l\u00ednea de ropa y accesorios de mujer moderna, divertida y diferente. Sus dise\u00f1os exclusivos son creados pensando en la mujer profesional que gusta del buen vestir mediante coloridos vestidos, faldas o blusas a un precio accesible. Adem\u00e1s, TATZY est\u00e1 comprometida&#160; con donar parte de sus ganancias al Centro de Apoyo y Servicios para Adolescentes y sus hijos (C.A.S.A.S.).<\/font><\/p>\n<p align=\"justify\"><font size=\"3\">Por su parte, <b>Yanira Maldonado<\/b>, es dise\u00f1adora de la l\u00ednea de trajes de ba\u00f1o SolAzul, reconocida por m\u00e1s de una d\u00e9cada en el ambiente del \u201csurfing\u201d en Puerto Rico, as\u00ed como en prestigiosas pasarelas y concursos de belleza. Adem\u00e1s de crear trajes de ba\u00f1o, dise\u00f1a piezas <i>ready to wear<\/i> para damas, as\u00ed como vestidos de promotoras para reconocidas marcas publicitarias.<\/font><\/p>\n<p align=\"center\"><a href=\"https:\/\/bobvarela.com\/wp-content\/uploads\/2015\/05\/DSC_1296.jpg\"><img loading=\"lazy\" decoding=\"async\" title=\"DSC_1296\" style=\"border-top: 0px; border-right: 0px; background-image: none; border-bottom: 0px; padding-top: 0px; padding-left: 0px; border-left: 0px; display: inline; padding-right: 0px\" border=\"0\" alt=\"DSC_1296\" src=\"https:\/\/bobvarela.com\/wp-content\/uploads\/2015\/05\/DSC_1296_thumb.jpg\" width=\"464\" height=\"305\" \/><\/a><\/p>\n<p align=\"center\"><b>Lcdo. Frankie Ch\u00e9vere, director ejecutivo de la CCE dirigi\u00e9ndose a los presentes<\/b><\/p>\n<p align=\"justify\"><font size=\"3\">Del grupo inicial de dise\u00f1adores de esta iniciativa tambi\u00e9n permanecen en la tienda Norma Dom\u00ednguez y Andr\u00e9s Gonz\u00e1lez. Adem\u00e1s <b>P.ERE. <\/b>cuenta con nuevos dise\u00f1adores como <i>Jackie Tejada, Ao de clo<\/i>, <i>MEG Accesories<\/i>, <i>Ally y Ana Mar\u00eda Mariana. <\/i>La nueva oferta de la tienda <b>P.ERE. <\/b>incluye dise\u00f1os \u00fanicos en ropa para ni\u00f1as y accesorios. <\/font><\/p>\n<p align=\"justify\"><font size=\"3\">\u201cHoy y siempre en Plaza Las Am\u00e9ricas los empresarios puertorrique\u00f1os decididos, talentosos y comprometidos como todos ustedes, tienen un admirador&#160; y un colaborador\u201d, se\u00f1al\u00f3 el Lcdo. Jaime Fonalledas, presidente de Plaza Las Am\u00e9ricas.<\/font><\/p>\n<p align=\"justify\"><font size=\"3\"><a href=\"https:\/\/bobvarela.com\/wp-content\/uploads\/2015\/05\/DSC_1595.jpg\"><img loading=\"lazy\" decoding=\"async\" title=\"DSC_1595\" style=\"border-top: 0px; border-right: 0px; background-image: none; border-bottom: 0px; float: left; padding-top: 0px; padding-left: 0px; border-left: 0px; display: inline; padding-right: 0px\" border=\"0\" alt=\"DSC_1595\" src=\"https:\/\/bobvarela.com\/wp-content\/uploads\/2015\/05\/DSC_1595_thumb.jpg\" width=\"146\" align=\"left\" height=\"233\" \/><\/a>\u201cEl Gobierno de Puerto Rico reconoce y agradece el gran apoyo que el presidente de Empresas Fonalledas, Jaime Fonalledas y su equipo de trabajo ha brindado a este esfuerzo desde el primer acercamiento para presentar el proyecto. Sin lugar a duda, la colaboraci\u00f3n recibida ha tenido un impacto en el fortalecimiento de la iniciativa <b>P.ERE<\/b>, as\u00ed como el desarrollo profesional del grupo de dise\u00f1adores. Este esfuerzo es parte integral de todo lo que se est\u00e1 trabajando para impulsar las industrias creativas como motor de crecimiento de nuestra econom\u00eda\u201d, puntualiz\u00f3 el Director Ejecutivo de CCE.<\/font><\/p>\n","protected":false},"excerpt":{"rendered":"<p>De izquierda a derecha, Ana Mar\u00eda Mariana, Ally Arzola, Mar\u00eda Elena Gorrochategui, Yanira Maldonado, Lcdo Jaime Fonalledas, presidente de Plaza Las Am\u00e9ricas, Lcdo. Frankie Ch\u00e9vere, director ejecutivo de la CCE, Betzaida Garc\u00eda, Norma Dom\u00ednguez, Jackie Tejada, Andr\u00e9s Gonz\u00e1lez, Claudia Ort\u00edz.&hellip;<\/p>\n<p class=\"more-link-p\"><a class=\"more-link\" href=\"https:\/\/bobvarela.com\/?p=77318\">Read more &rarr;<\/a><\/p>\n","protected":false},"author":1,"featured_media":0,"comment_status":"open","ping_status":"open","sticky":false,"template":"","format":"standard","meta":{"ngg_post_thumbnail":0,"footnotes":""},"categories":[4,295],"tags":[],"class_list":["post-77318","post","type-post","status-publish","format-standard","hentry","category-moda","category-puerto-rico"],"_links":{"self":[{"href":"https:\/\/bobvarela.com\/index.php?rest_route=\/wp\/v2\/posts\/77318","targetHints":{"allow":["GET"]}}],"collection":[{"href":"https:\/\/bobvarela.com\/index.php?rest_route=\/wp\/v2\/posts"}],"about":[{"href":"https:\/\/bobvarela.com\/index.php?rest_route=\/wp\/v2\/types\/post"}],"author":[{"embeddable":true,"href":"https:\/\/bobvarela.com\/index.php?rest_route=\/wp\/v2\/users\/1"}],"replies":[{"embeddable":true,"href":"https:\/\/bobvarela.com\/index.php?rest_route=%2Fwp%2Fv2%2Fcomments&post=77318"}],"version-history":[{"count":1,"href":"https:\/\/bobvarela.com\/index.php?rest_route=\/wp\/v2\/posts\/77318\/revisions"}],"predecessor-version":[{"id":77319,"href":"https:\/\/bobvarela.com\/index.php?rest_route=\/wp\/v2\/posts\/77318\/revisions\/77319"}],"wp:attachment":[{"href":"https:\/\/bobvarela.com\/index.php?rest_route=%2Fwp%2Fv2%2Fmedia&parent=77318"}],"wp:term":[{"taxonomy":"category","embeddable":true,"href":"https:\/\/bobvarela.com\/index.php?rest_route=%2Fwp%2Fv2%2Fcategories&post=77318"},{"taxonomy":"post_tag","embeddable":true,"href":"https:\/\/bobvarela.com\/index.php?rest_route=%2Fwp%2Fv2%2Ftags&post=77318"}],"curies":[{"name":"wp","href":"https:\/\/api.w.org\/{rel}","templated":true}]}}