{"id":77966,"date":"2015-06-11T18:13:31","date_gmt":"2015-06-11T22:13:31","guid":{"rendered":"https:\/\/bobvarela.com\/?p=77966"},"modified":"2015-06-11T18:13:31","modified_gmt":"2015-06-11T22:13:31","slug":"reciben-y-reconocen-en-arecibo-a-jonael-santiago","status":"publish","type":"post","link":"https:\/\/bobvarela.com\/?p=77966","title":{"rendered":"Reciben y reconocen en Arecibo a Jonael Santiago"},"content":{"rendered":"<p align=\"center\"><img loading=\"lazy\" decoding=\"async\" border=\"0\" hspace=\"5\" vspace=\"5\" src=\"https:\/\/files.ctctcdn.com\/e68561ca001\/7dc92ffa-7d33-4bf9-89f4-e2299dd50958.jpg\" width=\"450\" height=\"349\" \/><\/p>\n<p align=\"justify\"><font size=\"3\"><strong>Arecibo, Puerto Rico (11 de junio de 2015)<\/strong> &#8211; En la ma\u00f1ana de hoy la Plaza de Recreo del Municipio de Arecibo se abarrot\u00f3 de seguidores del ni\u00f1o Jonael Santiago, quienes fueron a recibirlo con gran alegr\u00eda tras su reciente triunfo como ganador de La Voz Kids 2015.&#160; La actividad, coordinada por la Administraci\u00f3n Municipal, cont\u00f3 con momentos muy emotivos entre el p\u00fablico, el chico y su familia.<\/font><\/p>\n<p><img loading=\"lazy\" decoding=\"async\" border=\"0\" hspace=\"5\" vspace=\"5\" src=\"https:\/\/files.ctctcdn.com\/e68561ca001\/bca6bc2d-3c2f-441e-88f9-ac2ea47d9789.jpg\" width=\"270\" height=\"164\" \/> <img loading=\"lazy\" decoding=\"async\" border=\"0\" hspace=\"5\" vspace=\"5\" src=\"https:\/\/files.ctctcdn.com\/e68561ca001\/5842517b-ee88-42ff-9c72-588d377053ec.jpg\" width=\"250\" height=\"175\" \/>    <\/p>\n<p align=\"justify\"><font size=\"3\">Mientras el joven artista hacia su llegada al evento, los fan\u00e1ticos gritaban mientras se proyectaban v\u00eddeos de sus presentaciones m\u00e1s importantes en el reconocido programa de televisi\u00f3n.&#160; Inmediatamente Jonael se dirigi\u00f3 al p\u00fablico agradeciendo todo el apoyo que le brindaron en Arecibo y lo orgulloso que se sinti\u00f3 de representar a cada uno de ellos a nivel nacional.<\/font><\/p>\n<p align=\"justify\"><font size=\"3\">El alcalde de Arecibo Carlos Molina apareci\u00f3 en una pantalla felicitando a Jonael y d\u00e1ndole la bienvenida nuevamente a La Villa del Capit\u00e1n Correa. El ejecutivo municipal expres\u00f3 su tristeza de no poder estar f\u00edsicamente en el evento que \u00e9l mismo hab\u00eda solicitado se organizara, tras encontrarse fuera del pa\u00eds en un viaje oficial.<\/font><\/p>\n<p align=\"justify\"><font size=\"3\">Para sorpresa de todos los presentes, acto seguido aparecieron en pantalla los cantantes Natalia Jim\u00e9nez y Luis Fonsi felicitando a Jonael y agradeciendo al pueblo de Arecibo por el apoyo.<\/font><\/p>\n<p align=\"center\"><font size=\"3\"><strong><em>&quot;Saludos Jonael. Estoy orgulloso de ti. Gracias por representar a Puerto Rico y a Arecibo. Tienes una voz incre\u00edble. Estoy loco por conocerte en persona, pero por ahora celebra mucho que te lo mereces&quot;<\/em><\/strong>, expres\u00f3 Luis Fonsi.<\/font><\/p>\n<p align=\"center\"><img loading=\"lazy\" decoding=\"async\" border=\"0\" hspace=\"5\" vspace=\"5\" src=\"https:\/\/files.ctctcdn.com\/e68561ca001\/b71061fe-3d4b-4c9b-84d6-389ff35e5885.jpg\" width=\"350\" height=\"322\" \/>    <br \/><em>Jonael Santiago junto al vice alcalde Jos\u00e9 Gonz\u00e1lez<\/em>    <\/p>\n<p align=\"justify\"><font size=\"3\">Jonael recibi\u00f3 una Proclama y Medalla del Alcalde Carlos Molina, la cual fue entregada por el vice alcalde Jos\u00e9 Gonz\u00e1lez. El senador del Distrito de Arecibo Jos\u00e9 &quot;Joito&quot; P\u00e9rez tambi\u00e9n reconoci\u00f3 al ni\u00f1o artista con una Moci\u00f3n de Felicitaci\u00f3n y Medalla del Senado de Puerto Rico. Tambi\u00e9n se le entreg\u00f3 una Moci\u00f3n de Reconocimiento de la Asamblea Municipal de Arecibo de manos del Presidente de dicho cuerpo, el Sr. Jos\u00e9 &quot;Tony&quot; Maldonado.<\/font> <\/p>\n<p align=\"center\"><font size=\"3\"><img loading=\"lazy\" decoding=\"async\" border=\"0\" hspace=\"5\" vspace=\"5\" src=\"https:\/\/files.ctctcdn.com\/e68561ca001\/b14134bd-72f4-4497-bcb9-d5abd3afc025.jpg\" width=\"300\" height=\"400\" \/><\/font><\/p>\n<p align=\"center\"><em><font size=\"3\">Jonael Santiago junto al senador Jos\u00e9 &quot;Joito&quot; P\u00e9rez<\/font><\/em><\/p>\n<p align=\"justify\"><font size=\"3\">Antes de culminar la actividad Jonael complaci\u00f3 a su p\u00fablico interpretando dos de los temas que lo hicieron brillar en La Voz Kids, &quot;Suavemente&quot; y &quot;El Tibur\u00f3n&quot;.<\/font><\/p>\n<p><img loading=\"lazy\" decoding=\"async\" style=\"float: none; margin-left: auto; display: block; margin-right: auto\" border=\"0\" hspace=\"5\" vspace=\"5\" src=\"https:\/\/files.ctctcdn.com\/e68561ca001\/5e55a12b-82f3-4c58-af07-a7abd7701854.jpg\" width=\"450\" height=\"300\" \/><\/p>\n","protected":false},"excerpt":{"rendered":"<p>Arecibo, Puerto Rico (11 de junio de 2015) &#8211; En la ma\u00f1ana de hoy la Plaza de Recreo del Municipio de Arecibo se abarrot\u00f3 de seguidores del ni\u00f1o Jonael Santiago, quienes fueron a recibirlo con gran alegr\u00eda tras su reciente&hellip;<\/p>\n<p class=\"more-link-p\"><a class=\"more-link\" href=\"https:\/\/bobvarela.com\/?p=77966\">Read more &rarr;<\/a><\/p>\n","protected":false},"author":1,"featured_media":0,"comment_status":"open","ping_status":"open","sticky":false,"template":"","format":"standard","meta":{"ngg_post_thumbnail":0,"footnotes":""},"categories":[3,127],"tags":[],"class_list":["post-77966","post","type-post","status-publish","format-standard","hentry","category-actividades","category-musica"],"_links":{"self":[{"href":"https:\/\/bobvarela.com\/index.php?rest_route=\/wp\/v2\/posts\/77966","targetHints":{"allow":["GET"]}}],"collection":[{"href":"https:\/\/bobvarela.com\/index.php?rest_route=\/wp\/v2\/posts"}],"about":[{"href":"https:\/\/bobvarela.com\/index.php?rest_route=\/wp\/v2\/types\/post"}],"author":[{"embeddable":true,"href":"https:\/\/bobvarela.com\/index.php?rest_route=\/wp\/v2\/users\/1"}],"replies":[{"embeddable":true,"href":"https:\/\/bobvarela.com\/index.php?rest_route=%2Fwp%2Fv2%2Fcomments&post=77966"}],"version-history":[{"count":1,"href":"https:\/\/bobvarela.com\/index.php?rest_route=\/wp\/v2\/posts\/77966\/revisions"}],"predecessor-version":[{"id":77967,"href":"https:\/\/bobvarela.com\/index.php?rest_route=\/wp\/v2\/posts\/77966\/revisions\/77967"}],"wp:attachment":[{"href":"https:\/\/bobvarela.com\/index.php?rest_route=%2Fwp%2Fv2%2Fmedia&parent=77966"}],"wp:term":[{"taxonomy":"category","embeddable":true,"href":"https:\/\/bobvarela.com\/index.php?rest_route=%2Fwp%2Fv2%2Fcategories&post=77966"},{"taxonomy":"post_tag","embeddable":true,"href":"https:\/\/bobvarela.com\/index.php?rest_route=%2Fwp%2Fv2%2Ftags&post=77966"}],"curies":[{"name":"wp","href":"https:\/\/api.w.org\/{rel}","templated":true}]}}