{"id":7809,"date":"2011-02-07T19:43:00","date_gmt":"2011-02-07T23:43:00","guid":{"rendered":"https:\/\/bobvarela.com\/?p=7809"},"modified":"2011-02-07T19:44:27","modified_gmt":"2011-02-07T23:44:27","slug":"nota-nominated-for-four-a-capella-recording-awards","status":"publish","type":"post","link":"https:\/\/bobvarela.com\/?p=7809","title":{"rendered":"NOTA RECIBE CUATRO NOMINACIONES &quot;A CAPELLA RECORDING AWARDS&quot;"},"content":{"rendered":"<p><strong><img loading=\"lazy\" decoding=\"async\" style=\"display: block; float: none; margin-left: auto; margin-right: auto\" border=\"0\" alt=\"NOTA\" vspace=\"5\" src=\"https:\/\/ih.constantcontact.com\/fs080\/1102617261621\/img\/454.jpg\" width=\"585\" height=\"476\" \/><\/strong><\/p>\n<p align=\"justify\"><strong><i><font size=\"2\">NOTA, LA NUEVA SENSACI\u00d3N DE LA M\u00daSICA A CAPPELLA, RECIBE CUATRO NOMINACIONES A LOS MUY IMPORTANTES PREMIOS A CAPPELLA RECORDING AWARDS <\/font><\/i><\/strong><\/p>\n<p align=\"justify\"><strong><i><font size=\"2\"><\/font><\/i><\/strong><\/p>\n<p align=\"justify\"><strong><i><font size=\"2\">NOTA, RECIBI\u00d3 NOMINACIONES EN LAS CATEGOR\u00cdAS MEJOR \u00c1LBUM POP\/ROCK, MEJOR CANCI\u00d3N POP\/ROCK, MEJOR CANCI\u00d3N NAVIDE\u00d1A, Y MEJOR CANCI\u00d3N ORIGINAL PROFESIONAL<\/font><\/i><\/strong><\/p>\n<p align=\"justify\"><strong><i><font size=\"2\"><\/font><\/i><\/strong><\/p>\n<p align=\"justify\"><strong><font size=\"2\"><i>LOS GANADORES SER\u00c1N ANUNCIADOS EL 1 DE ABRIL EN <\/i><i><a href=\"https:\/\/r20.rs6.net\/tn.jsp?llr=vrnyr7cab&amp;et=1104438347399&amp;s=5482&amp;e=00137I-1MAa_zg7NogmGdQxYlzq-bwYu6sfbPJQLWgrk6uwY0fKV-UO6Z0nKEQtp6TQT0tDGU0JlsHrr2661Uqhc5nmYbIiV0ipGoDz1BR7DRzhBCZ8-pLjSAJD82IeztcSlrDp93xOsuq2cD4eaLBWfi-Ps2Gqb3Ua1U0dq-48d7Uca1tX7S85Yg==\">WWW.CASA.ORG<\/a><\/i><\/font><\/strong><\/p>\n<p align=\"justify\"><i><font size=\"2\"><\/font><\/i><\/p>\n<p align=\"justify\"><font size=\"2\"><b>Miami, FL<\/b> (4 de febrero, 2011) &#8211; El sexteto puertorrique\u00f1o <b>Nota<\/b>, contin\u00faa acumulando \u00e9xitos en el mundo de la m\u00fasica a <i>cappella.<\/i><\/font><\/p>\n<p align=\"justify\"><b><font size=\"2\"><\/font><\/b><\/p>\n<p align=\"justify\"><font size=\"2\">El grupo acaba de recibir cuatro nominaciones a los premios Contemporary A Cappella Recording Awards 2011, que otorga la Contemporary A Cappella Society (los ganadores ser\u00e1n anunciados el 1 de abril, en <\/font><a href=\"https:\/\/r20.rs6.net\/tn.jsp?llr=vrnyr7cab&amp;et=1104438347399&amp;s=5482&amp;e=00137I-1MAa_zhG8qk_HgHiFVo1T2ynDfTOPbGZo0K3AeIP_0yKAN1Vde-mklLwJ1RN-FVB_-YNic8zIjOxra_XuPcLJ9nWNl6R4kUmK_7CLQE=\"><font size=\"2\">www.casa.org<\/font><\/a><font size=\"2\">):<\/font><\/p>\n<p align=\"justify\"><strong><font size=\"2\">\u00b7&#160;&#160;&#160;&#160;&#160;&#160;&#160;&#160; Mejor \u00c1lbum Pop\/Rock por Nota<\/font><\/strong><\/p>\n<p align=\"justify\"><strong><font size=\"2\">\u00b7&#160;&#160;&#160;&#160;&#160;&#160;&#160;&#160; Mejor Canci\u00f3n Pop\/Rock Song por <i>Down<\/i><\/font><\/strong><\/p>\n<p align=\"justify\"><strong><font size=\"2\">\u00b7&#160;&#160;&#160;&#160;&#160;&#160;&#160;&#160; Mejor Canci\u00f3n Navide\u00f1a por <i>Feliz Navidad<\/i><\/font><\/strong><\/p>\n<p align=\"justify\"><strong><font size=\"2\">\u00b7&#160;&#160;&#160;&#160;&#160;&#160;&#160;&#160; Mejor Canci\u00f3n Original Profesional por <i>Con Mi Nota En Do<\/i><\/font><\/strong><\/p>\n<p align=\"justify\"><font size=\"2\">Los integrantes de <b>Nota<\/b> &#8211; <b>Johnny Figueroa<\/b> (bajo), <b>Juan El\u00ed D\u00edaz<\/b> (percusi\u00f3n), <b>David Pinto<\/b> (primer tenor), <b>Edgar<\/b> <b>R\u00edos<\/b> (tenor, trompeta), <b>Ludwig Henderson<\/b> (tenor, percusi\u00f3n) y <b>Jos\u00e9 \u00c1ngel Rodr\u00edguez<\/b> (bar\u00edtono, trompeta), lanzaron sus carreras en diciembre del 2010 luego de ganar el reality show de la cadena NBC <i>The Sing-Off.<\/i><\/font><\/p>\n<p align=\"justify\"><font size=\"2\">En su \u00e1lbum debut, el grupo interpreta versiones de grandes \u00e9xitos en ingl\u00e9s y en espa\u00f1ol, as\u00ed como temas in\u00e9ditos, mezclando sonidos urbanos, latinos y de doo-wop con el inconfundible sonido de Nota<\/font>.<\/p>\n","protected":false},"excerpt":{"rendered":"<p>NOTA, LA NUEVA SENSACI\u00d3N DE LA M\u00daSICA A CAPPELLA, RECIBE CUATRO NOMINACIONES A LOS MUY IMPORTANTES PREMIOS A CAPPELLA RECORDING AWARDS NOTA, RECIBI\u00d3 NOMINACIONES EN LAS CATEGOR\u00cdAS MEJOR \u00c1LBUM POP\/ROCK, MEJOR CANCI\u00d3N POP\/ROCK, MEJOR CANCI\u00d3N NAVIDE\u00d1A, Y MEJOR CANCI\u00d3N ORIGINAL&hellip;<\/p>\n<p class=\"more-link-p\"><a class=\"more-link\" href=\"https:\/\/bobvarela.com\/?p=7809\">Read more &rarr;<\/a><\/p>\n","protected":false},"author":1,"featured_media":0,"comment_status":"open","ping_status":"open","sticky":false,"template":"","format":"standard","meta":{"ngg_post_thumbnail":0,"footnotes":""},"categories":[3,127],"tags":[250],"class_list":["post-7809","post","type-post","status-publish","format-standard","hentry","category-actividades","category-musica","tag-nota"],"_links":{"self":[{"href":"https:\/\/bobvarela.com\/index.php?rest_route=\/wp\/v2\/posts\/7809","targetHints":{"allow":["GET"]}}],"collection":[{"href":"https:\/\/bobvarela.com\/index.php?rest_route=\/wp\/v2\/posts"}],"about":[{"href":"https:\/\/bobvarela.com\/index.php?rest_route=\/wp\/v2\/types\/post"}],"author":[{"embeddable":true,"href":"https:\/\/bobvarela.com\/index.php?rest_route=\/wp\/v2\/users\/1"}],"replies":[{"embeddable":true,"href":"https:\/\/bobvarela.com\/index.php?rest_route=%2Fwp%2Fv2%2Fcomments&post=7809"}],"version-history":[{"count":4,"href":"https:\/\/bobvarela.com\/index.php?rest_route=\/wp\/v2\/posts\/7809\/revisions"}],"predecessor-version":[{"id":7813,"href":"https:\/\/bobvarela.com\/index.php?rest_route=\/wp\/v2\/posts\/7809\/revisions\/7813"}],"wp:attachment":[{"href":"https:\/\/bobvarela.com\/index.php?rest_route=%2Fwp%2Fv2%2Fmedia&parent=7809"}],"wp:term":[{"taxonomy":"category","embeddable":true,"href":"https:\/\/bobvarela.com\/index.php?rest_route=%2Fwp%2Fv2%2Fcategories&post=7809"},{"taxonomy":"post_tag","embeddable":true,"href":"https:\/\/bobvarela.com\/index.php?rest_route=%2Fwp%2Fv2%2Ftags&post=7809"}],"curies":[{"name":"wp","href":"https:\/\/api.w.org\/{rel}","templated":true}]}}