{"id":7822,"date":"2011-02-11T18:07:00","date_gmt":"2011-02-11T22:07:00","guid":{"rendered":"https:\/\/bobvarela.com\/?p=7822"},"modified":"2011-02-11T18:07:00","modified_gmt":"2011-02-11T22:07:00","slug":"mana-drama-y-luz","status":"publish","type":"post","link":"https:\/\/bobvarela.com\/?p=7822","title":{"rendered":"Mana    &quot;DRAMA Y LUZ&quot;"},"content":{"rendered":"<p><img loading=\"lazy\" decoding=\"async\" style=\"display: block; float: none; margin-left: auto; margin-right: auto\" border=\"0\" hspace=\"5\" vspace=\"5\" src=\"https:\/\/i810.photobucket.com\/albums\/zz25\/digitalgirl12\/manalogo.jpg\" width=\"339\" height=\"132\" \/><\/p>\n<p align=\"center\"><font size=\"2\"><strong>EL 12 DE ABRIL SE DAR\u00c1 A CONOCER <\/strong><strong> &quot;DRAMA Y LUZ&quot; LO NUEVO DE MAN\u00c1<\/strong><\/font><\/p>\n<p><strong><font size=\"2\"><\/font><\/strong><\/p>\n<p align=\"center\"><strong><font size=\"2\">TUVIERON QUE PASAR 5 A\u00d1OS PARA CONOCER ESTA NUEVA PRODUCCI\u00d3N QUE INCLUYE TEMAS IN\u00c9DITOS DE LA BANDA DE ROCK EN ESPA\u00d1OL M\u00c1S IMPORTANTE A NIVEL MUNDIAL<\/font><\/strong><\/p>\n<p><strong><font size=\"2\"><\/font><\/strong><\/p>\n<p align=\"center\"><strong><font size=\"2\"> PRONTO SE DAR\u00c1 CONOCER EL PRIMER SENCILLO DE TAN ESPERADO DISCO<\/font><\/strong><\/p>\n<p><img loading=\"lazy\" decoding=\"async\" style=\"display: block; float: none; margin-left: auto; margin-right: auto\" border=\"0\" hspace=\"5\" vspace=\"5\" src=\"https:\/\/i810.photobucket.com\/albums\/zz25\/digitalgirl12\/MANA4.jpg\" width=\"284\" height=\"377\" \/><\/p>\n<p align=\"justify\"><font size=\"3\">La espera para los seguidores de <strong>Man\u00e1<\/strong> ha terminado. Ser\u00e1 el pr\u00f3ximo 12 de abril cuando se d\u00e9 a conocer a nivel mundial <strong>&quot;DRAMA Y LUZ&quot;<\/strong>, su nuevo trabajo mismo que es ya uno de los m\u00e1s esperados de este a\u00f1o, luego de saber la fuerza, energ\u00eda, calidad y entrega que caracteriza a este grupo en cada una de sus producciones.<\/font><\/p>\n<p align=\"justify\"><font size=\"3\">Ubicados ya como el grupo de rock en espa\u00f1ol m\u00e1s importante a nivel mundial, <strong>Man\u00e1<\/strong> regresa este 2011 con <strong>&quot;DRAMA Y LUZ&quot;<\/strong> disco que recientemente terminaron de grabar en los m\u00edticos estudios Henson Recording de la ciudad de Los \u00c1ngeles, California; donde artistas como Frank Sinatra, Rolling Stone y U2 han grabado y del cual se conocer\u00e1 pronto su primer sencillo.<\/font><\/p>\n<p align=\"justify\"><font size=\"3\">Tuvieron que pasar cinco a\u00f1os para que se diera a conocer este \u00e1lbum con temas in\u00e9ditos, que sin duda alguna continuar\u00e1 con la cosecha de \u00e9xitos, premios y logros que a lo largo de su carrera <strong>Man\u00e1<\/strong> ha obtenido, incluyendo su \u00faltimo disco <em>&quot;Amar es combatir&quot;<\/em> con el cual lograron vender m\u00e1s de 1 mill\u00f3n y medio de copias en el mundo. <em>&quot;Amar es combatir&quot;<\/em> fue la gira m\u00e1s exitosa e impactante durante 2 a\u00f1os consecutivos, logrando vender m\u00e1s de 2 millones de tickets con localidades agotadas en todo el mundo. Asimismo el \u00e1lbum <em>&quot;Amar es combatir&quot;<\/em> coloc\u00f3 5 hits #1 de radio y obtuvo m\u00e1s de 5 millones y medio de downloads o descargas en todo el mundo.<\/font><\/p>\n<p align=\"justify\"><font size=\"3\">Ahora bien y con el fin de que sus seguidores vayan conociendo el trabajo previo al lanzamiento del disco, <strong>Man\u00e1<\/strong> constantemente y a lo largo de la grabaci\u00f3n, han subido en sus redes sociales y p\u00e1gina oficial (www.mana.com.mx) informaci\u00f3n, fotograf\u00edas, datos de la grabaci\u00f3n, para gusto de todos sus seguidores que est\u00e1n ansiosos por escuchar este material que ha sido grabado en Puerto Vallarta, M\u00e9xico y Los \u00c1ngeles, California.<\/font><\/p>\n<p align=\"justify\"><em><strong><font size=\"3\">Oficialmente la espera termin\u00f3. El 12 de abril conoce toda la fuerza de &quot;DRAMA Y LUZ&quot; de Man\u00e1, en lo que para muchos es el \u00e1lbum m\u00e1s esperado del 2011.<\/font><\/strong><\/em><\/p>\n<p><img loading=\"lazy\" decoding=\"async\" style=\"display: block; float: none; margin-left: auto; margin-right: auto\" border=\"0\" hspace=\"5\" vspace=\"5\" src=\"https:\/\/i810.photobucket.com\/albums\/zz25\/digitalgirl12\/MANACOVER.jpg\" width=\"397\" height=\"393\" \/><\/p>\n<p align=\"center\"><strong><font size=\"2\">Para enterarte de las \u00faltimas noticias accede:<\/font><\/strong><\/p>\n<p align=\"center\"><strong><a href=\"https:\/\/r20.rs6.net\/tn.jsp?llr=vrnyr7cab&amp;et=1104483300525&amp;s=5482&amp;e=001wRPkN1VkX4eIksyy65QzFMuNCBIjSaror5ph_mw5-r1chSM7Js2xfDNQhE-v3pqRljAdNdiPGRs0dIHATeRpOMB809X9r4hZV30jYBoI6po=\"><font size=\"2\">www.mana.com.mx<\/font><\/a><font size=\"2\"> <\/font><\/strong><\/p>\n<p align=\"center\"><strong><a href=\"https:\/\/r20.rs6.net\/tn.jsp?llr=vrnyr7cab&amp;et=1104483300525&amp;s=5482&amp;e=001wRPkN1VkX4dEb9RM9i-el0dxTrkCV7GaGkWjKGgJts3sPp731OIPqZbni6DFPq-mrQUHsb-5yJQgMemwMLw40NKtPVH_0Dbx0nbkfbviOObD_HN3TkBfeA==\"><font size=\"2\">Facebook<\/font><\/a><\/strong><\/p>\n<p align=\"center\"><strong><a href=\"https:\/\/r20.rs6.net\/tn.jsp?llr=vrnyr7cab&amp;et=1104483300525&amp;s=5482&amp;e=001wRPkN1VkX4cy9LPo_e-K_TRYvxfQ9CXFWputbBTTVwnR8mWzpgmahSaQZRWMyx3UQW4TGkdiybDLhVZeS8iMhVjySsm3VKtyCTC9ocreva1rru8TFHsLNEwUNove8YPq\"><font size=\"2\">Twitter<\/font><\/a><\/strong><\/p>\n<p align=\"center\"><strong><a href=\"https:\/\/r20.rs6.net\/tn.jsp?llr=vrnyr7cab&amp;et=1104483300525&amp;s=5482&amp;e=001wRPkN1VkX4cgUhC0ofq3ubW371dSkED-4O2YaG7359iAGvtYS7FzMXVcJEOT7fgt7xSM1D89ZvQD6SMacQEAjNeMHY6d4piW8VdtQ47sR5hH_d32i1lDcgjeblNhpXUv\"><font size=\"2\">MySpace<\/font><\/a><\/strong><\/p>\n","protected":false},"excerpt":{"rendered":"<p>EL 12 DE ABRIL SE DAR\u00c1 A CONOCER &quot;DRAMA Y LUZ&quot; LO NUEVO DE MAN\u00c1 TUVIERON QUE PASAR 5 A\u00d1OS PARA CONOCER ESTA NUEVA PRODUCCI\u00d3N QUE INCLUYE TEMAS IN\u00c9DITOS DE LA BANDA DE ROCK EN ESPA\u00d1OL M\u00c1S IMPORTANTE A NIVEL&hellip;<\/p>\n<p class=\"more-link-p\"><a class=\"more-link\" href=\"https:\/\/bobvarela.com\/?p=7822\">Read more &rarr;<\/a><\/p>\n","protected":false},"author":1,"featured_media":0,"comment_status":"open","ping_status":"open","sticky":false,"template":"","format":"standard","meta":{"ngg_post_thumbnail":0,"footnotes":""},"categories":[127],"tags":[301],"class_list":["post-7822","post","type-post","status-publish","format-standard","hentry","category-musica","tag-mana"],"_links":{"self":[{"href":"https:\/\/bobvarela.com\/index.php?rest_route=\/wp\/v2\/posts\/7822","targetHints":{"allow":["GET"]}}],"collection":[{"href":"https:\/\/bobvarela.com\/index.php?rest_route=\/wp\/v2\/posts"}],"about":[{"href":"https:\/\/bobvarela.com\/index.php?rest_route=\/wp\/v2\/types\/post"}],"author":[{"embeddable":true,"href":"https:\/\/bobvarela.com\/index.php?rest_route=\/wp\/v2\/users\/1"}],"replies":[{"embeddable":true,"href":"https:\/\/bobvarela.com\/index.php?rest_route=%2Fwp%2Fv2%2Fcomments&post=7822"}],"version-history":[{"count":0,"href":"https:\/\/bobvarela.com\/index.php?rest_route=\/wp\/v2\/posts\/7822\/revisions"}],"wp:attachment":[{"href":"https:\/\/bobvarela.com\/index.php?rest_route=%2Fwp%2Fv2%2Fmedia&parent=7822"}],"wp:term":[{"taxonomy":"category","embeddable":true,"href":"https:\/\/bobvarela.com\/index.php?rest_route=%2Fwp%2Fv2%2Fcategories&post=7822"},{"taxonomy":"post_tag","embeddable":true,"href":"https:\/\/bobvarela.com\/index.php?rest_route=%2Fwp%2Fv2%2Ftags&post=7822"}],"curies":[{"name":"wp","href":"https:\/\/api.w.org\/{rel}","templated":true}]}}