{"id":78822,"date":"2015-06-29T07:05:36","date_gmt":"2015-06-29T11:05:36","guid":{"rendered":"https:\/\/bobvarela.com\/?p=78822"},"modified":"2015-06-29T07:05:36","modified_gmt":"2015-06-29T11:05:36","slug":"ray-collections-en-el-trending-fashion-night-2015","status":"publish","type":"post","link":"https:\/\/bobvarela.com\/?p=78822","title":{"rendered":"Ray Collections en el Trending Fashion Night 2015"},"content":{"rendered":"<p align=\"center\"><font size=\"3\"><a href=\"https:\/\/bobvarela.com\/wp-content\/uploads\/2015\/06\/IMG_1324.jpg\"><img loading=\"lazy\" decoding=\"async\" title=\"IMG_1324\" style=\"border-top: 0px; border-right: 0px; background-image: none; border-bottom: 0px; padding-top: 0px; padding-left: 0px; border-left: 0px; display: inline; padding-right: 0px\" border=\"0\" alt=\"IMG_1324\" src=\"https:\/\/bobvarela.com\/wp-content\/uploads\/2015\/06\/IMG_1324_thumb.jpg\" width=\"398\" height=\"198\" \/><\/a><\/font><\/p>\n<p align=\"justify\"><font size=\"3\">El&#160; 23 de junio de 2015 en el Hotel Courtyard by Marriot de Isla Verde con el prop\u00f3sito de la celebraci\u00f3n de la Noche de San Juan se celebro el \u201cTrending Fashion Night\u201d<\/font><\/p>\n<p align=\"justify\"><font size=\"3\">El evento&#160; buscaba desarrollar un espacio cultural donde se incorpore la moda, la m\u00fasica y el arte en un solo ambiente donde dise\u00f1adores muestraron sus colecciones mientras al mismo tiempo se disfruta de la buena m\u00fasica en una noche divertida y agradable. Este a\u00f1o el evento conto con la participaci\u00f3n de Eddie Guerrero, Ounas Closet, AO de Clo, Ray Collections y la Orquesta Macabeo<\/font><\/p>\n<p align=\"justify\"><font size=\"3\">En esta ocacion presentaremos el desfile de Ray Collections <\/font><\/p>\n<p align=\"justify\">ngg_shortcode_0_placeholder<\/p>\n","protected":false},"excerpt":{"rendered":"<p>El&#160; 23 de junio de 2015 en el Hotel Courtyard by Marriot de Isla Verde con el prop\u00f3sito de la celebraci\u00f3n de la Noche de San Juan se celebro el \u201cTrending Fashion Night\u201d El evento&#160; buscaba desarrollar un espacio cultural&hellip;<\/p>\n<p class=\"more-link-p\"><a class=\"more-link\" href=\"https:\/\/bobvarela.com\/?p=78822\">Read more &rarr;<\/a><\/p>\n","protected":false},"author":1,"featured_media":0,"comment_status":"open","ping_status":"open","sticky":false,"template":"","format":"standard","meta":{"ngg_post_thumbnail":0,"footnotes":""},"categories":[4,295],"tags":[],"class_list":["post-78822","post","type-post","status-publish","format-standard","hentry","category-moda","category-puerto-rico"],"_links":{"self":[{"href":"https:\/\/bobvarela.com\/index.php?rest_route=\/wp\/v2\/posts\/78822","targetHints":{"allow":["GET"]}}],"collection":[{"href":"https:\/\/bobvarela.com\/index.php?rest_route=\/wp\/v2\/posts"}],"about":[{"href":"https:\/\/bobvarela.com\/index.php?rest_route=\/wp\/v2\/types\/post"}],"author":[{"embeddable":true,"href":"https:\/\/bobvarela.com\/index.php?rest_route=\/wp\/v2\/users\/1"}],"replies":[{"embeddable":true,"href":"https:\/\/bobvarela.com\/index.php?rest_route=%2Fwp%2Fv2%2Fcomments&post=78822"}],"version-history":[{"count":1,"href":"https:\/\/bobvarela.com\/index.php?rest_route=\/wp\/v2\/posts\/78822\/revisions"}],"predecessor-version":[{"id":78823,"href":"https:\/\/bobvarela.com\/index.php?rest_route=\/wp\/v2\/posts\/78822\/revisions\/78823"}],"wp:attachment":[{"href":"https:\/\/bobvarela.com\/index.php?rest_route=%2Fwp%2Fv2%2Fmedia&parent=78822"}],"wp:term":[{"taxonomy":"category","embeddable":true,"href":"https:\/\/bobvarela.com\/index.php?rest_route=%2Fwp%2Fv2%2Fcategories&post=78822"},{"taxonomy":"post_tag","embeddable":true,"href":"https:\/\/bobvarela.com\/index.php?rest_route=%2Fwp%2Fv2%2Ftags&post=78822"}],"curies":[{"name":"wp","href":"https:\/\/api.w.org\/{rel}","templated":true}]}}