{"id":78863,"date":"2015-07-01T06:24:07","date_gmt":"2015-07-01T10:24:07","guid":{"rendered":"https:\/\/bobvarela.com\/?p=78863"},"modified":"2015-07-01T06:25:37","modified_gmt":"2015-07-01T10:25:37","slug":"blame-label-coleccinaureari-en-el-080-barcelona","status":"publish","type":"post","link":"https:\/\/bobvarela.com\/?p=78863","title":{"rendered":"Blame Label  COLECCI&Oacute;N&ndash;AUREARI  en el 080 Barcelona"},"content":{"rendered":"<p align=\"center\"><a href=\"https:\/\/bobvarela.com\/wp-content\/uploads\/2015\/07\/Blame_Label_052.jpg\"><img loading=\"lazy\" decoding=\"async\" title=\"080 Barcelona Spring-Summer 2016\" style=\"border-top: 0px; border-right: 0px; background-image: none; border-bottom: 0px; padding-top: 0px; padding-left: 0px; border-left: 0px; display: inline; padding-right: 0px\" border=\"0\" alt=\"080 Barcelona Spring-Summer 2016\" src=\"https:\/\/bobvarela.com\/wp-content\/uploads\/2015\/07\/Blame_Label_052_thumb.jpg\" width=\"198\" height=\"134\" \/><\/a><a href=\"https:\/\/bobvarela.com\/wp-content\/uploads\/2015\/07\/Blame_Label_014.jpg\"><img loading=\"lazy\" decoding=\"async\" title=\"080 Barcelona Spring-Summer 2016\" style=\"border-top: 0px; border-right: 0px; background-image: none; border-bottom: 0px; padding-top: 0px; padding-left: 0px; border-left: 0px; display: inline; padding-right: 0px\" border=\"0\" alt=\"080 Barcelona Spring-Summer 2016\" src=\"https:\/\/bobvarela.com\/wp-content\/uploads\/2015\/07\/Blame_Label_014_thumb.jpg\" width=\"198\" height=\"134\" \/><\/a><\/p>\n<p align=\"justify\"><font size=\"3\">El nombre de la colecci\u00f3n AUREARI, juego entre proporci\u00f3n aurea e ira, representa el camino hacia el vicio de la perfecci\u00f3n. 1-1-2-3-5-8-13\u2026(Fibonacci).&#160;&#160; La perfecci\u00f3n se representa con la proporci\u00f3n \u00c1UREA, todo comienza con una idea sencilla y durante el camino te ves obligado a realizar sacrificios que producen IRA y salen&#160; como v\u00e1lvula de escape, esto da paso a un nuevo estado de equilibrio, la IRA CONTROLADA.&#160;&#160; Son prendas unisex construidas bajo los efectos de este estado an\u00edmico y cortadas por zonas que siguen la proporci\u00f3n aurea del cuerpo humano. La perfecci\u00f3n, en color BLANCO; el NEGRO representa la Ira y el AZUL es el punto de equilibrio.<\/font><\/p>\n<p align=\"justify\"><div class=\"flagallery photomania_skin\" id=\"FlaGallery_sc1_276\" ><style type=\"text\/css\" class=\"flagallery_skin_style_import\">#FlaGallery_sc1_276 .flagpm_preload {opacity:0;}#FlaGallery_sc1_276 .swiper-big-images img.flagpm_the_photo { max-height:100%; max-width:100%; display:inline; width:auto; height:auto !important; object-fit:unset; vertical-align:middle; border:none; }#FlaGallery_sc1_276 .flagpm_focus .swiper-big-images img.flagpm_the_photo { width:auto; height:auto; object-fit:unset; }#FlaGallery_sc1_276 .swiper-small-images img.flagpm_photo { max-width:none; max-height:none; }#FlaGallery_sc1_276 .swiper-small-images img.flagpm_photo.flagpm_photo_landscape { width:auto; height:100% !important; }#FlaGallery_sc1_276 .swiper-small-images img.flagpm_photo.flagpm_photo_portrait { width:100%; height:auto !important; }#FlaGallery_sc1_276 .flagpm_gallery_sources_list p { margin:7px 0; padding:0; font-size:inherit; }#FlaGallery_sc1_276 .flagpm_photo_details .flagpm_description_wrap a,#FlaGallery_sc1_276 .flagpm_big_button_wrap .flagpm_button.flagpm_like.flagpm_liked,#FlaGallery_sc1_276 .flagpm_big_button_wrap .flagpm_button.flagpm_like.flagpm_liked:hover {color:#0099e5;}#FlaGallery_sc1_276 .flagpm_photo_show .flagpm_big_button {background-color:#0099e5;}#FlaGallery_sc1_276 .swiper-small-images div.flagpm_photo.swiper-slide-active {border-color:#02adea;}#FlaGallery_sc1_276 .flagpm_photo_header .flagpm_name_wrap .flagpm_title_author a:hover,#FlaGallery_sc1_276 .flagpm_photo_details .flagpm_description_wrap a:hover {color:#02adea;}#FlaGallery_sc1_276 .flagpm_photo_show .flagpm_big_button:hover,#FlaGallery_sc1_276 .flagpm_focus_actions ul .flagpm_button.like.flagpm_liked {background-color:#02adea;}<\/style> <div class=\"flagpm_photo_show flagpm_w960 flagpm_w640 flagpm_w480 flagpm_preload\"> <div class=\"flagpm_photo_wrap has_prev_photo has_next_photo\"> <div class=\"swiper-container swiper-big-images\"> <div class=\"flagpm_photo_arrow_next flagpm_photo_arrow flagpm_next\"> <div title=\"Next\" class=\"flagpm_arrow\"><\/div> <\/div> <div class=\"flagpm_photo_arrow_previous flagpm_photo_arrow flagpm_prev\"> <div title=\"Previous\" class=\"flagpm_arrow\"><\/div> <\/div> <div class=\"swiper-wrapper\"><div class=\"swiper-slide\" data-hash=\"flagallery20034\" data-photo-id=\"20034\"><span class=\"flagpm_va\"><\/span><img decoding=\"async\" src=\"https:\/\/bobvarela.com\/wp-content\/flagallery\/blame-label-coleccionaureari-en-el-080-barcelona\/webview\/blame_label_002.jpg\" data-src=\"https:\/\/bobvarela.com\/wp-content\/flagallery\/blame-label-coleccionaureari-en-el-080-barcelona\/webview\/blame_label_002.jpg\" alt=\"080 Barcelona Spring-Summer 2016\" class=\"noLazy flagpm_the_photo swiper-lazy\"><div class=\"swiper-lazy-preloader swiper-lazy-preloader-black\"><\/div><\/div><div class=\"swiper-slide\" data-hash=\"flagallery20035\" data-photo-id=\"20035\"><span class=\"flagpm_va\"><\/span><img data-src=\"https:\/\/bobvarela.com\/wp-content\/flagallery\/blame-label-coleccionaureari-en-el-080-barcelona\/webview\/blame_label_003.jpg\" alt=\"080 Barcelona Spring-Summer 2016\" class=\"noLazy flagpm_the_photo swiper-lazy\"><div class=\"swiper-lazy-preloader swiper-lazy-preloader-black\"><\/div><\/div><div class=\"swiper-slide\" data-hash=\"flagallery20036\" data-photo-id=\"20036\"><span class=\"flagpm_va\"><\/span><img data-src=\"https:\/\/bobvarela.com\/wp-content\/flagallery\/blame-label-coleccionaureari-en-el-080-barcelona\/webview\/blame_label_004.jpg\" alt=\"080 Barcelona Spring-Summer 2016\" class=\"noLazy flagpm_the_photo swiper-lazy\"><div class=\"swiper-lazy-preloader swiper-lazy-preloader-black\"><\/div><\/div><div class=\"swiper-slide\" data-hash=\"flagallery20037\" data-photo-id=\"20037\"><span class=\"flagpm_va\"><\/span><img data-src=\"https:\/\/bobvarela.com\/wp-content\/flagallery\/blame-label-coleccionaureari-en-el-080-barcelona\/webview\/blame_label_005.jpg\" alt=\"080 Barcelona Spring-Summer 2016\" class=\"noLazy flagpm_the_photo swiper-lazy\"><div class=\"swiper-lazy-preloader swiper-lazy-preloader-black\"><\/div><\/div><div class=\"swiper-slide\" data-hash=\"flagallery20038\" data-photo-id=\"20038\"><span class=\"flagpm_va\"><\/span><img data-src=\"https:\/\/bobvarela.com\/wp-content\/flagallery\/blame-label-coleccionaureari-en-el-080-barcelona\/webview\/blame_label_006.jpg\" alt=\"080 Barcelona Spring-Summer 2016\" class=\"noLazy flagpm_the_photo swiper-lazy\"><div class=\"swiper-lazy-preloader swiper-lazy-preloader-black\"><\/div><\/div><div class=\"swiper-slide\" data-hash=\"flagallery20039\" data-photo-id=\"20039\"><span class=\"flagpm_va\"><\/span><img data-src=\"https:\/\/bobvarela.com\/wp-content\/flagallery\/blame-label-coleccionaureari-en-el-080-barcelona\/webview\/blame_label_007.jpg\" alt=\"080 Barcelona Spring-Summer 2016\" class=\"noLazy flagpm_the_photo swiper-lazy\"><div class=\"swiper-lazy-preloader swiper-lazy-preloader-black\"><\/div><\/div><div class=\"swiper-slide\" data-hash=\"flagallery20040\" data-photo-id=\"20040\"><span class=\"flagpm_va\"><\/span><img data-src=\"https:\/\/bobvarela.com\/wp-content\/flagallery\/blame-label-coleccionaureari-en-el-080-barcelona\/webview\/blame_label_008.jpg\" alt=\"080 Barcelona Spring-Summer 2016\" class=\"noLazy flagpm_the_photo swiper-lazy\"><div class=\"swiper-lazy-preloader swiper-lazy-preloader-black\"><\/div><\/div><div class=\"swiper-slide\" data-hash=\"flagallery20041\" data-photo-id=\"20041\"><span class=\"flagpm_va\"><\/span><img data-src=\"https:\/\/bobvarela.com\/wp-content\/flagallery\/blame-label-coleccionaureari-en-el-080-barcelona\/webview\/blame_label_009.jpg\" alt=\"080 Barcelona Spring-Summer 2016\" class=\"noLazy flagpm_the_photo swiper-lazy\"><div class=\"swiper-lazy-preloader swiper-lazy-preloader-black\"><\/div><\/div><div class=\"swiper-slide\" data-hash=\"flagallery20042\" data-photo-id=\"20042\"><span class=\"flagpm_va\"><\/span><img data-src=\"https:\/\/bobvarela.com\/wp-content\/flagallery\/blame-label-coleccionaureari-en-el-080-barcelona\/webview\/blame_label_010.jpg\" alt=\"080 Barcelona Spring-Summer 2016\" class=\"noLazy flagpm_the_photo swiper-lazy\"><div class=\"swiper-lazy-preloader swiper-lazy-preloader-black\"><\/div><\/div><div class=\"swiper-slide\" data-hash=\"flagallery20043\" data-photo-id=\"20043\"><span class=\"flagpm_va\"><\/span><img data-src=\"https:\/\/bobvarela.com\/wp-content\/flagallery\/blame-label-coleccionaureari-en-el-080-barcelona\/webview\/blame_label_011.jpg\" alt=\"080 Barcelona Spring-Summer 2016\" class=\"noLazy flagpm_the_photo swiper-lazy\"><div class=\"swiper-lazy-preloader swiper-lazy-preloader-black\"><\/div><\/div><div class=\"swiper-slide\" data-hash=\"flagallery20044\" data-photo-id=\"20044\"><span class=\"flagpm_va\"><\/span><img data-src=\"https:\/\/bobvarela.com\/wp-content\/flagallery\/blame-label-coleccionaureari-en-el-080-barcelona\/webview\/blame_label_012.jpg\" alt=\"080 Barcelona Spring-Summer 2016\" class=\"noLazy flagpm_the_photo swiper-lazy\"><div class=\"swiper-lazy-preloader swiper-lazy-preloader-black\"><\/div><\/div><div class=\"swiper-slide\" data-hash=\"flagallery20045\" data-photo-id=\"20045\"><span class=\"flagpm_va\"><\/span><img data-src=\"https:\/\/bobvarela.com\/wp-content\/flagallery\/blame-label-coleccionaureari-en-el-080-barcelona\/webview\/blame_label_013.jpg\" alt=\"080 Barcelona Spring-Summer 2016\" class=\"noLazy flagpm_the_photo swiper-lazy\"><div class=\"swiper-lazy-preloader swiper-lazy-preloader-black\"><\/div><\/div><div class=\"swiper-slide\" data-hash=\"flagallery20046\" data-photo-id=\"20046\"><span class=\"flagpm_va\"><\/span><img data-src=\"https:\/\/bobvarela.com\/wp-content\/flagallery\/blame-label-coleccionaureari-en-el-080-barcelona\/webview\/blame_label_015.jpg\" alt=\"080 Barcelona Spring-Summer 2016\" class=\"noLazy flagpm_the_photo swiper-lazy\"><div class=\"swiper-lazy-preloader swiper-lazy-preloader-black\"><\/div><\/div><div class=\"swiper-slide\" data-hash=\"flagallery20047\" data-photo-id=\"20047\"><span class=\"flagpm_va\"><\/span><img data-src=\"https:\/\/bobvarela.com\/wp-content\/flagallery\/blame-label-coleccionaureari-en-el-080-barcelona\/webview\/blame_label_016.jpg\" alt=\"080 Barcelona Spring-Summer 2016\" class=\"noLazy flagpm_the_photo swiper-lazy\"><div class=\"swiper-lazy-preloader swiper-lazy-preloader-black\"><\/div><\/div><div class=\"swiper-slide\" data-hash=\"flagallery20048\" data-photo-id=\"20048\"><span class=\"flagpm_va\"><\/span><img data-src=\"https:\/\/bobvarela.com\/wp-content\/flagallery\/blame-label-coleccionaureari-en-el-080-barcelona\/webview\/blame_label_018.jpg\" alt=\"080 Barcelona Spring-Summer 2016\" class=\"noLazy flagpm_the_photo swiper-lazy\"><div class=\"swiper-lazy-preloader swiper-lazy-preloader-black\"><\/div><\/div><div class=\"swiper-slide\" data-hash=\"flagallery20049\" data-photo-id=\"20049\"><span class=\"flagpm_va\"><\/span><img data-src=\"https:\/\/bobvarela.com\/wp-content\/flagallery\/blame-label-coleccionaureari-en-el-080-barcelona\/webview\/blame_label_019.jpg\" alt=\"080 Barcelona Spring-Summer 2016\" class=\"noLazy flagpm_the_photo swiper-lazy\"><div class=\"swiper-lazy-preloader swiper-lazy-preloader-black\"><\/div><\/div><div class=\"swiper-slide\" data-hash=\"flagallery20050\" data-photo-id=\"20050\"><span class=\"flagpm_va\"><\/span><img data-src=\"https:\/\/bobvarela.com\/wp-content\/flagallery\/blame-label-coleccionaureari-en-el-080-barcelona\/webview\/blame_label_020.jpg\" alt=\"080 Barcelona Spring-Summer 2016\" class=\"noLazy flagpm_the_photo swiper-lazy\"><div class=\"swiper-lazy-preloader swiper-lazy-preloader-black\"><\/div><\/div><div class=\"swiper-slide\" data-hash=\"flagallery20051\" data-photo-id=\"20051\"><span class=\"flagpm_va\"><\/span><img data-src=\"https:\/\/bobvarela.com\/wp-content\/flagallery\/blame-label-coleccionaureari-en-el-080-barcelona\/webview\/blame_label_021.jpg\" alt=\"080 Barcelona Spring-Summer 2016\" class=\"noLazy flagpm_the_photo swiper-lazy\"><div class=\"swiper-lazy-preloader swiper-lazy-preloader-black\"><\/div><\/div><div class=\"swiper-slide\" data-hash=\"flagallery20052\" data-photo-id=\"20052\"><span class=\"flagpm_va\"><\/span><img data-src=\"https:\/\/bobvarela.com\/wp-content\/flagallery\/blame-label-coleccionaureari-en-el-080-barcelona\/webview\/blame_label_022.jpg\" alt=\"080 Barcelona Spring-Summer 2016\" class=\"noLazy flagpm_the_photo swiper-lazy\"><div class=\"swiper-lazy-preloader swiper-lazy-preloader-black\"><\/div><\/div><div class=\"swiper-slide\" data-hash=\"flagallery20053\" data-photo-id=\"20053\"><span class=\"flagpm_va\"><\/span><img data-src=\"https:\/\/bobvarela.com\/wp-content\/flagallery\/blame-label-coleccionaureari-en-el-080-barcelona\/webview\/blame_label_023.jpg\" alt=\"080 Barcelona Spring-Summer 2016\" class=\"noLazy flagpm_the_photo swiper-lazy\"><div class=\"swiper-lazy-preloader swiper-lazy-preloader-black\"><\/div><\/div><div class=\"swiper-slide\" data-hash=\"flagallery20054\" data-photo-id=\"20054\"><span class=\"flagpm_va\"><\/span><img data-src=\"https:\/\/bobvarela.com\/wp-content\/flagallery\/blame-label-coleccionaureari-en-el-080-barcelona\/webview\/blame_label_024.jpg\" alt=\"080 Barcelona Spring-Summer 2016\" class=\"noLazy flagpm_the_photo swiper-lazy\"><div class=\"swiper-lazy-preloader swiper-lazy-preloader-black\"><\/div><\/div><div class=\"swiper-slide\" data-hash=\"flagallery20055\" data-photo-id=\"20055\"><span class=\"flagpm_va\"><\/span><img data-src=\"https:\/\/bobvarela.com\/wp-content\/flagallery\/blame-label-coleccionaureari-en-el-080-barcelona\/webview\/blame_label_025.jpg\" alt=\"080 Barcelona Spring-Summer 2016\" class=\"noLazy flagpm_the_photo swiper-lazy\"><div class=\"swiper-lazy-preloader swiper-lazy-preloader-black\"><\/div><\/div><div class=\"swiper-slide\" data-hash=\"flagallery20056\" data-photo-id=\"20056\"><span class=\"flagpm_va\"><\/span><img data-src=\"https:\/\/bobvarela.com\/wp-content\/flagallery\/blame-label-coleccionaureari-en-el-080-barcelona\/webview\/blame_label_026.jpg\" alt=\"080 Barcelona Spring-Summer 2016\" class=\"noLazy flagpm_the_photo swiper-lazy\"><div class=\"swiper-lazy-preloader swiper-lazy-preloader-black\"><\/div><\/div><div class=\"swiper-slide\" data-hash=\"flagallery20057\" data-photo-id=\"20057\"><span class=\"flagpm_va\"><\/span><img data-src=\"https:\/\/bobvarela.com\/wp-content\/flagallery\/blame-label-coleccionaureari-en-el-080-barcelona\/webview\/blame_label_027.jpg\" alt=\"080 Barcelona Spring-Summer 2016\" class=\"noLazy flagpm_the_photo swiper-lazy\"><div class=\"swiper-lazy-preloader swiper-lazy-preloader-black\"><\/div><\/div><div class=\"swiper-slide\" data-hash=\"flagallery20058\" data-photo-id=\"20058\"><span class=\"flagpm_va\"><\/span><img data-src=\"https:\/\/bobvarela.com\/wp-content\/flagallery\/blame-label-coleccionaureari-en-el-080-barcelona\/webview\/blame_label_028.jpg\" alt=\"080 Barcelona Spring-Summer 2016\" class=\"noLazy flagpm_the_photo swiper-lazy\"><div class=\"swiper-lazy-preloader swiper-lazy-preloader-black\"><\/div><\/div><div class=\"swiper-slide\" data-hash=\"flagallery20059\" data-photo-id=\"20059\"><span class=\"flagpm_va\"><\/span><img data-src=\"https:\/\/bobvarela.com\/wp-content\/flagallery\/blame-label-coleccionaureari-en-el-080-barcelona\/webview\/blame_label_029.jpg\" alt=\"080 Barcelona Spring-Summer 2016\" class=\"noLazy flagpm_the_photo swiper-lazy\"><div class=\"swiper-lazy-preloader swiper-lazy-preloader-black\"><\/div><\/div><div class=\"swiper-slide\" data-hash=\"flagallery20060\" data-photo-id=\"20060\"><span class=\"flagpm_va\"><\/span><img data-src=\"https:\/\/bobvarela.com\/wp-content\/flagallery\/blame-label-coleccionaureari-en-el-080-barcelona\/webview\/blame_label_030.jpg\" alt=\"080 Barcelona Spring-Summer 2016\" class=\"noLazy flagpm_the_photo swiper-lazy\"><div class=\"swiper-lazy-preloader swiper-lazy-preloader-black\"><\/div><\/div><div class=\"swiper-slide\" data-hash=\"flagallery20061\" data-photo-id=\"20061\"><span class=\"flagpm_va\"><\/span><img data-src=\"https:\/\/bobvarela.com\/wp-content\/flagallery\/blame-label-coleccionaureari-en-el-080-barcelona\/webview\/blame_label_031.jpg\" alt=\"080 Barcelona Spring-Summer 2016\" class=\"noLazy flagpm_the_photo swiper-lazy\"><div class=\"swiper-lazy-preloader swiper-lazy-preloader-black\"><\/div><\/div><div class=\"swiper-slide\" data-hash=\"flagallery20062\" data-photo-id=\"20062\"><span class=\"flagpm_va\"><\/span><img data-src=\"https:\/\/bobvarela.com\/wp-content\/flagallery\/blame-label-coleccionaureari-en-el-080-barcelona\/webview\/blame_label_032.jpg\" alt=\"080 Barcelona Spring-Summer 2016\" class=\"noLazy flagpm_the_photo swiper-lazy\"><div class=\"swiper-lazy-preloader swiper-lazy-preloader-black\"><\/div><\/div><div class=\"swiper-slide\" data-hash=\"flagallery20063\" data-photo-id=\"20063\"><span class=\"flagpm_va\"><\/span><img data-src=\"https:\/\/bobvarela.com\/wp-content\/flagallery\/blame-label-coleccionaureari-en-el-080-barcelona\/webview\/blame_label_033.jpg\" alt=\"080 Barcelona Spring-Summer 2016\" class=\"noLazy flagpm_the_photo swiper-lazy\"><div class=\"swiper-lazy-preloader swiper-lazy-preloader-black\"><\/div><\/div><div class=\"swiper-slide\" data-hash=\"flagallery20064\" data-photo-id=\"20064\"><span class=\"flagpm_va\"><\/span><img data-src=\"https:\/\/bobvarela.com\/wp-content\/flagallery\/blame-label-coleccionaureari-en-el-080-barcelona\/webview\/blame_label_034.jpg\" alt=\"080 Barcelona Spring-Summer 2016\" class=\"noLazy flagpm_the_photo swiper-lazy\"><div class=\"swiper-lazy-preloader swiper-lazy-preloader-black\"><\/div><\/div><div class=\"swiper-slide\" data-hash=\"flagallery20065\" data-photo-id=\"20065\"><span class=\"flagpm_va\"><\/span><img data-src=\"https:\/\/bobvarela.com\/wp-content\/flagallery\/blame-label-coleccionaureari-en-el-080-barcelona\/webview\/blame_label_035.jpg\" alt=\"080 Barcelona Spring-Summer 2016\" class=\"noLazy flagpm_the_photo swiper-lazy\"><div class=\"swiper-lazy-preloader swiper-lazy-preloader-black\"><\/div><\/div><div class=\"swiper-slide\" data-hash=\"flagallery20066\" data-photo-id=\"20066\"><span class=\"flagpm_va\"><\/span><img data-src=\"https:\/\/bobvarela.com\/wp-content\/flagallery\/blame-label-coleccionaureari-en-el-080-barcelona\/webview\/blame_label_036.jpg\" alt=\"080 Barcelona Spring-Summer 2016\" class=\"noLazy flagpm_the_photo swiper-lazy\"><div class=\"swiper-lazy-preloader swiper-lazy-preloader-black\"><\/div><\/div><div class=\"swiper-slide\" data-hash=\"flagallery20067\" data-photo-id=\"20067\"><span class=\"flagpm_va\"><\/span><img data-src=\"https:\/\/bobvarela.com\/wp-content\/flagallery\/blame-label-coleccionaureari-en-el-080-barcelona\/webview\/blame_label_037.jpg\" alt=\"080 Barcelona Spring-Summer 2016\" class=\"noLazy flagpm_the_photo swiper-lazy\"><div class=\"swiper-lazy-preloader swiper-lazy-preloader-black\"><\/div><\/div><div class=\"swiper-slide\" data-hash=\"flagallery20068\" data-photo-id=\"20068\"><span class=\"flagpm_va\"><\/span><img data-src=\"https:\/\/bobvarela.com\/wp-content\/flagallery\/blame-label-coleccionaureari-en-el-080-barcelona\/webview\/blame_label_038.jpg\" alt=\"080 Barcelona Spring-Summer 2016\" class=\"noLazy flagpm_the_photo swiper-lazy\"><div class=\"swiper-lazy-preloader swiper-lazy-preloader-black\"><\/div><\/div><div class=\"swiper-slide\" data-hash=\"flagallery20069\" data-photo-id=\"20069\"><span class=\"flagpm_va\"><\/span><img data-src=\"https:\/\/bobvarela.com\/wp-content\/flagallery\/blame-label-coleccionaureari-en-el-080-barcelona\/webview\/blame_label_039.jpg\" alt=\"080 Barcelona Spring-Summer 2016\" class=\"noLazy flagpm_the_photo swiper-lazy\"><div class=\"swiper-lazy-preloader swiper-lazy-preloader-black\"><\/div><\/div><div class=\"swiper-slide\" data-hash=\"flagallery20070\" data-photo-id=\"20070\"><span class=\"flagpm_va\"><\/span><img data-src=\"https:\/\/bobvarela.com\/wp-content\/flagallery\/blame-label-coleccionaureari-en-el-080-barcelona\/webview\/blame_label_040.jpg\" alt=\"080 Barcelona Spring-Summer 2016\" class=\"noLazy flagpm_the_photo swiper-lazy\"><div class=\"swiper-lazy-preloader swiper-lazy-preloader-black\"><\/div><\/div><div class=\"swiper-slide\" data-hash=\"flagallery20071\" data-photo-id=\"20071\"><span class=\"flagpm_va\"><\/span><img data-src=\"https:\/\/bobvarela.com\/wp-content\/flagallery\/blame-label-coleccionaureari-en-el-080-barcelona\/webview\/blame_label_041.jpg\" alt=\"080 Barcelona Spring-Summer 2016\" class=\"noLazy flagpm_the_photo swiper-lazy\"><div class=\"swiper-lazy-preloader swiper-lazy-preloader-black\"><\/div><\/div><div class=\"swiper-slide\" data-hash=\"flagallery20072\" data-photo-id=\"20072\"><span class=\"flagpm_va\"><\/span><img data-src=\"https:\/\/bobvarela.com\/wp-content\/flagallery\/blame-label-coleccionaureari-en-el-080-barcelona\/webview\/blame_label_042.jpg\" alt=\"080 Barcelona Spring-Summer 2016\" class=\"noLazy flagpm_the_photo swiper-lazy\"><div class=\"swiper-lazy-preloader swiper-lazy-preloader-black\"><\/div><\/div><div class=\"swiper-slide\" data-hash=\"flagallery20073\" data-photo-id=\"20073\"><span class=\"flagpm_va\"><\/span><img data-src=\"https:\/\/bobvarela.com\/wp-content\/flagallery\/blame-label-coleccionaureari-en-el-080-barcelona\/webview\/blame_label_043.jpg\" alt=\"080 Barcelona Spring-Summer 2016\" class=\"noLazy flagpm_the_photo swiper-lazy\"><div class=\"swiper-lazy-preloader swiper-lazy-preloader-black\"><\/div><\/div><div class=\"swiper-slide\" data-hash=\"flagallery20074\" data-photo-id=\"20074\"><span class=\"flagpm_va\"><\/span><img data-src=\"https:\/\/bobvarela.com\/wp-content\/flagallery\/blame-label-coleccionaureari-en-el-080-barcelona\/webview\/blame_label_044.jpg\" alt=\"080 Barcelona Spring-Summer 2016\" class=\"noLazy flagpm_the_photo swiper-lazy\"><div class=\"swiper-lazy-preloader swiper-lazy-preloader-black\"><\/div><\/div><div class=\"swiper-slide\" data-hash=\"flagallery20075\" data-photo-id=\"20075\"><span class=\"flagpm_va\"><\/span><img data-src=\"https:\/\/bobvarela.com\/wp-content\/flagallery\/blame-label-coleccionaureari-en-el-080-barcelona\/webview\/blame_label_045.jpg\" alt=\"080 Barcelona Spring-Summer 2016\" class=\"noLazy flagpm_the_photo swiper-lazy\"><div class=\"swiper-lazy-preloader swiper-lazy-preloader-black\"><\/div><\/div><div class=\"swiper-slide\" data-hash=\"flagallery20076\" data-photo-id=\"20076\"><span class=\"flagpm_va\"><\/span><img data-src=\"https:\/\/bobvarela.com\/wp-content\/flagallery\/blame-label-coleccionaureari-en-el-080-barcelona\/webview\/blame_label_046.jpg\" alt=\"080 Barcelona Spring-Summer 2016\" class=\"noLazy flagpm_the_photo swiper-lazy\"><div class=\"swiper-lazy-preloader swiper-lazy-preloader-black\"><\/div><\/div><div class=\"swiper-slide\" data-hash=\"flagallery20077\" data-photo-id=\"20077\"><span class=\"flagpm_va\"><\/span><img data-src=\"https:\/\/bobvarela.com\/wp-content\/flagallery\/blame-label-coleccionaureari-en-el-080-barcelona\/webview\/blame_label_047.jpg\" alt=\"080 Barcelona Spring-Summer 2016\" class=\"noLazy flagpm_the_photo swiper-lazy\"><div class=\"swiper-lazy-preloader swiper-lazy-preloader-black\"><\/div><\/div><div class=\"swiper-slide\" data-hash=\"flagallery20078\" data-photo-id=\"20078\"><span class=\"flagpm_va\"><\/span><img data-src=\"https:\/\/bobvarela.com\/wp-content\/flagallery\/blame-label-coleccionaureari-en-el-080-barcelona\/webview\/blame_label_048.jpg\" alt=\"080 Barcelona Spring-Summer 2016\" class=\"noLazy flagpm_the_photo swiper-lazy\"><div class=\"swiper-lazy-preloader swiper-lazy-preloader-black\"><\/div><\/div><div class=\"swiper-slide\" data-hash=\"flagallery20079\" data-photo-id=\"20079\"><span class=\"flagpm_va\"><\/span><img data-src=\"https:\/\/bobvarela.com\/wp-content\/flagallery\/blame-label-coleccionaureari-en-el-080-barcelona\/webview\/blame_label_049.jpg\" alt=\"080 Barcelona Spring-Summer 2016\" class=\"noLazy flagpm_the_photo swiper-lazy\"><div class=\"swiper-lazy-preloader swiper-lazy-preloader-black\"><\/div><\/div><div class=\"swiper-slide\" data-hash=\"flagallery20080\" data-photo-id=\"20080\"><span class=\"flagpm_va\"><\/span><img data-src=\"https:\/\/bobvarela.com\/wp-content\/flagallery\/blame-label-coleccionaureari-en-el-080-barcelona\/webview\/blame_label_050.jpg\" alt=\"080 Barcelona Spring-Summer 2016\" class=\"noLazy flagpm_the_photo swiper-lazy\"><div class=\"swiper-lazy-preloader swiper-lazy-preloader-black\"><\/div><\/div><div class=\"swiper-slide\" data-hash=\"flagallery20081\" data-photo-id=\"20081\"><span class=\"flagpm_va\"><\/span><img data-src=\"https:\/\/bobvarela.com\/wp-content\/flagallery\/blame-label-coleccionaureari-en-el-080-barcelona\/webview\/blame_label_051.jpg\" alt=\"080 Barcelona Spring-Summer 2016\" class=\"noLazy flagpm_the_photo swiper-lazy\"><div class=\"swiper-lazy-preloader swiper-lazy-preloader-black\"><\/div><\/div> <\/div> <\/div> <\/div> <div class=\"flagpm_photo_header\"> <div class=\"flagpm_wrapper flagpm_clearfix\"> <div class=\"flagpm_focus_actions\"> <ul class=\"flagpm_focus_share\"> <li style=\"list-style:none;\" class=\"flagpm_share_wrapper\"> <a class=\"flagpm_button flagpm_share\">Share<\/a> <ul class=\"flagpm_sharelizers flagpm_clearfix\"> <li style=\"list-style:none;\"><a class=\"flagpm_button flagpm_facebook flagpm_sharelizer\">Facebook<\/a><\/li> <li style=\"list-style:none;\"><a class=\"flagpm_button flagpm_twitter flagpm_sharelizer\">Twitter<\/a><\/li> <li style=\"list-style:none;\"><a class=\"flagpm_button flagpm_pinterest flagpm_sharelizer\">Pinterest<\/a><\/li> <li style=\"list-style:none;\"><a class=\"flagpm_button flagpm_stumbleupon flagpm_sharelizer\">StumbleUpon<\/a><\/li> <\/ul> <\/li> <\/ul> <ul class=\"flagpm_focus_like_fave flagpm_clearfix\"> <li style=\"list-style:none;\"><a class=\"flagpm_button flagpm_like\">Like<\/a><\/li> <\/ul> <ul class=\"flagpm_focus_arrows flagpm_clearfix\"> <li style=\"list-style:none;\"><a class=\"flagpm_button flagpm_photo_arrow_previous flagpm_prev\">Previous<\/a><\/li> <li style=\"list-style:none;\"><a class=\"flagpm_button flagpm_photo_arrow_next flagpm_next\">Next<\/a><\/li> <\/ul> <\/div> <div class=\"flagpm_name_wrap flagpm_clearfix flagpm_no_avatar\"> <div class=\"flagpm_title_author\"> <div class=\"flagpm_title\">080 Barcelona Spring-Summer 2016<\/div> <\/div> <\/div> <div class=\"flagpm_actions flagpm_clearfix\"> <div class=\"flagpm_carousel flagpm_has_previous flagpm_has_next\"> <div class=\"flagpm_previous_button\"><\/div> <div class=\"flagpm_photo_carousel\"> <div class=\"swiper-container swiper-small-images\"> <div class=\"swiper-wrapper\"><div class=\"swiper-slide flagpm_photo\" data-photo-id=\"20034\"><img decoding=\"async\" src=\"https:\/\/bobvarela.com\/wp-content\/flagallery\/blame-label-coleccionaureari-en-el-080-barcelona\/thumbs\/thumbs_blame_label_002.jpg\" data-src=\"https:\/\/bobvarela.com\/wp-content\/flagallery\/blame-label-coleccionaureari-en-el-080-barcelona\/thumbs\/thumbs_blame_label_002.jpg\" alt=\"080 Barcelona Spring-Summer 2016\" class=\"noLazy flagpm_photo swiper-lazy flagpm_photo_portrait\"><span class=\"swiper-lazy-preloader swiper-lazy-preloader-black\"><\/span><\/div><div class=\"swiper-slide flagpm_photo\" data-photo-id=\"20035\"><img data-src=\"https:\/\/bobvarela.com\/wp-content\/flagallery\/blame-label-coleccionaureari-en-el-080-barcelona\/thumbs\/thumbs_blame_label_003.jpg\" alt=\"080 Barcelona Spring-Summer 2016\" class=\"noLazy flagpm_photo swiper-lazy flagpm_photo_portrait\"><span class=\"swiper-lazy-preloader swiper-lazy-preloader-black\"><\/span><\/div><div class=\"swiper-slide flagpm_photo\" data-photo-id=\"20036\"><img data-src=\"https:\/\/bobvarela.com\/wp-content\/flagallery\/blame-label-coleccionaureari-en-el-080-barcelona\/thumbs\/thumbs_blame_label_004.jpg\" alt=\"080 Barcelona Spring-Summer 2016\" class=\"noLazy flagpm_photo swiper-lazy flagpm_photo_portrait\"><span class=\"swiper-lazy-preloader swiper-lazy-preloader-black\"><\/span><\/div><div class=\"swiper-slide flagpm_photo\" data-photo-id=\"20037\"><img data-src=\"https:\/\/bobvarela.com\/wp-content\/flagallery\/blame-label-coleccionaureari-en-el-080-barcelona\/thumbs\/thumbs_blame_label_005.jpg\" alt=\"080 Barcelona Spring-Summer 2016\" class=\"noLazy flagpm_photo swiper-lazy flagpm_photo_portrait\"><span class=\"swiper-lazy-preloader swiper-lazy-preloader-black\"><\/span><\/div><div class=\"swiper-slide flagpm_photo\" data-photo-id=\"20038\"><img data-src=\"https:\/\/bobvarela.com\/wp-content\/flagallery\/blame-label-coleccionaureari-en-el-080-barcelona\/thumbs\/thumbs_blame_label_006.jpg\" alt=\"080 Barcelona Spring-Summer 2016\" class=\"noLazy flagpm_photo swiper-lazy flagpm_photo_portrait\"><span class=\"swiper-lazy-preloader swiper-lazy-preloader-black\"><\/span><\/div><div class=\"swiper-slide flagpm_photo\" data-photo-id=\"20039\"><img data-src=\"https:\/\/bobvarela.com\/wp-content\/flagallery\/blame-label-coleccionaureari-en-el-080-barcelona\/thumbs\/thumbs_blame_label_007.jpg\" alt=\"080 Barcelona Spring-Summer 2016\" class=\"noLazy flagpm_photo swiper-lazy flagpm_photo_portrait\"><span class=\"swiper-lazy-preloader swiper-lazy-preloader-black\"><\/span><\/div><div class=\"swiper-slide flagpm_photo\" data-photo-id=\"20040\"><img data-src=\"https:\/\/bobvarela.com\/wp-content\/flagallery\/blame-label-coleccionaureari-en-el-080-barcelona\/thumbs\/thumbs_blame_label_008.jpg\" alt=\"080 Barcelona Spring-Summer 2016\" class=\"noLazy flagpm_photo swiper-lazy flagpm_photo_portrait\"><span class=\"swiper-lazy-preloader swiper-lazy-preloader-black\"><\/span><\/div><div class=\"swiper-slide flagpm_photo\" data-photo-id=\"20041\"><img data-src=\"https:\/\/bobvarela.com\/wp-content\/flagallery\/blame-label-coleccionaureari-en-el-080-barcelona\/thumbs\/thumbs_blame_label_009.jpg\" alt=\"080 Barcelona Spring-Summer 2016\" class=\"noLazy flagpm_photo swiper-lazy flagpm_photo_portrait\"><span class=\"swiper-lazy-preloader swiper-lazy-preloader-black\"><\/span><\/div><div class=\"swiper-slide flagpm_photo\" data-photo-id=\"20042\"><img data-src=\"https:\/\/bobvarela.com\/wp-content\/flagallery\/blame-label-coleccionaureari-en-el-080-barcelona\/thumbs\/thumbs_blame_label_010.jpg\" alt=\"080 Barcelona Spring-Summer 2016\" class=\"noLazy flagpm_photo swiper-lazy flagpm_photo_portrait\"><span class=\"swiper-lazy-preloader swiper-lazy-preloader-black\"><\/span><\/div><div class=\"swiper-slide flagpm_photo\" data-photo-id=\"20043\"><img data-src=\"https:\/\/bobvarela.com\/wp-content\/flagallery\/blame-label-coleccionaureari-en-el-080-barcelona\/thumbs\/thumbs_blame_label_011.jpg\" alt=\"080 Barcelona Spring-Summer 2016\" class=\"noLazy flagpm_photo swiper-lazy flagpm_photo_portrait\"><span class=\"swiper-lazy-preloader swiper-lazy-preloader-black\"><\/span><\/div><div class=\"swiper-slide flagpm_photo\" data-photo-id=\"20044\"><img data-src=\"https:\/\/bobvarela.com\/wp-content\/flagallery\/blame-label-coleccionaureari-en-el-080-barcelona\/thumbs\/thumbs_blame_label_012.jpg\" alt=\"080 Barcelona Spring-Summer 2016\" class=\"noLazy flagpm_photo swiper-lazy flagpm_photo_portrait\"><span class=\"swiper-lazy-preloader swiper-lazy-preloader-black\"><\/span><\/div><div class=\"swiper-slide flagpm_photo\" data-photo-id=\"20045\"><img data-src=\"https:\/\/bobvarela.com\/wp-content\/flagallery\/blame-label-coleccionaureari-en-el-080-barcelona\/thumbs\/thumbs_blame_label_013.jpg\" alt=\"080 Barcelona Spring-Summer 2016\" class=\"noLazy flagpm_photo swiper-lazy flagpm_photo_portrait\"><span class=\"swiper-lazy-preloader swiper-lazy-preloader-black\"><\/span><\/div><div class=\"swiper-slide flagpm_photo\" data-photo-id=\"20046\"><img data-src=\"https:\/\/bobvarela.com\/wp-content\/flagallery\/blame-label-coleccionaureari-en-el-080-barcelona\/thumbs\/thumbs_blame_label_015.jpg\" alt=\"080 Barcelona Spring-Summer 2016\" class=\"noLazy flagpm_photo swiper-lazy flagpm_photo_portrait\"><span class=\"swiper-lazy-preloader swiper-lazy-preloader-black\"><\/span><\/div><div class=\"swiper-slide flagpm_photo\" data-photo-id=\"20047\"><img data-src=\"https:\/\/bobvarela.com\/wp-content\/flagallery\/blame-label-coleccionaureari-en-el-080-barcelona\/thumbs\/thumbs_blame_label_016.jpg\" alt=\"080 Barcelona Spring-Summer 2016\" class=\"noLazy flagpm_photo swiper-lazy flagpm_photo_portrait\"><span class=\"swiper-lazy-preloader swiper-lazy-preloader-black\"><\/span><\/div><div class=\"swiper-slide flagpm_photo\" data-photo-id=\"20048\"><img data-src=\"https:\/\/bobvarela.com\/wp-content\/flagallery\/blame-label-coleccionaureari-en-el-080-barcelona\/thumbs\/thumbs_blame_label_018.jpg\" alt=\"080 Barcelona Spring-Summer 2016\" class=\"noLazy flagpm_photo swiper-lazy flagpm_photo_portrait\"><span class=\"swiper-lazy-preloader swiper-lazy-preloader-black\"><\/span><\/div><div class=\"swiper-slide flagpm_photo\" data-photo-id=\"20049\"><img data-src=\"https:\/\/bobvarela.com\/wp-content\/flagallery\/blame-label-coleccionaureari-en-el-080-barcelona\/thumbs\/thumbs_blame_label_019.jpg\" alt=\"080 Barcelona Spring-Summer 2016\" class=\"noLazy flagpm_photo swiper-lazy flagpm_photo_portrait\"><span class=\"swiper-lazy-preloader swiper-lazy-preloader-black\"><\/span><\/div><div class=\"swiper-slide flagpm_photo\" data-photo-id=\"20050\"><img data-src=\"https:\/\/bobvarela.com\/wp-content\/flagallery\/blame-label-coleccionaureari-en-el-080-barcelona\/thumbs\/thumbs_blame_label_020.jpg\" alt=\"080 Barcelona Spring-Summer 2016\" class=\"noLazy flagpm_photo swiper-lazy flagpm_photo_portrait\"><span class=\"swiper-lazy-preloader swiper-lazy-preloader-black\"><\/span><\/div><div class=\"swiper-slide flagpm_photo\" data-photo-id=\"20051\"><img data-src=\"https:\/\/bobvarela.com\/wp-content\/flagallery\/blame-label-coleccionaureari-en-el-080-barcelona\/thumbs\/thumbs_blame_label_021.jpg\" alt=\"080 Barcelona Spring-Summer 2016\" class=\"noLazy flagpm_photo swiper-lazy flagpm_photo_portrait\"><span class=\"swiper-lazy-preloader swiper-lazy-preloader-black\"><\/span><\/div><div class=\"swiper-slide flagpm_photo\" data-photo-id=\"20052\"><img data-src=\"https:\/\/bobvarela.com\/wp-content\/flagallery\/blame-label-coleccionaureari-en-el-080-barcelona\/thumbs\/thumbs_blame_label_022.jpg\" alt=\"080 Barcelona Spring-Summer 2016\" class=\"noLazy flagpm_photo swiper-lazy flagpm_photo_portrait\"><span class=\"swiper-lazy-preloader swiper-lazy-preloader-black\"><\/span><\/div><div class=\"swiper-slide flagpm_photo\" data-photo-id=\"20053\"><img data-src=\"https:\/\/bobvarela.com\/wp-content\/flagallery\/blame-label-coleccionaureari-en-el-080-barcelona\/thumbs\/thumbs_blame_label_023.jpg\" alt=\"080 Barcelona Spring-Summer 2016\" class=\"noLazy flagpm_photo swiper-lazy flagpm_photo_portrait\"><span class=\"swiper-lazy-preloader swiper-lazy-preloader-black\"><\/span><\/div><div class=\"swiper-slide flagpm_photo\" data-photo-id=\"20054\"><img data-src=\"https:\/\/bobvarela.com\/wp-content\/flagallery\/blame-label-coleccionaureari-en-el-080-barcelona\/thumbs\/thumbs_blame_label_024.jpg\" alt=\"080 Barcelona Spring-Summer 2016\" class=\"noLazy flagpm_photo swiper-lazy flagpm_photo_portrait\"><span class=\"swiper-lazy-preloader swiper-lazy-preloader-black\"><\/span><\/div><div class=\"swiper-slide flagpm_photo\" data-photo-id=\"20055\"><img data-src=\"https:\/\/bobvarela.com\/wp-content\/flagallery\/blame-label-coleccionaureari-en-el-080-barcelona\/thumbs\/thumbs_blame_label_025.jpg\" alt=\"080 Barcelona Spring-Summer 2016\" class=\"noLazy flagpm_photo swiper-lazy flagpm_photo_portrait\"><span class=\"swiper-lazy-preloader swiper-lazy-preloader-black\"><\/span><\/div><div class=\"swiper-slide flagpm_photo\" data-photo-id=\"20056\"><img data-src=\"https:\/\/bobvarela.com\/wp-content\/flagallery\/blame-label-coleccionaureari-en-el-080-barcelona\/thumbs\/thumbs_blame_label_026.jpg\" alt=\"080 Barcelona Spring-Summer 2016\" class=\"noLazy flagpm_photo swiper-lazy flagpm_photo_portrait\"><span class=\"swiper-lazy-preloader swiper-lazy-preloader-black\"><\/span><\/div><div class=\"swiper-slide flagpm_photo\" data-photo-id=\"20057\"><img data-src=\"https:\/\/bobvarela.com\/wp-content\/flagallery\/blame-label-coleccionaureari-en-el-080-barcelona\/thumbs\/thumbs_blame_label_027.jpg\" alt=\"080 Barcelona Spring-Summer 2016\" class=\"noLazy flagpm_photo swiper-lazy flagpm_photo_portrait\"><span class=\"swiper-lazy-preloader swiper-lazy-preloader-black\"><\/span><\/div><div class=\"swiper-slide flagpm_photo\" data-photo-id=\"20058\"><img data-src=\"https:\/\/bobvarela.com\/wp-content\/flagallery\/blame-label-coleccionaureari-en-el-080-barcelona\/thumbs\/thumbs_blame_label_028.jpg\" alt=\"080 Barcelona Spring-Summer 2016\" class=\"noLazy flagpm_photo swiper-lazy flagpm_photo_portrait\"><span class=\"swiper-lazy-preloader swiper-lazy-preloader-black\"><\/span><\/div><div class=\"swiper-slide flagpm_photo\" data-photo-id=\"20059\"><img data-src=\"https:\/\/bobvarela.com\/wp-content\/flagallery\/blame-label-coleccionaureari-en-el-080-barcelona\/thumbs\/thumbs_blame_label_029.jpg\" alt=\"080 Barcelona Spring-Summer 2016\" class=\"noLazy flagpm_photo swiper-lazy flagpm_photo_portrait\"><span class=\"swiper-lazy-preloader swiper-lazy-preloader-black\"><\/span><\/div><div class=\"swiper-slide flagpm_photo\" data-photo-id=\"20060\"><img data-src=\"https:\/\/bobvarela.com\/wp-content\/flagallery\/blame-label-coleccionaureari-en-el-080-barcelona\/thumbs\/thumbs_blame_label_030.jpg\" alt=\"080 Barcelona Spring-Summer 2016\" class=\"noLazy flagpm_photo swiper-lazy flagpm_photo_portrait\"><span class=\"swiper-lazy-preloader swiper-lazy-preloader-black\"><\/span><\/div><div class=\"swiper-slide flagpm_photo\" data-photo-id=\"20061\"><img data-src=\"https:\/\/bobvarela.com\/wp-content\/flagallery\/blame-label-coleccionaureari-en-el-080-barcelona\/thumbs\/thumbs_blame_label_031.jpg\" alt=\"080 Barcelona Spring-Summer 2016\" class=\"noLazy flagpm_photo swiper-lazy flagpm_photo_portrait\"><span class=\"swiper-lazy-preloader swiper-lazy-preloader-black\"><\/span><\/div><div class=\"swiper-slide flagpm_photo\" data-photo-id=\"20062\"><img data-src=\"https:\/\/bobvarela.com\/wp-content\/flagallery\/blame-label-coleccionaureari-en-el-080-barcelona\/thumbs\/thumbs_blame_label_032.jpg\" alt=\"080 Barcelona Spring-Summer 2016\" class=\"noLazy flagpm_photo swiper-lazy flagpm_photo_portrait\"><span class=\"swiper-lazy-preloader swiper-lazy-preloader-black\"><\/span><\/div><div class=\"swiper-slide flagpm_photo\" data-photo-id=\"20063\"><img data-src=\"https:\/\/bobvarela.com\/wp-content\/flagallery\/blame-label-coleccionaureari-en-el-080-barcelona\/thumbs\/thumbs_blame_label_033.jpg\" alt=\"080 Barcelona Spring-Summer 2016\" class=\"noLazy flagpm_photo swiper-lazy flagpm_photo_portrait\"><span class=\"swiper-lazy-preloader swiper-lazy-preloader-black\"><\/span><\/div><div class=\"swiper-slide flagpm_photo\" data-photo-id=\"20064\"><img data-src=\"https:\/\/bobvarela.com\/wp-content\/flagallery\/blame-label-coleccionaureari-en-el-080-barcelona\/thumbs\/thumbs_blame_label_034.jpg\" alt=\"080 Barcelona Spring-Summer 2016\" class=\"noLazy flagpm_photo swiper-lazy flagpm_photo_portrait\"><span class=\"swiper-lazy-preloader swiper-lazy-preloader-black\"><\/span><\/div><div class=\"swiper-slide flagpm_photo\" data-photo-id=\"20065\"><img data-src=\"https:\/\/bobvarela.com\/wp-content\/flagallery\/blame-label-coleccionaureari-en-el-080-barcelona\/thumbs\/thumbs_blame_label_035.jpg\" alt=\"080 Barcelona Spring-Summer 2016\" class=\"noLazy flagpm_photo swiper-lazy flagpm_photo_portrait\"><span class=\"swiper-lazy-preloader swiper-lazy-preloader-black\"><\/span><\/div><div class=\"swiper-slide flagpm_photo\" data-photo-id=\"20066\"><img data-src=\"https:\/\/bobvarela.com\/wp-content\/flagallery\/blame-label-coleccionaureari-en-el-080-barcelona\/thumbs\/thumbs_blame_label_036.jpg\" alt=\"080 Barcelona Spring-Summer 2016\" class=\"noLazy flagpm_photo swiper-lazy flagpm_photo_portrait\"><span class=\"swiper-lazy-preloader swiper-lazy-preloader-black\"><\/span><\/div><div class=\"swiper-slide flagpm_photo\" data-photo-id=\"20067\"><img data-src=\"https:\/\/bobvarela.com\/wp-content\/flagallery\/blame-label-coleccionaureari-en-el-080-barcelona\/thumbs\/thumbs_blame_label_037.jpg\" alt=\"080 Barcelona Spring-Summer 2016\" class=\"noLazy flagpm_photo swiper-lazy flagpm_photo_portrait\"><span class=\"swiper-lazy-preloader swiper-lazy-preloader-black\"><\/span><\/div><div class=\"swiper-slide flagpm_photo\" data-photo-id=\"20068\"><img data-src=\"https:\/\/bobvarela.com\/wp-content\/flagallery\/blame-label-coleccionaureari-en-el-080-barcelona\/thumbs\/thumbs_blame_label_038.jpg\" alt=\"080 Barcelona Spring-Summer 2016\" class=\"noLazy flagpm_photo swiper-lazy flagpm_photo_portrait\"><span class=\"swiper-lazy-preloader swiper-lazy-preloader-black\"><\/span><\/div><div class=\"swiper-slide flagpm_photo\" data-photo-id=\"20069\"><img data-src=\"https:\/\/bobvarela.com\/wp-content\/flagallery\/blame-label-coleccionaureari-en-el-080-barcelona\/thumbs\/thumbs_blame_label_039.jpg\" alt=\"080 Barcelona Spring-Summer 2016\" class=\"noLazy flagpm_photo swiper-lazy flagpm_photo_portrait\"><span class=\"swiper-lazy-preloader swiper-lazy-preloader-black\"><\/span><\/div><div class=\"swiper-slide flagpm_photo\" data-photo-id=\"20070\"><img data-src=\"https:\/\/bobvarela.com\/wp-content\/flagallery\/blame-label-coleccionaureari-en-el-080-barcelona\/thumbs\/thumbs_blame_label_040.jpg\" alt=\"080 Barcelona Spring-Summer 2016\" class=\"noLazy flagpm_photo swiper-lazy flagpm_photo_portrait\"><span class=\"swiper-lazy-preloader swiper-lazy-preloader-black\"><\/span><\/div><div class=\"swiper-slide flagpm_photo\" data-photo-id=\"20071\"><img data-src=\"https:\/\/bobvarela.com\/wp-content\/flagallery\/blame-label-coleccionaureari-en-el-080-barcelona\/thumbs\/thumbs_blame_label_041.jpg\" alt=\"080 Barcelona Spring-Summer 2016\" class=\"noLazy flagpm_photo swiper-lazy flagpm_photo_portrait\"><span class=\"swiper-lazy-preloader swiper-lazy-preloader-black\"><\/span><\/div><div class=\"swiper-slide flagpm_photo\" data-photo-id=\"20072\"><img data-src=\"https:\/\/bobvarela.com\/wp-content\/flagallery\/blame-label-coleccionaureari-en-el-080-barcelona\/thumbs\/thumbs_blame_label_042.jpg\" alt=\"080 Barcelona Spring-Summer 2016\" class=\"noLazy flagpm_photo swiper-lazy flagpm_photo_portrait\"><span class=\"swiper-lazy-preloader swiper-lazy-preloader-black\"><\/span><\/div><div class=\"swiper-slide flagpm_photo\" data-photo-id=\"20073\"><img data-src=\"https:\/\/bobvarela.com\/wp-content\/flagallery\/blame-label-coleccionaureari-en-el-080-barcelona\/thumbs\/thumbs_blame_label_043.jpg\" alt=\"080 Barcelona Spring-Summer 2016\" class=\"noLazy flagpm_photo swiper-lazy flagpm_photo_portrait\"><span class=\"swiper-lazy-preloader swiper-lazy-preloader-black\"><\/span><\/div><div class=\"swiper-slide flagpm_photo\" data-photo-id=\"20074\"><img data-src=\"https:\/\/bobvarela.com\/wp-content\/flagallery\/blame-label-coleccionaureari-en-el-080-barcelona\/thumbs\/thumbs_blame_label_044.jpg\" alt=\"080 Barcelona Spring-Summer 2016\" class=\"noLazy flagpm_photo swiper-lazy flagpm_photo_portrait\"><span class=\"swiper-lazy-preloader swiper-lazy-preloader-black\"><\/span><\/div><div class=\"swiper-slide flagpm_photo\" data-photo-id=\"20075\"><img data-src=\"https:\/\/bobvarela.com\/wp-content\/flagallery\/blame-label-coleccionaureari-en-el-080-barcelona\/thumbs\/thumbs_blame_label_045.jpg\" alt=\"080 Barcelona Spring-Summer 2016\" class=\"noLazy flagpm_photo swiper-lazy flagpm_photo_portrait\"><span class=\"swiper-lazy-preloader swiper-lazy-preloader-black\"><\/span><\/div><div class=\"swiper-slide flagpm_photo\" data-photo-id=\"20076\"><img data-src=\"https:\/\/bobvarela.com\/wp-content\/flagallery\/blame-label-coleccionaureari-en-el-080-barcelona\/thumbs\/thumbs_blame_label_046.jpg\" alt=\"080 Barcelona Spring-Summer 2016\" class=\"noLazy flagpm_photo swiper-lazy flagpm_photo_portrait\"><span class=\"swiper-lazy-preloader swiper-lazy-preloader-black\"><\/span><\/div><div class=\"swiper-slide flagpm_photo\" data-photo-id=\"20077\"><img data-src=\"https:\/\/bobvarela.com\/wp-content\/flagallery\/blame-label-coleccionaureari-en-el-080-barcelona\/thumbs\/thumbs_blame_label_047.jpg\" alt=\"080 Barcelona Spring-Summer 2016\" class=\"noLazy flagpm_photo swiper-lazy flagpm_photo_portrait\"><span class=\"swiper-lazy-preloader swiper-lazy-preloader-black\"><\/span><\/div><div class=\"swiper-slide flagpm_photo\" data-photo-id=\"20078\"><img data-src=\"https:\/\/bobvarela.com\/wp-content\/flagallery\/blame-label-coleccionaureari-en-el-080-barcelona\/thumbs\/thumbs_blame_label_048.jpg\" alt=\"080 Barcelona Spring-Summer 2016\" class=\"noLazy flagpm_photo swiper-lazy flagpm_photo_portrait\"><span class=\"swiper-lazy-preloader swiper-lazy-preloader-black\"><\/span><\/div><div class=\"swiper-slide flagpm_photo\" data-photo-id=\"20079\"><img data-src=\"https:\/\/bobvarela.com\/wp-content\/flagallery\/blame-label-coleccionaureari-en-el-080-barcelona\/thumbs\/thumbs_blame_label_049.jpg\" alt=\"080 Barcelona Spring-Summer 2016\" class=\"noLazy flagpm_photo swiper-lazy flagpm_photo_portrait\"><span class=\"swiper-lazy-preloader swiper-lazy-preloader-black\"><\/span><\/div><div class=\"swiper-slide flagpm_photo\" data-photo-id=\"20080\"><img data-src=\"https:\/\/bobvarela.com\/wp-content\/flagallery\/blame-label-coleccionaureari-en-el-080-barcelona\/thumbs\/thumbs_blame_label_050.jpg\" alt=\"080 Barcelona Spring-Summer 2016\" class=\"noLazy flagpm_photo swiper-lazy flagpm_photo_portrait\"><span class=\"swiper-lazy-preloader swiper-lazy-preloader-black\"><\/span><\/div><div class=\"swiper-slide flagpm_photo\" data-photo-id=\"20081\"><img data-src=\"https:\/\/bobvarela.com\/wp-content\/flagallery\/blame-label-coleccionaureari-en-el-080-barcelona\/thumbs\/thumbs_blame_label_051.jpg\" alt=\"080 Barcelona Spring-Summer 2016\" class=\"noLazy flagpm_photo swiper-lazy flagpm_photo_portrait\"><span class=\"swiper-lazy-preloader swiper-lazy-preloader-black\"><\/span><\/div> <\/div> <\/div> <\/div> <div class=\"flagpm_next_button\"><\/div> <\/div> <div class=\"flagpm_big_button_wrap\"> <div class=\"flagpm_share_wrapper\"> <a class=\"flagpm_button flagpm_share\">Share<\/a> <div class=\"flagpm_sharelizers_wrap\"> <ul class=\"flagpm_sharelizers\"> <li style=\"list-style:none;\"><a class=\"flagpm_button flagpm_facebook flagpm_sharelizer\">Facebook<\/a><\/li> <li style=\"list-style:none;\"><a class=\"flagpm_button flagpm_twitter flagpm_sharelizer\">Twitter<\/a><\/li> <li style=\"list-style:none;\"><a class=\"flagpm_button flagpm_pinterest flagpm_sharelizer\">Pinterest<\/a><\/li> <li style=\"list-style:none;\"><a class=\"flagpm_button flagpm_stumbleupon flagpm_sharelizer\">StumbleUpon<\/a><\/li> <\/ul> <\/div> <\/div> <a class=\"flagpm_button flagpm_like\">Like<\/a> <\/div> <div class=\"flagpm_big_button_wrap\"> <a class=\"flagpm_big_button flagpm_download_button\" href=\"https:\/\/bobvarela.com\/wp-content\/flagallery\/blame-label-coleccionaureari-en-el-080-barcelona\/blame_label_002.jpg\" download=\"blame_label_002.jpg\"> <span class=\"flagpm_icon\"><\/span> <span class=\"flagpm_label\">Download<\/span> <\/a> <\/div> <div class=\"flagpm_big_button_wrap\"> <a class=\"flagpm_big_button flagpm_link_button flagpm_inactive\" > <span class=\"flagpm_icon\"><\/span> <span class=\"flagpm_label\">Open Link<\/span> <\/a> <\/div> <\/div> <\/div> <\/div> <div class=\"flagpm_focus_close_full\"> <span><a class=\"flagpm_button flagpm_close\">Close<\/a><\/span> <span><a class=\"flagpm_button flagpm_full\">Full<\/a><\/span> <\/div> <div class=\"flagpm_photo_details\"> <div class=\"flagpm_description_wrap\"> <div class=\"details_title\">Description<\/div> <div class=\"flagpm_description_text_wrap\"> <div class=\"flagpm_slide_description\"><p>080 Barcelona Spring-Summer 2016<\/p><\/div> <\/div> <\/div> <\/div> <div class=\"flagpm_focus_footer\"> <div class=\"flagpm_focus_keyboard\"> <div class=\"flagpm_focus_keyboard_title\">Keyboard Shortcuts <a class=\"flagpm_focus_keyboard_dismiss\">Dismiss<\/a><\/div> <ul> <li style=\"list-style:none;\"><a data-key=\"p\" class=\"flagpm_key\">S<\/a><span class=\"flagpm_label\">Slideshow<\/span><\/li> <li style=\"list-style:none;\"><a data-key=\"m\" class=\"flagpm_key\">M<\/a><span class=\"flagpm_label\">Maximize<\/span><\/li> <li style=\"list-style:none;\"><a data-key=\"left\" class=\"flagpm_key\">&nbsp;<\/a><span class=\"flagpm_label\">Previous<\/span><\/li> <li style=\"list-style:none;\"><a data-key=\"right\" class=\"flagpm_key\">&nbsp;<\/a><span class=\"flagpm_label\">Next<\/span><\/li> <li style=\"list-style:none;\"><a data-key=\"escape\" class=\"flagpm_key flagpm_esc\">esc<\/a><span class=\"flagpm_label\">Close<\/span><\/li> <\/ul> <\/div> <\/div> <\/div> <script type=\"text\/javascript\"> jQuery(function($) { var settings = {\"base_gallery_width\":\"800\",\"base_gallery_height\":\"500\",\"gallery_min_height\":\"230\",\"scale_mode\":\"fit\",\"initial_slide\":0,\"slideshow_autoplay\":\"0\",\"slideshow_delay\":\"7000\",\"gallery_focus\":\"0\",\"gallery_maximized\":\"0\",\"gallery_focus_maximized\":\"0\",\"keyboard_help\":\"1\",\"show_download_button\":\"1\",\"show_link_button\":\"1\",\"show_description\":\"1\",\"show_share_button\":\"1\",\"show_like_button\":\"1\",\"link_color\":\"#0099e5\",\"link_color_hover\":\"#02adea\",\"download_button_text\":\"Download\",\"link_button_text\":\"Open Link\",\"description_title\":\"Description\",\"key\":\"\",\"name\":\"\",\"gallID\":\"sc1_276\"}; var content = {\"data\":[{\"id\":\"20034\",\"image\":\"https:\\\/\\\/bobvarela.com\\\/wp-content\\\/flagallery\\\/blame-label-coleccionaureari-en-el-080-barcelona\\\/webview\\\/blame_label_002.jpg\",\"thumb\":\"https:\\\/\\\/bobvarela.com\\\/wp-content\\\/flagallery\\\/blame-label-coleccionaureari-en-el-080-barcelona\\\/thumbs\\\/thumbs_blame_label_002.jpg\",\"file\":\"blame_label_002.jpg\",\"meta\":{\"aperture\":false,\"credit\":false,\"camera\":false,\"caption\":\"080 Barcelona Spring-Summer 2016\",\"created_timestamp\":\"June 30, 2015 10:35 am\",\"copyright\":\"\\u00c2\\u00a9 2015 Estrop-Barcelona PHOTOGRAPH FOR EDITORIAL USE ONLY\",\"focal_length\":false,\"iso\":false,\"shutter_speed\":false,\"flash\":false,\"title\":\"080 Barcelona Spring-Summer 2016\",\"keywords\":\"080 Barcelona,Estrop-Barcelona,Spring-Summer 2016\",\"width\":667,\"height\":1000,\"saved\":true,\"thumbnail\":{\"width\":220,\"height\":220,\"ewww_image_optimizer\":\"Reduced by 10.6% (3.0&nbsp;kB)\"},\"webview\":{\"0\":667,\"1\":1000,\"2\":2,\"3\":\"width=\\\"667\\\" height=\\\"1000\\\"\",\"bits\":8,\"channels\":3,\"mime\":\"image\\\/jpeg\",\"ewww_image_optimizer\":\"Reduced by 5.8% (3.5&nbsp;kB) - Previously Optimized\"},\"0\":false,\"ewww_image_optimizer\":\"Reduced by 5.6% (6.8&nbsp;kB)\",\"views\":\"119\",\"likes\":\"0\"},\"title\":\"080 Barcelona Spring-Summer 2016\",\"description\":\"<p>080 Barcelona Spring-Summer 2016<\\\/p>\",\"link\":null,\"link_target\":\"\",\"download\":\"https:\\\/\\\/bobvarela.com\\\/wp-content\\\/flagallery\\\/blame-label-coleccionaureari-en-el-080-barcelona\\\/blame_label_002.jpg\",\"ratio\":0.6670000000000000373034936274052597582340240478515625},{\"id\":\"20035\",\"image\":\"https:\\\/\\\/bobvarela.com\\\/wp-content\\\/flagallery\\\/blame-label-coleccionaureari-en-el-080-barcelona\\\/webview\\\/blame_label_003.jpg\",\"thumb\":\"https:\\\/\\\/bobvarela.com\\\/wp-content\\\/flagallery\\\/blame-label-coleccionaureari-en-el-080-barcelona\\\/thumbs\\\/thumbs_blame_label_003.jpg\",\"file\":\"blame_label_003.jpg\",\"meta\":{\"aperture\":false,\"credit\":false,\"camera\":false,\"caption\":\"080 Barcelona Spring-Summer 2016\",\"created_timestamp\":\"June 30, 2015 10:35 am\",\"copyright\":\"\\u00c2\\u00a9 2015 Estrop-Barcelona PHOTOGRAPH FOR EDITORIAL USE ONLY\",\"focal_length\":false,\"iso\":false,\"shutter_speed\":false,\"flash\":false,\"title\":\"080 Barcelona Spring-Summer 2016\",\"keywords\":\"080 Barcelona,Estrop-Barcelona,Spring-Summer 2016\",\"width\":667,\"height\":1000,\"saved\":true,\"thumbnail\":{\"width\":220,\"height\":220,\"ewww_image_optimizer\":\"Reduced by 10.1% (3.2&nbsp;kB)\"},\"webview\":{\"0\":667,\"1\":1000,\"2\":2,\"3\":\"width=\\\"667\\\" height=\\\"1000\\\"\",\"bits\":8,\"channels\":3,\"mime\":\"image\\\/jpeg\",\"ewww_image_optimizer\":\"Reduced by 4.6% (3.3&nbsp;kB) - Previously Optimized\"},\"0\":false,\"ewww_image_optimizer\":\"Reduced by 4.8% (7.1&nbsp;kB)\",\"views\":\"0\",\"likes\":\"0\"},\"title\":\"080 Barcelona Spring-Summer 2016\",\"description\":\"<p>080 Barcelona Spring-Summer 2016<\\\/p>\",\"link\":null,\"link_target\":\"\",\"download\":\"https:\\\/\\\/bobvarela.com\\\/wp-content\\\/flagallery\\\/blame-label-coleccionaureari-en-el-080-barcelona\\\/blame_label_003.jpg\",\"ratio\":0.6670000000000000373034936274052597582340240478515625},{\"id\":\"20036\",\"image\":\"https:\\\/\\\/bobvarela.com\\\/wp-content\\\/flagallery\\\/blame-label-coleccionaureari-en-el-080-barcelona\\\/webview\\\/blame_label_004.jpg\",\"thumb\":\"https:\\\/\\\/bobvarela.com\\\/wp-content\\\/flagallery\\\/blame-label-coleccionaureari-en-el-080-barcelona\\\/thumbs\\\/thumbs_blame_label_004.jpg\",\"file\":\"blame_label_004.jpg\",\"meta\":{\"aperture\":false,\"credit\":false,\"camera\":false,\"caption\":\"080 Barcelona Spring-Summer 2016\",\"created_timestamp\":\"June 30, 2015 10:35 am\",\"copyright\":\"\\u00c2\\u00a9 2015 Estrop-Barcelona PHOTOGRAPH FOR EDITORIAL USE ONLY\",\"focal_length\":false,\"iso\":false,\"shutter_speed\":false,\"flash\":false,\"title\":\"080 Barcelona Spring-Summer 2016\",\"keywords\":\"080 Barcelona,Estrop-Barcelona,Spring-Summer 2016\",\"width\":667,\"height\":1000,\"saved\":true,\"thumbnail\":{\"width\":220,\"height\":220,\"ewww_image_optimizer\":\"Reduced by 10.1% (2.9&nbsp;kB)\"},\"webview\":{\"0\":667,\"1\":1000,\"2\":2,\"3\":\"width=\\\"667\\\" height=\\\"1000\\\"\",\"bits\":8,\"channels\":3,\"mime\":\"image\\\/jpeg\",\"ewww_image_optimizer\":\"Reduced by 7.5% (4.4&nbsp;kB) - Previously Optimized\"},\"0\":false,\"ewww_image_optimizer\":\"Reduced by 6.9% (9.1&nbsp;kB)\",\"views\":\"0\",\"likes\":\"0\"},\"title\":\"080 Barcelona Spring-Summer 2016\",\"description\":\"<p>080 Barcelona Spring-Summer 2016<\\\/p>\",\"link\":null,\"link_target\":\"\",\"download\":\"https:\\\/\\\/bobvarela.com\\\/wp-content\\\/flagallery\\\/blame-label-coleccionaureari-en-el-080-barcelona\\\/blame_label_004.jpg\",\"ratio\":0.6670000000000000373034936274052597582340240478515625},{\"id\":\"20037\",\"image\":\"https:\\\/\\\/bobvarela.com\\\/wp-content\\\/flagallery\\\/blame-label-coleccionaureari-en-el-080-barcelona\\\/webview\\\/blame_label_005.jpg\",\"thumb\":\"https:\\\/\\\/bobvarela.com\\\/wp-content\\\/flagallery\\\/blame-label-coleccionaureari-en-el-080-barcelona\\\/thumbs\\\/thumbs_blame_label_005.jpg\",\"file\":\"blame_label_005.jpg\",\"meta\":{\"aperture\":false,\"credit\":false,\"camera\":false,\"caption\":\"080 Barcelona Spring-Summer 2016\",\"created_timestamp\":\"June 30, 2015 10:36 am\",\"copyright\":\"\\u00c2\\u00a9 2015 Estrop-Barcelona PHOTOGRAPH FOR EDITORIAL USE ONLY\",\"focal_length\":false,\"iso\":false,\"shutter_speed\":false,\"flash\":false,\"title\":\"080 Barcelona Spring-Summer 2016\",\"keywords\":\"080 Barcelona,Estrop-Barcelona,Spring-Summer 2016\",\"width\":667,\"height\":1000,\"saved\":true,\"thumbnail\":{\"width\":220,\"height\":220,\"ewww_image_optimizer\":\"Reduced by 10.7% (3.0&nbsp;kB)\"},\"webview\":{\"0\":667,\"1\":1000,\"2\":2,\"3\":\"width=\\\"667\\\" height=\\\"1000\\\"\",\"bits\":8,\"channels\":3,\"mime\":\"image\\\/jpeg\",\"ewww_image_optimizer\":\"Reduced by 7.1% (3.7&nbsp;kB) - Previously Optimized\"},\"0\":false,\"ewww_image_optimizer\":\"Reduced by 10.0% (19.2&nbsp;kB)\",\"views\":\"0\",\"likes\":\"0\"},\"title\":\"080 Barcelona Spring-Summer 2016\",\"description\":\"<p>080 Barcelona Spring-Summer 2016<\\\/p>\",\"link\":null,\"link_target\":\"\",\"download\":\"https:\\\/\\\/bobvarela.com\\\/wp-content\\\/flagallery\\\/blame-label-coleccionaureari-en-el-080-barcelona\\\/blame_label_005.jpg\",\"ratio\":0.6670000000000000373034936274052597582340240478515625},{\"id\":\"20038\",\"image\":\"https:\\\/\\\/bobvarela.com\\\/wp-content\\\/flagallery\\\/blame-label-coleccionaureari-en-el-080-barcelona\\\/webview\\\/blame_label_006.jpg\",\"thumb\":\"https:\\\/\\\/bobvarela.com\\\/wp-content\\\/flagallery\\\/blame-label-coleccionaureari-en-el-080-barcelona\\\/thumbs\\\/thumbs_blame_label_006.jpg\",\"file\":\"blame_label_006.jpg\",\"meta\":{\"aperture\":false,\"credit\":false,\"camera\":false,\"caption\":\"080 Barcelona Spring-Summer 2016\",\"created_timestamp\":\"June 30, 2015 10:36 am\",\"copyright\":\"\\u00c2\\u00a9 2015 Estrop-Barcelona PHOTOGRAPH FOR EDITORIAL USE ONLY\",\"focal_length\":false,\"iso\":false,\"shutter_speed\":false,\"flash\":false,\"title\":\"080 Barcelona Spring-Summer 2016\",\"keywords\":\"080 Barcelona,Estrop-Barcelona,Spring-Summer 2016\",\"width\":667,\"height\":1000,\"saved\":true,\"thumbnail\":{\"width\":220,\"height\":220,\"ewww_image_optimizer\":\"Reduced by 10.0% (2.9&nbsp;kB)\"},\"webview\":{\"0\":667,\"1\":1000,\"2\":2,\"3\":\"width=\\\"667\\\" height=\\\"1000\\\"\",\"bits\":8,\"channels\":3,\"mime\":\"image\\\/jpeg\",\"ewww_image_optimizer\":\"Reduced by 6.6% (3.9&nbsp;kB) - Previously Optimized\"},\"0\":false,\"ewww_image_optimizer\":\"Reduced by 6.1% (7.6&nbsp;kB)\",\"views\":\"0\",\"likes\":\"0\"},\"title\":\"080 Barcelona Spring-Summer 2016\",\"description\":\"<p>080 Barcelona Spring-Summer 2016<\\\/p>\",\"link\":null,\"link_target\":\"\",\"download\":\"https:\\\/\\\/bobvarela.com\\\/wp-content\\\/flagallery\\\/blame-label-coleccionaureari-en-el-080-barcelona\\\/blame_label_006.jpg\",\"ratio\":0.6670000000000000373034936274052597582340240478515625},{\"id\":\"20039\",\"image\":\"https:\\\/\\\/bobvarela.com\\\/wp-content\\\/flagallery\\\/blame-label-coleccionaureari-en-el-080-barcelona\\\/webview\\\/blame_label_007.jpg\",\"thumb\":\"https:\\\/\\\/bobvarela.com\\\/wp-content\\\/flagallery\\\/blame-label-coleccionaureari-en-el-080-barcelona\\\/thumbs\\\/thumbs_blame_label_007.jpg\",\"file\":\"blame_label_007.jpg\",\"meta\":{\"aperture\":false,\"credit\":false,\"camera\":false,\"caption\":\"080 Barcelona Spring-Summer 2016\",\"created_timestamp\":\"June 30, 2015 10:36 am\",\"copyright\":\"\\u00c2\\u00a9 2015 Estrop-Barcelona PHOTOGRAPH FOR EDITORIAL USE ONLY\",\"focal_length\":false,\"iso\":false,\"shutter_speed\":false,\"flash\":false,\"title\":\"080 Barcelona Spring-Summer 2016\",\"keywords\":\"080 Barcelona,Estrop-Barcelona,Spring-Summer 2016\",\"width\":667,\"height\":1000,\"saved\":true,\"thumbnail\":{\"width\":220,\"height\":220,\"ewww_image_optimizer\":\"Reduced by 9.3% (3.0&nbsp;kB)\"},\"webview\":{\"0\":667,\"1\":1000,\"2\":2,\"3\":\"width=\\\"667\\\" height=\\\"1000\\\"\",\"bits\":8,\"channels\":3,\"mime\":\"image\\\/jpeg\",\"ewww_image_optimizer\":\"Reduced by 6.8% (5.2&nbsp;kB) - Previously Optimized\"},\"0\":false,\"ewww_image_optimizer\":\"Reduced by 5.4% (8.6&nbsp;kB)\",\"views\":\"0\",\"likes\":\"0\"},\"title\":\"080 Barcelona Spring-Summer 2016\",\"description\":\"<p>080 Barcelona Spring-Summer 2016<\\\/p>\",\"link\":null,\"link_target\":\"\",\"download\":\"https:\\\/\\\/bobvarela.com\\\/wp-content\\\/flagallery\\\/blame-label-coleccionaureari-en-el-080-barcelona\\\/blame_label_007.jpg\",\"ratio\":0.6670000000000000373034936274052597582340240478515625},{\"id\":\"20040\",\"image\":\"https:\\\/\\\/bobvarela.com\\\/wp-content\\\/flagallery\\\/blame-label-coleccionaureari-en-el-080-barcelona\\\/webview\\\/blame_label_008.jpg\",\"thumb\":\"https:\\\/\\\/bobvarela.com\\\/wp-content\\\/flagallery\\\/blame-label-coleccionaureari-en-el-080-barcelona\\\/thumbs\\\/thumbs_blame_label_008.jpg\",\"file\":\"blame_label_008.jpg\",\"meta\":{\"aperture\":false,\"credit\":false,\"camera\":false,\"caption\":\"080 Barcelona Spring-Summer 2016\",\"created_timestamp\":\"June 30, 2015 10:36 am\",\"copyright\":\"\\u00c2\\u00a9 2015 Estrop-Barcelona PHOTOGRAPH FOR EDITORIAL USE ONLY\",\"focal_length\":false,\"iso\":false,\"shutter_speed\":false,\"flash\":false,\"title\":\"080 Barcelona Spring-Summer 2016\",\"keywords\":\"080 Barcelona,Estrop-Barcelona,Spring-Summer 2016\",\"width\":667,\"height\":1000,\"saved\":true,\"thumbnail\":{\"width\":220,\"height\":220,\"ewww_image_optimizer\":\"Reduced by 9.8% (3.0&nbsp;kB)\"},\"webview\":{\"0\":667,\"1\":1000,\"2\":2,\"3\":\"width=\\\"667\\\" height=\\\"1000\\\"\",\"bits\":8,\"channels\":3,\"mime\":\"image\\\/jpeg\",\"ewww_image_optimizer\":\"Reduced by 6.0% (4.2&nbsp;kB) - Previously Optimized\"},\"0\":false,\"ewww_image_optimizer\":\"Reduced by 5.6% (8.6&nbsp;kB)\",\"views\":\"0\",\"likes\":\"0\"},\"title\":\"080 Barcelona Spring-Summer 2016\",\"description\":\"<p>080 Barcelona Spring-Summer 2016<\\\/p>\",\"link\":null,\"link_target\":\"\",\"download\":\"https:\\\/\\\/bobvarela.com\\\/wp-content\\\/flagallery\\\/blame-label-coleccionaureari-en-el-080-barcelona\\\/blame_label_008.jpg\",\"ratio\":0.6670000000000000373034936274052597582340240478515625},{\"id\":\"20041\",\"image\":\"https:\\\/\\\/bobvarela.com\\\/wp-content\\\/flagallery\\\/blame-label-coleccionaureari-en-el-080-barcelona\\\/webview\\\/blame_label_009.jpg\",\"thumb\":\"https:\\\/\\\/bobvarela.com\\\/wp-content\\\/flagallery\\\/blame-label-coleccionaureari-en-el-080-barcelona\\\/thumbs\\\/thumbs_blame_label_009.jpg\",\"file\":\"blame_label_009.jpg\",\"meta\":{\"aperture\":false,\"credit\":false,\"camera\":false,\"caption\":\"080 Barcelona Spring-Summer 2016\",\"created_timestamp\":\"June 30, 2015 10:36 am\",\"copyright\":\"\\u00c2\\u00a9 2015 Estrop-Barcelona PHOTOGRAPH FOR EDITORIAL USE ONLY\",\"focal_length\":false,\"iso\":false,\"shutter_speed\":false,\"flash\":false,\"title\":\"080 Barcelona Spring-Summer 2016\",\"keywords\":\"080 Barcelona,Estrop-Barcelona,Spring-Summer 2016\",\"width\":667,\"height\":1000,\"saved\":true,\"thumbnail\":{\"width\":220,\"height\":220,\"ewww_image_optimizer\":\"Reduced by 8.1% (2.6&nbsp;kB)\"},\"webview\":{\"0\":667,\"1\":1000,\"2\":2,\"3\":\"width=\\\"667\\\" height=\\\"1000\\\"\",\"bits\":8,\"channels\":3,\"mime\":\"image\\\/jpeg\",\"ewww_image_optimizer\":\"Reduced by 5.7% (4.8&nbsp;kB) - Previously Optimized\"},\"0\":false,\"ewww_image_optimizer\":\"Reduced by 5.0% (9.6&nbsp;kB)\",\"views\":\"1\",\"likes\":\"0\"},\"title\":\"080 Barcelona Spring-Summer 2016\",\"description\":\"<p>080 Barcelona Spring-Summer 2016<\\\/p>\",\"link\":null,\"link_target\":\"\",\"download\":\"https:\\\/\\\/bobvarela.com\\\/wp-content\\\/flagallery\\\/blame-label-coleccionaureari-en-el-080-barcelona\\\/blame_label_009.jpg\",\"ratio\":0.6670000000000000373034936274052597582340240478515625},{\"id\":\"20042\",\"image\":\"https:\\\/\\\/bobvarela.com\\\/wp-content\\\/flagallery\\\/blame-label-coleccionaureari-en-el-080-barcelona\\\/webview\\\/blame_label_010.jpg\",\"thumb\":\"https:\\\/\\\/bobvarela.com\\\/wp-content\\\/flagallery\\\/blame-label-coleccionaureari-en-el-080-barcelona\\\/thumbs\\\/thumbs_blame_label_010.jpg\",\"file\":\"blame_label_010.jpg\",\"meta\":{\"aperture\":false,\"credit\":false,\"camera\":false,\"caption\":\"080 Barcelona Spring-Summer 2016\",\"created_timestamp\":\"June 30, 2015 10:36 am\",\"copyright\":\"\\u00c2\\u00a9 2015 Estrop-Barcelona PHOTOGRAPH FOR EDITORIAL USE ONLY\",\"focal_length\":false,\"iso\":false,\"shutter_speed\":false,\"flash\":false,\"title\":\"080 Barcelona Spring-Summer 2016\",\"keywords\":\"080 Barcelona,Estrop-Barcelona,Spring-Summer 2016\",\"width\":667,\"height\":1000,\"saved\":true,\"thumbnail\":{\"width\":220,\"height\":220,\"ewww_image_optimizer\":\"Reduced by 6.1% (2.0&nbsp;kB)\"},\"webview\":{\"0\":667,\"1\":1000,\"2\":2,\"3\":\"width=\\\"667\\\" height=\\\"1000\\\"\",\"bits\":8,\"channels\":3,\"mime\":\"image\\\/jpeg\",\"ewww_image_optimizer\":\"Reduced by 10.0% (13.3&nbsp;kB) - Previously Optimized\"},\"0\":false,\"ewww_image_optimizer\":\"Reduced by 6.4% (12.2&nbsp;kB)\",\"views\":\"0\",\"likes\":\"0\"},\"title\":\"080 Barcelona Spring-Summer 2016\",\"description\":\"<p>080 Barcelona Spring-Summer 2016<\\\/p>\",\"link\":null,\"link_target\":\"\",\"download\":\"https:\\\/\\\/bobvarela.com\\\/wp-content\\\/flagallery\\\/blame-label-coleccionaureari-en-el-080-barcelona\\\/blame_label_010.jpg\",\"ratio\":0.6670000000000000373034936274052597582340240478515625},{\"id\":\"20043\",\"image\":\"https:\\\/\\\/bobvarela.com\\\/wp-content\\\/flagallery\\\/blame-label-coleccionaureari-en-el-080-barcelona\\\/webview\\\/blame_label_011.jpg\",\"thumb\":\"https:\\\/\\\/bobvarela.com\\\/wp-content\\\/flagallery\\\/blame-label-coleccionaureari-en-el-080-barcelona\\\/thumbs\\\/thumbs_blame_label_011.jpg\",\"file\":\"blame_label_011.jpg\",\"meta\":{\"aperture\":false,\"credit\":false,\"camera\":false,\"caption\":\"080 Barcelona Spring-Summer 2016\",\"created_timestamp\":\"June 30, 2015 10:36 am\",\"copyright\":\"\\u00c2\\u00a9 2015 Estrop-Barcelona PHOTOGRAPH FOR EDITORIAL USE ONLY\",\"focal_length\":false,\"iso\":false,\"shutter_speed\":false,\"flash\":false,\"title\":\"080 Barcelona Spring-Summer 2016\",\"keywords\":\"080 Barcelona,Estrop-Barcelona,Spring-Summer 2016\",\"width\":667,\"height\":1000,\"saved\":true,\"thumbnail\":{\"width\":220,\"height\":220,\"ewww_image_optimizer\":\"Reduced by 8.6% (2.8&nbsp;kB)\"},\"webview\":{\"0\":667,\"1\":1000,\"2\":2,\"3\":\"width=\\\"667\\\" height=\\\"1000\\\"\",\"bits\":8,\"channels\":3,\"mime\":\"image\\\/jpeg\",\"ewww_image_optimizer\":\"Reduced by 4.5% (3.7&nbsp;kB) - Previously Optimized\"},\"0\":false,\"ewww_image_optimizer\":\"Reduced by 4.1% (7.6&nbsp;kB)\",\"views\":\"1\",\"likes\":\"0\"},\"title\":\"080 Barcelona Spring-Summer 2016\",\"description\":\"<p>080 Barcelona Spring-Summer 2016<\\\/p>\",\"link\":null,\"link_target\":\"\",\"download\":\"https:\\\/\\\/bobvarela.com\\\/wp-content\\\/flagallery\\\/blame-label-coleccionaureari-en-el-080-barcelona\\\/blame_label_011.jpg\",\"ratio\":0.6670000000000000373034936274052597582340240478515625},{\"id\":\"20044\",\"image\":\"https:\\\/\\\/bobvarela.com\\\/wp-content\\\/flagallery\\\/blame-label-coleccionaureari-en-el-080-barcelona\\\/webview\\\/blame_label_012.jpg\",\"thumb\":\"https:\\\/\\\/bobvarela.com\\\/wp-content\\\/flagallery\\\/blame-label-coleccionaureari-en-el-080-barcelona\\\/thumbs\\\/thumbs_blame_label_012.jpg\",\"file\":\"blame_label_012.jpg\",\"meta\":{\"aperture\":false,\"credit\":false,\"camera\":false,\"caption\":\"080 Barcelona Spring-Summer 2016\",\"created_timestamp\":\"June 30, 2015 10:36 am\",\"copyright\":\"\\u00c2\\u00a9 2015 Estrop-Barcelona PHOTOGRAPH FOR EDITORIAL USE ONLY\",\"focal_length\":false,\"iso\":false,\"shutter_speed\":false,\"flash\":false,\"title\":\"080 Barcelona Spring-Summer 2016\",\"keywords\":\"080 Barcelona,Estrop-Barcelona,Spring-Summer 2016\",\"width\":667,\"height\":1000,\"saved\":true,\"thumbnail\":{\"width\":220,\"height\":220,\"ewww_image_optimizer\":\"Reduced by 10.6% (3.0&nbsp;kB)\"},\"webview\":{\"0\":667,\"1\":1000,\"2\":2,\"3\":\"width=\\\"667\\\" height=\\\"1000\\\"\",\"bits\":8,\"channels\":3,\"mime\":\"image\\\/jpeg\",\"ewww_image_optimizer\":\"Reduced by 7.7% (4.7&nbsp;kB) - Previously Optimized\"},\"0\":false,\"ewww_image_optimizer\":\"Reduced by 6.8% (9.7&nbsp;kB)\",\"views\":\"0\",\"likes\":\"0\"},\"title\":\"080 Barcelona Spring-Summer 2016\",\"description\":\"<p>080 Barcelona Spring-Summer 2016<\\\/p>\",\"link\":null,\"link_target\":\"\",\"download\":\"https:\\\/\\\/bobvarela.com\\\/wp-content\\\/flagallery\\\/blame-label-coleccionaureari-en-el-080-barcelona\\\/blame_label_012.jpg\",\"ratio\":0.6670000000000000373034936274052597582340240478515625},{\"id\":\"20045\",\"image\":\"https:\\\/\\\/bobvarela.com\\\/wp-content\\\/flagallery\\\/blame-label-coleccionaureari-en-el-080-barcelona\\\/webview\\\/blame_label_013.jpg\",\"thumb\":\"https:\\\/\\\/bobvarela.com\\\/wp-content\\\/flagallery\\\/blame-label-coleccionaureari-en-el-080-barcelona\\\/thumbs\\\/thumbs_blame_label_013.jpg\",\"file\":\"blame_label_013.jpg\",\"meta\":{\"aperture\":false,\"credit\":false,\"camera\":false,\"caption\":\"080 Barcelona Spring-Summer 2016\",\"created_timestamp\":\"June 30, 2015 10:36 am\",\"copyright\":\"\\u00c2\\u00a9 2015 Estrop-Barcelona PHOTOGRAPH FOR EDITORIAL USE ONLY\",\"focal_length\":false,\"iso\":false,\"shutter_speed\":false,\"flash\":false,\"title\":\"080 Barcelona Spring-Summer 2016\",\"keywords\":\"080 Barcelona,Estrop-Barcelona,Spring-Summer 2016\",\"width\":667,\"height\":1000,\"saved\":true,\"thumbnail\":{\"width\":220,\"height\":220,\"ewww_image_optimizer\":\"Reduced by 8.5% (2.7&nbsp;kB)\"},\"webview\":{\"0\":667,\"1\":1000,\"2\":2,\"3\":\"width=\\\"667\\\" height=\\\"1000\\\"\",\"bits\":8,\"channels\":3,\"mime\":\"image\\\/jpeg\",\"ewww_image_optimizer\":\"Reduced by 5.9% (4.7&nbsp;kB) - Previously Optimized\"},\"0\":false,\"ewww_image_optimizer\":\"Reduced by 5.3% (9.5&nbsp;kB)\",\"views\":\"1\",\"likes\":\"0\"},\"title\":\"080 Barcelona Spring-Summer 2016\",\"description\":\"<p>080 Barcelona Spring-Summer 2016<\\\/p>\",\"link\":null,\"link_target\":\"\",\"download\":\"https:\\\/\\\/bobvarela.com\\\/wp-content\\\/flagallery\\\/blame-label-coleccionaureari-en-el-080-barcelona\\\/blame_label_013.jpg\",\"ratio\":0.6670000000000000373034936274052597582340240478515625},{\"id\":\"20046\",\"image\":\"https:\\\/\\\/bobvarela.com\\\/wp-content\\\/flagallery\\\/blame-label-coleccionaureari-en-el-080-barcelona\\\/webview\\\/blame_label_015.jpg\",\"thumb\":\"https:\\\/\\\/bobvarela.com\\\/wp-content\\\/flagallery\\\/blame-label-coleccionaureari-en-el-080-barcelona\\\/thumbs\\\/thumbs_blame_label_015.jpg\",\"file\":\"blame_label_015.jpg\",\"meta\":{\"aperture\":false,\"credit\":false,\"camera\":false,\"caption\":\"080 Barcelona Spring-Summer 2016\",\"created_timestamp\":\"June 30, 2015 10:37 am\",\"copyright\":\"\\u00c2\\u00a9 2015 Estrop-Barcelona PHOTOGRAPH FOR EDITORIAL USE ONLY\",\"focal_length\":false,\"iso\":false,\"shutter_speed\":false,\"flash\":false,\"title\":\"080 Barcelona Spring-Summer 2016\",\"keywords\":\"080 Barcelona,Estrop-Barcelona,Spring-Summer 2016\",\"width\":667,\"height\":1000,\"saved\":true,\"thumbnail\":{\"width\":220,\"height\":220,\"ewww_image_optimizer\":\"Reduced by 9.4% (3.3&nbsp;kB)\"},\"webview\":{\"0\":667,\"1\":1000,\"2\":2,\"3\":\"width=\\\"667\\\" height=\\\"1000\\\"\",\"bits\":8,\"channels\":3,\"mime\":\"image\\\/jpeg\",\"ewww_image_optimizer\":\"Reduced by 4.3% (3.6&nbsp;kB) - Previously Optimized\"},\"0\":false,\"ewww_image_optimizer\":\"Reduced by 4.5% (7.6&nbsp;kB)\",\"views\":\"2\",\"likes\":\"0\"},\"title\":\"080 Barcelona Spring-Summer 2016\",\"description\":\"<p>080 Barcelona Spring-Summer 2016<\\\/p>\",\"link\":null,\"link_target\":\"\",\"download\":\"https:\\\/\\\/bobvarela.com\\\/wp-content\\\/flagallery\\\/blame-label-coleccionaureari-en-el-080-barcelona\\\/blame_label_015.jpg\",\"ratio\":0.6670000000000000373034936274052597582340240478515625},{\"id\":\"20047\",\"image\":\"https:\\\/\\\/bobvarela.com\\\/wp-content\\\/flagallery\\\/blame-label-coleccionaureari-en-el-080-barcelona\\\/webview\\\/blame_label_016.jpg\",\"thumb\":\"https:\\\/\\\/bobvarela.com\\\/wp-content\\\/flagallery\\\/blame-label-coleccionaureari-en-el-080-barcelona\\\/thumbs\\\/thumbs_blame_label_016.jpg\",\"file\":\"blame_label_016.jpg\",\"meta\":{\"aperture\":false,\"credit\":false,\"camera\":false,\"caption\":\"080 Barcelona Spring-Summer 2016\",\"created_timestamp\":\"June 30, 2015 10:37 am\",\"copyright\":\"\\u00c2\\u00a9 2015 Estrop-Barcelona PHOTOGRAPH FOR EDITORIAL USE ONLY\",\"focal_length\":false,\"iso\":false,\"shutter_speed\":false,\"flash\":false,\"title\":\"080 Barcelona Spring-Summer 2016\",\"keywords\":\"080 Barcelona,Estrop-Barcelona,Spring-Summer 2016\",\"width\":667,\"height\":1000,\"saved\":true,\"thumbnail\":{\"width\":220,\"height\":220,\"ewww_image_optimizer\":\"Reduced by 9.5% (3.1&nbsp;kB)\"},\"webview\":{\"0\":667,\"1\":1000,\"2\":2,\"3\":\"width=\\\"667\\\" height=\\\"1000\\\"\",\"bits\":8,\"channels\":3,\"mime\":\"image\\\/jpeg\",\"ewww_image_optimizer\":\"Reduced by 4.1% (3.1&nbsp;kB) - Previously Optimized\"},\"0\":false,\"ewww_image_optimizer\":\"Reduced by 4.5% (6.7&nbsp;kB)\",\"views\":\"2\",\"likes\":\"0\"},\"title\":\"080 Barcelona Spring-Summer 2016\",\"description\":\"<p>080 Barcelona Spring-Summer 2016<\\\/p>\",\"link\":null,\"link_target\":\"\",\"download\":\"https:\\\/\\\/bobvarela.com\\\/wp-content\\\/flagallery\\\/blame-label-coleccionaureari-en-el-080-barcelona\\\/blame_label_016.jpg\",\"ratio\":0.6670000000000000373034936274052597582340240478515625},{\"id\":\"20048\",\"image\":\"https:\\\/\\\/bobvarela.com\\\/wp-content\\\/flagallery\\\/blame-label-coleccionaureari-en-el-080-barcelona\\\/webview\\\/blame_label_018.jpg\",\"thumb\":\"https:\\\/\\\/bobvarela.com\\\/wp-content\\\/flagallery\\\/blame-label-coleccionaureari-en-el-080-barcelona\\\/thumbs\\\/thumbs_blame_label_018.jpg\",\"file\":\"blame_label_018.jpg\",\"meta\":{\"aperture\":false,\"credit\":false,\"camera\":false,\"caption\":\"080 Barcelona Spring-Summer 2016\",\"created_timestamp\":\"June 30, 2015 10:38 am\",\"copyright\":\"\\u00c2\\u00a9 2015 Estrop-Barcelona PHOTOGRAPH FOR EDITORIAL USE ONLY\",\"focal_length\":false,\"iso\":false,\"shutter_speed\":false,\"flash\":false,\"title\":\"080 Barcelona Spring-Summer 2016\",\"keywords\":\"080 Barcelona,Estrop-Barcelona,Spring-Summer 2016\",\"width\":667,\"height\":1000,\"saved\":true,\"thumbnail\":{\"width\":220,\"height\":220,\"ewww_image_optimizer\":\"Reduced by 9.9% (3.0&nbsp;kB)\"},\"webview\":{\"0\":667,\"1\":1000,\"2\":2,\"3\":\"width=\\\"667\\\" height=\\\"1000\\\"\",\"bits\":8,\"channels\":3,\"mime\":\"image\\\/jpeg\",\"ewww_image_optimizer\":\"Reduced by 5.6% (4.0&nbsp;kB) - Previously Optimized\"},\"0\":false,\"ewww_image_optimizer\":\"Reduced by 5.1% (7.4&nbsp;kB)\",\"views\":\"2\",\"likes\":\"0\"},\"title\":\"080 Barcelona Spring-Summer 2016\",\"description\":\"<p>080 Barcelona Spring-Summer 2016<\\\/p>\",\"link\":null,\"link_target\":\"\",\"download\":\"https:\\\/\\\/bobvarela.com\\\/wp-content\\\/flagallery\\\/blame-label-coleccionaureari-en-el-080-barcelona\\\/blame_label_018.jpg\",\"ratio\":0.6670000000000000373034936274052597582340240478515625},{\"id\":\"20049\",\"image\":\"https:\\\/\\\/bobvarela.com\\\/wp-content\\\/flagallery\\\/blame-label-coleccionaureari-en-el-080-barcelona\\\/webview\\\/blame_label_019.jpg\",\"thumb\":\"https:\\\/\\\/bobvarela.com\\\/wp-content\\\/flagallery\\\/blame-label-coleccionaureari-en-el-080-barcelona\\\/thumbs\\\/thumbs_blame_label_019.jpg\",\"file\":\"blame_label_019.jpg\",\"meta\":{\"aperture\":false,\"credit\":false,\"camera\":false,\"caption\":\"080 Barcelona Spring-Summer 2016\",\"created_timestamp\":\"June 30, 2015 10:38 am\",\"copyright\":\"\\u00c2\\u00a9 2015 Estrop-Barcelona PHOTOGRAPH FOR EDITORIAL USE ONLY\",\"focal_length\":false,\"iso\":false,\"shutter_speed\":false,\"flash\":false,\"title\":\"080 Barcelona Spring-Summer 2016\",\"keywords\":\"080 Barcelona,Estrop-Barcelona,Spring-Summer 2016\",\"width\":667,\"height\":1000,\"saved\":true,\"thumbnail\":{\"width\":220,\"height\":220,\"ewww_image_optimizer\":\"Reduced by 8.7% (3.1&nbsp;kB)\"},\"webview\":{\"0\":667,\"1\":1000,\"2\":2,\"3\":\"width=\\\"667\\\" height=\\\"1000\\\"\",\"bits\":8,\"channels\":3,\"mime\":\"image\\\/jpeg\",\"ewww_image_optimizer\":\"Reduced by 4.1% (4.1&nbsp;kB) - Previously Optimized\"},\"0\":false,\"ewww_image_optimizer\":\"Reduced by 3.8% (7.5&nbsp;kB)\",\"views\":\"2\",\"likes\":\"0\"},\"title\":\"080 Barcelona Spring-Summer 2016\",\"description\":\"<p>080 Barcelona Spring-Summer 2016<\\\/p>\",\"link\":null,\"link_target\":\"\",\"download\":\"https:\\\/\\\/bobvarela.com\\\/wp-content\\\/flagallery\\\/blame-label-coleccionaureari-en-el-080-barcelona\\\/blame_label_019.jpg\",\"ratio\":0.6670000000000000373034936274052597582340240478515625},{\"id\":\"20050\",\"image\":\"https:\\\/\\\/bobvarela.com\\\/wp-content\\\/flagallery\\\/blame-label-coleccionaureari-en-el-080-barcelona\\\/webview\\\/blame_label_020.jpg\",\"thumb\":\"https:\\\/\\\/bobvarela.com\\\/wp-content\\\/flagallery\\\/blame-label-coleccionaureari-en-el-080-barcelona\\\/thumbs\\\/thumbs_blame_label_020.jpg\",\"file\":\"blame_label_020.jpg\",\"meta\":{\"aperture\":false,\"credit\":false,\"camera\":false,\"caption\":\"080 Barcelona Spring-Summer 2016\",\"created_timestamp\":\"June 30, 2015 10:38 am\",\"copyright\":\"\\u00c2\\u00a9 2015 Estrop-Barcelona PHOTOGRAPH FOR EDITORIAL USE ONLY\",\"focal_length\":false,\"iso\":false,\"shutter_speed\":false,\"flash\":false,\"title\":\"080 Barcelona Spring-Summer 2016\",\"keywords\":\"080 Barcelona,Estrop-Barcelona,Spring-Summer 2016\",\"width\":667,\"height\":1000,\"saved\":true,\"thumbnail\":{\"width\":220,\"height\":220,\"ewww_image_optimizer\":\"Reduced by 9.5% (3.6&nbsp;kB)\"},\"webview\":{\"0\":667,\"1\":1000,\"2\":2,\"3\":\"width=\\\"667\\\" height=\\\"1000\\\"\",\"bits\":8,\"channels\":3,\"mime\":\"image\\\/jpeg\",\"ewww_image_optimizer\":\"Reduced by 4.6% (4.1&nbsp;kB) - Previously Optimized\"},\"0\":false,\"ewww_image_optimizer\":\"Reduced by 4.0% (7.7&nbsp;kB)\",\"views\":\"1\",\"likes\":\"0\"},\"title\":\"080 Barcelona Spring-Summer 2016\",\"description\":\"<p>080 Barcelona Spring-Summer 2016<\\\/p>\",\"link\":null,\"link_target\":\"\",\"download\":\"https:\\\/\\\/bobvarela.com\\\/wp-content\\\/flagallery\\\/blame-label-coleccionaureari-en-el-080-barcelona\\\/blame_label_020.jpg\",\"ratio\":0.6670000000000000373034936274052597582340240478515625},{\"id\":\"20051\",\"image\":\"https:\\\/\\\/bobvarela.com\\\/wp-content\\\/flagallery\\\/blame-label-coleccionaureari-en-el-080-barcelona\\\/webview\\\/blame_label_021.jpg\",\"thumb\":\"https:\\\/\\\/bobvarela.com\\\/wp-content\\\/flagallery\\\/blame-label-coleccionaureari-en-el-080-barcelona\\\/thumbs\\\/thumbs_blame_label_021.jpg\",\"file\":\"blame_label_021.jpg\",\"meta\":{\"aperture\":false,\"credit\":false,\"camera\":false,\"caption\":\"080 Barcelona Spring-Summer 2016\",\"created_timestamp\":\"June 30, 2015 10:39 am\",\"copyright\":\"\\u00c2\\u00a9 2015 Estrop-Barcelona PHOTOGRAPH FOR EDITORIAL USE ONLY\",\"focal_length\":false,\"iso\":false,\"shutter_speed\":false,\"flash\":false,\"title\":\"080 Barcelona Spring-Summer 2016\",\"keywords\":\"080 Barcelona,Estrop-Barcelona,Spring-Summer 2016\",\"width\":667,\"height\":1000,\"saved\":true,\"thumbnail\":{\"width\":220,\"height\":220,\"ewww_image_optimizer\":\"Reduced by 10.0% (2.9&nbsp;kB)\"},\"webview\":{\"0\":667,\"1\":1000,\"2\":2,\"3\":\"width=\\\"667\\\" height=\\\"1000\\\"\",\"bits\":8,\"channels\":3,\"mime\":\"image\\\/jpeg\",\"ewww_image_optimizer\":\"Reduced by 5.8% (3.1&nbsp;kB) - Previously Optimized\"},\"0\":false,\"ewww_image_optimizer\":\"Reduced by 9.3% (17.8&nbsp;kB)\",\"views\":\"2\",\"likes\":\"0\"},\"title\":\"080 Barcelona Spring-Summer 2016\",\"description\":\"<p>080 Barcelona Spring-Summer 2016<\\\/p>\",\"link\":null,\"link_target\":\"\",\"download\":\"https:\\\/\\\/bobvarela.com\\\/wp-content\\\/flagallery\\\/blame-label-coleccionaureari-en-el-080-barcelona\\\/blame_label_021.jpg\",\"ratio\":0.6670000000000000373034936274052597582340240478515625},{\"id\":\"20052\",\"image\":\"https:\\\/\\\/bobvarela.com\\\/wp-content\\\/flagallery\\\/blame-label-coleccionaureari-en-el-080-barcelona\\\/webview\\\/blame_label_022.jpg\",\"thumb\":\"https:\\\/\\\/bobvarela.com\\\/wp-content\\\/flagallery\\\/blame-label-coleccionaureari-en-el-080-barcelona\\\/thumbs\\\/thumbs_blame_label_022.jpg\",\"file\":\"blame_label_022.jpg\",\"meta\":{\"aperture\":false,\"credit\":false,\"camera\":false,\"caption\":\"080 Barcelona Spring-Summer 2016\",\"created_timestamp\":\"June 30, 2015 10:39 am\",\"copyright\":\"\\u00c2\\u00a9 2015 Estrop-Barcelona PHOTOGRAPH FOR EDITORIAL USE ONLY\",\"focal_length\":false,\"iso\":false,\"shutter_speed\":false,\"flash\":false,\"title\":\"080 Barcelona Spring-Summer 2016\",\"keywords\":\"080 Barcelona,Estrop-Barcelona,Spring-Summer 2016\",\"width\":667,\"height\":1000,\"saved\":true,\"thumbnail\":{\"width\":220,\"height\":220,\"ewww_image_optimizer\":\"Reduced by 10.2% (2.7&nbsp;kB)\"},\"webview\":{\"0\":667,\"1\":1000,\"2\":2,\"3\":\"width=\\\"667\\\" height=\\\"1000\\\"\",\"bits\":8,\"channels\":3,\"mime\":\"image\\\/jpeg\",\"ewww_image_optimizer\":\"Reduced by 6.5% (4.1&nbsp;kB) - Previously Optimized\"},\"0\":false,\"ewww_image_optimizer\":\"Reduced by 5.8% (8.0&nbsp;kB)\",\"views\":\"2\",\"likes\":\"0\"},\"title\":\"080 Barcelona Spring-Summer 2016\",\"description\":\"<p>080 Barcelona Spring-Summer 2016<\\\/p>\",\"link\":null,\"link_target\":\"\",\"download\":\"https:\\\/\\\/bobvarela.com\\\/wp-content\\\/flagallery\\\/blame-label-coleccionaureari-en-el-080-barcelona\\\/blame_label_022.jpg\",\"ratio\":0.6670000000000000373034936274052597582340240478515625},{\"id\":\"20053\",\"image\":\"https:\\\/\\\/bobvarela.com\\\/wp-content\\\/flagallery\\\/blame-label-coleccionaureari-en-el-080-barcelona\\\/webview\\\/blame_label_023.jpg\",\"thumb\":\"https:\\\/\\\/bobvarela.com\\\/wp-content\\\/flagallery\\\/blame-label-coleccionaureari-en-el-080-barcelona\\\/thumbs\\\/thumbs_blame_label_023.jpg\",\"file\":\"blame_label_023.jpg\",\"meta\":{\"aperture\":false,\"credit\":false,\"camera\":false,\"caption\":\"080 Barcelona Spring-Summer 2016\",\"created_timestamp\":\"June 30, 2015 10:39 am\",\"copyright\":\"\\u00c2\\u00a9 2015 Estrop-Barcelona PHOTOGRAPH FOR EDITORIAL USE ONLY\",\"focal_length\":false,\"iso\":false,\"shutter_speed\":false,\"flash\":false,\"title\":\"080 Barcelona Spring-Summer 2016\",\"keywords\":\"080 Barcelona,Estrop-Barcelona,Spring-Summer 2016\",\"width\":667,\"height\":1000,\"saved\":true,\"thumbnail\":{\"width\":220,\"height\":220,\"ewww_image_optimizer\":\"Reduced by 10.6% (3.5&nbsp;kB)\"},\"webview\":{\"0\":667,\"1\":1000,\"2\":2,\"3\":\"width=\\\"667\\\" height=\\\"1000\\\"\",\"bits\":8,\"channels\":3,\"mime\":\"image\\\/jpeg\",\"ewww_image_optimizer\":\"Reduced by 5.6% (3.6&nbsp;kB) - Previously Optimized\"},\"0\":false,\"ewww_image_optimizer\":\"Reduced by 5.9% (7.7&nbsp;kB)\",\"views\":\"2\",\"likes\":\"0\"},\"title\":\"080 Barcelona Spring-Summer 2016\",\"description\":\"<p>080 Barcelona Spring-Summer 2016<\\\/p>\",\"link\":null,\"link_target\":\"\",\"download\":\"https:\\\/\\\/bobvarela.com\\\/wp-content\\\/flagallery\\\/blame-label-coleccionaureari-en-el-080-barcelona\\\/blame_label_023.jpg\",\"ratio\":0.6670000000000000373034936274052597582340240478515625},{\"id\":\"20054\",\"image\":\"https:\\\/\\\/bobvarela.com\\\/wp-content\\\/flagallery\\\/blame-label-coleccionaureari-en-el-080-barcelona\\\/webview\\\/blame_label_024.jpg\",\"thumb\":\"https:\\\/\\\/bobvarela.com\\\/wp-content\\\/flagallery\\\/blame-label-coleccionaureari-en-el-080-barcelona\\\/thumbs\\\/thumbs_blame_label_024.jpg\",\"file\":\"blame_label_024.jpg\",\"meta\":{\"aperture\":false,\"credit\":false,\"camera\":false,\"caption\":\"080 Barcelona Spring-Summer 2016\",\"created_timestamp\":\"June 30, 2015 10:39 am\",\"copyright\":\"\\u00c2\\u00a9 2015 Estrop-Barcelona PHOTOGRAPH FOR EDITORIAL USE ONLY\",\"focal_length\":false,\"iso\":false,\"shutter_speed\":false,\"flash\":false,\"title\":\"080 Barcelona Spring-Summer 2016\",\"keywords\":\"080 Barcelona,Estrop-Barcelona,Spring-Summer 2016\",\"width\":667,\"height\":1000,\"saved\":true,\"thumbnail\":{\"width\":220,\"height\":220,\"ewww_image_optimizer\":\"Reduced by 10.4% (3.6&nbsp;kB)\"},\"webview\":{\"0\":667,\"1\":1000,\"2\":2,\"3\":\"width=\\\"667\\\" height=\\\"1000\\\"\",\"bits\":8,\"channels\":3,\"mime\":\"image\\\/jpeg\",\"ewww_image_optimizer\":\"Reduced by 4.6% (3.6&nbsp;kB) - Previously Optimized\"},\"0\":false,\"ewww_image_optimizer\":\"Reduced by 4.4% (7.1&nbsp;kB)\",\"views\":\"2\",\"likes\":\"0\"},\"title\":\"080 Barcelona Spring-Summer 2016\",\"description\":\"<p>080 Barcelona Spring-Summer 2016<\\\/p>\",\"link\":null,\"link_target\":\"\",\"download\":\"https:\\\/\\\/bobvarela.com\\\/wp-content\\\/flagallery\\\/blame-label-coleccionaureari-en-el-080-barcelona\\\/blame_label_024.jpg\",\"ratio\":0.6670000000000000373034936274052597582340240478515625},{\"id\":\"20055\",\"image\":\"https:\\\/\\\/bobvarela.com\\\/wp-content\\\/flagallery\\\/blame-label-coleccionaureari-en-el-080-barcelona\\\/webview\\\/blame_label_025.jpg\",\"thumb\":\"https:\\\/\\\/bobvarela.com\\\/wp-content\\\/flagallery\\\/blame-label-coleccionaureari-en-el-080-barcelona\\\/thumbs\\\/thumbs_blame_label_025.jpg\",\"file\":\"blame_label_025.jpg\",\"meta\":{\"aperture\":false,\"credit\":false,\"camera\":false,\"caption\":\"080 Barcelona Spring-Summer 2016\",\"created_timestamp\":\"June 30, 2015 11:39 am\",\"copyright\":\"\\u00c2\\u00a9 2015 Estrop-Barcelona PHOTOGRAPH FOR EDITORIAL USE ONLY\",\"focal_length\":false,\"iso\":false,\"shutter_speed\":false,\"flash\":false,\"title\":\"080 Barcelona Spring-Summer 2016\",\"keywords\":\"080 Barcelona,Estrop-Barcelona,Spring-Summer 2016\",\"width\":667,\"height\":1000,\"saved\":true,\"thumbnail\":{\"width\":220,\"height\":220,\"ewww_image_optimizer\":\"Reduced by 10.5% (3.0&nbsp;kB)\"},\"webview\":{\"0\":667,\"1\":1000,\"2\":2,\"3\":\"width=\\\"667\\\" height=\\\"1000\\\"\",\"bits\":8,\"channels\":3,\"mime\":\"image\\\/jpeg\",\"ewww_image_optimizer\":\"Reduced by 7.0% (4.1&nbsp;kB) - Previously Optimized\"},\"0\":false,\"ewww_image_optimizer\":\"Reduced by 6.2% (7.7&nbsp;kB)\",\"views\":\"1\",\"likes\":\"0\"},\"title\":\"080 Barcelona Spring-Summer 2016\",\"description\":\"<p>080 Barcelona Spring-Summer 2016<\\\/p>\",\"link\":null,\"link_target\":\"\",\"download\":\"https:\\\/\\\/bobvarela.com\\\/wp-content\\\/flagallery\\\/blame-label-coleccionaureari-en-el-080-barcelona\\\/blame_label_025.jpg\",\"ratio\":0.6670000000000000373034936274052597582340240478515625},{\"id\":\"20056\",\"image\":\"https:\\\/\\\/bobvarela.com\\\/wp-content\\\/flagallery\\\/blame-label-coleccionaureari-en-el-080-barcelona\\\/webview\\\/blame_label_026.jpg\",\"thumb\":\"https:\\\/\\\/bobvarela.com\\\/wp-content\\\/flagallery\\\/blame-label-coleccionaureari-en-el-080-barcelona\\\/thumbs\\\/thumbs_blame_label_026.jpg\",\"file\":\"blame_label_026.jpg\",\"meta\":{\"aperture\":false,\"credit\":false,\"camera\":false,\"caption\":\"080 Barcelona Spring-Summer 2016\",\"created_timestamp\":\"June 30, 2015 10:39 am\",\"copyright\":\"\\u00c2\\u00a9 2015 Estrop-Barcelona PHOTOGRAPH FOR EDITORIAL USE ONLY\",\"focal_length\":false,\"iso\":false,\"shutter_speed\":false,\"flash\":false,\"title\":\"080 Barcelona Spring-Summer 2016\",\"keywords\":\"080 Barcelona,Estrop-Barcelona,Spring-Summer 2016\",\"width\":667,\"height\":1000,\"saved\":true,\"thumbnail\":{\"width\":220,\"height\":220,\"ewww_image_optimizer\":\"Reduced by 11.4% (3.3&nbsp;kB)\"},\"webview\":{\"0\":667,\"1\":1000,\"2\":2,\"3\":\"width=\\\"667\\\" height=\\\"1000\\\"\",\"bits\":8,\"channels\":3,\"mime\":\"image\\\/jpeg\",\"ewww_image_optimizer\":\"Reduced by 7.2% (4.4&nbsp;kB) - Previously Optimized\"},\"0\":false,\"ewww_image_optimizer\":\"Reduced by 6.9% (8.6&nbsp;kB)\",\"views\":\"2\",\"likes\":\"0\"},\"title\":\"080 Barcelona Spring-Summer 2016\",\"description\":\"<p>080 Barcelona Spring-Summer 2016<\\\/p>\",\"link\":null,\"link_target\":\"\",\"download\":\"https:\\\/\\\/bobvarela.com\\\/wp-content\\\/flagallery\\\/blame-label-coleccionaureari-en-el-080-barcelona\\\/blame_label_026.jpg\",\"ratio\":0.6670000000000000373034936274052597582340240478515625},{\"id\":\"20057\",\"image\":\"https:\\\/\\\/bobvarela.com\\\/wp-content\\\/flagallery\\\/blame-label-coleccionaureari-en-el-080-barcelona\\\/webview\\\/blame_label_027.jpg\",\"thumb\":\"https:\\\/\\\/bobvarela.com\\\/wp-content\\\/flagallery\\\/blame-label-coleccionaureari-en-el-080-barcelona\\\/thumbs\\\/thumbs_blame_label_027.jpg\",\"file\":\"blame_label_027.jpg\",\"meta\":{\"aperture\":false,\"credit\":false,\"camera\":false,\"caption\":\"080 Barcelona Spring-Summer 2016\",\"created_timestamp\":\"June 30, 2015 10:40 am\",\"copyright\":\"\\u00c2\\u00a9 2015 Estrop-Barcelona PHOTOGRAPH FOR EDITORIAL USE ONLY\",\"focal_length\":false,\"iso\":false,\"shutter_speed\":false,\"flash\":false,\"title\":\"080 Barcelona Spring-Summer 2016\",\"keywords\":\"080 Barcelona,Estrop-Barcelona,Spring-Summer 2016\",\"width\":667,\"height\":1000,\"saved\":true,\"thumbnail\":{\"width\":220,\"height\":220,\"ewww_image_optimizer\":\"Reduced by 10.4% (3.6&nbsp;kB)\"},\"webview\":{\"0\":667,\"1\":1000,\"2\":2,\"3\":\"width=\\\"667\\\" height=\\\"1000\\\"\",\"bits\":8,\"channels\":3,\"mime\":\"image\\\/jpeg\",\"ewww_image_optimizer\":\"Reduced by 5.0% (3.9&nbsp;kB) - Previously Optimized\"},\"0\":false,\"ewww_image_optimizer\":\"Reduced by 5.0% (8.0&nbsp;kB)\",\"views\":\"2\",\"likes\":\"0\"},\"title\":\"080 Barcelona Spring-Summer 2016\",\"description\":\"<p>080 Barcelona Spring-Summer 2016<\\\/p>\",\"link\":null,\"link_target\":\"\",\"download\":\"https:\\\/\\\/bobvarela.com\\\/wp-content\\\/flagallery\\\/blame-label-coleccionaureari-en-el-080-barcelona\\\/blame_label_027.jpg\",\"ratio\":0.6670000000000000373034936274052597582340240478515625},{\"id\":\"20058\",\"image\":\"https:\\\/\\\/bobvarela.com\\\/wp-content\\\/flagallery\\\/blame-label-coleccionaureari-en-el-080-barcelona\\\/webview\\\/blame_label_028.jpg\",\"thumb\":\"https:\\\/\\\/bobvarela.com\\\/wp-content\\\/flagallery\\\/blame-label-coleccionaureari-en-el-080-barcelona\\\/thumbs\\\/thumbs_blame_label_028.jpg\",\"file\":\"blame_label_028.jpg\",\"meta\":{\"aperture\":false,\"credit\":false,\"camera\":false,\"caption\":\"080 Barcelona Spring-Summer 2016\",\"created_timestamp\":\"June 30, 2015 10:40 am\",\"copyright\":\"\\u00c2\\u00a9 2015 Estrop-Barcelona PHOTOGRAPH FOR EDITORIAL USE ONLY\",\"focal_length\":false,\"iso\":false,\"shutter_speed\":false,\"flash\":false,\"title\":\"080 Barcelona Spring-Summer 2016\",\"keywords\":\"080 Barcelona,Estrop-Barcelona,Spring-Summer 2016\",\"width\":667,\"height\":1000,\"saved\":true,\"thumbnail\":{\"width\":220,\"height\":220,\"ewww_image_optimizer\":\"Reduced by 9.5% (3.2&nbsp;kB)\"},\"webview\":{\"0\":667,\"1\":1000,\"2\":2,\"3\":\"width=\\\"667\\\" height=\\\"1000\\\"\",\"bits\":8,\"channels\":3,\"mime\":\"image\\\/jpeg\",\"ewww_image_optimizer\":\"Reduced by 5.3% (4.1&nbsp;kB) - Previously Optimized\"},\"0\":false,\"ewww_image_optimizer\":\"Reduced by 4.7% (7.6&nbsp;kB)\",\"views\":\"1\",\"likes\":\"0\"},\"title\":\"080 Barcelona Spring-Summer 2016\",\"description\":\"<p>080 Barcelona Spring-Summer 2016<\\\/p>\",\"link\":null,\"link_target\":\"\",\"download\":\"https:\\\/\\\/bobvarela.com\\\/wp-content\\\/flagallery\\\/blame-label-coleccionaureari-en-el-080-barcelona\\\/blame_label_028.jpg\",\"ratio\":0.6670000000000000373034936274052597582340240478515625},{\"id\":\"20059\",\"image\":\"https:\\\/\\\/bobvarela.com\\\/wp-content\\\/flagallery\\\/blame-label-coleccionaureari-en-el-080-barcelona\\\/webview\\\/blame_label_029.jpg\",\"thumb\":\"https:\\\/\\\/bobvarela.com\\\/wp-content\\\/flagallery\\\/blame-label-coleccionaureari-en-el-080-barcelona\\\/thumbs\\\/thumbs_blame_label_029.jpg\",\"file\":\"blame_label_029.jpg\",\"meta\":{\"aperture\":false,\"credit\":false,\"camera\":false,\"caption\":\"080 Barcelona Spring-Summer 2016\",\"created_timestamp\":\"June 30, 2015 10:40 am\",\"copyright\":\"\\u00c2\\u00a9 2015 Estrop-Barcelona PHOTOGRAPH FOR EDITORIAL USE ONLY\",\"focal_length\":false,\"iso\":false,\"shutter_speed\":false,\"flash\":false,\"title\":\"080 Barcelona Spring-Summer 2016\",\"keywords\":\"080 Barcelona,Estrop-Barcelona,Spring-Summer 2016\",\"width\":667,\"height\":1000,\"saved\":true,\"thumbnail\":{\"width\":220,\"height\":220,\"ewww_image_optimizer\":\"Reduced by 10.9% (3.6&nbsp;kB)\"},\"webview\":{\"0\":667,\"1\":1000,\"2\":2,\"3\":\"width=\\\"667\\\" height=\\\"1000\\\"\",\"bits\":8,\"channels\":3,\"mime\":\"image\\\/jpeg\",\"ewww_image_optimizer\":\"Reduced by 5.8% (4.1&nbsp;kB) - Previously Optimized\"},\"0\":false,\"ewww_image_optimizer\":\"Reduced by 5.7% (8.4&nbsp;kB)\",\"views\":\"2\",\"likes\":\"0\"},\"title\":\"080 Barcelona Spring-Summer 2016\",\"description\":\"<p>080 Barcelona Spring-Summer 2016<\\\/p>\",\"link\":null,\"link_target\":\"\",\"download\":\"https:\\\/\\\/bobvarela.com\\\/wp-content\\\/flagallery\\\/blame-label-coleccionaureari-en-el-080-barcelona\\\/blame_label_029.jpg\",\"ratio\":0.6670000000000000373034936274052597582340240478515625},{\"id\":\"20060\",\"image\":\"https:\\\/\\\/bobvarela.com\\\/wp-content\\\/flagallery\\\/blame-label-coleccionaureari-en-el-080-barcelona\\\/webview\\\/blame_label_030.jpg\",\"thumb\":\"https:\\\/\\\/bobvarela.com\\\/wp-content\\\/flagallery\\\/blame-label-coleccionaureari-en-el-080-barcelona\\\/thumbs\\\/thumbs_blame_label_030.jpg\",\"file\":\"blame_label_030.jpg\",\"meta\":{\"aperture\":false,\"credit\":false,\"camera\":false,\"caption\":\"080 Barcelona Spring-Summer 2016\",\"created_timestamp\":\"June 30, 2015 10:40 am\",\"copyright\":\"\\u00c2\\u00a9 2015 Estrop-Barcelona PHOTOGRAPH FOR EDITORIAL USE ONLY\",\"focal_length\":false,\"iso\":false,\"shutter_speed\":false,\"flash\":false,\"title\":\"080 Barcelona Spring-Summer 2016\",\"keywords\":\"080 Barcelona,Estrop-Barcelona,Spring-Summer 2016\",\"width\":667,\"height\":1000,\"saved\":true,\"thumbnail\":{\"width\":220,\"height\":220,\"ewww_image_optimizer\":\"Reduced by 10.1% (3.6&nbsp;kB)\"},\"webview\":{\"0\":667,\"1\":1000,\"2\":2,\"3\":\"width=\\\"667\\\" height=\\\"1000\\\"\",\"bits\":8,\"channels\":3,\"mime\":\"image\\\/jpeg\",\"ewww_image_optimizer\":\"Reduced by 5.7% (5.0&nbsp;kB) - Previously Optimized\"},\"0\":false,\"ewww_image_optimizer\":\"Reduced by 5.3% (10.0&nbsp;kB)\",\"views\":\"2\",\"likes\":\"0\"},\"title\":\"080 Barcelona Spring-Summer 2016\",\"description\":\"<p>080 Barcelona Spring-Summer 2016<\\\/p>\",\"link\":null,\"link_target\":\"\",\"download\":\"https:\\\/\\\/bobvarela.com\\\/wp-content\\\/flagallery\\\/blame-label-coleccionaureari-en-el-080-barcelona\\\/blame_label_030.jpg\",\"ratio\":0.6670000000000000373034936274052597582340240478515625},{\"id\":\"20061\",\"image\":\"https:\\\/\\\/bobvarela.com\\\/wp-content\\\/flagallery\\\/blame-label-coleccionaureari-en-el-080-barcelona\\\/webview\\\/blame_label_031.jpg\",\"thumb\":\"https:\\\/\\\/bobvarela.com\\\/wp-content\\\/flagallery\\\/blame-label-coleccionaureari-en-el-080-barcelona\\\/thumbs\\\/thumbs_blame_label_031.jpg\",\"file\":\"blame_label_031.jpg\",\"meta\":{\"aperture\":false,\"credit\":false,\"camera\":false,\"caption\":\"080 Barcelona Spring-Summer 2016\",\"created_timestamp\":\"June 30, 2015 10:40 am\",\"copyright\":\"\\u00c2\\u00a9 2015 Estrop-Barcelona PHOTOGRAPH FOR EDITORIAL USE ONLY\",\"focal_length\":false,\"iso\":false,\"shutter_speed\":false,\"flash\":false,\"title\":\"080 Barcelona Spring-Summer 2016\",\"keywords\":\"080 Barcelona,Estrop-Barcelona,Spring-Summer 2016\",\"width\":667,\"height\":1000,\"saved\":true,\"thumbnail\":{\"width\":220,\"height\":220,\"ewww_image_optimizer\":\"Reduced by 10.4% (3.3&nbsp;kB)\"},\"webview\":{\"0\":667,\"1\":1000,\"2\":2,\"3\":\"width=\\\"667\\\" height=\\\"1000\\\"\",\"bits\":8,\"channels\":3,\"mime\":\"image\\\/jpeg\",\"ewww_image_optimizer\":\"Reduced by 5.1% (3.4&nbsp;kB) - Previously Optimized\"},\"0\":false,\"ewww_image_optimizer\":\"Reduced by 5.0% (6.8&nbsp;kB)\",\"views\":\"2\",\"likes\":\"0\"},\"title\":\"080 Barcelona Spring-Summer 2016\",\"description\":\"<p>080 Barcelona Spring-Summer 2016<\\\/p>\",\"link\":null,\"link_target\":\"\",\"download\":\"https:\\\/\\\/bobvarela.com\\\/wp-content\\\/flagallery\\\/blame-label-coleccionaureari-en-el-080-barcelona\\\/blame_label_031.jpg\",\"ratio\":0.6670000000000000373034936274052597582340240478515625},{\"id\":\"20062\",\"image\":\"https:\\\/\\\/bobvarela.com\\\/wp-content\\\/flagallery\\\/blame-label-coleccionaureari-en-el-080-barcelona\\\/webview\\\/blame_label_032.jpg\",\"thumb\":\"https:\\\/\\\/bobvarela.com\\\/wp-content\\\/flagallery\\\/blame-label-coleccionaureari-en-el-080-barcelona\\\/thumbs\\\/thumbs_blame_label_032.jpg\",\"file\":\"blame_label_032.jpg\",\"meta\":{\"aperture\":false,\"credit\":false,\"camera\":false,\"caption\":\"080 Barcelona Spring-Summer 2016\",\"created_timestamp\":\"June 30, 2015 10:40 am\",\"copyright\":\"\\u00c2\\u00a9 2015 Estrop-Barcelona PHOTOGRAPH FOR EDITORIAL USE ONLY\",\"focal_length\":false,\"iso\":false,\"shutter_speed\":false,\"flash\":false,\"title\":\"080 Barcelona Spring-Summer 2016\",\"keywords\":\"080 Barcelona,Estrop-Barcelona,Spring-Summer 2016\",\"width\":667,\"height\":1000,\"saved\":true,\"thumbnail\":{\"width\":220,\"height\":220,\"ewww_image_optimizer\":\"Reduced by 9.1% (2.9&nbsp;kB)\"},\"webview\":{\"0\":667,\"1\":1000,\"2\":2,\"3\":\"width=\\\"667\\\" height=\\\"1000\\\"\",\"bits\":8,\"channels\":3,\"mime\":\"image\\\/jpeg\",\"ewww_image_optimizer\":\"Reduced by 4.6% (3.5&nbsp;kB) - Previously Optimized\"},\"0\":false,\"ewww_image_optimizer\":\"Reduced by 4.2% (6.9&nbsp;kB)\",\"views\":\"1\",\"likes\":\"0\"},\"title\":\"080 Barcelona Spring-Summer 2016\",\"description\":\"<p>080 Barcelona Spring-Summer 2016<\\\/p>\",\"link\":null,\"link_target\":\"\",\"download\":\"https:\\\/\\\/bobvarela.com\\\/wp-content\\\/flagallery\\\/blame-label-coleccionaureari-en-el-080-barcelona\\\/blame_label_032.jpg\",\"ratio\":0.6670000000000000373034936274052597582340240478515625},{\"id\":\"20063\",\"image\":\"https:\\\/\\\/bobvarela.com\\\/wp-content\\\/flagallery\\\/blame-label-coleccionaureari-en-el-080-barcelona\\\/webview\\\/blame_label_033.jpg\",\"thumb\":\"https:\\\/\\\/bobvarela.com\\\/wp-content\\\/flagallery\\\/blame-label-coleccionaureari-en-el-080-barcelona\\\/thumbs\\\/thumbs_blame_label_033.jpg\",\"file\":\"blame_label_033.jpg\",\"meta\":{\"aperture\":false,\"credit\":false,\"camera\":false,\"caption\":\"080 Barcelona Spring-Summer 2016\",\"created_timestamp\":\"June 30, 2015 10:40 am\",\"copyright\":\"\\u00c2\\u00a9 2015 Estrop-Barcelona PHOTOGRAPH FOR EDITORIAL USE ONLY\",\"focal_length\":false,\"iso\":false,\"shutter_speed\":false,\"flash\":false,\"title\":\"080 Barcelona Spring-Summer 2016\",\"keywords\":\"080 Barcelona,Estrop-Barcelona,Spring-Summer 2016\",\"width\":667,\"height\":1000,\"saved\":true,\"thumbnail\":{\"width\":220,\"height\":220,\"ewww_image_optimizer\":\"Reduced by 9.7% (2.9&nbsp;kB)\"},\"webview\":{\"0\":667,\"1\":1000,\"2\":2,\"3\":\"width=\\\"667\\\" height=\\\"1000\\\"\",\"bits\":8,\"channels\":3,\"mime\":\"image\\\/jpeg\",\"ewww_image_optimizer\":\"Reduced by 4.1% (2.7&nbsp;kB) - Previously Optimized\"},\"0\":false,\"ewww_image_optimizer\":\"Reduced by 4.5% (5.8&nbsp;kB)\",\"views\":\"1\",\"likes\":\"0\"},\"title\":\"080 Barcelona Spring-Summer 2016\",\"description\":\"<p>080 Barcelona Spring-Summer 2016<\\\/p>\",\"link\":null,\"link_target\":\"\",\"download\":\"https:\\\/\\\/bobvarela.com\\\/wp-content\\\/flagallery\\\/blame-label-coleccionaureari-en-el-080-barcelona\\\/blame_label_033.jpg\",\"ratio\":0.6670000000000000373034936274052597582340240478515625},{\"id\":\"20064\",\"image\":\"https:\\\/\\\/bobvarela.com\\\/wp-content\\\/flagallery\\\/blame-label-coleccionaureari-en-el-080-barcelona\\\/webview\\\/blame_label_034.jpg\",\"thumb\":\"https:\\\/\\\/bobvarela.com\\\/wp-content\\\/flagallery\\\/blame-label-coleccionaureari-en-el-080-barcelona\\\/thumbs\\\/thumbs_blame_label_034.jpg\",\"file\":\"blame_label_034.jpg\",\"meta\":{\"aperture\":false,\"credit\":false,\"camera\":false,\"caption\":\"080 Barcelona Spring-Summer 2016\",\"created_timestamp\":\"June 30, 2015 10:41 am\",\"copyright\":\"\\u00c2\\u00a9 2015 Estrop-Barcelona PHOTOGRAPH FOR EDITORIAL USE ONLY\",\"focal_length\":false,\"iso\":false,\"shutter_speed\":false,\"flash\":false,\"title\":\"080 Barcelona Spring-Summer 2016\",\"keywords\":\"080 Barcelona,Estrop-Barcelona,Spring-Summer 2016\",\"width\":667,\"height\":1000,\"saved\":true,\"thumbnail\":{\"width\":220,\"height\":220,\"ewww_image_optimizer\":\"Reduced by 9.7% (3.0&nbsp;kB)\"},\"webview\":{\"0\":667,\"1\":1000,\"2\":2,\"3\":\"width=\\\"667\\\" height=\\\"1000\\\"\",\"bits\":8,\"channels\":3,\"mime\":\"image\\\/jpeg\",\"ewww_image_optimizer\":\"Reduced by 4.4% (3.1&nbsp;kB) - Previously Optimized\"},\"0\":false,\"ewww_image_optimizer\":\"Reduced by 4.5% (6.4&nbsp;kB)\",\"views\":\"1\",\"likes\":\"0\"},\"title\":\"080 Barcelona Spring-Summer 2016\",\"description\":\"<p>080 Barcelona Spring-Summer 2016<\\\/p>\",\"link\":null,\"link_target\":\"\",\"download\":\"https:\\\/\\\/bobvarela.com\\\/wp-content\\\/flagallery\\\/blame-label-coleccionaureari-en-el-080-barcelona\\\/blame_label_034.jpg\",\"ratio\":0.6670000000000000373034936274052597582340240478515625},{\"id\":\"20065\",\"image\":\"https:\\\/\\\/bobvarela.com\\\/wp-content\\\/flagallery\\\/blame-label-coleccionaureari-en-el-080-barcelona\\\/webview\\\/blame_label_035.jpg\",\"thumb\":\"https:\\\/\\\/bobvarela.com\\\/wp-content\\\/flagallery\\\/blame-label-coleccionaureari-en-el-080-barcelona\\\/thumbs\\\/thumbs_blame_label_035.jpg\",\"file\":\"blame_label_035.jpg\",\"meta\":{\"aperture\":false,\"credit\":false,\"camera\":false,\"caption\":\"080 Barcelona Spring-Summer 2016\",\"created_timestamp\":\"June 30, 2015 11:42 am\",\"copyright\":\"\\u00c2\\u00a9 2015 Estrop-Barcelona PHOTOGRAPH FOR EDITORIAL USE ONLY\",\"focal_length\":false,\"iso\":false,\"shutter_speed\":false,\"flash\":false,\"title\":\"080 Barcelona Spring-Summer 2016\",\"keywords\":\"080 Barcelona,Estrop-Barcelona,Spring-Summer 2016\",\"width\":667,\"height\":1000,\"saved\":true,\"thumbnail\":{\"width\":220,\"height\":220,\"ewww_image_optimizer\":\"Reduced by 11.0% (3.4&nbsp;kB)\"},\"webview\":{\"0\":667,\"1\":1000,\"2\":2,\"3\":\"width=\\\"667\\\" height=\\\"1000\\\"\",\"bits\":8,\"channels\":3,\"mime\":\"image\\\/jpeg\",\"ewww_image_optimizer\":\"Reduced by 6.1% (4.2&nbsp;kB) - Previously Optimized\"},\"0\":false,\"ewww_image_optimizer\":\"Reduced by 5.9% (8.6&nbsp;kB)\",\"views\":\"2\",\"likes\":\"0\"},\"title\":\"080 Barcelona Spring-Summer 2016\",\"description\":\"<p>080 Barcelona Spring-Summer 2016<\\\/p>\",\"link\":null,\"link_target\":\"\",\"download\":\"https:\\\/\\\/bobvarela.com\\\/wp-content\\\/flagallery\\\/blame-label-coleccionaureari-en-el-080-barcelona\\\/blame_label_035.jpg\",\"ratio\":0.6670000000000000373034936274052597582340240478515625},{\"id\":\"20066\",\"image\":\"https:\\\/\\\/bobvarela.com\\\/wp-content\\\/flagallery\\\/blame-label-coleccionaureari-en-el-080-barcelona\\\/webview\\\/blame_label_036.jpg\",\"thumb\":\"https:\\\/\\\/bobvarela.com\\\/wp-content\\\/flagallery\\\/blame-label-coleccionaureari-en-el-080-barcelona\\\/thumbs\\\/thumbs_blame_label_036.jpg\",\"file\":\"blame_label_036.jpg\",\"meta\":{\"aperture\":false,\"credit\":false,\"camera\":false,\"caption\":\"080 Barcelona Spring-Summer 2016\",\"created_timestamp\":\"June 30, 2015 10:41 am\",\"copyright\":\"\\u00c2\\u00a9 2015 Estrop-Barcelona PHOTOGRAPH FOR EDITORIAL USE ONLY\",\"focal_length\":false,\"iso\":false,\"shutter_speed\":false,\"flash\":false,\"title\":\"080 Barcelona Spring-Summer 2016\",\"keywords\":\"080 Barcelona,Estrop-Barcelona,Spring-Summer 2016\",\"width\":667,\"height\":1000,\"saved\":true,\"thumbnail\":{\"width\":220,\"height\":220,\"ewww_image_optimizer\":\"Reduced by 11.1% (3.3&nbsp;kB)\"},\"webview\":{\"0\":667,\"1\":1000,\"2\":2,\"3\":\"width=\\\"667\\\" height=\\\"1000\\\"\",\"bits\":8,\"channels\":3,\"mime\":\"image\\\/jpeg\",\"ewww_image_optimizer\":\"Reduced by 4.8% (3.1&nbsp;kB) - Previously Optimized\"},\"0\":false,\"ewww_image_optimizer\":\"Reduced by 5.8% (7.2&nbsp;kB)\",\"views\":\"2\",\"likes\":\"0\"},\"title\":\"080 Barcelona Spring-Summer 2016\",\"description\":\"<p>080 Barcelona Spring-Summer 2016<\\\/p>\",\"link\":null,\"link_target\":\"\",\"download\":\"https:\\\/\\\/bobvarela.com\\\/wp-content\\\/flagallery\\\/blame-label-coleccionaureari-en-el-080-barcelona\\\/blame_label_036.jpg\",\"ratio\":0.6670000000000000373034936274052597582340240478515625},{\"id\":\"20067\",\"image\":\"https:\\\/\\\/bobvarela.com\\\/wp-content\\\/flagallery\\\/blame-label-coleccionaureari-en-el-080-barcelona\\\/webview\\\/blame_label_037.jpg\",\"thumb\":\"https:\\\/\\\/bobvarela.com\\\/wp-content\\\/flagallery\\\/blame-label-coleccionaureari-en-el-080-barcelona\\\/thumbs\\\/thumbs_blame_label_037.jpg\",\"file\":\"blame_label_037.jpg\",\"meta\":{\"aperture\":false,\"credit\":false,\"camera\":false,\"caption\":\"080 Barcelona Spring-Summer 2016\",\"created_timestamp\":\"June 30, 2015 10:41 am\",\"copyright\":\"\\u00c2\\u00a9 2015 Estrop-Barcelona PHOTOGRAPH FOR EDITORIAL USE ONLY\",\"focal_length\":false,\"iso\":false,\"shutter_speed\":false,\"flash\":false,\"title\":\"080 Barcelona Spring-Summer 2016\",\"keywords\":\"080 Barcelona,Estrop-Barcelona,Spring-Summer 2016\",\"width\":667,\"height\":1000,\"saved\":true,\"thumbnail\":{\"width\":220,\"height\":220,\"ewww_image_optimizer\":\"Reduced by 11.1% (3.2&nbsp;kB)\"},\"webview\":{\"0\":667,\"1\":1000,\"2\":2,\"3\":\"width=\\\"667\\\" height=\\\"1000\\\"\",\"bits\":8,\"channels\":3,\"mime\":\"image\\\/jpeg\",\"ewww_image_optimizer\":\"Reduced by 5.4% (3.6&nbsp;kB) - Previously Optimized\"},\"0\":false,\"ewww_image_optimizer\":\"Reduced by 5.7% (7.7&nbsp;kB)\",\"views\":\"2\",\"likes\":\"0\"},\"title\":\"080 Barcelona Spring-Summer 2016\",\"description\":\"<p>080 Barcelona Spring-Summer 2016<\\\/p>\",\"link\":null,\"link_target\":\"\",\"download\":\"https:\\\/\\\/bobvarela.com\\\/wp-content\\\/flagallery\\\/blame-label-coleccionaureari-en-el-080-barcelona\\\/blame_label_037.jpg\",\"ratio\":0.6670000000000000373034936274052597582340240478515625},{\"id\":\"20068\",\"image\":\"https:\\\/\\\/bobvarela.com\\\/wp-content\\\/flagallery\\\/blame-label-coleccionaureari-en-el-080-barcelona\\\/webview\\\/blame_label_038.jpg\",\"thumb\":\"https:\\\/\\\/bobvarela.com\\\/wp-content\\\/flagallery\\\/blame-label-coleccionaureari-en-el-080-barcelona\\\/thumbs\\\/thumbs_blame_label_038.jpg\",\"file\":\"blame_label_038.jpg\",\"meta\":{\"aperture\":false,\"credit\":false,\"camera\":false,\"caption\":\"080 Barcelona Spring-Summer 2016\",\"created_timestamp\":\"June 30, 2015 10:41 am\",\"copyright\":\"\\u00c2\\u00a9 2015 Estrop-Barcelona PHOTOGRAPH FOR EDITORIAL USE ONLY\",\"focal_length\":false,\"iso\":false,\"shutter_speed\":false,\"flash\":false,\"title\":\"080 Barcelona Spring-Summer 2016\",\"keywords\":\"080 Barcelona,Estrop-Barcelona,Spring-Summer 2016\",\"width\":667,\"height\":1000,\"saved\":true,\"thumbnail\":{\"width\":220,\"height\":220,\"ewww_image_optimizer\":\"Reduced by 9.3% (2.7&nbsp;kB)\"},\"webview\":{\"0\":667,\"1\":1000,\"2\":2,\"3\":\"width=\\\"667\\\" height=\\\"1000\\\"\",\"bits\":8,\"channels\":3,\"mime\":\"image\\\/jpeg\",\"ewww_image_optimizer\":\"Reduced by 6.0% (4.9&nbsp;kB) - Previously Optimized\"},\"0\":false,\"ewww_image_optimizer\":\"Reduced by 5.0% (8.3&nbsp;kB)\",\"views\":\"1\",\"likes\":\"0\"},\"title\":\"080 Barcelona Spring-Summer 2016\",\"description\":\"<p>080 Barcelona Spring-Summer 2016<\\\/p>\",\"link\":null,\"link_target\":\"\",\"download\":\"https:\\\/\\\/bobvarela.com\\\/wp-content\\\/flagallery\\\/blame-label-coleccionaureari-en-el-080-barcelona\\\/blame_label_038.jpg\",\"ratio\":0.6670000000000000373034936274052597582340240478515625},{\"id\":\"20069\",\"image\":\"https:\\\/\\\/bobvarela.com\\\/wp-content\\\/flagallery\\\/blame-label-coleccionaureari-en-el-080-barcelona\\\/webview\\\/blame_label_039.jpg\",\"thumb\":\"https:\\\/\\\/bobvarela.com\\\/wp-content\\\/flagallery\\\/blame-label-coleccionaureari-en-el-080-barcelona\\\/thumbs\\\/thumbs_blame_label_039.jpg\",\"file\":\"blame_label_039.jpg\",\"meta\":{\"aperture\":false,\"credit\":false,\"camera\":false,\"caption\":\"080 Barcelona Spring-Summer 2016\",\"created_timestamp\":\"June 30, 2015 10:41 am\",\"copyright\":\"\\u00c2\\u00a9 2015 Estrop-Barcelona PHOTOGRAPH FOR EDITORIAL USE ONLY\",\"focal_length\":false,\"iso\":false,\"shutter_speed\":false,\"flash\":false,\"title\":\"080 Barcelona Spring-Summer 2016\",\"keywords\":\"080 Barcelona,Estrop-Barcelona,Spring-Summer 2016\",\"width\":667,\"height\":1000,\"saved\":true,\"thumbnail\":{\"width\":220,\"height\":220,\"ewww_image_optimizer\":\"Reduced by 10.6% (3.2&nbsp;kB)\"},\"webview\":{\"0\":667,\"1\":1000,\"2\":2,\"3\":\"width=\\\"667\\\" height=\\\"1000\\\"\",\"bits\":8,\"channels\":3,\"mime\":\"image\\\/jpeg\",\"ewww_image_optimizer\":\"Reduced by 6.4% (4.2&nbsp;kB) - Previously Optimized\"},\"0\":false,\"ewww_image_optimizer\":\"Reduced by 6.1% (8.4&nbsp;kB)\",\"views\":\"2\",\"likes\":\"0\"},\"title\":\"080 Barcelona Spring-Summer 2016\",\"description\":\"<p>080 Barcelona Spring-Summer 2016<\\\/p>\",\"link\":null,\"link_target\":\"\",\"download\":\"https:\\\/\\\/bobvarela.com\\\/wp-content\\\/flagallery\\\/blame-label-coleccionaureari-en-el-080-barcelona\\\/blame_label_039.jpg\",\"ratio\":0.6670000000000000373034936274052597582340240478515625},{\"id\":\"20070\",\"image\":\"https:\\\/\\\/bobvarela.com\\\/wp-content\\\/flagallery\\\/blame-label-coleccionaureari-en-el-080-barcelona\\\/webview\\\/blame_label_040.jpg\",\"thumb\":\"https:\\\/\\\/bobvarela.com\\\/wp-content\\\/flagallery\\\/blame-label-coleccionaureari-en-el-080-barcelona\\\/thumbs\\\/thumbs_blame_label_040.jpg\",\"file\":\"blame_label_040.jpg\",\"meta\":{\"aperture\":false,\"credit\":false,\"camera\":false,\"caption\":\"080 Barcelona Spring-Summer 2016\",\"created_timestamp\":\"June 30, 2015 10:41 am\",\"copyright\":\"\\u00c2\\u00a9 2015 Estrop-Barcelona PHOTOGRAPH FOR EDITORIAL USE ONLY\",\"focal_length\":false,\"iso\":false,\"shutter_speed\":false,\"flash\":false,\"title\":\"080 Barcelona Spring-Summer 2016\",\"keywords\":\"080 Barcelona,Estrop-Barcelona,Spring-Summer 2016\",\"width\":667,\"height\":1000,\"saved\":true,\"thumbnail\":{\"width\":220,\"height\":220,\"ewww_image_optimizer\":\"Reduced by 9.5% (3.1&nbsp;kB)\"},\"webview\":{\"0\":667,\"1\":1000,\"2\":2,\"3\":\"width=\\\"667\\\" height=\\\"1000\\\"\",\"bits\":8,\"channels\":3,\"mime\":\"image\\\/jpeg\",\"ewww_image_optimizer\":\"Reduced by 5.4% (3.9&nbsp;kB) - Previously Optimized\"},\"0\":false,\"ewww_image_optimizer\":\"Reduced by 4.9% (7.8&nbsp;kB)\",\"views\":\"2\",\"likes\":\"0\"},\"title\":\"080 Barcelona Spring-Summer 2016\",\"description\":\"<p>080 Barcelona Spring-Summer 2016<\\\/p>\",\"link\":null,\"link_target\":\"\",\"download\":\"https:\\\/\\\/bobvarela.com\\\/wp-content\\\/flagallery\\\/blame-label-coleccionaureari-en-el-080-barcelona\\\/blame_label_040.jpg\",\"ratio\":0.6670000000000000373034936274052597582340240478515625},{\"id\":\"20071\",\"image\":\"https:\\\/\\\/bobvarela.com\\\/wp-content\\\/flagallery\\\/blame-label-coleccionaureari-en-el-080-barcelona\\\/webview\\\/blame_label_041.jpg\",\"thumb\":\"https:\\\/\\\/bobvarela.com\\\/wp-content\\\/flagallery\\\/blame-label-coleccionaureari-en-el-080-barcelona\\\/thumbs\\\/thumbs_blame_label_041.jpg\",\"file\":\"blame_label_041.jpg\",\"meta\":{\"aperture\":false,\"credit\":false,\"camera\":false,\"caption\":\"080 Barcelona Spring-Summer 2016\",\"created_timestamp\":\"June 30, 2015 10:42 am\",\"copyright\":\"\\u00c2\\u00a9 2015 Estrop-Barcelona PHOTOGRAPH FOR EDITORIAL USE ONLY\",\"focal_length\":false,\"iso\":false,\"shutter_speed\":false,\"flash\":false,\"title\":\"080 Barcelona Spring-Summer 2016\",\"keywords\":\"080 Barcelona,Estrop-Barcelona,Spring-Summer 2016\",\"width\":667,\"height\":1000,\"saved\":true,\"thumbnail\":{\"width\":220,\"height\":220,\"ewww_image_optimizer\":\"Reduced by 10.3% (2.9&nbsp;kB)\"},\"webview\":{\"0\":667,\"1\":1000,\"2\":2,\"3\":\"width=\\\"667\\\" height=\\\"1000\\\"\",\"bits\":8,\"channels\":3,\"mime\":\"image\\\/jpeg\",\"ewww_image_optimizer\":\"Reduced by 7.8% (4.7&nbsp;kB) - Previously Optimized\"},\"0\":false,\"ewww_image_optimizer\":\"Reduced by 7.4% (9.1&nbsp;kB)\",\"views\":\"1\",\"likes\":\"0\"},\"title\":\"080 Barcelona Spring-Summer 2016\",\"description\":\"<p>080 Barcelona Spring-Summer 2016<\\\/p>\",\"link\":null,\"link_target\":\"\",\"download\":\"https:\\\/\\\/bobvarela.com\\\/wp-content\\\/flagallery\\\/blame-label-coleccionaureari-en-el-080-barcelona\\\/blame_label_041.jpg\",\"ratio\":0.6670000000000000373034936274052597582340240478515625},{\"id\":\"20072\",\"image\":\"https:\\\/\\\/bobvarela.com\\\/wp-content\\\/flagallery\\\/blame-label-coleccionaureari-en-el-080-barcelona\\\/webview\\\/blame_label_042.jpg\",\"thumb\":\"https:\\\/\\\/bobvarela.com\\\/wp-content\\\/flagallery\\\/blame-label-coleccionaureari-en-el-080-barcelona\\\/thumbs\\\/thumbs_blame_label_042.jpg\",\"file\":\"blame_label_042.jpg\",\"meta\":{\"aperture\":false,\"credit\":false,\"camera\":false,\"caption\":\"080 Barcelona Spring-Summer 2016\",\"created_timestamp\":\"June 30, 2015 10:42 am\",\"copyright\":\"\\u00c2\\u00a9 2015 Estrop-Barcelona PHOTOGRAPH FOR EDITORIAL USE ONLY\",\"focal_length\":false,\"iso\":false,\"shutter_speed\":false,\"flash\":false,\"title\":\"080 Barcelona Spring-Summer 2016\",\"keywords\":\"080 Barcelona,Estrop-Barcelona,Spring-Summer 2016\",\"width\":667,\"height\":1000,\"saved\":true,\"thumbnail\":{\"width\":220,\"height\":220,\"ewww_image_optimizer\":\"Reduced by 9.7% (2.9&nbsp;kB)\"},\"webview\":{\"0\":667,\"1\":1000,\"2\":2,\"3\":\"width=\\\"667\\\" height=\\\"1000\\\"\",\"bits\":8,\"channels\":3,\"mime\":\"image\\\/jpeg\",\"ewww_image_optimizer\":\"Reduced by 5.2% (3.8&nbsp;kB) - Previously Optimized\"},\"0\":false,\"ewww_image_optimizer\":\"Reduced by 5.3% (8.0&nbsp;kB)\",\"views\":\"2\",\"likes\":\"0\"},\"title\":\"080 Barcelona Spring-Summer 2016\",\"description\":\"<p>080 Barcelona Spring-Summer 2016<\\\/p>\",\"link\":null,\"link_target\":\"\",\"download\":\"https:\\\/\\\/bobvarela.com\\\/wp-content\\\/flagallery\\\/blame-label-coleccionaureari-en-el-080-barcelona\\\/blame_label_042.jpg\",\"ratio\":0.6670000000000000373034936274052597582340240478515625},{\"id\":\"20073\",\"image\":\"https:\\\/\\\/bobvarela.com\\\/wp-content\\\/flagallery\\\/blame-label-coleccionaureari-en-el-080-barcelona\\\/webview\\\/blame_label_043.jpg\",\"thumb\":\"https:\\\/\\\/bobvarela.com\\\/wp-content\\\/flagallery\\\/blame-label-coleccionaureari-en-el-080-barcelona\\\/thumbs\\\/thumbs_blame_label_043.jpg\",\"file\":\"blame_label_043.jpg\",\"meta\":{\"aperture\":false,\"credit\":false,\"camera\":false,\"caption\":\"080 Barcelona Spring-Summer 2016\",\"created_timestamp\":\"June 30, 2015 10:42 am\",\"copyright\":\"\\u00c2\\u00a9 2015 Estrop-Barcelona PHOTOGRAPH FOR EDITORIAL USE ONLY\",\"focal_length\":false,\"iso\":false,\"shutter_speed\":false,\"flash\":false,\"title\":\"080 Barcelona Spring-Summer 2016\",\"keywords\":\"080 Barcelona,Estrop-Barcelona,Spring-Summer 2016\",\"width\":667,\"height\":1000,\"saved\":true,\"thumbnail\":{\"width\":220,\"height\":220,\"ewww_image_optimizer\":\"Reduced by 9.8% (2.7&nbsp;kB)\"},\"webview\":{\"0\":667,\"1\":1000,\"2\":2,\"3\":\"width=\\\"667\\\" height=\\\"1000\\\"\",\"bits\":8,\"channels\":3,\"mime\":\"image\\\/jpeg\",\"ewww_image_optimizer\":\"Reduced by 6.6% (4.2&nbsp;kB) - Previously Optimized\"},\"0\":false,\"ewww_image_optimizer\":\"Reduced by 5.8% (8.0&nbsp;kB)\",\"views\":\"1\",\"likes\":\"0\"},\"title\":\"080 Barcelona Spring-Summer 2016\",\"description\":\"<p>080 Barcelona Spring-Summer 2016<\\\/p>\",\"link\":null,\"link_target\":\"\",\"download\":\"https:\\\/\\\/bobvarela.com\\\/wp-content\\\/flagallery\\\/blame-label-coleccionaureari-en-el-080-barcelona\\\/blame_label_043.jpg\",\"ratio\":0.6670000000000000373034936274052597582340240478515625},{\"id\":\"20074\",\"image\":\"https:\\\/\\\/bobvarela.com\\\/wp-content\\\/flagallery\\\/blame-label-coleccionaureari-en-el-080-barcelona\\\/webview\\\/blame_label_044.jpg\",\"thumb\":\"https:\\\/\\\/bobvarela.com\\\/wp-content\\\/flagallery\\\/blame-label-coleccionaureari-en-el-080-barcelona\\\/thumbs\\\/thumbs_blame_label_044.jpg\",\"file\":\"blame_label_044.jpg\",\"meta\":{\"aperture\":false,\"credit\":false,\"camera\":false,\"caption\":\"080 Barcelona Spring-Summer 2016\",\"created_timestamp\":\"June 30, 2015 10:42 am\",\"copyright\":\"\\u00c2\\u00a9 2015 Estrop-Barcelona PHOTOGRAPH FOR EDITORIAL USE ONLY\",\"focal_length\":false,\"iso\":false,\"shutter_speed\":false,\"flash\":false,\"title\":\"080 Barcelona Spring-Summer 2016\",\"keywords\":\"080 Barcelona,Estrop-Barcelona,Spring-Summer 2016\",\"width\":667,\"height\":1000,\"saved\":true,\"thumbnail\":{\"width\":220,\"height\":220,\"ewww_image_optimizer\":\"Reduced by 9.9% (2.6&nbsp;kB)\"},\"webview\":{\"0\":667,\"1\":1000,\"2\":2,\"3\":\"width=\\\"667\\\" height=\\\"1000\\\"\",\"bits\":8,\"channels\":3,\"mime\":\"image\\\/jpeg\",\"ewww_image_optimizer\":\"Reduced by 5.1% (2.5&nbsp;kB) - Previously Optimized\"},\"0\":false,\"ewww_image_optimizer\":\"Reduced by 8.9% (17.5&nbsp;kB)\",\"views\":\"3\",\"likes\":\"0\"},\"title\":\"080 Barcelona Spring-Summer 2016\",\"description\":\"<p>080 Barcelona Spring-Summer 2016<\\\/p>\",\"link\":null,\"link_target\":\"\",\"download\":\"https:\\\/\\\/bobvarela.com\\\/wp-content\\\/flagallery\\\/blame-label-coleccionaureari-en-el-080-barcelona\\\/blame_label_044.jpg\",\"ratio\":0.6670000000000000373034936274052597582340240478515625},{\"id\":\"20075\",\"image\":\"https:\\\/\\\/bobvarela.com\\\/wp-content\\\/flagallery\\\/blame-label-coleccionaureari-en-el-080-barcelona\\\/webview\\\/blame_label_045.jpg\",\"thumb\":\"https:\\\/\\\/bobvarela.com\\\/wp-content\\\/flagallery\\\/blame-label-coleccionaureari-en-el-080-barcelona\\\/thumbs\\\/thumbs_blame_label_045.jpg\",\"file\":\"blame_label_045.jpg\",\"meta\":{\"aperture\":false,\"credit\":false,\"camera\":false,\"caption\":\"080 Barcelona Spring-Summer 2016\",\"created_timestamp\":\"June 30, 2015 10:42 am\",\"copyright\":\"\\u00c2\\u00a9 2015 Estrop-Barcelona PHOTOGRAPH FOR EDITORIAL USE ONLY\",\"focal_length\":false,\"iso\":false,\"shutter_speed\":false,\"flash\":false,\"title\":\"080 Barcelona Spring-Summer 2016\",\"keywords\":\"080 Barcelona,Estrop-Barcelona,Spring-Summer 2016\",\"width\":667,\"height\":1000,\"saved\":true,\"thumbnail\":{\"width\":220,\"height\":220,\"ewww_image_optimizer\":\"Reduced by 8.9% (2.8&nbsp;kB)\"},\"webview\":{\"0\":667,\"1\":1000,\"2\":2,\"3\":\"width=\\\"667\\\" height=\\\"1000\\\"\",\"bits\":8,\"channels\":3,\"mime\":\"image\\\/jpeg\",\"ewww_image_optimizer\":\"Reduced by 4.6% (3.2&nbsp;kB) - Previously Optimized\"},\"0\":false,\"ewww_image_optimizer\":\"Reduced by 4.6% (6.7&nbsp;kB)\",\"views\":\"3\",\"likes\":\"0\"},\"title\":\"080 Barcelona Spring-Summer 2016\",\"description\":\"<p>080 Barcelona Spring-Summer 2016<\\\/p>\",\"link\":null,\"link_target\":\"\",\"download\":\"https:\\\/\\\/bobvarela.com\\\/wp-content\\\/flagallery\\\/blame-label-coleccionaureari-en-el-080-barcelona\\\/blame_label_045.jpg\",\"ratio\":0.6670000000000000373034936274052597582340240478515625},{\"id\":\"20076\",\"image\":\"https:\\\/\\\/bobvarela.com\\\/wp-content\\\/flagallery\\\/blame-label-coleccionaureari-en-el-080-barcelona\\\/webview\\\/blame_label_046.jpg\",\"thumb\":\"https:\\\/\\\/bobvarela.com\\\/wp-content\\\/flagallery\\\/blame-label-coleccionaureari-en-el-080-barcelona\\\/thumbs\\\/thumbs_blame_label_046.jpg\",\"file\":\"blame_label_046.jpg\",\"meta\":{\"aperture\":false,\"credit\":false,\"camera\":false,\"caption\":\"080 Barcelona Spring-Summer 2016\",\"created_timestamp\":\"June 30, 2015 10:42 am\",\"copyright\":\"\\u00c2\\u00a9 2015 Estrop-Barcelona PHOTOGRAPH FOR EDITORIAL USE ONLY\",\"focal_length\":false,\"iso\":false,\"shutter_speed\":false,\"flash\":false,\"title\":\"080 Barcelona Spring-Summer 2016\",\"keywords\":\"080 Barcelona,Estrop-Barcelona,Spring-Summer 2016\",\"width\":667,\"height\":1000,\"saved\":true,\"thumbnail\":{\"width\":220,\"height\":220,\"ewww_image_optimizer\":\"Reduced by 9.7% (2.2&nbsp;kB)\"},\"webview\":{\"0\":667,\"1\":1000,\"2\":2,\"3\":\"width=\\\"667\\\" height=\\\"1000\\\"\",\"bits\":8,\"channels\":3,\"mime\":\"image\\\/jpeg\",\"ewww_image_optimizer\":\"Reduced by 6.6% (2.9&nbsp;kB) - Previously Optimized\"},\"0\":false,\"ewww_image_optimizer\":\"Reduced by 10.8% (19.4&nbsp;kB)\",\"views\":\"1\",\"likes\":\"0\"},\"title\":\"080 Barcelona Spring-Summer 2016\",\"description\":\"<p>080 Barcelona Spring-Summer 2016<\\\/p>\",\"link\":null,\"link_target\":\"\",\"download\":\"https:\\\/\\\/bobvarela.com\\\/wp-content\\\/flagallery\\\/blame-label-coleccionaureari-en-el-080-barcelona\\\/blame_label_046.jpg\",\"ratio\":0.6670000000000000373034936274052597582340240478515625},{\"id\":\"20077\",\"image\":\"https:\\\/\\\/bobvarela.com\\\/wp-content\\\/flagallery\\\/blame-label-coleccionaureari-en-el-080-barcelona\\\/webview\\\/blame_label_047.jpg\",\"thumb\":\"https:\\\/\\\/bobvarela.com\\\/wp-content\\\/flagallery\\\/blame-label-coleccionaureari-en-el-080-barcelona\\\/thumbs\\\/thumbs_blame_label_047.jpg\",\"file\":\"blame_label_047.jpg\",\"meta\":{\"aperture\":false,\"credit\":false,\"camera\":false,\"caption\":\"080 Barcelona Spring-Summer 2016\",\"created_timestamp\":\"June 30, 2015 10:43 am\",\"copyright\":\"\\u00c2\\u00a9 2015 Estrop-Barcelona PHOTOGRAPH FOR EDITORIAL USE ONLY\",\"focal_length\":false,\"iso\":false,\"shutter_speed\":false,\"flash\":false,\"title\":\"080 Barcelona Spring-Summer 2016\",\"keywords\":\"080 Barcelona,Estrop-Barcelona,Spring-Summer 2016\",\"width\":667,\"height\":1000,\"saved\":true,\"thumbnail\":{\"width\":220,\"height\":220,\"ewww_image_optimizer\":\"Reduced by 9.5% (3.6&nbsp;kB)\"},\"webview\":{\"0\":667,\"1\":1000,\"2\":2,\"3\":\"width=\\\"667\\\" height=\\\"1000\\\"\",\"bits\":8,\"channels\":3,\"mime\":\"image\\\/jpeg\",\"ewww_image_optimizer\":\"Reduced by 4.6% (3.8&nbsp;kB) - Previously Optimized\"},\"0\":false,\"ewww_image_optimizer\":\"Reduced by 4.4% (7.9&nbsp;kB)\",\"views\":\"1\",\"likes\":\"0\"},\"title\":\"080 Barcelona Spring-Summer 2016\",\"description\":\"<p>080 Barcelona Spring-Summer 2016<\\\/p>\",\"link\":null,\"link_target\":\"\",\"download\":\"https:\\\/\\\/bobvarela.com\\\/wp-content\\\/flagallery\\\/blame-label-coleccionaureari-en-el-080-barcelona\\\/blame_label_047.jpg\",\"ratio\":0.6670000000000000373034936274052597582340240478515625},{\"id\":\"20078\",\"image\":\"https:\\\/\\\/bobvarela.com\\\/wp-content\\\/flagallery\\\/blame-label-coleccionaureari-en-el-080-barcelona\\\/webview\\\/blame_label_048.jpg\",\"thumb\":\"https:\\\/\\\/bobvarela.com\\\/wp-content\\\/flagallery\\\/blame-label-coleccionaureari-en-el-080-barcelona\\\/thumbs\\\/thumbs_blame_label_048.jpg\",\"file\":\"blame_label_048.jpg\",\"meta\":{\"aperture\":false,\"credit\":false,\"camera\":false,\"caption\":\"080 Barcelona Spring-Summer 2016\",\"created_timestamp\":\"June 30, 2015 10:43 am\",\"copyright\":\"\\u00c2\\u00a9 2015 Estrop-Barcelona PHOTOGRAPH FOR EDITORIAL USE ONLY\",\"focal_length\":false,\"iso\":false,\"shutter_speed\":false,\"flash\":false,\"title\":\"080 Barcelona Spring-Summer 2016\",\"keywords\":\"080 Barcelona,Estrop-Barcelona,Spring-Summer 2016\",\"width\":667,\"height\":1000,\"saved\":true,\"thumbnail\":{\"width\":220,\"height\":220,\"ewww_image_optimizer\":\"Reduced by 9.1% (3.0&nbsp;kB)\"},\"webview\":{\"0\":667,\"1\":1000,\"2\":2,\"3\":\"width=\\\"667\\\" height=\\\"1000\\\"\",\"bits\":8,\"channels\":3,\"mime\":\"image\\\/jpeg\",\"ewww_image_optimizer\":\"Reduced by 4.4% (3.2&nbsp;kB) - Previously Optimized\"},\"0\":false,\"ewww_image_optimizer\":\"Reduced by 3.9% (6.2&nbsp;kB)\",\"views\":\"1\",\"likes\":\"0\"},\"title\":\"080 Barcelona Spring-Summer 2016\",\"description\":\"<p>080 Barcelona Spring-Summer 2016<\\\/p>\",\"link\":null,\"link_target\":\"\",\"download\":\"https:\\\/\\\/bobvarela.com\\\/wp-content\\\/flagallery\\\/blame-label-coleccionaureari-en-el-080-barcelona\\\/blame_label_048.jpg\",\"ratio\":0.6670000000000000373034936274052597582340240478515625},{\"id\":\"20079\",\"image\":\"https:\\\/\\\/bobvarela.com\\\/wp-content\\\/flagallery\\\/blame-label-coleccionaureari-en-el-080-barcelona\\\/webview\\\/blame_label_049.jpg\",\"thumb\":\"https:\\\/\\\/bobvarela.com\\\/wp-content\\\/flagallery\\\/blame-label-coleccionaureari-en-el-080-barcelona\\\/thumbs\\\/thumbs_blame_label_049.jpg\",\"file\":\"blame_label_049.jpg\",\"meta\":{\"aperture\":false,\"credit\":false,\"camera\":false,\"caption\":\"080 Barcelona Spring-Summer 2016\",\"created_timestamp\":\"June 30, 2015 10:43 am\",\"copyright\":\"\\u00c2\\u00a9 2015 Estrop-Barcelona PHOTOGRAPH FOR EDITORIAL USE ONLY\",\"focal_length\":false,\"iso\":false,\"shutter_speed\":false,\"flash\":false,\"title\":\"080 Barcelona Spring-Summer 2016\",\"keywords\":\"080 Barcelona,Estrop-Barcelona,Spring-Summer 2016\",\"width\":667,\"height\":1000,\"saved\":true,\"thumbnail\":{\"width\":220,\"height\":220,\"ewww_image_optimizer\":\"Reduced by 8.8% (3.0&nbsp;kB)\"},\"webview\":{\"0\":667,\"1\":1000,\"2\":2,\"3\":\"width=\\\"667\\\" height=\\\"1000\\\"\",\"bits\":8,\"channels\":3,\"mime\":\"image\\\/jpeg\",\"ewww_image_optimizer\":\"Reduced by 4.8% (3.8&nbsp;kB) - Previously Optimized\"},\"0\":false,\"ewww_image_optimizer\":\"Reduced by 4.1% (7.2&nbsp;kB)\",\"views\":\"1\",\"likes\":\"0\"},\"title\":\"080 Barcelona Spring-Summer 2016\",\"description\":\"<p>080 Barcelona Spring-Summer 2016<\\\/p>\",\"link\":null,\"link_target\":\"\",\"download\":\"https:\\\/\\\/bobvarela.com\\\/wp-content\\\/flagallery\\\/blame-label-coleccionaureari-en-el-080-barcelona\\\/blame_label_049.jpg\",\"ratio\":0.6670000000000000373034936274052597582340240478515625},{\"id\":\"20080\",\"image\":\"https:\\\/\\\/bobvarela.com\\\/wp-content\\\/flagallery\\\/blame-label-coleccionaureari-en-el-080-barcelona\\\/webview\\\/blame_label_050.jpg\",\"thumb\":\"https:\\\/\\\/bobvarela.com\\\/wp-content\\\/flagallery\\\/blame-label-coleccionaureari-en-el-080-barcelona\\\/thumbs\\\/thumbs_blame_label_050.jpg\",\"file\":\"blame_label_050.jpg\",\"meta\":{\"aperture\":false,\"credit\":false,\"camera\":false,\"caption\":\"080 Barcelona Spring-Summer 2016\",\"created_timestamp\":\"June 30, 2015 10:44 am\",\"copyright\":\"\\u00c2\\u00a9 2015 Estrop-Barcelona PHOTOGRAPH FOR EDITORIAL USE ONLY\",\"focal_length\":false,\"iso\":false,\"shutter_speed\":false,\"flash\":false,\"title\":\"080 Barcelona Spring-Summer 2016\",\"keywords\":\"080 Barcelona,Estrop-Barcelona,Spring-Summer 2016\",\"width\":667,\"height\":1000,\"saved\":true,\"thumbnail\":{\"width\":220,\"height\":220,\"ewww_image_optimizer\":\"Reduced by 10.4% (4.2&nbsp;kB)\"},\"webview\":{\"0\":667,\"1\":1000,\"2\":2,\"3\":\"width=\\\"667\\\" height=\\\"1000\\\"\",\"bits\":8,\"channels\":3,\"mime\":\"image\\\/jpeg\",\"ewww_image_optimizer\":\"Reduced by 3.9% (3.6&nbsp;kB) - Previously Optimized\"},\"0\":false,\"ewww_image_optimizer\":\"Reduced by 4.0% (7.6&nbsp;kB)\",\"views\":\"1\",\"likes\":\"0\"},\"title\":\"080 Barcelona Spring-Summer 2016\",\"description\":\"<p>080 Barcelona Spring-Summer 2016<\\\/p>\",\"link\":null,\"link_target\":\"\",\"download\":\"https:\\\/\\\/bobvarela.com\\\/wp-content\\\/flagallery\\\/blame-label-coleccionaureari-en-el-080-barcelona\\\/blame_label_050.jpg\",\"ratio\":0.6670000000000000373034936274052597582340240478515625},{\"id\":\"20081\",\"image\":\"https:\\\/\\\/bobvarela.com\\\/wp-content\\\/flagallery\\\/blame-label-coleccionaureari-en-el-080-barcelona\\\/webview\\\/blame_label_051.jpg\",\"thumb\":\"https:\\\/\\\/bobvarela.com\\\/wp-content\\\/flagallery\\\/blame-label-coleccionaureari-en-el-080-barcelona\\\/thumbs\\\/thumbs_blame_label_051.jpg\",\"file\":\"blame_label_051.jpg\",\"meta\":{\"aperture\":false,\"credit\":false,\"camera\":false,\"caption\":\"080 Barcelona Spring-Summer 2016\",\"created_timestamp\":\"June 30, 2015 10:46 am\",\"copyright\":\"\\u00c2\\u00a9 2015 Estrop-Barcelona PHOTOGRAPH FOR EDITORIAL USE ONLY\",\"focal_length\":false,\"iso\":false,\"shutter_speed\":false,\"flash\":false,\"title\":\"080 Barcelona Spring-Summer 2016\",\"keywords\":\"080 Barcelona,Estrop-Barcelona,Spring-Summer 2016\",\"width\":667,\"height\":1000,\"saved\":true,\"thumbnail\":{\"width\":220,\"height\":220,\"ewww_image_optimizer\":\"Reduced by 11.3% (3.6&nbsp;kB)\"},\"webview\":{\"0\":667,\"1\":1000,\"2\":2,\"3\":\"width=\\\"667\\\" height=\\\"1000\\\"\",\"bits\":8,\"channels\":3,\"mime\":\"image\\\/jpeg\",\"ewww_image_optimizer\":\"Reduced by 4.8% (3.2&nbsp;kB) - Previously Optimized\"},\"0\":false,\"ewww_image_optimizer\":\"Reduced by 5.0% (7.1&nbsp;kB)\",\"views\":\"2\",\"likes\":\"0\"},\"title\":\"080 Barcelona Spring-Summer 2016\",\"description\":\"<p>080 Barcelona Spring-Summer 2016<\\\/p>\",\"link\":null,\"link_target\":\"\",\"download\":\"https:\\\/\\\/bobvarela.com\\\/wp-content\\\/flagallery\\\/blame-label-coleccionaureari-en-el-080-barcelona\\\/blame_label_051.jpg\",\"ratio\":0.6670000000000000373034936274052597582340240478515625}]}; var container = $('#FlaGallery_sc1_276'); container.photomania(settings, content); window.FlaGallery_sc1_276 = container.data('photomania'); }); <\/script><\/div><noscript id=\"noscript_FlaGallery_sc1_276\"><img class=\"skip-lazy no-lazyload noLazy\" data-lazy-src=\"\" src =\"https:\/\/bobvarela.com\/wp-content\/flagallery\/blame-label-coleccionaureari-en-el-080-barcelona\/blame_label_002.jpg\" alt=\"080 Barcelona Spring-Summer 2016\" \/><img class=\"skip-lazy no-lazyload noLazy\" data-lazy-src=\"\" src =\"https:\/\/bobvarela.com\/wp-content\/flagallery\/blame-label-coleccionaureari-en-el-080-barcelona\/blame_label_003.jpg\" alt=\"080 Barcelona Spring-Summer 2016\" \/><img class=\"skip-lazy no-lazyload noLazy\" data-lazy-src=\"\" src =\"https:\/\/bobvarela.com\/wp-content\/flagallery\/blame-label-coleccionaureari-en-el-080-barcelona\/blame_label_004.jpg\" alt=\"080 Barcelona Spring-Summer 2016\" \/><img class=\"skip-lazy no-lazyload noLazy\" data-lazy-src=\"\" src =\"https:\/\/bobvarela.com\/wp-content\/flagallery\/blame-label-coleccionaureari-en-el-080-barcelona\/blame_label_005.jpg\" alt=\"080 Barcelona Spring-Summer 2016\" \/><img class=\"skip-lazy no-lazyload noLazy\" data-lazy-src=\"\" src =\"https:\/\/bobvarela.com\/wp-content\/flagallery\/blame-label-coleccionaureari-en-el-080-barcelona\/blame_label_006.jpg\" alt=\"080 Barcelona Spring-Summer 2016\" \/><img class=\"skip-lazy no-lazyload noLazy\" data-lazy-src=\"\" src =\"https:\/\/bobvarela.com\/wp-content\/flagallery\/blame-label-coleccionaureari-en-el-080-barcelona\/blame_label_007.jpg\" alt=\"080 Barcelona Spring-Summer 2016\" \/><img class=\"skip-lazy no-lazyload noLazy\" data-lazy-src=\"\" src =\"https:\/\/bobvarela.com\/wp-content\/flagallery\/blame-label-coleccionaureari-en-el-080-barcelona\/blame_label_008.jpg\" alt=\"080 Barcelona Spring-Summer 2016\" \/><img class=\"skip-lazy no-lazyload noLazy\" data-lazy-src=\"\" src =\"https:\/\/bobvarela.com\/wp-content\/flagallery\/blame-label-coleccionaureari-en-el-080-barcelona\/blame_label_009.jpg\" alt=\"080 Barcelona Spring-Summer 2016\" \/><img class=\"skip-lazy no-lazyload noLazy\" data-lazy-src=\"\" src =\"https:\/\/bobvarela.com\/wp-content\/flagallery\/blame-label-coleccionaureari-en-el-080-barcelona\/blame_label_010.jpg\" alt=\"080 Barcelona Spring-Summer 2016\" \/><img class=\"skip-lazy no-lazyload noLazy\" data-lazy-src=\"\" src =\"https:\/\/bobvarela.com\/wp-content\/flagallery\/blame-label-coleccionaureari-en-el-080-barcelona\/blame_label_011.jpg\" alt=\"080 Barcelona Spring-Summer 2016\" \/><img class=\"skip-lazy no-lazyload noLazy\" data-lazy-src=\"\" src =\"https:\/\/bobvarela.com\/wp-content\/flagallery\/blame-label-coleccionaureari-en-el-080-barcelona\/blame_label_012.jpg\" alt=\"080 Barcelona Spring-Summer 2016\" \/><img class=\"skip-lazy no-lazyload noLazy\" data-lazy-src=\"\" src =\"https:\/\/bobvarela.com\/wp-content\/flagallery\/blame-label-coleccionaureari-en-el-080-barcelona\/blame_label_013.jpg\" alt=\"080 Barcelona Spring-Summer 2016\" \/><img class=\"skip-lazy no-lazyload noLazy\" data-lazy-src=\"\" src =\"https:\/\/bobvarela.com\/wp-content\/flagallery\/blame-label-coleccionaureari-en-el-080-barcelona\/blame_label_015.jpg\" alt=\"080 Barcelona Spring-Summer 2016\" \/><img class=\"skip-lazy no-lazyload noLazy\" data-lazy-src=\"\" src =\"https:\/\/bobvarela.com\/wp-content\/flagallery\/blame-label-coleccionaureari-en-el-080-barcelona\/blame_label_016.jpg\" alt=\"080 Barcelona Spring-Summer 2016\" \/><img class=\"skip-lazy no-lazyload noLazy\" data-lazy-src=\"\" src =\"https:\/\/bobvarela.com\/wp-content\/flagallery\/blame-label-coleccionaureari-en-el-080-barcelona\/blame_label_018.jpg\" alt=\"080 Barcelona Spring-Summer 2016\" \/><img class=\"skip-lazy no-lazyload noLazy\" data-lazy-src=\"\" src =\"https:\/\/bobvarela.com\/wp-content\/flagallery\/blame-label-coleccionaureari-en-el-080-barcelona\/blame_label_019.jpg\" alt=\"080 Barcelona Spring-Summer 2016\" \/><img class=\"skip-lazy no-lazyload noLazy\" data-lazy-src=\"\" src =\"https:\/\/bobvarela.com\/wp-content\/flagallery\/blame-label-coleccionaureari-en-el-080-barcelona\/blame_label_020.jpg\" alt=\"080 Barcelona Spring-Summer 2016\" \/><img class=\"skip-lazy no-lazyload noLazy\" data-lazy-src=\"\" src =\"https:\/\/bobvarela.com\/wp-content\/flagallery\/blame-label-coleccionaureari-en-el-080-barcelona\/blame_label_021.jpg\" alt=\"080 Barcelona Spring-Summer 2016\" \/><img class=\"skip-lazy no-lazyload noLazy\" data-lazy-src=\"\" src =\"https:\/\/bobvarela.com\/wp-content\/flagallery\/blame-label-coleccionaureari-en-el-080-barcelona\/blame_label_022.jpg\" alt=\"080 Barcelona Spring-Summer 2016\" \/><img class=\"skip-lazy no-lazyload noLazy\" data-lazy-src=\"\" src =\"https:\/\/bobvarela.com\/wp-content\/flagallery\/blame-label-coleccionaureari-en-el-080-barcelona\/blame_label_023.jpg\" alt=\"080 Barcelona Spring-Summer 2016\" \/><img class=\"skip-lazy no-lazyload noLazy\" data-lazy-src=\"\" src =\"https:\/\/bobvarela.com\/wp-content\/flagallery\/blame-label-coleccionaureari-en-el-080-barcelona\/blame_label_024.jpg\" alt=\"080 Barcelona Spring-Summer 2016\" \/><img class=\"skip-lazy no-lazyload noLazy\" data-lazy-src=\"\" src =\"https:\/\/bobvarela.com\/wp-content\/flagallery\/blame-label-coleccionaureari-en-el-080-barcelona\/blame_label_025.jpg\" alt=\"080 Barcelona Spring-Summer 2016\" \/><img class=\"skip-lazy no-lazyload noLazy\" data-lazy-src=\"\" src =\"https:\/\/bobvarela.com\/wp-content\/flagallery\/blame-label-coleccionaureari-en-el-080-barcelona\/blame_label_026.jpg\" alt=\"080 Barcelona Spring-Summer 2016\" \/><img class=\"skip-lazy no-lazyload noLazy\" data-lazy-src=\"\" src =\"https:\/\/bobvarela.com\/wp-content\/flagallery\/blame-label-coleccionaureari-en-el-080-barcelona\/blame_label_027.jpg\" alt=\"080 Barcelona Spring-Summer 2016\" \/><img class=\"skip-lazy no-lazyload noLazy\" data-lazy-src=\"\" src =\"https:\/\/bobvarela.com\/wp-content\/flagallery\/blame-label-coleccionaureari-en-el-080-barcelona\/blame_label_028.jpg\" alt=\"080 Barcelona Spring-Summer 2016\" \/><img class=\"skip-lazy no-lazyload noLazy\" data-lazy-src=\"\" src =\"https:\/\/bobvarela.com\/wp-content\/flagallery\/blame-label-coleccionaureari-en-el-080-barcelona\/blame_label_029.jpg\" alt=\"080 Barcelona Spring-Summer 2016\" \/><img class=\"skip-lazy no-lazyload noLazy\" data-lazy-src=\"\" src =\"https:\/\/bobvarela.com\/wp-content\/flagallery\/blame-label-coleccionaureari-en-el-080-barcelona\/blame_label_030.jpg\" alt=\"080 Barcelona Spring-Summer 2016\" \/><img class=\"skip-lazy no-lazyload noLazy\" data-lazy-src=\"\" src =\"https:\/\/bobvarela.com\/wp-content\/flagallery\/blame-label-coleccionaureari-en-el-080-barcelona\/blame_label_031.jpg\" alt=\"080 Barcelona Spring-Summer 2016\" \/><img class=\"skip-lazy no-lazyload noLazy\" data-lazy-src=\"\" src =\"https:\/\/bobvarela.com\/wp-content\/flagallery\/blame-label-coleccionaureari-en-el-080-barcelona\/blame_label_032.jpg\" alt=\"080 Barcelona Spring-Summer 2016\" \/><img class=\"skip-lazy no-lazyload noLazy\" data-lazy-src=\"\" src =\"https:\/\/bobvarela.com\/wp-content\/flagallery\/blame-label-coleccionaureari-en-el-080-barcelona\/blame_label_033.jpg\" alt=\"080 Barcelona Spring-Summer 2016\" \/><img class=\"skip-lazy no-lazyload noLazy\" data-lazy-src=\"\" src =\"https:\/\/bobvarela.com\/wp-content\/flagallery\/blame-label-coleccionaureari-en-el-080-barcelona\/blame_label_034.jpg\" alt=\"080 Barcelona Spring-Summer 2016\" \/><img class=\"skip-lazy no-lazyload noLazy\" data-lazy-src=\"\" src =\"https:\/\/bobvarela.com\/wp-content\/flagallery\/blame-label-coleccionaureari-en-el-080-barcelona\/blame_label_035.jpg\" alt=\"080 Barcelona Spring-Summer 2016\" \/><img class=\"skip-lazy no-lazyload noLazy\" data-lazy-src=\"\" src =\"https:\/\/bobvarela.com\/wp-content\/flagallery\/blame-label-coleccionaureari-en-el-080-barcelona\/blame_label_036.jpg\" alt=\"080 Barcelona Spring-Summer 2016\" \/><img class=\"skip-lazy no-lazyload noLazy\" data-lazy-src=\"\" src =\"https:\/\/bobvarela.com\/wp-content\/flagallery\/blame-label-coleccionaureari-en-el-080-barcelona\/blame_label_037.jpg\" alt=\"080 Barcelona Spring-Summer 2016\" \/><img class=\"skip-lazy no-lazyload noLazy\" data-lazy-src=\"\" src =\"https:\/\/bobvarela.com\/wp-content\/flagallery\/blame-label-coleccionaureari-en-el-080-barcelona\/blame_label_038.jpg\" alt=\"080 Barcelona Spring-Summer 2016\" \/><img class=\"skip-lazy no-lazyload noLazy\" data-lazy-src=\"\" src =\"https:\/\/bobvarela.com\/wp-content\/flagallery\/blame-label-coleccionaureari-en-el-080-barcelona\/blame_label_039.jpg\" alt=\"080 Barcelona Spring-Summer 2016\" \/><img class=\"skip-lazy no-lazyload noLazy\" data-lazy-src=\"\" src =\"https:\/\/bobvarela.com\/wp-content\/flagallery\/blame-label-coleccionaureari-en-el-080-barcelona\/blame_label_040.jpg\" alt=\"080 Barcelona Spring-Summer 2016\" \/><img class=\"skip-lazy no-lazyload noLazy\" data-lazy-src=\"\" src =\"https:\/\/bobvarela.com\/wp-content\/flagallery\/blame-label-coleccionaureari-en-el-080-barcelona\/blame_label_041.jpg\" alt=\"080 Barcelona Spring-Summer 2016\" \/><img class=\"skip-lazy no-lazyload noLazy\" data-lazy-src=\"\" src =\"https:\/\/bobvarela.com\/wp-content\/flagallery\/blame-label-coleccionaureari-en-el-080-barcelona\/blame_label_042.jpg\" alt=\"080 Barcelona Spring-Summer 2016\" \/><img class=\"skip-lazy no-lazyload noLazy\" data-lazy-src=\"\" src =\"https:\/\/bobvarela.com\/wp-content\/flagallery\/blame-label-coleccionaureari-en-el-080-barcelona\/blame_label_043.jpg\" alt=\"080 Barcelona Spring-Summer 2016\" \/><img class=\"skip-lazy no-lazyload noLazy\" data-lazy-src=\"\" src =\"https:\/\/bobvarela.com\/wp-content\/flagallery\/blame-label-coleccionaureari-en-el-080-barcelona\/blame_label_044.jpg\" alt=\"080 Barcelona Spring-Summer 2016\" \/><img class=\"skip-lazy no-lazyload noLazy\" data-lazy-src=\"\" src =\"https:\/\/bobvarela.com\/wp-content\/flagallery\/blame-label-coleccionaureari-en-el-080-barcelona\/blame_label_045.jpg\" alt=\"080 Barcelona Spring-Summer 2016\" \/><img class=\"skip-lazy no-lazyload noLazy\" data-lazy-src=\"\" src =\"https:\/\/bobvarela.com\/wp-content\/flagallery\/blame-label-coleccionaureari-en-el-080-barcelona\/blame_label_046.jpg\" alt=\"080 Barcelona Spring-Summer 2016\" \/><img class=\"skip-lazy no-lazyload noLazy\" data-lazy-src=\"\" src =\"https:\/\/bobvarela.com\/wp-content\/flagallery\/blame-label-coleccionaureari-en-el-080-barcelona\/blame_label_047.jpg\" alt=\"080 Barcelona Spring-Summer 2016\" \/><img class=\"skip-lazy no-lazyload noLazy\" data-lazy-src=\"\" src =\"https:\/\/bobvarela.com\/wp-content\/flagallery\/blame-label-coleccionaureari-en-el-080-barcelona\/blame_label_048.jpg\" alt=\"080 Barcelona Spring-Summer 2016\" \/><img class=\"skip-lazy no-lazyload noLazy\" data-lazy-src=\"\" src =\"https:\/\/bobvarela.com\/wp-content\/flagallery\/blame-label-coleccionaureari-en-el-080-barcelona\/blame_label_049.jpg\" alt=\"080 Barcelona Spring-Summer 2016\" \/><img class=\"skip-lazy no-lazyload noLazy\" data-lazy-src=\"\" src =\"https:\/\/bobvarela.com\/wp-content\/flagallery\/blame-label-coleccionaureari-en-el-080-barcelona\/blame_label_050.jpg\" alt=\"080 Barcelona Spring-Summer 2016\" \/><img class=\"skip-lazy no-lazyload noLazy\" data-lazy-src=\"\" src =\"https:\/\/bobvarela.com\/wp-content\/flagallery\/blame-label-coleccionaureari-en-el-080-barcelona\/blame_label_051.jpg\" alt=\"080 Barcelona Spring-Summer 2016\" \/><\/noscript><\/p>\n<p>Fotos:&#160; cortesia de 080 Barcelona<\/p>\n","protected":false},"excerpt":{"rendered":"<p>El nombre de la colecci\u00f3n AUREARI, juego entre proporci\u00f3n aurea e ira, representa el camino hacia el vicio de la perfecci\u00f3n. 1-1-2-3-5-8-13\u2026(Fibonacci).&#160;&#160; La perfecci\u00f3n se representa con la proporci\u00f3n \u00c1UREA, todo comienza con una idea sencilla y durante el camino&hellip;<\/p>\n<p class=\"more-link-p\"><a class=\"more-link\" href=\"https:\/\/bobvarela.com\/?p=78863\">Read more &rarr;<\/a><\/p>\n","protected":false},"author":1,"featured_media":0,"comment_status":"open","ping_status":"open","sticky":false,"template":"","format":"standard","meta":{"ngg_post_thumbnail":0,"footnotes":""},"categories":[478,4],"tags":[],"class_list":["post-78863","post","type-post","status-publish","format-standard","hentry","category-080-barcelona","category-moda"],"_links":{"self":[{"href":"https:\/\/bobvarela.com\/index.php?rest_route=\/wp\/v2\/posts\/78863","targetHints":{"allow":["GET"]}}],"collection":[{"href":"https:\/\/bobvarela.com\/index.php?rest_route=\/wp\/v2\/posts"}],"about":[{"href":"https:\/\/bobvarela.com\/index.php?rest_route=\/wp\/v2\/types\/post"}],"author":[{"embeddable":true,"href":"https:\/\/bobvarela.com\/index.php?rest_route=\/wp\/v2\/users\/1"}],"replies":[{"embeddable":true,"href":"https:\/\/bobvarela.com\/index.php?rest_route=%2Fwp%2Fv2%2Fcomments&post=78863"}],"version-history":[{"count":2,"href":"https:\/\/bobvarela.com\/index.php?rest_route=\/wp\/v2\/posts\/78863\/revisions"}],"predecessor-version":[{"id":78865,"href":"https:\/\/bobvarela.com\/index.php?rest_route=\/wp\/v2\/posts\/78863\/revisions\/78865"}],"wp:attachment":[{"href":"https:\/\/bobvarela.com\/index.php?rest_route=%2Fwp%2Fv2%2Fmedia&parent=78863"}],"wp:term":[{"taxonomy":"category","embeddable":true,"href":"https:\/\/bobvarela.com\/index.php?rest_route=%2Fwp%2Fv2%2Fcategories&post=78863"},{"taxonomy":"post_tag","embeddable":true,"href":"https:\/\/bobvarela.com\/index.php?rest_route=%2Fwp%2Fv2%2Ftags&post=78863"}],"curies":[{"name":"wp","href":"https:\/\/api.w.org\/{rel}","templated":true}]}}