{"id":78872,"date":"2015-07-01T06:55:54","date_gmt":"2015-07-01T10:55:54","guid":{"rendered":"https:\/\/bobvarela.com\/?p=78872"},"modified":"2015-07-01T07:04:43","modified_gmt":"2015-07-01T11:04:43","slug":"lebor-gabala-coleccin-urban-folk-en-el-080-barcelona","status":"publish","type":"post","link":"https:\/\/bobvarela.com\/?p=78872","title":{"rendered":"Lebor Gabala  COLECCI&Oacute;N &#8211; URBAN FOLK en el 080 Barcelona"},"content":{"rendered":"<p align=\"center\"><font size=\"3\"><a href=\"https:\/\/bobvarela.com\/wp-content\/uploads\/2015\/07\/Lebor_Gabala_087.jpg\"><img loading=\"lazy\" decoding=\"async\" title=\"080 Barcelona Spring-Summer 2016\" style=\"border-top: 0px; border-right: 0px; background-image: none; border-bottom: 0px; padding-top: 0px; padding-left: 0px; border-left: 0px; display: inline; padding-right: 0px\" border=\"0\" alt=\"080 Barcelona Spring-Summer 2016\" src=\"https:\/\/bobvarela.com\/wp-content\/uploads\/2015\/07\/Lebor_Gabala_087_thumb.jpg\" width=\"198\" height=\"134\" \/><\/a><a href=\"https:\/\/bobvarela.com\/wp-content\/uploads\/2015\/07\/Lebor_Gabala_088.jpg\"><img loading=\"lazy\" decoding=\"async\" title=\"080 Barcelona Spring-Summer 2016\" style=\"border-top: 0px; border-right: 0px; background-image: none; border-bottom: 0px; padding-top: 0px; padding-left: 0px; border-left: 0px; display: inline; padding-right: 0px\" border=\"0\" alt=\"080 Barcelona Spring-Summer 2016\" src=\"https:\/\/bobvarela.com\/wp-content\/uploads\/2015\/07\/Lebor_Gabala_088_thumb.jpg\" width=\"198\" height=\"134\" \/><\/a><a href=\"https:\/\/bobvarela.com\/wp-content\/uploads\/2015\/07\/Lebor_Gabala_090.jpg\"><img loading=\"lazy\" decoding=\"async\" title=\"080 Barcelona Spring-Summer 2016\" style=\"border-top: 0px; border-right: 0px; background-image: none; border-bottom: 0px; padding-top: 0px; padding-left: 0px; border-left: 0px; display: inline; padding-right: 0px\" border=\"0\" alt=\"080 Barcelona Spring-Summer 2016\" src=\"https:\/\/bobvarela.com\/wp-content\/uploads\/2015\/07\/Lebor_Gabala_090_thumb.jpg\" width=\"198\" height=\"134\" \/><\/a><\/font><\/p>\n<p align=\"justify\"><font size=\"3\">Para el pr\u00f3ximo verano, la colecci\u00f3n de Lebor Gabala tira del hilo del <em>boho-chic<\/em> para sembrar las prendas de bordados y cruzar referencias urbanas con \u00e9tnicas y folk.<\/font><\/p>\n<p align=\"justify\"><font size=\"3\">Con un divertimento de estilo que se recrea en la confusi\u00f3n, las prendas mezclan elementos masculinos y femeninos, como un cuello camisero con un volante, o una pechera de guayabera con un poncho. Todo se cuestiona, huyendo de lo obvio, para crear una propuesta de prendas diferentes y sin embargo conocidas.<\/font><\/p>\n<p align=\"justify\"><font size=\"3\">Los setenta aportan su pincelada retro en estampados que van de la pared a la tribu, o de la pantalla del ordenador a un prado florido. Las rayas camiseras en popel\u00edn se enredan con otros temas, pero no se olvidan de&#160; las camisas.<\/font><\/p>\n<p align=\"justify\"><font size=\"3\">En el punto, las grecas alternan con las olas mientras el <em>jacquard<\/em> ondea sobre los hombros. Acogedores, los neutros, tan blandos y lavados como siempre, aportan su toque de calma a una colecci\u00f3n que expresa intensamente la alegr\u00eda de vivir.<\/font><\/p>\n<p align=\"justify\"><div class=\"flagallery photomania_skin\" id=\"FlaGallery_sc1_278\" ><style type=\"text\/css\" class=\"flagallery_skin_style_import\">#FlaGallery_sc1_278 .flagpm_preload {opacity:0;}#FlaGallery_sc1_278 .swiper-big-images img.flagpm_the_photo { max-height:100%; max-width:100%; display:inline; width:auto; height:auto !important; object-fit:unset; vertical-align:middle; border:none; }#FlaGallery_sc1_278 .flagpm_focus .swiper-big-images img.flagpm_the_photo { width:auto; height:auto; object-fit:unset; }#FlaGallery_sc1_278 .swiper-small-images img.flagpm_photo { max-width:none; max-height:none; }#FlaGallery_sc1_278 .swiper-small-images img.flagpm_photo.flagpm_photo_landscape { width:auto; height:100% !important; }#FlaGallery_sc1_278 .swiper-small-images img.flagpm_photo.flagpm_photo_portrait { width:100%; height:auto !important; }#FlaGallery_sc1_278 .flagpm_gallery_sources_list p { margin:7px 0; padding:0; font-size:inherit; }#FlaGallery_sc1_278 .flagpm_photo_details .flagpm_description_wrap a,#FlaGallery_sc1_278 .flagpm_big_button_wrap .flagpm_button.flagpm_like.flagpm_liked,#FlaGallery_sc1_278 .flagpm_big_button_wrap .flagpm_button.flagpm_like.flagpm_liked:hover {color:#0099e5;}#FlaGallery_sc1_278 .flagpm_photo_show .flagpm_big_button {background-color:#0099e5;}#FlaGallery_sc1_278 .swiper-small-images div.flagpm_photo.swiper-slide-active {border-color:#02adea;}#FlaGallery_sc1_278 .flagpm_photo_header .flagpm_name_wrap .flagpm_title_author a:hover,#FlaGallery_sc1_278 .flagpm_photo_details .flagpm_description_wrap a:hover {color:#02adea;}#FlaGallery_sc1_278 .flagpm_photo_show .flagpm_big_button:hover,#FlaGallery_sc1_278 .flagpm_focus_actions ul .flagpm_button.like.flagpm_liked {background-color:#02adea;}<\/style> <div class=\"flagpm_photo_show flagpm_w960 flagpm_w640 flagpm_w480 flagpm_preload\"> <div class=\"flagpm_photo_wrap has_prev_photo has_next_photo\"> <div class=\"swiper-container swiper-big-images\"> <div class=\"flagpm_photo_arrow_next flagpm_photo_arrow flagpm_next\"> <div title=\"Next\" class=\"flagpm_arrow\"><\/div> <\/div> <div class=\"flagpm_photo_arrow_previous flagpm_photo_arrow flagpm_prev\"> <div title=\"Previous\" class=\"flagpm_arrow\"><\/div> <\/div> <div class=\"swiper-wrapper\"><div class=\"swiper-slide\" data-hash=\"flagallery20139\" data-photo-id=\"20139\"><span class=\"flagpm_va\"><\/span><img decoding=\"async\" src=\"https:\/\/bobvarela.com\/wp-content\/flagallery\/lebor-gabala-coleccion-urban-folk-en-el-080-barcelona\/webview\/lebor_gabala_002.jpg\" data-src=\"https:\/\/bobvarela.com\/wp-content\/flagallery\/lebor-gabala-coleccion-urban-folk-en-el-080-barcelona\/webview\/lebor_gabala_002.jpg\" alt=\"080 Barcelona Spring-Summer 2016\" class=\"noLazy flagpm_the_photo swiper-lazy\"><div class=\"swiper-lazy-preloader swiper-lazy-preloader-black\"><\/div><\/div><div class=\"swiper-slide\" data-hash=\"flagallery20140\" data-photo-id=\"20140\"><span class=\"flagpm_va\"><\/span><img data-src=\"https:\/\/bobvarela.com\/wp-content\/flagallery\/lebor-gabala-coleccion-urban-folk-en-el-080-barcelona\/webview\/lebor_gabala_003.jpg\" alt=\"080 Barcelona Spring-Summer 2016\" class=\"noLazy flagpm_the_photo swiper-lazy\"><div class=\"swiper-lazy-preloader swiper-lazy-preloader-black\"><\/div><\/div><div class=\"swiper-slide\" data-hash=\"flagallery20141\" data-photo-id=\"20141\"><span class=\"flagpm_va\"><\/span><img data-src=\"https:\/\/bobvarela.com\/wp-content\/flagallery\/lebor-gabala-coleccion-urban-folk-en-el-080-barcelona\/webview\/lebor_gabala_004.jpg\" alt=\"080 Barcelona Spring-Summer 2016\" class=\"noLazy flagpm_the_photo swiper-lazy\"><div class=\"swiper-lazy-preloader swiper-lazy-preloader-black\"><\/div><\/div><div class=\"swiper-slide\" data-hash=\"flagallery20142\" data-photo-id=\"20142\"><span class=\"flagpm_va\"><\/span><img data-src=\"https:\/\/bobvarela.com\/wp-content\/flagallery\/lebor-gabala-coleccion-urban-folk-en-el-080-barcelona\/webview\/lebor_gabala_005.jpg\" alt=\"080 Barcelona Spring-Summer 2016\" class=\"noLazy flagpm_the_photo swiper-lazy\"><div class=\"swiper-lazy-preloader swiper-lazy-preloader-black\"><\/div><\/div><div class=\"swiper-slide\" data-hash=\"flagallery20143\" data-photo-id=\"20143\"><span class=\"flagpm_va\"><\/span><img data-src=\"https:\/\/bobvarela.com\/wp-content\/flagallery\/lebor-gabala-coleccion-urban-folk-en-el-080-barcelona\/webview\/lebor_gabala_006.jpg\" alt=\"080 Barcelona Spring-Summer 2016\" class=\"noLazy flagpm_the_photo swiper-lazy\"><div class=\"swiper-lazy-preloader swiper-lazy-preloader-black\"><\/div><\/div><div class=\"swiper-slide\" data-hash=\"flagallery20144\" data-photo-id=\"20144\"><span class=\"flagpm_va\"><\/span><img data-src=\"https:\/\/bobvarela.com\/wp-content\/flagallery\/lebor-gabala-coleccion-urban-folk-en-el-080-barcelona\/webview\/lebor_gabala_007.jpg\" alt=\"080 Barcelona Spring-Summer 2016\" class=\"noLazy flagpm_the_photo swiper-lazy\"><div class=\"swiper-lazy-preloader swiper-lazy-preloader-black\"><\/div><\/div><div class=\"swiper-slide\" data-hash=\"flagallery20145\" data-photo-id=\"20145\"><span class=\"flagpm_va\"><\/span><img data-src=\"https:\/\/bobvarela.com\/wp-content\/flagallery\/lebor-gabala-coleccion-urban-folk-en-el-080-barcelona\/webview\/lebor_gabala_008.jpg\" alt=\"080 Barcelona Spring-Summer 2016\" class=\"noLazy flagpm_the_photo swiper-lazy\"><div class=\"swiper-lazy-preloader swiper-lazy-preloader-black\"><\/div><\/div><div class=\"swiper-slide\" data-hash=\"flagallery20146\" data-photo-id=\"20146\"><span class=\"flagpm_va\"><\/span><img data-src=\"https:\/\/bobvarela.com\/wp-content\/flagallery\/lebor-gabala-coleccion-urban-folk-en-el-080-barcelona\/webview\/lebor_gabala_009.jpg\" alt=\"080 Barcelona Spring-Summer 2016\" class=\"noLazy flagpm_the_photo swiper-lazy\"><div class=\"swiper-lazy-preloader swiper-lazy-preloader-black\"><\/div><\/div><div class=\"swiper-slide\" data-hash=\"flagallery20147\" data-photo-id=\"20147\"><span class=\"flagpm_va\"><\/span><img data-src=\"https:\/\/bobvarela.com\/wp-content\/flagallery\/lebor-gabala-coleccion-urban-folk-en-el-080-barcelona\/webview\/lebor_gabala_010.jpg\" alt=\"080 Barcelona Spring-Summer 2016\" class=\"noLazy flagpm_the_photo swiper-lazy\"><div class=\"swiper-lazy-preloader swiper-lazy-preloader-black\"><\/div><\/div><div class=\"swiper-slide\" data-hash=\"flagallery20148\" data-photo-id=\"20148\"><span class=\"flagpm_va\"><\/span><img data-src=\"https:\/\/bobvarela.com\/wp-content\/flagallery\/lebor-gabala-coleccion-urban-folk-en-el-080-barcelona\/webview\/lebor_gabala_011.jpg\" alt=\"080 Barcelona Spring-Summer 2016\" class=\"noLazy flagpm_the_photo swiper-lazy\"><div class=\"swiper-lazy-preloader swiper-lazy-preloader-black\"><\/div><\/div><div class=\"swiper-slide\" data-hash=\"flagallery20149\" data-photo-id=\"20149\"><span class=\"flagpm_va\"><\/span><img data-src=\"https:\/\/bobvarela.com\/wp-content\/flagallery\/lebor-gabala-coleccion-urban-folk-en-el-080-barcelona\/webview\/lebor_gabala_012.jpg\" alt=\"080 Barcelona Spring-Summer 2016\" class=\"noLazy flagpm_the_photo swiper-lazy\"><div class=\"swiper-lazy-preloader swiper-lazy-preloader-black\"><\/div><\/div><div class=\"swiper-slide\" data-hash=\"flagallery20150\" data-photo-id=\"20150\"><span class=\"flagpm_va\"><\/span><img data-src=\"https:\/\/bobvarela.com\/wp-content\/flagallery\/lebor-gabala-coleccion-urban-folk-en-el-080-barcelona\/webview\/lebor_gabala_013.jpg\" alt=\"080 Barcelona Spring-Summer 2016\" class=\"noLazy flagpm_the_photo swiper-lazy\"><div class=\"swiper-lazy-preloader swiper-lazy-preloader-black\"><\/div><\/div><div class=\"swiper-slide\" data-hash=\"flagallery20151\" data-photo-id=\"20151\"><span class=\"flagpm_va\"><\/span><img data-src=\"https:\/\/bobvarela.com\/wp-content\/flagallery\/lebor-gabala-coleccion-urban-folk-en-el-080-barcelona\/webview\/lebor_gabala_014.jpg\" alt=\"080 Barcelona Spring-Summer 2016\" class=\"noLazy flagpm_the_photo swiper-lazy\"><div class=\"swiper-lazy-preloader swiper-lazy-preloader-black\"><\/div><\/div><div class=\"swiper-slide\" data-hash=\"flagallery20152\" data-photo-id=\"20152\"><span class=\"flagpm_va\"><\/span><img data-src=\"https:\/\/bobvarela.com\/wp-content\/flagallery\/lebor-gabala-coleccion-urban-folk-en-el-080-barcelona\/webview\/lebor_gabala_015.jpg\" alt=\"080 Barcelona Spring-Summer 2016\" class=\"noLazy flagpm_the_photo swiper-lazy\"><div class=\"swiper-lazy-preloader swiper-lazy-preloader-black\"><\/div><\/div><div class=\"swiper-slide\" data-hash=\"flagallery20153\" data-photo-id=\"20153\"><span class=\"flagpm_va\"><\/span><img data-src=\"https:\/\/bobvarela.com\/wp-content\/flagallery\/lebor-gabala-coleccion-urban-folk-en-el-080-barcelona\/webview\/lebor_gabala_016.jpg\" alt=\"080 Barcelona Spring-Summer 2016\" class=\"noLazy flagpm_the_photo swiper-lazy\"><div class=\"swiper-lazy-preloader swiper-lazy-preloader-black\"><\/div><\/div><div class=\"swiper-slide\" data-hash=\"flagallery20154\" data-photo-id=\"20154\"><span class=\"flagpm_va\"><\/span><img data-src=\"https:\/\/bobvarela.com\/wp-content\/flagallery\/lebor-gabala-coleccion-urban-folk-en-el-080-barcelona\/webview\/lebor_gabala_017.jpg\" alt=\"080 Barcelona Spring-Summer 2016\" class=\"noLazy flagpm_the_photo swiper-lazy\"><div class=\"swiper-lazy-preloader swiper-lazy-preloader-black\"><\/div><\/div><div class=\"swiper-slide\" data-hash=\"flagallery20155\" data-photo-id=\"20155\"><span class=\"flagpm_va\"><\/span><img data-src=\"https:\/\/bobvarela.com\/wp-content\/flagallery\/lebor-gabala-coleccion-urban-folk-en-el-080-barcelona\/webview\/lebor_gabala_018.jpg\" alt=\"080 Barcelona Spring-Summer 2016\" class=\"noLazy flagpm_the_photo swiper-lazy\"><div class=\"swiper-lazy-preloader swiper-lazy-preloader-black\"><\/div><\/div><div class=\"swiper-slide\" data-hash=\"flagallery20156\" data-photo-id=\"20156\"><span class=\"flagpm_va\"><\/span><img data-src=\"https:\/\/bobvarela.com\/wp-content\/flagallery\/lebor-gabala-coleccion-urban-folk-en-el-080-barcelona\/webview\/lebor_gabala_019.jpg\" alt=\"080 Barcelona Spring-Summer 2016\" class=\"noLazy flagpm_the_photo swiper-lazy\"><div class=\"swiper-lazy-preloader swiper-lazy-preloader-black\"><\/div><\/div><div class=\"swiper-slide\" data-hash=\"flagallery20157\" data-photo-id=\"20157\"><span class=\"flagpm_va\"><\/span><img data-src=\"https:\/\/bobvarela.com\/wp-content\/flagallery\/lebor-gabala-coleccion-urban-folk-en-el-080-barcelona\/webview\/lebor_gabala_020.jpg\" alt=\"080 Barcelona Spring-Summer 2016\" class=\"noLazy flagpm_the_photo swiper-lazy\"><div class=\"swiper-lazy-preloader swiper-lazy-preloader-black\"><\/div><\/div><div class=\"swiper-slide\" data-hash=\"flagallery20158\" data-photo-id=\"20158\"><span class=\"flagpm_va\"><\/span><img data-src=\"https:\/\/bobvarela.com\/wp-content\/flagallery\/lebor-gabala-coleccion-urban-folk-en-el-080-barcelona\/webview\/lebor_gabala_021.jpg\" alt=\"080 Barcelona Spring-Summer 2016\" class=\"noLazy flagpm_the_photo swiper-lazy\"><div class=\"swiper-lazy-preloader swiper-lazy-preloader-black\"><\/div><\/div><div class=\"swiper-slide\" data-hash=\"flagallery20159\" data-photo-id=\"20159\"><span class=\"flagpm_va\"><\/span><img data-src=\"https:\/\/bobvarela.com\/wp-content\/flagallery\/lebor-gabala-coleccion-urban-folk-en-el-080-barcelona\/webview\/lebor_gabala_022.jpg\" alt=\"080 Barcelona Spring-Summer 2016\" class=\"noLazy flagpm_the_photo swiper-lazy\"><div class=\"swiper-lazy-preloader swiper-lazy-preloader-black\"><\/div><\/div><div class=\"swiper-slide\" data-hash=\"flagallery20160\" data-photo-id=\"20160\"><span class=\"flagpm_va\"><\/span><img data-src=\"https:\/\/bobvarela.com\/wp-content\/flagallery\/lebor-gabala-coleccion-urban-folk-en-el-080-barcelona\/webview\/lebor_gabala_023.jpg\" alt=\"080 Barcelona Spring-Summer 2016\" class=\"noLazy flagpm_the_photo swiper-lazy\"><div class=\"swiper-lazy-preloader swiper-lazy-preloader-black\"><\/div><\/div><div class=\"swiper-slide\" data-hash=\"flagallery20161\" data-photo-id=\"20161\"><span class=\"flagpm_va\"><\/span><img data-src=\"https:\/\/bobvarela.com\/wp-content\/flagallery\/lebor-gabala-coleccion-urban-folk-en-el-080-barcelona\/webview\/lebor_gabala_024.jpg\" alt=\"080 Barcelona Spring-Summer 2016\" class=\"noLazy flagpm_the_photo swiper-lazy\"><div class=\"swiper-lazy-preloader swiper-lazy-preloader-black\"><\/div><\/div><div class=\"swiper-slide\" data-hash=\"flagallery20162\" data-photo-id=\"20162\"><span class=\"flagpm_va\"><\/span><img data-src=\"https:\/\/bobvarela.com\/wp-content\/flagallery\/lebor-gabala-coleccion-urban-folk-en-el-080-barcelona\/webview\/lebor_gabala_025.jpg\" alt=\"080 Barcelona Spring-Summer 2016\" class=\"noLazy flagpm_the_photo swiper-lazy\"><div class=\"swiper-lazy-preloader swiper-lazy-preloader-black\"><\/div><\/div><div class=\"swiper-slide\" data-hash=\"flagallery20163\" data-photo-id=\"20163\"><span class=\"flagpm_va\"><\/span><img data-src=\"https:\/\/bobvarela.com\/wp-content\/flagallery\/lebor-gabala-coleccion-urban-folk-en-el-080-barcelona\/webview\/lebor_gabala_027.jpg\" alt=\"080 Barcelona Spring-Summer 2016\" class=\"noLazy flagpm_the_photo swiper-lazy\"><div class=\"swiper-lazy-preloader swiper-lazy-preloader-black\"><\/div><\/div><div class=\"swiper-slide\" data-hash=\"flagallery20164\" data-photo-id=\"20164\"><span class=\"flagpm_va\"><\/span><img data-src=\"https:\/\/bobvarela.com\/wp-content\/flagallery\/lebor-gabala-coleccion-urban-folk-en-el-080-barcelona\/webview\/lebor_gabala_028.jpg\" alt=\"080 Barcelona Spring-Summer 2016\" class=\"noLazy flagpm_the_photo swiper-lazy\"><div class=\"swiper-lazy-preloader swiper-lazy-preloader-black\"><\/div><\/div><div class=\"swiper-slide\" data-hash=\"flagallery20165\" data-photo-id=\"20165\"><span class=\"flagpm_va\"><\/span><img data-src=\"https:\/\/bobvarela.com\/wp-content\/flagallery\/lebor-gabala-coleccion-urban-folk-en-el-080-barcelona\/webview\/lebor_gabala_029.jpg\" alt=\"080 Barcelona Spring-Summer 2016\" class=\"noLazy flagpm_the_photo swiper-lazy\"><div class=\"swiper-lazy-preloader swiper-lazy-preloader-black\"><\/div><\/div><div class=\"swiper-slide\" data-hash=\"flagallery20166\" data-photo-id=\"20166\"><span class=\"flagpm_va\"><\/span><img data-src=\"https:\/\/bobvarela.com\/wp-content\/flagallery\/lebor-gabala-coleccion-urban-folk-en-el-080-barcelona\/webview\/lebor_gabala_030.jpg\" alt=\"080 Barcelona Spring-Summer 2016\" class=\"noLazy flagpm_the_photo swiper-lazy\"><div class=\"swiper-lazy-preloader swiper-lazy-preloader-black\"><\/div><\/div><div class=\"swiper-slide\" data-hash=\"flagallery20167\" data-photo-id=\"20167\"><span class=\"flagpm_va\"><\/span><img data-src=\"https:\/\/bobvarela.com\/wp-content\/flagallery\/lebor-gabala-coleccion-urban-folk-en-el-080-barcelona\/webview\/lebor_gabala_031.jpg\" alt=\"080 Barcelona Spring-Summer 2016\" class=\"noLazy flagpm_the_photo swiper-lazy\"><div class=\"swiper-lazy-preloader swiper-lazy-preloader-black\"><\/div><\/div><div class=\"swiper-slide\" data-hash=\"flagallery20168\" data-photo-id=\"20168\"><span class=\"flagpm_va\"><\/span><img data-src=\"https:\/\/bobvarela.com\/wp-content\/flagallery\/lebor-gabala-coleccion-urban-folk-en-el-080-barcelona\/webview\/lebor_gabala_032.jpg\" alt=\"080 Barcelona Spring-Summer 2016\" class=\"noLazy flagpm_the_photo swiper-lazy\"><div class=\"swiper-lazy-preloader swiper-lazy-preloader-black\"><\/div><\/div><div class=\"swiper-slide\" data-hash=\"flagallery20169\" data-photo-id=\"20169\"><span class=\"flagpm_va\"><\/span><img data-src=\"https:\/\/bobvarela.com\/wp-content\/flagallery\/lebor-gabala-coleccion-urban-folk-en-el-080-barcelona\/webview\/lebor_gabala_033.jpg\" alt=\"080 Barcelona Spring-Summer 2016\" class=\"noLazy flagpm_the_photo swiper-lazy\"><div class=\"swiper-lazy-preloader swiper-lazy-preloader-black\"><\/div><\/div><div class=\"swiper-slide\" data-hash=\"flagallery20170\" data-photo-id=\"20170\"><span class=\"flagpm_va\"><\/span><img data-src=\"https:\/\/bobvarela.com\/wp-content\/flagallery\/lebor-gabala-coleccion-urban-folk-en-el-080-barcelona\/webview\/lebor_gabala_034.jpg\" alt=\"080 Barcelona Spring-Summer 2016\" class=\"noLazy flagpm_the_photo swiper-lazy\"><div class=\"swiper-lazy-preloader swiper-lazy-preloader-black\"><\/div><\/div><div class=\"swiper-slide\" data-hash=\"flagallery20171\" data-photo-id=\"20171\"><span class=\"flagpm_va\"><\/span><img data-src=\"https:\/\/bobvarela.com\/wp-content\/flagallery\/lebor-gabala-coleccion-urban-folk-en-el-080-barcelona\/webview\/lebor_gabala_035.jpg\" alt=\"080 Barcelona Spring-Summer 2016\" class=\"noLazy flagpm_the_photo swiper-lazy\"><div class=\"swiper-lazy-preloader swiper-lazy-preloader-black\"><\/div><\/div><div class=\"swiper-slide\" data-hash=\"flagallery20172\" data-photo-id=\"20172\"><span class=\"flagpm_va\"><\/span><img data-src=\"https:\/\/bobvarela.com\/wp-content\/flagallery\/lebor-gabala-coleccion-urban-folk-en-el-080-barcelona\/webview\/lebor_gabala_036.jpg\" alt=\"080 Barcelona Spring-Summer 2016\" class=\"noLazy flagpm_the_photo swiper-lazy\"><div class=\"swiper-lazy-preloader swiper-lazy-preloader-black\"><\/div><\/div><div class=\"swiper-slide\" data-hash=\"flagallery20173\" data-photo-id=\"20173\"><span class=\"flagpm_va\"><\/span><img data-src=\"https:\/\/bobvarela.com\/wp-content\/flagallery\/lebor-gabala-coleccion-urban-folk-en-el-080-barcelona\/webview\/lebor_gabala_037.jpg\" alt=\"080 Barcelona Spring-Summer 2016\" class=\"noLazy flagpm_the_photo swiper-lazy\"><div class=\"swiper-lazy-preloader swiper-lazy-preloader-black\"><\/div><\/div><div class=\"swiper-slide\" data-hash=\"flagallery20174\" data-photo-id=\"20174\"><span class=\"flagpm_va\"><\/span><img data-src=\"https:\/\/bobvarela.com\/wp-content\/flagallery\/lebor-gabala-coleccion-urban-folk-en-el-080-barcelona\/webview\/lebor_gabala_038.jpg\" alt=\"080 Barcelona Spring-Summer 2016\" class=\"noLazy flagpm_the_photo swiper-lazy\"><div class=\"swiper-lazy-preloader swiper-lazy-preloader-black\"><\/div><\/div><div class=\"swiper-slide\" data-hash=\"flagallery20175\" data-photo-id=\"20175\"><span class=\"flagpm_va\"><\/span><img data-src=\"https:\/\/bobvarela.com\/wp-content\/flagallery\/lebor-gabala-coleccion-urban-folk-en-el-080-barcelona\/webview\/lebor_gabala_039.jpg\" alt=\"080 Barcelona Spring-Summer 2016\" class=\"noLazy flagpm_the_photo swiper-lazy\"><div class=\"swiper-lazy-preloader swiper-lazy-preloader-black\"><\/div><\/div><div class=\"swiper-slide\" data-hash=\"flagallery20176\" data-photo-id=\"20176\"><span class=\"flagpm_va\"><\/span><img data-src=\"https:\/\/bobvarela.com\/wp-content\/flagallery\/lebor-gabala-coleccion-urban-folk-en-el-080-barcelona\/webview\/lebor_gabala_040.jpg\" alt=\"080 Barcelona Spring-Summer 2016\" class=\"noLazy flagpm_the_photo swiper-lazy\"><div class=\"swiper-lazy-preloader swiper-lazy-preloader-black\"><\/div><\/div><div class=\"swiper-slide\" data-hash=\"flagallery20177\" data-photo-id=\"20177\"><span class=\"flagpm_va\"><\/span><img data-src=\"https:\/\/bobvarela.com\/wp-content\/flagallery\/lebor-gabala-coleccion-urban-folk-en-el-080-barcelona\/webview\/lebor_gabala_041.jpg\" alt=\"080 Barcelona Spring-Summer 2016\" class=\"noLazy flagpm_the_photo swiper-lazy\"><div class=\"swiper-lazy-preloader swiper-lazy-preloader-black\"><\/div><\/div><div class=\"swiper-slide\" data-hash=\"flagallery20178\" data-photo-id=\"20178\"><span class=\"flagpm_va\"><\/span><img data-src=\"https:\/\/bobvarela.com\/wp-content\/flagallery\/lebor-gabala-coleccion-urban-folk-en-el-080-barcelona\/webview\/lebor_gabala_042.jpg\" alt=\"080 Barcelona Spring-Summer 2016\" class=\"noLazy flagpm_the_photo swiper-lazy\"><div class=\"swiper-lazy-preloader swiper-lazy-preloader-black\"><\/div><\/div><div class=\"swiper-slide\" data-hash=\"flagallery20179\" data-photo-id=\"20179\"><span class=\"flagpm_va\"><\/span><img data-src=\"https:\/\/bobvarela.com\/wp-content\/flagallery\/lebor-gabala-coleccion-urban-folk-en-el-080-barcelona\/webview\/lebor_gabala_043.jpg\" alt=\"080 Barcelona Spring-Summer 2016\" class=\"noLazy flagpm_the_photo swiper-lazy\"><div class=\"swiper-lazy-preloader swiper-lazy-preloader-black\"><\/div><\/div><div class=\"swiper-slide\" data-hash=\"flagallery20180\" data-photo-id=\"20180\"><span class=\"flagpm_va\"><\/span><img data-src=\"https:\/\/bobvarela.com\/wp-content\/flagallery\/lebor-gabala-coleccion-urban-folk-en-el-080-barcelona\/webview\/lebor_gabala_044.jpg\" alt=\"080 Barcelona Spring-Summer 2016\" class=\"noLazy flagpm_the_photo swiper-lazy\"><div class=\"swiper-lazy-preloader swiper-lazy-preloader-black\"><\/div><\/div><div class=\"swiper-slide\" data-hash=\"flagallery20181\" data-photo-id=\"20181\"><span class=\"flagpm_va\"><\/span><img data-src=\"https:\/\/bobvarela.com\/wp-content\/flagallery\/lebor-gabala-coleccion-urban-folk-en-el-080-barcelona\/webview\/lebor_gabala_045.jpg\" alt=\"080 Barcelona Spring-Summer 2016\" class=\"noLazy flagpm_the_photo swiper-lazy\"><div class=\"swiper-lazy-preloader swiper-lazy-preloader-black\"><\/div><\/div><div class=\"swiper-slide\" data-hash=\"flagallery20182\" data-photo-id=\"20182\"><span class=\"flagpm_va\"><\/span><img data-src=\"https:\/\/bobvarela.com\/wp-content\/flagallery\/lebor-gabala-coleccion-urban-folk-en-el-080-barcelona\/webview\/lebor_gabala_046.jpg\" alt=\"080 Barcelona Spring-Summer 2016\" class=\"noLazy flagpm_the_photo swiper-lazy\"><div class=\"swiper-lazy-preloader swiper-lazy-preloader-black\"><\/div><\/div><div class=\"swiper-slide\" data-hash=\"flagallery20183\" data-photo-id=\"20183\"><span class=\"flagpm_va\"><\/span><img data-src=\"https:\/\/bobvarela.com\/wp-content\/flagallery\/lebor-gabala-coleccion-urban-folk-en-el-080-barcelona\/webview\/lebor_gabala_047.jpg\" alt=\"080 Barcelona Spring-Summer 2016\" class=\"noLazy flagpm_the_photo swiper-lazy\"><div class=\"swiper-lazy-preloader swiper-lazy-preloader-black\"><\/div><\/div><div class=\"swiper-slide\" data-hash=\"flagallery20184\" data-photo-id=\"20184\"><span class=\"flagpm_va\"><\/span><img data-src=\"https:\/\/bobvarela.com\/wp-content\/flagallery\/lebor-gabala-coleccion-urban-folk-en-el-080-barcelona\/webview\/lebor_gabala_048.jpg\" alt=\"080 Barcelona Spring-Summer 2016\" class=\"noLazy flagpm_the_photo swiper-lazy\"><div class=\"swiper-lazy-preloader swiper-lazy-preloader-black\"><\/div><\/div><div class=\"swiper-slide\" data-hash=\"flagallery20185\" data-photo-id=\"20185\"><span class=\"flagpm_va\"><\/span><img data-src=\"https:\/\/bobvarela.com\/wp-content\/flagallery\/lebor-gabala-coleccion-urban-folk-en-el-080-barcelona\/webview\/lebor_gabala_049.jpg\" alt=\"080 Barcelona Spring-Summer 2016\" class=\"noLazy flagpm_the_photo swiper-lazy\"><div class=\"swiper-lazy-preloader swiper-lazy-preloader-black\"><\/div><\/div><div class=\"swiper-slide\" data-hash=\"flagallery20186\" data-photo-id=\"20186\"><span class=\"flagpm_va\"><\/span><img data-src=\"https:\/\/bobvarela.com\/wp-content\/flagallery\/lebor-gabala-coleccion-urban-folk-en-el-080-barcelona\/webview\/lebor_gabala_050.jpg\" alt=\"080 Barcelona Spring-Summer 2016\" class=\"noLazy flagpm_the_photo swiper-lazy\"><div class=\"swiper-lazy-preloader swiper-lazy-preloader-black\"><\/div><\/div><div class=\"swiper-slide\" data-hash=\"flagallery20187\" data-photo-id=\"20187\"><span class=\"flagpm_va\"><\/span><img data-src=\"https:\/\/bobvarela.com\/wp-content\/flagallery\/lebor-gabala-coleccion-urban-folk-en-el-080-barcelona\/webview\/lebor_gabala_051.jpg\" alt=\"080 Barcelona Spring-Summer 2016\" class=\"noLazy flagpm_the_photo swiper-lazy\"><div class=\"swiper-lazy-preloader swiper-lazy-preloader-black\"><\/div><\/div><div class=\"swiper-slide\" data-hash=\"flagallery20188\" data-photo-id=\"20188\"><span class=\"flagpm_va\"><\/span><img data-src=\"https:\/\/bobvarela.com\/wp-content\/flagallery\/lebor-gabala-coleccion-urban-folk-en-el-080-barcelona\/webview\/lebor_gabala_052.jpg\" alt=\"080 Barcelona Spring-Summer 2016\" class=\"noLazy flagpm_the_photo swiper-lazy\"><div class=\"swiper-lazy-preloader swiper-lazy-preloader-black\"><\/div><\/div><div class=\"swiper-slide\" data-hash=\"flagallery20189\" data-photo-id=\"20189\"><span class=\"flagpm_va\"><\/span><img data-src=\"https:\/\/bobvarela.com\/wp-content\/flagallery\/lebor-gabala-coleccion-urban-folk-en-el-080-barcelona\/webview\/lebor_gabala_053.jpg\" alt=\"080 Barcelona Spring-Summer 2016\" class=\"noLazy flagpm_the_photo swiper-lazy\"><div class=\"swiper-lazy-preloader swiper-lazy-preloader-black\"><\/div><\/div><div class=\"swiper-slide\" data-hash=\"flagallery20190\" data-photo-id=\"20190\"><span class=\"flagpm_va\"><\/span><img data-src=\"https:\/\/bobvarela.com\/wp-content\/flagallery\/lebor-gabala-coleccion-urban-folk-en-el-080-barcelona\/webview\/lebor_gabala_054.jpg\" alt=\"080 Barcelona Spring-Summer 2016\" class=\"noLazy flagpm_the_photo swiper-lazy\"><div class=\"swiper-lazy-preloader swiper-lazy-preloader-black\"><\/div><\/div><div class=\"swiper-slide\" data-hash=\"flagallery20191\" data-photo-id=\"20191\"><span class=\"flagpm_va\"><\/span><img data-src=\"https:\/\/bobvarela.com\/wp-content\/flagallery\/lebor-gabala-coleccion-urban-folk-en-el-080-barcelona\/webview\/lebor_gabala_055.jpg\" alt=\"080 Barcelona Spring-Summer 2016\" class=\"noLazy flagpm_the_photo swiper-lazy\"><div class=\"swiper-lazy-preloader swiper-lazy-preloader-black\"><\/div><\/div><div class=\"swiper-slide\" data-hash=\"flagallery20192\" data-photo-id=\"20192\"><span class=\"flagpm_va\"><\/span><img data-src=\"https:\/\/bobvarela.com\/wp-content\/flagallery\/lebor-gabala-coleccion-urban-folk-en-el-080-barcelona\/webview\/lebor_gabala_056.jpg\" alt=\"080 Barcelona Spring-Summer 2016\" class=\"noLazy flagpm_the_photo swiper-lazy\"><div class=\"swiper-lazy-preloader swiper-lazy-preloader-black\"><\/div><\/div><div class=\"swiper-slide\" data-hash=\"flagallery20193\" data-photo-id=\"20193\"><span class=\"flagpm_va\"><\/span><img data-src=\"https:\/\/bobvarela.com\/wp-content\/flagallery\/lebor-gabala-coleccion-urban-folk-en-el-080-barcelona\/webview\/lebor_gabala_057.jpg\" alt=\"080 Barcelona Spring-Summer 2016\" class=\"noLazy flagpm_the_photo swiper-lazy\"><div class=\"swiper-lazy-preloader swiper-lazy-preloader-black\"><\/div><\/div><div class=\"swiper-slide\" data-hash=\"flagallery20194\" data-photo-id=\"20194\"><span class=\"flagpm_va\"><\/span><img data-src=\"https:\/\/bobvarela.com\/wp-content\/flagallery\/lebor-gabala-coleccion-urban-folk-en-el-080-barcelona\/webview\/lebor_gabala_058.jpg\" alt=\"080 Barcelona Spring-Summer 2016\" class=\"noLazy flagpm_the_photo swiper-lazy\"><div class=\"swiper-lazy-preloader swiper-lazy-preloader-black\"><\/div><\/div><div class=\"swiper-slide\" data-hash=\"flagallery20195\" data-photo-id=\"20195\"><span class=\"flagpm_va\"><\/span><img data-src=\"https:\/\/bobvarela.com\/wp-content\/flagallery\/lebor-gabala-coleccion-urban-folk-en-el-080-barcelona\/webview\/lebor_gabala_059.jpg\" alt=\"080 Barcelona Spring-Summer 2016\" class=\"noLazy flagpm_the_photo swiper-lazy\"><div class=\"swiper-lazy-preloader swiper-lazy-preloader-black\"><\/div><\/div><div class=\"swiper-slide\" data-hash=\"flagallery20196\" data-photo-id=\"20196\"><span class=\"flagpm_va\"><\/span><img data-src=\"https:\/\/bobvarela.com\/wp-content\/flagallery\/lebor-gabala-coleccion-urban-folk-en-el-080-barcelona\/webview\/lebor_gabala_060.jpg\" alt=\"080 Barcelona Spring-Summer 2016\" class=\"noLazy flagpm_the_photo swiper-lazy\"><div class=\"swiper-lazy-preloader swiper-lazy-preloader-black\"><\/div><\/div><div class=\"swiper-slide\" data-hash=\"flagallery20197\" data-photo-id=\"20197\"><span class=\"flagpm_va\"><\/span><img data-src=\"https:\/\/bobvarela.com\/wp-content\/flagallery\/lebor-gabala-coleccion-urban-folk-en-el-080-barcelona\/webview\/lebor_gabala_061.jpg\" alt=\"080 Barcelona Spring-Summer 2016\" class=\"noLazy flagpm_the_photo swiper-lazy\"><div class=\"swiper-lazy-preloader swiper-lazy-preloader-black\"><\/div><\/div><div class=\"swiper-slide\" data-hash=\"flagallery20198\" data-photo-id=\"20198\"><span class=\"flagpm_va\"><\/span><img data-src=\"https:\/\/bobvarela.com\/wp-content\/flagallery\/lebor-gabala-coleccion-urban-folk-en-el-080-barcelona\/webview\/lebor_gabala_062.jpg\" alt=\"080 Barcelona Spring-Summer 2016\" class=\"noLazy flagpm_the_photo swiper-lazy\"><div class=\"swiper-lazy-preloader swiper-lazy-preloader-black\"><\/div><\/div> <\/div> <\/div> <\/div> <div class=\"flagpm_photo_header\"> <div class=\"flagpm_wrapper flagpm_clearfix\"> <div class=\"flagpm_focus_actions\"> <ul class=\"flagpm_focus_share\"> <li style=\"list-style:none;\" class=\"flagpm_share_wrapper\"> <a class=\"flagpm_button flagpm_share\">Share<\/a> <ul class=\"flagpm_sharelizers flagpm_clearfix\"> <li style=\"list-style:none;\"><a class=\"flagpm_button flagpm_facebook flagpm_sharelizer\">Facebook<\/a><\/li> <li style=\"list-style:none;\"><a class=\"flagpm_button flagpm_twitter flagpm_sharelizer\">Twitter<\/a><\/li> <li style=\"list-style:none;\"><a class=\"flagpm_button flagpm_pinterest flagpm_sharelizer\">Pinterest<\/a><\/li> <li style=\"list-style:none;\"><a class=\"flagpm_button flagpm_stumbleupon flagpm_sharelizer\">StumbleUpon<\/a><\/li> <\/ul> <\/li> <\/ul> <ul class=\"flagpm_focus_like_fave flagpm_clearfix\"> <li style=\"list-style:none;\"><a class=\"flagpm_button flagpm_like\">Like<\/a><\/li> <\/ul> <ul class=\"flagpm_focus_arrows flagpm_clearfix\"> <li style=\"list-style:none;\"><a class=\"flagpm_button flagpm_photo_arrow_previous flagpm_prev\">Previous<\/a><\/li> <li style=\"list-style:none;\"><a class=\"flagpm_button flagpm_photo_arrow_next flagpm_next\">Next<\/a><\/li> <\/ul> <\/div> <div class=\"flagpm_name_wrap flagpm_clearfix flagpm_no_avatar\"> <div class=\"flagpm_title_author\"> <div class=\"flagpm_title\">080 Barcelona Spring-Summer 2016<\/div> <\/div> <\/div> <div class=\"flagpm_actions flagpm_clearfix\"> <div class=\"flagpm_carousel flagpm_has_previous flagpm_has_next\"> <div class=\"flagpm_previous_button\"><\/div> <div class=\"flagpm_photo_carousel\"> <div class=\"swiper-container swiper-small-images\"> <div class=\"swiper-wrapper\"><div class=\"swiper-slide flagpm_photo\" data-photo-id=\"20139\"><img decoding=\"async\" src=\"https:\/\/bobvarela.com\/wp-content\/flagallery\/lebor-gabala-coleccion-urban-folk-en-el-080-barcelona\/thumbs\/thumbs_lebor_gabala_002.jpg\" data-src=\"https:\/\/bobvarela.com\/wp-content\/flagallery\/lebor-gabala-coleccion-urban-folk-en-el-080-barcelona\/thumbs\/thumbs_lebor_gabala_002.jpg\" alt=\"080 Barcelona Spring-Summer 2016\" class=\"noLazy flagpm_photo swiper-lazy flagpm_photo_portrait\"><span class=\"swiper-lazy-preloader swiper-lazy-preloader-black\"><\/span><\/div><div class=\"swiper-slide flagpm_photo\" data-photo-id=\"20140\"><img data-src=\"https:\/\/bobvarela.com\/wp-content\/flagallery\/lebor-gabala-coleccion-urban-folk-en-el-080-barcelona\/thumbs\/thumbs_lebor_gabala_003.jpg\" alt=\"080 Barcelona Spring-Summer 2016\" class=\"noLazy flagpm_photo swiper-lazy flagpm_photo_portrait\"><span class=\"swiper-lazy-preloader swiper-lazy-preloader-black\"><\/span><\/div><div class=\"swiper-slide flagpm_photo\" data-photo-id=\"20141\"><img data-src=\"https:\/\/bobvarela.com\/wp-content\/flagallery\/lebor-gabala-coleccion-urban-folk-en-el-080-barcelona\/thumbs\/thumbs_lebor_gabala_004.jpg\" alt=\"080 Barcelona Spring-Summer 2016\" class=\"noLazy flagpm_photo swiper-lazy flagpm_photo_portrait\"><span class=\"swiper-lazy-preloader swiper-lazy-preloader-black\"><\/span><\/div><div class=\"swiper-slide flagpm_photo\" data-photo-id=\"20142\"><img data-src=\"https:\/\/bobvarela.com\/wp-content\/flagallery\/lebor-gabala-coleccion-urban-folk-en-el-080-barcelona\/thumbs\/thumbs_lebor_gabala_005.jpg\" alt=\"080 Barcelona Spring-Summer 2016\" class=\"noLazy flagpm_photo swiper-lazy flagpm_photo_portrait\"><span class=\"swiper-lazy-preloader swiper-lazy-preloader-black\"><\/span><\/div><div class=\"swiper-slide flagpm_photo\" data-photo-id=\"20143\"><img data-src=\"https:\/\/bobvarela.com\/wp-content\/flagallery\/lebor-gabala-coleccion-urban-folk-en-el-080-barcelona\/thumbs\/thumbs_lebor_gabala_006.jpg\" alt=\"080 Barcelona Spring-Summer 2016\" class=\"noLazy flagpm_photo swiper-lazy flagpm_photo_portrait\"><span class=\"swiper-lazy-preloader swiper-lazy-preloader-black\"><\/span><\/div><div class=\"swiper-slide flagpm_photo\" data-photo-id=\"20144\"><img data-src=\"https:\/\/bobvarela.com\/wp-content\/flagallery\/lebor-gabala-coleccion-urban-folk-en-el-080-barcelona\/thumbs\/thumbs_lebor_gabala_007.jpg\" alt=\"080 Barcelona Spring-Summer 2016\" class=\"noLazy flagpm_photo swiper-lazy flagpm_photo_portrait\"><span class=\"swiper-lazy-preloader swiper-lazy-preloader-black\"><\/span><\/div><div class=\"swiper-slide flagpm_photo\" data-photo-id=\"20145\"><img data-src=\"https:\/\/bobvarela.com\/wp-content\/flagallery\/lebor-gabala-coleccion-urban-folk-en-el-080-barcelona\/thumbs\/thumbs_lebor_gabala_008.jpg\" alt=\"080 Barcelona Spring-Summer 2016\" class=\"noLazy flagpm_photo swiper-lazy flagpm_photo_portrait\"><span class=\"swiper-lazy-preloader swiper-lazy-preloader-black\"><\/span><\/div><div class=\"swiper-slide flagpm_photo\" data-photo-id=\"20146\"><img data-src=\"https:\/\/bobvarela.com\/wp-content\/flagallery\/lebor-gabala-coleccion-urban-folk-en-el-080-barcelona\/thumbs\/thumbs_lebor_gabala_009.jpg\" alt=\"080 Barcelona Spring-Summer 2016\" class=\"noLazy flagpm_photo swiper-lazy flagpm_photo_portrait\"><span class=\"swiper-lazy-preloader swiper-lazy-preloader-black\"><\/span><\/div><div class=\"swiper-slide flagpm_photo\" data-photo-id=\"20147\"><img data-src=\"https:\/\/bobvarela.com\/wp-content\/flagallery\/lebor-gabala-coleccion-urban-folk-en-el-080-barcelona\/thumbs\/thumbs_lebor_gabala_010.jpg\" alt=\"080 Barcelona Spring-Summer 2016\" class=\"noLazy flagpm_photo swiper-lazy flagpm_photo_portrait\"><span class=\"swiper-lazy-preloader swiper-lazy-preloader-black\"><\/span><\/div><div class=\"swiper-slide flagpm_photo\" data-photo-id=\"20148\"><img data-src=\"https:\/\/bobvarela.com\/wp-content\/flagallery\/lebor-gabala-coleccion-urban-folk-en-el-080-barcelona\/thumbs\/thumbs_lebor_gabala_011.jpg\" alt=\"080 Barcelona Spring-Summer 2016\" class=\"noLazy flagpm_photo swiper-lazy flagpm_photo_portrait\"><span class=\"swiper-lazy-preloader swiper-lazy-preloader-black\"><\/span><\/div><div class=\"swiper-slide flagpm_photo\" data-photo-id=\"20149\"><img data-src=\"https:\/\/bobvarela.com\/wp-content\/flagallery\/lebor-gabala-coleccion-urban-folk-en-el-080-barcelona\/thumbs\/thumbs_lebor_gabala_012.jpg\" alt=\"080 Barcelona Spring-Summer 2016\" class=\"noLazy flagpm_photo swiper-lazy flagpm_photo_portrait\"><span class=\"swiper-lazy-preloader swiper-lazy-preloader-black\"><\/span><\/div><div class=\"swiper-slide flagpm_photo\" data-photo-id=\"20150\"><img data-src=\"https:\/\/bobvarela.com\/wp-content\/flagallery\/lebor-gabala-coleccion-urban-folk-en-el-080-barcelona\/thumbs\/thumbs_lebor_gabala_013.jpg\" alt=\"080 Barcelona Spring-Summer 2016\" class=\"noLazy flagpm_photo swiper-lazy flagpm_photo_portrait\"><span class=\"swiper-lazy-preloader swiper-lazy-preloader-black\"><\/span><\/div><div class=\"swiper-slide flagpm_photo\" data-photo-id=\"20151\"><img data-src=\"https:\/\/bobvarela.com\/wp-content\/flagallery\/lebor-gabala-coleccion-urban-folk-en-el-080-barcelona\/thumbs\/thumbs_lebor_gabala_014.jpg\" alt=\"080 Barcelona Spring-Summer 2016\" class=\"noLazy flagpm_photo swiper-lazy flagpm_photo_portrait\"><span class=\"swiper-lazy-preloader swiper-lazy-preloader-black\"><\/span><\/div><div class=\"swiper-slide flagpm_photo\" data-photo-id=\"20152\"><img data-src=\"https:\/\/bobvarela.com\/wp-content\/flagallery\/lebor-gabala-coleccion-urban-folk-en-el-080-barcelona\/thumbs\/thumbs_lebor_gabala_015.jpg\" alt=\"080 Barcelona Spring-Summer 2016\" class=\"noLazy flagpm_photo swiper-lazy flagpm_photo_portrait\"><span class=\"swiper-lazy-preloader swiper-lazy-preloader-black\"><\/span><\/div><div class=\"swiper-slide flagpm_photo\" data-photo-id=\"20153\"><img data-src=\"https:\/\/bobvarela.com\/wp-content\/flagallery\/lebor-gabala-coleccion-urban-folk-en-el-080-barcelona\/thumbs\/thumbs_lebor_gabala_016.jpg\" alt=\"080 Barcelona Spring-Summer 2016\" class=\"noLazy flagpm_photo swiper-lazy flagpm_photo_portrait\"><span class=\"swiper-lazy-preloader swiper-lazy-preloader-black\"><\/span><\/div><div class=\"swiper-slide flagpm_photo\" data-photo-id=\"20154\"><img data-src=\"https:\/\/bobvarela.com\/wp-content\/flagallery\/lebor-gabala-coleccion-urban-folk-en-el-080-barcelona\/thumbs\/thumbs_lebor_gabala_017.jpg\" alt=\"080 Barcelona Spring-Summer 2016\" class=\"noLazy flagpm_photo swiper-lazy flagpm_photo_portrait\"><span class=\"swiper-lazy-preloader swiper-lazy-preloader-black\"><\/span><\/div><div class=\"swiper-slide flagpm_photo\" data-photo-id=\"20155\"><img data-src=\"https:\/\/bobvarela.com\/wp-content\/flagallery\/lebor-gabala-coleccion-urban-folk-en-el-080-barcelona\/thumbs\/thumbs_lebor_gabala_018.jpg\" alt=\"080 Barcelona Spring-Summer 2016\" class=\"noLazy flagpm_photo swiper-lazy flagpm_photo_portrait\"><span class=\"swiper-lazy-preloader swiper-lazy-preloader-black\"><\/span><\/div><div class=\"swiper-slide flagpm_photo\" data-photo-id=\"20156\"><img data-src=\"https:\/\/bobvarela.com\/wp-content\/flagallery\/lebor-gabala-coleccion-urban-folk-en-el-080-barcelona\/thumbs\/thumbs_lebor_gabala_019.jpg\" alt=\"080 Barcelona Spring-Summer 2016\" class=\"noLazy flagpm_photo swiper-lazy flagpm_photo_portrait\"><span class=\"swiper-lazy-preloader swiper-lazy-preloader-black\"><\/span><\/div><div class=\"swiper-slide flagpm_photo\" data-photo-id=\"20157\"><img data-src=\"https:\/\/bobvarela.com\/wp-content\/flagallery\/lebor-gabala-coleccion-urban-folk-en-el-080-barcelona\/thumbs\/thumbs_lebor_gabala_020.jpg\" alt=\"080 Barcelona Spring-Summer 2016\" class=\"noLazy flagpm_photo swiper-lazy flagpm_photo_portrait\"><span class=\"swiper-lazy-preloader swiper-lazy-preloader-black\"><\/span><\/div><div class=\"swiper-slide flagpm_photo\" data-photo-id=\"20158\"><img data-src=\"https:\/\/bobvarela.com\/wp-content\/flagallery\/lebor-gabala-coleccion-urban-folk-en-el-080-barcelona\/thumbs\/thumbs_lebor_gabala_021.jpg\" alt=\"080 Barcelona Spring-Summer 2016\" class=\"noLazy flagpm_photo swiper-lazy flagpm_photo_portrait\"><span class=\"swiper-lazy-preloader swiper-lazy-preloader-black\"><\/span><\/div><div class=\"swiper-slide flagpm_photo\" data-photo-id=\"20159\"><img data-src=\"https:\/\/bobvarela.com\/wp-content\/flagallery\/lebor-gabala-coleccion-urban-folk-en-el-080-barcelona\/thumbs\/thumbs_lebor_gabala_022.jpg\" alt=\"080 Barcelona Spring-Summer 2016\" class=\"noLazy flagpm_photo swiper-lazy flagpm_photo_portrait\"><span class=\"swiper-lazy-preloader swiper-lazy-preloader-black\"><\/span><\/div><div class=\"swiper-slide flagpm_photo\" data-photo-id=\"20160\"><img data-src=\"https:\/\/bobvarela.com\/wp-content\/flagallery\/lebor-gabala-coleccion-urban-folk-en-el-080-barcelona\/thumbs\/thumbs_lebor_gabala_023.jpg\" alt=\"080 Barcelona Spring-Summer 2016\" class=\"noLazy flagpm_photo swiper-lazy flagpm_photo_portrait\"><span class=\"swiper-lazy-preloader swiper-lazy-preloader-black\"><\/span><\/div><div class=\"swiper-slide flagpm_photo\" data-photo-id=\"20161\"><img data-src=\"https:\/\/bobvarela.com\/wp-content\/flagallery\/lebor-gabala-coleccion-urban-folk-en-el-080-barcelona\/thumbs\/thumbs_lebor_gabala_024.jpg\" alt=\"080 Barcelona Spring-Summer 2016\" class=\"noLazy flagpm_photo swiper-lazy flagpm_photo_portrait\"><span class=\"swiper-lazy-preloader swiper-lazy-preloader-black\"><\/span><\/div><div class=\"swiper-slide flagpm_photo\" data-photo-id=\"20162\"><img data-src=\"https:\/\/bobvarela.com\/wp-content\/flagallery\/lebor-gabala-coleccion-urban-folk-en-el-080-barcelona\/thumbs\/thumbs_lebor_gabala_025.jpg\" alt=\"080 Barcelona Spring-Summer 2016\" class=\"noLazy flagpm_photo swiper-lazy flagpm_photo_portrait\"><span class=\"swiper-lazy-preloader swiper-lazy-preloader-black\"><\/span><\/div><div class=\"swiper-slide flagpm_photo\" data-photo-id=\"20163\"><img data-src=\"https:\/\/bobvarela.com\/wp-content\/flagallery\/lebor-gabala-coleccion-urban-folk-en-el-080-barcelona\/thumbs\/thumbs_lebor_gabala_027.jpg\" alt=\"080 Barcelona Spring-Summer 2016\" class=\"noLazy flagpm_photo swiper-lazy flagpm_photo_portrait\"><span class=\"swiper-lazy-preloader swiper-lazy-preloader-black\"><\/span><\/div><div class=\"swiper-slide flagpm_photo\" data-photo-id=\"20164\"><img data-src=\"https:\/\/bobvarela.com\/wp-content\/flagallery\/lebor-gabala-coleccion-urban-folk-en-el-080-barcelona\/thumbs\/thumbs_lebor_gabala_028.jpg\" alt=\"080 Barcelona Spring-Summer 2016\" class=\"noLazy flagpm_photo swiper-lazy flagpm_photo_portrait\"><span class=\"swiper-lazy-preloader swiper-lazy-preloader-black\"><\/span><\/div><div class=\"swiper-slide flagpm_photo\" data-photo-id=\"20165\"><img data-src=\"https:\/\/bobvarela.com\/wp-content\/flagallery\/lebor-gabala-coleccion-urban-folk-en-el-080-barcelona\/thumbs\/thumbs_lebor_gabala_029.jpg\" alt=\"080 Barcelona Spring-Summer 2016\" class=\"noLazy flagpm_photo swiper-lazy flagpm_photo_portrait\"><span class=\"swiper-lazy-preloader swiper-lazy-preloader-black\"><\/span><\/div><div class=\"swiper-slide flagpm_photo\" data-photo-id=\"20166\"><img data-src=\"https:\/\/bobvarela.com\/wp-content\/flagallery\/lebor-gabala-coleccion-urban-folk-en-el-080-barcelona\/thumbs\/thumbs_lebor_gabala_030.jpg\" alt=\"080 Barcelona Spring-Summer 2016\" class=\"noLazy flagpm_photo swiper-lazy flagpm_photo_portrait\"><span class=\"swiper-lazy-preloader swiper-lazy-preloader-black\"><\/span><\/div><div class=\"swiper-slide flagpm_photo\" data-photo-id=\"20167\"><img data-src=\"https:\/\/bobvarela.com\/wp-content\/flagallery\/lebor-gabala-coleccion-urban-folk-en-el-080-barcelona\/thumbs\/thumbs_lebor_gabala_031.jpg\" alt=\"080 Barcelona Spring-Summer 2016\" class=\"noLazy flagpm_photo swiper-lazy flagpm_photo_portrait\"><span class=\"swiper-lazy-preloader swiper-lazy-preloader-black\"><\/span><\/div><div class=\"swiper-slide flagpm_photo\" data-photo-id=\"20168\"><img data-src=\"https:\/\/bobvarela.com\/wp-content\/flagallery\/lebor-gabala-coleccion-urban-folk-en-el-080-barcelona\/thumbs\/thumbs_lebor_gabala_032.jpg\" alt=\"080 Barcelona Spring-Summer 2016\" class=\"noLazy flagpm_photo swiper-lazy flagpm_photo_portrait\"><span class=\"swiper-lazy-preloader swiper-lazy-preloader-black\"><\/span><\/div><div class=\"swiper-slide flagpm_photo\" data-photo-id=\"20169\"><img data-src=\"https:\/\/bobvarela.com\/wp-content\/flagallery\/lebor-gabala-coleccion-urban-folk-en-el-080-barcelona\/thumbs\/thumbs_lebor_gabala_033.jpg\" alt=\"080 Barcelona Spring-Summer 2016\" class=\"noLazy flagpm_photo swiper-lazy flagpm_photo_portrait\"><span class=\"swiper-lazy-preloader swiper-lazy-preloader-black\"><\/span><\/div><div class=\"swiper-slide flagpm_photo\" data-photo-id=\"20170\"><img data-src=\"https:\/\/bobvarela.com\/wp-content\/flagallery\/lebor-gabala-coleccion-urban-folk-en-el-080-barcelona\/thumbs\/thumbs_lebor_gabala_034.jpg\" alt=\"080 Barcelona Spring-Summer 2016\" class=\"noLazy flagpm_photo swiper-lazy flagpm_photo_portrait\"><span class=\"swiper-lazy-preloader swiper-lazy-preloader-black\"><\/span><\/div><div class=\"swiper-slide flagpm_photo\" data-photo-id=\"20171\"><img data-src=\"https:\/\/bobvarela.com\/wp-content\/flagallery\/lebor-gabala-coleccion-urban-folk-en-el-080-barcelona\/thumbs\/thumbs_lebor_gabala_035.jpg\" alt=\"080 Barcelona Spring-Summer 2016\" class=\"noLazy flagpm_photo swiper-lazy flagpm_photo_portrait\"><span class=\"swiper-lazy-preloader swiper-lazy-preloader-black\"><\/span><\/div><div class=\"swiper-slide flagpm_photo\" data-photo-id=\"20172\"><img data-src=\"https:\/\/bobvarela.com\/wp-content\/flagallery\/lebor-gabala-coleccion-urban-folk-en-el-080-barcelona\/thumbs\/thumbs_lebor_gabala_036.jpg\" alt=\"080 Barcelona Spring-Summer 2016\" class=\"noLazy flagpm_photo swiper-lazy flagpm_photo_portrait\"><span class=\"swiper-lazy-preloader swiper-lazy-preloader-black\"><\/span><\/div><div class=\"swiper-slide flagpm_photo\" data-photo-id=\"20173\"><img data-src=\"https:\/\/bobvarela.com\/wp-content\/flagallery\/lebor-gabala-coleccion-urban-folk-en-el-080-barcelona\/thumbs\/thumbs_lebor_gabala_037.jpg\" alt=\"080 Barcelona Spring-Summer 2016\" class=\"noLazy flagpm_photo swiper-lazy flagpm_photo_portrait\"><span class=\"swiper-lazy-preloader swiper-lazy-preloader-black\"><\/span><\/div><div class=\"swiper-slide flagpm_photo\" data-photo-id=\"20174\"><img data-src=\"https:\/\/bobvarela.com\/wp-content\/flagallery\/lebor-gabala-coleccion-urban-folk-en-el-080-barcelona\/thumbs\/thumbs_lebor_gabala_038.jpg\" alt=\"080 Barcelona Spring-Summer 2016\" class=\"noLazy flagpm_photo swiper-lazy flagpm_photo_portrait\"><span class=\"swiper-lazy-preloader swiper-lazy-preloader-black\"><\/span><\/div><div class=\"swiper-slide flagpm_photo\" data-photo-id=\"20175\"><img data-src=\"https:\/\/bobvarela.com\/wp-content\/flagallery\/lebor-gabala-coleccion-urban-folk-en-el-080-barcelona\/thumbs\/thumbs_lebor_gabala_039.jpg\" alt=\"080 Barcelona Spring-Summer 2016\" class=\"noLazy flagpm_photo swiper-lazy flagpm_photo_portrait\"><span class=\"swiper-lazy-preloader swiper-lazy-preloader-black\"><\/span><\/div><div class=\"swiper-slide flagpm_photo\" data-photo-id=\"20176\"><img data-src=\"https:\/\/bobvarela.com\/wp-content\/flagallery\/lebor-gabala-coleccion-urban-folk-en-el-080-barcelona\/thumbs\/thumbs_lebor_gabala_040.jpg\" alt=\"080 Barcelona Spring-Summer 2016\" class=\"noLazy flagpm_photo swiper-lazy flagpm_photo_portrait\"><span class=\"swiper-lazy-preloader swiper-lazy-preloader-black\"><\/span><\/div><div class=\"swiper-slide flagpm_photo\" data-photo-id=\"20177\"><img data-src=\"https:\/\/bobvarela.com\/wp-content\/flagallery\/lebor-gabala-coleccion-urban-folk-en-el-080-barcelona\/thumbs\/thumbs_lebor_gabala_041.jpg\" alt=\"080 Barcelona Spring-Summer 2016\" class=\"noLazy flagpm_photo swiper-lazy flagpm_photo_portrait\"><span class=\"swiper-lazy-preloader swiper-lazy-preloader-black\"><\/span><\/div><div class=\"swiper-slide flagpm_photo\" data-photo-id=\"20178\"><img data-src=\"https:\/\/bobvarela.com\/wp-content\/flagallery\/lebor-gabala-coleccion-urban-folk-en-el-080-barcelona\/thumbs\/thumbs_lebor_gabala_042.jpg\" alt=\"080 Barcelona Spring-Summer 2016\" class=\"noLazy flagpm_photo swiper-lazy flagpm_photo_portrait\"><span class=\"swiper-lazy-preloader swiper-lazy-preloader-black\"><\/span><\/div><div class=\"swiper-slide flagpm_photo\" data-photo-id=\"20179\"><img data-src=\"https:\/\/bobvarela.com\/wp-content\/flagallery\/lebor-gabala-coleccion-urban-folk-en-el-080-barcelona\/thumbs\/thumbs_lebor_gabala_043.jpg\" alt=\"080 Barcelona Spring-Summer 2016\" class=\"noLazy flagpm_photo swiper-lazy flagpm_photo_portrait\"><span class=\"swiper-lazy-preloader swiper-lazy-preloader-black\"><\/span><\/div><div class=\"swiper-slide flagpm_photo\" data-photo-id=\"20180\"><img data-src=\"https:\/\/bobvarela.com\/wp-content\/flagallery\/lebor-gabala-coleccion-urban-folk-en-el-080-barcelona\/thumbs\/thumbs_lebor_gabala_044.jpg\" alt=\"080 Barcelona Spring-Summer 2016\" class=\"noLazy flagpm_photo swiper-lazy flagpm_photo_portrait\"><span class=\"swiper-lazy-preloader swiper-lazy-preloader-black\"><\/span><\/div><div class=\"swiper-slide flagpm_photo\" data-photo-id=\"20181\"><img data-src=\"https:\/\/bobvarela.com\/wp-content\/flagallery\/lebor-gabala-coleccion-urban-folk-en-el-080-barcelona\/thumbs\/thumbs_lebor_gabala_045.jpg\" alt=\"080 Barcelona Spring-Summer 2016\" class=\"noLazy flagpm_photo swiper-lazy flagpm_photo_portrait\"><span class=\"swiper-lazy-preloader swiper-lazy-preloader-black\"><\/span><\/div><div class=\"swiper-slide flagpm_photo\" data-photo-id=\"20182\"><img data-src=\"https:\/\/bobvarela.com\/wp-content\/flagallery\/lebor-gabala-coleccion-urban-folk-en-el-080-barcelona\/thumbs\/thumbs_lebor_gabala_046.jpg\" alt=\"080 Barcelona Spring-Summer 2016\" class=\"noLazy flagpm_photo swiper-lazy flagpm_photo_portrait\"><span class=\"swiper-lazy-preloader swiper-lazy-preloader-black\"><\/span><\/div><div class=\"swiper-slide flagpm_photo\" data-photo-id=\"20183\"><img data-src=\"https:\/\/bobvarela.com\/wp-content\/flagallery\/lebor-gabala-coleccion-urban-folk-en-el-080-barcelona\/thumbs\/thumbs_lebor_gabala_047.jpg\" alt=\"080 Barcelona Spring-Summer 2016\" class=\"noLazy flagpm_photo swiper-lazy flagpm_photo_portrait\"><span class=\"swiper-lazy-preloader swiper-lazy-preloader-black\"><\/span><\/div><div class=\"swiper-slide flagpm_photo\" data-photo-id=\"20184\"><img data-src=\"https:\/\/bobvarela.com\/wp-content\/flagallery\/lebor-gabala-coleccion-urban-folk-en-el-080-barcelona\/thumbs\/thumbs_lebor_gabala_048.jpg\" alt=\"080 Barcelona Spring-Summer 2016\" class=\"noLazy flagpm_photo swiper-lazy flagpm_photo_portrait\"><span class=\"swiper-lazy-preloader swiper-lazy-preloader-black\"><\/span><\/div><div class=\"swiper-slide flagpm_photo\" data-photo-id=\"20185\"><img data-src=\"https:\/\/bobvarela.com\/wp-content\/flagallery\/lebor-gabala-coleccion-urban-folk-en-el-080-barcelona\/thumbs\/thumbs_lebor_gabala_049.jpg\" alt=\"080 Barcelona Spring-Summer 2016\" class=\"noLazy flagpm_photo swiper-lazy flagpm_photo_portrait\"><span class=\"swiper-lazy-preloader swiper-lazy-preloader-black\"><\/span><\/div><div class=\"swiper-slide flagpm_photo\" data-photo-id=\"20186\"><img data-src=\"https:\/\/bobvarela.com\/wp-content\/flagallery\/lebor-gabala-coleccion-urban-folk-en-el-080-barcelona\/thumbs\/thumbs_lebor_gabala_050.jpg\" alt=\"080 Barcelona Spring-Summer 2016\" class=\"noLazy flagpm_photo swiper-lazy flagpm_photo_portrait\"><span class=\"swiper-lazy-preloader swiper-lazy-preloader-black\"><\/span><\/div><div class=\"swiper-slide flagpm_photo\" data-photo-id=\"20187\"><img data-src=\"https:\/\/bobvarela.com\/wp-content\/flagallery\/lebor-gabala-coleccion-urban-folk-en-el-080-barcelona\/thumbs\/thumbs_lebor_gabala_051.jpg\" alt=\"080 Barcelona Spring-Summer 2016\" class=\"noLazy flagpm_photo swiper-lazy flagpm_photo_portrait\"><span class=\"swiper-lazy-preloader swiper-lazy-preloader-black\"><\/span><\/div><div class=\"swiper-slide flagpm_photo\" data-photo-id=\"20188\"><img data-src=\"https:\/\/bobvarela.com\/wp-content\/flagallery\/lebor-gabala-coleccion-urban-folk-en-el-080-barcelona\/thumbs\/thumbs_lebor_gabala_052.jpg\" alt=\"080 Barcelona Spring-Summer 2016\" class=\"noLazy flagpm_photo swiper-lazy flagpm_photo_portrait\"><span class=\"swiper-lazy-preloader swiper-lazy-preloader-black\"><\/span><\/div><div class=\"swiper-slide flagpm_photo\" data-photo-id=\"20189\"><img data-src=\"https:\/\/bobvarela.com\/wp-content\/flagallery\/lebor-gabala-coleccion-urban-folk-en-el-080-barcelona\/thumbs\/thumbs_lebor_gabala_053.jpg\" alt=\"080 Barcelona Spring-Summer 2016\" class=\"noLazy flagpm_photo swiper-lazy flagpm_photo_portrait\"><span class=\"swiper-lazy-preloader swiper-lazy-preloader-black\"><\/span><\/div><div class=\"swiper-slide flagpm_photo\" data-photo-id=\"20190\"><img data-src=\"https:\/\/bobvarela.com\/wp-content\/flagallery\/lebor-gabala-coleccion-urban-folk-en-el-080-barcelona\/thumbs\/thumbs_lebor_gabala_054.jpg\" alt=\"080 Barcelona Spring-Summer 2016\" class=\"noLazy flagpm_photo swiper-lazy flagpm_photo_portrait\"><span class=\"swiper-lazy-preloader swiper-lazy-preloader-black\"><\/span><\/div><div class=\"swiper-slide flagpm_photo\" data-photo-id=\"20191\"><img data-src=\"https:\/\/bobvarela.com\/wp-content\/flagallery\/lebor-gabala-coleccion-urban-folk-en-el-080-barcelona\/thumbs\/thumbs_lebor_gabala_055.jpg\" alt=\"080 Barcelona Spring-Summer 2016\" class=\"noLazy flagpm_photo swiper-lazy flagpm_photo_portrait\"><span class=\"swiper-lazy-preloader swiper-lazy-preloader-black\"><\/span><\/div><div class=\"swiper-slide flagpm_photo\" data-photo-id=\"20192\"><img data-src=\"https:\/\/bobvarela.com\/wp-content\/flagallery\/lebor-gabala-coleccion-urban-folk-en-el-080-barcelona\/thumbs\/thumbs_lebor_gabala_056.jpg\" alt=\"080 Barcelona Spring-Summer 2016\" class=\"noLazy flagpm_photo swiper-lazy flagpm_photo_portrait\"><span class=\"swiper-lazy-preloader swiper-lazy-preloader-black\"><\/span><\/div><div class=\"swiper-slide flagpm_photo\" data-photo-id=\"20193\"><img data-src=\"https:\/\/bobvarela.com\/wp-content\/flagallery\/lebor-gabala-coleccion-urban-folk-en-el-080-barcelona\/thumbs\/thumbs_lebor_gabala_057.jpg\" alt=\"080 Barcelona Spring-Summer 2016\" class=\"noLazy flagpm_photo swiper-lazy flagpm_photo_portrait\"><span class=\"swiper-lazy-preloader swiper-lazy-preloader-black\"><\/span><\/div><div class=\"swiper-slide flagpm_photo\" data-photo-id=\"20194\"><img data-src=\"https:\/\/bobvarela.com\/wp-content\/flagallery\/lebor-gabala-coleccion-urban-folk-en-el-080-barcelona\/thumbs\/thumbs_lebor_gabala_058.jpg\" alt=\"080 Barcelona Spring-Summer 2016\" class=\"noLazy flagpm_photo swiper-lazy flagpm_photo_portrait\"><span class=\"swiper-lazy-preloader swiper-lazy-preloader-black\"><\/span><\/div><div class=\"swiper-slide flagpm_photo\" data-photo-id=\"20195\"><img data-src=\"https:\/\/bobvarela.com\/wp-content\/flagallery\/lebor-gabala-coleccion-urban-folk-en-el-080-barcelona\/thumbs\/thumbs_lebor_gabala_059.jpg\" alt=\"080 Barcelona Spring-Summer 2016\" class=\"noLazy flagpm_photo swiper-lazy flagpm_photo_portrait\"><span class=\"swiper-lazy-preloader swiper-lazy-preloader-black\"><\/span><\/div><div class=\"swiper-slide flagpm_photo\" data-photo-id=\"20196\"><img data-src=\"https:\/\/bobvarela.com\/wp-content\/flagallery\/lebor-gabala-coleccion-urban-folk-en-el-080-barcelona\/thumbs\/thumbs_lebor_gabala_060.jpg\" alt=\"080 Barcelona Spring-Summer 2016\" class=\"noLazy flagpm_photo swiper-lazy flagpm_photo_portrait\"><span class=\"swiper-lazy-preloader swiper-lazy-preloader-black\"><\/span><\/div><div class=\"swiper-slide flagpm_photo\" data-photo-id=\"20197\"><img data-src=\"https:\/\/bobvarela.com\/wp-content\/flagallery\/lebor-gabala-coleccion-urban-folk-en-el-080-barcelona\/thumbs\/thumbs_lebor_gabala_061.jpg\" alt=\"080 Barcelona Spring-Summer 2016\" class=\"noLazy flagpm_photo swiper-lazy flagpm_photo_portrait\"><span class=\"swiper-lazy-preloader swiper-lazy-preloader-black\"><\/span><\/div><div class=\"swiper-slide flagpm_photo\" data-photo-id=\"20198\"><img data-src=\"https:\/\/bobvarela.com\/wp-content\/flagallery\/lebor-gabala-coleccion-urban-folk-en-el-080-barcelona\/thumbs\/thumbs_lebor_gabala_062.jpg\" alt=\"080 Barcelona Spring-Summer 2016\" class=\"noLazy flagpm_photo swiper-lazy flagpm_photo_portrait\"><span class=\"swiper-lazy-preloader swiper-lazy-preloader-black\"><\/span><\/div> <\/div> <\/div> <\/div> <div class=\"flagpm_next_button\"><\/div> <\/div> <div class=\"flagpm_big_button_wrap\"> <div class=\"flagpm_share_wrapper\"> <a class=\"flagpm_button flagpm_share\">Share<\/a> <div class=\"flagpm_sharelizers_wrap\"> <ul class=\"flagpm_sharelizers\"> <li style=\"list-style:none;\"><a class=\"flagpm_button flagpm_facebook flagpm_sharelizer\">Facebook<\/a><\/li> <li style=\"list-style:none;\"><a class=\"flagpm_button flagpm_twitter flagpm_sharelizer\">Twitter<\/a><\/li> <li style=\"list-style:none;\"><a class=\"flagpm_button flagpm_pinterest flagpm_sharelizer\">Pinterest<\/a><\/li> <li style=\"list-style:none;\"><a class=\"flagpm_button flagpm_stumbleupon flagpm_sharelizer\">StumbleUpon<\/a><\/li> <\/ul> <\/div> <\/div> <a class=\"flagpm_button flagpm_like\">Like<\/a> <\/div> <div class=\"flagpm_big_button_wrap\"> <a class=\"flagpm_big_button flagpm_download_button\" href=\"https:\/\/bobvarela.com\/wp-content\/flagallery\/lebor-gabala-coleccion-urban-folk-en-el-080-barcelona\/lebor_gabala_002.jpg\" download=\"lebor_gabala_002.jpg\"> <span class=\"flagpm_icon\"><\/span> <span class=\"flagpm_label\">Download<\/span> <\/a> <\/div> <div class=\"flagpm_big_button_wrap\"> <a class=\"flagpm_big_button flagpm_link_button flagpm_inactive\" > <span class=\"flagpm_icon\"><\/span> <span class=\"flagpm_label\">Open Link<\/span> <\/a> <\/div> <\/div> <\/div> <\/div> <div class=\"flagpm_focus_close_full\"> <span><a class=\"flagpm_button flagpm_close\">Close<\/a><\/span> <span><a class=\"flagpm_button flagpm_full\">Full<\/a><\/span> <\/div> <div class=\"flagpm_photo_details\"> <div class=\"flagpm_description_wrap\"> <div class=\"details_title\">Description<\/div> <div class=\"flagpm_description_text_wrap\"> <div class=\"flagpm_slide_description\"><p>080 Barcelona Spring-Summer 2016<\/p><\/div> <\/div> <\/div> <\/div> <div class=\"flagpm_focus_footer\"> <div class=\"flagpm_focus_keyboard\"> <div class=\"flagpm_focus_keyboard_title\">Keyboard Shortcuts <a class=\"flagpm_focus_keyboard_dismiss\">Dismiss<\/a><\/div> <ul> <li style=\"list-style:none;\"><a data-key=\"p\" class=\"flagpm_key\">S<\/a><span class=\"flagpm_label\">Slideshow<\/span><\/li> <li style=\"list-style:none;\"><a data-key=\"m\" class=\"flagpm_key\">M<\/a><span class=\"flagpm_label\">Maximize<\/span><\/li> <li style=\"list-style:none;\"><a data-key=\"left\" class=\"flagpm_key\">&nbsp;<\/a><span class=\"flagpm_label\">Previous<\/span><\/li> <li style=\"list-style:none;\"><a data-key=\"right\" class=\"flagpm_key\">&nbsp;<\/a><span class=\"flagpm_label\">Next<\/span><\/li> <li style=\"list-style:none;\"><a data-key=\"escape\" class=\"flagpm_key flagpm_esc\">esc<\/a><span class=\"flagpm_label\">Close<\/span><\/li> <\/ul> <\/div> <\/div> <\/div> <script type=\"text\/javascript\"> jQuery(function($) { var settings = {\"base_gallery_width\":\"800\",\"base_gallery_height\":\"500\",\"gallery_min_height\":\"230\",\"scale_mode\":\"fit\",\"initial_slide\":0,\"slideshow_autoplay\":\"0\",\"slideshow_delay\":\"7000\",\"gallery_focus\":\"0\",\"gallery_maximized\":\"0\",\"gallery_focus_maximized\":\"0\",\"keyboard_help\":\"1\",\"show_download_button\":\"1\",\"show_link_button\":\"1\",\"show_description\":\"1\",\"show_share_button\":\"1\",\"show_like_button\":\"1\",\"link_color\":\"#0099e5\",\"link_color_hover\":\"#02adea\",\"download_button_text\":\"Download\",\"link_button_text\":\"Open Link\",\"description_title\":\"Description\",\"key\":\"\",\"name\":\"\",\"gallID\":\"sc1_278\"}; var content = {\"data\":[{\"id\":\"20139\",\"image\":\"https:\\\/\\\/bobvarela.com\\\/wp-content\\\/flagallery\\\/lebor-gabala-coleccion-urban-folk-en-el-080-barcelona\\\/webview\\\/lebor_gabala_002.jpg\",\"thumb\":\"https:\\\/\\\/bobvarela.com\\\/wp-content\\\/flagallery\\\/lebor-gabala-coleccion-urban-folk-en-el-080-barcelona\\\/thumbs\\\/thumbs_lebor_gabala_002.jpg\",\"file\":\"lebor_gabala_002.jpg\",\"meta\":{\"aperture\":false,\"credit\":false,\"camera\":false,\"caption\":\"080 Barcelona Spring-Summer 2016\",\"created_timestamp\":\"June 30, 2015 11:56 am\",\"copyright\":\"\\u00c2\\u00a9 2015 Estrop-Barcelona PHOTOGRAPH FOR EDITORIAL USE ONLY\",\"focal_length\":false,\"iso\":false,\"shutter_speed\":false,\"flash\":false,\"title\":\"080 Barcelona Spring-Summer 2016\",\"keywords\":\"080 Barcelona,Estrop-Barcelona,Spring-Summer 2016\",\"width\":667,\"height\":1000,\"saved\":true,\"thumbnail\":{\"width\":220,\"height\":220,\"ewww_image_optimizer\":\"Reduced by 9.4% (2.6&nbsp;kB)\"},\"webview\":{\"0\":667,\"1\":1000,\"2\":2,\"3\":\"width=\\\"667\\\" height=\\\"1000\\\"\",\"bits\":8,\"channels\":3,\"mime\":\"image\\\/jpeg\",\"ewww_image_optimizer\":\"Reduced by 3.7% (3.4&nbsp;kB) - Previously Optimized\"},\"0\":false,\"ewww_image_optimizer\":\"Reduced by 5.0% (8.0&nbsp;kB)\",\"views\":\"104\",\"likes\":\"0\"},\"title\":\"080 Barcelona Spring-Summer 2016\",\"description\":\"<p>080 Barcelona Spring-Summer 2016<\\\/p>\",\"link\":null,\"link_target\":\"\",\"download\":\"https:\\\/\\\/bobvarela.com\\\/wp-content\\\/flagallery\\\/lebor-gabala-coleccion-urban-folk-en-el-080-barcelona\\\/lebor_gabala_002.jpg\",\"ratio\":0.6670000000000000373034936274052597582340240478515625},{\"id\":\"20140\",\"image\":\"https:\\\/\\\/bobvarela.com\\\/wp-content\\\/flagallery\\\/lebor-gabala-coleccion-urban-folk-en-el-080-barcelona\\\/webview\\\/lebor_gabala_003.jpg\",\"thumb\":\"https:\\\/\\\/bobvarela.com\\\/wp-content\\\/flagallery\\\/lebor-gabala-coleccion-urban-folk-en-el-080-barcelona\\\/thumbs\\\/thumbs_lebor_gabala_003.jpg\",\"file\":\"lebor_gabala_003.jpg\",\"meta\":{\"aperture\":false,\"credit\":false,\"camera\":false,\"caption\":\"080 Barcelona Spring-Summer 2016\",\"created_timestamp\":\"June 30, 2015 11:57 am\",\"copyright\":\"\\u00c2\\u00a9 2015 Estrop-Barcelona PHOTOGRAPH FOR EDITORIAL USE ONLY\",\"focal_length\":false,\"iso\":false,\"shutter_speed\":false,\"flash\":false,\"title\":\"080 Barcelona Spring-Summer 2016\",\"keywords\":\"080 Barcelona,Estrop-Barcelona,Spring-Summer 2016\",\"width\":667,\"height\":1000,\"saved\":true,\"thumbnail\":{\"width\":220,\"height\":220,\"ewww_image_optimizer\":\"Reduced by 9.1% (3.2&nbsp;kB)\"},\"webview\":{\"0\":667,\"1\":1000,\"2\":2,\"3\":\"width=\\\"667\\\" height=\\\"1000\\\"\",\"bits\":8,\"channels\":3,\"mime\":\"image\\\/jpeg\",\"ewww_image_optimizer\":\"Reduced by 3.5% (4.8&nbsp;kB) - Previously Optimized\"},\"0\":false,\"ewww_image_optimizer\":\"Reduced by 5.3% (8.6&nbsp;kB)\",\"views\":\"0\",\"likes\":\"0\"},\"title\":\"080 Barcelona Spring-Summer 2016\",\"description\":\"<p>080 Barcelona Spring-Summer 2016<\\\/p>\",\"link\":null,\"link_target\":\"\",\"download\":\"https:\\\/\\\/bobvarela.com\\\/wp-content\\\/flagallery\\\/lebor-gabala-coleccion-urban-folk-en-el-080-barcelona\\\/lebor_gabala_003.jpg\",\"ratio\":0.6670000000000000373034936274052597582340240478515625},{\"id\":\"20141\",\"image\":\"https:\\\/\\\/bobvarela.com\\\/wp-content\\\/flagallery\\\/lebor-gabala-coleccion-urban-folk-en-el-080-barcelona\\\/webview\\\/lebor_gabala_004.jpg\",\"thumb\":\"https:\\\/\\\/bobvarela.com\\\/wp-content\\\/flagallery\\\/lebor-gabala-coleccion-urban-folk-en-el-080-barcelona\\\/thumbs\\\/thumbs_lebor_gabala_004.jpg\",\"file\":\"lebor_gabala_004.jpg\",\"meta\":{\"aperture\":false,\"credit\":false,\"camera\":false,\"caption\":\"080 Barcelona Spring-Summer 2016\",\"created_timestamp\":\"June 30, 2015 12:56 pm\",\"copyright\":\"\\u00c2\\u00a9 2015 Estrop-Barcelona PHOTOGRAPH FOR EDITORIAL USE ONLY\",\"focal_length\":false,\"iso\":false,\"shutter_speed\":false,\"flash\":false,\"title\":\"080 Barcelona Spring-Summer 2016\",\"keywords\":\"080 Barcelona,Estrop-Barcelona,Spring-Summer 2016\",\"width\":667,\"height\":1000,\"saved\":true,\"thumbnail\":{\"width\":220,\"height\":220,\"ewww_image_optimizer\":\"Reduced by 12.2% (5.2&nbsp;kB)\"},\"webview\":{\"0\":667,\"1\":1000,\"2\":2,\"3\":\"width=\\\"667\\\" height=\\\"1000\\\"\",\"bits\":8,\"channels\":3,\"mime\":\"image\\\/jpeg\",\"ewww_image_optimizer\":\"Reduced by 7.6% (14.2&nbsp;kB) - Previously Optimized\"},\"0\":false,\"ewww_image_optimizer\":\"Reduced by 5.8% (10.7&nbsp;kB)\",\"views\":\"1\",\"likes\":\"0\"},\"title\":\"080 Barcelona Spring-Summer 2016\",\"description\":\"<p>080 Barcelona Spring-Summer 2016<\\\/p>\",\"link\":null,\"link_target\":\"\",\"download\":\"https:\\\/\\\/bobvarela.com\\\/wp-content\\\/flagallery\\\/lebor-gabala-coleccion-urban-folk-en-el-080-barcelona\\\/lebor_gabala_004.jpg\",\"ratio\":0.6670000000000000373034936274052597582340240478515625},{\"id\":\"20142\",\"image\":\"https:\\\/\\\/bobvarela.com\\\/wp-content\\\/flagallery\\\/lebor-gabala-coleccion-urban-folk-en-el-080-barcelona\\\/webview\\\/lebor_gabala_005.jpg\",\"thumb\":\"https:\\\/\\\/bobvarela.com\\\/wp-content\\\/flagallery\\\/lebor-gabala-coleccion-urban-folk-en-el-080-barcelona\\\/thumbs\\\/thumbs_lebor_gabala_005.jpg\",\"file\":\"lebor_gabala_005.jpg\",\"meta\":{\"aperture\":false,\"credit\":false,\"camera\":false,\"caption\":\"080 Barcelona Spring-Summer 2016\",\"created_timestamp\":\"June 30, 2015 11:57 am\",\"copyright\":\"\\u00c2\\u00a9 2015 Estrop-Barcelona PHOTOGRAPH FOR EDITORIAL USE ONLY\",\"focal_length\":false,\"iso\":false,\"shutter_speed\":false,\"flash\":false,\"title\":\"080 Barcelona Spring-Summer 2016\",\"keywords\":\"080 Barcelona,Estrop-Barcelona,Spring-Summer 2016\",\"width\":667,\"height\":1000,\"saved\":true,\"thumbnail\":{\"width\":220,\"height\":220,\"ewww_image_optimizer\":\"Reduced by 10.1% (2.9&nbsp;kB)\"},\"webview\":{\"0\":667,\"1\":1000,\"2\":2,\"3\":\"width=\\\"667\\\" height=\\\"1000\\\"\",\"bits\":8,\"channels\":3,\"mime\":\"image\\\/jpeg\",\"ewww_image_optimizer\":\"Reduced by 4.2% (3.3&nbsp;kB) - Previously Optimized\"},\"0\":false,\"ewww_image_optimizer\":\"Reduced by 5.1% (7.5&nbsp;kB)\",\"views\":\"1\",\"likes\":\"0\"},\"title\":\"080 Barcelona Spring-Summer 2016\",\"description\":\"<p>080 Barcelona Spring-Summer 2016<\\\/p>\",\"link\":null,\"link_target\":\"\",\"download\":\"https:\\\/\\\/bobvarela.com\\\/wp-content\\\/flagallery\\\/lebor-gabala-coleccion-urban-folk-en-el-080-barcelona\\\/lebor_gabala_005.jpg\",\"ratio\":0.6670000000000000373034936274052597582340240478515625},{\"id\":\"20143\",\"image\":\"https:\\\/\\\/bobvarela.com\\\/wp-content\\\/flagallery\\\/lebor-gabala-coleccion-urban-folk-en-el-080-barcelona\\\/webview\\\/lebor_gabala_006.jpg\",\"thumb\":\"https:\\\/\\\/bobvarela.com\\\/wp-content\\\/flagallery\\\/lebor-gabala-coleccion-urban-folk-en-el-080-barcelona\\\/thumbs\\\/thumbs_lebor_gabala_006.jpg\",\"file\":\"lebor_gabala_006.jpg\",\"meta\":{\"aperture\":false,\"credit\":false,\"camera\":false,\"caption\":\"080 Barcelona Spring-Summer 2016\",\"created_timestamp\":\"June 30, 2015 11:57 am\",\"copyright\":\"\\u00c2\\u00a9 2015 Estrop-Barcelona PHOTOGRAPH FOR EDITORIAL USE ONLY\",\"focal_length\":false,\"iso\":false,\"shutter_speed\":false,\"flash\":false,\"title\":\"080 Barcelona Spring-Summer 2016\",\"keywords\":\"080 Barcelona,Estrop-Barcelona,Spring-Summer 2016\",\"width\":667,\"height\":1000,\"saved\":true,\"thumbnail\":{\"width\":220,\"height\":220,\"ewww_image_optimizer\":\"Reduced by 9.6% (3.4&nbsp;kB)\"},\"webview\":{\"0\":667,\"1\":1000,\"2\":2,\"3\":\"width=\\\"667\\\" height=\\\"1000\\\"\",\"bits\":8,\"channels\":3,\"mime\":\"image\\\/jpeg\",\"ewww_image_optimizer\":\"Reduced by 3.6% (5.1&nbsp;kB) - Previously Optimized\"},\"0\":false,\"ewww_image_optimizer\":\"Reduced by 5.1% (8.3&nbsp;kB)\",\"views\":\"1\",\"likes\":\"0\"},\"title\":\"080 Barcelona Spring-Summer 2016\",\"description\":\"<p>080 Barcelona Spring-Summer 2016<\\\/p>\",\"link\":null,\"link_target\":\"\",\"download\":\"https:\\\/\\\/bobvarela.com\\\/wp-content\\\/flagallery\\\/lebor-gabala-coleccion-urban-folk-en-el-080-barcelona\\\/lebor_gabala_006.jpg\",\"ratio\":0.6670000000000000373034936274052597582340240478515625},{\"id\":\"20144\",\"image\":\"https:\\\/\\\/bobvarela.com\\\/wp-content\\\/flagallery\\\/lebor-gabala-coleccion-urban-folk-en-el-080-barcelona\\\/webview\\\/lebor_gabala_007.jpg\",\"thumb\":\"https:\\\/\\\/bobvarela.com\\\/wp-content\\\/flagallery\\\/lebor-gabala-coleccion-urban-folk-en-el-080-barcelona\\\/thumbs\\\/thumbs_lebor_gabala_007.jpg\",\"file\":\"lebor_gabala_007.jpg\",\"meta\":{\"aperture\":false,\"credit\":false,\"camera\":false,\"caption\":\"080 Barcelona Spring-Summer 2016\",\"created_timestamp\":\"June 30, 2015 12:57 pm\",\"copyright\":\"\\u00c2\\u00a9 2015 Estrop-Barcelona PHOTOGRAPH FOR EDITORIAL USE ONLY\",\"focal_length\":false,\"iso\":false,\"shutter_speed\":false,\"flash\":false,\"title\":\"080 Barcelona Spring-Summer 2016\",\"keywords\":\"080 Barcelona,Estrop-Barcelona,Spring-Summer 2016\",\"width\":667,\"height\":1000,\"saved\":true,\"thumbnail\":{\"width\":220,\"height\":220,\"ewww_image_optimizer\":\"Reduced by 11.6% (5.5&nbsp;kB)\"},\"webview\":{\"0\":667,\"1\":1000,\"2\":2,\"3\":\"width=\\\"667\\\" height=\\\"1000\\\"\",\"bits\":8,\"channels\":3,\"mime\":\"image\\\/jpeg\",\"ewww_image_optimizer\":\"Reduced by 10.7% (17.2&nbsp;kB)\"},\"0\":false,\"ewww_image_optimizer\":\"Reduced by 10.7% (17.2&nbsp;kB)\",\"views\":\"0\",\"likes\":\"0\"},\"title\":\"080 Barcelona Spring-Summer 2016\",\"description\":\"<p>080 Barcelona Spring-Summer 2016<\\\/p>\",\"link\":null,\"link_target\":\"\",\"download\":\"https:\\\/\\\/bobvarela.com\\\/wp-content\\\/flagallery\\\/lebor-gabala-coleccion-urban-folk-en-el-080-barcelona\\\/lebor_gabala_007.jpg\",\"ratio\":0.6670000000000000373034936274052597582340240478515625},{\"id\":\"20145\",\"image\":\"https:\\\/\\\/bobvarela.com\\\/wp-content\\\/flagallery\\\/lebor-gabala-coleccion-urban-folk-en-el-080-barcelona\\\/webview\\\/lebor_gabala_008.jpg\",\"thumb\":\"https:\\\/\\\/bobvarela.com\\\/wp-content\\\/flagallery\\\/lebor-gabala-coleccion-urban-folk-en-el-080-barcelona\\\/thumbs\\\/thumbs_lebor_gabala_008.jpg\",\"file\":\"lebor_gabala_008.jpg\",\"meta\":{\"aperture\":false,\"credit\":false,\"camera\":false,\"caption\":\"080 Barcelona Spring-Summer 2016\",\"created_timestamp\":\"June 30, 2015 11:57 am\",\"copyright\":\"\\u00c2\\u00a9 2015 Estrop-Barcelona PHOTOGRAPH FOR EDITORIAL USE ONLY\",\"focal_length\":false,\"iso\":false,\"shutter_speed\":false,\"flash\":false,\"title\":\"080 Barcelona Spring-Summer 2016\",\"keywords\":\"080 Barcelona,Estrop-Barcelona,Spring-Summer 2016\",\"width\":667,\"height\":1000,\"saved\":true,\"thumbnail\":{\"width\":220,\"height\":220,\"ewww_image_optimizer\":\"Reduced by 10.2% (2.9&nbsp;kB)\"},\"webview\":{\"0\":667,\"1\":1000,\"2\":2,\"3\":\"width=\\\"667\\\" height=\\\"1000\\\"\",\"bits\":8,\"channels\":3,\"mime\":\"image\\\/jpeg\",\"ewww_image_optimizer\":\"Reduced by 5.6% (4.2&nbsp;kB) - Previously Optimized\"},\"0\":false,\"ewww_image_optimizer\":\"Reduced by 6.0% (8.8&nbsp;kB)\",\"views\":\"2\",\"likes\":\"0\"},\"title\":\"080 Barcelona Spring-Summer 2016\",\"description\":\"<p>080 Barcelona Spring-Summer 2016<\\\/p>\",\"link\":null,\"link_target\":\"\",\"download\":\"https:\\\/\\\/bobvarela.com\\\/wp-content\\\/flagallery\\\/lebor-gabala-coleccion-urban-folk-en-el-080-barcelona\\\/lebor_gabala_008.jpg\",\"ratio\":0.6670000000000000373034936274052597582340240478515625},{\"id\":\"20146\",\"image\":\"https:\\\/\\\/bobvarela.com\\\/wp-content\\\/flagallery\\\/lebor-gabala-coleccion-urban-folk-en-el-080-barcelona\\\/webview\\\/lebor_gabala_009.jpg\",\"thumb\":\"https:\\\/\\\/bobvarela.com\\\/wp-content\\\/flagallery\\\/lebor-gabala-coleccion-urban-folk-en-el-080-barcelona\\\/thumbs\\\/thumbs_lebor_gabala_009.jpg\",\"file\":\"lebor_gabala_009.jpg\",\"meta\":{\"aperture\":false,\"credit\":false,\"camera\":false,\"caption\":\"080 Barcelona Spring-Summer 2016\",\"created_timestamp\":\"June 30, 2015 11:57 am\",\"copyright\":\"\\u00c2\\u00a9 2015 Estrop-Barcelona PHOTOGRAPH FOR EDITORIAL USE ONLY\",\"focal_length\":false,\"iso\":false,\"shutter_speed\":false,\"flash\":false,\"title\":\"080 Barcelona Spring-Summer 2016\",\"keywords\":\"080 Barcelona,Estrop-Barcelona,Spring-Summer 2016\",\"width\":667,\"height\":1000,\"saved\":true,\"thumbnail\":{\"width\":220,\"height\":220,\"ewww_image_optimizer\":\"Reduced by 10.1% (3.7&nbsp;kB)\"},\"webview\":{\"0\":667,\"1\":1000,\"2\":2,\"3\":\"width=\\\"667\\\" height=\\\"1000\\\"\",\"bits\":8,\"channels\":3,\"mime\":\"image\\\/jpeg\",\"ewww_image_optimizer\":\"Reduced by 3.7% (4.8&nbsp;kB) - Previously Optimized\"},\"0\":false,\"ewww_image_optimizer\":\"Reduced by 3.9% (6.8&nbsp;kB)\",\"views\":\"1\",\"likes\":\"0\"},\"title\":\"080 Barcelona Spring-Summer 2016\",\"description\":\"<p>080 Barcelona Spring-Summer 2016<\\\/p>\",\"link\":null,\"link_target\":\"\",\"download\":\"https:\\\/\\\/bobvarela.com\\\/wp-content\\\/flagallery\\\/lebor-gabala-coleccion-urban-folk-en-el-080-barcelona\\\/lebor_gabala_009.jpg\",\"ratio\":0.6670000000000000373034936274052597582340240478515625},{\"id\":\"20147\",\"image\":\"https:\\\/\\\/bobvarela.com\\\/wp-content\\\/flagallery\\\/lebor-gabala-coleccion-urban-folk-en-el-080-barcelona\\\/webview\\\/lebor_gabala_010.jpg\",\"thumb\":\"https:\\\/\\\/bobvarela.com\\\/wp-content\\\/flagallery\\\/lebor-gabala-coleccion-urban-folk-en-el-080-barcelona\\\/thumbs\\\/thumbs_lebor_gabala_010.jpg\",\"file\":\"lebor_gabala_010.jpg\",\"meta\":{\"aperture\":false,\"credit\":false,\"camera\":false,\"caption\":\"080 Barcelona Spring-Summer 2016\",\"created_timestamp\":\"June 30, 2015 12:57 pm\",\"copyright\":\"\\u00c2\\u00a9 2015 Estrop-Barcelona PHOTOGRAPH FOR EDITORIAL USE ONLY\",\"focal_length\":false,\"iso\":false,\"shutter_speed\":false,\"flash\":false,\"title\":\"080 Barcelona Spring-Summer 2016\",\"keywords\":\"080 Barcelona,Estrop-Barcelona,Spring-Summer 2016\",\"width\":667,\"height\":1000,\"saved\":true,\"thumbnail\":{\"width\":220,\"height\":220,\"ewww_image_optimizer\":\"Reduced by 11.0% (5.3&nbsp;kB)\"},\"webview\":{\"0\":667,\"1\":1000,\"2\":2,\"3\":\"width=\\\"667\\\" height=\\\"1000\\\"\",\"bits\":8,\"channels\":3,\"mime\":\"image\\\/jpeg\",\"ewww_image_optimizer\":\"Reduced by 8.3% (15.5&nbsp;kB) - Previously Optimized\"},\"0\":false,\"ewww_image_optimizer\":\"Reduced by 6.1% (10.9&nbsp;kB)\",\"views\":\"1\",\"likes\":\"0\"},\"title\":\"080 Barcelona Spring-Summer 2016\",\"description\":\"<p>080 Barcelona Spring-Summer 2016<\\\/p>\",\"link\":null,\"link_target\":\"\",\"download\":\"https:\\\/\\\/bobvarela.com\\\/wp-content\\\/flagallery\\\/lebor-gabala-coleccion-urban-folk-en-el-080-barcelona\\\/lebor_gabala_010.jpg\",\"ratio\":0.6670000000000000373034936274052597582340240478515625},{\"id\":\"20148\",\"image\":\"https:\\\/\\\/bobvarela.com\\\/wp-content\\\/flagallery\\\/lebor-gabala-coleccion-urban-folk-en-el-080-barcelona\\\/webview\\\/lebor_gabala_011.jpg\",\"thumb\":\"https:\\\/\\\/bobvarela.com\\\/wp-content\\\/flagallery\\\/lebor-gabala-coleccion-urban-folk-en-el-080-barcelona\\\/thumbs\\\/thumbs_lebor_gabala_011.jpg\",\"file\":\"lebor_gabala_011.jpg\",\"meta\":{\"aperture\":false,\"credit\":false,\"camera\":false,\"caption\":\"080 Barcelona Spring-Summer 2016\",\"created_timestamp\":\"June 30, 2015 11:57 am\",\"copyright\":\"\\u00c2\\u00a9 2015 Estrop-Barcelona PHOTOGRAPH FOR EDITORIAL USE ONLY\",\"focal_length\":false,\"iso\":false,\"shutter_speed\":false,\"flash\":false,\"title\":\"080 Barcelona Spring-Summer 2016\",\"keywords\":\"080 Barcelona,Estrop-Barcelona,Spring-Summer 2016\",\"width\":667,\"height\":1000,\"saved\":true,\"thumbnail\":{\"width\":220,\"height\":220,\"ewww_image_optimizer\":\"Reduced by 11.4% (3.9&nbsp;kB)\"},\"webview\":{\"0\":667,\"1\":1000,\"2\":2,\"3\":\"width=\\\"667\\\" height=\\\"1000\\\"\",\"bits\":8,\"channels\":3,\"mime\":\"image\\\/jpeg\",\"ewww_image_optimizer\":\"Reduced by 4.1% (3.9&nbsp;kB) - Previously Optimized\"},\"0\":false,\"ewww_image_optimizer\":\"Reduced by 5.5% (10.3&nbsp;kB)\",\"views\":\"1\",\"likes\":\"0\"},\"title\":\"080 Barcelona Spring-Summer 2016\",\"description\":\"<p>080 Barcelona Spring-Summer 2016<\\\/p>\",\"link\":null,\"link_target\":\"\",\"download\":\"https:\\\/\\\/bobvarela.com\\\/wp-content\\\/flagallery\\\/lebor-gabala-coleccion-urban-folk-en-el-080-barcelona\\\/lebor_gabala_011.jpg\",\"ratio\":0.6670000000000000373034936274052597582340240478515625},{\"id\":\"20149\",\"image\":\"https:\\\/\\\/bobvarela.com\\\/wp-content\\\/flagallery\\\/lebor-gabala-coleccion-urban-folk-en-el-080-barcelona\\\/webview\\\/lebor_gabala_012.jpg\",\"thumb\":\"https:\\\/\\\/bobvarela.com\\\/wp-content\\\/flagallery\\\/lebor-gabala-coleccion-urban-folk-en-el-080-barcelona\\\/thumbs\\\/thumbs_lebor_gabala_012.jpg\",\"file\":\"lebor_gabala_012.jpg\",\"meta\":{\"aperture\":false,\"credit\":false,\"camera\":false,\"caption\":\"080 Barcelona Spring-Summer 2016\",\"created_timestamp\":\"June 30, 2015 11:57 am\",\"copyright\":\"\\u00c2\\u00a9 2015 Estrop-Barcelona PHOTOGRAPH FOR EDITORIAL USE ONLY\",\"focal_length\":false,\"iso\":false,\"shutter_speed\":false,\"flash\":false,\"title\":\"080 Barcelona Spring-Summer 2016\",\"keywords\":\"080 Barcelona,Estrop-Barcelona,Spring-Summer 2016\",\"width\":667,\"height\":1000,\"saved\":true,\"thumbnail\":{\"width\":220,\"height\":220,\"ewww_image_optimizer\":\"Reduced by 9.9% (3.7&nbsp;kB)\"},\"webview\":{\"0\":667,\"1\":1000,\"2\":2,\"3\":\"width=\\\"667\\\" height=\\\"1000\\\"\",\"bits\":8,\"channels\":3,\"mime\":\"image\\\/jpeg\",\"ewww_image_optimizer\":\"Reduced by 3.1% (4.7&nbsp;kB) - Previously Optimized\"},\"0\":false,\"ewww_image_optimizer\":\"Reduced by 4.8% (8.9&nbsp;kB)\",\"views\":\"0\",\"likes\":\"0\"},\"title\":\"080 Barcelona Spring-Summer 2016\",\"description\":\"<p>080 Barcelona Spring-Summer 2016<\\\/p>\",\"link\":null,\"link_target\":\"\",\"download\":\"https:\\\/\\\/bobvarela.com\\\/wp-content\\\/flagallery\\\/lebor-gabala-coleccion-urban-folk-en-el-080-barcelona\\\/lebor_gabala_012.jpg\",\"ratio\":0.6670000000000000373034936274052597582340240478515625},{\"id\":\"20150\",\"image\":\"https:\\\/\\\/bobvarela.com\\\/wp-content\\\/flagallery\\\/lebor-gabala-coleccion-urban-folk-en-el-080-barcelona\\\/webview\\\/lebor_gabala_013.jpg\",\"thumb\":\"https:\\\/\\\/bobvarela.com\\\/wp-content\\\/flagallery\\\/lebor-gabala-coleccion-urban-folk-en-el-080-barcelona\\\/thumbs\\\/thumbs_lebor_gabala_013.jpg\",\"file\":\"lebor_gabala_013.jpg\",\"meta\":{\"aperture\":false,\"credit\":false,\"camera\":false,\"caption\":\"080 Barcelona Spring-Summer 2016\",\"created_timestamp\":\"June 30, 2015 12:57 pm\",\"copyright\":\"\\u00c2\\u00a9 2015 Estrop-Barcelona PHOTOGRAPH FOR EDITORIAL USE ONLY\",\"focal_length\":false,\"iso\":false,\"shutter_speed\":false,\"flash\":false,\"title\":\"080 Barcelona Spring-Summer 2016\",\"keywords\":\"080 Barcelona,Estrop-Barcelona,Spring-Summer 2016\",\"width\":667,\"height\":1000,\"saved\":true,\"thumbnail\":{\"width\":220,\"height\":220,\"ewww_image_optimizer\":\"Reduced by 13.8% (7.5&nbsp;kB)\"},\"webview\":{\"0\":667,\"1\":1000,\"2\":2,\"3\":\"width=\\\"667\\\" height=\\\"1000\\\"\",\"bits\":8,\"channels\":3,\"mime\":\"image\\\/jpeg\",\"ewww_image_optimizer\":\"Reduced by 10.5% (20.1&nbsp;kB)\"},\"0\":false,\"ewww_image_optimizer\":\"Reduced by 10.5% (20.1&nbsp;kB)\",\"views\":\"0\",\"likes\":\"0\"},\"title\":\"080 Barcelona Spring-Summer 2016\",\"description\":\"<p>080 Barcelona Spring-Summer 2016<\\\/p>\",\"link\":null,\"link_target\":\"\",\"download\":\"https:\\\/\\\/bobvarela.com\\\/wp-content\\\/flagallery\\\/lebor-gabala-coleccion-urban-folk-en-el-080-barcelona\\\/lebor_gabala_013.jpg\",\"ratio\":0.6670000000000000373034936274052597582340240478515625},{\"id\":\"20151\",\"image\":\"https:\\\/\\\/bobvarela.com\\\/wp-content\\\/flagallery\\\/lebor-gabala-coleccion-urban-folk-en-el-080-barcelona\\\/webview\\\/lebor_gabala_014.jpg\",\"thumb\":\"https:\\\/\\\/bobvarela.com\\\/wp-content\\\/flagallery\\\/lebor-gabala-coleccion-urban-folk-en-el-080-barcelona\\\/thumbs\\\/thumbs_lebor_gabala_014.jpg\",\"file\":\"lebor_gabala_014.jpg\",\"meta\":{\"aperture\":false,\"credit\":false,\"camera\":false,\"caption\":\"080 Barcelona Spring-Summer 2016\",\"created_timestamp\":\"June 30, 2015 11:58 am\",\"copyright\":\"\\u00c2\\u00a9 2015 Estrop-Barcelona PHOTOGRAPH FOR EDITORIAL USE ONLY\",\"focal_length\":false,\"iso\":false,\"shutter_speed\":false,\"flash\":false,\"title\":\"080 Barcelona Spring-Summer 2016\",\"keywords\":\"080 Barcelona,Estrop-Barcelona,Spring-Summer 2016\",\"width\":667,\"height\":1000,\"saved\":true,\"thumbnail\":{\"width\":220,\"height\":220,\"ewww_image_optimizer\":\"Reduced by 12.2% (3.8&nbsp;kB)\"},\"webview\":{\"0\":667,\"1\":1000,\"2\":2,\"3\":\"width=\\\"667\\\" height=\\\"1000\\\"\",\"bits\":8,\"channels\":3,\"mime\":\"image\\\/jpeg\",\"ewww_image_optimizer\":\"Reduced by 4.9% (4.4&nbsp;kB) - Previously Optimized\"},\"0\":false,\"ewww_image_optimizer\":\"Reduced by 6.0% (10.9&nbsp;kB)\",\"views\":\"0\",\"likes\":\"0\"},\"title\":\"080 Barcelona Spring-Summer 2016\",\"description\":\"<p>080 Barcelona Spring-Summer 2016<\\\/p>\",\"link\":null,\"link_target\":\"\",\"download\":\"https:\\\/\\\/bobvarela.com\\\/wp-content\\\/flagallery\\\/lebor-gabala-coleccion-urban-folk-en-el-080-barcelona\\\/lebor_gabala_014.jpg\",\"ratio\":0.6670000000000000373034936274052597582340240478515625},{\"id\":\"20152\",\"image\":\"https:\\\/\\\/bobvarela.com\\\/wp-content\\\/flagallery\\\/lebor-gabala-coleccion-urban-folk-en-el-080-barcelona\\\/webview\\\/lebor_gabala_015.jpg\",\"thumb\":\"https:\\\/\\\/bobvarela.com\\\/wp-content\\\/flagallery\\\/lebor-gabala-coleccion-urban-folk-en-el-080-barcelona\\\/thumbs\\\/thumbs_lebor_gabala_015.jpg\",\"file\":\"lebor_gabala_015.jpg\",\"meta\":{\"aperture\":false,\"credit\":false,\"camera\":false,\"caption\":\"080 Barcelona Spring-Summer 2016\",\"created_timestamp\":\"June 30, 2015 11:58 am\",\"copyright\":\"\\u00c2\\u00a9 2015 Estrop-Barcelona PHOTOGRAPH FOR EDITORIAL USE ONLY\",\"focal_length\":false,\"iso\":false,\"shutter_speed\":false,\"flash\":false,\"title\":\"080 Barcelona Spring-Summer 2016\",\"keywords\":\"080 Barcelona,Estrop-Barcelona,Spring-Summer 2016\",\"width\":667,\"height\":1000,\"saved\":true,\"thumbnail\":{\"width\":220,\"height\":220,\"ewww_image_optimizer\":\"Reduced by 9.6% (3.3&nbsp;kB)\"},\"webview\":{\"0\":667,\"1\":1000,\"2\":2,\"3\":\"width=\\\"667\\\" height=\\\"1000\\\"\",\"bits\":8,\"channels\":3,\"mime\":\"image\\\/jpeg\",\"ewww_image_optimizer\":\"Reduced by 3.5% (4.8&nbsp;kB) - Previously Optimized\"},\"0\":false,\"ewww_image_optimizer\":\"Reduced by 5.3% (9.2&nbsp;kB)\",\"views\":\"1\",\"likes\":\"0\"},\"title\":\"080 Barcelona Spring-Summer 2016\",\"description\":\"<p>080 Barcelona Spring-Summer 2016<\\\/p>\",\"link\":null,\"link_target\":\"\",\"download\":\"https:\\\/\\\/bobvarela.com\\\/wp-content\\\/flagallery\\\/lebor-gabala-coleccion-urban-folk-en-el-080-barcelona\\\/lebor_gabala_015.jpg\",\"ratio\":0.6670000000000000373034936274052597582340240478515625},{\"id\":\"20153\",\"image\":\"https:\\\/\\\/bobvarela.com\\\/wp-content\\\/flagallery\\\/lebor-gabala-coleccion-urban-folk-en-el-080-barcelona\\\/webview\\\/lebor_gabala_016.jpg\",\"thumb\":\"https:\\\/\\\/bobvarela.com\\\/wp-content\\\/flagallery\\\/lebor-gabala-coleccion-urban-folk-en-el-080-barcelona\\\/thumbs\\\/thumbs_lebor_gabala_016.jpg\",\"file\":\"lebor_gabala_016.jpg\",\"meta\":{\"aperture\":false,\"credit\":false,\"camera\":false,\"caption\":\"080 Barcelona Spring-Summer 2016\",\"created_timestamp\":\"June 30, 2015 12:58 pm\",\"copyright\":\"\\u00c2\\u00a9 2015 Estrop-Barcelona PHOTOGRAPH FOR EDITORIAL USE ONLY\",\"focal_length\":false,\"iso\":false,\"shutter_speed\":false,\"flash\":false,\"title\":\"080 Barcelona Spring-Summer 2016\",\"keywords\":\"080 Barcelona,Estrop-Barcelona,Spring-Summer 2016\",\"width\":667,\"height\":1000,\"saved\":true,\"thumbnail\":{\"width\":220,\"height\":220,\"ewww_image_optimizer\":\"Reduced by 12.1% (6.1&nbsp;kB)\"},\"webview\":{\"0\":667,\"1\":1000,\"2\":2,\"3\":\"width=\\\"667\\\" height=\\\"1000\\\"\",\"bits\":8,\"channels\":3,\"mime\":\"image\\\/jpeg\",\"ewww_image_optimizer\":\"Reduced by 10.1% (17.8&nbsp;kB)\"},\"0\":false,\"ewww_image_optimizer\":\"Reduced by 10.1% (17.8&nbsp;kB)\",\"views\":\"0\",\"likes\":\"0\"},\"title\":\"080 Barcelona Spring-Summer 2016\",\"description\":\"<p>080 Barcelona Spring-Summer 2016<\\\/p>\",\"link\":null,\"link_target\":\"\",\"download\":\"https:\\\/\\\/bobvarela.com\\\/wp-content\\\/flagallery\\\/lebor-gabala-coleccion-urban-folk-en-el-080-barcelona\\\/lebor_gabala_016.jpg\",\"ratio\":0.6670000000000000373034936274052597582340240478515625},{\"id\":\"20154\",\"image\":\"https:\\\/\\\/bobvarela.com\\\/wp-content\\\/flagallery\\\/lebor-gabala-coleccion-urban-folk-en-el-080-barcelona\\\/webview\\\/lebor_gabala_017.jpg\",\"thumb\":\"https:\\\/\\\/bobvarela.com\\\/wp-content\\\/flagallery\\\/lebor-gabala-coleccion-urban-folk-en-el-080-barcelona\\\/thumbs\\\/thumbs_lebor_gabala_017.jpg\",\"file\":\"lebor_gabala_017.jpg\",\"meta\":{\"aperture\":false,\"credit\":false,\"camera\":false,\"caption\":\"080 Barcelona Spring-Summer 2016\",\"created_timestamp\":\"June 30, 2015 11:58 am\",\"copyright\":\"\\u00c2\\u00a9 2015 Estrop-Barcelona PHOTOGRAPH FOR EDITORIAL USE ONLY\",\"focal_length\":false,\"iso\":false,\"shutter_speed\":false,\"flash\":false,\"title\":\"080 Barcelona Spring-Summer 2016\",\"keywords\":\"080 Barcelona,Estrop-Barcelona,Spring-Summer 2016\",\"width\":667,\"height\":1000,\"saved\":true,\"thumbnail\":{\"width\":220,\"height\":220,\"ewww_image_optimizer\":\"Reduced by 10.1% (2.9&nbsp;kB)\"},\"webview\":{\"0\":667,\"1\":1000,\"2\":2,\"3\":\"width=\\\"667\\\" height=\\\"1000\\\"\",\"bits\":8,\"channels\":3,\"mime\":\"image\\\/jpeg\",\"ewww_image_optimizer\":\"Reduced by 6.3% (4.6&nbsp;kB) - Previously Optimized\"},\"0\":false,\"ewww_image_optimizer\":\"Reduced by 5.5% (8.1&nbsp;kB)\",\"views\":\"0\",\"likes\":\"0\"},\"title\":\"080 Barcelona Spring-Summer 2016\",\"description\":\"<p>080 Barcelona Spring-Summer 2016<\\\/p>\",\"link\":null,\"link_target\":\"\",\"download\":\"https:\\\/\\\/bobvarela.com\\\/wp-content\\\/flagallery\\\/lebor-gabala-coleccion-urban-folk-en-el-080-barcelona\\\/lebor_gabala_017.jpg\",\"ratio\":0.6670000000000000373034936274052597582340240478515625},{\"id\":\"20155\",\"image\":\"https:\\\/\\\/bobvarela.com\\\/wp-content\\\/flagallery\\\/lebor-gabala-coleccion-urban-folk-en-el-080-barcelona\\\/webview\\\/lebor_gabala_018.jpg\",\"thumb\":\"https:\\\/\\\/bobvarela.com\\\/wp-content\\\/flagallery\\\/lebor-gabala-coleccion-urban-folk-en-el-080-barcelona\\\/thumbs\\\/thumbs_lebor_gabala_018.jpg\",\"file\":\"lebor_gabala_018.jpg\",\"meta\":{\"aperture\":false,\"credit\":false,\"camera\":false,\"caption\":\"080 Barcelona Spring-Summer 2016\",\"created_timestamp\":\"June 30, 2015 11:58 am\",\"copyright\":\"\\u00c2\\u00a9 2015 Estrop-Barcelona PHOTOGRAPH FOR EDITORIAL USE ONLY\",\"focal_length\":false,\"iso\":false,\"shutter_speed\":false,\"flash\":false,\"title\":\"080 Barcelona Spring-Summer 2016\",\"keywords\":\"080 Barcelona,Estrop-Barcelona,Spring-Summer 2016\",\"width\":667,\"height\":1000,\"saved\":true,\"thumbnail\":{\"width\":220,\"height\":220,\"ewww_image_optimizer\":\"Reduced by 9.3% (3.2&nbsp;kB)\"},\"webview\":{\"0\":667,\"1\":1000,\"2\":2,\"3\":\"width=\\\"667\\\" height=\\\"1000\\\"\",\"bits\":8,\"channels\":3,\"mime\":\"image\\\/jpeg\",\"ewww_image_optimizer\":\"Reduced by 5.7% (7.3&nbsp;kB) - Previously Optimized\"},\"0\":false,\"ewww_image_optimizer\":\"Reduced by 4.1% (7.4&nbsp;kB)\",\"views\":\"1\",\"likes\":\"0\"},\"title\":\"080 Barcelona Spring-Summer 2016\",\"description\":\"<p>080 Barcelona Spring-Summer 2016<\\\/p>\",\"link\":null,\"link_target\":\"\",\"download\":\"https:\\\/\\\/bobvarela.com\\\/wp-content\\\/flagallery\\\/lebor-gabala-coleccion-urban-folk-en-el-080-barcelona\\\/lebor_gabala_018.jpg\",\"ratio\":0.6670000000000000373034936274052597582340240478515625},{\"id\":\"20156\",\"image\":\"https:\\\/\\\/bobvarela.com\\\/wp-content\\\/flagallery\\\/lebor-gabala-coleccion-urban-folk-en-el-080-barcelona\\\/webview\\\/lebor_gabala_019.jpg\",\"thumb\":\"https:\\\/\\\/bobvarela.com\\\/wp-content\\\/flagallery\\\/lebor-gabala-coleccion-urban-folk-en-el-080-barcelona\\\/thumbs\\\/thumbs_lebor_gabala_019.jpg\",\"file\":\"lebor_gabala_019.jpg\",\"meta\":{\"aperture\":false,\"credit\":false,\"camera\":false,\"caption\":\"080 Barcelona Spring-Summer 2016\",\"created_timestamp\":\"June 30, 2015 12:58 pm\",\"copyright\":\"\\u00c2\\u00a9 2015 Estrop-Barcelona PHOTOGRAPH FOR EDITORIAL USE ONLY\",\"focal_length\":false,\"iso\":false,\"shutter_speed\":false,\"flash\":false,\"title\":\"080 Barcelona Spring-Summer 2016\",\"keywords\":\"080 Barcelona,Estrop-Barcelona,Spring-Summer 2016\",\"width\":667,\"height\":1000,\"saved\":true,\"thumbnail\":{\"width\":220,\"height\":220,\"ewww_image_optimizer\":\"Reduced by 9.5% (3.7&nbsp;kB)\"},\"webview\":{\"0\":667,\"1\":1000,\"2\":2,\"3\":\"width=\\\"667\\\" height=\\\"1000\\\"\",\"bits\":8,\"channels\":3,\"mime\":\"image\\\/jpeg\",\"ewww_image_optimizer\":\"Reduced by 4.9% (8.1&nbsp;kB) - Previously Optimized\"},\"0\":false,\"ewww_image_optimizer\":\"Reduced by 6.2% (12.2&nbsp;kB)\",\"views\":\"0\",\"likes\":\"0\"},\"title\":\"080 Barcelona Spring-Summer 2016\",\"description\":\"<p>080 Barcelona Spring-Summer 2016<\\\/p>\",\"link\":null,\"link_target\":\"\",\"download\":\"https:\\\/\\\/bobvarela.com\\\/wp-content\\\/flagallery\\\/lebor-gabala-coleccion-urban-folk-en-el-080-barcelona\\\/lebor_gabala_019.jpg\",\"ratio\":0.6670000000000000373034936274052597582340240478515625},{\"id\":\"20157\",\"image\":\"https:\\\/\\\/bobvarela.com\\\/wp-content\\\/flagallery\\\/lebor-gabala-coleccion-urban-folk-en-el-080-barcelona\\\/webview\\\/lebor_gabala_020.jpg\",\"thumb\":\"https:\\\/\\\/bobvarela.com\\\/wp-content\\\/flagallery\\\/lebor-gabala-coleccion-urban-folk-en-el-080-barcelona\\\/thumbs\\\/thumbs_lebor_gabala_020.jpg\",\"file\":\"lebor_gabala_020.jpg\",\"meta\":{\"aperture\":false,\"credit\":false,\"camera\":false,\"caption\":\"080 Barcelona Spring-Summer 2016\",\"created_timestamp\":\"June 30, 2015 11:58 am\",\"copyright\":\"\\u00c2\\u00a9 2015 Estrop-Barcelona PHOTOGRAPH FOR EDITORIAL USE ONLY\",\"focal_length\":false,\"iso\":false,\"shutter_speed\":false,\"flash\":false,\"title\":\"080 Barcelona Spring-Summer 2016\",\"keywords\":\"080 Barcelona,Estrop-Barcelona,Spring-Summer 2016\",\"width\":667,\"height\":1000,\"saved\":true,\"thumbnail\":{\"width\":220,\"height\":220,\"ewww_image_optimizer\":\"Reduced by 11.4% (3.4&nbsp;kB)\"},\"webview\":{\"0\":667,\"1\":1000,\"2\":2,\"3\":\"width=\\\"667\\\" height=\\\"1000\\\"\",\"bits\":8,\"channels\":3,\"mime\":\"image\\\/jpeg\",\"ewww_image_optimizer\":\"Reduced by 5.8% (4.0&nbsp;kB) - Previously Optimized\"},\"0\":false,\"ewww_image_optimizer\":\"Reduced by 5.9% (8.6&nbsp;kB)\",\"views\":\"2\",\"likes\":\"0\"},\"title\":\"080 Barcelona Spring-Summer 2016\",\"description\":\"<p>080 Barcelona Spring-Summer 2016<\\\/p>\",\"link\":null,\"link_target\":\"\",\"download\":\"https:\\\/\\\/bobvarela.com\\\/wp-content\\\/flagallery\\\/lebor-gabala-coleccion-urban-folk-en-el-080-barcelona\\\/lebor_gabala_020.jpg\",\"ratio\":0.6670000000000000373034936274052597582340240478515625},{\"id\":\"20158\",\"image\":\"https:\\\/\\\/bobvarela.com\\\/wp-content\\\/flagallery\\\/lebor-gabala-coleccion-urban-folk-en-el-080-barcelona\\\/webview\\\/lebor_gabala_021.jpg\",\"thumb\":\"https:\\\/\\\/bobvarela.com\\\/wp-content\\\/flagallery\\\/lebor-gabala-coleccion-urban-folk-en-el-080-barcelona\\\/thumbs\\\/thumbs_lebor_gabala_021.jpg\",\"file\":\"lebor_gabala_021.jpg\",\"meta\":{\"aperture\":false,\"credit\":false,\"camera\":false,\"caption\":\"080 Barcelona Spring-Summer 2016\",\"created_timestamp\":\"June 30, 2015 11:58 am\",\"copyright\":\"\\u00c2\\u00a9 2015 Estrop-Barcelona PHOTOGRAPH FOR EDITORIAL USE ONLY\",\"focal_length\":false,\"iso\":false,\"shutter_speed\":false,\"flash\":false,\"title\":\"080 Barcelona Spring-Summer 2016\",\"keywords\":\"080 Barcelona,Estrop-Barcelona,Spring-Summer 2016\",\"width\":667,\"height\":1000,\"saved\":true,\"thumbnail\":{\"width\":220,\"height\":220,\"ewww_image_optimizer\":\"Reduced by 11.6% (4.5&nbsp;kB)\"},\"webview\":{\"0\":667,\"1\":1000,\"2\":2,\"3\":\"width=\\\"667\\\" height=\\\"1000\\\"\",\"bits\":8,\"channels\":3,\"mime\":\"image\\\/jpeg\",\"ewww_image_optimizer\":\"Reduced by 4.8% (5.3&nbsp;kB) - Previously Optimized\"},\"0\":false,\"ewww_image_optimizer\":\"Reduced by 4.0% (6.6&nbsp;kB)\",\"views\":\"1\",\"likes\":\"0\"},\"title\":\"080 Barcelona Spring-Summer 2016\",\"description\":\"<p>080 Barcelona Spring-Summer 2016<\\\/p>\",\"link\":null,\"link_target\":\"\",\"download\":\"https:\\\/\\\/bobvarela.com\\\/wp-content\\\/flagallery\\\/lebor-gabala-coleccion-urban-folk-en-el-080-barcelona\\\/lebor_gabala_021.jpg\",\"ratio\":0.6670000000000000373034936274052597582340240478515625},{\"id\":\"20159\",\"image\":\"https:\\\/\\\/bobvarela.com\\\/wp-content\\\/flagallery\\\/lebor-gabala-coleccion-urban-folk-en-el-080-barcelona\\\/webview\\\/lebor_gabala_022.jpg\",\"thumb\":\"https:\\\/\\\/bobvarela.com\\\/wp-content\\\/flagallery\\\/lebor-gabala-coleccion-urban-folk-en-el-080-barcelona\\\/thumbs\\\/thumbs_lebor_gabala_022.jpg\",\"file\":\"lebor_gabala_022.jpg\",\"meta\":{\"aperture\":false,\"credit\":false,\"camera\":false,\"caption\":\"080 Barcelona Spring-Summer 2016\",\"created_timestamp\":\"June 30, 2015 12:58 pm\",\"copyright\":\"\\u00c2\\u00a9 2015 Estrop-Barcelona PHOTOGRAPH FOR EDITORIAL USE ONLY\",\"focal_length\":false,\"iso\":false,\"shutter_speed\":false,\"flash\":false,\"title\":\"080 Barcelona Spring-Summer 2016\",\"keywords\":\"080 Barcelona,Estrop-Barcelona,Spring-Summer 2016\",\"width\":667,\"height\":1000,\"saved\":true,\"thumbnail\":{\"width\":220,\"height\":220,\"ewww_image_optimizer\":\"Reduced by 11.6% (4.7&nbsp;kB)\"},\"webview\":{\"0\":667,\"1\":1000,\"2\":2,\"3\":\"width=\\\"667\\\" height=\\\"1000\\\"\",\"bits\":8,\"channels\":3,\"mime\":\"image\\\/jpeg\",\"ewww_image_optimizer\":\"Reduced by 7.2% (10.1&nbsp;kB) - Previously Optimized\"},\"0\":false,\"ewww_image_optimizer\":\"Reduced by 8.7% (13.8&nbsp;kB)\",\"views\":\"0\",\"likes\":\"0\"},\"title\":\"080 Barcelona Spring-Summer 2016\",\"description\":\"<p>080 Barcelona Spring-Summer 2016<\\\/p>\",\"link\":null,\"link_target\":\"\",\"download\":\"https:\\\/\\\/bobvarela.com\\\/wp-content\\\/flagallery\\\/lebor-gabala-coleccion-urban-folk-en-el-080-barcelona\\\/lebor_gabala_022.jpg\",\"ratio\":0.6670000000000000373034936274052597582340240478515625},{\"id\":\"20160\",\"image\":\"https:\\\/\\\/bobvarela.com\\\/wp-content\\\/flagallery\\\/lebor-gabala-coleccion-urban-folk-en-el-080-barcelona\\\/webview\\\/lebor_gabala_023.jpg\",\"thumb\":\"https:\\\/\\\/bobvarela.com\\\/wp-content\\\/flagallery\\\/lebor-gabala-coleccion-urban-folk-en-el-080-barcelona\\\/thumbs\\\/thumbs_lebor_gabala_023.jpg\",\"file\":\"lebor_gabala_023.jpg\",\"meta\":{\"aperture\":false,\"credit\":false,\"camera\":false,\"caption\":\"080 Barcelona Spring-Summer 2016\",\"created_timestamp\":\"June 30, 2015 11:58 am\",\"copyright\":\"\\u00c2\\u00a9 2015 Estrop-Barcelona PHOTOGRAPH FOR EDITORIAL USE ONLY\",\"focal_length\":false,\"iso\":false,\"shutter_speed\":false,\"flash\":false,\"title\":\"080 Barcelona Spring-Summer 2016\",\"keywords\":\"080 Barcelona,Estrop-Barcelona,Spring-Summer 2016\",\"width\":667,\"height\":1000,\"saved\":true,\"thumbnail\":{\"width\":220,\"height\":220,\"ewww_image_optimizer\":\"Reduced by 9.9% (2.4&nbsp;kB)\"},\"webview\":{\"0\":667,\"1\":1000,\"2\":2,\"3\":\"width=\\\"667\\\" height=\\\"1000\\\"\",\"bits\":8,\"channels\":3,\"mime\":\"image\\\/jpeg\",\"ewww_image_optimizer\":\"Reduced by 7.9% (4.8&nbsp;kB) - Previously Optimized\"},\"0\":false,\"ewww_image_optimizer\":\"Reduced by 6.5% (8.8&nbsp;kB)\",\"views\":\"0\",\"likes\":\"0\"},\"title\":\"080 Barcelona Spring-Summer 2016\",\"description\":\"<p>080 Barcelona Spring-Summer 2016<\\\/p>\",\"link\":null,\"link_target\":\"\",\"download\":\"https:\\\/\\\/bobvarela.com\\\/wp-content\\\/flagallery\\\/lebor-gabala-coleccion-urban-folk-en-el-080-barcelona\\\/lebor_gabala_023.jpg\",\"ratio\":0.6670000000000000373034936274052597582340240478515625},{\"id\":\"20161\",\"image\":\"https:\\\/\\\/bobvarela.com\\\/wp-content\\\/flagallery\\\/lebor-gabala-coleccion-urban-folk-en-el-080-barcelona\\\/webview\\\/lebor_gabala_024.jpg\",\"thumb\":\"https:\\\/\\\/bobvarela.com\\\/wp-content\\\/flagallery\\\/lebor-gabala-coleccion-urban-folk-en-el-080-barcelona\\\/thumbs\\\/thumbs_lebor_gabala_024.jpg\",\"file\":\"lebor_gabala_024.jpg\",\"meta\":{\"aperture\":false,\"credit\":false,\"camera\":false,\"caption\":\"080 Barcelona Spring-Summer 2016\",\"created_timestamp\":\"June 30, 2015 11:59 am\",\"copyright\":\"\\u00c2\\u00a9 2015 Estrop-Barcelona PHOTOGRAPH FOR EDITORIAL USE ONLY\",\"focal_length\":false,\"iso\":false,\"shutter_speed\":false,\"flash\":false,\"title\":\"080 Barcelona Spring-Summer 2016\",\"keywords\":\"080 Barcelona,Estrop-Barcelona,Spring-Summer 2016\",\"width\":667,\"height\":1000,\"saved\":true,\"thumbnail\":{\"width\":220,\"height\":220,\"ewww_image_optimizer\":\"Reduced by 10.9% (2.9&nbsp;kB)\"},\"webview\":{\"0\":667,\"1\":1000,\"2\":2,\"3\":\"width=\\\"667\\\" height=\\\"1000\\\"\",\"bits\":8,\"channels\":3,\"mime\":\"image\\\/jpeg\",\"ewww_image_optimizer\":\"Reduced by 6.4% (3.3&nbsp;kB) - Previously Optimized\"},\"0\":false,\"ewww_image_optimizer\":\"Reduced by 9.2% (18.2&nbsp;kB)\",\"views\":\"1\",\"likes\":\"0\"},\"title\":\"080 Barcelona Spring-Summer 2016\",\"description\":\"<p>080 Barcelona Spring-Summer 2016<\\\/p>\",\"link\":null,\"link_target\":\"\",\"download\":\"https:\\\/\\\/bobvarela.com\\\/wp-content\\\/flagallery\\\/lebor-gabala-coleccion-urban-folk-en-el-080-barcelona\\\/lebor_gabala_024.jpg\",\"ratio\":0.6670000000000000373034936274052597582340240478515625},{\"id\":\"20162\",\"image\":\"https:\\\/\\\/bobvarela.com\\\/wp-content\\\/flagallery\\\/lebor-gabala-coleccion-urban-folk-en-el-080-barcelona\\\/webview\\\/lebor_gabala_025.jpg\",\"thumb\":\"https:\\\/\\\/bobvarela.com\\\/wp-content\\\/flagallery\\\/lebor-gabala-coleccion-urban-folk-en-el-080-barcelona\\\/thumbs\\\/thumbs_lebor_gabala_025.jpg\",\"file\":\"lebor_gabala_025.jpg\",\"meta\":{\"aperture\":false,\"credit\":false,\"camera\":false,\"caption\":\"080 Barcelona Spring-Summer 2016\",\"created_timestamp\":\"June 30, 2015 11:59 am\",\"copyright\":\"\\u00c2\\u00a9 2015 Estrop-Barcelona PHOTOGRAPH FOR EDITORIAL USE ONLY\",\"focal_length\":false,\"iso\":false,\"shutter_speed\":false,\"flash\":false,\"title\":\"080 Barcelona Spring-Summer 2016\",\"keywords\":\"080 Barcelona,Estrop-Barcelona,Spring-Summer 2016\",\"width\":667,\"height\":1000,\"saved\":true,\"thumbnail\":{\"width\":220,\"height\":220,\"ewww_image_optimizer\":\"Reduced by 10.8% (3.6&nbsp;kB)\"},\"webview\":{\"0\":667,\"1\":1000,\"2\":2,\"3\":\"width=\\\"667\\\" height=\\\"1000\\\"\",\"bits\":8,\"channels\":3,\"mime\":\"image\\\/jpeg\",\"ewww_image_optimizer\":\"Reduced by 3.6% (2.6&nbsp;kB) - Previously Optimized\"},\"0\":false,\"ewww_image_optimizer\":\"Reduced by 3.7% (5.7&nbsp;kB)\",\"views\":\"0\",\"likes\":\"0\"},\"title\":\"080 Barcelona Spring-Summer 2016\",\"description\":\"<p>080 Barcelona Spring-Summer 2016<\\\/p>\",\"link\":null,\"link_target\":\"\",\"download\":\"https:\\\/\\\/bobvarela.com\\\/wp-content\\\/flagallery\\\/lebor-gabala-coleccion-urban-folk-en-el-080-barcelona\\\/lebor_gabala_025.jpg\",\"ratio\":0.6670000000000000373034936274052597582340240478515625},{\"id\":\"20163\",\"image\":\"https:\\\/\\\/bobvarela.com\\\/wp-content\\\/flagallery\\\/lebor-gabala-coleccion-urban-folk-en-el-080-barcelona\\\/webview\\\/lebor_gabala_027.jpg\",\"thumb\":\"https:\\\/\\\/bobvarela.com\\\/wp-content\\\/flagallery\\\/lebor-gabala-coleccion-urban-folk-en-el-080-barcelona\\\/thumbs\\\/thumbs_lebor_gabala_027.jpg\",\"file\":\"lebor_gabala_027.jpg\",\"meta\":{\"aperture\":false,\"credit\":false,\"camera\":false,\"caption\":\"080 Barcelona Spring-Summer 2016\",\"created_timestamp\":\"June 30, 2015 11:59 am\",\"copyright\":\"\\u00c2\\u00a9 2015 Estrop-Barcelona PHOTOGRAPH FOR EDITORIAL USE ONLY\",\"focal_length\":false,\"iso\":false,\"shutter_speed\":false,\"flash\":false,\"title\":\"080 Barcelona Spring-Summer 2016\",\"keywords\":\"080 Barcelona,Estrop-Barcelona,Spring-Summer 2016\",\"width\":667,\"height\":1000,\"saved\":true,\"thumbnail\":{\"width\":220,\"height\":220,\"ewww_image_optimizer\":\"Reduced by 11.2% (3.3&nbsp;kB)\"},\"webview\":{\"0\":667,\"1\":1000,\"2\":2,\"3\":\"width=\\\"667\\\" height=\\\"1000\\\"\",\"bits\":8,\"channels\":3,\"mime\":\"image\\\/jpeg\",\"ewww_image_optimizer\":\"Reduced by 5.5% (3.6&nbsp;kB) - Previously Optimized\"},\"0\":false,\"ewww_image_optimizer\":\"Reduced by 5.7% (7.9&nbsp;kB)\",\"views\":\"2\",\"likes\":\"0\"},\"title\":\"080 Barcelona Spring-Summer 2016\",\"description\":\"<p>080 Barcelona Spring-Summer 2016<\\\/p>\",\"link\":null,\"link_target\":\"\",\"download\":\"https:\\\/\\\/bobvarela.com\\\/wp-content\\\/flagallery\\\/lebor-gabala-coleccion-urban-folk-en-el-080-barcelona\\\/lebor_gabala_027.jpg\",\"ratio\":0.6670000000000000373034936274052597582340240478515625},{\"id\":\"20164\",\"image\":\"https:\\\/\\\/bobvarela.com\\\/wp-content\\\/flagallery\\\/lebor-gabala-coleccion-urban-folk-en-el-080-barcelona\\\/webview\\\/lebor_gabala_028.jpg\",\"thumb\":\"https:\\\/\\\/bobvarela.com\\\/wp-content\\\/flagallery\\\/lebor-gabala-coleccion-urban-folk-en-el-080-barcelona\\\/thumbs\\\/thumbs_lebor_gabala_028.jpg\",\"file\":\"lebor_gabala_028.jpg\",\"meta\":{\"aperture\":false,\"credit\":false,\"camera\":false,\"caption\":\"080 Barcelona Spring-Summer 2016\",\"created_timestamp\":\"June 30, 2015 11:59 am\",\"copyright\":\"\\u00c2\\u00a9 2015 Estrop-Barcelona PHOTOGRAPH FOR EDITORIAL USE ONLY\",\"focal_length\":false,\"iso\":false,\"shutter_speed\":false,\"flash\":false,\"title\":\"080 Barcelona Spring-Summer 2016\",\"keywords\":\"080 Barcelona,Estrop-Barcelona,Spring-Summer 2016\",\"width\":667,\"height\":1000,\"saved\":true,\"thumbnail\":{\"width\":220,\"height\":220,\"ewww_image_optimizer\":\"Reduced by 11.2% (3.9&nbsp;kB)\"},\"webview\":{\"0\":667,\"1\":1000,\"2\":2,\"3\":\"width=\\\"667\\\" height=\\\"1000\\\"\",\"bits\":8,\"channels\":3,\"mime\":\"image\\\/jpeg\",\"ewww_image_optimizer\":\"Reduced by 4.7% (4.2&nbsp;kB) - Previously Optimized\"},\"0\":false,\"ewww_image_optimizer\":\"Reduced by 5.1% (9.6&nbsp;kB)\",\"views\":\"1\",\"likes\":\"0\"},\"title\":\"080 Barcelona Spring-Summer 2016\",\"description\":\"<p>080 Barcelona Spring-Summer 2016<\\\/p>\",\"link\":null,\"link_target\":\"\",\"download\":\"https:\\\/\\\/bobvarela.com\\\/wp-content\\\/flagallery\\\/lebor-gabala-coleccion-urban-folk-en-el-080-barcelona\\\/lebor_gabala_028.jpg\",\"ratio\":0.6670000000000000373034936274052597582340240478515625},{\"id\":\"20165\",\"image\":\"https:\\\/\\\/bobvarela.com\\\/wp-content\\\/flagallery\\\/lebor-gabala-coleccion-urban-folk-en-el-080-barcelona\\\/webview\\\/lebor_gabala_029.jpg\",\"thumb\":\"https:\\\/\\\/bobvarela.com\\\/wp-content\\\/flagallery\\\/lebor-gabala-coleccion-urban-folk-en-el-080-barcelona\\\/thumbs\\\/thumbs_lebor_gabala_029.jpg\",\"file\":\"lebor_gabala_029.jpg\",\"meta\":{\"aperture\":false,\"credit\":false,\"camera\":false,\"caption\":\"080 Barcelona Spring-Summer 2016\",\"created_timestamp\":\"June 30, 2015 11:59 am\",\"copyright\":\"\\u00c2\\u00a9 2015 Estrop-Barcelona PHOTOGRAPH FOR EDITORIAL USE ONLY\",\"focal_length\":false,\"iso\":false,\"shutter_speed\":false,\"flash\":false,\"title\":\"080 Barcelona Spring-Summer 2016\",\"keywords\":\"080 Barcelona,Estrop-Barcelona,Spring-Summer 2016\",\"width\":667,\"height\":1000,\"saved\":true,\"thumbnail\":{\"width\":220,\"height\":220,\"ewww_image_optimizer\":\"Reduced by 10.7% (4.3&nbsp;kB)\"},\"webview\":{\"0\":667,\"1\":1000,\"2\":2,\"3\":\"width=\\\"667\\\" height=\\\"1000\\\"\",\"bits\":8,\"channels\":3,\"mime\":\"image\\\/jpeg\",\"ewww_image_optimizer\":\"Reduced by 6.0% (9.0&nbsp;kB) - Previously Optimized\"},\"0\":false,\"ewww_image_optimizer\":\"Reduced by 6.5% (11.8&nbsp;kB)\",\"views\":\"0\",\"likes\":\"0\"},\"title\":\"080 Barcelona Spring-Summer 2016\",\"description\":\"<p>080 Barcelona Spring-Summer 2016<\\\/p>\",\"link\":null,\"link_target\":\"\",\"download\":\"https:\\\/\\\/bobvarela.com\\\/wp-content\\\/flagallery\\\/lebor-gabala-coleccion-urban-folk-en-el-080-barcelona\\\/lebor_gabala_029.jpg\",\"ratio\":0.6670000000000000373034936274052597582340240478515625},{\"id\":\"20166\",\"image\":\"https:\\\/\\\/bobvarela.com\\\/wp-content\\\/flagallery\\\/lebor-gabala-coleccion-urban-folk-en-el-080-barcelona\\\/webview\\\/lebor_gabala_030.jpg\",\"thumb\":\"https:\\\/\\\/bobvarela.com\\\/wp-content\\\/flagallery\\\/lebor-gabala-coleccion-urban-folk-en-el-080-barcelona\\\/thumbs\\\/thumbs_lebor_gabala_030.jpg\",\"file\":\"lebor_gabala_030.jpg\",\"meta\":{\"aperture\":false,\"credit\":false,\"camera\":false,\"caption\":\"080 Barcelona Spring-Summer 2016\",\"created_timestamp\":\"June 30, 2015 11:59 am\",\"copyright\":\"\\u00c2\\u00a9 2015 Estrop-Barcelona PHOTOGRAPH FOR EDITORIAL USE ONLY\",\"focal_length\":false,\"iso\":false,\"shutter_speed\":false,\"flash\":false,\"title\":\"080 Barcelona Spring-Summer 2016\",\"keywords\":\"080 Barcelona,Estrop-Barcelona,Spring-Summer 2016\",\"width\":667,\"height\":1000,\"saved\":true,\"thumbnail\":{\"width\":220,\"height\":220,\"ewww_image_optimizer\":\"Reduced by 10.5% (2.6&nbsp;kB)\"},\"webview\":{\"0\":667,\"1\":1000,\"2\":2,\"3\":\"width=\\\"667\\\" height=\\\"1000\\\"\",\"bits\":8,\"channels\":3,\"mime\":\"image\\\/jpeg\",\"ewww_image_optimizer\":\"Reduced by 8.3% (4.5&nbsp;kB) - Previously Optimized\"},\"0\":false,\"ewww_image_optimizer\":\"Reduced by 7.2% (8.5&nbsp;kB)\",\"views\":\"0\",\"likes\":\"0\"},\"title\":\"080 Barcelona Spring-Summer 2016\",\"description\":\"<p>080 Barcelona Spring-Summer 2016<\\\/p>\",\"link\":null,\"link_target\":\"\",\"download\":\"https:\\\/\\\/bobvarela.com\\\/wp-content\\\/flagallery\\\/lebor-gabala-coleccion-urban-folk-en-el-080-barcelona\\\/lebor_gabala_030.jpg\",\"ratio\":0.6670000000000000373034936274052597582340240478515625},{\"id\":\"20167\",\"image\":\"https:\\\/\\\/bobvarela.com\\\/wp-content\\\/flagallery\\\/lebor-gabala-coleccion-urban-folk-en-el-080-barcelona\\\/webview\\\/lebor_gabala_031.jpg\",\"thumb\":\"https:\\\/\\\/bobvarela.com\\\/wp-content\\\/flagallery\\\/lebor-gabala-coleccion-urban-folk-en-el-080-barcelona\\\/thumbs\\\/thumbs_lebor_gabala_031.jpg\",\"file\":\"lebor_gabala_031.jpg\",\"meta\":{\"aperture\":false,\"credit\":false,\"camera\":false,\"caption\":\"080 Barcelona Spring-Summer 2016\",\"created_timestamp\":\"June 30, 2015 11:59 am\",\"copyright\":\"\\u00c2\\u00a9 2015 Estrop-Barcelona PHOTOGRAPH FOR EDITORIAL USE ONLY\",\"focal_length\":false,\"iso\":false,\"shutter_speed\":false,\"flash\":false,\"title\":\"080 Barcelona Spring-Summer 2016\",\"keywords\":\"080 Barcelona,Estrop-Barcelona,Spring-Summer 2016\",\"width\":667,\"height\":1000,\"saved\":true,\"thumbnail\":{\"width\":220,\"height\":220,\"ewww_image_optimizer\":\"Reduced by 8.9% (2.6&nbsp;kB)\"},\"webview\":{\"0\":667,\"1\":1000,\"2\":2,\"3\":\"width=\\\"667\\\" height=\\\"1000\\\"\",\"bits\":8,\"channels\":3,\"mime\":\"image\\\/jpeg\",\"ewww_image_optimizer\":\"Reduced by 6.9% (5.0&nbsp;kB) - Previously Optimized\"},\"0\":false,\"ewww_image_optimizer\":\"Reduced by 6.1% (9.6&nbsp;kB)\",\"views\":\"0\",\"likes\":\"0\"},\"title\":\"080 Barcelona Spring-Summer 2016\",\"description\":\"<p>080 Barcelona Spring-Summer 2016<\\\/p>\",\"link\":null,\"link_target\":\"\",\"download\":\"https:\\\/\\\/bobvarela.com\\\/wp-content\\\/flagallery\\\/lebor-gabala-coleccion-urban-folk-en-el-080-barcelona\\\/lebor_gabala_031.jpg\",\"ratio\":0.6670000000000000373034936274052597582340240478515625},{\"id\":\"20168\",\"image\":\"https:\\\/\\\/bobvarela.com\\\/wp-content\\\/flagallery\\\/lebor-gabala-coleccion-urban-folk-en-el-080-barcelona\\\/webview\\\/lebor_gabala_032.jpg\",\"thumb\":\"https:\\\/\\\/bobvarela.com\\\/wp-content\\\/flagallery\\\/lebor-gabala-coleccion-urban-folk-en-el-080-barcelona\\\/thumbs\\\/thumbs_lebor_gabala_032.jpg\",\"file\":\"lebor_gabala_032.jpg\",\"meta\":{\"aperture\":false,\"credit\":false,\"camera\":false,\"caption\":\"080 Barcelona Spring-Summer 2016\",\"created_timestamp\":\"June 30, 2015 11:59 am\",\"copyright\":\"\\u00c2\\u00a9 2015 Estrop-Barcelona PHOTOGRAPH FOR EDITORIAL USE ONLY\",\"focal_length\":false,\"iso\":false,\"shutter_speed\":false,\"flash\":false,\"title\":\"080 Barcelona Spring-Summer 2016\",\"keywords\":\"080 Barcelona,Estrop-Barcelona,Spring-Summer 2016\",\"width\":667,\"height\":1000,\"saved\":true,\"thumbnail\":{\"width\":220,\"height\":220,\"ewww_image_optimizer\":\"Reduced by 8.9% (3.8&nbsp;kB)\"},\"webview\":{\"0\":667,\"1\":1000,\"2\":2,\"3\":\"width=\\\"667\\\" height=\\\"1000\\\"\",\"bits\":8,\"channels\":3,\"mime\":\"image\\\/jpeg\",\"ewww_image_optimizer\":\"Reduced by 6.2% (8.2&nbsp;kB) - Previously Optimized\"},\"0\":false,\"ewww_image_optimizer\":\"Reduced by 3.3% (5.9&nbsp;kB)\",\"views\":\"0\",\"likes\":\"0\"},\"title\":\"080 Barcelona Spring-Summer 2016\",\"description\":\"<p>080 Barcelona Spring-Summer 2016<\\\/p>\",\"link\":null,\"link_target\":\"\",\"download\":\"https:\\\/\\\/bobvarela.com\\\/wp-content\\\/flagallery\\\/lebor-gabala-coleccion-urban-folk-en-el-080-barcelona\\\/lebor_gabala_032.jpg\",\"ratio\":0.6670000000000000373034936274052597582340240478515625},{\"id\":\"20169\",\"image\":\"https:\\\/\\\/bobvarela.com\\\/wp-content\\\/flagallery\\\/lebor-gabala-coleccion-urban-folk-en-el-080-barcelona\\\/webview\\\/lebor_gabala_033.jpg\",\"thumb\":\"https:\\\/\\\/bobvarela.com\\\/wp-content\\\/flagallery\\\/lebor-gabala-coleccion-urban-folk-en-el-080-barcelona\\\/thumbs\\\/thumbs_lebor_gabala_033.jpg\",\"file\":\"lebor_gabala_033.jpg\",\"meta\":{\"aperture\":false,\"credit\":false,\"camera\":false,\"caption\":\"080 Barcelona Spring-Summer 2016\",\"created_timestamp\":\"June 30, 2015 11:59 am\",\"copyright\":\"\\u00c2\\u00a9 2015 Estrop-Barcelona PHOTOGRAPH FOR EDITORIAL USE ONLY\",\"focal_length\":false,\"iso\":false,\"shutter_speed\":false,\"flash\":false,\"title\":\"080 Barcelona Spring-Summer 2016\",\"keywords\":\"080 Barcelona,Estrop-Barcelona,Spring-Summer 2016\",\"width\":667,\"height\":1000,\"saved\":true,\"thumbnail\":{\"width\":220,\"height\":220,\"ewww_image_optimizer\":\"Reduced by 10.7% (2.7&nbsp;kB)\"},\"webview\":{\"0\":667,\"1\":1000,\"2\":2,\"3\":\"width=\\\"667\\\" height=\\\"1000\\\"\",\"bits\":8,\"channels\":3,\"mime\":\"image\\\/jpeg\",\"ewww_image_optimizer\":\"Reduced by 7.1% (3.6&nbsp;kB) - Previously Optimized\"},\"0\":false,\"ewww_image_optimizer\":\"Reduced by 10.2% (19.6&nbsp;kB)\",\"views\":\"0\",\"likes\":\"0\"},\"title\":\"080 Barcelona Spring-Summer 2016\",\"description\":\"<p>080 Barcelona Spring-Summer 2016<\\\/p>\",\"link\":null,\"link_target\":\"\",\"download\":\"https:\\\/\\\/bobvarela.com\\\/wp-content\\\/flagallery\\\/lebor-gabala-coleccion-urban-folk-en-el-080-barcelona\\\/lebor_gabala_033.jpg\",\"ratio\":0.6670000000000000373034936274052597582340240478515625},{\"id\":\"20170\",\"image\":\"https:\\\/\\\/bobvarela.com\\\/wp-content\\\/flagallery\\\/lebor-gabala-coleccion-urban-folk-en-el-080-barcelona\\\/webview\\\/lebor_gabala_034.jpg\",\"thumb\":\"https:\\\/\\\/bobvarela.com\\\/wp-content\\\/flagallery\\\/lebor-gabala-coleccion-urban-folk-en-el-080-barcelona\\\/thumbs\\\/thumbs_lebor_gabala_034.jpg\",\"file\":\"lebor_gabala_034.jpg\",\"meta\":{\"aperture\":false,\"credit\":false,\"camera\":false,\"caption\":\"080 Barcelona Spring-Summer 2016\",\"created_timestamp\":\"June 30, 2015 11:59 am\",\"copyright\":\"\\u00c2\\u00a9 2015 Estrop-Barcelona PHOTOGRAPH FOR EDITORIAL USE ONLY\",\"focal_length\":false,\"iso\":false,\"shutter_speed\":false,\"flash\":false,\"title\":\"080 Barcelona Spring-Summer 2016\",\"keywords\":\"080 Barcelona,Estrop-Barcelona,Spring-Summer 2016\",\"width\":667,\"height\":1000,\"saved\":true,\"thumbnail\":{\"width\":220,\"height\":220,\"ewww_image_optimizer\":\"Reduced by 9.3% (2.9&nbsp;kB)\"},\"webview\":{\"0\":667,\"1\":1000,\"2\":2,\"3\":\"width=\\\"667\\\" height=\\\"1000\\\"\",\"bits\":8,\"channels\":3,\"mime\":\"image\\\/jpeg\",\"ewww_image_optimizer\":\"Reduced by 5.7% (4.5&nbsp;kB) - Previously Optimized\"},\"0\":false,\"ewww_image_optimizer\":\"Reduced by 5.4% (9.2&nbsp;kB)\",\"views\":\"0\",\"likes\":\"0\"},\"title\":\"080 Barcelona Spring-Summer 2016\",\"description\":\"<p>080 Barcelona Spring-Summer 2016<\\\/p>\",\"link\":null,\"link_target\":\"\",\"download\":\"https:\\\/\\\/bobvarela.com\\\/wp-content\\\/flagallery\\\/lebor-gabala-coleccion-urban-folk-en-el-080-barcelona\\\/lebor_gabala_034.jpg\",\"ratio\":0.6670000000000000373034936274052597582340240478515625},{\"id\":\"20171\",\"image\":\"https:\\\/\\\/bobvarela.com\\\/wp-content\\\/flagallery\\\/lebor-gabala-coleccion-urban-folk-en-el-080-barcelona\\\/webview\\\/lebor_gabala_035.jpg\",\"thumb\":\"https:\\\/\\\/bobvarela.com\\\/wp-content\\\/flagallery\\\/lebor-gabala-coleccion-urban-folk-en-el-080-barcelona\\\/thumbs\\\/thumbs_lebor_gabala_035.jpg\",\"file\":\"lebor_gabala_035.jpg\",\"meta\":{\"aperture\":false,\"credit\":false,\"camera\":false,\"caption\":\"080 Barcelona Spring-Summer 2016\",\"created_timestamp\":\"June 30, 2015 12:00 pm\",\"copyright\":\"\\u00c2\\u00a9 2015 Estrop-Barcelona PHOTOGRAPH FOR EDITORIAL USE ONLY\",\"focal_length\":false,\"iso\":false,\"shutter_speed\":false,\"flash\":false,\"title\":\"080 Barcelona Spring-Summer 2016\",\"keywords\":\"080 Barcelona,Estrop-Barcelona,Spring-Summer 2016\",\"width\":667,\"height\":1000,\"saved\":true,\"thumbnail\":{\"width\":220,\"height\":220,\"ewww_image_optimizer\":\"Reduced by 14.5% (4.4&nbsp;kB)\"},\"webview\":{\"0\":667,\"1\":1000,\"2\":2,\"3\":\"width=\\\"667\\\" height=\\\"1000\\\"\",\"bits\":8,\"channels\":3,\"mime\":\"image\\\/jpeg\",\"ewww_image_optimizer\":\"Reduced by 7.0% (5.8&nbsp;kB) - Previously Optimized\"},\"0\":false,\"ewww_image_optimizer\":\"Reduced by 8.2% (13.1&nbsp;kB)\",\"views\":\"1\",\"likes\":\"0\"},\"title\":\"080 Barcelona Spring-Summer 2016\",\"description\":\"<p>080 Barcelona Spring-Summer 2016<\\\/p>\",\"link\":null,\"link_target\":\"\",\"download\":\"https:\\\/\\\/bobvarela.com\\\/wp-content\\\/flagallery\\\/lebor-gabala-coleccion-urban-folk-en-el-080-barcelona\\\/lebor_gabala_035.jpg\",\"ratio\":0.6670000000000000373034936274052597582340240478515625},{\"id\":\"20172\",\"image\":\"https:\\\/\\\/bobvarela.com\\\/wp-content\\\/flagallery\\\/lebor-gabala-coleccion-urban-folk-en-el-080-barcelona\\\/webview\\\/lebor_gabala_036.jpg\",\"thumb\":\"https:\\\/\\\/bobvarela.com\\\/wp-content\\\/flagallery\\\/lebor-gabala-coleccion-urban-folk-en-el-080-barcelona\\\/thumbs\\\/thumbs_lebor_gabala_036.jpg\",\"file\":\"lebor_gabala_036.jpg\",\"meta\":{\"aperture\":false,\"credit\":false,\"camera\":false,\"caption\":\"080 Barcelona Spring-Summer 2016\",\"created_timestamp\":\"June 30, 2015 12:00 pm\",\"copyright\":\"\\u00c2\\u00a9 2015 Estrop-Barcelona PHOTOGRAPH FOR EDITORIAL USE ONLY\",\"focal_length\":false,\"iso\":false,\"shutter_speed\":false,\"flash\":false,\"title\":\"080 Barcelona Spring-Summer 2016\",\"keywords\":\"080 Barcelona,Estrop-Barcelona,Spring-Summer 2016\",\"width\":667,\"height\":1000,\"saved\":true,\"thumbnail\":{\"width\":220,\"height\":220,\"ewww_image_optimizer\":\"Reduced by 15.8% (6.8&nbsp;kB)\"},\"webview\":{\"0\":667,\"1\":1000,\"2\":2,\"3\":\"width=\\\"667\\\" height=\\\"1000\\\"\",\"bits\":8,\"channels\":3,\"mime\":\"image\\\/jpeg\",\"ewww_image_optimizer\":\"Reduced by 4.6% (6.7&nbsp;kB) - Previously Optimized\"},\"0\":false,\"ewww_image_optimizer\":\"Reduced by 5.7% (10.0&nbsp;kB)\",\"views\":\"1\",\"likes\":\"0\"},\"title\":\"080 Barcelona Spring-Summer 2016\",\"description\":\"<p>080 Barcelona Spring-Summer 2016<\\\/p>\",\"link\":null,\"link_target\":\"\",\"download\":\"https:\\\/\\\/bobvarela.com\\\/wp-content\\\/flagallery\\\/lebor-gabala-coleccion-urban-folk-en-el-080-barcelona\\\/lebor_gabala_036.jpg\",\"ratio\":0.6670000000000000373034936274052597582340240478515625},{\"id\":\"20173\",\"image\":\"https:\\\/\\\/bobvarela.com\\\/wp-content\\\/flagallery\\\/lebor-gabala-coleccion-urban-folk-en-el-080-barcelona\\\/webview\\\/lebor_gabala_037.jpg\",\"thumb\":\"https:\\\/\\\/bobvarela.com\\\/wp-content\\\/flagallery\\\/lebor-gabala-coleccion-urban-folk-en-el-080-barcelona\\\/thumbs\\\/thumbs_lebor_gabala_037.jpg\",\"file\":\"lebor_gabala_037.jpg\",\"meta\":{\"aperture\":false,\"credit\":false,\"camera\":false,\"caption\":\"080 Barcelona Spring-Summer 2016\",\"created_timestamp\":\"June 30, 2015 12:00 pm\",\"copyright\":\"\\u00c2\\u00a9 2015 Estrop-Barcelona PHOTOGRAPH FOR EDITORIAL USE ONLY\",\"focal_length\":false,\"iso\":false,\"shutter_speed\":false,\"flash\":false,\"title\":\"080 Barcelona Spring-Summer 2016\",\"keywords\":\"080 Barcelona,Estrop-Barcelona,Spring-Summer 2016\",\"width\":667,\"height\":1000,\"saved\":true,\"thumbnail\":{\"width\":220,\"height\":220,\"ewww_image_optimizer\":\"Reduced by 17.7% (9.9&nbsp;kB)\"},\"webview\":{\"0\":667,\"1\":1000,\"2\":2,\"3\":\"width=\\\"667\\\" height=\\\"1000\\\"\",\"bits\":8,\"channels\":3,\"mime\":\"image\\\/jpeg\",\"ewww_image_optimizer\":\"Reduced by 12.8% (21.2&nbsp;kB)\"},\"0\":false,\"ewww_image_optimizer\":\"Reduced by 12.8% (21.2&nbsp;kB)\",\"views\":\"0\",\"likes\":\"0\"},\"title\":\"080 Barcelona Spring-Summer 2016\",\"description\":\"<p>080 Barcelona Spring-Summer 2016<\\\/p>\",\"link\":null,\"link_target\":\"\",\"download\":\"https:\\\/\\\/bobvarela.com\\\/wp-content\\\/flagallery\\\/lebor-gabala-coleccion-urban-folk-en-el-080-barcelona\\\/lebor_gabala_037.jpg\",\"ratio\":0.6670000000000000373034936274052597582340240478515625},{\"id\":\"20174\",\"image\":\"https:\\\/\\\/bobvarela.com\\\/wp-content\\\/flagallery\\\/lebor-gabala-coleccion-urban-folk-en-el-080-barcelona\\\/webview\\\/lebor_gabala_038.jpg\",\"thumb\":\"https:\\\/\\\/bobvarela.com\\\/wp-content\\\/flagallery\\\/lebor-gabala-coleccion-urban-folk-en-el-080-barcelona\\\/thumbs\\\/thumbs_lebor_gabala_038.jpg\",\"file\":\"lebor_gabala_038.jpg\",\"meta\":{\"aperture\":false,\"credit\":false,\"camera\":false,\"caption\":\"080 Barcelona Spring-Summer 2016\",\"created_timestamp\":\"June 30, 2015 12:00 pm\",\"copyright\":\"\\u00c2\\u00a9 2015 Estrop-Barcelona PHOTOGRAPH FOR EDITORIAL USE ONLY\",\"focal_length\":false,\"iso\":false,\"shutter_speed\":false,\"flash\":false,\"title\":\"080 Barcelona Spring-Summer 2016\",\"keywords\":\"080 Barcelona,Estrop-Barcelona,Spring-Summer 2016\",\"width\":667,\"height\":1000,\"saved\":true,\"thumbnail\":{\"width\":220,\"height\":220,\"ewww_image_optimizer\":\"Reduced by 13.2% (6.3&nbsp;kB)\"},\"webview\":{\"0\":667,\"1\":1000,\"2\":2,\"3\":\"width=\\\"667\\\" height=\\\"1000\\\"\",\"bits\":8,\"channels\":3,\"mime\":\"image\\\/jpeg\",\"ewww_image_optimizer\":\"Reduced by 6.9% (12.9&nbsp;kB) - Previously Optimized\"},\"0\":false,\"ewww_image_optimizer\":\"Reduced by 7.0% (13.5&nbsp;kB)\",\"views\":\"1\",\"likes\":\"0\"},\"title\":\"080 Barcelona Spring-Summer 2016\",\"description\":\"<p>080 Barcelona Spring-Summer 2016<\\\/p>\",\"link\":null,\"link_target\":\"\",\"download\":\"https:\\\/\\\/bobvarela.com\\\/wp-content\\\/flagallery\\\/lebor-gabala-coleccion-urban-folk-en-el-080-barcelona\\\/lebor_gabala_038.jpg\",\"ratio\":0.6670000000000000373034936274052597582340240478515625},{\"id\":\"20175\",\"image\":\"https:\\\/\\\/bobvarela.com\\\/wp-content\\\/flagallery\\\/lebor-gabala-coleccion-urban-folk-en-el-080-barcelona\\\/webview\\\/lebor_gabala_039.jpg\",\"thumb\":\"https:\\\/\\\/bobvarela.com\\\/wp-content\\\/flagallery\\\/lebor-gabala-coleccion-urban-folk-en-el-080-barcelona\\\/thumbs\\\/thumbs_lebor_gabala_039.jpg\",\"file\":\"lebor_gabala_039.jpg\",\"meta\":{\"aperture\":false,\"credit\":false,\"camera\":false,\"caption\":\"080 Barcelona Spring-Summer 2016\",\"created_timestamp\":\"June 30, 2015 12:00 pm\",\"copyright\":\"\\u00c2\\u00a9 2015 Estrop-Barcelona PHOTOGRAPH FOR EDITORIAL USE ONLY\",\"focal_length\":false,\"iso\":false,\"shutter_speed\":false,\"flash\":false,\"title\":\"080 Barcelona Spring-Summer 2016\",\"keywords\":\"080 Barcelona,Estrop-Barcelona,Spring-Summer 2016\",\"width\":667,\"height\":1000,\"saved\":true,\"thumbnail\":{\"width\":220,\"height\":220,\"ewww_image_optimizer\":\"Reduced by 14.6% (4.8&nbsp;kB)\"},\"webview\":{\"0\":667,\"1\":1000,\"2\":2,\"3\":\"width=\\\"667\\\" height=\\\"1000\\\"\",\"bits\":8,\"channels\":3,\"mime\":\"image\\\/jpeg\",\"ewww_image_optimizer\":\"Reduced by 5.5% (5.3&nbsp;kB) - Previously Optimized\"},\"0\":false,\"ewww_image_optimizer\":\"Reduced by 7.5% (13.4&nbsp;kB)\",\"views\":\"0\",\"likes\":\"0\"},\"title\":\"080 Barcelona Spring-Summer 2016\",\"description\":\"<p>080 Barcelona Spring-Summer 2016<\\\/p>\",\"link\":null,\"link_target\":\"\",\"download\":\"https:\\\/\\\/bobvarela.com\\\/wp-content\\\/flagallery\\\/lebor-gabala-coleccion-urban-folk-en-el-080-barcelona\\\/lebor_gabala_039.jpg\",\"ratio\":0.6670000000000000373034936274052597582340240478515625},{\"id\":\"20176\",\"image\":\"https:\\\/\\\/bobvarela.com\\\/wp-content\\\/flagallery\\\/lebor-gabala-coleccion-urban-folk-en-el-080-barcelona\\\/webview\\\/lebor_gabala_040.jpg\",\"thumb\":\"https:\\\/\\\/bobvarela.com\\\/wp-content\\\/flagallery\\\/lebor-gabala-coleccion-urban-folk-en-el-080-barcelona\\\/thumbs\\\/thumbs_lebor_gabala_040.jpg\",\"file\":\"lebor_gabala_040.jpg\",\"meta\":{\"aperture\":false,\"credit\":false,\"camera\":false,\"caption\":\"080 Barcelona Spring-Summer 2016\",\"created_timestamp\":\"June 30, 2015 12:00 pm\",\"copyright\":\"\\u00c2\\u00a9 2015 Estrop-Barcelona PHOTOGRAPH FOR EDITORIAL USE ONLY\",\"focal_length\":false,\"iso\":false,\"shutter_speed\":false,\"flash\":false,\"title\":\"080 Barcelona Spring-Summer 2016\",\"keywords\":\"080 Barcelona,Estrop-Barcelona,Spring-Summer 2016\",\"width\":667,\"height\":1000,\"saved\":true,\"thumbnail\":{\"width\":220,\"height\":220,\"ewww_image_optimizer\":\"Reduced by 14.4% (5.9&nbsp;kB)\"},\"webview\":{\"0\":667,\"1\":1000,\"2\":2,\"3\":\"width=\\\"667\\\" height=\\\"1000\\\"\",\"bits\":8,\"channels\":3,\"mime\":\"image\\\/jpeg\",\"ewww_image_optimizer\":\"Reduced by 4.2% (5.9&nbsp;kB) - Previously Optimized\"},\"0\":false,\"ewww_image_optimizer\":\"Reduced by 5.4% (9.3&nbsp;kB)\",\"views\":\"0\",\"likes\":\"0\"},\"title\":\"080 Barcelona Spring-Summer 2016\",\"description\":\"<p>080 Barcelona Spring-Summer 2016<\\\/p>\",\"link\":null,\"link_target\":\"\",\"download\":\"https:\\\/\\\/bobvarela.com\\\/wp-content\\\/flagallery\\\/lebor-gabala-coleccion-urban-folk-en-el-080-barcelona\\\/lebor_gabala_040.jpg\",\"ratio\":0.6670000000000000373034936274052597582340240478515625},{\"id\":\"20177\",\"image\":\"https:\\\/\\\/bobvarela.com\\\/wp-content\\\/flagallery\\\/lebor-gabala-coleccion-urban-folk-en-el-080-barcelona\\\/webview\\\/lebor_gabala_041.jpg\",\"thumb\":\"https:\\\/\\\/bobvarela.com\\\/wp-content\\\/flagallery\\\/lebor-gabala-coleccion-urban-folk-en-el-080-barcelona\\\/thumbs\\\/thumbs_lebor_gabala_041.jpg\",\"file\":\"lebor_gabala_041.jpg\",\"meta\":{\"aperture\":false,\"credit\":false,\"camera\":false,\"caption\":\"080 Barcelona Spring-Summer 2016\",\"created_timestamp\":\"June 30, 2015 12:00 pm\",\"copyright\":\"\\u00c2\\u00a9 2015 Estrop-Barcelona PHOTOGRAPH FOR EDITORIAL USE ONLY\",\"focal_length\":false,\"iso\":false,\"shutter_speed\":false,\"flash\":false,\"title\":\"080 Barcelona Spring-Summer 2016\",\"keywords\":\"080 Barcelona,Estrop-Barcelona,Spring-Summer 2016\",\"width\":667,\"height\":1000,\"saved\":true,\"thumbnail\":{\"width\":220,\"height\":220,\"ewww_image_optimizer\":\"Reduced by 10.6% (2.8&nbsp;kB)\"},\"webview\":{\"0\":667,\"1\":1000,\"2\":2,\"3\":\"width=\\\"667\\\" height=\\\"1000\\\"\",\"bits\":8,\"channels\":3,\"mime\":\"image\\\/jpeg\",\"ewww_image_optimizer\":\"Reduced by 6.5% (3.4&nbsp;kB) - Previously Optimized\"},\"0\":false,\"ewww_image_optimizer\":\"Reduced by 9.7% (19.4&nbsp;kB)\",\"views\":\"0\",\"likes\":\"0\"},\"title\":\"080 Barcelona Spring-Summer 2016\",\"description\":\"<p>080 Barcelona Spring-Summer 2016<\\\/p>\",\"link\":null,\"link_target\":\"\",\"download\":\"https:\\\/\\\/bobvarela.com\\\/wp-content\\\/flagallery\\\/lebor-gabala-coleccion-urban-folk-en-el-080-barcelona\\\/lebor_gabala_041.jpg\",\"ratio\":0.6670000000000000373034936274052597582340240478515625},{\"id\":\"20178\",\"image\":\"https:\\\/\\\/bobvarela.com\\\/wp-content\\\/flagallery\\\/lebor-gabala-coleccion-urban-folk-en-el-080-barcelona\\\/webview\\\/lebor_gabala_042.jpg\",\"thumb\":\"https:\\\/\\\/bobvarela.com\\\/wp-content\\\/flagallery\\\/lebor-gabala-coleccion-urban-folk-en-el-080-barcelona\\\/thumbs\\\/thumbs_lebor_gabala_042.jpg\",\"file\":\"lebor_gabala_042.jpg\",\"meta\":{\"aperture\":false,\"credit\":false,\"camera\":false,\"caption\":\"080 Barcelona Spring-Summer 2016\",\"created_timestamp\":\"June 30, 2015 12:00 pm\",\"copyright\":\"\\u00c2\\u00a9 2015 Estrop-Barcelona PHOTOGRAPH FOR EDITORIAL USE ONLY\",\"focal_length\":false,\"iso\":false,\"shutter_speed\":false,\"flash\":false,\"title\":\"080 Barcelona Spring-Summer 2016\",\"keywords\":\"080 Barcelona,Estrop-Barcelona,Spring-Summer 2016\",\"width\":667,\"height\":1000,\"saved\":true,\"thumbnail\":{\"width\":220,\"height\":220,\"ewww_image_optimizer\":\"Reduced by 9.1% (2.7&nbsp;kB)\"},\"webview\":{\"0\":667,\"1\":1000,\"2\":2,\"3\":\"width=\\\"667\\\" height=\\\"1000\\\"\",\"bits\":8,\"channels\":3,\"mime\":\"image\\\/jpeg\",\"ewww_image_optimizer\":\"Reduced by 6.0% (4.3&nbsp;kB) - Previously Optimized\"},\"0\":false,\"ewww_image_optimizer\":\"Reduced by 5.4% (8.4&nbsp;kB)\",\"views\":\"0\",\"likes\":\"0\"},\"title\":\"080 Barcelona Spring-Summer 2016\",\"description\":\"<p>080 Barcelona Spring-Summer 2016<\\\/p>\",\"link\":null,\"link_target\":\"\",\"download\":\"https:\\\/\\\/bobvarela.com\\\/wp-content\\\/flagallery\\\/lebor-gabala-coleccion-urban-folk-en-el-080-barcelona\\\/lebor_gabala_042.jpg\",\"ratio\":0.6670000000000000373034936274052597582340240478515625},{\"id\":\"20179\",\"image\":\"https:\\\/\\\/bobvarela.com\\\/wp-content\\\/flagallery\\\/lebor-gabala-coleccion-urban-folk-en-el-080-barcelona\\\/webview\\\/lebor_gabala_043.jpg\",\"thumb\":\"https:\\\/\\\/bobvarela.com\\\/wp-content\\\/flagallery\\\/lebor-gabala-coleccion-urban-folk-en-el-080-barcelona\\\/thumbs\\\/thumbs_lebor_gabala_043.jpg\",\"file\":\"lebor_gabala_043.jpg\",\"meta\":{\"aperture\":false,\"credit\":false,\"camera\":false,\"caption\":\"080 Barcelona Spring-Summer 2016\",\"created_timestamp\":\"June 30, 2015 12:00 pm\",\"copyright\":\"\\u00c2\\u00a9 2015 Estrop-Barcelona PHOTOGRAPH FOR EDITORIAL USE ONLY\",\"focal_length\":false,\"iso\":false,\"shutter_speed\":false,\"flash\":false,\"title\":\"080 Barcelona Spring-Summer 2016\",\"keywords\":\"080 Barcelona,Estrop-Barcelona,Spring-Summer 2016\",\"width\":667,\"height\":1000,\"saved\":true,\"thumbnail\":{\"width\":220,\"height\":220,\"ewww_image_optimizer\":\"Reduced by 10.4% (2.8&nbsp;kB)\"},\"webview\":{\"0\":667,\"1\":1000,\"2\":2,\"3\":\"width=\\\"667\\\" height=\\\"1000\\\"\",\"bits\":8,\"channels\":3,\"mime\":\"image\\\/jpeg\",\"ewww_image_optimizer\":\"Reduced by 7.0% (4.6&nbsp;kB) - Previously Optimized\"},\"0\":false,\"ewww_image_optimizer\":\"Reduced by 6.0% (8.0&nbsp;kB)\",\"views\":\"0\",\"likes\":\"0\"},\"title\":\"080 Barcelona Spring-Summer 2016\",\"description\":\"<p>080 Barcelona Spring-Summer 2016<\\\/p>\",\"link\":null,\"link_target\":\"\",\"download\":\"https:\\\/\\\/bobvarela.com\\\/wp-content\\\/flagallery\\\/lebor-gabala-coleccion-urban-folk-en-el-080-barcelona\\\/lebor_gabala_043.jpg\",\"ratio\":0.6670000000000000373034936274052597582340240478515625},{\"id\":\"20180\",\"image\":\"https:\\\/\\\/bobvarela.com\\\/wp-content\\\/flagallery\\\/lebor-gabala-coleccion-urban-folk-en-el-080-barcelona\\\/webview\\\/lebor_gabala_044.jpg\",\"thumb\":\"https:\\\/\\\/bobvarela.com\\\/wp-content\\\/flagallery\\\/lebor-gabala-coleccion-urban-folk-en-el-080-barcelona\\\/thumbs\\\/thumbs_lebor_gabala_044.jpg\",\"file\":\"lebor_gabala_044.jpg\",\"meta\":{\"aperture\":false,\"credit\":false,\"camera\":false,\"caption\":\"080 Barcelona Spring-Summer 2016\",\"created_timestamp\":\"June 30, 2015 12:00 pm\",\"copyright\":\"\\u00c2\\u00a9 2015 Estrop-Barcelona PHOTOGRAPH FOR EDITORIAL USE ONLY\",\"focal_length\":false,\"iso\":false,\"shutter_speed\":false,\"flash\":false,\"title\":\"080 Barcelona Spring-Summer 2016\",\"keywords\":\"080 Barcelona,Estrop-Barcelona,Spring-Summer 2016\",\"width\":667,\"height\":1000,\"saved\":true,\"thumbnail\":{\"width\":220,\"height\":220,\"ewww_image_optimizer\":\"Reduced by 9.7% (3.4&nbsp;kB)\"},\"webview\":{\"0\":667,\"1\":1000,\"2\":2,\"3\":\"width=\\\"667\\\" height=\\\"1000\\\"\",\"bits\":8,\"channels\":3,\"mime\":\"image\\\/jpeg\",\"ewww_image_optimizer\":\"Reduced by 5.7% (6.7&nbsp;kB) - Previously Optimized\"},\"0\":false,\"ewww_image_optimizer\":\"Reduced by 4.2% (7.0&nbsp;kB)\",\"views\":\"1\",\"likes\":\"0\"},\"title\":\"080 Barcelona Spring-Summer 2016\",\"description\":\"<p>080 Barcelona Spring-Summer 2016<\\\/p>\",\"link\":null,\"link_target\":\"\",\"download\":\"https:\\\/\\\/bobvarela.com\\\/wp-content\\\/flagallery\\\/lebor-gabala-coleccion-urban-folk-en-el-080-barcelona\\\/lebor_gabala_044.jpg\",\"ratio\":0.6670000000000000373034936274052597582340240478515625},{\"id\":\"20181\",\"image\":\"https:\\\/\\\/bobvarela.com\\\/wp-content\\\/flagallery\\\/lebor-gabala-coleccion-urban-folk-en-el-080-barcelona\\\/webview\\\/lebor_gabala_045.jpg\",\"thumb\":\"https:\\\/\\\/bobvarela.com\\\/wp-content\\\/flagallery\\\/lebor-gabala-coleccion-urban-folk-en-el-080-barcelona\\\/thumbs\\\/thumbs_lebor_gabala_045.jpg\",\"file\":\"lebor_gabala_045.jpg\",\"meta\":{\"aperture\":false,\"credit\":false,\"camera\":false,\"caption\":\"080 Barcelona Spring-Summer 2016\",\"created_timestamp\":\"June 30, 2015 12:01 pm\",\"copyright\":\"\\u00c2\\u00a9 2015 Estrop-Barcelona PHOTOGRAPH FOR EDITORIAL USE ONLY\",\"focal_length\":false,\"iso\":false,\"shutter_speed\":false,\"flash\":false,\"title\":\"080 Barcelona Spring-Summer 2016\",\"keywords\":\"080 Barcelona,Estrop-Barcelona,Spring-Summer 2016\",\"width\":667,\"height\":1000,\"saved\":true,\"thumbnail\":{\"width\":220,\"height\":220,\"ewww_image_optimizer\":\"Reduced by 10.2% (2.7&nbsp;kB)\"},\"webview\":{\"0\":667,\"1\":1000,\"2\":2,\"3\":\"width=\\\"667\\\" height=\\\"1000\\\"\",\"bits\":8,\"channels\":3,\"mime\":\"image\\\/jpeg\",\"ewww_image_optimizer\":\"Reduced by 6.4% (4.0&nbsp;kB) - Previously Optimized\"},\"0\":false,\"ewww_image_optimizer\":\"Reduced by 5.8% (7.7&nbsp;kB)\",\"views\":\"0\",\"likes\":\"0\"},\"title\":\"080 Barcelona Spring-Summer 2016\",\"description\":\"<p>080 Barcelona Spring-Summer 2016<\\\/p>\",\"link\":null,\"link_target\":\"\",\"download\":\"https:\\\/\\\/bobvarela.com\\\/wp-content\\\/flagallery\\\/lebor-gabala-coleccion-urban-folk-en-el-080-barcelona\\\/lebor_gabala_045.jpg\",\"ratio\":0.6670000000000000373034936274052597582340240478515625},{\"id\":\"20182\",\"image\":\"https:\\\/\\\/bobvarela.com\\\/wp-content\\\/flagallery\\\/lebor-gabala-coleccion-urban-folk-en-el-080-barcelona\\\/webview\\\/lebor_gabala_046.jpg\",\"thumb\":\"https:\\\/\\\/bobvarela.com\\\/wp-content\\\/flagallery\\\/lebor-gabala-coleccion-urban-folk-en-el-080-barcelona\\\/thumbs\\\/thumbs_lebor_gabala_046.jpg\",\"file\":\"lebor_gabala_046.jpg\",\"meta\":{\"aperture\":false,\"credit\":false,\"camera\":false,\"caption\":\"080 Barcelona Spring-Summer 2016\",\"created_timestamp\":\"June 30, 2015 12:01 pm\",\"copyright\":\"\\u00c2\\u00a9 2015 Estrop-Barcelona PHOTOGRAPH FOR EDITORIAL USE ONLY\",\"focal_length\":false,\"iso\":false,\"shutter_speed\":false,\"flash\":false,\"title\":\"080 Barcelona Spring-Summer 2016\",\"keywords\":\"080 Barcelona,Estrop-Barcelona,Spring-Summer 2016\",\"width\":667,\"height\":1000,\"saved\":true,\"thumbnail\":{\"width\":220,\"height\":220,\"ewww_image_optimizer\":\"Reduced by 9.4% (3.1&nbsp;kB)\"},\"webview\":{\"0\":667,\"1\":1000,\"2\":2,\"3\":\"width=\\\"667\\\" height=\\\"1000\\\"\",\"bits\":8,\"channels\":3,\"mime\":\"image\\\/jpeg\",\"ewww_image_optimizer\":\"Reduced by 5.2% (4.8&nbsp;kB) - Previously Optimized\"},\"0\":false,\"ewww_image_optimizer\":\"Reduced by 5.0% (9.7&nbsp;kB)\",\"views\":\"0\",\"likes\":\"0\"},\"title\":\"080 Barcelona Spring-Summer 2016\",\"description\":\"<p>080 Barcelona Spring-Summer 2016<\\\/p>\",\"link\":null,\"link_target\":\"\",\"download\":\"https:\\\/\\\/bobvarela.com\\\/wp-content\\\/flagallery\\\/lebor-gabala-coleccion-urban-folk-en-el-080-barcelona\\\/lebor_gabala_046.jpg\",\"ratio\":0.6670000000000000373034936274052597582340240478515625},{\"id\":\"20183\",\"image\":\"https:\\\/\\\/bobvarela.com\\\/wp-content\\\/flagallery\\\/lebor-gabala-coleccion-urban-folk-en-el-080-barcelona\\\/webview\\\/lebor_gabala_047.jpg\",\"thumb\":\"https:\\\/\\\/bobvarela.com\\\/wp-content\\\/flagallery\\\/lebor-gabala-coleccion-urban-folk-en-el-080-barcelona\\\/thumbs\\\/thumbs_lebor_gabala_047.jpg\",\"file\":\"lebor_gabala_047.jpg\",\"meta\":{\"aperture\":false,\"credit\":false,\"camera\":false,\"caption\":\"080 Barcelona Spring-Summer 2016\",\"created_timestamp\":\"June 30, 2015 12:01 pm\",\"copyright\":\"\\u00c2\\u00a9 2015 Estrop-Barcelona PHOTOGRAPH FOR EDITORIAL USE ONLY\",\"focal_length\":false,\"iso\":false,\"shutter_speed\":false,\"flash\":false,\"title\":\"080 Barcelona Spring-Summer 2016\",\"keywords\":\"080 Barcelona,Estrop-Barcelona,Spring-Summer 2016\",\"width\":667,\"height\":1000,\"saved\":true,\"thumbnail\":{\"width\":220,\"height\":220,\"ewww_image_optimizer\":\"Reduced by 11.0% (4.3&nbsp;kB)\"},\"webview\":{\"0\":667,\"1\":1000,\"2\":2,\"3\":\"width=\\\"667\\\" height=\\\"1000\\\"\",\"bits\":8,\"channels\":3,\"mime\":\"image\\\/jpeg\",\"ewww_image_optimizer\":\"Reduced by 5.2% (8.0&nbsp;kB) - Previously Optimized\"},\"0\":false,\"ewww_image_optimizer\":\"Reduced by 6.3% (11.6&nbsp;kB)\",\"views\":\"0\",\"likes\":\"0\"},\"title\":\"080 Barcelona Spring-Summer 2016\",\"description\":\"<p>080 Barcelona Spring-Summer 2016<\\\/p>\",\"link\":null,\"link_target\":\"\",\"download\":\"https:\\\/\\\/bobvarela.com\\\/wp-content\\\/flagallery\\\/lebor-gabala-coleccion-urban-folk-en-el-080-barcelona\\\/lebor_gabala_047.jpg\",\"ratio\":0.6670000000000000373034936274052597582340240478515625},{\"id\":\"20184\",\"image\":\"https:\\\/\\\/bobvarela.com\\\/wp-content\\\/flagallery\\\/lebor-gabala-coleccion-urban-folk-en-el-080-barcelona\\\/webview\\\/lebor_gabala_048.jpg\",\"thumb\":\"https:\\\/\\\/bobvarela.com\\\/wp-content\\\/flagallery\\\/lebor-gabala-coleccion-urban-folk-en-el-080-barcelona\\\/thumbs\\\/thumbs_lebor_gabala_048.jpg\",\"file\":\"lebor_gabala_048.jpg\",\"meta\":{\"aperture\":false,\"credit\":false,\"camera\":false,\"caption\":\"080 Barcelona Spring-Summer 2016\",\"created_timestamp\":\"June 30, 2015 12:01 pm\",\"copyright\":\"\\u00c2\\u00a9 2015 Estrop-Barcelona PHOTOGRAPH FOR EDITORIAL USE ONLY\",\"focal_length\":false,\"iso\":false,\"shutter_speed\":false,\"flash\":false,\"title\":\"080 Barcelona Spring-Summer 2016\",\"keywords\":\"080 Barcelona,Estrop-Barcelona,Spring-Summer 2016\",\"width\":667,\"height\":1000,\"saved\":true,\"thumbnail\":{\"width\":220,\"height\":220,\"ewww_image_optimizer\":\"Reduced by 9.6% (2.7&nbsp;kB)\"},\"webview\":{\"0\":667,\"1\":1000,\"2\":2,\"3\":\"width=\\\"667\\\" height=\\\"1000\\\"\",\"bits\":8,\"channels\":3,\"mime\":\"image\\\/jpeg\",\"ewww_image_optimizer\":\"Reduced by 6.8% (5.2&nbsp;kB) - Previously Optimized\"},\"0\":false,\"ewww_image_optimizer\":\"Reduced by 5.9% (9.0&nbsp;kB)\",\"views\":\"1\",\"likes\":\"0\"},\"title\":\"080 Barcelona Spring-Summer 2016\",\"description\":\"<p>080 Barcelona Spring-Summer 2016<\\\/p>\",\"link\":null,\"link_target\":\"\",\"download\":\"https:\\\/\\\/bobvarela.com\\\/wp-content\\\/flagallery\\\/lebor-gabala-coleccion-urban-folk-en-el-080-barcelona\\\/lebor_gabala_048.jpg\",\"ratio\":0.6670000000000000373034936274052597582340240478515625},{\"id\":\"20185\",\"image\":\"https:\\\/\\\/bobvarela.com\\\/wp-content\\\/flagallery\\\/lebor-gabala-coleccion-urban-folk-en-el-080-barcelona\\\/webview\\\/lebor_gabala_049.jpg\",\"thumb\":\"https:\\\/\\\/bobvarela.com\\\/wp-content\\\/flagallery\\\/lebor-gabala-coleccion-urban-folk-en-el-080-barcelona\\\/thumbs\\\/thumbs_lebor_gabala_049.jpg\",\"file\":\"lebor_gabala_049.jpg\",\"meta\":{\"aperture\":false,\"credit\":false,\"camera\":false,\"caption\":\"080 Barcelona Spring-Summer 2016\",\"created_timestamp\":\"June 30, 2015 12:01 pm\",\"copyright\":\"\\u00c2\\u00a9 2015 Estrop-Barcelona PHOTOGRAPH FOR EDITORIAL USE ONLY\",\"focal_length\":false,\"iso\":false,\"shutter_speed\":false,\"flash\":false,\"title\":\"080 Barcelona Spring-Summer 2016\",\"keywords\":\"080 Barcelona,Estrop-Barcelona,Spring-Summer 2016\",\"width\":667,\"height\":1000,\"saved\":true,\"thumbnail\":{\"width\":220,\"height\":220,\"ewww_image_optimizer\":\"Reduced by 9.0% (3.2&nbsp;kB)\"},\"webview\":{\"0\":667,\"1\":1000,\"2\":2,\"3\":\"width=\\\"667\\\" height=\\\"1000\\\"\",\"bits\":8,\"channels\":3,\"mime\":\"image\\\/jpeg\",\"ewww_image_optimizer\":\"Reduced by 5.5% (6.6&nbsp;kB) - Previously Optimized\"},\"0\":false,\"ewww_image_optimizer\":\"Reduced by 4.0% (6.9&nbsp;kB)\",\"views\":\"0\",\"likes\":\"0\"},\"title\":\"080 Barcelona Spring-Summer 2016\",\"description\":\"<p>080 Barcelona Spring-Summer 2016<\\\/p>\",\"link\":null,\"link_target\":\"\",\"download\":\"https:\\\/\\\/bobvarela.com\\\/wp-content\\\/flagallery\\\/lebor-gabala-coleccion-urban-folk-en-el-080-barcelona\\\/lebor_gabala_049.jpg\",\"ratio\":0.6670000000000000373034936274052597582340240478515625},{\"id\":\"20186\",\"image\":\"https:\\\/\\\/bobvarela.com\\\/wp-content\\\/flagallery\\\/lebor-gabala-coleccion-urban-folk-en-el-080-barcelona\\\/webview\\\/lebor_gabala_050.jpg\",\"thumb\":\"https:\\\/\\\/bobvarela.com\\\/wp-content\\\/flagallery\\\/lebor-gabala-coleccion-urban-folk-en-el-080-barcelona\\\/thumbs\\\/thumbs_lebor_gabala_050.jpg\",\"file\":\"lebor_gabala_050.jpg\",\"meta\":{\"aperture\":false,\"credit\":false,\"camera\":false,\"caption\":\"080 Barcelona Spring-Summer 2016\",\"created_timestamp\":\"June 30, 2015 12:01 pm\",\"copyright\":\"\\u00c2\\u00a9 2015 Estrop-Barcelona PHOTOGRAPH FOR EDITORIAL USE ONLY\",\"focal_length\":false,\"iso\":false,\"shutter_speed\":false,\"flash\":false,\"title\":\"080 Barcelona Spring-Summer 2016\",\"keywords\":\"080 Barcelona,Estrop-Barcelona,Spring-Summer 2016\",\"width\":667,\"height\":1000,\"saved\":true,\"thumbnail\":{\"width\":220,\"height\":220,\"ewww_image_optimizer\":\"Reduced by 10.4% (4.5&nbsp;kB)\"},\"webview\":{\"0\":667,\"1\":1000,\"2\":2,\"3\":\"width=\\\"667\\\" height=\\\"1000\\\"\",\"bits\":8,\"channels\":3,\"mime\":\"image\\\/jpeg\",\"ewww_image_optimizer\":\"Reduced by 4.5% (8.2&nbsp;kB) - Previously Optimized\"},\"0\":false,\"ewww_image_optimizer\":\"Reduced by 6.4% (12.1&nbsp;kB)\",\"views\":\"0\",\"likes\":\"0\"},\"title\":\"080 Barcelona Spring-Summer 2016\",\"description\":\"<p>080 Barcelona Spring-Summer 2016<\\\/p>\",\"link\":null,\"link_target\":\"\",\"download\":\"https:\\\/\\\/bobvarela.com\\\/wp-content\\\/flagallery\\\/lebor-gabala-coleccion-urban-folk-en-el-080-barcelona\\\/lebor_gabala_050.jpg\",\"ratio\":0.6670000000000000373034936274052597582340240478515625},{\"id\":\"20187\",\"image\":\"https:\\\/\\\/bobvarela.com\\\/wp-content\\\/flagallery\\\/lebor-gabala-coleccion-urban-folk-en-el-080-barcelona\\\/webview\\\/lebor_gabala_051.jpg\",\"thumb\":\"https:\\\/\\\/bobvarela.com\\\/wp-content\\\/flagallery\\\/lebor-gabala-coleccion-urban-folk-en-el-080-barcelona\\\/thumbs\\\/thumbs_lebor_gabala_051.jpg\",\"file\":\"lebor_gabala_051.jpg\",\"meta\":{\"aperture\":false,\"credit\":false,\"camera\":false,\"caption\":\"080 Barcelona Spring-Summer 2016\",\"created_timestamp\":\"June 30, 2015 12:01 pm\",\"copyright\":\"\\u00c2\\u00a9 2015 Estrop-Barcelona PHOTOGRAPH FOR EDITORIAL USE ONLY\",\"focal_length\":false,\"iso\":false,\"shutter_speed\":false,\"flash\":false,\"title\":\"080 Barcelona Spring-Summer 2016\",\"keywords\":\"080 Barcelona,Estrop-Barcelona,Spring-Summer 2016\",\"width\":667,\"height\":1000,\"saved\":true,\"thumbnail\":{\"width\":220,\"height\":220,\"ewww_image_optimizer\":\"Reduced by 10.7% (2.7&nbsp;kB)\"},\"webview\":{\"0\":667,\"1\":1000,\"2\":2,\"3\":\"width=\\\"667\\\" height=\\\"1000\\\"\",\"bits\":8,\"channels\":3,\"mime\":\"image\\\/jpeg\",\"ewww_image_optimizer\":\"Reduced by 6.3% (3.0&nbsp;kB) - Previously Optimized\"},\"0\":false,\"ewww_image_optimizer\":\"Reduced by 9.1% (17.9&nbsp;kB)\",\"views\":\"0\",\"likes\":\"0\"},\"title\":\"080 Barcelona Spring-Summer 2016\",\"description\":\"<p>080 Barcelona Spring-Summer 2016<\\\/p>\",\"link\":null,\"link_target\":\"\",\"download\":\"https:\\\/\\\/bobvarela.com\\\/wp-content\\\/flagallery\\\/lebor-gabala-coleccion-urban-folk-en-el-080-barcelona\\\/lebor_gabala_051.jpg\",\"ratio\":0.6670000000000000373034936274052597582340240478515625},{\"id\":\"20188\",\"image\":\"https:\\\/\\\/bobvarela.com\\\/wp-content\\\/flagallery\\\/lebor-gabala-coleccion-urban-folk-en-el-080-barcelona\\\/webview\\\/lebor_gabala_052.jpg\",\"thumb\":\"https:\\\/\\\/bobvarela.com\\\/wp-content\\\/flagallery\\\/lebor-gabala-coleccion-urban-folk-en-el-080-barcelona\\\/thumbs\\\/thumbs_lebor_gabala_052.jpg\",\"file\":\"lebor_gabala_052.jpg\",\"meta\":{\"aperture\":false,\"credit\":false,\"camera\":false,\"caption\":\"080 Barcelona Spring-Summer 2016\",\"created_timestamp\":\"June 30, 2015 12:01 pm\",\"copyright\":\"\\u00c2\\u00a9 2015 Estrop-Barcelona PHOTOGRAPH FOR EDITORIAL USE ONLY\",\"focal_length\":false,\"iso\":false,\"shutter_speed\":false,\"flash\":false,\"title\":\"080 Barcelona Spring-Summer 2016\",\"keywords\":\"080 Barcelona,Estrop-Barcelona,Spring-Summer 2016\",\"width\":667,\"height\":1000,\"saved\":true,\"thumbnail\":{\"width\":220,\"height\":220,\"ewww_image_optimizer\":\"Reduced by 9.5% (2.8&nbsp;kB)\"},\"webview\":{\"0\":667,\"1\":1000,\"2\":2,\"3\":\"width=\\\"667\\\" height=\\\"1000\\\"\",\"bits\":8,\"channels\":3,\"mime\":\"image\\\/jpeg\",\"ewww_image_optimizer\":\"Reduced by 6.2% (4.4&nbsp;kB) - Previously Optimized\"},\"0\":false,\"ewww_image_optimizer\":\"Reduced by 5.3% (8.5&nbsp;kB)\",\"views\":\"1\",\"likes\":\"0\"},\"title\":\"080 Barcelona Spring-Summer 2016\",\"description\":\"<p>080 Barcelona Spring-Summer 2016<\\\/p>\",\"link\":null,\"link_target\":\"\",\"download\":\"https:\\\/\\\/bobvarela.com\\\/wp-content\\\/flagallery\\\/lebor-gabala-coleccion-urban-folk-en-el-080-barcelona\\\/lebor_gabala_052.jpg\",\"ratio\":0.6670000000000000373034936274052597582340240478515625},{\"id\":\"20189\",\"image\":\"https:\\\/\\\/bobvarela.com\\\/wp-content\\\/flagallery\\\/lebor-gabala-coleccion-urban-folk-en-el-080-barcelona\\\/webview\\\/lebor_gabala_053.jpg\",\"thumb\":\"https:\\\/\\\/bobvarela.com\\\/wp-content\\\/flagallery\\\/lebor-gabala-coleccion-urban-folk-en-el-080-barcelona\\\/thumbs\\\/thumbs_lebor_gabala_053.jpg\",\"file\":\"lebor_gabala_053.jpg\",\"meta\":{\"aperture\":false,\"credit\":false,\"camera\":false,\"caption\":\"080 Barcelona Spring-Summer 2016\",\"created_timestamp\":\"June 30, 2015 12:02 pm\",\"copyright\":\"\\u00c2\\u00a9 2015 Estrop-Barcelona PHOTOGRAPH FOR EDITORIAL USE ONLY\",\"focal_length\":false,\"iso\":false,\"shutter_speed\":false,\"flash\":false,\"title\":\"080 Barcelona Spring-Summer 2016\",\"keywords\":\"080 Barcelona,Estrop-Barcelona,Spring-Summer 2016\",\"width\":667,\"height\":1000,\"saved\":true,\"thumbnail\":{\"width\":220,\"height\":220,\"ewww_image_optimizer\":\"Reduced by 12.3% (3.6&nbsp;kB)\"},\"webview\":{\"0\":667,\"1\":1000,\"2\":2,\"3\":\"width=\\\"667\\\" height=\\\"1000\\\"\",\"bits\":8,\"channels\":3,\"mime\":\"image\\\/jpeg\",\"ewww_image_optimizer\":\"Reduced by 5.9% (5.1&nbsp;kB) - Previously Optimized\"},\"0\":false,\"ewww_image_optimizer\":\"Reduced by 7.7% (12.2&nbsp;kB)\",\"views\":\"0\",\"likes\":\"0\"},\"title\":\"080 Barcelona Spring-Summer 2016\",\"description\":\"<p>080 Barcelona Spring-Summer 2016<\\\/p>\",\"link\":null,\"link_target\":\"\",\"download\":\"https:\\\/\\\/bobvarela.com\\\/wp-content\\\/flagallery\\\/lebor-gabala-coleccion-urban-folk-en-el-080-barcelona\\\/lebor_gabala_053.jpg\",\"ratio\":0.6670000000000000373034936274052597582340240478515625},{\"id\":\"20190\",\"image\":\"https:\\\/\\\/bobvarela.com\\\/wp-content\\\/flagallery\\\/lebor-gabala-coleccion-urban-folk-en-el-080-barcelona\\\/webview\\\/lebor_gabala_054.jpg\",\"thumb\":\"https:\\\/\\\/bobvarela.com\\\/wp-content\\\/flagallery\\\/lebor-gabala-coleccion-urban-folk-en-el-080-barcelona\\\/thumbs\\\/thumbs_lebor_gabala_054.jpg\",\"file\":\"lebor_gabala_054.jpg\",\"meta\":{\"aperture\":false,\"credit\":false,\"camera\":false,\"caption\":\"080 Barcelona Spring-Summer 2016\",\"created_timestamp\":\"June 30, 2015 12:02 pm\",\"copyright\":\"\\u00c2\\u00a9 2015 Estrop-Barcelona PHOTOGRAPH FOR EDITORIAL USE ONLY\",\"focal_length\":false,\"iso\":false,\"shutter_speed\":false,\"flash\":false,\"title\":\"080 Barcelona Spring-Summer 2016\",\"keywords\":\"080 Barcelona,Estrop-Barcelona,Spring-Summer 2016\",\"width\":667,\"height\":1000,\"saved\":true,\"thumbnail\":{\"width\":220,\"height\":220,\"ewww_image_optimizer\":\"Reduced by 13.9% (5.5&nbsp;kB)\"},\"webview\":{\"0\":667,\"1\":1000,\"2\":2,\"3\":\"width=\\\"667\\\" height=\\\"1000\\\"\",\"bits\":8,\"channels\":3,\"mime\":\"image\\\/jpeg\",\"ewww_image_optimizer\":\"Reduced by 4.7% (7.3&nbsp;kB) - Previously Optimized\"},\"0\":false,\"ewww_image_optimizer\":\"Reduced by 6.6% (12.2&nbsp;kB)\",\"views\":\"0\",\"likes\":\"0\"},\"title\":\"080 Barcelona Spring-Summer 2016\",\"description\":\"<p>080 Barcelona Spring-Summer 2016<\\\/p>\",\"link\":null,\"link_target\":\"\",\"download\":\"https:\\\/\\\/bobvarela.com\\\/wp-content\\\/flagallery\\\/lebor-gabala-coleccion-urban-folk-en-el-080-barcelona\\\/lebor_gabala_054.jpg\",\"ratio\":0.6670000000000000373034936274052597582340240478515625},{\"id\":\"20191\",\"image\":\"https:\\\/\\\/bobvarela.com\\\/wp-content\\\/flagallery\\\/lebor-gabala-coleccion-urban-folk-en-el-080-barcelona\\\/webview\\\/lebor_gabala_055.jpg\",\"thumb\":\"https:\\\/\\\/bobvarela.com\\\/wp-content\\\/flagallery\\\/lebor-gabala-coleccion-urban-folk-en-el-080-barcelona\\\/thumbs\\\/thumbs_lebor_gabala_055.jpg\",\"file\":\"lebor_gabala_055.jpg\",\"meta\":{\"aperture\":false,\"credit\":false,\"camera\":false,\"caption\":\"080 Barcelona Spring-Summer 2016\",\"created_timestamp\":\"June 30, 2015 12:02 pm\",\"copyright\":\"\\u00c2\\u00a9 2015 Estrop-Barcelona PHOTOGRAPH FOR EDITORIAL USE ONLY\",\"focal_length\":false,\"iso\":false,\"shutter_speed\":false,\"flash\":false,\"title\":\"080 Barcelona Spring-Summer 2016\",\"keywords\":\"080 Barcelona,Estrop-Barcelona,Spring-Summer 2016\",\"width\":667,\"height\":1000,\"saved\":true,\"thumbnail\":{\"width\":220,\"height\":220,\"ewww_image_optimizer\":\"Reduced by 21.0% (12.4&nbsp;kB)\"},\"webview\":{\"0\":667,\"1\":1000,\"2\":2,\"3\":\"width=\\\"667\\\" height=\\\"1000\\\"\",\"bits\":8,\"channels\":3,\"mime\":\"image\\\/jpeg\",\"ewww_image_optimizer\":\"Reduced by 20.5% (34.1&nbsp;kB)\"},\"0\":false,\"ewww_image_optimizer\":\"Reduced by 20.5% (34.1&nbsp;kB)\",\"views\":\"0\",\"likes\":\"0\"},\"title\":\"080 Barcelona Spring-Summer 2016\",\"description\":\"<p>080 Barcelona Spring-Summer 2016<\\\/p>\",\"link\":null,\"link_target\":\"\",\"download\":\"https:\\\/\\\/bobvarela.com\\\/wp-content\\\/flagallery\\\/lebor-gabala-coleccion-urban-folk-en-el-080-barcelona\\\/lebor_gabala_055.jpg\",\"ratio\":0.6670000000000000373034936274052597582340240478515625},{\"id\":\"20192\",\"image\":\"https:\\\/\\\/bobvarela.com\\\/wp-content\\\/flagallery\\\/lebor-gabala-coleccion-urban-folk-en-el-080-barcelona\\\/webview\\\/lebor_gabala_056.jpg\",\"thumb\":\"https:\\\/\\\/bobvarela.com\\\/wp-content\\\/flagallery\\\/lebor-gabala-coleccion-urban-folk-en-el-080-barcelona\\\/thumbs\\\/thumbs_lebor_gabala_056.jpg\",\"file\":\"lebor_gabala_056.jpg\",\"meta\":{\"aperture\":false,\"credit\":false,\"camera\":false,\"caption\":\"080 Barcelona Spring-Summer 2016\",\"created_timestamp\":\"June 30, 2015 12:02 pm\",\"copyright\":\"\\u00c2\\u00a9 2015 Estrop-Barcelona PHOTOGRAPH FOR EDITORIAL USE ONLY\",\"focal_length\":false,\"iso\":false,\"shutter_speed\":false,\"flash\":false,\"title\":\"080 Barcelona Spring-Summer 2016\",\"keywords\":\"080 Barcelona,Estrop-Barcelona,Spring-Summer 2016\",\"width\":667,\"height\":1000,\"saved\":true,\"thumbnail\":{\"width\":220,\"height\":220,\"ewww_image_optimizer\":\"Reduced by 10.7% (3.0&nbsp;kB)\"},\"webview\":{\"0\":667,\"1\":1000,\"2\":2,\"3\":\"width=\\\"667\\\" height=\\\"1000\\\"\",\"bits\":8,\"channels\":3,\"mime\":\"image\\\/jpeg\",\"ewww_image_optimizer\":\"Reduced by 6.5% (4.8&nbsp;kB) - Previously Optimized\"},\"0\":false,\"ewww_image_optimizer\":\"Reduced by 6.2% (9.0&nbsp;kB)\",\"views\":\"1\",\"likes\":\"0\"},\"title\":\"080 Barcelona Spring-Summer 2016\",\"description\":\"<p>080 Barcelona Spring-Summer 2016<\\\/p>\",\"link\":null,\"link_target\":\"\",\"download\":\"https:\\\/\\\/bobvarela.com\\\/wp-content\\\/flagallery\\\/lebor-gabala-coleccion-urban-folk-en-el-080-barcelona\\\/lebor_gabala_056.jpg\",\"ratio\":0.6670000000000000373034936274052597582340240478515625},{\"id\":\"20193\",\"image\":\"https:\\\/\\\/bobvarela.com\\\/wp-content\\\/flagallery\\\/lebor-gabala-coleccion-urban-folk-en-el-080-barcelona\\\/webview\\\/lebor_gabala_057.jpg\",\"thumb\":\"https:\\\/\\\/bobvarela.com\\\/wp-content\\\/flagallery\\\/lebor-gabala-coleccion-urban-folk-en-el-080-barcelona\\\/thumbs\\\/thumbs_lebor_gabala_057.jpg\",\"file\":\"lebor_gabala_057.jpg\",\"meta\":{\"aperture\":false,\"credit\":false,\"camera\":false,\"caption\":\"080 Barcelona Spring-Summer 2016\",\"created_timestamp\":\"June 30, 2015 12:02 pm\",\"copyright\":\"\\u00c2\\u00a9 2015 Estrop-Barcelona PHOTOGRAPH FOR EDITORIAL USE ONLY\",\"focal_length\":false,\"iso\":false,\"shutter_speed\":false,\"flash\":false,\"title\":\"080 Barcelona Spring-Summer 2016\",\"keywords\":\"080 Barcelona,Estrop-Barcelona,Spring-Summer 2016\",\"width\":667,\"height\":1000,\"saved\":true,\"thumbnail\":{\"width\":220,\"height\":220,\"ewww_image_optimizer\":\"Reduced by 9.6% (3.4&nbsp;kB)\"},\"webview\":{\"0\":667,\"1\":1000,\"2\":2,\"3\":\"width=\\\"667\\\" height=\\\"1000\\\"\",\"bits\":8,\"channels\":3,\"mime\":\"image\\\/jpeg\",\"ewww_image_optimizer\":\"Reduced by 6.0% (8.0&nbsp;kB) - Previously Optimized\"},\"0\":false,\"ewww_image_optimizer\":\"Reduced by 4.5% (8.3&nbsp;kB)\",\"views\":\"0\",\"likes\":\"0\"},\"title\":\"080 Barcelona Spring-Summer 2016\",\"description\":\"<p>080 Barcelona Spring-Summer 2016<\\\/p>\",\"link\":null,\"link_target\":\"\",\"download\":\"https:\\\/\\\/bobvarela.com\\\/wp-content\\\/flagallery\\\/lebor-gabala-coleccion-urban-folk-en-el-080-barcelona\\\/lebor_gabala_057.jpg\",\"ratio\":0.6670000000000000373034936274052597582340240478515625},{\"id\":\"20194\",\"image\":\"https:\\\/\\\/bobvarela.com\\\/wp-content\\\/flagallery\\\/lebor-gabala-coleccion-urban-folk-en-el-080-barcelona\\\/webview\\\/lebor_gabala_058.jpg\",\"thumb\":\"https:\\\/\\\/bobvarela.com\\\/wp-content\\\/flagallery\\\/lebor-gabala-coleccion-urban-folk-en-el-080-barcelona\\\/thumbs\\\/thumbs_lebor_gabala_058.jpg\",\"file\":\"lebor_gabala_058.jpg\",\"meta\":{\"aperture\":false,\"credit\":false,\"camera\":false,\"caption\":\"080 Barcelona Spring-Summer 2016\",\"created_timestamp\":\"June 30, 2015 12:02 pm\",\"copyright\":\"\\u00c2\\u00a9 2015 Estrop-Barcelona PHOTOGRAPH FOR EDITORIAL USE ONLY\",\"focal_length\":false,\"iso\":false,\"shutter_speed\":false,\"flash\":false,\"title\":\"080 Barcelona Spring-Summer 2016\",\"keywords\":\"080 Barcelona,Estrop-Barcelona,Spring-Summer 2016\",\"width\":667,\"height\":1000,\"saved\":true,\"thumbnail\":{\"width\":220,\"height\":220,\"ewww_image_optimizer\":\"Reduced by 10.4% (2.6&nbsp;kB)\"},\"webview\":{\"0\":667,\"1\":1000,\"2\":2,\"3\":\"width=\\\"667\\\" height=\\\"1000\\\"\",\"bits\":8,\"channels\":3,\"mime\":\"image\\\/jpeg\",\"ewww_image_optimizer\":\"Reduced by 5.9% (2.8&nbsp;kB) - Previously Optimized\"},\"0\":false,\"ewww_image_optimizer\":\"Reduced by 9.5% (18.0&nbsp;kB)\",\"views\":\"0\",\"likes\":\"0\"},\"title\":\"080 Barcelona Spring-Summer 2016\",\"description\":\"<p>080 Barcelona Spring-Summer 2016<\\\/p>\",\"link\":null,\"link_target\":\"\",\"download\":\"https:\\\/\\\/bobvarela.com\\\/wp-content\\\/flagallery\\\/lebor-gabala-coleccion-urban-folk-en-el-080-barcelona\\\/lebor_gabala_058.jpg\",\"ratio\":0.6670000000000000373034936274052597582340240478515625},{\"id\":\"20195\",\"image\":\"https:\\\/\\\/bobvarela.com\\\/wp-content\\\/flagallery\\\/lebor-gabala-coleccion-urban-folk-en-el-080-barcelona\\\/webview\\\/lebor_gabala_059.jpg\",\"thumb\":\"https:\\\/\\\/bobvarela.com\\\/wp-content\\\/flagallery\\\/lebor-gabala-coleccion-urban-folk-en-el-080-barcelona\\\/thumbs\\\/thumbs_lebor_gabala_059.jpg\",\"file\":\"lebor_gabala_059.jpg\",\"meta\":{\"aperture\":false,\"credit\":false,\"camera\":false,\"caption\":\"080 Barcelona Spring-Summer 2016\",\"created_timestamp\":\"June 30, 2015 12:02 pm\",\"copyright\":\"\\u00c2\\u00a9 2015 Estrop-Barcelona PHOTOGRAPH FOR EDITORIAL USE ONLY\",\"focal_length\":false,\"iso\":false,\"shutter_speed\":false,\"flash\":false,\"title\":\"080 Barcelona Spring-Summer 2016\",\"keywords\":\"080 Barcelona,Estrop-Barcelona,Spring-Summer 2016\",\"width\":667,\"height\":1000,\"saved\":true,\"thumbnail\":{\"width\":220,\"height\":220,\"ewww_image_optimizer\":\"Reduced by 10.0% (3.2&nbsp;kB)\"},\"webview\":{\"0\":667,\"1\":1000,\"2\":2,\"3\":\"width=\\\"667\\\" height=\\\"1000\\\"\",\"bits\":8,\"channels\":3,\"mime\":\"image\\\/jpeg\",\"ewww_image_optimizer\":\"Reduced by 4.4% (3.2&nbsp;kB) - Previously Optimized\"},\"0\":false,\"ewww_image_optimizer\":\"Reduced by 4.3% (6.6&nbsp;kB)\",\"views\":\"0\",\"likes\":\"0\"},\"title\":\"080 Barcelona Spring-Summer 2016\",\"description\":\"<p>080 Barcelona Spring-Summer 2016<\\\/p>\",\"link\":null,\"link_target\":\"\",\"download\":\"https:\\\/\\\/bobvarela.com\\\/wp-content\\\/flagallery\\\/lebor-gabala-coleccion-urban-folk-en-el-080-barcelona\\\/lebor_gabala_059.jpg\",\"ratio\":0.6670000000000000373034936274052597582340240478515625},{\"id\":\"20196\",\"image\":\"https:\\\/\\\/bobvarela.com\\\/wp-content\\\/flagallery\\\/lebor-gabala-coleccion-urban-folk-en-el-080-barcelona\\\/webview\\\/lebor_gabala_060.jpg\",\"thumb\":\"https:\\\/\\\/bobvarela.com\\\/wp-content\\\/flagallery\\\/lebor-gabala-coleccion-urban-folk-en-el-080-barcelona\\\/thumbs\\\/thumbs_lebor_gabala_060.jpg\",\"file\":\"lebor_gabala_060.jpg\",\"meta\":{\"aperture\":false,\"credit\":false,\"camera\":false,\"caption\":\"080 Barcelona Spring-Summer 2016\",\"created_timestamp\":\"June 30, 2015 12:02 pm\",\"copyright\":\"\\u00c2\\u00a9 2015 Estrop-Barcelona PHOTOGRAPH FOR EDITORIAL USE ONLY\",\"focal_length\":false,\"iso\":false,\"shutter_speed\":false,\"flash\":false,\"title\":\"080 Barcelona Spring-Summer 2016\",\"keywords\":\"080 Barcelona,Estrop-Barcelona,Spring-Summer 2016\",\"width\":667,\"height\":1000,\"saved\":true,\"thumbnail\":{\"width\":220,\"height\":220,\"ewww_image_optimizer\":\"Reduced by 10.6% (2.8&nbsp;kB)\"},\"webview\":{\"0\":667,\"1\":1000,\"2\":2,\"3\":\"width=\\\"667\\\" height=\\\"1000\\\"\",\"bits\":8,\"channels\":3,\"mime\":\"image\\\/jpeg\",\"ewww_image_optimizer\":\"Reduced by 5.5% (2.8&nbsp;kB) - Previously Optimized\"},\"0\":false,\"ewww_image_optimizer\":\"Reduced by 8.9% (17.7&nbsp;kB)\",\"views\":\"0\",\"likes\":\"0\"},\"title\":\"080 Barcelona Spring-Summer 2016\",\"description\":\"<p>080 Barcelona Spring-Summer 2016<\\\/p>\",\"link\":null,\"link_target\":\"\",\"download\":\"https:\\\/\\\/bobvarela.com\\\/wp-content\\\/flagallery\\\/lebor-gabala-coleccion-urban-folk-en-el-080-barcelona\\\/lebor_gabala_060.jpg\",\"ratio\":0.6670000000000000373034936274052597582340240478515625},{\"id\":\"20197\",\"image\":\"https:\\\/\\\/bobvarela.com\\\/wp-content\\\/flagallery\\\/lebor-gabala-coleccion-urban-folk-en-el-080-barcelona\\\/webview\\\/lebor_gabala_061.jpg\",\"thumb\":\"https:\\\/\\\/bobvarela.com\\\/wp-content\\\/flagallery\\\/lebor-gabala-coleccion-urban-folk-en-el-080-barcelona\\\/thumbs\\\/thumbs_lebor_gabala_061.jpg\",\"file\":\"lebor_gabala_061.jpg\",\"meta\":{\"aperture\":false,\"credit\":false,\"camera\":false,\"caption\":\"080 Barcelona Spring-Summer 2016\",\"created_timestamp\":\"June 30, 2015 12:02 pm\",\"copyright\":\"\\u00c2\\u00a9 2015 Estrop-Barcelona PHOTOGRAPH FOR EDITORIAL USE ONLY\",\"focal_length\":false,\"iso\":false,\"shutter_speed\":false,\"flash\":false,\"title\":\"080 Barcelona Spring-Summer 2016\",\"keywords\":\"080 Barcelona,Estrop-Barcelona,Spring-Summer 2016\",\"width\":667,\"height\":1000,\"saved\":true,\"thumbnail\":{\"width\":220,\"height\":220,\"ewww_image_optimizer\":\"Reduced by 9.8% (2.8&nbsp;kB)\"},\"webview\":{\"0\":667,\"1\":1000,\"2\":2,\"3\":\"width=\\\"667\\\" height=\\\"1000\\\"\",\"bits\":8,\"channels\":3,\"mime\":\"image\\\/jpeg\",\"ewww_image_optimizer\":\"Reduced by 5.5% (3.7&nbsp;kB) - Previously Optimized\"},\"0\":false,\"ewww_image_optimizer\":\"Reduced by 5.0% (7.1&nbsp;kB)\",\"views\":\"0\",\"likes\":\"0\"},\"title\":\"080 Barcelona Spring-Summer 2016\",\"description\":\"<p>080 Barcelona Spring-Summer 2016<\\\/p>\",\"link\":null,\"link_target\":\"\",\"download\":\"https:\\\/\\\/bobvarela.com\\\/wp-content\\\/flagallery\\\/lebor-gabala-coleccion-urban-folk-en-el-080-barcelona\\\/lebor_gabala_061.jpg\",\"ratio\":0.6670000000000000373034936274052597582340240478515625},{\"id\":\"20198\",\"image\":\"https:\\\/\\\/bobvarela.com\\\/wp-content\\\/flagallery\\\/lebor-gabala-coleccion-urban-folk-en-el-080-barcelona\\\/webview\\\/lebor_gabala_062.jpg\",\"thumb\":\"https:\\\/\\\/bobvarela.com\\\/wp-content\\\/flagallery\\\/lebor-gabala-coleccion-urban-folk-en-el-080-barcelona\\\/thumbs\\\/thumbs_lebor_gabala_062.jpg\",\"file\":\"lebor_gabala_062.jpg\",\"meta\":{\"aperture\":false,\"credit\":false,\"camera\":false,\"caption\":\"080 Barcelona Spring-Summer 2016\",\"created_timestamp\":\"June 30, 2015 12:03 pm\",\"copyright\":\"\\u00c2\\u00a9 2015 Estrop-Barcelona PHOTOGRAPH FOR EDITORIAL USE ONLY\",\"focal_length\":false,\"iso\":false,\"shutter_speed\":false,\"flash\":false,\"title\":\"080 Barcelona Spring-Summer 2016\",\"keywords\":\"080 Barcelona,Estrop-Barcelona,Spring-Summer 2016\",\"width\":667,\"height\":1000,\"saved\":true,\"thumbnail\":{\"width\":220,\"height\":220,\"ewww_image_optimizer\":\"Reduced by 10.6% (2.9&nbsp;kB)\"},\"webview\":{\"0\":667,\"1\":1000,\"2\":2,\"3\":\"width=\\\"667\\\" height=\\\"1000\\\"\",\"bits\":8,\"channels\":3,\"mime\":\"image\\\/jpeg\",\"ewww_image_optimizer\":\"Reduced by 4.1% (2.1&nbsp;kB) - Previously Optimized\"},\"0\":false,\"ewww_image_optimizer\":\"Reduced by 8.4% (15.9&nbsp;kB)\",\"views\":\"1\",\"likes\":\"0\"},\"title\":\"080 Barcelona Spring-Summer 2016\",\"description\":\"<p>080 Barcelona Spring-Summer 2016<\\\/p>\",\"link\":null,\"link_target\":\"\",\"download\":\"https:\\\/\\\/bobvarela.com\\\/wp-content\\\/flagallery\\\/lebor-gabala-coleccion-urban-folk-en-el-080-barcelona\\\/lebor_gabala_062.jpg\",\"ratio\":0.6670000000000000373034936274052597582340240478515625}]}; var container = $('#FlaGallery_sc1_278'); container.photomania(settings, content); window.FlaGallery_sc1_278 = container.data('photomania'); }); <\/script><\/div><noscript id=\"noscript_FlaGallery_sc1_278\"><img class=\"skip-lazy no-lazyload noLazy\" data-lazy-src=\"\" src =\"https:\/\/bobvarela.com\/wp-content\/flagallery\/lebor-gabala-coleccion-urban-folk-en-el-080-barcelona\/lebor_gabala_002.jpg\" alt=\"080 Barcelona Spring-Summer 2016\" \/><img class=\"skip-lazy no-lazyload noLazy\" data-lazy-src=\"\" src =\"https:\/\/bobvarela.com\/wp-content\/flagallery\/lebor-gabala-coleccion-urban-folk-en-el-080-barcelona\/lebor_gabala_003.jpg\" alt=\"080 Barcelona Spring-Summer 2016\" \/><img class=\"skip-lazy no-lazyload noLazy\" data-lazy-src=\"\" src =\"https:\/\/bobvarela.com\/wp-content\/flagallery\/lebor-gabala-coleccion-urban-folk-en-el-080-barcelona\/lebor_gabala_004.jpg\" alt=\"080 Barcelona Spring-Summer 2016\" \/><img class=\"skip-lazy no-lazyload noLazy\" data-lazy-src=\"\" src =\"https:\/\/bobvarela.com\/wp-content\/flagallery\/lebor-gabala-coleccion-urban-folk-en-el-080-barcelona\/lebor_gabala_005.jpg\" alt=\"080 Barcelona Spring-Summer 2016\" \/><img class=\"skip-lazy no-lazyload noLazy\" data-lazy-src=\"\" src =\"https:\/\/bobvarela.com\/wp-content\/flagallery\/lebor-gabala-coleccion-urban-folk-en-el-080-barcelona\/lebor_gabala_006.jpg\" alt=\"080 Barcelona Spring-Summer 2016\" \/><img class=\"skip-lazy no-lazyload noLazy\" data-lazy-src=\"\" src =\"https:\/\/bobvarela.com\/wp-content\/flagallery\/lebor-gabala-coleccion-urban-folk-en-el-080-barcelona\/lebor_gabala_007.jpg\" alt=\"080 Barcelona Spring-Summer 2016\" \/><img class=\"skip-lazy no-lazyload noLazy\" data-lazy-src=\"\" src =\"https:\/\/bobvarela.com\/wp-content\/flagallery\/lebor-gabala-coleccion-urban-folk-en-el-080-barcelona\/lebor_gabala_008.jpg\" alt=\"080 Barcelona Spring-Summer 2016\" \/><img class=\"skip-lazy no-lazyload noLazy\" data-lazy-src=\"\" src =\"https:\/\/bobvarela.com\/wp-content\/flagallery\/lebor-gabala-coleccion-urban-folk-en-el-080-barcelona\/lebor_gabala_009.jpg\" alt=\"080 Barcelona Spring-Summer 2016\" \/><img class=\"skip-lazy no-lazyload noLazy\" data-lazy-src=\"\" src =\"https:\/\/bobvarela.com\/wp-content\/flagallery\/lebor-gabala-coleccion-urban-folk-en-el-080-barcelona\/lebor_gabala_010.jpg\" alt=\"080 Barcelona Spring-Summer 2016\" \/><img class=\"skip-lazy no-lazyload noLazy\" data-lazy-src=\"\" src =\"https:\/\/bobvarela.com\/wp-content\/flagallery\/lebor-gabala-coleccion-urban-folk-en-el-080-barcelona\/lebor_gabala_011.jpg\" alt=\"080 Barcelona Spring-Summer 2016\" \/><img class=\"skip-lazy no-lazyload noLazy\" data-lazy-src=\"\" src =\"https:\/\/bobvarela.com\/wp-content\/flagallery\/lebor-gabala-coleccion-urban-folk-en-el-080-barcelona\/lebor_gabala_012.jpg\" alt=\"080 Barcelona Spring-Summer 2016\" \/><img class=\"skip-lazy no-lazyload noLazy\" data-lazy-src=\"\" src =\"https:\/\/bobvarela.com\/wp-content\/flagallery\/lebor-gabala-coleccion-urban-folk-en-el-080-barcelona\/lebor_gabala_013.jpg\" alt=\"080 Barcelona Spring-Summer 2016\" \/><img class=\"skip-lazy no-lazyload noLazy\" data-lazy-src=\"\" src =\"https:\/\/bobvarela.com\/wp-content\/flagallery\/lebor-gabala-coleccion-urban-folk-en-el-080-barcelona\/lebor_gabala_014.jpg\" alt=\"080 Barcelona Spring-Summer 2016\" \/><img class=\"skip-lazy no-lazyload noLazy\" data-lazy-src=\"\" src =\"https:\/\/bobvarela.com\/wp-content\/flagallery\/lebor-gabala-coleccion-urban-folk-en-el-080-barcelona\/lebor_gabala_015.jpg\" alt=\"080 Barcelona Spring-Summer 2016\" \/><img class=\"skip-lazy no-lazyload noLazy\" data-lazy-src=\"\" src =\"https:\/\/bobvarela.com\/wp-content\/flagallery\/lebor-gabala-coleccion-urban-folk-en-el-080-barcelona\/lebor_gabala_016.jpg\" alt=\"080 Barcelona Spring-Summer 2016\" \/><img class=\"skip-lazy no-lazyload noLazy\" data-lazy-src=\"\" src =\"https:\/\/bobvarela.com\/wp-content\/flagallery\/lebor-gabala-coleccion-urban-folk-en-el-080-barcelona\/lebor_gabala_017.jpg\" alt=\"080 Barcelona Spring-Summer 2016\" \/><img class=\"skip-lazy no-lazyload noLazy\" data-lazy-src=\"\" src =\"https:\/\/bobvarela.com\/wp-content\/flagallery\/lebor-gabala-coleccion-urban-folk-en-el-080-barcelona\/lebor_gabala_018.jpg\" alt=\"080 Barcelona Spring-Summer 2016\" \/><img class=\"skip-lazy no-lazyload noLazy\" data-lazy-src=\"\" src =\"https:\/\/bobvarela.com\/wp-content\/flagallery\/lebor-gabala-coleccion-urban-folk-en-el-080-barcelona\/lebor_gabala_019.jpg\" alt=\"080 Barcelona Spring-Summer 2016\" \/><img class=\"skip-lazy no-lazyload noLazy\" data-lazy-src=\"\" src =\"https:\/\/bobvarela.com\/wp-content\/flagallery\/lebor-gabala-coleccion-urban-folk-en-el-080-barcelona\/lebor_gabala_020.jpg\" alt=\"080 Barcelona Spring-Summer 2016\" \/><img class=\"skip-lazy no-lazyload noLazy\" data-lazy-src=\"\" src =\"https:\/\/bobvarela.com\/wp-content\/flagallery\/lebor-gabala-coleccion-urban-folk-en-el-080-barcelona\/lebor_gabala_021.jpg\" alt=\"080 Barcelona Spring-Summer 2016\" \/><img class=\"skip-lazy no-lazyload noLazy\" data-lazy-src=\"\" src =\"https:\/\/bobvarela.com\/wp-content\/flagallery\/lebor-gabala-coleccion-urban-folk-en-el-080-barcelona\/lebor_gabala_022.jpg\" alt=\"080 Barcelona Spring-Summer 2016\" \/><img class=\"skip-lazy no-lazyload noLazy\" data-lazy-src=\"\" src =\"https:\/\/bobvarela.com\/wp-content\/flagallery\/lebor-gabala-coleccion-urban-folk-en-el-080-barcelona\/lebor_gabala_023.jpg\" alt=\"080 Barcelona Spring-Summer 2016\" \/><img class=\"skip-lazy no-lazyload noLazy\" data-lazy-src=\"\" src =\"https:\/\/bobvarela.com\/wp-content\/flagallery\/lebor-gabala-coleccion-urban-folk-en-el-080-barcelona\/lebor_gabala_024.jpg\" alt=\"080 Barcelona Spring-Summer 2016\" \/><img class=\"skip-lazy no-lazyload noLazy\" data-lazy-src=\"\" src =\"https:\/\/bobvarela.com\/wp-content\/flagallery\/lebor-gabala-coleccion-urban-folk-en-el-080-barcelona\/lebor_gabala_025.jpg\" alt=\"080 Barcelona Spring-Summer 2016\" \/><img class=\"skip-lazy no-lazyload noLazy\" data-lazy-src=\"\" src =\"https:\/\/bobvarela.com\/wp-content\/flagallery\/lebor-gabala-coleccion-urban-folk-en-el-080-barcelona\/lebor_gabala_027.jpg\" alt=\"080 Barcelona Spring-Summer 2016\" \/><img class=\"skip-lazy no-lazyload noLazy\" data-lazy-src=\"\" src =\"https:\/\/bobvarela.com\/wp-content\/flagallery\/lebor-gabala-coleccion-urban-folk-en-el-080-barcelona\/lebor_gabala_028.jpg\" alt=\"080 Barcelona Spring-Summer 2016\" \/><img class=\"skip-lazy no-lazyload noLazy\" data-lazy-src=\"\" src =\"https:\/\/bobvarela.com\/wp-content\/flagallery\/lebor-gabala-coleccion-urban-folk-en-el-080-barcelona\/lebor_gabala_029.jpg\" alt=\"080 Barcelona Spring-Summer 2016\" \/><img class=\"skip-lazy no-lazyload noLazy\" data-lazy-src=\"\" src =\"https:\/\/bobvarela.com\/wp-content\/flagallery\/lebor-gabala-coleccion-urban-folk-en-el-080-barcelona\/lebor_gabala_030.jpg\" alt=\"080 Barcelona Spring-Summer 2016\" \/><img class=\"skip-lazy no-lazyload noLazy\" data-lazy-src=\"\" src =\"https:\/\/bobvarela.com\/wp-content\/flagallery\/lebor-gabala-coleccion-urban-folk-en-el-080-barcelona\/lebor_gabala_031.jpg\" alt=\"080 Barcelona Spring-Summer 2016\" \/><img class=\"skip-lazy no-lazyload noLazy\" data-lazy-src=\"\" src =\"https:\/\/bobvarela.com\/wp-content\/flagallery\/lebor-gabala-coleccion-urban-folk-en-el-080-barcelona\/lebor_gabala_032.jpg\" alt=\"080 Barcelona Spring-Summer 2016\" \/><img class=\"skip-lazy no-lazyload noLazy\" data-lazy-src=\"\" src =\"https:\/\/bobvarela.com\/wp-content\/flagallery\/lebor-gabala-coleccion-urban-folk-en-el-080-barcelona\/lebor_gabala_033.jpg\" alt=\"080 Barcelona Spring-Summer 2016\" \/><img class=\"skip-lazy no-lazyload noLazy\" data-lazy-src=\"\" src =\"https:\/\/bobvarela.com\/wp-content\/flagallery\/lebor-gabala-coleccion-urban-folk-en-el-080-barcelona\/lebor_gabala_034.jpg\" alt=\"080 Barcelona Spring-Summer 2016\" \/><img class=\"skip-lazy no-lazyload noLazy\" data-lazy-src=\"\" src =\"https:\/\/bobvarela.com\/wp-content\/flagallery\/lebor-gabala-coleccion-urban-folk-en-el-080-barcelona\/lebor_gabala_035.jpg\" alt=\"080 Barcelona Spring-Summer 2016\" \/><img class=\"skip-lazy no-lazyload noLazy\" data-lazy-src=\"\" src =\"https:\/\/bobvarela.com\/wp-content\/flagallery\/lebor-gabala-coleccion-urban-folk-en-el-080-barcelona\/lebor_gabala_036.jpg\" alt=\"080 Barcelona Spring-Summer 2016\" \/><img class=\"skip-lazy no-lazyload noLazy\" data-lazy-src=\"\" src =\"https:\/\/bobvarela.com\/wp-content\/flagallery\/lebor-gabala-coleccion-urban-folk-en-el-080-barcelona\/lebor_gabala_037.jpg\" alt=\"080 Barcelona Spring-Summer 2016\" \/><img class=\"skip-lazy no-lazyload noLazy\" data-lazy-src=\"\" src =\"https:\/\/bobvarela.com\/wp-content\/flagallery\/lebor-gabala-coleccion-urban-folk-en-el-080-barcelona\/lebor_gabala_038.jpg\" alt=\"080 Barcelona Spring-Summer 2016\" \/><img class=\"skip-lazy no-lazyload noLazy\" data-lazy-src=\"\" src =\"https:\/\/bobvarela.com\/wp-content\/flagallery\/lebor-gabala-coleccion-urban-folk-en-el-080-barcelona\/lebor_gabala_039.jpg\" alt=\"080 Barcelona Spring-Summer 2016\" \/><img class=\"skip-lazy no-lazyload noLazy\" data-lazy-src=\"\" src =\"https:\/\/bobvarela.com\/wp-content\/flagallery\/lebor-gabala-coleccion-urban-folk-en-el-080-barcelona\/lebor_gabala_040.jpg\" alt=\"080 Barcelona Spring-Summer 2016\" \/><img class=\"skip-lazy no-lazyload noLazy\" data-lazy-src=\"\" src =\"https:\/\/bobvarela.com\/wp-content\/flagallery\/lebor-gabala-coleccion-urban-folk-en-el-080-barcelona\/lebor_gabala_041.jpg\" alt=\"080 Barcelona Spring-Summer 2016\" \/><img class=\"skip-lazy no-lazyload noLazy\" data-lazy-src=\"\" src =\"https:\/\/bobvarela.com\/wp-content\/flagallery\/lebor-gabala-coleccion-urban-folk-en-el-080-barcelona\/lebor_gabala_042.jpg\" alt=\"080 Barcelona Spring-Summer 2016\" \/><img class=\"skip-lazy no-lazyload noLazy\" data-lazy-src=\"\" src =\"https:\/\/bobvarela.com\/wp-content\/flagallery\/lebor-gabala-coleccion-urban-folk-en-el-080-barcelona\/lebor_gabala_043.jpg\" alt=\"080 Barcelona Spring-Summer 2016\" \/><img class=\"skip-lazy no-lazyload noLazy\" data-lazy-src=\"\" src =\"https:\/\/bobvarela.com\/wp-content\/flagallery\/lebor-gabala-coleccion-urban-folk-en-el-080-barcelona\/lebor_gabala_044.jpg\" alt=\"080 Barcelona Spring-Summer 2016\" \/><img class=\"skip-lazy no-lazyload noLazy\" data-lazy-src=\"\" src =\"https:\/\/bobvarela.com\/wp-content\/flagallery\/lebor-gabala-coleccion-urban-folk-en-el-080-barcelona\/lebor_gabala_045.jpg\" alt=\"080 Barcelona Spring-Summer 2016\" \/><img class=\"skip-lazy no-lazyload noLazy\" data-lazy-src=\"\" src =\"https:\/\/bobvarela.com\/wp-content\/flagallery\/lebor-gabala-coleccion-urban-folk-en-el-080-barcelona\/lebor_gabala_046.jpg\" alt=\"080 Barcelona Spring-Summer 2016\" \/><img class=\"skip-lazy no-lazyload noLazy\" data-lazy-src=\"\" src =\"https:\/\/bobvarela.com\/wp-content\/flagallery\/lebor-gabala-coleccion-urban-folk-en-el-080-barcelona\/lebor_gabala_047.jpg\" alt=\"080 Barcelona Spring-Summer 2016\" \/><img class=\"skip-lazy no-lazyload noLazy\" data-lazy-src=\"\" src =\"https:\/\/bobvarela.com\/wp-content\/flagallery\/lebor-gabala-coleccion-urban-folk-en-el-080-barcelona\/lebor_gabala_048.jpg\" alt=\"080 Barcelona Spring-Summer 2016\" \/><img class=\"skip-lazy no-lazyload noLazy\" data-lazy-src=\"\" src =\"https:\/\/bobvarela.com\/wp-content\/flagallery\/lebor-gabala-coleccion-urban-folk-en-el-080-barcelona\/lebor_gabala_049.jpg\" alt=\"080 Barcelona Spring-Summer 2016\" \/><img class=\"skip-lazy no-lazyload noLazy\" data-lazy-src=\"\" src =\"https:\/\/bobvarela.com\/wp-content\/flagallery\/lebor-gabala-coleccion-urban-folk-en-el-080-barcelona\/lebor_gabala_050.jpg\" alt=\"080 Barcelona Spring-Summer 2016\" \/><img class=\"skip-lazy no-lazyload noLazy\" data-lazy-src=\"\" src =\"https:\/\/bobvarela.com\/wp-content\/flagallery\/lebor-gabala-coleccion-urban-folk-en-el-080-barcelona\/lebor_gabala_051.jpg\" alt=\"080 Barcelona Spring-Summer 2016\" \/><img class=\"skip-lazy no-lazyload noLazy\" data-lazy-src=\"\" src =\"https:\/\/bobvarela.com\/wp-content\/flagallery\/lebor-gabala-coleccion-urban-folk-en-el-080-barcelona\/lebor_gabala_052.jpg\" alt=\"080 Barcelona Spring-Summer 2016\" \/><img class=\"skip-lazy no-lazyload noLazy\" data-lazy-src=\"\" src =\"https:\/\/bobvarela.com\/wp-content\/flagallery\/lebor-gabala-coleccion-urban-folk-en-el-080-barcelona\/lebor_gabala_053.jpg\" alt=\"080 Barcelona Spring-Summer 2016\" \/><img class=\"skip-lazy no-lazyload noLazy\" data-lazy-src=\"\" src =\"https:\/\/bobvarela.com\/wp-content\/flagallery\/lebor-gabala-coleccion-urban-folk-en-el-080-barcelona\/lebor_gabala_054.jpg\" alt=\"080 Barcelona Spring-Summer 2016\" \/><img class=\"skip-lazy no-lazyload noLazy\" data-lazy-src=\"\" src =\"https:\/\/bobvarela.com\/wp-content\/flagallery\/lebor-gabala-coleccion-urban-folk-en-el-080-barcelona\/lebor_gabala_055.jpg\" alt=\"080 Barcelona Spring-Summer 2016\" \/><img class=\"skip-lazy no-lazyload noLazy\" data-lazy-src=\"\" src =\"https:\/\/bobvarela.com\/wp-content\/flagallery\/lebor-gabala-coleccion-urban-folk-en-el-080-barcelona\/lebor_gabala_056.jpg\" alt=\"080 Barcelona Spring-Summer 2016\" \/><img class=\"skip-lazy no-lazyload noLazy\" data-lazy-src=\"\" src =\"https:\/\/bobvarela.com\/wp-content\/flagallery\/lebor-gabala-coleccion-urban-folk-en-el-080-barcelona\/lebor_gabala_057.jpg\" alt=\"080 Barcelona Spring-Summer 2016\" \/><img class=\"skip-lazy no-lazyload noLazy\" data-lazy-src=\"\" src =\"https:\/\/bobvarela.com\/wp-content\/flagallery\/lebor-gabala-coleccion-urban-folk-en-el-080-barcelona\/lebor_gabala_058.jpg\" alt=\"080 Barcelona Spring-Summer 2016\" \/><img class=\"skip-lazy no-lazyload noLazy\" data-lazy-src=\"\" src =\"https:\/\/bobvarela.com\/wp-content\/flagallery\/lebor-gabala-coleccion-urban-folk-en-el-080-barcelona\/lebor_gabala_059.jpg\" alt=\"080 Barcelona Spring-Summer 2016\" \/><img class=\"skip-lazy no-lazyload noLazy\" data-lazy-src=\"\" src =\"https:\/\/bobvarela.com\/wp-content\/flagallery\/lebor-gabala-coleccion-urban-folk-en-el-080-barcelona\/lebor_gabala_060.jpg\" alt=\"080 Barcelona Spring-Summer 2016\" \/><img class=\"skip-lazy no-lazyload noLazy\" data-lazy-src=\"\" src =\"https:\/\/bobvarela.com\/wp-content\/flagallery\/lebor-gabala-coleccion-urban-folk-en-el-080-barcelona\/lebor_gabala_061.jpg\" alt=\"080 Barcelona Spring-Summer 2016\" \/><img class=\"skip-lazy no-lazyload noLazy\" data-lazy-src=\"\" src =\"https:\/\/bobvarela.com\/wp-content\/flagallery\/lebor-gabala-coleccion-urban-folk-en-el-080-barcelona\/lebor_gabala_062.jpg\" alt=\"080 Barcelona Spring-Summer 2016\" \/><\/noscript><\/p>\n<p>Fotos:&#160; cortesia de 080 Barcelona<\/p>\n","protected":false},"excerpt":{"rendered":"<p>Para el pr\u00f3ximo verano, la colecci\u00f3n de Lebor Gabala tira del hilo del boho-chic para sembrar las prendas de bordados y cruzar referencias urbanas con \u00e9tnicas y folk. Con un divertimento de estilo que se recrea en la confusi\u00f3n, las&hellip;<\/p>\n<p class=\"more-link-p\"><a class=\"more-link\" href=\"https:\/\/bobvarela.com\/?p=78872\">Read more &rarr;<\/a><\/p>\n","protected":false},"author":1,"featured_media":0,"comment_status":"open","ping_status":"open","sticky":false,"template":"","format":"standard","meta":{"ngg_post_thumbnail":0,"footnotes":""},"categories":[478,4],"tags":[],"class_list":["post-78872","post","type-post","status-publish","format-standard","hentry","category-080-barcelona","category-moda"],"_links":{"self":[{"href":"https:\/\/bobvarela.com\/index.php?rest_route=\/wp\/v2\/posts\/78872","targetHints":{"allow":["GET"]}}],"collection":[{"href":"https:\/\/bobvarela.com\/index.php?rest_route=\/wp\/v2\/posts"}],"about":[{"href":"https:\/\/bobvarela.com\/index.php?rest_route=\/wp\/v2\/types\/post"}],"author":[{"embeddable":true,"href":"https:\/\/bobvarela.com\/index.php?rest_route=\/wp\/v2\/users\/1"}],"replies":[{"embeddable":true,"href":"https:\/\/bobvarela.com\/index.php?rest_route=%2Fwp%2Fv2%2Fcomments&post=78872"}],"version-history":[{"count":2,"href":"https:\/\/bobvarela.com\/index.php?rest_route=\/wp\/v2\/posts\/78872\/revisions"}],"predecessor-version":[{"id":78880,"href":"https:\/\/bobvarela.com\/index.php?rest_route=\/wp\/v2\/posts\/78872\/revisions\/78880"}],"wp:attachment":[{"href":"https:\/\/bobvarela.com\/index.php?rest_route=%2Fwp%2Fv2%2Fmedia&parent=78872"}],"wp:term":[{"taxonomy":"category","embeddable":true,"href":"https:\/\/bobvarela.com\/index.php?rest_route=%2Fwp%2Fv2%2Fcategories&post=78872"},{"taxonomy":"post_tag","embeddable":true,"href":"https:\/\/bobvarela.com\/index.php?rest_route=%2Fwp%2Fv2%2Ftags&post=78872"}],"curies":[{"name":"wp","href":"https:\/\/api.w.org\/{rel}","templated":true}]}}