{"id":78889,"date":"2015-07-01T19:29:45","date_gmt":"2015-07-01T23:29:45","guid":{"rendered":"https:\/\/bobvarela.com\/?p=78889"},"modified":"2015-07-01T19:29:45","modified_gmt":"2015-07-01T23:29:45","slug":"josep-abril-coleccin-ss2016n37","status":"publish","type":"post","link":"https:\/\/bobvarela.com\/?p=78889","title":{"rendered":"Josep Abril COLECCI&Oacute;N &#8211; SS#2016N37"},"content":{"rendered":"<p align=\"center\"><font size=\"3\"><a href=\"https:\/\/bobvarela.com\/wp-content\/uploads\/2015\/07\/Josep_Abril_090.jpg\"><img loading=\"lazy\" decoding=\"async\" title=\"080 Barcelona Spring-Summer 2016\" style=\"border-top: 0px; border-right: 0px; background-image: none; border-bottom: 0px; padding-top: 0px; padding-left: 0px; border-left: 0px; display: inline; padding-right: 0px\" border=\"0\" alt=\"080 Barcelona Spring-Summer 2016\" src=\"https:\/\/bobvarela.com\/wp-content\/uploads\/2015\/07\/Josep_Abril_090_thumb.jpg\" width=\"198\" height=\"134\" \/><\/a><a href=\"https:\/\/bobvarela.com\/wp-content\/uploads\/2015\/07\/Josep_Abril_092.jpg\"><img loading=\"lazy\" decoding=\"async\" title=\"080 Barcelona Spring-Summer 2016\" style=\"border-top: 0px; border-right: 0px; background-image: none; border-bottom: 0px; padding-top: 0px; padding-left: 0px; border-left: 0px; display: inline; padding-right: 0px\" border=\"0\" alt=\"080 Barcelona Spring-Summer 2016\" src=\"https:\/\/bobvarela.com\/wp-content\/uploads\/2015\/07\/Josep_Abril_092_thumb.jpg\" width=\"198\" height=\"134\" \/><\/a><\/font><\/p>\n<p align=\"justify\"><font size=\"3\">Nace en Barcelona en el 1962. Estudia bellas artes. Estudia dise\u00f1o y moda en la \u201cEscola d\u2019Arts i T\u00e8cniques de la Moda\u201d (EATM) de Barcelona. Vive y trabaja en Barcelona. Crea su propia firma en el 1996. Josep Abril es una colecci\u00f3n de hombre.<\/font><\/p>\n<p align=\"justify\"><font size=\"3\">Actualmente se comercializa a trav\u00e9s de showrooms y tiendas multimarca. Se presenta con un desfile en Madrid y en Barcelona del 2003 al 2009. Es director creativo de la colecci\u00f3n \u201cArmand Basi One Home\u201d, presentada en Par\u00eds desde el 2007. En el a\u00f1o 2006 nace el proyecto \u201cBespoke\u201d de sastrer\u00eda a medida.<\/font><\/p>\n<p align=\"justify\"><font size=\"3\">En el 2007 forma Abril Studio, estudio de creaci\u00f3n de conceptos y proyectos de moda. Lanza la l\u00ednea \u201cUniformedBy\u201d de uniformidad de dise\u00f1o. Crea vestuarios para espect\u00e1culos, teatro y \u00f3pera. Imparte clases y workshops&#160; en diferentes escuelas de dise\u00f1o (IED, ESDi, Elisava y Felicidad Duce). Ejerce de consultor externo y director de arte.<\/font><\/p>\n<p align=\"justify\"><font size=\"3\">En el 1991 gana el primer premio Gaud\u00ed para nuevos dise\u00f1adores. En el a\u00f1o 2004 recibe el premio GQ al mejor dise\u00f1ador nacional de hombre. En el 2008 recibe el Premio \u201cBarcelona \u00e9s Moda\u201d al mejor profesional.<\/font><\/p>\n<p align=\"justify\"><font size=\"3\">En el 2014, realiza el vestuario para la \u00f3pera \u201cFliegendeHoll\u00e4nder\u201d \u2013 La Fura dels Baus\/ Alex Oll\u00e9 en la Opera de Lyon, y recibe el premio a la mejor colecci\u00f3n oto\u00f1o\/invierno 2014-15 durante la edici\u00f3n de enero del 2014 de la 080 Barcelona Fashion.<\/font><\/p>\n<p align=\"justify\"><div class=\"flagallery photomania_skin\" id=\"FlaGallery_sc1_280\" ><style type=\"text\/css\" class=\"flagallery_skin_style_import\">#FlaGallery_sc1_280 .flagpm_preload {opacity:0;}#FlaGallery_sc1_280 .swiper-big-images img.flagpm_the_photo { max-height:100%; max-width:100%; display:inline; width:auto; height:auto !important; object-fit:unset; vertical-align:middle; border:none; }#FlaGallery_sc1_280 .flagpm_focus .swiper-big-images img.flagpm_the_photo { width:auto; height:auto; object-fit:unset; }#FlaGallery_sc1_280 .swiper-small-images img.flagpm_photo { max-width:none; max-height:none; }#FlaGallery_sc1_280 .swiper-small-images img.flagpm_photo.flagpm_photo_landscape { width:auto; height:100% !important; }#FlaGallery_sc1_280 .swiper-small-images img.flagpm_photo.flagpm_photo_portrait { width:100%; height:auto !important; }#FlaGallery_sc1_280 .flagpm_gallery_sources_list p { margin:7px 0; padding:0; font-size:inherit; }#FlaGallery_sc1_280 .flagpm_photo_details .flagpm_description_wrap a,#FlaGallery_sc1_280 .flagpm_big_button_wrap .flagpm_button.flagpm_like.flagpm_liked,#FlaGallery_sc1_280 .flagpm_big_button_wrap .flagpm_button.flagpm_like.flagpm_liked:hover {color:#0099e5;}#FlaGallery_sc1_280 .flagpm_photo_show .flagpm_big_button {background-color:#0099e5;}#FlaGallery_sc1_280 .swiper-small-images div.flagpm_photo.swiper-slide-active {border-color:#02adea;}#FlaGallery_sc1_280 .flagpm_photo_header .flagpm_name_wrap .flagpm_title_author a:hover,#FlaGallery_sc1_280 .flagpm_photo_details .flagpm_description_wrap a:hover {color:#02adea;}#FlaGallery_sc1_280 .flagpm_photo_show .flagpm_big_button:hover,#FlaGallery_sc1_280 .flagpm_focus_actions ul .flagpm_button.like.flagpm_liked {background-color:#02adea;}<\/style> <div class=\"flagpm_photo_show flagpm_w960 flagpm_w640 flagpm_w480 flagpm_preload\"> <div class=\"flagpm_photo_wrap has_prev_photo has_next_photo\"> <div class=\"swiper-container swiper-big-images\"> <div class=\"flagpm_photo_arrow_next flagpm_photo_arrow flagpm_next\"> <div title=\"Next\" class=\"flagpm_arrow\"><\/div> <\/div> <div class=\"flagpm_photo_arrow_previous flagpm_photo_arrow flagpm_prev\"> <div title=\"Previous\" class=\"flagpm_arrow\"><\/div> <\/div> <div class=\"swiper-wrapper\"><div class=\"swiper-slide\" data-hash=\"flagallery20357\" data-photo-id=\"20357\"><span class=\"flagpm_va\"><\/span><img decoding=\"async\" src=\"https:\/\/bobvarela.com\/wp-content\/flagallery\/josep-abril-coleccion-ss2016n37\/webview\/josep_abril_002.jpg\" data-src=\"https:\/\/bobvarela.com\/wp-content\/flagallery\/josep-abril-coleccion-ss2016n37\/webview\/josep_abril_002.jpg\" alt=\"080 Barcelona Spring-Summer 2016\" class=\"noLazy flagpm_the_photo swiper-lazy\"><div class=\"swiper-lazy-preloader swiper-lazy-preloader-black\"><\/div><\/div><div class=\"swiper-slide\" data-hash=\"flagallery20358\" data-photo-id=\"20358\"><span class=\"flagpm_va\"><\/span><img data-src=\"https:\/\/bobvarela.com\/wp-content\/flagallery\/josep-abril-coleccion-ss2016n37\/webview\/josep_abril_003.jpg\" alt=\"080 Barcelona Spring-Summer 2016\" class=\"noLazy flagpm_the_photo swiper-lazy\"><div class=\"swiper-lazy-preloader swiper-lazy-preloader-black\"><\/div><\/div><div class=\"swiper-slide\" data-hash=\"flagallery20359\" data-photo-id=\"20359\"><span class=\"flagpm_va\"><\/span><img data-src=\"https:\/\/bobvarela.com\/wp-content\/flagallery\/josep-abril-coleccion-ss2016n37\/webview\/josep_abril_004.jpg\" alt=\"080 Barcelona Spring-Summer 2016\" class=\"noLazy flagpm_the_photo swiper-lazy\"><div class=\"swiper-lazy-preloader swiper-lazy-preloader-black\"><\/div><\/div><div class=\"swiper-slide\" data-hash=\"flagallery20360\" data-photo-id=\"20360\"><span class=\"flagpm_va\"><\/span><img data-src=\"https:\/\/bobvarela.com\/wp-content\/flagallery\/josep-abril-coleccion-ss2016n37\/webview\/josep_abril_005.jpg\" alt=\"080 Barcelona Spring-Summer 2016\" class=\"noLazy flagpm_the_photo swiper-lazy\"><div class=\"swiper-lazy-preloader swiper-lazy-preloader-black\"><\/div><\/div><div class=\"swiper-slide\" data-hash=\"flagallery20361\" data-photo-id=\"20361\"><span class=\"flagpm_va\"><\/span><img data-src=\"https:\/\/bobvarela.com\/wp-content\/flagallery\/josep-abril-coleccion-ss2016n37\/webview\/josep_abril_006.jpg\" alt=\"080 Barcelona Spring-Summer 2016\" class=\"noLazy flagpm_the_photo swiper-lazy\"><div class=\"swiper-lazy-preloader swiper-lazy-preloader-black\"><\/div><\/div><div class=\"swiper-slide\" data-hash=\"flagallery20362\" data-photo-id=\"20362\"><span class=\"flagpm_va\"><\/span><img data-src=\"https:\/\/bobvarela.com\/wp-content\/flagallery\/josep-abril-coleccion-ss2016n37\/webview\/josep_abril_007.jpg\" alt=\"080 Barcelona Spring-Summer 2016\" class=\"noLazy flagpm_the_photo swiper-lazy\"><div class=\"swiper-lazy-preloader swiper-lazy-preloader-black\"><\/div><\/div><div class=\"swiper-slide\" data-hash=\"flagallery20363\" data-photo-id=\"20363\"><span class=\"flagpm_va\"><\/span><img data-src=\"https:\/\/bobvarela.com\/wp-content\/flagallery\/josep-abril-coleccion-ss2016n37\/webview\/josep_abril_008.jpg\" alt=\"080 Barcelona Spring-Summer 2016\" class=\"noLazy flagpm_the_photo swiper-lazy\"><div class=\"swiper-lazy-preloader swiper-lazy-preloader-black\"><\/div><\/div><div class=\"swiper-slide\" data-hash=\"flagallery20364\" data-photo-id=\"20364\"><span class=\"flagpm_va\"><\/span><img data-src=\"https:\/\/bobvarela.com\/wp-content\/flagallery\/josep-abril-coleccion-ss2016n37\/webview\/josep_abril_009.jpg\" alt=\"080 Barcelona Spring-Summer 2016\" class=\"noLazy flagpm_the_photo swiper-lazy\"><div class=\"swiper-lazy-preloader swiper-lazy-preloader-black\"><\/div><\/div><div class=\"swiper-slide\" data-hash=\"flagallery20365\" data-photo-id=\"20365\"><span class=\"flagpm_va\"><\/span><img data-src=\"https:\/\/bobvarela.com\/wp-content\/flagallery\/josep-abril-coleccion-ss2016n37\/webview\/josep_abril_010.jpg\" alt=\"080 Barcelona Spring-Summer 2016\" class=\"noLazy flagpm_the_photo swiper-lazy\"><div class=\"swiper-lazy-preloader swiper-lazy-preloader-black\"><\/div><\/div><div class=\"swiper-slide\" data-hash=\"flagallery20366\" data-photo-id=\"20366\"><span class=\"flagpm_va\"><\/span><img data-src=\"https:\/\/bobvarela.com\/wp-content\/flagallery\/josep-abril-coleccion-ss2016n37\/webview\/josep_abril_011.jpg\" alt=\"080 Barcelona Spring-Summer 2016\" class=\"noLazy flagpm_the_photo swiper-lazy\"><div class=\"swiper-lazy-preloader swiper-lazy-preloader-black\"><\/div><\/div><div class=\"swiper-slide\" data-hash=\"flagallery20367\" data-photo-id=\"20367\"><span class=\"flagpm_va\"><\/span><img data-src=\"https:\/\/bobvarela.com\/wp-content\/flagallery\/josep-abril-coleccion-ss2016n37\/webview\/josep_abril_012.jpg\" alt=\"080 Barcelona Spring-Summer 2016\" class=\"noLazy flagpm_the_photo swiper-lazy\"><div class=\"swiper-lazy-preloader swiper-lazy-preloader-black\"><\/div><\/div><div class=\"swiper-slide\" data-hash=\"flagallery20368\" data-photo-id=\"20368\"><span class=\"flagpm_va\"><\/span><img data-src=\"https:\/\/bobvarela.com\/wp-content\/flagallery\/josep-abril-coleccion-ss2016n37\/webview\/josep_abril_013.jpg\" alt=\"080 Barcelona Spring-Summer 2016\" class=\"noLazy flagpm_the_photo swiper-lazy\"><div class=\"swiper-lazy-preloader swiper-lazy-preloader-black\"><\/div><\/div><div class=\"swiper-slide\" data-hash=\"flagallery20369\" data-photo-id=\"20369\"><span class=\"flagpm_va\"><\/span><img data-src=\"https:\/\/bobvarela.com\/wp-content\/flagallery\/josep-abril-coleccion-ss2016n37\/webview\/josep_abril_014.jpg\" alt=\"080 Barcelona Spring-Summer 2016\" class=\"noLazy flagpm_the_photo swiper-lazy\"><div class=\"swiper-lazy-preloader swiper-lazy-preloader-black\"><\/div><\/div><div class=\"swiper-slide\" data-hash=\"flagallery20370\" data-photo-id=\"20370\"><span class=\"flagpm_va\"><\/span><img data-src=\"https:\/\/bobvarela.com\/wp-content\/flagallery\/josep-abril-coleccion-ss2016n37\/webview\/josep_abril_015.jpg\" alt=\"080 Barcelona Spring-Summer 2016\" class=\"noLazy flagpm_the_photo swiper-lazy\"><div class=\"swiper-lazy-preloader swiper-lazy-preloader-black\"><\/div><\/div><div class=\"swiper-slide\" data-hash=\"flagallery20371\" data-photo-id=\"20371\"><span class=\"flagpm_va\"><\/span><img data-src=\"https:\/\/bobvarela.com\/wp-content\/flagallery\/josep-abril-coleccion-ss2016n37\/webview\/josep_abril_016.jpg\" alt=\"080 Barcelona Spring-Summer 2016\" class=\"noLazy flagpm_the_photo swiper-lazy\"><div class=\"swiper-lazy-preloader swiper-lazy-preloader-black\"><\/div><\/div><div class=\"swiper-slide\" data-hash=\"flagallery20372\" data-photo-id=\"20372\"><span class=\"flagpm_va\"><\/span><img data-src=\"https:\/\/bobvarela.com\/wp-content\/flagallery\/josep-abril-coleccion-ss2016n37\/webview\/josep_abril_017.jpg\" alt=\"080 Barcelona Spring-Summer 2016\" class=\"noLazy flagpm_the_photo swiper-lazy\"><div class=\"swiper-lazy-preloader swiper-lazy-preloader-black\"><\/div><\/div><div class=\"swiper-slide\" data-hash=\"flagallery20373\" data-photo-id=\"20373\"><span class=\"flagpm_va\"><\/span><img data-src=\"https:\/\/bobvarela.com\/wp-content\/flagallery\/josep-abril-coleccion-ss2016n37\/webview\/josep_abril_018.jpg\" alt=\"080 Barcelona Spring-Summer 2016\" class=\"noLazy flagpm_the_photo swiper-lazy\"><div class=\"swiper-lazy-preloader swiper-lazy-preloader-black\"><\/div><\/div><div class=\"swiper-slide\" data-hash=\"flagallery20374\" data-photo-id=\"20374\"><span class=\"flagpm_va\"><\/span><img data-src=\"https:\/\/bobvarela.com\/wp-content\/flagallery\/josep-abril-coleccion-ss2016n37\/webview\/josep_abril_019.jpg\" alt=\"080 Barcelona Spring-Summer 2016\" class=\"noLazy flagpm_the_photo swiper-lazy\"><div class=\"swiper-lazy-preloader swiper-lazy-preloader-black\"><\/div><\/div><div class=\"swiper-slide\" data-hash=\"flagallery20375\" data-photo-id=\"20375\"><span class=\"flagpm_va\"><\/span><img data-src=\"https:\/\/bobvarela.com\/wp-content\/flagallery\/josep-abril-coleccion-ss2016n37\/webview\/josep_abril_020.jpg\" alt=\"080 Barcelona Spring-Summer 2016\" class=\"noLazy flagpm_the_photo swiper-lazy\"><div class=\"swiper-lazy-preloader swiper-lazy-preloader-black\"><\/div><\/div><div class=\"swiper-slide\" data-hash=\"flagallery20376\" data-photo-id=\"20376\"><span class=\"flagpm_va\"><\/span><img data-src=\"https:\/\/bobvarela.com\/wp-content\/flagallery\/josep-abril-coleccion-ss2016n37\/webview\/josep_abril_021.jpg\" alt=\"080 Barcelona Spring-Summer 2016\" class=\"noLazy flagpm_the_photo swiper-lazy\"><div class=\"swiper-lazy-preloader swiper-lazy-preloader-black\"><\/div><\/div><div class=\"swiper-slide\" data-hash=\"flagallery20377\" data-photo-id=\"20377\"><span class=\"flagpm_va\"><\/span><img data-src=\"https:\/\/bobvarela.com\/wp-content\/flagallery\/josep-abril-coleccion-ss2016n37\/webview\/josep_abril_022.jpg\" alt=\"080 Barcelona Spring-Summer 2016\" class=\"noLazy flagpm_the_photo swiper-lazy\"><div class=\"swiper-lazy-preloader swiper-lazy-preloader-black\"><\/div><\/div><div class=\"swiper-slide\" data-hash=\"flagallery20378\" data-photo-id=\"20378\"><span class=\"flagpm_va\"><\/span><img data-src=\"https:\/\/bobvarela.com\/wp-content\/flagallery\/josep-abril-coleccion-ss2016n37\/webview\/josep_abril_023.jpg\" alt=\"080 Barcelona Spring-Summer 2016\" class=\"noLazy flagpm_the_photo swiper-lazy\"><div class=\"swiper-lazy-preloader swiper-lazy-preloader-black\"><\/div><\/div><div class=\"swiper-slide\" data-hash=\"flagallery20379\" data-photo-id=\"20379\"><span class=\"flagpm_va\"><\/span><img data-src=\"https:\/\/bobvarela.com\/wp-content\/flagallery\/josep-abril-coleccion-ss2016n37\/webview\/josep_abril_024.jpg\" alt=\"080 Barcelona Spring-Summer 2016\" class=\"noLazy flagpm_the_photo swiper-lazy\"><div class=\"swiper-lazy-preloader swiper-lazy-preloader-black\"><\/div><\/div><div class=\"swiper-slide\" data-hash=\"flagallery20380\" data-photo-id=\"20380\"><span class=\"flagpm_va\"><\/span><img data-src=\"https:\/\/bobvarela.com\/wp-content\/flagallery\/josep-abril-coleccion-ss2016n37\/webview\/josep_abril_025.jpg\" alt=\"080 Barcelona Spring-Summer 2016\" class=\"noLazy flagpm_the_photo swiper-lazy\"><div class=\"swiper-lazy-preloader swiper-lazy-preloader-black\"><\/div><\/div><div class=\"swiper-slide\" data-hash=\"flagallery20381\" data-photo-id=\"20381\"><span class=\"flagpm_va\"><\/span><img data-src=\"https:\/\/bobvarela.com\/wp-content\/flagallery\/josep-abril-coleccion-ss2016n37\/webview\/josep_abril_026.jpg\" alt=\"080 Barcelona Spring-Summer 2016\" class=\"noLazy flagpm_the_photo swiper-lazy\"><div class=\"swiper-lazy-preloader swiper-lazy-preloader-black\"><\/div><\/div><div class=\"swiper-slide\" data-hash=\"flagallery20382\" data-photo-id=\"20382\"><span class=\"flagpm_va\"><\/span><img data-src=\"https:\/\/bobvarela.com\/wp-content\/flagallery\/josep-abril-coleccion-ss2016n37\/webview\/josep_abril_027.jpg\" alt=\"080 Barcelona Spring-Summer 2016\" class=\"noLazy flagpm_the_photo swiper-lazy\"><div class=\"swiper-lazy-preloader swiper-lazy-preloader-black\"><\/div><\/div><div class=\"swiper-slide\" data-hash=\"flagallery20383\" data-photo-id=\"20383\"><span class=\"flagpm_va\"><\/span><img data-src=\"https:\/\/bobvarela.com\/wp-content\/flagallery\/josep-abril-coleccion-ss2016n37\/webview\/josep_abril_028.jpg\" alt=\"080 Barcelona Spring-Summer 2016\" class=\"noLazy flagpm_the_photo swiper-lazy\"><div class=\"swiper-lazy-preloader swiper-lazy-preloader-black\"><\/div><\/div><div class=\"swiper-slide\" data-hash=\"flagallery20384\" data-photo-id=\"20384\"><span class=\"flagpm_va\"><\/span><img data-src=\"https:\/\/bobvarela.com\/wp-content\/flagallery\/josep-abril-coleccion-ss2016n37\/webview\/josep_abril_029.jpg\" alt=\"080 Barcelona Spring-Summer 2016\" class=\"noLazy flagpm_the_photo swiper-lazy\"><div class=\"swiper-lazy-preloader swiper-lazy-preloader-black\"><\/div><\/div><div class=\"swiper-slide\" data-hash=\"flagallery20385\" data-photo-id=\"20385\"><span class=\"flagpm_va\"><\/span><img data-src=\"https:\/\/bobvarela.com\/wp-content\/flagallery\/josep-abril-coleccion-ss2016n37\/webview\/josep_abril_030.jpg\" alt=\"080 Barcelona Spring-Summer 2016\" class=\"noLazy flagpm_the_photo swiper-lazy\"><div class=\"swiper-lazy-preloader swiper-lazy-preloader-black\"><\/div><\/div><div class=\"swiper-slide\" data-hash=\"flagallery20386\" data-photo-id=\"20386\"><span class=\"flagpm_va\"><\/span><img data-src=\"https:\/\/bobvarela.com\/wp-content\/flagallery\/josep-abril-coleccion-ss2016n37\/webview\/josep_abril_031.jpg\" alt=\"080 Barcelona Spring-Summer 2016\" class=\"noLazy flagpm_the_photo swiper-lazy\"><div class=\"swiper-lazy-preloader swiper-lazy-preloader-black\"><\/div><\/div><div class=\"swiper-slide\" data-hash=\"flagallery20387\" data-photo-id=\"20387\"><span class=\"flagpm_va\"><\/span><img data-src=\"https:\/\/bobvarela.com\/wp-content\/flagallery\/josep-abril-coleccion-ss2016n37\/webview\/josep_abril_032.jpg\" alt=\"080 Barcelona Spring-Summer 2016\" class=\"noLazy flagpm_the_photo swiper-lazy\"><div class=\"swiper-lazy-preloader swiper-lazy-preloader-black\"><\/div><\/div><div class=\"swiper-slide\" data-hash=\"flagallery20388\" data-photo-id=\"20388\"><span class=\"flagpm_va\"><\/span><img data-src=\"https:\/\/bobvarela.com\/wp-content\/flagallery\/josep-abril-coleccion-ss2016n37\/webview\/josep_abril_033.jpg\" alt=\"080 Barcelona Spring-Summer 2016\" class=\"noLazy flagpm_the_photo swiper-lazy\"><div class=\"swiper-lazy-preloader swiper-lazy-preloader-black\"><\/div><\/div><div class=\"swiper-slide\" data-hash=\"flagallery20389\" data-photo-id=\"20389\"><span class=\"flagpm_va\"><\/span><img data-src=\"https:\/\/bobvarela.com\/wp-content\/flagallery\/josep-abril-coleccion-ss2016n37\/webview\/josep_abril_034.jpg\" alt=\"080 Barcelona Spring-Summer 2016\" class=\"noLazy flagpm_the_photo swiper-lazy\"><div class=\"swiper-lazy-preloader swiper-lazy-preloader-black\"><\/div><\/div><div class=\"swiper-slide\" data-hash=\"flagallery20390\" data-photo-id=\"20390\"><span class=\"flagpm_va\"><\/span><img data-src=\"https:\/\/bobvarela.com\/wp-content\/flagallery\/josep-abril-coleccion-ss2016n37\/webview\/josep_abril_035.jpg\" alt=\"080 Barcelona Spring-Summer 2016\" class=\"noLazy flagpm_the_photo swiper-lazy\"><div class=\"swiper-lazy-preloader swiper-lazy-preloader-black\"><\/div><\/div><div class=\"swiper-slide\" data-hash=\"flagallery20391\" data-photo-id=\"20391\"><span class=\"flagpm_va\"><\/span><img data-src=\"https:\/\/bobvarela.com\/wp-content\/flagallery\/josep-abril-coleccion-ss2016n37\/webview\/josep_abril_036.jpg\" alt=\"080 Barcelona Spring-Summer 2016\" class=\"noLazy flagpm_the_photo swiper-lazy\"><div class=\"swiper-lazy-preloader swiper-lazy-preloader-black\"><\/div><\/div><div class=\"swiper-slide\" data-hash=\"flagallery20392\" data-photo-id=\"20392\"><span class=\"flagpm_va\"><\/span><img data-src=\"https:\/\/bobvarela.com\/wp-content\/flagallery\/josep-abril-coleccion-ss2016n37\/webview\/josep_abril_037.jpg\" alt=\"080 Barcelona Spring-Summer 2016\" class=\"noLazy flagpm_the_photo swiper-lazy\"><div class=\"swiper-lazy-preloader swiper-lazy-preloader-black\"><\/div><\/div><div class=\"swiper-slide\" data-hash=\"flagallery20393\" data-photo-id=\"20393\"><span class=\"flagpm_va\"><\/span><img data-src=\"https:\/\/bobvarela.com\/wp-content\/flagallery\/josep-abril-coleccion-ss2016n37\/webview\/josep_abril_038.jpg\" alt=\"080 Barcelona Spring-Summer 2016\" class=\"noLazy flagpm_the_photo swiper-lazy\"><div class=\"swiper-lazy-preloader swiper-lazy-preloader-black\"><\/div><\/div><div class=\"swiper-slide\" data-hash=\"flagallery20394\" data-photo-id=\"20394\"><span class=\"flagpm_va\"><\/span><img data-src=\"https:\/\/bobvarela.com\/wp-content\/flagallery\/josep-abril-coleccion-ss2016n37\/webview\/josep_abril_039.jpg\" alt=\"080 Barcelona Spring-Summer 2016\" class=\"noLazy flagpm_the_photo swiper-lazy\"><div class=\"swiper-lazy-preloader swiper-lazy-preloader-black\"><\/div><\/div><div class=\"swiper-slide\" data-hash=\"flagallery20395\" data-photo-id=\"20395\"><span class=\"flagpm_va\"><\/span><img data-src=\"https:\/\/bobvarela.com\/wp-content\/flagallery\/josep-abril-coleccion-ss2016n37\/webview\/josep_abril_040.jpg\" alt=\"080 Barcelona Spring-Summer 2016\" class=\"noLazy flagpm_the_photo swiper-lazy\"><div class=\"swiper-lazy-preloader swiper-lazy-preloader-black\"><\/div><\/div><div class=\"swiper-slide\" data-hash=\"flagallery20396\" data-photo-id=\"20396\"><span class=\"flagpm_va\"><\/span><img data-src=\"https:\/\/bobvarela.com\/wp-content\/flagallery\/josep-abril-coleccion-ss2016n37\/webview\/josep_abril_041.jpg\" alt=\"080 Barcelona Spring-Summer 2016\" class=\"noLazy flagpm_the_photo swiper-lazy\"><div class=\"swiper-lazy-preloader swiper-lazy-preloader-black\"><\/div><\/div><div class=\"swiper-slide\" data-hash=\"flagallery20397\" data-photo-id=\"20397\"><span class=\"flagpm_va\"><\/span><img data-src=\"https:\/\/bobvarela.com\/wp-content\/flagallery\/josep-abril-coleccion-ss2016n37\/webview\/josep_abril_042.jpg\" alt=\"080 Barcelona Spring-Summer 2016\" class=\"noLazy flagpm_the_photo swiper-lazy\"><div class=\"swiper-lazy-preloader swiper-lazy-preloader-black\"><\/div><\/div><div class=\"swiper-slide\" data-hash=\"flagallery20398\" data-photo-id=\"20398\"><span class=\"flagpm_va\"><\/span><img data-src=\"https:\/\/bobvarela.com\/wp-content\/flagallery\/josep-abril-coleccion-ss2016n37\/webview\/josep_abril_043.jpg\" alt=\"080 Barcelona Spring-Summer 2016\" class=\"noLazy flagpm_the_photo swiper-lazy\"><div class=\"swiper-lazy-preloader swiper-lazy-preloader-black\"><\/div><\/div><div class=\"swiper-slide\" data-hash=\"flagallery20399\" data-photo-id=\"20399\"><span class=\"flagpm_va\"><\/span><img data-src=\"https:\/\/bobvarela.com\/wp-content\/flagallery\/josep-abril-coleccion-ss2016n37\/webview\/josep_abril_044.jpg\" alt=\"080 Barcelona Spring-Summer 2016\" class=\"noLazy flagpm_the_photo swiper-lazy\"><div class=\"swiper-lazy-preloader swiper-lazy-preloader-black\"><\/div><\/div><div class=\"swiper-slide\" data-hash=\"flagallery20400\" data-photo-id=\"20400\"><span class=\"flagpm_va\"><\/span><img data-src=\"https:\/\/bobvarela.com\/wp-content\/flagallery\/josep-abril-coleccion-ss2016n37\/webview\/josep_abril_046.jpg\" alt=\"080 Barcelona Spring-Summer 2016\" class=\"noLazy flagpm_the_photo swiper-lazy\"><div class=\"swiper-lazy-preloader swiper-lazy-preloader-black\"><\/div><\/div><div class=\"swiper-slide\" data-hash=\"flagallery20401\" data-photo-id=\"20401\"><span class=\"flagpm_va\"><\/span><img data-src=\"https:\/\/bobvarela.com\/wp-content\/flagallery\/josep-abril-coleccion-ss2016n37\/webview\/josep_abril_047.jpg\" alt=\"080 Barcelona Spring-Summer 2016\" class=\"noLazy flagpm_the_photo swiper-lazy\"><div class=\"swiper-lazy-preloader swiper-lazy-preloader-black\"><\/div><\/div><div class=\"swiper-slide\" data-hash=\"flagallery20402\" data-photo-id=\"20402\"><span class=\"flagpm_va\"><\/span><img data-src=\"https:\/\/bobvarela.com\/wp-content\/flagallery\/josep-abril-coleccion-ss2016n37\/webview\/josep_abril_048.jpg\" alt=\"080 Barcelona Spring-Summer 2016\" class=\"noLazy flagpm_the_photo swiper-lazy\"><div class=\"swiper-lazy-preloader swiper-lazy-preloader-black\"><\/div><\/div><div class=\"swiper-slide\" data-hash=\"flagallery20403\" data-photo-id=\"20403\"><span class=\"flagpm_va\"><\/span><img data-src=\"https:\/\/bobvarela.com\/wp-content\/flagallery\/josep-abril-coleccion-ss2016n37\/webview\/josep_abril_049.jpg\" alt=\"080 Barcelona Spring-Summer 2016\" class=\"noLazy flagpm_the_photo swiper-lazy\"><div class=\"swiper-lazy-preloader swiper-lazy-preloader-black\"><\/div><\/div><div class=\"swiper-slide\" data-hash=\"flagallery20404\" data-photo-id=\"20404\"><span class=\"flagpm_va\"><\/span><img data-src=\"https:\/\/bobvarela.com\/wp-content\/flagallery\/josep-abril-coleccion-ss2016n37\/webview\/josep_abril_050.jpg\" alt=\"080 Barcelona Spring-Summer 2016\" class=\"noLazy flagpm_the_photo swiper-lazy\"><div class=\"swiper-lazy-preloader swiper-lazy-preloader-black\"><\/div><\/div><div class=\"swiper-slide\" data-hash=\"flagallery20405\" data-photo-id=\"20405\"><span class=\"flagpm_va\"><\/span><img data-src=\"https:\/\/bobvarela.com\/wp-content\/flagallery\/josep-abril-coleccion-ss2016n37\/webview\/josep_abril_051.jpg\" alt=\"080 Barcelona Spring-Summer 2016\" class=\"noLazy flagpm_the_photo swiper-lazy\"><div class=\"swiper-lazy-preloader swiper-lazy-preloader-black\"><\/div><\/div><div class=\"swiper-slide\" data-hash=\"flagallery20406\" data-photo-id=\"20406\"><span class=\"flagpm_va\"><\/span><img data-src=\"https:\/\/bobvarela.com\/wp-content\/flagallery\/josep-abril-coleccion-ss2016n37\/webview\/josep_abril_052.jpg\" alt=\"080 Barcelona Spring-Summer 2016\" class=\"noLazy flagpm_the_photo swiper-lazy\"><div class=\"swiper-lazy-preloader swiper-lazy-preloader-black\"><\/div><\/div><div class=\"swiper-slide\" data-hash=\"flagallery20407\" data-photo-id=\"20407\"><span class=\"flagpm_va\"><\/span><img data-src=\"https:\/\/bobvarela.com\/wp-content\/flagallery\/josep-abril-coleccion-ss2016n37\/webview\/josep_abril_053.jpg\" alt=\"080 Barcelona Spring-Summer 2016\" class=\"noLazy flagpm_the_photo swiper-lazy\"><div class=\"swiper-lazy-preloader swiper-lazy-preloader-black\"><\/div><\/div><div class=\"swiper-slide\" data-hash=\"flagallery20408\" data-photo-id=\"20408\"><span class=\"flagpm_va\"><\/span><img data-src=\"https:\/\/bobvarela.com\/wp-content\/flagallery\/josep-abril-coleccion-ss2016n37\/webview\/josep_abril_054.jpg\" alt=\"080 Barcelona Spring-Summer 2016\" class=\"noLazy flagpm_the_photo swiper-lazy\"><div class=\"swiper-lazy-preloader swiper-lazy-preloader-black\"><\/div><\/div><div class=\"swiper-slide\" data-hash=\"flagallery20409\" data-photo-id=\"20409\"><span class=\"flagpm_va\"><\/span><img data-src=\"https:\/\/bobvarela.com\/wp-content\/flagallery\/josep-abril-coleccion-ss2016n37\/webview\/josep_abril_055.jpg\" alt=\"080 Barcelona Spring-Summer 2016\" class=\"noLazy flagpm_the_photo swiper-lazy\"><div class=\"swiper-lazy-preloader swiper-lazy-preloader-black\"><\/div><\/div><div class=\"swiper-slide\" data-hash=\"flagallery20410\" data-photo-id=\"20410\"><span class=\"flagpm_va\"><\/span><img data-src=\"https:\/\/bobvarela.com\/wp-content\/flagallery\/josep-abril-coleccion-ss2016n37\/webview\/josep_abril_056.jpg\" alt=\"080 Barcelona Spring-Summer 2016\" class=\"noLazy flagpm_the_photo swiper-lazy\"><div class=\"swiper-lazy-preloader swiper-lazy-preloader-black\"><\/div><\/div><div class=\"swiper-slide\" data-hash=\"flagallery20411\" data-photo-id=\"20411\"><span class=\"flagpm_va\"><\/span><img data-src=\"https:\/\/bobvarela.com\/wp-content\/flagallery\/josep-abril-coleccion-ss2016n37\/webview\/josep_abril_057.jpg\" alt=\"080 Barcelona Spring-Summer 2016\" class=\"noLazy flagpm_the_photo swiper-lazy\"><div class=\"swiper-lazy-preloader swiper-lazy-preloader-black\"><\/div><\/div><div class=\"swiper-slide\" data-hash=\"flagallery20412\" data-photo-id=\"20412\"><span class=\"flagpm_va\"><\/span><img data-src=\"https:\/\/bobvarela.com\/wp-content\/flagallery\/josep-abril-coleccion-ss2016n37\/webview\/josep_abril_058.jpg\" alt=\"080 Barcelona Spring-Summer 2016\" class=\"noLazy flagpm_the_photo swiper-lazy\"><div class=\"swiper-lazy-preloader swiper-lazy-preloader-black\"><\/div><\/div><div class=\"swiper-slide\" data-hash=\"flagallery20413\" data-photo-id=\"20413\"><span class=\"flagpm_va\"><\/span><img data-src=\"https:\/\/bobvarela.com\/wp-content\/flagallery\/josep-abril-coleccion-ss2016n37\/webview\/josep_abril_059.jpg\" alt=\"080 Barcelona Spring-Summer 2016\" class=\"noLazy flagpm_the_photo swiper-lazy\"><div class=\"swiper-lazy-preloader swiper-lazy-preloader-black\"><\/div><\/div><div class=\"swiper-slide\" data-hash=\"flagallery20414\" data-photo-id=\"20414\"><span class=\"flagpm_va\"><\/span><img data-src=\"https:\/\/bobvarela.com\/wp-content\/flagallery\/josep-abril-coleccion-ss2016n37\/webview\/josep_abril_060.jpg\" alt=\"080 Barcelona Spring-Summer 2016\" class=\"noLazy flagpm_the_photo swiper-lazy\"><div class=\"swiper-lazy-preloader swiper-lazy-preloader-black\"><\/div><\/div><div class=\"swiper-slide\" data-hash=\"flagallery20415\" data-photo-id=\"20415\"><span class=\"flagpm_va\"><\/span><img data-src=\"https:\/\/bobvarela.com\/wp-content\/flagallery\/josep-abril-coleccion-ss2016n37\/webview\/josep_abril_061.jpg\" alt=\"080 Barcelona Spring-Summer 2016\" class=\"noLazy flagpm_the_photo swiper-lazy\"><div class=\"swiper-lazy-preloader swiper-lazy-preloader-black\"><\/div><\/div><div class=\"swiper-slide\" data-hash=\"flagallery20416\" data-photo-id=\"20416\"><span class=\"flagpm_va\"><\/span><img data-src=\"https:\/\/bobvarela.com\/wp-content\/flagallery\/josep-abril-coleccion-ss2016n37\/webview\/josep_abril_062.jpg\" alt=\"080 Barcelona Spring-Summer 2016\" class=\"noLazy flagpm_the_photo swiper-lazy\"><div class=\"swiper-lazy-preloader swiper-lazy-preloader-black\"><\/div><\/div> <\/div> <\/div> <\/div> <div class=\"flagpm_photo_header\"> <div class=\"flagpm_wrapper flagpm_clearfix\"> <div class=\"flagpm_focus_actions\"> <ul class=\"flagpm_focus_share\"> <li style=\"list-style:none;\" class=\"flagpm_share_wrapper\"> <a class=\"flagpm_button flagpm_share\">Share<\/a> <ul class=\"flagpm_sharelizers flagpm_clearfix\"> <li style=\"list-style:none;\"><a class=\"flagpm_button flagpm_facebook flagpm_sharelizer\">Facebook<\/a><\/li> <li style=\"list-style:none;\"><a class=\"flagpm_button flagpm_twitter flagpm_sharelizer\">Twitter<\/a><\/li> <li style=\"list-style:none;\"><a class=\"flagpm_button flagpm_pinterest flagpm_sharelizer\">Pinterest<\/a><\/li> <li style=\"list-style:none;\"><a class=\"flagpm_button flagpm_stumbleupon flagpm_sharelizer\">StumbleUpon<\/a><\/li> <\/ul> <\/li> <\/ul> <ul class=\"flagpm_focus_like_fave flagpm_clearfix\"> <li style=\"list-style:none;\"><a class=\"flagpm_button flagpm_like\">Like<\/a><\/li> <\/ul> <ul class=\"flagpm_focus_arrows flagpm_clearfix\"> <li style=\"list-style:none;\"><a class=\"flagpm_button flagpm_photo_arrow_previous flagpm_prev\">Previous<\/a><\/li> <li style=\"list-style:none;\"><a class=\"flagpm_button flagpm_photo_arrow_next flagpm_next\">Next<\/a><\/li> <\/ul> <\/div> <div class=\"flagpm_name_wrap flagpm_clearfix flagpm_no_avatar\"> <div class=\"flagpm_title_author\"> <div class=\"flagpm_title\">080 Barcelona Spring-Summer 2016<\/div> <\/div> <\/div> <div class=\"flagpm_actions flagpm_clearfix\"> <div class=\"flagpm_carousel flagpm_has_previous flagpm_has_next\"> <div class=\"flagpm_previous_button\"><\/div> <div class=\"flagpm_photo_carousel\"> <div class=\"swiper-container swiper-small-images\"> <div class=\"swiper-wrapper\"><div class=\"swiper-slide flagpm_photo\" data-photo-id=\"20357\"><img decoding=\"async\" src=\"https:\/\/bobvarela.com\/wp-content\/flagallery\/josep-abril-coleccion-ss2016n37\/thumbs\/thumbs_josep_abril_002.jpg\" data-src=\"https:\/\/bobvarela.com\/wp-content\/flagallery\/josep-abril-coleccion-ss2016n37\/thumbs\/thumbs_josep_abril_002.jpg\" alt=\"080 Barcelona Spring-Summer 2016\" class=\"noLazy flagpm_photo swiper-lazy flagpm_photo_portrait\"><span class=\"swiper-lazy-preloader swiper-lazy-preloader-black\"><\/span><\/div><div class=\"swiper-slide flagpm_photo\" data-photo-id=\"20358\"><img data-src=\"https:\/\/bobvarela.com\/wp-content\/flagallery\/josep-abril-coleccion-ss2016n37\/thumbs\/thumbs_josep_abril_003.jpg\" alt=\"080 Barcelona Spring-Summer 2016\" class=\"noLazy flagpm_photo swiper-lazy flagpm_photo_portrait\"><span class=\"swiper-lazy-preloader swiper-lazy-preloader-black\"><\/span><\/div><div class=\"swiper-slide flagpm_photo\" data-photo-id=\"20359\"><img data-src=\"https:\/\/bobvarela.com\/wp-content\/flagallery\/josep-abril-coleccion-ss2016n37\/thumbs\/thumbs_josep_abril_004.jpg\" alt=\"080 Barcelona Spring-Summer 2016\" class=\"noLazy flagpm_photo swiper-lazy flagpm_photo_portrait\"><span class=\"swiper-lazy-preloader swiper-lazy-preloader-black\"><\/span><\/div><div class=\"swiper-slide flagpm_photo\" data-photo-id=\"20360\"><img data-src=\"https:\/\/bobvarela.com\/wp-content\/flagallery\/josep-abril-coleccion-ss2016n37\/thumbs\/thumbs_josep_abril_005.jpg\" alt=\"080 Barcelona Spring-Summer 2016\" class=\"noLazy flagpm_photo swiper-lazy flagpm_photo_portrait\"><span class=\"swiper-lazy-preloader swiper-lazy-preloader-black\"><\/span><\/div><div class=\"swiper-slide flagpm_photo\" data-photo-id=\"20361\"><img data-src=\"https:\/\/bobvarela.com\/wp-content\/flagallery\/josep-abril-coleccion-ss2016n37\/thumbs\/thumbs_josep_abril_006.jpg\" alt=\"080 Barcelona Spring-Summer 2016\" class=\"noLazy flagpm_photo swiper-lazy flagpm_photo_portrait\"><span class=\"swiper-lazy-preloader swiper-lazy-preloader-black\"><\/span><\/div><div class=\"swiper-slide flagpm_photo\" data-photo-id=\"20362\"><img data-src=\"https:\/\/bobvarela.com\/wp-content\/flagallery\/josep-abril-coleccion-ss2016n37\/thumbs\/thumbs_josep_abril_007.jpg\" alt=\"080 Barcelona Spring-Summer 2016\" class=\"noLazy flagpm_photo swiper-lazy flagpm_photo_portrait\"><span class=\"swiper-lazy-preloader swiper-lazy-preloader-black\"><\/span><\/div><div class=\"swiper-slide flagpm_photo\" data-photo-id=\"20363\"><img data-src=\"https:\/\/bobvarela.com\/wp-content\/flagallery\/josep-abril-coleccion-ss2016n37\/thumbs\/thumbs_josep_abril_008.jpg\" alt=\"080 Barcelona Spring-Summer 2016\" class=\"noLazy flagpm_photo swiper-lazy flagpm_photo_portrait\"><span class=\"swiper-lazy-preloader swiper-lazy-preloader-black\"><\/span><\/div><div class=\"swiper-slide flagpm_photo\" data-photo-id=\"20364\"><img data-src=\"https:\/\/bobvarela.com\/wp-content\/flagallery\/josep-abril-coleccion-ss2016n37\/thumbs\/thumbs_josep_abril_009.jpg\" alt=\"080 Barcelona Spring-Summer 2016\" class=\"noLazy flagpm_photo swiper-lazy flagpm_photo_portrait\"><span class=\"swiper-lazy-preloader swiper-lazy-preloader-black\"><\/span><\/div><div class=\"swiper-slide flagpm_photo\" data-photo-id=\"20365\"><img data-src=\"https:\/\/bobvarela.com\/wp-content\/flagallery\/josep-abril-coleccion-ss2016n37\/thumbs\/thumbs_josep_abril_010.jpg\" alt=\"080 Barcelona Spring-Summer 2016\" class=\"noLazy flagpm_photo swiper-lazy flagpm_photo_portrait\"><span class=\"swiper-lazy-preloader swiper-lazy-preloader-black\"><\/span><\/div><div class=\"swiper-slide flagpm_photo\" data-photo-id=\"20366\"><img data-src=\"https:\/\/bobvarela.com\/wp-content\/flagallery\/josep-abril-coleccion-ss2016n37\/thumbs\/thumbs_josep_abril_011.jpg\" alt=\"080 Barcelona Spring-Summer 2016\" class=\"noLazy flagpm_photo swiper-lazy flagpm_photo_portrait\"><span class=\"swiper-lazy-preloader swiper-lazy-preloader-black\"><\/span><\/div><div class=\"swiper-slide flagpm_photo\" data-photo-id=\"20367\"><img data-src=\"https:\/\/bobvarela.com\/wp-content\/flagallery\/josep-abril-coleccion-ss2016n37\/thumbs\/thumbs_josep_abril_012.jpg\" alt=\"080 Barcelona Spring-Summer 2016\" class=\"noLazy flagpm_photo swiper-lazy flagpm_photo_portrait\"><span class=\"swiper-lazy-preloader swiper-lazy-preloader-black\"><\/span><\/div><div class=\"swiper-slide flagpm_photo\" data-photo-id=\"20368\"><img data-src=\"https:\/\/bobvarela.com\/wp-content\/flagallery\/josep-abril-coleccion-ss2016n37\/thumbs\/thumbs_josep_abril_013.jpg\" alt=\"080 Barcelona Spring-Summer 2016\" class=\"noLazy flagpm_photo swiper-lazy flagpm_photo_portrait\"><span class=\"swiper-lazy-preloader swiper-lazy-preloader-black\"><\/span><\/div><div class=\"swiper-slide flagpm_photo\" data-photo-id=\"20369\"><img data-src=\"https:\/\/bobvarela.com\/wp-content\/flagallery\/josep-abril-coleccion-ss2016n37\/thumbs\/thumbs_josep_abril_014.jpg\" alt=\"080 Barcelona Spring-Summer 2016\" class=\"noLazy flagpm_photo swiper-lazy flagpm_photo_portrait\"><span class=\"swiper-lazy-preloader swiper-lazy-preloader-black\"><\/span><\/div><div class=\"swiper-slide flagpm_photo\" data-photo-id=\"20370\"><img data-src=\"https:\/\/bobvarela.com\/wp-content\/flagallery\/josep-abril-coleccion-ss2016n37\/thumbs\/thumbs_josep_abril_015.jpg\" alt=\"080 Barcelona Spring-Summer 2016\" class=\"noLazy flagpm_photo swiper-lazy flagpm_photo_portrait\"><span class=\"swiper-lazy-preloader swiper-lazy-preloader-black\"><\/span><\/div><div class=\"swiper-slide flagpm_photo\" data-photo-id=\"20371\"><img data-src=\"https:\/\/bobvarela.com\/wp-content\/flagallery\/josep-abril-coleccion-ss2016n37\/thumbs\/thumbs_josep_abril_016.jpg\" alt=\"080 Barcelona Spring-Summer 2016\" class=\"noLazy flagpm_photo swiper-lazy flagpm_photo_portrait\"><span class=\"swiper-lazy-preloader swiper-lazy-preloader-black\"><\/span><\/div><div class=\"swiper-slide flagpm_photo\" data-photo-id=\"20372\"><img data-src=\"https:\/\/bobvarela.com\/wp-content\/flagallery\/josep-abril-coleccion-ss2016n37\/thumbs\/thumbs_josep_abril_017.jpg\" alt=\"080 Barcelona Spring-Summer 2016\" class=\"noLazy flagpm_photo swiper-lazy flagpm_photo_portrait\"><span class=\"swiper-lazy-preloader swiper-lazy-preloader-black\"><\/span><\/div><div class=\"swiper-slide flagpm_photo\" data-photo-id=\"20373\"><img data-src=\"https:\/\/bobvarela.com\/wp-content\/flagallery\/josep-abril-coleccion-ss2016n37\/thumbs\/thumbs_josep_abril_018.jpg\" alt=\"080 Barcelona Spring-Summer 2016\" class=\"noLazy flagpm_photo swiper-lazy flagpm_photo_portrait\"><span class=\"swiper-lazy-preloader swiper-lazy-preloader-black\"><\/span><\/div><div class=\"swiper-slide flagpm_photo\" data-photo-id=\"20374\"><img data-src=\"https:\/\/bobvarela.com\/wp-content\/flagallery\/josep-abril-coleccion-ss2016n37\/thumbs\/thumbs_josep_abril_019.jpg\" alt=\"080 Barcelona Spring-Summer 2016\" class=\"noLazy flagpm_photo swiper-lazy flagpm_photo_portrait\"><span class=\"swiper-lazy-preloader swiper-lazy-preloader-black\"><\/span><\/div><div class=\"swiper-slide flagpm_photo\" data-photo-id=\"20375\"><img data-src=\"https:\/\/bobvarela.com\/wp-content\/flagallery\/josep-abril-coleccion-ss2016n37\/thumbs\/thumbs_josep_abril_020.jpg\" alt=\"080 Barcelona Spring-Summer 2016\" class=\"noLazy flagpm_photo swiper-lazy flagpm_photo_portrait\"><span class=\"swiper-lazy-preloader swiper-lazy-preloader-black\"><\/span><\/div><div class=\"swiper-slide flagpm_photo\" data-photo-id=\"20376\"><img data-src=\"https:\/\/bobvarela.com\/wp-content\/flagallery\/josep-abril-coleccion-ss2016n37\/thumbs\/thumbs_josep_abril_021.jpg\" alt=\"080 Barcelona Spring-Summer 2016\" class=\"noLazy flagpm_photo swiper-lazy flagpm_photo_portrait\"><span class=\"swiper-lazy-preloader swiper-lazy-preloader-black\"><\/span><\/div><div class=\"swiper-slide flagpm_photo\" data-photo-id=\"20377\"><img data-src=\"https:\/\/bobvarela.com\/wp-content\/flagallery\/josep-abril-coleccion-ss2016n37\/thumbs\/thumbs_josep_abril_022.jpg\" alt=\"080 Barcelona Spring-Summer 2016\" class=\"noLazy flagpm_photo swiper-lazy flagpm_photo_portrait\"><span class=\"swiper-lazy-preloader swiper-lazy-preloader-black\"><\/span><\/div><div class=\"swiper-slide flagpm_photo\" data-photo-id=\"20378\"><img data-src=\"https:\/\/bobvarela.com\/wp-content\/flagallery\/josep-abril-coleccion-ss2016n37\/thumbs\/thumbs_josep_abril_023.jpg\" alt=\"080 Barcelona Spring-Summer 2016\" class=\"noLazy flagpm_photo swiper-lazy flagpm_photo_portrait\"><span class=\"swiper-lazy-preloader swiper-lazy-preloader-black\"><\/span><\/div><div class=\"swiper-slide flagpm_photo\" data-photo-id=\"20379\"><img data-src=\"https:\/\/bobvarela.com\/wp-content\/flagallery\/josep-abril-coleccion-ss2016n37\/thumbs\/thumbs_josep_abril_024.jpg\" alt=\"080 Barcelona Spring-Summer 2016\" class=\"noLazy flagpm_photo swiper-lazy flagpm_photo_portrait\"><span class=\"swiper-lazy-preloader swiper-lazy-preloader-black\"><\/span><\/div><div class=\"swiper-slide flagpm_photo\" data-photo-id=\"20380\"><img data-src=\"https:\/\/bobvarela.com\/wp-content\/flagallery\/josep-abril-coleccion-ss2016n37\/thumbs\/thumbs_josep_abril_025.jpg\" alt=\"080 Barcelona Spring-Summer 2016\" class=\"noLazy flagpm_photo swiper-lazy flagpm_photo_portrait\"><span class=\"swiper-lazy-preloader swiper-lazy-preloader-black\"><\/span><\/div><div class=\"swiper-slide flagpm_photo\" data-photo-id=\"20381\"><img data-src=\"https:\/\/bobvarela.com\/wp-content\/flagallery\/josep-abril-coleccion-ss2016n37\/thumbs\/thumbs_josep_abril_026.jpg\" alt=\"080 Barcelona Spring-Summer 2016\" class=\"noLazy flagpm_photo swiper-lazy flagpm_photo_portrait\"><span class=\"swiper-lazy-preloader swiper-lazy-preloader-black\"><\/span><\/div><div class=\"swiper-slide flagpm_photo\" data-photo-id=\"20382\"><img data-src=\"https:\/\/bobvarela.com\/wp-content\/flagallery\/josep-abril-coleccion-ss2016n37\/thumbs\/thumbs_josep_abril_027.jpg\" alt=\"080 Barcelona Spring-Summer 2016\" class=\"noLazy flagpm_photo swiper-lazy flagpm_photo_portrait\"><span class=\"swiper-lazy-preloader swiper-lazy-preloader-black\"><\/span><\/div><div class=\"swiper-slide flagpm_photo\" data-photo-id=\"20383\"><img data-src=\"https:\/\/bobvarela.com\/wp-content\/flagallery\/josep-abril-coleccion-ss2016n37\/thumbs\/thumbs_josep_abril_028.jpg\" alt=\"080 Barcelona Spring-Summer 2016\" class=\"noLazy flagpm_photo swiper-lazy flagpm_photo_portrait\"><span class=\"swiper-lazy-preloader swiper-lazy-preloader-black\"><\/span><\/div><div class=\"swiper-slide flagpm_photo\" data-photo-id=\"20384\"><img data-src=\"https:\/\/bobvarela.com\/wp-content\/flagallery\/josep-abril-coleccion-ss2016n37\/thumbs\/thumbs_josep_abril_029.jpg\" alt=\"080 Barcelona Spring-Summer 2016\" class=\"noLazy flagpm_photo swiper-lazy flagpm_photo_portrait\"><span class=\"swiper-lazy-preloader swiper-lazy-preloader-black\"><\/span><\/div><div class=\"swiper-slide flagpm_photo\" data-photo-id=\"20385\"><img data-src=\"https:\/\/bobvarela.com\/wp-content\/flagallery\/josep-abril-coleccion-ss2016n37\/thumbs\/thumbs_josep_abril_030.jpg\" alt=\"080 Barcelona Spring-Summer 2016\" class=\"noLazy flagpm_photo swiper-lazy flagpm_photo_portrait\"><span class=\"swiper-lazy-preloader swiper-lazy-preloader-black\"><\/span><\/div><div class=\"swiper-slide flagpm_photo\" data-photo-id=\"20386\"><img data-src=\"https:\/\/bobvarela.com\/wp-content\/flagallery\/josep-abril-coleccion-ss2016n37\/thumbs\/thumbs_josep_abril_031.jpg\" alt=\"080 Barcelona Spring-Summer 2016\" class=\"noLazy flagpm_photo swiper-lazy flagpm_photo_portrait\"><span class=\"swiper-lazy-preloader swiper-lazy-preloader-black\"><\/span><\/div><div class=\"swiper-slide flagpm_photo\" data-photo-id=\"20387\"><img data-src=\"https:\/\/bobvarela.com\/wp-content\/flagallery\/josep-abril-coleccion-ss2016n37\/thumbs\/thumbs_josep_abril_032.jpg\" alt=\"080 Barcelona Spring-Summer 2016\" class=\"noLazy flagpm_photo swiper-lazy flagpm_photo_portrait\"><span class=\"swiper-lazy-preloader swiper-lazy-preloader-black\"><\/span><\/div><div class=\"swiper-slide flagpm_photo\" data-photo-id=\"20388\"><img data-src=\"https:\/\/bobvarela.com\/wp-content\/flagallery\/josep-abril-coleccion-ss2016n37\/thumbs\/thumbs_josep_abril_033.jpg\" alt=\"080 Barcelona Spring-Summer 2016\" class=\"noLazy flagpm_photo swiper-lazy flagpm_photo_portrait\"><span class=\"swiper-lazy-preloader swiper-lazy-preloader-black\"><\/span><\/div><div class=\"swiper-slide flagpm_photo\" data-photo-id=\"20389\"><img data-src=\"https:\/\/bobvarela.com\/wp-content\/flagallery\/josep-abril-coleccion-ss2016n37\/thumbs\/thumbs_josep_abril_034.jpg\" alt=\"080 Barcelona Spring-Summer 2016\" class=\"noLazy flagpm_photo swiper-lazy flagpm_photo_portrait\"><span class=\"swiper-lazy-preloader swiper-lazy-preloader-black\"><\/span><\/div><div class=\"swiper-slide flagpm_photo\" data-photo-id=\"20390\"><img data-src=\"https:\/\/bobvarela.com\/wp-content\/flagallery\/josep-abril-coleccion-ss2016n37\/thumbs\/thumbs_josep_abril_035.jpg\" alt=\"080 Barcelona Spring-Summer 2016\" class=\"noLazy flagpm_photo swiper-lazy flagpm_photo_portrait\"><span class=\"swiper-lazy-preloader swiper-lazy-preloader-black\"><\/span><\/div><div class=\"swiper-slide flagpm_photo\" data-photo-id=\"20391\"><img data-src=\"https:\/\/bobvarela.com\/wp-content\/flagallery\/josep-abril-coleccion-ss2016n37\/thumbs\/thumbs_josep_abril_036.jpg\" alt=\"080 Barcelona Spring-Summer 2016\" class=\"noLazy flagpm_photo swiper-lazy flagpm_photo_portrait\"><span class=\"swiper-lazy-preloader swiper-lazy-preloader-black\"><\/span><\/div><div class=\"swiper-slide flagpm_photo\" data-photo-id=\"20392\"><img data-src=\"https:\/\/bobvarela.com\/wp-content\/flagallery\/josep-abril-coleccion-ss2016n37\/thumbs\/thumbs_josep_abril_037.jpg\" alt=\"080 Barcelona Spring-Summer 2016\" class=\"noLazy flagpm_photo swiper-lazy flagpm_photo_portrait\"><span class=\"swiper-lazy-preloader swiper-lazy-preloader-black\"><\/span><\/div><div class=\"swiper-slide flagpm_photo\" data-photo-id=\"20393\"><img data-src=\"https:\/\/bobvarela.com\/wp-content\/flagallery\/josep-abril-coleccion-ss2016n37\/thumbs\/thumbs_josep_abril_038.jpg\" alt=\"080 Barcelona Spring-Summer 2016\" class=\"noLazy flagpm_photo swiper-lazy flagpm_photo_portrait\"><span class=\"swiper-lazy-preloader swiper-lazy-preloader-black\"><\/span><\/div><div class=\"swiper-slide flagpm_photo\" data-photo-id=\"20394\"><img data-src=\"https:\/\/bobvarela.com\/wp-content\/flagallery\/josep-abril-coleccion-ss2016n37\/thumbs\/thumbs_josep_abril_039.jpg\" alt=\"080 Barcelona Spring-Summer 2016\" class=\"noLazy flagpm_photo swiper-lazy flagpm_photo_portrait\"><span class=\"swiper-lazy-preloader swiper-lazy-preloader-black\"><\/span><\/div><div class=\"swiper-slide flagpm_photo\" data-photo-id=\"20395\"><img data-src=\"https:\/\/bobvarela.com\/wp-content\/flagallery\/josep-abril-coleccion-ss2016n37\/thumbs\/thumbs_josep_abril_040.jpg\" alt=\"080 Barcelona Spring-Summer 2016\" class=\"noLazy flagpm_photo swiper-lazy flagpm_photo_portrait\"><span class=\"swiper-lazy-preloader swiper-lazy-preloader-black\"><\/span><\/div><div class=\"swiper-slide flagpm_photo\" data-photo-id=\"20396\"><img data-src=\"https:\/\/bobvarela.com\/wp-content\/flagallery\/josep-abril-coleccion-ss2016n37\/thumbs\/thumbs_josep_abril_041.jpg\" alt=\"080 Barcelona Spring-Summer 2016\" class=\"noLazy flagpm_photo swiper-lazy flagpm_photo_portrait\"><span class=\"swiper-lazy-preloader swiper-lazy-preloader-black\"><\/span><\/div><div class=\"swiper-slide flagpm_photo\" data-photo-id=\"20397\"><img data-src=\"https:\/\/bobvarela.com\/wp-content\/flagallery\/josep-abril-coleccion-ss2016n37\/thumbs\/thumbs_josep_abril_042.jpg\" alt=\"080 Barcelona Spring-Summer 2016\" class=\"noLazy flagpm_photo swiper-lazy flagpm_photo_portrait\"><span class=\"swiper-lazy-preloader swiper-lazy-preloader-black\"><\/span><\/div><div class=\"swiper-slide flagpm_photo\" data-photo-id=\"20398\"><img data-src=\"https:\/\/bobvarela.com\/wp-content\/flagallery\/josep-abril-coleccion-ss2016n37\/thumbs\/thumbs_josep_abril_043.jpg\" alt=\"080 Barcelona Spring-Summer 2016\" class=\"noLazy flagpm_photo swiper-lazy flagpm_photo_portrait\"><span class=\"swiper-lazy-preloader swiper-lazy-preloader-black\"><\/span><\/div><div class=\"swiper-slide flagpm_photo\" data-photo-id=\"20399\"><img data-src=\"https:\/\/bobvarela.com\/wp-content\/flagallery\/josep-abril-coleccion-ss2016n37\/thumbs\/thumbs_josep_abril_044.jpg\" alt=\"080 Barcelona Spring-Summer 2016\" class=\"noLazy flagpm_photo swiper-lazy flagpm_photo_portrait\"><span class=\"swiper-lazy-preloader swiper-lazy-preloader-black\"><\/span><\/div><div class=\"swiper-slide flagpm_photo\" data-photo-id=\"20400\"><img data-src=\"https:\/\/bobvarela.com\/wp-content\/flagallery\/josep-abril-coleccion-ss2016n37\/thumbs\/thumbs_josep_abril_046.jpg\" alt=\"080 Barcelona Spring-Summer 2016\" class=\"noLazy flagpm_photo swiper-lazy flagpm_photo_portrait\"><span class=\"swiper-lazy-preloader swiper-lazy-preloader-black\"><\/span><\/div><div class=\"swiper-slide flagpm_photo\" data-photo-id=\"20401\"><img data-src=\"https:\/\/bobvarela.com\/wp-content\/flagallery\/josep-abril-coleccion-ss2016n37\/thumbs\/thumbs_josep_abril_047.jpg\" alt=\"080 Barcelona Spring-Summer 2016\" class=\"noLazy flagpm_photo swiper-lazy flagpm_photo_portrait\"><span class=\"swiper-lazy-preloader swiper-lazy-preloader-black\"><\/span><\/div><div class=\"swiper-slide flagpm_photo\" data-photo-id=\"20402\"><img data-src=\"https:\/\/bobvarela.com\/wp-content\/flagallery\/josep-abril-coleccion-ss2016n37\/thumbs\/thumbs_josep_abril_048.jpg\" alt=\"080 Barcelona Spring-Summer 2016\" class=\"noLazy flagpm_photo swiper-lazy flagpm_photo_portrait\"><span class=\"swiper-lazy-preloader swiper-lazy-preloader-black\"><\/span><\/div><div class=\"swiper-slide flagpm_photo\" data-photo-id=\"20403\"><img data-src=\"https:\/\/bobvarela.com\/wp-content\/flagallery\/josep-abril-coleccion-ss2016n37\/thumbs\/thumbs_josep_abril_049.jpg\" alt=\"080 Barcelona Spring-Summer 2016\" class=\"noLazy flagpm_photo swiper-lazy flagpm_photo_portrait\"><span class=\"swiper-lazy-preloader swiper-lazy-preloader-black\"><\/span><\/div><div class=\"swiper-slide flagpm_photo\" data-photo-id=\"20404\"><img data-src=\"https:\/\/bobvarela.com\/wp-content\/flagallery\/josep-abril-coleccion-ss2016n37\/thumbs\/thumbs_josep_abril_050.jpg\" alt=\"080 Barcelona Spring-Summer 2016\" class=\"noLazy flagpm_photo swiper-lazy flagpm_photo_portrait\"><span class=\"swiper-lazy-preloader swiper-lazy-preloader-black\"><\/span><\/div><div class=\"swiper-slide flagpm_photo\" data-photo-id=\"20405\"><img data-src=\"https:\/\/bobvarela.com\/wp-content\/flagallery\/josep-abril-coleccion-ss2016n37\/thumbs\/thumbs_josep_abril_051.jpg\" alt=\"080 Barcelona Spring-Summer 2016\" class=\"noLazy flagpm_photo swiper-lazy flagpm_photo_portrait\"><span class=\"swiper-lazy-preloader swiper-lazy-preloader-black\"><\/span><\/div><div class=\"swiper-slide flagpm_photo\" data-photo-id=\"20406\"><img data-src=\"https:\/\/bobvarela.com\/wp-content\/flagallery\/josep-abril-coleccion-ss2016n37\/thumbs\/thumbs_josep_abril_052.jpg\" alt=\"080 Barcelona Spring-Summer 2016\" class=\"noLazy flagpm_photo swiper-lazy flagpm_photo_portrait\"><span class=\"swiper-lazy-preloader swiper-lazy-preloader-black\"><\/span><\/div><div class=\"swiper-slide flagpm_photo\" data-photo-id=\"20407\"><img data-src=\"https:\/\/bobvarela.com\/wp-content\/flagallery\/josep-abril-coleccion-ss2016n37\/thumbs\/thumbs_josep_abril_053.jpg\" alt=\"080 Barcelona Spring-Summer 2016\" class=\"noLazy flagpm_photo swiper-lazy flagpm_photo_portrait\"><span class=\"swiper-lazy-preloader swiper-lazy-preloader-black\"><\/span><\/div><div class=\"swiper-slide flagpm_photo\" data-photo-id=\"20408\"><img data-src=\"https:\/\/bobvarela.com\/wp-content\/flagallery\/josep-abril-coleccion-ss2016n37\/thumbs\/thumbs_josep_abril_054.jpg\" alt=\"080 Barcelona Spring-Summer 2016\" class=\"noLazy flagpm_photo swiper-lazy flagpm_photo_portrait\"><span class=\"swiper-lazy-preloader swiper-lazy-preloader-black\"><\/span><\/div><div class=\"swiper-slide flagpm_photo\" data-photo-id=\"20409\"><img data-src=\"https:\/\/bobvarela.com\/wp-content\/flagallery\/josep-abril-coleccion-ss2016n37\/thumbs\/thumbs_josep_abril_055.jpg\" alt=\"080 Barcelona Spring-Summer 2016\" class=\"noLazy flagpm_photo swiper-lazy flagpm_photo_portrait\"><span class=\"swiper-lazy-preloader swiper-lazy-preloader-black\"><\/span><\/div><div class=\"swiper-slide flagpm_photo\" data-photo-id=\"20410\"><img data-src=\"https:\/\/bobvarela.com\/wp-content\/flagallery\/josep-abril-coleccion-ss2016n37\/thumbs\/thumbs_josep_abril_056.jpg\" alt=\"080 Barcelona Spring-Summer 2016\" class=\"noLazy flagpm_photo swiper-lazy flagpm_photo_portrait\"><span class=\"swiper-lazy-preloader swiper-lazy-preloader-black\"><\/span><\/div><div class=\"swiper-slide flagpm_photo\" data-photo-id=\"20411\"><img data-src=\"https:\/\/bobvarela.com\/wp-content\/flagallery\/josep-abril-coleccion-ss2016n37\/thumbs\/thumbs_josep_abril_057.jpg\" alt=\"080 Barcelona Spring-Summer 2016\" class=\"noLazy flagpm_photo swiper-lazy flagpm_photo_portrait\"><span class=\"swiper-lazy-preloader swiper-lazy-preloader-black\"><\/span><\/div><div class=\"swiper-slide flagpm_photo\" data-photo-id=\"20412\"><img data-src=\"https:\/\/bobvarela.com\/wp-content\/flagallery\/josep-abril-coleccion-ss2016n37\/thumbs\/thumbs_josep_abril_058.jpg\" alt=\"080 Barcelona Spring-Summer 2016\" class=\"noLazy flagpm_photo swiper-lazy flagpm_photo_portrait\"><span class=\"swiper-lazy-preloader swiper-lazy-preloader-black\"><\/span><\/div><div class=\"swiper-slide flagpm_photo\" data-photo-id=\"20413\"><img data-src=\"https:\/\/bobvarela.com\/wp-content\/flagallery\/josep-abril-coleccion-ss2016n37\/thumbs\/thumbs_josep_abril_059.jpg\" alt=\"080 Barcelona Spring-Summer 2016\" class=\"noLazy flagpm_photo swiper-lazy flagpm_photo_portrait\"><span class=\"swiper-lazy-preloader swiper-lazy-preloader-black\"><\/span><\/div><div class=\"swiper-slide flagpm_photo\" data-photo-id=\"20414\"><img data-src=\"https:\/\/bobvarela.com\/wp-content\/flagallery\/josep-abril-coleccion-ss2016n37\/thumbs\/thumbs_josep_abril_060.jpg\" alt=\"080 Barcelona Spring-Summer 2016\" class=\"noLazy flagpm_photo swiper-lazy flagpm_photo_portrait\"><span class=\"swiper-lazy-preloader swiper-lazy-preloader-black\"><\/span><\/div><div class=\"swiper-slide flagpm_photo\" data-photo-id=\"20415\"><img data-src=\"https:\/\/bobvarela.com\/wp-content\/flagallery\/josep-abril-coleccion-ss2016n37\/thumbs\/thumbs_josep_abril_061.jpg\" alt=\"080 Barcelona Spring-Summer 2016\" class=\"noLazy flagpm_photo swiper-lazy flagpm_photo_portrait\"><span class=\"swiper-lazy-preloader swiper-lazy-preloader-black\"><\/span><\/div><div class=\"swiper-slide flagpm_photo\" data-photo-id=\"20416\"><img data-src=\"https:\/\/bobvarela.com\/wp-content\/flagallery\/josep-abril-coleccion-ss2016n37\/thumbs\/thumbs_josep_abril_062.jpg\" alt=\"080 Barcelona Spring-Summer 2016\" class=\"noLazy flagpm_photo swiper-lazy flagpm_photo_portrait\"><span class=\"swiper-lazy-preloader swiper-lazy-preloader-black\"><\/span><\/div> <\/div> <\/div> <\/div> <div class=\"flagpm_next_button\"><\/div> <\/div> <div class=\"flagpm_big_button_wrap\"> <div class=\"flagpm_share_wrapper\"> <a class=\"flagpm_button flagpm_share\">Share<\/a> <div class=\"flagpm_sharelizers_wrap\"> <ul class=\"flagpm_sharelizers\"> <li style=\"list-style:none;\"><a class=\"flagpm_button flagpm_facebook flagpm_sharelizer\">Facebook<\/a><\/li> <li style=\"list-style:none;\"><a class=\"flagpm_button flagpm_twitter flagpm_sharelizer\">Twitter<\/a><\/li> <li style=\"list-style:none;\"><a class=\"flagpm_button flagpm_pinterest flagpm_sharelizer\">Pinterest<\/a><\/li> <li style=\"list-style:none;\"><a class=\"flagpm_button flagpm_stumbleupon flagpm_sharelizer\">StumbleUpon<\/a><\/li> <\/ul> <\/div> <\/div> <a class=\"flagpm_button flagpm_like\">Like<\/a> <\/div> <div class=\"flagpm_big_button_wrap\"> <a class=\"flagpm_big_button flagpm_download_button\" href=\"https:\/\/bobvarela.com\/wp-content\/flagallery\/josep-abril-coleccion-ss2016n37\/josep_abril_002.jpg\" download=\"josep_abril_002.jpg\"> <span class=\"flagpm_icon\"><\/span> <span class=\"flagpm_label\">Download<\/span> <\/a> <\/div> <div class=\"flagpm_big_button_wrap\"> <a class=\"flagpm_big_button flagpm_link_button flagpm_inactive\" > <span class=\"flagpm_icon\"><\/span> <span class=\"flagpm_label\">Open Link<\/span> <\/a> <\/div> <\/div> <\/div> <\/div> <div class=\"flagpm_focus_close_full\"> <span><a class=\"flagpm_button flagpm_close\">Close<\/a><\/span> <span><a class=\"flagpm_button flagpm_full\">Full<\/a><\/span> <\/div> <div class=\"flagpm_photo_details\"> <div class=\"flagpm_description_wrap\"> <div class=\"details_title\">Description<\/div> <div class=\"flagpm_description_text_wrap\"> <div class=\"flagpm_slide_description\"><p>080 Barcelona Spring-Summer 2016<\/p><\/div> <\/div> <\/div> <\/div> <div class=\"flagpm_focus_footer\"> <div class=\"flagpm_focus_keyboard\"> <div class=\"flagpm_focus_keyboard_title\">Keyboard Shortcuts <a class=\"flagpm_focus_keyboard_dismiss\">Dismiss<\/a><\/div> <ul> <li style=\"list-style:none;\"><a data-key=\"p\" class=\"flagpm_key\">S<\/a><span class=\"flagpm_label\">Slideshow<\/span><\/li> <li style=\"list-style:none;\"><a data-key=\"m\" class=\"flagpm_key\">M<\/a><span class=\"flagpm_label\">Maximize<\/span><\/li> <li style=\"list-style:none;\"><a data-key=\"left\" class=\"flagpm_key\">&nbsp;<\/a><span class=\"flagpm_label\">Previous<\/span><\/li> <li style=\"list-style:none;\"><a data-key=\"right\" class=\"flagpm_key\">&nbsp;<\/a><span class=\"flagpm_label\">Next<\/span><\/li> <li style=\"list-style:none;\"><a data-key=\"escape\" class=\"flagpm_key flagpm_esc\">esc<\/a><span class=\"flagpm_label\">Close<\/span><\/li> <\/ul> <\/div> <\/div> <\/div> <script type=\"text\/javascript\"> jQuery(function($) { var settings = {\"base_gallery_width\":\"800\",\"base_gallery_height\":\"500\",\"gallery_min_height\":\"230\",\"scale_mode\":\"fit\",\"initial_slide\":0,\"slideshow_autoplay\":\"0\",\"slideshow_delay\":\"7000\",\"gallery_focus\":\"0\",\"gallery_maximized\":\"0\",\"gallery_focus_maximized\":\"0\",\"keyboard_help\":\"1\",\"show_download_button\":\"1\",\"show_link_button\":\"1\",\"show_description\":\"1\",\"show_share_button\":\"1\",\"show_like_button\":\"1\",\"link_color\":\"#0099e5\",\"link_color_hover\":\"#02adea\",\"download_button_text\":\"Download\",\"link_button_text\":\"Open Link\",\"description_title\":\"Description\",\"key\":\"\",\"name\":\"\",\"gallID\":\"sc1_280\"}; var content = {\"data\":[{\"id\":\"20357\",\"image\":\"https:\\\/\\\/bobvarela.com\\\/wp-content\\\/flagallery\\\/josep-abril-coleccion-ss2016n37\\\/webview\\\/josep_abril_002.jpg\",\"thumb\":\"https:\\\/\\\/bobvarela.com\\\/wp-content\\\/flagallery\\\/josep-abril-coleccion-ss2016n37\\\/thumbs\\\/thumbs_josep_abril_002.jpg\",\"file\":\"josep_abril_002.jpg\",\"meta\":{\"aperture\":false,\"credit\":false,\"camera\":false,\"caption\":\"080 Barcelona Spring-Summer 2016\",\"created_timestamp\":\"June 30, 2015 4:45 pm\",\"copyright\":\"\\u00c2\\u00a9 2015 Estrop-Barcelona PHOTOGRAPH FOR EDITORIAL USE ONLY\",\"focal_length\":false,\"iso\":false,\"shutter_speed\":false,\"flash\":false,\"title\":\"080 Barcelona Spring-Summer 2016\",\"keywords\":\"080 Barcelona,Estrop-Barcelona,Spring-Summer 2016\",\"width\":667,\"height\":1000,\"saved\":true,\"thumbnail\":{\"width\":220,\"height\":220,\"ewww_image_optimizer\":\"Reduced by 10.0% (2.6&nbsp;kB)\"},\"webview\":{\"0\":667,\"1\":1000,\"2\":2,\"3\":\"width=\\\"667\\\" height=\\\"1000\\\"\",\"bits\":8,\"channels\":3,\"mime\":\"image\\\/jpeg\",\"ewww_image_optimizer\":\"Reduced by 6.7% (3.9&nbsp;kB) - Previously Optimized\"},\"0\":false,\"ewww_image_optimizer\":\"Reduced by 6.4% (7.7&nbsp;kB)\",\"views\":\"87\",\"likes\":\"0\"},\"title\":\"080 Barcelona Spring-Summer 2016\",\"description\":\"<p>080 Barcelona Spring-Summer 2016<\\\/p>\",\"link\":null,\"link_target\":\"\",\"download\":\"https:\\\/\\\/bobvarela.com\\\/wp-content\\\/flagallery\\\/josep-abril-coleccion-ss2016n37\\\/josep_abril_002.jpg\",\"ratio\":0.6670000000000000373034936274052597582340240478515625},{\"id\":\"20358\",\"image\":\"https:\\\/\\\/bobvarela.com\\\/wp-content\\\/flagallery\\\/josep-abril-coleccion-ss2016n37\\\/webview\\\/josep_abril_003.jpg\",\"thumb\":\"https:\\\/\\\/bobvarela.com\\\/wp-content\\\/flagallery\\\/josep-abril-coleccion-ss2016n37\\\/thumbs\\\/thumbs_josep_abril_003.jpg\",\"file\":\"josep_abril_003.jpg\",\"meta\":{\"aperture\":false,\"credit\":false,\"camera\":false,\"caption\":\"080 Barcelona Spring-Summer 2016\",\"created_timestamp\":\"June 30, 2015 4:46 pm\",\"copyright\":\"\\u00c2\\u00a9 2015 Estrop-Barcelona PHOTOGRAPH FOR EDITORIAL USE ONLY\",\"focal_length\":false,\"iso\":false,\"shutter_speed\":false,\"flash\":false,\"title\":\"080 Barcelona Spring-Summer 2016\",\"keywords\":\"080 Barcelona,Estrop-Barcelona,Spring-Summer 2016\",\"width\":667,\"height\":1000,\"saved\":true,\"thumbnail\":{\"width\":220,\"height\":220,\"ewww_image_optimizer\":\"Reduced by 8.3% (2.6&nbsp;kB)\"},\"webview\":{\"0\":667,\"1\":1000,\"2\":2,\"3\":\"width=\\\"667\\\" height=\\\"1000\\\"\",\"bits\":8,\"channels\":3,\"mime\":\"image\\\/jpeg\",\"ewww_image_optimizer\":\"Reduced by 5.6% (4.9&nbsp;kB) - Previously Optimized\"},\"0\":false,\"ewww_image_optimizer\":\"Reduced by 4.0% (7.1&nbsp;kB)\",\"views\":\"1\",\"likes\":\"0\"},\"title\":\"080 Barcelona Spring-Summer 2016\",\"description\":\"<p>080 Barcelona Spring-Summer 2016<\\\/p>\",\"link\":null,\"link_target\":\"\",\"download\":\"https:\\\/\\\/bobvarela.com\\\/wp-content\\\/flagallery\\\/josep-abril-coleccion-ss2016n37\\\/josep_abril_003.jpg\",\"ratio\":0.6670000000000000373034936274052597582340240478515625},{\"id\":\"20359\",\"image\":\"https:\\\/\\\/bobvarela.com\\\/wp-content\\\/flagallery\\\/josep-abril-coleccion-ss2016n37\\\/webview\\\/josep_abril_004.jpg\",\"thumb\":\"https:\\\/\\\/bobvarela.com\\\/wp-content\\\/flagallery\\\/josep-abril-coleccion-ss2016n37\\\/thumbs\\\/thumbs_josep_abril_004.jpg\",\"file\":\"josep_abril_004.jpg\",\"meta\":{\"aperture\":false,\"credit\":false,\"camera\":false,\"caption\":\"080 Barcelona Spring-Summer 2016\",\"created_timestamp\":\"June 30, 2015 4:46 pm\",\"copyright\":\"\\u00c2\\u00a9 2015 Estrop-Barcelona PHOTOGRAPH FOR EDITORIAL USE ONLY\",\"focal_length\":false,\"iso\":false,\"shutter_speed\":false,\"flash\":false,\"title\":\"080 Barcelona Spring-Summer 2016\",\"keywords\":\"080 Barcelona,Estrop-Barcelona,Spring-Summer 2016\",\"width\":667,\"height\":1000,\"saved\":true,\"thumbnail\":{\"width\":220,\"height\":220,\"ewww_image_optimizer\":\"Reduced by 10.8% (2.4&nbsp;kB)\"},\"webview\":{\"0\":667,\"1\":1000,\"2\":2,\"3\":\"width=\\\"667\\\" height=\\\"1000\\\"\",\"bits\":8,\"channels\":3,\"mime\":\"image\\\/jpeg\",\"ewww_image_optimizer\":\"Reduced by 7.0% (3.4&nbsp;kB) - Previously Optimized\"},\"0\":false,\"ewww_image_optimizer\":\"Reduced by 10.3% (19.4&nbsp;kB)\",\"views\":\"2\",\"likes\":\"0\"},\"title\":\"080 Barcelona Spring-Summer 2016\",\"description\":\"<p>080 Barcelona Spring-Summer 2016<\\\/p>\",\"link\":null,\"link_target\":\"\",\"download\":\"https:\\\/\\\/bobvarela.com\\\/wp-content\\\/flagallery\\\/josep-abril-coleccion-ss2016n37\\\/josep_abril_004.jpg\",\"ratio\":0.6670000000000000373034936274052597582340240478515625},{\"id\":\"20360\",\"image\":\"https:\\\/\\\/bobvarela.com\\\/wp-content\\\/flagallery\\\/josep-abril-coleccion-ss2016n37\\\/webview\\\/josep_abril_005.jpg\",\"thumb\":\"https:\\\/\\\/bobvarela.com\\\/wp-content\\\/flagallery\\\/josep-abril-coleccion-ss2016n37\\\/thumbs\\\/thumbs_josep_abril_005.jpg\",\"file\":\"josep_abril_005.jpg\",\"meta\":{\"aperture\":false,\"credit\":false,\"camera\":false,\"caption\":\"080 Barcelona Spring-Summer 2016\",\"created_timestamp\":\"June 30, 2015 4:46 pm\",\"copyright\":\"\\u00c2\\u00a9 2015 Estrop-Barcelona PHOTOGRAPH FOR EDITORIAL USE ONLY\",\"focal_length\":false,\"iso\":false,\"shutter_speed\":false,\"flash\":false,\"title\":\"080 Barcelona Spring-Summer 2016\",\"keywords\":\"080 Barcelona,Estrop-Barcelona,Spring-Summer 2016\",\"width\":667,\"height\":1000,\"saved\":true,\"thumbnail\":{\"width\":220,\"height\":220,\"ewww_image_optimizer\":\"Reduced by 10.1% (2.7&nbsp;kB)\"},\"webview\":{\"0\":667,\"1\":1000,\"2\":2,\"3\":\"width=\\\"667\\\" height=\\\"1000\\\"\",\"bits\":8,\"channels\":3,\"mime\":\"image\\\/jpeg\",\"ewww_image_optimizer\":\"Reduced by 5.8% (3.4&nbsp;kB) - Previously Optimized\"},\"0\":false,\"ewww_image_optimizer\":\"Reduced by 6.1% (7.1&nbsp;kB)\",\"views\":\"2\",\"likes\":\"0\"},\"title\":\"080 Barcelona Spring-Summer 2016\",\"description\":\"<p>080 Barcelona Spring-Summer 2016<\\\/p>\",\"link\":null,\"link_target\":\"\",\"download\":\"https:\\\/\\\/bobvarela.com\\\/wp-content\\\/flagallery\\\/josep-abril-coleccion-ss2016n37\\\/josep_abril_005.jpg\",\"ratio\":0.6670000000000000373034936274052597582340240478515625},{\"id\":\"20361\",\"image\":\"https:\\\/\\\/bobvarela.com\\\/wp-content\\\/flagallery\\\/josep-abril-coleccion-ss2016n37\\\/webview\\\/josep_abril_006.jpg\",\"thumb\":\"https:\\\/\\\/bobvarela.com\\\/wp-content\\\/flagallery\\\/josep-abril-coleccion-ss2016n37\\\/thumbs\\\/thumbs_josep_abril_006.jpg\",\"file\":\"josep_abril_006.jpg\",\"meta\":{\"aperture\":false,\"credit\":false,\"camera\":false,\"caption\":\"080 Barcelona Spring-Summer 2016\",\"created_timestamp\":\"June 30, 2015 4:46 pm\",\"copyright\":\"\\u00c2\\u00a9 2015 Estrop-Barcelona PHOTOGRAPH FOR EDITORIAL USE ONLY\",\"focal_length\":false,\"iso\":false,\"shutter_speed\":false,\"flash\":false,\"title\":\"080 Barcelona Spring-Summer 2016\",\"keywords\":\"080 Barcelona,Estrop-Barcelona,Spring-Summer 2016\",\"width\":667,\"height\":1000,\"saved\":true,\"thumbnail\":{\"width\":220,\"height\":220,\"ewww_image_optimizer\":\"Reduced by 9.6% (2.9&nbsp;kB)\"},\"webview\":{\"0\":667,\"1\":1000,\"2\":2,\"3\":\"width=\\\"667\\\" height=\\\"1000\\\"\",\"bits\":8,\"channels\":3,\"mime\":\"image\\\/jpeg\",\"ewww_image_optimizer\":\"Reduced by 5.2% (3.9&nbsp;kB) - Previously Optimized\"},\"0\":false,\"ewww_image_optimizer\":\"Reduced by 5.3% (7.9&nbsp;kB)\",\"views\":\"0\",\"likes\":\"0\"},\"title\":\"080 Barcelona Spring-Summer 2016\",\"description\":\"<p>080 Barcelona Spring-Summer 2016<\\\/p>\",\"link\":null,\"link_target\":\"\",\"download\":\"https:\\\/\\\/bobvarela.com\\\/wp-content\\\/flagallery\\\/josep-abril-coleccion-ss2016n37\\\/josep_abril_006.jpg\",\"ratio\":0.6670000000000000373034936274052597582340240478515625},{\"id\":\"20362\",\"image\":\"https:\\\/\\\/bobvarela.com\\\/wp-content\\\/flagallery\\\/josep-abril-coleccion-ss2016n37\\\/webview\\\/josep_abril_007.jpg\",\"thumb\":\"https:\\\/\\\/bobvarela.com\\\/wp-content\\\/flagallery\\\/josep-abril-coleccion-ss2016n37\\\/thumbs\\\/thumbs_josep_abril_007.jpg\",\"file\":\"josep_abril_007.jpg\",\"meta\":{\"aperture\":false,\"credit\":false,\"camera\":false,\"caption\":\"080 Barcelona Spring-Summer 2016\",\"created_timestamp\":\"June 30, 2015 4:46 pm\",\"copyright\":\"\\u00c2\\u00a9 2015 Estrop-Barcelona PHOTOGRAPH FOR EDITORIAL USE ONLY\",\"focal_length\":false,\"iso\":false,\"shutter_speed\":false,\"flash\":false,\"title\":\"080 Barcelona Spring-Summer 2016\",\"keywords\":\"080 Barcelona,Estrop-Barcelona,Spring-Summer 2016\",\"width\":667,\"height\":1000,\"saved\":true,\"thumbnail\":{\"width\":220,\"height\":220,\"ewww_image_optimizer\":\"Reduced by 8.5% (2.7&nbsp;kB)\"},\"webview\":{\"0\":667,\"1\":1000,\"2\":2,\"3\":\"width=\\\"667\\\" height=\\\"1000\\\"\",\"bits\":8,\"channels\":3,\"mime\":\"image\\\/jpeg\",\"ewww_image_optimizer\":\"Reduced by 4.9% (4.3&nbsp;kB) - Previously Optimized\"},\"0\":false,\"ewww_image_optimizer\":\"Reduced by 4.0% (7.2&nbsp;kB)\",\"views\":\"0\",\"likes\":\"0\"},\"title\":\"080 Barcelona Spring-Summer 2016\",\"description\":\"<p>080 Barcelona Spring-Summer 2016<\\\/p>\",\"link\":null,\"link_target\":\"\",\"download\":\"https:\\\/\\\/bobvarela.com\\\/wp-content\\\/flagallery\\\/josep-abril-coleccion-ss2016n37\\\/josep_abril_007.jpg\",\"ratio\":0.6670000000000000373034936274052597582340240478515625},{\"id\":\"20363\",\"image\":\"https:\\\/\\\/bobvarela.com\\\/wp-content\\\/flagallery\\\/josep-abril-coleccion-ss2016n37\\\/webview\\\/josep_abril_008.jpg\",\"thumb\":\"https:\\\/\\\/bobvarela.com\\\/wp-content\\\/flagallery\\\/josep-abril-coleccion-ss2016n37\\\/thumbs\\\/thumbs_josep_abril_008.jpg\",\"file\":\"josep_abril_008.jpg\",\"meta\":{\"aperture\":false,\"credit\":false,\"camera\":false,\"caption\":\"080 Barcelona Spring-Summer 2016\",\"created_timestamp\":\"June 30, 2015 4:46 pm\",\"copyright\":\"\\u00c2\\u00a9 2015 Estrop-Barcelona PHOTOGRAPH FOR EDITORIAL USE ONLY\",\"focal_length\":false,\"iso\":false,\"shutter_speed\":false,\"flash\":false,\"title\":\"080 Barcelona Spring-Summer 2016\",\"keywords\":\"080 Barcelona,Estrop-Barcelona,Spring-Summer 2016\",\"width\":667,\"height\":1000,\"saved\":true,\"thumbnail\":{\"width\":220,\"height\":220,\"ewww_image_optimizer\":\"Reduced by 10.7% (2.8&nbsp;kB)\"},\"webview\":{\"0\":667,\"1\":1000,\"2\":2,\"3\":\"width=\\\"667\\\" height=\\\"1000\\\"\",\"bits\":8,\"channels\":3,\"mime\":\"image\\\/jpeg\",\"ewww_image_optimizer\":\"Reduced by 5.5% (2.7&nbsp;kB) - Previously Optimized\"},\"0\":false,\"ewww_image_optimizer\":\"Reduced by 9.8% (18.1&nbsp;kB)\",\"views\":\"2\",\"likes\":\"0\"},\"title\":\"080 Barcelona Spring-Summer 2016\",\"description\":\"<p>080 Barcelona Spring-Summer 2016<\\\/p>\",\"link\":null,\"link_target\":\"\",\"download\":\"https:\\\/\\\/bobvarela.com\\\/wp-content\\\/flagallery\\\/josep-abril-coleccion-ss2016n37\\\/josep_abril_008.jpg\",\"ratio\":0.6670000000000000373034936274052597582340240478515625},{\"id\":\"20364\",\"image\":\"https:\\\/\\\/bobvarela.com\\\/wp-content\\\/flagallery\\\/josep-abril-coleccion-ss2016n37\\\/webview\\\/josep_abril_009.jpg\",\"thumb\":\"https:\\\/\\\/bobvarela.com\\\/wp-content\\\/flagallery\\\/josep-abril-coleccion-ss2016n37\\\/thumbs\\\/thumbs_josep_abril_009.jpg\",\"file\":\"josep_abril_009.jpg\",\"meta\":{\"aperture\":false,\"credit\":false,\"camera\":false,\"caption\":\"080 Barcelona Spring-Summer 2016\",\"created_timestamp\":\"June 30, 2015 4:46 pm\",\"copyright\":\"\\u00c2\\u00a9 2015 Estrop-Barcelona PHOTOGRAPH FOR EDITORIAL USE ONLY\",\"focal_length\":false,\"iso\":false,\"shutter_speed\":false,\"flash\":false,\"title\":\"080 Barcelona Spring-Summer 2016\",\"keywords\":\"080 Barcelona,Estrop-Barcelona,Spring-Summer 2016\",\"width\":667,\"height\":1000,\"saved\":true,\"thumbnail\":{\"width\":220,\"height\":220,\"ewww_image_optimizer\":\"Reduced by 10.7% (2.9&nbsp;kB)\"},\"webview\":{\"0\":667,\"1\":1000,\"2\":2,\"3\":\"width=\\\"667\\\" height=\\\"1000\\\"\",\"bits\":8,\"channels\":3,\"mime\":\"image\\\/jpeg\",\"ewww_image_optimizer\":\"Reduced by 6.3% (3.9&nbsp;kB) - Previously Optimized\"},\"0\":false,\"ewww_image_optimizer\":\"Reduced by 6.4% (7.9&nbsp;kB)\",\"views\":\"1\",\"likes\":\"0\"},\"title\":\"080 Barcelona Spring-Summer 2016\",\"description\":\"<p>080 Barcelona Spring-Summer 2016<\\\/p>\",\"link\":null,\"link_target\":\"\",\"download\":\"https:\\\/\\\/bobvarela.com\\\/wp-content\\\/flagallery\\\/josep-abril-coleccion-ss2016n37\\\/josep_abril_009.jpg\",\"ratio\":0.6670000000000000373034936274052597582340240478515625},{\"id\":\"20365\",\"image\":\"https:\\\/\\\/bobvarela.com\\\/wp-content\\\/flagallery\\\/josep-abril-coleccion-ss2016n37\\\/webview\\\/josep_abril_010.jpg\",\"thumb\":\"https:\\\/\\\/bobvarela.com\\\/wp-content\\\/flagallery\\\/josep-abril-coleccion-ss2016n37\\\/thumbs\\\/thumbs_josep_abril_010.jpg\",\"file\":\"josep_abril_010.jpg\",\"meta\":{\"aperture\":false,\"credit\":false,\"camera\":false,\"caption\":\"080 Barcelona Spring-Summer 2016\",\"created_timestamp\":\"June 30, 2015 4:46 pm\",\"copyright\":\"\\u00c2\\u00a9 2015 Estrop-Barcelona PHOTOGRAPH FOR EDITORIAL USE ONLY\",\"focal_length\":false,\"iso\":false,\"shutter_speed\":false,\"flash\":false,\"title\":\"080 Barcelona Spring-Summer 2016\",\"keywords\":\"080 Barcelona,Estrop-Barcelona,Spring-Summer 2016\",\"width\":667,\"height\":1000,\"saved\":true,\"thumbnail\":{\"width\":220,\"height\":220,\"ewww_image_optimizer\":\"Reduced by 9.8% (3.5&nbsp;kB)\"},\"webview\":{\"0\":667,\"1\":1000,\"2\":2,\"3\":\"width=\\\"667\\\" height=\\\"1000\\\"\",\"bits\":8,\"channels\":3,\"mime\":\"image\\\/jpeg\",\"ewww_image_optimizer\":\"Reduced by 6.0% (6.5&nbsp;kB) - Previously Optimized\"},\"0\":false,\"ewww_image_optimizer\":\"Reduced by 4.6% (6.7&nbsp;kB)\",\"views\":\"1\",\"likes\":\"0\"},\"title\":\"080 Barcelona Spring-Summer 2016\",\"description\":\"<p>080 Barcelona Spring-Summer 2016<\\\/p>\",\"link\":null,\"link_target\":\"\",\"download\":\"https:\\\/\\\/bobvarela.com\\\/wp-content\\\/flagallery\\\/josep-abril-coleccion-ss2016n37\\\/josep_abril_010.jpg\",\"ratio\":0.6670000000000000373034936274052597582340240478515625},{\"id\":\"20366\",\"image\":\"https:\\\/\\\/bobvarela.com\\\/wp-content\\\/flagallery\\\/josep-abril-coleccion-ss2016n37\\\/webview\\\/josep_abril_011.jpg\",\"thumb\":\"https:\\\/\\\/bobvarela.com\\\/wp-content\\\/flagallery\\\/josep-abril-coleccion-ss2016n37\\\/thumbs\\\/thumbs_josep_abril_011.jpg\",\"file\":\"josep_abril_011.jpg\",\"meta\":{\"aperture\":false,\"credit\":false,\"camera\":false,\"caption\":\"080 Barcelona Spring-Summer 2016\",\"created_timestamp\":\"June 30, 2015 4:46 pm\",\"copyright\":\"\\u00c2\\u00a9 2015 Estrop-Barcelona PHOTOGRAPH FOR EDITORIAL USE ONLY\",\"focal_length\":false,\"iso\":false,\"shutter_speed\":false,\"flash\":false,\"title\":\"080 Barcelona Spring-Summer 2016\",\"keywords\":\"080 Barcelona,Estrop-Barcelona,Spring-Summer 2016\",\"width\":667,\"height\":1000,\"saved\":true,\"thumbnail\":{\"width\":220,\"height\":220,\"ewww_image_optimizer\":\"Reduced by 7.7% (3.1&nbsp;kB)\"},\"webview\":{\"0\":667,\"1\":1000,\"2\":2,\"3\":\"width=\\\"667\\\" height=\\\"1000\\\"\",\"bits\":8,\"channels\":3,\"mime\":\"image\\\/jpeg\",\"ewww_image_optimizer\":\"Reduced by 4.7% (7.8&nbsp;kB) - Previously Optimized\"},\"0\":false,\"ewww_image_optimizer\":\"Reduced by 5.1% (9.8&nbsp;kB)\",\"views\":\"0\",\"likes\":\"0\"},\"title\":\"080 Barcelona Spring-Summer 2016\",\"description\":\"<p>080 Barcelona Spring-Summer 2016<\\\/p>\",\"link\":null,\"link_target\":\"\",\"download\":\"https:\\\/\\\/bobvarela.com\\\/wp-content\\\/flagallery\\\/josep-abril-coleccion-ss2016n37\\\/josep_abril_011.jpg\",\"ratio\":0.6670000000000000373034936274052597582340240478515625},{\"id\":\"20367\",\"image\":\"https:\\\/\\\/bobvarela.com\\\/wp-content\\\/flagallery\\\/josep-abril-coleccion-ss2016n37\\\/webview\\\/josep_abril_012.jpg\",\"thumb\":\"https:\\\/\\\/bobvarela.com\\\/wp-content\\\/flagallery\\\/josep-abril-coleccion-ss2016n37\\\/thumbs\\\/thumbs_josep_abril_012.jpg\",\"file\":\"josep_abril_012.jpg\",\"meta\":{\"aperture\":false,\"credit\":false,\"camera\":false,\"caption\":\"080 Barcelona Spring-Summer 2016\",\"created_timestamp\":\"June 30, 2015 4:46 pm\",\"copyright\":\"\\u00c2\\u00a9 2015 Estrop-Barcelona PHOTOGRAPH FOR EDITORIAL USE ONLY\",\"focal_length\":false,\"iso\":false,\"shutter_speed\":false,\"flash\":false,\"title\":\"080 Barcelona Spring-Summer 2016\",\"keywords\":\"080 Barcelona,Estrop-Barcelona,Spring-Summer 2016\",\"width\":667,\"height\":1000,\"saved\":true,\"thumbnail\":{\"width\":220,\"height\":220,\"ewww_image_optimizer\":\"Reduced by 11.0% (2.8&nbsp;kB)\"},\"webview\":{\"0\":667,\"1\":1000,\"2\":2,\"3\":\"width=\\\"667\\\" height=\\\"1000\\\"\",\"bits\":8,\"channels\":3,\"mime\":\"image\\\/jpeg\",\"ewww_image_optimizer\":\"Reduced by 6.1% (3.1&nbsp;kB) - Previously Optimized\"},\"0\":false,\"ewww_image_optimizer\":\"Reduced by 10.2% (19.8&nbsp;kB)\",\"views\":\"1\",\"likes\":\"0\"},\"title\":\"080 Barcelona Spring-Summer 2016\",\"description\":\"<p>080 Barcelona Spring-Summer 2016<\\\/p>\",\"link\":null,\"link_target\":\"\",\"download\":\"https:\\\/\\\/bobvarela.com\\\/wp-content\\\/flagallery\\\/josep-abril-coleccion-ss2016n37\\\/josep_abril_012.jpg\",\"ratio\":0.6670000000000000373034936274052597582340240478515625},{\"id\":\"20368\",\"image\":\"https:\\\/\\\/bobvarela.com\\\/wp-content\\\/flagallery\\\/josep-abril-coleccion-ss2016n37\\\/webview\\\/josep_abril_013.jpg\",\"thumb\":\"https:\\\/\\\/bobvarela.com\\\/wp-content\\\/flagallery\\\/josep-abril-coleccion-ss2016n37\\\/thumbs\\\/thumbs_josep_abril_013.jpg\",\"file\":\"josep_abril_013.jpg\",\"meta\":{\"aperture\":false,\"credit\":false,\"camera\":false,\"caption\":\"080 Barcelona Spring-Summer 2016\",\"created_timestamp\":\"June 30, 2015 4:46 pm\",\"copyright\":\"\\u00c2\\u00a9 2015 Estrop-Barcelona PHOTOGRAPH FOR EDITORIAL USE ONLY\",\"focal_length\":false,\"iso\":false,\"shutter_speed\":false,\"flash\":false,\"title\":\"080 Barcelona Spring-Summer 2016\",\"keywords\":\"080 Barcelona,Estrop-Barcelona,Spring-Summer 2016\",\"width\":667,\"height\":1000,\"saved\":true,\"thumbnail\":{\"width\":220,\"height\":220,\"ewww_image_optimizer\":\"Reduced by 10.0% (2.9&nbsp;kB)\"},\"webview\":{\"0\":667,\"1\":1000,\"2\":2,\"3\":\"width=\\\"667\\\" height=\\\"1000\\\"\",\"bits\":8,\"channels\":3,\"mime\":\"image\\\/jpeg\",\"ewww_image_optimizer\":\"Reduced by 4.9% (3.6&nbsp;kB) - Previously Optimized\"},\"0\":false,\"ewww_image_optimizer\":\"Reduced by 5.5% (8.1&nbsp;kB)\",\"views\":\"0\",\"likes\":\"0\"},\"title\":\"080 Barcelona Spring-Summer 2016\",\"description\":\"<p>080 Barcelona Spring-Summer 2016<\\\/p>\",\"link\":null,\"link_target\":\"\",\"download\":\"https:\\\/\\\/bobvarela.com\\\/wp-content\\\/flagallery\\\/josep-abril-coleccion-ss2016n37\\\/josep_abril_013.jpg\",\"ratio\":0.6670000000000000373034936274052597582340240478515625},{\"id\":\"20369\",\"image\":\"https:\\\/\\\/bobvarela.com\\\/wp-content\\\/flagallery\\\/josep-abril-coleccion-ss2016n37\\\/webview\\\/josep_abril_014.jpg\",\"thumb\":\"https:\\\/\\\/bobvarela.com\\\/wp-content\\\/flagallery\\\/josep-abril-coleccion-ss2016n37\\\/thumbs\\\/thumbs_josep_abril_014.jpg\",\"file\":\"josep_abril_014.jpg\",\"meta\":{\"aperture\":false,\"credit\":false,\"camera\":false,\"caption\":\"080 Barcelona Spring-Summer 2016\",\"created_timestamp\":\"June 30, 2015 4:46 pm\",\"copyright\":\"\\u00c2\\u00a9 2015 Estrop-Barcelona PHOTOGRAPH FOR EDITORIAL USE ONLY\",\"focal_length\":false,\"iso\":false,\"shutter_speed\":false,\"flash\":false,\"title\":\"080 Barcelona Spring-Summer 2016\",\"keywords\":\"080 Barcelona,Estrop-Barcelona,Spring-Summer 2016\",\"width\":667,\"height\":1000,\"saved\":true,\"thumbnail\":{\"width\":220,\"height\":220,\"ewww_image_optimizer\":\"Reduced by 9.8% (3.1&nbsp;kB)\"},\"webview\":{\"0\":667,\"1\":1000,\"2\":2,\"3\":\"width=\\\"667\\\" height=\\\"1000\\\"\",\"bits\":8,\"channels\":3,\"mime\":\"image\\\/jpeg\",\"ewww_image_optimizer\":\"Reduced by 5.1% (4.6&nbsp;kB) - Previously Optimized\"},\"0\":false,\"ewww_image_optimizer\":\"Reduced by 5.3% (10.0&nbsp;kB)\",\"views\":\"0\",\"likes\":\"0\"},\"title\":\"080 Barcelona Spring-Summer 2016\",\"description\":\"<p>080 Barcelona Spring-Summer 2016<\\\/p>\",\"link\":null,\"link_target\":\"\",\"download\":\"https:\\\/\\\/bobvarela.com\\\/wp-content\\\/flagallery\\\/josep-abril-coleccion-ss2016n37\\\/josep_abril_014.jpg\",\"ratio\":0.6670000000000000373034936274052597582340240478515625},{\"id\":\"20370\",\"image\":\"https:\\\/\\\/bobvarela.com\\\/wp-content\\\/flagallery\\\/josep-abril-coleccion-ss2016n37\\\/webview\\\/josep_abril_015.jpg\",\"thumb\":\"https:\\\/\\\/bobvarela.com\\\/wp-content\\\/flagallery\\\/josep-abril-coleccion-ss2016n37\\\/thumbs\\\/thumbs_josep_abril_015.jpg\",\"file\":\"josep_abril_015.jpg\",\"meta\":{\"aperture\":false,\"credit\":false,\"camera\":false,\"caption\":\"080 Barcelona Spring-Summer 2016\",\"created_timestamp\":\"June 30, 2015 4:47 pm\",\"copyright\":\"\\u00c2\\u00a9 2015 Estrop-Barcelona PHOTOGRAPH FOR EDITORIAL USE ONLY\",\"focal_length\":false,\"iso\":false,\"shutter_speed\":false,\"flash\":false,\"title\":\"080 Barcelona Spring-Summer 2016\",\"keywords\":\"080 Barcelona,Estrop-Barcelona,Spring-Summer 2016\",\"width\":667,\"height\":1000,\"saved\":true,\"thumbnail\":{\"width\":220,\"height\":220,\"ewww_image_optimizer\":\"Reduced by 11.6% (2.9&nbsp;kB)\"},\"webview\":{\"0\":667,\"1\":1000,\"2\":2,\"3\":\"width=\\\"667\\\" height=\\\"1000\\\"\",\"bits\":8,\"channels\":3,\"mime\":\"image\\\/jpeg\",\"ewww_image_optimizer\":\"Reduced by 6.1% (3.2&nbsp;kB) - Previously Optimized\"},\"0\":false,\"ewww_image_optimizer\":\"Reduced by 10.3% (20.5&nbsp;kB)\",\"views\":\"0\",\"likes\":\"0\"},\"title\":\"080 Barcelona Spring-Summer 2016\",\"description\":\"<p>080 Barcelona Spring-Summer 2016<\\\/p>\",\"link\":null,\"link_target\":\"\",\"download\":\"https:\\\/\\\/bobvarela.com\\\/wp-content\\\/flagallery\\\/josep-abril-coleccion-ss2016n37\\\/josep_abril_015.jpg\",\"ratio\":0.6670000000000000373034936274052597582340240478515625},{\"id\":\"20371\",\"image\":\"https:\\\/\\\/bobvarela.com\\\/wp-content\\\/flagallery\\\/josep-abril-coleccion-ss2016n37\\\/webview\\\/josep_abril_016.jpg\",\"thumb\":\"https:\\\/\\\/bobvarela.com\\\/wp-content\\\/flagallery\\\/josep-abril-coleccion-ss2016n37\\\/thumbs\\\/thumbs_josep_abril_016.jpg\",\"file\":\"josep_abril_016.jpg\",\"meta\":{\"aperture\":false,\"credit\":false,\"camera\":false,\"caption\":\"080 Barcelona Spring-Summer 2016\",\"created_timestamp\":\"June 30, 2015 4:47 pm\",\"copyright\":\"\\u00c2\\u00a9 2015 Estrop-Barcelona PHOTOGRAPH FOR EDITORIAL USE ONLY\",\"focal_length\":false,\"iso\":false,\"shutter_speed\":false,\"flash\":false,\"title\":\"080 Barcelona Spring-Summer 2016\",\"keywords\":\"080 Barcelona,Estrop-Barcelona,Spring-Summer 2016\",\"width\":667,\"height\":1000,\"saved\":true,\"thumbnail\":{\"width\":220,\"height\":220,\"ewww_image_optimizer\":\"Reduced by 10.2% (3.1&nbsp;kB)\"},\"webview\":{\"0\":667,\"1\":1000,\"2\":2,\"3\":\"width=\\\"667\\\" height=\\\"1000\\\"\",\"bits\":8,\"channels\":3,\"mime\":\"image\\\/jpeg\",\"ewww_image_optimizer\":\"Reduced by 5.0% (3.6&nbsp;kB) - Previously Optimized\"},\"0\":false,\"ewww_image_optimizer\":\"Reduced by 5.5% (8.0&nbsp;kB)\",\"views\":\"1\",\"likes\":\"0\"},\"title\":\"080 Barcelona Spring-Summer 2016\",\"description\":\"<p>080 Barcelona Spring-Summer 2016<\\\/p>\",\"link\":null,\"link_target\":\"\",\"download\":\"https:\\\/\\\/bobvarela.com\\\/wp-content\\\/flagallery\\\/josep-abril-coleccion-ss2016n37\\\/josep_abril_016.jpg\",\"ratio\":0.6670000000000000373034936274052597582340240478515625},{\"id\":\"20372\",\"image\":\"https:\\\/\\\/bobvarela.com\\\/wp-content\\\/flagallery\\\/josep-abril-coleccion-ss2016n37\\\/webview\\\/josep_abril_017.jpg\",\"thumb\":\"https:\\\/\\\/bobvarela.com\\\/wp-content\\\/flagallery\\\/josep-abril-coleccion-ss2016n37\\\/thumbs\\\/thumbs_josep_abril_017.jpg\",\"file\":\"josep_abril_017.jpg\",\"meta\":{\"aperture\":false,\"credit\":false,\"camera\":false,\"caption\":\"080 Barcelona Spring-Summer 2016\",\"created_timestamp\":\"June 30, 2015 4:47 pm\",\"copyright\":\"\\u00c2\\u00a9 2015 Estrop-Barcelona PHOTOGRAPH FOR EDITORIAL USE ONLY\",\"focal_length\":false,\"iso\":false,\"shutter_speed\":false,\"flash\":false,\"title\":\"080 Barcelona Spring-Summer 2016\",\"keywords\":\"080 Barcelona,Estrop-Barcelona,Spring-Summer 2016\",\"width\":667,\"height\":1000,\"saved\":true,\"thumbnail\":{\"width\":220,\"height\":220,\"ewww_image_optimizer\":\"Reduced by 10.7% (3.1&nbsp;kB)\"},\"webview\":{\"0\":667,\"1\":1000,\"2\":2,\"3\":\"width=\\\"667\\\" height=\\\"1000\\\"\",\"bits\":8,\"channels\":3,\"mime\":\"image\\\/jpeg\",\"ewww_image_optimizer\":\"Reduced by 5.1% (3.3&nbsp;kB) - Previously Optimized\"},\"0\":false,\"ewww_image_optimizer\":\"Reduced by 5.5% (7.2&nbsp;kB)\",\"views\":\"1\",\"likes\":\"0\"},\"title\":\"080 Barcelona Spring-Summer 2016\",\"description\":\"<p>080 Barcelona Spring-Summer 2016<\\\/p>\",\"link\":null,\"link_target\":\"\",\"download\":\"https:\\\/\\\/bobvarela.com\\\/wp-content\\\/flagallery\\\/josep-abril-coleccion-ss2016n37\\\/josep_abril_017.jpg\",\"ratio\":0.6670000000000000373034936274052597582340240478515625},{\"id\":\"20373\",\"image\":\"https:\\\/\\\/bobvarela.com\\\/wp-content\\\/flagallery\\\/josep-abril-coleccion-ss2016n37\\\/webview\\\/josep_abril_018.jpg\",\"thumb\":\"https:\\\/\\\/bobvarela.com\\\/wp-content\\\/flagallery\\\/josep-abril-coleccion-ss2016n37\\\/thumbs\\\/thumbs_josep_abril_018.jpg\",\"file\":\"josep_abril_018.jpg\",\"meta\":{\"aperture\":false,\"credit\":false,\"camera\":false,\"caption\":\"080 Barcelona Spring-Summer 2016\",\"created_timestamp\":\"June 30, 2015 4:47 pm\",\"copyright\":\"\\u00c2\\u00a9 2015 Estrop-Barcelona PHOTOGRAPH FOR EDITORIAL USE ONLY\",\"focal_length\":false,\"iso\":false,\"shutter_speed\":false,\"flash\":false,\"title\":\"080 Barcelona Spring-Summer 2016\",\"keywords\":\"080 Barcelona,Estrop-Barcelona,Spring-Summer 2016\",\"width\":667,\"height\":1000,\"saved\":true,\"thumbnail\":{\"width\":220,\"height\":220,\"ewww_image_optimizer\":\"Reduced by 9.7% (3.0&nbsp;kB)\"},\"webview\":{\"0\":667,\"1\":1000,\"2\":2,\"3\":\"width=\\\"667\\\" height=\\\"1000\\\"\",\"bits\":8,\"channels\":3,\"mime\":\"image\\\/jpeg\",\"ewww_image_optimizer\":\"Reduced by 4.7% (3.4&nbsp;kB) - Previously Optimized\"},\"0\":false,\"ewww_image_optimizer\":\"Reduced by 4.8% (7.1&nbsp;kB)\",\"views\":\"0\",\"likes\":\"0\"},\"title\":\"080 Barcelona Spring-Summer 2016\",\"description\":\"<p>080 Barcelona Spring-Summer 2016<\\\/p>\",\"link\":null,\"link_target\":\"\",\"download\":\"https:\\\/\\\/bobvarela.com\\\/wp-content\\\/flagallery\\\/josep-abril-coleccion-ss2016n37\\\/josep_abril_018.jpg\",\"ratio\":0.6670000000000000373034936274052597582340240478515625},{\"id\":\"20374\",\"image\":\"https:\\\/\\\/bobvarela.com\\\/wp-content\\\/flagallery\\\/josep-abril-coleccion-ss2016n37\\\/webview\\\/josep_abril_019.jpg\",\"thumb\":\"https:\\\/\\\/bobvarela.com\\\/wp-content\\\/flagallery\\\/josep-abril-coleccion-ss2016n37\\\/thumbs\\\/thumbs_josep_abril_019.jpg\",\"file\":\"josep_abril_019.jpg\",\"meta\":{\"aperture\":false,\"credit\":false,\"camera\":false,\"caption\":\"080 Barcelona Spring-Summer 2016\",\"created_timestamp\":\"June 30, 2015 4:47 pm\",\"copyright\":\"\\u00c2\\u00a9 2015 Estrop-Barcelona PHOTOGRAPH FOR EDITORIAL USE ONLY\",\"focal_length\":false,\"iso\":false,\"shutter_speed\":false,\"flash\":false,\"title\":\"080 Barcelona Spring-Summer 2016\",\"keywords\":\"080 Barcelona,Estrop-Barcelona,Spring-Summer 2016\",\"width\":667,\"height\":1000,\"saved\":true,\"thumbnail\":{\"width\":220,\"height\":220,\"ewww_image_optimizer\":\"Reduced by 9.7% (3.2&nbsp;kB)\"},\"webview\":{\"0\":667,\"1\":1000,\"2\":2,\"3\":\"width=\\\"667\\\" height=\\\"1000\\\"\",\"bits\":8,\"channels\":3,\"mime\":\"image\\\/jpeg\",\"ewww_image_optimizer\":\"Reduced by 4.8% (4.0&nbsp;kB) - Previously Optimized\"},\"0\":false,\"ewww_image_optimizer\":\"Reduced by 5.2% (8.3&nbsp;kB)\",\"views\":\"1\",\"likes\":\"0\"},\"title\":\"080 Barcelona Spring-Summer 2016\",\"description\":\"<p>080 Barcelona Spring-Summer 2016<\\\/p>\",\"link\":null,\"link_target\":\"\",\"download\":\"https:\\\/\\\/bobvarela.com\\\/wp-content\\\/flagallery\\\/josep-abril-coleccion-ss2016n37\\\/josep_abril_019.jpg\",\"ratio\":0.6670000000000000373034936274052597582340240478515625},{\"id\":\"20375\",\"image\":\"https:\\\/\\\/bobvarela.com\\\/wp-content\\\/flagallery\\\/josep-abril-coleccion-ss2016n37\\\/webview\\\/josep_abril_020.jpg\",\"thumb\":\"https:\\\/\\\/bobvarela.com\\\/wp-content\\\/flagallery\\\/josep-abril-coleccion-ss2016n37\\\/thumbs\\\/thumbs_josep_abril_020.jpg\",\"file\":\"josep_abril_020.jpg\",\"meta\":{\"aperture\":false,\"credit\":false,\"camera\":false,\"caption\":\"080 Barcelona Spring-Summer 2016\",\"created_timestamp\":\"June 30, 2015 4:47 pm\",\"copyright\":\"\\u00c2\\u00a9 2015 Estrop-Barcelona PHOTOGRAPH FOR EDITORIAL USE ONLY\",\"focal_length\":false,\"iso\":false,\"shutter_speed\":false,\"flash\":false,\"title\":\"080 Barcelona Spring-Summer 2016\",\"keywords\":\"080 Barcelona,Estrop-Barcelona,Spring-Summer 2016\",\"width\":667,\"height\":1000,\"saved\":true,\"thumbnail\":{\"width\":220,\"height\":220,\"ewww_image_optimizer\":\"Reduced by 10.5% (2.8&nbsp;kB)\"},\"webview\":{\"0\":667,\"1\":1000,\"2\":2,\"3\":\"width=\\\"667\\\" height=\\\"1000\\\"\",\"bits\":8,\"channels\":3,\"mime\":\"image\\\/jpeg\",\"ewww_image_optimizer\":\"Reduced by 5.5% (3.2&nbsp;kB) - Previously Optimized\"},\"0\":false,\"ewww_image_optimizer\":\"Reduced by 6.1% (7.3&nbsp;kB)\",\"views\":\"0\",\"likes\":\"0\"},\"title\":\"080 Barcelona Spring-Summer 2016\",\"description\":\"<p>080 Barcelona Spring-Summer 2016<\\\/p>\",\"link\":null,\"link_target\":\"\",\"download\":\"https:\\\/\\\/bobvarela.com\\\/wp-content\\\/flagallery\\\/josep-abril-coleccion-ss2016n37\\\/josep_abril_020.jpg\",\"ratio\":0.6670000000000000373034936274052597582340240478515625},{\"id\":\"20376\",\"image\":\"https:\\\/\\\/bobvarela.com\\\/wp-content\\\/flagallery\\\/josep-abril-coleccion-ss2016n37\\\/webview\\\/josep_abril_021.jpg\",\"thumb\":\"https:\\\/\\\/bobvarela.com\\\/wp-content\\\/flagallery\\\/josep-abril-coleccion-ss2016n37\\\/thumbs\\\/thumbs_josep_abril_021.jpg\",\"file\":\"josep_abril_021.jpg\",\"meta\":{\"aperture\":false,\"credit\":false,\"camera\":false,\"caption\":\"080 Barcelona Spring-Summer 2016\",\"created_timestamp\":\"June 30, 2015 4:47 pm\",\"copyright\":\"\\u00c2\\u00a9 2015 Estrop-Barcelona PHOTOGRAPH FOR EDITORIAL USE ONLY\",\"focal_length\":false,\"iso\":false,\"shutter_speed\":false,\"flash\":false,\"title\":\"080 Barcelona Spring-Summer 2016\",\"keywords\":\"080 Barcelona,Estrop-Barcelona,Spring-Summer 2016\",\"width\":667,\"height\":1000,\"saved\":true,\"thumbnail\":{\"width\":220,\"height\":220,\"ewww_image_optimizer\":\"Reduced by 9.9% (3.1&nbsp;kB)\"},\"webview\":{\"0\":667,\"1\":1000,\"2\":2,\"3\":\"width=\\\"667\\\" height=\\\"1000\\\"\",\"bits\":8,\"channels\":3,\"mime\":\"image\\\/jpeg\",\"ewww_image_optimizer\":\"Reduced by 4.4% (3.5&nbsp;kB) - Previously Optimized\"},\"0\":false,\"ewww_image_optimizer\":\"Reduced by 4.7% (7.5&nbsp;kB)\",\"views\":\"0\",\"likes\":\"0\"},\"title\":\"080 Barcelona Spring-Summer 2016\",\"description\":\"<p>080 Barcelona Spring-Summer 2016<\\\/p>\",\"link\":null,\"link_target\":\"\",\"download\":\"https:\\\/\\\/bobvarela.com\\\/wp-content\\\/flagallery\\\/josep-abril-coleccion-ss2016n37\\\/josep_abril_021.jpg\",\"ratio\":0.6670000000000000373034936274052597582340240478515625},{\"id\":\"20377\",\"image\":\"https:\\\/\\\/bobvarela.com\\\/wp-content\\\/flagallery\\\/josep-abril-coleccion-ss2016n37\\\/webview\\\/josep_abril_022.jpg\",\"thumb\":\"https:\\\/\\\/bobvarela.com\\\/wp-content\\\/flagallery\\\/josep-abril-coleccion-ss2016n37\\\/thumbs\\\/thumbs_josep_abril_022.jpg\",\"file\":\"josep_abril_022.jpg\",\"meta\":{\"aperture\":false,\"credit\":false,\"camera\":false,\"caption\":\"080 Barcelona Spring-Summer 2016\",\"created_timestamp\":\"June 30, 2015 4:47 pm\",\"copyright\":\"\\u00c2\\u00a9 2015 Estrop-Barcelona PHOTOGRAPH FOR EDITORIAL USE ONLY\",\"focal_length\":false,\"iso\":false,\"shutter_speed\":false,\"flash\":false,\"title\":\"080 Barcelona Spring-Summer 2016\",\"keywords\":\"080 Barcelona,Estrop-Barcelona,Spring-Summer 2016\",\"width\":667,\"height\":1000,\"saved\":true,\"thumbnail\":{\"width\":220,\"height\":220,\"ewww_image_optimizer\":\"Reduced by 10.0% (3.1&nbsp;kB)\"},\"webview\":{\"0\":667,\"1\":1000,\"2\":2,\"3\":\"width=\\\"667\\\" height=\\\"1000\\\"\",\"bits\":8,\"channels\":3,\"mime\":\"image\\\/jpeg\",\"ewww_image_optimizer\":\"Reduced by 6.3% (5.2&nbsp;kB) - Previously Optimized\"},\"0\":false,\"ewww_image_optimizer\":\"Reduced by 5.4% (9.4&nbsp;kB)\",\"views\":\"0\",\"likes\":\"0\"},\"title\":\"080 Barcelona Spring-Summer 2016\",\"description\":\"<p>080 Barcelona Spring-Summer 2016<\\\/p>\",\"link\":null,\"link_target\":\"\",\"download\":\"https:\\\/\\\/bobvarela.com\\\/wp-content\\\/flagallery\\\/josep-abril-coleccion-ss2016n37\\\/josep_abril_022.jpg\",\"ratio\":0.6670000000000000373034936274052597582340240478515625},{\"id\":\"20378\",\"image\":\"https:\\\/\\\/bobvarela.com\\\/wp-content\\\/flagallery\\\/josep-abril-coleccion-ss2016n37\\\/webview\\\/josep_abril_023.jpg\",\"thumb\":\"https:\\\/\\\/bobvarela.com\\\/wp-content\\\/flagallery\\\/josep-abril-coleccion-ss2016n37\\\/thumbs\\\/thumbs_josep_abril_023.jpg\",\"file\":\"josep_abril_023.jpg\",\"meta\":{\"aperture\":false,\"credit\":false,\"camera\":false,\"caption\":\"080 Barcelona Spring-Summer 2016\",\"created_timestamp\":\"June 30, 2015 4:47 pm\",\"copyright\":\"\\u00c2\\u00a9 2015 Estrop-Barcelona PHOTOGRAPH FOR EDITORIAL USE ONLY\",\"focal_length\":false,\"iso\":false,\"shutter_speed\":false,\"flash\":false,\"title\":\"080 Barcelona Spring-Summer 2016\",\"keywords\":\"080 Barcelona,Estrop-Barcelona,Spring-Summer 2016\",\"width\":667,\"height\":1000,\"saved\":true,\"thumbnail\":{\"width\":220,\"height\":220,\"ewww_image_optimizer\":\"Reduced by 10.6% (3.0&nbsp;kB)\"},\"webview\":{\"0\":667,\"1\":1000,\"2\":2,\"3\":\"width=\\\"667\\\" height=\\\"1000\\\"\",\"bits\":8,\"channels\":3,\"mime\":\"image\\\/jpeg\",\"ewww_image_optimizer\":\"Reduced by 5.8% (3.7&nbsp;kB) - Previously Optimized\"},\"0\":false,\"ewww_image_optimizer\":\"Reduced by 6.2% (7.8&nbsp;kB)\",\"views\":\"2\",\"likes\":\"0\"},\"title\":\"080 Barcelona Spring-Summer 2016\",\"description\":\"<p>080 Barcelona Spring-Summer 2016<\\\/p>\",\"link\":null,\"link_target\":\"\",\"download\":\"https:\\\/\\\/bobvarela.com\\\/wp-content\\\/flagallery\\\/josep-abril-coleccion-ss2016n37\\\/josep_abril_023.jpg\",\"ratio\":0.6670000000000000373034936274052597582340240478515625},{\"id\":\"20379\",\"image\":\"https:\\\/\\\/bobvarela.com\\\/wp-content\\\/flagallery\\\/josep-abril-coleccion-ss2016n37\\\/webview\\\/josep_abril_024.jpg\",\"thumb\":\"https:\\\/\\\/bobvarela.com\\\/wp-content\\\/flagallery\\\/josep-abril-coleccion-ss2016n37\\\/thumbs\\\/thumbs_josep_abril_024.jpg\",\"file\":\"josep_abril_024.jpg\",\"meta\":{\"aperture\":false,\"credit\":false,\"camera\":false,\"caption\":\"080 Barcelona Spring-Summer 2016\",\"created_timestamp\":\"June 30, 2015 4:48 pm\",\"copyright\":\"\\u00c2\\u00a9 2015 Estrop-Barcelona PHOTOGRAPH FOR EDITORIAL USE ONLY\",\"focal_length\":false,\"iso\":false,\"shutter_speed\":false,\"flash\":false,\"title\":\"080 Barcelona Spring-Summer 2016\",\"keywords\":\"080 Barcelona,Estrop-Barcelona,Spring-Summer 2016\",\"width\":667,\"height\":1000,\"saved\":true,\"thumbnail\":{\"width\":220,\"height\":220,\"ewww_image_optimizer\":\"Reduced by 9.2% (3.0&nbsp;kB)\"},\"webview\":{\"0\":667,\"1\":1000,\"2\":2,\"3\":\"width=\\\"667\\\" height=\\\"1000\\\"\",\"bits\":8,\"channels\":3,\"mime\":\"image\\\/jpeg\",\"ewww_image_optimizer\":\"Reduced by 5.5% (4.9&nbsp;kB) - Previously Optimized\"},\"0\":false,\"ewww_image_optimizer\":\"Reduced by 4.6% (8.2&nbsp;kB)\",\"views\":\"0\",\"likes\":\"0\"},\"title\":\"080 Barcelona Spring-Summer 2016\",\"description\":\"<p>080 Barcelona Spring-Summer 2016<\\\/p>\",\"link\":null,\"link_target\":\"\",\"download\":\"https:\\\/\\\/bobvarela.com\\\/wp-content\\\/flagallery\\\/josep-abril-coleccion-ss2016n37\\\/josep_abril_024.jpg\",\"ratio\":0.6670000000000000373034936274052597582340240478515625},{\"id\":\"20380\",\"image\":\"https:\\\/\\\/bobvarela.com\\\/wp-content\\\/flagallery\\\/josep-abril-coleccion-ss2016n37\\\/webview\\\/josep_abril_025.jpg\",\"thumb\":\"https:\\\/\\\/bobvarela.com\\\/wp-content\\\/flagallery\\\/josep-abril-coleccion-ss2016n37\\\/thumbs\\\/thumbs_josep_abril_025.jpg\",\"file\":\"josep_abril_025.jpg\",\"meta\":{\"aperture\":false,\"credit\":false,\"camera\":false,\"caption\":\"080 Barcelona Spring-Summer 2016\",\"created_timestamp\":\"June 30, 2015 4:48 pm\",\"copyright\":\"\\u00c2\\u00a9 2015 Estrop-Barcelona PHOTOGRAPH FOR EDITORIAL USE ONLY\",\"focal_length\":false,\"iso\":false,\"shutter_speed\":false,\"flash\":false,\"title\":\"080 Barcelona Spring-Summer 2016\",\"keywords\":\"080 Barcelona,Estrop-Barcelona,Spring-Summer 2016\",\"width\":667,\"height\":1000,\"saved\":true,\"thumbnail\":{\"width\":220,\"height\":220,\"ewww_image_optimizer\":\"Reduced by 10.3% (2.8&nbsp;kB)\"},\"webview\":{\"0\":667,\"1\":1000,\"2\":2,\"3\":\"width=\\\"667\\\" height=\\\"1000\\\"\",\"bits\":8,\"channels\":3,\"mime\":\"image\\\/jpeg\",\"ewww_image_optimizer\":\"Reduced by 5.7% (3.8&nbsp;kB) - Previously Optimized\"},\"0\":false,\"ewww_image_optimizer\":\"Reduced by 6.0% (8.1&nbsp;kB)\",\"views\":\"1\",\"likes\":\"0\"},\"title\":\"080 Barcelona Spring-Summer 2016\",\"description\":\"<p>080 Barcelona Spring-Summer 2016<\\\/p>\",\"link\":null,\"link_target\":\"\",\"download\":\"https:\\\/\\\/bobvarela.com\\\/wp-content\\\/flagallery\\\/josep-abril-coleccion-ss2016n37\\\/josep_abril_025.jpg\",\"ratio\":0.6670000000000000373034936274052597582340240478515625},{\"id\":\"20381\",\"image\":\"https:\\\/\\\/bobvarela.com\\\/wp-content\\\/flagallery\\\/josep-abril-coleccion-ss2016n37\\\/webview\\\/josep_abril_026.jpg\",\"thumb\":\"https:\\\/\\\/bobvarela.com\\\/wp-content\\\/flagallery\\\/josep-abril-coleccion-ss2016n37\\\/thumbs\\\/thumbs_josep_abril_026.jpg\",\"file\":\"josep_abril_026.jpg\",\"meta\":{\"aperture\":false,\"credit\":false,\"camera\":false,\"caption\":\"080 Barcelona Spring-Summer 2016\",\"created_timestamp\":\"June 30, 2015 4:48 pm\",\"copyright\":\"\\u00c2\\u00a9 2015 Estrop-Barcelona PHOTOGRAPH FOR EDITORIAL USE ONLY\",\"focal_length\":false,\"iso\":false,\"shutter_speed\":false,\"flash\":false,\"title\":\"080 Barcelona Spring-Summer 2016\",\"keywords\":\"080 Barcelona,Estrop-Barcelona,Spring-Summer 2016\",\"width\":667,\"height\":1000,\"saved\":true,\"thumbnail\":{\"width\":220,\"height\":220,\"ewww_image_optimizer\":\"Reduced by 9.8% (2.9&nbsp;kB)\"},\"webview\":{\"0\":667,\"1\":1000,\"2\":2,\"3\":\"width=\\\"667\\\" height=\\\"1000\\\"\",\"bits\":8,\"channels\":3,\"mime\":\"image\\\/jpeg\",\"ewww_image_optimizer\":\"Reduced by 4.0% (3.2&nbsp;kB) - Previously Optimized\"},\"0\":false,\"ewww_image_optimizer\":\"Reduced by 5.0% (8.2&nbsp;kB)\",\"views\":\"1\",\"likes\":\"0\"},\"title\":\"080 Barcelona Spring-Summer 2016\",\"description\":\"<p>080 Barcelona Spring-Summer 2016<\\\/p>\",\"link\":null,\"link_target\":\"\",\"download\":\"https:\\\/\\\/bobvarela.com\\\/wp-content\\\/flagallery\\\/josep-abril-coleccion-ss2016n37\\\/josep_abril_026.jpg\",\"ratio\":0.6670000000000000373034936274052597582340240478515625},{\"id\":\"20382\",\"image\":\"https:\\\/\\\/bobvarela.com\\\/wp-content\\\/flagallery\\\/josep-abril-coleccion-ss2016n37\\\/webview\\\/josep_abril_027.jpg\",\"thumb\":\"https:\\\/\\\/bobvarela.com\\\/wp-content\\\/flagallery\\\/josep-abril-coleccion-ss2016n37\\\/thumbs\\\/thumbs_josep_abril_027.jpg\",\"file\":\"josep_abril_027.jpg\",\"meta\":{\"aperture\":false,\"credit\":false,\"camera\":false,\"caption\":\"080 Barcelona Spring-Summer 2016\",\"created_timestamp\":\"June 30, 2015 4:48 pm\",\"copyright\":\"\\u00c2\\u00a9 2015 Estrop-Barcelona PHOTOGRAPH FOR EDITORIAL USE ONLY\",\"focal_length\":false,\"iso\":false,\"shutter_speed\":false,\"flash\":false,\"title\":\"080 Barcelona Spring-Summer 2016\",\"keywords\":\"080 Barcelona,Estrop-Barcelona,Spring-Summer 2016\",\"width\":667,\"height\":1000,\"saved\":true,\"thumbnail\":{\"width\":220,\"height\":220,\"ewww_image_optimizer\":\"Reduced by 9.6% (3.7&nbsp;kB)\"},\"webview\":{\"0\":667,\"1\":1000,\"2\":2,\"3\":\"width=\\\"667\\\" height=\\\"1000\\\"\",\"bits\":8,\"channels\":3,\"mime\":\"image\\\/jpeg\",\"ewww_image_optimizer\":\"Reduced by 4.0% (5.6&nbsp;kB) - Previously Optimized\"},\"0\":false,\"ewww_image_optimizer\":\"Reduced by 3.6% (6.3&nbsp;kB)\",\"views\":\"1\",\"likes\":\"0\"},\"title\":\"080 Barcelona Spring-Summer 2016\",\"description\":\"<p>080 Barcelona Spring-Summer 2016<\\\/p>\",\"link\":null,\"link_target\":\"\",\"download\":\"https:\\\/\\\/bobvarela.com\\\/wp-content\\\/flagallery\\\/josep-abril-coleccion-ss2016n37\\\/josep_abril_027.jpg\",\"ratio\":0.6670000000000000373034936274052597582340240478515625},{\"id\":\"20383\",\"image\":\"https:\\\/\\\/bobvarela.com\\\/wp-content\\\/flagallery\\\/josep-abril-coleccion-ss2016n37\\\/webview\\\/josep_abril_028.jpg\",\"thumb\":\"https:\\\/\\\/bobvarela.com\\\/wp-content\\\/flagallery\\\/josep-abril-coleccion-ss2016n37\\\/thumbs\\\/thumbs_josep_abril_028.jpg\",\"file\":\"josep_abril_028.jpg\",\"meta\":{\"aperture\":false,\"credit\":false,\"camera\":false,\"caption\":\"080 Barcelona Spring-Summer 2016\",\"created_timestamp\":\"June 30, 2015 4:48 pm\",\"copyright\":\"\\u00c2\\u00a9 2015 Estrop-Barcelona PHOTOGRAPH FOR EDITORIAL USE ONLY\",\"focal_length\":false,\"iso\":false,\"shutter_speed\":false,\"flash\":false,\"title\":\"080 Barcelona Spring-Summer 2016\",\"keywords\":\"080 Barcelona,Estrop-Barcelona,Spring-Summer 2016\",\"width\":667,\"height\":1000,\"saved\":true,\"thumbnail\":{\"width\":220,\"height\":220,\"ewww_image_optimizer\":\"Reduced by 9.4% (2.6&nbsp;kB)\"},\"webview\":{\"0\":667,\"1\":1000,\"2\":2,\"3\":\"width=\\\"667\\\" height=\\\"1000\\\"\",\"bits\":8,\"channels\":3,\"mime\":\"image\\\/jpeg\",\"ewww_image_optimizer\":\"Reduced by 5.7% (5.1&nbsp;kB) - Previously Optimized\"},\"0\":false,\"ewww_image_optimizer\":\"Reduced by 6.5% (11.9&nbsp;kB)\",\"views\":\"0\",\"likes\":\"0\"},\"title\":\"080 Barcelona Spring-Summer 2016\",\"description\":\"<p>080 Barcelona Spring-Summer 2016<\\\/p>\",\"link\":null,\"link_target\":\"\",\"download\":\"https:\\\/\\\/bobvarela.com\\\/wp-content\\\/flagallery\\\/josep-abril-coleccion-ss2016n37\\\/josep_abril_028.jpg\",\"ratio\":0.6670000000000000373034936274052597582340240478515625},{\"id\":\"20384\",\"image\":\"https:\\\/\\\/bobvarela.com\\\/wp-content\\\/flagallery\\\/josep-abril-coleccion-ss2016n37\\\/webview\\\/josep_abril_029.jpg\",\"thumb\":\"https:\\\/\\\/bobvarela.com\\\/wp-content\\\/flagallery\\\/josep-abril-coleccion-ss2016n37\\\/thumbs\\\/thumbs_josep_abril_029.jpg\",\"file\":\"josep_abril_029.jpg\",\"meta\":{\"aperture\":false,\"credit\":false,\"camera\":false,\"caption\":\"080 Barcelona Spring-Summer 2016\",\"created_timestamp\":\"June 30, 2015 4:48 pm\",\"copyright\":\"\\u00c2\\u00a9 2015 Estrop-Barcelona PHOTOGRAPH FOR EDITORIAL USE ONLY\",\"focal_length\":false,\"iso\":false,\"shutter_speed\":false,\"flash\":false,\"title\":\"080 Barcelona Spring-Summer 2016\",\"keywords\":\"080 Barcelona,Estrop-Barcelona,Spring-Summer 2016\",\"width\":667,\"height\":1000,\"saved\":true,\"thumbnail\":{\"width\":220,\"height\":220,\"ewww_image_optimizer\":\"Reduced by 8.5% (2.8&nbsp;kB)\"},\"webview\":{\"0\":667,\"1\":1000,\"2\":2,\"3\":\"width=\\\"667\\\" height=\\\"1000\\\"\",\"bits\":8,\"channels\":3,\"mime\":\"image\\\/jpeg\",\"ewww_image_optimizer\":\"Reduced by 2.7% (3.5&nbsp;kB) - Previously Optimized\"},\"0\":false,\"ewww_image_optimizer\":\"Reduced by 4.9% (8.1&nbsp;kB)\",\"views\":\"1\",\"likes\":\"0\"},\"title\":\"080 Barcelona Spring-Summer 2016\",\"description\":\"<p>080 Barcelona Spring-Summer 2016<\\\/p>\",\"link\":null,\"link_target\":\"\",\"download\":\"https:\\\/\\\/bobvarela.com\\\/wp-content\\\/flagallery\\\/josep-abril-coleccion-ss2016n37\\\/josep_abril_029.jpg\",\"ratio\":0.6670000000000000373034936274052597582340240478515625},{\"id\":\"20385\",\"image\":\"https:\\\/\\\/bobvarela.com\\\/wp-content\\\/flagallery\\\/josep-abril-coleccion-ss2016n37\\\/webview\\\/josep_abril_030.jpg\",\"thumb\":\"https:\\\/\\\/bobvarela.com\\\/wp-content\\\/flagallery\\\/josep-abril-coleccion-ss2016n37\\\/thumbs\\\/thumbs_josep_abril_030.jpg\",\"file\":\"josep_abril_030.jpg\",\"meta\":{\"aperture\":false,\"credit\":false,\"camera\":false,\"caption\":\"080 Barcelona Spring-Summer 2016\",\"created_timestamp\":\"June 30, 2015 4:49 pm\",\"copyright\":\"\\u00c2\\u00a9 2015 Estrop-Barcelona PHOTOGRAPH FOR EDITORIAL USE ONLY\",\"focal_length\":false,\"iso\":false,\"shutter_speed\":false,\"flash\":false,\"title\":\"080 Barcelona Spring-Summer 2016\",\"keywords\":\"080 Barcelona,Estrop-Barcelona,Spring-Summer 2016\",\"width\":667,\"height\":1000,\"saved\":true,\"thumbnail\":{\"width\":220,\"height\":220,\"ewww_image_optimizer\":\"Reduced by 9.6% (2.6&nbsp;kB)\"},\"webview\":{\"0\":667,\"1\":1000,\"2\":2,\"3\":\"width=\\\"667\\\" height=\\\"1000\\\"\",\"bits\":8,\"channels\":3,\"mime\":\"image\\\/jpeg\",\"ewww_image_optimizer\":\"Reduced by 6.2% (4.6&nbsp;kB) - Previously Optimized\"},\"0\":false,\"ewww_image_optimizer\":\"Reduced by 5.3% (7.4&nbsp;kB)\",\"views\":\"1\",\"likes\":\"0\"},\"title\":\"080 Barcelona Spring-Summer 2016\",\"description\":\"<p>080 Barcelona Spring-Summer 2016<\\\/p>\",\"link\":null,\"link_target\":\"\",\"download\":\"https:\\\/\\\/bobvarela.com\\\/wp-content\\\/flagallery\\\/josep-abril-coleccion-ss2016n37\\\/josep_abril_030.jpg\",\"ratio\":0.6670000000000000373034936274052597582340240478515625},{\"id\":\"20386\",\"image\":\"https:\\\/\\\/bobvarela.com\\\/wp-content\\\/flagallery\\\/josep-abril-coleccion-ss2016n37\\\/webview\\\/josep_abril_031.jpg\",\"thumb\":\"https:\\\/\\\/bobvarela.com\\\/wp-content\\\/flagallery\\\/josep-abril-coleccion-ss2016n37\\\/thumbs\\\/thumbs_josep_abril_031.jpg\",\"file\":\"josep_abril_031.jpg\",\"meta\":{\"aperture\":false,\"credit\":false,\"camera\":false,\"caption\":\"080 Barcelona Spring-Summer 2016\",\"created_timestamp\":\"June 30, 2015 4:49 pm\",\"copyright\":\"\\u00c2\\u00a9 2015 Estrop-Barcelona PHOTOGRAPH FOR EDITORIAL USE ONLY\",\"focal_length\":false,\"iso\":false,\"shutter_speed\":false,\"flash\":false,\"title\":\"080 Barcelona Spring-Summer 2016\",\"keywords\":\"080 Barcelona,Estrop-Barcelona,Spring-Summer 2016\",\"width\":667,\"height\":1000,\"saved\":true,\"thumbnail\":{\"width\":220,\"height\":220,\"ewww_image_optimizer\":\"Reduced by 8.7% (2.8&nbsp;kB)\"},\"webview\":{\"0\":667,\"1\":1000,\"2\":2,\"3\":\"width=\\\"667\\\" height=\\\"1000\\\"\",\"bits\":8,\"channels\":3,\"mime\":\"image\\\/jpeg\",\"ewww_image_optimizer\":\"Reduced by 5.4% (7.1&nbsp;kB) - Previously Optimized\"},\"0\":false,\"ewww_image_optimizer\":\"Reduced by 4.8% (8.6&nbsp;kB)\",\"views\":\"1\",\"likes\":\"0\"},\"title\":\"080 Barcelona Spring-Summer 2016\",\"description\":\"<p>080 Barcelona Spring-Summer 2016<\\\/p>\",\"link\":null,\"link_target\":\"\",\"download\":\"https:\\\/\\\/bobvarela.com\\\/wp-content\\\/flagallery\\\/josep-abril-coleccion-ss2016n37\\\/josep_abril_031.jpg\",\"ratio\":0.6670000000000000373034936274052597582340240478515625},{\"id\":\"20387\",\"image\":\"https:\\\/\\\/bobvarela.com\\\/wp-content\\\/flagallery\\\/josep-abril-coleccion-ss2016n37\\\/webview\\\/josep_abril_032.jpg\",\"thumb\":\"https:\\\/\\\/bobvarela.com\\\/wp-content\\\/flagallery\\\/josep-abril-coleccion-ss2016n37\\\/thumbs\\\/thumbs_josep_abril_032.jpg\",\"file\":\"josep_abril_032.jpg\",\"meta\":{\"aperture\":false,\"credit\":false,\"camera\":false,\"caption\":\"080 Barcelona Spring-Summer 2016\",\"created_timestamp\":\"June 30, 2015 4:49 pm\",\"copyright\":\"\\u00c2\\u00a9 2015 Estrop-Barcelona PHOTOGRAPH FOR EDITORIAL USE ONLY\",\"focal_length\":false,\"iso\":false,\"shutter_speed\":false,\"flash\":false,\"title\":\"080 Barcelona Spring-Summer 2016\",\"keywords\":\"080 Barcelona,Estrop-Barcelona,Spring-Summer 2016\",\"width\":667,\"height\":1000,\"saved\":true,\"thumbnail\":{\"width\":220,\"height\":220,\"ewww_image_optimizer\":\"Reduced by 9.2% (3.2&nbsp;kB)\"},\"webview\":{\"0\":667,\"1\":1000,\"2\":2,\"3\":\"width=\\\"667\\\" height=\\\"1000\\\"\",\"bits\":8,\"channels\":3,\"mime\":\"image\\\/jpeg\",\"ewww_image_optimizer\":\"Reduced by 3.6% (5.3&nbsp;kB) - Previously Optimized\"},\"0\":false,\"ewww_image_optimizer\":\"Reduced by 6.3% (11.1&nbsp;kB)\",\"views\":\"0\",\"likes\":\"0\"},\"title\":\"080 Barcelona Spring-Summer 2016\",\"description\":\"<p>080 Barcelona Spring-Summer 2016<\\\/p>\",\"link\":null,\"link_target\":\"\",\"download\":\"https:\\\/\\\/bobvarela.com\\\/wp-content\\\/flagallery\\\/josep-abril-coleccion-ss2016n37\\\/josep_abril_032.jpg\",\"ratio\":0.6670000000000000373034936274052597582340240478515625},{\"id\":\"20388\",\"image\":\"https:\\\/\\\/bobvarela.com\\\/wp-content\\\/flagallery\\\/josep-abril-coleccion-ss2016n37\\\/webview\\\/josep_abril_033.jpg\",\"thumb\":\"https:\\\/\\\/bobvarela.com\\\/wp-content\\\/flagallery\\\/josep-abril-coleccion-ss2016n37\\\/thumbs\\\/thumbs_josep_abril_033.jpg\",\"file\":\"josep_abril_033.jpg\",\"meta\":{\"aperture\":false,\"credit\":false,\"camera\":false,\"caption\":\"080 Barcelona Spring-Summer 2016\",\"created_timestamp\":\"June 30, 2015 4:49 pm\",\"copyright\":\"\\u00c2\\u00a9 2015 Estrop-Barcelona PHOTOGRAPH FOR EDITORIAL USE ONLY\",\"focal_length\":false,\"iso\":false,\"shutter_speed\":false,\"flash\":false,\"title\":\"080 Barcelona Spring-Summer 2016\",\"keywords\":\"080 Barcelona,Estrop-Barcelona,Spring-Summer 2016\",\"width\":667,\"height\":1000,\"saved\":true,\"thumbnail\":{\"width\":220,\"height\":220,\"ewww_image_optimizer\":\"Reduced by 9.6% (2.7&nbsp;kB)\"},\"webview\":{\"0\":667,\"1\":1000,\"2\":2,\"3\":\"width=\\\"667\\\" height=\\\"1000\\\"\",\"bits\":8,\"channels\":3,\"mime\":\"image\\\/jpeg\",\"ewww_image_optimizer\":\"Reduced by 5.9% (4.4&nbsp;kB) - Previously Optimized\"},\"0\":false,\"ewww_image_optimizer\":\"Reduced by 5.4% (8.1&nbsp;kB)\",\"views\":\"1\",\"likes\":\"0\"},\"title\":\"080 Barcelona Spring-Summer 2016\",\"description\":\"<p>080 Barcelona Spring-Summer 2016<\\\/p>\",\"link\":null,\"link_target\":\"\",\"download\":\"https:\\\/\\\/bobvarela.com\\\/wp-content\\\/flagallery\\\/josep-abril-coleccion-ss2016n37\\\/josep_abril_033.jpg\",\"ratio\":0.6670000000000000373034936274052597582340240478515625},{\"id\":\"20389\",\"image\":\"https:\\\/\\\/bobvarela.com\\\/wp-content\\\/flagallery\\\/josep-abril-coleccion-ss2016n37\\\/webview\\\/josep_abril_034.jpg\",\"thumb\":\"https:\\\/\\\/bobvarela.com\\\/wp-content\\\/flagallery\\\/josep-abril-coleccion-ss2016n37\\\/thumbs\\\/thumbs_josep_abril_034.jpg\",\"file\":\"josep_abril_034.jpg\",\"meta\":{\"aperture\":false,\"credit\":false,\"camera\":false,\"caption\":\"080 Barcelona Spring-Summer 2016\",\"created_timestamp\":\"June 30, 2015 4:49 pm\",\"copyright\":\"\\u00c2\\u00a9 2015 Estrop-Barcelona PHOTOGRAPH FOR EDITORIAL USE ONLY\",\"focal_length\":false,\"iso\":false,\"shutter_speed\":false,\"flash\":false,\"title\":\"080 Barcelona Spring-Summer 2016\",\"keywords\":\"080 Barcelona,Estrop-Barcelona,Spring-Summer 2016\",\"width\":667,\"height\":1000,\"saved\":true,\"thumbnail\":{\"width\":220,\"height\":220,\"ewww_image_optimizer\":\"Reduced by 9.1% (3.2&nbsp;kB)\"},\"webview\":{\"0\":667,\"1\":1000,\"2\":2,\"3\":\"width=\\\"667\\\" height=\\\"1000\\\"\",\"bits\":8,\"channels\":3,\"mime\":\"image\\\/jpeg\",\"ewww_image_optimizer\":\"Reduced by 4.9% (6.1&nbsp;kB) - Previously Optimized\"},\"0\":false,\"ewww_image_optimizer\":\"Reduced by 4.3% (7.9&nbsp;kB)\",\"views\":\"0\",\"likes\":\"0\"},\"title\":\"080 Barcelona Spring-Summer 2016\",\"description\":\"<p>080 Barcelona Spring-Summer 2016<\\\/p>\",\"link\":null,\"link_target\":\"\",\"download\":\"https:\\\/\\\/bobvarela.com\\\/wp-content\\\/flagallery\\\/josep-abril-coleccion-ss2016n37\\\/josep_abril_034.jpg\",\"ratio\":0.6670000000000000373034936274052597582340240478515625},{\"id\":\"20390\",\"image\":\"https:\\\/\\\/bobvarela.com\\\/wp-content\\\/flagallery\\\/josep-abril-coleccion-ss2016n37\\\/webview\\\/josep_abril_035.jpg\",\"thumb\":\"https:\\\/\\\/bobvarela.com\\\/wp-content\\\/flagallery\\\/josep-abril-coleccion-ss2016n37\\\/thumbs\\\/thumbs_josep_abril_035.jpg\",\"file\":\"josep_abril_035.jpg\",\"meta\":{\"aperture\":false,\"credit\":false,\"camera\":false,\"caption\":\"080 Barcelona Spring-Summer 2016\",\"created_timestamp\":\"June 30, 2015 4:49 pm\",\"copyright\":\"\\u00c2\\u00a9 2015 Estrop-Barcelona PHOTOGRAPH FOR EDITORIAL USE ONLY\",\"focal_length\":false,\"iso\":false,\"shutter_speed\":false,\"flash\":false,\"title\":\"080 Barcelona Spring-Summer 2016\",\"keywords\":\"080 Barcelona,Estrop-Barcelona,Spring-Summer 2016\",\"width\":667,\"height\":1000,\"saved\":true,\"thumbnail\":{\"width\":220,\"height\":220,\"ewww_image_optimizer\":\"Reduced by 8.8% (2.8&nbsp;kB)\"},\"webview\":{\"0\":667,\"1\":1000,\"2\":2,\"3\":\"width=\\\"667\\\" height=\\\"1000\\\"\",\"bits\":8,\"channels\":3,\"mime\":\"image\\\/jpeg\",\"ewww_image_optimizer\":\"Reduced by 3.5% (3.4&nbsp;kB) - Previously Optimized\"},\"0\":false,\"ewww_image_optimizer\":\"Reduced by 4.1% (8.0&nbsp;kB)\",\"views\":\"1\",\"likes\":\"0\"},\"title\":\"080 Barcelona Spring-Summer 2016\",\"description\":\"<p>080 Barcelona Spring-Summer 2016<\\\/p>\",\"link\":null,\"link_target\":\"\",\"download\":\"https:\\\/\\\/bobvarela.com\\\/wp-content\\\/flagallery\\\/josep-abril-coleccion-ss2016n37\\\/josep_abril_035.jpg\",\"ratio\":0.6670000000000000373034936274052597582340240478515625},{\"id\":\"20391\",\"image\":\"https:\\\/\\\/bobvarela.com\\\/wp-content\\\/flagallery\\\/josep-abril-coleccion-ss2016n37\\\/webview\\\/josep_abril_036.jpg\",\"thumb\":\"https:\\\/\\\/bobvarela.com\\\/wp-content\\\/flagallery\\\/josep-abril-coleccion-ss2016n37\\\/thumbs\\\/thumbs_josep_abril_036.jpg\",\"file\":\"josep_abril_036.jpg\",\"meta\":{\"aperture\":false,\"credit\":false,\"camera\":false,\"caption\":\"080 Barcelona Spring-Summer 2016\",\"created_timestamp\":\"June 30, 2015 4:49 pm\",\"copyright\":\"\\u00c2\\u00a9 2015 Estrop-Barcelona PHOTOGRAPH FOR EDITORIAL USE ONLY\",\"focal_length\":false,\"iso\":false,\"shutter_speed\":false,\"flash\":false,\"title\":\"080 Barcelona Spring-Summer 2016\",\"keywords\":\"080 Barcelona,Estrop-Barcelona,Spring-Summer 2016\",\"width\":667,\"height\":1000,\"saved\":true,\"thumbnail\":{\"width\":220,\"height\":220,\"ewww_image_optimizer\":\"Reduced by 9.0% (3.7&nbsp;kB)\"},\"webview\":{\"0\":667,\"1\":1000,\"2\":2,\"3\":\"width=\\\"667\\\" height=\\\"1000\\\"\",\"bits\":8,\"channels\":3,\"mime\":\"image\\\/jpeg\",\"ewww_image_optimizer\":\"Reduced by 5.0% (8.2&nbsp;kB) - Previously Optimized\"},\"0\":false,\"ewww_image_optimizer\":\"Reduced by 5.5% (9.2&nbsp;kB)\",\"views\":\"0\",\"likes\":\"0\"},\"title\":\"080 Barcelona Spring-Summer 2016\",\"description\":\"<p>080 Barcelona Spring-Summer 2016<\\\/p>\",\"link\":null,\"link_target\":\"\",\"download\":\"https:\\\/\\\/bobvarela.com\\\/wp-content\\\/flagallery\\\/josep-abril-coleccion-ss2016n37\\\/josep_abril_036.jpg\",\"ratio\":0.6670000000000000373034936274052597582340240478515625},{\"id\":\"20392\",\"image\":\"https:\\\/\\\/bobvarela.com\\\/wp-content\\\/flagallery\\\/josep-abril-coleccion-ss2016n37\\\/webview\\\/josep_abril_037.jpg\",\"thumb\":\"https:\\\/\\\/bobvarela.com\\\/wp-content\\\/flagallery\\\/josep-abril-coleccion-ss2016n37\\\/thumbs\\\/thumbs_josep_abril_037.jpg\",\"file\":\"josep_abril_037.jpg\",\"meta\":{\"aperture\":false,\"credit\":false,\"camera\":false,\"caption\":\"080 Barcelona Spring-Summer 2016\",\"created_timestamp\":\"June 30, 2015 4:49 pm\",\"copyright\":\"\\u00c2\\u00a9 2015 Estrop-Barcelona PHOTOGRAPH FOR EDITORIAL USE ONLY\",\"focal_length\":false,\"iso\":false,\"shutter_speed\":false,\"flash\":false,\"title\":\"080 Barcelona Spring-Summer 2016\",\"keywords\":\"080 Barcelona,Estrop-Barcelona,Spring-Summer 2016\",\"width\":667,\"height\":1000,\"saved\":true,\"thumbnail\":{\"width\":220,\"height\":220,\"ewww_image_optimizer\":\"Reduced by 9.8% (2.5&nbsp;kB)\"},\"webview\":{\"0\":667,\"1\":1000,\"2\":2,\"3\":\"width=\\\"667\\\" height=\\\"1000\\\"\",\"bits\":8,\"channels\":3,\"mime\":\"image\\\/jpeg\",\"ewww_image_optimizer\":\"Reduced by 6.8% (4.7&nbsp;kB) - Previously Optimized\"},\"0\":false,\"ewww_image_optimizer\":\"Reduced by 6.0% (8.2&nbsp;kB)\",\"views\":\"0\",\"likes\":\"0\"},\"title\":\"080 Barcelona Spring-Summer 2016\",\"description\":\"<p>080 Barcelona Spring-Summer 2016<\\\/p>\",\"link\":null,\"link_target\":\"\",\"download\":\"https:\\\/\\\/bobvarela.com\\\/wp-content\\\/flagallery\\\/josep-abril-coleccion-ss2016n37\\\/josep_abril_037.jpg\",\"ratio\":0.6670000000000000373034936274052597582340240478515625},{\"id\":\"20393\",\"image\":\"https:\\\/\\\/bobvarela.com\\\/wp-content\\\/flagallery\\\/josep-abril-coleccion-ss2016n37\\\/webview\\\/josep_abril_038.jpg\",\"thumb\":\"https:\\\/\\\/bobvarela.com\\\/wp-content\\\/flagallery\\\/josep-abril-coleccion-ss2016n37\\\/thumbs\\\/thumbs_josep_abril_038.jpg\",\"file\":\"josep_abril_038.jpg\",\"meta\":{\"aperture\":false,\"credit\":false,\"camera\":false,\"caption\":\"080 Barcelona Spring-Summer 2016\",\"created_timestamp\":\"June 30, 2015 4:49 pm\",\"copyright\":\"\\u00c2\\u00a9 2015 Estrop-Barcelona PHOTOGRAPH FOR EDITORIAL USE ONLY\",\"focal_length\":false,\"iso\":false,\"shutter_speed\":false,\"flash\":false,\"title\":\"080 Barcelona Spring-Summer 2016\",\"keywords\":\"080 Barcelona,Estrop-Barcelona,Spring-Summer 2016\",\"width\":667,\"height\":1000,\"saved\":true,\"thumbnail\":{\"width\":220,\"height\":220,\"ewww_image_optimizer\":\"Reduced by 7.9% (2.6&nbsp;kB)\"},\"webview\":{\"0\":667,\"1\":1000,\"2\":2,\"3\":\"width=\\\"667\\\" height=\\\"1000\\\"\",\"bits\":8,\"channels\":3,\"mime\":\"image\\\/jpeg\",\"ewww_image_optimizer\":\"Reduced by 5.0% (6.2&nbsp;kB) - Previously Optimized\"},\"0\":false,\"ewww_image_optimizer\":\"Reduced by 4.2% (7.0&nbsp;kB)\",\"views\":\"0\",\"likes\":\"0\"},\"title\":\"080 Barcelona Spring-Summer 2016\",\"description\":\"<p>080 Barcelona Spring-Summer 2016<\\\/p>\",\"link\":null,\"link_target\":\"\",\"download\":\"https:\\\/\\\/bobvarela.com\\\/wp-content\\\/flagallery\\\/josep-abril-coleccion-ss2016n37\\\/josep_abril_038.jpg\",\"ratio\":0.6670000000000000373034936274052597582340240478515625},{\"id\":\"20394\",\"image\":\"https:\\\/\\\/bobvarela.com\\\/wp-content\\\/flagallery\\\/josep-abril-coleccion-ss2016n37\\\/webview\\\/josep_abril_039.jpg\",\"thumb\":\"https:\\\/\\\/bobvarela.com\\\/wp-content\\\/flagallery\\\/josep-abril-coleccion-ss2016n37\\\/thumbs\\\/thumbs_josep_abril_039.jpg\",\"file\":\"josep_abril_039.jpg\",\"meta\":{\"aperture\":false,\"credit\":false,\"camera\":false,\"caption\":\"080 Barcelona Spring-Summer 2016\",\"created_timestamp\":\"June 30, 2015 4:50 pm\",\"copyright\":\"\\u00c2\\u00a9 2015 Estrop-Barcelona PHOTOGRAPH FOR EDITORIAL USE ONLY\",\"focal_length\":false,\"iso\":false,\"shutter_speed\":false,\"flash\":false,\"title\":\"080 Barcelona Spring-Summer 2016\",\"keywords\":\"080 Barcelona,Estrop-Barcelona,Spring-Summer 2016\",\"width\":667,\"height\":1000,\"saved\":true,\"thumbnail\":{\"width\":220,\"height\":220,\"ewww_image_optimizer\":\"Reduced by 10.1% (2.8&nbsp;kB)\"},\"webview\":{\"0\":667,\"1\":1000,\"2\":2,\"3\":\"width=\\\"667\\\" height=\\\"1000\\\"\",\"bits\":8,\"channels\":3,\"mime\":\"image\\\/jpeg\",\"ewww_image_optimizer\":\"Reduced by 6.6% (4.4&nbsp;kB) - Previously Optimized\"},\"0\":false,\"ewww_image_optimizer\":\"Reduced by 6.2% (8.4&nbsp;kB)\",\"views\":\"1\",\"likes\":\"0\"},\"title\":\"080 Barcelona Spring-Summer 2016\",\"description\":\"<p>080 Barcelona Spring-Summer 2016<\\\/p>\",\"link\":null,\"link_target\":\"\",\"download\":\"https:\\\/\\\/bobvarela.com\\\/wp-content\\\/flagallery\\\/josep-abril-coleccion-ss2016n37\\\/josep_abril_039.jpg\",\"ratio\":0.6670000000000000373034936274052597582340240478515625},{\"id\":\"20395\",\"image\":\"https:\\\/\\\/bobvarela.com\\\/wp-content\\\/flagallery\\\/josep-abril-coleccion-ss2016n37\\\/webview\\\/josep_abril_040.jpg\",\"thumb\":\"https:\\\/\\\/bobvarela.com\\\/wp-content\\\/flagallery\\\/josep-abril-coleccion-ss2016n37\\\/thumbs\\\/thumbs_josep_abril_040.jpg\",\"file\":\"josep_abril_040.jpg\",\"meta\":{\"aperture\":false,\"credit\":false,\"camera\":false,\"caption\":\"080 Barcelona Spring-Summer 2016\",\"created_timestamp\":\"June 30, 2015 4:50 pm\",\"copyright\":\"\\u00c2\\u00a9 2015 Estrop-Barcelona PHOTOGRAPH FOR EDITORIAL USE ONLY\",\"focal_length\":false,\"iso\":false,\"shutter_speed\":false,\"flash\":false,\"title\":\"080 Barcelona Spring-Summer 2016\",\"keywords\":\"080 Barcelona,Estrop-Barcelona,Spring-Summer 2016\",\"width\":667,\"height\":1000,\"saved\":true,\"thumbnail\":{\"width\":220,\"height\":220,\"ewww_image_optimizer\":\"Reduced by 8.5% (2.8&nbsp;kB)\"},\"webview\":{\"0\":667,\"1\":1000,\"2\":2,\"3\":\"width=\\\"667\\\" height=\\\"1000\\\"\",\"bits\":8,\"channels\":3,\"mime\":\"image\\\/jpeg\",\"ewww_image_optimizer\":\"Reduced by 4.2% (5.8&nbsp;kB) - Previously Optimized\"},\"0\":false,\"ewww_image_optimizer\":\"Reduced by 3.8% (7.1&nbsp;kB)\",\"views\":\"0\",\"likes\":\"0\"},\"title\":\"080 Barcelona Spring-Summer 2016\",\"description\":\"<p>080 Barcelona Spring-Summer 2016<\\\/p>\",\"link\":null,\"link_target\":\"\",\"download\":\"https:\\\/\\\/bobvarela.com\\\/wp-content\\\/flagallery\\\/josep-abril-coleccion-ss2016n37\\\/josep_abril_040.jpg\",\"ratio\":0.6670000000000000373034936274052597582340240478515625},{\"id\":\"20396\",\"image\":\"https:\\\/\\\/bobvarela.com\\\/wp-content\\\/flagallery\\\/josep-abril-coleccion-ss2016n37\\\/webview\\\/josep_abril_041.jpg\",\"thumb\":\"https:\\\/\\\/bobvarela.com\\\/wp-content\\\/flagallery\\\/josep-abril-coleccion-ss2016n37\\\/thumbs\\\/thumbs_josep_abril_041.jpg\",\"file\":\"josep_abril_041.jpg\",\"meta\":{\"aperture\":false,\"credit\":false,\"camera\":false,\"caption\":\"080 Barcelona Spring-Summer 2016\",\"created_timestamp\":\"June 30, 2015 4:50 pm\",\"copyright\":\"\\u00c2\\u00a9 2015 Estrop-Barcelona PHOTOGRAPH FOR EDITORIAL USE ONLY\",\"focal_length\":false,\"iso\":false,\"shutter_speed\":false,\"flash\":false,\"title\":\"080 Barcelona Spring-Summer 2016\",\"keywords\":\"080 Barcelona,Estrop-Barcelona,Spring-Summer 2016\",\"width\":667,\"height\":1000,\"saved\":true,\"thumbnail\":{\"width\":220,\"height\":220,\"ewww_image_optimizer\":\"Reduced by 9.8% (2.7&nbsp;kB)\"},\"webview\":{\"0\":667,\"1\":1000,\"2\":2,\"3\":\"width=\\\"667\\\" height=\\\"1000\\\"\",\"bits\":8,\"channels\":3,\"mime\":\"image\\\/jpeg\",\"ewww_image_optimizer\":\"Reduced by 7.3% (5.6&nbsp;kB) - Previously Optimized\"},\"0\":false,\"ewww_image_optimizer\":\"Reduced by 6.1% (9.2&nbsp;kB)\",\"views\":\"1\",\"likes\":\"0\"},\"title\":\"080 Barcelona Spring-Summer 2016\",\"description\":\"<p>080 Barcelona Spring-Summer 2016<\\\/p>\",\"link\":null,\"link_target\":\"\",\"download\":\"https:\\\/\\\/bobvarela.com\\\/wp-content\\\/flagallery\\\/josep-abril-coleccion-ss2016n37\\\/josep_abril_041.jpg\",\"ratio\":0.6670000000000000373034936274052597582340240478515625},{\"id\":\"20397\",\"image\":\"https:\\\/\\\/bobvarela.com\\\/wp-content\\\/flagallery\\\/josep-abril-coleccion-ss2016n37\\\/webview\\\/josep_abril_042.jpg\",\"thumb\":\"https:\\\/\\\/bobvarela.com\\\/wp-content\\\/flagallery\\\/josep-abril-coleccion-ss2016n37\\\/thumbs\\\/thumbs_josep_abril_042.jpg\",\"file\":\"josep_abril_042.jpg\",\"meta\":{\"aperture\":false,\"credit\":false,\"camera\":false,\"caption\":\"080 Barcelona Spring-Summer 2016\",\"created_timestamp\":\"June 30, 2015 4:50 pm\",\"copyright\":\"\\u00c2\\u00a9 2015 Estrop-Barcelona PHOTOGRAPH FOR EDITORIAL USE ONLY\",\"focal_length\":false,\"iso\":false,\"shutter_speed\":false,\"flash\":false,\"title\":\"080 Barcelona Spring-Summer 2016\",\"keywords\":\"080 Barcelona,Estrop-Barcelona,Spring-Summer 2016\",\"width\":667,\"height\":1000,\"saved\":true,\"thumbnail\":{\"width\":220,\"height\":220,\"ewww_image_optimizer\":\"Reduced by 9.1% (3.0&nbsp;kB)\"},\"webview\":{\"0\":667,\"1\":1000,\"2\":2,\"3\":\"width=\\\"667\\\" height=\\\"1000\\\"\",\"bits\":8,\"channels\":3,\"mime\":\"image\\\/jpeg\",\"ewww_image_optimizer\":\"Reduced by 5.8% (6.0&nbsp;kB) - Previously Optimized\"},\"0\":false,\"ewww_image_optimizer\":\"Reduced by 4.5% (8.8&nbsp;kB)\",\"views\":\"0\",\"likes\":\"0\"},\"title\":\"080 Barcelona Spring-Summer 2016\",\"description\":\"<p>080 Barcelona Spring-Summer 2016<\\\/p>\",\"link\":null,\"link_target\":\"\",\"download\":\"https:\\\/\\\/bobvarela.com\\\/wp-content\\\/flagallery\\\/josep-abril-coleccion-ss2016n37\\\/josep_abril_042.jpg\",\"ratio\":0.6670000000000000373034936274052597582340240478515625},{\"id\":\"20398\",\"image\":\"https:\\\/\\\/bobvarela.com\\\/wp-content\\\/flagallery\\\/josep-abril-coleccion-ss2016n37\\\/webview\\\/josep_abril_043.jpg\",\"thumb\":\"https:\\\/\\\/bobvarela.com\\\/wp-content\\\/flagallery\\\/josep-abril-coleccion-ss2016n37\\\/thumbs\\\/thumbs_josep_abril_043.jpg\",\"file\":\"josep_abril_043.jpg\",\"meta\":{\"aperture\":false,\"credit\":false,\"camera\":false,\"caption\":\"080 Barcelona Spring-Summer 2016\",\"created_timestamp\":\"June 30, 2015 4:50 pm\",\"copyright\":\"\\u00c2\\u00a9 2015 Estrop-Barcelona PHOTOGRAPH FOR EDITORIAL USE ONLY\",\"focal_length\":false,\"iso\":false,\"shutter_speed\":false,\"flash\":false,\"title\":\"080 Barcelona Spring-Summer 2016\",\"keywords\":\"080 Barcelona,Estrop-Barcelona,Spring-Summer 2016\",\"width\":667,\"height\":1000,\"saved\":true,\"thumbnail\":{\"width\":220,\"height\":220,\"ewww_image_optimizer\":\"Reduced by 10.5% (2.9&nbsp;kB)\"},\"webview\":{\"0\":667,\"1\":1000,\"2\":2,\"3\":\"width=\\\"667\\\" height=\\\"1000\\\"\",\"bits\":8,\"channels\":3,\"mime\":\"image\\\/jpeg\",\"ewww_image_optimizer\":\"Reduced by 6.6% (5.5&nbsp;kB) - Previously Optimized\"},\"0\":false,\"ewww_image_optimizer\":\"Reduced by 6.2% (9.5&nbsp;kB)\",\"views\":\"0\",\"likes\":\"0\"},\"title\":\"080 Barcelona Spring-Summer 2016\",\"description\":\"<p>080 Barcelona Spring-Summer 2016<\\\/p>\",\"link\":null,\"link_target\":\"\",\"download\":\"https:\\\/\\\/bobvarela.com\\\/wp-content\\\/flagallery\\\/josep-abril-coleccion-ss2016n37\\\/josep_abril_043.jpg\",\"ratio\":0.6670000000000000373034936274052597582340240478515625},{\"id\":\"20399\",\"image\":\"https:\\\/\\\/bobvarela.com\\\/wp-content\\\/flagallery\\\/josep-abril-coleccion-ss2016n37\\\/webview\\\/josep_abril_044.jpg\",\"thumb\":\"https:\\\/\\\/bobvarela.com\\\/wp-content\\\/flagallery\\\/josep-abril-coleccion-ss2016n37\\\/thumbs\\\/thumbs_josep_abril_044.jpg\",\"file\":\"josep_abril_044.jpg\",\"meta\":{\"aperture\":false,\"credit\":false,\"camera\":false,\"caption\":\"080 Barcelona Spring-Summer 2016\",\"created_timestamp\":\"June 30, 2015 4:50 pm\",\"copyright\":\"\\u00c2\\u00a9 2015 Estrop-Barcelona PHOTOGRAPH FOR EDITORIAL USE ONLY\",\"focal_length\":false,\"iso\":false,\"shutter_speed\":false,\"flash\":false,\"title\":\"080 Barcelona Spring-Summer 2016\",\"keywords\":\"080 Barcelona,Estrop-Barcelona,Spring-Summer 2016\",\"width\":667,\"height\":1000,\"saved\":true,\"thumbnail\":{\"width\":220,\"height\":220,\"ewww_image_optimizer\":\"Reduced by 9.7% (3.3&nbsp;kB)\"},\"webview\":{\"0\":667,\"1\":1000,\"2\":2,\"3\":\"width=\\\"667\\\" height=\\\"1000\\\"\",\"bits\":8,\"channels\":3,\"mime\":\"image\\\/jpeg\",\"ewww_image_optimizer\":\"Reduced by 4.2% (7.1&nbsp;kB) - Previously Optimized\"},\"0\":false,\"ewww_image_optimizer\":\"Reduced by 7.4% (13.5&nbsp;kB)\",\"views\":\"1\",\"likes\":\"0\"},\"title\":\"080 Barcelona Spring-Summer 2016\",\"description\":\"<p>080 Barcelona Spring-Summer 2016<\\\/p>\",\"link\":null,\"link_target\":\"\",\"download\":\"https:\\\/\\\/bobvarela.com\\\/wp-content\\\/flagallery\\\/josep-abril-coleccion-ss2016n37\\\/josep_abril_044.jpg\",\"ratio\":0.6670000000000000373034936274052597582340240478515625},{\"id\":\"20400\",\"image\":\"https:\\\/\\\/bobvarela.com\\\/wp-content\\\/flagallery\\\/josep-abril-coleccion-ss2016n37\\\/webview\\\/josep_abril_046.jpg\",\"thumb\":\"https:\\\/\\\/bobvarela.com\\\/wp-content\\\/flagallery\\\/josep-abril-coleccion-ss2016n37\\\/thumbs\\\/thumbs_josep_abril_046.jpg\",\"file\":\"josep_abril_046.jpg\",\"meta\":{\"aperture\":false,\"credit\":false,\"camera\":false,\"caption\":\"080 Barcelona Spring-Summer 2016\",\"created_timestamp\":\"June 30, 2015 4:50 pm\",\"copyright\":\"\\u00c2\\u00a9 2015 Estrop-Barcelona PHOTOGRAPH FOR EDITORIAL USE ONLY\",\"focal_length\":false,\"iso\":false,\"shutter_speed\":false,\"flash\":false,\"title\":\"080 Barcelona Spring-Summer 2016\",\"keywords\":\"080 Barcelona,Estrop-Barcelona,Spring-Summer 2016\",\"width\":667,\"height\":1000,\"saved\":true,\"thumbnail\":{\"width\":220,\"height\":220,\"ewww_image_optimizer\":\"Reduced by 9.6% (2.6&nbsp;kB)\"},\"webview\":{\"0\":667,\"1\":1000,\"2\":2,\"3\":\"width=\\\"667\\\" height=\\\"1000\\\"\",\"bits\":8,\"channels\":3,\"mime\":\"image\\\/jpeg\",\"ewww_image_optimizer\":\"Reduced by 6.9% (5.7&nbsp;kB) - Previously Optimized\"},\"0\":false,\"ewww_image_optimizer\":\"Reduced by 5.8% (8.9&nbsp;kB)\",\"views\":\"1\",\"likes\":\"0\"},\"title\":\"080 Barcelona Spring-Summer 2016\",\"description\":\"<p>080 Barcelona Spring-Summer 2016<\\\/p>\",\"link\":null,\"link_target\":\"\",\"download\":\"https:\\\/\\\/bobvarela.com\\\/wp-content\\\/flagallery\\\/josep-abril-coleccion-ss2016n37\\\/josep_abril_046.jpg\",\"ratio\":0.6670000000000000373034936274052597582340240478515625},{\"id\":\"20401\",\"image\":\"https:\\\/\\\/bobvarela.com\\\/wp-content\\\/flagallery\\\/josep-abril-coleccion-ss2016n37\\\/webview\\\/josep_abril_047.jpg\",\"thumb\":\"https:\\\/\\\/bobvarela.com\\\/wp-content\\\/flagallery\\\/josep-abril-coleccion-ss2016n37\\\/thumbs\\\/thumbs_josep_abril_047.jpg\",\"file\":\"josep_abril_047.jpg\",\"meta\":{\"aperture\":false,\"credit\":false,\"camera\":false,\"caption\":\"080 Barcelona Spring-Summer 2016\",\"created_timestamp\":\"June 30, 2015 4:50 pm\",\"copyright\":\"\\u00c2\\u00a9 2015 Estrop-Barcelona PHOTOGRAPH FOR EDITORIAL USE ONLY\",\"focal_length\":false,\"iso\":false,\"shutter_speed\":false,\"flash\":false,\"title\":\"080 Barcelona Spring-Summer 2016\",\"keywords\":\"080 Barcelona,Estrop-Barcelona,Spring-Summer 2016\",\"width\":667,\"height\":1000,\"saved\":true,\"thumbnail\":{\"width\":220,\"height\":220,\"ewww_image_optimizer\":\"Reduced by 8.3% (2.7&nbsp;kB)\"},\"webview\":{\"0\":667,\"1\":1000,\"2\":2,\"3\":\"width=\\\"667\\\" height=\\\"1000\\\"\",\"bits\":8,\"channels\":3,\"mime\":\"image\\\/jpeg\",\"ewww_image_optimizer\":\"Reduced by 4.5% (7.2&nbsp;kB) - Previously Optimized\"},\"0\":false,\"ewww_image_optimizer\":\"Reduced by 7.5% (13.0&nbsp;kB)\",\"views\":\"0\",\"likes\":\"0\"},\"title\":\"080 Barcelona Spring-Summer 2016\",\"description\":\"<p>080 Barcelona Spring-Summer 2016<\\\/p>\",\"link\":null,\"link_target\":\"\",\"download\":\"https:\\\/\\\/bobvarela.com\\\/wp-content\\\/flagallery\\\/josep-abril-coleccion-ss2016n37\\\/josep_abril_047.jpg\",\"ratio\":0.6670000000000000373034936274052597582340240478515625},{\"id\":\"20402\",\"image\":\"https:\\\/\\\/bobvarela.com\\\/wp-content\\\/flagallery\\\/josep-abril-coleccion-ss2016n37\\\/webview\\\/josep_abril_048.jpg\",\"thumb\":\"https:\\\/\\\/bobvarela.com\\\/wp-content\\\/flagallery\\\/josep-abril-coleccion-ss2016n37\\\/thumbs\\\/thumbs_josep_abril_048.jpg\",\"file\":\"josep_abril_048.jpg\",\"meta\":{\"aperture\":false,\"credit\":false,\"camera\":false,\"caption\":\"080 Barcelona Spring-Summer 2016\",\"created_timestamp\":\"June 30, 2015 4:51 pm\",\"copyright\":\"\\u00c2\\u00a9 2015 Estrop-Barcelona PHOTOGRAPH FOR EDITORIAL USE ONLY\",\"focal_length\":false,\"iso\":false,\"shutter_speed\":false,\"flash\":false,\"title\":\"080 Barcelona Spring-Summer 2016\",\"keywords\":\"080 Barcelona,Estrop-Barcelona,Spring-Summer 2016\",\"width\":667,\"height\":1000,\"saved\":true,\"thumbnail\":{\"width\":220,\"height\":220,\"ewww_image_optimizer\":\"Reduced by 10.1% (2.8&nbsp;kB)\"},\"webview\":{\"0\":667,\"1\":1000,\"2\":2,\"3\":\"width=\\\"667\\\" height=\\\"1000\\\"\",\"bits\":8,\"channels\":3,\"mime\":\"image\\\/jpeg\",\"ewww_image_optimizer\":\"Reduced by 6.2% (4.8&nbsp;kB) - Previously Optimized\"},\"0\":false,\"ewww_image_optimizer\":\"Reduced by 5.8% (8.7&nbsp;kB)\",\"views\":\"2\",\"likes\":\"0\"},\"title\":\"080 Barcelona Spring-Summer 2016\",\"description\":\"<p>080 Barcelona Spring-Summer 2016<\\\/p>\",\"link\":null,\"link_target\":\"\",\"download\":\"https:\\\/\\\/bobvarela.com\\\/wp-content\\\/flagallery\\\/josep-abril-coleccion-ss2016n37\\\/josep_abril_048.jpg\",\"ratio\":0.6670000000000000373034936274052597582340240478515625},{\"id\":\"20403\",\"image\":\"https:\\\/\\\/bobvarela.com\\\/wp-content\\\/flagallery\\\/josep-abril-coleccion-ss2016n37\\\/webview\\\/josep_abril_049.jpg\",\"thumb\":\"https:\\\/\\\/bobvarela.com\\\/wp-content\\\/flagallery\\\/josep-abril-coleccion-ss2016n37\\\/thumbs\\\/thumbs_josep_abril_049.jpg\",\"file\":\"josep_abril_049.jpg\",\"meta\":{\"aperture\":false,\"credit\":false,\"camera\":false,\"caption\":\"080 Barcelona Spring-Summer 2016\",\"created_timestamp\":\"June 30, 2015 4:51 pm\",\"copyright\":\"\\u00c2\\u00a9 2015 Estrop-Barcelona PHOTOGRAPH FOR EDITORIAL USE ONLY\",\"focal_length\":false,\"iso\":false,\"shutter_speed\":false,\"flash\":false,\"title\":\"080 Barcelona Spring-Summer 2016\",\"keywords\":\"080 Barcelona,Estrop-Barcelona,Spring-Summer 2016\",\"width\":667,\"height\":1000,\"saved\":true,\"thumbnail\":{\"width\":220,\"height\":220,\"ewww_image_optimizer\":\"Reduced by 9.7% (3.5&nbsp;kB)\"},\"webview\":{\"0\":667,\"1\":1000,\"2\":2,\"3\":\"width=\\\"667\\\" height=\\\"1000\\\"\",\"bits\":8,\"channels\":3,\"mime\":\"image\\\/jpeg\",\"ewww_image_optimizer\":\"Reduced by 3.4% (4.9&nbsp;kB) - Previously Optimized\"},\"0\":false,\"ewww_image_optimizer\":\"Reduced by 6.4% (11.0&nbsp;kB)\",\"views\":\"0\",\"likes\":\"0\"},\"title\":\"080 Barcelona Spring-Summer 2016\",\"description\":\"<p>080 Barcelona Spring-Summer 2016<\\\/p>\",\"link\":null,\"link_target\":\"\",\"download\":\"https:\\\/\\\/bobvarela.com\\\/wp-content\\\/flagallery\\\/josep-abril-coleccion-ss2016n37\\\/josep_abril_049.jpg\",\"ratio\":0.6670000000000000373034936274052597582340240478515625},{\"id\":\"20404\",\"image\":\"https:\\\/\\\/bobvarela.com\\\/wp-content\\\/flagallery\\\/josep-abril-coleccion-ss2016n37\\\/webview\\\/josep_abril_050.jpg\",\"thumb\":\"https:\\\/\\\/bobvarela.com\\\/wp-content\\\/flagallery\\\/josep-abril-coleccion-ss2016n37\\\/thumbs\\\/thumbs_josep_abril_050.jpg\",\"file\":\"josep_abril_050.jpg\",\"meta\":{\"aperture\":false,\"credit\":false,\"camera\":false,\"caption\":\"080 Barcelona Spring-Summer 2016\",\"created_timestamp\":\"June 30, 2015 4:51 pm\",\"copyright\":\"\\u00c2\\u00a9 2015 Estrop-Barcelona PHOTOGRAPH FOR EDITORIAL USE ONLY\",\"focal_length\":false,\"iso\":false,\"shutter_speed\":false,\"flash\":false,\"title\":\"080 Barcelona Spring-Summer 2016\",\"keywords\":\"080 Barcelona,Estrop-Barcelona,Spring-Summer 2016\",\"width\":667,\"height\":1000,\"saved\":true,\"thumbnail\":{\"width\":220,\"height\":220,\"ewww_image_optimizer\":\"Reduced by 9.2% (2.7&nbsp;kB)\"},\"webview\":{\"0\":667,\"1\":1000,\"2\":2,\"3\":\"width=\\\"667\\\" height=\\\"1000\\\"\",\"bits\":8,\"channels\":3,\"mime\":\"image\\\/jpeg\",\"ewww_image_optimizer\":\"Reduced by 5.3% (5.1&nbsp;kB) - Previously Optimized\"},\"0\":false,\"ewww_image_optimizer\":\"Reduced by 5.0% (9.4&nbsp;kB)\",\"views\":\"0\",\"likes\":\"0\"},\"title\":\"080 Barcelona Spring-Summer 2016\",\"description\":\"<p>080 Barcelona Spring-Summer 2016<\\\/p>\",\"link\":null,\"link_target\":\"\",\"download\":\"https:\\\/\\\/bobvarela.com\\\/wp-content\\\/flagallery\\\/josep-abril-coleccion-ss2016n37\\\/josep_abril_050.jpg\",\"ratio\":0.6670000000000000373034936274052597582340240478515625},{\"id\":\"20405\",\"image\":\"https:\\\/\\\/bobvarela.com\\\/wp-content\\\/flagallery\\\/josep-abril-coleccion-ss2016n37\\\/webview\\\/josep_abril_051.jpg\",\"thumb\":\"https:\\\/\\\/bobvarela.com\\\/wp-content\\\/flagallery\\\/josep-abril-coleccion-ss2016n37\\\/thumbs\\\/thumbs_josep_abril_051.jpg\",\"file\":\"josep_abril_051.jpg\",\"meta\":{\"aperture\":false,\"credit\":false,\"camera\":false,\"caption\":\"080 Barcelona Spring-Summer 2016\",\"created_timestamp\":\"June 30, 2015 4:51 pm\",\"copyright\":\"\\u00c2\\u00a9 2015 Estrop-Barcelona PHOTOGRAPH FOR EDITORIAL USE ONLY\",\"focal_length\":false,\"iso\":false,\"shutter_speed\":false,\"flash\":false,\"title\":\"080 Barcelona Spring-Summer 2016\",\"keywords\":\"080 Barcelona,Estrop-Barcelona,Spring-Summer 2016\",\"width\":667,\"height\":1000,\"saved\":true,\"thumbnail\":{\"width\":220,\"height\":220,\"ewww_image_optimizer\":\"Reduced by 10.3% (3.0&nbsp;kB)\"},\"webview\":{\"0\":667,\"1\":1000,\"2\":2,\"3\":\"width=\\\"667\\\" height=\\\"1000\\\"\",\"bits\":8,\"channels\":3,\"mime\":\"image\\\/jpeg\",\"ewww_image_optimizer\":\"Reduced by 5.5% (4.5&nbsp;kB) - Previously Optimized\"},\"0\":false,\"ewww_image_optimizer\":\"Reduced by 5.2% (7.8&nbsp;kB)\",\"views\":\"0\",\"likes\":\"0\"},\"title\":\"080 Barcelona Spring-Summer 2016\",\"description\":\"<p>080 Barcelona Spring-Summer 2016<\\\/p>\",\"link\":null,\"link_target\":\"\",\"download\":\"https:\\\/\\\/bobvarela.com\\\/wp-content\\\/flagallery\\\/josep-abril-coleccion-ss2016n37\\\/josep_abril_051.jpg\",\"ratio\":0.6670000000000000373034936274052597582340240478515625},{\"id\":\"20406\",\"image\":\"https:\\\/\\\/bobvarela.com\\\/wp-content\\\/flagallery\\\/josep-abril-coleccion-ss2016n37\\\/webview\\\/josep_abril_052.jpg\",\"thumb\":\"https:\\\/\\\/bobvarela.com\\\/wp-content\\\/flagallery\\\/josep-abril-coleccion-ss2016n37\\\/thumbs\\\/thumbs_josep_abril_052.jpg\",\"file\":\"josep_abril_052.jpg\",\"meta\":{\"aperture\":false,\"credit\":false,\"camera\":false,\"caption\":\"080 Barcelona Spring-Summer 2016\",\"created_timestamp\":\"June 30, 2015 4:51 pm\",\"copyright\":\"\\u00c2\\u00a9 2015 Estrop-Barcelona PHOTOGRAPH FOR EDITORIAL USE ONLY\",\"focal_length\":false,\"iso\":false,\"shutter_speed\":false,\"flash\":false,\"title\":\"080 Barcelona Spring-Summer 2016\",\"keywords\":\"080 Barcelona,Estrop-Barcelona,Spring-Summer 2016\",\"width\":667,\"height\":1000,\"saved\":true,\"thumbnail\":{\"width\":220,\"height\":220,\"ewww_image_optimizer\":\"Reduced by 10.3% (2.8&nbsp;kB)\"},\"webview\":{\"0\":667,\"1\":1000,\"2\":2,\"3\":\"width=\\\"667\\\" height=\\\"1000\\\"\",\"bits\":8,\"channels\":3,\"mime\":\"image\\\/jpeg\",\"ewww_image_optimizer\":\"Reduced by 6.1% (3.9&nbsp;kB) - Previously Optimized\"},\"0\":false,\"ewww_image_optimizer\":\"Reduced by 6.5% (8.5&nbsp;kB)\",\"views\":\"1\",\"likes\":\"0\"},\"title\":\"080 Barcelona Spring-Summer 2016\",\"description\":\"<p>080 Barcelona Spring-Summer 2016<\\\/p>\",\"link\":null,\"link_target\":\"\",\"download\":\"https:\\\/\\\/bobvarela.com\\\/wp-content\\\/flagallery\\\/josep-abril-coleccion-ss2016n37\\\/josep_abril_052.jpg\",\"ratio\":0.6670000000000000373034936274052597582340240478515625},{\"id\":\"20407\",\"image\":\"https:\\\/\\\/bobvarela.com\\\/wp-content\\\/flagallery\\\/josep-abril-coleccion-ss2016n37\\\/webview\\\/josep_abril_053.jpg\",\"thumb\":\"https:\\\/\\\/bobvarela.com\\\/wp-content\\\/flagallery\\\/josep-abril-coleccion-ss2016n37\\\/thumbs\\\/thumbs_josep_abril_053.jpg\",\"file\":\"josep_abril_053.jpg\",\"meta\":{\"aperture\":false,\"credit\":false,\"camera\":false,\"caption\":\"080 Barcelona Spring-Summer 2016\",\"created_timestamp\":\"June 30, 2015 4:51 pm\",\"copyright\":\"\\u00c2\\u00a9 2015 Estrop-Barcelona PHOTOGRAPH FOR EDITORIAL USE ONLY\",\"focal_length\":false,\"iso\":false,\"shutter_speed\":false,\"flash\":false,\"title\":\"080 Barcelona Spring-Summer 2016\",\"keywords\":\"080 Barcelona,Estrop-Barcelona,Spring-Summer 2016\",\"width\":667,\"height\":1000,\"saved\":true,\"thumbnail\":{\"width\":220,\"height\":220,\"ewww_image_optimizer\":\"Reduced by 8.4% (2.8&nbsp;kB)\"},\"webview\":{\"0\":667,\"1\":1000,\"2\":2,\"3\":\"width=\\\"667\\\" height=\\\"1000\\\"\",\"bits\":8,\"channels\":3,\"mime\":\"image\\\/jpeg\",\"ewww_image_optimizer\":\"Reduced by 6.2% (7.8&nbsp;kB) - Previously Optimized\"},\"0\":false,\"ewww_image_optimizer\":\"Reduced by 4.3% (7.3&nbsp;kB)\",\"views\":\"1\",\"likes\":\"0\"},\"title\":\"080 Barcelona Spring-Summer 2016\",\"description\":\"<p>080 Barcelona Spring-Summer 2016<\\\/p>\",\"link\":null,\"link_target\":\"\",\"download\":\"https:\\\/\\\/bobvarela.com\\\/wp-content\\\/flagallery\\\/josep-abril-coleccion-ss2016n37\\\/josep_abril_053.jpg\",\"ratio\":0.6670000000000000373034936274052597582340240478515625},{\"id\":\"20408\",\"image\":\"https:\\\/\\\/bobvarela.com\\\/wp-content\\\/flagallery\\\/josep-abril-coleccion-ss2016n37\\\/webview\\\/josep_abril_054.jpg\",\"thumb\":\"https:\\\/\\\/bobvarela.com\\\/wp-content\\\/flagallery\\\/josep-abril-coleccion-ss2016n37\\\/thumbs\\\/thumbs_josep_abril_054.jpg\",\"file\":\"josep_abril_054.jpg\",\"meta\":{\"aperture\":false,\"credit\":false,\"camera\":false,\"caption\":\"080 Barcelona Spring-Summer 2016\",\"created_timestamp\":\"June 30, 2015 4:51 pm\",\"copyright\":\"\\u00c2\\u00a9 2015 Estrop-Barcelona PHOTOGRAPH FOR EDITORIAL USE ONLY\",\"focal_length\":false,\"iso\":false,\"shutter_speed\":false,\"flash\":false,\"title\":\"080 Barcelona Spring-Summer 2016\",\"keywords\":\"080 Barcelona,Estrop-Barcelona,Spring-Summer 2016\",\"width\":667,\"height\":1000,\"saved\":true,\"thumbnail\":{\"width\":220,\"height\":220,\"ewww_image_optimizer\":\"Reduced by 10.8% (2.7&nbsp;kB)\"},\"webview\":{\"0\":667,\"1\":1000,\"2\":2,\"3\":\"width=\\\"667\\\" height=\\\"1000\\\"\",\"bits\":8,\"channels\":3,\"mime\":\"image\\\/jpeg\",\"ewww_image_optimizer\":\"Reduced by 6.6% (3.2&nbsp;kB) - Previously Optimized\"},\"0\":false,\"ewww_image_optimizer\":\"Reduced by 10.7% (19.9&nbsp;kB)\",\"views\":\"1\",\"likes\":\"0\"},\"title\":\"080 Barcelona Spring-Summer 2016\",\"description\":\"<p>080 Barcelona Spring-Summer 2016<\\\/p>\",\"link\":null,\"link_target\":\"\",\"download\":\"https:\\\/\\\/bobvarela.com\\\/wp-content\\\/flagallery\\\/josep-abril-coleccion-ss2016n37\\\/josep_abril_054.jpg\",\"ratio\":0.6670000000000000373034936274052597582340240478515625},{\"id\":\"20409\",\"image\":\"https:\\\/\\\/bobvarela.com\\\/wp-content\\\/flagallery\\\/josep-abril-coleccion-ss2016n37\\\/webview\\\/josep_abril_055.jpg\",\"thumb\":\"https:\\\/\\\/bobvarela.com\\\/wp-content\\\/flagallery\\\/josep-abril-coleccion-ss2016n37\\\/thumbs\\\/thumbs_josep_abril_055.jpg\",\"file\":\"josep_abril_055.jpg\",\"meta\":{\"aperture\":false,\"credit\":false,\"camera\":false,\"caption\":\"080 Barcelona Spring-Summer 2016\",\"created_timestamp\":\"June 30, 2015 4:51 pm\",\"copyright\":\"\\u00c2\\u00a9 2015 Estrop-Barcelona PHOTOGRAPH FOR EDITORIAL USE ONLY\",\"focal_length\":false,\"iso\":false,\"shutter_speed\":false,\"flash\":false,\"title\":\"080 Barcelona Spring-Summer 2016\",\"keywords\":\"080 Barcelona,Estrop-Barcelona,Spring-Summer 2016\",\"width\":667,\"height\":1000,\"saved\":true,\"thumbnail\":{\"width\":220,\"height\":220,\"ewww_image_optimizer\":\"Reduced by 9.4% (2.7&nbsp;kB)\"},\"webview\":{\"0\":667,\"1\":1000,\"2\":2,\"3\":\"width=\\\"667\\\" height=\\\"1000\\\"\",\"bits\":8,\"channels\":3,\"mime\":\"image\\\/jpeg\",\"ewww_image_optimizer\":\"Reduced by 6.0% (4.0&nbsp;kB) - Previously Optimized\"},\"0\":false,\"ewww_image_optimizer\":\"Reduced by 5.7% (8.0&nbsp;kB)\",\"views\":\"0\",\"likes\":\"0\"},\"title\":\"080 Barcelona Spring-Summer 2016\",\"description\":\"<p>080 Barcelona Spring-Summer 2016<\\\/p>\",\"link\":null,\"link_target\":\"\",\"download\":\"https:\\\/\\\/bobvarela.com\\\/wp-content\\\/flagallery\\\/josep-abril-coleccion-ss2016n37\\\/josep_abril_055.jpg\",\"ratio\":0.6670000000000000373034936274052597582340240478515625},{\"id\":\"20410\",\"image\":\"https:\\\/\\\/bobvarela.com\\\/wp-content\\\/flagallery\\\/josep-abril-coleccion-ss2016n37\\\/webview\\\/josep_abril_056.jpg\",\"thumb\":\"https:\\\/\\\/bobvarela.com\\\/wp-content\\\/flagallery\\\/josep-abril-coleccion-ss2016n37\\\/thumbs\\\/thumbs_josep_abril_056.jpg\",\"file\":\"josep_abril_056.jpg\",\"meta\":{\"aperture\":false,\"credit\":false,\"camera\":false,\"caption\":\"080 Barcelona Spring-Summer 2016\",\"created_timestamp\":\"June 30, 2015 4:52 pm\",\"copyright\":\"\\u00c2\\u00a9 2015 Estrop-Barcelona PHOTOGRAPH FOR EDITORIAL USE ONLY\",\"focal_length\":false,\"iso\":false,\"shutter_speed\":false,\"flash\":false,\"title\":\"080 Barcelona Spring-Summer 2016\",\"keywords\":\"080 Barcelona,Estrop-Barcelona,Spring-Summer 2016\",\"width\":667,\"height\":1000,\"saved\":true,\"thumbnail\":{\"width\":220,\"height\":220,\"ewww_image_optimizer\":\"Reduced by 10.7% (2.9&nbsp;kB)\"},\"webview\":{\"0\":667,\"1\":1000,\"2\":2,\"3\":\"width=\\\"667\\\" height=\\\"1000\\\"\",\"bits\":8,\"channels\":3,\"mime\":\"image\\\/jpeg\",\"ewww_image_optimizer\":\"Reduced by 5.7% (3.5&nbsp;kB) - Previously Optimized\"},\"0\":false,\"ewww_image_optimizer\":\"Reduced by 6.5% (8.0&nbsp;kB)\",\"views\":\"1\",\"likes\":\"0\"},\"title\":\"080 Barcelona Spring-Summer 2016\",\"description\":\"<p>080 Barcelona Spring-Summer 2016<\\\/p>\",\"link\":null,\"link_target\":\"\",\"download\":\"https:\\\/\\\/bobvarela.com\\\/wp-content\\\/flagallery\\\/josep-abril-coleccion-ss2016n37\\\/josep_abril_056.jpg\",\"ratio\":0.6670000000000000373034936274052597582340240478515625},{\"id\":\"20411\",\"image\":\"https:\\\/\\\/bobvarela.com\\\/wp-content\\\/flagallery\\\/josep-abril-coleccion-ss2016n37\\\/webview\\\/josep_abril_057.jpg\",\"thumb\":\"https:\\\/\\\/bobvarela.com\\\/wp-content\\\/flagallery\\\/josep-abril-coleccion-ss2016n37\\\/thumbs\\\/thumbs_josep_abril_057.jpg\",\"file\":\"josep_abril_057.jpg\",\"meta\":{\"aperture\":false,\"credit\":false,\"camera\":false,\"caption\":\"080 Barcelona Spring-Summer 2016\",\"created_timestamp\":\"June 30, 2015 4:52 pm\",\"copyright\":\"\\u00c2\\u00a9 2015 Estrop-Barcelona PHOTOGRAPH FOR EDITORIAL USE ONLY\",\"focal_length\":false,\"iso\":false,\"shutter_speed\":false,\"flash\":false,\"title\":\"080 Barcelona Spring-Summer 2016\",\"keywords\":\"080 Barcelona,Estrop-Barcelona,Spring-Summer 2016\",\"width\":667,\"height\":1000,\"saved\":true,\"thumbnail\":{\"width\":220,\"height\":220,\"ewww_image_optimizer\":\"Reduced by 11.1% (3.1&nbsp;kB)\"},\"webview\":{\"0\":667,\"1\":1000,\"2\":2,\"3\":\"width=\\\"667\\\" height=\\\"1000\\\"\",\"bits\":8,\"channels\":3,\"mime\":\"image\\\/jpeg\",\"ewww_image_optimizer\":\"Reduced by 6.7% (4.2&nbsp;kB) - Previously Optimized\"},\"0\":false,\"ewww_image_optimizer\":\"Reduced by 6.7% (8.6&nbsp;kB)\",\"views\":\"1\",\"likes\":\"0\"},\"title\":\"080 Barcelona Spring-Summer 2016\",\"description\":\"<p>080 Barcelona Spring-Summer 2016<\\\/p>\",\"link\":null,\"link_target\":\"\",\"download\":\"https:\\\/\\\/bobvarela.com\\\/wp-content\\\/flagallery\\\/josep-abril-coleccion-ss2016n37\\\/josep_abril_057.jpg\",\"ratio\":0.6670000000000000373034936274052597582340240478515625},{\"id\":\"20412\",\"image\":\"https:\\\/\\\/bobvarela.com\\\/wp-content\\\/flagallery\\\/josep-abril-coleccion-ss2016n37\\\/webview\\\/josep_abril_058.jpg\",\"thumb\":\"https:\\\/\\\/bobvarela.com\\\/wp-content\\\/flagallery\\\/josep-abril-coleccion-ss2016n37\\\/thumbs\\\/thumbs_josep_abril_058.jpg\",\"file\":\"josep_abril_058.jpg\",\"meta\":{\"aperture\":false,\"credit\":false,\"camera\":false,\"caption\":\"080 Barcelona Spring-Summer 2016\",\"created_timestamp\":\"June 30, 2015 4:52 pm\",\"copyright\":\"\\u00c2\\u00a9 2015 Estrop-Barcelona PHOTOGRAPH FOR EDITORIAL USE ONLY\",\"focal_length\":false,\"iso\":false,\"shutter_speed\":false,\"flash\":false,\"title\":\"080 Barcelona Spring-Summer 2016\",\"keywords\":\"080 Barcelona,Estrop-Barcelona,Spring-Summer 2016\",\"width\":667,\"height\":1000,\"saved\":true,\"thumbnail\":{\"width\":220,\"height\":220,\"ewww_image_optimizer\":\"Reduced by 10.5% (3.3&nbsp;kB)\"},\"webview\":{\"0\":667,\"1\":1000,\"2\":2,\"3\":\"width=\\\"667\\\" height=\\\"1000\\\"\",\"bits\":8,\"channels\":3,\"mime\":\"image\\\/jpeg\",\"ewww_image_optimizer\":\"Reduced by 5.1% (3.9&nbsp;kB) - Previously Optimized\"},\"0\":false,\"ewww_image_optimizer\":\"Reduced by 5.6% (8.7&nbsp;kB)\",\"views\":\"0\",\"likes\":\"0\"},\"title\":\"080 Barcelona Spring-Summer 2016\",\"description\":\"<p>080 Barcelona Spring-Summer 2016<\\\/p>\",\"link\":null,\"link_target\":\"\",\"download\":\"https:\\\/\\\/bobvarela.com\\\/wp-content\\\/flagallery\\\/josep-abril-coleccion-ss2016n37\\\/josep_abril_058.jpg\",\"ratio\":0.6670000000000000373034936274052597582340240478515625},{\"id\":\"20413\",\"image\":\"https:\\\/\\\/bobvarela.com\\\/wp-content\\\/flagallery\\\/josep-abril-coleccion-ss2016n37\\\/webview\\\/josep_abril_059.jpg\",\"thumb\":\"https:\\\/\\\/bobvarela.com\\\/wp-content\\\/flagallery\\\/josep-abril-coleccion-ss2016n37\\\/thumbs\\\/thumbs_josep_abril_059.jpg\",\"file\":\"josep_abril_059.jpg\",\"meta\":{\"aperture\":false,\"credit\":false,\"camera\":false,\"caption\":\"080 Barcelona Spring-Summer 2016\",\"created_timestamp\":\"June 30, 2015 4:52 pm\",\"copyright\":\"\\u00c2\\u00a9 2015 Estrop-Barcelona PHOTOGRAPH FOR EDITORIAL USE ONLY\",\"focal_length\":false,\"iso\":false,\"shutter_speed\":false,\"flash\":false,\"title\":\"080 Barcelona Spring-Summer 2016\",\"keywords\":\"080 Barcelona,Estrop-Barcelona,Spring-Summer 2016\",\"width\":667,\"height\":1000,\"saved\":true,\"thumbnail\":{\"width\":220,\"height\":220,\"ewww_image_optimizer\":\"Reduced by 11.8% (3.4&nbsp;kB)\"},\"webview\":{\"0\":667,\"1\":1000,\"2\":2,\"3\":\"width=\\\"667\\\" height=\\\"1000\\\"\",\"bits\":8,\"channels\":3,\"mime\":\"image\\\/jpeg\",\"ewww_image_optimizer\":\"Reduced by 5.2% (3.3&nbsp;kB) - Previously Optimized\"},\"0\":false,\"ewww_image_optimizer\":\"Reduced by 6.3% (8.0&nbsp;kB)\",\"views\":\"1\",\"likes\":\"0\"},\"title\":\"080 Barcelona Spring-Summer 2016\",\"description\":\"<p>080 Barcelona Spring-Summer 2016<\\\/p>\",\"link\":null,\"link_target\":\"\",\"download\":\"https:\\\/\\\/bobvarela.com\\\/wp-content\\\/flagallery\\\/josep-abril-coleccion-ss2016n37\\\/josep_abril_059.jpg\",\"ratio\":0.6670000000000000373034936274052597582340240478515625},{\"id\":\"20414\",\"image\":\"https:\\\/\\\/bobvarela.com\\\/wp-content\\\/flagallery\\\/josep-abril-coleccion-ss2016n37\\\/webview\\\/josep_abril_060.jpg\",\"thumb\":\"https:\\\/\\\/bobvarela.com\\\/wp-content\\\/flagallery\\\/josep-abril-coleccion-ss2016n37\\\/thumbs\\\/thumbs_josep_abril_060.jpg\",\"file\":\"josep_abril_060.jpg\",\"meta\":{\"aperture\":false,\"credit\":false,\"camera\":false,\"caption\":\"080 Barcelona Spring-Summer 2016\",\"created_timestamp\":\"June 30, 2015 4:52 pm\",\"copyright\":\"\\u00c2\\u00a9 2015 Estrop-Barcelona PHOTOGRAPH FOR EDITORIAL USE ONLY\",\"focal_length\":false,\"iso\":false,\"shutter_speed\":false,\"flash\":false,\"title\":\"080 Barcelona Spring-Summer 2016\",\"keywords\":\"080 Barcelona,Estrop-Barcelona,Spring-Summer 2016\",\"width\":667,\"height\":1000,\"saved\":true,\"thumbnail\":{\"width\":220,\"height\":220,\"ewww_image_optimizer\":\"Reduced by 11.0% (3.7&nbsp;kB)\"},\"webview\":{\"0\":667,\"1\":1000,\"2\":2,\"3\":\"width=\\\"667\\\" height=\\\"1000\\\"\",\"bits\":8,\"channels\":3,\"mime\":\"image\\\/jpeg\",\"ewww_image_optimizer\":\"Reduced by 5.2% (4.4&nbsp;kB) - Previously Optimized\"},\"0\":false,\"ewww_image_optimizer\":\"Reduced by 6.1% (10.5&nbsp;kB)\",\"views\":\"0\",\"likes\":\"0\"},\"title\":\"080 Barcelona Spring-Summer 2016\",\"description\":\"<p>080 Barcelona Spring-Summer 2016<\\\/p>\",\"link\":null,\"link_target\":\"\",\"download\":\"https:\\\/\\\/bobvarela.com\\\/wp-content\\\/flagallery\\\/josep-abril-coleccion-ss2016n37\\\/josep_abril_060.jpg\",\"ratio\":0.6670000000000000373034936274052597582340240478515625},{\"id\":\"20415\",\"image\":\"https:\\\/\\\/bobvarela.com\\\/wp-content\\\/flagallery\\\/josep-abril-coleccion-ss2016n37\\\/webview\\\/josep_abril_061.jpg\",\"thumb\":\"https:\\\/\\\/bobvarela.com\\\/wp-content\\\/flagallery\\\/josep-abril-coleccion-ss2016n37\\\/thumbs\\\/thumbs_josep_abril_061.jpg\",\"file\":\"josep_abril_061.jpg\",\"meta\":{\"aperture\":false,\"credit\":false,\"camera\":false,\"caption\":\"080 Barcelona Spring-Summer 2016\",\"created_timestamp\":\"June 30, 2015 4:52 pm\",\"copyright\":\"\\u00c2\\u00a9 2015 Estrop-Barcelona PHOTOGRAPH FOR EDITORIAL USE ONLY\",\"focal_length\":false,\"iso\":false,\"shutter_speed\":false,\"flash\":false,\"title\":\"080 Barcelona Spring-Summer 2016\",\"keywords\":\"080 Barcelona,Estrop-Barcelona,Spring-Summer 2016\",\"width\":667,\"height\":1000,\"saved\":true,\"thumbnail\":{\"width\":220,\"height\":220,\"ewww_image_optimizer\":\"Reduced by 9.1% (2.2&nbsp;kB)\"},\"webview\":{\"0\":667,\"1\":1000,\"2\":2,\"3\":\"width=\\\"667\\\" height=\\\"1000\\\"\",\"bits\":8,\"channels\":3,\"mime\":\"image\\\/jpeg\",\"ewww_image_optimizer\":\"Reduced by 5.8% (3.9&nbsp;kB) - Previously Optimized\"},\"0\":false,\"ewww_image_optimizer\":\"Reduced by 5.8% (7.9&nbsp;kB)\",\"views\":\"1\",\"likes\":\"0\"},\"title\":\"080 Barcelona Spring-Summer 2016\",\"description\":\"<p>080 Barcelona Spring-Summer 2016<\\\/p>\",\"link\":null,\"link_target\":\"\",\"download\":\"https:\\\/\\\/bobvarela.com\\\/wp-content\\\/flagallery\\\/josep-abril-coleccion-ss2016n37\\\/josep_abril_061.jpg\",\"ratio\":0.6670000000000000373034936274052597582340240478515625},{\"id\":\"20416\",\"image\":\"https:\\\/\\\/bobvarela.com\\\/wp-content\\\/flagallery\\\/josep-abril-coleccion-ss2016n37\\\/webview\\\/josep_abril_062.jpg\",\"thumb\":\"https:\\\/\\\/bobvarela.com\\\/wp-content\\\/flagallery\\\/josep-abril-coleccion-ss2016n37\\\/thumbs\\\/thumbs_josep_abril_062.jpg\",\"file\":\"josep_abril_062.jpg\",\"meta\":{\"aperture\":false,\"credit\":false,\"camera\":false,\"caption\":\"080 Barcelona Spring-Summer 2016\",\"created_timestamp\":\"June 30, 2015 4:52 pm\",\"copyright\":\"\\u00c2\\u00a9 2015 Estrop-Barcelona PHOTOGRAPH FOR EDITORIAL USE ONLY\",\"focal_length\":false,\"iso\":false,\"shutter_speed\":false,\"flash\":false,\"title\":\"080 Barcelona Spring-Summer 2016\",\"keywords\":\"080 Barcelona,Estrop-Barcelona,Spring-Summer 2016\",\"width\":667,\"height\":1000,\"saved\":true,\"thumbnail\":{\"width\":220,\"height\":220,\"ewww_image_optimizer\":\"Reduced by 10.7% (3.1&nbsp;kB)\"},\"webview\":{\"0\":667,\"1\":1000,\"2\":2,\"3\":\"width=\\\"667\\\" height=\\\"1000\\\"\",\"bits\":8,\"channels\":3,\"mime\":\"image\\\/jpeg\",\"ewww_image_optimizer\":\"Reduced by 6.5% (3.9&nbsp;kB) - Previously Optimized\"},\"0\":false,\"ewww_image_optimizer\":\"Reduced by 6.3% (8.0&nbsp;kB)\",\"views\":\"2\",\"likes\":\"0\"},\"title\":\"080 Barcelona Spring-Summer 2016\",\"description\":\"<p>080 Barcelona Spring-Summer 2016<\\\/p>\",\"link\":null,\"link_target\":\"\",\"download\":\"https:\\\/\\\/bobvarela.com\\\/wp-content\\\/flagallery\\\/josep-abril-coleccion-ss2016n37\\\/josep_abril_062.jpg\",\"ratio\":0.6670000000000000373034936274052597582340240478515625}]}; var container = $('#FlaGallery_sc1_280'); container.photomania(settings, content); window.FlaGallery_sc1_280 = container.data('photomania'); }); <\/script><\/div><noscript id=\"noscript_FlaGallery_sc1_280\"><img class=\"skip-lazy no-lazyload noLazy\" data-lazy-src=\"\" src =\"https:\/\/bobvarela.com\/wp-content\/flagallery\/josep-abril-coleccion-ss2016n37\/josep_abril_002.jpg\" alt=\"080 Barcelona Spring-Summer 2016\" \/><img class=\"skip-lazy no-lazyload noLazy\" data-lazy-src=\"\" src =\"https:\/\/bobvarela.com\/wp-content\/flagallery\/josep-abril-coleccion-ss2016n37\/josep_abril_003.jpg\" alt=\"080 Barcelona Spring-Summer 2016\" \/><img class=\"skip-lazy no-lazyload noLazy\" data-lazy-src=\"\" src =\"https:\/\/bobvarela.com\/wp-content\/flagallery\/josep-abril-coleccion-ss2016n37\/josep_abril_004.jpg\" alt=\"080 Barcelona Spring-Summer 2016\" \/><img class=\"skip-lazy no-lazyload noLazy\" data-lazy-src=\"\" src =\"https:\/\/bobvarela.com\/wp-content\/flagallery\/josep-abril-coleccion-ss2016n37\/josep_abril_005.jpg\" alt=\"080 Barcelona Spring-Summer 2016\" \/><img class=\"skip-lazy no-lazyload noLazy\" data-lazy-src=\"\" src =\"https:\/\/bobvarela.com\/wp-content\/flagallery\/josep-abril-coleccion-ss2016n37\/josep_abril_006.jpg\" alt=\"080 Barcelona Spring-Summer 2016\" \/><img class=\"skip-lazy no-lazyload noLazy\" data-lazy-src=\"\" src =\"https:\/\/bobvarela.com\/wp-content\/flagallery\/josep-abril-coleccion-ss2016n37\/josep_abril_007.jpg\" alt=\"080 Barcelona Spring-Summer 2016\" \/><img class=\"skip-lazy no-lazyload noLazy\" data-lazy-src=\"\" src =\"https:\/\/bobvarela.com\/wp-content\/flagallery\/josep-abril-coleccion-ss2016n37\/josep_abril_008.jpg\" alt=\"080 Barcelona Spring-Summer 2016\" \/><img class=\"skip-lazy no-lazyload noLazy\" data-lazy-src=\"\" src =\"https:\/\/bobvarela.com\/wp-content\/flagallery\/josep-abril-coleccion-ss2016n37\/josep_abril_009.jpg\" alt=\"080 Barcelona Spring-Summer 2016\" \/><img class=\"skip-lazy no-lazyload noLazy\" data-lazy-src=\"\" src =\"https:\/\/bobvarela.com\/wp-content\/flagallery\/josep-abril-coleccion-ss2016n37\/josep_abril_010.jpg\" alt=\"080 Barcelona Spring-Summer 2016\" \/><img class=\"skip-lazy no-lazyload noLazy\" data-lazy-src=\"\" src =\"https:\/\/bobvarela.com\/wp-content\/flagallery\/josep-abril-coleccion-ss2016n37\/josep_abril_011.jpg\" alt=\"080 Barcelona Spring-Summer 2016\" \/><img class=\"skip-lazy no-lazyload noLazy\" data-lazy-src=\"\" src =\"https:\/\/bobvarela.com\/wp-content\/flagallery\/josep-abril-coleccion-ss2016n37\/josep_abril_012.jpg\" alt=\"080 Barcelona Spring-Summer 2016\" \/><img class=\"skip-lazy no-lazyload noLazy\" data-lazy-src=\"\" src =\"https:\/\/bobvarela.com\/wp-content\/flagallery\/josep-abril-coleccion-ss2016n37\/josep_abril_013.jpg\" alt=\"080 Barcelona Spring-Summer 2016\" \/><img class=\"skip-lazy no-lazyload noLazy\" data-lazy-src=\"\" src =\"https:\/\/bobvarela.com\/wp-content\/flagallery\/josep-abril-coleccion-ss2016n37\/josep_abril_014.jpg\" alt=\"080 Barcelona Spring-Summer 2016\" \/><img class=\"skip-lazy no-lazyload noLazy\" data-lazy-src=\"\" src =\"https:\/\/bobvarela.com\/wp-content\/flagallery\/josep-abril-coleccion-ss2016n37\/josep_abril_015.jpg\" alt=\"080 Barcelona Spring-Summer 2016\" \/><img class=\"skip-lazy no-lazyload noLazy\" data-lazy-src=\"\" src =\"https:\/\/bobvarela.com\/wp-content\/flagallery\/josep-abril-coleccion-ss2016n37\/josep_abril_016.jpg\" alt=\"080 Barcelona Spring-Summer 2016\" \/><img class=\"skip-lazy no-lazyload noLazy\" data-lazy-src=\"\" src =\"https:\/\/bobvarela.com\/wp-content\/flagallery\/josep-abril-coleccion-ss2016n37\/josep_abril_017.jpg\" alt=\"080 Barcelona Spring-Summer 2016\" \/><img class=\"skip-lazy no-lazyload noLazy\" data-lazy-src=\"\" src =\"https:\/\/bobvarela.com\/wp-content\/flagallery\/josep-abril-coleccion-ss2016n37\/josep_abril_018.jpg\" alt=\"080 Barcelona Spring-Summer 2016\" \/><img class=\"skip-lazy no-lazyload noLazy\" data-lazy-src=\"\" src =\"https:\/\/bobvarela.com\/wp-content\/flagallery\/josep-abril-coleccion-ss2016n37\/josep_abril_019.jpg\" alt=\"080 Barcelona Spring-Summer 2016\" \/><img class=\"skip-lazy no-lazyload noLazy\" data-lazy-src=\"\" src =\"https:\/\/bobvarela.com\/wp-content\/flagallery\/josep-abril-coleccion-ss2016n37\/josep_abril_020.jpg\" alt=\"080 Barcelona Spring-Summer 2016\" \/><img class=\"skip-lazy no-lazyload noLazy\" data-lazy-src=\"\" src =\"https:\/\/bobvarela.com\/wp-content\/flagallery\/josep-abril-coleccion-ss2016n37\/josep_abril_021.jpg\" alt=\"080 Barcelona Spring-Summer 2016\" \/><img class=\"skip-lazy no-lazyload noLazy\" data-lazy-src=\"\" src =\"https:\/\/bobvarela.com\/wp-content\/flagallery\/josep-abril-coleccion-ss2016n37\/josep_abril_022.jpg\" alt=\"080 Barcelona Spring-Summer 2016\" \/><img class=\"skip-lazy no-lazyload noLazy\" data-lazy-src=\"\" src =\"https:\/\/bobvarela.com\/wp-content\/flagallery\/josep-abril-coleccion-ss2016n37\/josep_abril_023.jpg\" alt=\"080 Barcelona Spring-Summer 2016\" \/><img class=\"skip-lazy no-lazyload noLazy\" data-lazy-src=\"\" src =\"https:\/\/bobvarela.com\/wp-content\/flagallery\/josep-abril-coleccion-ss2016n37\/josep_abril_024.jpg\" alt=\"080 Barcelona Spring-Summer 2016\" \/><img class=\"skip-lazy no-lazyload noLazy\" data-lazy-src=\"\" src =\"https:\/\/bobvarela.com\/wp-content\/flagallery\/josep-abril-coleccion-ss2016n37\/josep_abril_025.jpg\" alt=\"080 Barcelona Spring-Summer 2016\" \/><img class=\"skip-lazy no-lazyload noLazy\" data-lazy-src=\"\" src =\"https:\/\/bobvarela.com\/wp-content\/flagallery\/josep-abril-coleccion-ss2016n37\/josep_abril_026.jpg\" alt=\"080 Barcelona Spring-Summer 2016\" \/><img class=\"skip-lazy no-lazyload noLazy\" data-lazy-src=\"\" src =\"https:\/\/bobvarela.com\/wp-content\/flagallery\/josep-abril-coleccion-ss2016n37\/josep_abril_027.jpg\" alt=\"080 Barcelona Spring-Summer 2016\" \/><img class=\"skip-lazy no-lazyload noLazy\" data-lazy-src=\"\" src =\"https:\/\/bobvarela.com\/wp-content\/flagallery\/josep-abril-coleccion-ss2016n37\/josep_abril_028.jpg\" alt=\"080 Barcelona Spring-Summer 2016\" \/><img class=\"skip-lazy no-lazyload noLazy\" data-lazy-src=\"\" src =\"https:\/\/bobvarela.com\/wp-content\/flagallery\/josep-abril-coleccion-ss2016n37\/josep_abril_029.jpg\" alt=\"080 Barcelona Spring-Summer 2016\" \/><img class=\"skip-lazy no-lazyload noLazy\" data-lazy-src=\"\" src =\"https:\/\/bobvarela.com\/wp-content\/flagallery\/josep-abril-coleccion-ss2016n37\/josep_abril_030.jpg\" alt=\"080 Barcelona Spring-Summer 2016\" \/><img class=\"skip-lazy no-lazyload noLazy\" data-lazy-src=\"\" src =\"https:\/\/bobvarela.com\/wp-content\/flagallery\/josep-abril-coleccion-ss2016n37\/josep_abril_031.jpg\" alt=\"080 Barcelona Spring-Summer 2016\" \/><img class=\"skip-lazy no-lazyload noLazy\" data-lazy-src=\"\" src =\"https:\/\/bobvarela.com\/wp-content\/flagallery\/josep-abril-coleccion-ss2016n37\/josep_abril_032.jpg\" alt=\"080 Barcelona Spring-Summer 2016\" \/><img class=\"skip-lazy no-lazyload noLazy\" data-lazy-src=\"\" src =\"https:\/\/bobvarela.com\/wp-content\/flagallery\/josep-abril-coleccion-ss2016n37\/josep_abril_033.jpg\" alt=\"080 Barcelona Spring-Summer 2016\" \/><img class=\"skip-lazy no-lazyload noLazy\" data-lazy-src=\"\" src =\"https:\/\/bobvarela.com\/wp-content\/flagallery\/josep-abril-coleccion-ss2016n37\/josep_abril_034.jpg\" alt=\"080 Barcelona Spring-Summer 2016\" \/><img class=\"skip-lazy no-lazyload noLazy\" data-lazy-src=\"\" src =\"https:\/\/bobvarela.com\/wp-content\/flagallery\/josep-abril-coleccion-ss2016n37\/josep_abril_035.jpg\" alt=\"080 Barcelona Spring-Summer 2016\" \/><img class=\"skip-lazy no-lazyload noLazy\" data-lazy-src=\"\" src =\"https:\/\/bobvarela.com\/wp-content\/flagallery\/josep-abril-coleccion-ss2016n37\/josep_abril_036.jpg\" alt=\"080 Barcelona Spring-Summer 2016\" \/><img class=\"skip-lazy no-lazyload noLazy\" data-lazy-src=\"\" src =\"https:\/\/bobvarela.com\/wp-content\/flagallery\/josep-abril-coleccion-ss2016n37\/josep_abril_037.jpg\" alt=\"080 Barcelona Spring-Summer 2016\" \/><img class=\"skip-lazy no-lazyload noLazy\" data-lazy-src=\"\" src =\"https:\/\/bobvarela.com\/wp-content\/flagallery\/josep-abril-coleccion-ss2016n37\/josep_abril_038.jpg\" alt=\"080 Barcelona Spring-Summer 2016\" \/><img class=\"skip-lazy no-lazyload noLazy\" data-lazy-src=\"\" src =\"https:\/\/bobvarela.com\/wp-content\/flagallery\/josep-abril-coleccion-ss2016n37\/josep_abril_039.jpg\" alt=\"080 Barcelona Spring-Summer 2016\" \/><img class=\"skip-lazy no-lazyload noLazy\" data-lazy-src=\"\" src =\"https:\/\/bobvarela.com\/wp-content\/flagallery\/josep-abril-coleccion-ss2016n37\/josep_abril_040.jpg\" alt=\"080 Barcelona Spring-Summer 2016\" \/><img class=\"skip-lazy no-lazyload noLazy\" data-lazy-src=\"\" src =\"https:\/\/bobvarela.com\/wp-content\/flagallery\/josep-abril-coleccion-ss2016n37\/josep_abril_041.jpg\" alt=\"080 Barcelona Spring-Summer 2016\" \/><img class=\"skip-lazy no-lazyload noLazy\" data-lazy-src=\"\" src =\"https:\/\/bobvarela.com\/wp-content\/flagallery\/josep-abril-coleccion-ss2016n37\/josep_abril_042.jpg\" alt=\"080 Barcelona Spring-Summer 2016\" \/><img class=\"skip-lazy no-lazyload noLazy\" data-lazy-src=\"\" src =\"https:\/\/bobvarela.com\/wp-content\/flagallery\/josep-abril-coleccion-ss2016n37\/josep_abril_043.jpg\" alt=\"080 Barcelona Spring-Summer 2016\" \/><img class=\"skip-lazy no-lazyload noLazy\" data-lazy-src=\"\" src =\"https:\/\/bobvarela.com\/wp-content\/flagallery\/josep-abril-coleccion-ss2016n37\/josep_abril_044.jpg\" alt=\"080 Barcelona Spring-Summer 2016\" \/><img class=\"skip-lazy no-lazyload noLazy\" data-lazy-src=\"\" src =\"https:\/\/bobvarela.com\/wp-content\/flagallery\/josep-abril-coleccion-ss2016n37\/josep_abril_046.jpg\" alt=\"080 Barcelona Spring-Summer 2016\" \/><img class=\"skip-lazy no-lazyload noLazy\" data-lazy-src=\"\" src =\"https:\/\/bobvarela.com\/wp-content\/flagallery\/josep-abril-coleccion-ss2016n37\/josep_abril_047.jpg\" alt=\"080 Barcelona Spring-Summer 2016\" \/><img class=\"skip-lazy no-lazyload noLazy\" data-lazy-src=\"\" src =\"https:\/\/bobvarela.com\/wp-content\/flagallery\/josep-abril-coleccion-ss2016n37\/josep_abril_048.jpg\" alt=\"080 Barcelona Spring-Summer 2016\" \/><img class=\"skip-lazy no-lazyload noLazy\" data-lazy-src=\"\" src =\"https:\/\/bobvarela.com\/wp-content\/flagallery\/josep-abril-coleccion-ss2016n37\/josep_abril_049.jpg\" alt=\"080 Barcelona Spring-Summer 2016\" \/><img class=\"skip-lazy no-lazyload noLazy\" data-lazy-src=\"\" src =\"https:\/\/bobvarela.com\/wp-content\/flagallery\/josep-abril-coleccion-ss2016n37\/josep_abril_050.jpg\" alt=\"080 Barcelona Spring-Summer 2016\" \/><img class=\"skip-lazy no-lazyload noLazy\" data-lazy-src=\"\" src =\"https:\/\/bobvarela.com\/wp-content\/flagallery\/josep-abril-coleccion-ss2016n37\/josep_abril_051.jpg\" alt=\"080 Barcelona Spring-Summer 2016\" \/><img class=\"skip-lazy no-lazyload noLazy\" data-lazy-src=\"\" src =\"https:\/\/bobvarela.com\/wp-content\/flagallery\/josep-abril-coleccion-ss2016n37\/josep_abril_052.jpg\" alt=\"080 Barcelona Spring-Summer 2016\" \/><img class=\"skip-lazy no-lazyload noLazy\" data-lazy-src=\"\" src =\"https:\/\/bobvarela.com\/wp-content\/flagallery\/josep-abril-coleccion-ss2016n37\/josep_abril_053.jpg\" alt=\"080 Barcelona Spring-Summer 2016\" \/><img class=\"skip-lazy no-lazyload noLazy\" data-lazy-src=\"\" src =\"https:\/\/bobvarela.com\/wp-content\/flagallery\/josep-abril-coleccion-ss2016n37\/josep_abril_054.jpg\" alt=\"080 Barcelona Spring-Summer 2016\" \/><img class=\"skip-lazy no-lazyload noLazy\" data-lazy-src=\"\" src =\"https:\/\/bobvarela.com\/wp-content\/flagallery\/josep-abril-coleccion-ss2016n37\/josep_abril_055.jpg\" alt=\"080 Barcelona Spring-Summer 2016\" \/><img class=\"skip-lazy no-lazyload noLazy\" data-lazy-src=\"\" src =\"https:\/\/bobvarela.com\/wp-content\/flagallery\/josep-abril-coleccion-ss2016n37\/josep_abril_056.jpg\" alt=\"080 Barcelona Spring-Summer 2016\" \/><img class=\"skip-lazy no-lazyload noLazy\" data-lazy-src=\"\" src =\"https:\/\/bobvarela.com\/wp-content\/flagallery\/josep-abril-coleccion-ss2016n37\/josep_abril_057.jpg\" alt=\"080 Barcelona Spring-Summer 2016\" \/><img class=\"skip-lazy no-lazyload noLazy\" data-lazy-src=\"\" src =\"https:\/\/bobvarela.com\/wp-content\/flagallery\/josep-abril-coleccion-ss2016n37\/josep_abril_058.jpg\" alt=\"080 Barcelona Spring-Summer 2016\" \/><img class=\"skip-lazy no-lazyload noLazy\" data-lazy-src=\"\" src =\"https:\/\/bobvarela.com\/wp-content\/flagallery\/josep-abril-coleccion-ss2016n37\/josep_abril_059.jpg\" alt=\"080 Barcelona Spring-Summer 2016\" \/><img class=\"skip-lazy no-lazyload noLazy\" data-lazy-src=\"\" src =\"https:\/\/bobvarela.com\/wp-content\/flagallery\/josep-abril-coleccion-ss2016n37\/josep_abril_060.jpg\" alt=\"080 Barcelona Spring-Summer 2016\" \/><img class=\"skip-lazy no-lazyload noLazy\" data-lazy-src=\"\" src =\"https:\/\/bobvarela.com\/wp-content\/flagallery\/josep-abril-coleccion-ss2016n37\/josep_abril_061.jpg\" alt=\"080 Barcelona Spring-Summer 2016\" \/><img class=\"skip-lazy no-lazyload noLazy\" data-lazy-src=\"\" src =\"https:\/\/bobvarela.com\/wp-content\/flagallery\/josep-abril-coleccion-ss2016n37\/josep_abril_062.jpg\" alt=\"080 Barcelona Spring-Summer 2016\" \/><\/noscript><\/p>\n","protected":false},"excerpt":{"rendered":"<p>Nace en Barcelona en el 1962. Estudia bellas artes. Estudia dise\u00f1o y moda en la \u201cEscola d\u2019Arts i T\u00e8cniques de la Moda\u201d (EATM) de Barcelona. Vive y trabaja en Barcelona. Crea su propia firma en el 1996. Josep Abril es&hellip;<\/p>\n<p class=\"more-link-p\"><a class=\"more-link\" href=\"https:\/\/bobvarela.com\/?p=78889\">Read more &rarr;<\/a><\/p>\n","protected":false},"author":1,"featured_media":0,"comment_status":"open","ping_status":"open","sticky":false,"template":"","format":"standard","meta":{"ngg_post_thumbnail":0,"footnotes":""},"categories":[478,4],"tags":[],"class_list":["post-78889","post","type-post","status-publish","format-standard","hentry","category-080-barcelona","category-moda"],"_links":{"self":[{"href":"https:\/\/bobvarela.com\/index.php?rest_route=\/wp\/v2\/posts\/78889","targetHints":{"allow":["GET"]}}],"collection":[{"href":"https:\/\/bobvarela.com\/index.php?rest_route=\/wp\/v2\/posts"}],"about":[{"href":"https:\/\/bobvarela.com\/index.php?rest_route=\/wp\/v2\/types\/post"}],"author":[{"embeddable":true,"href":"https:\/\/bobvarela.com\/index.php?rest_route=\/wp\/v2\/users\/1"}],"replies":[{"embeddable":true,"href":"https:\/\/bobvarela.com\/index.php?rest_route=%2Fwp%2Fv2%2Fcomments&post=78889"}],"version-history":[{"count":1,"href":"https:\/\/bobvarela.com\/index.php?rest_route=\/wp\/v2\/posts\/78889\/revisions"}],"predecessor-version":[{"id":78890,"href":"https:\/\/bobvarela.com\/index.php?rest_route=\/wp\/v2\/posts\/78889\/revisions\/78890"}],"wp:attachment":[{"href":"https:\/\/bobvarela.com\/index.php?rest_route=%2Fwp%2Fv2%2Fmedia&parent=78889"}],"wp:term":[{"taxonomy":"category","embeddable":true,"href":"https:\/\/bobvarela.com\/index.php?rest_route=%2Fwp%2Fv2%2Fcategories&post=78889"},{"taxonomy":"post_tag","embeddable":true,"href":"https:\/\/bobvarela.com\/index.php?rest_route=%2Fwp%2Fv2%2Ftags&post=78889"}],"curies":[{"name":"wp","href":"https:\/\/api.w.org\/{rel}","templated":true}]}}