{"id":78902,"date":"2015-07-01T20:29:53","date_gmt":"2015-07-02T00:29:53","guid":{"rendered":"https:\/\/bobvarela.com\/?p=78902"},"modified":"2015-07-01T20:29:53","modified_gmt":"2015-07-02T00:29:53","slug":"custo-barcelona-coleccin-primavera-verano-2016-en-080-barcelona","status":"publish","type":"post","link":"https:\/\/bobvarela.com\/?p=78902","title":{"rendered":"Custo Barcelona COLECCI&Oacute;N &#8211; Primavera Verano 2016 en 080 Barcelona"},"content":{"rendered":"<p align=\"center\"><a href=\"https:\/\/bobvarela.com\/wp-content\/uploads\/2015\/07\/Custo_203.jpg\"><img loading=\"lazy\" decoding=\"async\" title=\"080 Barcelona Spring-Summer 2016\" style=\"border-top: 0px; border-right: 0px; background-image: none; border-bottom: 0px; padding-top: 0px; padding-left: 0px; border-left: 0px; display: inline; padding-right: 0px\" border=\"0\" alt=\"080 Barcelona Spring-Summer 2016\" src=\"https:\/\/bobvarela.com\/wp-content\/uploads\/2015\/07\/Custo_203_thumb.jpg\" width=\"198\" height=\"134\" \/><\/a><a href=\"https:\/\/bobvarela.com\/wp-content\/uploads\/2015\/07\/Custo_201.jpg\"><img loading=\"lazy\" decoding=\"async\" title=\"080 Barcelona Spring-Summer 2016\" style=\"border-top: 0px; border-right: 0px; background-image: none; border-bottom: 0px; padding-top: 0px; padding-left: 0px; border-left: 0px; display: inline; padding-right: 0px\" border=\"0\" alt=\"080 Barcelona Spring-Summer 2016\" src=\"https:\/\/bobvarela.com\/wp-content\/uploads\/2015\/07\/Custo_201_thumb.jpg\" width=\"198\" height=\"134\" \/><\/a><a href=\"https:\/\/bobvarela.com\/wp-content\/uploads\/2015\/07\/Custo_002.jpg\"><img loading=\"lazy\" decoding=\"async\" title=\"080 Barcelona Spring-Summer 2016\" style=\"border-top: 0px; border-right: 0px; background-image: none; border-bottom: 0px; padding-top: 0px; padding-left: 0px; border-left: 0px; display: inline; padding-right: 0px\" border=\"0\" alt=\"080 Barcelona Spring-Summer 2016\" src=\"https:\/\/bobvarela.com\/wp-content\/uploads\/2015\/07\/Custo_002_thumb.jpg\" width=\"198\" height=\"134\" \/><\/a><\/p>\n<p align=\"justify\"><font size=\"3\">La cocina est\u00e1 de moda, y uno de los grandes dise\u00f1adores catalanes que sigue estando en el cartel de la <strong>080 Barcelona Fashion<\/strong> ha querido representarla con una colecci\u00f3n llamada \u2018Slow food\u2019. <strong>Custo Barcelona<\/strong> apuesta por la cocina creativa y a fuego lento para sus dise\u00f1os, que se plasma en prendas con muchos detalles y largos procesos de fabricaci\u00f3n. Todo ello con una espectadora de excepci\u00f3n, Iris Apfel, la modelo de 93 a\u00f1os madrina de esta edici\u00f3n de la pasarela catalana.<\/font><\/p>\n<p align=\"justify\"><font size=\"3\">Se han visto vestidos de cortes org\u00e1nicos inspirados en los puzzles y en la ergonometr\u00eda y pantalones campana mezclados con mini tops mariposa y los <em>car wash dresses<\/em>, vestidos de tiras inspirados en las tiras de los lavacoches. Usa tambi\u00e9n tejidos plisados de base brillante. La paleta de colores se inspira en la naturaleza: el violeta, blanco gardenia, malva, fucsia, lima, lim\u00f3n, azul mediterr\u00e1neo y mandarina. El negro es, pero, una pieza importante de la colecci\u00f3n, d\u00e1ndole fuerza y personalidad a las prendas.<\/font><\/p>\n<p align=\"justify\"><font size=\"3\">Las gr\u00e1ficas geom\u00e9tricas y pict\u00f3ricas, sello de identidad de la firma, ti\u00f1en las sedas y los plisados metalizados de los vestidos, pantalones y t\u00fanicas. Otros tejidos como la blonda o las mallas abiertas del tricot, antes solo usado por mujeres, est\u00e1n presentes tambi\u00e9n ahora en la selecci\u00f3n masculina, dejando entrever el cuerpo de los modelos.<\/font><\/p>\n<p align=\"justify\"><font size=\"3\">Custo sigue apostando por su particular \u2018tripleta\u2019, o lo que es lo mismo, tres prendas unidas por el mismo tejido y gr\u00e1fica en un mismo look. Un total de 73 looks, 15 para hombre y 58 para mujer que han pisado la pasarela que en esta 16 edici\u00f3n se celebra en el Estadi Ol\u00edmpic Llu\u00eds Companys de Barcelona.<\/font><\/p>\n<p align=\"justify\"><div class=\"flagallery photomania_skin\" id=\"FlaGallery_sc1_283\" ><style type=\"text\/css\" class=\"flagallery_skin_style_import\">#FlaGallery_sc1_283 .flagpm_preload {opacity:0;}#FlaGallery_sc1_283 .swiper-big-images img.flagpm_the_photo { max-height:100%; max-width:100%; display:inline; width:auto; height:auto !important; object-fit:unset; vertical-align:middle; border:none; }#FlaGallery_sc1_283 .flagpm_focus .swiper-big-images img.flagpm_the_photo { width:auto; height:auto; object-fit:unset; }#FlaGallery_sc1_283 .swiper-small-images img.flagpm_photo { max-width:none; max-height:none; }#FlaGallery_sc1_283 .swiper-small-images img.flagpm_photo.flagpm_photo_landscape { width:auto; height:100% !important; }#FlaGallery_sc1_283 .swiper-small-images img.flagpm_photo.flagpm_photo_portrait { width:100%; height:auto !important; }#FlaGallery_sc1_283 .flagpm_gallery_sources_list p { margin:7px 0; padding:0; font-size:inherit; }#FlaGallery_sc1_283 .flagpm_photo_details .flagpm_description_wrap a,#FlaGallery_sc1_283 .flagpm_big_button_wrap .flagpm_button.flagpm_like.flagpm_liked,#FlaGallery_sc1_283 .flagpm_big_button_wrap .flagpm_button.flagpm_like.flagpm_liked:hover {color:#0099e5;}#FlaGallery_sc1_283 .flagpm_photo_show .flagpm_big_button {background-color:#0099e5;}#FlaGallery_sc1_283 .swiper-small-images div.flagpm_photo.swiper-slide-active {border-color:#02adea;}#FlaGallery_sc1_283 .flagpm_photo_header .flagpm_name_wrap .flagpm_title_author a:hover,#FlaGallery_sc1_283 .flagpm_photo_details .flagpm_description_wrap a:hover {color:#02adea;}#FlaGallery_sc1_283 .flagpm_photo_show .flagpm_big_button:hover,#FlaGallery_sc1_283 .flagpm_focus_actions ul .flagpm_button.like.flagpm_liked {background-color:#02adea;}<\/style> <div class=\"flagpm_photo_show flagpm_w960 flagpm_w640 flagpm_w480 flagpm_preload\"> <div class=\"flagpm_photo_wrap has_prev_photo has_next_photo\"> <div class=\"swiper-container swiper-big-images\"> <div class=\"flagpm_photo_arrow_next flagpm_photo_arrow flagpm_next\"> <div title=\"Next\" class=\"flagpm_arrow\"><\/div> <\/div> <div class=\"flagpm_photo_arrow_previous flagpm_photo_arrow flagpm_prev\"> <div title=\"Previous\" class=\"flagpm_arrow\"><\/div> <\/div> <div class=\"swiper-wrapper\"><div class=\"swiper-slide\" data-hash=\"flagallery20616\" data-photo-id=\"20616\"><span class=\"flagpm_va\"><\/span><img decoding=\"async\" src=\"https:\/\/bobvarela.com\/wp-content\/flagallery\/custo-barcelona-coleccion-primavera-verano-2016\/webview\/custo_003.jpg\" data-src=\"https:\/\/bobvarela.com\/wp-content\/flagallery\/custo-barcelona-coleccion-primavera-verano-2016\/webview\/custo_003.jpg\" alt=\"080 Barcelona Spring-Summer 2016\" class=\"noLazy flagpm_the_photo swiper-lazy\"><div class=\"swiper-lazy-preloader swiper-lazy-preloader-black\"><\/div><\/div><div class=\"swiper-slide\" data-hash=\"flagallery20617\" data-photo-id=\"20617\"><span class=\"flagpm_va\"><\/span><img data-src=\"https:\/\/bobvarela.com\/wp-content\/flagallery\/custo-barcelona-coleccion-primavera-verano-2016\/webview\/custo_004.jpg\" alt=\"080 Barcelona Spring-Summer 2016\" class=\"noLazy flagpm_the_photo swiper-lazy\"><div class=\"swiper-lazy-preloader swiper-lazy-preloader-black\"><\/div><\/div><div class=\"swiper-slide\" data-hash=\"flagallery20618\" data-photo-id=\"20618\"><span class=\"flagpm_va\"><\/span><img data-src=\"https:\/\/bobvarela.com\/wp-content\/flagallery\/custo-barcelona-coleccion-primavera-verano-2016\/webview\/custo_005.jpg\" alt=\"080 Barcelona Spring-Summer 2016\" class=\"noLazy flagpm_the_photo swiper-lazy\"><div class=\"swiper-lazy-preloader swiper-lazy-preloader-black\"><\/div><\/div><div class=\"swiper-slide\" data-hash=\"flagallery20619\" data-photo-id=\"20619\"><span class=\"flagpm_va\"><\/span><img data-src=\"https:\/\/bobvarela.com\/wp-content\/flagallery\/custo-barcelona-coleccion-primavera-verano-2016\/webview\/custo_006.jpg\" alt=\"080 Barcelona Spring-Summer 2016\" class=\"noLazy flagpm_the_photo swiper-lazy\"><div class=\"swiper-lazy-preloader swiper-lazy-preloader-black\"><\/div><\/div><div class=\"swiper-slide\" data-hash=\"flagallery20620\" data-photo-id=\"20620\"><span class=\"flagpm_va\"><\/span><img data-src=\"https:\/\/bobvarela.com\/wp-content\/flagallery\/custo-barcelona-coleccion-primavera-verano-2016\/webview\/custo_007.jpg\" alt=\"080 Barcelona Spring-Summer 2016\" class=\"noLazy flagpm_the_photo swiper-lazy\"><div class=\"swiper-lazy-preloader swiper-lazy-preloader-black\"><\/div><\/div><div class=\"swiper-slide\" data-hash=\"flagallery20621\" data-photo-id=\"20621\"><span class=\"flagpm_va\"><\/span><img data-src=\"https:\/\/bobvarela.com\/wp-content\/flagallery\/custo-barcelona-coleccion-primavera-verano-2016\/webview\/custo_008.jpg\" alt=\"080 Barcelona Spring-Summer 2016\" class=\"noLazy flagpm_the_photo swiper-lazy\"><div class=\"swiper-lazy-preloader swiper-lazy-preloader-black\"><\/div><\/div><div class=\"swiper-slide\" data-hash=\"flagallery20622\" data-photo-id=\"20622\"><span class=\"flagpm_va\"><\/span><img data-src=\"https:\/\/bobvarela.com\/wp-content\/flagallery\/custo-barcelona-coleccion-primavera-verano-2016\/webview\/custo_009.jpg\" alt=\"080 Barcelona Spring-Summer 2016\" class=\"noLazy flagpm_the_photo swiper-lazy\"><div class=\"swiper-lazy-preloader swiper-lazy-preloader-black\"><\/div><\/div><div class=\"swiper-slide\" data-hash=\"flagallery20623\" data-photo-id=\"20623\"><span class=\"flagpm_va\"><\/span><img data-src=\"https:\/\/bobvarela.com\/wp-content\/flagallery\/custo-barcelona-coleccion-primavera-verano-2016\/webview\/custo_010.jpg\" alt=\"080 Barcelona Spring-Summer 2016\" class=\"noLazy flagpm_the_photo swiper-lazy\"><div class=\"swiper-lazy-preloader swiper-lazy-preloader-black\"><\/div><\/div><div class=\"swiper-slide\" data-hash=\"flagallery20624\" data-photo-id=\"20624\"><span class=\"flagpm_va\"><\/span><img data-src=\"https:\/\/bobvarela.com\/wp-content\/flagallery\/custo-barcelona-coleccion-primavera-verano-2016\/webview\/custo_011.jpg\" alt=\"080 Barcelona Spring-Summer 2016\" class=\"noLazy flagpm_the_photo swiper-lazy\"><div class=\"swiper-lazy-preloader swiper-lazy-preloader-black\"><\/div><\/div><div class=\"swiper-slide\" data-hash=\"flagallery20625\" data-photo-id=\"20625\"><span class=\"flagpm_va\"><\/span><img data-src=\"https:\/\/bobvarela.com\/wp-content\/flagallery\/custo-barcelona-coleccion-primavera-verano-2016\/webview\/custo_012.jpg\" alt=\"080 Barcelona Spring-Summer 2016\" class=\"noLazy flagpm_the_photo swiper-lazy\"><div class=\"swiper-lazy-preloader swiper-lazy-preloader-black\"><\/div><\/div><div class=\"swiper-slide\" data-hash=\"flagallery20626\" data-photo-id=\"20626\"><span class=\"flagpm_va\"><\/span><img data-src=\"https:\/\/bobvarela.com\/wp-content\/flagallery\/custo-barcelona-coleccion-primavera-verano-2016\/webview\/custo_013.jpg\" alt=\"080 Barcelona Spring-Summer 2016\" class=\"noLazy flagpm_the_photo swiper-lazy\"><div class=\"swiper-lazy-preloader swiper-lazy-preloader-black\"><\/div><\/div><div class=\"swiper-slide\" data-hash=\"flagallery20627\" data-photo-id=\"20627\"><span class=\"flagpm_va\"><\/span><img data-src=\"https:\/\/bobvarela.com\/wp-content\/flagallery\/custo-barcelona-coleccion-primavera-verano-2016\/webview\/custo_014.jpg\" alt=\"080 Barcelona Spring-Summer 2016\" class=\"noLazy flagpm_the_photo swiper-lazy\"><div class=\"swiper-lazy-preloader swiper-lazy-preloader-black\"><\/div><\/div><div class=\"swiper-slide\" data-hash=\"flagallery20628\" data-photo-id=\"20628\"><span class=\"flagpm_va\"><\/span><img data-src=\"https:\/\/bobvarela.com\/wp-content\/flagallery\/custo-barcelona-coleccion-primavera-verano-2016\/webview\/custo_015.jpg\" alt=\"080 Barcelona Spring-Summer 2016\" class=\"noLazy flagpm_the_photo swiper-lazy\"><div class=\"swiper-lazy-preloader swiper-lazy-preloader-black\"><\/div><\/div><div class=\"swiper-slide\" data-hash=\"flagallery20629\" data-photo-id=\"20629\"><span class=\"flagpm_va\"><\/span><img data-src=\"https:\/\/bobvarela.com\/wp-content\/flagallery\/custo-barcelona-coleccion-primavera-verano-2016\/webview\/custo_016.jpg\" alt=\"080 Barcelona Spring-Summer 2016\" class=\"noLazy flagpm_the_photo swiper-lazy\"><div class=\"swiper-lazy-preloader swiper-lazy-preloader-black\"><\/div><\/div><div class=\"swiper-slide\" data-hash=\"flagallery20630\" data-photo-id=\"20630\"><span class=\"flagpm_va\"><\/span><img data-src=\"https:\/\/bobvarela.com\/wp-content\/flagallery\/custo-barcelona-coleccion-primavera-verano-2016\/webview\/custo_017.jpg\" alt=\"080 Barcelona Spring-Summer 2016\" class=\"noLazy flagpm_the_photo swiper-lazy\"><div class=\"swiper-lazy-preloader swiper-lazy-preloader-black\"><\/div><\/div><div class=\"swiper-slide\" data-hash=\"flagallery20631\" data-photo-id=\"20631\"><span class=\"flagpm_va\"><\/span><img data-src=\"https:\/\/bobvarela.com\/wp-content\/flagallery\/custo-barcelona-coleccion-primavera-verano-2016\/webview\/custo_018.jpg\" alt=\"080 Barcelona Spring-Summer 2016\" class=\"noLazy flagpm_the_photo swiper-lazy\"><div class=\"swiper-lazy-preloader swiper-lazy-preloader-black\"><\/div><\/div><div class=\"swiper-slide\" data-hash=\"flagallery20632\" data-photo-id=\"20632\"><span class=\"flagpm_va\"><\/span><img data-src=\"https:\/\/bobvarela.com\/wp-content\/flagallery\/custo-barcelona-coleccion-primavera-verano-2016\/webview\/custo_019.jpg\" alt=\"080 Barcelona Spring-Summer 2016\" class=\"noLazy flagpm_the_photo swiper-lazy\"><div class=\"swiper-lazy-preloader swiper-lazy-preloader-black\"><\/div><\/div><div class=\"swiper-slide\" data-hash=\"flagallery20633\" data-photo-id=\"20633\"><span class=\"flagpm_va\"><\/span><img data-src=\"https:\/\/bobvarela.com\/wp-content\/flagallery\/custo-barcelona-coleccion-primavera-verano-2016\/webview\/custo_020.jpg\" alt=\"080 Barcelona Spring-Summer 2016\" class=\"noLazy flagpm_the_photo swiper-lazy\"><div class=\"swiper-lazy-preloader swiper-lazy-preloader-black\"><\/div><\/div><div class=\"swiper-slide\" data-hash=\"flagallery20634\" data-photo-id=\"20634\"><span class=\"flagpm_va\"><\/span><img data-src=\"https:\/\/bobvarela.com\/wp-content\/flagallery\/custo-barcelona-coleccion-primavera-verano-2016\/webview\/custo_021.jpg\" alt=\"080 Barcelona Spring-Summer 2016\" class=\"noLazy flagpm_the_photo swiper-lazy\"><div class=\"swiper-lazy-preloader swiper-lazy-preloader-black\"><\/div><\/div><div class=\"swiper-slide\" data-hash=\"flagallery20635\" data-photo-id=\"20635\"><span class=\"flagpm_va\"><\/span><img data-src=\"https:\/\/bobvarela.com\/wp-content\/flagallery\/custo-barcelona-coleccion-primavera-verano-2016\/webview\/custo_022.jpg\" alt=\"080 Barcelona Spring-Summer 2016\" class=\"noLazy flagpm_the_photo swiper-lazy\"><div class=\"swiper-lazy-preloader swiper-lazy-preloader-black\"><\/div><\/div><div class=\"swiper-slide\" data-hash=\"flagallery20636\" data-photo-id=\"20636\"><span class=\"flagpm_va\"><\/span><img data-src=\"https:\/\/bobvarela.com\/wp-content\/flagallery\/custo-barcelona-coleccion-primavera-verano-2016\/webview\/custo_023.jpg\" alt=\"080 Barcelona Spring-Summer 2016\" class=\"noLazy flagpm_the_photo swiper-lazy\"><div class=\"swiper-lazy-preloader swiper-lazy-preloader-black\"><\/div><\/div><div class=\"swiper-slide\" data-hash=\"flagallery20637\" data-photo-id=\"20637\"><span class=\"flagpm_va\"><\/span><img data-src=\"https:\/\/bobvarela.com\/wp-content\/flagallery\/custo-barcelona-coleccion-primavera-verano-2016\/webview\/custo_024.jpg\" alt=\"080 Barcelona Spring-Summer 2016\" class=\"noLazy flagpm_the_photo swiper-lazy\"><div class=\"swiper-lazy-preloader swiper-lazy-preloader-black\"><\/div><\/div><div class=\"swiper-slide\" data-hash=\"flagallery20638\" data-photo-id=\"20638\"><span class=\"flagpm_va\"><\/span><img data-src=\"https:\/\/bobvarela.com\/wp-content\/flagallery\/custo-barcelona-coleccion-primavera-verano-2016\/webview\/custo_025.jpg\" alt=\"080 Barcelona Spring-Summer 2016\" class=\"noLazy flagpm_the_photo swiper-lazy\"><div class=\"swiper-lazy-preloader swiper-lazy-preloader-black\"><\/div><\/div><div class=\"swiper-slide\" data-hash=\"flagallery20639\" data-photo-id=\"20639\"><span class=\"flagpm_va\"><\/span><img data-src=\"https:\/\/bobvarela.com\/wp-content\/flagallery\/custo-barcelona-coleccion-primavera-verano-2016\/webview\/custo_026.jpg\" alt=\"080 Barcelona Spring-Summer 2016\" class=\"noLazy flagpm_the_photo swiper-lazy\"><div class=\"swiper-lazy-preloader swiper-lazy-preloader-black\"><\/div><\/div><div class=\"swiper-slide\" data-hash=\"flagallery20640\" data-photo-id=\"20640\"><span class=\"flagpm_va\"><\/span><img data-src=\"https:\/\/bobvarela.com\/wp-content\/flagallery\/custo-barcelona-coleccion-primavera-verano-2016\/webview\/custo_027.jpg\" alt=\"080 Barcelona Spring-Summer 2016\" class=\"noLazy flagpm_the_photo swiper-lazy\"><div class=\"swiper-lazy-preloader swiper-lazy-preloader-black\"><\/div><\/div><div class=\"swiper-slide\" data-hash=\"flagallery20641\" data-photo-id=\"20641\"><span class=\"flagpm_va\"><\/span><img data-src=\"https:\/\/bobvarela.com\/wp-content\/flagallery\/custo-barcelona-coleccion-primavera-verano-2016\/webview\/custo_028.jpg\" alt=\"080 Barcelona Spring-Summer 2016\" class=\"noLazy flagpm_the_photo swiper-lazy\"><div class=\"swiper-lazy-preloader swiper-lazy-preloader-black\"><\/div><\/div><div class=\"swiper-slide\" data-hash=\"flagallery20642\" data-photo-id=\"20642\"><span class=\"flagpm_va\"><\/span><img data-src=\"https:\/\/bobvarela.com\/wp-content\/flagallery\/custo-barcelona-coleccion-primavera-verano-2016\/webview\/custo_029.jpg\" alt=\"080 Barcelona Spring-Summer 2016\" class=\"noLazy flagpm_the_photo swiper-lazy\"><div class=\"swiper-lazy-preloader swiper-lazy-preloader-black\"><\/div><\/div><div class=\"swiper-slide\" data-hash=\"flagallery20643\" data-photo-id=\"20643\"><span class=\"flagpm_va\"><\/span><img data-src=\"https:\/\/bobvarela.com\/wp-content\/flagallery\/custo-barcelona-coleccion-primavera-verano-2016\/webview\/custo_030.jpg\" alt=\"080 Barcelona Spring-Summer 2016\" class=\"noLazy flagpm_the_photo swiper-lazy\"><div class=\"swiper-lazy-preloader swiper-lazy-preloader-black\"><\/div><\/div><div class=\"swiper-slide\" data-hash=\"flagallery20644\" data-photo-id=\"20644\"><span class=\"flagpm_va\"><\/span><img data-src=\"https:\/\/bobvarela.com\/wp-content\/flagallery\/custo-barcelona-coleccion-primavera-verano-2016\/webview\/custo_031.jpg\" alt=\"080 Barcelona Spring-Summer 2016\" class=\"noLazy flagpm_the_photo swiper-lazy\"><div class=\"swiper-lazy-preloader swiper-lazy-preloader-black\"><\/div><\/div><div class=\"swiper-slide\" data-hash=\"flagallery20645\" data-photo-id=\"20645\"><span class=\"flagpm_va\"><\/span><img data-src=\"https:\/\/bobvarela.com\/wp-content\/flagallery\/custo-barcelona-coleccion-primavera-verano-2016\/webview\/custo_032.jpg\" alt=\"080 Barcelona Spring-Summer 2016\" class=\"noLazy flagpm_the_photo swiper-lazy\"><div class=\"swiper-lazy-preloader swiper-lazy-preloader-black\"><\/div><\/div><div class=\"swiper-slide\" data-hash=\"flagallery20646\" data-photo-id=\"20646\"><span class=\"flagpm_va\"><\/span><img data-src=\"https:\/\/bobvarela.com\/wp-content\/flagallery\/custo-barcelona-coleccion-primavera-verano-2016\/webview\/custo_033.jpg\" alt=\"080 Barcelona Spring-Summer 2016\" class=\"noLazy flagpm_the_photo swiper-lazy\"><div class=\"swiper-lazy-preloader swiper-lazy-preloader-black\"><\/div><\/div><div class=\"swiper-slide\" data-hash=\"flagallery20647\" data-photo-id=\"20647\"><span class=\"flagpm_va\"><\/span><img data-src=\"https:\/\/bobvarela.com\/wp-content\/flagallery\/custo-barcelona-coleccion-primavera-verano-2016\/webview\/custo_034.jpg\" alt=\"080 Barcelona Spring-Summer 2016\" class=\"noLazy flagpm_the_photo swiper-lazy\"><div class=\"swiper-lazy-preloader swiper-lazy-preloader-black\"><\/div><\/div><div class=\"swiper-slide\" data-hash=\"flagallery20648\" data-photo-id=\"20648\"><span class=\"flagpm_va\"><\/span><img data-src=\"https:\/\/bobvarela.com\/wp-content\/flagallery\/custo-barcelona-coleccion-primavera-verano-2016\/webview\/custo_035.jpg\" alt=\"080 Barcelona Spring-Summer 2016\" class=\"noLazy flagpm_the_photo swiper-lazy\"><div class=\"swiper-lazy-preloader swiper-lazy-preloader-black\"><\/div><\/div><div class=\"swiper-slide\" data-hash=\"flagallery20649\" data-photo-id=\"20649\"><span class=\"flagpm_va\"><\/span><img data-src=\"https:\/\/bobvarela.com\/wp-content\/flagallery\/custo-barcelona-coleccion-primavera-verano-2016\/webview\/custo_036.jpg\" alt=\"080 Barcelona Spring-Summer 2016\" class=\"noLazy flagpm_the_photo swiper-lazy\"><div class=\"swiper-lazy-preloader swiper-lazy-preloader-black\"><\/div><\/div><div class=\"swiper-slide\" data-hash=\"flagallery20650\" data-photo-id=\"20650\"><span class=\"flagpm_va\"><\/span><img data-src=\"https:\/\/bobvarela.com\/wp-content\/flagallery\/custo-barcelona-coleccion-primavera-verano-2016\/webview\/custo_037.jpg\" alt=\"080 Barcelona Spring-Summer 2016\" class=\"noLazy flagpm_the_photo swiper-lazy\"><div class=\"swiper-lazy-preloader swiper-lazy-preloader-black\"><\/div><\/div><div class=\"swiper-slide\" data-hash=\"flagallery20651\" data-photo-id=\"20651\"><span class=\"flagpm_va\"><\/span><img data-src=\"https:\/\/bobvarela.com\/wp-content\/flagallery\/custo-barcelona-coleccion-primavera-verano-2016\/webview\/custo_038.jpg\" alt=\"080 Barcelona Spring-Summer 2016\" class=\"noLazy flagpm_the_photo swiper-lazy\"><div class=\"swiper-lazy-preloader swiper-lazy-preloader-black\"><\/div><\/div><div class=\"swiper-slide\" data-hash=\"flagallery20652\" data-photo-id=\"20652\"><span class=\"flagpm_va\"><\/span><img data-src=\"https:\/\/bobvarela.com\/wp-content\/flagallery\/custo-barcelona-coleccion-primavera-verano-2016\/webview\/custo_039.jpg\" alt=\"080 Barcelona Spring-Summer 2016\" class=\"noLazy flagpm_the_photo swiper-lazy\"><div class=\"swiper-lazy-preloader swiper-lazy-preloader-black\"><\/div><\/div><div class=\"swiper-slide\" data-hash=\"flagallery20653\" data-photo-id=\"20653\"><span class=\"flagpm_va\"><\/span><img data-src=\"https:\/\/bobvarela.com\/wp-content\/flagallery\/custo-barcelona-coleccion-primavera-verano-2016\/webview\/custo_040.jpg\" alt=\"080 Barcelona Spring-Summer 2016\" class=\"noLazy flagpm_the_photo swiper-lazy\"><div class=\"swiper-lazy-preloader swiper-lazy-preloader-black\"><\/div><\/div><div class=\"swiper-slide\" data-hash=\"flagallery20654\" data-photo-id=\"20654\"><span class=\"flagpm_va\"><\/span><img data-src=\"https:\/\/bobvarela.com\/wp-content\/flagallery\/custo-barcelona-coleccion-primavera-verano-2016\/webview\/custo_041.jpg\" alt=\"080 Barcelona Spring-Summer 2016\" class=\"noLazy flagpm_the_photo swiper-lazy\"><div class=\"swiper-lazy-preloader swiper-lazy-preloader-black\"><\/div><\/div><div class=\"swiper-slide\" data-hash=\"flagallery20655\" data-photo-id=\"20655\"><span class=\"flagpm_va\"><\/span><img data-src=\"https:\/\/bobvarela.com\/wp-content\/flagallery\/custo-barcelona-coleccion-primavera-verano-2016\/webview\/custo_042.jpg\" alt=\"080 Barcelona Spring-Summer 2016\" class=\"noLazy flagpm_the_photo swiper-lazy\"><div class=\"swiper-lazy-preloader swiper-lazy-preloader-black\"><\/div><\/div><div class=\"swiper-slide\" data-hash=\"flagallery20656\" data-photo-id=\"20656\"><span class=\"flagpm_va\"><\/span><img data-src=\"https:\/\/bobvarela.com\/wp-content\/flagallery\/custo-barcelona-coleccion-primavera-verano-2016\/webview\/custo_043.jpg\" alt=\"080 Barcelona Spring-Summer 2016\" class=\"noLazy flagpm_the_photo swiper-lazy\"><div class=\"swiper-lazy-preloader swiper-lazy-preloader-black\"><\/div><\/div><div class=\"swiper-slide\" data-hash=\"flagallery20657\" data-photo-id=\"20657\"><span class=\"flagpm_va\"><\/span><img data-src=\"https:\/\/bobvarela.com\/wp-content\/flagallery\/custo-barcelona-coleccion-primavera-verano-2016\/webview\/custo_044.jpg\" alt=\"080 Barcelona Spring-Summer 2016\" class=\"noLazy flagpm_the_photo swiper-lazy\"><div class=\"swiper-lazy-preloader swiper-lazy-preloader-black\"><\/div><\/div><div class=\"swiper-slide\" data-hash=\"flagallery20658\" data-photo-id=\"20658\"><span class=\"flagpm_va\"><\/span><img data-src=\"https:\/\/bobvarela.com\/wp-content\/flagallery\/custo-barcelona-coleccion-primavera-verano-2016\/webview\/custo_045.jpg\" alt=\"080 Barcelona Spring-Summer 2016\" class=\"noLazy flagpm_the_photo swiper-lazy\"><div class=\"swiper-lazy-preloader swiper-lazy-preloader-black\"><\/div><\/div><div class=\"swiper-slide\" data-hash=\"flagallery20659\" data-photo-id=\"20659\"><span class=\"flagpm_va\"><\/span><img data-src=\"https:\/\/bobvarela.com\/wp-content\/flagallery\/custo-barcelona-coleccion-primavera-verano-2016\/webview\/custo_046.jpg\" alt=\"080 Barcelona Spring-Summer 2016\" class=\"noLazy flagpm_the_photo swiper-lazy\"><div class=\"swiper-lazy-preloader swiper-lazy-preloader-black\"><\/div><\/div><div class=\"swiper-slide\" data-hash=\"flagallery20660\" data-photo-id=\"20660\"><span class=\"flagpm_va\"><\/span><img data-src=\"https:\/\/bobvarela.com\/wp-content\/flagallery\/custo-barcelona-coleccion-primavera-verano-2016\/webview\/custo_047.jpg\" alt=\"080 Barcelona Spring-Summer 2016\" class=\"noLazy flagpm_the_photo swiper-lazy\"><div class=\"swiper-lazy-preloader swiper-lazy-preloader-black\"><\/div><\/div><div class=\"swiper-slide\" data-hash=\"flagallery20661\" data-photo-id=\"20661\"><span class=\"flagpm_va\"><\/span><img data-src=\"https:\/\/bobvarela.com\/wp-content\/flagallery\/custo-barcelona-coleccion-primavera-verano-2016\/webview\/custo_048.jpg\" alt=\"080 Barcelona Spring-Summer 2016\" class=\"noLazy flagpm_the_photo swiper-lazy\"><div class=\"swiper-lazy-preloader swiper-lazy-preloader-black\"><\/div><\/div><div class=\"swiper-slide\" data-hash=\"flagallery20662\" data-photo-id=\"20662\"><span class=\"flagpm_va\"><\/span><img data-src=\"https:\/\/bobvarela.com\/wp-content\/flagallery\/custo-barcelona-coleccion-primavera-verano-2016\/webview\/custo_049.jpg\" alt=\"080 Barcelona Spring-Summer 2016\" class=\"noLazy flagpm_the_photo swiper-lazy\"><div class=\"swiper-lazy-preloader swiper-lazy-preloader-black\"><\/div><\/div><div class=\"swiper-slide\" data-hash=\"flagallery20663\" data-photo-id=\"20663\"><span class=\"flagpm_va\"><\/span><img data-src=\"https:\/\/bobvarela.com\/wp-content\/flagallery\/custo-barcelona-coleccion-primavera-verano-2016\/webview\/custo_050.jpg\" alt=\"080 Barcelona Spring-Summer 2016\" class=\"noLazy flagpm_the_photo swiper-lazy\"><div class=\"swiper-lazy-preloader swiper-lazy-preloader-black\"><\/div><\/div><div class=\"swiper-slide\" data-hash=\"flagallery20664\" data-photo-id=\"20664\"><span class=\"flagpm_va\"><\/span><img data-src=\"https:\/\/bobvarela.com\/wp-content\/flagallery\/custo-barcelona-coleccion-primavera-verano-2016\/webview\/custo_051.jpg\" alt=\"080 Barcelona Spring-Summer 2016\" class=\"noLazy flagpm_the_photo swiper-lazy\"><div class=\"swiper-lazy-preloader swiper-lazy-preloader-black\"><\/div><\/div><div class=\"swiper-slide\" data-hash=\"flagallery20665\" data-photo-id=\"20665\"><span class=\"flagpm_va\"><\/span><img data-src=\"https:\/\/bobvarela.com\/wp-content\/flagallery\/custo-barcelona-coleccion-primavera-verano-2016\/webview\/custo_052.jpg\" alt=\"080 Barcelona Spring-Summer 2016\" class=\"noLazy flagpm_the_photo swiper-lazy\"><div class=\"swiper-lazy-preloader swiper-lazy-preloader-black\"><\/div><\/div><div class=\"swiper-slide\" data-hash=\"flagallery20666\" data-photo-id=\"20666\"><span class=\"flagpm_va\"><\/span><img data-src=\"https:\/\/bobvarela.com\/wp-content\/flagallery\/custo-barcelona-coleccion-primavera-verano-2016\/webview\/custo_053.jpg\" alt=\"080 Barcelona Spring-Summer 2016\" class=\"noLazy flagpm_the_photo swiper-lazy\"><div class=\"swiper-lazy-preloader swiper-lazy-preloader-black\"><\/div><\/div><div class=\"swiper-slide\" data-hash=\"flagallery20667\" data-photo-id=\"20667\"><span class=\"flagpm_va\"><\/span><img data-src=\"https:\/\/bobvarela.com\/wp-content\/flagallery\/custo-barcelona-coleccion-primavera-verano-2016\/webview\/custo_054.jpg\" alt=\"080 Barcelona Spring-Summer 2016\" class=\"noLazy flagpm_the_photo swiper-lazy\"><div class=\"swiper-lazy-preloader swiper-lazy-preloader-black\"><\/div><\/div><div class=\"swiper-slide\" data-hash=\"flagallery20668\" data-photo-id=\"20668\"><span class=\"flagpm_va\"><\/span><img data-src=\"https:\/\/bobvarela.com\/wp-content\/flagallery\/custo-barcelona-coleccion-primavera-verano-2016\/webview\/custo_055.jpg\" alt=\"080 Barcelona Spring-Summer 2016\" class=\"noLazy flagpm_the_photo swiper-lazy\"><div class=\"swiper-lazy-preloader swiper-lazy-preloader-black\"><\/div><\/div><div class=\"swiper-slide\" data-hash=\"flagallery20669\" data-photo-id=\"20669\"><span class=\"flagpm_va\"><\/span><img data-src=\"https:\/\/bobvarela.com\/wp-content\/flagallery\/custo-barcelona-coleccion-primavera-verano-2016\/webview\/custo_056.jpg\" alt=\"080 Barcelona Spring-Summer 2016\" class=\"noLazy flagpm_the_photo swiper-lazy\"><div class=\"swiper-lazy-preloader swiper-lazy-preloader-black\"><\/div><\/div><div class=\"swiper-slide\" data-hash=\"flagallery20670\" data-photo-id=\"20670\"><span class=\"flagpm_va\"><\/span><img data-src=\"https:\/\/bobvarela.com\/wp-content\/flagallery\/custo-barcelona-coleccion-primavera-verano-2016\/webview\/custo_057.jpg\" alt=\"080 Barcelona Spring-Summer 2016\" class=\"noLazy flagpm_the_photo swiper-lazy\"><div class=\"swiper-lazy-preloader swiper-lazy-preloader-black\"><\/div><\/div><div class=\"swiper-slide\" data-hash=\"flagallery20671\" data-photo-id=\"20671\"><span class=\"flagpm_va\"><\/span><img data-src=\"https:\/\/bobvarela.com\/wp-content\/flagallery\/custo-barcelona-coleccion-primavera-verano-2016\/webview\/custo_058.jpg\" alt=\"080 Barcelona Spring-Summer 2016\" class=\"noLazy flagpm_the_photo swiper-lazy\"><div class=\"swiper-lazy-preloader swiper-lazy-preloader-black\"><\/div><\/div><div class=\"swiper-slide\" data-hash=\"flagallery20672\" data-photo-id=\"20672\"><span class=\"flagpm_va\"><\/span><img data-src=\"https:\/\/bobvarela.com\/wp-content\/flagallery\/custo-barcelona-coleccion-primavera-verano-2016\/webview\/custo_059.jpg\" alt=\"080 Barcelona Spring-Summer 2016\" class=\"noLazy flagpm_the_photo swiper-lazy\"><div class=\"swiper-lazy-preloader swiper-lazy-preloader-black\"><\/div><\/div><div class=\"swiper-slide\" data-hash=\"flagallery20673\" data-photo-id=\"20673\"><span class=\"flagpm_va\"><\/span><img data-src=\"https:\/\/bobvarela.com\/wp-content\/flagallery\/custo-barcelona-coleccion-primavera-verano-2016\/webview\/custo_060.jpg\" alt=\"080 Barcelona Spring-Summer 2016\" class=\"noLazy flagpm_the_photo swiper-lazy\"><div class=\"swiper-lazy-preloader swiper-lazy-preloader-black\"><\/div><\/div><div class=\"swiper-slide\" data-hash=\"flagallery20674\" data-photo-id=\"20674\"><span class=\"flagpm_va\"><\/span><img data-src=\"https:\/\/bobvarela.com\/wp-content\/flagallery\/custo-barcelona-coleccion-primavera-verano-2016\/webview\/custo_061.jpg\" alt=\"080 Barcelona Spring-Summer 2016\" class=\"noLazy flagpm_the_photo swiper-lazy\"><div class=\"swiper-lazy-preloader swiper-lazy-preloader-black\"><\/div><\/div><div class=\"swiper-slide\" data-hash=\"flagallery20675\" data-photo-id=\"20675\"><span class=\"flagpm_va\"><\/span><img data-src=\"https:\/\/bobvarela.com\/wp-content\/flagallery\/custo-barcelona-coleccion-primavera-verano-2016\/webview\/custo_062.jpg\" alt=\"080 Barcelona Spring-Summer 2016\" class=\"noLazy flagpm_the_photo swiper-lazy\"><div class=\"swiper-lazy-preloader swiper-lazy-preloader-black\"><\/div><\/div> <\/div> <\/div> <\/div> <div class=\"flagpm_photo_header\"> <div class=\"flagpm_wrapper flagpm_clearfix\"> <div class=\"flagpm_focus_actions\"> <ul class=\"flagpm_focus_share\"> <li style=\"list-style:none;\" class=\"flagpm_share_wrapper\"> <a class=\"flagpm_button flagpm_share\">Share<\/a> <ul class=\"flagpm_sharelizers flagpm_clearfix\"> <li style=\"list-style:none;\"><a class=\"flagpm_button flagpm_facebook flagpm_sharelizer\">Facebook<\/a><\/li> <li style=\"list-style:none;\"><a class=\"flagpm_button flagpm_twitter flagpm_sharelizer\">Twitter<\/a><\/li> <li style=\"list-style:none;\"><a class=\"flagpm_button flagpm_pinterest flagpm_sharelizer\">Pinterest<\/a><\/li> <li style=\"list-style:none;\"><a class=\"flagpm_button flagpm_stumbleupon flagpm_sharelizer\">StumbleUpon<\/a><\/li> <\/ul> <\/li> <\/ul> <ul class=\"flagpm_focus_like_fave flagpm_clearfix\"> <li style=\"list-style:none;\"><a class=\"flagpm_button flagpm_like\">Like<\/a><\/li> <\/ul> <ul class=\"flagpm_focus_arrows flagpm_clearfix\"> <li style=\"list-style:none;\"><a class=\"flagpm_button flagpm_photo_arrow_previous flagpm_prev\">Previous<\/a><\/li> <li style=\"list-style:none;\"><a class=\"flagpm_button flagpm_photo_arrow_next flagpm_next\">Next<\/a><\/li> <\/ul> <\/div> <div class=\"flagpm_name_wrap flagpm_clearfix flagpm_no_avatar\"> <div class=\"flagpm_title_author\"> <div class=\"flagpm_title\">080 Barcelona Spring-Summer 2016<\/div> <\/div> <\/div> <div class=\"flagpm_actions flagpm_clearfix\"> <div class=\"flagpm_carousel flagpm_has_previous flagpm_has_next\"> <div class=\"flagpm_previous_button\"><\/div> <div class=\"flagpm_photo_carousel\"> <div class=\"swiper-container swiper-small-images\"> <div class=\"swiper-wrapper\"><div class=\"swiper-slide flagpm_photo\" data-photo-id=\"20616\"><img decoding=\"async\" src=\"https:\/\/bobvarela.com\/wp-content\/flagallery\/custo-barcelona-coleccion-primavera-verano-2016\/thumbs\/thumbs_custo_003.jpg\" data-src=\"https:\/\/bobvarela.com\/wp-content\/flagallery\/custo-barcelona-coleccion-primavera-verano-2016\/thumbs\/thumbs_custo_003.jpg\" alt=\"080 Barcelona Spring-Summer 2016\" class=\"noLazy flagpm_photo swiper-lazy flagpm_photo_portrait\"><span class=\"swiper-lazy-preloader swiper-lazy-preloader-black\"><\/span><\/div><div class=\"swiper-slide flagpm_photo\" data-photo-id=\"20617\"><img data-src=\"https:\/\/bobvarela.com\/wp-content\/flagallery\/custo-barcelona-coleccion-primavera-verano-2016\/thumbs\/thumbs_custo_004.jpg\" alt=\"080 Barcelona Spring-Summer 2016\" class=\"noLazy flagpm_photo swiper-lazy flagpm_photo_portrait\"><span class=\"swiper-lazy-preloader swiper-lazy-preloader-black\"><\/span><\/div><div class=\"swiper-slide flagpm_photo\" data-photo-id=\"20618\"><img data-src=\"https:\/\/bobvarela.com\/wp-content\/flagallery\/custo-barcelona-coleccion-primavera-verano-2016\/thumbs\/thumbs_custo_005.jpg\" alt=\"080 Barcelona Spring-Summer 2016\" class=\"noLazy flagpm_photo swiper-lazy flagpm_photo_portrait\"><span class=\"swiper-lazy-preloader swiper-lazy-preloader-black\"><\/span><\/div><div class=\"swiper-slide flagpm_photo\" data-photo-id=\"20619\"><img data-src=\"https:\/\/bobvarela.com\/wp-content\/flagallery\/custo-barcelona-coleccion-primavera-verano-2016\/thumbs\/thumbs_custo_006.jpg\" alt=\"080 Barcelona Spring-Summer 2016\" class=\"noLazy flagpm_photo swiper-lazy flagpm_photo_portrait\"><span class=\"swiper-lazy-preloader swiper-lazy-preloader-black\"><\/span><\/div><div class=\"swiper-slide flagpm_photo\" data-photo-id=\"20620\"><img data-src=\"https:\/\/bobvarela.com\/wp-content\/flagallery\/custo-barcelona-coleccion-primavera-verano-2016\/thumbs\/thumbs_custo_007.jpg\" alt=\"080 Barcelona Spring-Summer 2016\" class=\"noLazy flagpm_photo swiper-lazy flagpm_photo_portrait\"><span class=\"swiper-lazy-preloader swiper-lazy-preloader-black\"><\/span><\/div><div class=\"swiper-slide flagpm_photo\" data-photo-id=\"20621\"><img data-src=\"https:\/\/bobvarela.com\/wp-content\/flagallery\/custo-barcelona-coleccion-primavera-verano-2016\/thumbs\/thumbs_custo_008.jpg\" alt=\"080 Barcelona Spring-Summer 2016\" class=\"noLazy flagpm_photo swiper-lazy flagpm_photo_portrait\"><span class=\"swiper-lazy-preloader swiper-lazy-preloader-black\"><\/span><\/div><div class=\"swiper-slide flagpm_photo\" data-photo-id=\"20622\"><img data-src=\"https:\/\/bobvarela.com\/wp-content\/flagallery\/custo-barcelona-coleccion-primavera-verano-2016\/thumbs\/thumbs_custo_009.jpg\" alt=\"080 Barcelona Spring-Summer 2016\" class=\"noLazy flagpm_photo swiper-lazy flagpm_photo_portrait\"><span class=\"swiper-lazy-preloader swiper-lazy-preloader-black\"><\/span><\/div><div class=\"swiper-slide flagpm_photo\" data-photo-id=\"20623\"><img data-src=\"https:\/\/bobvarela.com\/wp-content\/flagallery\/custo-barcelona-coleccion-primavera-verano-2016\/thumbs\/thumbs_custo_010.jpg\" alt=\"080 Barcelona Spring-Summer 2016\" class=\"noLazy flagpm_photo swiper-lazy flagpm_photo_portrait\"><span class=\"swiper-lazy-preloader swiper-lazy-preloader-black\"><\/span><\/div><div class=\"swiper-slide flagpm_photo\" data-photo-id=\"20624\"><img data-src=\"https:\/\/bobvarela.com\/wp-content\/flagallery\/custo-barcelona-coleccion-primavera-verano-2016\/thumbs\/thumbs_custo_011.jpg\" alt=\"080 Barcelona Spring-Summer 2016\" class=\"noLazy flagpm_photo swiper-lazy flagpm_photo_portrait\"><span class=\"swiper-lazy-preloader swiper-lazy-preloader-black\"><\/span><\/div><div class=\"swiper-slide flagpm_photo\" data-photo-id=\"20625\"><img data-src=\"https:\/\/bobvarela.com\/wp-content\/flagallery\/custo-barcelona-coleccion-primavera-verano-2016\/thumbs\/thumbs_custo_012.jpg\" alt=\"080 Barcelona Spring-Summer 2016\" class=\"noLazy flagpm_photo swiper-lazy flagpm_photo_portrait\"><span class=\"swiper-lazy-preloader swiper-lazy-preloader-black\"><\/span><\/div><div class=\"swiper-slide flagpm_photo\" data-photo-id=\"20626\"><img data-src=\"https:\/\/bobvarela.com\/wp-content\/flagallery\/custo-barcelona-coleccion-primavera-verano-2016\/thumbs\/thumbs_custo_013.jpg\" alt=\"080 Barcelona Spring-Summer 2016\" class=\"noLazy flagpm_photo swiper-lazy flagpm_photo_portrait\"><span class=\"swiper-lazy-preloader swiper-lazy-preloader-black\"><\/span><\/div><div class=\"swiper-slide flagpm_photo\" data-photo-id=\"20627\"><img data-src=\"https:\/\/bobvarela.com\/wp-content\/flagallery\/custo-barcelona-coleccion-primavera-verano-2016\/thumbs\/thumbs_custo_014.jpg\" alt=\"080 Barcelona Spring-Summer 2016\" class=\"noLazy flagpm_photo swiper-lazy flagpm_photo_portrait\"><span class=\"swiper-lazy-preloader swiper-lazy-preloader-black\"><\/span><\/div><div class=\"swiper-slide flagpm_photo\" data-photo-id=\"20628\"><img data-src=\"https:\/\/bobvarela.com\/wp-content\/flagallery\/custo-barcelona-coleccion-primavera-verano-2016\/thumbs\/thumbs_custo_015.jpg\" alt=\"080 Barcelona Spring-Summer 2016\" class=\"noLazy flagpm_photo swiper-lazy flagpm_photo_portrait\"><span class=\"swiper-lazy-preloader swiper-lazy-preloader-black\"><\/span><\/div><div class=\"swiper-slide flagpm_photo\" data-photo-id=\"20629\"><img data-src=\"https:\/\/bobvarela.com\/wp-content\/flagallery\/custo-barcelona-coleccion-primavera-verano-2016\/thumbs\/thumbs_custo_016.jpg\" alt=\"080 Barcelona Spring-Summer 2016\" class=\"noLazy flagpm_photo swiper-lazy flagpm_photo_portrait\"><span class=\"swiper-lazy-preloader swiper-lazy-preloader-black\"><\/span><\/div><div class=\"swiper-slide flagpm_photo\" data-photo-id=\"20630\"><img data-src=\"https:\/\/bobvarela.com\/wp-content\/flagallery\/custo-barcelona-coleccion-primavera-verano-2016\/thumbs\/thumbs_custo_017.jpg\" alt=\"080 Barcelona Spring-Summer 2016\" class=\"noLazy flagpm_photo swiper-lazy flagpm_photo_portrait\"><span class=\"swiper-lazy-preloader swiper-lazy-preloader-black\"><\/span><\/div><div class=\"swiper-slide flagpm_photo\" data-photo-id=\"20631\"><img data-src=\"https:\/\/bobvarela.com\/wp-content\/flagallery\/custo-barcelona-coleccion-primavera-verano-2016\/thumbs\/thumbs_custo_018.jpg\" alt=\"080 Barcelona Spring-Summer 2016\" class=\"noLazy flagpm_photo swiper-lazy flagpm_photo_portrait\"><span class=\"swiper-lazy-preloader swiper-lazy-preloader-black\"><\/span><\/div><div class=\"swiper-slide flagpm_photo\" data-photo-id=\"20632\"><img data-src=\"https:\/\/bobvarela.com\/wp-content\/flagallery\/custo-barcelona-coleccion-primavera-verano-2016\/thumbs\/thumbs_custo_019.jpg\" alt=\"080 Barcelona Spring-Summer 2016\" class=\"noLazy flagpm_photo swiper-lazy flagpm_photo_portrait\"><span class=\"swiper-lazy-preloader swiper-lazy-preloader-black\"><\/span><\/div><div class=\"swiper-slide flagpm_photo\" data-photo-id=\"20633\"><img data-src=\"https:\/\/bobvarela.com\/wp-content\/flagallery\/custo-barcelona-coleccion-primavera-verano-2016\/thumbs\/thumbs_custo_020.jpg\" alt=\"080 Barcelona Spring-Summer 2016\" class=\"noLazy flagpm_photo swiper-lazy flagpm_photo_portrait\"><span class=\"swiper-lazy-preloader swiper-lazy-preloader-black\"><\/span><\/div><div class=\"swiper-slide flagpm_photo\" data-photo-id=\"20634\"><img data-src=\"https:\/\/bobvarela.com\/wp-content\/flagallery\/custo-barcelona-coleccion-primavera-verano-2016\/thumbs\/thumbs_custo_021.jpg\" alt=\"080 Barcelona Spring-Summer 2016\" class=\"noLazy flagpm_photo swiper-lazy flagpm_photo_portrait\"><span class=\"swiper-lazy-preloader swiper-lazy-preloader-black\"><\/span><\/div><div class=\"swiper-slide flagpm_photo\" data-photo-id=\"20635\"><img data-src=\"https:\/\/bobvarela.com\/wp-content\/flagallery\/custo-barcelona-coleccion-primavera-verano-2016\/thumbs\/thumbs_custo_022.jpg\" alt=\"080 Barcelona Spring-Summer 2016\" class=\"noLazy flagpm_photo swiper-lazy flagpm_photo_portrait\"><span class=\"swiper-lazy-preloader swiper-lazy-preloader-black\"><\/span><\/div><div class=\"swiper-slide flagpm_photo\" data-photo-id=\"20636\"><img data-src=\"https:\/\/bobvarela.com\/wp-content\/flagallery\/custo-barcelona-coleccion-primavera-verano-2016\/thumbs\/thumbs_custo_023.jpg\" alt=\"080 Barcelona Spring-Summer 2016\" class=\"noLazy flagpm_photo swiper-lazy flagpm_photo_portrait\"><span class=\"swiper-lazy-preloader swiper-lazy-preloader-black\"><\/span><\/div><div class=\"swiper-slide flagpm_photo\" data-photo-id=\"20637\"><img data-src=\"https:\/\/bobvarela.com\/wp-content\/flagallery\/custo-barcelona-coleccion-primavera-verano-2016\/thumbs\/thumbs_custo_024.jpg\" alt=\"080 Barcelona Spring-Summer 2016\" class=\"noLazy flagpm_photo swiper-lazy flagpm_photo_portrait\"><span class=\"swiper-lazy-preloader swiper-lazy-preloader-black\"><\/span><\/div><div class=\"swiper-slide flagpm_photo\" data-photo-id=\"20638\"><img data-src=\"https:\/\/bobvarela.com\/wp-content\/flagallery\/custo-barcelona-coleccion-primavera-verano-2016\/thumbs\/thumbs_custo_025.jpg\" alt=\"080 Barcelona Spring-Summer 2016\" class=\"noLazy flagpm_photo swiper-lazy flagpm_photo_portrait\"><span class=\"swiper-lazy-preloader swiper-lazy-preloader-black\"><\/span><\/div><div class=\"swiper-slide flagpm_photo\" data-photo-id=\"20639\"><img data-src=\"https:\/\/bobvarela.com\/wp-content\/flagallery\/custo-barcelona-coleccion-primavera-verano-2016\/thumbs\/thumbs_custo_026.jpg\" alt=\"080 Barcelona Spring-Summer 2016\" class=\"noLazy flagpm_photo swiper-lazy flagpm_photo_portrait\"><span class=\"swiper-lazy-preloader swiper-lazy-preloader-black\"><\/span><\/div><div class=\"swiper-slide flagpm_photo\" data-photo-id=\"20640\"><img data-src=\"https:\/\/bobvarela.com\/wp-content\/flagallery\/custo-barcelona-coleccion-primavera-verano-2016\/thumbs\/thumbs_custo_027.jpg\" alt=\"080 Barcelona Spring-Summer 2016\" class=\"noLazy flagpm_photo swiper-lazy flagpm_photo_portrait\"><span class=\"swiper-lazy-preloader swiper-lazy-preloader-black\"><\/span><\/div><div class=\"swiper-slide flagpm_photo\" data-photo-id=\"20641\"><img data-src=\"https:\/\/bobvarela.com\/wp-content\/flagallery\/custo-barcelona-coleccion-primavera-verano-2016\/thumbs\/thumbs_custo_028.jpg\" alt=\"080 Barcelona Spring-Summer 2016\" class=\"noLazy flagpm_photo swiper-lazy flagpm_photo_portrait\"><span class=\"swiper-lazy-preloader swiper-lazy-preloader-black\"><\/span><\/div><div class=\"swiper-slide flagpm_photo\" data-photo-id=\"20642\"><img data-src=\"https:\/\/bobvarela.com\/wp-content\/flagallery\/custo-barcelona-coleccion-primavera-verano-2016\/thumbs\/thumbs_custo_029.jpg\" alt=\"080 Barcelona Spring-Summer 2016\" class=\"noLazy flagpm_photo swiper-lazy flagpm_photo_portrait\"><span class=\"swiper-lazy-preloader swiper-lazy-preloader-black\"><\/span><\/div><div class=\"swiper-slide flagpm_photo\" data-photo-id=\"20643\"><img data-src=\"https:\/\/bobvarela.com\/wp-content\/flagallery\/custo-barcelona-coleccion-primavera-verano-2016\/thumbs\/thumbs_custo_030.jpg\" alt=\"080 Barcelona Spring-Summer 2016\" class=\"noLazy flagpm_photo swiper-lazy flagpm_photo_portrait\"><span class=\"swiper-lazy-preloader swiper-lazy-preloader-black\"><\/span><\/div><div class=\"swiper-slide flagpm_photo\" data-photo-id=\"20644\"><img data-src=\"https:\/\/bobvarela.com\/wp-content\/flagallery\/custo-barcelona-coleccion-primavera-verano-2016\/thumbs\/thumbs_custo_031.jpg\" alt=\"080 Barcelona Spring-Summer 2016\" class=\"noLazy flagpm_photo swiper-lazy flagpm_photo_portrait\"><span class=\"swiper-lazy-preloader swiper-lazy-preloader-black\"><\/span><\/div><div class=\"swiper-slide flagpm_photo\" data-photo-id=\"20645\"><img data-src=\"https:\/\/bobvarela.com\/wp-content\/flagallery\/custo-barcelona-coleccion-primavera-verano-2016\/thumbs\/thumbs_custo_032.jpg\" alt=\"080 Barcelona Spring-Summer 2016\" class=\"noLazy flagpm_photo swiper-lazy flagpm_photo_portrait\"><span class=\"swiper-lazy-preloader swiper-lazy-preloader-black\"><\/span><\/div><div class=\"swiper-slide flagpm_photo\" data-photo-id=\"20646\"><img data-src=\"https:\/\/bobvarela.com\/wp-content\/flagallery\/custo-barcelona-coleccion-primavera-verano-2016\/thumbs\/thumbs_custo_033.jpg\" alt=\"080 Barcelona Spring-Summer 2016\" class=\"noLazy flagpm_photo swiper-lazy flagpm_photo_portrait\"><span class=\"swiper-lazy-preloader swiper-lazy-preloader-black\"><\/span><\/div><div class=\"swiper-slide flagpm_photo\" data-photo-id=\"20647\"><img data-src=\"https:\/\/bobvarela.com\/wp-content\/flagallery\/custo-barcelona-coleccion-primavera-verano-2016\/thumbs\/thumbs_custo_034.jpg\" alt=\"080 Barcelona Spring-Summer 2016\" class=\"noLazy flagpm_photo swiper-lazy flagpm_photo_portrait\"><span class=\"swiper-lazy-preloader swiper-lazy-preloader-black\"><\/span><\/div><div class=\"swiper-slide flagpm_photo\" data-photo-id=\"20648\"><img data-src=\"https:\/\/bobvarela.com\/wp-content\/flagallery\/custo-barcelona-coleccion-primavera-verano-2016\/thumbs\/thumbs_custo_035.jpg\" alt=\"080 Barcelona Spring-Summer 2016\" class=\"noLazy flagpm_photo swiper-lazy flagpm_photo_portrait\"><span class=\"swiper-lazy-preloader swiper-lazy-preloader-black\"><\/span><\/div><div class=\"swiper-slide flagpm_photo\" data-photo-id=\"20649\"><img data-src=\"https:\/\/bobvarela.com\/wp-content\/flagallery\/custo-barcelona-coleccion-primavera-verano-2016\/thumbs\/thumbs_custo_036.jpg\" alt=\"080 Barcelona Spring-Summer 2016\" class=\"noLazy flagpm_photo swiper-lazy flagpm_photo_portrait\"><span class=\"swiper-lazy-preloader swiper-lazy-preloader-black\"><\/span><\/div><div class=\"swiper-slide flagpm_photo\" data-photo-id=\"20650\"><img data-src=\"https:\/\/bobvarela.com\/wp-content\/flagallery\/custo-barcelona-coleccion-primavera-verano-2016\/thumbs\/thumbs_custo_037.jpg\" alt=\"080 Barcelona Spring-Summer 2016\" class=\"noLazy flagpm_photo swiper-lazy flagpm_photo_portrait\"><span class=\"swiper-lazy-preloader swiper-lazy-preloader-black\"><\/span><\/div><div class=\"swiper-slide flagpm_photo\" data-photo-id=\"20651\"><img data-src=\"https:\/\/bobvarela.com\/wp-content\/flagallery\/custo-barcelona-coleccion-primavera-verano-2016\/thumbs\/thumbs_custo_038.jpg\" alt=\"080 Barcelona Spring-Summer 2016\" class=\"noLazy flagpm_photo swiper-lazy flagpm_photo_portrait\"><span class=\"swiper-lazy-preloader swiper-lazy-preloader-black\"><\/span><\/div><div class=\"swiper-slide flagpm_photo\" data-photo-id=\"20652\"><img data-src=\"https:\/\/bobvarela.com\/wp-content\/flagallery\/custo-barcelona-coleccion-primavera-verano-2016\/thumbs\/thumbs_custo_039.jpg\" alt=\"080 Barcelona Spring-Summer 2016\" class=\"noLazy flagpm_photo swiper-lazy flagpm_photo_portrait\"><span class=\"swiper-lazy-preloader swiper-lazy-preloader-black\"><\/span><\/div><div class=\"swiper-slide flagpm_photo\" data-photo-id=\"20653\"><img data-src=\"https:\/\/bobvarela.com\/wp-content\/flagallery\/custo-barcelona-coleccion-primavera-verano-2016\/thumbs\/thumbs_custo_040.jpg\" alt=\"080 Barcelona Spring-Summer 2016\" class=\"noLazy flagpm_photo swiper-lazy flagpm_photo_portrait\"><span class=\"swiper-lazy-preloader swiper-lazy-preloader-black\"><\/span><\/div><div class=\"swiper-slide flagpm_photo\" data-photo-id=\"20654\"><img data-src=\"https:\/\/bobvarela.com\/wp-content\/flagallery\/custo-barcelona-coleccion-primavera-verano-2016\/thumbs\/thumbs_custo_041.jpg\" alt=\"080 Barcelona Spring-Summer 2016\" class=\"noLazy flagpm_photo swiper-lazy flagpm_photo_portrait\"><span class=\"swiper-lazy-preloader swiper-lazy-preloader-black\"><\/span><\/div><div class=\"swiper-slide flagpm_photo\" data-photo-id=\"20655\"><img data-src=\"https:\/\/bobvarela.com\/wp-content\/flagallery\/custo-barcelona-coleccion-primavera-verano-2016\/thumbs\/thumbs_custo_042.jpg\" alt=\"080 Barcelona Spring-Summer 2016\" class=\"noLazy flagpm_photo swiper-lazy flagpm_photo_portrait\"><span class=\"swiper-lazy-preloader swiper-lazy-preloader-black\"><\/span><\/div><div class=\"swiper-slide flagpm_photo\" data-photo-id=\"20656\"><img data-src=\"https:\/\/bobvarela.com\/wp-content\/flagallery\/custo-barcelona-coleccion-primavera-verano-2016\/thumbs\/thumbs_custo_043.jpg\" alt=\"080 Barcelona Spring-Summer 2016\" class=\"noLazy flagpm_photo swiper-lazy flagpm_photo_portrait\"><span class=\"swiper-lazy-preloader swiper-lazy-preloader-black\"><\/span><\/div><div class=\"swiper-slide flagpm_photo\" data-photo-id=\"20657\"><img data-src=\"https:\/\/bobvarela.com\/wp-content\/flagallery\/custo-barcelona-coleccion-primavera-verano-2016\/thumbs\/thumbs_custo_044.jpg\" alt=\"080 Barcelona Spring-Summer 2016\" class=\"noLazy flagpm_photo swiper-lazy flagpm_photo_portrait\"><span class=\"swiper-lazy-preloader swiper-lazy-preloader-black\"><\/span><\/div><div class=\"swiper-slide flagpm_photo\" data-photo-id=\"20658\"><img data-src=\"https:\/\/bobvarela.com\/wp-content\/flagallery\/custo-barcelona-coleccion-primavera-verano-2016\/thumbs\/thumbs_custo_045.jpg\" alt=\"080 Barcelona Spring-Summer 2016\" class=\"noLazy flagpm_photo swiper-lazy flagpm_photo_portrait\"><span class=\"swiper-lazy-preloader swiper-lazy-preloader-black\"><\/span><\/div><div class=\"swiper-slide flagpm_photo\" data-photo-id=\"20659\"><img data-src=\"https:\/\/bobvarela.com\/wp-content\/flagallery\/custo-barcelona-coleccion-primavera-verano-2016\/thumbs\/thumbs_custo_046.jpg\" alt=\"080 Barcelona Spring-Summer 2016\" class=\"noLazy flagpm_photo swiper-lazy flagpm_photo_portrait\"><span class=\"swiper-lazy-preloader swiper-lazy-preloader-black\"><\/span><\/div><div class=\"swiper-slide flagpm_photo\" data-photo-id=\"20660\"><img data-src=\"https:\/\/bobvarela.com\/wp-content\/flagallery\/custo-barcelona-coleccion-primavera-verano-2016\/thumbs\/thumbs_custo_047.jpg\" alt=\"080 Barcelona Spring-Summer 2016\" class=\"noLazy flagpm_photo swiper-lazy flagpm_photo_portrait\"><span class=\"swiper-lazy-preloader swiper-lazy-preloader-black\"><\/span><\/div><div class=\"swiper-slide flagpm_photo\" data-photo-id=\"20661\"><img data-src=\"https:\/\/bobvarela.com\/wp-content\/flagallery\/custo-barcelona-coleccion-primavera-verano-2016\/thumbs\/thumbs_custo_048.jpg\" alt=\"080 Barcelona Spring-Summer 2016\" class=\"noLazy flagpm_photo swiper-lazy flagpm_photo_portrait\"><span class=\"swiper-lazy-preloader swiper-lazy-preloader-black\"><\/span><\/div><div class=\"swiper-slide flagpm_photo\" data-photo-id=\"20662\"><img data-src=\"https:\/\/bobvarela.com\/wp-content\/flagallery\/custo-barcelona-coleccion-primavera-verano-2016\/thumbs\/thumbs_custo_049.jpg\" alt=\"080 Barcelona Spring-Summer 2016\" class=\"noLazy flagpm_photo swiper-lazy flagpm_photo_portrait\"><span class=\"swiper-lazy-preloader swiper-lazy-preloader-black\"><\/span><\/div><div class=\"swiper-slide flagpm_photo\" data-photo-id=\"20663\"><img data-src=\"https:\/\/bobvarela.com\/wp-content\/flagallery\/custo-barcelona-coleccion-primavera-verano-2016\/thumbs\/thumbs_custo_050.jpg\" alt=\"080 Barcelona Spring-Summer 2016\" class=\"noLazy flagpm_photo swiper-lazy flagpm_photo_portrait\"><span class=\"swiper-lazy-preloader swiper-lazy-preloader-black\"><\/span><\/div><div class=\"swiper-slide flagpm_photo\" data-photo-id=\"20664\"><img data-src=\"https:\/\/bobvarela.com\/wp-content\/flagallery\/custo-barcelona-coleccion-primavera-verano-2016\/thumbs\/thumbs_custo_051.jpg\" alt=\"080 Barcelona Spring-Summer 2016\" class=\"noLazy flagpm_photo swiper-lazy flagpm_photo_portrait\"><span class=\"swiper-lazy-preloader swiper-lazy-preloader-black\"><\/span><\/div><div class=\"swiper-slide flagpm_photo\" data-photo-id=\"20665\"><img data-src=\"https:\/\/bobvarela.com\/wp-content\/flagallery\/custo-barcelona-coleccion-primavera-verano-2016\/thumbs\/thumbs_custo_052.jpg\" alt=\"080 Barcelona Spring-Summer 2016\" class=\"noLazy flagpm_photo swiper-lazy flagpm_photo_portrait\"><span class=\"swiper-lazy-preloader swiper-lazy-preloader-black\"><\/span><\/div><div class=\"swiper-slide flagpm_photo\" data-photo-id=\"20666\"><img data-src=\"https:\/\/bobvarela.com\/wp-content\/flagallery\/custo-barcelona-coleccion-primavera-verano-2016\/thumbs\/thumbs_custo_053.jpg\" alt=\"080 Barcelona Spring-Summer 2016\" class=\"noLazy flagpm_photo swiper-lazy flagpm_photo_portrait\"><span class=\"swiper-lazy-preloader swiper-lazy-preloader-black\"><\/span><\/div><div class=\"swiper-slide flagpm_photo\" data-photo-id=\"20667\"><img data-src=\"https:\/\/bobvarela.com\/wp-content\/flagallery\/custo-barcelona-coleccion-primavera-verano-2016\/thumbs\/thumbs_custo_054.jpg\" alt=\"080 Barcelona Spring-Summer 2016\" class=\"noLazy flagpm_photo swiper-lazy flagpm_photo_portrait\"><span class=\"swiper-lazy-preloader swiper-lazy-preloader-black\"><\/span><\/div><div class=\"swiper-slide flagpm_photo\" data-photo-id=\"20668\"><img data-src=\"https:\/\/bobvarela.com\/wp-content\/flagallery\/custo-barcelona-coleccion-primavera-verano-2016\/thumbs\/thumbs_custo_055.jpg\" alt=\"080 Barcelona Spring-Summer 2016\" class=\"noLazy flagpm_photo swiper-lazy flagpm_photo_portrait\"><span class=\"swiper-lazy-preloader swiper-lazy-preloader-black\"><\/span><\/div><div class=\"swiper-slide flagpm_photo\" data-photo-id=\"20669\"><img data-src=\"https:\/\/bobvarela.com\/wp-content\/flagallery\/custo-barcelona-coleccion-primavera-verano-2016\/thumbs\/thumbs_custo_056.jpg\" alt=\"080 Barcelona Spring-Summer 2016\" class=\"noLazy flagpm_photo swiper-lazy flagpm_photo_portrait\"><span class=\"swiper-lazy-preloader swiper-lazy-preloader-black\"><\/span><\/div><div class=\"swiper-slide flagpm_photo\" data-photo-id=\"20670\"><img data-src=\"https:\/\/bobvarela.com\/wp-content\/flagallery\/custo-barcelona-coleccion-primavera-verano-2016\/thumbs\/thumbs_custo_057.jpg\" alt=\"080 Barcelona Spring-Summer 2016\" class=\"noLazy flagpm_photo swiper-lazy flagpm_photo_portrait\"><span class=\"swiper-lazy-preloader swiper-lazy-preloader-black\"><\/span><\/div><div class=\"swiper-slide flagpm_photo\" data-photo-id=\"20671\"><img data-src=\"https:\/\/bobvarela.com\/wp-content\/flagallery\/custo-barcelona-coleccion-primavera-verano-2016\/thumbs\/thumbs_custo_058.jpg\" alt=\"080 Barcelona Spring-Summer 2016\" class=\"noLazy flagpm_photo swiper-lazy flagpm_photo_portrait\"><span class=\"swiper-lazy-preloader swiper-lazy-preloader-black\"><\/span><\/div><div class=\"swiper-slide flagpm_photo\" data-photo-id=\"20672\"><img data-src=\"https:\/\/bobvarela.com\/wp-content\/flagallery\/custo-barcelona-coleccion-primavera-verano-2016\/thumbs\/thumbs_custo_059.jpg\" alt=\"080 Barcelona Spring-Summer 2016\" class=\"noLazy flagpm_photo swiper-lazy flagpm_photo_portrait\"><span class=\"swiper-lazy-preloader swiper-lazy-preloader-black\"><\/span><\/div><div class=\"swiper-slide flagpm_photo\" data-photo-id=\"20673\"><img data-src=\"https:\/\/bobvarela.com\/wp-content\/flagallery\/custo-barcelona-coleccion-primavera-verano-2016\/thumbs\/thumbs_custo_060.jpg\" alt=\"080 Barcelona Spring-Summer 2016\" class=\"noLazy flagpm_photo swiper-lazy flagpm_photo_portrait\"><span class=\"swiper-lazy-preloader swiper-lazy-preloader-black\"><\/span><\/div><div class=\"swiper-slide flagpm_photo\" data-photo-id=\"20674\"><img data-src=\"https:\/\/bobvarela.com\/wp-content\/flagallery\/custo-barcelona-coleccion-primavera-verano-2016\/thumbs\/thumbs_custo_061.jpg\" alt=\"080 Barcelona Spring-Summer 2016\" class=\"noLazy flagpm_photo swiper-lazy flagpm_photo_portrait\"><span class=\"swiper-lazy-preloader swiper-lazy-preloader-black\"><\/span><\/div><div class=\"swiper-slide flagpm_photo\" data-photo-id=\"20675\"><img data-src=\"https:\/\/bobvarela.com\/wp-content\/flagallery\/custo-barcelona-coleccion-primavera-verano-2016\/thumbs\/thumbs_custo_062.jpg\" alt=\"080 Barcelona Spring-Summer 2016\" class=\"noLazy flagpm_photo swiper-lazy flagpm_photo_portrait\"><span class=\"swiper-lazy-preloader swiper-lazy-preloader-black\"><\/span><\/div> <\/div> <\/div> <\/div> <div class=\"flagpm_next_button\"><\/div> <\/div> <div class=\"flagpm_big_button_wrap\"> <div class=\"flagpm_share_wrapper\"> <a class=\"flagpm_button flagpm_share\">Share<\/a> <div class=\"flagpm_sharelizers_wrap\"> <ul class=\"flagpm_sharelizers\"> <li style=\"list-style:none;\"><a class=\"flagpm_button flagpm_facebook flagpm_sharelizer\">Facebook<\/a><\/li> <li style=\"list-style:none;\"><a class=\"flagpm_button flagpm_twitter flagpm_sharelizer\">Twitter<\/a><\/li> <li style=\"list-style:none;\"><a class=\"flagpm_button flagpm_pinterest flagpm_sharelizer\">Pinterest<\/a><\/li> <li style=\"list-style:none;\"><a class=\"flagpm_button flagpm_stumbleupon flagpm_sharelizer\">StumbleUpon<\/a><\/li> <\/ul> <\/div> <\/div> <a class=\"flagpm_button flagpm_like\">Like<\/a> <\/div> <div class=\"flagpm_big_button_wrap\"> <a class=\"flagpm_big_button flagpm_download_button\" href=\"https:\/\/bobvarela.com\/wp-content\/flagallery\/custo-barcelona-coleccion-primavera-verano-2016\/custo_003.jpg\" download=\"custo_003.jpg\"> <span class=\"flagpm_icon\"><\/span> <span class=\"flagpm_label\">Download<\/span> <\/a> <\/div> <div class=\"flagpm_big_button_wrap\"> <a class=\"flagpm_big_button flagpm_link_button flagpm_inactive\" > <span class=\"flagpm_icon\"><\/span> <span class=\"flagpm_label\">Open Link<\/span> <\/a> <\/div> <\/div> <\/div> <\/div> <div class=\"flagpm_focus_close_full\"> <span><a class=\"flagpm_button flagpm_close\">Close<\/a><\/span> <span><a class=\"flagpm_button flagpm_full\">Full<\/a><\/span> <\/div> <div class=\"flagpm_photo_details\"> <div class=\"flagpm_description_wrap\"> <div class=\"details_title\">Description<\/div> <div class=\"flagpm_description_text_wrap\"> <div class=\"flagpm_slide_description\"><p>080 Barcelona Spring-Summer 2016<\/p><\/div> <\/div> <\/div> <\/div> <div class=\"flagpm_focus_footer\"> <div class=\"flagpm_focus_keyboard\"> <div class=\"flagpm_focus_keyboard_title\">Keyboard Shortcuts <a class=\"flagpm_focus_keyboard_dismiss\">Dismiss<\/a><\/div> <ul> <li style=\"list-style:none;\"><a data-key=\"p\" class=\"flagpm_key\">S<\/a><span class=\"flagpm_label\">Slideshow<\/span><\/li> <li style=\"list-style:none;\"><a data-key=\"m\" class=\"flagpm_key\">M<\/a><span class=\"flagpm_label\">Maximize<\/span><\/li> <li style=\"list-style:none;\"><a data-key=\"left\" class=\"flagpm_key\">&nbsp;<\/a><span class=\"flagpm_label\">Previous<\/span><\/li> <li style=\"list-style:none;\"><a data-key=\"right\" class=\"flagpm_key\">&nbsp;<\/a><span class=\"flagpm_label\">Next<\/span><\/li> <li style=\"list-style:none;\"><a data-key=\"escape\" class=\"flagpm_key flagpm_esc\">esc<\/a><span class=\"flagpm_label\">Close<\/span><\/li> <\/ul> <\/div> <\/div> <\/div> <script type=\"text\/javascript\"> jQuery(function($) { var settings = {\"base_gallery_width\":\"800\",\"base_gallery_height\":\"500\",\"gallery_min_height\":\"230\",\"scale_mode\":\"fit\",\"initial_slide\":0,\"slideshow_autoplay\":\"0\",\"slideshow_delay\":\"7000\",\"gallery_focus\":\"0\",\"gallery_maximized\":\"0\",\"gallery_focus_maximized\":\"0\",\"keyboard_help\":\"1\",\"show_download_button\":\"1\",\"show_link_button\":\"1\",\"show_description\":\"1\",\"show_share_button\":\"1\",\"show_like_button\":\"1\",\"link_color\":\"#0099e5\",\"link_color_hover\":\"#02adea\",\"download_button_text\":\"Download\",\"link_button_text\":\"Open Link\",\"description_title\":\"Description\",\"key\":\"\",\"name\":\"\",\"gallID\":\"sc1_283\"}; var content = {\"data\":[{\"id\":\"20616\",\"image\":\"https:\\\/\\\/bobvarela.com\\\/wp-content\\\/flagallery\\\/custo-barcelona-coleccion-primavera-verano-2016\\\/webview\\\/custo_003.jpg\",\"thumb\":\"https:\\\/\\\/bobvarela.com\\\/wp-content\\\/flagallery\\\/custo-barcelona-coleccion-primavera-verano-2016\\\/thumbs\\\/thumbs_custo_003.jpg\",\"file\":\"custo_003.jpg\",\"meta\":{\"aperture\":false,\"credit\":false,\"camera\":false,\"caption\":\"080 Barcelona Spring-Summer 2016\",\"created_timestamp\":\"July 1, 2015 8:01 pm\",\"copyright\":\"\\u00c2\\u00a9 2015 Estrop-Barcelona PHOTOGRAPH FOR EDITORIAL USE ONLY\",\"focal_length\":false,\"iso\":false,\"shutter_speed\":false,\"flash\":false,\"title\":\"080 Barcelona Spring-Summer 2016\",\"keywords\":\"080 Barcelona,Estrop-Barcelona,Spring-Summer 2016\",\"width\":667,\"height\":1000,\"saved\":true,\"thumbnail\":{\"width\":220,\"height\":220,\"ewww_image_optimizer\":\"Reduced by 11.0% (3.1&nbsp;kB)\"},\"webview\":{\"0\":667,\"1\":1000,\"2\":2,\"3\":\"width=\\\"667\\\" height=\\\"1000\\\"\",\"bits\":8,\"channels\":3,\"mime\":\"image\\\/jpeg\",\"ewww_image_optimizer\":\"Reduced by 6.1% (3.9&nbsp;kB) - Previously Optimized\"},\"0\":false,\"ewww_image_optimizer\":\"Reduced by 6.3% (8.3&nbsp;kB)\",\"views\":\"98\",\"likes\":\"0\"},\"title\":\"080 Barcelona Spring-Summer 2016\",\"description\":\"<p>080 Barcelona Spring-Summer 2016<\\\/p>\",\"link\":null,\"link_target\":\"\",\"download\":\"https:\\\/\\\/bobvarela.com\\\/wp-content\\\/flagallery\\\/custo-barcelona-coleccion-primavera-verano-2016\\\/custo_003.jpg\",\"ratio\":0.6670000000000000373034936274052597582340240478515625},{\"id\":\"20617\",\"image\":\"https:\\\/\\\/bobvarela.com\\\/wp-content\\\/flagallery\\\/custo-barcelona-coleccion-primavera-verano-2016\\\/webview\\\/custo_004.jpg\",\"thumb\":\"https:\\\/\\\/bobvarela.com\\\/wp-content\\\/flagallery\\\/custo-barcelona-coleccion-primavera-verano-2016\\\/thumbs\\\/thumbs_custo_004.jpg\",\"file\":\"custo_004.jpg\",\"meta\":{\"aperture\":false,\"credit\":false,\"camera\":false,\"caption\":\"080 Barcelona Spring-Summer 2016\",\"created_timestamp\":\"July 1, 2015 8:01 pm\",\"copyright\":\"\\u00c2\\u00a9 2015 Estrop-Barcelona PHOTOGRAPH FOR EDITORIAL USE ONLY\",\"focal_length\":false,\"iso\":false,\"shutter_speed\":false,\"flash\":false,\"title\":\"080 Barcelona Spring-Summer 2016\",\"keywords\":\"080 Barcelona,Estrop-Barcelona,Spring-Summer 2016\",\"width\":667,\"height\":1000,\"saved\":true,\"thumbnail\":{\"width\":220,\"height\":220,\"ewww_image_optimizer\":\"Reduced by 10.1% (3.5&nbsp;kB)\"},\"webview\":{\"0\":667,\"1\":1000,\"2\":2,\"3\":\"width=\\\"667\\\" height=\\\"1000\\\"\",\"bits\":8,\"channels\":3,\"mime\":\"image\\\/jpeg\",\"ewww_image_optimizer\":\"Reduced by 6.1% (5.8&nbsp;kB) - Previously Optimized\"},\"0\":false,\"ewww_image_optimizer\":\"Reduced by 5.8% (11.5&nbsp;kB)\",\"views\":\"0\",\"likes\":\"0\"},\"title\":\"080 Barcelona Spring-Summer 2016\",\"description\":\"<p>080 Barcelona Spring-Summer 2016<\\\/p>\",\"link\":null,\"link_target\":\"\",\"download\":\"https:\\\/\\\/bobvarela.com\\\/wp-content\\\/flagallery\\\/custo-barcelona-coleccion-primavera-verano-2016\\\/custo_004.jpg\",\"ratio\":0.6670000000000000373034936274052597582340240478515625},{\"id\":\"20618\",\"image\":\"https:\\\/\\\/bobvarela.com\\\/wp-content\\\/flagallery\\\/custo-barcelona-coleccion-primavera-verano-2016\\\/webview\\\/custo_005.jpg\",\"thumb\":\"https:\\\/\\\/bobvarela.com\\\/wp-content\\\/flagallery\\\/custo-barcelona-coleccion-primavera-verano-2016\\\/thumbs\\\/thumbs_custo_005.jpg\",\"file\":\"custo_005.jpg\",\"meta\":{\"aperture\":false,\"credit\":false,\"camera\":false,\"caption\":\"080 Barcelona Spring-Summer 2016\",\"created_timestamp\":\"July 1, 2015 8:01 pm\",\"copyright\":\"\\u00c2\\u00a9 2015 Estrop-Barcelona PHOTOGRAPH FOR EDITORIAL USE ONLY\",\"focal_length\":false,\"iso\":false,\"shutter_speed\":false,\"flash\":false,\"title\":\"080 Barcelona Spring-Summer 2016\",\"keywords\":\"080 Barcelona,Estrop-Barcelona,Spring-Summer 2016\",\"width\":667,\"height\":1000,\"saved\":true,\"thumbnail\":{\"width\":220,\"height\":220,\"ewww_image_optimizer\":\"Reduced by 12.8% (4.3&nbsp;kB)\"},\"webview\":{\"0\":667,\"1\":1000,\"2\":2,\"3\":\"width=\\\"667\\\" height=\\\"1000\\\"\",\"bits\":8,\"channels\":3,\"mime\":\"image\\\/jpeg\",\"ewww_image_optimizer\":\"Reduced by 6.5% (6.3&nbsp;kB) - Previously Optimized\"},\"0\":false,\"ewww_image_optimizer\":\"Reduced by 7.2% (14.0&nbsp;kB)\",\"views\":\"1\",\"likes\":\"0\"},\"title\":\"080 Barcelona Spring-Summer 2016\",\"description\":\"<p>080 Barcelona Spring-Summer 2016<\\\/p>\",\"link\":null,\"link_target\":\"\",\"download\":\"https:\\\/\\\/bobvarela.com\\\/wp-content\\\/flagallery\\\/custo-barcelona-coleccion-primavera-verano-2016\\\/custo_005.jpg\",\"ratio\":0.6670000000000000373034936274052597582340240478515625},{\"id\":\"20619\",\"image\":\"https:\\\/\\\/bobvarela.com\\\/wp-content\\\/flagallery\\\/custo-barcelona-coleccion-primavera-verano-2016\\\/webview\\\/custo_006.jpg\",\"thumb\":\"https:\\\/\\\/bobvarela.com\\\/wp-content\\\/flagallery\\\/custo-barcelona-coleccion-primavera-verano-2016\\\/thumbs\\\/thumbs_custo_006.jpg\",\"file\":\"custo_006.jpg\",\"meta\":{\"aperture\":false,\"credit\":false,\"camera\":false,\"caption\":\"080 Barcelona Spring-Summer 2016\",\"created_timestamp\":\"July 1, 2015 8:01 pm\",\"copyright\":\"\\u00c2\\u00a9 2015 Estrop-Barcelona PHOTOGRAPH FOR EDITORIAL USE ONLY\",\"focal_length\":false,\"iso\":false,\"shutter_speed\":false,\"flash\":false,\"title\":\"080 Barcelona Spring-Summer 2016\",\"keywords\":\"080 Barcelona,Estrop-Barcelona,Spring-Summer 2016\",\"width\":667,\"height\":1000,\"saved\":true,\"thumbnail\":{\"width\":220,\"height\":220,\"ewww_image_optimizer\":\"Reduced by 13.0% (4.1&nbsp;kB)\"},\"webview\":{\"0\":667,\"1\":1000,\"2\":2,\"3\":\"width=\\\"667\\\" height=\\\"1000\\\"\",\"bits\":8,\"channels\":3,\"mime\":\"image\\\/jpeg\",\"ewww_image_optimizer\":\"Reduced by 6.4% (5.5&nbsp;kB) - Previously Optimized\"},\"0\":false,\"ewww_image_optimizer\":\"Reduced by 7.3% (12.8&nbsp;kB)\",\"views\":\"1\",\"likes\":\"0\"},\"title\":\"080 Barcelona Spring-Summer 2016\",\"description\":\"<p>080 Barcelona Spring-Summer 2016<\\\/p>\",\"link\":null,\"link_target\":\"\",\"download\":\"https:\\\/\\\/bobvarela.com\\\/wp-content\\\/flagallery\\\/custo-barcelona-coleccion-primavera-verano-2016\\\/custo_006.jpg\",\"ratio\":0.6670000000000000373034936274052597582340240478515625},{\"id\":\"20620\",\"image\":\"https:\\\/\\\/bobvarela.com\\\/wp-content\\\/flagallery\\\/custo-barcelona-coleccion-primavera-verano-2016\\\/webview\\\/custo_007.jpg\",\"thumb\":\"https:\\\/\\\/bobvarela.com\\\/wp-content\\\/flagallery\\\/custo-barcelona-coleccion-primavera-verano-2016\\\/thumbs\\\/thumbs_custo_007.jpg\",\"file\":\"custo_007.jpg\",\"meta\":{\"aperture\":false,\"credit\":false,\"camera\":false,\"caption\":\"080 Barcelona Spring-Summer 2016\",\"created_timestamp\":\"July 1, 2015 8:01 pm\",\"copyright\":\"\\u00c2\\u00a9 2015 Estrop-Barcelona PHOTOGRAPH FOR EDITORIAL USE ONLY\",\"focal_length\":false,\"iso\":false,\"shutter_speed\":false,\"flash\":false,\"title\":\"080 Barcelona Spring-Summer 2016\",\"keywords\":\"080 Barcelona,Estrop-Barcelona,Spring-Summer 2016\",\"width\":667,\"height\":1000,\"saved\":true,\"thumbnail\":{\"width\":220,\"height\":220,\"ewww_image_optimizer\":\"Reduced by 13.8% (6.2&nbsp;kB)\"},\"webview\":{\"0\":667,\"1\":1000,\"2\":2,\"3\":\"width=\\\"667\\\" height=\\\"1000\\\"\",\"bits\":8,\"channels\":3,\"mime\":\"image\\\/jpeg\",\"ewww_image_optimizer\":\"Reduced by 5.0% (7.1&nbsp;kB) - Previously Optimized\"},\"0\":false,\"ewww_image_optimizer\":\"Reduced by 5.8% (10.4&nbsp;kB)\",\"views\":\"0\",\"likes\":\"0\"},\"title\":\"080 Barcelona Spring-Summer 2016\",\"description\":\"<p>080 Barcelona Spring-Summer 2016<\\\/p>\",\"link\":null,\"link_target\":\"\",\"download\":\"https:\\\/\\\/bobvarela.com\\\/wp-content\\\/flagallery\\\/custo-barcelona-coleccion-primavera-verano-2016\\\/custo_007.jpg\",\"ratio\":0.6670000000000000373034936274052597582340240478515625},{\"id\":\"20621\",\"image\":\"https:\\\/\\\/bobvarela.com\\\/wp-content\\\/flagallery\\\/custo-barcelona-coleccion-primavera-verano-2016\\\/webview\\\/custo_008.jpg\",\"thumb\":\"https:\\\/\\\/bobvarela.com\\\/wp-content\\\/flagallery\\\/custo-barcelona-coleccion-primavera-verano-2016\\\/thumbs\\\/thumbs_custo_008.jpg\",\"file\":\"custo_008.jpg\",\"meta\":{\"aperture\":false,\"credit\":false,\"camera\":false,\"caption\":\"080 Barcelona Spring-Summer 2016\",\"created_timestamp\":\"July 1, 2015 8:01 pm\",\"copyright\":\"\\u00c2\\u00a9 2015 Estrop-Barcelona PHOTOGRAPH FOR EDITORIAL USE ONLY\",\"focal_length\":false,\"iso\":false,\"shutter_speed\":false,\"flash\":false,\"title\":\"080 Barcelona Spring-Summer 2016\",\"keywords\":\"080 Barcelona,Estrop-Barcelona,Spring-Summer 2016\",\"width\":667,\"height\":1000,\"saved\":true,\"thumbnail\":{\"width\":220,\"height\":220,\"ewww_image_optimizer\":\"Reduced by 14.8% (8.9&nbsp;kB)\"},\"webview\":{\"0\":667,\"1\":1000,\"2\":2,\"3\":\"width=\\\"667\\\" height=\\\"1000\\\"\",\"bits\":8,\"channels\":3,\"mime\":\"image\\\/jpeg\",\"ewww_image_optimizer\":\"Reduced by 11.1% (24.0&nbsp;kB) - Previously Optimized\"},\"0\":false,\"ewww_image_optimizer\":\"Reduced by 7.4% (14.2&nbsp;kB)\",\"views\":\"1\",\"likes\":\"0\"},\"title\":\"080 Barcelona Spring-Summer 2016\",\"description\":\"<p>080 Barcelona Spring-Summer 2016<\\\/p>\",\"link\":null,\"link_target\":\"\",\"download\":\"https:\\\/\\\/bobvarela.com\\\/wp-content\\\/flagallery\\\/custo-barcelona-coleccion-primavera-verano-2016\\\/custo_008.jpg\",\"ratio\":0.6670000000000000373034936274052597582340240478515625},{\"id\":\"20622\",\"image\":\"https:\\\/\\\/bobvarela.com\\\/wp-content\\\/flagallery\\\/custo-barcelona-coleccion-primavera-verano-2016\\\/webview\\\/custo_009.jpg\",\"thumb\":\"https:\\\/\\\/bobvarela.com\\\/wp-content\\\/flagallery\\\/custo-barcelona-coleccion-primavera-verano-2016\\\/thumbs\\\/thumbs_custo_009.jpg\",\"file\":\"custo_009.jpg\",\"meta\":{\"aperture\":false,\"credit\":false,\"camera\":false,\"caption\":\"080 Barcelona Spring-Summer 2016\",\"created_timestamp\":\"July 1, 2015 8:01 pm\",\"copyright\":\"\\u00c2\\u00a9 2015 Estrop-Barcelona PHOTOGRAPH FOR EDITORIAL USE ONLY\",\"focal_length\":false,\"iso\":false,\"shutter_speed\":false,\"flash\":false,\"title\":\"080 Barcelona Spring-Summer 2016\",\"keywords\":\"080 Barcelona,Estrop-Barcelona,Spring-Summer 2016\",\"width\":667,\"height\":1000,\"saved\":true,\"thumbnail\":{\"width\":220,\"height\":220,\"ewww_image_optimizer\":\"Reduced by 14.0% (5.5&nbsp;kB)\"},\"webview\":{\"0\":667,\"1\":1000,\"2\":2,\"3\":\"width=\\\"667\\\" height=\\\"1000\\\"\",\"bits\":8,\"channels\":3,\"mime\":\"image\\\/jpeg\",\"ewww_image_optimizer\":\"Reduced by 6.5% (7.3&nbsp;kB) - Previously Optimized\"},\"0\":false,\"ewww_image_optimizer\":\"Reduced by 6.3% (9.5&nbsp;kB)\",\"views\":\"0\",\"likes\":\"0\"},\"title\":\"080 Barcelona Spring-Summer 2016\",\"description\":\"<p>080 Barcelona Spring-Summer 2016<\\\/p>\",\"link\":null,\"link_target\":\"\",\"download\":\"https:\\\/\\\/bobvarela.com\\\/wp-content\\\/flagallery\\\/custo-barcelona-coleccion-primavera-verano-2016\\\/custo_009.jpg\",\"ratio\":0.6670000000000000373034936274052597582340240478515625},{\"id\":\"20623\",\"image\":\"https:\\\/\\\/bobvarela.com\\\/wp-content\\\/flagallery\\\/custo-barcelona-coleccion-primavera-verano-2016\\\/webview\\\/custo_010.jpg\",\"thumb\":\"https:\\\/\\\/bobvarela.com\\\/wp-content\\\/flagallery\\\/custo-barcelona-coleccion-primavera-verano-2016\\\/thumbs\\\/thumbs_custo_010.jpg\",\"file\":\"custo_010.jpg\",\"meta\":{\"aperture\":false,\"credit\":false,\"camera\":false,\"caption\":\"080 Barcelona Spring-Summer 2016\",\"created_timestamp\":\"July 1, 2015 8:01 pm\",\"copyright\":\"\\u00c2\\u00a9 2015 Estrop-Barcelona PHOTOGRAPH FOR EDITORIAL USE ONLY\",\"focal_length\":false,\"iso\":false,\"shutter_speed\":false,\"flash\":false,\"title\":\"080 Barcelona Spring-Summer 2016\",\"keywords\":\"080 Barcelona,Estrop-Barcelona,Spring-Summer 2016\",\"width\":667,\"height\":1000,\"saved\":true,\"thumbnail\":{\"width\":220,\"height\":220,\"ewww_image_optimizer\":\"Reduced by 16.6% (6.2&nbsp;kB)\"},\"webview\":{\"0\":667,\"1\":1000,\"2\":2,\"3\":\"width=\\\"667\\\" height=\\\"1000\\\"\",\"bits\":8,\"channels\":3,\"mime\":\"image\\\/jpeg\",\"ewww_image_optimizer\":\"Reduced by 6.9% (8.0&nbsp;kB) - Previously Optimized\"},\"0\":false,\"ewww_image_optimizer\":\"Reduced by 6.7% (11.7&nbsp;kB)\",\"views\":\"0\",\"likes\":\"0\"},\"title\":\"080 Barcelona Spring-Summer 2016\",\"description\":\"<p>080 Barcelona Spring-Summer 2016<\\\/p>\",\"link\":null,\"link_target\":\"\",\"download\":\"https:\\\/\\\/bobvarela.com\\\/wp-content\\\/flagallery\\\/custo-barcelona-coleccion-primavera-verano-2016\\\/custo_010.jpg\",\"ratio\":0.6670000000000000373034936274052597582340240478515625},{\"id\":\"20624\",\"image\":\"https:\\\/\\\/bobvarela.com\\\/wp-content\\\/flagallery\\\/custo-barcelona-coleccion-primavera-verano-2016\\\/webview\\\/custo_011.jpg\",\"thumb\":\"https:\\\/\\\/bobvarela.com\\\/wp-content\\\/flagallery\\\/custo-barcelona-coleccion-primavera-verano-2016\\\/thumbs\\\/thumbs_custo_011.jpg\",\"file\":\"custo_011.jpg\",\"meta\":{\"aperture\":false,\"credit\":false,\"camera\":false,\"caption\":\"080 Barcelona Spring-Summer 2016\",\"created_timestamp\":\"July 1, 2015 8:01 pm\",\"copyright\":\"\\u00c2\\u00a9 2015 Estrop-Barcelona PHOTOGRAPH FOR EDITORIAL USE ONLY\",\"focal_length\":false,\"iso\":false,\"shutter_speed\":false,\"flash\":false,\"title\":\"080 Barcelona Spring-Summer 2016\",\"keywords\":\"080 Barcelona,Estrop-Barcelona,Spring-Summer 2016\",\"width\":667,\"height\":1000,\"saved\":true,\"thumbnail\":{\"width\":220,\"height\":220,\"ewww_image_optimizer\":\"Reduced by 15.8% (8.0&nbsp;kB)\"},\"webview\":{\"0\":667,\"1\":1000,\"2\":2,\"3\":\"width=\\\"667\\\" height=\\\"1000\\\"\",\"bits\":8,\"channels\":3,\"mime\":\"image\\\/jpeg\",\"ewww_image_optimizer\":\"Reduced by 5.9% (10.3&nbsp;kB) - Previously Optimized\"},\"0\":false,\"ewww_image_optimizer\":\"Reduced by 6.3% (11.5&nbsp;kB)\",\"views\":\"1\",\"likes\":\"0\"},\"title\":\"080 Barcelona Spring-Summer 2016\",\"description\":\"<p>080 Barcelona Spring-Summer 2016<\\\/p>\",\"link\":null,\"link_target\":\"\",\"download\":\"https:\\\/\\\/bobvarela.com\\\/wp-content\\\/flagallery\\\/custo-barcelona-coleccion-primavera-verano-2016\\\/custo_011.jpg\",\"ratio\":0.6670000000000000373034936274052597582340240478515625},{\"id\":\"20625\",\"image\":\"https:\\\/\\\/bobvarela.com\\\/wp-content\\\/flagallery\\\/custo-barcelona-coleccion-primavera-verano-2016\\\/webview\\\/custo_012.jpg\",\"thumb\":\"https:\\\/\\\/bobvarela.com\\\/wp-content\\\/flagallery\\\/custo-barcelona-coleccion-primavera-verano-2016\\\/thumbs\\\/thumbs_custo_012.jpg\",\"file\":\"custo_012.jpg\",\"meta\":{\"aperture\":false,\"credit\":false,\"camera\":false,\"caption\":\"080 Barcelona Spring-Summer 2016\",\"created_timestamp\":\"July 1, 2015 8:01 pm\",\"copyright\":\"\\u00c2\\u00a9 2015 Estrop-Barcelona PHOTOGRAPH FOR EDITORIAL USE ONLY\",\"focal_length\":false,\"iso\":false,\"shutter_speed\":false,\"flash\":false,\"title\":\"080 Barcelona Spring-Summer 2016\",\"keywords\":\"080 Barcelona,Estrop-Barcelona,Spring-Summer 2016\",\"width\":667,\"height\":1000,\"saved\":true,\"thumbnail\":{\"width\":220,\"height\":220,\"ewww_image_optimizer\":\"Reduced by 13.7% (4.9&nbsp;kB)\"},\"webview\":{\"0\":667,\"1\":1000,\"2\":2,\"3\":\"width=\\\"667\\\" height=\\\"1000\\\"\",\"bits\":8,\"channels\":3,\"mime\":\"image\\\/jpeg\",\"ewww_image_optimizer\":\"Reduced by 5.7% (6.6&nbsp;kB) - Previously Optimized\"},\"0\":false,\"ewww_image_optimizer\":\"Reduced by 5.9% (10.4&nbsp;kB)\",\"views\":\"1\",\"likes\":\"0\"},\"title\":\"080 Barcelona Spring-Summer 2016\",\"description\":\"<p>080 Barcelona Spring-Summer 2016<\\\/p>\",\"link\":null,\"link_target\":\"\",\"download\":\"https:\\\/\\\/bobvarela.com\\\/wp-content\\\/flagallery\\\/custo-barcelona-coleccion-primavera-verano-2016\\\/custo_012.jpg\",\"ratio\":0.6670000000000000373034936274052597582340240478515625},{\"id\":\"20626\",\"image\":\"https:\\\/\\\/bobvarela.com\\\/wp-content\\\/flagallery\\\/custo-barcelona-coleccion-primavera-verano-2016\\\/webview\\\/custo_013.jpg\",\"thumb\":\"https:\\\/\\\/bobvarela.com\\\/wp-content\\\/flagallery\\\/custo-barcelona-coleccion-primavera-verano-2016\\\/thumbs\\\/thumbs_custo_013.jpg\",\"file\":\"custo_013.jpg\",\"meta\":{\"aperture\":false,\"credit\":false,\"camera\":false,\"caption\":\"080 Barcelona Spring-Summer 2016\",\"created_timestamp\":\"July 1, 2015 8:01 pm\",\"copyright\":\"\\u00c2\\u00a9 2015 Estrop-Barcelona PHOTOGRAPH FOR EDITORIAL USE ONLY\",\"focal_length\":false,\"iso\":false,\"shutter_speed\":false,\"flash\":false,\"title\":\"080 Barcelona Spring-Summer 2016\",\"keywords\":\"080 Barcelona,Estrop-Barcelona,Spring-Summer 2016\",\"width\":667,\"height\":1000,\"saved\":true,\"thumbnail\":{\"width\":220,\"height\":220,\"ewww_image_optimizer\":\"Reduced by 12.6% (4.0&nbsp;kB)\"},\"webview\":{\"0\":667,\"1\":1000,\"2\":2,\"3\":\"width=\\\"667\\\" height=\\\"1000\\\"\",\"bits\":8,\"channels\":3,\"mime\":\"image\\\/jpeg\",\"ewww_image_optimizer\":\"Reduced by 6.7% (5.7&nbsp;kB) - Previously Optimized\"},\"0\":false,\"ewww_image_optimizer\":\"Reduced by 6.9% (13.4&nbsp;kB)\",\"views\":\"1\",\"likes\":\"0\"},\"title\":\"080 Barcelona Spring-Summer 2016\",\"description\":\"<p>080 Barcelona Spring-Summer 2016<\\\/p>\",\"link\":null,\"link_target\":\"\",\"download\":\"https:\\\/\\\/bobvarela.com\\\/wp-content\\\/flagallery\\\/custo-barcelona-coleccion-primavera-verano-2016\\\/custo_013.jpg\",\"ratio\":0.6670000000000000373034936274052597582340240478515625},{\"id\":\"20627\",\"image\":\"https:\\\/\\\/bobvarela.com\\\/wp-content\\\/flagallery\\\/custo-barcelona-coleccion-primavera-verano-2016\\\/webview\\\/custo_014.jpg\",\"thumb\":\"https:\\\/\\\/bobvarela.com\\\/wp-content\\\/flagallery\\\/custo-barcelona-coleccion-primavera-verano-2016\\\/thumbs\\\/thumbs_custo_014.jpg\",\"file\":\"custo_014.jpg\",\"meta\":{\"aperture\":false,\"credit\":false,\"camera\":false,\"caption\":\"080 Barcelona Spring-Summer 2016\",\"created_timestamp\":\"July 1, 2015 8:02 pm\",\"copyright\":\"\\u00c2\\u00a9 2015 Estrop-Barcelona PHOTOGRAPH FOR EDITORIAL USE ONLY\",\"focal_length\":false,\"iso\":false,\"shutter_speed\":false,\"flash\":false,\"title\":\"080 Barcelona Spring-Summer 2016\",\"keywords\":\"080 Barcelona,Estrop-Barcelona,Spring-Summer 2016\",\"width\":667,\"height\":1000,\"saved\":true,\"thumbnail\":{\"width\":220,\"height\":220,\"ewww_image_optimizer\":\"Reduced by 12.7% (5.6&nbsp;kB)\"},\"webview\":{\"0\":667,\"1\":1000,\"2\":2,\"3\":\"width=\\\"667\\\" height=\\\"1000\\\"\",\"bits\":8,\"channels\":3,\"mime\":\"image\\\/jpeg\",\"ewww_image_optimizer\":\"Reduced by 7.2% (10.4&nbsp;kB) - Previously Optimized\"},\"0\":false,\"ewww_image_optimizer\":\"Reduced by 9.3% (16.4&nbsp;kB)\",\"views\":\"1\",\"likes\":\"0\"},\"title\":\"080 Barcelona Spring-Summer 2016\",\"description\":\"<p>080 Barcelona Spring-Summer 2016<\\\/p>\",\"link\":null,\"link_target\":\"\",\"download\":\"https:\\\/\\\/bobvarela.com\\\/wp-content\\\/flagallery\\\/custo-barcelona-coleccion-primavera-verano-2016\\\/custo_014.jpg\",\"ratio\":0.6670000000000000373034936274052597582340240478515625},{\"id\":\"20628\",\"image\":\"https:\\\/\\\/bobvarela.com\\\/wp-content\\\/flagallery\\\/custo-barcelona-coleccion-primavera-verano-2016\\\/webview\\\/custo_015.jpg\",\"thumb\":\"https:\\\/\\\/bobvarela.com\\\/wp-content\\\/flagallery\\\/custo-barcelona-coleccion-primavera-verano-2016\\\/thumbs\\\/thumbs_custo_015.jpg\",\"file\":\"custo_015.jpg\",\"meta\":{\"aperture\":false,\"credit\":false,\"camera\":false,\"caption\":\"080 Barcelona Spring-Summer 2016\",\"created_timestamp\":\"July 1, 2015 8:18 pm\",\"copyright\":\"\\u00c2\\u00a9 2015 Estrop-Barcelona PHOTOGRAPH FOR EDITORIAL USE ONLY\",\"focal_length\":false,\"iso\":false,\"shutter_speed\":false,\"flash\":false,\"title\":\"080 Barcelona Spring-Summer 2016\",\"keywords\":\"080 Barcelona,Estrop-Barcelona,Spring-Summer 2016\",\"width\":667,\"height\":1000,\"saved\":true,\"thumbnail\":{\"width\":220,\"height\":220,\"ewww_image_optimizer\":\"Reduced by 12.3% (4.1&nbsp;kB)\"},\"webview\":{\"0\":667,\"1\":1000,\"2\":2,\"3\":\"width=\\\"667\\\" height=\\\"1000\\\"\",\"bits\":8,\"channels\":3,\"mime\":\"image\\\/jpeg\",\"ewww_image_optimizer\":\"Reduced by 6.7% (7.2&nbsp;kB) - Previously Optimized\"},\"0\":false,\"ewww_image_optimizer\":\"Reduced by 5.9% (10.3&nbsp;kB)\",\"views\":\"0\",\"likes\":\"0\"},\"title\":\"080 Barcelona Spring-Summer 2016\",\"description\":\"<p>080 Barcelona Spring-Summer 2016<\\\/p>\",\"link\":null,\"link_target\":\"\",\"download\":\"https:\\\/\\\/bobvarela.com\\\/wp-content\\\/flagallery\\\/custo-barcelona-coleccion-primavera-verano-2016\\\/custo_015.jpg\",\"ratio\":0.6670000000000000373034936274052597582340240478515625},{\"id\":\"20629\",\"image\":\"https:\\\/\\\/bobvarela.com\\\/wp-content\\\/flagallery\\\/custo-barcelona-coleccion-primavera-verano-2016\\\/webview\\\/custo_016.jpg\",\"thumb\":\"https:\\\/\\\/bobvarela.com\\\/wp-content\\\/flagallery\\\/custo-barcelona-coleccion-primavera-verano-2016\\\/thumbs\\\/thumbs_custo_016.jpg\",\"file\":\"custo_016.jpg\",\"meta\":{\"aperture\":false,\"credit\":false,\"camera\":false,\"caption\":\"080 Barcelona Spring-Summer 2016\",\"created_timestamp\":\"July 1, 2015 8:02 pm\",\"copyright\":\"\\u00c2\\u00a9 2015 Estrop-Barcelona PHOTOGRAPH FOR EDITORIAL USE ONLY\",\"focal_length\":false,\"iso\":false,\"shutter_speed\":false,\"flash\":false,\"title\":\"080 Barcelona Spring-Summer 2016\",\"keywords\":\"080 Barcelona,Estrop-Barcelona,Spring-Summer 2016\",\"width\":667,\"height\":1000,\"saved\":true,\"thumbnail\":{\"width\":220,\"height\":220,\"ewww_image_optimizer\":\"Reduced by 13.9% (5.2&nbsp;kB)\"},\"webview\":{\"0\":667,\"1\":1000,\"2\":2,\"3\":\"width=\\\"667\\\" height=\\\"1000\\\"\",\"bits\":8,\"channels\":3,\"mime\":\"image\\\/jpeg\",\"ewww_image_optimizer\":\"Reduced by 5.5% (6.0&nbsp;kB) - Previously Optimized\"},\"0\":false,\"ewww_image_optimizer\":\"Reduced by 5.5% (9.2&nbsp;kB)\",\"views\":\"0\",\"likes\":\"0\"},\"title\":\"080 Barcelona Spring-Summer 2016\",\"description\":\"<p>080 Barcelona Spring-Summer 2016<\\\/p>\",\"link\":null,\"link_target\":\"\",\"download\":\"https:\\\/\\\/bobvarela.com\\\/wp-content\\\/flagallery\\\/custo-barcelona-coleccion-primavera-verano-2016\\\/custo_016.jpg\",\"ratio\":0.6670000000000000373034936274052597582340240478515625},{\"id\":\"20630\",\"image\":\"https:\\\/\\\/bobvarela.com\\\/wp-content\\\/flagallery\\\/custo-barcelona-coleccion-primavera-verano-2016\\\/webview\\\/custo_017.jpg\",\"thumb\":\"https:\\\/\\\/bobvarela.com\\\/wp-content\\\/flagallery\\\/custo-barcelona-coleccion-primavera-verano-2016\\\/thumbs\\\/thumbs_custo_017.jpg\",\"file\":\"custo_017.jpg\",\"meta\":{\"aperture\":false,\"credit\":false,\"camera\":false,\"caption\":\"080 Barcelona Spring-Summer 2016\",\"created_timestamp\":\"July 1, 2015 8:02 pm\",\"copyright\":\"\\u00c2\\u00a9 2015 Estrop-Barcelona PHOTOGRAPH FOR EDITORIAL USE ONLY\",\"focal_length\":false,\"iso\":false,\"shutter_speed\":false,\"flash\":false,\"title\":\"080 Barcelona Spring-Summer 2016\",\"keywords\":\"080 Barcelona,Estrop-Barcelona,Spring-Summer 2016\",\"width\":667,\"height\":1000,\"saved\":true,\"thumbnail\":{\"width\":220,\"height\":220,\"ewww_image_optimizer\":\"Reduced by 15.6% (7.7&nbsp;kB)\"},\"webview\":{\"0\":667,\"1\":1000,\"2\":2,\"3\":\"width=\\\"667\\\" height=\\\"1000\\\"\",\"bits\":8,\"channels\":3,\"mime\":\"image\\\/jpeg\",\"ewww_image_optimizer\":\"Reduced by 5.8% (9.2&nbsp;kB) - Previously Optimized\"},\"0\":false,\"ewww_image_optimizer\":\"Reduced by 6.2% (10.5&nbsp;kB)\",\"views\":\"1\",\"likes\":\"0\"},\"title\":\"080 Barcelona Spring-Summer 2016\",\"description\":\"<p>080 Barcelona Spring-Summer 2016<\\\/p>\",\"link\":null,\"link_target\":\"\",\"download\":\"https:\\\/\\\/bobvarela.com\\\/wp-content\\\/flagallery\\\/custo-barcelona-coleccion-primavera-verano-2016\\\/custo_017.jpg\",\"ratio\":0.6670000000000000373034936274052597582340240478515625},{\"id\":\"20631\",\"image\":\"https:\\\/\\\/bobvarela.com\\\/wp-content\\\/flagallery\\\/custo-barcelona-coleccion-primavera-verano-2016\\\/webview\\\/custo_018.jpg\",\"thumb\":\"https:\\\/\\\/bobvarela.com\\\/wp-content\\\/flagallery\\\/custo-barcelona-coleccion-primavera-verano-2016\\\/thumbs\\\/thumbs_custo_018.jpg\",\"file\":\"custo_018.jpg\",\"meta\":{\"aperture\":false,\"credit\":false,\"camera\":false,\"caption\":\"080 Barcelona Spring-Summer 2016\",\"created_timestamp\":\"July 1, 2015 8:02 pm\",\"copyright\":\"\\u00c2\\u00a9 2015 Estrop-Barcelona PHOTOGRAPH FOR EDITORIAL USE ONLY\",\"focal_length\":false,\"iso\":false,\"shutter_speed\":false,\"flash\":false,\"title\":\"080 Barcelona Spring-Summer 2016\",\"keywords\":\"080 Barcelona,Estrop-Barcelona,Spring-Summer 2016\",\"width\":667,\"height\":1000,\"saved\":true,\"thumbnail\":{\"width\":220,\"height\":220,\"ewww_image_optimizer\":\"Reduced by 12.6% (6.0&nbsp;kB)\"},\"webview\":{\"0\":667,\"1\":1000,\"2\":2,\"3\":\"width=\\\"667\\\" height=\\\"1000\\\"\",\"bits\":8,\"channels\":3,\"mime\":\"image\\\/jpeg\",\"ewww_image_optimizer\":\"Reduced by 5.0% (8.9&nbsp;kB) - Previously Optimized\"},\"0\":false,\"ewww_image_optimizer\":\"Reduced by 5.8% (10.7&nbsp;kB)\",\"views\":\"1\",\"likes\":\"0\"},\"title\":\"080 Barcelona Spring-Summer 2016\",\"description\":\"<p>080 Barcelona Spring-Summer 2016<\\\/p>\",\"link\":null,\"link_target\":\"\",\"download\":\"https:\\\/\\\/bobvarela.com\\\/wp-content\\\/flagallery\\\/custo-barcelona-coleccion-primavera-verano-2016\\\/custo_018.jpg\",\"ratio\":0.6670000000000000373034936274052597582340240478515625},{\"id\":\"20632\",\"image\":\"https:\\\/\\\/bobvarela.com\\\/wp-content\\\/flagallery\\\/custo-barcelona-coleccion-primavera-verano-2016\\\/webview\\\/custo_019.jpg\",\"thumb\":\"https:\\\/\\\/bobvarela.com\\\/wp-content\\\/flagallery\\\/custo-barcelona-coleccion-primavera-verano-2016\\\/thumbs\\\/thumbs_custo_019.jpg\",\"file\":\"custo_019.jpg\",\"meta\":{\"aperture\":false,\"credit\":false,\"camera\":false,\"caption\":\"080 Barcelona Spring-Summer 2016\",\"created_timestamp\":\"July 1, 2015 8:02 pm\",\"copyright\":\"\\u00c2\\u00a9 2015 Estrop-Barcelona PHOTOGRAPH FOR EDITORIAL USE ONLY\",\"focal_length\":false,\"iso\":false,\"shutter_speed\":false,\"flash\":false,\"title\":\"080 Barcelona Spring-Summer 2016\",\"keywords\":\"080 Barcelona,Estrop-Barcelona,Spring-Summer 2016\",\"width\":667,\"height\":1000,\"saved\":true,\"thumbnail\":{\"width\":220,\"height\":220,\"ewww_image_optimizer\":\"Reduced by 12.9% (4.1&nbsp;kB)\"},\"webview\":{\"0\":667,\"1\":1000,\"2\":2,\"3\":\"width=\\\"667\\\" height=\\\"1000\\\"\",\"bits\":8,\"channels\":3,\"mime\":\"image\\\/jpeg\",\"ewww_image_optimizer\":\"Reduced by 6.2% (5.2&nbsp;kB) - Previously Optimized\"},\"0\":false,\"ewww_image_optimizer\":\"Reduced by 6.9% (12.3&nbsp;kB)\",\"views\":\"0\",\"likes\":\"0\"},\"title\":\"080 Barcelona Spring-Summer 2016\",\"description\":\"<p>080 Barcelona Spring-Summer 2016<\\\/p>\",\"link\":null,\"link_target\":\"\",\"download\":\"https:\\\/\\\/bobvarela.com\\\/wp-content\\\/flagallery\\\/custo-barcelona-coleccion-primavera-verano-2016\\\/custo_019.jpg\",\"ratio\":0.6670000000000000373034936274052597582340240478515625},{\"id\":\"20633\",\"image\":\"https:\\\/\\\/bobvarela.com\\\/wp-content\\\/flagallery\\\/custo-barcelona-coleccion-primavera-verano-2016\\\/webview\\\/custo_020.jpg\",\"thumb\":\"https:\\\/\\\/bobvarela.com\\\/wp-content\\\/flagallery\\\/custo-barcelona-coleccion-primavera-verano-2016\\\/thumbs\\\/thumbs_custo_020.jpg\",\"file\":\"custo_020.jpg\",\"meta\":{\"aperture\":false,\"credit\":false,\"camera\":false,\"caption\":\"080 Barcelona Spring-Summer 2016\",\"created_timestamp\":\"July 1, 2015 8:02 pm\",\"copyright\":\"\\u00c2\\u00a9 2015 Estrop-Barcelona PHOTOGRAPH FOR EDITORIAL USE ONLY\",\"focal_length\":false,\"iso\":false,\"shutter_speed\":false,\"flash\":false,\"title\":\"080 Barcelona Spring-Summer 2016\",\"keywords\":\"080 Barcelona,Estrop-Barcelona,Spring-Summer 2016\",\"width\":667,\"height\":1000,\"saved\":true,\"thumbnail\":{\"width\":220,\"height\":220,\"ewww_image_optimizer\":\"Reduced by 12.9% (5.2&nbsp;kB)\"},\"webview\":{\"0\":667,\"1\":1000,\"2\":2,\"3\":\"width=\\\"667\\\" height=\\\"1000\\\"\",\"bits\":8,\"channels\":3,\"mime\":\"image\\\/jpeg\",\"ewww_image_optimizer\":\"Reduced by 5.3% (7.5&nbsp;kB) - Previously Optimized\"},\"0\":false,\"ewww_image_optimizer\":\"Reduced by 7.1% (13.4&nbsp;kB)\",\"views\":\"1\",\"likes\":\"0\"},\"title\":\"080 Barcelona Spring-Summer 2016\",\"description\":\"<p>080 Barcelona Spring-Summer 2016<\\\/p>\",\"link\":null,\"link_target\":\"\",\"download\":\"https:\\\/\\\/bobvarela.com\\\/wp-content\\\/flagallery\\\/custo-barcelona-coleccion-primavera-verano-2016\\\/custo_020.jpg\",\"ratio\":0.6670000000000000373034936274052597582340240478515625},{\"id\":\"20634\",\"image\":\"https:\\\/\\\/bobvarela.com\\\/wp-content\\\/flagallery\\\/custo-barcelona-coleccion-primavera-verano-2016\\\/webview\\\/custo_021.jpg\",\"thumb\":\"https:\\\/\\\/bobvarela.com\\\/wp-content\\\/flagallery\\\/custo-barcelona-coleccion-primavera-verano-2016\\\/thumbs\\\/thumbs_custo_021.jpg\",\"file\":\"custo_021.jpg\",\"meta\":{\"aperture\":false,\"credit\":false,\"camera\":false,\"caption\":\"080 Barcelona Spring-Summer 2016\",\"created_timestamp\":\"July 1, 2015 8:02 pm\",\"copyright\":\"\\u00c2\\u00a9 2015 Estrop-Barcelona PHOTOGRAPH FOR EDITORIAL USE ONLY\",\"focal_length\":false,\"iso\":false,\"shutter_speed\":false,\"flash\":false,\"title\":\"080 Barcelona Spring-Summer 2016\",\"keywords\":\"080 Barcelona,Estrop-Barcelona,Spring-Summer 2016\",\"width\":667,\"height\":1000,\"saved\":true,\"thumbnail\":{\"width\":220,\"height\":220,\"ewww_image_optimizer\":\"Reduced by 12.9% (3.8&nbsp;kB)\"},\"webview\":{\"0\":667,\"1\":1000,\"2\":2,\"3\":\"width=\\\"667\\\" height=\\\"1000\\\"\",\"bits\":8,\"channels\":3,\"mime\":\"image\\\/jpeg\",\"ewww_image_optimizer\":\"Reduced by 6.6% (5.5&nbsp;kB) - Previously Optimized\"},\"0\":false,\"ewww_image_optimizer\":\"Reduced by 7.2% (11.4&nbsp;kB)\",\"views\":\"1\",\"likes\":\"0\"},\"title\":\"080 Barcelona Spring-Summer 2016\",\"description\":\"<p>080 Barcelona Spring-Summer 2016<\\\/p>\",\"link\":null,\"link_target\":\"\",\"download\":\"https:\\\/\\\/bobvarela.com\\\/wp-content\\\/flagallery\\\/custo-barcelona-coleccion-primavera-verano-2016\\\/custo_021.jpg\",\"ratio\":0.6670000000000000373034936274052597582340240478515625},{\"id\":\"20635\",\"image\":\"https:\\\/\\\/bobvarela.com\\\/wp-content\\\/flagallery\\\/custo-barcelona-coleccion-primavera-verano-2016\\\/webview\\\/custo_022.jpg\",\"thumb\":\"https:\\\/\\\/bobvarela.com\\\/wp-content\\\/flagallery\\\/custo-barcelona-coleccion-primavera-verano-2016\\\/thumbs\\\/thumbs_custo_022.jpg\",\"file\":\"custo_022.jpg\",\"meta\":{\"aperture\":false,\"credit\":false,\"camera\":false,\"caption\":\"080 Barcelona Spring-Summer 2016\",\"created_timestamp\":\"July 1, 2015 8:02 pm\",\"copyright\":\"\\u00c2\\u00a9 2015 Estrop-Barcelona PHOTOGRAPH FOR EDITORIAL USE ONLY\",\"focal_length\":false,\"iso\":false,\"shutter_speed\":false,\"flash\":false,\"title\":\"080 Barcelona Spring-Summer 2016\",\"keywords\":\"080 Barcelona,Estrop-Barcelona,Spring-Summer 2016\",\"width\":667,\"height\":1000,\"saved\":true,\"thumbnail\":{\"width\":220,\"height\":220,\"ewww_image_optimizer\":\"Reduced by 13.3% (4.0&nbsp;kB)\"},\"webview\":{\"0\":667,\"1\":1000,\"2\":2,\"3\":\"width=\\\"667\\\" height=\\\"1000\\\"\",\"bits\":8,\"channels\":3,\"mime\":\"image\\\/jpeg\",\"ewww_image_optimizer\":\"Reduced by 6.5% (6.6&nbsp;kB) - Previously Optimized\"},\"0\":false,\"ewww_image_optimizer\":\"Reduced by 8.3% (16.4&nbsp;kB)\",\"views\":\"1\",\"likes\":\"0\"},\"title\":\"080 Barcelona Spring-Summer 2016\",\"description\":\"<p>080 Barcelona Spring-Summer 2016<\\\/p>\",\"link\":null,\"link_target\":\"\",\"download\":\"https:\\\/\\\/bobvarela.com\\\/wp-content\\\/flagallery\\\/custo-barcelona-coleccion-primavera-verano-2016\\\/custo_022.jpg\",\"ratio\":0.6670000000000000373034936274052597582340240478515625},{\"id\":\"20636\",\"image\":\"https:\\\/\\\/bobvarela.com\\\/wp-content\\\/flagallery\\\/custo-barcelona-coleccion-primavera-verano-2016\\\/webview\\\/custo_023.jpg\",\"thumb\":\"https:\\\/\\\/bobvarela.com\\\/wp-content\\\/flagallery\\\/custo-barcelona-coleccion-primavera-verano-2016\\\/thumbs\\\/thumbs_custo_023.jpg\",\"file\":\"custo_023.jpg\",\"meta\":{\"aperture\":false,\"credit\":false,\"camera\":false,\"caption\":\"080 Barcelona Spring-Summer 2016\",\"created_timestamp\":\"July 1, 2015 8:02 pm\",\"copyright\":\"\\u00c2\\u00a9 2015 Estrop-Barcelona PHOTOGRAPH FOR EDITORIAL USE ONLY\",\"focal_length\":false,\"iso\":false,\"shutter_speed\":false,\"flash\":false,\"title\":\"080 Barcelona Spring-Summer 2016\",\"keywords\":\"080 Barcelona,Estrop-Barcelona,Spring-Summer 2016\",\"width\":667,\"height\":1000,\"saved\":true,\"thumbnail\":{\"width\":220,\"height\":220,\"ewww_image_optimizer\":\"Reduced by 13.1% (5.6&nbsp;kB)\"},\"webview\":{\"0\":667,\"1\":1000,\"2\":2,\"3\":\"width=\\\"667\\\" height=\\\"1000\\\"\",\"bits\":8,\"channels\":3,\"mime\":\"image\\\/jpeg\",\"ewww_image_optimizer\":\"Reduced by 4.6% (6.8&nbsp;kB) - Previously Optimized\"},\"0\":false,\"ewww_image_optimizer\":\"Reduced by 5.9% (11.4&nbsp;kB)\",\"views\":\"0\",\"likes\":\"0\"},\"title\":\"080 Barcelona Spring-Summer 2016\",\"description\":\"<p>080 Barcelona Spring-Summer 2016<\\\/p>\",\"link\":null,\"link_target\":\"\",\"download\":\"https:\\\/\\\/bobvarela.com\\\/wp-content\\\/flagallery\\\/custo-barcelona-coleccion-primavera-verano-2016\\\/custo_023.jpg\",\"ratio\":0.6670000000000000373034936274052597582340240478515625},{\"id\":\"20637\",\"image\":\"https:\\\/\\\/bobvarela.com\\\/wp-content\\\/flagallery\\\/custo-barcelona-coleccion-primavera-verano-2016\\\/webview\\\/custo_024.jpg\",\"thumb\":\"https:\\\/\\\/bobvarela.com\\\/wp-content\\\/flagallery\\\/custo-barcelona-coleccion-primavera-verano-2016\\\/thumbs\\\/thumbs_custo_024.jpg\",\"file\":\"custo_024.jpg\",\"meta\":{\"aperture\":false,\"credit\":false,\"camera\":false,\"caption\":\"080 Barcelona Spring-Summer 2016\",\"created_timestamp\":\"July 1, 2015 8:03 pm\",\"copyright\":\"\\u00c2\\u00a9 2015 Estrop-Barcelona PHOTOGRAPH FOR EDITORIAL USE ONLY\",\"focal_length\":false,\"iso\":false,\"shutter_speed\":false,\"flash\":false,\"title\":\"080 Barcelona Spring-Summer 2016\",\"keywords\":\"080 Barcelona,Estrop-Barcelona,Spring-Summer 2016\",\"width\":667,\"height\":1000,\"saved\":true,\"thumbnail\":{\"width\":220,\"height\":220,\"ewww_image_optimizer\":\"Reduced by 12.0% (3.5&nbsp;kB)\"},\"webview\":{\"0\":667,\"1\":1000,\"2\":2,\"3\":\"width=\\\"667\\\" height=\\\"1000\\\"\",\"bits\":8,\"channels\":3,\"mime\":\"image\\\/jpeg\",\"ewww_image_optimizer\":\"Reduced by 6.2% (4.9&nbsp;kB) - Previously Optimized\"},\"0\":false,\"ewww_image_optimizer\":\"Reduced by 6.5% (11.2&nbsp;kB)\",\"views\":\"0\",\"likes\":\"0\"},\"title\":\"080 Barcelona Spring-Summer 2016\",\"description\":\"<p>080 Barcelona Spring-Summer 2016<\\\/p>\",\"link\":null,\"link_target\":\"\",\"download\":\"https:\\\/\\\/bobvarela.com\\\/wp-content\\\/flagallery\\\/custo-barcelona-coleccion-primavera-verano-2016\\\/custo_024.jpg\",\"ratio\":0.6670000000000000373034936274052597582340240478515625},{\"id\":\"20638\",\"image\":\"https:\\\/\\\/bobvarela.com\\\/wp-content\\\/flagallery\\\/custo-barcelona-coleccion-primavera-verano-2016\\\/webview\\\/custo_025.jpg\",\"thumb\":\"https:\\\/\\\/bobvarela.com\\\/wp-content\\\/flagallery\\\/custo-barcelona-coleccion-primavera-verano-2016\\\/thumbs\\\/thumbs_custo_025.jpg\",\"file\":\"custo_025.jpg\",\"meta\":{\"aperture\":false,\"credit\":false,\"camera\":false,\"caption\":\"080 Barcelona Spring-Summer 2016\",\"created_timestamp\":\"July 1, 2015 8:03 pm\",\"copyright\":\"\\u00c2\\u00a9 2015 Estrop-Barcelona PHOTOGRAPH FOR EDITORIAL USE ONLY\",\"focal_length\":false,\"iso\":false,\"shutter_speed\":false,\"flash\":false,\"title\":\"080 Barcelona Spring-Summer 2016\",\"keywords\":\"080 Barcelona,Estrop-Barcelona,Spring-Summer 2016\",\"width\":667,\"height\":1000,\"saved\":true,\"thumbnail\":{\"width\":220,\"height\":220,\"ewww_image_optimizer\":\"Reduced by 11.8% (4.7&nbsp;kB)\"},\"webview\":{\"0\":667,\"1\":1000,\"2\":2,\"3\":\"width=\\\"667\\\" height=\\\"1000\\\"\",\"bits\":8,\"channels\":3,\"mime\":\"image\\\/jpeg\",\"ewww_image_optimizer\":\"Reduced by 4.5% (5.8&nbsp;kB) - Previously Optimized\"},\"0\":false,\"ewww_image_optimizer\":\"Reduced by 7.3% (13.6&nbsp;kB)\",\"views\":\"1\",\"likes\":\"0\"},\"title\":\"080 Barcelona Spring-Summer 2016\",\"description\":\"<p>080 Barcelona Spring-Summer 2016<\\\/p>\",\"link\":null,\"link_target\":\"\",\"download\":\"https:\\\/\\\/bobvarela.com\\\/wp-content\\\/flagallery\\\/custo-barcelona-coleccion-primavera-verano-2016\\\/custo_025.jpg\",\"ratio\":0.6670000000000000373034936274052597582340240478515625},{\"id\":\"20639\",\"image\":\"https:\\\/\\\/bobvarela.com\\\/wp-content\\\/flagallery\\\/custo-barcelona-coleccion-primavera-verano-2016\\\/webview\\\/custo_026.jpg\",\"thumb\":\"https:\\\/\\\/bobvarela.com\\\/wp-content\\\/flagallery\\\/custo-barcelona-coleccion-primavera-verano-2016\\\/thumbs\\\/thumbs_custo_026.jpg\",\"file\":\"custo_026.jpg\",\"meta\":{\"aperture\":false,\"credit\":false,\"camera\":false,\"caption\":\"080 Barcelona Spring-Summer 2016\",\"created_timestamp\":\"July 1, 2015 8:03 pm\",\"copyright\":\"\\u00c2\\u00a9 2015 Estrop-Barcelona PHOTOGRAPH FOR EDITORIAL USE ONLY\",\"focal_length\":false,\"iso\":false,\"shutter_speed\":false,\"flash\":false,\"title\":\"080 Barcelona Spring-Summer 2016\",\"keywords\":\"080 Barcelona,Estrop-Barcelona,Spring-Summer 2016\",\"width\":667,\"height\":1000,\"saved\":true,\"thumbnail\":{\"width\":220,\"height\":220,\"ewww_image_optimizer\":\"Reduced by 10.2% (2.9&nbsp;kB)\"},\"webview\":{\"0\":667,\"1\":1000,\"2\":2,\"3\":\"width=\\\"667\\\" height=\\\"1000\\\"\",\"bits\":8,\"channels\":3,\"mime\":\"image\\\/jpeg\",\"ewww_image_optimizer\":\"Reduced by 6.1% (4.7&nbsp;kB) - Previously Optimized\"},\"0\":false,\"ewww_image_optimizer\":\"Reduced by 5.5% (9.0&nbsp;kB)\",\"views\":\"1\",\"likes\":\"0\"},\"title\":\"080 Barcelona Spring-Summer 2016\",\"description\":\"<p>080 Barcelona Spring-Summer 2016<\\\/p>\",\"link\":null,\"link_target\":\"\",\"download\":\"https:\\\/\\\/bobvarela.com\\\/wp-content\\\/flagallery\\\/custo-barcelona-coleccion-primavera-verano-2016\\\/custo_026.jpg\",\"ratio\":0.6670000000000000373034936274052597582340240478515625},{\"id\":\"20640\",\"image\":\"https:\\\/\\\/bobvarela.com\\\/wp-content\\\/flagallery\\\/custo-barcelona-coleccion-primavera-verano-2016\\\/webview\\\/custo_027.jpg\",\"thumb\":\"https:\\\/\\\/bobvarela.com\\\/wp-content\\\/flagallery\\\/custo-barcelona-coleccion-primavera-verano-2016\\\/thumbs\\\/thumbs_custo_027.jpg\",\"file\":\"custo_027.jpg\",\"meta\":{\"aperture\":false,\"credit\":false,\"camera\":false,\"caption\":\"080 Barcelona Spring-Summer 2016\",\"created_timestamp\":\"July 1, 2015 8:03 pm\",\"copyright\":\"\\u00c2\\u00a9 2015 Estrop-Barcelona PHOTOGRAPH FOR EDITORIAL USE ONLY\",\"focal_length\":false,\"iso\":false,\"shutter_speed\":false,\"flash\":false,\"title\":\"080 Barcelona Spring-Summer 2016\",\"keywords\":\"080 Barcelona,Estrop-Barcelona,Spring-Summer 2016\",\"width\":667,\"height\":1000,\"saved\":true,\"thumbnail\":{\"width\":220,\"height\":220,\"ewww_image_optimizer\":\"Reduced by 12.3% (4.4&nbsp;kB)\"},\"webview\":{\"0\":667,\"1\":1000,\"2\":2,\"3\":\"width=\\\"667\\\" height=\\\"1000\\\"\",\"bits\":8,\"channels\":3,\"mime\":\"image\\\/jpeg\",\"ewww_image_optimizer\":\"Reduced by 5.4% (5.5&nbsp;kB) - Previously Optimized\"},\"0\":false,\"ewww_image_optimizer\":\"Reduced by 5.1% (8.1&nbsp;kB)\",\"views\":\"0\",\"likes\":\"0\"},\"title\":\"080 Barcelona Spring-Summer 2016\",\"description\":\"<p>080 Barcelona Spring-Summer 2016<\\\/p>\",\"link\":null,\"link_target\":\"\",\"download\":\"https:\\\/\\\/bobvarela.com\\\/wp-content\\\/flagallery\\\/custo-barcelona-coleccion-primavera-verano-2016\\\/custo_027.jpg\",\"ratio\":0.6670000000000000373034936274052597582340240478515625},{\"id\":\"20641\",\"image\":\"https:\\\/\\\/bobvarela.com\\\/wp-content\\\/flagallery\\\/custo-barcelona-coleccion-primavera-verano-2016\\\/webview\\\/custo_028.jpg\",\"thumb\":\"https:\\\/\\\/bobvarela.com\\\/wp-content\\\/flagallery\\\/custo-barcelona-coleccion-primavera-verano-2016\\\/thumbs\\\/thumbs_custo_028.jpg\",\"file\":\"custo_028.jpg\",\"meta\":{\"aperture\":false,\"credit\":false,\"camera\":false,\"caption\":\"080 Barcelona Spring-Summer 2016\",\"created_timestamp\":\"July 1, 2015 8:03 pm\",\"copyright\":\"\\u00c2\\u00a9 2015 Estrop-Barcelona PHOTOGRAPH FOR EDITORIAL USE ONLY\",\"focal_length\":false,\"iso\":false,\"shutter_speed\":false,\"flash\":false,\"title\":\"080 Barcelona Spring-Summer 2016\",\"keywords\":\"080 Barcelona,Estrop-Barcelona,Spring-Summer 2016\",\"width\":667,\"height\":1000,\"saved\":true,\"thumbnail\":{\"width\":220,\"height\":220,\"ewww_image_optimizer\":\"Reduced by 9.8% (3.8&nbsp;kB)\"},\"webview\":{\"0\":667,\"1\":1000,\"2\":2,\"3\":\"width=\\\"667\\\" height=\\\"1000\\\"\",\"bits\":8,\"channels\":3,\"mime\":\"image\\\/jpeg\",\"ewww_image_optimizer\":\"Reduced by 4.0% (4.9&nbsp;kB) - Previously Optimized\"},\"0\":false,\"ewww_image_optimizer\":\"Reduced by 5.0% (8.0&nbsp;kB)\",\"views\":\"1\",\"likes\":\"0\"},\"title\":\"080 Barcelona Spring-Summer 2016\",\"description\":\"<p>080 Barcelona Spring-Summer 2016<\\\/p>\",\"link\":null,\"link_target\":\"\",\"download\":\"https:\\\/\\\/bobvarela.com\\\/wp-content\\\/flagallery\\\/custo-barcelona-coleccion-primavera-verano-2016\\\/custo_028.jpg\",\"ratio\":0.6670000000000000373034936274052597582340240478515625},{\"id\":\"20642\",\"image\":\"https:\\\/\\\/bobvarela.com\\\/wp-content\\\/flagallery\\\/custo-barcelona-coleccion-primavera-verano-2016\\\/webview\\\/custo_029.jpg\",\"thumb\":\"https:\\\/\\\/bobvarela.com\\\/wp-content\\\/flagallery\\\/custo-barcelona-coleccion-primavera-verano-2016\\\/thumbs\\\/thumbs_custo_029.jpg\",\"file\":\"custo_029.jpg\",\"meta\":{\"aperture\":false,\"credit\":false,\"camera\":false,\"caption\":\"080 Barcelona Spring-Summer 2016\",\"created_timestamp\":\"July 1, 2015 8:03 pm\",\"copyright\":\"\\u00c2\\u00a9 2015 Estrop-Barcelona PHOTOGRAPH FOR EDITORIAL USE ONLY\",\"focal_length\":false,\"iso\":false,\"shutter_speed\":false,\"flash\":false,\"title\":\"080 Barcelona Spring-Summer 2016\",\"keywords\":\"080 Barcelona,Estrop-Barcelona,Spring-Summer 2016\",\"width\":667,\"height\":1000,\"saved\":true,\"thumbnail\":{\"width\":220,\"height\":220,\"ewww_image_optimizer\":\"Reduced by 14.9% (8.1&nbsp;kB)\"},\"webview\":{\"0\":667,\"1\":1000,\"2\":2,\"3\":\"width=\\\"667\\\" height=\\\"1000\\\"\",\"bits\":8,\"channels\":3,\"mime\":\"image\\\/jpeg\",\"ewww_image_optimizer\":\"Reduced by 6.0% (9.3&nbsp;kB) - Previously Optimized\"},\"0\":false,\"ewww_image_optimizer\":\"Reduced by 5.5% (10.8&nbsp;kB)\",\"views\":\"0\",\"likes\":\"0\"},\"title\":\"080 Barcelona Spring-Summer 2016\",\"description\":\"<p>080 Barcelona Spring-Summer 2016<\\\/p>\",\"link\":null,\"link_target\":\"\",\"download\":\"https:\\\/\\\/bobvarela.com\\\/wp-content\\\/flagallery\\\/custo-barcelona-coleccion-primavera-verano-2016\\\/custo_029.jpg\",\"ratio\":0.6670000000000000373034936274052597582340240478515625},{\"id\":\"20643\",\"image\":\"https:\\\/\\\/bobvarela.com\\\/wp-content\\\/flagallery\\\/custo-barcelona-coleccion-primavera-verano-2016\\\/webview\\\/custo_030.jpg\",\"thumb\":\"https:\\\/\\\/bobvarela.com\\\/wp-content\\\/flagallery\\\/custo-barcelona-coleccion-primavera-verano-2016\\\/thumbs\\\/thumbs_custo_030.jpg\",\"file\":\"custo_030.jpg\",\"meta\":{\"aperture\":false,\"credit\":false,\"camera\":false,\"caption\":\"080 Barcelona Spring-Summer 2016\",\"created_timestamp\":\"July 1, 2015 8:03 pm\",\"copyright\":\"\\u00c2\\u00a9 2015 Estrop-Barcelona PHOTOGRAPH FOR EDITORIAL USE ONLY\",\"focal_length\":false,\"iso\":false,\"shutter_speed\":false,\"flash\":false,\"title\":\"080 Barcelona Spring-Summer 2016\",\"keywords\":\"080 Barcelona,Estrop-Barcelona,Spring-Summer 2016\",\"width\":667,\"height\":1000,\"saved\":true,\"thumbnail\":{\"width\":220,\"height\":220,\"ewww_image_optimizer\":\"Reduced by 12.2% (3.7&nbsp;kB)\"},\"webview\":{\"0\":667,\"1\":1000,\"2\":2,\"3\":\"width=\\\"667\\\" height=\\\"1000\\\"\",\"bits\":8,\"channels\":3,\"mime\":\"image\\\/jpeg\",\"ewww_image_optimizer\":\"Reduced by 5.2% (4.4&nbsp;kB) - Previously Optimized\"},\"0\":false,\"ewww_image_optimizer\":\"Reduced by 6.6% (10.7&nbsp;kB)\",\"views\":\"0\",\"likes\":\"0\"},\"title\":\"080 Barcelona Spring-Summer 2016\",\"description\":\"<p>080 Barcelona Spring-Summer 2016<\\\/p>\",\"link\":null,\"link_target\":\"\",\"download\":\"https:\\\/\\\/bobvarela.com\\\/wp-content\\\/flagallery\\\/custo-barcelona-coleccion-primavera-verano-2016\\\/custo_030.jpg\",\"ratio\":0.6670000000000000373034936274052597582340240478515625},{\"id\":\"20644\",\"image\":\"https:\\\/\\\/bobvarela.com\\\/wp-content\\\/flagallery\\\/custo-barcelona-coleccion-primavera-verano-2016\\\/webview\\\/custo_031.jpg\",\"thumb\":\"https:\\\/\\\/bobvarela.com\\\/wp-content\\\/flagallery\\\/custo-barcelona-coleccion-primavera-verano-2016\\\/thumbs\\\/thumbs_custo_031.jpg\",\"file\":\"custo_031.jpg\",\"meta\":{\"aperture\":false,\"credit\":false,\"camera\":false,\"caption\":\"080 Barcelona Spring-Summer 2016\",\"created_timestamp\":\"July 1, 2015 8:03 pm\",\"copyright\":\"\\u00c2\\u00a9 2015 Estrop-Barcelona PHOTOGRAPH FOR EDITORIAL USE ONLY\",\"focal_length\":false,\"iso\":false,\"shutter_speed\":false,\"flash\":false,\"title\":\"080 Barcelona Spring-Summer 2016\",\"keywords\":\"080 Barcelona,Estrop-Barcelona,Spring-Summer 2016\",\"width\":667,\"height\":1000,\"saved\":true,\"thumbnail\":{\"width\":220,\"height\":220,\"ewww_image_optimizer\":\"Reduced by 13.2% (5.0&nbsp;kB)\"},\"webview\":{\"0\":667,\"1\":1000,\"2\":2,\"3\":\"width=\\\"667\\\" height=\\\"1000\\\"\",\"bits\":8,\"channels\":3,\"mime\":\"image\\\/jpeg\",\"ewww_image_optimizer\":\"Reduced by 4.7% (6.3&nbsp;kB) - Previously Optimized\"},\"0\":false,\"ewww_image_optimizer\":\"Reduced by 6.8% (11.2&nbsp;kB)\",\"views\":\"1\",\"likes\":\"0\"},\"title\":\"080 Barcelona Spring-Summer 2016\",\"description\":\"<p>080 Barcelona Spring-Summer 2016<\\\/p>\",\"link\":null,\"link_target\":\"\",\"download\":\"https:\\\/\\\/bobvarela.com\\\/wp-content\\\/flagallery\\\/custo-barcelona-coleccion-primavera-verano-2016\\\/custo_031.jpg\",\"ratio\":0.6670000000000000373034936274052597582340240478515625},{\"id\":\"20645\",\"image\":\"https:\\\/\\\/bobvarela.com\\\/wp-content\\\/flagallery\\\/custo-barcelona-coleccion-primavera-verano-2016\\\/webview\\\/custo_032.jpg\",\"thumb\":\"https:\\\/\\\/bobvarela.com\\\/wp-content\\\/flagallery\\\/custo-barcelona-coleccion-primavera-verano-2016\\\/thumbs\\\/thumbs_custo_032.jpg\",\"file\":\"custo_032.jpg\",\"meta\":{\"aperture\":false,\"credit\":false,\"camera\":false,\"caption\":\"080 Barcelona Spring-Summer 2016\",\"created_timestamp\":\"July 1, 2015 8:03 pm\",\"copyright\":\"\\u00c2\\u00a9 2015 Estrop-Barcelona PHOTOGRAPH FOR EDITORIAL USE ONLY\",\"focal_length\":false,\"iso\":false,\"shutter_speed\":false,\"flash\":false,\"title\":\"080 Barcelona Spring-Summer 2016\",\"keywords\":\"080 Barcelona,Estrop-Barcelona,Spring-Summer 2016\",\"width\":667,\"height\":1000,\"saved\":true,\"thumbnail\":{\"width\":220,\"height\":220,\"ewww_image_optimizer\":\"Reduced by 13.2% (4.2&nbsp;kB)\"},\"webview\":{\"0\":667,\"1\":1000,\"2\":2,\"3\":\"width=\\\"667\\\" height=\\\"1000\\\"\",\"bits\":8,\"channels\":3,\"mime\":\"image\\\/jpeg\",\"ewww_image_optimizer\":\"Reduced by 6.2% (5.2&nbsp;kB) - Previously Optimized\"},\"0\":false,\"ewww_image_optimizer\":\"Reduced by 6.3% (11.8&nbsp;kB)\",\"views\":\"1\",\"likes\":\"0\"},\"title\":\"080 Barcelona Spring-Summer 2016\",\"description\":\"<p>080 Barcelona Spring-Summer 2016<\\\/p>\",\"link\":null,\"link_target\":\"\",\"download\":\"https:\\\/\\\/bobvarela.com\\\/wp-content\\\/flagallery\\\/custo-barcelona-coleccion-primavera-verano-2016\\\/custo_032.jpg\",\"ratio\":0.6670000000000000373034936274052597582340240478515625},{\"id\":\"20646\",\"image\":\"https:\\\/\\\/bobvarela.com\\\/wp-content\\\/flagallery\\\/custo-barcelona-coleccion-primavera-verano-2016\\\/webview\\\/custo_033.jpg\",\"thumb\":\"https:\\\/\\\/bobvarela.com\\\/wp-content\\\/flagallery\\\/custo-barcelona-coleccion-primavera-verano-2016\\\/thumbs\\\/thumbs_custo_033.jpg\",\"file\":\"custo_033.jpg\",\"meta\":{\"aperture\":false,\"credit\":false,\"camera\":false,\"caption\":\"080 Barcelona Spring-Summer 2016\",\"created_timestamp\":\"July 1, 2015 8:03 pm\",\"copyright\":\"\\u00c2\\u00a9 2015 Estrop-Barcelona PHOTOGRAPH FOR EDITORIAL USE ONLY\",\"focal_length\":false,\"iso\":false,\"shutter_speed\":false,\"flash\":false,\"title\":\"080 Barcelona Spring-Summer 2016\",\"keywords\":\"080 Barcelona,Estrop-Barcelona,Spring-Summer 2016\",\"width\":667,\"height\":1000,\"saved\":true,\"thumbnail\":{\"width\":220,\"height\":220,\"ewww_image_optimizer\":\"Reduced by 10.7% (3.6&nbsp;kB)\"},\"webview\":{\"0\":667,\"1\":1000,\"2\":2,\"3\":\"width=\\\"667\\\" height=\\\"1000\\\"\",\"bits\":8,\"channels\":3,\"mime\":\"image\\\/jpeg\",\"ewww_image_optimizer\":\"Reduced by 5.4% (5.8&nbsp;kB) - Previously Optimized\"},\"0\":false,\"ewww_image_optimizer\":\"Reduced by 4.2% (7.1&nbsp;kB)\",\"views\":\"1\",\"likes\":\"0\"},\"title\":\"080 Barcelona Spring-Summer 2016\",\"description\":\"<p>080 Barcelona Spring-Summer 2016<\\\/p>\",\"link\":null,\"link_target\":\"\",\"download\":\"https:\\\/\\\/bobvarela.com\\\/wp-content\\\/flagallery\\\/custo-barcelona-coleccion-primavera-verano-2016\\\/custo_033.jpg\",\"ratio\":0.6670000000000000373034936274052597582340240478515625},{\"id\":\"20647\",\"image\":\"https:\\\/\\\/bobvarela.com\\\/wp-content\\\/flagallery\\\/custo-barcelona-coleccion-primavera-verano-2016\\\/webview\\\/custo_034.jpg\",\"thumb\":\"https:\\\/\\\/bobvarela.com\\\/wp-content\\\/flagallery\\\/custo-barcelona-coleccion-primavera-verano-2016\\\/thumbs\\\/thumbs_custo_034.jpg\",\"file\":\"custo_034.jpg\",\"meta\":{\"aperture\":false,\"credit\":false,\"camera\":false,\"caption\":\"080 Barcelona Spring-Summer 2016\",\"created_timestamp\":\"July 1, 2015 8:03 pm\",\"copyright\":\"\\u00c2\\u00a9 2015 Estrop-Barcelona PHOTOGRAPH FOR EDITORIAL USE ONLY\",\"focal_length\":false,\"iso\":false,\"shutter_speed\":false,\"flash\":false,\"title\":\"080 Barcelona Spring-Summer 2016\",\"keywords\":\"080 Barcelona,Estrop-Barcelona,Spring-Summer 2016\",\"width\":667,\"height\":1000,\"saved\":true,\"thumbnail\":{\"width\":220,\"height\":220,\"ewww_image_optimizer\":\"Reduced by 13.8% (7.0&nbsp;kB)\"},\"webview\":{\"0\":667,\"1\":1000,\"2\":2,\"3\":\"width=\\\"667\\\" height=\\\"1000\\\"\",\"bits\":8,\"channels\":3,\"mime\":\"image\\\/jpeg\",\"ewww_image_optimizer\":\"Reduced by 5.4% (7.2&nbsp;kB) - Previously Optimized\"},\"0\":false,\"ewww_image_optimizer\":\"Reduced by 5.1% (9.5&nbsp;kB)\",\"views\":\"0\",\"likes\":\"0\"},\"title\":\"080 Barcelona Spring-Summer 2016\",\"description\":\"<p>080 Barcelona Spring-Summer 2016<\\\/p>\",\"link\":null,\"link_target\":\"\",\"download\":\"https:\\\/\\\/bobvarela.com\\\/wp-content\\\/flagallery\\\/custo-barcelona-coleccion-primavera-verano-2016\\\/custo_034.jpg\",\"ratio\":0.6670000000000000373034936274052597582340240478515625},{\"id\":\"20648\",\"image\":\"https:\\\/\\\/bobvarela.com\\\/wp-content\\\/flagallery\\\/custo-barcelona-coleccion-primavera-verano-2016\\\/webview\\\/custo_035.jpg\",\"thumb\":\"https:\\\/\\\/bobvarela.com\\\/wp-content\\\/flagallery\\\/custo-barcelona-coleccion-primavera-verano-2016\\\/thumbs\\\/thumbs_custo_035.jpg\",\"file\":\"custo_035.jpg\",\"meta\":{\"aperture\":false,\"credit\":false,\"camera\":false,\"caption\":\"080 Barcelona Spring-Summer 2016\",\"created_timestamp\":\"July 1, 2015 8:04 pm\",\"copyright\":\"\\u00c2\\u00a9 2015 Estrop-Barcelona PHOTOGRAPH FOR EDITORIAL USE ONLY\",\"focal_length\":false,\"iso\":false,\"shutter_speed\":false,\"flash\":false,\"title\":\"080 Barcelona Spring-Summer 2016\",\"keywords\":\"080 Barcelona,Estrop-Barcelona,Spring-Summer 2016\",\"width\":667,\"height\":1000,\"saved\":true,\"thumbnail\":{\"width\":220,\"height\":220,\"ewww_image_optimizer\":\"Reduced by 12.7% (4.2&nbsp;kB)\"},\"webview\":{\"0\":667,\"1\":1000,\"2\":2,\"3\":\"width=\\\"667\\\" height=\\\"1000\\\"\",\"bits\":8,\"channels\":3,\"mime\":\"image\\\/jpeg\",\"ewww_image_optimizer\":\"Reduced by 5.6% (5.3&nbsp;kB) - Previously Optimized\"},\"0\":false,\"ewww_image_optimizer\":\"Reduced by 6.8% (13.0&nbsp;kB)\",\"views\":\"0\",\"likes\":\"0\"},\"title\":\"080 Barcelona Spring-Summer 2016\",\"description\":\"<p>080 Barcelona Spring-Summer 2016<\\\/p>\",\"link\":null,\"link_target\":\"\",\"download\":\"https:\\\/\\\/bobvarela.com\\\/wp-content\\\/flagallery\\\/custo-barcelona-coleccion-primavera-verano-2016\\\/custo_035.jpg\",\"ratio\":0.6670000000000000373034936274052597582340240478515625},{\"id\":\"20649\",\"image\":\"https:\\\/\\\/bobvarela.com\\\/wp-content\\\/flagallery\\\/custo-barcelona-coleccion-primavera-verano-2016\\\/webview\\\/custo_036.jpg\",\"thumb\":\"https:\\\/\\\/bobvarela.com\\\/wp-content\\\/flagallery\\\/custo-barcelona-coleccion-primavera-verano-2016\\\/thumbs\\\/thumbs_custo_036.jpg\",\"file\":\"custo_036.jpg\",\"meta\":{\"aperture\":false,\"credit\":false,\"camera\":false,\"caption\":\"080 Barcelona Spring-Summer 2016\",\"created_timestamp\":\"July 1, 2015 8:04 pm\",\"copyright\":\"\\u00c2\\u00a9 2015 Estrop-Barcelona PHOTOGRAPH FOR EDITORIAL USE ONLY\",\"focal_length\":false,\"iso\":false,\"shutter_speed\":false,\"flash\":false,\"title\":\"080 Barcelona Spring-Summer 2016\",\"keywords\":\"080 Barcelona,Estrop-Barcelona,Spring-Summer 2016\",\"width\":667,\"height\":1000,\"saved\":true,\"thumbnail\":{\"width\":220,\"height\":220,\"ewww_image_optimizer\":\"Reduced by 10.7% (4.2&nbsp;kB)\"},\"webview\":{\"0\":667,\"1\":1000,\"2\":2,\"3\":\"width=\\\"667\\\" height=\\\"1000\\\"\",\"bits\":8,\"channels\":3,\"mime\":\"image\\\/jpeg\",\"ewww_image_optimizer\":\"Reduced by 4.4% (5.7&nbsp;kB) - Previously Optimized\"},\"0\":false,\"ewww_image_optimizer\":\"Reduced by 6.3% (10.5&nbsp;kB)\",\"views\":\"0\",\"likes\":\"0\"},\"title\":\"080 Barcelona Spring-Summer 2016\",\"description\":\"<p>080 Barcelona Spring-Summer 2016<\\\/p>\",\"link\":null,\"link_target\":\"\",\"download\":\"https:\\\/\\\/bobvarela.com\\\/wp-content\\\/flagallery\\\/custo-barcelona-coleccion-primavera-verano-2016\\\/custo_036.jpg\",\"ratio\":0.6670000000000000373034936274052597582340240478515625},{\"id\":\"20650\",\"image\":\"https:\\\/\\\/bobvarela.com\\\/wp-content\\\/flagallery\\\/custo-barcelona-coleccion-primavera-verano-2016\\\/webview\\\/custo_037.jpg\",\"thumb\":\"https:\\\/\\\/bobvarela.com\\\/wp-content\\\/flagallery\\\/custo-barcelona-coleccion-primavera-verano-2016\\\/thumbs\\\/thumbs_custo_037.jpg\",\"file\":\"custo_037.jpg\",\"meta\":{\"aperture\":false,\"credit\":false,\"camera\":false,\"caption\":\"080 Barcelona Spring-Summer 2016\",\"created_timestamp\":\"July 1, 2015 8:04 pm\",\"copyright\":\"\\u00c2\\u00a9 2015 Estrop-Barcelona PHOTOGRAPH FOR EDITORIAL USE ONLY\",\"focal_length\":false,\"iso\":false,\"shutter_speed\":false,\"flash\":false,\"title\":\"080 Barcelona Spring-Summer 2016\",\"keywords\":\"080 Barcelona,Estrop-Barcelona,Spring-Summer 2016\",\"width\":667,\"height\":1000,\"saved\":true,\"thumbnail\":{\"width\":220,\"height\":220,\"ewww_image_optimizer\":\"Reduced by 11.9% (3.7&nbsp;kB)\"},\"webview\":{\"0\":667,\"1\":1000,\"2\":2,\"3\":\"width=\\\"667\\\" height=\\\"1000\\\"\",\"bits\":8,\"channels\":3,\"mime\":\"image\\\/jpeg\",\"ewww_image_optimizer\":\"Reduced by 6.3% (4.8&nbsp;kB) - Previously Optimized\"},\"0\":false,\"ewww_image_optimizer\":\"Reduced by 6.2% (9.7&nbsp;kB)\",\"views\":\"1\",\"likes\":\"0\"},\"title\":\"080 Barcelona Spring-Summer 2016\",\"description\":\"<p>080 Barcelona Spring-Summer 2016<\\\/p>\",\"link\":null,\"link_target\":\"\",\"download\":\"https:\\\/\\\/bobvarela.com\\\/wp-content\\\/flagallery\\\/custo-barcelona-coleccion-primavera-verano-2016\\\/custo_037.jpg\",\"ratio\":0.6670000000000000373034936274052597582340240478515625},{\"id\":\"20651\",\"image\":\"https:\\\/\\\/bobvarela.com\\\/wp-content\\\/flagallery\\\/custo-barcelona-coleccion-primavera-verano-2016\\\/webview\\\/custo_038.jpg\",\"thumb\":\"https:\\\/\\\/bobvarela.com\\\/wp-content\\\/flagallery\\\/custo-barcelona-coleccion-primavera-verano-2016\\\/thumbs\\\/thumbs_custo_038.jpg\",\"file\":\"custo_038.jpg\",\"meta\":{\"aperture\":false,\"credit\":false,\"camera\":false,\"caption\":\"080 Barcelona Spring-Summer 2016\",\"created_timestamp\":\"July 1, 2015 8:04 pm\",\"copyright\":\"\\u00c2\\u00a9 2015 Estrop-Barcelona PHOTOGRAPH FOR EDITORIAL USE ONLY\",\"focal_length\":false,\"iso\":false,\"shutter_speed\":false,\"flash\":false,\"title\":\"080 Barcelona Spring-Summer 2016\",\"keywords\":\"080 Barcelona,Estrop-Barcelona,Spring-Summer 2016\",\"width\":667,\"height\":1000,\"saved\":true,\"thumbnail\":{\"width\":220,\"height\":220,\"ewww_image_optimizer\":\"Reduced by 11.1% (4.1&nbsp;kB)\"},\"webview\":{\"0\":667,\"1\":1000,\"2\":2,\"3\":\"width=\\\"667\\\" height=\\\"1000\\\"\",\"bits\":8,\"channels\":3,\"mime\":\"image\\\/jpeg\",\"ewww_image_optimizer\":\"Reduced by 5.1% (6.3&nbsp;kB) - Previously Optimized\"},\"0\":false,\"ewww_image_optimizer\":\"Reduced by 4.0% (7.2&nbsp;kB)\",\"views\":\"1\",\"likes\":\"0\"},\"title\":\"080 Barcelona Spring-Summer 2016\",\"description\":\"<p>080 Barcelona Spring-Summer 2016<\\\/p>\",\"link\":null,\"link_target\":\"\",\"download\":\"https:\\\/\\\/bobvarela.com\\\/wp-content\\\/flagallery\\\/custo-barcelona-coleccion-primavera-verano-2016\\\/custo_038.jpg\",\"ratio\":0.6670000000000000373034936274052597582340240478515625},{\"id\":\"20652\",\"image\":\"https:\\\/\\\/bobvarela.com\\\/wp-content\\\/flagallery\\\/custo-barcelona-coleccion-primavera-verano-2016\\\/webview\\\/custo_039.jpg\",\"thumb\":\"https:\\\/\\\/bobvarela.com\\\/wp-content\\\/flagallery\\\/custo-barcelona-coleccion-primavera-verano-2016\\\/thumbs\\\/thumbs_custo_039.jpg\",\"file\":\"custo_039.jpg\",\"meta\":{\"aperture\":false,\"credit\":false,\"camera\":false,\"caption\":\"080 Barcelona Spring-Summer 2016\",\"created_timestamp\":\"July 1, 2015 8:04 pm\",\"copyright\":\"\\u00c2\\u00a9 2015 Estrop-Barcelona PHOTOGRAPH FOR EDITORIAL USE ONLY\",\"focal_length\":false,\"iso\":false,\"shutter_speed\":false,\"flash\":false,\"title\":\"080 Barcelona Spring-Summer 2016\",\"keywords\":\"080 Barcelona,Estrop-Barcelona,Spring-Summer 2016\",\"width\":667,\"height\":1000,\"saved\":true,\"thumbnail\":{\"width\":220,\"height\":220,\"ewww_image_optimizer\":\"Reduced by 12.0% (3.4&nbsp;kB)\"},\"webview\":{\"0\":667,\"1\":1000,\"2\":2,\"3\":\"width=\\\"667\\\" height=\\\"1000\\\"\",\"bits\":8,\"channels\":3,\"mime\":\"image\\\/jpeg\",\"ewww_image_optimizer\":\"Reduced by 5.8% (4.1&nbsp;kB) - Previously Optimized\"},\"0\":false,\"ewww_image_optimizer\":\"Reduced by 6.0% (9.2&nbsp;kB)\",\"views\":\"0\",\"likes\":\"0\"},\"title\":\"080 Barcelona Spring-Summer 2016\",\"description\":\"<p>080 Barcelona Spring-Summer 2016<\\\/p>\",\"link\":null,\"link_target\":\"\",\"download\":\"https:\\\/\\\/bobvarela.com\\\/wp-content\\\/flagallery\\\/custo-barcelona-coleccion-primavera-verano-2016\\\/custo_039.jpg\",\"ratio\":0.6670000000000000373034936274052597582340240478515625},{\"id\":\"20653\",\"image\":\"https:\\\/\\\/bobvarela.com\\\/wp-content\\\/flagallery\\\/custo-barcelona-coleccion-primavera-verano-2016\\\/webview\\\/custo_040.jpg\",\"thumb\":\"https:\\\/\\\/bobvarela.com\\\/wp-content\\\/flagallery\\\/custo-barcelona-coleccion-primavera-verano-2016\\\/thumbs\\\/thumbs_custo_040.jpg\",\"file\":\"custo_040.jpg\",\"meta\":{\"aperture\":false,\"credit\":false,\"camera\":false,\"caption\":\"080 Barcelona Spring-Summer 2016\",\"created_timestamp\":\"July 1, 2015 8:04 pm\",\"copyright\":\"\\u00c2\\u00a9 2015 Estrop-Barcelona PHOTOGRAPH FOR EDITORIAL USE ONLY\",\"focal_length\":false,\"iso\":false,\"shutter_speed\":false,\"flash\":false,\"title\":\"080 Barcelona Spring-Summer 2016\",\"keywords\":\"080 Barcelona,Estrop-Barcelona,Spring-Summer 2016\",\"width\":667,\"height\":1000,\"saved\":true,\"thumbnail\":{\"width\":220,\"height\":220,\"ewww_image_optimizer\":\"Reduced by 11.4% (4.1&nbsp;kB)\"},\"webview\":{\"0\":667,\"1\":1000,\"2\":2,\"3\":\"width=\\\"667\\\" height=\\\"1000\\\"\",\"bits\":8,\"channels\":3,\"mime\":\"image\\\/jpeg\",\"ewww_image_optimizer\":\"Reduced by 5.8% (6.6&nbsp;kB) - Previously Optimized\"},\"0\":false,\"ewww_image_optimizer\":\"Reduced by 4.4% (8.0&nbsp;kB)\",\"views\":\"1\",\"likes\":\"0\"},\"title\":\"080 Barcelona Spring-Summer 2016\",\"description\":\"<p>080 Barcelona Spring-Summer 2016<\\\/p>\",\"link\":null,\"link_target\":\"\",\"download\":\"https:\\\/\\\/bobvarela.com\\\/wp-content\\\/flagallery\\\/custo-barcelona-coleccion-primavera-verano-2016\\\/custo_040.jpg\",\"ratio\":0.6670000000000000373034936274052597582340240478515625},{\"id\":\"20654\",\"image\":\"https:\\\/\\\/bobvarela.com\\\/wp-content\\\/flagallery\\\/custo-barcelona-coleccion-primavera-verano-2016\\\/webview\\\/custo_041.jpg\",\"thumb\":\"https:\\\/\\\/bobvarela.com\\\/wp-content\\\/flagallery\\\/custo-barcelona-coleccion-primavera-verano-2016\\\/thumbs\\\/thumbs_custo_041.jpg\",\"file\":\"custo_041.jpg\",\"meta\":{\"aperture\":false,\"credit\":false,\"camera\":false,\"caption\":\"080 Barcelona Spring-Summer 2016\",\"created_timestamp\":\"July 1, 2015 8:04 pm\",\"copyright\":\"\\u00c2\\u00a9 2015 Estrop-Barcelona PHOTOGRAPH FOR EDITORIAL USE ONLY\",\"focal_length\":false,\"iso\":false,\"shutter_speed\":false,\"flash\":false,\"title\":\"080 Barcelona Spring-Summer 2016\",\"keywords\":\"080 Barcelona,Estrop-Barcelona,Spring-Summer 2016\",\"width\":667,\"height\":1000,\"saved\":true,\"thumbnail\":{\"width\":220,\"height\":220,\"ewww_image_optimizer\":\"Reduced by 11.5% (4.7&nbsp;kB)\"},\"webview\":{\"0\":667,\"1\":1000,\"2\":2,\"3\":\"width=\\\"667\\\" height=\\\"1000\\\"\",\"bits\":8,\"channels\":3,\"mime\":\"image\\\/jpeg\",\"ewww_image_optimizer\":\"Reduced by 4.7% (6.0&nbsp;kB) - Previously Optimized\"},\"0\":false,\"ewww_image_optimizer\":\"Reduced by 3.7% (7.2&nbsp;kB)\",\"views\":\"0\",\"likes\":\"0\"},\"title\":\"080 Barcelona Spring-Summer 2016\",\"description\":\"<p>080 Barcelona Spring-Summer 2016<\\\/p>\",\"link\":null,\"link_target\":\"\",\"download\":\"https:\\\/\\\/bobvarela.com\\\/wp-content\\\/flagallery\\\/custo-barcelona-coleccion-primavera-verano-2016\\\/custo_041.jpg\",\"ratio\":0.6670000000000000373034936274052597582340240478515625},{\"id\":\"20655\",\"image\":\"https:\\\/\\\/bobvarela.com\\\/wp-content\\\/flagallery\\\/custo-barcelona-coleccion-primavera-verano-2016\\\/webview\\\/custo_042.jpg\",\"thumb\":\"https:\\\/\\\/bobvarela.com\\\/wp-content\\\/flagallery\\\/custo-barcelona-coleccion-primavera-verano-2016\\\/thumbs\\\/thumbs_custo_042.jpg\",\"file\":\"custo_042.jpg\",\"meta\":{\"aperture\":false,\"credit\":false,\"camera\":false,\"caption\":\"080 Barcelona Spring-Summer 2016\",\"created_timestamp\":\"July 1, 2015 8:04 pm\",\"copyright\":\"\\u00c2\\u00a9 2015 Estrop-Barcelona PHOTOGRAPH FOR EDITORIAL USE ONLY\",\"focal_length\":false,\"iso\":false,\"shutter_speed\":false,\"flash\":false,\"title\":\"080 Barcelona Spring-Summer 2016\",\"keywords\":\"080 Barcelona,Estrop-Barcelona,Spring-Summer 2016\",\"width\":667,\"height\":1000,\"saved\":true,\"thumbnail\":{\"width\":220,\"height\":220,\"ewww_image_optimizer\":\"Reduced by 12.2% (3.7&nbsp;kB)\"},\"webview\":{\"0\":667,\"1\":1000,\"2\":2,\"3\":\"width=\\\"667\\\" height=\\\"1000\\\"\",\"bits\":8,\"channels\":3,\"mime\":\"image\\\/jpeg\",\"ewww_image_optimizer\":\"Reduced by 5.0% (4.0&nbsp;kB) - Previously Optimized\"},\"0\":false,\"ewww_image_optimizer\":\"Reduced by 5.7% (9.3&nbsp;kB)\",\"views\":\"0\",\"likes\":\"0\"},\"title\":\"080 Barcelona Spring-Summer 2016\",\"description\":\"<p>080 Barcelona Spring-Summer 2016<\\\/p>\",\"link\":null,\"link_target\":\"\",\"download\":\"https:\\\/\\\/bobvarela.com\\\/wp-content\\\/flagallery\\\/custo-barcelona-coleccion-primavera-verano-2016\\\/custo_042.jpg\",\"ratio\":0.6670000000000000373034936274052597582340240478515625},{\"id\":\"20656\",\"image\":\"https:\\\/\\\/bobvarela.com\\\/wp-content\\\/flagallery\\\/custo-barcelona-coleccion-primavera-verano-2016\\\/webview\\\/custo_043.jpg\",\"thumb\":\"https:\\\/\\\/bobvarela.com\\\/wp-content\\\/flagallery\\\/custo-barcelona-coleccion-primavera-verano-2016\\\/thumbs\\\/thumbs_custo_043.jpg\",\"file\":\"custo_043.jpg\",\"meta\":{\"aperture\":false,\"credit\":false,\"camera\":false,\"caption\":\"080 Barcelona Spring-Summer 2016\",\"created_timestamp\":\"July 1, 2015 8:04 pm\",\"copyright\":\"\\u00c2\\u00a9 2015 Estrop-Barcelona PHOTOGRAPH FOR EDITORIAL USE ONLY\",\"focal_length\":false,\"iso\":false,\"shutter_speed\":false,\"flash\":false,\"title\":\"080 Barcelona Spring-Summer 2016\",\"keywords\":\"080 Barcelona,Estrop-Barcelona,Spring-Summer 2016\",\"width\":667,\"height\":1000,\"saved\":true,\"thumbnail\":{\"width\":220,\"height\":220,\"ewww_image_optimizer\":\"Reduced by 11.3% (4.3&nbsp;kB)\"},\"webview\":{\"0\":667,\"1\":1000,\"2\":2,\"3\":\"width=\\\"667\\\" height=\\\"1000\\\"\",\"bits\":8,\"channels\":3,\"mime\":\"image\\\/jpeg\",\"ewww_image_optimizer\":\"Reduced by 4.9% (6.5&nbsp;kB) - Previously Optimized\"},\"0\":false,\"ewww_image_optimizer\":\"Reduced by 3.8% (7.3&nbsp;kB)\",\"views\":\"0\",\"likes\":\"0\"},\"title\":\"080 Barcelona Spring-Summer 2016\",\"description\":\"<p>080 Barcelona Spring-Summer 2016<\\\/p>\",\"link\":null,\"link_target\":\"\",\"download\":\"https:\\\/\\\/bobvarela.com\\\/wp-content\\\/flagallery\\\/custo-barcelona-coleccion-primavera-verano-2016\\\/custo_043.jpg\",\"ratio\":0.6670000000000000373034936274052597582340240478515625},{\"id\":\"20657\",\"image\":\"https:\\\/\\\/bobvarela.com\\\/wp-content\\\/flagallery\\\/custo-barcelona-coleccion-primavera-verano-2016\\\/webview\\\/custo_044.jpg\",\"thumb\":\"https:\\\/\\\/bobvarela.com\\\/wp-content\\\/flagallery\\\/custo-barcelona-coleccion-primavera-verano-2016\\\/thumbs\\\/thumbs_custo_044.jpg\",\"file\":\"custo_044.jpg\",\"meta\":{\"aperture\":false,\"credit\":false,\"camera\":false,\"caption\":\"080 Barcelona Spring-Summer 2016\",\"created_timestamp\":\"July 1, 2015 8:04 pm\",\"copyright\":\"\\u00c2\\u00a9 2015 Estrop-Barcelona PHOTOGRAPH FOR EDITORIAL USE ONLY\",\"focal_length\":false,\"iso\":false,\"shutter_speed\":false,\"flash\":false,\"title\":\"080 Barcelona Spring-Summer 2016\",\"keywords\":\"080 Barcelona,Estrop-Barcelona,Spring-Summer 2016\",\"width\":667,\"height\":1000,\"saved\":true,\"thumbnail\":{\"width\":220,\"height\":220,\"ewww_image_optimizer\":\"Reduced by 15.1% (7.2&nbsp;kB)\"},\"webview\":{\"0\":667,\"1\":1000,\"2\":2,\"3\":\"width=\\\"667\\\" height=\\\"1000\\\"\",\"bits\":8,\"channels\":3,\"mime\":\"image\\\/jpeg\",\"ewww_image_optimizer\":\"Reduced by 6.6% (8.3&nbsp;kB) - Previously Optimized\"},\"0\":false,\"ewww_image_optimizer\":\"Reduced by 5.6% (10.7&nbsp;kB)\",\"views\":\"0\",\"likes\":\"0\"},\"title\":\"080 Barcelona Spring-Summer 2016\",\"description\":\"<p>080 Barcelona Spring-Summer 2016<\\\/p>\",\"link\":null,\"link_target\":\"\",\"download\":\"https:\\\/\\\/bobvarela.com\\\/wp-content\\\/flagallery\\\/custo-barcelona-coleccion-primavera-verano-2016\\\/custo_044.jpg\",\"ratio\":0.6670000000000000373034936274052597582340240478515625},{\"id\":\"20658\",\"image\":\"https:\\\/\\\/bobvarela.com\\\/wp-content\\\/flagallery\\\/custo-barcelona-coleccion-primavera-verano-2016\\\/webview\\\/custo_045.jpg\",\"thumb\":\"https:\\\/\\\/bobvarela.com\\\/wp-content\\\/flagallery\\\/custo-barcelona-coleccion-primavera-verano-2016\\\/thumbs\\\/thumbs_custo_045.jpg\",\"file\":\"custo_045.jpg\",\"meta\":{\"aperture\":false,\"credit\":false,\"camera\":false,\"caption\":\"080 Barcelona Spring-Summer 2016\",\"created_timestamp\":\"July 1, 2015 8:05 pm\",\"copyright\":\"\\u00c2\\u00a9 2015 Estrop-Barcelona PHOTOGRAPH FOR EDITORIAL USE ONLY\",\"focal_length\":false,\"iso\":false,\"shutter_speed\":false,\"flash\":false,\"title\":\"080 Barcelona Spring-Summer 2016\",\"keywords\":\"080 Barcelona,Estrop-Barcelona,Spring-Summer 2016\",\"width\":667,\"height\":1000,\"saved\":true,\"thumbnail\":{\"width\":220,\"height\":220,\"ewww_image_optimizer\":\"Reduced by 12.6% (4.0&nbsp;kB)\"},\"webview\":{\"0\":667,\"1\":1000,\"2\":2,\"3\":\"width=\\\"667\\\" height=\\\"1000\\\"\",\"bits\":8,\"channels\":3,\"mime\":\"image\\\/jpeg\",\"ewww_image_optimizer\":\"Reduced by 5.1% (4.3&nbsp;kB) - Previously Optimized\"},\"0\":false,\"ewww_image_optimizer\":\"Reduced by 5.8% (10.2&nbsp;kB)\",\"views\":\"0\",\"likes\":\"0\"},\"title\":\"080 Barcelona Spring-Summer 2016\",\"description\":\"<p>080 Barcelona Spring-Summer 2016<\\\/p>\",\"link\":null,\"link_target\":\"\",\"download\":\"https:\\\/\\\/bobvarela.com\\\/wp-content\\\/flagallery\\\/custo-barcelona-coleccion-primavera-verano-2016\\\/custo_045.jpg\",\"ratio\":0.6670000000000000373034936274052597582340240478515625},{\"id\":\"20659\",\"image\":\"https:\\\/\\\/bobvarela.com\\\/wp-content\\\/flagallery\\\/custo-barcelona-coleccion-primavera-verano-2016\\\/webview\\\/custo_046.jpg\",\"thumb\":\"https:\\\/\\\/bobvarela.com\\\/wp-content\\\/flagallery\\\/custo-barcelona-coleccion-primavera-verano-2016\\\/thumbs\\\/thumbs_custo_046.jpg\",\"file\":\"custo_046.jpg\",\"meta\":{\"aperture\":false,\"credit\":false,\"camera\":false,\"caption\":\"080 Barcelona Spring-Summer 2016\",\"created_timestamp\":\"July 1, 2015 8:05 pm\",\"copyright\":\"\\u00c2\\u00a9 2015 Estrop-Barcelona PHOTOGRAPH FOR EDITORIAL USE ONLY\",\"focal_length\":false,\"iso\":false,\"shutter_speed\":false,\"flash\":false,\"title\":\"080 Barcelona Spring-Summer 2016\",\"keywords\":\"080 Barcelona,Estrop-Barcelona,Spring-Summer 2016\",\"width\":667,\"height\":1000,\"saved\":true,\"thumbnail\":{\"width\":220,\"height\":220,\"ewww_image_optimizer\":\"Reduced by 13.6% (5.6&nbsp;kB)\"},\"webview\":{\"0\":667,\"1\":1000,\"2\":2,\"3\":\"width=\\\"667\\\" height=\\\"1000\\\"\",\"bits\":8,\"channels\":3,\"mime\":\"image\\\/jpeg\",\"ewww_image_optimizer\":\"Reduced by 6.3% (7.6&nbsp;kB) - Previously Optimized\"},\"0\":false,\"ewww_image_optimizer\":\"Reduced by 4.6% (8.6&nbsp;kB)\",\"views\":\"1\",\"likes\":\"0\"},\"title\":\"080 Barcelona Spring-Summer 2016\",\"description\":\"<p>080 Barcelona Spring-Summer 2016<\\\/p>\",\"link\":null,\"link_target\":\"\",\"download\":\"https:\\\/\\\/bobvarela.com\\\/wp-content\\\/flagallery\\\/custo-barcelona-coleccion-primavera-verano-2016\\\/custo_046.jpg\",\"ratio\":0.6670000000000000373034936274052597582340240478515625},{\"id\":\"20660\",\"image\":\"https:\\\/\\\/bobvarela.com\\\/wp-content\\\/flagallery\\\/custo-barcelona-coleccion-primavera-verano-2016\\\/webview\\\/custo_047.jpg\",\"thumb\":\"https:\\\/\\\/bobvarela.com\\\/wp-content\\\/flagallery\\\/custo-barcelona-coleccion-primavera-verano-2016\\\/thumbs\\\/thumbs_custo_047.jpg\",\"file\":\"custo_047.jpg\",\"meta\":{\"aperture\":false,\"credit\":false,\"camera\":false,\"caption\":\"080 Barcelona Spring-Summer 2016\",\"created_timestamp\":\"July 1, 2015 8:05 pm\",\"copyright\":\"\\u00c2\\u00a9 2015 Estrop-Barcelona PHOTOGRAPH FOR EDITORIAL USE ONLY\",\"focal_length\":false,\"iso\":false,\"shutter_speed\":false,\"flash\":false,\"title\":\"080 Barcelona Spring-Summer 2016\",\"keywords\":\"080 Barcelona,Estrop-Barcelona,Spring-Summer 2016\",\"width\":667,\"height\":1000,\"saved\":true,\"thumbnail\":{\"width\":220,\"height\":220,\"ewww_image_optimizer\":\"Reduced by 16.9% (11.2&nbsp;kB)\"},\"webview\":{\"0\":667,\"1\":1000,\"2\":2,\"3\":\"width=\\\"667\\\" height=\\\"1000\\\"\",\"bits\":8,\"channels\":3,\"mime\":\"image\\\/jpeg\",\"ewww_image_optimizer\":\"Reduced by 17.7% (28.3&nbsp;kB)\"},\"0\":false,\"ewww_image_optimizer\":\"Reduced by 17.7% (28.3&nbsp;kB)\",\"views\":\"0\",\"likes\":\"0\"},\"title\":\"080 Barcelona Spring-Summer 2016\",\"description\":\"<p>080 Barcelona Spring-Summer 2016<\\\/p>\",\"link\":null,\"link_target\":\"\",\"download\":\"https:\\\/\\\/bobvarela.com\\\/wp-content\\\/flagallery\\\/custo-barcelona-coleccion-primavera-verano-2016\\\/custo_047.jpg\",\"ratio\":0.6670000000000000373034936274052597582340240478515625},{\"id\":\"20661\",\"image\":\"https:\\\/\\\/bobvarela.com\\\/wp-content\\\/flagallery\\\/custo-barcelona-coleccion-primavera-verano-2016\\\/webview\\\/custo_048.jpg\",\"thumb\":\"https:\\\/\\\/bobvarela.com\\\/wp-content\\\/flagallery\\\/custo-barcelona-coleccion-primavera-verano-2016\\\/thumbs\\\/thumbs_custo_048.jpg\",\"file\":\"custo_048.jpg\",\"meta\":{\"aperture\":false,\"credit\":false,\"camera\":false,\"caption\":\"080 Barcelona Spring-Summer 2016\",\"created_timestamp\":\"July 1, 2015 8:05 pm\",\"copyright\":\"\\u00c2\\u00a9 2015 Estrop-Barcelona PHOTOGRAPH FOR EDITORIAL USE ONLY\",\"focal_length\":false,\"iso\":false,\"shutter_speed\":false,\"flash\":false,\"title\":\"080 Barcelona Spring-Summer 2016\",\"keywords\":\"080 Barcelona,Estrop-Barcelona,Spring-Summer 2016\",\"width\":667,\"height\":1000,\"saved\":true,\"thumbnail\":{\"width\":220,\"height\":220,\"ewww_image_optimizer\":\"Reduced by 11.7% (3.4&nbsp;kB)\"},\"webview\":{\"0\":667,\"1\":1000,\"2\":2,\"3\":\"width=\\\"667\\\" height=\\\"1000\\\"\",\"bits\":8,\"channels\":3,\"mime\":\"image\\\/jpeg\",\"ewww_image_optimizer\":\"Reduced by 6.5% (4.8&nbsp;kB) - Previously Optimized\"},\"0\":false,\"ewww_image_optimizer\":\"Reduced by 6.1% (9.4&nbsp;kB)\",\"views\":\"0\",\"likes\":\"0\"},\"title\":\"080 Barcelona Spring-Summer 2016\",\"description\":\"<p>080 Barcelona Spring-Summer 2016<\\\/p>\",\"link\":null,\"link_target\":\"\",\"download\":\"https:\\\/\\\/bobvarela.com\\\/wp-content\\\/flagallery\\\/custo-barcelona-coleccion-primavera-verano-2016\\\/custo_048.jpg\",\"ratio\":0.6670000000000000373034936274052597582340240478515625},{\"id\":\"20662\",\"image\":\"https:\\\/\\\/bobvarela.com\\\/wp-content\\\/flagallery\\\/custo-barcelona-coleccion-primavera-verano-2016\\\/webview\\\/custo_049.jpg\",\"thumb\":\"https:\\\/\\\/bobvarela.com\\\/wp-content\\\/flagallery\\\/custo-barcelona-coleccion-primavera-verano-2016\\\/thumbs\\\/thumbs_custo_049.jpg\",\"file\":\"custo_049.jpg\",\"meta\":{\"aperture\":false,\"credit\":false,\"camera\":false,\"caption\":\"080 Barcelona Spring-Summer 2016\",\"created_timestamp\":\"July 1, 2015 8:05 pm\",\"copyright\":\"\\u00c2\\u00a9 2015 Estrop-Barcelona PHOTOGRAPH FOR EDITORIAL USE ONLY\",\"focal_length\":false,\"iso\":false,\"shutter_speed\":false,\"flash\":false,\"title\":\"080 Barcelona Spring-Summer 2016\",\"keywords\":\"080 Barcelona,Estrop-Barcelona,Spring-Summer 2016\",\"width\":667,\"height\":1000,\"saved\":true,\"thumbnail\":{\"width\":220,\"height\":220,\"ewww_image_optimizer\":\"Reduced by 13.0% (4.4&nbsp;kB)\"},\"webview\":{\"0\":667,\"1\":1000,\"2\":2,\"3\":\"width=\\\"667\\\" height=\\\"1000\\\"\",\"bits\":8,\"channels\":3,\"mime\":\"image\\\/jpeg\",\"ewww_image_optimizer\":\"Reduced by 6.6% (6.0&nbsp;kB) - Previously Optimized\"},\"0\":false,\"ewww_image_optimizer\":\"Reduced by 6.4% (12.1&nbsp;kB)\",\"views\":\"0\",\"likes\":\"0\"},\"title\":\"080 Barcelona Spring-Summer 2016\",\"description\":\"<p>080 Barcelona Spring-Summer 2016<\\\/p>\",\"link\":null,\"link_target\":\"\",\"download\":\"https:\\\/\\\/bobvarela.com\\\/wp-content\\\/flagallery\\\/custo-barcelona-coleccion-primavera-verano-2016\\\/custo_049.jpg\",\"ratio\":0.6670000000000000373034936274052597582340240478515625},{\"id\":\"20663\",\"image\":\"https:\\\/\\\/bobvarela.com\\\/wp-content\\\/flagallery\\\/custo-barcelona-coleccion-primavera-verano-2016\\\/webview\\\/custo_050.jpg\",\"thumb\":\"https:\\\/\\\/bobvarela.com\\\/wp-content\\\/flagallery\\\/custo-barcelona-coleccion-primavera-verano-2016\\\/thumbs\\\/thumbs_custo_050.jpg\",\"file\":\"custo_050.jpg\",\"meta\":{\"aperture\":false,\"credit\":false,\"camera\":false,\"caption\":\"080 Barcelona Spring-Summer 2016\",\"created_timestamp\":\"July 1, 2015 8:05 pm\",\"copyright\":\"\\u00c2\\u00a9 2015 Estrop-Barcelona PHOTOGRAPH FOR EDITORIAL USE ONLY\",\"focal_length\":false,\"iso\":false,\"shutter_speed\":false,\"flash\":false,\"title\":\"080 Barcelona Spring-Summer 2016\",\"keywords\":\"080 Barcelona,Estrop-Barcelona,Spring-Summer 2016\",\"width\":667,\"height\":1000,\"saved\":true,\"thumbnail\":{\"width\":220,\"height\":220,\"ewww_image_optimizer\":\"Reduced by 9.6% (3.4&nbsp;kB)\"},\"webview\":{\"0\":667,\"1\":1000,\"2\":2,\"3\":\"width=\\\"667\\\" height=\\\"1000\\\"\",\"bits\":8,\"channels\":3,\"mime\":\"image\\\/jpeg\",\"ewww_image_optimizer\":\"Reduced by 4.9% (5.6&nbsp;kB) - Previously Optimized\"},\"0\":false,\"ewww_image_optimizer\":\"Reduced by 3.1% (5.1&nbsp;kB)\",\"views\":\"0\",\"likes\":\"0\"},\"title\":\"080 Barcelona Spring-Summer 2016\",\"description\":\"<p>080 Barcelona Spring-Summer 2016<\\\/p>\",\"link\":null,\"link_target\":\"\",\"download\":\"https:\\\/\\\/bobvarela.com\\\/wp-content\\\/flagallery\\\/custo-barcelona-coleccion-primavera-verano-2016\\\/custo_050.jpg\",\"ratio\":0.6670000000000000373034936274052597582340240478515625},{\"id\":\"20664\",\"image\":\"https:\\\/\\\/bobvarela.com\\\/wp-content\\\/flagallery\\\/custo-barcelona-coleccion-primavera-verano-2016\\\/webview\\\/custo_051.jpg\",\"thumb\":\"https:\\\/\\\/bobvarela.com\\\/wp-content\\\/flagallery\\\/custo-barcelona-coleccion-primavera-verano-2016\\\/thumbs\\\/thumbs_custo_051.jpg\",\"file\":\"custo_051.jpg\",\"meta\":{\"aperture\":false,\"credit\":false,\"camera\":false,\"caption\":\"080 Barcelona Spring-Summer 2016\",\"created_timestamp\":\"July 1, 2015 8:05 pm\",\"copyright\":\"\\u00c2\\u00a9 2015 Estrop-Barcelona PHOTOGRAPH FOR EDITORIAL USE ONLY\",\"focal_length\":false,\"iso\":false,\"shutter_speed\":false,\"flash\":false,\"title\":\"080 Barcelona Spring-Summer 2016\",\"keywords\":\"080 Barcelona,Estrop-Barcelona,Spring-Summer 2016\",\"width\":667,\"height\":1000,\"saved\":true,\"thumbnail\":{\"width\":220,\"height\":220,\"ewww_image_optimizer\":\"Reduced by 12.5% (4.1&nbsp;kB)\"},\"webview\":{\"0\":667,\"1\":1000,\"2\":2,\"3\":\"width=\\\"667\\\" height=\\\"1000\\\"\",\"bits\":8,\"channels\":3,\"mime\":\"image\\\/jpeg\",\"ewww_image_optimizer\":\"Reduced by 5.0% (4.5&nbsp;kB) - Previously Optimized\"},\"0\":false,\"ewww_image_optimizer\":\"Reduced by 6.3% (11.4&nbsp;kB)\",\"views\":\"0\",\"likes\":\"0\"},\"title\":\"080 Barcelona Spring-Summer 2016\",\"description\":\"<p>080 Barcelona Spring-Summer 2016<\\\/p>\",\"link\":null,\"link_target\":\"\",\"download\":\"https:\\\/\\\/bobvarela.com\\\/wp-content\\\/flagallery\\\/custo-barcelona-coleccion-primavera-verano-2016\\\/custo_051.jpg\",\"ratio\":0.6670000000000000373034936274052597582340240478515625},{\"id\":\"20665\",\"image\":\"https:\\\/\\\/bobvarela.com\\\/wp-content\\\/flagallery\\\/custo-barcelona-coleccion-primavera-verano-2016\\\/webview\\\/custo_052.jpg\",\"thumb\":\"https:\\\/\\\/bobvarela.com\\\/wp-content\\\/flagallery\\\/custo-barcelona-coleccion-primavera-verano-2016\\\/thumbs\\\/thumbs_custo_052.jpg\",\"file\":\"custo_052.jpg\",\"meta\":{\"aperture\":false,\"credit\":false,\"camera\":false,\"caption\":\"080 Barcelona Spring-Summer 2016\",\"created_timestamp\":\"July 1, 2015 8:05 pm\",\"copyright\":\"\\u00c2\\u00a9 2015 Estrop-Barcelona PHOTOGRAPH FOR EDITORIAL USE ONLY\",\"focal_length\":false,\"iso\":false,\"shutter_speed\":false,\"flash\":false,\"title\":\"080 Barcelona Spring-Summer 2016\",\"keywords\":\"080 Barcelona,Estrop-Barcelona,Spring-Summer 2016\",\"width\":667,\"height\":1000,\"saved\":true,\"thumbnail\":{\"width\":220,\"height\":220,\"ewww_image_optimizer\":\"Reduced by 13.6% (5.7&nbsp;kB)\"},\"webview\":{\"0\":667,\"1\":1000,\"2\":2,\"3\":\"width=\\\"667\\\" height=\\\"1000\\\"\",\"bits\":8,\"channels\":3,\"mime\":\"image\\\/jpeg\",\"ewww_image_optimizer\":\"Reduced by 5.0% (6.8&nbsp;kB) - Previously Optimized\"},\"0\":false,\"ewww_image_optimizer\":\"Reduced by 5.0% (8.6&nbsp;kB)\",\"views\":\"0\",\"likes\":\"0\"},\"title\":\"080 Barcelona Spring-Summer 2016\",\"description\":\"<p>080 Barcelona Spring-Summer 2016<\\\/p>\",\"link\":null,\"link_target\":\"\",\"download\":\"https:\\\/\\\/bobvarela.com\\\/wp-content\\\/flagallery\\\/custo-barcelona-coleccion-primavera-verano-2016\\\/custo_052.jpg\",\"ratio\":0.6670000000000000373034936274052597582340240478515625},{\"id\":\"20666\",\"image\":\"https:\\\/\\\/bobvarela.com\\\/wp-content\\\/flagallery\\\/custo-barcelona-coleccion-primavera-verano-2016\\\/webview\\\/custo_053.jpg\",\"thumb\":\"https:\\\/\\\/bobvarela.com\\\/wp-content\\\/flagallery\\\/custo-barcelona-coleccion-primavera-verano-2016\\\/thumbs\\\/thumbs_custo_053.jpg\",\"file\":\"custo_053.jpg\",\"meta\":{\"aperture\":false,\"credit\":false,\"camera\":false,\"caption\":\"080 Barcelona Spring-Summer 2016\",\"created_timestamp\":\"July 1, 2015 8:05 pm\",\"copyright\":\"\\u00c2\\u00a9 2015 Estrop-Barcelona PHOTOGRAPH FOR EDITORIAL USE ONLY\",\"focal_length\":false,\"iso\":false,\"shutter_speed\":false,\"flash\":false,\"title\":\"080 Barcelona Spring-Summer 2016\",\"keywords\":\"080 Barcelona,Estrop-Barcelona,Spring-Summer 2016\",\"width\":667,\"height\":1000,\"saved\":true,\"thumbnail\":{\"width\":220,\"height\":220,\"ewww_image_optimizer\":\"Reduced by 13.6% (6.2&nbsp;kB)\"},\"webview\":{\"0\":667,\"1\":1000,\"2\":2,\"3\":\"width=\\\"667\\\" height=\\\"1000\\\"\",\"bits\":8,\"channels\":3,\"mime\":\"image\\\/jpeg\",\"ewww_image_optimizer\":\"Reduced by 5.9% (7.8&nbsp;kB) - Previously Optimized\"},\"0\":false,\"ewww_image_optimizer\":\"Reduced by 4.5% (8.9&nbsp;kB)\",\"views\":\"0\",\"likes\":\"0\"},\"title\":\"080 Barcelona Spring-Summer 2016\",\"description\":\"<p>080 Barcelona Spring-Summer 2016<\\\/p>\",\"link\":null,\"link_target\":\"\",\"download\":\"https:\\\/\\\/bobvarela.com\\\/wp-content\\\/flagallery\\\/custo-barcelona-coleccion-primavera-verano-2016\\\/custo_053.jpg\",\"ratio\":0.6670000000000000373034936274052597582340240478515625},{\"id\":\"20667\",\"image\":\"https:\\\/\\\/bobvarela.com\\\/wp-content\\\/flagallery\\\/custo-barcelona-coleccion-primavera-verano-2016\\\/webview\\\/custo_054.jpg\",\"thumb\":\"https:\\\/\\\/bobvarela.com\\\/wp-content\\\/flagallery\\\/custo-barcelona-coleccion-primavera-verano-2016\\\/thumbs\\\/thumbs_custo_054.jpg\",\"file\":\"custo_054.jpg\",\"meta\":{\"aperture\":false,\"credit\":false,\"camera\":false,\"caption\":\"080 Barcelona Spring-Summer 2016\",\"created_timestamp\":\"July 1, 2015 8:05 pm\",\"copyright\":\"\\u00c2\\u00a9 2015 Estrop-Barcelona PHOTOGRAPH FOR EDITORIAL USE ONLY\",\"focal_length\":false,\"iso\":false,\"shutter_speed\":false,\"flash\":false,\"title\":\"080 Barcelona Spring-Summer 2016\",\"keywords\":\"080 Barcelona,Estrop-Barcelona,Spring-Summer 2016\",\"width\":667,\"height\":1000,\"saved\":true,\"thumbnail\":{\"width\":220,\"height\":220,\"ewww_image_optimizer\":\"Reduced by 15.0% (5.0&nbsp;kB)\"},\"webview\":{\"0\":667,\"1\":1000,\"2\":2,\"3\":\"width=\\\"667\\\" height=\\\"1000\\\"\",\"bits\":8,\"channels\":3,\"mime\":\"image\\\/jpeg\",\"ewww_image_optimizer\":\"Reduced by 5.8% (6.1&nbsp;kB) - Previously Optimized\"},\"0\":false,\"ewww_image_optimizer\":\"Reduced by 7.7% (15.1&nbsp;kB)\",\"views\":\"4\",\"likes\":\"0\"},\"title\":\"080 Barcelona Spring-Summer 2016\",\"description\":\"<p>080 Barcelona Spring-Summer 2016<\\\/p>\",\"link\":null,\"link_target\":\"\",\"download\":\"https:\\\/\\\/bobvarela.com\\\/wp-content\\\/flagallery\\\/custo-barcelona-coleccion-primavera-verano-2016\\\/custo_054.jpg\",\"ratio\":0.6670000000000000373034936274052597582340240478515625},{\"id\":\"20668\",\"image\":\"https:\\\/\\\/bobvarela.com\\\/wp-content\\\/flagallery\\\/custo-barcelona-coleccion-primavera-verano-2016\\\/webview\\\/custo_055.jpg\",\"thumb\":\"https:\\\/\\\/bobvarela.com\\\/wp-content\\\/flagallery\\\/custo-barcelona-coleccion-primavera-verano-2016\\\/thumbs\\\/thumbs_custo_055.jpg\",\"file\":\"custo_055.jpg\",\"meta\":{\"aperture\":false,\"credit\":false,\"camera\":false,\"caption\":\"080 Barcelona Spring-Summer 2016\",\"created_timestamp\":\"July 1, 2015 8:05 pm\",\"copyright\":\"\\u00c2\\u00a9 2015 Estrop-Barcelona PHOTOGRAPH FOR EDITORIAL USE ONLY\",\"focal_length\":false,\"iso\":false,\"shutter_speed\":false,\"flash\":false,\"title\":\"080 Barcelona Spring-Summer 2016\",\"keywords\":\"080 Barcelona,Estrop-Barcelona,Spring-Summer 2016\",\"width\":667,\"height\":1000,\"saved\":true,\"thumbnail\":{\"width\":220,\"height\":220,\"ewww_image_optimizer\":\"Reduced by 16.0% (7.1&nbsp;kB)\"},\"webview\":{\"0\":667,\"1\":1000,\"2\":2,\"3\":\"width=\\\"667\\\" height=\\\"1000\\\"\",\"bits\":8,\"channels\":3,\"mime\":\"image\\\/jpeg\",\"ewww_image_optimizer\":\"Reduced by 6.3% (10.3&nbsp;kB) - Previously Optimized\"},\"0\":false,\"ewww_image_optimizer\":\"Reduced by 6.8% (11.8&nbsp;kB)\",\"views\":\"2\",\"likes\":\"0\"},\"title\":\"080 Barcelona Spring-Summer 2016\",\"description\":\"<p>080 Barcelona Spring-Summer 2016<\\\/p>\",\"link\":null,\"link_target\":\"\",\"download\":\"https:\\\/\\\/bobvarela.com\\\/wp-content\\\/flagallery\\\/custo-barcelona-coleccion-primavera-verano-2016\\\/custo_055.jpg\",\"ratio\":0.6670000000000000373034936274052597582340240478515625},{\"id\":\"20669\",\"image\":\"https:\\\/\\\/bobvarela.com\\\/wp-content\\\/flagallery\\\/custo-barcelona-coleccion-primavera-verano-2016\\\/webview\\\/custo_056.jpg\",\"thumb\":\"https:\\\/\\\/bobvarela.com\\\/wp-content\\\/flagallery\\\/custo-barcelona-coleccion-primavera-verano-2016\\\/thumbs\\\/thumbs_custo_056.jpg\",\"file\":\"custo_056.jpg\",\"meta\":{\"aperture\":false,\"credit\":false,\"camera\":false,\"caption\":\"080 Barcelona Spring-Summer 2016\",\"created_timestamp\":\"July 1, 2015 8:06 pm\",\"copyright\":\"\\u00c2\\u00a9 2015 Estrop-Barcelona PHOTOGRAPH FOR EDITORIAL USE ONLY\",\"focal_length\":false,\"iso\":false,\"shutter_speed\":false,\"flash\":false,\"title\":\"080 Barcelona Spring-Summer 2016\",\"keywords\":\"080 Barcelona,Estrop-Barcelona,Spring-Summer 2016\",\"width\":667,\"height\":1000,\"saved\":true,\"thumbnail\":{\"width\":220,\"height\":220,\"ewww_image_optimizer\":\"Reduced by 20.1% (14.8&nbsp;kB)\"},\"webview\":{\"0\":667,\"1\":1000,\"2\":2,\"3\":\"width=\\\"667\\\" height=\\\"1000\\\"\",\"bits\":8,\"channels\":3,\"mime\":\"image\\\/jpeg\",\"ewww_image_optimizer\":\"Reduced by 17.7% (31.2&nbsp;kB)\"},\"0\":false,\"ewww_image_optimizer\":\"Reduced by 17.7% (31.2&nbsp;kB)\",\"views\":\"1\",\"likes\":\"0\"},\"title\":\"080 Barcelona Spring-Summer 2016\",\"description\":\"<p>080 Barcelona Spring-Summer 2016<\\\/p>\",\"link\":null,\"link_target\":\"\",\"download\":\"https:\\\/\\\/bobvarela.com\\\/wp-content\\\/flagallery\\\/custo-barcelona-coleccion-primavera-verano-2016\\\/custo_056.jpg\",\"ratio\":0.6670000000000000373034936274052597582340240478515625},{\"id\":\"20670\",\"image\":\"https:\\\/\\\/bobvarela.com\\\/wp-content\\\/flagallery\\\/custo-barcelona-coleccion-primavera-verano-2016\\\/webview\\\/custo_057.jpg\",\"thumb\":\"https:\\\/\\\/bobvarela.com\\\/wp-content\\\/flagallery\\\/custo-barcelona-coleccion-primavera-verano-2016\\\/thumbs\\\/thumbs_custo_057.jpg\",\"file\":\"custo_057.jpg\",\"meta\":{\"aperture\":false,\"credit\":false,\"camera\":false,\"caption\":\"080 Barcelona Spring-Summer 2016\",\"created_timestamp\":\"July 1, 2015 8:06 pm\",\"copyright\":\"\\u00c2\\u00a9 2015 Estrop-Barcelona PHOTOGRAPH FOR EDITORIAL USE ONLY\",\"focal_length\":false,\"iso\":false,\"shutter_speed\":false,\"flash\":false,\"title\":\"080 Barcelona Spring-Summer 2016\",\"keywords\":\"080 Barcelona,Estrop-Barcelona,Spring-Summer 2016\",\"width\":667,\"height\":1000,\"saved\":true,\"thumbnail\":{\"width\":220,\"height\":220,\"ewww_image_optimizer\":\"Reduced by 13.5% (6.7&nbsp;kB)\"},\"webview\":{\"0\":667,\"1\":1000,\"2\":2,\"3\":\"width=\\\"667\\\" height=\\\"1000\\\"\",\"bits\":8,\"channels\":3,\"mime\":\"image\\\/jpeg\",\"ewww_image_optimizer\":\"Reduced by 7.3% (11.3&nbsp;kB) - Previously Optimized\"},\"0\":false,\"ewww_image_optimizer\":\"Reduced by 6.7% (11.0&nbsp;kB)\",\"views\":\"0\",\"likes\":\"0\"},\"title\":\"080 Barcelona Spring-Summer 2016\",\"description\":\"<p>080 Barcelona Spring-Summer 2016<\\\/p>\",\"link\":null,\"link_target\":\"\",\"download\":\"https:\\\/\\\/bobvarela.com\\\/wp-content\\\/flagallery\\\/custo-barcelona-coleccion-primavera-verano-2016\\\/custo_057.jpg\",\"ratio\":0.6670000000000000373034936274052597582340240478515625},{\"id\":\"20671\",\"image\":\"https:\\\/\\\/bobvarela.com\\\/wp-content\\\/flagallery\\\/custo-barcelona-coleccion-primavera-verano-2016\\\/webview\\\/custo_058.jpg\",\"thumb\":\"https:\\\/\\\/bobvarela.com\\\/wp-content\\\/flagallery\\\/custo-barcelona-coleccion-primavera-verano-2016\\\/thumbs\\\/thumbs_custo_058.jpg\",\"file\":\"custo_058.jpg\",\"meta\":{\"aperture\":false,\"credit\":false,\"camera\":false,\"caption\":\"080 Barcelona Spring-Summer 2016\",\"created_timestamp\":\"July 1, 2015 8:06 pm\",\"copyright\":\"\\u00c2\\u00a9 2015 Estrop-Barcelona PHOTOGRAPH FOR EDITORIAL USE ONLY\",\"focal_length\":false,\"iso\":false,\"shutter_speed\":false,\"flash\":false,\"title\":\"080 Barcelona Spring-Summer 2016\",\"keywords\":\"080 Barcelona,Estrop-Barcelona,Spring-Summer 2016\",\"width\":667,\"height\":1000,\"saved\":true,\"thumbnail\":{\"width\":220,\"height\":220,\"ewww_image_optimizer\":\"Reduced by 14.6% (4.6&nbsp;kB)\"},\"webview\":{\"0\":667,\"1\":1000,\"2\":2,\"3\":\"width=\\\"667\\\" height=\\\"1000\\\"\",\"bits\":8,\"channels\":3,\"mime\":\"image\\\/jpeg\",\"ewww_image_optimizer\":\"Reduced by 6.1% (5.5&nbsp;kB) - Previously Optimized\"},\"0\":false,\"ewww_image_optimizer\":\"Reduced by 7.9% (13.7&nbsp;kB)\",\"views\":\"0\",\"likes\":\"0\"},\"title\":\"080 Barcelona Spring-Summer 2016\",\"description\":\"<p>080 Barcelona Spring-Summer 2016<\\\/p>\",\"link\":null,\"link_target\":\"\",\"download\":\"https:\\\/\\\/bobvarela.com\\\/wp-content\\\/flagallery\\\/custo-barcelona-coleccion-primavera-verano-2016\\\/custo_058.jpg\",\"ratio\":0.6670000000000000373034936274052597582340240478515625},{\"id\":\"20672\",\"image\":\"https:\\\/\\\/bobvarela.com\\\/wp-content\\\/flagallery\\\/custo-barcelona-coleccion-primavera-verano-2016\\\/webview\\\/custo_059.jpg\",\"thumb\":\"https:\\\/\\\/bobvarela.com\\\/wp-content\\\/flagallery\\\/custo-barcelona-coleccion-primavera-verano-2016\\\/thumbs\\\/thumbs_custo_059.jpg\",\"file\":\"custo_059.jpg\",\"meta\":{\"aperture\":false,\"credit\":false,\"camera\":false,\"caption\":\"080 Barcelona Spring-Summer 2016\",\"created_timestamp\":\"July 1, 2015 8:06 pm\",\"copyright\":\"\\u00c2\\u00a9 2015 Estrop-Barcelona PHOTOGRAPH FOR EDITORIAL USE ONLY\",\"focal_length\":false,\"iso\":false,\"shutter_speed\":false,\"flash\":false,\"title\":\"080 Barcelona Spring-Summer 2016\",\"keywords\":\"080 Barcelona,Estrop-Barcelona,Spring-Summer 2016\",\"width\":667,\"height\":1000,\"saved\":true,\"thumbnail\":{\"width\":220,\"height\":220,\"ewww_image_optimizer\":\"Reduced by 16.8% (7.6&nbsp;kB)\"},\"webview\":{\"0\":667,\"1\":1000,\"2\":2,\"3\":\"width=\\\"667\\\" height=\\\"1000\\\"\",\"bits\":8,\"channels\":3,\"mime\":\"image\\\/jpeg\",\"ewww_image_optimizer\":\"Reduced by 5.9% (9.4&nbsp;kB) - Previously Optimized\"},\"0\":false,\"ewww_image_optimizer\":\"Reduced by 6.8% (13.2&nbsp;kB)\",\"views\":\"0\",\"likes\":\"0\"},\"title\":\"080 Barcelona Spring-Summer 2016\",\"description\":\"<p>080 Barcelona Spring-Summer 2016<\\\/p>\",\"link\":null,\"link_target\":\"\",\"download\":\"https:\\\/\\\/bobvarela.com\\\/wp-content\\\/flagallery\\\/custo-barcelona-coleccion-primavera-verano-2016\\\/custo_059.jpg\",\"ratio\":0.6670000000000000373034936274052597582340240478515625},{\"id\":\"20673\",\"image\":\"https:\\\/\\\/bobvarela.com\\\/wp-content\\\/flagallery\\\/custo-barcelona-coleccion-primavera-verano-2016\\\/webview\\\/custo_060.jpg\",\"thumb\":\"https:\\\/\\\/bobvarela.com\\\/wp-content\\\/flagallery\\\/custo-barcelona-coleccion-primavera-verano-2016\\\/thumbs\\\/thumbs_custo_060.jpg\",\"file\":\"custo_060.jpg\",\"meta\":{\"aperture\":false,\"credit\":false,\"camera\":false,\"caption\":\"080 Barcelona Spring-Summer 2016\",\"created_timestamp\":\"July 1, 2015 8:06 pm\",\"copyright\":\"\\u00c2\\u00a9 2015 Estrop-Barcelona PHOTOGRAPH FOR EDITORIAL USE ONLY\",\"focal_length\":false,\"iso\":false,\"shutter_speed\":false,\"flash\":false,\"title\":\"080 Barcelona Spring-Summer 2016\",\"keywords\":\"080 Barcelona,Estrop-Barcelona,Spring-Summer 2016\",\"width\":667,\"height\":1000,\"saved\":true,\"thumbnail\":{\"width\":220,\"height\":220,\"ewww_image_optimizer\":\"Reduced by 10.4% (3.3&nbsp;kB)\"},\"webview\":{\"0\":667,\"1\":1000,\"2\":2,\"3\":\"width=\\\"667\\\" height=\\\"1000\\\"\",\"bits\":8,\"channels\":3,\"mime\":\"image\\\/jpeg\",\"ewww_image_optimizer\":\"Reduced by 5.1% (4.5&nbsp;kB) - Previously Optimized\"},\"0\":false,\"ewww_image_optimizer\":\"Reduced by 5.1% (10.0&nbsp;kB)\",\"views\":\"0\",\"likes\":\"0\"},\"title\":\"080 Barcelona Spring-Summer 2016\",\"description\":\"<p>080 Barcelona Spring-Summer 2016<\\\/p>\",\"link\":null,\"link_target\":\"\",\"download\":\"https:\\\/\\\/bobvarela.com\\\/wp-content\\\/flagallery\\\/custo-barcelona-coleccion-primavera-verano-2016\\\/custo_060.jpg\",\"ratio\":0.6670000000000000373034936274052597582340240478515625},{\"id\":\"20674\",\"image\":\"https:\\\/\\\/bobvarela.com\\\/wp-content\\\/flagallery\\\/custo-barcelona-coleccion-primavera-verano-2016\\\/webview\\\/custo_061.jpg\",\"thumb\":\"https:\\\/\\\/bobvarela.com\\\/wp-content\\\/flagallery\\\/custo-barcelona-coleccion-primavera-verano-2016\\\/thumbs\\\/thumbs_custo_061.jpg\",\"file\":\"custo_061.jpg\",\"meta\":{\"aperture\":false,\"credit\":false,\"camera\":false,\"caption\":\"080 Barcelona Spring-Summer 2016\",\"created_timestamp\":\"July 1, 2015 8:06 pm\",\"copyright\":\"\\u00c2\\u00a9 2015 Estrop-Barcelona PHOTOGRAPH FOR EDITORIAL USE ONLY\",\"focal_length\":false,\"iso\":false,\"shutter_speed\":false,\"flash\":false,\"title\":\"080 Barcelona Spring-Summer 2016\",\"keywords\":\"080 Barcelona,Estrop-Barcelona,Spring-Summer 2016\",\"width\":667,\"height\":1000,\"saved\":true,\"thumbnail\":{\"width\":220,\"height\":220,\"ewww_image_optimizer\":\"Reduced by 13.5% (4.7&nbsp;kB)\"},\"webview\":{\"0\":667,\"1\":1000,\"2\":2,\"3\":\"width=\\\"667\\\" height=\\\"1000\\\"\",\"bits\":8,\"channels\":3,\"mime\":\"image\\\/jpeg\",\"ewww_image_optimizer\":\"Reduced by 5.5% (5.2&nbsp;kB) - Previously Optimized\"},\"0\":false,\"ewww_image_optimizer\":\"Reduced by 6.8% (12.6&nbsp;kB)\",\"views\":\"0\",\"likes\":\"0\"},\"title\":\"080 Barcelona Spring-Summer 2016\",\"description\":\"<p>080 Barcelona Spring-Summer 2016<\\\/p>\",\"link\":null,\"link_target\":\"\",\"download\":\"https:\\\/\\\/bobvarela.com\\\/wp-content\\\/flagallery\\\/custo-barcelona-coleccion-primavera-verano-2016\\\/custo_061.jpg\",\"ratio\":0.6670000000000000373034936274052597582340240478515625},{\"id\":\"20675\",\"image\":\"https:\\\/\\\/bobvarela.com\\\/wp-content\\\/flagallery\\\/custo-barcelona-coleccion-primavera-verano-2016\\\/webview\\\/custo_062.jpg\",\"thumb\":\"https:\\\/\\\/bobvarela.com\\\/wp-content\\\/flagallery\\\/custo-barcelona-coleccion-primavera-verano-2016\\\/thumbs\\\/thumbs_custo_062.jpg\",\"file\":\"custo_062.jpg\",\"meta\":{\"aperture\":false,\"credit\":false,\"camera\":false,\"caption\":\"080 Barcelona Spring-Summer 2016\",\"created_timestamp\":\"July 1, 2015 8:06 pm\",\"copyright\":\"\\u00c2\\u00a9 2015 Estrop-Barcelona PHOTOGRAPH FOR EDITORIAL USE ONLY\",\"focal_length\":false,\"iso\":false,\"shutter_speed\":false,\"flash\":false,\"title\":\"080 Barcelona Spring-Summer 2016\",\"keywords\":\"080 Barcelona,Estrop-Barcelona,Spring-Summer 2016\",\"width\":667,\"height\":1000,\"saved\":true,\"thumbnail\":{\"width\":220,\"height\":220,\"ewww_image_optimizer\":\"Reduced by 13.4% (5.6&nbsp;kB)\"},\"webview\":{\"0\":667,\"1\":1000,\"2\":2,\"3\":\"width=\\\"667\\\" height=\\\"1000\\\"\",\"bits\":8,\"channels\":3,\"mime\":\"image\\\/jpeg\",\"ewww_image_optimizer\":\"Reduced by 5.2% (7.1&nbsp;kB) - Previously Optimized\"},\"0\":false,\"ewww_image_optimizer\":\"Reduced by 4.7% (8.9&nbsp;kB)\",\"views\":\"2\",\"likes\":\"0\"},\"title\":\"080 Barcelona Spring-Summer 2016\",\"description\":\"<p>080 Barcelona Spring-Summer 2016<\\\/p>\",\"link\":null,\"link_target\":\"\",\"download\":\"https:\\\/\\\/bobvarela.com\\\/wp-content\\\/flagallery\\\/custo-barcelona-coleccion-primavera-verano-2016\\\/custo_062.jpg\",\"ratio\":0.6670000000000000373034936274052597582340240478515625}]}; var container = $('#FlaGallery_sc1_283'); container.photomania(settings, content); window.FlaGallery_sc1_283 = container.data('photomania'); }); <\/script><\/div><noscript id=\"noscript_FlaGallery_sc1_283\"><img class=\"skip-lazy no-lazyload noLazy\" data-lazy-src=\"\" src =\"https:\/\/bobvarela.com\/wp-content\/flagallery\/custo-barcelona-coleccion-primavera-verano-2016\/custo_003.jpg\" alt=\"080 Barcelona Spring-Summer 2016\" \/><img class=\"skip-lazy no-lazyload noLazy\" data-lazy-src=\"\" src =\"https:\/\/bobvarela.com\/wp-content\/flagallery\/custo-barcelona-coleccion-primavera-verano-2016\/custo_004.jpg\" alt=\"080 Barcelona Spring-Summer 2016\" \/><img class=\"skip-lazy no-lazyload noLazy\" data-lazy-src=\"\" src =\"https:\/\/bobvarela.com\/wp-content\/flagallery\/custo-barcelona-coleccion-primavera-verano-2016\/custo_005.jpg\" alt=\"080 Barcelona Spring-Summer 2016\" \/><img class=\"skip-lazy no-lazyload noLazy\" data-lazy-src=\"\" src =\"https:\/\/bobvarela.com\/wp-content\/flagallery\/custo-barcelona-coleccion-primavera-verano-2016\/custo_006.jpg\" alt=\"080 Barcelona Spring-Summer 2016\" \/><img class=\"skip-lazy no-lazyload noLazy\" data-lazy-src=\"\" src =\"https:\/\/bobvarela.com\/wp-content\/flagallery\/custo-barcelona-coleccion-primavera-verano-2016\/custo_007.jpg\" alt=\"080 Barcelona Spring-Summer 2016\" \/><img class=\"skip-lazy no-lazyload noLazy\" data-lazy-src=\"\" src =\"https:\/\/bobvarela.com\/wp-content\/flagallery\/custo-barcelona-coleccion-primavera-verano-2016\/custo_008.jpg\" alt=\"080 Barcelona Spring-Summer 2016\" \/><img class=\"skip-lazy no-lazyload noLazy\" data-lazy-src=\"\" src =\"https:\/\/bobvarela.com\/wp-content\/flagallery\/custo-barcelona-coleccion-primavera-verano-2016\/custo_009.jpg\" alt=\"080 Barcelona Spring-Summer 2016\" \/><img class=\"skip-lazy no-lazyload noLazy\" data-lazy-src=\"\" src =\"https:\/\/bobvarela.com\/wp-content\/flagallery\/custo-barcelona-coleccion-primavera-verano-2016\/custo_010.jpg\" alt=\"080 Barcelona Spring-Summer 2016\" \/><img class=\"skip-lazy no-lazyload noLazy\" data-lazy-src=\"\" src =\"https:\/\/bobvarela.com\/wp-content\/flagallery\/custo-barcelona-coleccion-primavera-verano-2016\/custo_011.jpg\" alt=\"080 Barcelona Spring-Summer 2016\" \/><img class=\"skip-lazy no-lazyload noLazy\" data-lazy-src=\"\" src =\"https:\/\/bobvarela.com\/wp-content\/flagallery\/custo-barcelona-coleccion-primavera-verano-2016\/custo_012.jpg\" alt=\"080 Barcelona Spring-Summer 2016\" \/><img class=\"skip-lazy no-lazyload noLazy\" data-lazy-src=\"\" src =\"https:\/\/bobvarela.com\/wp-content\/flagallery\/custo-barcelona-coleccion-primavera-verano-2016\/custo_013.jpg\" alt=\"080 Barcelona Spring-Summer 2016\" \/><img class=\"skip-lazy no-lazyload noLazy\" data-lazy-src=\"\" src =\"https:\/\/bobvarela.com\/wp-content\/flagallery\/custo-barcelona-coleccion-primavera-verano-2016\/custo_014.jpg\" alt=\"080 Barcelona Spring-Summer 2016\" \/><img class=\"skip-lazy no-lazyload noLazy\" data-lazy-src=\"\" src =\"https:\/\/bobvarela.com\/wp-content\/flagallery\/custo-barcelona-coleccion-primavera-verano-2016\/custo_015.jpg\" alt=\"080 Barcelona Spring-Summer 2016\" \/><img class=\"skip-lazy no-lazyload noLazy\" data-lazy-src=\"\" src =\"https:\/\/bobvarela.com\/wp-content\/flagallery\/custo-barcelona-coleccion-primavera-verano-2016\/custo_016.jpg\" alt=\"080 Barcelona Spring-Summer 2016\" \/><img class=\"skip-lazy no-lazyload noLazy\" data-lazy-src=\"\" src =\"https:\/\/bobvarela.com\/wp-content\/flagallery\/custo-barcelona-coleccion-primavera-verano-2016\/custo_017.jpg\" alt=\"080 Barcelona Spring-Summer 2016\" \/><img class=\"skip-lazy no-lazyload noLazy\" data-lazy-src=\"\" src =\"https:\/\/bobvarela.com\/wp-content\/flagallery\/custo-barcelona-coleccion-primavera-verano-2016\/custo_018.jpg\" alt=\"080 Barcelona Spring-Summer 2016\" \/><img class=\"skip-lazy no-lazyload noLazy\" data-lazy-src=\"\" src =\"https:\/\/bobvarela.com\/wp-content\/flagallery\/custo-barcelona-coleccion-primavera-verano-2016\/custo_019.jpg\" alt=\"080 Barcelona Spring-Summer 2016\" \/><img class=\"skip-lazy no-lazyload noLazy\" data-lazy-src=\"\" src =\"https:\/\/bobvarela.com\/wp-content\/flagallery\/custo-barcelona-coleccion-primavera-verano-2016\/custo_020.jpg\" alt=\"080 Barcelona Spring-Summer 2016\" \/><img class=\"skip-lazy no-lazyload noLazy\" data-lazy-src=\"\" src =\"https:\/\/bobvarela.com\/wp-content\/flagallery\/custo-barcelona-coleccion-primavera-verano-2016\/custo_021.jpg\" alt=\"080 Barcelona Spring-Summer 2016\" \/><img class=\"skip-lazy no-lazyload noLazy\" data-lazy-src=\"\" src =\"https:\/\/bobvarela.com\/wp-content\/flagallery\/custo-barcelona-coleccion-primavera-verano-2016\/custo_022.jpg\" alt=\"080 Barcelona Spring-Summer 2016\" \/><img class=\"skip-lazy no-lazyload noLazy\" data-lazy-src=\"\" src =\"https:\/\/bobvarela.com\/wp-content\/flagallery\/custo-barcelona-coleccion-primavera-verano-2016\/custo_023.jpg\" alt=\"080 Barcelona Spring-Summer 2016\" \/><img class=\"skip-lazy no-lazyload noLazy\" data-lazy-src=\"\" src =\"https:\/\/bobvarela.com\/wp-content\/flagallery\/custo-barcelona-coleccion-primavera-verano-2016\/custo_024.jpg\" alt=\"080 Barcelona Spring-Summer 2016\" \/><img class=\"skip-lazy no-lazyload noLazy\" data-lazy-src=\"\" src =\"https:\/\/bobvarela.com\/wp-content\/flagallery\/custo-barcelona-coleccion-primavera-verano-2016\/custo_025.jpg\" alt=\"080 Barcelona Spring-Summer 2016\" \/><img class=\"skip-lazy no-lazyload noLazy\" data-lazy-src=\"\" src =\"https:\/\/bobvarela.com\/wp-content\/flagallery\/custo-barcelona-coleccion-primavera-verano-2016\/custo_026.jpg\" alt=\"080 Barcelona Spring-Summer 2016\" \/><img class=\"skip-lazy no-lazyload noLazy\" data-lazy-src=\"\" src =\"https:\/\/bobvarela.com\/wp-content\/flagallery\/custo-barcelona-coleccion-primavera-verano-2016\/custo_027.jpg\" alt=\"080 Barcelona Spring-Summer 2016\" \/><img class=\"skip-lazy no-lazyload noLazy\" data-lazy-src=\"\" src =\"https:\/\/bobvarela.com\/wp-content\/flagallery\/custo-barcelona-coleccion-primavera-verano-2016\/custo_028.jpg\" alt=\"080 Barcelona Spring-Summer 2016\" \/><img class=\"skip-lazy no-lazyload noLazy\" data-lazy-src=\"\" src =\"https:\/\/bobvarela.com\/wp-content\/flagallery\/custo-barcelona-coleccion-primavera-verano-2016\/custo_029.jpg\" alt=\"080 Barcelona Spring-Summer 2016\" \/><img class=\"skip-lazy no-lazyload noLazy\" data-lazy-src=\"\" src =\"https:\/\/bobvarela.com\/wp-content\/flagallery\/custo-barcelona-coleccion-primavera-verano-2016\/custo_030.jpg\" alt=\"080 Barcelona Spring-Summer 2016\" \/><img class=\"skip-lazy no-lazyload noLazy\" data-lazy-src=\"\" src =\"https:\/\/bobvarela.com\/wp-content\/flagallery\/custo-barcelona-coleccion-primavera-verano-2016\/custo_031.jpg\" alt=\"080 Barcelona Spring-Summer 2016\" \/><img class=\"skip-lazy no-lazyload noLazy\" data-lazy-src=\"\" src =\"https:\/\/bobvarela.com\/wp-content\/flagallery\/custo-barcelona-coleccion-primavera-verano-2016\/custo_032.jpg\" alt=\"080 Barcelona Spring-Summer 2016\" \/><img class=\"skip-lazy no-lazyload noLazy\" data-lazy-src=\"\" src =\"https:\/\/bobvarela.com\/wp-content\/flagallery\/custo-barcelona-coleccion-primavera-verano-2016\/custo_033.jpg\" alt=\"080 Barcelona Spring-Summer 2016\" \/><img class=\"skip-lazy no-lazyload noLazy\" data-lazy-src=\"\" src =\"https:\/\/bobvarela.com\/wp-content\/flagallery\/custo-barcelona-coleccion-primavera-verano-2016\/custo_034.jpg\" alt=\"080 Barcelona Spring-Summer 2016\" \/><img class=\"skip-lazy no-lazyload noLazy\" data-lazy-src=\"\" src =\"https:\/\/bobvarela.com\/wp-content\/flagallery\/custo-barcelona-coleccion-primavera-verano-2016\/custo_035.jpg\" alt=\"080 Barcelona Spring-Summer 2016\" \/><img class=\"skip-lazy no-lazyload noLazy\" data-lazy-src=\"\" src =\"https:\/\/bobvarela.com\/wp-content\/flagallery\/custo-barcelona-coleccion-primavera-verano-2016\/custo_036.jpg\" alt=\"080 Barcelona Spring-Summer 2016\" \/><img class=\"skip-lazy no-lazyload noLazy\" data-lazy-src=\"\" src =\"https:\/\/bobvarela.com\/wp-content\/flagallery\/custo-barcelona-coleccion-primavera-verano-2016\/custo_037.jpg\" alt=\"080 Barcelona Spring-Summer 2016\" \/><img class=\"skip-lazy no-lazyload noLazy\" data-lazy-src=\"\" src =\"https:\/\/bobvarela.com\/wp-content\/flagallery\/custo-barcelona-coleccion-primavera-verano-2016\/custo_038.jpg\" alt=\"080 Barcelona Spring-Summer 2016\" \/><img class=\"skip-lazy no-lazyload noLazy\" data-lazy-src=\"\" src =\"https:\/\/bobvarela.com\/wp-content\/flagallery\/custo-barcelona-coleccion-primavera-verano-2016\/custo_039.jpg\" alt=\"080 Barcelona Spring-Summer 2016\" \/><img class=\"skip-lazy no-lazyload noLazy\" data-lazy-src=\"\" src =\"https:\/\/bobvarela.com\/wp-content\/flagallery\/custo-barcelona-coleccion-primavera-verano-2016\/custo_040.jpg\" alt=\"080 Barcelona Spring-Summer 2016\" \/><img class=\"skip-lazy no-lazyload noLazy\" data-lazy-src=\"\" src =\"https:\/\/bobvarela.com\/wp-content\/flagallery\/custo-barcelona-coleccion-primavera-verano-2016\/custo_041.jpg\" alt=\"080 Barcelona Spring-Summer 2016\" \/><img class=\"skip-lazy no-lazyload noLazy\" data-lazy-src=\"\" src =\"https:\/\/bobvarela.com\/wp-content\/flagallery\/custo-barcelona-coleccion-primavera-verano-2016\/custo_042.jpg\" alt=\"080 Barcelona Spring-Summer 2016\" \/><img class=\"skip-lazy no-lazyload noLazy\" data-lazy-src=\"\" src =\"https:\/\/bobvarela.com\/wp-content\/flagallery\/custo-barcelona-coleccion-primavera-verano-2016\/custo_043.jpg\" alt=\"080 Barcelona Spring-Summer 2016\" \/><img class=\"skip-lazy no-lazyload noLazy\" data-lazy-src=\"\" src =\"https:\/\/bobvarela.com\/wp-content\/flagallery\/custo-barcelona-coleccion-primavera-verano-2016\/custo_044.jpg\" alt=\"080 Barcelona Spring-Summer 2016\" \/><img class=\"skip-lazy no-lazyload noLazy\" data-lazy-src=\"\" src =\"https:\/\/bobvarela.com\/wp-content\/flagallery\/custo-barcelona-coleccion-primavera-verano-2016\/custo_045.jpg\" alt=\"080 Barcelona Spring-Summer 2016\" \/><img class=\"skip-lazy no-lazyload noLazy\" data-lazy-src=\"\" src =\"https:\/\/bobvarela.com\/wp-content\/flagallery\/custo-barcelona-coleccion-primavera-verano-2016\/custo_046.jpg\" alt=\"080 Barcelona Spring-Summer 2016\" \/><img class=\"skip-lazy no-lazyload noLazy\" data-lazy-src=\"\" src =\"https:\/\/bobvarela.com\/wp-content\/flagallery\/custo-barcelona-coleccion-primavera-verano-2016\/custo_047.jpg\" alt=\"080 Barcelona Spring-Summer 2016\" \/><img class=\"skip-lazy no-lazyload noLazy\" data-lazy-src=\"\" src =\"https:\/\/bobvarela.com\/wp-content\/flagallery\/custo-barcelona-coleccion-primavera-verano-2016\/custo_048.jpg\" alt=\"080 Barcelona Spring-Summer 2016\" \/><img class=\"skip-lazy no-lazyload noLazy\" data-lazy-src=\"\" src =\"https:\/\/bobvarela.com\/wp-content\/flagallery\/custo-barcelona-coleccion-primavera-verano-2016\/custo_049.jpg\" alt=\"080 Barcelona Spring-Summer 2016\" \/><img class=\"skip-lazy no-lazyload noLazy\" data-lazy-src=\"\" src =\"https:\/\/bobvarela.com\/wp-content\/flagallery\/custo-barcelona-coleccion-primavera-verano-2016\/custo_050.jpg\" alt=\"080 Barcelona Spring-Summer 2016\" \/><img class=\"skip-lazy no-lazyload noLazy\" data-lazy-src=\"\" src =\"https:\/\/bobvarela.com\/wp-content\/flagallery\/custo-barcelona-coleccion-primavera-verano-2016\/custo_051.jpg\" alt=\"080 Barcelona Spring-Summer 2016\" \/><img class=\"skip-lazy no-lazyload noLazy\" data-lazy-src=\"\" src =\"https:\/\/bobvarela.com\/wp-content\/flagallery\/custo-barcelona-coleccion-primavera-verano-2016\/custo_052.jpg\" alt=\"080 Barcelona Spring-Summer 2016\" \/><img class=\"skip-lazy no-lazyload noLazy\" data-lazy-src=\"\" src =\"https:\/\/bobvarela.com\/wp-content\/flagallery\/custo-barcelona-coleccion-primavera-verano-2016\/custo_053.jpg\" alt=\"080 Barcelona Spring-Summer 2016\" \/><img class=\"skip-lazy no-lazyload noLazy\" data-lazy-src=\"\" src =\"https:\/\/bobvarela.com\/wp-content\/flagallery\/custo-barcelona-coleccion-primavera-verano-2016\/custo_054.jpg\" alt=\"080 Barcelona Spring-Summer 2016\" \/><img class=\"skip-lazy no-lazyload noLazy\" data-lazy-src=\"\" src =\"https:\/\/bobvarela.com\/wp-content\/flagallery\/custo-barcelona-coleccion-primavera-verano-2016\/custo_055.jpg\" alt=\"080 Barcelona Spring-Summer 2016\" \/><img class=\"skip-lazy no-lazyload noLazy\" data-lazy-src=\"\" src =\"https:\/\/bobvarela.com\/wp-content\/flagallery\/custo-barcelona-coleccion-primavera-verano-2016\/custo_056.jpg\" alt=\"080 Barcelona Spring-Summer 2016\" \/><img class=\"skip-lazy no-lazyload noLazy\" data-lazy-src=\"\" src =\"https:\/\/bobvarela.com\/wp-content\/flagallery\/custo-barcelona-coleccion-primavera-verano-2016\/custo_057.jpg\" alt=\"080 Barcelona Spring-Summer 2016\" \/><img class=\"skip-lazy no-lazyload noLazy\" data-lazy-src=\"\" src =\"https:\/\/bobvarela.com\/wp-content\/flagallery\/custo-barcelona-coleccion-primavera-verano-2016\/custo_058.jpg\" alt=\"080 Barcelona Spring-Summer 2016\" \/><img class=\"skip-lazy no-lazyload noLazy\" data-lazy-src=\"\" src =\"https:\/\/bobvarela.com\/wp-content\/flagallery\/custo-barcelona-coleccion-primavera-verano-2016\/custo_059.jpg\" alt=\"080 Barcelona Spring-Summer 2016\" \/><img class=\"skip-lazy no-lazyload noLazy\" data-lazy-src=\"\" src =\"https:\/\/bobvarela.com\/wp-content\/flagallery\/custo-barcelona-coleccion-primavera-verano-2016\/custo_060.jpg\" alt=\"080 Barcelona Spring-Summer 2016\" \/><img class=\"skip-lazy no-lazyload noLazy\" data-lazy-src=\"\" src =\"https:\/\/bobvarela.com\/wp-content\/flagallery\/custo-barcelona-coleccion-primavera-verano-2016\/custo_061.jpg\" alt=\"080 Barcelona Spring-Summer 2016\" \/><img class=\"skip-lazy no-lazyload noLazy\" data-lazy-src=\"\" src =\"https:\/\/bobvarela.com\/wp-content\/flagallery\/custo-barcelona-coleccion-primavera-verano-2016\/custo_062.jpg\" alt=\"080 Barcelona Spring-Summer 2016\" \/><\/noscript><\/p>\n","protected":false},"excerpt":{"rendered":"<p>La cocina est\u00e1 de moda, y uno de los grandes dise\u00f1adores catalanes que sigue estando en el cartel de la 080 Barcelona Fashion ha querido representarla con una colecci\u00f3n llamada \u2018Slow food\u2019. Custo Barcelona apuesta por la cocina creativa y&hellip;<\/p>\n<p class=\"more-link-p\"><a class=\"more-link\" href=\"https:\/\/bobvarela.com\/?p=78902\">Read more &rarr;<\/a><\/p>\n","protected":false},"author":1,"featured_media":0,"comment_status":"open","ping_status":"open","sticky":false,"template":"","format":"standard","meta":{"ngg_post_thumbnail":0,"footnotes":""},"categories":[478,4],"tags":[],"class_list":["post-78902","post","type-post","status-publish","format-standard","hentry","category-080-barcelona","category-moda"],"_links":{"self":[{"href":"https:\/\/bobvarela.com\/index.php?rest_route=\/wp\/v2\/posts\/78902","targetHints":{"allow":["GET"]}}],"collection":[{"href":"https:\/\/bobvarela.com\/index.php?rest_route=\/wp\/v2\/posts"}],"about":[{"href":"https:\/\/bobvarela.com\/index.php?rest_route=\/wp\/v2\/types\/post"}],"author":[{"embeddable":true,"href":"https:\/\/bobvarela.com\/index.php?rest_route=\/wp\/v2\/users\/1"}],"replies":[{"embeddable":true,"href":"https:\/\/bobvarela.com\/index.php?rest_route=%2Fwp%2Fv2%2Fcomments&post=78902"}],"version-history":[{"count":1,"href":"https:\/\/bobvarela.com\/index.php?rest_route=\/wp\/v2\/posts\/78902\/revisions"}],"predecessor-version":[{"id":78903,"href":"https:\/\/bobvarela.com\/index.php?rest_route=\/wp\/v2\/posts\/78902\/revisions\/78903"}],"wp:attachment":[{"href":"https:\/\/bobvarela.com\/index.php?rest_route=%2Fwp%2Fv2%2Fmedia&parent=78902"}],"wp:term":[{"taxonomy":"category","embeddable":true,"href":"https:\/\/bobvarela.com\/index.php?rest_route=%2Fwp%2Fv2%2Fcategories&post=78902"},{"taxonomy":"post_tag","embeddable":true,"href":"https:\/\/bobvarela.com\/index.php?rest_route=%2Fwp%2Fv2%2Ftags&post=78902"}],"curies":[{"name":"wp","href":"https:\/\/api.w.org\/{rel}","templated":true}]}}