{"id":78920,"date":"2015-07-04T06:06:13","date_gmt":"2015-07-04T10:06:13","guid":{"rendered":"https:\/\/bobvarela.com\/?p=78920"},"modified":"2015-07-04T06:06:14","modified_gmt":"2015-07-04T10:06:14","slug":"pablo-erroz-coleccinsymbiosis-en-el-080-barcelona","status":"publish","type":"post","link":"https:\/\/bobvarela.com\/?p=78920","title":{"rendered":"Pablo Erroz COLECCI&Oacute;N&ndash;SYMBIOSIS en el 080 Barcelona"},"content":{"rendered":"<p align=\"center\"><a href=\"https:\/\/bobvarela.com\/wp-content\/uploads\/2015\/07\/Pablo_Eroz_089.jpg\"><img loading=\"lazy\" decoding=\"async\" title=\"080 Barcelona Spring-Summer 2016\" style=\"border-top: 0px; border-right: 0px; background-image: none; border-bottom: 0px; padding-top: 0px; padding-left: 0px; border-left: 0px; display: inline; padding-right: 0px\" border=\"0\" alt=\"080 Barcelona Spring-Summer 2016\" src=\"https:\/\/bobvarela.com\/wp-content\/uploads\/2015\/07\/Pablo_Eroz_089_thumb.jpg\" width=\"198\" height=\"134\" \/><\/a><a href=\"https:\/\/bobvarela.com\/wp-content\/uploads\/2015\/07\/Pablo_Eroz_090.jpg\"><img loading=\"lazy\" decoding=\"async\" title=\"080 Barcelona Spring-Summer 2016\" style=\"border-top: 0px; border-right: 0px; background-image: none; border-bottom: 0px; padding-top: 0px; padding-left: 0px; border-left: 0px; display: inline; padding-right: 0px\" border=\"0\" alt=\"080 Barcelona Spring-Summer 2016\" src=\"https:\/\/bobvarela.com\/wp-content\/uploads\/2015\/07\/Pablo_Eroz_090_thumb.jpg\" width=\"198\" height=\"134\" \/><\/a><\/p>\n<p align=\"justify\"><font size=\"3\">SYMBIOSIS S\/S16 es la propuesta presentada en hombre y mujer para la temporada Primavera\/Verano 2016. Con una interpretaci\u00f3n personal del referente est\u00e9tico de la cultura y el arte pop, consta de l\u00edneas depuradas con diferentes juegos de superposiciones de rayas, materiales y colores. Bebe de una paleta crom\u00e1tica comprendida entre colores que van desde el <em>navy<\/em>, y el celeste al amarillo, complementados con peque\u00f1os toques de rojo y blanco y dos estampados que complementan la colecci\u00f3n. los materiales pasan por piqu\u00e9s, brillantes <em>lam\u00e9<\/em>, <em>denim<\/em>, tejidos t\u00e9cnicos, algodones 100%, punto de seda, tricot, viscosas y napas.<\/font><\/p>\n<p align=\"justify\"><div class=\"flagallery photomania_skin\" id=\"FlaGallery_sc1_285\" ><style type=\"text\/css\" class=\"flagallery_skin_style_import\">#FlaGallery_sc1_285 .flagpm_preload {opacity:0;}#FlaGallery_sc1_285 .swiper-big-images img.flagpm_the_photo { max-height:100%; max-width:100%; display:inline; width:auto; height:auto !important; object-fit:unset; vertical-align:middle; border:none; }#FlaGallery_sc1_285 .flagpm_focus .swiper-big-images img.flagpm_the_photo { width:auto; height:auto; object-fit:unset; }#FlaGallery_sc1_285 .swiper-small-images img.flagpm_photo { max-width:none; max-height:none; }#FlaGallery_sc1_285 .swiper-small-images img.flagpm_photo.flagpm_photo_landscape { width:auto; height:100% !important; }#FlaGallery_sc1_285 .swiper-small-images img.flagpm_photo.flagpm_photo_portrait { width:100%; height:auto !important; }#FlaGallery_sc1_285 .flagpm_gallery_sources_list p { margin:7px 0; padding:0; font-size:inherit; }#FlaGallery_sc1_285 .flagpm_photo_details .flagpm_description_wrap a,#FlaGallery_sc1_285 .flagpm_big_button_wrap .flagpm_button.flagpm_like.flagpm_liked,#FlaGallery_sc1_285 .flagpm_big_button_wrap .flagpm_button.flagpm_like.flagpm_liked:hover {color:#0099e5;}#FlaGallery_sc1_285 .flagpm_photo_show .flagpm_big_button {background-color:#0099e5;}#FlaGallery_sc1_285 .swiper-small-images div.flagpm_photo.swiper-slide-active {border-color:#02adea;}#FlaGallery_sc1_285 .flagpm_photo_header .flagpm_name_wrap .flagpm_title_author a:hover,#FlaGallery_sc1_285 .flagpm_photo_details .flagpm_description_wrap a:hover {color:#02adea;}#FlaGallery_sc1_285 .flagpm_photo_show .flagpm_big_button:hover,#FlaGallery_sc1_285 .flagpm_focus_actions ul .flagpm_button.like.flagpm_liked {background-color:#02adea;}<\/style> <div class=\"flagpm_photo_show flagpm_w960 flagpm_w640 flagpm_w480 flagpm_preload\"> <div class=\"flagpm_photo_wrap has_prev_photo has_next_photo\"> <div class=\"swiper-container swiper-big-images\"> <div class=\"flagpm_photo_arrow_next flagpm_photo_arrow flagpm_next\"> <div title=\"Next\" class=\"flagpm_arrow\"><\/div> <\/div> <div class=\"flagpm_photo_arrow_previous flagpm_photo_arrow flagpm_prev\"> <div title=\"Previous\" class=\"flagpm_arrow\"><\/div> <\/div> <div class=\"swiper-wrapper\"><div class=\"swiper-slide\" data-hash=\"flagallery20903\" data-photo-id=\"20903\"><span class=\"flagpm_va\"><\/span><img decoding=\"async\" src=\"https:\/\/bobvarela.com\/wp-content\/flagallery\/pablo-erroz-coleccionsymbiosis\/webview\/pablo_eroz_002.jpg\" data-src=\"https:\/\/bobvarela.com\/wp-content\/flagallery\/pablo-erroz-coleccionsymbiosis\/webview\/pablo_eroz_002.jpg\" alt=\"080 Barcelona Spring-Summer 2016\" class=\"noLazy flagpm_the_photo swiper-lazy\"><div class=\"swiper-lazy-preloader swiper-lazy-preloader-black\"><\/div><\/div><div class=\"swiper-slide\" data-hash=\"flagallery20904\" data-photo-id=\"20904\"><span class=\"flagpm_va\"><\/span><img data-src=\"https:\/\/bobvarela.com\/wp-content\/flagallery\/pablo-erroz-coleccionsymbiosis\/webview\/pablo_eroz_003.jpg\" alt=\"080 Barcelona Spring-Summer 2016\" class=\"noLazy flagpm_the_photo swiper-lazy\"><div class=\"swiper-lazy-preloader swiper-lazy-preloader-black\"><\/div><\/div><div class=\"swiper-slide\" data-hash=\"flagallery20905\" data-photo-id=\"20905\"><span class=\"flagpm_va\"><\/span><img data-src=\"https:\/\/bobvarela.com\/wp-content\/flagallery\/pablo-erroz-coleccionsymbiosis\/webview\/pablo_eroz_004.jpg\" alt=\"080 Barcelona Spring-Summer 2016\" class=\"noLazy flagpm_the_photo swiper-lazy\"><div class=\"swiper-lazy-preloader swiper-lazy-preloader-black\"><\/div><\/div><div class=\"swiper-slide\" data-hash=\"flagallery20906\" data-photo-id=\"20906\"><span class=\"flagpm_va\"><\/span><img data-src=\"https:\/\/bobvarela.com\/wp-content\/flagallery\/pablo-erroz-coleccionsymbiosis\/webview\/pablo_eroz_005.jpg\" alt=\"080 Barcelona Spring-Summer 2016\" class=\"noLazy flagpm_the_photo swiper-lazy\"><div class=\"swiper-lazy-preloader swiper-lazy-preloader-black\"><\/div><\/div><div class=\"swiper-slide\" data-hash=\"flagallery20907\" data-photo-id=\"20907\"><span class=\"flagpm_va\"><\/span><img data-src=\"https:\/\/bobvarela.com\/wp-content\/flagallery\/pablo-erroz-coleccionsymbiosis\/webview\/pablo_eroz_006.jpg\" alt=\"080 Barcelona Spring-Summer 2016\" class=\"noLazy flagpm_the_photo swiper-lazy\"><div class=\"swiper-lazy-preloader swiper-lazy-preloader-black\"><\/div><\/div><div class=\"swiper-slide\" data-hash=\"flagallery20908\" data-photo-id=\"20908\"><span class=\"flagpm_va\"><\/span><img data-src=\"https:\/\/bobvarela.com\/wp-content\/flagallery\/pablo-erroz-coleccionsymbiosis\/webview\/pablo_eroz_007.jpg\" alt=\"080 Barcelona Spring-Summer 2016\" class=\"noLazy flagpm_the_photo swiper-lazy\"><div class=\"swiper-lazy-preloader swiper-lazy-preloader-black\"><\/div><\/div><div class=\"swiper-slide\" data-hash=\"flagallery20909\" data-photo-id=\"20909\"><span class=\"flagpm_va\"><\/span><img data-src=\"https:\/\/bobvarela.com\/wp-content\/flagallery\/pablo-erroz-coleccionsymbiosis\/webview\/pablo_eroz_008.jpg\" alt=\"080 Barcelona Spring-Summer 2016\" class=\"noLazy flagpm_the_photo swiper-lazy\"><div class=\"swiper-lazy-preloader swiper-lazy-preloader-black\"><\/div><\/div><div class=\"swiper-slide\" data-hash=\"flagallery20910\" data-photo-id=\"20910\"><span class=\"flagpm_va\"><\/span><img data-src=\"https:\/\/bobvarela.com\/wp-content\/flagallery\/pablo-erroz-coleccionsymbiosis\/webview\/pablo_eroz_009.jpg\" alt=\"\" class=\"noLazy flagpm_the_photo swiper-lazy\"><div class=\"swiper-lazy-preloader swiper-lazy-preloader-black\"><\/div><\/div><div class=\"swiper-slide\" data-hash=\"flagallery20911\" data-photo-id=\"20911\"><span class=\"flagpm_va\"><\/span><img data-src=\"https:\/\/bobvarela.com\/wp-content\/flagallery\/pablo-erroz-coleccionsymbiosis\/webview\/pablo_eroz_010.jpg\" alt=\"080 Barcelona Spring-Summer 2016\" class=\"noLazy flagpm_the_photo swiper-lazy\"><div class=\"swiper-lazy-preloader swiper-lazy-preloader-black\"><\/div><\/div><div class=\"swiper-slide\" data-hash=\"flagallery20912\" data-photo-id=\"20912\"><span class=\"flagpm_va\"><\/span><img data-src=\"https:\/\/bobvarela.com\/wp-content\/flagallery\/pablo-erroz-coleccionsymbiosis\/webview\/pablo_eroz_011.jpg\" alt=\"080 Barcelona Spring-Summer 2016\" class=\"noLazy flagpm_the_photo swiper-lazy\"><div class=\"swiper-lazy-preloader swiper-lazy-preloader-black\"><\/div><\/div><div class=\"swiper-slide\" data-hash=\"flagallery20913\" data-photo-id=\"20913\"><span class=\"flagpm_va\"><\/span><img data-src=\"https:\/\/bobvarela.com\/wp-content\/flagallery\/pablo-erroz-coleccionsymbiosis\/webview\/pablo_eroz_012.jpg\" alt=\"080 Barcelona Spring-Summer 2016\" class=\"noLazy flagpm_the_photo swiper-lazy\"><div class=\"swiper-lazy-preloader swiper-lazy-preloader-black\"><\/div><\/div><div class=\"swiper-slide\" data-hash=\"flagallery20914\" data-photo-id=\"20914\"><span class=\"flagpm_va\"><\/span><img data-src=\"https:\/\/bobvarela.com\/wp-content\/flagallery\/pablo-erroz-coleccionsymbiosis\/webview\/pablo_eroz_013.jpg\" alt=\"080 Barcelona Spring-Summer 2016\" class=\"noLazy flagpm_the_photo swiper-lazy\"><div class=\"swiper-lazy-preloader swiper-lazy-preloader-black\"><\/div><\/div><div class=\"swiper-slide\" data-hash=\"flagallery20915\" data-photo-id=\"20915\"><span class=\"flagpm_va\"><\/span><img data-src=\"https:\/\/bobvarela.com\/wp-content\/flagallery\/pablo-erroz-coleccionsymbiosis\/webview\/pablo_eroz_014.jpg\" alt=\"080 Barcelona Spring-Summer 2016\" class=\"noLazy flagpm_the_photo swiper-lazy\"><div class=\"swiper-lazy-preloader swiper-lazy-preloader-black\"><\/div><\/div><div class=\"swiper-slide\" data-hash=\"flagallery20916\" data-photo-id=\"20916\"><span class=\"flagpm_va\"><\/span><img data-src=\"https:\/\/bobvarela.com\/wp-content\/flagallery\/pablo-erroz-coleccionsymbiosis\/webview\/pablo_eroz_015.jpg\" alt=\"080 Barcelona Spring-Summer 2016\" class=\"noLazy flagpm_the_photo swiper-lazy\"><div class=\"swiper-lazy-preloader swiper-lazy-preloader-black\"><\/div><\/div><div class=\"swiper-slide\" data-hash=\"flagallery20917\" data-photo-id=\"20917\"><span class=\"flagpm_va\"><\/span><img data-src=\"https:\/\/bobvarela.com\/wp-content\/flagallery\/pablo-erroz-coleccionsymbiosis\/webview\/pablo_eroz_016.jpg\" alt=\"080 Barcelona Spring-Summer 2016\" class=\"noLazy flagpm_the_photo swiper-lazy\"><div class=\"swiper-lazy-preloader swiper-lazy-preloader-black\"><\/div><\/div><div class=\"swiper-slide\" data-hash=\"flagallery20918\" data-photo-id=\"20918\"><span class=\"flagpm_va\"><\/span><img data-src=\"https:\/\/bobvarela.com\/wp-content\/flagallery\/pablo-erroz-coleccionsymbiosis\/webview\/pablo_eroz_017.jpg\" alt=\"080 Barcelona Spring-Summer 2016\" class=\"noLazy flagpm_the_photo swiper-lazy\"><div class=\"swiper-lazy-preloader swiper-lazy-preloader-black\"><\/div><\/div><div class=\"swiper-slide\" data-hash=\"flagallery20919\" data-photo-id=\"20919\"><span class=\"flagpm_va\"><\/span><img data-src=\"https:\/\/bobvarela.com\/wp-content\/flagallery\/pablo-erroz-coleccionsymbiosis\/webview\/pablo_eroz_018.jpg\" alt=\"080 Barcelona Spring-Summer 2016\" class=\"noLazy flagpm_the_photo swiper-lazy\"><div class=\"swiper-lazy-preloader swiper-lazy-preloader-black\"><\/div><\/div><div class=\"swiper-slide\" data-hash=\"flagallery20920\" data-photo-id=\"20920\"><span class=\"flagpm_va\"><\/span><img data-src=\"https:\/\/bobvarela.com\/wp-content\/flagallery\/pablo-erroz-coleccionsymbiosis\/webview\/pablo_eroz_019.jpg\" alt=\"080 Barcelona Spring-Summer 2016\" class=\"noLazy flagpm_the_photo swiper-lazy\"><div class=\"swiper-lazy-preloader swiper-lazy-preloader-black\"><\/div><\/div><div class=\"swiper-slide\" data-hash=\"flagallery20921\" data-photo-id=\"20921\"><span class=\"flagpm_va\"><\/span><img data-src=\"https:\/\/bobvarela.com\/wp-content\/flagallery\/pablo-erroz-coleccionsymbiosis\/webview\/pablo_eroz_020.jpg\" alt=\"080 Barcelona Spring-Summer 2016\" class=\"noLazy flagpm_the_photo swiper-lazy\"><div class=\"swiper-lazy-preloader swiper-lazy-preloader-black\"><\/div><\/div><div class=\"swiper-slide\" data-hash=\"flagallery20922\" data-photo-id=\"20922\"><span class=\"flagpm_va\"><\/span><img data-src=\"https:\/\/bobvarela.com\/wp-content\/flagallery\/pablo-erroz-coleccionsymbiosis\/webview\/pablo_eroz_021.jpg\" alt=\"080 Barcelona Spring-Summer 2016\" class=\"noLazy flagpm_the_photo swiper-lazy\"><div class=\"swiper-lazy-preloader swiper-lazy-preloader-black\"><\/div><\/div><div class=\"swiper-slide\" data-hash=\"flagallery20923\" data-photo-id=\"20923\"><span class=\"flagpm_va\"><\/span><img data-src=\"https:\/\/bobvarela.com\/wp-content\/flagallery\/pablo-erroz-coleccionsymbiosis\/webview\/pablo_eroz_022.jpg\" alt=\"080 Barcelona Spring-Summer 2016\" class=\"noLazy flagpm_the_photo swiper-lazy\"><div class=\"swiper-lazy-preloader swiper-lazy-preloader-black\"><\/div><\/div><div class=\"swiper-slide\" data-hash=\"flagallery20924\" data-photo-id=\"20924\"><span class=\"flagpm_va\"><\/span><img data-src=\"https:\/\/bobvarela.com\/wp-content\/flagallery\/pablo-erroz-coleccionsymbiosis\/webview\/pablo_eroz_023.jpg\" alt=\"080 Barcelona Spring-Summer 2016\" class=\"noLazy flagpm_the_photo swiper-lazy\"><div class=\"swiper-lazy-preloader swiper-lazy-preloader-black\"><\/div><\/div><div class=\"swiper-slide\" data-hash=\"flagallery20925\" data-photo-id=\"20925\"><span class=\"flagpm_va\"><\/span><img data-src=\"https:\/\/bobvarela.com\/wp-content\/flagallery\/pablo-erroz-coleccionsymbiosis\/webview\/pablo_eroz_024.jpg\" alt=\"080 Barcelona Spring-Summer 2016\" class=\"noLazy flagpm_the_photo swiper-lazy\"><div class=\"swiper-lazy-preloader swiper-lazy-preloader-black\"><\/div><\/div><div class=\"swiper-slide\" data-hash=\"flagallery20926\" data-photo-id=\"20926\"><span class=\"flagpm_va\"><\/span><img data-src=\"https:\/\/bobvarela.com\/wp-content\/flagallery\/pablo-erroz-coleccionsymbiosis\/webview\/pablo_eroz_025.jpg\" alt=\"080 Barcelona Spring-Summer 2016\" class=\"noLazy flagpm_the_photo swiper-lazy\"><div class=\"swiper-lazy-preloader swiper-lazy-preloader-black\"><\/div><\/div><div class=\"swiper-slide\" data-hash=\"flagallery20927\" data-photo-id=\"20927\"><span class=\"flagpm_va\"><\/span><img data-src=\"https:\/\/bobvarela.com\/wp-content\/flagallery\/pablo-erroz-coleccionsymbiosis\/webview\/pablo_eroz_026.jpg\" alt=\"080 Barcelona Spring-Summer 2016\" class=\"noLazy flagpm_the_photo swiper-lazy\"><div class=\"swiper-lazy-preloader swiper-lazy-preloader-black\"><\/div><\/div><div class=\"swiper-slide\" data-hash=\"flagallery20928\" data-photo-id=\"20928\"><span class=\"flagpm_va\"><\/span><img data-src=\"https:\/\/bobvarela.com\/wp-content\/flagallery\/pablo-erroz-coleccionsymbiosis\/webview\/pablo_eroz_027.jpg\" alt=\"080 Barcelona Spring-Summer 2016\" class=\"noLazy flagpm_the_photo swiper-lazy\"><div class=\"swiper-lazy-preloader swiper-lazy-preloader-black\"><\/div><\/div><div class=\"swiper-slide\" data-hash=\"flagallery20929\" data-photo-id=\"20929\"><span class=\"flagpm_va\"><\/span><img data-src=\"https:\/\/bobvarela.com\/wp-content\/flagallery\/pablo-erroz-coleccionsymbiosis\/webview\/pablo_eroz_028.jpg\" alt=\"080 Barcelona Spring-Summer 2016\" class=\"noLazy flagpm_the_photo swiper-lazy\"><div class=\"swiper-lazy-preloader swiper-lazy-preloader-black\"><\/div><\/div><div class=\"swiper-slide\" data-hash=\"flagallery20930\" data-photo-id=\"20930\"><span class=\"flagpm_va\"><\/span><img data-src=\"https:\/\/bobvarela.com\/wp-content\/flagallery\/pablo-erroz-coleccionsymbiosis\/webview\/pablo_eroz_029.jpg\" alt=\"080 Barcelona Spring-Summer 2016\" class=\"noLazy flagpm_the_photo swiper-lazy\"><div class=\"swiper-lazy-preloader swiper-lazy-preloader-black\"><\/div><\/div><div class=\"swiper-slide\" data-hash=\"flagallery20931\" data-photo-id=\"20931\"><span class=\"flagpm_va\"><\/span><img data-src=\"https:\/\/bobvarela.com\/wp-content\/flagallery\/pablo-erroz-coleccionsymbiosis\/webview\/pablo_eroz_030.jpg\" alt=\"080 Barcelona Spring-Summer 2016\" class=\"noLazy flagpm_the_photo swiper-lazy\"><div class=\"swiper-lazy-preloader swiper-lazy-preloader-black\"><\/div><\/div><div class=\"swiper-slide\" data-hash=\"flagallery20932\" data-photo-id=\"20932\"><span class=\"flagpm_va\"><\/span><img data-src=\"https:\/\/bobvarela.com\/wp-content\/flagallery\/pablo-erroz-coleccionsymbiosis\/webview\/pablo_eroz_031.jpg\" alt=\"080 Barcelona Spring-Summer 2016\" class=\"noLazy flagpm_the_photo swiper-lazy\"><div class=\"swiper-lazy-preloader swiper-lazy-preloader-black\"><\/div><\/div><div class=\"swiper-slide\" data-hash=\"flagallery20933\" data-photo-id=\"20933\"><span class=\"flagpm_va\"><\/span><img data-src=\"https:\/\/bobvarela.com\/wp-content\/flagallery\/pablo-erroz-coleccionsymbiosis\/webview\/pablo_eroz_032.jpg\" alt=\"080 Barcelona Spring-Summer 2016\" class=\"noLazy flagpm_the_photo swiper-lazy\"><div class=\"swiper-lazy-preloader swiper-lazy-preloader-black\"><\/div><\/div><div class=\"swiper-slide\" data-hash=\"flagallery20934\" data-photo-id=\"20934\"><span class=\"flagpm_va\"><\/span><img data-src=\"https:\/\/bobvarela.com\/wp-content\/flagallery\/pablo-erroz-coleccionsymbiosis\/webview\/pablo_eroz_033.jpg\" alt=\"080 Barcelona Spring-Summer 2016\" class=\"noLazy flagpm_the_photo swiper-lazy\"><div class=\"swiper-lazy-preloader swiper-lazy-preloader-black\"><\/div><\/div><div class=\"swiper-slide\" data-hash=\"flagallery20935\" data-photo-id=\"20935\"><span class=\"flagpm_va\"><\/span><img data-src=\"https:\/\/bobvarela.com\/wp-content\/flagallery\/pablo-erroz-coleccionsymbiosis\/webview\/pablo_eroz_034.jpg\" alt=\"080 Barcelona Spring-Summer 2016\" class=\"noLazy flagpm_the_photo swiper-lazy\"><div class=\"swiper-lazy-preloader swiper-lazy-preloader-black\"><\/div><\/div><div class=\"swiper-slide\" data-hash=\"flagallery20936\" data-photo-id=\"20936\"><span class=\"flagpm_va\"><\/span><img data-src=\"https:\/\/bobvarela.com\/wp-content\/flagallery\/pablo-erroz-coleccionsymbiosis\/webview\/pablo_eroz_035.jpg\" alt=\"080 Barcelona Spring-Summer 2016\" class=\"noLazy flagpm_the_photo swiper-lazy\"><div class=\"swiper-lazy-preloader swiper-lazy-preloader-black\"><\/div><\/div><div class=\"swiper-slide\" data-hash=\"flagallery20937\" data-photo-id=\"20937\"><span class=\"flagpm_va\"><\/span><img data-src=\"https:\/\/bobvarela.com\/wp-content\/flagallery\/pablo-erroz-coleccionsymbiosis\/webview\/pablo_eroz_036.jpg\" alt=\"080 Barcelona Spring-Summer 2016\" class=\"noLazy flagpm_the_photo swiper-lazy\"><div class=\"swiper-lazy-preloader swiper-lazy-preloader-black\"><\/div><\/div><div class=\"swiper-slide\" data-hash=\"flagallery20938\" data-photo-id=\"20938\"><span class=\"flagpm_va\"><\/span><img data-src=\"https:\/\/bobvarela.com\/wp-content\/flagallery\/pablo-erroz-coleccionsymbiosis\/webview\/pablo_eroz_037.jpg\" alt=\"080 Barcelona Spring-Summer 2016\" class=\"noLazy flagpm_the_photo swiper-lazy\"><div class=\"swiper-lazy-preloader swiper-lazy-preloader-black\"><\/div><\/div><div class=\"swiper-slide\" data-hash=\"flagallery20939\" data-photo-id=\"20939\"><span class=\"flagpm_va\"><\/span><img data-src=\"https:\/\/bobvarela.com\/wp-content\/flagallery\/pablo-erroz-coleccionsymbiosis\/webview\/pablo_eroz_038.jpg\" alt=\"080 Barcelona Spring-Summer 2016\" class=\"noLazy flagpm_the_photo swiper-lazy\"><div class=\"swiper-lazy-preloader swiper-lazy-preloader-black\"><\/div><\/div><div class=\"swiper-slide\" data-hash=\"flagallery20940\" data-photo-id=\"20940\"><span class=\"flagpm_va\"><\/span><img data-src=\"https:\/\/bobvarela.com\/wp-content\/flagallery\/pablo-erroz-coleccionsymbiosis\/webview\/pablo_eroz_039.jpg\" alt=\"080 Barcelona Spring-Summer 2016\" class=\"noLazy flagpm_the_photo swiper-lazy\"><div class=\"swiper-lazy-preloader swiper-lazy-preloader-black\"><\/div><\/div><div class=\"swiper-slide\" data-hash=\"flagallery20941\" data-photo-id=\"20941\"><span class=\"flagpm_va\"><\/span><img data-src=\"https:\/\/bobvarela.com\/wp-content\/flagallery\/pablo-erroz-coleccionsymbiosis\/webview\/pablo_eroz_040.jpg\" alt=\"080 Barcelona Spring-Summer 2016\" class=\"noLazy flagpm_the_photo swiper-lazy\"><div class=\"swiper-lazy-preloader swiper-lazy-preloader-black\"><\/div><\/div><div class=\"swiper-slide\" data-hash=\"flagallery20942\" data-photo-id=\"20942\"><span class=\"flagpm_va\"><\/span><img data-src=\"https:\/\/bobvarela.com\/wp-content\/flagallery\/pablo-erroz-coleccionsymbiosis\/webview\/pablo_eroz_041.jpg\" alt=\"080 Barcelona Spring-Summer 2016\" class=\"noLazy flagpm_the_photo swiper-lazy\"><div class=\"swiper-lazy-preloader swiper-lazy-preloader-black\"><\/div><\/div><div class=\"swiper-slide\" data-hash=\"flagallery20943\" data-photo-id=\"20943\"><span class=\"flagpm_va\"><\/span><img data-src=\"https:\/\/bobvarela.com\/wp-content\/flagallery\/pablo-erroz-coleccionsymbiosis\/webview\/pablo_eroz_042.jpg\" alt=\"080 Barcelona Spring-Summer 2016\" class=\"noLazy flagpm_the_photo swiper-lazy\"><div class=\"swiper-lazy-preloader swiper-lazy-preloader-black\"><\/div><\/div><div class=\"swiper-slide\" data-hash=\"flagallery20944\" data-photo-id=\"20944\"><span class=\"flagpm_va\"><\/span><img data-src=\"https:\/\/bobvarela.com\/wp-content\/flagallery\/pablo-erroz-coleccionsymbiosis\/webview\/pablo_eroz_043.jpg\" alt=\"080 Barcelona Spring-Summer 2016\" class=\"noLazy flagpm_the_photo swiper-lazy\"><div class=\"swiper-lazy-preloader swiper-lazy-preloader-black\"><\/div><\/div><div class=\"swiper-slide\" data-hash=\"flagallery20945\" data-photo-id=\"20945\"><span class=\"flagpm_va\"><\/span><img data-src=\"https:\/\/bobvarela.com\/wp-content\/flagallery\/pablo-erroz-coleccionsymbiosis\/webview\/pablo_eroz_044.jpg\" alt=\"080 Barcelona Spring-Summer 2016\" class=\"noLazy flagpm_the_photo swiper-lazy\"><div class=\"swiper-lazy-preloader swiper-lazy-preloader-black\"><\/div><\/div><div class=\"swiper-slide\" data-hash=\"flagallery20946\" data-photo-id=\"20946\"><span class=\"flagpm_va\"><\/span><img data-src=\"https:\/\/bobvarela.com\/wp-content\/flagallery\/pablo-erroz-coleccionsymbiosis\/webview\/pablo_eroz_045.jpg\" alt=\"080 Barcelona Spring-Summer 2016\" class=\"noLazy flagpm_the_photo swiper-lazy\"><div class=\"swiper-lazy-preloader swiper-lazy-preloader-black\"><\/div><\/div><div class=\"swiper-slide\" data-hash=\"flagallery20947\" data-photo-id=\"20947\"><span class=\"flagpm_va\"><\/span><img data-src=\"https:\/\/bobvarela.com\/wp-content\/flagallery\/pablo-erroz-coleccionsymbiosis\/webview\/pablo_eroz_046.jpg\" alt=\"080 Barcelona Spring-Summer 2016\" class=\"noLazy flagpm_the_photo swiper-lazy\"><div class=\"swiper-lazy-preloader swiper-lazy-preloader-black\"><\/div><\/div><div class=\"swiper-slide\" data-hash=\"flagallery20948\" data-photo-id=\"20948\"><span class=\"flagpm_va\"><\/span><img data-src=\"https:\/\/bobvarela.com\/wp-content\/flagallery\/pablo-erroz-coleccionsymbiosis\/webview\/pablo_eroz_047.jpg\" alt=\"080 Barcelona Spring-Summer 2016\" class=\"noLazy flagpm_the_photo swiper-lazy\"><div class=\"swiper-lazy-preloader swiper-lazy-preloader-black\"><\/div><\/div><div class=\"swiper-slide\" data-hash=\"flagallery20949\" data-photo-id=\"20949\"><span class=\"flagpm_va\"><\/span><img data-src=\"https:\/\/bobvarela.com\/wp-content\/flagallery\/pablo-erroz-coleccionsymbiosis\/webview\/pablo_eroz_048.jpg\" alt=\"080 Barcelona Spring-Summer 2016\" class=\"noLazy flagpm_the_photo swiper-lazy\"><div class=\"swiper-lazy-preloader swiper-lazy-preloader-black\"><\/div><\/div><div class=\"swiper-slide\" data-hash=\"flagallery20950\" data-photo-id=\"20950\"><span class=\"flagpm_va\"><\/span><img data-src=\"https:\/\/bobvarela.com\/wp-content\/flagallery\/pablo-erroz-coleccionsymbiosis\/webview\/pablo_eroz_049.jpg\" alt=\"080 Barcelona Spring-Summer 2016\" class=\"noLazy flagpm_the_photo swiper-lazy\"><div class=\"swiper-lazy-preloader swiper-lazy-preloader-black\"><\/div><\/div><div class=\"swiper-slide\" data-hash=\"flagallery20951\" data-photo-id=\"20951\"><span class=\"flagpm_va\"><\/span><img data-src=\"https:\/\/bobvarela.com\/wp-content\/flagallery\/pablo-erroz-coleccionsymbiosis\/webview\/pablo_eroz_050.jpg\" alt=\"080 Barcelona Spring-Summer 2016\" class=\"noLazy flagpm_the_photo swiper-lazy\"><div class=\"swiper-lazy-preloader swiper-lazy-preloader-black\"><\/div><\/div><div class=\"swiper-slide\" data-hash=\"flagallery20952\" data-photo-id=\"20952\"><span class=\"flagpm_va\"><\/span><img data-src=\"https:\/\/bobvarela.com\/wp-content\/flagallery\/pablo-erroz-coleccionsymbiosis\/webview\/pablo_eroz_051.jpg\" alt=\"080 Barcelona Spring-Summer 2016\" class=\"noLazy flagpm_the_photo swiper-lazy\"><div class=\"swiper-lazy-preloader swiper-lazy-preloader-black\"><\/div><\/div><div class=\"swiper-slide\" data-hash=\"flagallery20953\" data-photo-id=\"20953\"><span class=\"flagpm_va\"><\/span><img data-src=\"https:\/\/bobvarela.com\/wp-content\/flagallery\/pablo-erroz-coleccionsymbiosis\/webview\/pablo_eroz_052.jpg\" alt=\"080 Barcelona Spring-Summer 2016\" class=\"noLazy flagpm_the_photo swiper-lazy\"><div class=\"swiper-lazy-preloader swiper-lazy-preloader-black\"><\/div><\/div><div class=\"swiper-slide\" data-hash=\"flagallery20954\" data-photo-id=\"20954\"><span class=\"flagpm_va\"><\/span><img data-src=\"https:\/\/bobvarela.com\/wp-content\/flagallery\/pablo-erroz-coleccionsymbiosis\/webview\/pablo_eroz_053.jpg\" alt=\"080 Barcelona Spring-Summer 2016\" class=\"noLazy flagpm_the_photo swiper-lazy\"><div class=\"swiper-lazy-preloader swiper-lazy-preloader-black\"><\/div><\/div><div class=\"swiper-slide\" data-hash=\"flagallery20955\" data-photo-id=\"20955\"><span class=\"flagpm_va\"><\/span><img data-src=\"https:\/\/bobvarela.com\/wp-content\/flagallery\/pablo-erroz-coleccionsymbiosis\/webview\/pablo_eroz_054.jpg\" alt=\"080 Barcelona Spring-Summer 2016\" class=\"noLazy flagpm_the_photo swiper-lazy\"><div class=\"swiper-lazy-preloader swiper-lazy-preloader-black\"><\/div><\/div><div class=\"swiper-slide\" data-hash=\"flagallery20956\" data-photo-id=\"20956\"><span class=\"flagpm_va\"><\/span><img data-src=\"https:\/\/bobvarela.com\/wp-content\/flagallery\/pablo-erroz-coleccionsymbiosis\/webview\/pablo_eroz_055.jpg\" alt=\"080 Barcelona Spring-Summer 2016\" class=\"noLazy flagpm_the_photo swiper-lazy\"><div class=\"swiper-lazy-preloader swiper-lazy-preloader-black\"><\/div><\/div><div class=\"swiper-slide\" data-hash=\"flagallery20957\" data-photo-id=\"20957\"><span class=\"flagpm_va\"><\/span><img data-src=\"https:\/\/bobvarela.com\/wp-content\/flagallery\/pablo-erroz-coleccionsymbiosis\/webview\/pablo_eroz_056.jpg\" alt=\"080 Barcelona Spring-Summer 2016\" class=\"noLazy flagpm_the_photo swiper-lazy\"><div class=\"swiper-lazy-preloader swiper-lazy-preloader-black\"><\/div><\/div><div class=\"swiper-slide\" data-hash=\"flagallery20958\" data-photo-id=\"20958\"><span class=\"flagpm_va\"><\/span><img data-src=\"https:\/\/bobvarela.com\/wp-content\/flagallery\/pablo-erroz-coleccionsymbiosis\/webview\/pablo_eroz_057.jpg\" alt=\"080 Barcelona Spring-Summer 2016\" class=\"noLazy flagpm_the_photo swiper-lazy\"><div class=\"swiper-lazy-preloader swiper-lazy-preloader-black\"><\/div><\/div><div class=\"swiper-slide\" data-hash=\"flagallery20959\" data-photo-id=\"20959\"><span class=\"flagpm_va\"><\/span><img data-src=\"https:\/\/bobvarela.com\/wp-content\/flagallery\/pablo-erroz-coleccionsymbiosis\/webview\/pablo_eroz_058.jpg\" alt=\"080 Barcelona Spring-Summer 2016\" class=\"noLazy flagpm_the_photo swiper-lazy\"><div class=\"swiper-lazy-preloader swiper-lazy-preloader-black\"><\/div><\/div><div class=\"swiper-slide\" data-hash=\"flagallery20960\" data-photo-id=\"20960\"><span class=\"flagpm_va\"><\/span><img data-src=\"https:\/\/bobvarela.com\/wp-content\/flagallery\/pablo-erroz-coleccionsymbiosis\/webview\/pablo_eroz_059.jpg\" alt=\"080 Barcelona Spring-Summer 2016\" class=\"noLazy flagpm_the_photo swiper-lazy\"><div class=\"swiper-lazy-preloader swiper-lazy-preloader-black\"><\/div><\/div><div class=\"swiper-slide\" data-hash=\"flagallery20961\" data-photo-id=\"20961\"><span class=\"flagpm_va\"><\/span><img data-src=\"https:\/\/bobvarela.com\/wp-content\/flagallery\/pablo-erroz-coleccionsymbiosis\/webview\/pablo_eroz_060.jpg\" alt=\"080 Barcelona Spring-Summer 2016\" class=\"noLazy flagpm_the_photo swiper-lazy\"><div class=\"swiper-lazy-preloader swiper-lazy-preloader-black\"><\/div><\/div><div class=\"swiper-slide\" data-hash=\"flagallery20962\" data-photo-id=\"20962\"><span class=\"flagpm_va\"><\/span><img data-src=\"https:\/\/bobvarela.com\/wp-content\/flagallery\/pablo-erroz-coleccionsymbiosis\/webview\/pablo_eroz_061.jpg\" alt=\"080 Barcelona Spring-Summer 2016\" class=\"noLazy flagpm_the_photo swiper-lazy\"><div class=\"swiper-lazy-preloader swiper-lazy-preloader-black\"><\/div><\/div> <\/div> <\/div> <\/div> <div class=\"flagpm_photo_header\"> <div class=\"flagpm_wrapper flagpm_clearfix\"> <div class=\"flagpm_focus_actions\"> <ul class=\"flagpm_focus_share\"> <li style=\"list-style:none;\" class=\"flagpm_share_wrapper\"> <a class=\"flagpm_button flagpm_share\">Share<\/a> <ul class=\"flagpm_sharelizers flagpm_clearfix\"> <li style=\"list-style:none;\"><a class=\"flagpm_button flagpm_facebook flagpm_sharelizer\">Facebook<\/a><\/li> <li style=\"list-style:none;\"><a class=\"flagpm_button flagpm_twitter flagpm_sharelizer\">Twitter<\/a><\/li> <li style=\"list-style:none;\"><a class=\"flagpm_button flagpm_pinterest flagpm_sharelizer\">Pinterest<\/a><\/li> <li style=\"list-style:none;\"><a class=\"flagpm_button flagpm_stumbleupon flagpm_sharelizer\">StumbleUpon<\/a><\/li> <\/ul> <\/li> <\/ul> <ul class=\"flagpm_focus_like_fave flagpm_clearfix\"> <li style=\"list-style:none;\"><a class=\"flagpm_button flagpm_like\">Like<\/a><\/li> <\/ul> <ul class=\"flagpm_focus_arrows flagpm_clearfix\"> <li style=\"list-style:none;\"><a class=\"flagpm_button flagpm_photo_arrow_previous flagpm_prev\">Previous<\/a><\/li> <li style=\"list-style:none;\"><a class=\"flagpm_button flagpm_photo_arrow_next flagpm_next\">Next<\/a><\/li> <\/ul> <\/div> <div class=\"flagpm_name_wrap flagpm_clearfix flagpm_no_avatar\"> <div class=\"flagpm_title_author\"> <div class=\"flagpm_title\">080 Barcelona Spring-Summer 2016<\/div> <\/div> <\/div> <div class=\"flagpm_actions flagpm_clearfix\"> <div class=\"flagpm_carousel flagpm_has_previous flagpm_has_next\"> <div class=\"flagpm_previous_button\"><\/div> <div class=\"flagpm_photo_carousel\"> <div class=\"swiper-container swiper-small-images\"> <div class=\"swiper-wrapper\"><div class=\"swiper-slide flagpm_photo\" data-photo-id=\"20903\"><img decoding=\"async\" src=\"https:\/\/bobvarela.com\/wp-content\/flagallery\/pablo-erroz-coleccionsymbiosis\/thumbs\/thumbs_pablo_eroz_002.jpg\" data-src=\"https:\/\/bobvarela.com\/wp-content\/flagallery\/pablo-erroz-coleccionsymbiosis\/thumbs\/thumbs_pablo_eroz_002.jpg\" alt=\"080 Barcelona Spring-Summer 2016\" class=\"noLazy flagpm_photo swiper-lazy flagpm_photo_portrait\"><span class=\"swiper-lazy-preloader swiper-lazy-preloader-black\"><\/span><\/div><div class=\"swiper-slide flagpm_photo\" data-photo-id=\"20904\"><img data-src=\"https:\/\/bobvarela.com\/wp-content\/flagallery\/pablo-erroz-coleccionsymbiosis\/thumbs\/thumbs_pablo_eroz_003.jpg\" alt=\"080 Barcelona Spring-Summer 2016\" class=\"noLazy flagpm_photo swiper-lazy flagpm_photo_portrait\"><span class=\"swiper-lazy-preloader swiper-lazy-preloader-black\"><\/span><\/div><div class=\"swiper-slide flagpm_photo\" data-photo-id=\"20905\"><img data-src=\"https:\/\/bobvarela.com\/wp-content\/flagallery\/pablo-erroz-coleccionsymbiosis\/thumbs\/thumbs_pablo_eroz_004.jpg\" alt=\"080 Barcelona Spring-Summer 2016\" class=\"noLazy flagpm_photo swiper-lazy flagpm_photo_portrait\"><span class=\"swiper-lazy-preloader swiper-lazy-preloader-black\"><\/span><\/div><div class=\"swiper-slide flagpm_photo\" data-photo-id=\"20906\"><img data-src=\"https:\/\/bobvarela.com\/wp-content\/flagallery\/pablo-erroz-coleccionsymbiosis\/thumbs\/thumbs_pablo_eroz_005.jpg\" alt=\"080 Barcelona Spring-Summer 2016\" class=\"noLazy flagpm_photo swiper-lazy flagpm_photo_portrait\"><span class=\"swiper-lazy-preloader swiper-lazy-preloader-black\"><\/span><\/div><div class=\"swiper-slide flagpm_photo\" data-photo-id=\"20907\"><img data-src=\"https:\/\/bobvarela.com\/wp-content\/flagallery\/pablo-erroz-coleccionsymbiosis\/thumbs\/thumbs_pablo_eroz_006.jpg\" alt=\"080 Barcelona Spring-Summer 2016\" class=\"noLazy flagpm_photo swiper-lazy flagpm_photo_portrait\"><span class=\"swiper-lazy-preloader swiper-lazy-preloader-black\"><\/span><\/div><div class=\"swiper-slide flagpm_photo\" data-photo-id=\"20908\"><img data-src=\"https:\/\/bobvarela.com\/wp-content\/flagallery\/pablo-erroz-coleccionsymbiosis\/thumbs\/thumbs_pablo_eroz_007.jpg\" alt=\"080 Barcelona Spring-Summer 2016\" class=\"noLazy flagpm_photo swiper-lazy flagpm_photo_portrait\"><span class=\"swiper-lazy-preloader swiper-lazy-preloader-black\"><\/span><\/div><div class=\"swiper-slide flagpm_photo\" data-photo-id=\"20909\"><img data-src=\"https:\/\/bobvarela.com\/wp-content\/flagallery\/pablo-erroz-coleccionsymbiosis\/thumbs\/thumbs_pablo_eroz_008.jpg\" alt=\"080 Barcelona Spring-Summer 2016\" class=\"noLazy flagpm_photo swiper-lazy flagpm_photo_portrait\"><span class=\"swiper-lazy-preloader swiper-lazy-preloader-black\"><\/span><\/div><div class=\"swiper-slide flagpm_photo\" data-photo-id=\"20910\"><img data-src=\"https:\/\/bobvarela.com\/wp-content\/flagallery\/pablo-erroz-coleccionsymbiosis\/thumbs\/thumbs_pablo_eroz_009.jpg\" alt=\"\" class=\"noLazy flagpm_photo swiper-lazy flagpm_photo_portrait\"><span class=\"swiper-lazy-preloader swiper-lazy-preloader-black\"><\/span><\/div><div class=\"swiper-slide flagpm_photo\" data-photo-id=\"20911\"><img data-src=\"https:\/\/bobvarela.com\/wp-content\/flagallery\/pablo-erroz-coleccionsymbiosis\/thumbs\/thumbs_pablo_eroz_010.jpg\" alt=\"080 Barcelona Spring-Summer 2016\" class=\"noLazy flagpm_photo swiper-lazy flagpm_photo_portrait\"><span class=\"swiper-lazy-preloader swiper-lazy-preloader-black\"><\/span><\/div><div class=\"swiper-slide flagpm_photo\" data-photo-id=\"20912\"><img data-src=\"https:\/\/bobvarela.com\/wp-content\/flagallery\/pablo-erroz-coleccionsymbiosis\/thumbs\/thumbs_pablo_eroz_011.jpg\" alt=\"080 Barcelona Spring-Summer 2016\" class=\"noLazy flagpm_photo swiper-lazy flagpm_photo_portrait\"><span class=\"swiper-lazy-preloader swiper-lazy-preloader-black\"><\/span><\/div><div class=\"swiper-slide flagpm_photo\" data-photo-id=\"20913\"><img data-src=\"https:\/\/bobvarela.com\/wp-content\/flagallery\/pablo-erroz-coleccionsymbiosis\/thumbs\/thumbs_pablo_eroz_012.jpg\" alt=\"080 Barcelona Spring-Summer 2016\" class=\"noLazy flagpm_photo swiper-lazy flagpm_photo_portrait\"><span class=\"swiper-lazy-preloader swiper-lazy-preloader-black\"><\/span><\/div><div class=\"swiper-slide flagpm_photo\" data-photo-id=\"20914\"><img data-src=\"https:\/\/bobvarela.com\/wp-content\/flagallery\/pablo-erroz-coleccionsymbiosis\/thumbs\/thumbs_pablo_eroz_013.jpg\" alt=\"080 Barcelona Spring-Summer 2016\" class=\"noLazy flagpm_photo swiper-lazy flagpm_photo_portrait\"><span class=\"swiper-lazy-preloader swiper-lazy-preloader-black\"><\/span><\/div><div class=\"swiper-slide flagpm_photo\" data-photo-id=\"20915\"><img data-src=\"https:\/\/bobvarela.com\/wp-content\/flagallery\/pablo-erroz-coleccionsymbiosis\/thumbs\/thumbs_pablo_eroz_014.jpg\" alt=\"080 Barcelona Spring-Summer 2016\" class=\"noLazy flagpm_photo swiper-lazy flagpm_photo_portrait\"><span class=\"swiper-lazy-preloader swiper-lazy-preloader-black\"><\/span><\/div><div class=\"swiper-slide flagpm_photo\" data-photo-id=\"20916\"><img data-src=\"https:\/\/bobvarela.com\/wp-content\/flagallery\/pablo-erroz-coleccionsymbiosis\/thumbs\/thumbs_pablo_eroz_015.jpg\" alt=\"080 Barcelona Spring-Summer 2016\" class=\"noLazy flagpm_photo swiper-lazy flagpm_photo_portrait\"><span class=\"swiper-lazy-preloader swiper-lazy-preloader-black\"><\/span><\/div><div class=\"swiper-slide flagpm_photo\" data-photo-id=\"20917\"><img data-src=\"https:\/\/bobvarela.com\/wp-content\/flagallery\/pablo-erroz-coleccionsymbiosis\/thumbs\/thumbs_pablo_eroz_016.jpg\" alt=\"080 Barcelona Spring-Summer 2016\" class=\"noLazy flagpm_photo swiper-lazy flagpm_photo_portrait\"><span class=\"swiper-lazy-preloader swiper-lazy-preloader-black\"><\/span><\/div><div class=\"swiper-slide flagpm_photo\" data-photo-id=\"20918\"><img data-src=\"https:\/\/bobvarela.com\/wp-content\/flagallery\/pablo-erroz-coleccionsymbiosis\/thumbs\/thumbs_pablo_eroz_017.jpg\" alt=\"080 Barcelona Spring-Summer 2016\" class=\"noLazy flagpm_photo swiper-lazy flagpm_photo_portrait\"><span class=\"swiper-lazy-preloader swiper-lazy-preloader-black\"><\/span><\/div><div class=\"swiper-slide flagpm_photo\" data-photo-id=\"20919\"><img data-src=\"https:\/\/bobvarela.com\/wp-content\/flagallery\/pablo-erroz-coleccionsymbiosis\/thumbs\/thumbs_pablo_eroz_018.jpg\" alt=\"080 Barcelona Spring-Summer 2016\" class=\"noLazy flagpm_photo swiper-lazy flagpm_photo_portrait\"><span class=\"swiper-lazy-preloader swiper-lazy-preloader-black\"><\/span><\/div><div class=\"swiper-slide flagpm_photo\" data-photo-id=\"20920\"><img data-src=\"https:\/\/bobvarela.com\/wp-content\/flagallery\/pablo-erroz-coleccionsymbiosis\/thumbs\/thumbs_pablo_eroz_019.jpg\" alt=\"080 Barcelona Spring-Summer 2016\" class=\"noLazy flagpm_photo swiper-lazy flagpm_photo_portrait\"><span class=\"swiper-lazy-preloader swiper-lazy-preloader-black\"><\/span><\/div><div class=\"swiper-slide flagpm_photo\" data-photo-id=\"20921\"><img data-src=\"https:\/\/bobvarela.com\/wp-content\/flagallery\/pablo-erroz-coleccionsymbiosis\/thumbs\/thumbs_pablo_eroz_020.jpg\" alt=\"080 Barcelona Spring-Summer 2016\" class=\"noLazy flagpm_photo swiper-lazy flagpm_photo_portrait\"><span class=\"swiper-lazy-preloader swiper-lazy-preloader-black\"><\/span><\/div><div class=\"swiper-slide flagpm_photo\" data-photo-id=\"20922\"><img data-src=\"https:\/\/bobvarela.com\/wp-content\/flagallery\/pablo-erroz-coleccionsymbiosis\/thumbs\/thumbs_pablo_eroz_021.jpg\" alt=\"080 Barcelona Spring-Summer 2016\" class=\"noLazy flagpm_photo swiper-lazy flagpm_photo_portrait\"><span class=\"swiper-lazy-preloader swiper-lazy-preloader-black\"><\/span><\/div><div class=\"swiper-slide flagpm_photo\" data-photo-id=\"20923\"><img data-src=\"https:\/\/bobvarela.com\/wp-content\/flagallery\/pablo-erroz-coleccionsymbiosis\/thumbs\/thumbs_pablo_eroz_022.jpg\" alt=\"080 Barcelona Spring-Summer 2016\" class=\"noLazy flagpm_photo swiper-lazy flagpm_photo_portrait\"><span class=\"swiper-lazy-preloader swiper-lazy-preloader-black\"><\/span><\/div><div class=\"swiper-slide flagpm_photo\" data-photo-id=\"20924\"><img data-src=\"https:\/\/bobvarela.com\/wp-content\/flagallery\/pablo-erroz-coleccionsymbiosis\/thumbs\/thumbs_pablo_eroz_023.jpg\" alt=\"080 Barcelona Spring-Summer 2016\" class=\"noLazy flagpm_photo swiper-lazy flagpm_photo_portrait\"><span class=\"swiper-lazy-preloader swiper-lazy-preloader-black\"><\/span><\/div><div class=\"swiper-slide flagpm_photo\" data-photo-id=\"20925\"><img data-src=\"https:\/\/bobvarela.com\/wp-content\/flagallery\/pablo-erroz-coleccionsymbiosis\/thumbs\/thumbs_pablo_eroz_024.jpg\" alt=\"080 Barcelona Spring-Summer 2016\" class=\"noLazy flagpm_photo swiper-lazy flagpm_photo_portrait\"><span class=\"swiper-lazy-preloader swiper-lazy-preloader-black\"><\/span><\/div><div class=\"swiper-slide flagpm_photo\" data-photo-id=\"20926\"><img data-src=\"https:\/\/bobvarela.com\/wp-content\/flagallery\/pablo-erroz-coleccionsymbiosis\/thumbs\/thumbs_pablo_eroz_025.jpg\" alt=\"080 Barcelona Spring-Summer 2016\" class=\"noLazy flagpm_photo swiper-lazy flagpm_photo_portrait\"><span class=\"swiper-lazy-preloader swiper-lazy-preloader-black\"><\/span><\/div><div class=\"swiper-slide flagpm_photo\" data-photo-id=\"20927\"><img data-src=\"https:\/\/bobvarela.com\/wp-content\/flagallery\/pablo-erroz-coleccionsymbiosis\/thumbs\/thumbs_pablo_eroz_026.jpg\" alt=\"080 Barcelona Spring-Summer 2016\" class=\"noLazy flagpm_photo swiper-lazy flagpm_photo_portrait\"><span class=\"swiper-lazy-preloader swiper-lazy-preloader-black\"><\/span><\/div><div class=\"swiper-slide flagpm_photo\" data-photo-id=\"20928\"><img data-src=\"https:\/\/bobvarela.com\/wp-content\/flagallery\/pablo-erroz-coleccionsymbiosis\/thumbs\/thumbs_pablo_eroz_027.jpg\" alt=\"080 Barcelona Spring-Summer 2016\" class=\"noLazy flagpm_photo swiper-lazy flagpm_photo_portrait\"><span class=\"swiper-lazy-preloader swiper-lazy-preloader-black\"><\/span><\/div><div class=\"swiper-slide flagpm_photo\" data-photo-id=\"20929\"><img data-src=\"https:\/\/bobvarela.com\/wp-content\/flagallery\/pablo-erroz-coleccionsymbiosis\/thumbs\/thumbs_pablo_eroz_028.jpg\" alt=\"080 Barcelona Spring-Summer 2016\" class=\"noLazy flagpm_photo swiper-lazy flagpm_photo_portrait\"><span class=\"swiper-lazy-preloader swiper-lazy-preloader-black\"><\/span><\/div><div class=\"swiper-slide flagpm_photo\" data-photo-id=\"20930\"><img data-src=\"https:\/\/bobvarela.com\/wp-content\/flagallery\/pablo-erroz-coleccionsymbiosis\/thumbs\/thumbs_pablo_eroz_029.jpg\" alt=\"080 Barcelona Spring-Summer 2016\" class=\"noLazy flagpm_photo swiper-lazy flagpm_photo_portrait\"><span class=\"swiper-lazy-preloader swiper-lazy-preloader-black\"><\/span><\/div><div class=\"swiper-slide flagpm_photo\" data-photo-id=\"20931\"><img data-src=\"https:\/\/bobvarela.com\/wp-content\/flagallery\/pablo-erroz-coleccionsymbiosis\/thumbs\/thumbs_pablo_eroz_030.jpg\" alt=\"080 Barcelona Spring-Summer 2016\" class=\"noLazy flagpm_photo swiper-lazy flagpm_photo_portrait\"><span class=\"swiper-lazy-preloader swiper-lazy-preloader-black\"><\/span><\/div><div class=\"swiper-slide flagpm_photo\" data-photo-id=\"20932\"><img data-src=\"https:\/\/bobvarela.com\/wp-content\/flagallery\/pablo-erroz-coleccionsymbiosis\/thumbs\/thumbs_pablo_eroz_031.jpg\" alt=\"080 Barcelona Spring-Summer 2016\" class=\"noLazy flagpm_photo swiper-lazy flagpm_photo_portrait\"><span class=\"swiper-lazy-preloader swiper-lazy-preloader-black\"><\/span><\/div><div class=\"swiper-slide flagpm_photo\" data-photo-id=\"20933\"><img data-src=\"https:\/\/bobvarela.com\/wp-content\/flagallery\/pablo-erroz-coleccionsymbiosis\/thumbs\/thumbs_pablo_eroz_032.jpg\" alt=\"080 Barcelona Spring-Summer 2016\" class=\"noLazy flagpm_photo swiper-lazy flagpm_photo_portrait\"><span class=\"swiper-lazy-preloader swiper-lazy-preloader-black\"><\/span><\/div><div class=\"swiper-slide flagpm_photo\" data-photo-id=\"20934\"><img data-src=\"https:\/\/bobvarela.com\/wp-content\/flagallery\/pablo-erroz-coleccionsymbiosis\/thumbs\/thumbs_pablo_eroz_033.jpg\" alt=\"080 Barcelona Spring-Summer 2016\" class=\"noLazy flagpm_photo swiper-lazy flagpm_photo_portrait\"><span class=\"swiper-lazy-preloader swiper-lazy-preloader-black\"><\/span><\/div><div class=\"swiper-slide flagpm_photo\" data-photo-id=\"20935\"><img data-src=\"https:\/\/bobvarela.com\/wp-content\/flagallery\/pablo-erroz-coleccionsymbiosis\/thumbs\/thumbs_pablo_eroz_034.jpg\" alt=\"080 Barcelona Spring-Summer 2016\" class=\"noLazy flagpm_photo swiper-lazy flagpm_photo_portrait\"><span class=\"swiper-lazy-preloader swiper-lazy-preloader-black\"><\/span><\/div><div class=\"swiper-slide flagpm_photo\" data-photo-id=\"20936\"><img data-src=\"https:\/\/bobvarela.com\/wp-content\/flagallery\/pablo-erroz-coleccionsymbiosis\/thumbs\/thumbs_pablo_eroz_035.jpg\" alt=\"080 Barcelona Spring-Summer 2016\" class=\"noLazy flagpm_photo swiper-lazy flagpm_photo_portrait\"><span class=\"swiper-lazy-preloader swiper-lazy-preloader-black\"><\/span><\/div><div class=\"swiper-slide flagpm_photo\" data-photo-id=\"20937\"><img data-src=\"https:\/\/bobvarela.com\/wp-content\/flagallery\/pablo-erroz-coleccionsymbiosis\/thumbs\/thumbs_pablo_eroz_036.jpg\" alt=\"080 Barcelona Spring-Summer 2016\" class=\"noLazy flagpm_photo swiper-lazy flagpm_photo_portrait\"><span class=\"swiper-lazy-preloader swiper-lazy-preloader-black\"><\/span><\/div><div class=\"swiper-slide flagpm_photo\" data-photo-id=\"20938\"><img data-src=\"https:\/\/bobvarela.com\/wp-content\/flagallery\/pablo-erroz-coleccionsymbiosis\/thumbs\/thumbs_pablo_eroz_037.jpg\" alt=\"080 Barcelona Spring-Summer 2016\" class=\"noLazy flagpm_photo swiper-lazy flagpm_photo_portrait\"><span class=\"swiper-lazy-preloader swiper-lazy-preloader-black\"><\/span><\/div><div class=\"swiper-slide flagpm_photo\" data-photo-id=\"20939\"><img data-src=\"https:\/\/bobvarela.com\/wp-content\/flagallery\/pablo-erroz-coleccionsymbiosis\/thumbs\/thumbs_pablo_eroz_038.jpg\" alt=\"080 Barcelona Spring-Summer 2016\" class=\"noLazy flagpm_photo swiper-lazy flagpm_photo_portrait\"><span class=\"swiper-lazy-preloader swiper-lazy-preloader-black\"><\/span><\/div><div class=\"swiper-slide flagpm_photo\" data-photo-id=\"20940\"><img data-src=\"https:\/\/bobvarela.com\/wp-content\/flagallery\/pablo-erroz-coleccionsymbiosis\/thumbs\/thumbs_pablo_eroz_039.jpg\" alt=\"080 Barcelona Spring-Summer 2016\" class=\"noLazy flagpm_photo swiper-lazy flagpm_photo_portrait\"><span class=\"swiper-lazy-preloader swiper-lazy-preloader-black\"><\/span><\/div><div class=\"swiper-slide flagpm_photo\" data-photo-id=\"20941\"><img data-src=\"https:\/\/bobvarela.com\/wp-content\/flagallery\/pablo-erroz-coleccionsymbiosis\/thumbs\/thumbs_pablo_eroz_040.jpg\" alt=\"080 Barcelona Spring-Summer 2016\" class=\"noLazy flagpm_photo swiper-lazy flagpm_photo_portrait\"><span class=\"swiper-lazy-preloader swiper-lazy-preloader-black\"><\/span><\/div><div class=\"swiper-slide flagpm_photo\" data-photo-id=\"20942\"><img data-src=\"https:\/\/bobvarela.com\/wp-content\/flagallery\/pablo-erroz-coleccionsymbiosis\/thumbs\/thumbs_pablo_eroz_041.jpg\" alt=\"080 Barcelona Spring-Summer 2016\" class=\"noLazy flagpm_photo swiper-lazy flagpm_photo_portrait\"><span class=\"swiper-lazy-preloader swiper-lazy-preloader-black\"><\/span><\/div><div class=\"swiper-slide flagpm_photo\" data-photo-id=\"20943\"><img data-src=\"https:\/\/bobvarela.com\/wp-content\/flagallery\/pablo-erroz-coleccionsymbiosis\/thumbs\/thumbs_pablo_eroz_042.jpg\" alt=\"080 Barcelona Spring-Summer 2016\" class=\"noLazy flagpm_photo swiper-lazy flagpm_photo_portrait\"><span class=\"swiper-lazy-preloader swiper-lazy-preloader-black\"><\/span><\/div><div class=\"swiper-slide flagpm_photo\" data-photo-id=\"20944\"><img data-src=\"https:\/\/bobvarela.com\/wp-content\/flagallery\/pablo-erroz-coleccionsymbiosis\/thumbs\/thumbs_pablo_eroz_043.jpg\" alt=\"080 Barcelona Spring-Summer 2016\" class=\"noLazy flagpm_photo swiper-lazy flagpm_photo_portrait\"><span class=\"swiper-lazy-preloader swiper-lazy-preloader-black\"><\/span><\/div><div class=\"swiper-slide flagpm_photo\" data-photo-id=\"20945\"><img data-src=\"https:\/\/bobvarela.com\/wp-content\/flagallery\/pablo-erroz-coleccionsymbiosis\/thumbs\/thumbs_pablo_eroz_044.jpg\" alt=\"080 Barcelona Spring-Summer 2016\" class=\"noLazy flagpm_photo swiper-lazy flagpm_photo_portrait\"><span class=\"swiper-lazy-preloader swiper-lazy-preloader-black\"><\/span><\/div><div class=\"swiper-slide flagpm_photo\" data-photo-id=\"20946\"><img data-src=\"https:\/\/bobvarela.com\/wp-content\/flagallery\/pablo-erroz-coleccionsymbiosis\/thumbs\/thumbs_pablo_eroz_045.jpg\" alt=\"080 Barcelona Spring-Summer 2016\" class=\"noLazy flagpm_photo swiper-lazy flagpm_photo_portrait\"><span class=\"swiper-lazy-preloader swiper-lazy-preloader-black\"><\/span><\/div><div class=\"swiper-slide flagpm_photo\" data-photo-id=\"20947\"><img data-src=\"https:\/\/bobvarela.com\/wp-content\/flagallery\/pablo-erroz-coleccionsymbiosis\/thumbs\/thumbs_pablo_eroz_046.jpg\" alt=\"080 Barcelona Spring-Summer 2016\" class=\"noLazy flagpm_photo swiper-lazy flagpm_photo_portrait\"><span class=\"swiper-lazy-preloader swiper-lazy-preloader-black\"><\/span><\/div><div class=\"swiper-slide flagpm_photo\" data-photo-id=\"20948\"><img data-src=\"https:\/\/bobvarela.com\/wp-content\/flagallery\/pablo-erroz-coleccionsymbiosis\/thumbs\/thumbs_pablo_eroz_047.jpg\" alt=\"080 Barcelona Spring-Summer 2016\" class=\"noLazy flagpm_photo swiper-lazy flagpm_photo_portrait\"><span class=\"swiper-lazy-preloader swiper-lazy-preloader-black\"><\/span><\/div><div class=\"swiper-slide flagpm_photo\" data-photo-id=\"20949\"><img data-src=\"https:\/\/bobvarela.com\/wp-content\/flagallery\/pablo-erroz-coleccionsymbiosis\/thumbs\/thumbs_pablo_eroz_048.jpg\" alt=\"080 Barcelona Spring-Summer 2016\" class=\"noLazy flagpm_photo swiper-lazy flagpm_photo_portrait\"><span class=\"swiper-lazy-preloader swiper-lazy-preloader-black\"><\/span><\/div><div class=\"swiper-slide flagpm_photo\" data-photo-id=\"20950\"><img data-src=\"https:\/\/bobvarela.com\/wp-content\/flagallery\/pablo-erroz-coleccionsymbiosis\/thumbs\/thumbs_pablo_eroz_049.jpg\" alt=\"080 Barcelona Spring-Summer 2016\" class=\"noLazy flagpm_photo swiper-lazy flagpm_photo_portrait\"><span class=\"swiper-lazy-preloader swiper-lazy-preloader-black\"><\/span><\/div><div class=\"swiper-slide flagpm_photo\" data-photo-id=\"20951\"><img data-src=\"https:\/\/bobvarela.com\/wp-content\/flagallery\/pablo-erroz-coleccionsymbiosis\/thumbs\/thumbs_pablo_eroz_050.jpg\" alt=\"080 Barcelona Spring-Summer 2016\" class=\"noLazy flagpm_photo swiper-lazy flagpm_photo_portrait\"><span class=\"swiper-lazy-preloader swiper-lazy-preloader-black\"><\/span><\/div><div class=\"swiper-slide flagpm_photo\" data-photo-id=\"20952\"><img data-src=\"https:\/\/bobvarela.com\/wp-content\/flagallery\/pablo-erroz-coleccionsymbiosis\/thumbs\/thumbs_pablo_eroz_051.jpg\" alt=\"080 Barcelona Spring-Summer 2016\" class=\"noLazy flagpm_photo swiper-lazy flagpm_photo_portrait\"><span class=\"swiper-lazy-preloader swiper-lazy-preloader-black\"><\/span><\/div><div class=\"swiper-slide flagpm_photo\" data-photo-id=\"20953\"><img data-src=\"https:\/\/bobvarela.com\/wp-content\/flagallery\/pablo-erroz-coleccionsymbiosis\/thumbs\/thumbs_pablo_eroz_052.jpg\" alt=\"080 Barcelona Spring-Summer 2016\" class=\"noLazy flagpm_photo swiper-lazy flagpm_photo_portrait\"><span class=\"swiper-lazy-preloader swiper-lazy-preloader-black\"><\/span><\/div><div class=\"swiper-slide flagpm_photo\" data-photo-id=\"20954\"><img data-src=\"https:\/\/bobvarela.com\/wp-content\/flagallery\/pablo-erroz-coleccionsymbiosis\/thumbs\/thumbs_pablo_eroz_053.jpg\" alt=\"080 Barcelona Spring-Summer 2016\" class=\"noLazy flagpm_photo swiper-lazy flagpm_photo_portrait\"><span class=\"swiper-lazy-preloader swiper-lazy-preloader-black\"><\/span><\/div><div class=\"swiper-slide flagpm_photo\" data-photo-id=\"20955\"><img data-src=\"https:\/\/bobvarela.com\/wp-content\/flagallery\/pablo-erroz-coleccionsymbiosis\/thumbs\/thumbs_pablo_eroz_054.jpg\" alt=\"080 Barcelona Spring-Summer 2016\" class=\"noLazy flagpm_photo swiper-lazy flagpm_photo_portrait\"><span class=\"swiper-lazy-preloader swiper-lazy-preloader-black\"><\/span><\/div><div class=\"swiper-slide flagpm_photo\" data-photo-id=\"20956\"><img data-src=\"https:\/\/bobvarela.com\/wp-content\/flagallery\/pablo-erroz-coleccionsymbiosis\/thumbs\/thumbs_pablo_eroz_055.jpg\" alt=\"080 Barcelona Spring-Summer 2016\" class=\"noLazy flagpm_photo swiper-lazy flagpm_photo_portrait\"><span class=\"swiper-lazy-preloader swiper-lazy-preloader-black\"><\/span><\/div><div class=\"swiper-slide flagpm_photo\" data-photo-id=\"20957\"><img data-src=\"https:\/\/bobvarela.com\/wp-content\/flagallery\/pablo-erroz-coleccionsymbiosis\/thumbs\/thumbs_pablo_eroz_056.jpg\" alt=\"080 Barcelona Spring-Summer 2016\" class=\"noLazy flagpm_photo swiper-lazy flagpm_photo_portrait\"><span class=\"swiper-lazy-preloader swiper-lazy-preloader-black\"><\/span><\/div><div class=\"swiper-slide flagpm_photo\" data-photo-id=\"20958\"><img data-src=\"https:\/\/bobvarela.com\/wp-content\/flagallery\/pablo-erroz-coleccionsymbiosis\/thumbs\/thumbs_pablo_eroz_057.jpg\" alt=\"080 Barcelona Spring-Summer 2016\" class=\"noLazy flagpm_photo swiper-lazy flagpm_photo_portrait\"><span class=\"swiper-lazy-preloader swiper-lazy-preloader-black\"><\/span><\/div><div class=\"swiper-slide flagpm_photo\" data-photo-id=\"20959\"><img data-src=\"https:\/\/bobvarela.com\/wp-content\/flagallery\/pablo-erroz-coleccionsymbiosis\/thumbs\/thumbs_pablo_eroz_058.jpg\" alt=\"080 Barcelona Spring-Summer 2016\" class=\"noLazy flagpm_photo swiper-lazy flagpm_photo_portrait\"><span class=\"swiper-lazy-preloader swiper-lazy-preloader-black\"><\/span><\/div><div class=\"swiper-slide flagpm_photo\" data-photo-id=\"20960\"><img data-src=\"https:\/\/bobvarela.com\/wp-content\/flagallery\/pablo-erroz-coleccionsymbiosis\/thumbs\/thumbs_pablo_eroz_059.jpg\" alt=\"080 Barcelona Spring-Summer 2016\" class=\"noLazy flagpm_photo swiper-lazy flagpm_photo_portrait\"><span class=\"swiper-lazy-preloader swiper-lazy-preloader-black\"><\/span><\/div><div class=\"swiper-slide flagpm_photo\" data-photo-id=\"20961\"><img data-src=\"https:\/\/bobvarela.com\/wp-content\/flagallery\/pablo-erroz-coleccionsymbiosis\/thumbs\/thumbs_pablo_eroz_060.jpg\" alt=\"080 Barcelona Spring-Summer 2016\" class=\"noLazy flagpm_photo swiper-lazy flagpm_photo_portrait\"><span class=\"swiper-lazy-preloader swiper-lazy-preloader-black\"><\/span><\/div><div class=\"swiper-slide flagpm_photo\" data-photo-id=\"20962\"><img data-src=\"https:\/\/bobvarela.com\/wp-content\/flagallery\/pablo-erroz-coleccionsymbiosis\/thumbs\/thumbs_pablo_eroz_061.jpg\" alt=\"080 Barcelona Spring-Summer 2016\" class=\"noLazy flagpm_photo swiper-lazy flagpm_photo_portrait\"><span class=\"swiper-lazy-preloader swiper-lazy-preloader-black\"><\/span><\/div> <\/div> <\/div> <\/div> <div class=\"flagpm_next_button\"><\/div> <\/div> <div class=\"flagpm_big_button_wrap\"> <div class=\"flagpm_share_wrapper\"> <a class=\"flagpm_button flagpm_share\">Share<\/a> <div class=\"flagpm_sharelizers_wrap\"> <ul class=\"flagpm_sharelizers\"> <li style=\"list-style:none;\"><a class=\"flagpm_button flagpm_facebook flagpm_sharelizer\">Facebook<\/a><\/li> <li style=\"list-style:none;\"><a class=\"flagpm_button flagpm_twitter flagpm_sharelizer\">Twitter<\/a><\/li> <li style=\"list-style:none;\"><a class=\"flagpm_button flagpm_pinterest flagpm_sharelizer\">Pinterest<\/a><\/li> <li style=\"list-style:none;\"><a class=\"flagpm_button flagpm_stumbleupon flagpm_sharelizer\">StumbleUpon<\/a><\/li> <\/ul> <\/div> <\/div> <a class=\"flagpm_button flagpm_like\">Like<\/a> <\/div> <div class=\"flagpm_big_button_wrap\"> <a class=\"flagpm_big_button flagpm_download_button\" href=\"https:\/\/bobvarela.com\/wp-content\/flagallery\/pablo-erroz-coleccionsymbiosis\/pablo_eroz_002.jpg\" download=\"pablo_eroz_002.jpg\"> <span class=\"flagpm_icon\"><\/span> <span class=\"flagpm_label\">Download<\/span> <\/a> <\/div> <div class=\"flagpm_big_button_wrap\"> <a class=\"flagpm_big_button flagpm_link_button flagpm_inactive\" > <span class=\"flagpm_icon\"><\/span> <span class=\"flagpm_label\">Open Link<\/span> <\/a> <\/div> <\/div> <\/div> <\/div> <div class=\"flagpm_focus_close_full\"> <span><a class=\"flagpm_button flagpm_close\">Close<\/a><\/span> <span><a class=\"flagpm_button flagpm_full\">Full<\/a><\/span> <\/div> <div class=\"flagpm_photo_details\"> <div class=\"flagpm_description_wrap\"> <div class=\"details_title\">Description<\/div> <div class=\"flagpm_description_text_wrap\"> <div class=\"flagpm_slide_description\"><p>080 Barcelona Spring-Summer 2016<\/p><\/div> <\/div> <\/div> <\/div> <div class=\"flagpm_focus_footer\"> <div class=\"flagpm_focus_keyboard\"> <div class=\"flagpm_focus_keyboard_title\">Keyboard Shortcuts <a class=\"flagpm_focus_keyboard_dismiss\">Dismiss<\/a><\/div> <ul> <li style=\"list-style:none;\"><a data-key=\"p\" class=\"flagpm_key\">S<\/a><span class=\"flagpm_label\">Slideshow<\/span><\/li> <li style=\"list-style:none;\"><a data-key=\"m\" class=\"flagpm_key\">M<\/a><span class=\"flagpm_label\">Maximize<\/span><\/li> <li style=\"list-style:none;\"><a data-key=\"left\" class=\"flagpm_key\">&nbsp;<\/a><span class=\"flagpm_label\">Previous<\/span><\/li> <li style=\"list-style:none;\"><a data-key=\"right\" class=\"flagpm_key\">&nbsp;<\/a><span class=\"flagpm_label\">Next<\/span><\/li> <li style=\"list-style:none;\"><a data-key=\"escape\" class=\"flagpm_key flagpm_esc\">esc<\/a><span class=\"flagpm_label\">Close<\/span><\/li> <\/ul> <\/div> <\/div> <\/div> <script type=\"text\/javascript\"> jQuery(function($) { var settings = {\"base_gallery_width\":\"800\",\"base_gallery_height\":\"500\",\"gallery_min_height\":\"230\",\"scale_mode\":\"fit\",\"initial_slide\":0,\"slideshow_autoplay\":\"0\",\"slideshow_delay\":\"7000\",\"gallery_focus\":\"0\",\"gallery_maximized\":\"0\",\"gallery_focus_maximized\":\"0\",\"keyboard_help\":\"1\",\"show_download_button\":\"1\",\"show_link_button\":\"1\",\"show_description\":\"1\",\"show_share_button\":\"1\",\"show_like_button\":\"1\",\"link_color\":\"#0099e5\",\"link_color_hover\":\"#02adea\",\"download_button_text\":\"Download\",\"link_button_text\":\"Open Link\",\"description_title\":\"Description\",\"key\":\"\",\"name\":\"\",\"gallID\":\"sc1_285\"}; var content = {\"data\":[{\"id\":\"20903\",\"image\":\"https:\\\/\\\/bobvarela.com\\\/wp-content\\\/flagallery\\\/pablo-erroz-coleccionsymbiosis\\\/webview\\\/pablo_eroz_002.jpg\",\"thumb\":\"https:\\\/\\\/bobvarela.com\\\/wp-content\\\/flagallery\\\/pablo-erroz-coleccionsymbiosis\\\/thumbs\\\/thumbs_pablo_eroz_002.jpg\",\"file\":\"pablo_eroz_002.jpg\",\"meta\":{\"aperture\":false,\"credit\":false,\"camera\":false,\"caption\":\"080 Barcelona Spring-Summer 2016\",\"created_timestamp\":\"July 1, 2015 11:53 am\",\"copyright\":\"\\u00c2\\u00a9 2015 Estrop-Barcelona PHOTOGRAPH FOR EDITORIAL USE ONLY\",\"focal_length\":false,\"iso\":false,\"shutter_speed\":false,\"flash\":false,\"title\":\"080 Barcelona Spring-Summer 2016\",\"keywords\":\"080 Barcelona,Estrop-Barcelona,Spring-Summer 2016\",\"width\":667,\"height\":1000,\"saved\":true,\"thumbnail\":{\"width\":220,\"height\":220,\"ewww_image_optimizer\":\"Reduced by 10.8% (3.3&nbsp;kB)\"},\"webview\":{\"0\":667,\"1\":1000,\"2\":2,\"3\":\"width=\\\"667\\\" height=\\\"1000\\\"\",\"bits\":8,\"channels\":3,\"mime\":\"image\\\/jpeg\",\"ewww_image_optimizer\":\"Reduced by 5.5% (3.9&nbsp;kB) - Previously Optimized\"},\"0\":false,\"ewww_image_optimizer\":\"Reduced by 5.6% (8.3&nbsp;kB)\",\"views\":\"104\",\"likes\":\"0\"},\"title\":\"080 Barcelona Spring-Summer 2016\",\"description\":\"<p>080 Barcelona Spring-Summer 2016<\\\/p>\",\"link\":null,\"link_target\":\"\",\"download\":\"https:\\\/\\\/bobvarela.com\\\/wp-content\\\/flagallery\\\/pablo-erroz-coleccionsymbiosis\\\/pablo_eroz_002.jpg\",\"ratio\":0.6670000000000000373034936274052597582340240478515625},{\"id\":\"20904\",\"image\":\"https:\\\/\\\/bobvarela.com\\\/wp-content\\\/flagallery\\\/pablo-erroz-coleccionsymbiosis\\\/webview\\\/pablo_eroz_003.jpg\",\"thumb\":\"https:\\\/\\\/bobvarela.com\\\/wp-content\\\/flagallery\\\/pablo-erroz-coleccionsymbiosis\\\/thumbs\\\/thumbs_pablo_eroz_003.jpg\",\"file\":\"pablo_eroz_003.jpg\",\"meta\":{\"aperture\":false,\"credit\":false,\"camera\":false,\"caption\":\"080 Barcelona Spring-Summer 2016\",\"created_timestamp\":\"July 1, 2015 11:54 am\",\"copyright\":\"\\u00c2\\u00a9 2015 Estrop-Barcelona PHOTOGRAPH FOR EDITORIAL USE ONLY\",\"focal_length\":false,\"iso\":false,\"shutter_speed\":false,\"flash\":false,\"title\":\"080 Barcelona Spring-Summer 2016\",\"keywords\":\"080 Barcelona,Estrop-Barcelona,Spring-Summer 2016\",\"width\":667,\"height\":1000,\"saved\":true,\"thumbnail\":{\"width\":220,\"height\":220,\"ewww_image_optimizer\":\"Reduced by 10.0% (3.6&nbsp;kB)\"},\"webview\":{\"0\":667,\"1\":1000,\"2\":2,\"3\":\"width=\\\"667\\\" height=\\\"1000\\\"\",\"bits\":8,\"channels\":3,\"mime\":\"image\\\/jpeg\",\"ewww_image_optimizer\":\"Reduced by 4.8% (4.4&nbsp;kB) - Previously Optimized\"},\"0\":false,\"ewww_image_optimizer\":\"Reduced by 5.0% (9.7&nbsp;kB)\",\"views\":\"0\",\"likes\":\"0\"},\"title\":\"080 Barcelona Spring-Summer 2016\",\"description\":\"<p>080 Barcelona Spring-Summer 2016<\\\/p>\",\"link\":null,\"link_target\":\"\",\"download\":\"https:\\\/\\\/bobvarela.com\\\/wp-content\\\/flagallery\\\/pablo-erroz-coleccionsymbiosis\\\/pablo_eroz_003.jpg\",\"ratio\":0.6670000000000000373034936274052597582340240478515625},{\"id\":\"20905\",\"image\":\"https:\\\/\\\/bobvarela.com\\\/wp-content\\\/flagallery\\\/pablo-erroz-coleccionsymbiosis\\\/webview\\\/pablo_eroz_004.jpg\",\"thumb\":\"https:\\\/\\\/bobvarela.com\\\/wp-content\\\/flagallery\\\/pablo-erroz-coleccionsymbiosis\\\/thumbs\\\/thumbs_pablo_eroz_004.jpg\",\"file\":\"pablo_eroz_004.jpg\",\"meta\":{\"aperture\":false,\"credit\":false,\"camera\":false,\"caption\":\"080 Barcelona Spring-Summer 2016\",\"created_timestamp\":\"July 1, 2015 11:54 am\",\"copyright\":\"\\u00c2\\u00a9 2015 Estrop-Barcelona PHOTOGRAPH FOR EDITORIAL USE ONLY\",\"focal_length\":false,\"iso\":false,\"shutter_speed\":false,\"flash\":false,\"title\":\"080 Barcelona Spring-Summer 2016\",\"keywords\":\"080 Barcelona,Estrop-Barcelona,Spring-Summer 2016\",\"width\":667,\"height\":1000,\"saved\":true,\"thumbnail\":{\"width\":220,\"height\":220,\"ewww_image_optimizer\":\"Reduced by 9.1% (3.8&nbsp;kB)\"},\"webview\":{\"0\":667,\"1\":1000,\"2\":2,\"3\":\"width=\\\"667\\\" height=\\\"1000\\\"\",\"bits\":8,\"channels\":3,\"mime\":\"image\\\/jpeg\",\"ewww_image_optimizer\":\"Reduced by 6.4% (8.4&nbsp;kB) - Previously Optimized\"},\"0\":false,\"ewww_image_optimizer\":\"Reduced by 3.9% (6.9&nbsp;kB)\",\"views\":\"0\",\"likes\":\"0\"},\"title\":\"080 Barcelona Spring-Summer 2016\",\"description\":\"<p>080 Barcelona Spring-Summer 2016<\\\/p>\",\"link\":null,\"link_target\":\"\",\"download\":\"https:\\\/\\\/bobvarela.com\\\/wp-content\\\/flagallery\\\/pablo-erroz-coleccionsymbiosis\\\/pablo_eroz_004.jpg\",\"ratio\":0.6670000000000000373034936274052597582340240478515625},{\"id\":\"20906\",\"image\":\"https:\\\/\\\/bobvarela.com\\\/wp-content\\\/flagallery\\\/pablo-erroz-coleccionsymbiosis\\\/webview\\\/pablo_eroz_005.jpg\",\"thumb\":\"https:\\\/\\\/bobvarela.com\\\/wp-content\\\/flagallery\\\/pablo-erroz-coleccionsymbiosis\\\/thumbs\\\/thumbs_pablo_eroz_005.jpg\",\"file\":\"pablo_eroz_005.jpg\",\"meta\":{\"aperture\":false,\"credit\":false,\"camera\":false,\"caption\":\"080 Barcelona Spring-Summer 2016\",\"created_timestamp\":\"July 1, 2015 11:54 am\",\"copyright\":\"\\u00c2\\u00a9 2015 Estrop-Barcelona PHOTOGRAPH FOR EDITORIAL USE ONLY\",\"focal_length\":false,\"iso\":false,\"shutter_speed\":false,\"flash\":false,\"title\":\"080 Barcelona Spring-Summer 2016\",\"keywords\":\"080 Barcelona,Estrop-Barcelona,Spring-Summer 2016\",\"width\":667,\"height\":1000,\"saved\":true,\"thumbnail\":{\"width\":220,\"height\":220,\"ewww_image_optimizer\":\"Reduced by 9.3% (3.0&nbsp;kB)\"},\"webview\":{\"0\":667,\"1\":1000,\"2\":2,\"3\":\"width=\\\"667\\\" height=\\\"1000\\\"\",\"bits\":8,\"channels\":3,\"mime\":\"image\\\/jpeg\",\"ewww_image_optimizer\":\"Reduced by 5.1% (5.2&nbsp;kB) - Previously Optimized\"},\"0\":false,\"ewww_image_optimizer\":\"Reduced by 4.0% (5.8&nbsp;kB)\",\"views\":\"0\",\"likes\":\"0\"},\"title\":\"080 Barcelona Spring-Summer 2016\",\"description\":\"<p>080 Barcelona Spring-Summer 2016<\\\/p>\",\"link\":null,\"link_target\":\"\",\"download\":\"https:\\\/\\\/bobvarela.com\\\/wp-content\\\/flagallery\\\/pablo-erroz-coleccionsymbiosis\\\/pablo_eroz_005.jpg\",\"ratio\":0.6670000000000000373034936274052597582340240478515625},{\"id\":\"20907\",\"image\":\"https:\\\/\\\/bobvarela.com\\\/wp-content\\\/flagallery\\\/pablo-erroz-coleccionsymbiosis\\\/webview\\\/pablo_eroz_006.jpg\",\"thumb\":\"https:\\\/\\\/bobvarela.com\\\/wp-content\\\/flagallery\\\/pablo-erroz-coleccionsymbiosis\\\/thumbs\\\/thumbs_pablo_eroz_006.jpg\",\"file\":\"pablo_eroz_006.jpg\",\"meta\":{\"aperture\":false,\"credit\":false,\"camera\":false,\"caption\":\"080 Barcelona Spring-Summer 2016\",\"created_timestamp\":\"July 1, 2015 11:54 am\",\"copyright\":\"\\u00c2\\u00a9 2015 Estrop-Barcelona PHOTOGRAPH FOR EDITORIAL USE ONLY\",\"focal_length\":false,\"iso\":false,\"shutter_speed\":false,\"flash\":false,\"title\":\"080 Barcelona Spring-Summer 2016\",\"keywords\":\"080 Barcelona,Estrop-Barcelona,Spring-Summer 2016\",\"width\":667,\"height\":1000,\"saved\":true,\"thumbnail\":{\"width\":220,\"height\":220,\"ewww_image_optimizer\":\"Reduced by 10.7% (3.4&nbsp;kB)\"},\"webview\":{\"0\":667,\"1\":1000,\"2\":2,\"3\":\"width=\\\"667\\\" height=\\\"1000\\\"\",\"bits\":8,\"channels\":3,\"mime\":\"image\\\/jpeg\",\"ewww_image_optimizer\":\"Reduced by 5.4% (3.7&nbsp;kB) - Previously Optimized\"},\"0\":false,\"ewww_image_optimizer\":\"Reduced by 5.3% (7.7&nbsp;kB)\",\"views\":\"1\",\"likes\":\"0\"},\"title\":\"080 Barcelona Spring-Summer 2016\",\"description\":\"<p>080 Barcelona Spring-Summer 2016<\\\/p>\",\"link\":null,\"link_target\":\"\",\"download\":\"https:\\\/\\\/bobvarela.com\\\/wp-content\\\/flagallery\\\/pablo-erroz-coleccionsymbiosis\\\/pablo_eroz_006.jpg\",\"ratio\":0.6670000000000000373034936274052597582340240478515625},{\"id\":\"20908\",\"image\":\"https:\\\/\\\/bobvarela.com\\\/wp-content\\\/flagallery\\\/pablo-erroz-coleccionsymbiosis\\\/webview\\\/pablo_eroz_007.jpg\",\"thumb\":\"https:\\\/\\\/bobvarela.com\\\/wp-content\\\/flagallery\\\/pablo-erroz-coleccionsymbiosis\\\/thumbs\\\/thumbs_pablo_eroz_007.jpg\",\"file\":\"pablo_eroz_007.jpg\",\"meta\":{\"aperture\":false,\"credit\":false,\"camera\":false,\"caption\":\"080 Barcelona Spring-Summer 2016\",\"created_timestamp\":\"July 1, 2015 11:54 am\",\"copyright\":\"\\u00c2\\u00a9 2015 Estrop-Barcelona PHOTOGRAPH FOR EDITORIAL USE ONLY\",\"focal_length\":false,\"iso\":false,\"shutter_speed\":false,\"flash\":false,\"title\":\"080 Barcelona Spring-Summer 2016\",\"keywords\":\"080 Barcelona,Estrop-Barcelona,Spring-Summer 2016\",\"width\":667,\"height\":1000,\"saved\":true,\"thumbnail\":{\"width\":220,\"height\":220,\"ewww_image_optimizer\":\"Reduced by 10.3% (3.8&nbsp;kB)\"},\"webview\":{\"0\":667,\"1\":1000,\"2\":2,\"3\":\"width=\\\"667\\\" height=\\\"1000\\\"\",\"bits\":8,\"channels\":3,\"mime\":\"image\\\/jpeg\",\"ewww_image_optimizer\":\"Reduced by 6.5% (8.3&nbsp;kB) - Previously Optimized\"},\"0\":false,\"ewww_image_optimizer\":\"Reduced by 4.5% (8.4&nbsp;kB)\",\"views\":\"0\",\"likes\":\"0\"},\"title\":\"080 Barcelona Spring-Summer 2016\",\"description\":\"<p>080 Barcelona Spring-Summer 2016<\\\/p>\",\"link\":null,\"link_target\":\"\",\"download\":\"https:\\\/\\\/bobvarela.com\\\/wp-content\\\/flagallery\\\/pablo-erroz-coleccionsymbiosis\\\/pablo_eroz_007.jpg\",\"ratio\":0.6670000000000000373034936274052597582340240478515625},{\"id\":\"20909\",\"image\":\"https:\\\/\\\/bobvarela.com\\\/wp-content\\\/flagallery\\\/pablo-erroz-coleccionsymbiosis\\\/webview\\\/pablo_eroz_008.jpg\",\"thumb\":\"https:\\\/\\\/bobvarela.com\\\/wp-content\\\/flagallery\\\/pablo-erroz-coleccionsymbiosis\\\/thumbs\\\/thumbs_pablo_eroz_008.jpg\",\"file\":\"pablo_eroz_008.jpg\",\"meta\":{\"aperture\":false,\"credit\":false,\"camera\":false,\"caption\":\"080 Barcelona Spring-Summer 2016\",\"created_timestamp\":\"July 1, 2015 11:54 am\",\"copyright\":\"\\u00c2\\u00a9 2015 Estrop-Barcelona PHOTOGRAPH FOR EDITORIAL USE ONLY\",\"focal_length\":false,\"iso\":false,\"shutter_speed\":false,\"flash\":false,\"title\":\"080 Barcelona Spring-Summer 2016\",\"keywords\":\"080 Barcelona,Estrop-Barcelona,Spring-Summer 2016\",\"width\":667,\"height\":1000,\"saved\":true,\"thumbnail\":{\"width\":220,\"height\":220,\"ewww_image_optimizer\":\"Reduced by 5.9% (2.3&nbsp;kB)\"},\"webview\":{\"0\":667,\"1\":1000,\"2\":2,\"3\":\"width=\\\"667\\\" height=\\\"1000\\\"\",\"bits\":8,\"channels\":3,\"mime\":\"image\\\/jpeg\",\"ewww_image_optimizer\":\"Reduced by 11.0% (18.4&nbsp;kB)\"},\"0\":false,\"ewww_image_optimizer\":\"Reduced by 11.0% (18.4&nbsp;kB)\",\"views\":\"0\",\"likes\":\"0\"},\"title\":\"080 Barcelona Spring-Summer 2016\",\"description\":\"<p>080 Barcelona Spring-Summer 2016<\\\/p>\",\"link\":null,\"link_target\":\"\",\"download\":\"https:\\\/\\\/bobvarela.com\\\/wp-content\\\/flagallery\\\/pablo-erroz-coleccionsymbiosis\\\/pablo_eroz_008.jpg\",\"ratio\":0.6670000000000000373034936274052597582340240478515625},{\"id\":\"20910\",\"image\":\"https:\\\/\\\/bobvarela.com\\\/wp-content\\\/flagallery\\\/pablo-erroz-coleccionsymbiosis\\\/webview\\\/pablo_eroz_009.jpg\",\"thumb\":\"https:\\\/\\\/bobvarela.com\\\/wp-content\\\/flagallery\\\/pablo-erroz-coleccionsymbiosis\\\/thumbs\\\/thumbs_pablo_eroz_009.jpg\",\"file\":\"pablo_eroz_009.jpg\",\"meta\":{\"aperture\":false,\"credit\":false,\"camera\":false,\"caption\":false,\"created_timestamp\":\"July 1, 2015 11:54 am\",\"copyright\":false,\"focal_length\":false,\"iso\":false,\"shutter_speed\":false,\"flash\":false,\"title\":false,\"keywords\":false,\"width\":667,\"height\":1000,\"saved\":true,\"thumbnail\":{\"width\":220,\"height\":220,\"ewww_image_optimizer\":\"Reduced by 11.8% (2.8&nbsp;kB)\"},\"webview\":{\"0\":667,\"1\":1000,\"2\":2,\"3\":\"width=\\\"667\\\" height=\\\"1000\\\"\",\"bits\":8,\"channels\":3,\"mime\":\"image\\\/jpeg\",\"ewww_image_optimizer\":\"Reduced by 8.1% (4.0&nbsp;kB) - Previously Optimized\"},\"0\":false,\"ewww_image_optimizer\":\"Reduced by 10.8% (18.5&nbsp;kB)\",\"views\":\"0\",\"likes\":\"0\"},\"title\":\"\",\"description\":\"\",\"link\":null,\"link_target\":\"\",\"download\":\"https:\\\/\\\/bobvarela.com\\\/wp-content\\\/flagallery\\\/pablo-erroz-coleccionsymbiosis\\\/pablo_eroz_009.jpg\",\"ratio\":0.6670000000000000373034936274052597582340240478515625},{\"id\":\"20911\",\"image\":\"https:\\\/\\\/bobvarela.com\\\/wp-content\\\/flagallery\\\/pablo-erroz-coleccionsymbiosis\\\/webview\\\/pablo_eroz_010.jpg\",\"thumb\":\"https:\\\/\\\/bobvarela.com\\\/wp-content\\\/flagallery\\\/pablo-erroz-coleccionsymbiosis\\\/thumbs\\\/thumbs_pablo_eroz_010.jpg\",\"file\":\"pablo_eroz_010.jpg\",\"meta\":{\"aperture\":false,\"credit\":false,\"camera\":false,\"caption\":\"080 Barcelona Spring-Summer 2016\",\"created_timestamp\":\"July 1, 2015 11:54 am\",\"copyright\":\"\\u00c2\\u00a9 2015 Estrop-Barcelona PHOTOGRAPH FOR EDITORIAL USE ONLY\",\"focal_length\":false,\"iso\":false,\"shutter_speed\":false,\"flash\":false,\"title\":\"080 Barcelona Spring-Summer 2016\",\"keywords\":\"080 Barcelona,Estrop-Barcelona,Spring-Summer 2016\",\"width\":667,\"height\":1000,\"saved\":true,\"thumbnail\":{\"width\":220,\"height\":220,\"ewww_image_optimizer\":\"Reduced by 10.9% (3.5&nbsp;kB)\"},\"webview\":{\"0\":667,\"1\":1000,\"2\":2,\"3\":\"width=\\\"667\\\" height=\\\"1000\\\"\",\"bits\":8,\"channels\":3,\"mime\":\"image\\\/jpeg\",\"ewww_image_optimizer\":\"Reduced by 5.3% (3.7&nbsp;kB) - Previously Optimized\"},\"0\":false,\"ewww_image_optimizer\":\"Reduced by 5.3% (7.7&nbsp;kB)\",\"views\":\"0\",\"likes\":\"0\"},\"title\":\"080 Barcelona Spring-Summer 2016\",\"description\":\"<p>080 Barcelona Spring-Summer 2016<\\\/p>\",\"link\":null,\"link_target\":\"\",\"download\":\"https:\\\/\\\/bobvarela.com\\\/wp-content\\\/flagallery\\\/pablo-erroz-coleccionsymbiosis\\\/pablo_eroz_010.jpg\",\"ratio\":0.6670000000000000373034936274052597582340240478515625},{\"id\":\"20912\",\"image\":\"https:\\\/\\\/bobvarela.com\\\/wp-content\\\/flagallery\\\/pablo-erroz-coleccionsymbiosis\\\/webview\\\/pablo_eroz_011.jpg\",\"thumb\":\"https:\\\/\\\/bobvarela.com\\\/wp-content\\\/flagallery\\\/pablo-erroz-coleccionsymbiosis\\\/thumbs\\\/thumbs_pablo_eroz_011.jpg\",\"file\":\"pablo_eroz_011.jpg\",\"meta\":{\"aperture\":false,\"credit\":false,\"camera\":false,\"caption\":\"080 Barcelona Spring-Summer 2016\",\"created_timestamp\":\"July 1, 2015 11:54 am\",\"copyright\":\"\\u00c2\\u00a9 2015 Estrop-Barcelona PHOTOGRAPH FOR EDITORIAL USE ONLY\",\"focal_length\":false,\"iso\":false,\"shutter_speed\":false,\"flash\":false,\"title\":\"080 Barcelona Spring-Summer 2016\",\"keywords\":\"080 Barcelona,Estrop-Barcelona,Spring-Summer 2016\",\"width\":667,\"height\":1000,\"saved\":true,\"thumbnail\":{\"width\":220,\"height\":220,\"ewww_image_optimizer\":\"Reduced by 10.4% (3.7&nbsp;kB)\"},\"webview\":{\"0\":667,\"1\":1000,\"2\":2,\"3\":\"width=\\\"667\\\" height=\\\"1000\\\"\",\"bits\":8,\"channels\":3,\"mime\":\"image\\\/jpeg\",\"ewww_image_optimizer\":\"Reduced by 5.1% (4.3&nbsp;kB) - Previously Optimized\"},\"0\":false,\"ewww_image_optimizer\":\"Reduced by 5.1% (9.2&nbsp;kB)\",\"views\":\"0\",\"likes\":\"0\"},\"title\":\"080 Barcelona Spring-Summer 2016\",\"description\":\"<p>080 Barcelona Spring-Summer 2016<\\\/p>\",\"link\":null,\"link_target\":\"\",\"download\":\"https:\\\/\\\/bobvarela.com\\\/wp-content\\\/flagallery\\\/pablo-erroz-coleccionsymbiosis\\\/pablo_eroz_011.jpg\",\"ratio\":0.6670000000000000373034936274052597582340240478515625},{\"id\":\"20913\",\"image\":\"https:\\\/\\\/bobvarela.com\\\/wp-content\\\/flagallery\\\/pablo-erroz-coleccionsymbiosis\\\/webview\\\/pablo_eroz_012.jpg\",\"thumb\":\"https:\\\/\\\/bobvarela.com\\\/wp-content\\\/flagallery\\\/pablo-erroz-coleccionsymbiosis\\\/thumbs\\\/thumbs_pablo_eroz_012.jpg\",\"file\":\"pablo_eroz_012.jpg\",\"meta\":{\"aperture\":false,\"credit\":false,\"camera\":false,\"caption\":\"080 Barcelona Spring-Summer 2016\",\"created_timestamp\":\"July 1, 2015 11:54 am\",\"copyright\":\"\\u00c2\\u00a9 2015 Estrop-Barcelona PHOTOGRAPH FOR EDITORIAL USE ONLY\",\"focal_length\":false,\"iso\":false,\"shutter_speed\":false,\"flash\":false,\"title\":\"080 Barcelona Spring-Summer 2016\",\"keywords\":\"080 Barcelona,Estrop-Barcelona,Spring-Summer 2016\",\"width\":667,\"height\":1000,\"saved\":true,\"thumbnail\":{\"width\":220,\"height\":220,\"ewww_image_optimizer\":\"Reduced by 9.1% (3.0&nbsp;kB)\"},\"webview\":{\"0\":667,\"1\":1000,\"2\":2,\"3\":\"width=\\\"667\\\" height=\\\"1000\\\"\",\"bits\":8,\"channels\":3,\"mime\":\"image\\\/jpeg\",\"ewww_image_optimizer\":\"Reduced by 4.8% (4.8&nbsp;kB) - Previously Optimized\"},\"0\":false,\"ewww_image_optimizer\":\"Reduced by 3.1% (4.5&nbsp;kB)\",\"views\":\"0\",\"likes\":\"0\"},\"title\":\"080 Barcelona Spring-Summer 2016\",\"description\":\"<p>080 Barcelona Spring-Summer 2016<\\\/p>\",\"link\":null,\"link_target\":\"\",\"download\":\"https:\\\/\\\/bobvarela.com\\\/wp-content\\\/flagallery\\\/pablo-erroz-coleccionsymbiosis\\\/pablo_eroz_012.jpg\",\"ratio\":0.6670000000000000373034936274052597582340240478515625},{\"id\":\"20914\",\"image\":\"https:\\\/\\\/bobvarela.com\\\/wp-content\\\/flagallery\\\/pablo-erroz-coleccionsymbiosis\\\/webview\\\/pablo_eroz_013.jpg\",\"thumb\":\"https:\\\/\\\/bobvarela.com\\\/wp-content\\\/flagallery\\\/pablo-erroz-coleccionsymbiosis\\\/thumbs\\\/thumbs_pablo_eroz_013.jpg\",\"file\":\"pablo_eroz_013.jpg\",\"meta\":{\"aperture\":false,\"credit\":false,\"camera\":false,\"caption\":\"080 Barcelona Spring-Summer 2016\",\"created_timestamp\":\"July 1, 2015 11:55 am\",\"copyright\":\"\\u00c2\\u00a9 2015 Estrop-Barcelona PHOTOGRAPH FOR EDITORIAL USE ONLY\",\"focal_length\":false,\"iso\":false,\"shutter_speed\":false,\"flash\":false,\"title\":\"080 Barcelona Spring-Summer 2016\",\"keywords\":\"080 Barcelona,Estrop-Barcelona,Spring-Summer 2016\",\"width\":667,\"height\":1000,\"saved\":true,\"thumbnail\":{\"width\":220,\"height\":220,\"ewww_image_optimizer\":\"Reduced by 11.4% (3.3&nbsp;kB)\"},\"webview\":{\"0\":667,\"1\":1000,\"2\":2,\"3\":\"width=\\\"667\\\" height=\\\"1000\\\"\",\"bits\":8,\"channels\":3,\"mime\":\"image\\\/jpeg\",\"ewww_image_optimizer\":\"Reduced by 7.1% (4.6&nbsp;kB) - Previously Optimized\"},\"0\":false,\"ewww_image_optimizer\":\"Reduced by 6.7% (9.0&nbsp;kB)\",\"views\":\"0\",\"likes\":\"0\"},\"title\":\"080 Barcelona Spring-Summer 2016\",\"description\":\"<p>080 Barcelona Spring-Summer 2016<\\\/p>\",\"link\":null,\"link_target\":\"\",\"download\":\"https:\\\/\\\/bobvarela.com\\\/wp-content\\\/flagallery\\\/pablo-erroz-coleccionsymbiosis\\\/pablo_eroz_013.jpg\",\"ratio\":0.6670000000000000373034936274052597582340240478515625},{\"id\":\"20915\",\"image\":\"https:\\\/\\\/bobvarela.com\\\/wp-content\\\/flagallery\\\/pablo-erroz-coleccionsymbiosis\\\/webview\\\/pablo_eroz_014.jpg\",\"thumb\":\"https:\\\/\\\/bobvarela.com\\\/wp-content\\\/flagallery\\\/pablo-erroz-coleccionsymbiosis\\\/thumbs\\\/thumbs_pablo_eroz_014.jpg\",\"file\":\"pablo_eroz_014.jpg\",\"meta\":{\"aperture\":false,\"credit\":false,\"camera\":false,\"caption\":\"080 Barcelona Spring-Summer 2016\",\"created_timestamp\":\"July 1, 2015 11:55 am\",\"copyright\":\"\\u00c2\\u00a9 2015 Estrop-Barcelona PHOTOGRAPH FOR EDITORIAL USE ONLY\",\"focal_length\":false,\"iso\":false,\"shutter_speed\":false,\"flash\":false,\"title\":\"080 Barcelona Spring-Summer 2016\",\"keywords\":\"080 Barcelona,Estrop-Barcelona,Spring-Summer 2016\",\"width\":667,\"height\":1000,\"saved\":true,\"thumbnail\":{\"width\":220,\"height\":220,\"ewww_image_optimizer\":\"Reduced by 10.6% (3.6&nbsp;kB)\"},\"webview\":{\"0\":667,\"1\":1000,\"2\":2,\"3\":\"width=\\\"667\\\" height=\\\"1000\\\"\",\"bits\":8,\"channels\":3,\"mime\":\"image\\\/jpeg\",\"ewww_image_optimizer\":\"Reduced by 5.6% (4.9&nbsp;kB) - Previously Optimized\"},\"0\":false,\"ewww_image_optimizer\":\"Reduced by 5.4% (9.6&nbsp;kB)\",\"views\":\"0\",\"likes\":\"0\"},\"title\":\"080 Barcelona Spring-Summer 2016\",\"description\":\"<p>080 Barcelona Spring-Summer 2016<\\\/p>\",\"link\":null,\"link_target\":\"\",\"download\":\"https:\\\/\\\/bobvarela.com\\\/wp-content\\\/flagallery\\\/pablo-erroz-coleccionsymbiosis\\\/pablo_eroz_014.jpg\",\"ratio\":0.6670000000000000373034936274052597582340240478515625},{\"id\":\"20916\",\"image\":\"https:\\\/\\\/bobvarela.com\\\/wp-content\\\/flagallery\\\/pablo-erroz-coleccionsymbiosis\\\/webview\\\/pablo_eroz_015.jpg\",\"thumb\":\"https:\\\/\\\/bobvarela.com\\\/wp-content\\\/flagallery\\\/pablo-erroz-coleccionsymbiosis\\\/thumbs\\\/thumbs_pablo_eroz_015.jpg\",\"file\":\"pablo_eroz_015.jpg\",\"meta\":{\"aperture\":false,\"credit\":false,\"camera\":false,\"caption\":\"080 Barcelona Spring-Summer 2016\",\"created_timestamp\":\"July 1, 2015 11:55 am\",\"copyright\":\"\\u00c2\\u00a9 2015 Estrop-Barcelona PHOTOGRAPH FOR EDITORIAL USE ONLY\",\"focal_length\":false,\"iso\":false,\"shutter_speed\":false,\"flash\":false,\"title\":\"080 Barcelona Spring-Summer 2016\",\"keywords\":\"080 Barcelona,Estrop-Barcelona,Spring-Summer 2016\",\"width\":667,\"height\":1000,\"saved\":true,\"thumbnail\":{\"width\":220,\"height\":220,\"ewww_image_optimizer\":\"Reduced by 8.5% (2.9&nbsp;kB)\"},\"webview\":{\"0\":667,\"1\":1000,\"2\":2,\"3\":\"width=\\\"667\\\" height=\\\"1000\\\"\",\"bits\":8,\"channels\":3,\"mime\":\"image\\\/jpeg\",\"ewww_image_optimizer\":\"Reduced by 6.4% (6.4&nbsp;kB) - Previously Optimized\"},\"0\":false,\"ewww_image_optimizer\":\"Reduced by 4.6% (6.5&nbsp;kB)\",\"views\":\"0\",\"likes\":\"0\"},\"title\":\"080 Barcelona Spring-Summer 2016\",\"description\":\"<p>080 Barcelona Spring-Summer 2016<\\\/p>\",\"link\":null,\"link_target\":\"\",\"download\":\"https:\\\/\\\/bobvarela.com\\\/wp-content\\\/flagallery\\\/pablo-erroz-coleccionsymbiosis\\\/pablo_eroz_015.jpg\",\"ratio\":0.6670000000000000373034936274052597582340240478515625},{\"id\":\"20917\",\"image\":\"https:\\\/\\\/bobvarela.com\\\/wp-content\\\/flagallery\\\/pablo-erroz-coleccionsymbiosis\\\/webview\\\/pablo_eroz_016.jpg\",\"thumb\":\"https:\\\/\\\/bobvarela.com\\\/wp-content\\\/flagallery\\\/pablo-erroz-coleccionsymbiosis\\\/thumbs\\\/thumbs_pablo_eroz_016.jpg\",\"file\":\"pablo_eroz_016.jpg\",\"meta\":{\"aperture\":false,\"credit\":false,\"camera\":false,\"caption\":\"080 Barcelona Spring-Summer 2016\",\"created_timestamp\":\"July 1, 2015 11:55 am\",\"copyright\":\"\\u00c2\\u00a9 2015 Estrop-Barcelona PHOTOGRAPH FOR EDITORIAL USE ONLY\",\"focal_length\":false,\"iso\":false,\"shutter_speed\":false,\"flash\":false,\"title\":\"080 Barcelona Spring-Summer 2016\",\"keywords\":\"080 Barcelona,Estrop-Barcelona,Spring-Summer 2016\",\"width\":667,\"height\":1000,\"saved\":true,\"thumbnail\":{\"width\":220,\"height\":220,\"ewww_image_optimizer\":\"Reduced by 10.6% (3.0&nbsp;kB)\"},\"webview\":{\"0\":667,\"1\":1000,\"2\":2,\"3\":\"width=\\\"667\\\" height=\\\"1000\\\"\",\"bits\":8,\"channels\":3,\"mime\":\"image\\\/jpeg\",\"ewww_image_optimizer\":\"Reduced by 6.3% (3.8&nbsp;kB) - Previously Optimized\"},\"0\":false,\"ewww_image_optimizer\":\"Reduced by 6.0% (7.7&nbsp;kB)\",\"views\":\"0\",\"likes\":\"0\"},\"title\":\"080 Barcelona Spring-Summer 2016\",\"description\":\"<p>080 Barcelona Spring-Summer 2016<\\\/p>\",\"link\":null,\"link_target\":\"\",\"download\":\"https:\\\/\\\/bobvarela.com\\\/wp-content\\\/flagallery\\\/pablo-erroz-coleccionsymbiosis\\\/pablo_eroz_016.jpg\",\"ratio\":0.6670000000000000373034936274052597582340240478515625},{\"id\":\"20918\",\"image\":\"https:\\\/\\\/bobvarela.com\\\/wp-content\\\/flagallery\\\/pablo-erroz-coleccionsymbiosis\\\/webview\\\/pablo_eroz_017.jpg\",\"thumb\":\"https:\\\/\\\/bobvarela.com\\\/wp-content\\\/flagallery\\\/pablo-erroz-coleccionsymbiosis\\\/thumbs\\\/thumbs_pablo_eroz_017.jpg\",\"file\":\"pablo_eroz_017.jpg\",\"meta\":{\"aperture\":false,\"credit\":false,\"camera\":false,\"caption\":\"080 Barcelona Spring-Summer 2016\",\"created_timestamp\":\"July 1, 2015 11:55 am\",\"copyright\":\"\\u00c2\\u00a9 2015 Estrop-Barcelona PHOTOGRAPH FOR EDITORIAL USE ONLY\",\"focal_length\":false,\"iso\":false,\"shutter_speed\":false,\"flash\":false,\"title\":\"080 Barcelona Spring-Summer 2016\",\"keywords\":\"080 Barcelona,Estrop-Barcelona,Spring-Summer 2016\",\"width\":667,\"height\":1000,\"saved\":true,\"thumbnail\":{\"width\":220,\"height\":220,\"ewww_image_optimizer\":\"Reduced by 10.0% (3.2&nbsp;kB)\"},\"webview\":{\"0\":667,\"1\":1000,\"2\":2,\"3\":\"width=\\\"667\\\" height=\\\"1000\\\"\",\"bits\":8,\"channels\":3,\"mime\":\"image\\\/jpeg\",\"ewww_image_optimizer\":\"Reduced by 4.9% (3.5&nbsp;kB) - Previously Optimized\"},\"0\":false,\"ewww_image_optimizer\":\"Reduced by 4.9% (7.5&nbsp;kB)\",\"views\":\"0\",\"likes\":\"0\"},\"title\":\"080 Barcelona Spring-Summer 2016\",\"description\":\"<p>080 Barcelona Spring-Summer 2016<\\\/p>\",\"link\":null,\"link_target\":\"\",\"download\":\"https:\\\/\\\/bobvarela.com\\\/wp-content\\\/flagallery\\\/pablo-erroz-coleccionsymbiosis\\\/pablo_eroz_017.jpg\",\"ratio\":0.6670000000000000373034936274052597582340240478515625},{\"id\":\"20919\",\"image\":\"https:\\\/\\\/bobvarela.com\\\/wp-content\\\/flagallery\\\/pablo-erroz-coleccionsymbiosis\\\/webview\\\/pablo_eroz_018.jpg\",\"thumb\":\"https:\\\/\\\/bobvarela.com\\\/wp-content\\\/flagallery\\\/pablo-erroz-coleccionsymbiosis\\\/thumbs\\\/thumbs_pablo_eroz_018.jpg\",\"file\":\"pablo_eroz_018.jpg\",\"meta\":{\"aperture\":false,\"credit\":false,\"camera\":false,\"caption\":\"080 Barcelona Spring-Summer 2016\",\"created_timestamp\":\"July 1, 2015 11:55 am\",\"copyright\":\"\\u00c2\\u00a9 2015 Estrop-Barcelona PHOTOGRAPH FOR EDITORIAL USE ONLY\",\"focal_length\":false,\"iso\":false,\"shutter_speed\":false,\"flash\":false,\"title\":\"080 Barcelona Spring-Summer 2016\",\"keywords\":\"080 Barcelona,Estrop-Barcelona,Spring-Summer 2016\",\"width\":667,\"height\":1000,\"saved\":true,\"thumbnail\":{\"width\":220,\"height\":220,\"ewww_image_optimizer\":\"Reduced by 9.9% (3.0&nbsp;kB)\"},\"webview\":{\"0\":667,\"1\":1000,\"2\":2,\"3\":\"width=\\\"667\\\" height=\\\"1000\\\"\",\"bits\":8,\"channels\":3,\"mime\":\"image\\\/jpeg\",\"ewww_image_optimizer\":\"Reduced by 5.8% (5.4&nbsp;kB) - Previously Optimized\"},\"0\":false,\"ewww_image_optimizer\":\"Reduced by 4.6% (9.0&nbsp;kB)\",\"views\":\"0\",\"likes\":\"0\"},\"title\":\"080 Barcelona Spring-Summer 2016\",\"description\":\"<p>080 Barcelona Spring-Summer 2016<\\\/p>\",\"link\":null,\"link_target\":\"\",\"download\":\"https:\\\/\\\/bobvarela.com\\\/wp-content\\\/flagallery\\\/pablo-erroz-coleccionsymbiosis\\\/pablo_eroz_018.jpg\",\"ratio\":0.6670000000000000373034936274052597582340240478515625},{\"id\":\"20920\",\"image\":\"https:\\\/\\\/bobvarela.com\\\/wp-content\\\/flagallery\\\/pablo-erroz-coleccionsymbiosis\\\/webview\\\/pablo_eroz_019.jpg\",\"thumb\":\"https:\\\/\\\/bobvarela.com\\\/wp-content\\\/flagallery\\\/pablo-erroz-coleccionsymbiosis\\\/thumbs\\\/thumbs_pablo_eroz_019.jpg\",\"file\":\"pablo_eroz_019.jpg\",\"meta\":{\"aperture\":false,\"credit\":false,\"camera\":false,\"caption\":\"080 Barcelona Spring-Summer 2016\",\"created_timestamp\":\"July 1, 2015 11:55 am\",\"copyright\":\"\\u00c2\\u00a9 2015 Estrop-Barcelona PHOTOGRAPH FOR EDITORIAL USE ONLY\",\"focal_length\":false,\"iso\":false,\"shutter_speed\":false,\"flash\":false,\"title\":\"080 Barcelona Spring-Summer 2016\",\"keywords\":\"080 Barcelona,Estrop-Barcelona,Spring-Summer 2016\",\"width\":667,\"height\":1000,\"saved\":true,\"thumbnail\":{\"width\":220,\"height\":220,\"ewww_image_optimizer\":\"Reduced by 10.2% (2.9&nbsp;kB)\"},\"webview\":{\"0\":667,\"1\":1000,\"2\":2,\"3\":\"width=\\\"667\\\" height=\\\"1000\\\"\",\"bits\":8,\"channels\":3,\"mime\":\"image\\\/jpeg\",\"ewww_image_optimizer\":\"Reduced by 5.9% (4.5&nbsp;kB) - Previously Optimized\"},\"0\":false,\"ewww_image_optimizer\":\"Reduced by 5.8% (8.8&nbsp;kB)\",\"views\":\"0\",\"likes\":\"0\"},\"title\":\"080 Barcelona Spring-Summer 2016\",\"description\":\"<p>080 Barcelona Spring-Summer 2016<\\\/p>\",\"link\":null,\"link_target\":\"\",\"download\":\"https:\\\/\\\/bobvarela.com\\\/wp-content\\\/flagallery\\\/pablo-erroz-coleccionsymbiosis\\\/pablo_eroz_019.jpg\",\"ratio\":0.6670000000000000373034936274052597582340240478515625},{\"id\":\"20921\",\"image\":\"https:\\\/\\\/bobvarela.com\\\/wp-content\\\/flagallery\\\/pablo-erroz-coleccionsymbiosis\\\/webview\\\/pablo_eroz_020.jpg\",\"thumb\":\"https:\\\/\\\/bobvarela.com\\\/wp-content\\\/flagallery\\\/pablo-erroz-coleccionsymbiosis\\\/thumbs\\\/thumbs_pablo_eroz_020.jpg\",\"file\":\"pablo_eroz_020.jpg\",\"meta\":{\"aperture\":false,\"credit\":false,\"camera\":false,\"caption\":\"080 Barcelona Spring-Summer 2016\",\"created_timestamp\":\"July 1, 2015 11:55 am\",\"copyright\":\"\\u00c2\\u00a9 2015 Estrop-Barcelona PHOTOGRAPH FOR EDITORIAL USE ONLY\",\"focal_length\":false,\"iso\":false,\"shutter_speed\":false,\"flash\":false,\"title\":\"080 Barcelona Spring-Summer 2016\",\"keywords\":\"080 Barcelona,Estrop-Barcelona,Spring-Summer 2016\",\"width\":667,\"height\":1000,\"saved\":true,\"thumbnail\":{\"width\":220,\"height\":220,\"ewww_image_optimizer\":\"Reduced by 11.8% (3.2&nbsp;kB)\"},\"webview\":{\"0\":667,\"1\":1000,\"2\":2,\"3\":\"width=\\\"667\\\" height=\\\"1000\\\"\",\"bits\":8,\"channels\":3,\"mime\":\"image\\\/jpeg\",\"ewww_image_optimizer\":\"Reduced by 7.9% (4.6&nbsp;kB) - Previously Optimized\"},\"0\":false,\"ewww_image_optimizer\":\"Reduced by 7.2% (8.8&nbsp;kB)\",\"views\":\"0\",\"likes\":\"0\"},\"title\":\"080 Barcelona Spring-Summer 2016\",\"description\":\"<p>080 Barcelona Spring-Summer 2016<\\\/p>\",\"link\":null,\"link_target\":\"\",\"download\":\"https:\\\/\\\/bobvarela.com\\\/wp-content\\\/flagallery\\\/pablo-erroz-coleccionsymbiosis\\\/pablo_eroz_020.jpg\",\"ratio\":0.6670000000000000373034936274052597582340240478515625},{\"id\":\"20922\",\"image\":\"https:\\\/\\\/bobvarela.com\\\/wp-content\\\/flagallery\\\/pablo-erroz-coleccionsymbiosis\\\/webview\\\/pablo_eroz_021.jpg\",\"thumb\":\"https:\\\/\\\/bobvarela.com\\\/wp-content\\\/flagallery\\\/pablo-erroz-coleccionsymbiosis\\\/thumbs\\\/thumbs_pablo_eroz_021.jpg\",\"file\":\"pablo_eroz_021.jpg\",\"meta\":{\"aperture\":false,\"credit\":false,\"camera\":false,\"caption\":\"080 Barcelona Spring-Summer 2016\",\"created_timestamp\":\"July 1, 2015 11:55 am\",\"copyright\":\"\\u00c2\\u00a9 2015 Estrop-Barcelona PHOTOGRAPH FOR EDITORIAL USE ONLY\",\"focal_length\":false,\"iso\":false,\"shutter_speed\":false,\"flash\":false,\"title\":\"080 Barcelona Spring-Summer 2016\",\"keywords\":\"080 Barcelona,Estrop-Barcelona,Spring-Summer 2016\",\"width\":667,\"height\":1000,\"saved\":true,\"thumbnail\":{\"width\":220,\"height\":220,\"ewww_image_optimizer\":\"Reduced by 9.6% (3.3&nbsp;kB)\"},\"webview\":{\"0\":667,\"1\":1000,\"2\":2,\"3\":\"width=\\\"667\\\" height=\\\"1000\\\"\",\"bits\":8,\"channels\":3,\"mime\":\"image\\\/jpeg\",\"ewww_image_optimizer\":\"Reduced by 4.2% (4.2&nbsp;kB) - Previously Optimized\"},\"0\":false,\"ewww_image_optimizer\":\"Reduced by 4.8% (9.6&nbsp;kB)\",\"views\":\"0\",\"likes\":\"0\"},\"title\":\"080 Barcelona Spring-Summer 2016\",\"description\":\"<p>080 Barcelona Spring-Summer 2016<\\\/p>\",\"link\":null,\"link_target\":\"\",\"download\":\"https:\\\/\\\/bobvarela.com\\\/wp-content\\\/flagallery\\\/pablo-erroz-coleccionsymbiosis\\\/pablo_eroz_021.jpg\",\"ratio\":0.6670000000000000373034936274052597582340240478515625},{\"id\":\"20923\",\"image\":\"https:\\\/\\\/bobvarela.com\\\/wp-content\\\/flagallery\\\/pablo-erroz-coleccionsymbiosis\\\/webview\\\/pablo_eroz_022.jpg\",\"thumb\":\"https:\\\/\\\/bobvarela.com\\\/wp-content\\\/flagallery\\\/pablo-erroz-coleccionsymbiosis\\\/thumbs\\\/thumbs_pablo_eroz_022.jpg\",\"file\":\"pablo_eroz_022.jpg\",\"meta\":{\"aperture\":false,\"credit\":false,\"camera\":false,\"caption\":\"080 Barcelona Spring-Summer 2016\",\"created_timestamp\":\"July 1, 2015 11:56 am\",\"copyright\":\"\\u00c2\\u00a9 2015 Estrop-Barcelona PHOTOGRAPH FOR EDITORIAL USE ONLY\",\"focal_length\":false,\"iso\":false,\"shutter_speed\":false,\"flash\":false,\"title\":\"080 Barcelona Spring-Summer 2016\",\"keywords\":\"080 Barcelona,Estrop-Barcelona,Spring-Summer 2016\",\"width\":667,\"height\":1000,\"saved\":true,\"thumbnail\":{\"width\":220,\"height\":220,\"ewww_image_optimizer\":\"Reduced by 7.7% (3.2&nbsp;kB)\"},\"webview\":{\"0\":667,\"1\":1000,\"2\":2,\"3\":\"width=\\\"667\\\" height=\\\"1000\\\"\",\"bits\":8,\"channels\":3,\"mime\":\"image\\\/jpeg\",\"ewww_image_optimizer\":\"Reduced by 5.9% (8.5&nbsp;kB) - Previously Optimized\"},\"0\":false,\"ewww_image_optimizer\":\"Reduced by 3.4% (6.8&nbsp;kB)\",\"views\":\"0\",\"likes\":\"0\"},\"title\":\"080 Barcelona Spring-Summer 2016\",\"description\":\"<p>080 Barcelona Spring-Summer 2016<\\\/p>\",\"link\":null,\"link_target\":\"\",\"download\":\"https:\\\/\\\/bobvarela.com\\\/wp-content\\\/flagallery\\\/pablo-erroz-coleccionsymbiosis\\\/pablo_eroz_022.jpg\",\"ratio\":0.6670000000000000373034936274052597582340240478515625},{\"id\":\"20924\",\"image\":\"https:\\\/\\\/bobvarela.com\\\/wp-content\\\/flagallery\\\/pablo-erroz-coleccionsymbiosis\\\/webview\\\/pablo_eroz_023.jpg\",\"thumb\":\"https:\\\/\\\/bobvarela.com\\\/wp-content\\\/flagallery\\\/pablo-erroz-coleccionsymbiosis\\\/thumbs\\\/thumbs_pablo_eroz_023.jpg\",\"file\":\"pablo_eroz_023.jpg\",\"meta\":{\"aperture\":false,\"credit\":false,\"camera\":false,\"caption\":\"080 Barcelona Spring-Summer 2016\",\"created_timestamp\":\"July 1, 2015 11:56 am\",\"copyright\":\"\\u00c2\\u00a9 2015 Estrop-Barcelona PHOTOGRAPH FOR EDITORIAL USE ONLY\",\"focal_length\":false,\"iso\":false,\"shutter_speed\":false,\"flash\":false,\"title\":\"080 Barcelona Spring-Summer 2016\",\"keywords\":\"080 Barcelona,Estrop-Barcelona,Spring-Summer 2016\",\"width\":667,\"height\":1000,\"saved\":true,\"thumbnail\":{\"width\":220,\"height\":220,\"ewww_image_optimizer\":\"Reduced by 11.0% (3.1&nbsp;kB)\"},\"webview\":{\"0\":667,\"1\":1000,\"2\":2,\"3\":\"width=\\\"667\\\" height=\\\"1000\\\"\",\"bits\":8,\"channels\":3,\"mime\":\"image\\\/jpeg\",\"ewww_image_optimizer\":\"Reduced by 5.8% (3.5&nbsp;kB) - Previously Optimized\"},\"0\":false,\"ewww_image_optimizer\":\"Reduced by 5.5% (6.9&nbsp;kB)\",\"views\":\"0\",\"likes\":\"0\"},\"title\":\"080 Barcelona Spring-Summer 2016\",\"description\":\"<p>080 Barcelona Spring-Summer 2016<\\\/p>\",\"link\":null,\"link_target\":\"\",\"download\":\"https:\\\/\\\/bobvarela.com\\\/wp-content\\\/flagallery\\\/pablo-erroz-coleccionsymbiosis\\\/pablo_eroz_023.jpg\",\"ratio\":0.6670000000000000373034936274052597582340240478515625},{\"id\":\"20925\",\"image\":\"https:\\\/\\\/bobvarela.com\\\/wp-content\\\/flagallery\\\/pablo-erroz-coleccionsymbiosis\\\/webview\\\/pablo_eroz_024.jpg\",\"thumb\":\"https:\\\/\\\/bobvarela.com\\\/wp-content\\\/flagallery\\\/pablo-erroz-coleccionsymbiosis\\\/thumbs\\\/thumbs_pablo_eroz_024.jpg\",\"file\":\"pablo_eroz_024.jpg\",\"meta\":{\"aperture\":false,\"credit\":false,\"camera\":false,\"caption\":\"080 Barcelona Spring-Summer 2016\",\"created_timestamp\":\"July 1, 2015 11:56 am\",\"copyright\":\"\\u00c2\\u00a9 2015 Estrop-Barcelona PHOTOGRAPH FOR EDITORIAL USE ONLY\",\"focal_length\":false,\"iso\":false,\"shutter_speed\":false,\"flash\":false,\"title\":\"080 Barcelona Spring-Summer 2016\",\"keywords\":\"080 Barcelona,Estrop-Barcelona,Spring-Summer 2016\",\"width\":667,\"height\":1000,\"saved\":true,\"thumbnail\":{\"width\":220,\"height\":220,\"ewww_image_optimizer\":\"Reduced by 9.9% (3.2&nbsp;kB)\"},\"webview\":{\"0\":667,\"1\":1000,\"2\":2,\"3\":\"width=\\\"667\\\" height=\\\"1000\\\"\",\"bits\":8,\"channels\":3,\"mime\":\"image\\\/jpeg\",\"ewww_image_optimizer\":\"Reduced by 4.9% (4.1&nbsp;kB) - Previously Optimized\"},\"0\":false,\"ewww_image_optimizer\":\"Reduced by 4.2% (7.1&nbsp;kB)\",\"views\":\"0\",\"likes\":\"0\"},\"title\":\"080 Barcelona Spring-Summer 2016\",\"description\":\"<p>080 Barcelona Spring-Summer 2016<\\\/p>\",\"link\":null,\"link_target\":\"\",\"download\":\"https:\\\/\\\/bobvarela.com\\\/wp-content\\\/flagallery\\\/pablo-erroz-coleccionsymbiosis\\\/pablo_eroz_024.jpg\",\"ratio\":0.6670000000000000373034936274052597582340240478515625},{\"id\":\"20926\",\"image\":\"https:\\\/\\\/bobvarela.com\\\/wp-content\\\/flagallery\\\/pablo-erroz-coleccionsymbiosis\\\/webview\\\/pablo_eroz_025.jpg\",\"thumb\":\"https:\\\/\\\/bobvarela.com\\\/wp-content\\\/flagallery\\\/pablo-erroz-coleccionsymbiosis\\\/thumbs\\\/thumbs_pablo_eroz_025.jpg\",\"file\":\"pablo_eroz_025.jpg\",\"meta\":{\"aperture\":false,\"credit\":false,\"camera\":false,\"caption\":\"080 Barcelona Spring-Summer 2016\",\"created_timestamp\":\"July 1, 2015 11:56 am\",\"copyright\":\"\\u00c2\\u00a9 2015 Estrop-Barcelona PHOTOGRAPH FOR EDITORIAL USE ONLY\",\"focal_length\":false,\"iso\":false,\"shutter_speed\":false,\"flash\":false,\"title\":\"080 Barcelona Spring-Summer 2016\",\"keywords\":\"080 Barcelona,Estrop-Barcelona,Spring-Summer 2016\",\"width\":667,\"height\":1000,\"saved\":true,\"thumbnail\":{\"width\":220,\"height\":220,\"ewww_image_optimizer\":\"Reduced by 10.8% (3.1&nbsp;kB)\"},\"webview\":{\"0\":667,\"1\":1000,\"2\":2,\"3\":\"width=\\\"667\\\" height=\\\"1000\\\"\",\"bits\":8,\"channels\":3,\"mime\":\"image\\\/jpeg\",\"ewww_image_optimizer\":\"Reduced by 7.1% (4.6&nbsp;kB) - Previously Optimized\"},\"0\":false,\"ewww_image_optimizer\":\"Reduced by 6.8% (9.1&nbsp;kB)\",\"views\":\"1\",\"likes\":\"0\"},\"title\":\"080 Barcelona Spring-Summer 2016\",\"description\":\"<p>080 Barcelona Spring-Summer 2016<\\\/p>\",\"link\":null,\"link_target\":\"\",\"download\":\"https:\\\/\\\/bobvarela.com\\\/wp-content\\\/flagallery\\\/pablo-erroz-coleccionsymbiosis\\\/pablo_eroz_025.jpg\",\"ratio\":0.6670000000000000373034936274052597582340240478515625},{\"id\":\"20927\",\"image\":\"https:\\\/\\\/bobvarela.com\\\/wp-content\\\/flagallery\\\/pablo-erroz-coleccionsymbiosis\\\/webview\\\/pablo_eroz_026.jpg\",\"thumb\":\"https:\\\/\\\/bobvarela.com\\\/wp-content\\\/flagallery\\\/pablo-erroz-coleccionsymbiosis\\\/thumbs\\\/thumbs_pablo_eroz_026.jpg\",\"file\":\"pablo_eroz_026.jpg\",\"meta\":{\"aperture\":false,\"credit\":false,\"camera\":false,\"caption\":\"080 Barcelona Spring-Summer 2016\",\"created_timestamp\":\"July 1, 2015 11:56 am\",\"copyright\":\"\\u00c2\\u00a9 2015 Estrop-Barcelona PHOTOGRAPH FOR EDITORIAL USE ONLY\",\"focal_length\":false,\"iso\":false,\"shutter_speed\":false,\"flash\":false,\"title\":\"080 Barcelona Spring-Summer 2016\",\"keywords\":\"080 Barcelona,Estrop-Barcelona,Spring-Summer 2016\",\"width\":667,\"height\":1000,\"saved\":true,\"thumbnail\":{\"width\":220,\"height\":220,\"ewww_image_optimizer\":\"Reduced by 9.2% (3.0&nbsp;kB)\"},\"webview\":{\"0\":667,\"1\":1000,\"2\":2,\"3\":\"width=\\\"667\\\" height=\\\"1000\\\"\",\"bits\":8,\"channels\":3,\"mime\":\"image\\\/jpeg\",\"ewww_image_optimizer\":\"Reduced by 5.9% (5.0&nbsp;kB) - Previously Optimized\"},\"0\":false,\"ewww_image_optimizer\":\"Reduced by 5.5% (9.7&nbsp;kB)\",\"views\":\"0\",\"likes\":\"0\"},\"title\":\"080 Barcelona Spring-Summer 2016\",\"description\":\"<p>080 Barcelona Spring-Summer 2016<\\\/p>\",\"link\":null,\"link_target\":\"\",\"download\":\"https:\\\/\\\/bobvarela.com\\\/wp-content\\\/flagallery\\\/pablo-erroz-coleccionsymbiosis\\\/pablo_eroz_026.jpg\",\"ratio\":0.6670000000000000373034936274052597582340240478515625},{\"id\":\"20928\",\"image\":\"https:\\\/\\\/bobvarela.com\\\/wp-content\\\/flagallery\\\/pablo-erroz-coleccionsymbiosis\\\/webview\\\/pablo_eroz_027.jpg\",\"thumb\":\"https:\\\/\\\/bobvarela.com\\\/wp-content\\\/flagallery\\\/pablo-erroz-coleccionsymbiosis\\\/thumbs\\\/thumbs_pablo_eroz_027.jpg\",\"file\":\"pablo_eroz_027.jpg\",\"meta\":{\"aperture\":false,\"credit\":false,\"camera\":false,\"caption\":\"080 Barcelona Spring-Summer 2016\",\"created_timestamp\":\"July 1, 2015 11:56 am\",\"copyright\":\"\\u00c2\\u00a9 2015 Estrop-Barcelona PHOTOGRAPH FOR EDITORIAL USE ONLY\",\"focal_length\":false,\"iso\":false,\"shutter_speed\":false,\"flash\":false,\"title\":\"080 Barcelona Spring-Summer 2016\",\"keywords\":\"080 Barcelona,Estrop-Barcelona,Spring-Summer 2016\",\"width\":667,\"height\":1000,\"saved\":true,\"thumbnail\":{\"width\":220,\"height\":220,\"ewww_image_optimizer\":\"Reduced by 10.7% (3.3&nbsp;kB)\"},\"webview\":{\"0\":667,\"1\":1000,\"2\":2,\"3\":\"width=\\\"667\\\" height=\\\"1000\\\"\",\"bits\":8,\"channels\":3,\"mime\":\"image\\\/jpeg\",\"ewww_image_optimizer\":\"Reduced by 5.2% (4.6&nbsp;kB) - Previously Optimized\"},\"0\":false,\"ewww_image_optimizer\":\"Reduced by 5.7% (10.4&nbsp;kB)\",\"views\":\"1\",\"likes\":\"0\"},\"title\":\"080 Barcelona Spring-Summer 2016\",\"description\":\"<p>080 Barcelona Spring-Summer 2016<\\\/p>\",\"link\":null,\"link_target\":\"\",\"download\":\"https:\\\/\\\/bobvarela.com\\\/wp-content\\\/flagallery\\\/pablo-erroz-coleccionsymbiosis\\\/pablo_eroz_027.jpg\",\"ratio\":0.6670000000000000373034936274052597582340240478515625},{\"id\":\"20929\",\"image\":\"https:\\\/\\\/bobvarela.com\\\/wp-content\\\/flagallery\\\/pablo-erroz-coleccionsymbiosis\\\/webview\\\/pablo_eroz_028.jpg\",\"thumb\":\"https:\\\/\\\/bobvarela.com\\\/wp-content\\\/flagallery\\\/pablo-erroz-coleccionsymbiosis\\\/thumbs\\\/thumbs_pablo_eroz_028.jpg\",\"file\":\"pablo_eroz_028.jpg\",\"meta\":{\"aperture\":false,\"credit\":false,\"camera\":false,\"caption\":\"080 Barcelona Spring-Summer 2016\",\"created_timestamp\":\"July 1, 2015 11:57 am\",\"copyright\":\"\\u00c2\\u00a9 2015 Estrop-Barcelona PHOTOGRAPH FOR EDITORIAL USE ONLY\",\"focal_length\":false,\"iso\":false,\"shutter_speed\":false,\"flash\":false,\"title\":\"080 Barcelona Spring-Summer 2016\",\"keywords\":\"080 Barcelona,Estrop-Barcelona,Spring-Summer 2016\",\"width\":667,\"height\":1000,\"saved\":true,\"thumbnail\":{\"width\":220,\"height\":220,\"ewww_image_optimizer\":\"Reduced by 11.3% (3.4&nbsp;kB)\"},\"webview\":{\"0\":667,\"1\":1000,\"2\":2,\"3\":\"width=\\\"667\\\" height=\\\"1000\\\"\",\"bits\":8,\"channels\":3,\"mime\":\"image\\\/jpeg\",\"ewww_image_optimizer\":\"Reduced by 6.8% (4.6&nbsp;kB) - Previously Optimized\"},\"0\":false,\"ewww_image_optimizer\":\"Reduced by 6.6% (9.1&nbsp;kB)\",\"views\":\"1\",\"likes\":\"0\"},\"title\":\"080 Barcelona Spring-Summer 2016\",\"description\":\"<p>080 Barcelona Spring-Summer 2016<\\\/p>\",\"link\":null,\"link_target\":\"\",\"download\":\"https:\\\/\\\/bobvarela.com\\\/wp-content\\\/flagallery\\\/pablo-erroz-coleccionsymbiosis\\\/pablo_eroz_028.jpg\",\"ratio\":0.6670000000000000373034936274052597582340240478515625},{\"id\":\"20930\",\"image\":\"https:\\\/\\\/bobvarela.com\\\/wp-content\\\/flagallery\\\/pablo-erroz-coleccionsymbiosis\\\/webview\\\/pablo_eroz_029.jpg\",\"thumb\":\"https:\\\/\\\/bobvarela.com\\\/wp-content\\\/flagallery\\\/pablo-erroz-coleccionsymbiosis\\\/thumbs\\\/thumbs_pablo_eroz_029.jpg\",\"file\":\"pablo_eroz_029.jpg\",\"meta\":{\"aperture\":false,\"credit\":false,\"camera\":false,\"caption\":\"080 Barcelona Spring-Summer 2016\",\"created_timestamp\":\"July 1, 2015 11:57 am\",\"copyright\":\"\\u00c2\\u00a9 2015 Estrop-Barcelona PHOTOGRAPH FOR EDITORIAL USE ONLY\",\"focal_length\":false,\"iso\":false,\"shutter_speed\":false,\"flash\":false,\"title\":\"080 Barcelona Spring-Summer 2016\",\"keywords\":\"080 Barcelona,Estrop-Barcelona,Spring-Summer 2016\",\"width\":667,\"height\":1000,\"saved\":true,\"thumbnail\":{\"width\":220,\"height\":220,\"ewww_image_optimizer\":\"Reduced by 9.6% (3.1&nbsp;kB)\"},\"webview\":{\"0\":667,\"1\":1000,\"2\":2,\"3\":\"width=\\\"667\\\" height=\\\"1000\\\"\",\"bits\":8,\"channels\":3,\"mime\":\"image\\\/jpeg\",\"ewww_image_optimizer\":\"Reduced by 5.9% (4.7&nbsp;kB) - Previously Optimized\"},\"0\":false,\"ewww_image_optimizer\":\"Reduced by 5.1% (8.4&nbsp;kB)\",\"views\":\"0\",\"likes\":\"0\"},\"title\":\"080 Barcelona Spring-Summer 2016\",\"description\":\"<p>080 Barcelona Spring-Summer 2016<\\\/p>\",\"link\":null,\"link_target\":\"\",\"download\":\"https:\\\/\\\/bobvarela.com\\\/wp-content\\\/flagallery\\\/pablo-erroz-coleccionsymbiosis\\\/pablo_eroz_029.jpg\",\"ratio\":0.6670000000000000373034936274052597582340240478515625},{\"id\":\"20931\",\"image\":\"https:\\\/\\\/bobvarela.com\\\/wp-content\\\/flagallery\\\/pablo-erroz-coleccionsymbiosis\\\/webview\\\/pablo_eroz_030.jpg\",\"thumb\":\"https:\\\/\\\/bobvarela.com\\\/wp-content\\\/flagallery\\\/pablo-erroz-coleccionsymbiosis\\\/thumbs\\\/thumbs_pablo_eroz_030.jpg\",\"file\":\"pablo_eroz_030.jpg\",\"meta\":{\"aperture\":false,\"credit\":false,\"camera\":false,\"caption\":\"080 Barcelona Spring-Summer 2016\",\"created_timestamp\":\"July 1, 2015 11:57 am\",\"copyright\":\"\\u00c2\\u00a9 2015 Estrop-Barcelona PHOTOGRAPH FOR EDITORIAL USE ONLY\",\"focal_length\":false,\"iso\":false,\"shutter_speed\":false,\"flash\":false,\"title\":\"080 Barcelona Spring-Summer 2016\",\"keywords\":\"080 Barcelona,Estrop-Barcelona,Spring-Summer 2016\",\"width\":667,\"height\":1000,\"saved\":true,\"thumbnail\":{\"width\":220,\"height\":220,\"ewww_image_optimizer\":\"Reduced by 8.6% (3.7&nbsp;kB)\"},\"webview\":{\"0\":667,\"1\":1000,\"2\":2,\"3\":\"width=\\\"667\\\" height=\\\"1000\\\"\",\"bits\":8,\"channels\":3,\"mime\":\"image\\\/jpeg\",\"ewww_image_optimizer\":\"Reduced by 4.2% (5.6&nbsp;kB) - Previously Optimized\"},\"0\":false,\"ewww_image_optimizer\":\"Reduced by 3.6% (5.5&nbsp;kB)\",\"views\":\"0\",\"likes\":\"0\"},\"title\":\"080 Barcelona Spring-Summer 2016\",\"description\":\"<p>080 Barcelona Spring-Summer 2016<\\\/p>\",\"link\":null,\"link_target\":\"\",\"download\":\"https:\\\/\\\/bobvarela.com\\\/wp-content\\\/flagallery\\\/pablo-erroz-coleccionsymbiosis\\\/pablo_eroz_030.jpg\",\"ratio\":0.6670000000000000373034936274052597582340240478515625},{\"id\":\"20932\",\"image\":\"https:\\\/\\\/bobvarela.com\\\/wp-content\\\/flagallery\\\/pablo-erroz-coleccionsymbiosis\\\/webview\\\/pablo_eroz_031.jpg\",\"thumb\":\"https:\\\/\\\/bobvarela.com\\\/wp-content\\\/flagallery\\\/pablo-erroz-coleccionsymbiosis\\\/thumbs\\\/thumbs_pablo_eroz_031.jpg\",\"file\":\"pablo_eroz_031.jpg\",\"meta\":{\"aperture\":false,\"credit\":false,\"camera\":false,\"caption\":\"080 Barcelona Spring-Summer 2016\",\"created_timestamp\":\"July 1, 2015 11:57 am\",\"copyright\":\"\\u00c2\\u00a9 2015 Estrop-Barcelona PHOTOGRAPH FOR EDITORIAL USE ONLY\",\"focal_length\":false,\"iso\":false,\"shutter_speed\":false,\"flash\":false,\"title\":\"080 Barcelona Spring-Summer 2016\",\"keywords\":\"080 Barcelona,Estrop-Barcelona,Spring-Summer 2016\",\"width\":667,\"height\":1000,\"saved\":true,\"thumbnail\":{\"width\":220,\"height\":220,\"ewww_image_optimizer\":\"Reduced by 11.9% (4.1&nbsp;kB)\"},\"webview\":{\"0\":667,\"1\":1000,\"2\":2,\"3\":\"width=\\\"667\\\" height=\\\"1000\\\"\",\"bits\":8,\"channels\":3,\"mime\":\"image\\\/jpeg\",\"ewww_image_optimizer\":\"Reduced by 6.3% (5.0&nbsp;kB) - Previously Optimized\"},\"0\":false,\"ewww_image_optimizer\":\"Reduced by 6.6% (10.3&nbsp;kB)\",\"views\":\"0\",\"likes\":\"0\"},\"title\":\"080 Barcelona Spring-Summer 2016\",\"description\":\"<p>080 Barcelona Spring-Summer 2016<\\\/p>\",\"link\":null,\"link_target\":\"\",\"download\":\"https:\\\/\\\/bobvarela.com\\\/wp-content\\\/flagallery\\\/pablo-erroz-coleccionsymbiosis\\\/pablo_eroz_031.jpg\",\"ratio\":0.6670000000000000373034936274052597582340240478515625},{\"id\":\"20933\",\"image\":\"https:\\\/\\\/bobvarela.com\\\/wp-content\\\/flagallery\\\/pablo-erroz-coleccionsymbiosis\\\/webview\\\/pablo_eroz_032.jpg\",\"thumb\":\"https:\\\/\\\/bobvarela.com\\\/wp-content\\\/flagallery\\\/pablo-erroz-coleccionsymbiosis\\\/thumbs\\\/thumbs_pablo_eroz_032.jpg\",\"file\":\"pablo_eroz_032.jpg\",\"meta\":{\"aperture\":false,\"credit\":false,\"camera\":false,\"caption\":\"080 Barcelona Spring-Summer 2016\",\"created_timestamp\":\"July 1, 2015 11:57 am\",\"copyright\":\"\\u00c2\\u00a9 2015 Estrop-Barcelona PHOTOGRAPH FOR EDITORIAL USE ONLY\",\"focal_length\":false,\"iso\":false,\"shutter_speed\":false,\"flash\":false,\"title\":\"080 Barcelona Spring-Summer 2016\",\"keywords\":\"080 Barcelona,Estrop-Barcelona,Spring-Summer 2016\",\"width\":667,\"height\":1000,\"saved\":true,\"thumbnail\":{\"width\":220,\"height\":220,\"ewww_image_optimizer\":\"Reduced by 11.4% (4.0&nbsp;kB)\"},\"webview\":{\"0\":667,\"1\":1000,\"2\":2,\"3\":\"width=\\\"667\\\" height=\\\"1000\\\"\",\"bits\":8,\"channels\":3,\"mime\":\"image\\\/jpeg\",\"ewww_image_optimizer\":\"Reduced by 6.4% (5.9&nbsp;kB) - Previously Optimized\"},\"0\":false,\"ewww_image_optimizer\":\"Reduced by 6.7% (12.1&nbsp;kB)\",\"views\":\"0\",\"likes\":\"0\"},\"title\":\"080 Barcelona Spring-Summer 2016\",\"description\":\"<p>080 Barcelona Spring-Summer 2016<\\\/p>\",\"link\":null,\"link_target\":\"\",\"download\":\"https:\\\/\\\/bobvarela.com\\\/wp-content\\\/flagallery\\\/pablo-erroz-coleccionsymbiosis\\\/pablo_eroz_032.jpg\",\"ratio\":0.6670000000000000373034936274052597582340240478515625},{\"id\":\"20934\",\"image\":\"https:\\\/\\\/bobvarela.com\\\/wp-content\\\/flagallery\\\/pablo-erroz-coleccionsymbiosis\\\/webview\\\/pablo_eroz_033.jpg\",\"thumb\":\"https:\\\/\\\/bobvarela.com\\\/wp-content\\\/flagallery\\\/pablo-erroz-coleccionsymbiosis\\\/thumbs\\\/thumbs_pablo_eroz_033.jpg\",\"file\":\"pablo_eroz_033.jpg\",\"meta\":{\"aperture\":false,\"credit\":false,\"camera\":false,\"caption\":\"080 Barcelona Spring-Summer 2016\",\"created_timestamp\":\"July 1, 2015 12:57 pm\",\"copyright\":\"\\u00c2\\u00a9 2015 Estrop-Barcelona PHOTOGRAPH FOR EDITORIAL USE ONLY\",\"focal_length\":false,\"iso\":false,\"shutter_speed\":false,\"flash\":false,\"title\":\"080 Barcelona Spring-Summer 2016\",\"keywords\":\"080 Barcelona,Estrop-Barcelona,Spring-Summer 2016\",\"width\":667,\"height\":1000,\"saved\":true,\"thumbnail\":{\"width\":220,\"height\":220,\"ewww_image_optimizer\":\"Reduced by 8.0% (3.0&nbsp;kB)\"},\"webview\":{\"0\":667,\"1\":1000,\"2\":2,\"3\":\"width=\\\"667\\\" height=\\\"1000\\\"\",\"bits\":8,\"channels\":3,\"mime\":\"image\\\/jpeg\",\"ewww_image_optimizer\":\"Reduced by 6.6% (7.7&nbsp;kB) - Previously Optimized\"},\"0\":false,\"ewww_image_optimizer\":\"Reduced by 4.1% (6.6&nbsp;kB)\",\"views\":\"0\",\"likes\":\"0\"},\"title\":\"080 Barcelona Spring-Summer 2016\",\"description\":\"<p>080 Barcelona Spring-Summer 2016<\\\/p>\",\"link\":null,\"link_target\":\"\",\"download\":\"https:\\\/\\\/bobvarela.com\\\/wp-content\\\/flagallery\\\/pablo-erroz-coleccionsymbiosis\\\/pablo_eroz_033.jpg\",\"ratio\":0.6670000000000000373034936274052597582340240478515625},{\"id\":\"20935\",\"image\":\"https:\\\/\\\/bobvarela.com\\\/wp-content\\\/flagallery\\\/pablo-erroz-coleccionsymbiosis\\\/webview\\\/pablo_eroz_034.jpg\",\"thumb\":\"https:\\\/\\\/bobvarela.com\\\/wp-content\\\/flagallery\\\/pablo-erroz-coleccionsymbiosis\\\/thumbs\\\/thumbs_pablo_eroz_034.jpg\",\"file\":\"pablo_eroz_034.jpg\",\"meta\":{\"aperture\":false,\"credit\":false,\"camera\":false,\"caption\":\"080 Barcelona Spring-Summer 2016\",\"created_timestamp\":\"July 1, 2015 11:57 am\",\"copyright\":\"\\u00c2\\u00a9 2015 Estrop-Barcelona PHOTOGRAPH FOR EDITORIAL USE ONLY\",\"focal_length\":false,\"iso\":false,\"shutter_speed\":false,\"flash\":false,\"title\":\"080 Barcelona Spring-Summer 2016\",\"keywords\":\"080 Barcelona,Estrop-Barcelona,Spring-Summer 2016\",\"width\":667,\"height\":1000,\"saved\":true,\"thumbnail\":{\"width\":220,\"height\":220,\"ewww_image_optimizer\":\"Reduced by 13.1% (4.3&nbsp;kB)\"},\"webview\":{\"0\":667,\"1\":1000,\"2\":2,\"3\":\"width=\\\"667\\\" height=\\\"1000\\\"\",\"bits\":8,\"channels\":3,\"mime\":\"image\\\/jpeg\",\"ewww_image_optimizer\":\"Reduced by 6.8% (5.2&nbsp;kB) - Previously Optimized\"},\"0\":false,\"ewww_image_optimizer\":\"Reduced by 7.1% (10.6&nbsp;kB)\",\"views\":\"0\",\"likes\":\"0\"},\"title\":\"080 Barcelona Spring-Summer 2016\",\"description\":\"<p>080 Barcelona Spring-Summer 2016<\\\/p>\",\"link\":null,\"link_target\":\"\",\"download\":\"https:\\\/\\\/bobvarela.com\\\/wp-content\\\/flagallery\\\/pablo-erroz-coleccionsymbiosis\\\/pablo_eroz_034.jpg\",\"ratio\":0.6670000000000000373034936274052597582340240478515625},{\"id\":\"20936\",\"image\":\"https:\\\/\\\/bobvarela.com\\\/wp-content\\\/flagallery\\\/pablo-erroz-coleccionsymbiosis\\\/webview\\\/pablo_eroz_035.jpg\",\"thumb\":\"https:\\\/\\\/bobvarela.com\\\/wp-content\\\/flagallery\\\/pablo-erroz-coleccionsymbiosis\\\/thumbs\\\/thumbs_pablo_eroz_035.jpg\",\"file\":\"pablo_eroz_035.jpg\",\"meta\":{\"aperture\":false,\"credit\":false,\"camera\":false,\"caption\":\"080 Barcelona Spring-Summer 2016\",\"created_timestamp\":\"July 1, 2015 11:57 am\",\"copyright\":\"\\u00c2\\u00a9 2015 Estrop-Barcelona PHOTOGRAPH FOR EDITORIAL USE ONLY\",\"focal_length\":false,\"iso\":false,\"shutter_speed\":false,\"flash\":false,\"title\":\"080 Barcelona Spring-Summer 2016\",\"keywords\":\"080 Barcelona,Estrop-Barcelona,Spring-Summer 2016\",\"width\":667,\"height\":1000,\"saved\":true,\"thumbnail\":{\"width\":220,\"height\":220,\"ewww_image_optimizer\":\"Reduced by 12.3% (5.0&nbsp;kB)\"},\"webview\":{\"0\":667,\"1\":1000,\"2\":2,\"3\":\"width=\\\"667\\\" height=\\\"1000\\\"\",\"bits\":8,\"channels\":3,\"mime\":\"image\\\/jpeg\",\"ewww_image_optimizer\":\"Reduced by 4.9% (5.1&nbsp;kB) - Previously Optimized\"},\"0\":false,\"ewww_image_optimizer\":\"Reduced by 5.9% (11.6&nbsp;kB)\",\"views\":\"0\",\"likes\":\"0\"},\"title\":\"080 Barcelona Spring-Summer 2016\",\"description\":\"<p>080 Barcelona Spring-Summer 2016<\\\/p>\",\"link\":null,\"link_target\":\"\",\"download\":\"https:\\\/\\\/bobvarela.com\\\/wp-content\\\/flagallery\\\/pablo-erroz-coleccionsymbiosis\\\/pablo_eroz_035.jpg\",\"ratio\":0.6670000000000000373034936274052597582340240478515625},{\"id\":\"20937\",\"image\":\"https:\\\/\\\/bobvarela.com\\\/wp-content\\\/flagallery\\\/pablo-erroz-coleccionsymbiosis\\\/webview\\\/pablo_eroz_036.jpg\",\"thumb\":\"https:\\\/\\\/bobvarela.com\\\/wp-content\\\/flagallery\\\/pablo-erroz-coleccionsymbiosis\\\/thumbs\\\/thumbs_pablo_eroz_036.jpg\",\"file\":\"pablo_eroz_036.jpg\",\"meta\":{\"aperture\":false,\"credit\":false,\"camera\":false,\"caption\":\"080 Barcelona Spring-Summer 2016\",\"created_timestamp\":\"July 1, 2015 11:58 am\",\"copyright\":\"\\u00c2\\u00a9 2015 Estrop-Barcelona PHOTOGRAPH FOR EDITORIAL USE ONLY\",\"focal_length\":false,\"iso\":false,\"shutter_speed\":false,\"flash\":false,\"title\":\"080 Barcelona Spring-Summer 2016\",\"keywords\":\"080 Barcelona,Estrop-Barcelona,Spring-Summer 2016\",\"width\":667,\"height\":1000,\"saved\":true,\"thumbnail\":{\"width\":220,\"height\":220,\"ewww_image_optimizer\":\"Reduced by 11.6% (5.4&nbsp;kB)\"},\"webview\":{\"0\":667,\"1\":1000,\"2\":2,\"3\":\"width=\\\"667\\\" height=\\\"1000\\\"\",\"bits\":8,\"channels\":3,\"mime\":\"image\\\/jpeg\",\"ewww_image_optimizer\":\"Reduced by 3.6% (5.1&nbsp;kB) - Previously Optimized\"},\"0\":false,\"ewww_image_optimizer\":\"Reduced by 4.5% (7.4&nbsp;kB)\",\"views\":\"0\",\"likes\":\"0\"},\"title\":\"080 Barcelona Spring-Summer 2016\",\"description\":\"<p>080 Barcelona Spring-Summer 2016<\\\/p>\",\"link\":null,\"link_target\":\"\",\"download\":\"https:\\\/\\\/bobvarela.com\\\/wp-content\\\/flagallery\\\/pablo-erroz-coleccionsymbiosis\\\/pablo_eroz_036.jpg\",\"ratio\":0.6670000000000000373034936274052597582340240478515625},{\"id\":\"20938\",\"image\":\"https:\\\/\\\/bobvarela.com\\\/wp-content\\\/flagallery\\\/pablo-erroz-coleccionsymbiosis\\\/webview\\\/pablo_eroz_037.jpg\",\"thumb\":\"https:\\\/\\\/bobvarela.com\\\/wp-content\\\/flagallery\\\/pablo-erroz-coleccionsymbiosis\\\/thumbs\\\/thumbs_pablo_eroz_037.jpg\",\"file\":\"pablo_eroz_037.jpg\",\"meta\":{\"aperture\":false,\"credit\":false,\"camera\":false,\"caption\":\"080 Barcelona Spring-Summer 2016\",\"created_timestamp\":\"July 1, 2015 12:57 pm\",\"copyright\":\"\\u00c2\\u00a9 2015 Estrop-Barcelona PHOTOGRAPH FOR EDITORIAL USE ONLY\",\"focal_length\":false,\"iso\":false,\"shutter_speed\":false,\"flash\":false,\"title\":\"080 Barcelona Spring-Summer 2016\",\"keywords\":\"080 Barcelona,Estrop-Barcelona,Spring-Summer 2016\",\"width\":667,\"height\":1000,\"saved\":true,\"thumbnail\":{\"width\":220,\"height\":220,\"ewww_image_optimizer\":\"Reduced by 9.1% (3.2&nbsp;kB)\"},\"webview\":{\"0\":667,\"1\":1000,\"2\":2,\"3\":\"width=\\\"667\\\" height=\\\"1000\\\"\",\"bits\":8,\"channels\":3,\"mime\":\"image\\\/jpeg\",\"ewww_image_optimizer\":\"Reduced by 6.8% (7.1&nbsp;kB) - Previously Optimized\"},\"0\":false,\"ewww_image_optimizer\":\"Reduced by 4.5% (6.5&nbsp;kB)\",\"views\":\"1\",\"likes\":\"0\"},\"title\":\"080 Barcelona Spring-Summer 2016\",\"description\":\"<p>080 Barcelona Spring-Summer 2016<\\\/p>\",\"link\":null,\"link_target\":\"\",\"download\":\"https:\\\/\\\/bobvarela.com\\\/wp-content\\\/flagallery\\\/pablo-erroz-coleccionsymbiosis\\\/pablo_eroz_037.jpg\",\"ratio\":0.6670000000000000373034936274052597582340240478515625},{\"id\":\"20939\",\"image\":\"https:\\\/\\\/bobvarela.com\\\/wp-content\\\/flagallery\\\/pablo-erroz-coleccionsymbiosis\\\/webview\\\/pablo_eroz_038.jpg\",\"thumb\":\"https:\\\/\\\/bobvarela.com\\\/wp-content\\\/flagallery\\\/pablo-erroz-coleccionsymbiosis\\\/thumbs\\\/thumbs_pablo_eroz_038.jpg\",\"file\":\"pablo_eroz_038.jpg\",\"meta\":{\"aperture\":false,\"credit\":false,\"camera\":false,\"caption\":\"080 Barcelona Spring-Summer 2016\",\"created_timestamp\":\"July 1, 2015 11:58 am\",\"copyright\":\"\\u00c2\\u00a9 2015 Estrop-Barcelona PHOTOGRAPH FOR EDITORIAL USE ONLY\",\"focal_length\":false,\"iso\":false,\"shutter_speed\":false,\"flash\":false,\"title\":\"080 Barcelona Spring-Summer 2016\",\"keywords\":\"080 Barcelona,Estrop-Barcelona,Spring-Summer 2016\",\"width\":667,\"height\":1000,\"saved\":true,\"thumbnail\":{\"width\":220,\"height\":220,\"ewww_image_optimizer\":\"Reduced by 11.2% (3.3&nbsp;kB)\"},\"webview\":{\"0\":667,\"1\":1000,\"2\":2,\"3\":\"width=\\\"667\\\" height=\\\"1000\\\"\",\"bits\":8,\"channels\":3,\"mime\":\"image\\\/jpeg\",\"ewww_image_optimizer\":\"Reduced by 5.1% (3.0&nbsp;kB) - Previously Optimized\"},\"0\":false,\"ewww_image_optimizer\":\"Reduced by 9.0% (17.8&nbsp;kB)\",\"views\":\"0\",\"likes\":\"0\"},\"title\":\"080 Barcelona Spring-Summer 2016\",\"description\":\"<p>080 Barcelona Spring-Summer 2016<\\\/p>\",\"link\":null,\"link_target\":\"\",\"download\":\"https:\\\/\\\/bobvarela.com\\\/wp-content\\\/flagallery\\\/pablo-erroz-coleccionsymbiosis\\\/pablo_eroz_038.jpg\",\"ratio\":0.6670000000000000373034936274052597582340240478515625},{\"id\":\"20940\",\"image\":\"https:\\\/\\\/bobvarela.com\\\/wp-content\\\/flagallery\\\/pablo-erroz-coleccionsymbiosis\\\/webview\\\/pablo_eroz_039.jpg\",\"thumb\":\"https:\\\/\\\/bobvarela.com\\\/wp-content\\\/flagallery\\\/pablo-erroz-coleccionsymbiosis\\\/thumbs\\\/thumbs_pablo_eroz_039.jpg\",\"file\":\"pablo_eroz_039.jpg\",\"meta\":{\"aperture\":false,\"credit\":false,\"camera\":false,\"caption\":\"080 Barcelona Spring-Summer 2016\",\"created_timestamp\":\"July 1, 2015 11:58 am\",\"copyright\":\"\\u00c2\\u00a9 2015 Estrop-Barcelona PHOTOGRAPH FOR EDITORIAL USE ONLY\",\"focal_length\":false,\"iso\":false,\"shutter_speed\":false,\"flash\":false,\"title\":\"080 Barcelona Spring-Summer 2016\",\"keywords\":\"080 Barcelona,Estrop-Barcelona,Spring-Summer 2016\",\"width\":667,\"height\":1000,\"saved\":true,\"thumbnail\":{\"width\":220,\"height\":220,\"ewww_image_optimizer\":\"Reduced by 10.3% (3.6&nbsp;kB)\"},\"webview\":{\"0\":667,\"1\":1000,\"2\":2,\"3\":\"width=\\\"667\\\" height=\\\"1000\\\"\",\"bits\":8,\"channels\":3,\"mime\":\"image\\\/jpeg\",\"ewww_image_optimizer\":\"Reduced by 4.1% (3.4&nbsp;kB) - Previously Optimized\"},\"0\":false,\"ewww_image_optimizer\":\"Reduced by 4.5% (7.5&nbsp;kB)\",\"views\":\"0\",\"likes\":\"0\"},\"title\":\"080 Barcelona Spring-Summer 2016\",\"description\":\"<p>080 Barcelona Spring-Summer 2016<\\\/p>\",\"link\":null,\"link_target\":\"\",\"download\":\"https:\\\/\\\/bobvarela.com\\\/wp-content\\\/flagallery\\\/pablo-erroz-coleccionsymbiosis\\\/pablo_eroz_039.jpg\",\"ratio\":0.6670000000000000373034936274052597582340240478515625},{\"id\":\"20941\",\"image\":\"https:\\\/\\\/bobvarela.com\\\/wp-content\\\/flagallery\\\/pablo-erroz-coleccionsymbiosis\\\/webview\\\/pablo_eroz_040.jpg\",\"thumb\":\"https:\\\/\\\/bobvarela.com\\\/wp-content\\\/flagallery\\\/pablo-erroz-coleccionsymbiosis\\\/thumbs\\\/thumbs_pablo_eroz_040.jpg\",\"file\":\"pablo_eroz_040.jpg\",\"meta\":{\"aperture\":false,\"credit\":false,\"camera\":false,\"caption\":\"080 Barcelona Spring-Summer 2016\",\"created_timestamp\":\"July 1, 2015 12:58 pm\",\"copyright\":\"\\u00c2\\u00a9 2015 Estrop-Barcelona PHOTOGRAPH FOR EDITORIAL USE ONLY\",\"focal_length\":false,\"iso\":false,\"shutter_speed\":false,\"flash\":false,\"title\":\"080 Barcelona Spring-Summer 2016\",\"keywords\":\"080 Barcelona,Estrop-Barcelona,Spring-Summer 2016\",\"width\":667,\"height\":1000,\"saved\":true,\"thumbnail\":{\"width\":220,\"height\":220,\"ewww_image_optimizer\":\"Reduced by 8.4% (3.3&nbsp;kB)\"},\"webview\":{\"0\":667,\"1\":1000,\"2\":2,\"3\":\"width=\\\"667\\\" height=\\\"1000\\\"\",\"bits\":8,\"channels\":3,\"mime\":\"image\\\/jpeg\",\"ewww_image_optimizer\":\"Reduced by 5.7% (7.4&nbsp;kB) - Previously Optimized\"},\"0\":false,\"ewww_image_optimizer\":\"Reduced by 3.3% (6.0&nbsp;kB)\",\"views\":\"0\",\"likes\":\"0\"},\"title\":\"080 Barcelona Spring-Summer 2016\",\"description\":\"<p>080 Barcelona Spring-Summer 2016<\\\/p>\",\"link\":null,\"link_target\":\"\",\"download\":\"https:\\\/\\\/bobvarela.com\\\/wp-content\\\/flagallery\\\/pablo-erroz-coleccionsymbiosis\\\/pablo_eroz_040.jpg\",\"ratio\":0.6670000000000000373034936274052597582340240478515625},{\"id\":\"20942\",\"image\":\"https:\\\/\\\/bobvarela.com\\\/wp-content\\\/flagallery\\\/pablo-erroz-coleccionsymbiosis\\\/webview\\\/pablo_eroz_041.jpg\",\"thumb\":\"https:\\\/\\\/bobvarela.com\\\/wp-content\\\/flagallery\\\/pablo-erroz-coleccionsymbiosis\\\/thumbs\\\/thumbs_pablo_eroz_041.jpg\",\"file\":\"pablo_eroz_041.jpg\",\"meta\":{\"aperture\":false,\"credit\":false,\"camera\":false,\"caption\":\"080 Barcelona Spring-Summer 2016\",\"created_timestamp\":\"July 1, 2015 11:58 am\",\"copyright\":\"\\u00c2\\u00a9 2015 Estrop-Barcelona PHOTOGRAPH FOR EDITORIAL USE ONLY\",\"focal_length\":false,\"iso\":false,\"shutter_speed\":false,\"flash\":false,\"title\":\"080 Barcelona Spring-Summer 2016\",\"keywords\":\"080 Barcelona,Estrop-Barcelona,Spring-Summer 2016\",\"width\":667,\"height\":1000,\"saved\":true,\"thumbnail\":{\"width\":220,\"height\":220,\"ewww_image_optimizer\":\"Reduced by 10.9% (3.1&nbsp;kB)\"},\"webview\":{\"0\":667,\"1\":1000,\"2\":2,\"3\":\"width=\\\"667\\\" height=\\\"1000\\\"\",\"bits\":8,\"channels\":3,\"mime\":\"image\\\/jpeg\",\"ewww_image_optimizer\":\"Reduced by 6.3% (4.4&nbsp;kB) - Previously Optimized\"},\"0\":false,\"ewww_image_optimizer\":\"Reduced by 6.6% (9.0&nbsp;kB)\",\"views\":\"0\",\"likes\":\"0\"},\"title\":\"080 Barcelona Spring-Summer 2016\",\"description\":\"<p>080 Barcelona Spring-Summer 2016<\\\/p>\",\"link\":null,\"link_target\":\"\",\"download\":\"https:\\\/\\\/bobvarela.com\\\/wp-content\\\/flagallery\\\/pablo-erroz-coleccionsymbiosis\\\/pablo_eroz_041.jpg\",\"ratio\":0.6670000000000000373034936274052597582340240478515625},{\"id\":\"20943\",\"image\":\"https:\\\/\\\/bobvarela.com\\\/wp-content\\\/flagallery\\\/pablo-erroz-coleccionsymbiosis\\\/webview\\\/pablo_eroz_042.jpg\",\"thumb\":\"https:\\\/\\\/bobvarela.com\\\/wp-content\\\/flagallery\\\/pablo-erroz-coleccionsymbiosis\\\/thumbs\\\/thumbs_pablo_eroz_042.jpg\",\"file\":\"pablo_eroz_042.jpg\",\"meta\":{\"aperture\":false,\"credit\":false,\"camera\":false,\"caption\":\"080 Barcelona Spring-Summer 2016\",\"created_timestamp\":\"July 1, 2015 11:58 am\",\"copyright\":\"\\u00c2\\u00a9 2015 Estrop-Barcelona PHOTOGRAPH FOR EDITORIAL USE ONLY\",\"focal_length\":false,\"iso\":false,\"shutter_speed\":false,\"flash\":false,\"title\":\"080 Barcelona Spring-Summer 2016\",\"keywords\":\"080 Barcelona,Estrop-Barcelona,Spring-Summer 2016\",\"width\":667,\"height\":1000,\"saved\":true,\"thumbnail\":{\"width\":220,\"height\":220,\"ewww_image_optimizer\":\"Reduced by 10.0% (3.3&nbsp;kB)\"},\"webview\":{\"0\":667,\"1\":1000,\"2\":2,\"3\":\"width=\\\"667\\\" height=\\\"1000\\\"\",\"bits\":8,\"channels\":3,\"mime\":\"image\\\/jpeg\",\"ewww_image_optimizer\":\"Reduced by 4.2% (4.1&nbsp;kB) - Previously Optimized\"},\"0\":false,\"ewww_image_optimizer\":\"Reduced by 5.2% (9.7&nbsp;kB)\",\"views\":\"0\",\"likes\":\"0\"},\"title\":\"080 Barcelona Spring-Summer 2016\",\"description\":\"<p>080 Barcelona Spring-Summer 2016<\\\/p>\",\"link\":null,\"link_target\":\"\",\"download\":\"https:\\\/\\\/bobvarela.com\\\/wp-content\\\/flagallery\\\/pablo-erroz-coleccionsymbiosis\\\/pablo_eroz_042.jpg\",\"ratio\":0.6670000000000000373034936274052597582340240478515625},{\"id\":\"20944\",\"image\":\"https:\\\/\\\/bobvarela.com\\\/wp-content\\\/flagallery\\\/pablo-erroz-coleccionsymbiosis\\\/webview\\\/pablo_eroz_043.jpg\",\"thumb\":\"https:\\\/\\\/bobvarela.com\\\/wp-content\\\/flagallery\\\/pablo-erroz-coleccionsymbiosis\\\/thumbs\\\/thumbs_pablo_eroz_043.jpg\",\"file\":\"pablo_eroz_043.jpg\",\"meta\":{\"aperture\":false,\"credit\":false,\"camera\":false,\"caption\":\"080 Barcelona Spring-Summer 2016\",\"created_timestamp\":\"July 1, 2015 11:58 am\",\"copyright\":\"\\u00c2\\u00a9 2015 Estrop-Barcelona PHOTOGRAPH FOR EDITORIAL USE ONLY\",\"focal_length\":false,\"iso\":false,\"shutter_speed\":false,\"flash\":false,\"title\":\"080 Barcelona Spring-Summer 2016\",\"keywords\":\"080 Barcelona,Estrop-Barcelona,Spring-Summer 2016\",\"width\":667,\"height\":1000,\"saved\":true,\"thumbnail\":{\"width\":220,\"height\":220,\"ewww_image_optimizer\":\"Reduced by 11.0% (3.2&nbsp;kB)\"},\"webview\":{\"0\":667,\"1\":1000,\"2\":2,\"3\":\"width=\\\"667\\\" height=\\\"1000\\\"\",\"bits\":8,\"channels\":3,\"mime\":\"image\\\/jpeg\",\"ewww_image_optimizer\":\"Reduced by 5.0% (4.6&nbsp;kB) - Previously Optimized\"},\"0\":false,\"ewww_image_optimizer\":\"Reduced by 5.7% (9.7&nbsp;kB)\",\"views\":\"1\",\"likes\":\"0\"},\"title\":\"080 Barcelona Spring-Summer 2016\",\"description\":\"<p>080 Barcelona Spring-Summer 2016<\\\/p>\",\"link\":null,\"link_target\":\"\",\"download\":\"https:\\\/\\\/bobvarela.com\\\/wp-content\\\/flagallery\\\/pablo-erroz-coleccionsymbiosis\\\/pablo_eroz_043.jpg\",\"ratio\":0.6670000000000000373034936274052597582340240478515625},{\"id\":\"20945\",\"image\":\"https:\\\/\\\/bobvarela.com\\\/wp-content\\\/flagallery\\\/pablo-erroz-coleccionsymbiosis\\\/webview\\\/pablo_eroz_044.jpg\",\"thumb\":\"https:\\\/\\\/bobvarela.com\\\/wp-content\\\/flagallery\\\/pablo-erroz-coleccionsymbiosis\\\/thumbs\\\/thumbs_pablo_eroz_044.jpg\",\"file\":\"pablo_eroz_044.jpg\",\"meta\":{\"aperture\":false,\"credit\":false,\"camera\":false,\"caption\":\"080 Barcelona Spring-Summer 2016\",\"created_timestamp\":\"July 1, 2015 11:58 am\",\"copyright\":\"\\u00c2\\u00a9 2015 Estrop-Barcelona PHOTOGRAPH FOR EDITORIAL USE ONLY\",\"focal_length\":false,\"iso\":false,\"shutter_speed\":false,\"flash\":false,\"title\":\"080 Barcelona Spring-Summer 2016\",\"keywords\":\"080 Barcelona,Estrop-Barcelona,Spring-Summer 2016\",\"width\":667,\"height\":1000,\"saved\":true,\"thumbnail\":{\"width\":220,\"height\":220,\"ewww_image_optimizer\":\"Reduced by 10.9% (3.2&nbsp;kB)\"},\"webview\":{\"0\":667,\"1\":1000,\"2\":2,\"3\":\"width=\\\"667\\\" height=\\\"1000\\\"\",\"bits\":8,\"channels\":3,\"mime\":\"image\\\/jpeg\",\"ewww_image_optimizer\":\"Reduced by 6.0% (4.5&nbsp;kB) - Previously Optimized\"},\"0\":false,\"ewww_image_optimizer\":\"Reduced by 5.7% (8.6&nbsp;kB)\",\"views\":\"0\",\"likes\":\"0\"},\"title\":\"080 Barcelona Spring-Summer 2016\",\"description\":\"<p>080 Barcelona Spring-Summer 2016<\\\/p>\",\"link\":null,\"link_target\":\"\",\"download\":\"https:\\\/\\\/bobvarela.com\\\/wp-content\\\/flagallery\\\/pablo-erroz-coleccionsymbiosis\\\/pablo_eroz_044.jpg\",\"ratio\":0.6670000000000000373034936274052597582340240478515625},{\"id\":\"20946\",\"image\":\"https:\\\/\\\/bobvarela.com\\\/wp-content\\\/flagallery\\\/pablo-erroz-coleccionsymbiosis\\\/webview\\\/pablo_eroz_045.jpg\",\"thumb\":\"https:\\\/\\\/bobvarela.com\\\/wp-content\\\/flagallery\\\/pablo-erroz-coleccionsymbiosis\\\/thumbs\\\/thumbs_pablo_eroz_045.jpg\",\"file\":\"pablo_eroz_045.jpg\",\"meta\":{\"aperture\":false,\"credit\":false,\"camera\":false,\"caption\":\"080 Barcelona Spring-Summer 2016\",\"created_timestamp\":\"July 1, 2015 11:59 am\",\"copyright\":\"\\u00c2\\u00a9 2015 Estrop-Barcelona PHOTOGRAPH FOR EDITORIAL USE ONLY\",\"focal_length\":false,\"iso\":false,\"shutter_speed\":false,\"flash\":false,\"title\":\"080 Barcelona Spring-Summer 2016\",\"keywords\":\"080 Barcelona,Estrop-Barcelona,Spring-Summer 2016\",\"width\":667,\"height\":1000,\"saved\":true,\"thumbnail\":{\"width\":220,\"height\":220,\"ewww_image_optimizer\":\"Reduced by 10.9% (4.3&nbsp;kB)\"},\"webview\":{\"0\":667,\"1\":1000,\"2\":2,\"3\":\"width=\\\"667\\\" height=\\\"1000\\\"\",\"bits\":8,\"channels\":3,\"mime\":\"image\\\/jpeg\",\"ewww_image_optimizer\":\"Reduced by 3.9% (5.3&nbsp;kB) - Previously Optimized\"},\"0\":false,\"ewww_image_optimizer\":\"Reduced by 2.7% (5.1&nbsp;kB)\",\"views\":\"0\",\"likes\":\"0\"},\"title\":\"080 Barcelona Spring-Summer 2016\",\"description\":\"<p>080 Barcelona Spring-Summer 2016<\\\/p>\",\"link\":null,\"link_target\":\"\",\"download\":\"https:\\\/\\\/bobvarela.com\\\/wp-content\\\/flagallery\\\/pablo-erroz-coleccionsymbiosis\\\/pablo_eroz_045.jpg\",\"ratio\":0.6670000000000000373034936274052597582340240478515625},{\"id\":\"20947\",\"image\":\"https:\\\/\\\/bobvarela.com\\\/wp-content\\\/flagallery\\\/pablo-erroz-coleccionsymbiosis\\\/webview\\\/pablo_eroz_046.jpg\",\"thumb\":\"https:\\\/\\\/bobvarela.com\\\/wp-content\\\/flagallery\\\/pablo-erroz-coleccionsymbiosis\\\/thumbs\\\/thumbs_pablo_eroz_046.jpg\",\"file\":\"pablo_eroz_046.jpg\",\"meta\":{\"aperture\":false,\"credit\":false,\"camera\":false,\"caption\":\"080 Barcelona Spring-Summer 2016\",\"created_timestamp\":\"July 1, 2015 11:59 am\",\"copyright\":\"\\u00c2\\u00a9 2015 Estrop-Barcelona PHOTOGRAPH FOR EDITORIAL USE ONLY\",\"focal_length\":false,\"iso\":false,\"shutter_speed\":false,\"flash\":false,\"title\":\"080 Barcelona Spring-Summer 2016\",\"keywords\":\"080 Barcelona,Estrop-Barcelona,Spring-Summer 2016\",\"width\":667,\"height\":1000,\"saved\":true,\"thumbnail\":{\"width\":220,\"height\":220,\"ewww_image_optimizer\":\"Reduced by 11.4% (5.7&nbsp;kB)\"},\"webview\":{\"0\":667,\"1\":1000,\"2\":2,\"3\":\"width=\\\"667\\\" height=\\\"1000\\\"\",\"bits\":8,\"channels\":3,\"mime\":\"image\\\/jpeg\",\"ewww_image_optimizer\":\"Reduced by 8.0% (14.0&nbsp;kB)\"},\"0\":false,\"ewww_image_optimizer\":\"Reduced by 8.0% (14.0&nbsp;kB)\",\"views\":\"0\",\"likes\":\"0\"},\"title\":\"080 Barcelona Spring-Summer 2016\",\"description\":\"<p>080 Barcelona Spring-Summer 2016<\\\/p>\",\"link\":null,\"link_target\":\"\",\"download\":\"https:\\\/\\\/bobvarela.com\\\/wp-content\\\/flagallery\\\/pablo-erroz-coleccionsymbiosis\\\/pablo_eroz_046.jpg\",\"ratio\":0.6670000000000000373034936274052597582340240478515625},{\"id\":\"20948\",\"image\":\"https:\\\/\\\/bobvarela.com\\\/wp-content\\\/flagallery\\\/pablo-erroz-coleccionsymbiosis\\\/webview\\\/pablo_eroz_047.jpg\",\"thumb\":\"https:\\\/\\\/bobvarela.com\\\/wp-content\\\/flagallery\\\/pablo-erroz-coleccionsymbiosis\\\/thumbs\\\/thumbs_pablo_eroz_047.jpg\",\"file\":\"pablo_eroz_047.jpg\",\"meta\":{\"aperture\":false,\"credit\":false,\"camera\":false,\"caption\":\"080 Barcelona Spring-Summer 2016\",\"created_timestamp\":\"July 1, 2015 11:59 am\",\"copyright\":\"\\u00c2\\u00a9 2015 Estrop-Barcelona PHOTOGRAPH FOR EDITORIAL USE ONLY\",\"focal_length\":false,\"iso\":false,\"shutter_speed\":false,\"flash\":false,\"title\":\"080 Barcelona Spring-Summer 2016\",\"keywords\":\"080 Barcelona,Estrop-Barcelona,Spring-Summer 2016\",\"width\":667,\"height\":1000,\"saved\":true,\"thumbnail\":{\"width\":220,\"height\":220,\"ewww_image_optimizer\":\"Reduced by 15.7% (5.2&nbsp;kB)\"},\"webview\":{\"0\":667,\"1\":1000,\"2\":2,\"3\":\"width=\\\"667\\\" height=\\\"1000\\\"\",\"bits\":8,\"channels\":3,\"mime\":\"image\\\/jpeg\",\"ewww_image_optimizer\":\"Reduced by 7.6% (6.9&nbsp;kB) - Previously Optimized\"},\"0\":false,\"ewww_image_optimizer\":\"Reduced by 8.6% (15.1&nbsp;kB)\",\"views\":\"0\",\"likes\":\"0\"},\"title\":\"080 Barcelona Spring-Summer 2016\",\"description\":\"<p>080 Barcelona Spring-Summer 2016<\\\/p>\",\"link\":null,\"link_target\":\"\",\"download\":\"https:\\\/\\\/bobvarela.com\\\/wp-content\\\/flagallery\\\/pablo-erroz-coleccionsymbiosis\\\/pablo_eroz_047.jpg\",\"ratio\":0.6670000000000000373034936274052597582340240478515625},{\"id\":\"20949\",\"image\":\"https:\\\/\\\/bobvarela.com\\\/wp-content\\\/flagallery\\\/pablo-erroz-coleccionsymbiosis\\\/webview\\\/pablo_eroz_048.jpg\",\"thumb\":\"https:\\\/\\\/bobvarela.com\\\/wp-content\\\/flagallery\\\/pablo-erroz-coleccionsymbiosis\\\/thumbs\\\/thumbs_pablo_eroz_048.jpg\",\"file\":\"pablo_eroz_048.jpg\",\"meta\":{\"aperture\":false,\"credit\":false,\"camera\":false,\"caption\":\"080 Barcelona Spring-Summer 2016\",\"created_timestamp\":\"July 1, 2015 11:59 am\",\"copyright\":\"\\u00c2\\u00a9 2015 Estrop-Barcelona PHOTOGRAPH FOR EDITORIAL USE ONLY\",\"focal_length\":false,\"iso\":false,\"shutter_speed\":false,\"flash\":false,\"title\":\"080 Barcelona Spring-Summer 2016\",\"keywords\":\"080 Barcelona,Estrop-Barcelona,Spring-Summer 2016\",\"width\":667,\"height\":1000,\"saved\":true,\"thumbnail\":{\"width\":220,\"height\":220,\"ewww_image_optimizer\":\"Reduced by 16.3% (7.2&nbsp;kB)\"},\"webview\":{\"0\":667,\"1\":1000,\"2\":2,\"3\":\"width=\\\"667\\\" height=\\\"1000\\\"\",\"bits\":8,\"channels\":3,\"mime\":\"image\\\/jpeg\",\"ewww_image_optimizer\":\"Reduced by 5.8% (8.0&nbsp;kB) - Previously Optimized\"},\"0\":false,\"ewww_image_optimizer\":\"Reduced by 7.2% (12.5&nbsp;kB)\",\"views\":\"0\",\"likes\":\"0\"},\"title\":\"080 Barcelona Spring-Summer 2016\",\"description\":\"<p>080 Barcelona Spring-Summer 2016<\\\/p>\",\"link\":null,\"link_target\":\"\",\"download\":\"https:\\\/\\\/bobvarela.com\\\/wp-content\\\/flagallery\\\/pablo-erroz-coleccionsymbiosis\\\/pablo_eroz_048.jpg\",\"ratio\":0.6670000000000000373034936274052597582340240478515625},{\"id\":\"20950\",\"image\":\"https:\\\/\\\/bobvarela.com\\\/wp-content\\\/flagallery\\\/pablo-erroz-coleccionsymbiosis\\\/webview\\\/pablo_eroz_049.jpg\",\"thumb\":\"https:\\\/\\\/bobvarela.com\\\/wp-content\\\/flagallery\\\/pablo-erroz-coleccionsymbiosis\\\/thumbs\\\/thumbs_pablo_eroz_049.jpg\",\"file\":\"pablo_eroz_049.jpg\",\"meta\":{\"aperture\":false,\"credit\":false,\"camera\":false,\"caption\":\"080 Barcelona Spring-Summer 2016\",\"created_timestamp\":\"July 1, 2015 11:59 am\",\"copyright\":\"\\u00c2\\u00a9 2015 Estrop-Barcelona PHOTOGRAPH FOR EDITORIAL USE ONLY\",\"focal_length\":false,\"iso\":false,\"shutter_speed\":false,\"flash\":false,\"title\":\"080 Barcelona Spring-Summer 2016\",\"keywords\":\"080 Barcelona,Estrop-Barcelona,Spring-Summer 2016\",\"width\":667,\"height\":1000,\"saved\":true,\"thumbnail\":{\"width\":220,\"height\":220,\"ewww_image_optimizer\":\"Reduced by 12.4% (5.8&nbsp;kB)\"},\"webview\":{\"0\":667,\"1\":1000,\"2\":2,\"3\":\"width=\\\"667\\\" height=\\\"1000\\\"\",\"bits\":8,\"channels\":3,\"mime\":\"image\\\/jpeg\",\"ewww_image_optimizer\":\"Reduced by 4.6% (7.1&nbsp;kB) - Previously Optimized\"},\"0\":false,\"ewww_image_optimizer\":\"Reduced by 4.5% (8.8&nbsp;kB)\",\"views\":\"0\",\"likes\":\"0\"},\"title\":\"080 Barcelona Spring-Summer 2016\",\"description\":\"<p>080 Barcelona Spring-Summer 2016<\\\/p>\",\"link\":null,\"link_target\":\"\",\"download\":\"https:\\\/\\\/bobvarela.com\\\/wp-content\\\/flagallery\\\/pablo-erroz-coleccionsymbiosis\\\/pablo_eroz_049.jpg\",\"ratio\":0.6670000000000000373034936274052597582340240478515625},{\"id\":\"20951\",\"image\":\"https:\\\/\\\/bobvarela.com\\\/wp-content\\\/flagallery\\\/pablo-erroz-coleccionsymbiosis\\\/webview\\\/pablo_eroz_050.jpg\",\"thumb\":\"https:\\\/\\\/bobvarela.com\\\/wp-content\\\/flagallery\\\/pablo-erroz-coleccionsymbiosis\\\/thumbs\\\/thumbs_pablo_eroz_050.jpg\",\"file\":\"pablo_eroz_050.jpg\",\"meta\":{\"aperture\":false,\"credit\":false,\"camera\":false,\"caption\":\"080 Barcelona Spring-Summer 2016\",\"created_timestamp\":\"July 1, 2015 12:59 pm\",\"copyright\":\"\\u00c2\\u00a9 2015 Estrop-Barcelona PHOTOGRAPH FOR EDITORIAL USE ONLY\",\"focal_length\":false,\"iso\":false,\"shutter_speed\":false,\"flash\":false,\"title\":\"080 Barcelona Spring-Summer 2016\",\"keywords\":\"080 Barcelona,Estrop-Barcelona,Spring-Summer 2016\",\"width\":667,\"height\":1000,\"saved\":true,\"thumbnail\":{\"width\":220,\"height\":220,\"ewww_image_optimizer\":\"Reduced by 9.7% (4.0&nbsp;kB)\"},\"webview\":{\"0\":667,\"1\":1000,\"2\":2,\"3\":\"width=\\\"667\\\" height=\\\"1000\\\"\",\"bits\":8,\"channels\":3,\"mime\":\"image\\\/jpeg\",\"ewww_image_optimizer\":\"Reduced by 4.5% (6.2&nbsp;kB) - Previously Optimized\"},\"0\":false,\"ewww_image_optimizer\":\"Reduced by 2.6% (5.1&nbsp;kB)\",\"views\":\"0\",\"likes\":\"0\"},\"title\":\"080 Barcelona Spring-Summer 2016\",\"description\":\"<p>080 Barcelona Spring-Summer 2016<\\\/p>\",\"link\":null,\"link_target\":\"\",\"download\":\"https:\\\/\\\/bobvarela.com\\\/wp-content\\\/flagallery\\\/pablo-erroz-coleccionsymbiosis\\\/pablo_eroz_050.jpg\",\"ratio\":0.6670000000000000373034936274052597582340240478515625},{\"id\":\"20952\",\"image\":\"https:\\\/\\\/bobvarela.com\\\/wp-content\\\/flagallery\\\/pablo-erroz-coleccionsymbiosis\\\/webview\\\/pablo_eroz_051.jpg\",\"thumb\":\"https:\\\/\\\/bobvarela.com\\\/wp-content\\\/flagallery\\\/pablo-erroz-coleccionsymbiosis\\\/thumbs\\\/thumbs_pablo_eroz_051.jpg\",\"file\":\"pablo_eroz_051.jpg\",\"meta\":{\"aperture\":false,\"credit\":false,\"camera\":false,\"caption\":\"080 Barcelona Spring-Summer 2016\",\"created_timestamp\":\"July 1, 2015 11:59 am\",\"copyright\":\"\\u00c2\\u00a9 2015 Estrop-Barcelona PHOTOGRAPH FOR EDITORIAL USE ONLY\",\"focal_length\":false,\"iso\":false,\"shutter_speed\":false,\"flash\":false,\"title\":\"080 Barcelona Spring-Summer 2016\",\"keywords\":\"080 Barcelona,Estrop-Barcelona,Spring-Summer 2016\",\"width\":667,\"height\":1000,\"saved\":true,\"thumbnail\":{\"width\":220,\"height\":220,\"ewww_image_optimizer\":\"Reduced by 17.5% (6.4&nbsp;kB)\"},\"webview\":{\"0\":667,\"1\":1000,\"2\":2,\"3\":\"width=\\\"667\\\" height=\\\"1000\\\"\",\"bits\":8,\"channels\":3,\"mime\":\"image\\\/jpeg\",\"ewww_image_optimizer\":\"Reduced by 7.8% (8.1&nbsp;kB) - Previously Optimized\"},\"0\":false,\"ewww_image_optimizer\":\"Reduced by 9.4% (18.3&nbsp;kB)\",\"views\":\"0\",\"likes\":\"0\"},\"title\":\"080 Barcelona Spring-Summer 2016\",\"description\":\"<p>080 Barcelona Spring-Summer 2016<\\\/p>\",\"link\":null,\"link_target\":\"\",\"download\":\"https:\\\/\\\/bobvarela.com\\\/wp-content\\\/flagallery\\\/pablo-erroz-coleccionsymbiosis\\\/pablo_eroz_051.jpg\",\"ratio\":0.6670000000000000373034936274052597582340240478515625},{\"id\":\"20953\",\"image\":\"https:\\\/\\\/bobvarela.com\\\/wp-content\\\/flagallery\\\/pablo-erroz-coleccionsymbiosis\\\/webview\\\/pablo_eroz_052.jpg\",\"thumb\":\"https:\\\/\\\/bobvarela.com\\\/wp-content\\\/flagallery\\\/pablo-erroz-coleccionsymbiosis\\\/thumbs\\\/thumbs_pablo_eroz_052.jpg\",\"file\":\"pablo_eroz_052.jpg\",\"meta\":{\"aperture\":false,\"credit\":false,\"camera\":false,\"caption\":\"080 Barcelona Spring-Summer 2016\",\"created_timestamp\":\"July 1, 2015 11:59 am\",\"copyright\":\"\\u00c2\\u00a9 2015 Estrop-Barcelona PHOTOGRAPH FOR EDITORIAL USE ONLY\",\"focal_length\":false,\"iso\":false,\"shutter_speed\":false,\"flash\":false,\"title\":\"080 Barcelona Spring-Summer 2016\",\"keywords\":\"080 Barcelona,Estrop-Barcelona,Spring-Summer 2016\",\"width\":667,\"height\":1000,\"saved\":true,\"thumbnail\":{\"width\":220,\"height\":220,\"ewww_image_optimizer\":\"Reduced by 16.7% (8.0&nbsp;kB)\"},\"webview\":{\"0\":667,\"1\":1000,\"2\":2,\"3\":\"width=\\\"667\\\" height=\\\"1000\\\"\",\"bits\":8,\"channels\":3,\"mime\":\"image\\\/jpeg\",\"ewww_image_optimizer\":\"Reduced by 5.8% (9.3&nbsp;kB) - Previously Optimized\"},\"0\":false,\"ewww_image_optimizer\":\"Reduced by 6.4% (12.5&nbsp;kB)\",\"views\":\"1\",\"likes\":\"0\"},\"title\":\"080 Barcelona Spring-Summer 2016\",\"description\":\"<p>080 Barcelona Spring-Summer 2016<\\\/p>\",\"link\":null,\"link_target\":\"\",\"download\":\"https:\\\/\\\/bobvarela.com\\\/wp-content\\\/flagallery\\\/pablo-erroz-coleccionsymbiosis\\\/pablo_eroz_052.jpg\",\"ratio\":0.6670000000000000373034936274052597582340240478515625},{\"id\":\"20954\",\"image\":\"https:\\\/\\\/bobvarela.com\\\/wp-content\\\/flagallery\\\/pablo-erroz-coleccionsymbiosis\\\/webview\\\/pablo_eroz_053.jpg\",\"thumb\":\"https:\\\/\\\/bobvarela.com\\\/wp-content\\\/flagallery\\\/pablo-erroz-coleccionsymbiosis\\\/thumbs\\\/thumbs_pablo_eroz_053.jpg\",\"file\":\"pablo_eroz_053.jpg\",\"meta\":{\"aperture\":false,\"credit\":false,\"camera\":false,\"caption\":\"080 Barcelona Spring-Summer 2016\",\"created_timestamp\":\"July 1, 2015 11:59 am\",\"copyright\":\"\\u00c2\\u00a9 2015 Estrop-Barcelona PHOTOGRAPH FOR EDITORIAL USE ONLY\",\"focal_length\":false,\"iso\":false,\"shutter_speed\":false,\"flash\":false,\"title\":\"080 Barcelona Spring-Summer 2016\",\"keywords\":\"080 Barcelona,Estrop-Barcelona,Spring-Summer 2016\",\"width\":667,\"height\":1000,\"saved\":true,\"thumbnail\":{\"width\":220,\"height\":220,\"ewww_image_optimizer\":\"Reduced by 10.6% (4.4&nbsp;kB)\"},\"webview\":{\"0\":667,\"1\":1000,\"2\":2,\"3\":\"width=\\\"667\\\" height=\\\"1000\\\"\",\"bits\":8,\"channels\":3,\"mime\":\"image\\\/jpeg\",\"ewww_image_optimizer\":\"Reduced by 5.4% (5.8&nbsp;kB) - Previously Optimized\"},\"0\":false,\"ewww_image_optimizer\":\"Reduced by 3.2% (4.9&nbsp;kB)\",\"views\":\"0\",\"likes\":\"0\"},\"title\":\"080 Barcelona Spring-Summer 2016\",\"description\":\"<p>080 Barcelona Spring-Summer 2016<\\\/p>\",\"link\":null,\"link_target\":\"\",\"download\":\"https:\\\/\\\/bobvarela.com\\\/wp-content\\\/flagallery\\\/pablo-erroz-coleccionsymbiosis\\\/pablo_eroz_053.jpg\",\"ratio\":0.6670000000000000373034936274052597582340240478515625},{\"id\":\"20955\",\"image\":\"https:\\\/\\\/bobvarela.com\\\/wp-content\\\/flagallery\\\/pablo-erroz-coleccionsymbiosis\\\/webview\\\/pablo_eroz_054.jpg\",\"thumb\":\"https:\\\/\\\/bobvarela.com\\\/wp-content\\\/flagallery\\\/pablo-erroz-coleccionsymbiosis\\\/thumbs\\\/thumbs_pablo_eroz_054.jpg\",\"file\":\"pablo_eroz_054.jpg\",\"meta\":{\"aperture\":false,\"credit\":false,\"camera\":false,\"caption\":\"080 Barcelona Spring-Summer 2016\",\"created_timestamp\":\"July 1, 2015 12:59 pm\",\"copyright\":\"\\u00c2\\u00a9 2015 Estrop-Barcelona PHOTOGRAPH FOR EDITORIAL USE ONLY\",\"focal_length\":false,\"iso\":false,\"shutter_speed\":false,\"flash\":false,\"title\":\"080 Barcelona Spring-Summer 2016\",\"keywords\":\"080 Barcelona,Estrop-Barcelona,Spring-Summer 2016\",\"width\":667,\"height\":1000,\"saved\":true,\"thumbnail\":{\"width\":220,\"height\":220,\"ewww_image_optimizer\":\"Reduced by 8.5% (3.3&nbsp;kB)\"},\"webview\":{\"0\":667,\"1\":1000,\"2\":2,\"3\":\"width=\\\"667\\\" height=\\\"1000\\\"\",\"bits\":8,\"channels\":3,\"mime\":\"image\\\/jpeg\",\"ewww_image_optimizer\":\"Reduced by 5.4% (6.5&nbsp;kB) - Previously Optimized\"},\"0\":false,\"ewww_image_optimizer\":\"Reduced by 3.4% (5.6&nbsp;kB)\",\"views\":\"0\",\"likes\":\"0\"},\"title\":\"080 Barcelona Spring-Summer 2016\",\"description\":\"<p>080 Barcelona Spring-Summer 2016<\\\/p>\",\"link\":null,\"link_target\":\"\",\"download\":\"https:\\\/\\\/bobvarela.com\\\/wp-content\\\/flagallery\\\/pablo-erroz-coleccionsymbiosis\\\/pablo_eroz_054.jpg\",\"ratio\":0.6670000000000000373034936274052597582340240478515625},{\"id\":\"20956\",\"image\":\"https:\\\/\\\/bobvarela.com\\\/wp-content\\\/flagallery\\\/pablo-erroz-coleccionsymbiosis\\\/webview\\\/pablo_eroz_055.jpg\",\"thumb\":\"https:\\\/\\\/bobvarela.com\\\/wp-content\\\/flagallery\\\/pablo-erroz-coleccionsymbiosis\\\/thumbs\\\/thumbs_pablo_eroz_055.jpg\",\"file\":\"pablo_eroz_055.jpg\",\"meta\":{\"aperture\":false,\"credit\":false,\"camera\":false,\"caption\":\"080 Barcelona Spring-Summer 2016\",\"created_timestamp\":\"July 1, 2015 12:00 pm\",\"copyright\":\"\\u00c2\\u00a9 2015 Estrop-Barcelona PHOTOGRAPH FOR EDITORIAL USE ONLY\",\"focal_length\":false,\"iso\":false,\"shutter_speed\":false,\"flash\":false,\"title\":\"080 Barcelona Spring-Summer 2016\",\"keywords\":\"080 Barcelona,Estrop-Barcelona,Spring-Summer 2016\",\"width\":667,\"height\":1000,\"saved\":true,\"thumbnail\":{\"width\":220,\"height\":220,\"ewww_image_optimizer\":\"Reduced by 16.6% (5.8&nbsp;kB)\"},\"webview\":{\"0\":667,\"1\":1000,\"2\":2,\"3\":\"width=\\\"667\\\" height=\\\"1000\\\"\",\"bits\":8,\"channels\":3,\"mime\":\"image\\\/jpeg\",\"ewww_image_optimizer\":\"Reduced by 8.0% (7.9&nbsp;kB) - Previously Optimized\"},\"0\":false,\"ewww_image_optimizer\":\"Reduced by 9.4% (17.9&nbsp;kB)\",\"views\":\"1\",\"likes\":\"0\"},\"title\":\"080 Barcelona Spring-Summer 2016\",\"description\":\"<p>080 Barcelona Spring-Summer 2016<\\\/p>\",\"link\":null,\"link_target\":\"\",\"download\":\"https:\\\/\\\/bobvarela.com\\\/wp-content\\\/flagallery\\\/pablo-erroz-coleccionsymbiosis\\\/pablo_eroz_055.jpg\",\"ratio\":0.6670000000000000373034936274052597582340240478515625},{\"id\":\"20957\",\"image\":\"https:\\\/\\\/bobvarela.com\\\/wp-content\\\/flagallery\\\/pablo-erroz-coleccionsymbiosis\\\/webview\\\/pablo_eroz_056.jpg\",\"thumb\":\"https:\\\/\\\/bobvarela.com\\\/wp-content\\\/flagallery\\\/pablo-erroz-coleccionsymbiosis\\\/thumbs\\\/thumbs_pablo_eroz_056.jpg\",\"file\":\"pablo_eroz_056.jpg\",\"meta\":{\"aperture\":false,\"credit\":false,\"camera\":false,\"caption\":\"080 Barcelona Spring-Summer 2016\",\"created_timestamp\":\"July 1, 2015 12:00 pm\",\"copyright\":\"\\u00c2\\u00a9 2015 Estrop-Barcelona PHOTOGRAPH FOR EDITORIAL USE ONLY\",\"focal_length\":false,\"iso\":false,\"shutter_speed\":false,\"flash\":false,\"title\":\"080 Barcelona Spring-Summer 2016\",\"keywords\":\"080 Barcelona,Estrop-Barcelona,Spring-Summer 2016\",\"width\":667,\"height\":1000,\"saved\":true,\"thumbnail\":{\"width\":220,\"height\":220,\"ewww_image_optimizer\":\"Reduced by 17.0% (7.9&nbsp;kB)\"},\"webview\":{\"0\":667,\"1\":1000,\"2\":2,\"3\":\"width=\\\"667\\\" height=\\\"1000\\\"\",\"bits\":8,\"channels\":3,\"mime\":\"image\\\/jpeg\",\"ewww_image_optimizer\":\"Reduced by 8.1% (12.1&nbsp;kB) - Previously Optimized\"},\"0\":false,\"ewww_image_optimizer\":\"Reduced by 8.8% (14.4&nbsp;kB)\",\"views\":\"0\",\"likes\":\"0\"},\"title\":\"080 Barcelona Spring-Summer 2016\",\"description\":\"<p>080 Barcelona Spring-Summer 2016<\\\/p>\",\"link\":null,\"link_target\":\"\",\"download\":\"https:\\\/\\\/bobvarela.com\\\/wp-content\\\/flagallery\\\/pablo-erroz-coleccionsymbiosis\\\/pablo_eroz_056.jpg\",\"ratio\":0.6670000000000000373034936274052597582340240478515625},{\"id\":\"20958\",\"image\":\"https:\\\/\\\/bobvarela.com\\\/wp-content\\\/flagallery\\\/pablo-erroz-coleccionsymbiosis\\\/webview\\\/pablo_eroz_057.jpg\",\"thumb\":\"https:\\\/\\\/bobvarela.com\\\/wp-content\\\/flagallery\\\/pablo-erroz-coleccionsymbiosis\\\/thumbs\\\/thumbs_pablo_eroz_057.jpg\",\"file\":\"pablo_eroz_057.jpg\",\"meta\":{\"aperture\":false,\"credit\":false,\"camera\":false,\"caption\":\"080 Barcelona Spring-Summer 2016\",\"created_timestamp\":\"July 1, 2015 1:00 pm\",\"copyright\":\"\\u00c2\\u00a9 2015 Estrop-Barcelona PHOTOGRAPH FOR EDITORIAL USE ONLY\",\"focal_length\":false,\"iso\":false,\"shutter_speed\":false,\"flash\":false,\"title\":\"080 Barcelona Spring-Summer 2016\",\"keywords\":\"080 Barcelona,Estrop-Barcelona,Spring-Summer 2016\",\"width\":667,\"height\":1000,\"saved\":true,\"thumbnail\":{\"width\":220,\"height\":220,\"ewww_image_optimizer\":\"Reduced by 17.6% (11.9&nbsp;kB)\"},\"webview\":{\"0\":667,\"1\":1000,\"2\":2,\"3\":\"width=\\\"667\\\" height=\\\"1000\\\"\",\"bits\":8,\"channels\":3,\"mime\":\"image\\\/jpeg\",\"ewww_image_optimizer\":\"Reduced by 9.3% (18.0&nbsp;kB)\"},\"0\":false,\"ewww_image_optimizer\":\"Reduced by 9.3% (18.0&nbsp;kB)\",\"views\":\"0\",\"likes\":\"0\"},\"title\":\"080 Barcelona Spring-Summer 2016\",\"description\":\"<p>080 Barcelona Spring-Summer 2016<\\\/p>\",\"link\":null,\"link_target\":\"\",\"download\":\"https:\\\/\\\/bobvarela.com\\\/wp-content\\\/flagallery\\\/pablo-erroz-coleccionsymbiosis\\\/pablo_eroz_057.jpg\",\"ratio\":0.6670000000000000373034936274052597582340240478515625},{\"id\":\"20959\",\"image\":\"https:\\\/\\\/bobvarela.com\\\/wp-content\\\/flagallery\\\/pablo-erroz-coleccionsymbiosis\\\/webview\\\/pablo_eroz_058.jpg\",\"thumb\":\"https:\\\/\\\/bobvarela.com\\\/wp-content\\\/flagallery\\\/pablo-erroz-coleccionsymbiosis\\\/thumbs\\\/thumbs_pablo_eroz_058.jpg\",\"file\":\"pablo_eroz_058.jpg\",\"meta\":{\"aperture\":false,\"credit\":false,\"camera\":false,\"caption\":\"080 Barcelona Spring-Summer 2016\",\"created_timestamp\":\"July 1, 2015 12:00 pm\",\"copyright\":\"\\u00c2\\u00a9 2015 Estrop-Barcelona PHOTOGRAPH FOR EDITORIAL USE ONLY\",\"focal_length\":false,\"iso\":false,\"shutter_speed\":false,\"flash\":false,\"title\":\"080 Barcelona Spring-Summer 2016\",\"keywords\":\"080 Barcelona,Estrop-Barcelona,Spring-Summer 2016\",\"width\":667,\"height\":1000,\"saved\":true,\"thumbnail\":{\"width\":220,\"height\":220,\"ewww_image_optimizer\":\"Reduced by 13.1% (3.8&nbsp;kB)\"},\"webview\":{\"0\":667,\"1\":1000,\"2\":2,\"3\":\"width=\\\"667\\\" height=\\\"1000\\\"\",\"bits\":8,\"channels\":3,\"mime\":\"image\\\/jpeg\",\"ewww_image_optimizer\":\"Reduced by 8.0% (5.4&nbsp;kB) - Previously Optimized\"},\"0\":false,\"ewww_image_optimizer\":\"Reduced by 8.1% (11.2&nbsp;kB)\",\"views\":\"0\",\"likes\":\"0\"},\"title\":\"080 Barcelona Spring-Summer 2016\",\"description\":\"<p>080 Barcelona Spring-Summer 2016<\\\/p>\",\"link\":null,\"link_target\":\"\",\"download\":\"https:\\\/\\\/bobvarela.com\\\/wp-content\\\/flagallery\\\/pablo-erroz-coleccionsymbiosis\\\/pablo_eroz_058.jpg\",\"ratio\":0.6670000000000000373034936274052597582340240478515625},{\"id\":\"20960\",\"image\":\"https:\\\/\\\/bobvarela.com\\\/wp-content\\\/flagallery\\\/pablo-erroz-coleccionsymbiosis\\\/webview\\\/pablo_eroz_059.jpg\",\"thumb\":\"https:\\\/\\\/bobvarela.com\\\/wp-content\\\/flagallery\\\/pablo-erroz-coleccionsymbiosis\\\/thumbs\\\/thumbs_pablo_eroz_059.jpg\",\"file\":\"pablo_eroz_059.jpg\",\"meta\":{\"aperture\":false,\"credit\":false,\"camera\":false,\"caption\":\"080 Barcelona Spring-Summer 2016\",\"created_timestamp\":\"July 1, 2015 12:00 pm\",\"copyright\":\"\\u00c2\\u00a9 2015 Estrop-Barcelona PHOTOGRAPH FOR EDITORIAL USE ONLY\",\"focal_length\":false,\"iso\":false,\"shutter_speed\":false,\"flash\":false,\"title\":\"080 Barcelona Spring-Summer 2016\",\"keywords\":\"080 Barcelona,Estrop-Barcelona,Spring-Summer 2016\",\"width\":667,\"height\":1000,\"saved\":true,\"thumbnail\":{\"width\":220,\"height\":220,\"ewww_image_optimizer\":\"Reduced by 11.6% (4.0&nbsp;kB)\"},\"webview\":{\"0\":667,\"1\":1000,\"2\":2,\"3\":\"width=\\\"667\\\" height=\\\"1000\\\"\",\"bits\":8,\"channels\":3,\"mime\":\"image\\\/jpeg\",\"ewww_image_optimizer\":\"Reduced by 5.6% (5.2&nbsp;kB) - Previously Optimized\"},\"0\":false,\"ewww_image_optimizer\":\"Reduced by 6.2% (11.5&nbsp;kB)\",\"views\":\"0\",\"likes\":\"0\"},\"title\":\"080 Barcelona Spring-Summer 2016\",\"description\":\"<p>080 Barcelona Spring-Summer 2016<\\\/p>\",\"link\":null,\"link_target\":\"\",\"download\":\"https:\\\/\\\/bobvarela.com\\\/wp-content\\\/flagallery\\\/pablo-erroz-coleccionsymbiosis\\\/pablo_eroz_059.jpg\",\"ratio\":0.6670000000000000373034936274052597582340240478515625},{\"id\":\"20961\",\"image\":\"https:\\\/\\\/bobvarela.com\\\/wp-content\\\/flagallery\\\/pablo-erroz-coleccionsymbiosis\\\/webview\\\/pablo_eroz_060.jpg\",\"thumb\":\"https:\\\/\\\/bobvarela.com\\\/wp-content\\\/flagallery\\\/pablo-erroz-coleccionsymbiosis\\\/thumbs\\\/thumbs_pablo_eroz_060.jpg\",\"file\":\"pablo_eroz_060.jpg\",\"meta\":{\"aperture\":false,\"credit\":false,\"camera\":false,\"caption\":\"080 Barcelona Spring-Summer 2016\",\"created_timestamp\":\"July 1, 2015 12:00 pm\",\"copyright\":\"\\u00c2\\u00a9 2015 Estrop-Barcelona PHOTOGRAPH FOR EDITORIAL USE ONLY\",\"focal_length\":false,\"iso\":false,\"shutter_speed\":false,\"flash\":false,\"title\":\"080 Barcelona Spring-Summer 2016\",\"keywords\":\"080 Barcelona,Estrop-Barcelona,Spring-Summer 2016\",\"width\":667,\"height\":1000,\"saved\":true,\"thumbnail\":{\"width\":220,\"height\":220,\"ewww_image_optimizer\":\"Reduced by 11.2% (4.5&nbsp;kB)\"},\"webview\":{\"0\":667,\"1\":1000,\"2\":2,\"3\":\"width=\\\"667\\\" height=\\\"1000\\\"\",\"bits\":8,\"channels\":3,\"mime\":\"image\\\/jpeg\",\"ewww_image_optimizer\":\"Reduced by 6.1% (7.4&nbsp;kB) - Previously Optimized\"},\"0\":false,\"ewww_image_optimizer\":\"Reduced by 4.6% (7.4&nbsp;kB)\",\"views\":\"0\",\"likes\":\"0\"},\"title\":\"080 Barcelona Spring-Summer 2016\",\"description\":\"<p>080 Barcelona Spring-Summer 2016<\\\/p>\",\"link\":null,\"link_target\":\"\",\"download\":\"https:\\\/\\\/bobvarela.com\\\/wp-content\\\/flagallery\\\/pablo-erroz-coleccionsymbiosis\\\/pablo_eroz_060.jpg\",\"ratio\":0.6670000000000000373034936274052597582340240478515625},{\"id\":\"20962\",\"image\":\"https:\\\/\\\/bobvarela.com\\\/wp-content\\\/flagallery\\\/pablo-erroz-coleccionsymbiosis\\\/webview\\\/pablo_eroz_061.jpg\",\"thumb\":\"https:\\\/\\\/bobvarela.com\\\/wp-content\\\/flagallery\\\/pablo-erroz-coleccionsymbiosis\\\/thumbs\\\/thumbs_pablo_eroz_061.jpg\",\"file\":\"pablo_eroz_061.jpg\",\"meta\":{\"aperture\":false,\"credit\":false,\"camera\":false,\"caption\":\"080 Barcelona Spring-Summer 2016\",\"created_timestamp\":\"July 1, 2015 1:00 pm\",\"copyright\":\"\\u00c2\\u00a9 2015 Estrop-Barcelona PHOTOGRAPH FOR EDITORIAL USE ONLY\",\"focal_length\":false,\"iso\":false,\"shutter_speed\":false,\"flash\":false,\"title\":\"080 Barcelona Spring-Summer 2016\",\"keywords\":\"080 Barcelona,Estrop-Barcelona,Spring-Summer 2016\",\"width\":667,\"height\":1000,\"saved\":true,\"thumbnail\":{\"width\":220,\"height\":220,\"ewww_image_optimizer\":\"Reduced by 7.8% (3.0&nbsp;kB)\"},\"webview\":{\"0\":667,\"1\":1000,\"2\":2,\"3\":\"width=\\\"667\\\" height=\\\"1000\\\"\",\"bits\":8,\"channels\":3,\"mime\":\"image\\\/jpeg\",\"ewww_image_optimizer\":\"Reduced by 7.3% (8.7&nbsp;kB) - Previously Optimized\"},\"0\":false,\"ewww_image_optimizer\":\"Reduced by 4.6% (7.5&nbsp;kB)\",\"views\":\"1\",\"likes\":\"0\"},\"title\":\"080 Barcelona Spring-Summer 2016\",\"description\":\"<p>080 Barcelona Spring-Summer 2016<\\\/p>\",\"link\":null,\"link_target\":\"\",\"download\":\"https:\\\/\\\/bobvarela.com\\\/wp-content\\\/flagallery\\\/pablo-erroz-coleccionsymbiosis\\\/pablo_eroz_061.jpg\",\"ratio\":0.6670000000000000373034936274052597582340240478515625}]}; var container = $('#FlaGallery_sc1_285'); container.photomania(settings, content); window.FlaGallery_sc1_285 = container.data('photomania'); }); <\/script><\/div><noscript id=\"noscript_FlaGallery_sc1_285\"><img class=\"skip-lazy no-lazyload noLazy\" data-lazy-src=\"\" src =\"https:\/\/bobvarela.com\/wp-content\/flagallery\/pablo-erroz-coleccionsymbiosis\/pablo_eroz_002.jpg\" alt=\"080 Barcelona Spring-Summer 2016\" \/><img class=\"skip-lazy no-lazyload noLazy\" data-lazy-src=\"\" src =\"https:\/\/bobvarela.com\/wp-content\/flagallery\/pablo-erroz-coleccionsymbiosis\/pablo_eroz_003.jpg\" alt=\"080 Barcelona Spring-Summer 2016\" \/><img class=\"skip-lazy no-lazyload noLazy\" data-lazy-src=\"\" src =\"https:\/\/bobvarela.com\/wp-content\/flagallery\/pablo-erroz-coleccionsymbiosis\/pablo_eroz_004.jpg\" alt=\"080 Barcelona Spring-Summer 2016\" \/><img class=\"skip-lazy no-lazyload noLazy\" data-lazy-src=\"\" src =\"https:\/\/bobvarela.com\/wp-content\/flagallery\/pablo-erroz-coleccionsymbiosis\/pablo_eroz_005.jpg\" alt=\"080 Barcelona Spring-Summer 2016\" \/><img class=\"skip-lazy no-lazyload noLazy\" data-lazy-src=\"\" src =\"https:\/\/bobvarela.com\/wp-content\/flagallery\/pablo-erroz-coleccionsymbiosis\/pablo_eroz_006.jpg\" alt=\"080 Barcelona Spring-Summer 2016\" \/><img class=\"skip-lazy no-lazyload noLazy\" data-lazy-src=\"\" src =\"https:\/\/bobvarela.com\/wp-content\/flagallery\/pablo-erroz-coleccionsymbiosis\/pablo_eroz_007.jpg\" alt=\"080 Barcelona Spring-Summer 2016\" \/><img class=\"skip-lazy no-lazyload noLazy\" data-lazy-src=\"\" src =\"https:\/\/bobvarela.com\/wp-content\/flagallery\/pablo-erroz-coleccionsymbiosis\/pablo_eroz_008.jpg\" alt=\"080 Barcelona Spring-Summer 2016\" \/><img class=\"skip-lazy no-lazyload noLazy\" data-lazy-src=\"\" src =\"https:\/\/bobvarela.com\/wp-content\/flagallery\/pablo-erroz-coleccionsymbiosis\/pablo_eroz_009.jpg\" alt=\"\" \/><img class=\"skip-lazy no-lazyload noLazy\" data-lazy-src=\"\" src =\"https:\/\/bobvarela.com\/wp-content\/flagallery\/pablo-erroz-coleccionsymbiosis\/pablo_eroz_010.jpg\" alt=\"080 Barcelona Spring-Summer 2016\" \/><img class=\"skip-lazy no-lazyload noLazy\" data-lazy-src=\"\" src =\"https:\/\/bobvarela.com\/wp-content\/flagallery\/pablo-erroz-coleccionsymbiosis\/pablo_eroz_011.jpg\" alt=\"080 Barcelona Spring-Summer 2016\" \/><img class=\"skip-lazy no-lazyload noLazy\" data-lazy-src=\"\" src =\"https:\/\/bobvarela.com\/wp-content\/flagallery\/pablo-erroz-coleccionsymbiosis\/pablo_eroz_012.jpg\" alt=\"080 Barcelona Spring-Summer 2016\" \/><img class=\"skip-lazy no-lazyload noLazy\" data-lazy-src=\"\" src =\"https:\/\/bobvarela.com\/wp-content\/flagallery\/pablo-erroz-coleccionsymbiosis\/pablo_eroz_013.jpg\" alt=\"080 Barcelona Spring-Summer 2016\" \/><img class=\"skip-lazy no-lazyload noLazy\" data-lazy-src=\"\" src =\"https:\/\/bobvarela.com\/wp-content\/flagallery\/pablo-erroz-coleccionsymbiosis\/pablo_eroz_014.jpg\" alt=\"080 Barcelona Spring-Summer 2016\" \/><img class=\"skip-lazy no-lazyload noLazy\" data-lazy-src=\"\" src =\"https:\/\/bobvarela.com\/wp-content\/flagallery\/pablo-erroz-coleccionsymbiosis\/pablo_eroz_015.jpg\" alt=\"080 Barcelona Spring-Summer 2016\" \/><img class=\"skip-lazy no-lazyload noLazy\" data-lazy-src=\"\" src =\"https:\/\/bobvarela.com\/wp-content\/flagallery\/pablo-erroz-coleccionsymbiosis\/pablo_eroz_016.jpg\" alt=\"080 Barcelona Spring-Summer 2016\" \/><img class=\"skip-lazy no-lazyload noLazy\" data-lazy-src=\"\" src =\"https:\/\/bobvarela.com\/wp-content\/flagallery\/pablo-erroz-coleccionsymbiosis\/pablo_eroz_017.jpg\" alt=\"080 Barcelona Spring-Summer 2016\" \/><img class=\"skip-lazy no-lazyload noLazy\" data-lazy-src=\"\" src =\"https:\/\/bobvarela.com\/wp-content\/flagallery\/pablo-erroz-coleccionsymbiosis\/pablo_eroz_018.jpg\" alt=\"080 Barcelona Spring-Summer 2016\" \/><img class=\"skip-lazy no-lazyload noLazy\" data-lazy-src=\"\" src =\"https:\/\/bobvarela.com\/wp-content\/flagallery\/pablo-erroz-coleccionsymbiosis\/pablo_eroz_019.jpg\" alt=\"080 Barcelona Spring-Summer 2016\" \/><img class=\"skip-lazy no-lazyload noLazy\" data-lazy-src=\"\" src =\"https:\/\/bobvarela.com\/wp-content\/flagallery\/pablo-erroz-coleccionsymbiosis\/pablo_eroz_020.jpg\" alt=\"080 Barcelona Spring-Summer 2016\" \/><img class=\"skip-lazy no-lazyload noLazy\" data-lazy-src=\"\" src =\"https:\/\/bobvarela.com\/wp-content\/flagallery\/pablo-erroz-coleccionsymbiosis\/pablo_eroz_021.jpg\" alt=\"080 Barcelona Spring-Summer 2016\" \/><img class=\"skip-lazy no-lazyload noLazy\" data-lazy-src=\"\" src =\"https:\/\/bobvarela.com\/wp-content\/flagallery\/pablo-erroz-coleccionsymbiosis\/pablo_eroz_022.jpg\" alt=\"080 Barcelona Spring-Summer 2016\" \/><img class=\"skip-lazy no-lazyload noLazy\" data-lazy-src=\"\" src =\"https:\/\/bobvarela.com\/wp-content\/flagallery\/pablo-erroz-coleccionsymbiosis\/pablo_eroz_023.jpg\" alt=\"080 Barcelona Spring-Summer 2016\" \/><img class=\"skip-lazy no-lazyload noLazy\" data-lazy-src=\"\" src =\"https:\/\/bobvarela.com\/wp-content\/flagallery\/pablo-erroz-coleccionsymbiosis\/pablo_eroz_024.jpg\" alt=\"080 Barcelona Spring-Summer 2016\" \/><img class=\"skip-lazy no-lazyload noLazy\" data-lazy-src=\"\" src =\"https:\/\/bobvarela.com\/wp-content\/flagallery\/pablo-erroz-coleccionsymbiosis\/pablo_eroz_025.jpg\" alt=\"080 Barcelona Spring-Summer 2016\" \/><img class=\"skip-lazy no-lazyload noLazy\" data-lazy-src=\"\" src =\"https:\/\/bobvarela.com\/wp-content\/flagallery\/pablo-erroz-coleccionsymbiosis\/pablo_eroz_026.jpg\" alt=\"080 Barcelona Spring-Summer 2016\" \/><img class=\"skip-lazy no-lazyload noLazy\" data-lazy-src=\"\" src =\"https:\/\/bobvarela.com\/wp-content\/flagallery\/pablo-erroz-coleccionsymbiosis\/pablo_eroz_027.jpg\" alt=\"080 Barcelona Spring-Summer 2016\" \/><img class=\"skip-lazy no-lazyload noLazy\" data-lazy-src=\"\" src =\"https:\/\/bobvarela.com\/wp-content\/flagallery\/pablo-erroz-coleccionsymbiosis\/pablo_eroz_028.jpg\" alt=\"080 Barcelona Spring-Summer 2016\" \/><img class=\"skip-lazy no-lazyload noLazy\" data-lazy-src=\"\" src =\"https:\/\/bobvarela.com\/wp-content\/flagallery\/pablo-erroz-coleccionsymbiosis\/pablo_eroz_029.jpg\" alt=\"080 Barcelona Spring-Summer 2016\" \/><img class=\"skip-lazy no-lazyload noLazy\" data-lazy-src=\"\" src =\"https:\/\/bobvarela.com\/wp-content\/flagallery\/pablo-erroz-coleccionsymbiosis\/pablo_eroz_030.jpg\" alt=\"080 Barcelona Spring-Summer 2016\" \/><img class=\"skip-lazy no-lazyload noLazy\" data-lazy-src=\"\" src =\"https:\/\/bobvarela.com\/wp-content\/flagallery\/pablo-erroz-coleccionsymbiosis\/pablo_eroz_031.jpg\" alt=\"080 Barcelona Spring-Summer 2016\" \/><img class=\"skip-lazy no-lazyload noLazy\" data-lazy-src=\"\" src =\"https:\/\/bobvarela.com\/wp-content\/flagallery\/pablo-erroz-coleccionsymbiosis\/pablo_eroz_032.jpg\" alt=\"080 Barcelona Spring-Summer 2016\" \/><img class=\"skip-lazy no-lazyload noLazy\" data-lazy-src=\"\" src =\"https:\/\/bobvarela.com\/wp-content\/flagallery\/pablo-erroz-coleccionsymbiosis\/pablo_eroz_033.jpg\" alt=\"080 Barcelona Spring-Summer 2016\" \/><img class=\"skip-lazy no-lazyload noLazy\" data-lazy-src=\"\" src =\"https:\/\/bobvarela.com\/wp-content\/flagallery\/pablo-erroz-coleccionsymbiosis\/pablo_eroz_034.jpg\" alt=\"080 Barcelona Spring-Summer 2016\" \/><img class=\"skip-lazy no-lazyload noLazy\" data-lazy-src=\"\" src =\"https:\/\/bobvarela.com\/wp-content\/flagallery\/pablo-erroz-coleccionsymbiosis\/pablo_eroz_035.jpg\" alt=\"080 Barcelona Spring-Summer 2016\" \/><img class=\"skip-lazy no-lazyload noLazy\" data-lazy-src=\"\" src =\"https:\/\/bobvarela.com\/wp-content\/flagallery\/pablo-erroz-coleccionsymbiosis\/pablo_eroz_036.jpg\" alt=\"080 Barcelona Spring-Summer 2016\" \/><img class=\"skip-lazy no-lazyload noLazy\" data-lazy-src=\"\" src =\"https:\/\/bobvarela.com\/wp-content\/flagallery\/pablo-erroz-coleccionsymbiosis\/pablo_eroz_037.jpg\" alt=\"080 Barcelona Spring-Summer 2016\" \/><img class=\"skip-lazy no-lazyload noLazy\" data-lazy-src=\"\" src =\"https:\/\/bobvarela.com\/wp-content\/flagallery\/pablo-erroz-coleccionsymbiosis\/pablo_eroz_038.jpg\" alt=\"080 Barcelona Spring-Summer 2016\" \/><img class=\"skip-lazy no-lazyload noLazy\" data-lazy-src=\"\" src =\"https:\/\/bobvarela.com\/wp-content\/flagallery\/pablo-erroz-coleccionsymbiosis\/pablo_eroz_039.jpg\" alt=\"080 Barcelona Spring-Summer 2016\" \/><img class=\"skip-lazy no-lazyload noLazy\" data-lazy-src=\"\" src =\"https:\/\/bobvarela.com\/wp-content\/flagallery\/pablo-erroz-coleccionsymbiosis\/pablo_eroz_040.jpg\" alt=\"080 Barcelona Spring-Summer 2016\" \/><img class=\"skip-lazy no-lazyload noLazy\" data-lazy-src=\"\" src =\"https:\/\/bobvarela.com\/wp-content\/flagallery\/pablo-erroz-coleccionsymbiosis\/pablo_eroz_041.jpg\" alt=\"080 Barcelona Spring-Summer 2016\" \/><img class=\"skip-lazy no-lazyload noLazy\" data-lazy-src=\"\" src =\"https:\/\/bobvarela.com\/wp-content\/flagallery\/pablo-erroz-coleccionsymbiosis\/pablo_eroz_042.jpg\" alt=\"080 Barcelona Spring-Summer 2016\" \/><img class=\"skip-lazy no-lazyload noLazy\" data-lazy-src=\"\" src =\"https:\/\/bobvarela.com\/wp-content\/flagallery\/pablo-erroz-coleccionsymbiosis\/pablo_eroz_043.jpg\" alt=\"080 Barcelona Spring-Summer 2016\" \/><img class=\"skip-lazy no-lazyload noLazy\" data-lazy-src=\"\" src =\"https:\/\/bobvarela.com\/wp-content\/flagallery\/pablo-erroz-coleccionsymbiosis\/pablo_eroz_044.jpg\" alt=\"080 Barcelona Spring-Summer 2016\" \/><img class=\"skip-lazy no-lazyload noLazy\" data-lazy-src=\"\" src =\"https:\/\/bobvarela.com\/wp-content\/flagallery\/pablo-erroz-coleccionsymbiosis\/pablo_eroz_045.jpg\" alt=\"080 Barcelona Spring-Summer 2016\" \/><img class=\"skip-lazy no-lazyload noLazy\" data-lazy-src=\"\" src =\"https:\/\/bobvarela.com\/wp-content\/flagallery\/pablo-erroz-coleccionsymbiosis\/pablo_eroz_046.jpg\" alt=\"080 Barcelona Spring-Summer 2016\" \/><img class=\"skip-lazy no-lazyload noLazy\" data-lazy-src=\"\" src =\"https:\/\/bobvarela.com\/wp-content\/flagallery\/pablo-erroz-coleccionsymbiosis\/pablo_eroz_047.jpg\" alt=\"080 Barcelona Spring-Summer 2016\" \/><img class=\"skip-lazy no-lazyload noLazy\" data-lazy-src=\"\" src =\"https:\/\/bobvarela.com\/wp-content\/flagallery\/pablo-erroz-coleccionsymbiosis\/pablo_eroz_048.jpg\" alt=\"080 Barcelona Spring-Summer 2016\" \/><img class=\"skip-lazy no-lazyload noLazy\" data-lazy-src=\"\" src =\"https:\/\/bobvarela.com\/wp-content\/flagallery\/pablo-erroz-coleccionsymbiosis\/pablo_eroz_049.jpg\" alt=\"080 Barcelona Spring-Summer 2016\" \/><img class=\"skip-lazy no-lazyload noLazy\" data-lazy-src=\"\" src =\"https:\/\/bobvarela.com\/wp-content\/flagallery\/pablo-erroz-coleccionsymbiosis\/pablo_eroz_050.jpg\" alt=\"080 Barcelona Spring-Summer 2016\" \/><img class=\"skip-lazy no-lazyload noLazy\" data-lazy-src=\"\" src =\"https:\/\/bobvarela.com\/wp-content\/flagallery\/pablo-erroz-coleccionsymbiosis\/pablo_eroz_051.jpg\" alt=\"080 Barcelona Spring-Summer 2016\" \/><img class=\"skip-lazy no-lazyload noLazy\" data-lazy-src=\"\" src =\"https:\/\/bobvarela.com\/wp-content\/flagallery\/pablo-erroz-coleccionsymbiosis\/pablo_eroz_052.jpg\" alt=\"080 Barcelona Spring-Summer 2016\" \/><img class=\"skip-lazy no-lazyload noLazy\" data-lazy-src=\"\" src =\"https:\/\/bobvarela.com\/wp-content\/flagallery\/pablo-erroz-coleccionsymbiosis\/pablo_eroz_053.jpg\" alt=\"080 Barcelona Spring-Summer 2016\" \/><img class=\"skip-lazy no-lazyload noLazy\" data-lazy-src=\"\" src =\"https:\/\/bobvarela.com\/wp-content\/flagallery\/pablo-erroz-coleccionsymbiosis\/pablo_eroz_054.jpg\" alt=\"080 Barcelona Spring-Summer 2016\" \/><img class=\"skip-lazy no-lazyload noLazy\" data-lazy-src=\"\" src =\"https:\/\/bobvarela.com\/wp-content\/flagallery\/pablo-erroz-coleccionsymbiosis\/pablo_eroz_055.jpg\" alt=\"080 Barcelona Spring-Summer 2016\" \/><img class=\"skip-lazy no-lazyload noLazy\" data-lazy-src=\"\" src =\"https:\/\/bobvarela.com\/wp-content\/flagallery\/pablo-erroz-coleccionsymbiosis\/pablo_eroz_056.jpg\" alt=\"080 Barcelona Spring-Summer 2016\" \/><img class=\"skip-lazy no-lazyload noLazy\" data-lazy-src=\"\" src =\"https:\/\/bobvarela.com\/wp-content\/flagallery\/pablo-erroz-coleccionsymbiosis\/pablo_eroz_057.jpg\" alt=\"080 Barcelona Spring-Summer 2016\" \/><img class=\"skip-lazy no-lazyload noLazy\" data-lazy-src=\"\" src =\"https:\/\/bobvarela.com\/wp-content\/flagallery\/pablo-erroz-coleccionsymbiosis\/pablo_eroz_058.jpg\" alt=\"080 Barcelona Spring-Summer 2016\" \/><img class=\"skip-lazy no-lazyload noLazy\" data-lazy-src=\"\" src =\"https:\/\/bobvarela.com\/wp-content\/flagallery\/pablo-erroz-coleccionsymbiosis\/pablo_eroz_059.jpg\" alt=\"080 Barcelona Spring-Summer 2016\" \/><img class=\"skip-lazy no-lazyload noLazy\" data-lazy-src=\"\" src =\"https:\/\/bobvarela.com\/wp-content\/flagallery\/pablo-erroz-coleccionsymbiosis\/pablo_eroz_060.jpg\" alt=\"080 Barcelona Spring-Summer 2016\" \/><img class=\"skip-lazy no-lazyload noLazy\" data-lazy-src=\"\" src =\"https:\/\/bobvarela.com\/wp-content\/flagallery\/pablo-erroz-coleccionsymbiosis\/pablo_eroz_061.jpg\" alt=\"080 Barcelona Spring-Summer 2016\" \/><\/noscript><\/p>\n","protected":false},"excerpt":{"rendered":"<p>SYMBIOSIS S\/S16 es la propuesta presentada en hombre y mujer para la temporada Primavera\/Verano 2016. Con una interpretaci\u00f3n personal del referente est\u00e9tico de la cultura y el arte pop, consta de l\u00edneas depuradas con diferentes juegos de superposiciones de rayas,&hellip;<\/p>\n<p class=\"more-link-p\"><a class=\"more-link\" href=\"https:\/\/bobvarela.com\/?p=78920\">Read more &rarr;<\/a><\/p>\n","protected":false},"author":1,"featured_media":0,"comment_status":"open","ping_status":"open","sticky":false,"template":"","format":"standard","meta":{"ngg_post_thumbnail":0,"footnotes":""},"categories":[478,4],"tags":[],"class_list":["post-78920","post","type-post","status-publish","format-standard","hentry","category-080-barcelona","category-moda"],"_links":{"self":[{"href":"https:\/\/bobvarela.com\/index.php?rest_route=\/wp\/v2\/posts\/78920","targetHints":{"allow":["GET"]}}],"collection":[{"href":"https:\/\/bobvarela.com\/index.php?rest_route=\/wp\/v2\/posts"}],"about":[{"href":"https:\/\/bobvarela.com\/index.php?rest_route=\/wp\/v2\/types\/post"}],"author":[{"embeddable":true,"href":"https:\/\/bobvarela.com\/index.php?rest_route=\/wp\/v2\/users\/1"}],"replies":[{"embeddable":true,"href":"https:\/\/bobvarela.com\/index.php?rest_route=%2Fwp%2Fv2%2Fcomments&post=78920"}],"version-history":[{"count":1,"href":"https:\/\/bobvarela.com\/index.php?rest_route=\/wp\/v2\/posts\/78920\/revisions"}],"predecessor-version":[{"id":78921,"href":"https:\/\/bobvarela.com\/index.php?rest_route=\/wp\/v2\/posts\/78920\/revisions\/78921"}],"wp:attachment":[{"href":"https:\/\/bobvarela.com\/index.php?rest_route=%2Fwp%2Fv2%2Fmedia&parent=78920"}],"wp:term":[{"taxonomy":"category","embeddable":true,"href":"https:\/\/bobvarela.com\/index.php?rest_route=%2Fwp%2Fv2%2Fcategories&post=78920"},{"taxonomy":"post_tag","embeddable":true,"href":"https:\/\/bobvarela.com\/index.php?rest_route=%2Fwp%2Fv2%2Ftags&post=78920"}],"curies":[{"name":"wp","href":"https:\/\/api.w.org\/{rel}","templated":true}]}}