{"id":79045,"date":"2015-07-04T13:40:08","date_gmt":"2015-07-04T17:40:08","guid":{"rendered":"https:\/\/bobvarela.com\/?p=79045"},"modified":"2015-07-04T13:40:08","modified_gmt":"2015-07-04T17:40:08","slug":"comienza-la-competencia-tiny-world-model-2015","status":"publish","type":"post","link":"https:\/\/bobvarela.com\/?p=79045","title":{"rendered":"COMIENZA LA COMPETENCIA TINY WORLD MODEL 2015"},"content":{"rendered":"<p align=\"justify\"><font size=\"3\">Con la presentaci\u00f3n oficial a la prensa de los seleccionados a ser parte de la competencia, pasarela y <i>reality<\/i> <b>TINY WORLD MODEL 2015<\/b> dio oficial comienzo la innovadora propuesta del dise\u00f1ador y productor <b>Juan Col\u00f3n<\/b> junto a <b>ASA Productions<\/b>. Adem\u00e1s de los talentos que participaron de una audici\u00f3n abierta el pasado 20 de junio, se present\u00f3 al equipo de trabajo encargado de talleres, evaluaci\u00f3n y producci\u00f3n de las varias fases del evento.<\/font><\/p>\n<p align=\"center\"><a href=\"https:\/\/bobvarela.com\/wp-content\/uploads\/2015\/07\/IMG_0060.jpg\"><img loading=\"lazy\" decoding=\"async\" title=\"IMG_0060\" style=\"border-top: 0px; border-right: 0px; background-image: none; border-bottom: 0px; padding-top: 0px; padding-left: 0px; border-left: 0px; display: inline; padding-right: 0px\" border=\"0\" alt=\"IMG_0060\" src=\"https:\/\/bobvarela.com\/wp-content\/uploads\/2015\/07\/IMG_0060_thumb.jpg\" width=\"198\" height=\"134\" \/><\/a><a href=\"https:\/\/bobvarela.com\/wp-content\/uploads\/2015\/07\/IMG_0103.jpg\"><img loading=\"lazy\" decoding=\"async\" title=\"IMG_0103\" style=\"border-top: 0px; border-right: 0px; background-image: none; border-bottom: 0px; padding-top: 0px; padding-left: 0px; border-left: 0px; display: inline; padding-right: 0px\" border=\"0\" alt=\"IMG_0103\" src=\"https:\/\/bobvarela.com\/wp-content\/uploads\/2015\/07\/IMG_0103_thumb.jpg\" width=\"198\" height=\"134\" \/><\/a><a href=\"https:\/\/bobvarela.com\/wp-content\/uploads\/2015\/07\/IMG_0019.jpg\"><img loading=\"lazy\" decoding=\"async\" title=\"IMG_0019\" style=\"border-top: 0px; border-right: 0px; background-image: none; border-bottom: 0px; padding-top: 0px; padding-left: 0px; border-left: 0px; display: inline; padding-right: 0px\" border=\"0\" alt=\"IMG_0019\" src=\"https:\/\/bobvarela.com\/wp-content\/uploads\/2015\/07\/IMG_0019_thumb.jpg\" width=\"198\" height=\"134\" \/><\/a><a href=\"https:\/\/bobvarela.com\/wp-content\/uploads\/2015\/07\/IMG_0031.jpg\"><img loading=\"lazy\" decoding=\"async\" title=\"IMG_0031\" style=\"border-top: 0px; border-right: 0px; background-image: none; border-bottom: 0px; padding-top: 0px; padding-left: 0px; border-left: 0px; display: inline; padding-right: 0px\" border=\"0\" alt=\"IMG_0031\" src=\"https:\/\/bobvarela.com\/wp-content\/uploads\/2015\/07\/IMG_0031_thumb.jpg\" width=\"198\" height=\"134\" \/><\/a><a href=\"https:\/\/bobvarela.com\/wp-content\/uploads\/2015\/07\/IMG_0033.jpg\"><img loading=\"lazy\" decoding=\"async\" title=\"IMG_0033\" style=\"border-top: 0px; border-right: 0px; background-image: none; border-bottom: 0px; padding-top: 0px; padding-left: 0px; border-left: 0px; display: inline; padding-right: 0px\" border=\"0\" alt=\"IMG_0033\" src=\"https:\/\/bobvarela.com\/wp-content\/uploads\/2015\/07\/IMG_0033_thumb.jpg\" width=\"198\" height=\"134\" \/><\/a><a href=\"https:\/\/bobvarela.com\/wp-content\/uploads\/2015\/07\/IMG_0046.jpg\"><img loading=\"lazy\" decoding=\"async\" title=\"IMG_0046\" style=\"border-top: 0px; border-right: 0px; background-image: none; border-bottom: 0px; padding-top: 0px; padding-left: 0px; border-left: 0px; display: inline; padding-right: 0px\" border=\"0\" alt=\"IMG_0046\" src=\"https:\/\/bobvarela.com\/wp-content\/uploads\/2015\/07\/IMG_0046_thumb.jpg\" width=\"198\" height=\"134\" \/><\/a><\/p>\n<p align=\"justify\"><font size=\"3\">El proyecto tiene como <i>host<\/i> a <b>Patricia Corcino<\/b>, modelo y ex integrante de <i>Nuestra Belleza Latina<\/i>. Como mentor y dise\u00f1ador cuenta con <b>Juan Col\u00f3n<\/b>, participante de <i>Project Runway Latin America Segunda Temporada<\/i>. Como jurados fijos se encuentran <b>Dereck D\u00edaz<\/b>, presentador de TV y <i>stylist<\/i> para revistas y celebridades, <b>Marcos Carlos Cintr\u00f3n<\/b>, actor y maestro de teatro. Como coach oficial esta <b>Sacha Garc\u00eda<\/b>, participante de <i>Model Latina Las Vegas<\/i> y booker de agencias locales. Las madrinas de los Tiny Models ser\u00e1n <b>Karimar Qui\u00f1ones<\/b>, modelo, ex reina de belleza y animadora, y <b>Paulette Braffette<\/b>, modelo y Miss Teen Model PR 2014. El equipo de trabajo de <b>Vikar Visual<\/b> estar\u00e1 a cargo de la producci\u00f3n audiovisual del <i>reality<\/i> a ser transmitido con alcance mundial a trav\u00e9s de la plataforma YouTube.<\/font><\/p>\n<p align=\"justify\"><font size=\"3\">Los <b>Tiny Models<\/b> comienzan sus talleres el domingo 5 de julio y su pr\u00f3xima presentaci\u00f3n ser\u00e1 la <b>Primera Eliminatoria<\/b> donde el grupo se reducir\u00e1 al ser evaluados en su desempe\u00f1o en pasarela y proyecci\u00f3n esc\u00e9nica. Se llevar\u00e1 a cabo el 12 de julio de 2015 a las 2:30PM en el <b>Teatro de la Escuela de Bellas Artes en Guaynabo<\/b> y las entradas se pueden conseguir con los talentos y a trav\u00e9s de la p\u00e1gina en Facebook: Tiny World Model. El p\u00fablico podr\u00e1 disfrutar de las pasarelas de los TIny Models y el proceso de la grabaci\u00f3n de la evaluaci\u00f3n para el reality.<\/font><\/p>\n<p align=\"center\"><a href=\"https:\/\/bobvarela.com\/wp-content\/uploads\/2015\/07\/IMG_0287.jpg\"><img loading=\"lazy\" decoding=\"async\" title=\"IMG_0287\" style=\"border-top: 0px; border-right: 0px; background-image: none; border-bottom: 0px; padding-top: 0px; padding-left: 0px; border-left: 0px; display: inline; padding-right: 0px\" border=\"0\" alt=\"IMG_0287\" src=\"https:\/\/bobvarela.com\/wp-content\/uploads\/2015\/07\/IMG_0287_thumb.jpg\" width=\"210\" height=\"134\" \/><\/a><a href=\"https:\/\/bobvarela.com\/wp-content\/uploads\/2015\/07\/IMG_0114.jpg\"><img loading=\"lazy\" decoding=\"async\" title=\"IMG_0114\" style=\"border-top: 0px; border-right: 0px; background-image: none; border-bottom: 0px; padding-top: 0px; padding-left: 0px; border-left: 0px; display: inline; padding-right: 0px\" border=\"0\" alt=\"IMG_0114\" src=\"https:\/\/bobvarela.com\/wp-content\/uploads\/2015\/07\/IMG_0114_thumb.jpg\" width=\"198\" height=\"134\" \/><\/a><a href=\"https:\/\/bobvarela.com\/wp-content\/uploads\/2015\/07\/IMG_0120.jpg\"><img loading=\"lazy\" decoding=\"async\" title=\"IMG_0120\" style=\"border-top: 0px; border-right: 0px; background-image: none; border-bottom: 0px; padding-top: 0px; padding-left: 0px; border-left: 0px; display: inline; padding-right: 0px\" border=\"0\" alt=\"IMG_0120\" src=\"https:\/\/bobvarela.com\/wp-content\/uploads\/2015\/07\/IMG_0120_thumb.jpg\" width=\"198\" height=\"134\" \/><\/a><a href=\"https:\/\/bobvarela.com\/wp-content\/uploads\/2015\/07\/IMG_0137.jpg\"><img loading=\"lazy\" decoding=\"async\" title=\"IMG_0137\" style=\"border-top: 0px; border-right: 0px; background-image: none; border-bottom: 0px; padding-top: 0px; padding-left: 0px; border-left: 0px; display: inline; padding-right: 0px\" border=\"0\" alt=\"IMG_0137\" src=\"https:\/\/bobvarela.com\/wp-content\/uploads\/2015\/07\/IMG_0137_thumb.jpg\" width=\"198\" height=\"134\" \/><\/a><a href=\"https:\/\/bobvarela.com\/wp-content\/uploads\/2015\/07\/IMG_0149.jpg\"><img loading=\"lazy\" decoding=\"async\" title=\"IMG_0149\" style=\"border-top: 0px; border-right: 0px; background-image: none; border-bottom: 0px; padding-top: 0px; padding-left: 0px; border-left: 0px; display: inline; padding-right: 0px\" border=\"0\" alt=\"IMG_0149\" src=\"https:\/\/bobvarela.com\/wp-content\/uploads\/2015\/07\/IMG_0149_thumb.jpg\" width=\"213\" height=\"134\" \/><\/a><a href=\"https:\/\/bobvarela.com\/wp-content\/uploads\/2015\/07\/IMG_0168.jpg\"><img loading=\"lazy\" decoding=\"async\" title=\"IMG_0168\" style=\"border-top: 0px; border-right: 0px; background-image: none; border-bottom: 0px; padding-top: 0px; padding-left: 0px; border-left: 0px; display: inline; padding-right: 0px\" border=\"0\" alt=\"IMG_0168\" src=\"https:\/\/bobvarela.com\/wp-content\/uploads\/2015\/07\/IMG_0168_thumb.jpg\" width=\"198\" height=\"134\" \/><\/a><\/p>\n<p align=\"justify\"><font size=\"3\"><b>Tiny World Model<\/b> es un evento enfocado en el talento de estatura promedio (petite) en Puerto Rico producido por JanCo, inc para ASA Productions<\/font><a name=\"_GoBack\"><\/a><font size=\"3\">. <strong>Es una oportunidad que revolucionar\u00e1 la manera de ver las pasarelas y crear\u00e1 un nuevo sitial a este mercado. Los talentos ser\u00e1n preparados en talleres que les permitir\u00e1 aprovechar las herramientas ante las c\u00e1maras, en pasarela y en el <i>reality<\/i>. Pasaran por dos eliminatorias a las que el p\u00fablico podr\u00e1 asistir en el Teatro de la Escuela de Bellas Artes de Guaynabo.<\/strong><\/font><\/p>\n<p align=\"justify\"><font size=\"3\"><strong>Una vez seleccionado el grupo final de 12 talentos, se enfrentaran a varios retos del <i>reality<\/i> y ser\u00e1n parte de la producci\u00f3n del desfile final <\/strong><strong><i>Survive<\/i><\/strong><strong> de la l\u00ednea <\/strong><strong>JanCo Unlimited<\/strong><strong> del dise\u00f1ador <\/strong><strong>Juan Col\u00f3n<\/strong><strong> que se presentar\u00e1 en el <\/strong><strong>CLUB KRONOS<\/strong><strong> en San Juan el <\/strong><strong>25 de septiembre de 2015<\/strong><strong>. <\/strong><\/font><\/p>\n<p align=\"justify\"><font size=\"3\"><strong>En la final se elegir\u00e1n a los 2 ganadores que ser\u00e1n la imagen de <\/strong><strong>Tiny World Model<\/strong><strong> 2016, recibir\u00e1n $600 d\u00f3lares en efectivo, ropa de dise\u00f1adores, <i>shooting<\/i> oficiales, video porfolio por Vikar Visual, editoriales de moda, adem\u00e1s de viajar a la competencia TBC en Orlando en el mes de octubre.<\/strong><\/font><\/p>\n<p align=\"justify\">ngg_shortcode_0_placeholder<strong><font size=\"3\"><\/font><\/strong><\/p>\n","protected":false},"excerpt":{"rendered":"<p>Con la presentaci\u00f3n oficial a la prensa de los seleccionados a ser parte de la competencia, pasarela y reality TINY WORLD MODEL 2015 dio oficial comienzo la innovadora propuesta del dise\u00f1ador y productor Juan Col\u00f3n junto a ASA Productions. Adem\u00e1s&hellip;<\/p>\n<p class=\"more-link-p\"><a class=\"more-link\" href=\"https:\/\/bobvarela.com\/?p=79045\">Read more &rarr;<\/a><\/p>\n","protected":false},"author":1,"featured_media":0,"comment_status":"open","ping_status":"open","sticky":false,"template":"","format":"standard","meta":{"ngg_post_thumbnail":0,"footnotes":""},"categories":[5,4,295],"tags":[],"class_list":["post-79045","post","type-post","status-publish","format-standard","hentry","category-concursos","category-moda","category-puerto-rico"],"_links":{"self":[{"href":"https:\/\/bobvarela.com\/index.php?rest_route=\/wp\/v2\/posts\/79045","targetHints":{"allow":["GET"]}}],"collection":[{"href":"https:\/\/bobvarela.com\/index.php?rest_route=\/wp\/v2\/posts"}],"about":[{"href":"https:\/\/bobvarela.com\/index.php?rest_route=\/wp\/v2\/types\/post"}],"author":[{"embeddable":true,"href":"https:\/\/bobvarela.com\/index.php?rest_route=\/wp\/v2\/users\/1"}],"replies":[{"embeddable":true,"href":"https:\/\/bobvarela.com\/index.php?rest_route=%2Fwp%2Fv2%2Fcomments&post=79045"}],"version-history":[{"count":1,"href":"https:\/\/bobvarela.com\/index.php?rest_route=\/wp\/v2\/posts\/79045\/revisions"}],"predecessor-version":[{"id":79046,"href":"https:\/\/bobvarela.com\/index.php?rest_route=\/wp\/v2\/posts\/79045\/revisions\/79046"}],"wp:attachment":[{"href":"https:\/\/bobvarela.com\/index.php?rest_route=%2Fwp%2Fv2%2Fmedia&parent=79045"}],"wp:term":[{"taxonomy":"category","embeddable":true,"href":"https:\/\/bobvarela.com\/index.php?rest_route=%2Fwp%2Fv2%2Fcategories&post=79045"},{"taxonomy":"post_tag","embeddable":true,"href":"https:\/\/bobvarela.com\/index.php?rest_route=%2Fwp%2Fv2%2Ftags&post=79045"}],"curies":[{"name":"wp","href":"https:\/\/api.w.org\/{rel}","templated":true}]}}